{"id":36818,"date":"2020-06-02T12:52:02","date_gmt":"2020-06-02T10:52:02","guid":{"rendered":"https:\/\/conversesacatalunya.cat\/?p=36818"},"modified":"2020-06-02T12:52:02","modified_gmt":"2020-06-02T10:52:02","slug":"los-datos-del-registro-civil-sobre-los-muertos-han-alertado-sobre-la-situacion-de-cataluna","status":"publish","type":"post","link":"https:\/\/conversesacatalunya.cat\/es\/los-datos-del-registro-civil-sobre-los-muertos-han-alertado-sobre-la-situacion-de-cataluna\/","title":{"rendered":"Los datos del Registro Civil sobre los muertos han alertado sobre la situaci\u00f3n de Catalu\u00f1a"},"content":{"rendered":"<p>Son <a href=\"https:\/\/conversesacatalunya.cat\/la-dimensio-de-la-tragedia-mes-de-40-000-morts\/\" target=\"_blank\" rel=\"noopener noreferrer\">conocidos ya los datos<\/a> de los registros civiles sobre la mortalidad por encima de lo normal en estos \u00faltimos dos meses. No todas las muertes son debidas al Covid-19, pero s\u00ed la parte m\u00e1s importante de este exceso, que presenta otras patolog\u00edas que est\u00e1n inducidas por la crisis hospitalaria sufrida debido a la pandemia.<\/p>\n<p>La observaci\u00f3n de los datos sobre el exceso de mortalidad en relaci\u00f3n con el 20 y 27 de mayo llama la atenci\u00f3n. En la gran mayor\u00eda de las CCAA se da el exceso, si bien con grandes diferencias. Este exceso de mortalidad destaca por su bajo impacto en el caso de Canarias, Murcia y Galicia, que se sit\u00faan en excesos que van del 4,2 al 11,2%, es decir, muy poco.<\/p>\n<p>Tambi\u00e9n Andaluc\u00eda, aunque su importancia demogr\u00e1fica presenta un exceso de mortalidad peque\u00f1o, entre el 8,7 y el 14,7%, seg\u00fan si se observa el 20 o el 27 de mayo. La distancia con Madrid, Castilla-La Mancha y Catalu\u00f1a es sideral, porque el exceso de mortalidad en la comunidad madrile\u00f1a es del 214,3%, la de Castilla-La Mancha del 176,9, y la de Catalu\u00f1a, en tercer lugar, del 108%. Pero lo que llama la atenci\u00f3n y lo que deber\u00eda marcar una se\u00f1al de alerta es la evoluci\u00f3n catalana.<\/p>\n<p>En la mayor\u00eda de las comunidades, los porcentajes entre aquellas dos fechas se mantienen pr\u00e1cticamente constantes o crecen poco. No es el caso de Madrid, donde entre el 20 y el 27 de mayo el incremento en puntos porcentuales es de 31. En Castilla-La Mancha es de 25,3, pero es que en Catalu\u00f1a es pr\u00e1cticamente de 70 puntos de incremento de exceso de mortalidad en una semana. Es una evoluci\u00f3n absolutamente an\u00f3mala que puede tener la explicaci\u00f3n en un gran retraso en el apuntamiento de las defunciones, pero si no fuera as\u00ed deber\u00eda alertar sobre la din\u00e1mica subyacente que presentan estas cifras, porque hablar\u00edan de un riesgo potencial de rebrote importante. El Departamento de Sanidad deber\u00eda aclarar con relaci\u00f3n a la administraci\u00f3n de justicia la explicaci\u00f3n de este fen\u00f3meno que s\u00f3lo se ha producido en el caso de Catalu\u00f1a.<\/p>\n<p style=\"text-align: center;\">M\u00e1s informaci\u00f3n sobre el coronavirus en <a href=\"https:\/\/conversesacatalunya.cat\/coronavirus\/\" target=\"_blank\" rel=\"noopener noreferrer\">ESPECIAL CORONAVIRUS<\/a><\/p>\n<span class='bctt-click-to-tweet'><span class='bctt-ctt-text'><a href='https:\/\/twitter.com\/intent\/tweet?url=https%3A%2F%2Fconversesacatalunya.cat%2Fes%2Flos-datos-del-registro-civil-sobre-los-muertos-han-alertado-sobre-la-situacion-de-cataluna%2F&#038;text=Llama%20la%20atenci%C3%B3n%20y%20debe%20marcar%20una%20se%C3%B1al%20de%20alerta%20la%20evoluci%C3%B3n%20de%20la%20mortalidad%20catalana&#038;via=conversesacat&#038;related=conversesacat' target='_blank'rel=\"noopener noreferrer\">Llama la atenci\u00f3n y debe marcar una se\u00f1al de alerta la evoluci\u00f3n de la mortalidad catalana <\/a><\/span><a href='https:\/\/twitter.com\/intent\/tweet?url=https%3A%2F%2Fconversesacatalunya.cat%2Fes%2Flos-datos-del-registro-civil-sobre-los-muertos-han-alertado-sobre-la-situacion-de-cataluna%2F&#038;text=Llama%20la%20atenci%C3%B3n%20y%20debe%20marcar%20una%20se%C3%B1al%20de%20alerta%20la%20evoluci%C3%B3n%20de%20la%20mortalidad%20catalana&#038;via=conversesacat&#038;related=conversesacat' target='_blank' class='bctt-ctt-btn'rel=\"noopener noreferrer\">Compartir en X<\/a><\/span>\n<div id=\"polls-53\" class=\"wp-polls\">\n\t<form id=\"polls_form_53\" class=\"wp-polls-form\" action=\"\/index.php\" method=\"post\">\n\t\t<p style=\"display: none;\"><input type=\"hidden\" id=\"poll_53_nonce\" name=\"wp-polls-nonce\" value=\"531c8a2160\" \/><\/p>\n\t\t<p style=\"display: none;\"><input type=\"hidden\" name=\"poll_id\" value=\"53\" \/><\/p>\n\t\t<p style=\"text-align: center\"><strong>Ser\u00e0 capa\u00e7 Barcelona de superar la crisi econ\u00f2mica, en un termini raonable?<\/strong><\/p><div id=\"polls-53-ans\" class=\"wp-polls-ans\"><ul class=\"wp-polls-ul\">\n\t\t<li><input type=\"radio\" id=\"poll-answer-112\" name=\"poll_53\" value=\"112\" \/> <label for=\"poll-answer-112\">Si<\/label><\/li>\n\t\t<li><input type=\"radio\" id=\"poll-answer-113\" name=\"poll_53\" value=\"113\" \/> <label for=\"poll-answer-113\">No<\/label><\/li>\n\t\t<\/ul><p style=\"text-align: center\"><input type=\"button\" name=\"vote\" value=\"   Vota   \" class=\"Buttons\" onclick=\"poll_vote(53);\" \/><\/p><p style=\"text-align: center\"><a href=\"#ViewPollResults\" onclick=\"poll_result(53); return false;\" title=\"View Results Of This Poll\">Mira els resultats<\/a><\/p><\/div>\n\t<\/form>\n<\/div>\n<div id=\"polls-53-loading\" class=\"wp-polls-loading\"><img decoding=\"async\" data-src=\"https:\/\/conversesacatalunya.cat\/wp-content\/plugins\/wp-polls\/images\/loading.gif\" width=\"16\" height=\"16\" alt=\"Cargando ...\" title=\"Cargando ...\" class=\"wp-polls-image lazyload\" src=\"data:image\/svg+xml;base64,PHN2ZyB3aWR0aD0iMSIgaGVpZ2h0PSIxIiB4bWxucz0iaHR0cDovL3d3dy53My5vcmcvMjAwMC9zdmciPjwvc3ZnPg==\" style=\"--smush-placeholder-width: 16px; --smush-placeholder-aspect-ratio: 16\/16;\" \/>&nbsp;Cargando ...<\/div>\n\n","protected":false},"excerpt":{"rendered":"<p>Son conocidos ya los datos de los registros civiles sobre la mortalidad por encima de lo normal en estos \u00faltimos dos meses. No todas las muertes son debidas al Covid-19, pero s\u00ed la parte m\u00e1s importante de este exceso, que presenta otras patolog\u00edas que est\u00e1n inducidas por la crisis hospitalaria sufrida debido a la pandemia. La observaci\u00f3n de los datos sobre el exceso de mortalidad en relaci\u00f3n con el 20 y 27 de mayo llama la atenci\u00f3n. En la gran mayor\u00eda de las CCAA se da el exceso, si bien con grandes diferencias. Este exceso de mortalidad destaca por su bajo impacto en el caso de Canarias, Murcia y Galicia, que se sit\u00faan en excesos que van del 4,2 al 11,2%, es decir, muy poco. Tambi\u00e9n Andaluc\u00eda, aunque su importancia demogr\u00e1fica presenta un exceso de mortalidad peque\u00f1o, entre el 8,7 y el 14,7%, seg\u00fan si se observa el 20 o el 27 de mayo. La distancia con Madrid, Castilla-La Mancha y Catalu\u00f1a es sideral, porque el exceso de mortalidad en la comunidad madrile\u00f1a es del 214,3%, la de Castilla-La Mancha del 176,9, y la de Catalu\u00f1a, en tercer lugar, del 108%. Pero lo que llama la atenci\u00f3n y lo que deber\u00eda marcar una se\u00f1al de alerta es la evoluci\u00f3n catalana. En la mayor\u00eda de las comunidades, los porcentajes entre aquellas dos fechas se mantienen pr\u00e1cticamente constantes o crecen poco. No es el caso de Madrid, donde entre el 20 y el 27 de mayo el incremento en puntos porcentuales es de 31. En Castilla-La Mancha es de 25,3, pero es que en Catalu\u00f1a es pr\u00e1cticamente de 70 puntos de incremento de exceso de mortalidad en una semana. Es una evoluci\u00f3n absolutamente an\u00f3mala que puede tener la explicaci\u00f3n en un gran retraso en el apuntamiento de las defunciones, pero si no fuera as\u00ed deber\u00eda alertar sobre la din\u00e1mica subyacente que presentan estas cifras, porque hablar\u00edan de un riesgo potencial de rebrote importante. El Departamento de Sanidad deber\u00eda aclarar con relaci\u00f3n a la administraci\u00f3n de justicia la explicaci\u00f3n de este fen\u00f3meno que s\u00f3lo se ha producido en el caso de Catalu\u00f1a. M\u00e1s informaci\u00f3n sobre el coronavirus en ESPECIAL CORONAVIRUS<\/p>\n","protected":false},"author":2,"featured_media":36821,"comment_status":"open","ping_status":"open","sticky":false,"template":"","format":"standard","meta":{"_FSMCFIC_featured_image_caption":"","_FSMCFIC_featured_image_nocaption":"","_FSMCFIC_featured_image_hide":"","footnotes":""},"categories":[1772,806],"tags":[1504,2246],"class_list":["post-36818","post","type-post","status-publish","format-standard","has-post-thumbnail","hentry","category-especial-coronavirus-es","category-punts-claus-del-dia-es","tag-coronavirus-es","tag-muertes-por-coronavirus"],"yoast_head":"<!-- This site is optimized with the Yoast SEO plugin v26.8 - https:\/\/yoast.com\/product\/yoast-seo-wordpress\/ -->\n<title>Los datos del Registro Civil sobre los muertos han alertado sobre la situaci\u00f3n de Catalu\u00f1a - Converses a Catalunya<\/title>\n<meta name=\"robots\" content=\"index, follow, max-snippet:-1, max-image-preview:large, max-video-preview:-1\" \/>\n<link rel=\"canonical\" href=\"https:\/\/conversesacatalunya.cat\/es\/los-datos-del-registro-civil-sobre-los-muertos-han-alertado-sobre-la-situacion-de-cataluna\/\" \/>\n<meta property=\"og:locale\" content=\"es_ES\" \/>\n<meta property=\"og:type\" content=\"article\" \/>\n<meta property=\"og:title\" content=\"Los datos del Registro Civil sobre los muertos han alertado sobre la situaci\u00f3n de Catalu\u00f1a - Converses a Catalunya\" \/>\n<meta property=\"og:description\" content=\"Son conocidos ya los datos de los registros civiles sobre la mortalidad por encima de lo normal en estos \u00faltimos dos meses. No todas las muertes son debidas al Covid-19, pero s\u00ed la parte m\u00e1s importante de este exceso, que presenta otras patolog\u00edas que est\u00e1n inducidas por la crisis hospitalaria sufrida debido a la pandemia. La observaci\u00f3n de los datos sobre el exceso de mortalidad en relaci\u00f3n con el 20 y 27 de mayo llama la atenci\u00f3n. En la gran mayor\u00eda de las CCAA se da el exceso, si bien con grandes diferencias. Este exceso de mortalidad destaca por su bajo impacto en el caso de Canarias, Murcia y Galicia, que se sit\u00faan en excesos que van del 4,2 al 11,2%, es decir, muy poco. Tambi\u00e9n Andaluc\u00eda, aunque su importancia demogr\u00e1fica presenta un exceso de mortalidad peque\u00f1o, entre el 8,7 y el 14,7%, seg\u00fan si se observa el 20 o el 27 de mayo. La distancia con Madrid, Castilla-La Mancha y Catalu\u00f1a es sideral, porque el exceso de mortalidad en la comunidad madrile\u00f1a es del 214,3%, la de Castilla-La Mancha del 176,9, y la de Catalu\u00f1a, en tercer lugar, del 108%. Pero lo que llama la atenci\u00f3n y lo que deber\u00eda marcar una se\u00f1al de alerta es la evoluci\u00f3n catalana. En la mayor\u00eda de las comunidades, los porcentajes entre aquellas dos fechas se mantienen pr\u00e1cticamente constantes o crecen poco. No es el caso de Madrid, donde entre el 20 y el 27 de mayo el incremento en puntos porcentuales es de 31. En Castilla-La Mancha es de 25,3, pero es que en Catalu\u00f1a es pr\u00e1cticamente de 70 puntos de incremento de exceso de mortalidad en una semana. Es una evoluci\u00f3n absolutamente an\u00f3mala que puede tener la explicaci\u00f3n en un gran retraso en el apuntamiento de las defunciones, pero si no fuera as\u00ed deber\u00eda alertar sobre la din\u00e1mica subyacente que presentan estas cifras, porque hablar\u00edan de un riesgo potencial de rebrote importante. El Departamento de Sanidad deber\u00eda aclarar con relaci\u00f3n a la administraci\u00f3n de justicia la explicaci\u00f3n de este fen\u00f3meno que s\u00f3lo se ha producido en el caso de Catalu\u00f1a. M\u00e1s informaci\u00f3n sobre el coronavirus en ESPECIAL CORONAVIRUS\" \/>\n<meta property=\"og:url\" content=\"https:\/\/conversesacatalunya.cat\/es\/los-datos-del-registro-civil-sobre-los-muertos-han-alertado-sobre-la-situacion-de-cataluna\/\" \/>\n<meta property=\"og:site_name\" content=\"Converses a Catalunya\" \/>\n<meta property=\"article:published_time\" content=\"2020-06-02T10:52:02+00:00\" \/>\n<meta property=\"og:image\" content=\"https:\/\/conversesacatalunya.cat\/wp-content\/uploads\/2020\/06\/registro-civil-madrid.jpg\" \/>\n\t<meta property=\"og:image:width\" content=\"500\" \/>\n\t<meta property=\"og:image:height\" content=\"275\" \/>\n\t<meta property=\"og:image:type\" content=\"image\/jpeg\" \/>\n<meta name=\"author\" content=\"conversesacatalunya\" \/>\n<meta name=\"twitter:card\" content=\"summary_large_image\" \/>\n<meta name=\"twitter:label1\" content=\"Escrito por\" \/>\n\t<meta name=\"twitter:data1\" content=\"conversesacatalunya\" \/>\n\t<meta name=\"twitter:label2\" content=\"Tiempo de lectura\" \/>\n\t<meta name=\"twitter:data2\" content=\"2 minutos\" \/>\n<script type=\"application\/ld+json\" class=\"yoast-schema-graph\">{\"@context\":\"https:\/\/schema.org\",\"@graph\":[{\"@type\":\"Article\",\"@id\":\"https:\/\/conversesacatalunya.cat\/es\/los-datos-del-registro-civil-sobre-los-muertos-han-alertado-sobre-la-situacion-de-cataluna\/#article\",\"isPartOf\":{\"@id\":\"https:\/\/conversesacatalunya.cat\/es\/los-datos-del-registro-civil-sobre-los-muertos-han-alertado-sobre-la-situacion-de-cataluna\/\"},\"author\":{\"name\":\"conversesacatalunya\",\"@id\":\"https:\/\/conversesacatalunya.cat\/#\/schema\/person\/7e24d1e54a2785373ddcb275eae5ed99\"},\"headline\":\"Los datos del Registro Civil sobre los muertos han alertado sobre la situaci\u00f3n de Catalu\u00f1a\",\"datePublished\":\"2020-06-02T10:52:02+00:00\",\"mainEntityOfPage\":{\"@id\":\"https:\/\/conversesacatalunya.cat\/es\/los-datos-del-registro-civil-sobre-los-muertos-han-alertado-sobre-la-situacion-de-cataluna\/\"},\"wordCount\":422,\"commentCount\":0,\"image\":{\"@id\":\"https:\/\/conversesacatalunya.cat\/es\/los-datos-del-registro-civil-sobre-los-muertos-han-alertado-sobre-la-situacion-de-cataluna\/#primaryimage\"},\"thumbnailUrl\":\"https:\/\/conversesacatalunya.cat\/wp-content\/uploads\/2020\/06\/registro-civil-madrid.jpg\",\"keywords\":[\"coronavirus\",\"muertes por coronavirus\"],\"articleSection\":[\"Especial Coronavirus (ES)\",\"Punts clau del dia (ES)\"],\"inLanguage\":\"es\",\"potentialAction\":[{\"@type\":\"CommentAction\",\"name\":\"Comment\",\"target\":[\"https:\/\/conversesacatalunya.cat\/es\/los-datos-del-registro-civil-sobre-los-muertos-han-alertado-sobre-la-situacion-de-cataluna\/#respond\"]}]},{\"@type\":\"WebPage\",\"@id\":\"https:\/\/conversesacatalunya.cat\/es\/los-datos-del-registro-civil-sobre-los-muertos-han-alertado-sobre-la-situacion-de-cataluna\/\",\"url\":\"https:\/\/conversesacatalunya.cat\/es\/los-datos-del-registro-civil-sobre-los-muertos-han-alertado-sobre-la-situacion-de-cataluna\/\",\"name\":\"Los datos del Registro Civil sobre los muertos han alertado sobre la situaci\u00f3n de Catalu\u00f1a - Converses a Catalunya\",\"isPartOf\":{\"@id\":\"https:\/\/conversesacatalunya.cat\/#website\"},\"primaryImageOfPage\":{\"@id\":\"https:\/\/conversesacatalunya.cat\/es\/los-datos-del-registro-civil-sobre-los-muertos-han-alertado-sobre-la-situacion-de-cataluna\/#primaryimage\"},\"image\":{\"@id\":\"https:\/\/conversesacatalunya.cat\/es\/los-datos-del-registro-civil-sobre-los-muertos-han-alertado-sobre-la-situacion-de-cataluna\/#primaryimage\"},\"thumbnailUrl\":\"https:\/\/conversesacatalunya.cat\/wp-content\/uploads\/2020\/06\/registro-civil-madrid.jpg\",\"datePublished\":\"2020-06-02T10:52:02+00:00\",\"author\":{\"@id\":\"https:\/\/conversesacatalunya.cat\/#\/schema\/person\/7e24d1e54a2785373ddcb275eae5ed99\"},\"breadcrumb\":{\"@id\":\"https:\/\/conversesacatalunya.cat\/es\/los-datos-del-registro-civil-sobre-los-muertos-han-alertado-sobre-la-situacion-de-cataluna\/#breadcrumb\"},\"inLanguage\":\"es\",\"potentialAction\":[{\"@type\":\"ReadAction\",\"target\":[\"https:\/\/conversesacatalunya.cat\/es\/los-datos-del-registro-civil-sobre-los-muertos-han-alertado-sobre-la-situacion-de-cataluna\/\"]}]},{\"@type\":\"ImageObject\",\"inLanguage\":\"es\",\"@id\":\"https:\/\/conversesacatalunya.cat\/es\/los-datos-del-registro-civil-sobre-los-muertos-han-alertado-sobre-la-situacion-de-cataluna\/#primaryimage\",\"url\":\"https:\/\/conversesacatalunya.cat\/wp-content\/uploads\/2020\/06\/registro-civil-madrid.jpg\",\"contentUrl\":\"https:\/\/conversesacatalunya.cat\/wp-content\/uploads\/2020\/06\/registro-civil-madrid.jpg\",\"width\":500,\"height\":275,\"caption\":\"datos registro civil\"},{\"@type\":\"BreadcrumbList\",\"@id\":\"https:\/\/conversesacatalunya.cat\/es\/los-datos-del-registro-civil-sobre-los-muertos-han-alertado-sobre-la-situacion-de-cataluna\/#breadcrumb\",\"itemListElement\":[{\"@type\":\"ListItem\",\"position\":1,\"name\":\"Inici\",\"item\":\"https:\/\/conversesacatalunya.cat\/es\/\"},{\"@type\":\"ListItem\",\"position\":2,\"name\":\"Los datos del Registro Civil sobre los muertos han alertado sobre la situaci\u00f3n de Catalu\u00f1a\"}]},{\"@type\":\"WebSite\",\"@id\":\"https:\/\/conversesacatalunya.cat\/#website\",\"url\":\"https:\/\/conversesacatalunya.cat\/\",\"name\":\"Converses a Catalunya\",\"description\":\"\",\"potentialAction\":[{\"@type\":\"SearchAction\",\"target\":{\"@type\":\"EntryPoint\",\"urlTemplate\":\"https:\/\/conversesacatalunya.cat\/?s={search_term_string}\"},\"query-input\":{\"@type\":\"PropertyValueSpecification\",\"valueRequired\":true,\"valueName\":\"search_term_string\"}}],\"inLanguage\":\"es\"},{\"@type\":\"Person\",\"@id\":\"https:\/\/conversesacatalunya.cat\/#\/schema\/person\/7e24d1e54a2785373ddcb275eae5ed99\",\"name\":\"conversesacatalunya\",\"image\":{\"@type\":\"ImageObject\",\"inLanguage\":\"es\",\"@id\":\"https:\/\/conversesacatalunya.cat\/#\/schema\/person\/image\/\",\"url\":\"https:\/\/conversesacatalunya.cat\/wp-content\/litespeed\/avatar\/febdfeeec89d950f01c748045a981dd2.jpg?ver=1777314535\",\"contentUrl\":\"https:\/\/conversesacatalunya.cat\/wp-content\/litespeed\/avatar\/febdfeeec89d950f01c748045a981dd2.jpg?ver=1777314535\",\"caption\":\"conversesacatalunya\"},\"url\":\"https:\/\/conversesacatalunya.cat\/es\/author\/carme_catala\/\"}]}<\/script>\n<!-- \/ Yoast SEO plugin. -->","yoast_head_json":{"title":"Los datos del Registro Civil sobre los muertos han alertado sobre la situaci\u00f3n de Catalu\u00f1a - Converses a Catalunya","robots":{"index":"index","follow":"follow","max-snippet":"max-snippet:-1","max-image-preview":"max-image-preview:large","max-video-preview":"max-video-preview:-1"},"canonical":"https:\/\/conversesacatalunya.cat\/es\/los-datos-del-registro-civil-sobre-los-muertos-han-alertado-sobre-la-situacion-de-cataluna\/","og_locale":"es_ES","og_type":"article","og_title":"Los datos del Registro Civil sobre los muertos han alertado sobre la situaci\u00f3n de Catalu\u00f1a - Converses a Catalunya","og_description":"Son conocidos ya los datos de los registros civiles sobre la mortalidad por encima de lo normal en estos \u00faltimos dos meses. No todas las muertes son debidas al Covid-19, pero s\u00ed la parte m\u00e1s importante de este exceso, que presenta otras patolog\u00edas que est\u00e1n inducidas por la crisis hospitalaria sufrida debido a la pandemia. La observaci\u00f3n de los datos sobre el exceso de mortalidad en relaci\u00f3n con el 20 y 27 de mayo llama la atenci\u00f3n. En la gran mayor\u00eda de las CCAA se da el exceso, si bien con grandes diferencias. Este exceso de mortalidad destaca por su bajo impacto en el caso de Canarias, Murcia y Galicia, que se sit\u00faan en excesos que van del 4,2 al 11,2%, es decir, muy poco. Tambi\u00e9n Andaluc\u00eda, aunque su importancia demogr\u00e1fica presenta un exceso de mortalidad peque\u00f1o, entre el 8,7 y el 14,7%, seg\u00fan si se observa el 20 o el 27 de mayo. La distancia con Madrid, Castilla-La Mancha y Catalu\u00f1a es sideral, porque el exceso de mortalidad en la comunidad madrile\u00f1a es del 214,3%, la de Castilla-La Mancha del 176,9, y la de Catalu\u00f1a, en tercer lugar, del 108%. Pero lo que llama la atenci\u00f3n y lo que deber\u00eda marcar una se\u00f1al de alerta es la evoluci\u00f3n catalana. En la mayor\u00eda de las comunidades, los porcentajes entre aquellas dos fechas se mantienen pr\u00e1cticamente constantes o crecen poco. No es el caso de Madrid, donde entre el 20 y el 27 de mayo el incremento en puntos porcentuales es de 31. En Castilla-La Mancha es de 25,3, pero es que en Catalu\u00f1a es pr\u00e1cticamente de 70 puntos de incremento de exceso de mortalidad en una semana. Es una evoluci\u00f3n absolutamente an\u00f3mala que puede tener la explicaci\u00f3n en un gran retraso en el apuntamiento de las defunciones, pero si no fuera as\u00ed deber\u00eda alertar sobre la din\u00e1mica subyacente que presentan estas cifras, porque hablar\u00edan de un riesgo potencial de rebrote importante. El Departamento de Sanidad deber\u00eda aclarar con relaci\u00f3n a la administraci\u00f3n de justicia la explicaci\u00f3n de este fen\u00f3meno que s\u00f3lo se ha producido en el caso de Catalu\u00f1a. M\u00e1s informaci\u00f3n sobre el coronavirus en ESPECIAL CORONAVIRUS","og_url":"https:\/\/conversesacatalunya.cat\/es\/los-datos-del-registro-civil-sobre-los-muertos-han-alertado-sobre-la-situacion-de-cataluna\/","og_site_name":"Converses a Catalunya","article_published_time":"2020-06-02T10:52:02+00:00","og_image":[{"width":500,"height":275,"url":"https:\/\/conversesacatalunya.cat\/wp-content\/uploads\/2020\/06\/registro-civil-madrid.jpg","type":"image\/jpeg"}],"author":"conversesacatalunya","twitter_card":"summary_large_image","twitter_misc":{"Escrito por":"conversesacatalunya","Tiempo de lectura":"2 minutos"},"schema":{"@context":"https:\/\/schema.org","@graph":[{"@type":"Article","@id":"https:\/\/conversesacatalunya.cat\/es\/los-datos-del-registro-civil-sobre-los-muertos-han-alertado-sobre-la-situacion-de-cataluna\/#article","isPartOf":{"@id":"https:\/\/conversesacatalunya.cat\/es\/los-datos-del-registro-civil-sobre-los-muertos-han-alertado-sobre-la-situacion-de-cataluna\/"},"author":{"name":"conversesacatalunya","@id":"https:\/\/conversesacatalunya.cat\/#\/schema\/person\/7e24d1e54a2785373ddcb275eae5ed99"},"headline":"Los datos del Registro Civil sobre los muertos han alertado sobre la situaci\u00f3n de Catalu\u00f1a","datePublished":"2020-06-02T10:52:02+00:00","mainEntityOfPage":{"@id":"https:\/\/conversesacatalunya.cat\/es\/los-datos-del-registro-civil-sobre-los-muertos-han-alertado-sobre-la-situacion-de-cataluna\/"},"wordCount":422,"commentCount":0,"image":{"@id":"https:\/\/conversesacatalunya.cat\/es\/los-datos-del-registro-civil-sobre-los-muertos-han-alertado-sobre-la-situacion-de-cataluna\/#primaryimage"},"thumbnailUrl":"https:\/\/conversesacatalunya.cat\/wp-content\/uploads\/2020\/06\/registro-civil-madrid.jpg","keywords":["coronavirus","muertes por coronavirus"],"articleSection":["Especial Coronavirus (ES)","Punts clau del dia (ES)"],"inLanguage":"es","potentialAction":[{"@type":"CommentAction","name":"Comment","target":["https:\/\/conversesacatalunya.cat\/es\/los-datos-del-registro-civil-sobre-los-muertos-han-alertado-sobre-la-situacion-de-cataluna\/#respond"]}]},{"@type":"WebPage","@id":"https:\/\/conversesacatalunya.cat\/es\/los-datos-del-registro-civil-sobre-los-muertos-han-alertado-sobre-la-situacion-de-cataluna\/","url":"https:\/\/conversesacatalunya.cat\/es\/los-datos-del-registro-civil-sobre-los-muertos-han-alertado-sobre-la-situacion-de-cataluna\/","name":"Los datos del Registro Civil sobre los muertos han alertado sobre la situaci\u00f3n de Catalu\u00f1a - Converses a Catalunya","isPartOf":{"@id":"https:\/\/conversesacatalunya.cat\/#website"},"primaryImageOfPage":{"@id":"https:\/\/conversesacatalunya.cat\/es\/los-datos-del-registro-civil-sobre-los-muertos-han-alertado-sobre-la-situacion-de-cataluna\/#primaryimage"},"image":{"@id":"https:\/\/conversesacatalunya.cat\/es\/los-datos-del-registro-civil-sobre-los-muertos-han-alertado-sobre-la-situacion-de-cataluna\/#primaryimage"},"thumbnailUrl":"https:\/\/conversesacatalunya.cat\/wp-content\/uploads\/2020\/06\/registro-civil-madrid.jpg","datePublished":"2020-06-02T10:52:02+00:00","author":{"@id":"https:\/\/conversesacatalunya.cat\/#\/schema\/person\/7e24d1e54a2785373ddcb275eae5ed99"},"breadcrumb":{"@id":"https:\/\/conversesacatalunya.cat\/es\/los-datos-del-registro-civil-sobre-los-muertos-han-alertado-sobre-la-situacion-de-cataluna\/#breadcrumb"},"inLanguage":"es","potentialAction":[{"@type":"ReadAction","target":["https:\/\/conversesacatalunya.cat\/es\/los-datos-del-registro-civil-sobre-los-muertos-han-alertado-sobre-la-situacion-de-cataluna\/"]}]},{"@type":"ImageObject","inLanguage":"es","@id":"https:\/\/conversesacatalunya.cat\/es\/los-datos-del-registro-civil-sobre-los-muertos-han-alertado-sobre-la-situacion-de-cataluna\/#primaryimage","url":"https:\/\/conversesacatalunya.cat\/wp-content\/uploads\/2020\/06\/registro-civil-madrid.jpg","contentUrl":"https:\/\/conversesacatalunya.cat\/wp-content\/uploads\/2020\/06\/registro-civil-madrid.jpg","width":500,"height":275,"caption":"datos registro civil"},{"@type":"BreadcrumbList","@id":"https:\/\/conversesacatalunya.cat\/es\/los-datos-del-registro-civil-sobre-los-muertos-han-alertado-sobre-la-situacion-de-cataluna\/#breadcrumb","itemListElement":[{"@type":"ListItem","position":1,"name":"Inici","item":"https:\/\/conversesacatalunya.cat\/es\/"},{"@type":"ListItem","position":2,"name":"Los datos del Registro Civil sobre los muertos han alertado sobre la situaci\u00f3n de Catalu\u00f1a"}]},{"@type":"WebSite","@id":"https:\/\/conversesacatalunya.cat\/#website","url":"https:\/\/conversesacatalunya.cat\/","name":"Converses a Catalunya","description":"","potentialAction":[{"@type":"SearchAction","target":{"@type":"EntryPoint","urlTemplate":"https:\/\/conversesacatalunya.cat\/?s={search_term_string}"},"query-input":{"@type":"PropertyValueSpecification","valueRequired":true,"valueName":"search_term_string"}}],"inLanguage":"es"},{"@type":"Person","@id":"https:\/\/conversesacatalunya.cat\/#\/schema\/person\/7e24d1e54a2785373ddcb275eae5ed99","name":"conversesacatalunya","image":{"@type":"ImageObject","inLanguage":"es","@id":"https:\/\/conversesacatalunya.cat\/#\/schema\/person\/image\/","url":"https:\/\/conversesacatalunya.cat\/wp-content\/litespeed\/avatar\/febdfeeec89d950f01c748045a981dd2.jpg?ver=1777314535","contentUrl":"https:\/\/conversesacatalunya.cat\/wp-content\/litespeed\/avatar\/febdfeeec89d950f01c748045a981dd2.jpg?ver=1777314535","caption":"conversesacatalunya"},"url":"https:\/\/conversesacatalunya.cat\/es\/author\/carme_catala\/"}]}},"wps_subtitle":"","_links":{"self":[{"href":"https:\/\/conversesacatalunya.cat\/es\/wp-json\/wp\/v2\/posts\/36818","targetHints":{"allow":["GET"]}}],"collection":[{"href":"https:\/\/conversesacatalunya.cat\/es\/wp-json\/wp\/v2\/posts"}],"about":[{"href":"https:\/\/conversesacatalunya.cat\/es\/wp-json\/wp\/v2\/types\/post"}],"author":[{"embeddable":true,"href":"https:\/\/conversesacatalunya.cat\/es\/wp-json\/wp\/v2\/users\/2"}],"replies":[{"embeddable":true,"href":"https:\/\/conversesacatalunya.cat\/es\/wp-json\/wp\/v2\/comments?post=36818"}],"version-history":[{"count":1,"href":"https:\/\/conversesacatalunya.cat\/es\/wp-json\/wp\/v2\/posts\/36818\/revisions"}],"predecessor-version":[{"id":36826,"href":"https:\/\/conversesacatalunya.cat\/es\/wp-json\/wp\/v2\/posts\/36818\/revisions\/36826"}],"wp:featuredmedia":[{"embeddable":true,"href":"https:\/\/conversesacatalunya.cat\/es\/wp-json\/wp\/v2\/media\/36821"}],"wp:attachment":[{"href":"https:\/\/conversesacatalunya.cat\/es\/wp-json\/wp\/v2\/media?parent=36818"}],"wp:term":[{"taxonomy":"category","embeddable":true,"href":"https:\/\/conversesacatalunya.cat\/es\/wp-json\/wp\/v2\/categories?post=36818"},{"taxonomy":"post_tag","embeddable":true,"href":"https:\/\/conversesacatalunya.cat\/es\/wp-json\/wp\/v2\/tags?post=36818"}],"curies":[{"name":"wp","href":"https:\/\/api.w.org\/{rel}","templated":true}]}}