{"id":36809,"date":"2020-06-01T06:00:33","date_gmt":"2020-06-01T04:00:33","guid":{"rendered":"https:\/\/conversesacatalunya.cat\/apple-sendinsa-al-sector-de-lhostaleria\/"},"modified":"2020-06-02T12:18:11","modified_gmt":"2020-06-02T10:18:11","slug":"apple-sendinsa-al-sector-de-lhostaleria","status":"publish","type":"post","link":"https:\/\/conversesacatalunya.cat\/es\/apple-sendinsa-al-sector-de-lhostaleria\/","title":{"rendered":"Apple se adentra en el sector de la hosteler\u00eda"},"content":{"rendered":"<p>Apple ha empezado la construcci\u00f3n de un hotel de 192 habitaciones para su nuevo campus de Austin, Texas. El campus, cuyo presupuesto antes de planear el hotel ascend\u00eda a 1.000 millones de d\u00f3lares, ocupar\u00e1 algo m\u00e1s de 278.000 m2, de los que 185.000 se destinar\u00e1n a espacios de oficinas. La construcci\u00f3n, que se inici\u00f3 en noviembre de 2019, est\u00e1 prevista que dure hasta 2022, cuando dar\u00e1 la bienvenida a m\u00e1s de 5.000 empleados de los 15.000 de su capacidad m\u00e1xima.<\/p>\n<p>Lo que todav\u00eda no se sabe es si ser\u00e1 tambi\u00e9n la propia compa\u00f1\u00eda<strong>\u00a0la encargada de gestionar este negocio<\/strong> o bien lo construir\u00e1 para alquilarlo o subcontratar la gesti\u00f3n del nuevo hotel. El proyecto del campus es igual de impresionante. Ser\u00e1 dentro de este macroproyecto donde Apple levantar\u00e1 oficinas, espacios para formaciones y el mencionado hotel.<\/p>\n<p>Otro punto que queda en el aire es saber si este hotel estar\u00e1 abierto al p\u00fablico en general o no. Ya que la intenci\u00f3n inicial de Apple es que sirva para acoger a sus empleados y otros socios que viajen de todas las partes del mundo para reunirse con directivos de la compa\u00f1\u00eda de la manzana. De esta manera, la empresa se ahorrar\u00eda los costes de alojamiento que supone desplazar a tantas personas. Adem\u00e1s, ser\u00eda muy funcional ya que conectar\u00eda las oficinas y el campus con el hotel. Con la gran imagen de marca del gigante tecnol\u00f3gico, Apple podr\u00eda tener la posibilidad de usar el sector de la hosteler\u00eda como otra manera m\u00e1s para vender\u00a0 sus productos.<\/p>\n<p>De ser cierto que la propia compa\u00f1\u00eda gestionase el hotel, supondr\u00eda\u00a0<strong>un nuevo avance en su estrategia de diversificaci\u00f3n<\/strong>. En los \u00faltimos a\u00f1os Apple est\u00e1 ofreciendo servicios financieros a trav\u00e9s de Apple Pay, servicio de streaming de contenidos audiovisuales, una plataforma de noticias e incluso estar\u00eda preparando el lanzamiento de una\u00a0<a href=\"https:\/\/www.macrumors.com\/roundup\/apple-car\/\" target=\"_blank\" rel=\"noopener noreferrer\">marca<\/a>\u00a0de autom\u00f3viles propia.<\/p>\n","protected":false},"excerpt":{"rendered":"<p>Apple ha empezado la construcci\u00f3n de un hotel de 192 habitaciones para su nuevo campus de Austin, Texas. El campus, cuyo presupuesto antes de planear el hotel ascend\u00eda a 1.000 millones de d\u00f3lares, ocupar\u00e1 algo m\u00e1s de 278.000 m2, de los que 185.000 se destinar\u00e1n a espacios de oficinas. La construcci\u00f3n, que se inici\u00f3 en noviembre de 2019, est\u00e1 prevista que dure hasta 2022, cuando dar\u00e1 la bienvenida a m\u00e1s de 5.000 empleados de los 15.000 de su capacidad m\u00e1xima. Lo que todav\u00eda no se sabe es si ser\u00e1 tambi\u00e9n la propia compa\u00f1\u00eda\u00a0la encargada de gestionar este negocio o bien lo construir\u00e1 para alquilarlo o subcontratar la gesti\u00f3n del nuevo hotel. El proyecto del campus es igual de impresionante. Ser\u00e1 dentro de este macroproyecto donde Apple levantar\u00e1 oficinas, espacios para formaciones y el mencionado hotel. Otro punto que queda en el aire es saber si este hotel estar\u00e1 abierto al p\u00fablico en general o no. Ya que la intenci\u00f3n inicial de Apple es que sirva para acoger a sus empleados y otros socios que viajen de todas las partes del mundo para reunirse con directivos de la compa\u00f1\u00eda de la manzana. De esta manera, la empresa se ahorrar\u00eda los costes de alojamiento que supone desplazar a tantas personas. Adem\u00e1s, ser\u00eda muy funcional ya que conectar\u00eda las oficinas y el campus con el hotel. Con la gran imagen de marca del gigante tecnol\u00f3gico, Apple podr\u00eda tener la posibilidad de usar el sector de la hosteler\u00eda como otra manera m\u00e1s para vender\u00a0 sus productos. De ser cierto que la propia compa\u00f1\u00eda gestionase el hotel, supondr\u00eda\u00a0un nuevo avance en su estrategia de diversificaci\u00f3n. En los \u00faltimos a\u00f1os Apple est\u00e1 ofreciendo servicios financieros a trav\u00e9s de Apple Pay, servicio de streaming de contenidos audiovisuales, una plataforma de noticias e incluso estar\u00eda preparando el lanzamiento de una\u00a0marca\u00a0de autom\u00f3viles propia.<\/p>\n","protected":false},"author":20,"featured_media":36757,"comment_status":"open","ping_status":"open","sticky":false,"template":"","format":"standard","meta":{"_FSMCFIC_featured_image_caption":"","_FSMCFIC_featured_image_nocaption":"","_FSMCFIC_featured_image_hide":"","footnotes":""},"categories":[806],"tags":[2486],"class_list":["post-36809","post","type-post","status-publish","format-standard","has-post-thumbnail","hentry","category-punts-claus-del-dia-es","tag-apple-es"],"yoast_head":"<!-- This site is optimized with the Yoast SEO plugin v26.8 - https:\/\/yoast.com\/product\/yoast-seo-wordpress\/ -->\n<title>Apple se adentra en el sector de la hosteler\u00eda - Converses a Catalunya<\/title>\n<meta name=\"description\" content=\"El gigante tecnol\u00f3gico Apple est\u00e1 empezando a construir un hotel de grandes dimensiones\" \/>\n<meta name=\"robots\" content=\"noindex, nofollow\" \/>\n<meta property=\"og:locale\" content=\"es_ES\" \/>\n<meta property=\"og:type\" content=\"article\" \/>\n<meta property=\"og:title\" content=\"Apple se adentra en el sector de la hosteler\u00eda - Converses a Catalunya\" \/>\n<meta property=\"og:description\" content=\"El gigante tecnol\u00f3gico Apple est\u00e1 empezando a construir un hotel de grandes dimensiones\" \/>\n<meta property=\"og:url\" content=\"https:\/\/conversesacatalunya.cat\/es\/apple-sendinsa-al-sector-de-lhostaleria\/\" \/>\n<meta property=\"og:site_name\" content=\"Converses a Catalunya\" \/>\n<meta property=\"article:published_time\" content=\"2020-06-01T04:00:33+00:00\" \/>\n<meta property=\"article:modified_time\" content=\"2020-06-02T10:18:11+00:00\" \/>\n<meta property=\"og:image\" content=\"https:\/\/conversesacatalunya.cat\/wp-content\/uploads\/2020\/06\/Capture-1024x578.png\" \/>\n\t<meta property=\"og:image:width\" content=\"1024\" \/>\n\t<meta property=\"og:image:height\" content=\"578\" \/>\n\t<meta property=\"og:image:type\" content=\"image\/png\" \/>\n<meta name=\"author\" content=\"conversesacatalunya\" \/>\n<meta name=\"twitter:card\" content=\"summary_large_image\" \/>\n<meta name=\"twitter:label1\" content=\"Escrito por\" \/>\n\t<meta name=\"twitter:data1\" content=\"conversesacatalunya\" \/>\n\t<meta name=\"twitter:label2\" content=\"Tiempo de lectura\" \/>\n\t<meta name=\"twitter:data2\" content=\"2 minutos\" \/>\n<script type=\"application\/ld+json\" class=\"yoast-schema-graph\">{\"@context\":\"https:\/\/schema.org\",\"@graph\":[{\"@type\":\"Article\",\"@id\":\"https:\/\/conversesacatalunya.cat\/es\/apple-sendinsa-al-sector-de-lhostaleria\/#article\",\"isPartOf\":{\"@id\":\"https:\/\/conversesacatalunya.cat\/es\/apple-sendinsa-al-sector-de-lhostaleria\/\"},\"author\":{\"name\":\"conversesacatalunya\",\"@id\":\"https:\/\/conversesacatalunya.cat\/#\/schema\/person\/a7a9496a363cd9847daf7cd659d92e64\"},\"headline\":\"Apple se adentra en el sector de la hosteler\u00eda\",\"datePublished\":\"2020-06-01T04:00:33+00:00\",\"dateModified\":\"2020-06-02T10:18:11+00:00\",\"mainEntityOfPage\":{\"@id\":\"https:\/\/conversesacatalunya.cat\/es\/apple-sendinsa-al-sector-de-lhostaleria\/\"},\"wordCount\":340,\"commentCount\":0,\"image\":{\"@id\":\"https:\/\/conversesacatalunya.cat\/es\/apple-sendinsa-al-sector-de-lhostaleria\/#primaryimage\"},\"thumbnailUrl\":\"https:\/\/conversesacatalunya.cat\/wp-content\/uploads\/2020\/06\/Capture.png\",\"keywords\":[\"Apple\"],\"articleSection\":[\"Punts clau del dia (ES)\"],\"inLanguage\":\"es\",\"potentialAction\":[{\"@type\":\"CommentAction\",\"name\":\"Comment\",\"target\":[\"https:\/\/conversesacatalunya.cat\/es\/apple-sendinsa-al-sector-de-lhostaleria\/#respond\"]}]},{\"@type\":\"WebPage\",\"@id\":\"https:\/\/conversesacatalunya.cat\/es\/apple-sendinsa-al-sector-de-lhostaleria\/\",\"url\":\"https:\/\/conversesacatalunya.cat\/es\/apple-sendinsa-al-sector-de-lhostaleria\/\",\"name\":\"Apple se adentra en el sector de la hosteler\u00eda - Converses a Catalunya\",\"isPartOf\":{\"@id\":\"https:\/\/conversesacatalunya.cat\/#website\"},\"primaryImageOfPage\":{\"@id\":\"https:\/\/conversesacatalunya.cat\/es\/apple-sendinsa-al-sector-de-lhostaleria\/#primaryimage\"},\"image\":{\"@id\":\"https:\/\/conversesacatalunya.cat\/es\/apple-sendinsa-al-sector-de-lhostaleria\/#primaryimage\"},\"thumbnailUrl\":\"https:\/\/conversesacatalunya.cat\/wp-content\/uploads\/2020\/06\/Capture.png\",\"datePublished\":\"2020-06-01T04:00:33+00:00\",\"dateModified\":\"2020-06-02T10:18:11+00:00\",\"author\":{\"@id\":\"https:\/\/conversesacatalunya.cat\/#\/schema\/person\/a7a9496a363cd9847daf7cd659d92e64\"},\"description\":\"El gigante tecnol\u00f3gico Apple est\u00e1 empezando a construir un hotel de grandes dimensiones\",\"breadcrumb\":{\"@id\":\"https:\/\/conversesacatalunya.cat\/es\/apple-sendinsa-al-sector-de-lhostaleria\/#breadcrumb\"},\"inLanguage\":\"es\",\"potentialAction\":[{\"@type\":\"ReadAction\",\"target\":[\"https:\/\/conversesacatalunya.cat\/es\/apple-sendinsa-al-sector-de-lhostaleria\/\"]}]},{\"@type\":\"ImageObject\",\"inLanguage\":\"es\",\"@id\":\"https:\/\/conversesacatalunya.cat\/es\/apple-sendinsa-al-sector-de-lhostaleria\/#primaryimage\",\"url\":\"https:\/\/conversesacatalunya.cat\/wp-content\/uploads\/2020\/06\/Capture.png\",\"contentUrl\":\"https:\/\/conversesacatalunya.cat\/wp-content\/uploads\/2020\/06\/Capture.png\",\"width\":1387,\"height\":783,\"caption\":\"Apple\"},{\"@type\":\"BreadcrumbList\",\"@id\":\"https:\/\/conversesacatalunya.cat\/es\/apple-sendinsa-al-sector-de-lhostaleria\/#breadcrumb\",\"itemListElement\":[{\"@type\":\"ListItem\",\"position\":1,\"name\":\"Inici\",\"item\":\"https:\/\/conversesacatalunya.cat\/es\/\"},{\"@type\":\"ListItem\",\"position\":2,\"name\":\"Apple se adentra en el sector de la hosteler\u00eda\"}]},{\"@type\":\"WebSite\",\"@id\":\"https:\/\/conversesacatalunya.cat\/#website\",\"url\":\"https:\/\/conversesacatalunya.cat\/\",\"name\":\"Converses a Catalunya\",\"description\":\"\",\"potentialAction\":[{\"@type\":\"SearchAction\",\"target\":{\"@type\":\"EntryPoint\",\"urlTemplate\":\"https:\/\/conversesacatalunya.cat\/?s={search_term_string}\"},\"query-input\":{\"@type\":\"PropertyValueSpecification\",\"valueRequired\":true,\"valueName\":\"search_term_string\"}}],\"inLanguage\":\"es\"},{\"@type\":\"Person\",\"@id\":\"https:\/\/conversesacatalunya.cat\/#\/schema\/person\/a7a9496a363cd9847daf7cd659d92e64\",\"name\":\"conversesacatalunya\",\"image\":{\"@type\":\"ImageObject\",\"inLanguage\":\"es\",\"@id\":\"https:\/\/conversesacatalunya.cat\/#\/schema\/person\/image\/\",\"url\":\"https:\/\/conversesacatalunya.cat\/wp-content\/litespeed\/avatar\/ff91582b44ff9c880dc9c5ac2f5c7e89.jpg?ver=1777372947\",\"contentUrl\":\"https:\/\/conversesacatalunya.cat\/wp-content\/litespeed\/avatar\/ff91582b44ff9c880dc9c5ac2f5c7e89.jpg?ver=1777372947\",\"caption\":\"conversesacatalunya\"},\"url\":\"https:\/\/conversesacatalunya.cat\/es\/author\/francisco_garcia\/\"}]}<\/script>\n<!-- \/ Yoast SEO plugin. -->","yoast_head_json":{"title":"Apple se adentra en el sector de la hosteler\u00eda - Converses a Catalunya","description":"El gigante tecnol\u00f3gico Apple est\u00e1 empezando a construir un hotel de grandes dimensiones","robots":{"index":"noindex","follow":"nofollow"},"og_locale":"es_ES","og_type":"article","og_title":"Apple se adentra en el sector de la hosteler\u00eda - Converses a Catalunya","og_description":"El gigante tecnol\u00f3gico Apple est\u00e1 empezando a construir un hotel de grandes dimensiones","og_url":"https:\/\/conversesacatalunya.cat\/es\/apple-sendinsa-al-sector-de-lhostaleria\/","og_site_name":"Converses a Catalunya","article_published_time":"2020-06-01T04:00:33+00:00","article_modified_time":"2020-06-02T10:18:11+00:00","og_image":[{"width":1024,"height":578,"url":"https:\/\/conversesacatalunya.cat\/wp-content\/uploads\/2020\/06\/Capture-1024x578.png","type":"image\/png"}],"author":"conversesacatalunya","twitter_card":"summary_large_image","twitter_misc":{"Escrito por":"conversesacatalunya","Tiempo de lectura":"2 minutos"},"schema":{"@context":"https:\/\/schema.org","@graph":[{"@type":"Article","@id":"https:\/\/conversesacatalunya.cat\/es\/apple-sendinsa-al-sector-de-lhostaleria\/#article","isPartOf":{"@id":"https:\/\/conversesacatalunya.cat\/es\/apple-sendinsa-al-sector-de-lhostaleria\/"},"author":{"name":"conversesacatalunya","@id":"https:\/\/conversesacatalunya.cat\/#\/schema\/person\/a7a9496a363cd9847daf7cd659d92e64"},"headline":"Apple se adentra en el sector de la hosteler\u00eda","datePublished":"2020-06-01T04:00:33+00:00","dateModified":"2020-06-02T10:18:11+00:00","mainEntityOfPage":{"@id":"https:\/\/conversesacatalunya.cat\/es\/apple-sendinsa-al-sector-de-lhostaleria\/"},"wordCount":340,"commentCount":0,"image":{"@id":"https:\/\/conversesacatalunya.cat\/es\/apple-sendinsa-al-sector-de-lhostaleria\/#primaryimage"},"thumbnailUrl":"https:\/\/conversesacatalunya.cat\/wp-content\/uploads\/2020\/06\/Capture.png","keywords":["Apple"],"articleSection":["Punts clau del dia (ES)"],"inLanguage":"es","potentialAction":[{"@type":"CommentAction","name":"Comment","target":["https:\/\/conversesacatalunya.cat\/es\/apple-sendinsa-al-sector-de-lhostaleria\/#respond"]}]},{"@type":"WebPage","@id":"https:\/\/conversesacatalunya.cat\/es\/apple-sendinsa-al-sector-de-lhostaleria\/","url":"https:\/\/conversesacatalunya.cat\/es\/apple-sendinsa-al-sector-de-lhostaleria\/","name":"Apple se adentra en el sector de la hosteler\u00eda - Converses a Catalunya","isPartOf":{"@id":"https:\/\/conversesacatalunya.cat\/#website"},"primaryImageOfPage":{"@id":"https:\/\/conversesacatalunya.cat\/es\/apple-sendinsa-al-sector-de-lhostaleria\/#primaryimage"},"image":{"@id":"https:\/\/conversesacatalunya.cat\/es\/apple-sendinsa-al-sector-de-lhostaleria\/#primaryimage"},"thumbnailUrl":"https:\/\/conversesacatalunya.cat\/wp-content\/uploads\/2020\/06\/Capture.png","datePublished":"2020-06-01T04:00:33+00:00","dateModified":"2020-06-02T10:18:11+00:00","author":{"@id":"https:\/\/conversesacatalunya.cat\/#\/schema\/person\/a7a9496a363cd9847daf7cd659d92e64"},"description":"El gigante tecnol\u00f3gico Apple est\u00e1 empezando a construir un hotel de grandes dimensiones","breadcrumb":{"@id":"https:\/\/conversesacatalunya.cat\/es\/apple-sendinsa-al-sector-de-lhostaleria\/#breadcrumb"},"inLanguage":"es","potentialAction":[{"@type":"ReadAction","target":["https:\/\/conversesacatalunya.cat\/es\/apple-sendinsa-al-sector-de-lhostaleria\/"]}]},{"@type":"ImageObject","inLanguage":"es","@id":"https:\/\/conversesacatalunya.cat\/es\/apple-sendinsa-al-sector-de-lhostaleria\/#primaryimage","url":"https:\/\/conversesacatalunya.cat\/wp-content\/uploads\/2020\/06\/Capture.png","contentUrl":"https:\/\/conversesacatalunya.cat\/wp-content\/uploads\/2020\/06\/Capture.png","width":1387,"height":783,"caption":"Apple"},{"@type":"BreadcrumbList","@id":"https:\/\/conversesacatalunya.cat\/es\/apple-sendinsa-al-sector-de-lhostaleria\/#breadcrumb","itemListElement":[{"@type":"ListItem","position":1,"name":"Inici","item":"https:\/\/conversesacatalunya.cat\/es\/"},{"@type":"ListItem","position":2,"name":"Apple se adentra en el sector de la hosteler\u00eda"}]},{"@type":"WebSite","@id":"https:\/\/conversesacatalunya.cat\/#website","url":"https:\/\/conversesacatalunya.cat\/","name":"Converses a Catalunya","description":"","potentialAction":[{"@type":"SearchAction","target":{"@type":"EntryPoint","urlTemplate":"https:\/\/conversesacatalunya.cat\/?s={search_term_string}"},"query-input":{"@type":"PropertyValueSpecification","valueRequired":true,"valueName":"search_term_string"}}],"inLanguage":"es"},{"@type":"Person","@id":"https:\/\/conversesacatalunya.cat\/#\/schema\/person\/a7a9496a363cd9847daf7cd659d92e64","name":"conversesacatalunya","image":{"@type":"ImageObject","inLanguage":"es","@id":"https:\/\/conversesacatalunya.cat\/#\/schema\/person\/image\/","url":"https:\/\/conversesacatalunya.cat\/wp-content\/litespeed\/avatar\/ff91582b44ff9c880dc9c5ac2f5c7e89.jpg?ver=1777372947","contentUrl":"https:\/\/conversesacatalunya.cat\/wp-content\/litespeed\/avatar\/ff91582b44ff9c880dc9c5ac2f5c7e89.jpg?ver=1777372947","caption":"conversesacatalunya"},"url":"https:\/\/conversesacatalunya.cat\/es\/author\/francisco_garcia\/"}]}},"wps_subtitle":"El gigante tecnol\u00f3gico Apple est\u00e1 empezando a construir un hotel de grandes dimensiones. Si se diera el caso en el que la empresa gestionase enteramente el hotel, supondr\u00eda un avance en su estrategia de diversificaci\u00f3n","_links":{"self":[{"href":"https:\/\/conversesacatalunya.cat\/es\/wp-json\/wp\/v2\/posts\/36809","targetHints":{"allow":["GET"]}}],"collection":[{"href":"https:\/\/conversesacatalunya.cat\/es\/wp-json\/wp\/v2\/posts"}],"about":[{"href":"https:\/\/conversesacatalunya.cat\/es\/wp-json\/wp\/v2\/types\/post"}],"author":[{"embeddable":true,"href":"https:\/\/conversesacatalunya.cat\/es\/wp-json\/wp\/v2\/users\/20"}],"replies":[{"embeddable":true,"href":"https:\/\/conversesacatalunya.cat\/es\/wp-json\/wp\/v2\/comments?post=36809"}],"version-history":[{"count":2,"href":"https:\/\/conversesacatalunya.cat\/es\/wp-json\/wp\/v2\/posts\/36809\/revisions"}],"predecessor-version":[{"id":36812,"href":"https:\/\/conversesacatalunya.cat\/es\/wp-json\/wp\/v2\/posts\/36809\/revisions\/36812"}],"wp:featuredmedia":[{"embeddable":true,"href":"https:\/\/conversesacatalunya.cat\/es\/wp-json\/wp\/v2\/media\/36757"}],"wp:attachment":[{"href":"https:\/\/conversesacatalunya.cat\/es\/wp-json\/wp\/v2\/media?parent=36809"}],"wp:term":[{"taxonomy":"category","embeddable":true,"href":"https:\/\/conversesacatalunya.cat\/es\/wp-json\/wp\/v2\/categories?post=36809"},{"taxonomy":"post_tag","embeddable":true,"href":"https:\/\/conversesacatalunya.cat\/es\/wp-json\/wp\/v2\/tags?post=36809"}],"curies":[{"name":"wp","href":"https:\/\/api.w.org\/{rel}","templated":true}]}}