{"id":36789,"date":"2020-06-02T09:38:12","date_gmt":"2020-06-02T07:38:12","guid":{"rendered":"https:\/\/conversesacatalunya.cat\/la-comissio-europea-ha-presentat-el-pla-de-recuperacio-economica-contra-la-covid-19\/"},"modified":"2020-06-05T09:23:23","modified_gmt":"2020-06-05T07:23:23","slug":"la-comision-europea-ha-presentado-el-plan-de-recuperacion-economica-contra-la-covid-19","status":"publish","type":"post","link":"https:\/\/conversesacatalunya.cat\/es\/la-comision-europea-ha-presentado-el-plan-de-recuperacion-economica-contra-la-covid-19\/","title":{"rendered":"La Comisi\u00f3n Europea ha presentado el Plan de recuperaci\u00f3n econ\u00f3mica contra la Covid-19"},"content":{"rendered":"<p><strong>La UE vive el momento Von der Leyen<\/strong>\u00a0.\u00a0<strong>La Presidenta de la Comisi\u00f3n Europea, avalada por la iniciativa francoalemana del 18 de mayo, se ha atrevido a dar un paso adelante sin precedentes. La Comisi\u00f3n Europea se endeudar\u00e1 a gran escala para conseguir fondos en la lucha contra el coronavirus, que se canalizar\u00e1n por primera vez en forma de deuda colectiva a trav\u00e9s del presupuesto comunitario.<\/strong><\/p>\n<p><strong>Estamos a las puertas de dar un paso adelante de una gran trascendencia en la construcci\u00f3n europea<\/strong><span class=\"goog-text-highlight\">. La UE se dispone a poner las bases de una nueva pol\u00edtica fiscal y presupuestaria, carencias cong\u00e9nitas de la Eurozona. El plan de Von der Leyen pone sobre la mesa 750.000 millones de euros que se suman al proyecto de presupuesto de la UE o Marco Financiero Plurianual para el per\u00edodo 2021-2027 con una cuant\u00eda de 1,1 billones de euros. El importe del fondo es inferior a algunas cantidades que se hab\u00edan planteado inicialmente, pero es contundente y, esta vez, sin artificios de \u00abmovilizaci\u00f3n\u00bb de fondos para inflar las cifras. Dos tercios de los 750.000 millones de euros ser\u00e1n en forma de subvenciones o transferencias, es decir, dinero que no tendr\u00e1n que devolver. En este terreno, la Comisi\u00f3n Europea recoge al cien por cien el planteamiento del plan de Merkel y Macron del 18 de mayo, en el que ya se apuntaban 500.000 millones de euros en forma de transferencias. Von der Leyen justifica las transferencias argumentando que \u00abson inversiones conjuntas de futuro, que no tienen nada que ver con la deuda pasada de los Estados miembros\u00bb. De hecho no son una gran novedad, pues \u00abel presupuesto europeo siempre ha incluido subsidios\u00bb.<\/span><\/p>\n<p><strong>La Presidenta de la Comisi\u00f3n Europea ha presentado un ambicioso programa de recuperaci\u00f3n econ\u00f3mica situado entre dos polos: las aspiraciones de los pa\u00edses del sur y las reticencias de los pa\u00edses del norte del continente. <\/strong>Ni ha seguido la mutualizaci\u00f3n de la deuda deseada por el sur ni se ha excedido en la transferencia de fondos tan temida por el norte. Ha utilizado una f\u00f3rmula intermedia.<\/p>\n<p><strong>Para conseguir financiar el plan de recuperaci\u00f3n, la manera elegida por la Comisi\u00f3n Europea consiste en aumentar temporalmente el techo de gasto de su presupuesto hasta el 2 por ciento del PIB de la UE, lo que le permitir\u00e1 ir a los mercados a recaudar los 750.000 millones requeridos.<\/strong><\/p>\n<p>La Comisi\u00f3n Europea propone la creaci\u00f3n de cinco impuestos con los que conf\u00eda recaudar dinero suficiente para devolver en 30 a\u00f1os, que empiezan a contar a partir de 2027, los 750.000 millones de euros con los que trata de combatir la pandemia.\u00a0<span class=\"\">Los cuatro tributos prioritarios consistir\u00edan en dos grav\u00e1menes sobre el di\u00f3xido de carbono, la taza digital y las grandes corporaciones.\u00a0<\/span>Tampoco se descarta un impuesto al pl\u00e1stico.\u00a0La recaudaci\u00f3n anual rondar\u00eda entre los 30.000 y los 45.000 millones de euros.<\/p>\n<p><strong>El plan de recuperaci\u00f3n se basa en tres pilares<\/strong>\u00a0. El principal es un \u00abfondo de resistencia y recuperaci\u00f3n\u00bb que dispondr\u00e1 de 560.000 millones de euros (310.000 transferencias y 250.000 pr\u00e9stamos), va destinado a apoyar a los estados con inversiones y reformas. El segundo pilar se destina a estimular la inversi\u00f3n privada, a trav\u00e9s de un instrumento de solvencia para dar apoyo a las empresas. El tercer pilar se destina a programas de salud y de protecci\u00f3n civil.\u00a0<strong>El plan presentado por la Comisi\u00f3n se\u00f1ala los sectores m\u00e1s necesitados de financiaci\u00f3n<\/strong>: turismo, comercio, energ\u00edas renovables, energ\u00eda e industrias intensivas, negocio digital, transporte, autom\u00f3vil y construcci\u00f3n.<\/p>\n<p>La Comisi\u00f3n estima que, sumando las medidas aprobadas hasta ahora contra la pandemia a trav\u00e9s de otros mecanismos y el nuevo fondo de recuperaci\u00f3n,\u00a0<strong>la UE movilizar\u00e1 un total de 3,1 billones de euros contra el coronavirus, equivalentes al 22,1 por ciento del PIB de la UE.<\/strong><\/p>\n<p><strong>Con la presentaci\u00f3n de la propuesta de la Comisi\u00f3n Europea se abre un per\u00edodo incierto de negociaciones y un complejo proceso de debate entre los 27 estados miembros de la UE que ser\u00e1 dificultoso, pero que tendr\u00e1 que hacerse r\u00e1pido si se quiere garantizar la recuperaci\u00f3n econ\u00f3mica<\/strong>\u00a0.<\/p>\n<p>El presidente del Consejo Europeo, el belga Louis Michel, ya ha convocado una reuni\u00f3n de jefes de estado y de gobierno europeos para el 19 de junio. Los cuatro pa\u00edses llamados \u00abfrugales\u00bb -Pa\u00edses Bajos, Dinamarca, Suecia y Austria- rechazan los subsidios y apuestan por los pr\u00e9stamos, pero \u00faltimamente est\u00e1n dando muestras de flexibilidad en sus planteamientos. Por un lado, saben que ser\u00edan los m\u00e1s perjudicados por una eventual ruptura del mercado interior y, por otro lado, si mantuvieran sus posiciones con dureza se ver\u00edan confrontados con un Parlamento Europeo decidido a plantar cara.<\/p>\n<p>La propuesta final debe ser aprobada por el Consejo Europeo, el Parlamento Europeo y, en materia del Marco Financiero Plurianual o presupuesto 2021-2027 de la UE, tambi\u00e9n por los parlamentos nacionales. La valedora m\u00e1s grande del fondo de recuperaci\u00f3n, al margen de Von der Leyen, es Angela Merkel, que el d\u00eda 27 de mayo declar\u00f3 en Berl\u00edn que \u00abnos esforzaremos en el Consejo Europeo del 19 de junio para que haya un acuerdo por unanimidad\u00bb. Si todo va bien, el primer dinero del fondo deber\u00eda llegar en oto\u00f1o.<\/p>\n<p><strong>El Gobierno Espa\u00f1ol ya ha mostrado su satisfacci\u00f3n sobre el fondo de recuperaci\u00f3n<\/strong>. Despu\u00e9s de Italia, es el estado miembro de la UE que sale m\u00e1s beneficiado: 77.324 millones en transferencias y 63.122 en cr\u00e9ditos. Espa\u00f1a obtiene el 19,88 por ciento del total de las transferencias sin retorno, s\u00f3lo por detr\u00e1s de Italia que se lleva el 20,45 por ciento. En general, los pa\u00edses del sur son los grandes beneficiados, pero tambi\u00e9n deben ser conscientes de que\u00a0<strong>la Comisi\u00f3n Europea vincula los desembolsos del fondo a una\u00a0<\/strong><strong>condicionalidad ligada a los planes nacionales de reforma<\/strong>\u00a0, para garantizar que el gasto redundar\u00e1 en beneficio de la competitividad y la modernizaci\u00f3n de los pa\u00edses auxiliados.<\/p>\n<p>Italia ya ha detallado su \u00abplan estrat\u00e9gico\u00bb para utilizar los fondos europeos, con acciones para reducir la burocracia a la hora de relanzar las inversiones y modernizar el pa\u00eds con la digitalizaci\u00f3n y la implementaci\u00f3n de la banda ancha en todo el territorio lo antes posible. <strong>El dinero del fondo de recuperaci\u00f3n ser\u00e1 distribuido y controlado por la Comisi\u00f3n Europea<\/strong>, mientras que la gesti\u00f3n de las inversiones se realizar\u00e1 de manera descentralizada.<\/p>\n<p><strong>Esto no es un rescate, pero hay condiciones<\/strong>\u00a0. No es un rescate porque no hay ni rastro de la troika, aquellos \u00abhombres de negro\u00bb de macabra reputaci\u00f3n, pero los pa\u00edses deber\u00e1n presentar y ver aprobados los planes de reforma e inversiones para lograr acceso a las ayudas. \u00bb\u00a0<strong>Cuando presente un plan nacional, cada pa\u00eds explicar\u00e1 c\u00f3mo contribuye a conseguir las prioridades en el Semestre Europeo<\/strong>\u00a0\u00ab, declar\u00f3 el vicepresidente econ\u00f3mico de la Comisi\u00f3n Europea, el let\u00f3n Valdis Dombrovski. Este Semestre Europeo es precisamente el mecanismo que supervisa las pol\u00edticas econ\u00f3micas de los Estados miembros y servir\u00e1 tambi\u00e9n para verificar la buena utilizaci\u00f3n de estas partidas.<\/p>\n<p><strong>El proceso comenzar\u00e1 en abril de cada a\u00f1o<\/strong>\u00a0, cuando los pa\u00edses trasladen a Bruselas un documento con los detalles de las reformas y las inversiones que pretenden hacer a cargo del fondo de recuperaci\u00f3n. En los planes deber\u00e1n justificar cada reforma y demostrar que servir\u00e1 para fortalecer el crecimiento y reforzar la cohesi\u00f3n social y que, por supuesto, son inversiones relacionadas con la pandemia. Tambi\u00e9n deber\u00e1n especificar que las medidas enlazan con las dos grandes prioridades marcadas por la Comisi\u00f3n Von der Leyen: el\u00a0<em>pacto verde<\/em> o la transici\u00f3n verde y la digitalizaci\u00f3n. Los planes de Bruselas son que el 60 por ciento de las transferencias est\u00e9n comprometidas antes del 2022 y el resto a finales de 2024, mientras que los pr\u00e9stamos deber\u00e1n solicitarse antes de que acabe 2024.<\/p>\n<p><strong>Alemania asume el primero de julio la presidencia de turno de la UE.\u00a0<\/strong><strong>Angela Merkel es muy consciente de la importancia del momento<\/strong>.\u00a0Por eso acaba de declarar que la lucha contra la pandemia centrar\u00e1 la presidencia alemana y, que se deben aprovechar los momentos actuales para ser capaces de hacer un gran paso adelante en el proceso de integraci\u00f3n europea que permita jugar en Europa un verdadero papel de actor global. \u00bb\u00a0<strong>Tenemos que hacer un esfuerzo extraordinario para asumir este desaf\u00edo del coronavirus, pero quiero a\u00fan m\u00e1s cosas.\u00a0La tarea durante la presidencia de la UE ser\u00e1 consolidar Europa internamente para que tambi\u00e9n pueda actuar como ancla de estabilidad externa \u00ab.<\/strong><\/p>\n<p style=\"text-align: center;\"><a href=\"https:\/\/conversesacatalunya.cat\/es\/coronavirus\/\" target=\"_blank\" rel=\"noopener noreferrer\"><strong>M\u00e1s informaci\u00f3n ESPECIAL CORONAVIRUS<\/strong><\/a><\/p>\n<span class='bctt-click-to-tweet'><span class='bctt-ctt-text'><a href='https:\/\/twitter.com\/intent\/tweet?url=https%3A%2F%2Fconversesacatalunya.cat%2Fes%2Fla-comision-europea-ha-presentado-el-plan-de-recuperacion-economica-contra-la-covid-19%2F&#038;text=El%20Gobierno%20Espa%C3%B1ol%20ya%20ha%20mostrado%20su%20satisfacci%C3%B3n%20sobre%20el%20fondo%20de%20recuperaci%C3%B3n.%20Despu%C3%A9s%20de%20Italia%2C%20es%20el%20estado%20miembro%20de%20la%20UE%20que%20sale%20m%C3%A1s%20beneficiado&#038;via=conversesacat&#038;related=conversesacat' target='_blank'rel=\"noopener noreferrer\">El Gobierno Espa\u00f1ol ya ha mostrado su satisfacci\u00f3n sobre el fondo de recuperaci\u00f3n. Despu\u00e9s de Italia, es el estado miembro de la UE que sale m\u00e1s beneficiado <\/a><\/span><a href='https:\/\/twitter.com\/intent\/tweet?url=https%3A%2F%2Fconversesacatalunya.cat%2Fes%2Fla-comision-europea-ha-presentado-el-plan-de-recuperacion-economica-contra-la-covid-19%2F&#038;text=El%20Gobierno%20Espa%C3%B1ol%20ya%20ha%20mostrado%20su%20satisfacci%C3%B3n%20sobre%20el%20fondo%20de%20recuperaci%C3%B3n.%20Despu%C3%A9s%20de%20Italia%2C%20es%20el%20estado%20miembro%20de%20la%20UE%20que%20sale%20m%C3%A1s%20beneficiado&#038;via=conversesacat&#038;related=conversesacat' target='_blank' class='bctt-ctt-btn'rel=\"noopener noreferrer\">Compartir en X<\/a><\/span>\n<p>&nbsp;<\/p>\n","protected":false},"excerpt":{"rendered":"<p>La UE vive el momento Von der Leyen\u00a0.\u00a0La Presidenta de la Comisi\u00f3n Europea, avalada por la iniciativa francoalemana del 18 de mayo, se ha atrevido a dar un paso adelante sin precedentes. La Comisi\u00f3n Europea se endeudar\u00e1 a gran escala para conseguir fondos en la lucha contra el coronavirus, que se canalizar\u00e1n por primera vez en forma de deuda colectiva a trav\u00e9s del presupuesto comunitario. Estamos a las puertas de dar un paso adelante de una gran trascendencia en la construcci\u00f3n europea. La UE se dispone a poner las bases de una nueva pol\u00edtica fiscal y presupuestaria, carencias cong\u00e9nitas de la Eurozona. El plan de Von der Leyen pone sobre la mesa 750.000 millones de euros que se suman al proyecto de presupuesto de la UE o Marco Financiero Plurianual para el per\u00edodo 2021-2027 con una cuant\u00eda de 1,1 billones de euros. El importe del fondo es inferior a algunas cantidades que se hab\u00edan planteado inicialmente, pero es contundente y, esta vez, sin artificios de \u00abmovilizaci\u00f3n\u00bb de fondos para inflar las cifras. Dos tercios de los 750.000 millones de euros ser\u00e1n en forma de subvenciones o transferencias, es decir, dinero que no tendr\u00e1n que devolver. En este terreno, la Comisi\u00f3n Europea recoge al cien por cien el planteamiento del plan de Merkel y Macron del 18 de mayo, en el que ya se apuntaban 500.000 millones de euros en forma de transferencias. Von der Leyen justifica las transferencias argumentando que \u00abson inversiones conjuntas de futuro, que no tienen nada que ver con la deuda pasada de los Estados miembros\u00bb. De hecho no son una gran novedad, pues \u00abel presupuesto europeo siempre ha incluido subsidios\u00bb. La Presidenta de la Comisi\u00f3n Europea ha presentado un ambicioso programa de recuperaci\u00f3n econ\u00f3mica situado entre dos polos: las aspiraciones de los pa\u00edses del sur y las reticencias de los pa\u00edses del norte del continente. Ni ha seguido la mutualizaci\u00f3n de la deuda deseada por el sur ni se ha excedido en la transferencia de fondos tan temida por el norte. Ha utilizado una f\u00f3rmula intermedia. Para conseguir financiar el plan de recuperaci\u00f3n, la manera elegida por la Comisi\u00f3n Europea consiste en aumentar temporalmente el techo de gasto de su presupuesto hasta el 2 por ciento del PIB de la UE, lo que le permitir\u00e1 ir a los mercados a recaudar los 750.000 millones requeridos. La Comisi\u00f3n Europea propone la creaci\u00f3n de cinco impuestos con los que conf\u00eda recaudar dinero suficiente para devolver en 30 a\u00f1os, que empiezan a contar a partir de 2027, los 750.000 millones de euros con los que trata de combatir la pandemia.\u00a0Los cuatro tributos prioritarios consistir\u00edan en dos grav\u00e1menes sobre el di\u00f3xido de carbono, la taza digital y las grandes corporaciones.\u00a0Tampoco se descarta un impuesto al pl\u00e1stico.\u00a0La recaudaci\u00f3n anual rondar\u00eda entre los 30.000 y los 45.000 millones de euros. El plan de recuperaci\u00f3n se basa en tres pilares\u00a0. El principal es un \u00abfondo de resistencia y recuperaci\u00f3n\u00bb que dispondr\u00e1 de 560.000 millones de euros (310.000 transferencias y 250.000 pr\u00e9stamos), va destinado a apoyar a los estados con inversiones y reformas. El segundo pilar se destina a estimular la inversi\u00f3n privada, a trav\u00e9s de un instrumento de solvencia para dar apoyo a las empresas. El tercer pilar se destina a programas de salud y de protecci\u00f3n civil.\u00a0El plan presentado por la Comisi\u00f3n se\u00f1ala los sectores m\u00e1s necesitados de financiaci\u00f3n: turismo, comercio, energ\u00edas renovables, energ\u00eda e industrias intensivas, negocio digital, transporte, autom\u00f3vil y construcci\u00f3n. La Comisi\u00f3n estima que, sumando las medidas aprobadas hasta ahora contra la pandemia a trav\u00e9s de otros mecanismos y el nuevo fondo de recuperaci\u00f3n,\u00a0la UE movilizar\u00e1 un total de 3,1 billones de euros contra el coronavirus, equivalentes al 22,1 por ciento del PIB de la UE. Con la presentaci\u00f3n de la propuesta de la Comisi\u00f3n Europea se abre un per\u00edodo incierto de negociaciones y un complejo proceso de debate entre los 27 estados miembros de la UE que ser\u00e1 dificultoso, pero que tendr\u00e1 que hacerse r\u00e1pido si se quiere garantizar la recuperaci\u00f3n econ\u00f3mica\u00a0. El presidente del Consejo Europeo, el belga Louis Michel, ya ha convocado una reuni\u00f3n de jefes de estado y de gobierno europeos para el 19 de junio. Los cuatro pa\u00edses llamados \u00abfrugales\u00bb -Pa\u00edses Bajos, Dinamarca, Suecia y Austria- rechazan los subsidios y apuestan por los pr\u00e9stamos, pero \u00faltimamente est\u00e1n dando muestras de flexibilidad en sus planteamientos. Por un lado, saben que ser\u00edan los m\u00e1s perjudicados por una eventual ruptura del mercado interior y, por otro lado, si mantuvieran sus posiciones con dureza se ver\u00edan confrontados con un Parlamento Europeo decidido a plantar cara. La propuesta final debe ser aprobada por el Consejo Europeo, el Parlamento Europeo y, en materia del Marco Financiero Plurianual o presupuesto 2021-2027 de la UE, tambi\u00e9n por los parlamentos nacionales. La valedora m\u00e1s grande del fondo de recuperaci\u00f3n, al margen de Von der Leyen, es Angela Merkel, que el d\u00eda 27 de mayo declar\u00f3 en Berl\u00edn que \u00abnos esforzaremos en el Consejo Europeo del 19 de junio para que haya un acuerdo por unanimidad\u00bb. Si todo va bien, el primer dinero del fondo deber\u00eda llegar en oto\u00f1o. El Gobierno Espa\u00f1ol ya ha mostrado su satisfacci\u00f3n sobre el fondo de recuperaci\u00f3n. Despu\u00e9s de Italia, es el estado miembro de la UE que sale m\u00e1s beneficiado: 77.324 millones en transferencias y 63.122 en cr\u00e9ditos. Espa\u00f1a obtiene el 19,88 por ciento del total de las transferencias sin retorno, s\u00f3lo por detr\u00e1s de Italia que se lleva el 20,45 por ciento. En general, los pa\u00edses del sur son los grandes beneficiados, pero tambi\u00e9n deben ser conscientes de que\u00a0la Comisi\u00f3n Europea vincula los desembolsos del fondo a una\u00a0condicionalidad ligada a los planes nacionales de reforma\u00a0, para garantizar que el gasto redundar\u00e1 en beneficio de la competitividad y la modernizaci\u00f3n de los pa\u00edses auxiliados. Italia ya ha detallado su \u00abplan estrat\u00e9gico\u00bb para utilizar los fondos europeos, con acciones para reducir la burocracia a la hora de relanzar las inversiones y modernizar el pa\u00eds con la digitalizaci\u00f3n y la implementaci\u00f3n de la banda ancha en todo el territorio&#8230;<\/p>\n","protected":false},"author":38,"featured_media":36786,"comment_status":"open","ping_status":"open","sticky":false,"template":"","format":"standard","meta":{"_FSMCFIC_featured_image_caption":"","_FSMCFIC_featured_image_nocaption":"","_FSMCFIC_featured_image_hide":"","footnotes":""},"categories":[1772,798],"tags":[1056,874],"class_list":["post-36789","post","type-post","status-publish","format-standard","has-post-thumbnail","hentry","category-especial-coronavirus-es","category-pro-europa-es","tag-comissio-europea-es","tag-ue-es"],"yoast_head":"<!-- This site is optimized with the Yoast SEO plugin v26.8 - https:\/\/yoast.com\/product\/yoast-seo-wordpress\/ -->\n<title>La Comisi\u00f3n Europea ha presentado el Plan de recuperaci\u00f3n econ\u00f3mica contra la Covid-19 - Converses a Catalunya<\/title>\n<meta name=\"description\" content=\"La Presidenta de la Comissi\u00f3 Europea ha\u00a0 presentat un ambici\u00f3s programa\u00a0 de recuperaci\u00f3 econ\u00f2mica\u00a0 situat entre dos pols: les aspiracions pa\u00efsos del\" \/>\n<meta name=\"robots\" content=\"noindex, nofollow\" \/>\n<meta property=\"og:locale\" content=\"es_ES\" \/>\n<meta property=\"og:type\" content=\"article\" \/>\n<meta property=\"og:title\" content=\"La Comisi\u00f3n Europea ha presentado el Plan de recuperaci\u00f3n econ\u00f3mica contra la Covid-19 - Converses a Catalunya\" \/>\n<meta property=\"og:description\" content=\"La Presidenta de la Comissi\u00f3 Europea ha\u00a0 presentat un ambici\u00f3s programa\u00a0 de recuperaci\u00f3 econ\u00f2mica\u00a0 situat entre dos pols: les aspiracions pa\u00efsos del\" \/>\n<meta property=\"og:url\" content=\"https:\/\/conversesacatalunya.cat\/es\/la-comision-europea-ha-presentado-el-plan-de-recuperacion-economica-contra-la-covid-19\/\" \/>\n<meta property=\"og:site_name\" content=\"Converses a Catalunya\" \/>\n<meta property=\"article:published_time\" content=\"2020-06-02T07:38:12+00:00\" \/>\n<meta property=\"article:modified_time\" content=\"2020-06-05T07:23:23+00:00\" \/>\n<meta property=\"og:image\" content=\"https:\/\/conversesacatalunya.cat\/wp-content\/uploads\/2020\/06\/comissio.jpg\" \/>\n\t<meta property=\"og:image:width\" content=\"1200\" \/>\n\t<meta property=\"og:image:height\" content=\"674\" \/>\n\t<meta property=\"og:image:type\" content=\"image\/jpeg\" \/>\n<meta name=\"author\" content=\"Victor Pou\" \/>\n<meta name=\"twitter:card\" content=\"summary_large_image\" \/>\n<meta name=\"twitter:label1\" content=\"Escrito por\" \/>\n\t<meta name=\"twitter:data1\" content=\"Victor Pou\" \/>\n\t<meta name=\"twitter:label2\" content=\"Tiempo de lectura\" \/>\n\t<meta name=\"twitter:data2\" content=\"8 minutos\" \/>\n<script type=\"application\/ld+json\" class=\"yoast-schema-graph\">{\"@context\":\"https:\/\/schema.org\",\"@graph\":[{\"@type\":\"Article\",\"@id\":\"https:\/\/conversesacatalunya.cat\/es\/la-comision-europea-ha-presentado-el-plan-de-recuperacion-economica-contra-la-covid-19\/#article\",\"isPartOf\":{\"@id\":\"https:\/\/conversesacatalunya.cat\/es\/la-comision-europea-ha-presentado-el-plan-de-recuperacion-economica-contra-la-covid-19\/\"},\"author\":{\"name\":\"Victor Pou\",\"@id\":\"https:\/\/conversesacatalunya.cat\/#\/schema\/person\/1b0082ee920b837be791bee630d460b2\"},\"headline\":\"La Comisi\u00f3n Europea ha presentado el Plan de recuperaci\u00f3n econ\u00f3mica contra la Covid-19\",\"datePublished\":\"2020-06-02T07:38:12+00:00\",\"dateModified\":\"2020-06-05T07:23:23+00:00\",\"mainEntityOfPage\":{\"@id\":\"https:\/\/conversesacatalunya.cat\/es\/la-comision-europea-ha-presentado-el-plan-de-recuperacion-economica-contra-la-covid-19\/\"},\"wordCount\":1531,\"commentCount\":0,\"image\":{\"@id\":\"https:\/\/conversesacatalunya.cat\/es\/la-comision-europea-ha-presentado-el-plan-de-recuperacion-economica-contra-la-covid-19\/#primaryimage\"},\"thumbnailUrl\":\"https:\/\/conversesacatalunya.cat\/wp-content\/uploads\/2020\/06\/comissio.jpg\",\"keywords\":[\"Comissi\u00f3 europea\",\"UE\"],\"articleSection\":[\"Especial Coronavirus (ES)\",\"Pro Europa (ES)\"],\"inLanguage\":\"es\",\"potentialAction\":[{\"@type\":\"CommentAction\",\"name\":\"Comment\",\"target\":[\"https:\/\/conversesacatalunya.cat\/es\/la-comision-europea-ha-presentado-el-plan-de-recuperacion-economica-contra-la-covid-19\/#respond\"]}]},{\"@type\":\"WebPage\",\"@id\":\"https:\/\/conversesacatalunya.cat\/es\/la-comision-europea-ha-presentado-el-plan-de-recuperacion-economica-contra-la-covid-19\/\",\"url\":\"https:\/\/conversesacatalunya.cat\/es\/la-comision-europea-ha-presentado-el-plan-de-recuperacion-economica-contra-la-covid-19\/\",\"name\":\"La Comisi\u00f3n Europea ha presentado el Plan de recuperaci\u00f3n econ\u00f3mica contra la Covid-19 - Converses a Catalunya\",\"isPartOf\":{\"@id\":\"https:\/\/conversesacatalunya.cat\/#website\"},\"primaryImageOfPage\":{\"@id\":\"https:\/\/conversesacatalunya.cat\/es\/la-comision-europea-ha-presentado-el-plan-de-recuperacion-economica-contra-la-covid-19\/#primaryimage\"},\"image\":{\"@id\":\"https:\/\/conversesacatalunya.cat\/es\/la-comision-europea-ha-presentado-el-plan-de-recuperacion-economica-contra-la-covid-19\/#primaryimage\"},\"thumbnailUrl\":\"https:\/\/conversesacatalunya.cat\/wp-content\/uploads\/2020\/06\/comissio.jpg\",\"datePublished\":\"2020-06-02T07:38:12+00:00\",\"dateModified\":\"2020-06-05T07:23:23+00:00\",\"author\":{\"@id\":\"https:\/\/conversesacatalunya.cat\/#\/schema\/person\/1b0082ee920b837be791bee630d460b2\"},\"description\":\"La Presidenta de la Comissi\u00f3 Europea ha\u00a0 presentat un ambici\u00f3s programa\u00a0 de recuperaci\u00f3 econ\u00f2mica\u00a0 situat entre dos pols: les aspiracions pa\u00efsos del\",\"breadcrumb\":{\"@id\":\"https:\/\/conversesacatalunya.cat\/es\/la-comision-europea-ha-presentado-el-plan-de-recuperacion-economica-contra-la-covid-19\/#breadcrumb\"},\"inLanguage\":\"es\",\"potentialAction\":[{\"@type\":\"ReadAction\",\"target\":[\"https:\/\/conversesacatalunya.cat\/es\/la-comision-europea-ha-presentado-el-plan-de-recuperacion-economica-contra-la-covid-19\/\"]}]},{\"@type\":\"ImageObject\",\"inLanguage\":\"es\",\"@id\":\"https:\/\/conversesacatalunya.cat\/es\/la-comision-europea-ha-presentado-el-plan-de-recuperacion-economica-contra-la-covid-19\/#primaryimage\",\"url\":\"https:\/\/conversesacatalunya.cat\/wp-content\/uploads\/2020\/06\/comissio.jpg\",\"contentUrl\":\"https:\/\/conversesacatalunya.cat\/wp-content\/uploads\/2020\/06\/comissio.jpg\",\"width\":1200,\"height\":674},{\"@type\":\"BreadcrumbList\",\"@id\":\"https:\/\/conversesacatalunya.cat\/es\/la-comision-europea-ha-presentado-el-plan-de-recuperacion-economica-contra-la-covid-19\/#breadcrumb\",\"itemListElement\":[{\"@type\":\"ListItem\",\"position\":1,\"name\":\"Inici\",\"item\":\"https:\/\/conversesacatalunya.cat\/es\/\"},{\"@type\":\"ListItem\",\"position\":2,\"name\":\"La Comisi\u00f3n Europea ha presentado el Plan de recuperaci\u00f3n econ\u00f3mica contra la Covid-19\"}]},{\"@type\":\"WebSite\",\"@id\":\"https:\/\/conversesacatalunya.cat\/#website\",\"url\":\"https:\/\/conversesacatalunya.cat\/\",\"name\":\"Converses a Catalunya\",\"description\":\"\",\"potentialAction\":[{\"@type\":\"SearchAction\",\"target\":{\"@type\":\"EntryPoint\",\"urlTemplate\":\"https:\/\/conversesacatalunya.cat\/?s={search_term_string}\"},\"query-input\":{\"@type\":\"PropertyValueSpecification\",\"valueRequired\":true,\"valueName\":\"search_term_string\"}}],\"inLanguage\":\"es\"},{\"@type\":\"Person\",\"@id\":\"https:\/\/conversesacatalunya.cat\/#\/schema\/person\/1b0082ee920b837be791bee630d460b2\",\"name\":\"Victor Pou\",\"image\":{\"@type\":\"ImageObject\",\"inLanguage\":\"es\",\"@id\":\"https:\/\/conversesacatalunya.cat\/#\/schema\/person\/image\/\",\"url\":\"https:\/\/conversesacatalunya.cat\/wp-content\/litespeed\/avatar\/b9b32a5f987117ce72836d050f735d2b.jpg?ver=1777366285\",\"contentUrl\":\"https:\/\/conversesacatalunya.cat\/wp-content\/litespeed\/avatar\/b9b32a5f987117ce72836d050f735d2b.jpg?ver=1777366285\",\"caption\":\"Victor Pou\"},\"url\":\"https:\/\/conversesacatalunya.cat\/es\/author\/victor_pou\/\"}]}<\/script>\n<!-- \/ Yoast SEO plugin. -->","yoast_head_json":{"title":"La Comisi\u00f3n Europea ha presentado el Plan de recuperaci\u00f3n econ\u00f3mica contra la Covid-19 - Converses a Catalunya","description":"La Presidenta de la Comissi\u00f3 Europea ha\u00a0 presentat un ambici\u00f3s programa\u00a0 de recuperaci\u00f3 econ\u00f2mica\u00a0 situat entre dos pols: les aspiracions pa\u00efsos del","robots":{"index":"noindex","follow":"nofollow"},"og_locale":"es_ES","og_type":"article","og_title":"La Comisi\u00f3n Europea ha presentado el Plan de recuperaci\u00f3n econ\u00f3mica contra la Covid-19 - Converses a Catalunya","og_description":"La Presidenta de la Comissi\u00f3 Europea ha\u00a0 presentat un ambici\u00f3s programa\u00a0 de recuperaci\u00f3 econ\u00f2mica\u00a0 situat entre dos pols: les aspiracions pa\u00efsos del","og_url":"https:\/\/conversesacatalunya.cat\/es\/la-comision-europea-ha-presentado-el-plan-de-recuperacion-economica-contra-la-covid-19\/","og_site_name":"Converses a Catalunya","article_published_time":"2020-06-02T07:38:12+00:00","article_modified_time":"2020-06-05T07:23:23+00:00","og_image":[{"width":1200,"height":674,"url":"https:\/\/conversesacatalunya.cat\/wp-content\/uploads\/2020\/06\/comissio.jpg","type":"image\/jpeg"}],"author":"Victor Pou","twitter_card":"summary_large_image","twitter_misc":{"Escrito por":"Victor Pou","Tiempo de lectura":"8 minutos"},"schema":{"@context":"https:\/\/schema.org","@graph":[{"@type":"Article","@id":"https:\/\/conversesacatalunya.cat\/es\/la-comision-europea-ha-presentado-el-plan-de-recuperacion-economica-contra-la-covid-19\/#article","isPartOf":{"@id":"https:\/\/conversesacatalunya.cat\/es\/la-comision-europea-ha-presentado-el-plan-de-recuperacion-economica-contra-la-covid-19\/"},"author":{"name":"Victor Pou","@id":"https:\/\/conversesacatalunya.cat\/#\/schema\/person\/1b0082ee920b837be791bee630d460b2"},"headline":"La Comisi\u00f3n Europea ha presentado el Plan de recuperaci\u00f3n econ\u00f3mica contra la Covid-19","datePublished":"2020-06-02T07:38:12+00:00","dateModified":"2020-06-05T07:23:23+00:00","mainEntityOfPage":{"@id":"https:\/\/conversesacatalunya.cat\/es\/la-comision-europea-ha-presentado-el-plan-de-recuperacion-economica-contra-la-covid-19\/"},"wordCount":1531,"commentCount":0,"image":{"@id":"https:\/\/conversesacatalunya.cat\/es\/la-comision-europea-ha-presentado-el-plan-de-recuperacion-economica-contra-la-covid-19\/#primaryimage"},"thumbnailUrl":"https:\/\/conversesacatalunya.cat\/wp-content\/uploads\/2020\/06\/comissio.jpg","keywords":["Comissi\u00f3 europea","UE"],"articleSection":["Especial Coronavirus (ES)","Pro Europa (ES)"],"inLanguage":"es","potentialAction":[{"@type":"CommentAction","name":"Comment","target":["https:\/\/conversesacatalunya.cat\/es\/la-comision-europea-ha-presentado-el-plan-de-recuperacion-economica-contra-la-covid-19\/#respond"]}]},{"@type":"WebPage","@id":"https:\/\/conversesacatalunya.cat\/es\/la-comision-europea-ha-presentado-el-plan-de-recuperacion-economica-contra-la-covid-19\/","url":"https:\/\/conversesacatalunya.cat\/es\/la-comision-europea-ha-presentado-el-plan-de-recuperacion-economica-contra-la-covid-19\/","name":"La Comisi\u00f3n Europea ha presentado el Plan de recuperaci\u00f3n econ\u00f3mica contra la Covid-19 - Converses a Catalunya","isPartOf":{"@id":"https:\/\/conversesacatalunya.cat\/#website"},"primaryImageOfPage":{"@id":"https:\/\/conversesacatalunya.cat\/es\/la-comision-europea-ha-presentado-el-plan-de-recuperacion-economica-contra-la-covid-19\/#primaryimage"},"image":{"@id":"https:\/\/conversesacatalunya.cat\/es\/la-comision-europea-ha-presentado-el-plan-de-recuperacion-economica-contra-la-covid-19\/#primaryimage"},"thumbnailUrl":"https:\/\/conversesacatalunya.cat\/wp-content\/uploads\/2020\/06\/comissio.jpg","datePublished":"2020-06-02T07:38:12+00:00","dateModified":"2020-06-05T07:23:23+00:00","author":{"@id":"https:\/\/conversesacatalunya.cat\/#\/schema\/person\/1b0082ee920b837be791bee630d460b2"},"description":"La Presidenta de la Comissi\u00f3 Europea ha\u00a0 presentat un ambici\u00f3s programa\u00a0 de recuperaci\u00f3 econ\u00f2mica\u00a0 situat entre dos pols: les aspiracions pa\u00efsos del","breadcrumb":{"@id":"https:\/\/conversesacatalunya.cat\/es\/la-comision-europea-ha-presentado-el-plan-de-recuperacion-economica-contra-la-covid-19\/#breadcrumb"},"inLanguage":"es","potentialAction":[{"@type":"ReadAction","target":["https:\/\/conversesacatalunya.cat\/es\/la-comision-europea-ha-presentado-el-plan-de-recuperacion-economica-contra-la-covid-19\/"]}]},{"@type":"ImageObject","inLanguage":"es","@id":"https:\/\/conversesacatalunya.cat\/es\/la-comision-europea-ha-presentado-el-plan-de-recuperacion-economica-contra-la-covid-19\/#primaryimage","url":"https:\/\/conversesacatalunya.cat\/wp-content\/uploads\/2020\/06\/comissio.jpg","contentUrl":"https:\/\/conversesacatalunya.cat\/wp-content\/uploads\/2020\/06\/comissio.jpg","width":1200,"height":674},{"@type":"BreadcrumbList","@id":"https:\/\/conversesacatalunya.cat\/es\/la-comision-europea-ha-presentado-el-plan-de-recuperacion-economica-contra-la-covid-19\/#breadcrumb","itemListElement":[{"@type":"ListItem","position":1,"name":"Inici","item":"https:\/\/conversesacatalunya.cat\/es\/"},{"@type":"ListItem","position":2,"name":"La Comisi\u00f3n Europea ha presentado el Plan de recuperaci\u00f3n econ\u00f3mica contra la Covid-19"}]},{"@type":"WebSite","@id":"https:\/\/conversesacatalunya.cat\/#website","url":"https:\/\/conversesacatalunya.cat\/","name":"Converses a Catalunya","description":"","potentialAction":[{"@type":"SearchAction","target":{"@type":"EntryPoint","urlTemplate":"https:\/\/conversesacatalunya.cat\/?s={search_term_string}"},"query-input":{"@type":"PropertyValueSpecification","valueRequired":true,"valueName":"search_term_string"}}],"inLanguage":"es"},{"@type":"Person","@id":"https:\/\/conversesacatalunya.cat\/#\/schema\/person\/1b0082ee920b837be791bee630d460b2","name":"Victor Pou","image":{"@type":"ImageObject","inLanguage":"es","@id":"https:\/\/conversesacatalunya.cat\/#\/schema\/person\/image\/","url":"https:\/\/conversesacatalunya.cat\/wp-content\/litespeed\/avatar\/b9b32a5f987117ce72836d050f735d2b.jpg?ver=1777366285","contentUrl":"https:\/\/conversesacatalunya.cat\/wp-content\/litespeed\/avatar\/b9b32a5f987117ce72836d050f735d2b.jpg?ver=1777366285","caption":"Victor Pou"},"url":"https:\/\/conversesacatalunya.cat\/es\/author\/victor_pou\/"}]}},"wps_subtitle":"De los 750.000 millones de euros, 140.000 corresponden a Espa\u00f1a","_links":{"self":[{"href":"https:\/\/conversesacatalunya.cat\/es\/wp-json\/wp\/v2\/posts\/36789","targetHints":{"allow":["GET"]}}],"collection":[{"href":"https:\/\/conversesacatalunya.cat\/es\/wp-json\/wp\/v2\/posts"}],"about":[{"href":"https:\/\/conversesacatalunya.cat\/es\/wp-json\/wp\/v2\/types\/post"}],"author":[{"embeddable":true,"href":"https:\/\/conversesacatalunya.cat\/es\/wp-json\/wp\/v2\/users\/38"}],"replies":[{"embeddable":true,"href":"https:\/\/conversesacatalunya.cat\/es\/wp-json\/wp\/v2\/comments?post=36789"}],"version-history":[{"count":4,"href":"https:\/\/conversesacatalunya.cat\/es\/wp-json\/wp\/v2\/posts\/36789\/revisions"}],"predecessor-version":[{"id":36943,"href":"https:\/\/conversesacatalunya.cat\/es\/wp-json\/wp\/v2\/posts\/36789\/revisions\/36943"}],"wp:featuredmedia":[{"embeddable":true,"href":"https:\/\/conversesacatalunya.cat\/es\/wp-json\/wp\/v2\/media\/36786"}],"wp:attachment":[{"href":"https:\/\/conversesacatalunya.cat\/es\/wp-json\/wp\/v2\/media?parent=36789"}],"wp:term":[{"taxonomy":"category","embeddable":true,"href":"https:\/\/conversesacatalunya.cat\/es\/wp-json\/wp\/v2\/categories?post=36789"},{"taxonomy":"post_tag","embeddable":true,"href":"https:\/\/conversesacatalunya.cat\/es\/wp-json\/wp\/v2\/tags?post=36789"}],"curies":[{"name":"wp","href":"https:\/\/api.w.org\/{rel}","templated":true}]}}