{"id":36730,"date":"2020-05-29T12:58:36","date_gmt":"2020-05-29T10:58:36","guid":{"rendered":"https:\/\/conversesacatalunya.cat\/colau-i-nissan-no-es-possible-repicar-i-anar-a-la-processo\/"},"modified":"2020-05-29T13:35:06","modified_gmt":"2020-05-29T11:35:06","slug":"colau-y-nissan-no-se-puede-repicar-e-ir-a-la-procesion","status":"publish","type":"post","link":"https:\/\/conversesacatalunya.cat\/es\/colau-y-nissan-no-se-puede-repicar-e-ir-a-la-procesion\/","title":{"rendered":"Colau y Nissan. No se puede repicar e ir a la procesi\u00f3n"},"content":{"rendered":"<p>Hay un dicho catal\u00e1n que afirma que no es posible repicar las campanas y al mismo tiempo participar en la procesi\u00f3n. Es una manera de subrayar que no se pueden mantener dos posiciones diferentes. Y ese es el problema y la responsabilidad de<strong> Ada Colau<\/strong> con el drama de Nissan.<\/p>\n<p>Desde el Ayuntamiento han hecho todo lo posible por se\u00f1alar al veh\u00edculo privado como el gran enemigo a batir, hasta el extremo que no hace tantos d\u00edas que la segunda teniente de alcalde, <strong>Janet Sanz<\/strong>, <a href=\"https:\/\/conversesacatalunya.cat\/es\/colau-y-su-peligroso-juego-contra-el-vehiculo-privado\/\" target=\"_blank\" rel=\"noopener noreferrer\">argumentaba<\/a> que era necesario aprovechar la crisis del sector del autom\u00f3vil para que no recuper\u00e1ramos la situaci\u00f3n anterior, y esto lo dec\u00eda en plena crisis, porque hace mucho tiempo que est\u00e1 anunciada, la de <strong>Nissan<\/strong>.<\/p>\n<p>Adem\u00e1s de las decisiones siempre descarnadas de las grandes multinacionales, ha pesado mucho la frivolidad y falta de capacidad de nuestros gobernantes. Hay que recordar que el pasado mes de enero el presidente <strong>S\u00e1nchez<\/strong> declar\u00f3 que el tema de Nissan estaba resuelto.<\/p>\n<p>Pero no hay que ir tan lejos en el tiempo. Ni siquiera hay que retroceder a las recientes declaraciones de la teniente de alcalde. La propia <strong>alcaldesa, en una entrevista de La Vanguardia del pasado domingo<\/strong> 24 de mayo, justo cuando estaba en puertas la decisi\u00f3n final de la multinacional japonesa, se abalanzaba una vez m\u00e1s contra el coche y hac\u00eda de Barcelona la ciudad bandera contra el veh\u00edculo privado. Ciertamente, una ense\u00f1a nada atractiva para los fabricantes de veh\u00edculos. Aseguraba que <span style=\"display: inline !important; float: none; background-color: #ffffff; color: #333333; cursor: text; font-family: -apple-system,BlinkMacSystemFont,'Segoe UI',Roboto,Oxygen-Sans,Ubuntu,Cantarell,'Helvetica Neue',sans-serif; font-size: 16px; font-style: normal; font-variant: normal; font-weight: 400; letter-spacing: normal; orphans: 2; text-align: left; text-decoration: none; text-indent: 0px; text-transform: none; -webkit-text-stroke-width: 0px; white-space: normal; word-spacing: 0px;\">har\u00eda el tranv\u00eda<\/span> \u00aba toda costa\u00bb y, por tanto, dejar\u00eda colapsada la Diagonal. Ni siquiera le importa que su coste se multiplique porque tenga que rescatar la actual concesionaria privada porque, argumenta la alcaldesa, \u00abno se puede ir con criterios de financiaci\u00f3n anteriores a los de la crisis\u00bb.<\/p>\n<p>La alcaldesa hace una ecuaci\u00f3n directa entre la contaminaci\u00f3n inaceptable, cuesti\u00f3n en la que tiene toda la raz\u00f3n del mundo, y el veh\u00edculo privado. Y prescindiendo de cualquier otra consideraci\u00f3n, cree que en Barcelona este medio de transporte est\u00e1 sobrerrepresentado y que hay que reducir su presencia, mejorar el transporte p\u00fablico, cosa siempre recomendable y, por supuesto, la inefable bicicleta, que apenas soporta el 2% los desplazamientos.<\/p>\n<p>Cuando el periodista le argumenta que el transporte p\u00fablico es un foco de mayor peligro por el Covid-19, Colau lo destierra a base de asegurar que hay que evitar aglomeraciones y que la situaci\u00f3n ser\u00e1 transitoria. \u00bfC\u00f3mo evitar aglomeraciones si al mismo tiempo se quiere reducir el veh\u00edculo privado? \u00bfC\u00f3mo evitar el transporte colapsado en horas punta si se reducen los coches? Y sobre la transitoriedad, hay que decir que durar\u00e1 al menos un a\u00f1o y medio. \u00bfQu\u00e9 pasar\u00e1 con la econom\u00eda de la ciudad si en oto\u00f1o o si en una l\u00ednea de transporte por congesti\u00f3n se producen rebrotes? \u00bfC\u00f3mo resolver\u00e1 los problemas ocasionados por las calles donde se ha reducido hasta el absurdo el tr\u00e1fico de coches?<\/p>\n<p>Todo este mont\u00f3n de contradicciones, fruto de una animadversi\u00f3n irracional, no eran una buena carta de presentaci\u00f3n para que Nissan Barcelona fuera una excepci\u00f3n a la reducci\u00f3n de plantas de la multinacional. En lugar de preocuparse tanto de la sobrerrepresentaci\u00f3n del coche, si lo que le preocupa realmente es la contaminaci\u00f3n, tendr\u00eda que dirigir el foco no a medidas que aumentar\u00e1n la congesti\u00f3n del tr\u00e1fico, sino a actuar sobre el grueso que<strong> genera una tercera parte del impacto ambiental<\/strong> y que son los medios de transporte de mercanc\u00edas en la ciudad y los taxis, racionalizando su actividad y sobre todo incentivando su transformaci\u00f3n en veh\u00edculos el\u00e9ctricos.<\/p>\n<p>Colau no es evidentemente la culpable del grave impacto que representa el cierre de Nissan, pero ciertamente ha sido una colaboradora constante y de primera l\u00ednea para <strong>hacer antag\u00f3nico el nombre de Barcelona y la fabricaci\u00f3n de coches<\/strong>.<\/p>\n<span class='bctt-click-to-tweet'><span class='bctt-ctt-text'><a href='https:\/\/twitter.com\/intent\/tweet?url=https%3A%2F%2Fconversesacatalunya.cat%2Fes%2Fcolau-y-nissan-no-se-puede-repicar-e-ir-a-la-procesion%2F&#038;text=Colau%20no%20es%20evidentemente%20la%20culpable%20del%20grave%20impacto%20que%20representa%20el%20cierre%20de%20Nissan%2C%20pero%20ciertamente%20ha%20sido%20una%20colaboradora%20constante&#038;via=conversesacat&#038;related=conversesacat' target='_blank'rel=\"noopener noreferrer\">Colau no es evidentemente la culpable del grave impacto que representa el cierre de Nissan, pero ciertamente ha sido una colaboradora constante <\/a><\/span><a href='https:\/\/twitter.com\/intent\/tweet?url=https%3A%2F%2Fconversesacatalunya.cat%2Fes%2Fcolau-y-nissan-no-se-puede-repicar-e-ir-a-la-procesion%2F&#038;text=Colau%20no%20es%20evidentemente%20la%20culpable%20del%20grave%20impacto%20que%20representa%20el%20cierre%20de%20Nissan%2C%20pero%20ciertamente%20ha%20sido%20una%20colaboradora%20constante&#038;via=conversesacat&#038;related=conversesacat' target='_blank' class='bctt-ctt-btn'rel=\"noopener noreferrer\">Compartir en X<\/a><\/span>\n<div id=\"polls-52\" class=\"wp-polls\">\n\t<form id=\"polls_form_52\" class=\"wp-polls-form\" action=\"\/index.php\" method=\"post\">\n\t\t<p style=\"display: none;\"><input type=\"hidden\" id=\"poll_52_nonce\" name=\"wp-polls-nonce\" value=\"476974c93e\" \/><\/p>\n\t\t<p style=\"display: none;\"><input type=\"hidden\" name=\"poll_id\" value=\"52\" \/><\/p>\n\t\t<p style=\"text-align: center\"><strong>Creus que s\u00f3n fiables les xifres sobre la Covid-19 que dona el Departament de Sanitat de la Generalitat de Catalunya?<\/strong><\/p><div id=\"polls-52-ans\" class=\"wp-polls-ans\"><ul class=\"wp-polls-ul\">\n\t\t<li><input type=\"radio\" id=\"poll-answer-110\" name=\"poll_52\" value=\"110\" \/> <label for=\"poll-answer-110\">Si<\/label><\/li>\n\t\t<li><input type=\"radio\" id=\"poll-answer-111\" name=\"poll_52\" value=\"111\" \/> <label for=\"poll-answer-111\">No<\/label><\/li>\n\t\t<\/ul><p style=\"text-align: center\"><input type=\"button\" name=\"vote\" value=\"   Vota   \" class=\"Buttons\" onclick=\"poll_vote(52);\" \/><\/p><p style=\"text-align: center\"><a href=\"#ViewPollResults\" onclick=\"poll_result(52); return false;\" title=\"View Results Of This Poll\">Mira els resultats<\/a><\/p><\/div>\n\t<\/form>\n<\/div>\n<div id=\"polls-52-loading\" class=\"wp-polls-loading\"><img decoding=\"async\" data-src=\"https:\/\/conversesacatalunya.cat\/wp-content\/plugins\/wp-polls\/images\/loading.gif\" width=\"16\" height=\"16\" alt=\"Cargando ...\" title=\"Cargando ...\" class=\"wp-polls-image lazyload\" src=\"data:image\/svg+xml;base64,PHN2ZyB3aWR0aD0iMSIgaGVpZ2h0PSIxIiB4bWxucz0iaHR0cDovL3d3dy53My5vcmcvMjAwMC9zdmciPjwvc3ZnPg==\" style=\"--smush-placeholder-width: 16px; --smush-placeholder-aspect-ratio: 16\/16;\" \/>&nbsp;Cargando ...<\/div>\n\n","protected":false},"excerpt":{"rendered":"<p>Hay un dicho catal\u00e1n que afirma que no es posible repicar las campanas y al mismo tiempo participar en la procesi\u00f3n. Es una manera de subrayar que no se pueden mantener dos posiciones diferentes. Y ese es el problema y la responsabilidad de Ada Colau con el drama de Nissan. Desde el Ayuntamiento han hecho todo lo posible por se\u00f1alar al veh\u00edculo privado como el gran enemigo a batir, hasta el extremo que no hace tantos d\u00edas que la segunda teniente de alcalde, Janet Sanz, argumentaba que era necesario aprovechar la crisis del sector del autom\u00f3vil para que no recuper\u00e1ramos la situaci\u00f3n anterior, y esto lo dec\u00eda en plena crisis, porque hace mucho tiempo que est\u00e1 anunciada, la de Nissan. Adem\u00e1s de las decisiones siempre descarnadas de las grandes multinacionales, ha pesado mucho la frivolidad y falta de capacidad de nuestros gobernantes. Hay que recordar que el pasado mes de enero el presidente S\u00e1nchez declar\u00f3 que el tema de Nissan estaba resuelto. Pero no hay que ir tan lejos en el tiempo. Ni siquiera hay que retroceder a las recientes declaraciones de la teniente de alcalde. La propia alcaldesa, en una entrevista de La Vanguardia del pasado domingo 24 de mayo, justo cuando estaba en puertas la decisi\u00f3n final de la multinacional japonesa, se abalanzaba una vez m\u00e1s contra el coche y hac\u00eda de Barcelona la ciudad bandera contra el veh\u00edculo privado. Ciertamente, una ense\u00f1a nada atractiva para los fabricantes de veh\u00edculos. Aseguraba que har\u00eda el tranv\u00eda \u00aba toda costa\u00bb y, por tanto, dejar\u00eda colapsada la Diagonal. Ni siquiera le importa que su coste se multiplique porque tenga que rescatar la actual concesionaria privada porque, argumenta la alcaldesa, \u00abno se puede ir con criterios de financiaci\u00f3n anteriores a los de la crisis\u00bb. La alcaldesa hace una ecuaci\u00f3n directa entre la contaminaci\u00f3n inaceptable, cuesti\u00f3n en la que tiene toda la raz\u00f3n del mundo, y el veh\u00edculo privado. Y prescindiendo de cualquier otra consideraci\u00f3n, cree que en Barcelona este medio de transporte est\u00e1 sobrerrepresentado y que hay que reducir su presencia, mejorar el transporte p\u00fablico, cosa siempre recomendable y, por supuesto, la inefable bicicleta, que apenas soporta el 2% los desplazamientos. Cuando el periodista le argumenta que el transporte p\u00fablico es un foco de mayor peligro por el Covid-19, Colau lo destierra a base de asegurar que hay que evitar aglomeraciones y que la situaci\u00f3n ser\u00e1 transitoria. \u00bfC\u00f3mo evitar aglomeraciones si al mismo tiempo se quiere reducir el veh\u00edculo privado? \u00bfC\u00f3mo evitar el transporte colapsado en horas punta si se reducen los coches? Y sobre la transitoriedad, hay que decir que durar\u00e1 al menos un a\u00f1o y medio. \u00bfQu\u00e9 pasar\u00e1 con la econom\u00eda de la ciudad si en oto\u00f1o o si en una l\u00ednea de transporte por congesti\u00f3n se producen rebrotes? \u00bfC\u00f3mo resolver\u00e1 los problemas ocasionados por las calles donde se ha reducido hasta el absurdo el tr\u00e1fico de coches? Todo este mont\u00f3n de contradicciones, fruto de una animadversi\u00f3n irracional, no eran una buena carta de presentaci\u00f3n para que Nissan Barcelona fuera una excepci\u00f3n a la reducci\u00f3n de plantas de la multinacional. En lugar de preocuparse tanto de la sobrerrepresentaci\u00f3n del coche, si lo que le preocupa realmente es la contaminaci\u00f3n, tendr\u00eda que dirigir el foco no a medidas que aumentar\u00e1n la congesti\u00f3n del tr\u00e1fico, sino a actuar sobre el grueso que genera una tercera parte del impacto ambiental y que son los medios de transporte de mercanc\u00edas en la ciudad y los taxis, racionalizando su actividad y sobre todo incentivando su transformaci\u00f3n en veh\u00edculos el\u00e9ctricos. Colau no es evidentemente la culpable del grave impacto que representa el cierre de Nissan, pero ciertamente ha sido una colaboradora constante y de primera l\u00ednea para hacer antag\u00f3nico el nombre de Barcelona y la fabricaci\u00f3n de coches.<\/p>\n","protected":false},"author":2,"featured_media":36723,"comment_status":"open","ping_status":"open","sticky":false,"template":"","format":"standard","meta":{"_FSMCFIC_featured_image_caption":"","_FSMCFIC_featured_image_nocaption":"","_FSMCFIC_featured_image_hide":"","footnotes":""},"categories":[3787,806],"tags":[831,1572],"class_list":["post-36730","post","type-post","status-publish","format-standard","has-post-thumbnail","hentry","category-expedient-barcelona-es","category-punts-claus-del-dia-es","tag-economia-es","tag-nissan-es"],"yoast_head":"<!-- This site is optimized with the Yoast SEO plugin v26.8 - https:\/\/yoast.com\/product\/yoast-seo-wordpress\/ -->\n<title>Colau y Nissan. No se puede repicar e ir a la procesi\u00f3n - Converses a Catalunya<\/title>\n<meta name=\"robots\" content=\"index, follow, max-snippet:-1, max-image-preview:large, max-video-preview:-1\" \/>\n<link rel=\"canonical\" href=\"https:\/\/conversesacatalunya.cat\/es\/colau-y-nissan-no-se-puede-repicar-e-ir-a-la-procesion\/\" \/>\n<meta property=\"og:locale\" content=\"es_ES\" \/>\n<meta property=\"og:type\" content=\"article\" \/>\n<meta property=\"og:title\" content=\"Colau y Nissan. No se puede repicar e ir a la procesi\u00f3n - Converses a Catalunya\" \/>\n<meta property=\"og:description\" content=\"Hay un dicho catal\u00e1n que afirma que no es posible repicar las campanas y al mismo tiempo participar en la procesi\u00f3n. Es una manera de subrayar que no se pueden mantener dos posiciones diferentes. Y ese es el problema y la responsabilidad de Ada Colau con el drama de Nissan. Desde el Ayuntamiento han hecho todo lo posible por se\u00f1alar al veh\u00edculo privado como el gran enemigo a batir, hasta el extremo que no hace tantos d\u00edas que la segunda teniente de alcalde, Janet Sanz, argumentaba que era necesario aprovechar la crisis del sector del autom\u00f3vil para que no recuper\u00e1ramos la situaci\u00f3n anterior, y esto lo dec\u00eda en plena crisis, porque hace mucho tiempo que est\u00e1 anunciada, la de Nissan. Adem\u00e1s de las decisiones siempre descarnadas de las grandes multinacionales, ha pesado mucho la frivolidad y falta de capacidad de nuestros gobernantes. Hay que recordar que el pasado mes de enero el presidente S\u00e1nchez declar\u00f3 que el tema de Nissan estaba resuelto. Pero no hay que ir tan lejos en el tiempo. Ni siquiera hay que retroceder a las recientes declaraciones de la teniente de alcalde. La propia alcaldesa, en una entrevista de La Vanguardia del pasado domingo 24 de mayo, justo cuando estaba en puertas la decisi\u00f3n final de la multinacional japonesa, se abalanzaba una vez m\u00e1s contra el coche y hac\u00eda de Barcelona la ciudad bandera contra el veh\u00edculo privado. Ciertamente, una ense\u00f1a nada atractiva para los fabricantes de veh\u00edculos. Aseguraba que har\u00eda el tranv\u00eda \u00aba toda costa\u00bb y, por tanto, dejar\u00eda colapsada la Diagonal. Ni siquiera le importa que su coste se multiplique porque tenga que rescatar la actual concesionaria privada porque, argumenta la alcaldesa, \u00abno se puede ir con criterios de financiaci\u00f3n anteriores a los de la crisis\u00bb. La alcaldesa hace una ecuaci\u00f3n directa entre la contaminaci\u00f3n inaceptable, cuesti\u00f3n en la que tiene toda la raz\u00f3n del mundo, y el veh\u00edculo privado. Y prescindiendo de cualquier otra consideraci\u00f3n, cree que en Barcelona este medio de transporte est\u00e1 sobrerrepresentado y que hay que reducir su presencia, mejorar el transporte p\u00fablico, cosa siempre recomendable y, por supuesto, la inefable bicicleta, que apenas soporta el 2% los desplazamientos. Cuando el periodista le argumenta que el transporte p\u00fablico es un foco de mayor peligro por el Covid-19, Colau lo destierra a base de asegurar que hay que evitar aglomeraciones y que la situaci\u00f3n ser\u00e1 transitoria. \u00bfC\u00f3mo evitar aglomeraciones si al mismo tiempo se quiere reducir el veh\u00edculo privado? \u00bfC\u00f3mo evitar el transporte colapsado en horas punta si se reducen los coches? Y sobre la transitoriedad, hay que decir que durar\u00e1 al menos un a\u00f1o y medio. \u00bfQu\u00e9 pasar\u00e1 con la econom\u00eda de la ciudad si en oto\u00f1o o si en una l\u00ednea de transporte por congesti\u00f3n se producen rebrotes? \u00bfC\u00f3mo resolver\u00e1 los problemas ocasionados por las calles donde se ha reducido hasta el absurdo el tr\u00e1fico de coches? Todo este mont\u00f3n de contradicciones, fruto de una animadversi\u00f3n irracional, no eran una buena carta de presentaci\u00f3n para que Nissan Barcelona fuera una excepci\u00f3n a la reducci\u00f3n de plantas de la multinacional. En lugar de preocuparse tanto de la sobrerrepresentaci\u00f3n del coche, si lo que le preocupa realmente es la contaminaci\u00f3n, tendr\u00eda que dirigir el foco no a medidas que aumentar\u00e1n la congesti\u00f3n del tr\u00e1fico, sino a actuar sobre el grueso que genera una tercera parte del impacto ambiental y que son los medios de transporte de mercanc\u00edas en la ciudad y los taxis, racionalizando su actividad y sobre todo incentivando su transformaci\u00f3n en veh\u00edculos el\u00e9ctricos. Colau no es evidentemente la culpable del grave impacto que representa el cierre de Nissan, pero ciertamente ha sido una colaboradora constante y de primera l\u00ednea para hacer antag\u00f3nico el nombre de Barcelona y la fabricaci\u00f3n de coches.\" \/>\n<meta property=\"og:url\" content=\"https:\/\/conversesacatalunya.cat\/es\/colau-y-nissan-no-se-puede-repicar-e-ir-a-la-procesion\/\" \/>\n<meta property=\"og:site_name\" content=\"Converses a Catalunya\" \/>\n<meta property=\"article:published_time\" content=\"2020-05-29T10:58:36+00:00\" \/>\n<meta property=\"article:modified_time\" content=\"2020-05-29T11:35:06+00:00\" \/>\n<meta property=\"og:image\" content=\"https:\/\/conversesacatalunya.cat\/wp-content\/uploads\/2020\/05\/nissan.jpg\" \/>\n\t<meta property=\"og:image:width\" content=\"1200\" \/>\n\t<meta property=\"og:image:height\" content=\"675\" \/>\n\t<meta property=\"og:image:type\" content=\"image\/jpeg\" \/>\n<meta name=\"author\" content=\"conversesacatalunya\" \/>\n<meta name=\"twitter:card\" content=\"summary_large_image\" \/>\n<meta name=\"twitter:label1\" content=\"Escrito por\" \/>\n\t<meta name=\"twitter:data1\" content=\"conversesacatalunya\" \/>\n\t<meta name=\"twitter:label2\" content=\"Tiempo de lectura\" \/>\n\t<meta name=\"twitter:data2\" content=\"4 minutos\" \/>\n<script type=\"application\/ld+json\" class=\"yoast-schema-graph\">{\"@context\":\"https:\/\/schema.org\",\"@graph\":[{\"@type\":\"Article\",\"@id\":\"https:\/\/conversesacatalunya.cat\/es\/colau-y-nissan-no-se-puede-repicar-e-ir-a-la-procesion\/#article\",\"isPartOf\":{\"@id\":\"https:\/\/conversesacatalunya.cat\/es\/colau-y-nissan-no-se-puede-repicar-e-ir-a-la-procesion\/\"},\"author\":{\"name\":\"conversesacatalunya\",\"@id\":\"https:\/\/conversesacatalunya.cat\/#\/schema\/person\/7e24d1e54a2785373ddcb275eae5ed99\"},\"headline\":\"Colau y Nissan. No se puede repicar e ir a la procesi\u00f3n\",\"datePublished\":\"2020-05-29T10:58:36+00:00\",\"dateModified\":\"2020-05-29T11:35:06+00:00\",\"mainEntityOfPage\":{\"@id\":\"https:\/\/conversesacatalunya.cat\/es\/colau-y-nissan-no-se-puede-repicar-e-ir-a-la-procesion\/\"},\"wordCount\":719,\"commentCount\":0,\"image\":{\"@id\":\"https:\/\/conversesacatalunya.cat\/es\/colau-y-nissan-no-se-puede-repicar-e-ir-a-la-procesion\/#primaryimage\"},\"thumbnailUrl\":\"https:\/\/conversesacatalunya.cat\/wp-content\/uploads\/2020\/05\/nissan.jpg\",\"keywords\":[\"Economia\",\"Nissan\"],\"articleSection\":[\"Expedient Barcelona (ES)\",\"Punts clau del dia (ES)\"],\"inLanguage\":\"es\",\"potentialAction\":[{\"@type\":\"CommentAction\",\"name\":\"Comment\",\"target\":[\"https:\/\/conversesacatalunya.cat\/es\/colau-y-nissan-no-se-puede-repicar-e-ir-a-la-procesion\/#respond\"]}]},{\"@type\":\"WebPage\",\"@id\":\"https:\/\/conversesacatalunya.cat\/es\/colau-y-nissan-no-se-puede-repicar-e-ir-a-la-procesion\/\",\"url\":\"https:\/\/conversesacatalunya.cat\/es\/colau-y-nissan-no-se-puede-repicar-e-ir-a-la-procesion\/\",\"name\":\"Colau y Nissan. No se puede repicar e ir a la procesi\u00f3n - Converses a Catalunya\",\"isPartOf\":{\"@id\":\"https:\/\/conversesacatalunya.cat\/#website\"},\"primaryImageOfPage\":{\"@id\":\"https:\/\/conversesacatalunya.cat\/es\/colau-y-nissan-no-se-puede-repicar-e-ir-a-la-procesion\/#primaryimage\"},\"image\":{\"@id\":\"https:\/\/conversesacatalunya.cat\/es\/colau-y-nissan-no-se-puede-repicar-e-ir-a-la-procesion\/#primaryimage\"},\"thumbnailUrl\":\"https:\/\/conversesacatalunya.cat\/wp-content\/uploads\/2020\/05\/nissan.jpg\",\"datePublished\":\"2020-05-29T10:58:36+00:00\",\"dateModified\":\"2020-05-29T11:35:06+00:00\",\"author\":{\"@id\":\"https:\/\/conversesacatalunya.cat\/#\/schema\/person\/7e24d1e54a2785373ddcb275eae5ed99\"},\"breadcrumb\":{\"@id\":\"https:\/\/conversesacatalunya.cat\/es\/colau-y-nissan-no-se-puede-repicar-e-ir-a-la-procesion\/#breadcrumb\"},\"inLanguage\":\"es\",\"potentialAction\":[{\"@type\":\"ReadAction\",\"target\":[\"https:\/\/conversesacatalunya.cat\/es\/colau-y-nissan-no-se-puede-repicar-e-ir-a-la-procesion\/\"]}]},{\"@type\":\"ImageObject\",\"inLanguage\":\"es\",\"@id\":\"https:\/\/conversesacatalunya.cat\/es\/colau-y-nissan-no-se-puede-repicar-e-ir-a-la-procesion\/#primaryimage\",\"url\":\"https:\/\/conversesacatalunya.cat\/wp-content\/uploads\/2020\/05\/nissan.jpg\",\"contentUrl\":\"https:\/\/conversesacatalunya.cat\/wp-content\/uploads\/2020\/05\/nissan.jpg\",\"width\":1200,\"height\":675,\"caption\":\"Nissan\"},{\"@type\":\"BreadcrumbList\",\"@id\":\"https:\/\/conversesacatalunya.cat\/es\/colau-y-nissan-no-se-puede-repicar-e-ir-a-la-procesion\/#breadcrumb\",\"itemListElement\":[{\"@type\":\"ListItem\",\"position\":1,\"name\":\"Inici\",\"item\":\"https:\/\/conversesacatalunya.cat\/es\/\"},{\"@type\":\"ListItem\",\"position\":2,\"name\":\"Colau y Nissan. No se puede repicar e ir a la procesi\u00f3n\"}]},{\"@type\":\"WebSite\",\"@id\":\"https:\/\/conversesacatalunya.cat\/#website\",\"url\":\"https:\/\/conversesacatalunya.cat\/\",\"name\":\"Converses a Catalunya\",\"description\":\"\",\"potentialAction\":[{\"@type\":\"SearchAction\",\"target\":{\"@type\":\"EntryPoint\",\"urlTemplate\":\"https:\/\/conversesacatalunya.cat\/?s={search_term_string}\"},\"query-input\":{\"@type\":\"PropertyValueSpecification\",\"valueRequired\":true,\"valueName\":\"search_term_string\"}}],\"inLanguage\":\"es\"},{\"@type\":\"Person\",\"@id\":\"https:\/\/conversesacatalunya.cat\/#\/schema\/person\/7e24d1e54a2785373ddcb275eae5ed99\",\"name\":\"conversesacatalunya\",\"image\":{\"@type\":\"ImageObject\",\"inLanguage\":\"es\",\"@id\":\"https:\/\/conversesacatalunya.cat\/#\/schema\/person\/image\/\",\"url\":\"https:\/\/conversesacatalunya.cat\/wp-content\/litespeed\/avatar\/febdfeeec89d950f01c748045a981dd2.jpg?ver=1777314535\",\"contentUrl\":\"https:\/\/conversesacatalunya.cat\/wp-content\/litespeed\/avatar\/febdfeeec89d950f01c748045a981dd2.jpg?ver=1777314535\",\"caption\":\"conversesacatalunya\"},\"url\":\"https:\/\/conversesacatalunya.cat\/es\/author\/carme_catala\/\"}]}<\/script>\n<!-- \/ Yoast SEO plugin. -->","yoast_head_json":{"title":"Colau y Nissan. No se puede repicar e ir a la procesi\u00f3n - Converses a Catalunya","robots":{"index":"index","follow":"follow","max-snippet":"max-snippet:-1","max-image-preview":"max-image-preview:large","max-video-preview":"max-video-preview:-1"},"canonical":"https:\/\/conversesacatalunya.cat\/es\/colau-y-nissan-no-se-puede-repicar-e-ir-a-la-procesion\/","og_locale":"es_ES","og_type":"article","og_title":"Colau y Nissan. No se puede repicar e ir a la procesi\u00f3n - Converses a Catalunya","og_description":"Hay un dicho catal\u00e1n que afirma que no es posible repicar las campanas y al mismo tiempo participar en la procesi\u00f3n. Es una manera de subrayar que no se pueden mantener dos posiciones diferentes. Y ese es el problema y la responsabilidad de Ada Colau con el drama de Nissan. Desde el Ayuntamiento han hecho todo lo posible por se\u00f1alar al veh\u00edculo privado como el gran enemigo a batir, hasta el extremo que no hace tantos d\u00edas que la segunda teniente de alcalde, Janet Sanz, argumentaba que era necesario aprovechar la crisis del sector del autom\u00f3vil para que no recuper\u00e1ramos la situaci\u00f3n anterior, y esto lo dec\u00eda en plena crisis, porque hace mucho tiempo que est\u00e1 anunciada, la de Nissan. Adem\u00e1s de las decisiones siempre descarnadas de las grandes multinacionales, ha pesado mucho la frivolidad y falta de capacidad de nuestros gobernantes. Hay que recordar que el pasado mes de enero el presidente S\u00e1nchez declar\u00f3 que el tema de Nissan estaba resuelto. Pero no hay que ir tan lejos en el tiempo. Ni siquiera hay que retroceder a las recientes declaraciones de la teniente de alcalde. La propia alcaldesa, en una entrevista de La Vanguardia del pasado domingo 24 de mayo, justo cuando estaba en puertas la decisi\u00f3n final de la multinacional japonesa, se abalanzaba una vez m\u00e1s contra el coche y hac\u00eda de Barcelona la ciudad bandera contra el veh\u00edculo privado. Ciertamente, una ense\u00f1a nada atractiva para los fabricantes de veh\u00edculos. Aseguraba que har\u00eda el tranv\u00eda \u00aba toda costa\u00bb y, por tanto, dejar\u00eda colapsada la Diagonal. Ni siquiera le importa que su coste se multiplique porque tenga que rescatar la actual concesionaria privada porque, argumenta la alcaldesa, \u00abno se puede ir con criterios de financiaci\u00f3n anteriores a los de la crisis\u00bb. La alcaldesa hace una ecuaci\u00f3n directa entre la contaminaci\u00f3n inaceptable, cuesti\u00f3n en la que tiene toda la raz\u00f3n del mundo, y el veh\u00edculo privado. Y prescindiendo de cualquier otra consideraci\u00f3n, cree que en Barcelona este medio de transporte est\u00e1 sobrerrepresentado y que hay que reducir su presencia, mejorar el transporte p\u00fablico, cosa siempre recomendable y, por supuesto, la inefable bicicleta, que apenas soporta el 2% los desplazamientos. Cuando el periodista le argumenta que el transporte p\u00fablico es un foco de mayor peligro por el Covid-19, Colau lo destierra a base de asegurar que hay que evitar aglomeraciones y que la situaci\u00f3n ser\u00e1 transitoria. \u00bfC\u00f3mo evitar aglomeraciones si al mismo tiempo se quiere reducir el veh\u00edculo privado? \u00bfC\u00f3mo evitar el transporte colapsado en horas punta si se reducen los coches? Y sobre la transitoriedad, hay que decir que durar\u00e1 al menos un a\u00f1o y medio. \u00bfQu\u00e9 pasar\u00e1 con la econom\u00eda de la ciudad si en oto\u00f1o o si en una l\u00ednea de transporte por congesti\u00f3n se producen rebrotes? \u00bfC\u00f3mo resolver\u00e1 los problemas ocasionados por las calles donde se ha reducido hasta el absurdo el tr\u00e1fico de coches? Todo este mont\u00f3n de contradicciones, fruto de una animadversi\u00f3n irracional, no eran una buena carta de presentaci\u00f3n para que Nissan Barcelona fuera una excepci\u00f3n a la reducci\u00f3n de plantas de la multinacional. En lugar de preocuparse tanto de la sobrerrepresentaci\u00f3n del coche, si lo que le preocupa realmente es la contaminaci\u00f3n, tendr\u00eda que dirigir el foco no a medidas que aumentar\u00e1n la congesti\u00f3n del tr\u00e1fico, sino a actuar sobre el grueso que genera una tercera parte del impacto ambiental y que son los medios de transporte de mercanc\u00edas en la ciudad y los taxis, racionalizando su actividad y sobre todo incentivando su transformaci\u00f3n en veh\u00edculos el\u00e9ctricos. Colau no es evidentemente la culpable del grave impacto que representa el cierre de Nissan, pero ciertamente ha sido una colaboradora constante y de primera l\u00ednea para hacer antag\u00f3nico el nombre de Barcelona y la fabricaci\u00f3n de coches.","og_url":"https:\/\/conversesacatalunya.cat\/es\/colau-y-nissan-no-se-puede-repicar-e-ir-a-la-procesion\/","og_site_name":"Converses a Catalunya","article_published_time":"2020-05-29T10:58:36+00:00","article_modified_time":"2020-05-29T11:35:06+00:00","og_image":[{"width":1200,"height":675,"url":"https:\/\/conversesacatalunya.cat\/wp-content\/uploads\/2020\/05\/nissan.jpg","type":"image\/jpeg"}],"author":"conversesacatalunya","twitter_card":"summary_large_image","twitter_misc":{"Escrito por":"conversesacatalunya","Tiempo de lectura":"4 minutos"},"schema":{"@context":"https:\/\/schema.org","@graph":[{"@type":"Article","@id":"https:\/\/conversesacatalunya.cat\/es\/colau-y-nissan-no-se-puede-repicar-e-ir-a-la-procesion\/#article","isPartOf":{"@id":"https:\/\/conversesacatalunya.cat\/es\/colau-y-nissan-no-se-puede-repicar-e-ir-a-la-procesion\/"},"author":{"name":"conversesacatalunya","@id":"https:\/\/conversesacatalunya.cat\/#\/schema\/person\/7e24d1e54a2785373ddcb275eae5ed99"},"headline":"Colau y Nissan. No se puede repicar e ir a la procesi\u00f3n","datePublished":"2020-05-29T10:58:36+00:00","dateModified":"2020-05-29T11:35:06+00:00","mainEntityOfPage":{"@id":"https:\/\/conversesacatalunya.cat\/es\/colau-y-nissan-no-se-puede-repicar-e-ir-a-la-procesion\/"},"wordCount":719,"commentCount":0,"image":{"@id":"https:\/\/conversesacatalunya.cat\/es\/colau-y-nissan-no-se-puede-repicar-e-ir-a-la-procesion\/#primaryimage"},"thumbnailUrl":"https:\/\/conversesacatalunya.cat\/wp-content\/uploads\/2020\/05\/nissan.jpg","keywords":["Economia","Nissan"],"articleSection":["Expedient Barcelona (ES)","Punts clau del dia (ES)"],"inLanguage":"es","potentialAction":[{"@type":"CommentAction","name":"Comment","target":["https:\/\/conversesacatalunya.cat\/es\/colau-y-nissan-no-se-puede-repicar-e-ir-a-la-procesion\/#respond"]}]},{"@type":"WebPage","@id":"https:\/\/conversesacatalunya.cat\/es\/colau-y-nissan-no-se-puede-repicar-e-ir-a-la-procesion\/","url":"https:\/\/conversesacatalunya.cat\/es\/colau-y-nissan-no-se-puede-repicar-e-ir-a-la-procesion\/","name":"Colau y Nissan. No se puede repicar e ir a la procesi\u00f3n - Converses a Catalunya","isPartOf":{"@id":"https:\/\/conversesacatalunya.cat\/#website"},"primaryImageOfPage":{"@id":"https:\/\/conversesacatalunya.cat\/es\/colau-y-nissan-no-se-puede-repicar-e-ir-a-la-procesion\/#primaryimage"},"image":{"@id":"https:\/\/conversesacatalunya.cat\/es\/colau-y-nissan-no-se-puede-repicar-e-ir-a-la-procesion\/#primaryimage"},"thumbnailUrl":"https:\/\/conversesacatalunya.cat\/wp-content\/uploads\/2020\/05\/nissan.jpg","datePublished":"2020-05-29T10:58:36+00:00","dateModified":"2020-05-29T11:35:06+00:00","author":{"@id":"https:\/\/conversesacatalunya.cat\/#\/schema\/person\/7e24d1e54a2785373ddcb275eae5ed99"},"breadcrumb":{"@id":"https:\/\/conversesacatalunya.cat\/es\/colau-y-nissan-no-se-puede-repicar-e-ir-a-la-procesion\/#breadcrumb"},"inLanguage":"es","potentialAction":[{"@type":"ReadAction","target":["https:\/\/conversesacatalunya.cat\/es\/colau-y-nissan-no-se-puede-repicar-e-ir-a-la-procesion\/"]}]},{"@type":"ImageObject","inLanguage":"es","@id":"https:\/\/conversesacatalunya.cat\/es\/colau-y-nissan-no-se-puede-repicar-e-ir-a-la-procesion\/#primaryimage","url":"https:\/\/conversesacatalunya.cat\/wp-content\/uploads\/2020\/05\/nissan.jpg","contentUrl":"https:\/\/conversesacatalunya.cat\/wp-content\/uploads\/2020\/05\/nissan.jpg","width":1200,"height":675,"caption":"Nissan"},{"@type":"BreadcrumbList","@id":"https:\/\/conversesacatalunya.cat\/es\/colau-y-nissan-no-se-puede-repicar-e-ir-a-la-procesion\/#breadcrumb","itemListElement":[{"@type":"ListItem","position":1,"name":"Inici","item":"https:\/\/conversesacatalunya.cat\/es\/"},{"@type":"ListItem","position":2,"name":"Colau y Nissan. No se puede repicar e ir a la procesi\u00f3n"}]},{"@type":"WebSite","@id":"https:\/\/conversesacatalunya.cat\/#website","url":"https:\/\/conversesacatalunya.cat\/","name":"Converses a Catalunya","description":"","potentialAction":[{"@type":"SearchAction","target":{"@type":"EntryPoint","urlTemplate":"https:\/\/conversesacatalunya.cat\/?s={search_term_string}"},"query-input":{"@type":"PropertyValueSpecification","valueRequired":true,"valueName":"search_term_string"}}],"inLanguage":"es"},{"@type":"Person","@id":"https:\/\/conversesacatalunya.cat\/#\/schema\/person\/7e24d1e54a2785373ddcb275eae5ed99","name":"conversesacatalunya","image":{"@type":"ImageObject","inLanguage":"es","@id":"https:\/\/conversesacatalunya.cat\/#\/schema\/person\/image\/","url":"https:\/\/conversesacatalunya.cat\/wp-content\/litespeed\/avatar\/febdfeeec89d950f01c748045a981dd2.jpg?ver=1777314535","contentUrl":"https:\/\/conversesacatalunya.cat\/wp-content\/litespeed\/avatar\/febdfeeec89d950f01c748045a981dd2.jpg?ver=1777314535","caption":"conversesacatalunya"},"url":"https:\/\/conversesacatalunya.cat\/es\/author\/carme_catala\/"}]}},"wps_subtitle":"","_links":{"self":[{"href":"https:\/\/conversesacatalunya.cat\/es\/wp-json\/wp\/v2\/posts\/36730","targetHints":{"allow":["GET"]}}],"collection":[{"href":"https:\/\/conversesacatalunya.cat\/es\/wp-json\/wp\/v2\/posts"}],"about":[{"href":"https:\/\/conversesacatalunya.cat\/es\/wp-json\/wp\/v2\/types\/post"}],"author":[{"embeddable":true,"href":"https:\/\/conversesacatalunya.cat\/es\/wp-json\/wp\/v2\/users\/2"}],"replies":[{"embeddable":true,"href":"https:\/\/conversesacatalunya.cat\/es\/wp-json\/wp\/v2\/comments?post=36730"}],"version-history":[{"count":2,"href":"https:\/\/conversesacatalunya.cat\/es\/wp-json\/wp\/v2\/posts\/36730\/revisions"}],"predecessor-version":[{"id":36731,"href":"https:\/\/conversesacatalunya.cat\/es\/wp-json\/wp\/v2\/posts\/36730\/revisions\/36731"}],"wp:featuredmedia":[{"embeddable":true,"href":"https:\/\/conversesacatalunya.cat\/es\/wp-json\/wp\/v2\/media\/36723"}],"wp:attachment":[{"href":"https:\/\/conversesacatalunya.cat\/es\/wp-json\/wp\/v2\/media?parent=36730"}],"wp:term":[{"taxonomy":"category","embeddable":true,"href":"https:\/\/conversesacatalunya.cat\/es\/wp-json\/wp\/v2\/categories?post=36730"},{"taxonomy":"post_tag","embeddable":true,"href":"https:\/\/conversesacatalunya.cat\/es\/wp-json\/wp\/v2\/tags?post=36730"}],"curies":[{"name":"wp","href":"https:\/\/api.w.org\/{rel}","templated":true}]}}