{"id":36708,"date":"2020-05-29T06:00:44","date_gmt":"2020-05-29T04:00:44","guid":{"rendered":"https:\/\/conversesacatalunya.cat\/bayer-reforca-les-seves-inversions-a-espanya\/"},"modified":"2020-05-29T11:53:37","modified_gmt":"2020-05-29T09:53:37","slug":"bayer-reforca-les-seves-inversions-a-espanya","status":"publish","type":"post","link":"https:\/\/conversesacatalunya.cat\/es\/bayer-reforca-les-seves-inversions-a-espanya\/","title":{"rendered":"Bayer refuerza sus inversiones en Espa\u00f1a"},"content":{"rendered":"<p>El grupo qu\u00edmico farmac\u00e9utico Bayer refuerza sus inversiones en Espa\u00f1a. Reforzado tras la integraci\u00f3n de las actividades de la antigua Monsanto, <strong>el gigante invirti\u00f3 en 2019 la cifra r\u00e9cord de 60 millones de euros<\/strong>. De esta cifra, 25,2 millones se han destinado a modernizar las tres f\u00e1bricas del grupo, situadas en La Falguera (Asturias, donde produce el principio qu\u00edmico de la aspirina), Alcal\u00e1 de Henares (Madrid) y Quart de Poblet (Valencia), en las que el grupo emplea 652 personas.<\/p>\n<p>Otros 35,2 millones se han destinado a I+D, tanto del \u00e1rea farmac\u00e9utica<strong>, donde Espa\u00f1a es el segundo foco europeo del grupo<\/strong> en el mundo, como al \u00e1rea agr\u00edcola, que cuenta con tres centros de I+D en Andaluc\u00eda, y la de Gran Consumo, con un centro de I+D en Madrid. Adem\u00e1s, el grupo ha situado en Barcelona la direcci\u00f3n de su negocio agrario para el \u00e1rea mediterr\u00e1nea, dotando a la sede central de Sant Joan Desp\u00ed una importancia a\u00fan mayor.<\/p>\n<p>Bayer registr\u00f3 en 2019 unas ventas a clientes en Espa\u00f1a de 693 millones de euros, un 3,3% m\u00e1s que en 2018. Estos datos confirman la senda de crecimiento sostenido de la compa\u00f1\u00eda en los \u00faltimos a\u00f1os y consolidan su posici\u00f3n de liderazgo en dos de las \u00e1reas clave en las que interviene, como son la salud y la alimentaci\u00f3n.<\/p>\n<p>En concreto, el negocio de Agricultura o Crop Science experimenta un importante crecimiento, con 7,1% con respecto al a\u00f1o anterior, alcanzando unas ventas de 225 millones de euros. Este incremento ha estado motivado en gran parte gracias a las nuevas soluciones biol\u00f3gicas en protecci\u00f3n de cultivos y control de plagas.<\/p>\n<p>En esta misma l\u00ednea, el \u00e1rea de Salud Animal incrementa sus ventas en un 7,6%, hasta los 35 millones de euros. Esta divisi\u00f3n se escindir\u00e1 de la compa\u00f1\u00eda a lo largo de este a\u00f1o, entrando a formar parte de manera \u00edntegra de Elanco. Las ventas en el \u00e1rea de Medicamentos de Prescripci\u00f3n (Pharmaceuticals) en Espa\u00f1a alcanzaron los 340 millones de euros, lo que representa un crecimiento de un 2,1%.<\/p>\n<span class='bctt-click-to-tweet'><span class='bctt-ctt-text'><a href='https:\/\/twitter.com\/intent\/tweet?url=https%3A%2F%2Fconversesacatalunya.cat%2Fes%2Fbayer-reforca-les-seves-inversions-a-espanya%2F&#038;text=Bayer%20registr%C3%B3%20en%202019%20unas%20ventas%20a%20clientes%20en%20Espa%C3%B1a%20de%20693%20millones%20de%20euros%2C%20un%203%2C3%25%20m%C3%A1s%20que%20en%202018&#038;via=conversesacat&#038;related=conversesacat' target='_blank'rel=\"noopener noreferrer\">Bayer registr\u00f3 en 2019 unas ventas a clientes en Espa\u00f1a de 693 millones de euros, un 3,3% m\u00e1s que en 2018 <\/a><\/span><a href='https:\/\/twitter.com\/intent\/tweet?url=https%3A%2F%2Fconversesacatalunya.cat%2Fes%2Fbayer-reforca-les-seves-inversions-a-espanya%2F&#038;text=Bayer%20registr%C3%B3%20en%202019%20unas%20ventas%20a%20clientes%20en%20Espa%C3%B1a%20de%20693%20millones%20de%20euros%2C%20un%203%2C3%25%20m%C3%A1s%20que%20en%202018&#038;via=conversesacat&#038;related=conversesacat' target='_blank' class='bctt-ctt-btn'rel=\"noopener noreferrer\">Compartir en X<\/a><\/span>\n","protected":false},"excerpt":{"rendered":"<p>El grupo qu\u00edmico farmac\u00e9utico Bayer refuerza sus inversiones en Espa\u00f1a. Reforzado tras la integraci\u00f3n de las actividades de la antigua Monsanto, el gigante invirti\u00f3 en 2019 la cifra r\u00e9cord de 60 millones de euros. De esta cifra, 25,2 millones se han destinado a modernizar las tres f\u00e1bricas del grupo, situadas en La Falguera (Asturias, donde produce el principio qu\u00edmico de la aspirina), Alcal\u00e1 de Henares (Madrid) y Quart de Poblet (Valencia), en las que el grupo emplea 652 personas. Otros 35,2 millones se han destinado a I+D, tanto del \u00e1rea farmac\u00e9utica, donde Espa\u00f1a es el segundo foco europeo del grupo en el mundo, como al \u00e1rea agr\u00edcola, que cuenta con tres centros de I+D en Andaluc\u00eda, y la de Gran Consumo, con un centro de I+D en Madrid. Adem\u00e1s, el grupo ha situado en Barcelona la direcci\u00f3n de su negocio agrario para el \u00e1rea mediterr\u00e1nea, dotando a la sede central de Sant Joan Desp\u00ed una importancia a\u00fan mayor. Bayer registr\u00f3 en 2019 unas ventas a clientes en Espa\u00f1a de 693 millones de euros, un 3,3% m\u00e1s que en 2018. Estos datos confirman la senda de crecimiento sostenido de la compa\u00f1\u00eda en los \u00faltimos a\u00f1os y consolidan su posici\u00f3n de liderazgo en dos de las \u00e1reas clave en las que interviene, como son la salud y la alimentaci\u00f3n. En concreto, el negocio de Agricultura o Crop Science experimenta un importante crecimiento, con 7,1% con respecto al a\u00f1o anterior, alcanzando unas ventas de 225 millones de euros. Este incremento ha estado motivado en gran parte gracias a las nuevas soluciones biol\u00f3gicas en protecci\u00f3n de cultivos y control de plagas. En esta misma l\u00ednea, el \u00e1rea de Salud Animal incrementa sus ventas en un 7,6%, hasta los 35 millones de euros. Esta divisi\u00f3n se escindir\u00e1 de la compa\u00f1\u00eda a lo largo de este a\u00f1o, entrando a formar parte de manera \u00edntegra de Elanco. Las ventas en el \u00e1rea de Medicamentos de Prescripci\u00f3n (Pharmaceuticals) en Espa\u00f1a alcanzaron los 340 millones de euros, lo que representa un crecimiento de un 2,1%.<\/p>\n","protected":false},"author":20,"featured_media":36699,"comment_status":"open","ping_status":"open","sticky":false,"template":"","format":"standard","meta":{"_FSMCFIC_featured_image_caption":"","_FSMCFIC_featured_image_nocaption":"","_FSMCFIC_featured_image_hide":"","footnotes":""},"categories":[806],"tags":[831,846,847],"class_list":["post-36708","post","type-post","status-publish","format-standard","has-post-thumbnail","hentry","category-punts-claus-del-dia-es","tag-economia-es","tag-espanya-es","tag-punts-claus-del-dia-es"],"yoast_head":"<!-- This site is optimized with the Yoast SEO plugin v26.8 - https:\/\/yoast.com\/product\/yoast-seo-wordpress\/ -->\n<title>Bayer refuerza sus inversiones en Espa\u00f1a - Converses a Catalunya<\/title>\n<meta name=\"description\" content=\"Bayer registr\u00f3 en 2019 unas ventas a clientes en Espa\u00f1a de 693 millones de euros, un 3,3% m\u00e1s que en 2018\" \/>\n<meta name=\"robots\" content=\"noindex, nofollow\" \/>\n<meta property=\"og:locale\" content=\"es_ES\" \/>\n<meta property=\"og:type\" content=\"article\" \/>\n<meta property=\"og:title\" content=\"Bayer refuerza sus inversiones en Espa\u00f1a - Converses a Catalunya\" \/>\n<meta property=\"og:description\" content=\"Bayer registr\u00f3 en 2019 unas ventas a clientes en Espa\u00f1a de 693 millones de euros, un 3,3% m\u00e1s que en 2018\" \/>\n<meta property=\"og:url\" content=\"https:\/\/conversesacatalunya.cat\/es\/bayer-reforca-les-seves-inversions-a-espanya\/\" \/>\n<meta property=\"og:site_name\" content=\"Converses a Catalunya\" \/>\n<meta property=\"article:published_time\" content=\"2020-05-29T04:00:44+00:00\" \/>\n<meta property=\"article:modified_time\" content=\"2020-05-29T09:53:37+00:00\" \/>\n<meta property=\"og:image\" content=\"https:\/\/conversesacatalunya.cat\/wp-content\/uploads\/2020\/05\/Capture-14.png\" \/>\n\t<meta property=\"og:image:width\" content=\"779\" \/>\n\t<meta property=\"og:image:height\" content=\"517\" \/>\n\t<meta property=\"og:image:type\" content=\"image\/png\" \/>\n<meta name=\"author\" content=\"conversesacatalunya\" \/>\n<meta name=\"twitter:card\" content=\"summary_large_image\" \/>\n<meta name=\"twitter:label1\" content=\"Escrito por\" \/>\n\t<meta name=\"twitter:data1\" content=\"conversesacatalunya\" \/>\n\t<meta name=\"twitter:label2\" content=\"Tiempo de lectura\" \/>\n\t<meta name=\"twitter:data2\" content=\"2 minutos\" \/>\n<script type=\"application\/ld+json\" class=\"yoast-schema-graph\">{\"@context\":\"https:\/\/schema.org\",\"@graph\":[{\"@type\":\"Article\",\"@id\":\"https:\/\/conversesacatalunya.cat\/es\/bayer-reforca-les-seves-inversions-a-espanya\/#article\",\"isPartOf\":{\"@id\":\"https:\/\/conversesacatalunya.cat\/es\/bayer-reforca-les-seves-inversions-a-espanya\/\"},\"author\":{\"name\":\"conversesacatalunya\",\"@id\":\"https:\/\/conversesacatalunya.cat\/#\/schema\/person\/a7a9496a363cd9847daf7cd659d92e64\"},\"headline\":\"Bayer refuerza sus inversiones en Espa\u00f1a\",\"datePublished\":\"2020-05-29T04:00:44+00:00\",\"dateModified\":\"2020-05-29T09:53:37+00:00\",\"mainEntityOfPage\":{\"@id\":\"https:\/\/conversesacatalunya.cat\/es\/bayer-reforca-les-seves-inversions-a-espanya\/\"},\"wordCount\":384,\"commentCount\":0,\"image\":{\"@id\":\"https:\/\/conversesacatalunya.cat\/es\/bayer-reforca-les-seves-inversions-a-espanya\/#primaryimage\"},\"thumbnailUrl\":\"https:\/\/conversesacatalunya.cat\/wp-content\/uploads\/2020\/05\/Capture-14.png\",\"keywords\":[\"Economia\",\"Espanya\",\"Punts claus del dia\"],\"articleSection\":[\"Punts clau del dia (ES)\"],\"inLanguage\":\"es\",\"potentialAction\":[{\"@type\":\"CommentAction\",\"name\":\"Comment\",\"target\":[\"https:\/\/conversesacatalunya.cat\/es\/bayer-reforca-les-seves-inversions-a-espanya\/#respond\"]}]},{\"@type\":\"WebPage\",\"@id\":\"https:\/\/conversesacatalunya.cat\/es\/bayer-reforca-les-seves-inversions-a-espanya\/\",\"url\":\"https:\/\/conversesacatalunya.cat\/es\/bayer-reforca-les-seves-inversions-a-espanya\/\",\"name\":\"Bayer refuerza sus inversiones en Espa\u00f1a - Converses a Catalunya\",\"isPartOf\":{\"@id\":\"https:\/\/conversesacatalunya.cat\/#website\"},\"primaryImageOfPage\":{\"@id\":\"https:\/\/conversesacatalunya.cat\/es\/bayer-reforca-les-seves-inversions-a-espanya\/#primaryimage\"},\"image\":{\"@id\":\"https:\/\/conversesacatalunya.cat\/es\/bayer-reforca-les-seves-inversions-a-espanya\/#primaryimage\"},\"thumbnailUrl\":\"https:\/\/conversesacatalunya.cat\/wp-content\/uploads\/2020\/05\/Capture-14.png\",\"datePublished\":\"2020-05-29T04:00:44+00:00\",\"dateModified\":\"2020-05-29T09:53:37+00:00\",\"author\":{\"@id\":\"https:\/\/conversesacatalunya.cat\/#\/schema\/person\/a7a9496a363cd9847daf7cd659d92e64\"},\"description\":\"Bayer registr\u00f3 en 2019 unas ventas a clientes en Espa\u00f1a de 693 millones de euros, un 3,3% m\u00e1s que en 2018\",\"breadcrumb\":{\"@id\":\"https:\/\/conversesacatalunya.cat\/es\/bayer-reforca-les-seves-inversions-a-espanya\/#breadcrumb\"},\"inLanguage\":\"es\",\"potentialAction\":[{\"@type\":\"ReadAction\",\"target\":[\"https:\/\/conversesacatalunya.cat\/es\/bayer-reforca-les-seves-inversions-a-espanya\/\"]}]},{\"@type\":\"ImageObject\",\"inLanguage\":\"es\",\"@id\":\"https:\/\/conversesacatalunya.cat\/es\/bayer-reforca-les-seves-inversions-a-espanya\/#primaryimage\",\"url\":\"https:\/\/conversesacatalunya.cat\/wp-content\/uploads\/2020\/05\/Capture-14.png\",\"contentUrl\":\"https:\/\/conversesacatalunya.cat\/wp-content\/uploads\/2020\/05\/Capture-14.png\",\"width\":779,\"height\":517,\"caption\":\"Bayer\"},{\"@type\":\"BreadcrumbList\",\"@id\":\"https:\/\/conversesacatalunya.cat\/es\/bayer-reforca-les-seves-inversions-a-espanya\/#breadcrumb\",\"itemListElement\":[{\"@type\":\"ListItem\",\"position\":1,\"name\":\"Inici\",\"item\":\"https:\/\/conversesacatalunya.cat\/es\/\"},{\"@type\":\"ListItem\",\"position\":2,\"name\":\"Bayer refuerza sus inversiones en Espa\u00f1a\"}]},{\"@type\":\"WebSite\",\"@id\":\"https:\/\/conversesacatalunya.cat\/#website\",\"url\":\"https:\/\/conversesacatalunya.cat\/\",\"name\":\"Converses a Catalunya\",\"description\":\"\",\"potentialAction\":[{\"@type\":\"SearchAction\",\"target\":{\"@type\":\"EntryPoint\",\"urlTemplate\":\"https:\/\/conversesacatalunya.cat\/?s={search_term_string}\"},\"query-input\":{\"@type\":\"PropertyValueSpecification\",\"valueRequired\":true,\"valueName\":\"search_term_string\"}}],\"inLanguage\":\"es\"},{\"@type\":\"Person\",\"@id\":\"https:\/\/conversesacatalunya.cat\/#\/schema\/person\/a7a9496a363cd9847daf7cd659d92e64\",\"name\":\"conversesacatalunya\",\"image\":{\"@type\":\"ImageObject\",\"inLanguage\":\"es\",\"@id\":\"https:\/\/conversesacatalunya.cat\/#\/schema\/person\/image\/\",\"url\":\"https:\/\/conversesacatalunya.cat\/wp-content\/litespeed\/avatar\/ff91582b44ff9c880dc9c5ac2f5c7e89.jpg?ver=1777372947\",\"contentUrl\":\"https:\/\/conversesacatalunya.cat\/wp-content\/litespeed\/avatar\/ff91582b44ff9c880dc9c5ac2f5c7e89.jpg?ver=1777372947\",\"caption\":\"conversesacatalunya\"},\"url\":\"https:\/\/conversesacatalunya.cat\/es\/author\/francisco_garcia\/\"}]}<\/script>\n<!-- \/ Yoast SEO plugin. -->","yoast_head_json":{"title":"Bayer refuerza sus inversiones en Espa\u00f1a - Converses a Catalunya","description":"Bayer registr\u00f3 en 2019 unas ventas a clientes en Espa\u00f1a de 693 millones de euros, un 3,3% m\u00e1s que en 2018","robots":{"index":"noindex","follow":"nofollow"},"og_locale":"es_ES","og_type":"article","og_title":"Bayer refuerza sus inversiones en Espa\u00f1a - Converses a Catalunya","og_description":"Bayer registr\u00f3 en 2019 unas ventas a clientes en Espa\u00f1a de 693 millones de euros, un 3,3% m\u00e1s que en 2018","og_url":"https:\/\/conversesacatalunya.cat\/es\/bayer-reforca-les-seves-inversions-a-espanya\/","og_site_name":"Converses a Catalunya","article_published_time":"2020-05-29T04:00:44+00:00","article_modified_time":"2020-05-29T09:53:37+00:00","og_image":[{"width":779,"height":517,"url":"https:\/\/conversesacatalunya.cat\/wp-content\/uploads\/2020\/05\/Capture-14.png","type":"image\/png"}],"author":"conversesacatalunya","twitter_card":"summary_large_image","twitter_misc":{"Escrito por":"conversesacatalunya","Tiempo de lectura":"2 minutos"},"schema":{"@context":"https:\/\/schema.org","@graph":[{"@type":"Article","@id":"https:\/\/conversesacatalunya.cat\/es\/bayer-reforca-les-seves-inversions-a-espanya\/#article","isPartOf":{"@id":"https:\/\/conversesacatalunya.cat\/es\/bayer-reforca-les-seves-inversions-a-espanya\/"},"author":{"name":"conversesacatalunya","@id":"https:\/\/conversesacatalunya.cat\/#\/schema\/person\/a7a9496a363cd9847daf7cd659d92e64"},"headline":"Bayer refuerza sus inversiones en Espa\u00f1a","datePublished":"2020-05-29T04:00:44+00:00","dateModified":"2020-05-29T09:53:37+00:00","mainEntityOfPage":{"@id":"https:\/\/conversesacatalunya.cat\/es\/bayer-reforca-les-seves-inversions-a-espanya\/"},"wordCount":384,"commentCount":0,"image":{"@id":"https:\/\/conversesacatalunya.cat\/es\/bayer-reforca-les-seves-inversions-a-espanya\/#primaryimage"},"thumbnailUrl":"https:\/\/conversesacatalunya.cat\/wp-content\/uploads\/2020\/05\/Capture-14.png","keywords":["Economia","Espanya","Punts claus del dia"],"articleSection":["Punts clau del dia (ES)"],"inLanguage":"es","potentialAction":[{"@type":"CommentAction","name":"Comment","target":["https:\/\/conversesacatalunya.cat\/es\/bayer-reforca-les-seves-inversions-a-espanya\/#respond"]}]},{"@type":"WebPage","@id":"https:\/\/conversesacatalunya.cat\/es\/bayer-reforca-les-seves-inversions-a-espanya\/","url":"https:\/\/conversesacatalunya.cat\/es\/bayer-reforca-les-seves-inversions-a-espanya\/","name":"Bayer refuerza sus inversiones en Espa\u00f1a - Converses a Catalunya","isPartOf":{"@id":"https:\/\/conversesacatalunya.cat\/#website"},"primaryImageOfPage":{"@id":"https:\/\/conversesacatalunya.cat\/es\/bayer-reforca-les-seves-inversions-a-espanya\/#primaryimage"},"image":{"@id":"https:\/\/conversesacatalunya.cat\/es\/bayer-reforca-les-seves-inversions-a-espanya\/#primaryimage"},"thumbnailUrl":"https:\/\/conversesacatalunya.cat\/wp-content\/uploads\/2020\/05\/Capture-14.png","datePublished":"2020-05-29T04:00:44+00:00","dateModified":"2020-05-29T09:53:37+00:00","author":{"@id":"https:\/\/conversesacatalunya.cat\/#\/schema\/person\/a7a9496a363cd9847daf7cd659d92e64"},"description":"Bayer registr\u00f3 en 2019 unas ventas a clientes en Espa\u00f1a de 693 millones de euros, un 3,3% m\u00e1s que en 2018","breadcrumb":{"@id":"https:\/\/conversesacatalunya.cat\/es\/bayer-reforca-les-seves-inversions-a-espanya\/#breadcrumb"},"inLanguage":"es","potentialAction":[{"@type":"ReadAction","target":["https:\/\/conversesacatalunya.cat\/es\/bayer-reforca-les-seves-inversions-a-espanya\/"]}]},{"@type":"ImageObject","inLanguage":"es","@id":"https:\/\/conversesacatalunya.cat\/es\/bayer-reforca-les-seves-inversions-a-espanya\/#primaryimage","url":"https:\/\/conversesacatalunya.cat\/wp-content\/uploads\/2020\/05\/Capture-14.png","contentUrl":"https:\/\/conversesacatalunya.cat\/wp-content\/uploads\/2020\/05\/Capture-14.png","width":779,"height":517,"caption":"Bayer"},{"@type":"BreadcrumbList","@id":"https:\/\/conversesacatalunya.cat\/es\/bayer-reforca-les-seves-inversions-a-espanya\/#breadcrumb","itemListElement":[{"@type":"ListItem","position":1,"name":"Inici","item":"https:\/\/conversesacatalunya.cat\/es\/"},{"@type":"ListItem","position":2,"name":"Bayer refuerza sus inversiones en Espa\u00f1a"}]},{"@type":"WebSite","@id":"https:\/\/conversesacatalunya.cat\/#website","url":"https:\/\/conversesacatalunya.cat\/","name":"Converses a Catalunya","description":"","potentialAction":[{"@type":"SearchAction","target":{"@type":"EntryPoint","urlTemplate":"https:\/\/conversesacatalunya.cat\/?s={search_term_string}"},"query-input":{"@type":"PropertyValueSpecification","valueRequired":true,"valueName":"search_term_string"}}],"inLanguage":"es"},{"@type":"Person","@id":"https:\/\/conversesacatalunya.cat\/#\/schema\/person\/a7a9496a363cd9847daf7cd659d92e64","name":"conversesacatalunya","image":{"@type":"ImageObject","inLanguage":"es","@id":"https:\/\/conversesacatalunya.cat\/#\/schema\/person\/image\/","url":"https:\/\/conversesacatalunya.cat\/wp-content\/litespeed\/avatar\/ff91582b44ff9c880dc9c5ac2f5c7e89.jpg?ver=1777372947","contentUrl":"https:\/\/conversesacatalunya.cat\/wp-content\/litespeed\/avatar\/ff91582b44ff9c880dc9c5ac2f5c7e89.jpg?ver=1777372947","caption":"conversesacatalunya"},"url":"https:\/\/conversesacatalunya.cat\/es\/author\/francisco_garcia\/"}]}},"wps_subtitle":"El grupo qu\u00edmico farmac\u00e9utico Bayer ha aumentado sus inversiones en Espa\u00f1a, consolidando la tendencia de apostar fuertemente en los centros de trabajo que se ubican en Espa\u00f1a","_links":{"self":[{"href":"https:\/\/conversesacatalunya.cat\/es\/wp-json\/wp\/v2\/posts\/36708","targetHints":{"allow":["GET"]}}],"collection":[{"href":"https:\/\/conversesacatalunya.cat\/es\/wp-json\/wp\/v2\/posts"}],"about":[{"href":"https:\/\/conversesacatalunya.cat\/es\/wp-json\/wp\/v2\/types\/post"}],"author":[{"embeddable":true,"href":"https:\/\/conversesacatalunya.cat\/es\/wp-json\/wp\/v2\/users\/20"}],"replies":[{"embeddable":true,"href":"https:\/\/conversesacatalunya.cat\/es\/wp-json\/wp\/v2\/comments?post=36708"}],"version-history":[{"count":2,"href":"https:\/\/conversesacatalunya.cat\/es\/wp-json\/wp\/v2\/posts\/36708\/revisions"}],"predecessor-version":[{"id":36710,"href":"https:\/\/conversesacatalunya.cat\/es\/wp-json\/wp\/v2\/posts\/36708\/revisions\/36710"}],"wp:featuredmedia":[{"embeddable":true,"href":"https:\/\/conversesacatalunya.cat\/es\/wp-json\/wp\/v2\/media\/36699"}],"wp:attachment":[{"href":"https:\/\/conversesacatalunya.cat\/es\/wp-json\/wp\/v2\/media?parent=36708"}],"wp:term":[{"taxonomy":"category","embeddable":true,"href":"https:\/\/conversesacatalunya.cat\/es\/wp-json\/wp\/v2\/categories?post=36708"},{"taxonomy":"post_tag","embeddable":true,"href":"https:\/\/conversesacatalunya.cat\/es\/wp-json\/wp\/v2\/tags?post=36708"}],"curies":[{"name":"wp","href":"https:\/\/api.w.org\/{rel}","templated":true}]}}