{"id":36618,"date":"2020-05-27T12:16:25","date_gmt":"2020-05-27T10:16:25","guid":{"rendered":"https:\/\/conversesacatalunya.cat\/atencio-a-latur-catalunya-pot-patir-mes-del-compte\/"},"modified":"2020-05-27T16:54:38","modified_gmt":"2020-05-27T14:54:38","slug":"atencion-al-paro-cataluna-puede-sufrir-mas-de-la-cuenta","status":"publish","type":"post","link":"https:\/\/conversesacatalunya.cat\/es\/atencion-al-paro-cataluna-puede-sufrir-mas-de-la-cuenta\/","title":{"rendered":"Atenci\u00f3n al paro. Catalu\u00f1a puede sufrir m\u00e1s de la cuenta"},"content":{"rendered":"<p>Las cifras sobre el crecimiento del paro durante los meses de marzo y abril de este a\u00f1o en el \u00e1mbito provincial aportan una informaci\u00f3n que es <strong>muy preocupante para Catalu\u00f1a<\/strong>, porque podr\u00edan se\u00f1alar que el comportamiento del paro, al menos en Barcelona, Girona y Tarragona, ser\u00e1 m\u00e1s duro que en el conjunto de Espa\u00f1a.<\/p>\n<p>La comparaci\u00f3n entre el comportamiento de este a\u00f1o de los dos meses indicados y el mismo per\u00edodo del a\u00f1o anterior, en el que todos los balances fueron extraordinariamente positivos, se\u00f1alan que la variaci\u00f3n entre aquella ganancia de 2019 y la p\u00e9rdida de marzo-abril actual es notablemente mayor en Calalu\u00f1a. En concreto, de las cinco primeras provincias en las que esta variaci\u00f3n es mayor, tres, las ya indicadas, son catalanas, mientras que las otras dos corresponden a las Islas Baleares y Canarias, caracterizadas por el monocultivo tur\u00edstico. Pero esta, obviamente, no es la explicaci\u00f3n para territorios que son fuertemente industrializados como son Barcelona y Tarragona.<\/p>\n<p>El aumento del paro este a\u00f1o ha sido de 16,2 puntos en Girona, y 12 en Tarragona y Lleida. S\u00f3lo Baleares y Las Palmas superan el porcentaje de estas dos \u00faltimas provincias.<\/p>\n<p>Pero eso no es todo, cuando se observa el crecimiento del paro por sectores, durante este per\u00edodo, se constata que ni el comercio ni la hosteler\u00eda, que son los m\u00e1s afectados, ocupan un lugar destacado en el aumento del paro. <strong>Este hecho es consecuencia de los ERTE<\/strong> que frenan el desempleo, pero esta es una contenci\u00f3n temporal porque, cuando su efectividad cese, uno de cada tres afectados no recuperar\u00e1 su puesto de trabajo seg\u00fan la previsi\u00f3n de la Autoridad Independiente de Responsabilidad Fiscal (AIReF).<\/p>\n<p>Naturalmente, este es un balance muy provisional, que afecta a abril, que es el mes en que cada a\u00f1o se inicia la recuperaci\u00f3n del empleo. Ahora habr\u00e1 que ver el efecto del progresivo desconfinamiento, la recuperaci\u00f3n m\u00e1s grande o m\u00e1s peque\u00f1a del turismo, la reentrada una vez pasado el periodo estival, y el rebrote o no de la pandemia. Y como un aspecto que afecta a todo, las expectativas econ\u00f3micas, que estar\u00e1n muy condicionadas por la confianza en las pol\u00edticas p\u00fablicas, y el grado de incertidumbre sobre el futuro del Covid-19.<\/p>\n<p>En el caso de Catalu\u00f1a, puede influir de una manera muy importante lo que suceda de manera espec\u00edfica con el <a href=\"https:\/\/conversesacatalunya.cat\/es\/colau-y-su-peligroso-juego-contra-el-vehiculo-privado\/\" target=\"_blank\" rel=\"noopener noreferrer\">sector del autom\u00f3vil<\/a>, y c\u00f3mo puede resultar <strong>da\u00f1ado el motor, que es el capital de Catalu\u00f1a<\/strong>. Mientras tanto, Ada Colau da trabajo suprimiendo carriles para los coches y pintando rayas en la calzada.<\/p>\n<span class='bctt-click-to-tweet'><span class='bctt-ctt-text'><a href='https:\/\/twitter.com\/intent\/tweet?url=https%3A%2F%2Fconversesacatalunya.cat%2Fes%2Fatencion-al-paro-cataluna-puede-sufrir-mas-de-la-cuenta%2F&#038;text=Las%20cifras%20sobre%20el%20crecimiento%20del%20paro%20durante%20los%20meses%20de%20marzo%20y%20abril%20de%20este%20a%C3%B1o%20en%20el%20%C3%A1mbito%20provincial%20aportan%20una%20informaci%C3%B3n%20que%20es%20muy%20preocupante%20para%20Catalu%C3%B1a&#038;via=conversesacat&#038;related=conversesacat' target='_blank'rel=\"noopener noreferrer\">Las cifras sobre el crecimiento del paro durante los meses de marzo y abril de este a\u00f1o en el \u00e1mbito provincial aportan una informaci\u00f3n que es muy preocupante para Catalu\u00f1a <\/a><\/span><a href='https:\/\/twitter.com\/intent\/tweet?url=https%3A%2F%2Fconversesacatalunya.cat%2Fes%2Fatencion-al-paro-cataluna-puede-sufrir-mas-de-la-cuenta%2F&#038;text=Las%20cifras%20sobre%20el%20crecimiento%20del%20paro%20durante%20los%20meses%20de%20marzo%20y%20abril%20de%20este%20a%C3%B1o%20en%20el%20%C3%A1mbito%20provincial%20aportan%20una%20informaci%C3%B3n%20que%20es%20muy%20preocupante%20para%20Catalu%C3%B1a&#038;via=conversesacat&#038;related=conversesacat' target='_blank' class='bctt-ctt-btn'rel=\"noopener noreferrer\">Compartir en X<\/a><\/span>\n<div id=\"polls-52\" class=\"wp-polls\">\n\t<form id=\"polls_form_52\" class=\"wp-polls-form\" action=\"\/index.php\" method=\"post\">\n\t\t<p style=\"display: none;\"><input type=\"hidden\" id=\"poll_52_nonce\" name=\"wp-polls-nonce\" value=\"476974c93e\" \/><\/p>\n\t\t<p style=\"display: none;\"><input type=\"hidden\" name=\"poll_id\" value=\"52\" \/><\/p>\n\t\t<p style=\"text-align: center\"><strong>Creus que s\u00f3n fiables les xifres sobre la Covid-19 que dona el Departament de Sanitat de la Generalitat de Catalunya?<\/strong><\/p><div id=\"polls-52-ans\" class=\"wp-polls-ans\"><ul class=\"wp-polls-ul\">\n\t\t<li><input type=\"radio\" id=\"poll-answer-110\" name=\"poll_52\" value=\"110\" \/> <label for=\"poll-answer-110\">Si<\/label><\/li>\n\t\t<li><input type=\"radio\" id=\"poll-answer-111\" name=\"poll_52\" value=\"111\" \/> <label for=\"poll-answer-111\">No<\/label><\/li>\n\t\t<\/ul><p style=\"text-align: center\"><input type=\"button\" name=\"vote\" value=\"   Vota   \" class=\"Buttons\" onclick=\"poll_vote(52);\" \/><\/p><p style=\"text-align: center\"><a href=\"#ViewPollResults\" onclick=\"poll_result(52); return false;\" title=\"View Results Of This Poll\">Mira els resultats<\/a><\/p><\/div>\n\t<\/form>\n<\/div>\n<div id=\"polls-52-loading\" class=\"wp-polls-loading\"><img decoding=\"async\" data-src=\"https:\/\/conversesacatalunya.cat\/wp-content\/plugins\/wp-polls\/images\/loading.gif\" width=\"16\" height=\"16\" alt=\"Cargando ...\" title=\"Cargando ...\" class=\"wp-polls-image lazyload\" src=\"data:image\/svg+xml;base64,PHN2ZyB3aWR0aD0iMSIgaGVpZ2h0PSIxIiB4bWxucz0iaHR0cDovL3d3dy53My5vcmcvMjAwMC9zdmciPjwvc3ZnPg==\" style=\"--smush-placeholder-width: 16px; --smush-placeholder-aspect-ratio: 16\/16;\" \/>&nbsp;Cargando ...<\/div>\n\n","protected":false},"excerpt":{"rendered":"<p>Las cifras sobre el crecimiento del paro durante los meses de marzo y abril de este a\u00f1o en el \u00e1mbito provincial aportan una informaci\u00f3n que es muy preocupante para Catalu\u00f1a, porque podr\u00edan se\u00f1alar que el comportamiento del paro, al menos en Barcelona, Girona y Tarragona, ser\u00e1 m\u00e1s duro que en el conjunto de Espa\u00f1a. La comparaci\u00f3n entre el comportamiento de este a\u00f1o de los dos meses indicados y el mismo per\u00edodo del a\u00f1o anterior, en el que todos los balances fueron extraordinariamente positivos, se\u00f1alan que la variaci\u00f3n entre aquella ganancia de 2019 y la p\u00e9rdida de marzo-abril actual es notablemente mayor en Calalu\u00f1a. En concreto, de las cinco primeras provincias en las que esta variaci\u00f3n es mayor, tres, las ya indicadas, son catalanas, mientras que las otras dos corresponden a las Islas Baleares y Canarias, caracterizadas por el monocultivo tur\u00edstico. Pero esta, obviamente, no es la explicaci\u00f3n para territorios que son fuertemente industrializados como son Barcelona y Tarragona. El aumento del paro este a\u00f1o ha sido de 16,2 puntos en Girona, y 12 en Tarragona y Lleida. S\u00f3lo Baleares y Las Palmas superan el porcentaje de estas dos \u00faltimas provincias. Pero eso no es todo, cuando se observa el crecimiento del paro por sectores, durante este per\u00edodo, se constata que ni el comercio ni la hosteler\u00eda, que son los m\u00e1s afectados, ocupan un lugar destacado en el aumento del paro. Este hecho es consecuencia de los ERTE que frenan el desempleo, pero esta es una contenci\u00f3n temporal porque, cuando su efectividad cese, uno de cada tres afectados no recuperar\u00e1 su puesto de trabajo seg\u00fan la previsi\u00f3n de la Autoridad Independiente de Responsabilidad Fiscal (AIReF). Naturalmente, este es un balance muy provisional, que afecta a abril, que es el mes en que cada a\u00f1o se inicia la recuperaci\u00f3n del empleo. Ahora habr\u00e1 que ver el efecto del progresivo desconfinamiento, la recuperaci\u00f3n m\u00e1s grande o m\u00e1s peque\u00f1a del turismo, la reentrada una vez pasado el periodo estival, y el rebrote o no de la pandemia. Y como un aspecto que afecta a todo, las expectativas econ\u00f3micas, que estar\u00e1n muy condicionadas por la confianza en las pol\u00edticas p\u00fablicas, y el grado de incertidumbre sobre el futuro del Covid-19. En el caso de Catalu\u00f1a, puede influir de una manera muy importante lo que suceda de manera espec\u00edfica con el sector del autom\u00f3vil, y c\u00f3mo puede resultar da\u00f1ado el motor, que es el capital de Catalu\u00f1a. Mientras tanto, Ada Colau da trabajo suprimiendo carriles para los coches y pintando rayas en la calzada.<\/p>\n","protected":false},"author":2,"featured_media":36594,"comment_status":"open","ping_status":"open","sticky":false,"template":"","format":"standard","meta":{"_FSMCFIC_featured_image_caption":"","_FSMCFIC_featured_image_nocaption":"","_FSMCFIC_featured_image_hide":"","footnotes":""},"categories":[806],"tags":[1579],"class_list":["post-36618","post","type-post","status-publish","format-standard","has-post-thumbnail","hentry","category-punts-claus-del-dia-es","tag-paro"],"yoast_head":"<!-- This site is optimized with the Yoast SEO plugin v26.8 - https:\/\/yoast.com\/product\/yoast-seo-wordpress\/ -->\n<title>Atenci\u00f3n al paro. Catalu\u00f1a puede sufrir m\u00e1s de la cuenta - Converses a Catalunya<\/title>\n<meta name=\"robots\" content=\"index, follow, max-snippet:-1, max-image-preview:large, max-video-preview:-1\" \/>\n<link rel=\"canonical\" href=\"https:\/\/conversesacatalunya.cat\/es\/atencion-al-paro-cataluna-puede-sufrir-mas-de-la-cuenta\/\" \/>\n<meta property=\"og:locale\" content=\"es_ES\" \/>\n<meta property=\"og:type\" content=\"article\" \/>\n<meta property=\"og:title\" content=\"Atenci\u00f3n al paro. Catalu\u00f1a puede sufrir m\u00e1s de la cuenta - Converses a Catalunya\" \/>\n<meta property=\"og:description\" content=\"Las cifras sobre el crecimiento del paro durante los meses de marzo y abril de este a\u00f1o en el \u00e1mbito provincial aportan una informaci\u00f3n que es muy preocupante para Catalu\u00f1a, porque podr\u00edan se\u00f1alar que el comportamiento del paro, al menos en Barcelona, Girona y Tarragona, ser\u00e1 m\u00e1s duro que en el conjunto de Espa\u00f1a. La comparaci\u00f3n entre el comportamiento de este a\u00f1o de los dos meses indicados y el mismo per\u00edodo del a\u00f1o anterior, en el que todos los balances fueron extraordinariamente positivos, se\u00f1alan que la variaci\u00f3n entre aquella ganancia de 2019 y la p\u00e9rdida de marzo-abril actual es notablemente mayor en Calalu\u00f1a. En concreto, de las cinco primeras provincias en las que esta variaci\u00f3n es mayor, tres, las ya indicadas, son catalanas, mientras que las otras dos corresponden a las Islas Baleares y Canarias, caracterizadas por el monocultivo tur\u00edstico. Pero esta, obviamente, no es la explicaci\u00f3n para territorios que son fuertemente industrializados como son Barcelona y Tarragona. El aumento del paro este a\u00f1o ha sido de 16,2 puntos en Girona, y 12 en Tarragona y Lleida. S\u00f3lo Baleares y Las Palmas superan el porcentaje de estas dos \u00faltimas provincias. Pero eso no es todo, cuando se observa el crecimiento del paro por sectores, durante este per\u00edodo, se constata que ni el comercio ni la hosteler\u00eda, que son los m\u00e1s afectados, ocupan un lugar destacado en el aumento del paro. Este hecho es consecuencia de los ERTE que frenan el desempleo, pero esta es una contenci\u00f3n temporal porque, cuando su efectividad cese, uno de cada tres afectados no recuperar\u00e1 su puesto de trabajo seg\u00fan la previsi\u00f3n de la Autoridad Independiente de Responsabilidad Fiscal (AIReF). Naturalmente, este es un balance muy provisional, que afecta a abril, que es el mes en que cada a\u00f1o se inicia la recuperaci\u00f3n del empleo. Ahora habr\u00e1 que ver el efecto del progresivo desconfinamiento, la recuperaci\u00f3n m\u00e1s grande o m\u00e1s peque\u00f1a del turismo, la reentrada una vez pasado el periodo estival, y el rebrote o no de la pandemia. Y como un aspecto que afecta a todo, las expectativas econ\u00f3micas, que estar\u00e1n muy condicionadas por la confianza en las pol\u00edticas p\u00fablicas, y el grado de incertidumbre sobre el futuro del Covid-19. En el caso de Catalu\u00f1a, puede influir de una manera muy importante lo que suceda de manera espec\u00edfica con el sector del autom\u00f3vil, y c\u00f3mo puede resultar da\u00f1ado el motor, que es el capital de Catalu\u00f1a. Mientras tanto, Ada Colau da trabajo suprimiendo carriles para los coches y pintando rayas en la calzada.\" \/>\n<meta property=\"og:url\" content=\"https:\/\/conversesacatalunya.cat\/es\/atencion-al-paro-cataluna-puede-sufrir-mas-de-la-cuenta\/\" \/>\n<meta property=\"og:site_name\" content=\"Converses a Catalunya\" \/>\n<meta property=\"article:published_time\" content=\"2020-05-27T10:16:25+00:00\" \/>\n<meta property=\"article:modified_time\" content=\"2020-05-27T14:54:38+00:00\" \/>\n<meta property=\"og:image\" content=\"https:\/\/conversesacatalunya.cat\/wp-content\/uploads\/2020\/05\/atur.jpg\" \/>\n\t<meta property=\"og:image:width\" content=\"450\" \/>\n\t<meta property=\"og:image:height\" content=\"333\" \/>\n\t<meta property=\"og:image:type\" content=\"image\/jpeg\" \/>\n<meta name=\"author\" content=\"conversesacatalunya\" \/>\n<meta name=\"twitter:card\" content=\"summary_large_image\" \/>\n<meta name=\"twitter:label1\" content=\"Escrito por\" \/>\n\t<meta name=\"twitter:data1\" content=\"conversesacatalunya\" \/>\n\t<meta name=\"twitter:label2\" content=\"Tiempo de lectura\" \/>\n\t<meta name=\"twitter:data2\" content=\"2 minutos\" \/>\n<script type=\"application\/ld+json\" class=\"yoast-schema-graph\">{\"@context\":\"https:\/\/schema.org\",\"@graph\":[{\"@type\":\"Article\",\"@id\":\"https:\/\/conversesacatalunya.cat\/es\/atencion-al-paro-cataluna-puede-sufrir-mas-de-la-cuenta\/#article\",\"isPartOf\":{\"@id\":\"https:\/\/conversesacatalunya.cat\/es\/atencion-al-paro-cataluna-puede-sufrir-mas-de-la-cuenta\/\"},\"author\":{\"name\":\"conversesacatalunya\",\"@id\":\"https:\/\/conversesacatalunya.cat\/#\/schema\/person\/7e24d1e54a2785373ddcb275eae5ed99\"},\"headline\":\"Atenci\u00f3n al paro. Catalu\u00f1a puede sufrir m\u00e1s de la cuenta\",\"datePublished\":\"2020-05-27T10:16:25+00:00\",\"dateModified\":\"2020-05-27T14:54:38+00:00\",\"mainEntityOfPage\":{\"@id\":\"https:\/\/conversesacatalunya.cat\/es\/atencion-al-paro-cataluna-puede-sufrir-mas-de-la-cuenta\/\"},\"wordCount\":509,\"commentCount\":0,\"image\":{\"@id\":\"https:\/\/conversesacatalunya.cat\/es\/atencion-al-paro-cataluna-puede-sufrir-mas-de-la-cuenta\/#primaryimage\"},\"thumbnailUrl\":\"https:\/\/conversesacatalunya.cat\/wp-content\/uploads\/2020\/05\/atur.jpg\",\"keywords\":[\"Paro\"],\"articleSection\":[\"Punts clau del dia (ES)\"],\"inLanguage\":\"es\",\"potentialAction\":[{\"@type\":\"CommentAction\",\"name\":\"Comment\",\"target\":[\"https:\/\/conversesacatalunya.cat\/es\/atencion-al-paro-cataluna-puede-sufrir-mas-de-la-cuenta\/#respond\"]}]},{\"@type\":\"WebPage\",\"@id\":\"https:\/\/conversesacatalunya.cat\/es\/atencion-al-paro-cataluna-puede-sufrir-mas-de-la-cuenta\/\",\"url\":\"https:\/\/conversesacatalunya.cat\/es\/atencion-al-paro-cataluna-puede-sufrir-mas-de-la-cuenta\/\",\"name\":\"Atenci\u00f3n al paro. Catalu\u00f1a puede sufrir m\u00e1s de la cuenta - Converses a Catalunya\",\"isPartOf\":{\"@id\":\"https:\/\/conversesacatalunya.cat\/#website\"},\"primaryImageOfPage\":{\"@id\":\"https:\/\/conversesacatalunya.cat\/es\/atencion-al-paro-cataluna-puede-sufrir-mas-de-la-cuenta\/#primaryimage\"},\"image\":{\"@id\":\"https:\/\/conversesacatalunya.cat\/es\/atencion-al-paro-cataluna-puede-sufrir-mas-de-la-cuenta\/#primaryimage\"},\"thumbnailUrl\":\"https:\/\/conversesacatalunya.cat\/wp-content\/uploads\/2020\/05\/atur.jpg\",\"datePublished\":\"2020-05-27T10:16:25+00:00\",\"dateModified\":\"2020-05-27T14:54:38+00:00\",\"author\":{\"@id\":\"https:\/\/conversesacatalunya.cat\/#\/schema\/person\/7e24d1e54a2785373ddcb275eae5ed99\"},\"breadcrumb\":{\"@id\":\"https:\/\/conversesacatalunya.cat\/es\/atencion-al-paro-cataluna-puede-sufrir-mas-de-la-cuenta\/#breadcrumb\"},\"inLanguage\":\"es\",\"potentialAction\":[{\"@type\":\"ReadAction\",\"target\":[\"https:\/\/conversesacatalunya.cat\/es\/atencion-al-paro-cataluna-puede-sufrir-mas-de-la-cuenta\/\"]}]},{\"@type\":\"ImageObject\",\"inLanguage\":\"es\",\"@id\":\"https:\/\/conversesacatalunya.cat\/es\/atencion-al-paro-cataluna-puede-sufrir-mas-de-la-cuenta\/#primaryimage\",\"url\":\"https:\/\/conversesacatalunya.cat\/wp-content\/uploads\/2020\/05\/atur.jpg\",\"contentUrl\":\"https:\/\/conversesacatalunya.cat\/wp-content\/uploads\/2020\/05\/atur.jpg\",\"width\":450,\"height\":333,\"caption\":\"atur\"},{\"@type\":\"BreadcrumbList\",\"@id\":\"https:\/\/conversesacatalunya.cat\/es\/atencion-al-paro-cataluna-puede-sufrir-mas-de-la-cuenta\/#breadcrumb\",\"itemListElement\":[{\"@type\":\"ListItem\",\"position\":1,\"name\":\"Inici\",\"item\":\"https:\/\/conversesacatalunya.cat\/es\/\"},{\"@type\":\"ListItem\",\"position\":2,\"name\":\"Atenci\u00f3n al paro. Catalu\u00f1a puede sufrir m\u00e1s de la cuenta\"}]},{\"@type\":\"WebSite\",\"@id\":\"https:\/\/conversesacatalunya.cat\/#website\",\"url\":\"https:\/\/conversesacatalunya.cat\/\",\"name\":\"Converses a Catalunya\",\"description\":\"\",\"potentialAction\":[{\"@type\":\"SearchAction\",\"target\":{\"@type\":\"EntryPoint\",\"urlTemplate\":\"https:\/\/conversesacatalunya.cat\/?s={search_term_string}\"},\"query-input\":{\"@type\":\"PropertyValueSpecification\",\"valueRequired\":true,\"valueName\":\"search_term_string\"}}],\"inLanguage\":\"es\"},{\"@type\":\"Person\",\"@id\":\"https:\/\/conversesacatalunya.cat\/#\/schema\/person\/7e24d1e54a2785373ddcb275eae5ed99\",\"name\":\"conversesacatalunya\",\"image\":{\"@type\":\"ImageObject\",\"inLanguage\":\"es\",\"@id\":\"https:\/\/conversesacatalunya.cat\/#\/schema\/person\/image\/\",\"url\":\"https:\/\/conversesacatalunya.cat\/wp-content\/litespeed\/avatar\/febdfeeec89d950f01c748045a981dd2.jpg?ver=1777314535\",\"contentUrl\":\"https:\/\/conversesacatalunya.cat\/wp-content\/litespeed\/avatar\/febdfeeec89d950f01c748045a981dd2.jpg?ver=1777314535\",\"caption\":\"conversesacatalunya\"},\"url\":\"https:\/\/conversesacatalunya.cat\/es\/author\/carme_catala\/\"}]}<\/script>\n<!-- \/ Yoast SEO plugin. -->","yoast_head_json":{"title":"Atenci\u00f3n al paro. Catalu\u00f1a puede sufrir m\u00e1s de la cuenta - Converses a Catalunya","robots":{"index":"index","follow":"follow","max-snippet":"max-snippet:-1","max-image-preview":"max-image-preview:large","max-video-preview":"max-video-preview:-1"},"canonical":"https:\/\/conversesacatalunya.cat\/es\/atencion-al-paro-cataluna-puede-sufrir-mas-de-la-cuenta\/","og_locale":"es_ES","og_type":"article","og_title":"Atenci\u00f3n al paro. Catalu\u00f1a puede sufrir m\u00e1s de la cuenta - Converses a Catalunya","og_description":"Las cifras sobre el crecimiento del paro durante los meses de marzo y abril de este a\u00f1o en el \u00e1mbito provincial aportan una informaci\u00f3n que es muy preocupante para Catalu\u00f1a, porque podr\u00edan se\u00f1alar que el comportamiento del paro, al menos en Barcelona, Girona y Tarragona, ser\u00e1 m\u00e1s duro que en el conjunto de Espa\u00f1a. La comparaci\u00f3n entre el comportamiento de este a\u00f1o de los dos meses indicados y el mismo per\u00edodo del a\u00f1o anterior, en el que todos los balances fueron extraordinariamente positivos, se\u00f1alan que la variaci\u00f3n entre aquella ganancia de 2019 y la p\u00e9rdida de marzo-abril actual es notablemente mayor en Calalu\u00f1a. En concreto, de las cinco primeras provincias en las que esta variaci\u00f3n es mayor, tres, las ya indicadas, son catalanas, mientras que las otras dos corresponden a las Islas Baleares y Canarias, caracterizadas por el monocultivo tur\u00edstico. Pero esta, obviamente, no es la explicaci\u00f3n para territorios que son fuertemente industrializados como son Barcelona y Tarragona. El aumento del paro este a\u00f1o ha sido de 16,2 puntos en Girona, y 12 en Tarragona y Lleida. S\u00f3lo Baleares y Las Palmas superan el porcentaje de estas dos \u00faltimas provincias. Pero eso no es todo, cuando se observa el crecimiento del paro por sectores, durante este per\u00edodo, se constata que ni el comercio ni la hosteler\u00eda, que son los m\u00e1s afectados, ocupan un lugar destacado en el aumento del paro. Este hecho es consecuencia de los ERTE que frenan el desempleo, pero esta es una contenci\u00f3n temporal porque, cuando su efectividad cese, uno de cada tres afectados no recuperar\u00e1 su puesto de trabajo seg\u00fan la previsi\u00f3n de la Autoridad Independiente de Responsabilidad Fiscal (AIReF). Naturalmente, este es un balance muy provisional, que afecta a abril, que es el mes en que cada a\u00f1o se inicia la recuperaci\u00f3n del empleo. Ahora habr\u00e1 que ver el efecto del progresivo desconfinamiento, la recuperaci\u00f3n m\u00e1s grande o m\u00e1s peque\u00f1a del turismo, la reentrada una vez pasado el periodo estival, y el rebrote o no de la pandemia. Y como un aspecto que afecta a todo, las expectativas econ\u00f3micas, que estar\u00e1n muy condicionadas por la confianza en las pol\u00edticas p\u00fablicas, y el grado de incertidumbre sobre el futuro del Covid-19. En el caso de Catalu\u00f1a, puede influir de una manera muy importante lo que suceda de manera espec\u00edfica con el sector del autom\u00f3vil, y c\u00f3mo puede resultar da\u00f1ado el motor, que es el capital de Catalu\u00f1a. Mientras tanto, Ada Colau da trabajo suprimiendo carriles para los coches y pintando rayas en la calzada.","og_url":"https:\/\/conversesacatalunya.cat\/es\/atencion-al-paro-cataluna-puede-sufrir-mas-de-la-cuenta\/","og_site_name":"Converses a Catalunya","article_published_time":"2020-05-27T10:16:25+00:00","article_modified_time":"2020-05-27T14:54:38+00:00","og_image":[{"width":450,"height":333,"url":"https:\/\/conversesacatalunya.cat\/wp-content\/uploads\/2020\/05\/atur.jpg","type":"image\/jpeg"}],"author":"conversesacatalunya","twitter_card":"summary_large_image","twitter_misc":{"Escrito por":"conversesacatalunya","Tiempo de lectura":"2 minutos"},"schema":{"@context":"https:\/\/schema.org","@graph":[{"@type":"Article","@id":"https:\/\/conversesacatalunya.cat\/es\/atencion-al-paro-cataluna-puede-sufrir-mas-de-la-cuenta\/#article","isPartOf":{"@id":"https:\/\/conversesacatalunya.cat\/es\/atencion-al-paro-cataluna-puede-sufrir-mas-de-la-cuenta\/"},"author":{"name":"conversesacatalunya","@id":"https:\/\/conversesacatalunya.cat\/#\/schema\/person\/7e24d1e54a2785373ddcb275eae5ed99"},"headline":"Atenci\u00f3n al paro. Catalu\u00f1a puede sufrir m\u00e1s de la cuenta","datePublished":"2020-05-27T10:16:25+00:00","dateModified":"2020-05-27T14:54:38+00:00","mainEntityOfPage":{"@id":"https:\/\/conversesacatalunya.cat\/es\/atencion-al-paro-cataluna-puede-sufrir-mas-de-la-cuenta\/"},"wordCount":509,"commentCount":0,"image":{"@id":"https:\/\/conversesacatalunya.cat\/es\/atencion-al-paro-cataluna-puede-sufrir-mas-de-la-cuenta\/#primaryimage"},"thumbnailUrl":"https:\/\/conversesacatalunya.cat\/wp-content\/uploads\/2020\/05\/atur.jpg","keywords":["Paro"],"articleSection":["Punts clau del dia (ES)"],"inLanguage":"es","potentialAction":[{"@type":"CommentAction","name":"Comment","target":["https:\/\/conversesacatalunya.cat\/es\/atencion-al-paro-cataluna-puede-sufrir-mas-de-la-cuenta\/#respond"]}]},{"@type":"WebPage","@id":"https:\/\/conversesacatalunya.cat\/es\/atencion-al-paro-cataluna-puede-sufrir-mas-de-la-cuenta\/","url":"https:\/\/conversesacatalunya.cat\/es\/atencion-al-paro-cataluna-puede-sufrir-mas-de-la-cuenta\/","name":"Atenci\u00f3n al paro. Catalu\u00f1a puede sufrir m\u00e1s de la cuenta - Converses a Catalunya","isPartOf":{"@id":"https:\/\/conversesacatalunya.cat\/#website"},"primaryImageOfPage":{"@id":"https:\/\/conversesacatalunya.cat\/es\/atencion-al-paro-cataluna-puede-sufrir-mas-de-la-cuenta\/#primaryimage"},"image":{"@id":"https:\/\/conversesacatalunya.cat\/es\/atencion-al-paro-cataluna-puede-sufrir-mas-de-la-cuenta\/#primaryimage"},"thumbnailUrl":"https:\/\/conversesacatalunya.cat\/wp-content\/uploads\/2020\/05\/atur.jpg","datePublished":"2020-05-27T10:16:25+00:00","dateModified":"2020-05-27T14:54:38+00:00","author":{"@id":"https:\/\/conversesacatalunya.cat\/#\/schema\/person\/7e24d1e54a2785373ddcb275eae5ed99"},"breadcrumb":{"@id":"https:\/\/conversesacatalunya.cat\/es\/atencion-al-paro-cataluna-puede-sufrir-mas-de-la-cuenta\/#breadcrumb"},"inLanguage":"es","potentialAction":[{"@type":"ReadAction","target":["https:\/\/conversesacatalunya.cat\/es\/atencion-al-paro-cataluna-puede-sufrir-mas-de-la-cuenta\/"]}]},{"@type":"ImageObject","inLanguage":"es","@id":"https:\/\/conversesacatalunya.cat\/es\/atencion-al-paro-cataluna-puede-sufrir-mas-de-la-cuenta\/#primaryimage","url":"https:\/\/conversesacatalunya.cat\/wp-content\/uploads\/2020\/05\/atur.jpg","contentUrl":"https:\/\/conversesacatalunya.cat\/wp-content\/uploads\/2020\/05\/atur.jpg","width":450,"height":333,"caption":"atur"},{"@type":"BreadcrumbList","@id":"https:\/\/conversesacatalunya.cat\/es\/atencion-al-paro-cataluna-puede-sufrir-mas-de-la-cuenta\/#breadcrumb","itemListElement":[{"@type":"ListItem","position":1,"name":"Inici","item":"https:\/\/conversesacatalunya.cat\/es\/"},{"@type":"ListItem","position":2,"name":"Atenci\u00f3n al paro. Catalu\u00f1a puede sufrir m\u00e1s de la cuenta"}]},{"@type":"WebSite","@id":"https:\/\/conversesacatalunya.cat\/#website","url":"https:\/\/conversesacatalunya.cat\/","name":"Converses a Catalunya","description":"","potentialAction":[{"@type":"SearchAction","target":{"@type":"EntryPoint","urlTemplate":"https:\/\/conversesacatalunya.cat\/?s={search_term_string}"},"query-input":{"@type":"PropertyValueSpecification","valueRequired":true,"valueName":"search_term_string"}}],"inLanguage":"es"},{"@type":"Person","@id":"https:\/\/conversesacatalunya.cat\/#\/schema\/person\/7e24d1e54a2785373ddcb275eae5ed99","name":"conversesacatalunya","image":{"@type":"ImageObject","inLanguage":"es","@id":"https:\/\/conversesacatalunya.cat\/#\/schema\/person\/image\/","url":"https:\/\/conversesacatalunya.cat\/wp-content\/litespeed\/avatar\/febdfeeec89d950f01c748045a981dd2.jpg?ver=1777314535","contentUrl":"https:\/\/conversesacatalunya.cat\/wp-content\/litespeed\/avatar\/febdfeeec89d950f01c748045a981dd2.jpg?ver=1777314535","caption":"conversesacatalunya"},"url":"https:\/\/conversesacatalunya.cat\/es\/author\/carme_catala\/"}]}},"wps_subtitle":"","_links":{"self":[{"href":"https:\/\/conversesacatalunya.cat\/es\/wp-json\/wp\/v2\/posts\/36618","targetHints":{"allow":["GET"]}}],"collection":[{"href":"https:\/\/conversesacatalunya.cat\/es\/wp-json\/wp\/v2\/posts"}],"about":[{"href":"https:\/\/conversesacatalunya.cat\/es\/wp-json\/wp\/v2\/types\/post"}],"author":[{"embeddable":true,"href":"https:\/\/conversesacatalunya.cat\/es\/wp-json\/wp\/v2\/users\/2"}],"replies":[{"embeddable":true,"href":"https:\/\/conversesacatalunya.cat\/es\/wp-json\/wp\/v2\/comments?post=36618"}],"version-history":[{"count":2,"href":"https:\/\/conversesacatalunya.cat\/es\/wp-json\/wp\/v2\/posts\/36618\/revisions"}],"predecessor-version":[{"id":36619,"href":"https:\/\/conversesacatalunya.cat\/es\/wp-json\/wp\/v2\/posts\/36618\/revisions\/36619"}],"wp:featuredmedia":[{"embeddable":true,"href":"https:\/\/conversesacatalunya.cat\/es\/wp-json\/wp\/v2\/media\/36594"}],"wp:attachment":[{"href":"https:\/\/conversesacatalunya.cat\/es\/wp-json\/wp\/v2\/media?parent=36618"}],"wp:term":[{"taxonomy":"category","embeddable":true,"href":"https:\/\/conversesacatalunya.cat\/es\/wp-json\/wp\/v2\/categories?post=36618"},{"taxonomy":"post_tag","embeddable":true,"href":"https:\/\/conversesacatalunya.cat\/es\/wp-json\/wp\/v2\/tags?post=36618"}],"curies":[{"name":"wp","href":"https:\/\/api.w.org\/{rel}","templated":true}]}}