{"id":36397,"date":"2020-05-21T12:57:59","date_gmt":"2020-05-21T10:57:59","guid":{"rendered":"https:\/\/conversesacatalunya.cat\/doble-salt-mortal-de-sanchez-a-ultima-hora-pacta-amb-bildu-la-derogacio-integra-de-la-reforma-laboral-del-pp\/"},"modified":"2020-05-21T13:55:08","modified_gmt":"2020-05-21T11:55:08","slug":"doble-salt-mortal-de-sanchez-a-ultima-hora-pacta-amb-bildu-la-derogacio-integra-de-la-reforma-laboral-del-pp","status":"publish","type":"post","link":"https:\/\/conversesacatalunya.cat\/es\/doble-salt-mortal-de-sanchez-a-ultima-hora-pacta-amb-bildu-la-derogacio-integra-de-la-reforma-laboral-del-pp\/","title":{"rendered":"Doble salto mortal de S\u00e1nchez: a \u00faltima hora pacta con Bildu la derogaci\u00f3n \u00edntegra de la reforma laboral del PP"},"content":{"rendered":"<p>A \u00faltima hora del debate parlamentario de ayer, pasadas las 8 de la tarde, el PSOE y UP hicieron p\u00fablico un pacto con Bildu doblemente sorprendente, y que tendr\u00e1 una importante repercusi\u00f3n pol\u00edtica y econ\u00f3mica.<\/p>\n<p>Ariadna Lastra, la portavoz socialista, tras consultar con el presidente S\u00e1nchez, firm\u00f3 el acuerdo adjunto.<\/p>\n<p><img fetchpriority=\"high\" decoding=\"async\" class=\"aligncenter size-full wp-image-36384\" src=\"https:\/\/conversesacatalunya.cat\/wp-content\/uploads\/2020\/05\/Carta.jpg\" alt=\"\" width=\"1125\" height=\"1533\" srcset=\"https:\/\/conversesacatalunya.cat\/wp-content\/uploads\/2020\/05\/Carta.jpg 1125w, https:\/\/conversesacatalunya.cat\/wp-content\/uploads\/2020\/05\/Carta-220x300.jpg 220w, https:\/\/conversesacatalunya.cat\/wp-content\/uploads\/2020\/05\/Carta-751x1024.jpg 751w\" sizes=\"(max-width: 1125px) 100vw, 1125px\" \/><\/p>\n<p>Como se puede constatar en el texto, se establece la <strong>derogaci\u00f3n \u00edntegra<\/strong> de la \u00faltima reforma laboral. De esta manera el PSOE va m\u00e1s all\u00e1 de su acuerdo de gobierno con UP que s\u00f3lo <strong>preve\u00eda modificaciones parciales<\/strong>.<\/p>\n<p>Para aumentar la confusi\u00f3n, horas m\u00e1s tarde, el PSOE, que no UP, emiti\u00f3 un comunicado indicando que <strong>la reforma s\u00f3lo ser\u00eda parcial<\/strong>. Todo ello a\u00f1ade gran confusi\u00f3n en un tema delicado como es el de las relaciones laborales.<\/p>\n<p>En un escenario de gran sensibilidad por parte del empresariado por miedo a no poder soportar la ca\u00edda econ\u00f3mica, y de los trabajadores que han perdido o temen perder su puesto de trabajo, se produce este hecho imprevisto que deja abierta la puerta a la mayor de las incertidumbres, porque el documento pactado es bien claro sobre la integridad de la derogaci\u00f3n, pero al mismo tiempo dentro del gobierno hay, a estas alturas, dos posiciones. La socialista, que dice \u00abdonde dije digo, digo Diego\u00bb, y la de los seguidores de Iglesias, que mantienen \u00edntegramente el acuerdo.<\/p>\n<p><strong>La CEOE y la CEPYME<\/strong> ya han emitido un dur\u00edsimo comunicado en el que afirman \u00abrechazamos con total rotundidad el acuerdo alcanzado entre la coalici\u00f3n PSOE y UP y EH Bildu para derogar la reforma laboral a cambio de su apoyo a la \u00faltima de las pr\u00f3rrogas del estado de alarma\u00bb. El texto breve est\u00e1 repleto de en\u00e9rgicos calificativos, desprecio, indignaci\u00f3n, \u00abojos sordos a las recomendaciones de la CE\u00bb, \u00abirresponsabilidad\u00bb, \u00abconsecuencias negativas incalculables en la econom\u00eda espa\u00f1ola\u00bb e \u00abincoherente\u00bb.<\/p>\n<p><img decoding=\"async\" class=\"aligncenter size-full wp-image-36386 lazyload\" data-src=\"https:\/\/conversesacatalunya.cat\/wp-content\/uploads\/2020\/05\/Comunicat.jpg\" alt=\"\" width=\"1086\" height=\"1600\" data-srcset=\"https:\/\/conversesacatalunya.cat\/wp-content\/uploads\/2020\/05\/Comunicat.jpg 1086w, https:\/\/conversesacatalunya.cat\/wp-content\/uploads\/2020\/05\/Comunicat-204x300.jpg 204w, https:\/\/conversesacatalunya.cat\/wp-content\/uploads\/2020\/05\/Comunicat-695x1024.jpg 695w, https:\/\/conversesacatalunya.cat\/wp-content\/uploads\/2020\/05\/Comunicat-1043x1536.jpg 1043w\" data-sizes=\"(max-width: 1086px) 100vw, 1086px\" src=\"data:image\/svg+xml;base64,PHN2ZyB3aWR0aD0iMSIgaGVpZ2h0PSIxIiB4bWxucz0iaHR0cDovL3d3dy53My5vcmcvMjAwMC9zdmciPjwvc3ZnPg==\" style=\"--smush-placeholder-width: 1086px; --smush-placeholder-aspect-ratio: 1086\/1600;\" \/><\/p>\n<p>Lo m\u00e1s extra\u00f1o de todo es que cuando el acuerdo se firm\u00f3, la abstenci\u00f3n de Bildu, porque ni siquiera se trata de haber logrado sus votos a favor de la pr\u00f3rroga del estado de alarma, <strong>ya no eran necesarios<\/strong>, porque el resultado estaba asegurado con los votos del PNV y Cs. Posiblemente, y es la \u00fanica explicaci\u00f3n l\u00f3gica, si es que el asunto tiene alguna l\u00f3gica, el gobierno estaba inseguro del resultado final de las votaciones, pact\u00f3 verbalmente con Bildu, y luego, cuando la votaci\u00f3n se produjo con resultado satisfactorio, ya no ten\u00eda m\u00e1s remedio que poner negro sobre blanco lo que hab\u00edan concordado.<\/p>\n<span class='bctt-click-to-tweet'><span class='bctt-ctt-text'><a href='https:\/\/twitter.com\/intent\/tweet?url=https%3A%2F%2Fconversesacatalunya.cat%2Fes%2Fdoble-salt-mortal-de-sanchez-a-ultima-hora-pacta-amb-bildu-la-derogacio-integra-de-la-reforma-laboral-del-pp%2F&#038;text=En%20un%20escenario%20de%20gran%20sensibilidad%20por%20parte%20del%20empresariado%20por%20miedo%20a%20no%20poder%20soportar%20la%20ca%C3%ADda%20econ%C3%B3mica%2C%20y%20de%20los%20trabajadores%20que%20han%20perdido%20o%20temen%20perder%20su%20puesto%20de%20trabajo%2C%20se%20produce%20este%20hecho%20imprevisto&#038;via=conversesacat&#038;related=conversesacat' target='_blank'rel=\"noopener noreferrer\">En un escenario de gran sensibilidad por parte del empresariado por miedo a no poder soportar la ca\u00edda econ\u00f3mica, y de los trabajadores que han perdido o temen perder su puesto de trabajo, se produce este hecho imprevisto <\/a><\/span><a href='https:\/\/twitter.com\/intent\/tweet?url=https%3A%2F%2Fconversesacatalunya.cat%2Fes%2Fdoble-salt-mortal-de-sanchez-a-ultima-hora-pacta-amb-bildu-la-derogacio-integra-de-la-reforma-laboral-del-pp%2F&#038;text=En%20un%20escenario%20de%20gran%20sensibilidad%20por%20parte%20del%20empresariado%20por%20miedo%20a%20no%20poder%20soportar%20la%20ca%C3%ADda%20econ%C3%B3mica%2C%20y%20de%20los%20trabajadores%20que%20han%20perdido%20o%20temen%20perder%20su%20puesto%20de%20trabajo%2C%20se%20produce%20este%20hecho%20imprevisto&#038;via=conversesacat&#038;related=conversesacat' target='_blank' class='bctt-ctt-btn'rel=\"noopener noreferrer\">Compartir en X<\/a><\/span>\n<p>Est\u00e1 claro que de poco sirve esta firma p\u00f3stuma a la credibilidad socialista, si horas despu\u00e9s<strong> se desdice<\/strong> del acuerdo. En este hecho confluyen <strong>tres circunstancias muy graves<\/strong>. La primera, <strong>la naturaleza del acuerdo<\/strong>, que ya se ve en la nota de la patronal que tiene fuertes consecuencias en un momento dif\u00edcil. La segunda, pone de relieve la <strong>nefasta din\u00e1mica<\/strong> que genera la voluntad de S\u00e1nchez de prorrogar el estado de alarma a toda costa con una fr\u00e1gil mayor\u00eda que lo pone en manos de la subasta continua de los partidos menores. Sin duda el m\u00e1s beneficiado es el PNV, tambi\u00e9n ahora Bildu, pero en la lista hay otras organizaciones como Coalici\u00f3n Canaria. La tercera consideraci\u00f3n es que lo que se acuerda <strong>nada tiene que ver ni con las vidas, ni con la salud de los ciudadanos<\/strong>.<\/p>\n<p>En este mercado de Calaf en el que se han convertido las pr\u00f3rrogas, los \u00fanicos que <strong>han quedado fuera de juego<\/strong> sistem\u00e1ticamente porque en las 5 ocasiones no han logrado ninguna contrapartida, son precisamente los dos partidos independentistas catalanes, que adem\u00e1s son los que re\u00fanen por separado m\u00e1s votos de la c\u00e1mara. ERC duplica al PNV y JxCat lo supera. La reflexi\u00f3n sobre este \u00faltimo hecho por parte de los catalanes deber\u00eda ser obligada.<\/p>\n<p style=\"text-align: center;\">M\u00e1s informaci\u00f3n sobre el coronavirus en <a href=\"https:\/\/conversesacatalunya.cat\/es\/coronavirus\/\" target=\"_blank\" rel=\"noopener noreferrer\"><strong>ESPECIAL CORONAVIRUS<\/strong><\/a><\/p>\n<div id=\"polls-51\" class=\"wp-polls\">\n\t<form id=\"polls_form_51\" class=\"wp-polls-form\" action=\"\/index.php\" method=\"post\">\n\t\t<p style=\"display: none;\"><input type=\"hidden\" id=\"poll_51_nonce\" name=\"wp-polls-nonce\" value=\"a9932dbbe5\" \/><\/p>\n\t\t<p style=\"display: none;\"><input type=\"hidden\" name=\"poll_id\" value=\"51\" \/><\/p>\n\t\t<p style=\"text-align: center\"><strong>Est\u00e0s d'acord que es prolongui l'Estat d'Alarma un mes?<\/strong><\/p><div id=\"polls-51-ans\" class=\"wp-polls-ans\"><ul class=\"wp-polls-ul\">\n\t\t<li><input type=\"radio\" id=\"poll-answer-108\" name=\"poll_51\" value=\"108\" \/> <label for=\"poll-answer-108\">Si<\/label><\/li>\n\t\t<li><input type=\"radio\" id=\"poll-answer-109\" name=\"poll_51\" value=\"109\" \/> <label for=\"poll-answer-109\">No<\/label><\/li>\n\t\t<\/ul><p style=\"text-align: center\"><input type=\"button\" name=\"vote\" value=\"   Vota   \" class=\"Buttons\" onclick=\"poll_vote(51);\" \/><\/p><p style=\"text-align: center\"><a href=\"#ViewPollResults\" onclick=\"poll_result(51); return false;\" title=\"View Results Of This Poll\">Mira els resultats<\/a><\/p><\/div>\n\t<\/form>\n<\/div>\n<div id=\"polls-51-loading\" class=\"wp-polls-loading\"><img decoding=\"async\" data-src=\"https:\/\/conversesacatalunya.cat\/wp-content\/plugins\/wp-polls\/images\/loading.gif\" width=\"16\" height=\"16\" alt=\"Cargando ...\" title=\"Cargando ...\" class=\"wp-polls-image lazyload\" src=\"data:image\/svg+xml;base64,PHN2ZyB3aWR0aD0iMSIgaGVpZ2h0PSIxIiB4bWxucz0iaHR0cDovL3d3dy53My5vcmcvMjAwMC9zdmciPjwvc3ZnPg==\" style=\"--smush-placeholder-width: 16px; --smush-placeholder-aspect-ratio: 16\/16;\" \/>&nbsp;Cargando ...<\/div>\n\n","protected":false},"excerpt":{"rendered":"<p>A \u00faltima hora del debate parlamentario de ayer, pasadas las 8 de la tarde, el PSOE y UP hicieron p\u00fablico un pacto con Bildu doblemente sorprendente, y que tendr\u00e1 una importante repercusi\u00f3n pol\u00edtica y econ\u00f3mica. Ariadna Lastra, la portavoz socialista, tras consultar con el presidente S\u00e1nchez, firm\u00f3 el acuerdo adjunto. Como se puede constatar en el texto, se establece la derogaci\u00f3n \u00edntegra de la \u00faltima reforma laboral. De esta manera el PSOE va m\u00e1s all\u00e1 de su acuerdo de gobierno con UP que s\u00f3lo preve\u00eda modificaciones parciales. Para aumentar la confusi\u00f3n, horas m\u00e1s tarde, el PSOE, que no UP, emiti\u00f3 un comunicado indicando que la reforma s\u00f3lo ser\u00eda parcial. Todo ello a\u00f1ade gran confusi\u00f3n en un tema delicado como es el de las relaciones laborales. En un escenario de gran sensibilidad por parte del empresariado por miedo a no poder soportar la ca\u00edda econ\u00f3mica, y de los trabajadores que han perdido o temen perder su puesto de trabajo, se produce este hecho imprevisto que deja abierta la puerta a la mayor de las incertidumbres, porque el documento pactado es bien claro sobre la integridad de la derogaci\u00f3n, pero al mismo tiempo dentro del gobierno hay, a estas alturas, dos posiciones. La socialista, que dice \u00abdonde dije digo, digo Diego\u00bb, y la de los seguidores de Iglesias, que mantienen \u00edntegramente el acuerdo. La CEOE y la CEPYME ya han emitido un dur\u00edsimo comunicado en el que afirman \u00abrechazamos con total rotundidad el acuerdo alcanzado entre la coalici\u00f3n PSOE y UP y EH Bildu para derogar la reforma laboral a cambio de su apoyo a la \u00faltima de las pr\u00f3rrogas del estado de alarma\u00bb. El texto breve est\u00e1 repleto de en\u00e9rgicos calificativos, desprecio, indignaci\u00f3n, \u00abojos sordos a las recomendaciones de la CE\u00bb, \u00abirresponsabilidad\u00bb, \u00abconsecuencias negativas incalculables en la econom\u00eda espa\u00f1ola\u00bb e \u00abincoherente\u00bb. Lo m\u00e1s extra\u00f1o de todo es que cuando el acuerdo se firm\u00f3, la abstenci\u00f3n de Bildu, porque ni siquiera se trata de haber logrado sus votos a favor de la pr\u00f3rroga del estado de alarma, ya no eran necesarios, porque el resultado estaba asegurado con los votos del PNV y Cs. Posiblemente, y es la \u00fanica explicaci\u00f3n l\u00f3gica, si es que el asunto tiene alguna l\u00f3gica, el gobierno estaba inseguro del resultado final de las votaciones, pact\u00f3 verbalmente con Bildu, y luego, cuando la votaci\u00f3n se produjo con resultado satisfactorio, ya no ten\u00eda m\u00e1s remedio que poner negro sobre blanco lo que hab\u00edan concordado. Est\u00e1 claro que de poco sirve esta firma p\u00f3stuma a la credibilidad socialista, si horas despu\u00e9s se desdice del acuerdo. En este hecho confluyen tres circunstancias muy graves. La primera, la naturaleza del acuerdo, que ya se ve en la nota de la patronal que tiene fuertes consecuencias en un momento dif\u00edcil. La segunda, pone de relieve la nefasta din\u00e1mica que genera la voluntad de S\u00e1nchez de prorrogar el estado de alarma a toda costa con una fr\u00e1gil mayor\u00eda que lo pone en manos de la subasta continua de los partidos menores. Sin duda el m\u00e1s beneficiado es el PNV, tambi\u00e9n ahora Bildu, pero en la lista hay otras organizaciones como Coalici\u00f3n Canaria. La tercera consideraci\u00f3n es que lo que se acuerda nada tiene que ver ni con las vidas, ni con la salud de los ciudadanos. En este mercado de Calaf en el que se han convertido las pr\u00f3rrogas, los \u00fanicos que han quedado fuera de juego sistem\u00e1ticamente porque en las 5 ocasiones no han logrado ninguna contrapartida, son precisamente los dos partidos independentistas catalanes, que adem\u00e1s son los que re\u00fanen por separado m\u00e1s votos de la c\u00e1mara. ERC duplica al PNV y JxCat lo supera. La reflexi\u00f3n sobre este \u00faltimo hecho por parte de los catalanes deber\u00eda ser obligada. M\u00e1s informaci\u00f3n sobre el coronavirus en ESPECIAL CORONAVIRUS<\/p>\n","protected":false},"author":2,"featured_media":36389,"comment_status":"open","ping_status":"open","sticky":false,"template":"","format":"standard","meta":{"_FSMCFIC_featured_image_caption":"","_FSMCFIC_featured_image_nocaption":"","_FSMCFIC_featured_image_hide":"","footnotes":""},"categories":[1772,806],"tags":[1504,1901,1157,2410],"class_list":["post-36397","post","type-post","status-publish","format-standard","has-post-thumbnail","hentry","category-especial-coronavirus-es","category-punts-claus-del-dia-es","tag-coronavirus-es","tag-estado-de-alarma","tag-pedro-sanchez-es","tag-reforma-laboral-es"],"yoast_head":"<!-- This site is optimized with the Yoast SEO plugin v26.8 - https:\/\/yoast.com\/product\/yoast-seo-wordpress\/ -->\n<title>Doble salto mortal de S\u00e1nchez: a \u00faltima hora pacta con Bildu la derogaci\u00f3n \u00edntegra de la reforma laboral del PP - Converses a Catalunya<\/title>\n<meta name=\"robots\" content=\"index, follow, max-snippet:-1, max-image-preview:large, max-video-preview:-1\" \/>\n<link rel=\"canonical\" href=\"https:\/\/conversesacatalunya.cat\/es\/doble-salt-mortal-de-sanchez-a-ultima-hora-pacta-amb-bildu-la-derogacio-integra-de-la-reforma-laboral-del-pp\/\" \/>\n<meta property=\"og:locale\" content=\"es_ES\" \/>\n<meta property=\"og:type\" content=\"article\" \/>\n<meta property=\"og:title\" content=\"Doble salto mortal de S\u00e1nchez: a \u00faltima hora pacta con Bildu la derogaci\u00f3n \u00edntegra de la reforma laboral del PP - Converses a Catalunya\" \/>\n<meta property=\"og:description\" content=\"A \u00faltima hora del debate parlamentario de ayer, pasadas las 8 de la tarde, el PSOE y UP hicieron p\u00fablico un pacto con Bildu doblemente sorprendente, y que tendr\u00e1 una importante repercusi\u00f3n pol\u00edtica y econ\u00f3mica. Ariadna Lastra, la portavoz socialista, tras consultar con el presidente S\u00e1nchez, firm\u00f3 el acuerdo adjunto. Como se puede constatar en el texto, se establece la derogaci\u00f3n \u00edntegra de la \u00faltima reforma laboral. De esta manera el PSOE va m\u00e1s all\u00e1 de su acuerdo de gobierno con UP que s\u00f3lo preve\u00eda modificaciones parciales. Para aumentar la confusi\u00f3n, horas m\u00e1s tarde, el PSOE, que no UP, emiti\u00f3 un comunicado indicando que la reforma s\u00f3lo ser\u00eda parcial. Todo ello a\u00f1ade gran confusi\u00f3n en un tema delicado como es el de las relaciones laborales. En un escenario de gran sensibilidad por parte del empresariado por miedo a no poder soportar la ca\u00edda econ\u00f3mica, y de los trabajadores que han perdido o temen perder su puesto de trabajo, se produce este hecho imprevisto que deja abierta la puerta a la mayor de las incertidumbres, porque el documento pactado es bien claro sobre la integridad de la derogaci\u00f3n, pero al mismo tiempo dentro del gobierno hay, a estas alturas, dos posiciones. La socialista, que dice \u00abdonde dije digo, digo Diego\u00bb, y la de los seguidores de Iglesias, que mantienen \u00edntegramente el acuerdo. La CEOE y la CEPYME ya han emitido un dur\u00edsimo comunicado en el que afirman \u00abrechazamos con total rotundidad el acuerdo alcanzado entre la coalici\u00f3n PSOE y UP y EH Bildu para derogar la reforma laboral a cambio de su apoyo a la \u00faltima de las pr\u00f3rrogas del estado de alarma\u00bb. El texto breve est\u00e1 repleto de en\u00e9rgicos calificativos, desprecio, indignaci\u00f3n, \u00abojos sordos a las recomendaciones de la CE\u00bb, \u00abirresponsabilidad\u00bb, \u00abconsecuencias negativas incalculables en la econom\u00eda espa\u00f1ola\u00bb e \u00abincoherente\u00bb. Lo m\u00e1s extra\u00f1o de todo es que cuando el acuerdo se firm\u00f3, la abstenci\u00f3n de Bildu, porque ni siquiera se trata de haber logrado sus votos a favor de la pr\u00f3rroga del estado de alarma, ya no eran necesarios, porque el resultado estaba asegurado con los votos del PNV y Cs. Posiblemente, y es la \u00fanica explicaci\u00f3n l\u00f3gica, si es que el asunto tiene alguna l\u00f3gica, el gobierno estaba inseguro del resultado final de las votaciones, pact\u00f3 verbalmente con Bildu, y luego, cuando la votaci\u00f3n se produjo con resultado satisfactorio, ya no ten\u00eda m\u00e1s remedio que poner negro sobre blanco lo que hab\u00edan concordado. Est\u00e1 claro que de poco sirve esta firma p\u00f3stuma a la credibilidad socialista, si horas despu\u00e9s se desdice del acuerdo. En este hecho confluyen tres circunstancias muy graves. La primera, la naturaleza del acuerdo, que ya se ve en la nota de la patronal que tiene fuertes consecuencias en un momento dif\u00edcil. La segunda, pone de relieve la nefasta din\u00e1mica que genera la voluntad de S\u00e1nchez de prorrogar el estado de alarma a toda costa con una fr\u00e1gil mayor\u00eda que lo pone en manos de la subasta continua de los partidos menores. Sin duda el m\u00e1s beneficiado es el PNV, tambi\u00e9n ahora Bildu, pero en la lista hay otras organizaciones como Coalici\u00f3n Canaria. La tercera consideraci\u00f3n es que lo que se acuerda nada tiene que ver ni con las vidas, ni con la salud de los ciudadanos. En este mercado de Calaf en el que se han convertido las pr\u00f3rrogas, los \u00fanicos que han quedado fuera de juego sistem\u00e1ticamente porque en las 5 ocasiones no han logrado ninguna contrapartida, son precisamente los dos partidos independentistas catalanes, que adem\u00e1s son los que re\u00fanen por separado m\u00e1s votos de la c\u00e1mara. ERC duplica al PNV y JxCat lo supera. La reflexi\u00f3n sobre este \u00faltimo hecho por parte de los catalanes deber\u00eda ser obligada. M\u00e1s informaci\u00f3n sobre el coronavirus en ESPECIAL CORONAVIRUS\" \/>\n<meta property=\"og:url\" content=\"https:\/\/conversesacatalunya.cat\/es\/doble-salt-mortal-de-sanchez-a-ultima-hora-pacta-amb-bildu-la-derogacio-integra-de-la-reforma-laboral-del-pp\/\" \/>\n<meta property=\"og:site_name\" content=\"Converses a Catalunya\" \/>\n<meta property=\"article:published_time\" content=\"2020-05-21T10:57:59+00:00\" \/>\n<meta property=\"article:modified_time\" content=\"2020-05-21T11:55:08+00:00\" \/>\n<meta property=\"og:image\" content=\"https:\/\/conversesacatalunya.cat\/wp-content\/uploads\/2020\/05\/Sanchez-y-Bildu.jpg\" \/>\n\t<meta property=\"og:image:width\" content=\"655\" \/>\n\t<meta property=\"og:image:height\" content=\"368\" \/>\n\t<meta property=\"og:image:type\" content=\"image\/jpeg\" \/>\n<meta name=\"author\" content=\"conversesacatalunya\" \/>\n<meta name=\"twitter:card\" content=\"summary_large_image\" \/>\n<meta name=\"twitter:label1\" content=\"Escrito por\" \/>\n\t<meta name=\"twitter:data1\" content=\"conversesacatalunya\" \/>\n\t<meta name=\"twitter:label2\" content=\"Tiempo de lectura\" \/>\n\t<meta name=\"twitter:data2\" content=\"4 minutos\" \/>\n<script type=\"application\/ld+json\" class=\"yoast-schema-graph\">{\"@context\":\"https:\/\/schema.org\",\"@graph\":[{\"@type\":\"Article\",\"@id\":\"https:\/\/conversesacatalunya.cat\/es\/doble-salt-mortal-de-sanchez-a-ultima-hora-pacta-amb-bildu-la-derogacio-integra-de-la-reforma-laboral-del-pp\/#article\",\"isPartOf\":{\"@id\":\"https:\/\/conversesacatalunya.cat\/es\/doble-salt-mortal-de-sanchez-a-ultima-hora-pacta-amb-bildu-la-derogacio-integra-de-la-reforma-laboral-del-pp\/\"},\"author\":{\"name\":\"conversesacatalunya\",\"@id\":\"https:\/\/conversesacatalunya.cat\/#\/schema\/person\/7e24d1e54a2785373ddcb275eae5ed99\"},\"headline\":\"Doble salto mortal de S\u00e1nchez: a \u00faltima hora pacta con Bildu la derogaci\u00f3n \u00edntegra de la reforma laboral del PP\",\"datePublished\":\"2020-05-21T10:57:59+00:00\",\"dateModified\":\"2020-05-21T11:55:08+00:00\",\"mainEntityOfPage\":{\"@id\":\"https:\/\/conversesacatalunya.cat\/es\/doble-salt-mortal-de-sanchez-a-ultima-hora-pacta-amb-bildu-la-derogacio-integra-de-la-reforma-laboral-del-pp\/\"},\"wordCount\":746,\"commentCount\":0,\"image\":{\"@id\":\"https:\/\/conversesacatalunya.cat\/es\/doble-salt-mortal-de-sanchez-a-ultima-hora-pacta-amb-bildu-la-derogacio-integra-de-la-reforma-laboral-del-pp\/#primaryimage\"},\"thumbnailUrl\":\"https:\/\/conversesacatalunya.cat\/wp-content\/uploads\/2020\/05\/Sanchez-y-Bildu.jpg\",\"keywords\":[\"coronavirus\",\"Estado de Alarma\",\"Pedro S\u00e1nchez\",\"reforma laboral\"],\"articleSection\":[\"Especial Coronavirus (ES)\",\"Punts clau del dia (ES)\"],\"inLanguage\":\"es\",\"potentialAction\":[{\"@type\":\"CommentAction\",\"name\":\"Comment\",\"target\":[\"https:\/\/conversesacatalunya.cat\/es\/doble-salt-mortal-de-sanchez-a-ultima-hora-pacta-amb-bildu-la-derogacio-integra-de-la-reforma-laboral-del-pp\/#respond\"]}]},{\"@type\":\"WebPage\",\"@id\":\"https:\/\/conversesacatalunya.cat\/es\/doble-salt-mortal-de-sanchez-a-ultima-hora-pacta-amb-bildu-la-derogacio-integra-de-la-reforma-laboral-del-pp\/\",\"url\":\"https:\/\/conversesacatalunya.cat\/es\/doble-salt-mortal-de-sanchez-a-ultima-hora-pacta-amb-bildu-la-derogacio-integra-de-la-reforma-laboral-del-pp\/\",\"name\":\"Doble salto mortal de S\u00e1nchez: a \u00faltima hora pacta con Bildu la derogaci\u00f3n \u00edntegra de la reforma laboral del PP - Converses a Catalunya\",\"isPartOf\":{\"@id\":\"https:\/\/conversesacatalunya.cat\/#website\"},\"primaryImageOfPage\":{\"@id\":\"https:\/\/conversesacatalunya.cat\/es\/doble-salt-mortal-de-sanchez-a-ultima-hora-pacta-amb-bildu-la-derogacio-integra-de-la-reforma-laboral-del-pp\/#primaryimage\"},\"image\":{\"@id\":\"https:\/\/conversesacatalunya.cat\/es\/doble-salt-mortal-de-sanchez-a-ultima-hora-pacta-amb-bildu-la-derogacio-integra-de-la-reforma-laboral-del-pp\/#primaryimage\"},\"thumbnailUrl\":\"https:\/\/conversesacatalunya.cat\/wp-content\/uploads\/2020\/05\/Sanchez-y-Bildu.jpg\",\"datePublished\":\"2020-05-21T10:57:59+00:00\",\"dateModified\":\"2020-05-21T11:55:08+00:00\",\"author\":{\"@id\":\"https:\/\/conversesacatalunya.cat\/#\/schema\/person\/7e24d1e54a2785373ddcb275eae5ed99\"},\"breadcrumb\":{\"@id\":\"https:\/\/conversesacatalunya.cat\/es\/doble-salt-mortal-de-sanchez-a-ultima-hora-pacta-amb-bildu-la-derogacio-integra-de-la-reforma-laboral-del-pp\/#breadcrumb\"},\"inLanguage\":\"es\",\"potentialAction\":[{\"@type\":\"ReadAction\",\"target\":[\"https:\/\/conversesacatalunya.cat\/es\/doble-salt-mortal-de-sanchez-a-ultima-hora-pacta-amb-bildu-la-derogacio-integra-de-la-reforma-laboral-del-pp\/\"]}]},{\"@type\":\"ImageObject\",\"inLanguage\":\"es\",\"@id\":\"https:\/\/conversesacatalunya.cat\/es\/doble-salt-mortal-de-sanchez-a-ultima-hora-pacta-amb-bildu-la-derogacio-integra-de-la-reforma-laboral-del-pp\/#primaryimage\",\"url\":\"https:\/\/conversesacatalunya.cat\/wp-content\/uploads\/2020\/05\/Sanchez-y-Bildu.jpg\",\"contentUrl\":\"https:\/\/conversesacatalunya.cat\/wp-content\/uploads\/2020\/05\/Sanchez-y-Bildu.jpg\",\"width\":655,\"height\":368,\"caption\":\"Reforma laboral\"},{\"@type\":\"BreadcrumbList\",\"@id\":\"https:\/\/conversesacatalunya.cat\/es\/doble-salt-mortal-de-sanchez-a-ultima-hora-pacta-amb-bildu-la-derogacio-integra-de-la-reforma-laboral-del-pp\/#breadcrumb\",\"itemListElement\":[{\"@type\":\"ListItem\",\"position\":1,\"name\":\"Inici\",\"item\":\"https:\/\/conversesacatalunya.cat\/es\/\"},{\"@type\":\"ListItem\",\"position\":2,\"name\":\"Doble salto mortal de S\u00e1nchez: a \u00faltima hora pacta con Bildu la derogaci\u00f3n \u00edntegra de la reforma laboral del PP\"}]},{\"@type\":\"WebSite\",\"@id\":\"https:\/\/conversesacatalunya.cat\/#website\",\"url\":\"https:\/\/conversesacatalunya.cat\/\",\"name\":\"Converses a Catalunya\",\"description\":\"\",\"potentialAction\":[{\"@type\":\"SearchAction\",\"target\":{\"@type\":\"EntryPoint\",\"urlTemplate\":\"https:\/\/conversesacatalunya.cat\/?s={search_term_string}\"},\"query-input\":{\"@type\":\"PropertyValueSpecification\",\"valueRequired\":true,\"valueName\":\"search_term_string\"}}],\"inLanguage\":\"es\"},{\"@type\":\"Person\",\"@id\":\"https:\/\/conversesacatalunya.cat\/#\/schema\/person\/7e24d1e54a2785373ddcb275eae5ed99\",\"name\":\"conversesacatalunya\",\"image\":{\"@type\":\"ImageObject\",\"inLanguage\":\"es\",\"@id\":\"https:\/\/conversesacatalunya.cat\/#\/schema\/person\/image\/\",\"url\":\"https:\/\/conversesacatalunya.cat\/wp-content\/litespeed\/avatar\/febdfeeec89d950f01c748045a981dd2.jpg?ver=1777314535\",\"contentUrl\":\"https:\/\/conversesacatalunya.cat\/wp-content\/litespeed\/avatar\/febdfeeec89d950f01c748045a981dd2.jpg?ver=1777314535\",\"caption\":\"conversesacatalunya\"},\"url\":\"https:\/\/conversesacatalunya.cat\/es\/author\/carme_catala\/\"}]}<\/script>\n<!-- \/ Yoast SEO plugin. -->","yoast_head_json":{"title":"Doble salto mortal de S\u00e1nchez: a \u00faltima hora pacta con Bildu la derogaci\u00f3n \u00edntegra de la reforma laboral del PP - Converses a Catalunya","robots":{"index":"index","follow":"follow","max-snippet":"max-snippet:-1","max-image-preview":"max-image-preview:large","max-video-preview":"max-video-preview:-1"},"canonical":"https:\/\/conversesacatalunya.cat\/es\/doble-salt-mortal-de-sanchez-a-ultima-hora-pacta-amb-bildu-la-derogacio-integra-de-la-reforma-laboral-del-pp\/","og_locale":"es_ES","og_type":"article","og_title":"Doble salto mortal de S\u00e1nchez: a \u00faltima hora pacta con Bildu la derogaci\u00f3n \u00edntegra de la reforma laboral del PP - Converses a Catalunya","og_description":"A \u00faltima hora del debate parlamentario de ayer, pasadas las 8 de la tarde, el PSOE y UP hicieron p\u00fablico un pacto con Bildu doblemente sorprendente, y que tendr\u00e1 una importante repercusi\u00f3n pol\u00edtica y econ\u00f3mica. Ariadna Lastra, la portavoz socialista, tras consultar con el presidente S\u00e1nchez, firm\u00f3 el acuerdo adjunto. Como se puede constatar en el texto, se establece la derogaci\u00f3n \u00edntegra de la \u00faltima reforma laboral. De esta manera el PSOE va m\u00e1s all\u00e1 de su acuerdo de gobierno con UP que s\u00f3lo preve\u00eda modificaciones parciales. Para aumentar la confusi\u00f3n, horas m\u00e1s tarde, el PSOE, que no UP, emiti\u00f3 un comunicado indicando que la reforma s\u00f3lo ser\u00eda parcial. Todo ello a\u00f1ade gran confusi\u00f3n en un tema delicado como es el de las relaciones laborales. En un escenario de gran sensibilidad por parte del empresariado por miedo a no poder soportar la ca\u00edda econ\u00f3mica, y de los trabajadores que han perdido o temen perder su puesto de trabajo, se produce este hecho imprevisto que deja abierta la puerta a la mayor de las incertidumbres, porque el documento pactado es bien claro sobre la integridad de la derogaci\u00f3n, pero al mismo tiempo dentro del gobierno hay, a estas alturas, dos posiciones. La socialista, que dice \u00abdonde dije digo, digo Diego\u00bb, y la de los seguidores de Iglesias, que mantienen \u00edntegramente el acuerdo. La CEOE y la CEPYME ya han emitido un dur\u00edsimo comunicado en el que afirman \u00abrechazamos con total rotundidad el acuerdo alcanzado entre la coalici\u00f3n PSOE y UP y EH Bildu para derogar la reforma laboral a cambio de su apoyo a la \u00faltima de las pr\u00f3rrogas del estado de alarma\u00bb. El texto breve est\u00e1 repleto de en\u00e9rgicos calificativos, desprecio, indignaci\u00f3n, \u00abojos sordos a las recomendaciones de la CE\u00bb, \u00abirresponsabilidad\u00bb, \u00abconsecuencias negativas incalculables en la econom\u00eda espa\u00f1ola\u00bb e \u00abincoherente\u00bb. Lo m\u00e1s extra\u00f1o de todo es que cuando el acuerdo se firm\u00f3, la abstenci\u00f3n de Bildu, porque ni siquiera se trata de haber logrado sus votos a favor de la pr\u00f3rroga del estado de alarma, ya no eran necesarios, porque el resultado estaba asegurado con los votos del PNV y Cs. Posiblemente, y es la \u00fanica explicaci\u00f3n l\u00f3gica, si es que el asunto tiene alguna l\u00f3gica, el gobierno estaba inseguro del resultado final de las votaciones, pact\u00f3 verbalmente con Bildu, y luego, cuando la votaci\u00f3n se produjo con resultado satisfactorio, ya no ten\u00eda m\u00e1s remedio que poner negro sobre blanco lo que hab\u00edan concordado. Est\u00e1 claro que de poco sirve esta firma p\u00f3stuma a la credibilidad socialista, si horas despu\u00e9s se desdice del acuerdo. En este hecho confluyen tres circunstancias muy graves. La primera, la naturaleza del acuerdo, que ya se ve en la nota de la patronal que tiene fuertes consecuencias en un momento dif\u00edcil. La segunda, pone de relieve la nefasta din\u00e1mica que genera la voluntad de S\u00e1nchez de prorrogar el estado de alarma a toda costa con una fr\u00e1gil mayor\u00eda que lo pone en manos de la subasta continua de los partidos menores. Sin duda el m\u00e1s beneficiado es el PNV, tambi\u00e9n ahora Bildu, pero en la lista hay otras organizaciones como Coalici\u00f3n Canaria. La tercera consideraci\u00f3n es que lo que se acuerda nada tiene que ver ni con las vidas, ni con la salud de los ciudadanos. En este mercado de Calaf en el que se han convertido las pr\u00f3rrogas, los \u00fanicos que han quedado fuera de juego sistem\u00e1ticamente porque en las 5 ocasiones no han logrado ninguna contrapartida, son precisamente los dos partidos independentistas catalanes, que adem\u00e1s son los que re\u00fanen por separado m\u00e1s votos de la c\u00e1mara. ERC duplica al PNV y JxCat lo supera. La reflexi\u00f3n sobre este \u00faltimo hecho por parte de los catalanes deber\u00eda ser obligada. M\u00e1s informaci\u00f3n sobre el coronavirus en ESPECIAL CORONAVIRUS","og_url":"https:\/\/conversesacatalunya.cat\/es\/doble-salt-mortal-de-sanchez-a-ultima-hora-pacta-amb-bildu-la-derogacio-integra-de-la-reforma-laboral-del-pp\/","og_site_name":"Converses a Catalunya","article_published_time":"2020-05-21T10:57:59+00:00","article_modified_time":"2020-05-21T11:55:08+00:00","og_image":[{"width":655,"height":368,"url":"https:\/\/conversesacatalunya.cat\/wp-content\/uploads\/2020\/05\/Sanchez-y-Bildu.jpg","type":"image\/jpeg"}],"author":"conversesacatalunya","twitter_card":"summary_large_image","twitter_misc":{"Escrito por":"conversesacatalunya","Tiempo de lectura":"4 minutos"},"schema":{"@context":"https:\/\/schema.org","@graph":[{"@type":"Article","@id":"https:\/\/conversesacatalunya.cat\/es\/doble-salt-mortal-de-sanchez-a-ultima-hora-pacta-amb-bildu-la-derogacio-integra-de-la-reforma-laboral-del-pp\/#article","isPartOf":{"@id":"https:\/\/conversesacatalunya.cat\/es\/doble-salt-mortal-de-sanchez-a-ultima-hora-pacta-amb-bildu-la-derogacio-integra-de-la-reforma-laboral-del-pp\/"},"author":{"name":"conversesacatalunya","@id":"https:\/\/conversesacatalunya.cat\/#\/schema\/person\/7e24d1e54a2785373ddcb275eae5ed99"},"headline":"Doble salto mortal de S\u00e1nchez: a \u00faltima hora pacta con Bildu la derogaci\u00f3n \u00edntegra de la reforma laboral del PP","datePublished":"2020-05-21T10:57:59+00:00","dateModified":"2020-05-21T11:55:08+00:00","mainEntityOfPage":{"@id":"https:\/\/conversesacatalunya.cat\/es\/doble-salt-mortal-de-sanchez-a-ultima-hora-pacta-amb-bildu-la-derogacio-integra-de-la-reforma-laboral-del-pp\/"},"wordCount":746,"commentCount":0,"image":{"@id":"https:\/\/conversesacatalunya.cat\/es\/doble-salt-mortal-de-sanchez-a-ultima-hora-pacta-amb-bildu-la-derogacio-integra-de-la-reforma-laboral-del-pp\/#primaryimage"},"thumbnailUrl":"https:\/\/conversesacatalunya.cat\/wp-content\/uploads\/2020\/05\/Sanchez-y-Bildu.jpg","keywords":["coronavirus","Estado de Alarma","Pedro S\u00e1nchez","reforma laboral"],"articleSection":["Especial Coronavirus (ES)","Punts clau del dia (ES)"],"inLanguage":"es","potentialAction":[{"@type":"CommentAction","name":"Comment","target":["https:\/\/conversesacatalunya.cat\/es\/doble-salt-mortal-de-sanchez-a-ultima-hora-pacta-amb-bildu-la-derogacio-integra-de-la-reforma-laboral-del-pp\/#respond"]}]},{"@type":"WebPage","@id":"https:\/\/conversesacatalunya.cat\/es\/doble-salt-mortal-de-sanchez-a-ultima-hora-pacta-amb-bildu-la-derogacio-integra-de-la-reforma-laboral-del-pp\/","url":"https:\/\/conversesacatalunya.cat\/es\/doble-salt-mortal-de-sanchez-a-ultima-hora-pacta-amb-bildu-la-derogacio-integra-de-la-reforma-laboral-del-pp\/","name":"Doble salto mortal de S\u00e1nchez: a \u00faltima hora pacta con Bildu la derogaci\u00f3n \u00edntegra de la reforma laboral del PP - Converses a Catalunya","isPartOf":{"@id":"https:\/\/conversesacatalunya.cat\/#website"},"primaryImageOfPage":{"@id":"https:\/\/conversesacatalunya.cat\/es\/doble-salt-mortal-de-sanchez-a-ultima-hora-pacta-amb-bildu-la-derogacio-integra-de-la-reforma-laboral-del-pp\/#primaryimage"},"image":{"@id":"https:\/\/conversesacatalunya.cat\/es\/doble-salt-mortal-de-sanchez-a-ultima-hora-pacta-amb-bildu-la-derogacio-integra-de-la-reforma-laboral-del-pp\/#primaryimage"},"thumbnailUrl":"https:\/\/conversesacatalunya.cat\/wp-content\/uploads\/2020\/05\/Sanchez-y-Bildu.jpg","datePublished":"2020-05-21T10:57:59+00:00","dateModified":"2020-05-21T11:55:08+00:00","author":{"@id":"https:\/\/conversesacatalunya.cat\/#\/schema\/person\/7e24d1e54a2785373ddcb275eae5ed99"},"breadcrumb":{"@id":"https:\/\/conversesacatalunya.cat\/es\/doble-salt-mortal-de-sanchez-a-ultima-hora-pacta-amb-bildu-la-derogacio-integra-de-la-reforma-laboral-del-pp\/#breadcrumb"},"inLanguage":"es","potentialAction":[{"@type":"ReadAction","target":["https:\/\/conversesacatalunya.cat\/es\/doble-salt-mortal-de-sanchez-a-ultima-hora-pacta-amb-bildu-la-derogacio-integra-de-la-reforma-laboral-del-pp\/"]}]},{"@type":"ImageObject","inLanguage":"es","@id":"https:\/\/conversesacatalunya.cat\/es\/doble-salt-mortal-de-sanchez-a-ultima-hora-pacta-amb-bildu-la-derogacio-integra-de-la-reforma-laboral-del-pp\/#primaryimage","url":"https:\/\/conversesacatalunya.cat\/wp-content\/uploads\/2020\/05\/Sanchez-y-Bildu.jpg","contentUrl":"https:\/\/conversesacatalunya.cat\/wp-content\/uploads\/2020\/05\/Sanchez-y-Bildu.jpg","width":655,"height":368,"caption":"Reforma laboral"},{"@type":"BreadcrumbList","@id":"https:\/\/conversesacatalunya.cat\/es\/doble-salt-mortal-de-sanchez-a-ultima-hora-pacta-amb-bildu-la-derogacio-integra-de-la-reforma-laboral-del-pp\/#breadcrumb","itemListElement":[{"@type":"ListItem","position":1,"name":"Inici","item":"https:\/\/conversesacatalunya.cat\/es\/"},{"@type":"ListItem","position":2,"name":"Doble salto mortal de S\u00e1nchez: a \u00faltima hora pacta con Bildu la derogaci\u00f3n \u00edntegra de la reforma laboral del PP"}]},{"@type":"WebSite","@id":"https:\/\/conversesacatalunya.cat\/#website","url":"https:\/\/conversesacatalunya.cat\/","name":"Converses a Catalunya","description":"","potentialAction":[{"@type":"SearchAction","target":{"@type":"EntryPoint","urlTemplate":"https:\/\/conversesacatalunya.cat\/?s={search_term_string}"},"query-input":{"@type":"PropertyValueSpecification","valueRequired":true,"valueName":"search_term_string"}}],"inLanguage":"es"},{"@type":"Person","@id":"https:\/\/conversesacatalunya.cat\/#\/schema\/person\/7e24d1e54a2785373ddcb275eae5ed99","name":"conversesacatalunya","image":{"@type":"ImageObject","inLanguage":"es","@id":"https:\/\/conversesacatalunya.cat\/#\/schema\/person\/image\/","url":"https:\/\/conversesacatalunya.cat\/wp-content\/litespeed\/avatar\/febdfeeec89d950f01c748045a981dd2.jpg?ver=1777314535","contentUrl":"https:\/\/conversesacatalunya.cat\/wp-content\/litespeed\/avatar\/febdfeeec89d950f01c748045a981dd2.jpg?ver=1777314535","caption":"conversesacatalunya"},"url":"https:\/\/conversesacatalunya.cat\/es\/author\/carme_catala\/"}]}},"wps_subtitle":"","_links":{"self":[{"href":"https:\/\/conversesacatalunya.cat\/es\/wp-json\/wp\/v2\/posts\/36397","targetHints":{"allow":["GET"]}}],"collection":[{"href":"https:\/\/conversesacatalunya.cat\/es\/wp-json\/wp\/v2\/posts"}],"about":[{"href":"https:\/\/conversesacatalunya.cat\/es\/wp-json\/wp\/v2\/types\/post"}],"author":[{"embeddable":true,"href":"https:\/\/conversesacatalunya.cat\/es\/wp-json\/wp\/v2\/users\/2"}],"replies":[{"embeddable":true,"href":"https:\/\/conversesacatalunya.cat\/es\/wp-json\/wp\/v2\/comments?post=36397"}],"version-history":[{"count":3,"href":"https:\/\/conversesacatalunya.cat\/es\/wp-json\/wp\/v2\/posts\/36397\/revisions"}],"predecessor-version":[{"id":36400,"href":"https:\/\/conversesacatalunya.cat\/es\/wp-json\/wp\/v2\/posts\/36397\/revisions\/36400"}],"wp:featuredmedia":[{"embeddable":true,"href":"https:\/\/conversesacatalunya.cat\/es\/wp-json\/wp\/v2\/media\/36389"}],"wp:attachment":[{"href":"https:\/\/conversesacatalunya.cat\/es\/wp-json\/wp\/v2\/media?parent=36397"}],"wp:term":[{"taxonomy":"category","embeddable":true,"href":"https:\/\/conversesacatalunya.cat\/es\/wp-json\/wp\/v2\/categories?post=36397"},{"taxonomy":"post_tag","embeddable":true,"href":"https:\/\/conversesacatalunya.cat\/es\/wp-json\/wp\/v2\/tags?post=36397"}],"curies":[{"name":"wp","href":"https:\/\/api.w.org\/{rel}","templated":true}]}}