{"id":36358,"date":"2020-05-20T12:29:40","date_gmt":"2020-05-20T10:29:40","guid":{"rendered":"https:\/\/conversesacatalunya.cat\/enquesta-del-cis-o-son-uns-genis-o-ens-enreden\/"},"modified":"2020-05-20T14:04:02","modified_gmt":"2020-05-20T12:04:02","slug":"encuesta-del-cis-o-son-unos-genios-o-nos-enredan","status":"publish","type":"post","link":"https:\/\/conversesacatalunya.cat\/es\/encuesta-del-cis-o-son-unos-genios-o-nos-enredan\/","title":{"rendered":"Encuesta del CIS: o son unos genios o nos enredan"},"content":{"rendered":"<p>Una vez m\u00e1s, la encuesta del CIS ha provocado pol\u00e9mica. En esta ocasi\u00f3n, m\u00e1s grande que las anteriores veces porque sus datos SON especialmente chirriantes.<\/p>\n<p>Es todo un signo que el diario progubernamental <strong>El Pa\u00eds<\/strong> haya publicado datos de la encuesta, pero no aquellos que suelen ser el centro de atenci\u00f3n, la <strong>estimaci\u00f3n de los resultados electorales<\/strong>. Pero no es s\u00f3lo esta vertiente sino muchas otras cuestiones que salpimientan la encuesta del CIS.<\/p>\n<p>Por ejemplo, es espectacular el dato que indica que, en el mes de mayo, <strong>no s\u00f3lo hay una mayor\u00eda de personas satisfechas con su situaci\u00f3n econ\u00f3mica<\/strong>, sino que adem\u00e1s este grupo es mucho mayor que el que hab\u00eda en la encuesta del mes de marzo. Es decir, \u00a1a m\u00e1s crisis econ\u00f3mica, m\u00e1s personas satisfechas!<\/p>\n<p>Pero situemos el foco en lo que es m\u00e1s pol\u00edtico, la <strong>previsi\u00f3n de esca\u00f1os<\/strong> en el caso de que ahora se produjeran elecciones generales.<\/p>\n<p>El PSOE quedar\u00eda primero de manera destacada, con <strong>141 esca\u00f1os<\/strong>. Para observar la bondad de esta cifra podemos acudir a <a href=\"https:\/\/conversesacatalunya.cat\/es\/encuestas-ha-perdido-el-psoe-la-mayoria\/\" target=\"_blank\" rel=\"noopener noreferrer\">las 5 \u00faltimas encuestas realizadas desde el 14 de mayo<\/a> por empresas diferentes. Los resultados nos dan una media de <strong>119 o 120 esca\u00f1os<\/strong>, muy lejos por tanto de la previsi\u00f3n del CIS. Pero, adem\u00e1s, esa magnitud queda fuera del m\u00e1ximo que otorga la encuesta m\u00e1s lejana, la del 14 de mayo, con <strong>131<\/strong> diputados.<\/p>\n<p>Para agravar m\u00e1s la discrepancia, la serie de los 5 sondeos es claramente descendente. Va de los mencionados 131 esca\u00f1os de aquella fecha, hasta los 109-110 de las dos \u00faltimas. Habr\u00eda, por tanto, una presumible y elevada sobrevaloraci\u00f3n de los resultados socialistas, entre 20 y 30 esca\u00f1os de m\u00e1s, que no es poco.<\/p>\n<p><strong>Al PP s\u00f3lo le otorga 89 esca\u00f1os<\/strong>, cuando la media de la serie apuntada de independientes lo sit\u00faa en la franja de los <strong>104-105<\/strong>, con un m\u00ednimo de 94, un m\u00e1ximo de 111, y una tendencia claramente creciente siempre por encima de los 100 diputados. Aqu\u00ed tambi\u00e9n la discrepancia ser\u00eda demasiado grande, y no resulta f\u00e1cil de explicar.<\/p>\n<p>Con Vox sucede algo parecido. Los esca\u00f1os que le otorga el CIS, <strong>33<\/strong>, est\u00e1n muy por debajo de la media de encuestas que se\u00f1alan 10 esca\u00f1os m\u00e1s. Tambi\u00e9n presenta una tendencia claramente ascendente, que va de los 33 esca\u00f1os el 14 de mayo a los 50-52 en los \u00faltimos resultados.<\/p>\n<p>Donde s\u00ed hay una<strong> clara coincidencia<\/strong> es con <strong>UP<\/strong>. Los<strong> 31 esca\u00f1os<\/strong> del CIS coinciden exactamente con la media de las encuestas.<\/p>\n<p>Pero vuelve la discrepancia con Cs, dado que el instituto oficial dirigido por Tezanos <strong>le otorga 23 esca\u00f1os, cuando la media se reduce a 9<\/strong>, y la encuesta que le da m\u00e1s esca\u00f1os llega a 17.<\/p>\n<p>La lectura pol\u00edtica de los resultados es clara. Suben extraordinariamente S\u00e1nchez y Arrimadas, y quedan parados los populares y Vox, mientras que UP obtiene la posici\u00f3n que es coincidente en todas las dem\u00e1s mediciones.<\/p>\n<p>Quiz\u00e1 s\u00ed Tezanos aplica aquello de \u00ab<em>Ni quito ni pongo rey, pero ayudo a mi se\u00f1or<\/em>\u00ab.<\/p>\n<span class='bctt-click-to-tweet'><span class='bctt-ctt-text'><a href='https:\/\/twitter.com\/intent\/tweet?url=https%3A%2F%2Fconversesacatalunya.cat%2Fes%2Fencuesta-del-cis-o-son-unos-genios-o-nos-enredan%2F&#038;text=Seg%C3%BAn%20el%20CIS%2C%20a%20m%C3%A1s%20crisis%20econ%C3%B3mica%2C%20m%C3%A1s%20personas%20satisfechas&#038;via=conversesacat&#038;related=conversesacat' target='_blank'rel=\"noopener noreferrer\">Seg\u00fan el CIS, a m\u00e1s crisis econ\u00f3mica, m\u00e1s personas satisfechas <\/a><\/span><a href='https:\/\/twitter.com\/intent\/tweet?url=https%3A%2F%2Fconversesacatalunya.cat%2Fes%2Fencuesta-del-cis-o-son-unos-genios-o-nos-enredan%2F&#038;text=Seg%C3%BAn%20el%20CIS%2C%20a%20m%C3%A1s%20crisis%20econ%C3%B3mica%2C%20m%C3%A1s%20personas%20satisfechas&#038;via=conversesacat&#038;related=conversesacat' target='_blank' class='bctt-ctt-btn'rel=\"noopener noreferrer\">Compartir en X<\/a><\/span>\n<div id=\"polls-51\" class=\"wp-polls\">\n\t<form id=\"polls_form_51\" class=\"wp-polls-form\" action=\"\/index.php\" method=\"post\">\n\t\t<p style=\"display: none;\"><input type=\"hidden\" id=\"poll_51_nonce\" name=\"wp-polls-nonce\" value=\"a9932dbbe5\" \/><\/p>\n\t\t<p style=\"display: none;\"><input type=\"hidden\" name=\"poll_id\" value=\"51\" \/><\/p>\n\t\t<p style=\"text-align: center\"><strong>Est\u00e0s d'acord que es prolongui l'Estat d'Alarma un mes?<\/strong><\/p><div id=\"polls-51-ans\" class=\"wp-polls-ans\"><ul class=\"wp-polls-ul\">\n\t\t<li><input type=\"radio\" id=\"poll-answer-108\" name=\"poll_51\" value=\"108\" \/> <label for=\"poll-answer-108\">Si<\/label><\/li>\n\t\t<li><input type=\"radio\" id=\"poll-answer-109\" name=\"poll_51\" value=\"109\" \/> <label for=\"poll-answer-109\">No<\/label><\/li>\n\t\t<\/ul><p style=\"text-align: center\"><input type=\"button\" name=\"vote\" value=\"   Vota   \" class=\"Buttons\" onclick=\"poll_vote(51);\" \/><\/p><p style=\"text-align: center\"><a href=\"#ViewPollResults\" onclick=\"poll_result(51); return false;\" title=\"View Results Of This Poll\">Mira els resultats<\/a><\/p><\/div>\n\t<\/form>\n<\/div>\n<div id=\"polls-51-loading\" class=\"wp-polls-loading\"><img decoding=\"async\" data-src=\"https:\/\/conversesacatalunya.cat\/wp-content\/plugins\/wp-polls\/images\/loading.gif\" width=\"16\" height=\"16\" alt=\"Cargando ...\" title=\"Cargando ...\" class=\"wp-polls-image lazyload\" src=\"data:image\/svg+xml;base64,PHN2ZyB3aWR0aD0iMSIgaGVpZ2h0PSIxIiB4bWxucz0iaHR0cDovL3d3dy53My5vcmcvMjAwMC9zdmciPjwvc3ZnPg==\" style=\"--smush-placeholder-width: 16px; --smush-placeholder-aspect-ratio: 16\/16;\" \/>&nbsp;Cargando ...<\/div>\n\n","protected":false},"excerpt":{"rendered":"<p>Una vez m\u00e1s, la encuesta del CIS ha provocado pol\u00e9mica. En esta ocasi\u00f3n, m\u00e1s grande que las anteriores veces porque sus datos SON especialmente chirriantes. Es todo un signo que el diario progubernamental El Pa\u00eds haya publicado datos de la encuesta, pero no aquellos que suelen ser el centro de atenci\u00f3n, la estimaci\u00f3n de los resultados electorales. Pero no es s\u00f3lo esta vertiente sino muchas otras cuestiones que salpimientan la encuesta del CIS. Por ejemplo, es espectacular el dato que indica que, en el mes de mayo, no s\u00f3lo hay una mayor\u00eda de personas satisfechas con su situaci\u00f3n econ\u00f3mica, sino que adem\u00e1s este grupo es mucho mayor que el que hab\u00eda en la encuesta del mes de marzo. Es decir, \u00a1a m\u00e1s crisis econ\u00f3mica, m\u00e1s personas satisfechas! Pero situemos el foco en lo que es m\u00e1s pol\u00edtico, la previsi\u00f3n de esca\u00f1os en el caso de que ahora se produjeran elecciones generales. El PSOE quedar\u00eda primero de manera destacada, con 141 esca\u00f1os. Para observar la bondad de esta cifra podemos acudir a las 5 \u00faltimas encuestas realizadas desde el 14 de mayo por empresas diferentes. Los resultados nos dan una media de 119 o 120 esca\u00f1os, muy lejos por tanto de la previsi\u00f3n del CIS. Pero, adem\u00e1s, esa magnitud queda fuera del m\u00e1ximo que otorga la encuesta m\u00e1s lejana, la del 14 de mayo, con 131 diputados. Para agravar m\u00e1s la discrepancia, la serie de los 5 sondeos es claramente descendente. Va de los mencionados 131 esca\u00f1os de aquella fecha, hasta los 109-110 de las dos \u00faltimas. Habr\u00eda, por tanto, una presumible y elevada sobrevaloraci\u00f3n de los resultados socialistas, entre 20 y 30 esca\u00f1os de m\u00e1s, que no es poco. Al PP s\u00f3lo le otorga 89 esca\u00f1os, cuando la media de la serie apuntada de independientes lo sit\u00faa en la franja de los 104-105, con un m\u00ednimo de 94, un m\u00e1ximo de 111, y una tendencia claramente creciente siempre por encima de los 100 diputados. Aqu\u00ed tambi\u00e9n la discrepancia ser\u00eda demasiado grande, y no resulta f\u00e1cil de explicar. Con Vox sucede algo parecido. Los esca\u00f1os que le otorga el CIS, 33, est\u00e1n muy por debajo de la media de encuestas que se\u00f1alan 10 esca\u00f1os m\u00e1s. Tambi\u00e9n presenta una tendencia claramente ascendente, que va de los 33 esca\u00f1os el 14 de mayo a los 50-52 en los \u00faltimos resultados. Donde s\u00ed hay una clara coincidencia es con UP. Los 31 esca\u00f1os del CIS coinciden exactamente con la media de las encuestas. Pero vuelve la discrepancia con Cs, dado que el instituto oficial dirigido por Tezanos le otorga 23 esca\u00f1os, cuando la media se reduce a 9, y la encuesta que le da m\u00e1s esca\u00f1os llega a 17. La lectura pol\u00edtica de los resultados es clara. Suben extraordinariamente S\u00e1nchez y Arrimadas, y quedan parados los populares y Vox, mientras que UP obtiene la posici\u00f3n que es coincidente en todas las dem\u00e1s mediciones. Quiz\u00e1 s\u00ed Tezanos aplica aquello de \u00abNi quito ni pongo rey, pero ayudo a mi se\u00f1or\u00ab.<\/p>\n","protected":false},"author":2,"featured_media":36331,"comment_status":"open","ping_status":"open","sticky":false,"template":"","format":"standard","meta":{"_FSMCFIC_featured_image_caption":"","_FSMCFIC_featured_image_nocaption":"","_FSMCFIC_featured_image_hide":"","footnotes":""},"categories":[806],"tags":[1150,1065],"class_list":["post-36358","post","type-post","status-publish","format-standard","has-post-thumbnail","hentry","category-punts-claus-del-dia-es","tag-cis-es","tag-encuestas"],"yoast_head":"<!-- This site is optimized with the Yoast SEO plugin v26.8 - https:\/\/yoast.com\/product\/yoast-seo-wordpress\/ -->\n<title>Encuesta del CIS: o son unos genios o nos enredan - Converses a Catalunya<\/title>\n<meta name=\"robots\" content=\"index, follow, max-snippet:-1, max-image-preview:large, max-video-preview:-1\" \/>\n<link rel=\"canonical\" href=\"https:\/\/conversesacatalunya.cat\/es\/encuesta-del-cis-o-son-unos-genios-o-nos-enredan\/\" \/>\n<meta property=\"og:locale\" content=\"es_ES\" \/>\n<meta property=\"og:type\" content=\"article\" \/>\n<meta property=\"og:title\" content=\"Encuesta del CIS: o son unos genios o nos enredan - Converses a Catalunya\" \/>\n<meta property=\"og:description\" content=\"Una vez m\u00e1s, la encuesta del CIS ha provocado pol\u00e9mica. En esta ocasi\u00f3n, m\u00e1s grande que las anteriores veces porque sus datos SON especialmente chirriantes. Es todo un signo que el diario progubernamental El Pa\u00eds haya publicado datos de la encuesta, pero no aquellos que suelen ser el centro de atenci\u00f3n, la estimaci\u00f3n de los resultados electorales. Pero no es s\u00f3lo esta vertiente sino muchas otras cuestiones que salpimientan la encuesta del CIS. Por ejemplo, es espectacular el dato que indica que, en el mes de mayo, no s\u00f3lo hay una mayor\u00eda de personas satisfechas con su situaci\u00f3n econ\u00f3mica, sino que adem\u00e1s este grupo es mucho mayor que el que hab\u00eda en la encuesta del mes de marzo. Es decir, \u00a1a m\u00e1s crisis econ\u00f3mica, m\u00e1s personas satisfechas! Pero situemos el foco en lo que es m\u00e1s pol\u00edtico, la previsi\u00f3n de esca\u00f1os en el caso de que ahora se produjeran elecciones generales. El PSOE quedar\u00eda primero de manera destacada, con 141 esca\u00f1os. Para observar la bondad de esta cifra podemos acudir a las 5 \u00faltimas encuestas realizadas desde el 14 de mayo por empresas diferentes. Los resultados nos dan una media de 119 o 120 esca\u00f1os, muy lejos por tanto de la previsi\u00f3n del CIS. Pero, adem\u00e1s, esa magnitud queda fuera del m\u00e1ximo que otorga la encuesta m\u00e1s lejana, la del 14 de mayo, con 131 diputados. Para agravar m\u00e1s la discrepancia, la serie de los 5 sondeos es claramente descendente. Va de los mencionados 131 esca\u00f1os de aquella fecha, hasta los 109-110 de las dos \u00faltimas. Habr\u00eda, por tanto, una presumible y elevada sobrevaloraci\u00f3n de los resultados socialistas, entre 20 y 30 esca\u00f1os de m\u00e1s, que no es poco. Al PP s\u00f3lo le otorga 89 esca\u00f1os, cuando la media de la serie apuntada de independientes lo sit\u00faa en la franja de los 104-105, con un m\u00ednimo de 94, un m\u00e1ximo de 111, y una tendencia claramente creciente siempre por encima de los 100 diputados. Aqu\u00ed tambi\u00e9n la discrepancia ser\u00eda demasiado grande, y no resulta f\u00e1cil de explicar. Con Vox sucede algo parecido. Los esca\u00f1os que le otorga el CIS, 33, est\u00e1n muy por debajo de la media de encuestas que se\u00f1alan 10 esca\u00f1os m\u00e1s. Tambi\u00e9n presenta una tendencia claramente ascendente, que va de los 33 esca\u00f1os el 14 de mayo a los 50-52 en los \u00faltimos resultados. Donde s\u00ed hay una clara coincidencia es con UP. Los 31 esca\u00f1os del CIS coinciden exactamente con la media de las encuestas. Pero vuelve la discrepancia con Cs, dado que el instituto oficial dirigido por Tezanos le otorga 23 esca\u00f1os, cuando la media se reduce a 9, y la encuesta que le da m\u00e1s esca\u00f1os llega a 17. La lectura pol\u00edtica de los resultados es clara. Suben extraordinariamente S\u00e1nchez y Arrimadas, y quedan parados los populares y Vox, mientras que UP obtiene la posici\u00f3n que es coincidente en todas las dem\u00e1s mediciones. Quiz\u00e1 s\u00ed Tezanos aplica aquello de \u00abNi quito ni pongo rey, pero ayudo a mi se\u00f1or\u00ab.\" \/>\n<meta property=\"og:url\" content=\"https:\/\/conversesacatalunya.cat\/es\/encuesta-del-cis-o-son-unos-genios-o-nos-enredan\/\" \/>\n<meta property=\"og:site_name\" content=\"Converses a Catalunya\" \/>\n<meta property=\"article:published_time\" content=\"2020-05-20T10:29:40+00:00\" \/>\n<meta property=\"article:modified_time\" content=\"2020-05-20T12:04:02+00:00\" \/>\n<meta property=\"og:image\" content=\"https:\/\/conversesacatalunya.cat\/wp-content\/uploads\/2020\/05\/tEZANOS.jpg\" \/>\n\t<meta property=\"og:image:width\" content=\"640\" \/>\n\t<meta property=\"og:image:height\" content=\"360\" \/>\n\t<meta property=\"og:image:type\" content=\"image\/jpeg\" \/>\n<meta name=\"author\" content=\"conversesacatalunya\" \/>\n<meta name=\"twitter:card\" content=\"summary_large_image\" \/>\n<meta name=\"twitter:label1\" content=\"Escrito por\" \/>\n\t<meta name=\"twitter:data1\" content=\"conversesacatalunya\" \/>\n\t<meta name=\"twitter:label2\" content=\"Tiempo de lectura\" \/>\n\t<meta name=\"twitter:data2\" content=\"3 minutos\" \/>\n<script type=\"application\/ld+json\" class=\"yoast-schema-graph\">{\"@context\":\"https:\/\/schema.org\",\"@graph\":[{\"@type\":\"Article\",\"@id\":\"https:\/\/conversesacatalunya.cat\/es\/encuesta-del-cis-o-son-unos-genios-o-nos-enredan\/#article\",\"isPartOf\":{\"@id\":\"https:\/\/conversesacatalunya.cat\/es\/encuesta-del-cis-o-son-unos-genios-o-nos-enredan\/\"},\"author\":{\"name\":\"conversesacatalunya\",\"@id\":\"https:\/\/conversesacatalunya.cat\/#\/schema\/person\/7e24d1e54a2785373ddcb275eae5ed99\"},\"headline\":\"Encuesta del CIS: o son unos genios o nos enredan\",\"datePublished\":\"2020-05-20T10:29:40+00:00\",\"dateModified\":\"2020-05-20T12:04:02+00:00\",\"mainEntityOfPage\":{\"@id\":\"https:\/\/conversesacatalunya.cat\/es\/encuesta-del-cis-o-son-unos-genios-o-nos-enredan\/\"},\"wordCount\":560,\"commentCount\":0,\"image\":{\"@id\":\"https:\/\/conversesacatalunya.cat\/es\/encuesta-del-cis-o-son-unos-genios-o-nos-enredan\/#primaryimage\"},\"thumbnailUrl\":\"https:\/\/conversesacatalunya.cat\/wp-content\/uploads\/2020\/05\/tEZANOS.jpg\",\"keywords\":[\"CIS\",\"Encuestas\"],\"articleSection\":[\"Punts clau del dia (ES)\"],\"inLanguage\":\"es\",\"potentialAction\":[{\"@type\":\"CommentAction\",\"name\":\"Comment\",\"target\":[\"https:\/\/conversesacatalunya.cat\/es\/encuesta-del-cis-o-son-unos-genios-o-nos-enredan\/#respond\"]}]},{\"@type\":\"WebPage\",\"@id\":\"https:\/\/conversesacatalunya.cat\/es\/encuesta-del-cis-o-son-unos-genios-o-nos-enredan\/\",\"url\":\"https:\/\/conversesacatalunya.cat\/es\/encuesta-del-cis-o-son-unos-genios-o-nos-enredan\/\",\"name\":\"Encuesta del CIS: o son unos genios o nos enredan - Converses a Catalunya\",\"isPartOf\":{\"@id\":\"https:\/\/conversesacatalunya.cat\/#website\"},\"primaryImageOfPage\":{\"@id\":\"https:\/\/conversesacatalunya.cat\/es\/encuesta-del-cis-o-son-unos-genios-o-nos-enredan\/#primaryimage\"},\"image\":{\"@id\":\"https:\/\/conversesacatalunya.cat\/es\/encuesta-del-cis-o-son-unos-genios-o-nos-enredan\/#primaryimage\"},\"thumbnailUrl\":\"https:\/\/conversesacatalunya.cat\/wp-content\/uploads\/2020\/05\/tEZANOS.jpg\",\"datePublished\":\"2020-05-20T10:29:40+00:00\",\"dateModified\":\"2020-05-20T12:04:02+00:00\",\"author\":{\"@id\":\"https:\/\/conversesacatalunya.cat\/#\/schema\/person\/7e24d1e54a2785373ddcb275eae5ed99\"},\"breadcrumb\":{\"@id\":\"https:\/\/conversesacatalunya.cat\/es\/encuesta-del-cis-o-son-unos-genios-o-nos-enredan\/#breadcrumb\"},\"inLanguage\":\"es\",\"potentialAction\":[{\"@type\":\"ReadAction\",\"target\":[\"https:\/\/conversesacatalunya.cat\/es\/encuesta-del-cis-o-son-unos-genios-o-nos-enredan\/\"]}]},{\"@type\":\"ImageObject\",\"inLanguage\":\"es\",\"@id\":\"https:\/\/conversesacatalunya.cat\/es\/encuesta-del-cis-o-son-unos-genios-o-nos-enredan\/#primaryimage\",\"url\":\"https:\/\/conversesacatalunya.cat\/wp-content\/uploads\/2020\/05\/tEZANOS.jpg\",\"contentUrl\":\"https:\/\/conversesacatalunya.cat\/wp-content\/uploads\/2020\/05\/tEZANOS.jpg\",\"width\":640,\"height\":360,\"caption\":\"Enquesta del CIS\"},{\"@type\":\"BreadcrumbList\",\"@id\":\"https:\/\/conversesacatalunya.cat\/es\/encuesta-del-cis-o-son-unos-genios-o-nos-enredan\/#breadcrumb\",\"itemListElement\":[{\"@type\":\"ListItem\",\"position\":1,\"name\":\"Inici\",\"item\":\"https:\/\/conversesacatalunya.cat\/es\/\"},{\"@type\":\"ListItem\",\"position\":2,\"name\":\"Encuesta del CIS: o son unos genios o nos enredan\"}]},{\"@type\":\"WebSite\",\"@id\":\"https:\/\/conversesacatalunya.cat\/#website\",\"url\":\"https:\/\/conversesacatalunya.cat\/\",\"name\":\"Converses a Catalunya\",\"description\":\"\",\"potentialAction\":[{\"@type\":\"SearchAction\",\"target\":{\"@type\":\"EntryPoint\",\"urlTemplate\":\"https:\/\/conversesacatalunya.cat\/?s={search_term_string}\"},\"query-input\":{\"@type\":\"PropertyValueSpecification\",\"valueRequired\":true,\"valueName\":\"search_term_string\"}}],\"inLanguage\":\"es\"},{\"@type\":\"Person\",\"@id\":\"https:\/\/conversesacatalunya.cat\/#\/schema\/person\/7e24d1e54a2785373ddcb275eae5ed99\",\"name\":\"conversesacatalunya\",\"image\":{\"@type\":\"ImageObject\",\"inLanguage\":\"es\",\"@id\":\"https:\/\/conversesacatalunya.cat\/#\/schema\/person\/image\/\",\"url\":\"https:\/\/conversesacatalunya.cat\/wp-content\/litespeed\/avatar\/febdfeeec89d950f01c748045a981dd2.jpg?ver=1777314535\",\"contentUrl\":\"https:\/\/conversesacatalunya.cat\/wp-content\/litespeed\/avatar\/febdfeeec89d950f01c748045a981dd2.jpg?ver=1777314535\",\"caption\":\"conversesacatalunya\"},\"url\":\"https:\/\/conversesacatalunya.cat\/es\/author\/carme_catala\/\"}]}<\/script>\n<!-- \/ Yoast SEO plugin. -->","yoast_head_json":{"title":"Encuesta del CIS: o son unos genios o nos enredan - Converses a Catalunya","robots":{"index":"index","follow":"follow","max-snippet":"max-snippet:-1","max-image-preview":"max-image-preview:large","max-video-preview":"max-video-preview:-1"},"canonical":"https:\/\/conversesacatalunya.cat\/es\/encuesta-del-cis-o-son-unos-genios-o-nos-enredan\/","og_locale":"es_ES","og_type":"article","og_title":"Encuesta del CIS: o son unos genios o nos enredan - Converses a Catalunya","og_description":"Una vez m\u00e1s, la encuesta del CIS ha provocado pol\u00e9mica. En esta ocasi\u00f3n, m\u00e1s grande que las anteriores veces porque sus datos SON especialmente chirriantes. Es todo un signo que el diario progubernamental El Pa\u00eds haya publicado datos de la encuesta, pero no aquellos que suelen ser el centro de atenci\u00f3n, la estimaci\u00f3n de los resultados electorales. Pero no es s\u00f3lo esta vertiente sino muchas otras cuestiones que salpimientan la encuesta del CIS. Por ejemplo, es espectacular el dato que indica que, en el mes de mayo, no s\u00f3lo hay una mayor\u00eda de personas satisfechas con su situaci\u00f3n econ\u00f3mica, sino que adem\u00e1s este grupo es mucho mayor que el que hab\u00eda en la encuesta del mes de marzo. Es decir, \u00a1a m\u00e1s crisis econ\u00f3mica, m\u00e1s personas satisfechas! Pero situemos el foco en lo que es m\u00e1s pol\u00edtico, la previsi\u00f3n de esca\u00f1os en el caso de que ahora se produjeran elecciones generales. El PSOE quedar\u00eda primero de manera destacada, con 141 esca\u00f1os. Para observar la bondad de esta cifra podemos acudir a las 5 \u00faltimas encuestas realizadas desde el 14 de mayo por empresas diferentes. Los resultados nos dan una media de 119 o 120 esca\u00f1os, muy lejos por tanto de la previsi\u00f3n del CIS. Pero, adem\u00e1s, esa magnitud queda fuera del m\u00e1ximo que otorga la encuesta m\u00e1s lejana, la del 14 de mayo, con 131 diputados. Para agravar m\u00e1s la discrepancia, la serie de los 5 sondeos es claramente descendente. Va de los mencionados 131 esca\u00f1os de aquella fecha, hasta los 109-110 de las dos \u00faltimas. Habr\u00eda, por tanto, una presumible y elevada sobrevaloraci\u00f3n de los resultados socialistas, entre 20 y 30 esca\u00f1os de m\u00e1s, que no es poco. Al PP s\u00f3lo le otorga 89 esca\u00f1os, cuando la media de la serie apuntada de independientes lo sit\u00faa en la franja de los 104-105, con un m\u00ednimo de 94, un m\u00e1ximo de 111, y una tendencia claramente creciente siempre por encima de los 100 diputados. Aqu\u00ed tambi\u00e9n la discrepancia ser\u00eda demasiado grande, y no resulta f\u00e1cil de explicar. Con Vox sucede algo parecido. Los esca\u00f1os que le otorga el CIS, 33, est\u00e1n muy por debajo de la media de encuestas que se\u00f1alan 10 esca\u00f1os m\u00e1s. Tambi\u00e9n presenta una tendencia claramente ascendente, que va de los 33 esca\u00f1os el 14 de mayo a los 50-52 en los \u00faltimos resultados. Donde s\u00ed hay una clara coincidencia es con UP. Los 31 esca\u00f1os del CIS coinciden exactamente con la media de las encuestas. Pero vuelve la discrepancia con Cs, dado que el instituto oficial dirigido por Tezanos le otorga 23 esca\u00f1os, cuando la media se reduce a 9, y la encuesta que le da m\u00e1s esca\u00f1os llega a 17. La lectura pol\u00edtica de los resultados es clara. Suben extraordinariamente S\u00e1nchez y Arrimadas, y quedan parados los populares y Vox, mientras que UP obtiene la posici\u00f3n que es coincidente en todas las dem\u00e1s mediciones. Quiz\u00e1 s\u00ed Tezanos aplica aquello de \u00abNi quito ni pongo rey, pero ayudo a mi se\u00f1or\u00ab.","og_url":"https:\/\/conversesacatalunya.cat\/es\/encuesta-del-cis-o-son-unos-genios-o-nos-enredan\/","og_site_name":"Converses a Catalunya","article_published_time":"2020-05-20T10:29:40+00:00","article_modified_time":"2020-05-20T12:04:02+00:00","og_image":[{"width":640,"height":360,"url":"https:\/\/conversesacatalunya.cat\/wp-content\/uploads\/2020\/05\/tEZANOS.jpg","type":"image\/jpeg"}],"author":"conversesacatalunya","twitter_card":"summary_large_image","twitter_misc":{"Escrito por":"conversesacatalunya","Tiempo de lectura":"3 minutos"},"schema":{"@context":"https:\/\/schema.org","@graph":[{"@type":"Article","@id":"https:\/\/conversesacatalunya.cat\/es\/encuesta-del-cis-o-son-unos-genios-o-nos-enredan\/#article","isPartOf":{"@id":"https:\/\/conversesacatalunya.cat\/es\/encuesta-del-cis-o-son-unos-genios-o-nos-enredan\/"},"author":{"name":"conversesacatalunya","@id":"https:\/\/conversesacatalunya.cat\/#\/schema\/person\/7e24d1e54a2785373ddcb275eae5ed99"},"headline":"Encuesta del CIS: o son unos genios o nos enredan","datePublished":"2020-05-20T10:29:40+00:00","dateModified":"2020-05-20T12:04:02+00:00","mainEntityOfPage":{"@id":"https:\/\/conversesacatalunya.cat\/es\/encuesta-del-cis-o-son-unos-genios-o-nos-enredan\/"},"wordCount":560,"commentCount":0,"image":{"@id":"https:\/\/conversesacatalunya.cat\/es\/encuesta-del-cis-o-son-unos-genios-o-nos-enredan\/#primaryimage"},"thumbnailUrl":"https:\/\/conversesacatalunya.cat\/wp-content\/uploads\/2020\/05\/tEZANOS.jpg","keywords":["CIS","Encuestas"],"articleSection":["Punts clau del dia (ES)"],"inLanguage":"es","potentialAction":[{"@type":"CommentAction","name":"Comment","target":["https:\/\/conversesacatalunya.cat\/es\/encuesta-del-cis-o-son-unos-genios-o-nos-enredan\/#respond"]}]},{"@type":"WebPage","@id":"https:\/\/conversesacatalunya.cat\/es\/encuesta-del-cis-o-son-unos-genios-o-nos-enredan\/","url":"https:\/\/conversesacatalunya.cat\/es\/encuesta-del-cis-o-son-unos-genios-o-nos-enredan\/","name":"Encuesta del CIS: o son unos genios o nos enredan - Converses a Catalunya","isPartOf":{"@id":"https:\/\/conversesacatalunya.cat\/#website"},"primaryImageOfPage":{"@id":"https:\/\/conversesacatalunya.cat\/es\/encuesta-del-cis-o-son-unos-genios-o-nos-enredan\/#primaryimage"},"image":{"@id":"https:\/\/conversesacatalunya.cat\/es\/encuesta-del-cis-o-son-unos-genios-o-nos-enredan\/#primaryimage"},"thumbnailUrl":"https:\/\/conversesacatalunya.cat\/wp-content\/uploads\/2020\/05\/tEZANOS.jpg","datePublished":"2020-05-20T10:29:40+00:00","dateModified":"2020-05-20T12:04:02+00:00","author":{"@id":"https:\/\/conversesacatalunya.cat\/#\/schema\/person\/7e24d1e54a2785373ddcb275eae5ed99"},"breadcrumb":{"@id":"https:\/\/conversesacatalunya.cat\/es\/encuesta-del-cis-o-son-unos-genios-o-nos-enredan\/#breadcrumb"},"inLanguage":"es","potentialAction":[{"@type":"ReadAction","target":["https:\/\/conversesacatalunya.cat\/es\/encuesta-del-cis-o-son-unos-genios-o-nos-enredan\/"]}]},{"@type":"ImageObject","inLanguage":"es","@id":"https:\/\/conversesacatalunya.cat\/es\/encuesta-del-cis-o-son-unos-genios-o-nos-enredan\/#primaryimage","url":"https:\/\/conversesacatalunya.cat\/wp-content\/uploads\/2020\/05\/tEZANOS.jpg","contentUrl":"https:\/\/conversesacatalunya.cat\/wp-content\/uploads\/2020\/05\/tEZANOS.jpg","width":640,"height":360,"caption":"Enquesta del CIS"},{"@type":"BreadcrumbList","@id":"https:\/\/conversesacatalunya.cat\/es\/encuesta-del-cis-o-son-unos-genios-o-nos-enredan\/#breadcrumb","itemListElement":[{"@type":"ListItem","position":1,"name":"Inici","item":"https:\/\/conversesacatalunya.cat\/es\/"},{"@type":"ListItem","position":2,"name":"Encuesta del CIS: o son unos genios o nos enredan"}]},{"@type":"WebSite","@id":"https:\/\/conversesacatalunya.cat\/#website","url":"https:\/\/conversesacatalunya.cat\/","name":"Converses a Catalunya","description":"","potentialAction":[{"@type":"SearchAction","target":{"@type":"EntryPoint","urlTemplate":"https:\/\/conversesacatalunya.cat\/?s={search_term_string}"},"query-input":{"@type":"PropertyValueSpecification","valueRequired":true,"valueName":"search_term_string"}}],"inLanguage":"es"},{"@type":"Person","@id":"https:\/\/conversesacatalunya.cat\/#\/schema\/person\/7e24d1e54a2785373ddcb275eae5ed99","name":"conversesacatalunya","image":{"@type":"ImageObject","inLanguage":"es","@id":"https:\/\/conversesacatalunya.cat\/#\/schema\/person\/image\/","url":"https:\/\/conversesacatalunya.cat\/wp-content\/litespeed\/avatar\/febdfeeec89d950f01c748045a981dd2.jpg?ver=1777314535","contentUrl":"https:\/\/conversesacatalunya.cat\/wp-content\/litespeed\/avatar\/febdfeeec89d950f01c748045a981dd2.jpg?ver=1777314535","caption":"conversesacatalunya"},"url":"https:\/\/conversesacatalunya.cat\/es\/author\/carme_catala\/"}]}},"wps_subtitle":"","_links":{"self":[{"href":"https:\/\/conversesacatalunya.cat\/es\/wp-json\/wp\/v2\/posts\/36358","targetHints":{"allow":["GET"]}}],"collection":[{"href":"https:\/\/conversesacatalunya.cat\/es\/wp-json\/wp\/v2\/posts"}],"about":[{"href":"https:\/\/conversesacatalunya.cat\/es\/wp-json\/wp\/v2\/types\/post"}],"author":[{"embeddable":true,"href":"https:\/\/conversesacatalunya.cat\/es\/wp-json\/wp\/v2\/users\/2"}],"replies":[{"embeddable":true,"href":"https:\/\/conversesacatalunya.cat\/es\/wp-json\/wp\/v2\/comments?post=36358"}],"version-history":[{"count":2,"href":"https:\/\/conversesacatalunya.cat\/es\/wp-json\/wp\/v2\/posts\/36358\/revisions"}],"predecessor-version":[{"id":36359,"href":"https:\/\/conversesacatalunya.cat\/es\/wp-json\/wp\/v2\/posts\/36358\/revisions\/36359"}],"wp:featuredmedia":[{"embeddable":true,"href":"https:\/\/conversesacatalunya.cat\/es\/wp-json\/wp\/v2\/media\/36331"}],"wp:attachment":[{"href":"https:\/\/conversesacatalunya.cat\/es\/wp-json\/wp\/v2\/media?parent=36358"}],"wp:term":[{"taxonomy":"category","embeddable":true,"href":"https:\/\/conversesacatalunya.cat\/es\/wp-json\/wp\/v2\/categories?post=36358"},{"taxonomy":"post_tag","embeddable":true,"href":"https:\/\/conversesacatalunya.cat\/es\/wp-json\/wp\/v2\/tags?post=36358"}],"curies":[{"name":"wp","href":"https:\/\/api.w.org\/{rel}","templated":true}]}}