{"id":36308,"date":"2020-05-19T13:40:00","date_gmt":"2020-05-19T11:40:00","guid":{"rendered":"https:\/\/conversesacatalunya.cat\/els-10-grans-errors-en-la-gestio-de-la-crisi-del-coronavirus\/"},"modified":"2020-05-19T14:20:46","modified_gmt":"2020-05-19T12:20:46","slug":"los-10-grandes-errores-en-la-gestion-de-la-crisis-del-coronavirus","status":"publish","type":"post","link":"https:\/\/conversesacatalunya.cat\/es\/los-10-grandes-errores-en-la-gestion-de-la-crisis-del-coronavirus\/","title":{"rendered":"Los 10 grandes errores en la gesti\u00f3n de la crisis del coronavirus"},"content":{"rendered":"<p><span title=\"\">El<\/span> <span tabindex=\"-1\" title=\"\" contenteditable=\"false\">balance<\/span> <span title=\"\">espa\u00f1ol<\/span> <span title=\"\">a esta<\/span> <span title=\"\">altura del<\/span> <span title=\"\">grave problema<\/span> <span title=\"\">generado<\/span> <span title=\"\">por el<\/span> <span title=\"\">Covid<\/span><span title=\"\">&#8211;<\/span><span title=\"\">19<\/span> <span title=\"\">es francamente<\/span> <span title=\"\">malo<\/span><span title=\"\">.<\/span> <span title=\"\">Primeros<\/span> <span title=\"\">en el mundo<\/span> <span title=\"\">en n\u00famero de<\/span> <span title=\"\">muertes<\/span> <span title=\"\">por habitante<\/span> <span title=\"\">(<\/span><span title=\"\">B\u00e9lgica<\/span> <span title=\"\">incorpora los<\/span> <span title=\"\">muertos en las<\/span> <span title=\"\">residencies,<\/span> <span title=\"\">lo que<\/span> <span title=\"\">Espa\u00f1a<\/span> <span title=\"\">no hace<\/span><span title=\"\">)<\/span> <span title=\"\">y de personal<\/span> <span title=\"\">sanitario<\/span> <span title=\"\">contaminado,<\/span> <span title=\"\">una de las mayores<\/span> <span title=\"\">ca\u00eddas<\/span> <span title=\"\">del PIB<\/span> <span title=\"\">para<\/span> <span title=\"\">este a\u00f1o<\/span> <span title=\"\">y una de las<\/span> <span title=\"\">recuperaciones<\/span> <span title=\"\">m\u00e1s<\/span> <span title=\"\">insuficientes<\/span> <span title=\"\">de cara a<\/span><span title=\"\">l<\/span> <span title=\"\">pr\u00f3ximo a\u00f1o<\/span><span title=\"\">.<\/span><\/p>\n<p><span title=\"\">Singular<\/span> <span title=\"\">por<\/span> <span title=\"\">la elevada<\/span> <span title=\"\">tasa<\/span> <span title=\"\">de paro<\/span> <span title=\"\">y porque<\/span> <span title=\"\">necesitaremos<\/span> <span title=\"\">financiaci\u00f3n externa<\/span> <span title=\"\">para la<\/span> <span title=\"\">pr\u00f3xima<\/span> <span title=\"\">d\u00e9cada,<\/span> <span title=\"\">que<\/span> <span title=\"\">descontando lo que<\/span> <span title=\"\">provendr\u00e1<\/span> <span title=\"\">del Banco Central<\/span> <span title=\"\">Europeo<\/span><span title=\"\">,<\/span> <span title=\"\">se sit\u00faa en<\/span> <span title=\"\">unos 10<\/span> <span title=\"\">puntos<\/span> <span title=\"\">del PIB<\/span><span title=\"\">,<\/span> <span title=\"\">que deber\u00e1n ser<\/span> <span title=\"\">concedidos<\/span> <span title=\"\">en el mercado internacional<\/span> <span title=\"\">con todos<\/span> <span title=\"\">los apremios que<\/span> <span title=\"\">esto significa<\/span><span title=\"\">.<\/span><\/p>\n<p><span title=\"\">Para llegar<\/span> <span title=\"\">aqu\u00ed<\/span> <span title=\"\">se han tenido que<\/span> <span title=\"\">producir<\/span> <span title=\"\">graves<\/span> <span title=\"\">errores.<\/span> <span title=\"\">Es evidente que la<\/span> <span title=\"\">gran parte<\/span> <span title=\"\">de<\/span> <span title=\"\">pa\u00edses se han<\/span> <span title=\"\">equivocado<\/span> <span title=\"\">a la hora<\/span> <span title=\"\">de afrontar<\/span> <span title=\"\">la amenaza del<\/span> <span title=\"\">Covid<\/span><span title=\"\">&#8211;<\/span><span title=\"\">19<\/span><span title=\"\">, pero los<\/span> <span title=\"\">errores<\/span> <span title=\"\">del gobierno<\/span> <span title=\"\">espa\u00f1ol<\/span> <strong><span title=\"\">han<\/span> <span title=\"\">sido<\/span> <span title=\"\">particularmente<\/span> <span title=\"\">terribles<\/span><\/strong><span title=\"\">.<\/span> <span title=\"\">Son<\/span> <span title=\"\">estos<\/span><span title=\"\">:<\/span><\/p>\n<ol>\n<li><strong>Actuar tarde<\/strong> y con diagn\u00f3stico err\u00f3neo de la situaci\u00f3n, pretender solucionar el problema del SAR-COV-2 con una fase inicial de <strong>contenci\u00f3n<\/strong>, cuando el virus ya se hab\u00eda extendido por todo el pa\u00eds.<\/li>\n<li>La <strong>incapacidad reiterada para disponer del material de protecci\u00f3n y sanitario<\/strong> necesario para proteger y cuidar de la poblaci\u00f3n sometida a mayor riesgo y la infectada.<\/li>\n<li>Declarar el estado de alarma, centralizando toda la autoridad en el <strong>Ministerio de Sanidad<\/strong>, cuando \u00e9ste es una instancia administrativa sin pr\u00e1cticamente competencias y, lo que es peor, sin personal ni recursos. Es una <strong>c\u00e1scara vac\u00eda<\/strong>, un ministerio que le fue concedido al PSC antes de la crisis y que, en teor\u00eda, era un lugar tranquilo para tener presencia pol\u00edtica en el gobierno. La falta de experiencia y de recursos humanos se ha notado de manera demoledora.<\/li>\n<li>El <strong>jaleo de las mascarillas<\/strong>. Primero declaradas como in\u00fatiles, si no contraproducentes. Muchas semanas despu\u00e9s consideradas necesarias para acceder al transporte p\u00fablico, y ahora, despu\u00e9s de m\u00e1s de dos meses, a punto de ser declaradas obligatorias. Y todo ello jugando a la confusi\u00f3n en relaci\u00f3n con su uso. La mascarilla quir\u00fargica no protege a quien la lleva, y por tanto no prev\u00e9 del contagio a personas sanas, si los posibles contagiados no la utilizan. S\u00f3lo las FPP-2 y FFP-3 garantizan esta protecci\u00f3n, las que se han repartido en Madrid, y que el gobierno ha descualificado.<\/li>\n<li>El <strong>olvido mortal de la poblaci\u00f3n de riesgo<\/strong> concentrada en residencias y que ha causado una gran mortalidad que no est\u00e1 contabilizada. S\u00f3lo por estos hechos, <strong>Pablo Iglesias<\/strong> y su equipo deber\u00edan haber sido cesados \u200b\u200bcomo <span style=\"display: inline !important; float: none; background-color: #ffffff; color: #333333; cursor: text; font-family: -apple-system,BlinkMacSystemFont,'Segoe UI',Roboto,Oxygen-Sans,Ubuntu,Cantarell,'Helvetica Neue',sans-serif; font-size: 16px; font-style: normal; font-variant: normal; font-weight: 400; letter-spacing: normal; orphans: 2; text-align: left; text-decoration: none; text-indent: 0px; text-transform: none; -webkit-text-stroke-width: 0px; white-space: normal; word-spacing: 0px;\">responsables <\/span>\u00faltimos del problema en el mando \u00fanico.<\/li>\n<li><strong>Enviar a las personas a su casa al inicio del proceso<\/strong> durante las semanas de marzo, a pesar de presentar s\u00edntomas de Covid-19, para observar si estos se transformaban en casos graves o se resolv\u00edan solos. Esta pol\u00edtica aplicada a la gente mayor ha sido una de las causas principales de mortalidad.<\/li>\n<li><strong>Impedir el acceso a los hospitales y las UCI<\/strong> de las personas mayores de 70 a\u00f1os. Los tres \u00faltimos puntos mencionados son la causa de la singular y elevada mortalidad espa\u00f1ola.<\/li>\n<li>El error actual para justificar la prolongaci\u00f3n del estado de alarma, de <strong>contraponer vida a recuperaci\u00f3n econ\u00f3mica y derechos constitucionales<\/strong>, cuando es evidente que esta orientaci\u00f3n impide una pol\u00edtica sanitaria concentrada en reducir la mortalidad: una cuesti\u00f3n centrada en focalizar el problema en los grupos de riesgo, y que a la vez dificulta la necesaria normalidad, olvidando que el paro tambi\u00e9n mata.<\/li>\n<li><strong>Se sigue sin centrar la pol\u00edtica para evitar muertes en la poblaci\u00f3n de riesgo<\/strong>, configurada por las residencias de ancianos, los hospitales y los hogares en las que vive gente mayor de 70 a\u00f1os. Mientras estos sectores de poblaci\u00f3n no est\u00e9n absolutamente controlados, con test de contagio para todos y un seguimiento exhaustivo de los casos que se puedan presentar o que puedan afectarles, el sistema tendr\u00e1 un hueco importante<\/li>\n<li>Y, por \u00faltimo, <strong>declarar la cuarentena para los visitantes que vienen a Espa\u00f1a<\/strong> a estas alturas, mientras que en el per\u00edodo \u00e1lgido de la crisis han estado entrando al pa\u00eds sin ning\u00fan tipo de control.<\/li>\n<\/ol>\n<p>Se puede decir que nosotros vamos cuando los otros pa\u00edses ya est\u00e1n de vuelta.<\/p>\n<p style=\"text-align: center;\">M\u00e1s informaci\u00f3n sobre el coronavirus en <a href=\"https:\/\/conversesacatalunya.cat\/es\/coronavirus\/\" target=\"_blank\" rel=\"noopener noreferrer\">ESPECIAL CORONAVIRUS<\/a><\/p>\n<div id=\"polls-51\" class=\"wp-polls\">\n\t<form id=\"polls_form_51\" class=\"wp-polls-form\" action=\"\/index.php\" method=\"post\">\n\t\t<p style=\"display: none;\"><input type=\"hidden\" id=\"poll_51_nonce\" name=\"wp-polls-nonce\" value=\"a9932dbbe5\" \/><\/p>\n\t\t<p style=\"display: none;\"><input type=\"hidden\" name=\"poll_id\" value=\"51\" \/><\/p>\n\t\t<p style=\"text-align: center\"><strong>Est\u00e0s d'acord que es prolongui l'Estat d'Alarma un mes?<\/strong><\/p><div id=\"polls-51-ans\" class=\"wp-polls-ans\"><ul class=\"wp-polls-ul\">\n\t\t<li><input type=\"radio\" id=\"poll-answer-108\" name=\"poll_51\" value=\"108\" \/> <label for=\"poll-answer-108\">Si<\/label><\/li>\n\t\t<li><input type=\"radio\" id=\"poll-answer-109\" name=\"poll_51\" value=\"109\" \/> <label for=\"poll-answer-109\">No<\/label><\/li>\n\t\t<\/ul><p style=\"text-align: center\"><input type=\"button\" name=\"vote\" value=\"   Vota   \" class=\"Buttons\" onclick=\"poll_vote(51);\" \/><\/p><p style=\"text-align: center\"><a href=\"#ViewPollResults\" onclick=\"poll_result(51); return false;\" title=\"View Results Of This Poll\">Mira els resultats<\/a><\/p><\/div>\n\t<\/form>\n<\/div>\n<div id=\"polls-51-loading\" class=\"wp-polls-loading\"><img decoding=\"async\" data-src=\"https:\/\/conversesacatalunya.cat\/wp-content\/plugins\/wp-polls\/images\/loading.gif\" width=\"16\" height=\"16\" alt=\"Cargando ...\" title=\"Cargando ...\" class=\"wp-polls-image lazyload\" src=\"data:image\/svg+xml;base64,PHN2ZyB3aWR0aD0iMSIgaGVpZ2h0PSIxIiB4bWxucz0iaHR0cDovL3d3dy53My5vcmcvMjAwMC9zdmciPjwvc3ZnPg==\" style=\"--smush-placeholder-width: 16px; --smush-placeholder-aspect-ratio: 16\/16;\" \/>&nbsp;Cargando ...<\/div>\n\n","protected":false},"excerpt":{"rendered":"<p>El balance espa\u00f1ol a esta altura del grave problema generado por el Covid&#8211;19 es francamente malo. Primeros en el mundo en n\u00famero de muertes por habitante (B\u00e9lgica incorpora los muertos en las residencies, lo que Espa\u00f1a no hace) y de personal sanitario contaminado, una de las mayores ca\u00eddas del PIB para este a\u00f1o y una de las recuperaciones m\u00e1s insuficientes de cara al pr\u00f3ximo a\u00f1o. Singular por la elevada tasa de paro y porque necesitaremos financiaci\u00f3n externa para la pr\u00f3xima d\u00e9cada, que descontando lo que provendr\u00e1 del Banco Central Europeo, se sit\u00faa en unos 10 puntos del PIB, que deber\u00e1n ser concedidos en el mercado internacional con todos los apremios que esto significa. Para llegar aqu\u00ed se han tenido que producir graves errores. Es evidente que la gran parte de pa\u00edses se han equivocado a la hora de afrontar la amenaza del Covid&#8211;19, pero los errores del gobierno espa\u00f1ol han sido particularmente terribles. Son estos: Actuar tarde y con diagn\u00f3stico err\u00f3neo de la situaci\u00f3n, pretender solucionar el problema del SAR-COV-2 con una fase inicial de contenci\u00f3n, cuando el virus ya se hab\u00eda extendido por todo el pa\u00eds. La incapacidad reiterada para disponer del material de protecci\u00f3n y sanitario necesario para proteger y cuidar de la poblaci\u00f3n sometida a mayor riesgo y la infectada. Declarar el estado de alarma, centralizando toda la autoridad en el Ministerio de Sanidad, cuando \u00e9ste es una instancia administrativa sin pr\u00e1cticamente competencias y, lo que es peor, sin personal ni recursos. Es una c\u00e1scara vac\u00eda, un ministerio que le fue concedido al PSC antes de la crisis y que, en teor\u00eda, era un lugar tranquilo para tener presencia pol\u00edtica en el gobierno. La falta de experiencia y de recursos humanos se ha notado de manera demoledora. El jaleo de las mascarillas. Primero declaradas como in\u00fatiles, si no contraproducentes. Muchas semanas despu\u00e9s consideradas necesarias para acceder al transporte p\u00fablico, y ahora, despu\u00e9s de m\u00e1s de dos meses, a punto de ser declaradas obligatorias. Y todo ello jugando a la confusi\u00f3n en relaci\u00f3n con su uso. La mascarilla quir\u00fargica no protege a quien la lleva, y por tanto no prev\u00e9 del contagio a personas sanas, si los posibles contagiados no la utilizan. S\u00f3lo las FPP-2 y FFP-3 garantizan esta protecci\u00f3n, las que se han repartido en Madrid, y que el gobierno ha descualificado. El olvido mortal de la poblaci\u00f3n de riesgo concentrada en residencias y que ha causado una gran mortalidad que no est\u00e1 contabilizada. S\u00f3lo por estos hechos, Pablo Iglesias y su equipo deber\u00edan haber sido cesados \u200b\u200bcomo responsables \u00faltimos del problema en el mando \u00fanico. Enviar a las personas a su casa al inicio del proceso durante las semanas de marzo, a pesar de presentar s\u00edntomas de Covid-19, para observar si estos se transformaban en casos graves o se resolv\u00edan solos. Esta pol\u00edtica aplicada a la gente mayor ha sido una de las causas principales de mortalidad. Impedir el acceso a los hospitales y las UCI de las personas mayores de 70 a\u00f1os. Los tres \u00faltimos puntos mencionados son la causa de la singular y elevada mortalidad espa\u00f1ola. El error actual para justificar la prolongaci\u00f3n del estado de alarma, de contraponer vida a recuperaci\u00f3n econ\u00f3mica y derechos constitucionales, cuando es evidente que esta orientaci\u00f3n impide una pol\u00edtica sanitaria concentrada en reducir la mortalidad: una cuesti\u00f3n centrada en focalizar el problema en los grupos de riesgo, y que a la vez dificulta la necesaria normalidad, olvidando que el paro tambi\u00e9n mata. Se sigue sin centrar la pol\u00edtica para evitar muertes en la poblaci\u00f3n de riesgo, configurada por las residencias de ancianos, los hospitales y los hogares en las que vive gente mayor de 70 a\u00f1os. Mientras estos sectores de poblaci\u00f3n no est\u00e9n absolutamente controlados, con test de contagio para todos y un seguimiento exhaustivo de los casos que se puedan presentar o que puedan afectarles, el sistema tendr\u00e1 un hueco importante Y, por \u00faltimo, declarar la cuarentena para los visitantes que vienen a Espa\u00f1a a estas alturas, mientras que en el per\u00edodo \u00e1lgido de la crisis han estado entrando al pa\u00eds sin ning\u00fan tipo de control. Se puede decir que nosotros vamos cuando los otros pa\u00edses ya est\u00e1n de vuelta. M\u00e1s informaci\u00f3n sobre el coronavirus en ESPECIAL CORONAVIRUS<\/p>\n","protected":false},"author":2,"featured_media":36294,"comment_status":"open","ping_status":"open","sticky":false,"template":"","format":"standard","meta":{"_FSMCFIC_featured_image_caption":"","_FSMCFIC_featured_image_nocaption":"","_FSMCFIC_featured_image_hide":"","footnotes":""},"categories":[1772,806],"tags":[1504,2049],"class_list":["post-36308","post","type-post","status-publish","format-standard","has-post-thumbnail","hentry","category-especial-coronavirus-es","category-punts-claus-del-dia-es","tag-coronavirus-es","tag-medidas-coronavirus"],"yoast_head":"<!-- This site is optimized with the Yoast SEO plugin v26.8 - https:\/\/yoast.com\/product\/yoast-seo-wordpress\/ -->\n<title>Los 10 grandes errores en la gesti\u00f3n de la crisis del coronavirus - Converses a Catalunya<\/title>\n<meta name=\"robots\" content=\"index, follow, max-snippet:-1, max-image-preview:large, max-video-preview:-1\" \/>\n<link rel=\"canonical\" href=\"https:\/\/conversesacatalunya.cat\/es\/los-10-grandes-errores-en-la-gestion-de-la-crisis-del-coronavirus\/\" \/>\n<meta property=\"og:locale\" content=\"es_ES\" \/>\n<meta property=\"og:type\" content=\"article\" \/>\n<meta property=\"og:title\" content=\"Los 10 grandes errores en la gesti\u00f3n de la crisis del coronavirus - Converses a Catalunya\" \/>\n<meta property=\"og:description\" content=\"El balance espa\u00f1ol a esta altura del grave problema generado por el Covid&#8211;19 es francamente malo. Primeros en el mundo en n\u00famero de muertes por habitante (B\u00e9lgica incorpora los muertos en las residencies, lo que Espa\u00f1a no hace) y de personal sanitario contaminado, una de las mayores ca\u00eddas del PIB para este a\u00f1o y una de las recuperaciones m\u00e1s insuficientes de cara al pr\u00f3ximo a\u00f1o. Singular por la elevada tasa de paro y porque necesitaremos financiaci\u00f3n externa para la pr\u00f3xima d\u00e9cada, que descontando lo que provendr\u00e1 del Banco Central Europeo, se sit\u00faa en unos 10 puntos del PIB, que deber\u00e1n ser concedidos en el mercado internacional con todos los apremios que esto significa. Para llegar aqu\u00ed se han tenido que producir graves errores. Es evidente que la gran parte de pa\u00edses se han equivocado a la hora de afrontar la amenaza del Covid&#8211;19, pero los errores del gobierno espa\u00f1ol han sido particularmente terribles. Son estos: Actuar tarde y con diagn\u00f3stico err\u00f3neo de la situaci\u00f3n, pretender solucionar el problema del SAR-COV-2 con una fase inicial de contenci\u00f3n, cuando el virus ya se hab\u00eda extendido por todo el pa\u00eds. La incapacidad reiterada para disponer del material de protecci\u00f3n y sanitario necesario para proteger y cuidar de la poblaci\u00f3n sometida a mayor riesgo y la infectada. Declarar el estado de alarma, centralizando toda la autoridad en el Ministerio de Sanidad, cuando \u00e9ste es una instancia administrativa sin pr\u00e1cticamente competencias y, lo que es peor, sin personal ni recursos. Es una c\u00e1scara vac\u00eda, un ministerio que le fue concedido al PSC antes de la crisis y que, en teor\u00eda, era un lugar tranquilo para tener presencia pol\u00edtica en el gobierno. La falta de experiencia y de recursos humanos se ha notado de manera demoledora. El jaleo de las mascarillas. Primero declaradas como in\u00fatiles, si no contraproducentes. Muchas semanas despu\u00e9s consideradas necesarias para acceder al transporte p\u00fablico, y ahora, despu\u00e9s de m\u00e1s de dos meses, a punto de ser declaradas obligatorias. Y todo ello jugando a la confusi\u00f3n en relaci\u00f3n con su uso. La mascarilla quir\u00fargica no protege a quien la lleva, y por tanto no prev\u00e9 del contagio a personas sanas, si los posibles contagiados no la utilizan. S\u00f3lo las FPP-2 y FFP-3 garantizan esta protecci\u00f3n, las que se han repartido en Madrid, y que el gobierno ha descualificado. El olvido mortal de la poblaci\u00f3n de riesgo concentrada en residencias y que ha causado una gran mortalidad que no est\u00e1 contabilizada. S\u00f3lo por estos hechos, Pablo Iglesias y su equipo deber\u00edan haber sido cesados \u200b\u200bcomo responsables \u00faltimos del problema en el mando \u00fanico. Enviar a las personas a su casa al inicio del proceso durante las semanas de marzo, a pesar de presentar s\u00edntomas de Covid-19, para observar si estos se transformaban en casos graves o se resolv\u00edan solos. Esta pol\u00edtica aplicada a la gente mayor ha sido una de las causas principales de mortalidad. Impedir el acceso a los hospitales y las UCI de las personas mayores de 70 a\u00f1os. Los tres \u00faltimos puntos mencionados son la causa de la singular y elevada mortalidad espa\u00f1ola. El error actual para justificar la prolongaci\u00f3n del estado de alarma, de contraponer vida a recuperaci\u00f3n econ\u00f3mica y derechos constitucionales, cuando es evidente que esta orientaci\u00f3n impide una pol\u00edtica sanitaria concentrada en reducir la mortalidad: una cuesti\u00f3n centrada en focalizar el problema en los grupos de riesgo, y que a la vez dificulta la necesaria normalidad, olvidando que el paro tambi\u00e9n mata. Se sigue sin centrar la pol\u00edtica para evitar muertes en la poblaci\u00f3n de riesgo, configurada por las residencias de ancianos, los hospitales y los hogares en las que vive gente mayor de 70 a\u00f1os. Mientras estos sectores de poblaci\u00f3n no est\u00e9n absolutamente controlados, con test de contagio para todos y un seguimiento exhaustivo de los casos que se puedan presentar o que puedan afectarles, el sistema tendr\u00e1 un hueco importante Y, por \u00faltimo, declarar la cuarentena para los visitantes que vienen a Espa\u00f1a a estas alturas, mientras que en el per\u00edodo \u00e1lgido de la crisis han estado entrando al pa\u00eds sin ning\u00fan tipo de control. Se puede decir que nosotros vamos cuando los otros pa\u00edses ya est\u00e1n de vuelta. M\u00e1s informaci\u00f3n sobre el coronavirus en ESPECIAL CORONAVIRUS\" \/>\n<meta property=\"og:url\" content=\"https:\/\/conversesacatalunya.cat\/es\/los-10-grandes-errores-en-la-gestion-de-la-crisis-del-coronavirus\/\" \/>\n<meta property=\"og:site_name\" content=\"Converses a Catalunya\" \/>\n<meta property=\"article:published_time\" content=\"2020-05-19T11:40:00+00:00\" \/>\n<meta property=\"article:modified_time\" content=\"2020-05-19T12:20:46+00:00\" \/>\n<meta property=\"og:image\" content=\"https:\/\/conversesacatalunya.cat\/wp-content\/uploads\/2020\/05\/controladors-1.jpg\" \/>\n\t<meta property=\"og:image:width\" content=\"990\" \/>\n\t<meta property=\"og:image:height\" content=\"660\" \/>\n\t<meta property=\"og:image:type\" content=\"image\/jpeg\" \/>\n<meta name=\"author\" content=\"conversesacatalunya\" \/>\n<meta name=\"twitter:card\" content=\"summary_large_image\" \/>\n<meta name=\"twitter:label1\" content=\"Escrito por\" \/>\n\t<meta name=\"twitter:data1\" content=\"conversesacatalunya\" \/>\n\t<meta name=\"twitter:label2\" content=\"Tiempo de lectura\" \/>\n\t<meta name=\"twitter:data2\" content=\"4 minutos\" \/>\n<script type=\"application\/ld+json\" class=\"yoast-schema-graph\">{\"@context\":\"https:\/\/schema.org\",\"@graph\":[{\"@type\":\"Article\",\"@id\":\"https:\/\/conversesacatalunya.cat\/es\/los-10-grandes-errores-en-la-gestion-de-la-crisis-del-coronavirus\/#article\",\"isPartOf\":{\"@id\":\"https:\/\/conversesacatalunya.cat\/es\/los-10-grandes-errores-en-la-gestion-de-la-crisis-del-coronavirus\/\"},\"author\":{\"name\":\"conversesacatalunya\",\"@id\":\"https:\/\/conversesacatalunya.cat\/#\/schema\/person\/7e24d1e54a2785373ddcb275eae5ed99\"},\"headline\":\"Los 10 grandes errores en la gesti\u00f3n de la crisis del coronavirus\",\"datePublished\":\"2020-05-19T11:40:00+00:00\",\"dateModified\":\"2020-05-19T12:20:46+00:00\",\"mainEntityOfPage\":{\"@id\":\"https:\/\/conversesacatalunya.cat\/es\/los-10-grandes-errores-en-la-gestion-de-la-crisis-del-coronavirus\/\"},\"wordCount\":782,\"commentCount\":0,\"image\":{\"@id\":\"https:\/\/conversesacatalunya.cat\/es\/los-10-grandes-errores-en-la-gestion-de-la-crisis-del-coronavirus\/#primaryimage\"},\"thumbnailUrl\":\"https:\/\/conversesacatalunya.cat\/wp-content\/uploads\/2020\/05\/controladors-1.jpg\",\"keywords\":[\"coronavirus\",\"medidas coronavirus\"],\"articleSection\":[\"Especial Coronavirus (ES)\",\"Punts clau del dia (ES)\"],\"inLanguage\":\"es\",\"potentialAction\":[{\"@type\":\"CommentAction\",\"name\":\"Comment\",\"target\":[\"https:\/\/conversesacatalunya.cat\/es\/los-10-grandes-errores-en-la-gestion-de-la-crisis-del-coronavirus\/#respond\"]}]},{\"@type\":\"WebPage\",\"@id\":\"https:\/\/conversesacatalunya.cat\/es\/los-10-grandes-errores-en-la-gestion-de-la-crisis-del-coronavirus\/\",\"url\":\"https:\/\/conversesacatalunya.cat\/es\/los-10-grandes-errores-en-la-gestion-de-la-crisis-del-coronavirus\/\",\"name\":\"Los 10 grandes errores en la gesti\u00f3n de la crisis del coronavirus - Converses a Catalunya\",\"isPartOf\":{\"@id\":\"https:\/\/conversesacatalunya.cat\/#website\"},\"primaryImageOfPage\":{\"@id\":\"https:\/\/conversesacatalunya.cat\/es\/los-10-grandes-errores-en-la-gestion-de-la-crisis-del-coronavirus\/#primaryimage\"},\"image\":{\"@id\":\"https:\/\/conversesacatalunya.cat\/es\/los-10-grandes-errores-en-la-gestion-de-la-crisis-del-coronavirus\/#primaryimage\"},\"thumbnailUrl\":\"https:\/\/conversesacatalunya.cat\/wp-content\/uploads\/2020\/05\/controladors-1.jpg\",\"datePublished\":\"2020-05-19T11:40:00+00:00\",\"dateModified\":\"2020-05-19T12:20:46+00:00\",\"author\":{\"@id\":\"https:\/\/conversesacatalunya.cat\/#\/schema\/person\/7e24d1e54a2785373ddcb275eae5ed99\"},\"breadcrumb\":{\"@id\":\"https:\/\/conversesacatalunya.cat\/es\/los-10-grandes-errores-en-la-gestion-de-la-crisis-del-coronavirus\/#breadcrumb\"},\"inLanguage\":\"es\",\"potentialAction\":[{\"@type\":\"ReadAction\",\"target\":[\"https:\/\/conversesacatalunya.cat\/es\/los-10-grandes-errores-en-la-gestion-de-la-crisis-del-coronavirus\/\"]}]},{\"@type\":\"ImageObject\",\"inLanguage\":\"es\",\"@id\":\"https:\/\/conversesacatalunya.cat\/es\/los-10-grandes-errores-en-la-gestion-de-la-crisis-del-coronavirus\/#primaryimage\",\"url\":\"https:\/\/conversesacatalunya.cat\/wp-content\/uploads\/2020\/05\/controladors-1.jpg\",\"contentUrl\":\"https:\/\/conversesacatalunya.cat\/wp-content\/uploads\/2020\/05\/controladors-1.jpg\",\"width\":990,\"height\":660,\"caption\":\"crisi del coronavirus\"},{\"@type\":\"BreadcrumbList\",\"@id\":\"https:\/\/conversesacatalunya.cat\/es\/los-10-grandes-errores-en-la-gestion-de-la-crisis-del-coronavirus\/#breadcrumb\",\"itemListElement\":[{\"@type\":\"ListItem\",\"position\":1,\"name\":\"Inici\",\"item\":\"https:\/\/conversesacatalunya.cat\/es\/\"},{\"@type\":\"ListItem\",\"position\":2,\"name\":\"Los 10 grandes errores en la gesti\u00f3n de la crisis del coronavirus\"}]},{\"@type\":\"WebSite\",\"@id\":\"https:\/\/conversesacatalunya.cat\/#website\",\"url\":\"https:\/\/conversesacatalunya.cat\/\",\"name\":\"Converses a Catalunya\",\"description\":\"\",\"potentialAction\":[{\"@type\":\"SearchAction\",\"target\":{\"@type\":\"EntryPoint\",\"urlTemplate\":\"https:\/\/conversesacatalunya.cat\/?s={search_term_string}\"},\"query-input\":{\"@type\":\"PropertyValueSpecification\",\"valueRequired\":true,\"valueName\":\"search_term_string\"}}],\"inLanguage\":\"es\"},{\"@type\":\"Person\",\"@id\":\"https:\/\/conversesacatalunya.cat\/#\/schema\/person\/7e24d1e54a2785373ddcb275eae5ed99\",\"name\":\"conversesacatalunya\",\"image\":{\"@type\":\"ImageObject\",\"inLanguage\":\"es\",\"@id\":\"https:\/\/conversesacatalunya.cat\/#\/schema\/person\/image\/\",\"url\":\"https:\/\/conversesacatalunya.cat\/wp-content\/litespeed\/avatar\/febdfeeec89d950f01c748045a981dd2.jpg?ver=1777314535\",\"contentUrl\":\"https:\/\/conversesacatalunya.cat\/wp-content\/litespeed\/avatar\/febdfeeec89d950f01c748045a981dd2.jpg?ver=1777314535\",\"caption\":\"conversesacatalunya\"},\"url\":\"https:\/\/conversesacatalunya.cat\/es\/author\/carme_catala\/\"}]}<\/script>\n<!-- \/ Yoast SEO plugin. -->","yoast_head_json":{"title":"Los 10 grandes errores en la gesti\u00f3n de la crisis del coronavirus - Converses a Catalunya","robots":{"index":"index","follow":"follow","max-snippet":"max-snippet:-1","max-image-preview":"max-image-preview:large","max-video-preview":"max-video-preview:-1"},"canonical":"https:\/\/conversesacatalunya.cat\/es\/los-10-grandes-errores-en-la-gestion-de-la-crisis-del-coronavirus\/","og_locale":"es_ES","og_type":"article","og_title":"Los 10 grandes errores en la gesti\u00f3n de la crisis del coronavirus - Converses a Catalunya","og_description":"El balance espa\u00f1ol a esta altura del grave problema generado por el Covid&#8211;19 es francamente malo. Primeros en el mundo en n\u00famero de muertes por habitante (B\u00e9lgica incorpora los muertos en las residencies, lo que Espa\u00f1a no hace) y de personal sanitario contaminado, una de las mayores ca\u00eddas del PIB para este a\u00f1o y una de las recuperaciones m\u00e1s insuficientes de cara al pr\u00f3ximo a\u00f1o. Singular por la elevada tasa de paro y porque necesitaremos financiaci\u00f3n externa para la pr\u00f3xima d\u00e9cada, que descontando lo que provendr\u00e1 del Banco Central Europeo, se sit\u00faa en unos 10 puntos del PIB, que deber\u00e1n ser concedidos en el mercado internacional con todos los apremios que esto significa. Para llegar aqu\u00ed se han tenido que producir graves errores. Es evidente que la gran parte de pa\u00edses se han equivocado a la hora de afrontar la amenaza del Covid&#8211;19, pero los errores del gobierno espa\u00f1ol han sido particularmente terribles. Son estos: Actuar tarde y con diagn\u00f3stico err\u00f3neo de la situaci\u00f3n, pretender solucionar el problema del SAR-COV-2 con una fase inicial de contenci\u00f3n, cuando el virus ya se hab\u00eda extendido por todo el pa\u00eds. La incapacidad reiterada para disponer del material de protecci\u00f3n y sanitario necesario para proteger y cuidar de la poblaci\u00f3n sometida a mayor riesgo y la infectada. Declarar el estado de alarma, centralizando toda la autoridad en el Ministerio de Sanidad, cuando \u00e9ste es una instancia administrativa sin pr\u00e1cticamente competencias y, lo que es peor, sin personal ni recursos. Es una c\u00e1scara vac\u00eda, un ministerio que le fue concedido al PSC antes de la crisis y que, en teor\u00eda, era un lugar tranquilo para tener presencia pol\u00edtica en el gobierno. La falta de experiencia y de recursos humanos se ha notado de manera demoledora. El jaleo de las mascarillas. Primero declaradas como in\u00fatiles, si no contraproducentes. Muchas semanas despu\u00e9s consideradas necesarias para acceder al transporte p\u00fablico, y ahora, despu\u00e9s de m\u00e1s de dos meses, a punto de ser declaradas obligatorias. Y todo ello jugando a la confusi\u00f3n en relaci\u00f3n con su uso. La mascarilla quir\u00fargica no protege a quien la lleva, y por tanto no prev\u00e9 del contagio a personas sanas, si los posibles contagiados no la utilizan. S\u00f3lo las FPP-2 y FFP-3 garantizan esta protecci\u00f3n, las que se han repartido en Madrid, y que el gobierno ha descualificado. El olvido mortal de la poblaci\u00f3n de riesgo concentrada en residencias y que ha causado una gran mortalidad que no est\u00e1 contabilizada. S\u00f3lo por estos hechos, Pablo Iglesias y su equipo deber\u00edan haber sido cesados \u200b\u200bcomo responsables \u00faltimos del problema en el mando \u00fanico. Enviar a las personas a su casa al inicio del proceso durante las semanas de marzo, a pesar de presentar s\u00edntomas de Covid-19, para observar si estos se transformaban en casos graves o se resolv\u00edan solos. Esta pol\u00edtica aplicada a la gente mayor ha sido una de las causas principales de mortalidad. Impedir el acceso a los hospitales y las UCI de las personas mayores de 70 a\u00f1os. Los tres \u00faltimos puntos mencionados son la causa de la singular y elevada mortalidad espa\u00f1ola. El error actual para justificar la prolongaci\u00f3n del estado de alarma, de contraponer vida a recuperaci\u00f3n econ\u00f3mica y derechos constitucionales, cuando es evidente que esta orientaci\u00f3n impide una pol\u00edtica sanitaria concentrada en reducir la mortalidad: una cuesti\u00f3n centrada en focalizar el problema en los grupos de riesgo, y que a la vez dificulta la necesaria normalidad, olvidando que el paro tambi\u00e9n mata. Se sigue sin centrar la pol\u00edtica para evitar muertes en la poblaci\u00f3n de riesgo, configurada por las residencias de ancianos, los hospitales y los hogares en las que vive gente mayor de 70 a\u00f1os. Mientras estos sectores de poblaci\u00f3n no est\u00e9n absolutamente controlados, con test de contagio para todos y un seguimiento exhaustivo de los casos que se puedan presentar o que puedan afectarles, el sistema tendr\u00e1 un hueco importante Y, por \u00faltimo, declarar la cuarentena para los visitantes que vienen a Espa\u00f1a a estas alturas, mientras que en el per\u00edodo \u00e1lgido de la crisis han estado entrando al pa\u00eds sin ning\u00fan tipo de control. Se puede decir que nosotros vamos cuando los otros pa\u00edses ya est\u00e1n de vuelta. M\u00e1s informaci\u00f3n sobre el coronavirus en ESPECIAL CORONAVIRUS","og_url":"https:\/\/conversesacatalunya.cat\/es\/los-10-grandes-errores-en-la-gestion-de-la-crisis-del-coronavirus\/","og_site_name":"Converses a Catalunya","article_published_time":"2020-05-19T11:40:00+00:00","article_modified_time":"2020-05-19T12:20:46+00:00","og_image":[{"width":990,"height":660,"url":"https:\/\/conversesacatalunya.cat\/wp-content\/uploads\/2020\/05\/controladors-1.jpg","type":"image\/jpeg"}],"author":"conversesacatalunya","twitter_card":"summary_large_image","twitter_misc":{"Escrito por":"conversesacatalunya","Tiempo de lectura":"4 minutos"},"schema":{"@context":"https:\/\/schema.org","@graph":[{"@type":"Article","@id":"https:\/\/conversesacatalunya.cat\/es\/los-10-grandes-errores-en-la-gestion-de-la-crisis-del-coronavirus\/#article","isPartOf":{"@id":"https:\/\/conversesacatalunya.cat\/es\/los-10-grandes-errores-en-la-gestion-de-la-crisis-del-coronavirus\/"},"author":{"name":"conversesacatalunya","@id":"https:\/\/conversesacatalunya.cat\/#\/schema\/person\/7e24d1e54a2785373ddcb275eae5ed99"},"headline":"Los 10 grandes errores en la gesti\u00f3n de la crisis del coronavirus","datePublished":"2020-05-19T11:40:00+00:00","dateModified":"2020-05-19T12:20:46+00:00","mainEntityOfPage":{"@id":"https:\/\/conversesacatalunya.cat\/es\/los-10-grandes-errores-en-la-gestion-de-la-crisis-del-coronavirus\/"},"wordCount":782,"commentCount":0,"image":{"@id":"https:\/\/conversesacatalunya.cat\/es\/los-10-grandes-errores-en-la-gestion-de-la-crisis-del-coronavirus\/#primaryimage"},"thumbnailUrl":"https:\/\/conversesacatalunya.cat\/wp-content\/uploads\/2020\/05\/controladors-1.jpg","keywords":["coronavirus","medidas coronavirus"],"articleSection":["Especial Coronavirus (ES)","Punts clau del dia (ES)"],"inLanguage":"es","potentialAction":[{"@type":"CommentAction","name":"Comment","target":["https:\/\/conversesacatalunya.cat\/es\/los-10-grandes-errores-en-la-gestion-de-la-crisis-del-coronavirus\/#respond"]}]},{"@type":"WebPage","@id":"https:\/\/conversesacatalunya.cat\/es\/los-10-grandes-errores-en-la-gestion-de-la-crisis-del-coronavirus\/","url":"https:\/\/conversesacatalunya.cat\/es\/los-10-grandes-errores-en-la-gestion-de-la-crisis-del-coronavirus\/","name":"Los 10 grandes errores en la gesti\u00f3n de la crisis del coronavirus - Converses a Catalunya","isPartOf":{"@id":"https:\/\/conversesacatalunya.cat\/#website"},"primaryImageOfPage":{"@id":"https:\/\/conversesacatalunya.cat\/es\/los-10-grandes-errores-en-la-gestion-de-la-crisis-del-coronavirus\/#primaryimage"},"image":{"@id":"https:\/\/conversesacatalunya.cat\/es\/los-10-grandes-errores-en-la-gestion-de-la-crisis-del-coronavirus\/#primaryimage"},"thumbnailUrl":"https:\/\/conversesacatalunya.cat\/wp-content\/uploads\/2020\/05\/controladors-1.jpg","datePublished":"2020-05-19T11:40:00+00:00","dateModified":"2020-05-19T12:20:46+00:00","author":{"@id":"https:\/\/conversesacatalunya.cat\/#\/schema\/person\/7e24d1e54a2785373ddcb275eae5ed99"},"breadcrumb":{"@id":"https:\/\/conversesacatalunya.cat\/es\/los-10-grandes-errores-en-la-gestion-de-la-crisis-del-coronavirus\/#breadcrumb"},"inLanguage":"es","potentialAction":[{"@type":"ReadAction","target":["https:\/\/conversesacatalunya.cat\/es\/los-10-grandes-errores-en-la-gestion-de-la-crisis-del-coronavirus\/"]}]},{"@type":"ImageObject","inLanguage":"es","@id":"https:\/\/conversesacatalunya.cat\/es\/los-10-grandes-errores-en-la-gestion-de-la-crisis-del-coronavirus\/#primaryimage","url":"https:\/\/conversesacatalunya.cat\/wp-content\/uploads\/2020\/05\/controladors-1.jpg","contentUrl":"https:\/\/conversesacatalunya.cat\/wp-content\/uploads\/2020\/05\/controladors-1.jpg","width":990,"height":660,"caption":"crisi del coronavirus"},{"@type":"BreadcrumbList","@id":"https:\/\/conversesacatalunya.cat\/es\/los-10-grandes-errores-en-la-gestion-de-la-crisis-del-coronavirus\/#breadcrumb","itemListElement":[{"@type":"ListItem","position":1,"name":"Inici","item":"https:\/\/conversesacatalunya.cat\/es\/"},{"@type":"ListItem","position":2,"name":"Los 10 grandes errores en la gesti\u00f3n de la crisis del coronavirus"}]},{"@type":"WebSite","@id":"https:\/\/conversesacatalunya.cat\/#website","url":"https:\/\/conversesacatalunya.cat\/","name":"Converses a Catalunya","description":"","potentialAction":[{"@type":"SearchAction","target":{"@type":"EntryPoint","urlTemplate":"https:\/\/conversesacatalunya.cat\/?s={search_term_string}"},"query-input":{"@type":"PropertyValueSpecification","valueRequired":true,"valueName":"search_term_string"}}],"inLanguage":"es"},{"@type":"Person","@id":"https:\/\/conversesacatalunya.cat\/#\/schema\/person\/7e24d1e54a2785373ddcb275eae5ed99","name":"conversesacatalunya","image":{"@type":"ImageObject","inLanguage":"es","@id":"https:\/\/conversesacatalunya.cat\/#\/schema\/person\/image\/","url":"https:\/\/conversesacatalunya.cat\/wp-content\/litespeed\/avatar\/febdfeeec89d950f01c748045a981dd2.jpg?ver=1777314535","contentUrl":"https:\/\/conversesacatalunya.cat\/wp-content\/litespeed\/avatar\/febdfeeec89d950f01c748045a981dd2.jpg?ver=1777314535","caption":"conversesacatalunya"},"url":"https:\/\/conversesacatalunya.cat\/es\/author\/carme_catala\/"}]}},"wps_subtitle":"","_links":{"self":[{"href":"https:\/\/conversesacatalunya.cat\/es\/wp-json\/wp\/v2\/posts\/36308","targetHints":{"allow":["GET"]}}],"collection":[{"href":"https:\/\/conversesacatalunya.cat\/es\/wp-json\/wp\/v2\/posts"}],"about":[{"href":"https:\/\/conversesacatalunya.cat\/es\/wp-json\/wp\/v2\/types\/post"}],"author":[{"embeddable":true,"href":"https:\/\/conversesacatalunya.cat\/es\/wp-json\/wp\/v2\/users\/2"}],"replies":[{"embeddable":true,"href":"https:\/\/conversesacatalunya.cat\/es\/wp-json\/wp\/v2\/comments?post=36308"}],"version-history":[{"count":2,"href":"https:\/\/conversesacatalunya.cat\/es\/wp-json\/wp\/v2\/posts\/36308\/revisions"}],"predecessor-version":[{"id":36309,"href":"https:\/\/conversesacatalunya.cat\/es\/wp-json\/wp\/v2\/posts\/36308\/revisions\/36309"}],"wp:featuredmedia":[{"embeddable":true,"href":"https:\/\/conversesacatalunya.cat\/es\/wp-json\/wp\/v2\/media\/36294"}],"wp:attachment":[{"href":"https:\/\/conversesacatalunya.cat\/es\/wp-json\/wp\/v2\/media?parent=36308"}],"wp:term":[{"taxonomy":"category","embeddable":true,"href":"https:\/\/conversesacatalunya.cat\/es\/wp-json\/wp\/v2\/categories?post=36308"},{"taxonomy":"post_tag","embeddable":true,"href":"https:\/\/conversesacatalunya.cat\/es\/wp-json\/wp\/v2\/tags?post=36308"}],"curies":[{"name":"wp","href":"https:\/\/api.w.org\/{rel}","templated":true}]}}