{"id":36301,"date":"2020-05-19T13:28:35","date_gmt":"2020-05-19T11:28:35","guid":{"rendered":"https:\/\/conversesacatalunya.cat\/enquestes-ha-perdut-el-psoe-la-majoria\/"},"modified":"2020-05-19T14:09:11","modified_gmt":"2020-05-19T12:09:11","slug":"encuestas-ha-perdido-el-psoe-la-mayoria","status":"publish","type":"post","link":"https:\/\/conversesacatalunya.cat\/es\/encuestas-ha-perdido-el-psoe-la-mayoria\/","title":{"rendered":"Encuestas: \u00bfHa perdido el PSOE la mayor\u00eda?"},"content":{"rendered":"<p>La tabla adjunta muestra las 5 \u00faltimas encuestas, desde la \u00faltima publicada de Amalgama hasta las tres anteriores de Gesop, Sigma Dos y Celeste-tel. Tambi\u00e9n en la misma fecha que Amalgama se sit\u00faa la encuesta de NC Report.<\/p>\n<p>Hay un corte muy marcado entre las dos primeras que corresponden al 18 de mayo en cuanto a fecha de publicaci\u00f3n, de las tres anteriores del d\u00eda 17. En estas \u00faltimas, el <strong>PSOE<\/strong> sigue siendo con claridad la <strong>primera fuerza<\/strong>, con diferencias hacia el <strong>PP<\/strong> que pueden llegar a ser de <strong>19<\/strong> diputados, y siempre se sit\u00faa cercana a los <strong>120 esca\u00f1os<\/strong>.<\/p>\n<p>Los resultados de las dos \u00faltimas encuestas son totalmente diferentes. <strong>El PP se sit\u00faa 1 diputado por debajo o por encima del PSOE<\/strong>, por lo tanto hay un empate t\u00e9cnico. Los populares se instalan en la <strong>franja de los 110 esca\u00f1os<\/strong> y los socialistas descienden hasta esta franja. Si esta evoluci\u00f3n responde a un cambio de tendencia, lo que est\u00e1 por verificar, estar\u00edamos ante el hecho de que S\u00e1nchez est\u00e1 pagando el coste de la pandemia.<\/p>\n<span class='bctt-click-to-tweet'><span class='bctt-ctt-text'><a href='https:\/\/twitter.com\/intent\/tweet?url=https%3A%2F%2Fconversesacatalunya.cat%2Fes%2Fencuestas-ha-perdido-el-psoe-la-mayoria%2F&#038;text=El%20PP%20se%20sit%C3%BAa%201%20diputado%20por%20debajo%20o%20por%20encima%20del%20PSOE%2C%20por%20lo%20tanto%20hay%20un%20empate%20t%C3%A9cnico&#038;via=conversesacat&#038;related=conversesacat' target='_blank'rel=\"noopener noreferrer\">El PP se sit\u00faa 1 diputado por debajo o por encima del PSOE, por lo tanto hay un empate t\u00e9cnico <\/a><\/span><a href='https:\/\/twitter.com\/intent\/tweet?url=https%3A%2F%2Fconversesacatalunya.cat%2Fes%2Fencuestas-ha-perdido-el-psoe-la-mayoria%2F&#038;text=El%20PP%20se%20sit%C3%BAa%201%20diputado%20por%20debajo%20o%20por%20encima%20del%20PSOE%2C%20por%20lo%20tanto%20hay%20un%20empate%20t%C3%A9cnico&#038;via=conversesacat&#038;related=conversesacat' target='_blank' class='bctt-ctt-btn'rel=\"noopener noreferrer\">Compartir en X<\/a><\/span>\n<p>Otro dato relevante es que esta mejora del PP no registra a cambio una ca\u00edda proporcional de <strong>VOX<\/strong>, que se mantiene alrededor de los <strong>50<\/strong> esca\u00f1os, mientras que la reducci\u00f3n de diputados del PSOE no beneficia a <strong>UP<\/strong>, que se mantiene en la franja de los <strong>30<\/strong> y pocos diputados. La variaci\u00f3n m\u00e1s grande se situar\u00eda en <strong>Cs<\/strong>, que en el caso de la encuesta de Amalgama quedar\u00eda reducido a la m\u00ednima expresi\u00f3n, <strong>2<\/strong> esca\u00f1os, muy por debajo de la serie anterior, que lo situaban entre 7 y 9.<\/p>\n<p><img fetchpriority=\"high\" decoding=\"async\" class=\"aligncenter size-full wp-image-36287\" src=\"https:\/\/conversesacatalunya.cat\/wp-content\/uploads\/2020\/05\/enquestes.png\" alt=\"\" width=\"489\" height=\"150\" srcset=\"https:\/\/conversesacatalunya.cat\/wp-content\/uploads\/2020\/05\/enquestes.png 489w, https:\/\/conversesacatalunya.cat\/wp-content\/uploads\/2020\/05\/enquestes-300x92.png 300w\" sizes=\"(max-width: 489px) 100vw, 489px\" \/><br \/>\nFuente: Electoman\u00eda <a href=\"https:\/\/electomania.es\/\">https:\/\/electomania.es\/<\/a><\/p>\n<div id=\"polls-51\" class=\"wp-polls\">\n\t<form id=\"polls_form_51\" class=\"wp-polls-form\" action=\"\/index.php\" method=\"post\">\n\t\t<p style=\"display: none;\"><input type=\"hidden\" id=\"poll_51_nonce\" name=\"wp-polls-nonce\" value=\"41a36fbce7\" \/><\/p>\n\t\t<p style=\"display: none;\"><input type=\"hidden\" name=\"poll_id\" value=\"51\" \/><\/p>\n\t\t<p style=\"text-align: center\"><strong>Est\u00e0s d'acord que es prolongui l'Estat d'Alarma un mes?<\/strong><\/p><div id=\"polls-51-ans\" class=\"wp-polls-ans\"><ul class=\"wp-polls-ul\">\n\t\t<li><input type=\"radio\" id=\"poll-answer-108\" name=\"poll_51\" value=\"108\" \/> <label for=\"poll-answer-108\">Si<\/label><\/li>\n\t\t<li><input type=\"radio\" id=\"poll-answer-109\" name=\"poll_51\" value=\"109\" \/> <label for=\"poll-answer-109\">No<\/label><\/li>\n\t\t<\/ul><p style=\"text-align: center\"><input type=\"button\" name=\"vote\" value=\"   Vota   \" class=\"Buttons\" onclick=\"poll_vote(51);\" \/><\/p><p style=\"text-align: center\"><a href=\"#ViewPollResults\" onclick=\"poll_result(51); return false;\" title=\"View Results Of This Poll\">Mira els resultats<\/a><\/p><\/div>\n\t<\/form>\n<\/div>\n<div id=\"polls-51-loading\" class=\"wp-polls-loading\"><img decoding=\"async\" data-src=\"https:\/\/conversesacatalunya.cat\/wp-content\/plugins\/wp-polls\/images\/loading.gif\" width=\"16\" height=\"16\" alt=\"Cargando ...\" title=\"Cargando ...\" class=\"wp-polls-image lazyload\" src=\"data:image\/svg+xml;base64,PHN2ZyB3aWR0aD0iMSIgaGVpZ2h0PSIxIiB4bWxucz0iaHR0cDovL3d3dy53My5vcmcvMjAwMC9zdmciPjwvc3ZnPg==\" style=\"--smush-placeholder-width: 16px; --smush-placeholder-aspect-ratio: 16\/16;\" \/>&nbsp;Cargando ...<\/div>\n\n","protected":false},"excerpt":{"rendered":"<p>La tabla adjunta muestra las 5 \u00faltimas encuestas, desde la \u00faltima publicada de Amalgama hasta las tres anteriores de Gesop, Sigma Dos y Celeste-tel. Tambi\u00e9n en la misma fecha que Amalgama se sit\u00faa la encuesta de NC Report. Hay un corte muy marcado entre las dos primeras que corresponden al 18 de mayo en cuanto a fecha de publicaci\u00f3n, de las tres anteriores del d\u00eda 17. En estas \u00faltimas, el PSOE sigue siendo con claridad la primera fuerza, con diferencias hacia el PP que pueden llegar a ser de 19 diputados, y siempre se sit\u00faa cercana a los 120 esca\u00f1os. Los resultados de las dos \u00faltimas encuestas son totalmente diferentes. El PP se sit\u00faa 1 diputado por debajo o por encima del PSOE, por lo tanto hay un empate t\u00e9cnico. Los populares se instalan en la franja de los 110 esca\u00f1os y los socialistas descienden hasta esta franja. Si esta evoluci\u00f3n responde a un cambio de tendencia, lo que est\u00e1 por verificar, estar\u00edamos ante el hecho de que S\u00e1nchez est\u00e1 pagando el coste de la pandemia. Otro dato relevante es que esta mejora del PP no registra a cambio una ca\u00edda proporcional de VOX, que se mantiene alrededor de los 50 esca\u00f1os, mientras que la reducci\u00f3n de diputados del PSOE no beneficia a UP, que se mantiene en la franja de los 30 y pocos diputados. La variaci\u00f3n m\u00e1s grande se situar\u00eda en Cs, que en el caso de la encuesta de Amalgama quedar\u00eda reducido a la m\u00ednima expresi\u00f3n, 2 esca\u00f1os, muy por debajo de la serie anterior, que lo situaban entre 7 y 9. Fuente: Electoman\u00eda https:\/\/electomania.es\/<\/p>\n","protected":false},"author":2,"featured_media":36290,"comment_status":"open","ping_status":"open","sticky":false,"template":"","format":"standard","meta":{"_FSMCFIC_featured_image_caption":"","_FSMCFIC_featured_image_nocaption":"","_FSMCFIC_featured_image_hide":"","footnotes":""},"categories":[806],"tags":[1065,2402],"class_list":["post-36301","post","type-post","status-publish","format-standard","has-post-thumbnail","hentry","category-punts-claus-del-dia-es","tag-encuestas","tag-intencion-de-voto"],"yoast_head":"<!-- This site is optimized with the Yoast SEO plugin v26.8 - https:\/\/yoast.com\/product\/yoast-seo-wordpress\/ -->\n<title>Encuestas: \u00bfHa perdido el PSOE la mayor\u00eda? - Converses a Catalunya<\/title>\n<meta name=\"robots\" content=\"index, follow, max-snippet:-1, max-image-preview:large, max-video-preview:-1\" \/>\n<link rel=\"canonical\" href=\"https:\/\/conversesacatalunya.cat\/es\/encuestas-ha-perdido-el-psoe-la-mayoria\/\" \/>\n<meta property=\"og:locale\" content=\"es_ES\" \/>\n<meta property=\"og:type\" content=\"article\" \/>\n<meta property=\"og:title\" content=\"Encuestas: \u00bfHa perdido el PSOE la mayor\u00eda? - Converses a Catalunya\" \/>\n<meta property=\"og:description\" content=\"La tabla adjunta muestra las 5 \u00faltimas encuestas, desde la \u00faltima publicada de Amalgama hasta las tres anteriores de Gesop, Sigma Dos y Celeste-tel. Tambi\u00e9n en la misma fecha que Amalgama se sit\u00faa la encuesta de NC Report. Hay un corte muy marcado entre las dos primeras que corresponden al 18 de mayo en cuanto a fecha de publicaci\u00f3n, de las tres anteriores del d\u00eda 17. En estas \u00faltimas, el PSOE sigue siendo con claridad la primera fuerza, con diferencias hacia el PP que pueden llegar a ser de 19 diputados, y siempre se sit\u00faa cercana a los 120 esca\u00f1os. Los resultados de las dos \u00faltimas encuestas son totalmente diferentes. El PP se sit\u00faa 1 diputado por debajo o por encima del PSOE, por lo tanto hay un empate t\u00e9cnico. Los populares se instalan en la franja de los 110 esca\u00f1os y los socialistas descienden hasta esta franja. Si esta evoluci\u00f3n responde a un cambio de tendencia, lo que est\u00e1 por verificar, estar\u00edamos ante el hecho de que S\u00e1nchez est\u00e1 pagando el coste de la pandemia. Otro dato relevante es que esta mejora del PP no registra a cambio una ca\u00edda proporcional de VOX, que se mantiene alrededor de los 50 esca\u00f1os, mientras que la reducci\u00f3n de diputados del PSOE no beneficia a UP, que se mantiene en la franja de los 30 y pocos diputados. La variaci\u00f3n m\u00e1s grande se situar\u00eda en Cs, que en el caso de la encuesta de Amalgama quedar\u00eda reducido a la m\u00ednima expresi\u00f3n, 2 esca\u00f1os, muy por debajo de la serie anterior, que lo situaban entre 7 y 9. Fuente: Electoman\u00eda https:\/\/electomania.es\/\" \/>\n<meta property=\"og:url\" content=\"https:\/\/conversesacatalunya.cat\/es\/encuestas-ha-perdido-el-psoe-la-mayoria\/\" \/>\n<meta property=\"og:site_name\" content=\"Converses a Catalunya\" \/>\n<meta property=\"article:published_time\" content=\"2020-05-19T11:28:35+00:00\" \/>\n<meta property=\"article:modified_time\" content=\"2020-05-19T12:09:11+00:00\" \/>\n<meta property=\"og:image\" content=\"https:\/\/conversesacatalunya.cat\/wp-content\/uploads\/2020\/05\/enquestes.jpg\" \/>\n\t<meta property=\"og:image:width\" content=\"700\" \/>\n\t<meta property=\"og:image:height\" content=\"420\" \/>\n\t<meta property=\"og:image:type\" content=\"image\/jpeg\" \/>\n<meta name=\"author\" content=\"conversesacatalunya\" \/>\n<meta name=\"twitter:card\" content=\"summary_large_image\" \/>\n<meta name=\"twitter:label1\" content=\"Escrito por\" \/>\n\t<meta name=\"twitter:data1\" content=\"conversesacatalunya\" \/>\n\t<meta name=\"twitter:label2\" content=\"Tiempo de lectura\" \/>\n\t<meta name=\"twitter:data2\" content=\"2 minutos\" \/>\n<script type=\"application\/ld+json\" class=\"yoast-schema-graph\">{\"@context\":\"https:\/\/schema.org\",\"@graph\":[{\"@type\":\"Article\",\"@id\":\"https:\/\/conversesacatalunya.cat\/es\/encuestas-ha-perdido-el-psoe-la-mayoria\/#article\",\"isPartOf\":{\"@id\":\"https:\/\/conversesacatalunya.cat\/es\/encuestas-ha-perdido-el-psoe-la-mayoria\/\"},\"author\":{\"name\":\"conversesacatalunya\",\"@id\":\"https:\/\/conversesacatalunya.cat\/#\/schema\/person\/7e24d1e54a2785373ddcb275eae5ed99\"},\"headline\":\"Encuestas: \u00bfHa perdido el PSOE la mayor\u00eda?\",\"datePublished\":\"2020-05-19T11:28:35+00:00\",\"dateModified\":\"2020-05-19T12:09:11+00:00\",\"mainEntityOfPage\":{\"@id\":\"https:\/\/conversesacatalunya.cat\/es\/encuestas-ha-perdido-el-psoe-la-mayoria\/\"},\"wordCount\":316,\"commentCount\":0,\"image\":{\"@id\":\"https:\/\/conversesacatalunya.cat\/es\/encuestas-ha-perdido-el-psoe-la-mayoria\/#primaryimage\"},\"thumbnailUrl\":\"https:\/\/conversesacatalunya.cat\/wp-content\/uploads\/2020\/05\/enquestes.jpg\",\"keywords\":[\"Encuestas\",\"intenci\u00f3n de voto\"],\"articleSection\":[\"Punts clau del dia (ES)\"],\"inLanguage\":\"es\",\"potentialAction\":[{\"@type\":\"CommentAction\",\"name\":\"Comment\",\"target\":[\"https:\/\/conversesacatalunya.cat\/es\/encuestas-ha-perdido-el-psoe-la-mayoria\/#respond\"]}]},{\"@type\":\"WebPage\",\"@id\":\"https:\/\/conversesacatalunya.cat\/es\/encuestas-ha-perdido-el-psoe-la-mayoria\/\",\"url\":\"https:\/\/conversesacatalunya.cat\/es\/encuestas-ha-perdido-el-psoe-la-mayoria\/\",\"name\":\"Encuestas: \u00bfHa perdido el PSOE la mayor\u00eda? - Converses a Catalunya\",\"isPartOf\":{\"@id\":\"https:\/\/conversesacatalunya.cat\/#website\"},\"primaryImageOfPage\":{\"@id\":\"https:\/\/conversesacatalunya.cat\/es\/encuestas-ha-perdido-el-psoe-la-mayoria\/#primaryimage\"},\"image\":{\"@id\":\"https:\/\/conversesacatalunya.cat\/es\/encuestas-ha-perdido-el-psoe-la-mayoria\/#primaryimage\"},\"thumbnailUrl\":\"https:\/\/conversesacatalunya.cat\/wp-content\/uploads\/2020\/05\/enquestes.jpg\",\"datePublished\":\"2020-05-19T11:28:35+00:00\",\"dateModified\":\"2020-05-19T12:09:11+00:00\",\"author\":{\"@id\":\"https:\/\/conversesacatalunya.cat\/#\/schema\/person\/7e24d1e54a2785373ddcb275eae5ed99\"},\"breadcrumb\":{\"@id\":\"https:\/\/conversesacatalunya.cat\/es\/encuestas-ha-perdido-el-psoe-la-mayoria\/#breadcrumb\"},\"inLanguage\":\"es\",\"potentialAction\":[{\"@type\":\"ReadAction\",\"target\":[\"https:\/\/conversesacatalunya.cat\/es\/encuestas-ha-perdido-el-psoe-la-mayoria\/\"]}]},{\"@type\":\"ImageObject\",\"inLanguage\":\"es\",\"@id\":\"https:\/\/conversesacatalunya.cat\/es\/encuestas-ha-perdido-el-psoe-la-mayoria\/#primaryimage\",\"url\":\"https:\/\/conversesacatalunya.cat\/wp-content\/uploads\/2020\/05\/enquestes.jpg\",\"contentUrl\":\"https:\/\/conversesacatalunya.cat\/wp-content\/uploads\/2020\/05\/enquestes.jpg\",\"width\":700,\"height\":420,\"caption\":\"enquestes\"},{\"@type\":\"BreadcrumbList\",\"@id\":\"https:\/\/conversesacatalunya.cat\/es\/encuestas-ha-perdido-el-psoe-la-mayoria\/#breadcrumb\",\"itemListElement\":[{\"@type\":\"ListItem\",\"position\":1,\"name\":\"Inici\",\"item\":\"https:\/\/conversesacatalunya.cat\/es\/\"},{\"@type\":\"ListItem\",\"position\":2,\"name\":\"Encuestas: \u00bfHa perdido el PSOE la mayor\u00eda?\"}]},{\"@type\":\"WebSite\",\"@id\":\"https:\/\/conversesacatalunya.cat\/#website\",\"url\":\"https:\/\/conversesacatalunya.cat\/\",\"name\":\"Converses a Catalunya\",\"description\":\"\",\"potentialAction\":[{\"@type\":\"SearchAction\",\"target\":{\"@type\":\"EntryPoint\",\"urlTemplate\":\"https:\/\/conversesacatalunya.cat\/?s={search_term_string}\"},\"query-input\":{\"@type\":\"PropertyValueSpecification\",\"valueRequired\":true,\"valueName\":\"search_term_string\"}}],\"inLanguage\":\"es\"},{\"@type\":\"Person\",\"@id\":\"https:\/\/conversesacatalunya.cat\/#\/schema\/person\/7e24d1e54a2785373ddcb275eae5ed99\",\"name\":\"conversesacatalunya\",\"image\":{\"@type\":\"ImageObject\",\"inLanguage\":\"es\",\"@id\":\"https:\/\/conversesacatalunya.cat\/#\/schema\/person\/image\/\",\"url\":\"https:\/\/conversesacatalunya.cat\/wp-content\/litespeed\/avatar\/febdfeeec89d950f01c748045a981dd2.jpg?ver=1777314535\",\"contentUrl\":\"https:\/\/conversesacatalunya.cat\/wp-content\/litespeed\/avatar\/febdfeeec89d950f01c748045a981dd2.jpg?ver=1777314535\",\"caption\":\"conversesacatalunya\"},\"url\":\"https:\/\/conversesacatalunya.cat\/es\/author\/carme_catala\/\"}]}<\/script>\n<!-- \/ Yoast SEO plugin. -->","yoast_head_json":{"title":"Encuestas: \u00bfHa perdido el PSOE la mayor\u00eda? - Converses a Catalunya","robots":{"index":"index","follow":"follow","max-snippet":"max-snippet:-1","max-image-preview":"max-image-preview:large","max-video-preview":"max-video-preview:-1"},"canonical":"https:\/\/conversesacatalunya.cat\/es\/encuestas-ha-perdido-el-psoe-la-mayoria\/","og_locale":"es_ES","og_type":"article","og_title":"Encuestas: \u00bfHa perdido el PSOE la mayor\u00eda? - Converses a Catalunya","og_description":"La tabla adjunta muestra las 5 \u00faltimas encuestas, desde la \u00faltima publicada de Amalgama hasta las tres anteriores de Gesop, Sigma Dos y Celeste-tel. Tambi\u00e9n en la misma fecha que Amalgama se sit\u00faa la encuesta de NC Report. Hay un corte muy marcado entre las dos primeras que corresponden al 18 de mayo en cuanto a fecha de publicaci\u00f3n, de las tres anteriores del d\u00eda 17. En estas \u00faltimas, el PSOE sigue siendo con claridad la primera fuerza, con diferencias hacia el PP que pueden llegar a ser de 19 diputados, y siempre se sit\u00faa cercana a los 120 esca\u00f1os. Los resultados de las dos \u00faltimas encuestas son totalmente diferentes. El PP se sit\u00faa 1 diputado por debajo o por encima del PSOE, por lo tanto hay un empate t\u00e9cnico. Los populares se instalan en la franja de los 110 esca\u00f1os y los socialistas descienden hasta esta franja. Si esta evoluci\u00f3n responde a un cambio de tendencia, lo que est\u00e1 por verificar, estar\u00edamos ante el hecho de que S\u00e1nchez est\u00e1 pagando el coste de la pandemia. Otro dato relevante es que esta mejora del PP no registra a cambio una ca\u00edda proporcional de VOX, que se mantiene alrededor de los 50 esca\u00f1os, mientras que la reducci\u00f3n de diputados del PSOE no beneficia a UP, que se mantiene en la franja de los 30 y pocos diputados. La variaci\u00f3n m\u00e1s grande se situar\u00eda en Cs, que en el caso de la encuesta de Amalgama quedar\u00eda reducido a la m\u00ednima expresi\u00f3n, 2 esca\u00f1os, muy por debajo de la serie anterior, que lo situaban entre 7 y 9. Fuente: Electoman\u00eda https:\/\/electomania.es\/","og_url":"https:\/\/conversesacatalunya.cat\/es\/encuestas-ha-perdido-el-psoe-la-mayoria\/","og_site_name":"Converses a Catalunya","article_published_time":"2020-05-19T11:28:35+00:00","article_modified_time":"2020-05-19T12:09:11+00:00","og_image":[{"width":700,"height":420,"url":"https:\/\/conversesacatalunya.cat\/wp-content\/uploads\/2020\/05\/enquestes.jpg","type":"image\/jpeg"}],"author":"conversesacatalunya","twitter_card":"summary_large_image","twitter_misc":{"Escrito por":"conversesacatalunya","Tiempo de lectura":"2 minutos"},"schema":{"@context":"https:\/\/schema.org","@graph":[{"@type":"Article","@id":"https:\/\/conversesacatalunya.cat\/es\/encuestas-ha-perdido-el-psoe-la-mayoria\/#article","isPartOf":{"@id":"https:\/\/conversesacatalunya.cat\/es\/encuestas-ha-perdido-el-psoe-la-mayoria\/"},"author":{"name":"conversesacatalunya","@id":"https:\/\/conversesacatalunya.cat\/#\/schema\/person\/7e24d1e54a2785373ddcb275eae5ed99"},"headline":"Encuestas: \u00bfHa perdido el PSOE la mayor\u00eda?","datePublished":"2020-05-19T11:28:35+00:00","dateModified":"2020-05-19T12:09:11+00:00","mainEntityOfPage":{"@id":"https:\/\/conversesacatalunya.cat\/es\/encuestas-ha-perdido-el-psoe-la-mayoria\/"},"wordCount":316,"commentCount":0,"image":{"@id":"https:\/\/conversesacatalunya.cat\/es\/encuestas-ha-perdido-el-psoe-la-mayoria\/#primaryimage"},"thumbnailUrl":"https:\/\/conversesacatalunya.cat\/wp-content\/uploads\/2020\/05\/enquestes.jpg","keywords":["Encuestas","intenci\u00f3n de voto"],"articleSection":["Punts clau del dia (ES)"],"inLanguage":"es","potentialAction":[{"@type":"CommentAction","name":"Comment","target":["https:\/\/conversesacatalunya.cat\/es\/encuestas-ha-perdido-el-psoe-la-mayoria\/#respond"]}]},{"@type":"WebPage","@id":"https:\/\/conversesacatalunya.cat\/es\/encuestas-ha-perdido-el-psoe-la-mayoria\/","url":"https:\/\/conversesacatalunya.cat\/es\/encuestas-ha-perdido-el-psoe-la-mayoria\/","name":"Encuestas: \u00bfHa perdido el PSOE la mayor\u00eda? - Converses a Catalunya","isPartOf":{"@id":"https:\/\/conversesacatalunya.cat\/#website"},"primaryImageOfPage":{"@id":"https:\/\/conversesacatalunya.cat\/es\/encuestas-ha-perdido-el-psoe-la-mayoria\/#primaryimage"},"image":{"@id":"https:\/\/conversesacatalunya.cat\/es\/encuestas-ha-perdido-el-psoe-la-mayoria\/#primaryimage"},"thumbnailUrl":"https:\/\/conversesacatalunya.cat\/wp-content\/uploads\/2020\/05\/enquestes.jpg","datePublished":"2020-05-19T11:28:35+00:00","dateModified":"2020-05-19T12:09:11+00:00","author":{"@id":"https:\/\/conversesacatalunya.cat\/#\/schema\/person\/7e24d1e54a2785373ddcb275eae5ed99"},"breadcrumb":{"@id":"https:\/\/conversesacatalunya.cat\/es\/encuestas-ha-perdido-el-psoe-la-mayoria\/#breadcrumb"},"inLanguage":"es","potentialAction":[{"@type":"ReadAction","target":["https:\/\/conversesacatalunya.cat\/es\/encuestas-ha-perdido-el-psoe-la-mayoria\/"]}]},{"@type":"ImageObject","inLanguage":"es","@id":"https:\/\/conversesacatalunya.cat\/es\/encuestas-ha-perdido-el-psoe-la-mayoria\/#primaryimage","url":"https:\/\/conversesacatalunya.cat\/wp-content\/uploads\/2020\/05\/enquestes.jpg","contentUrl":"https:\/\/conversesacatalunya.cat\/wp-content\/uploads\/2020\/05\/enquestes.jpg","width":700,"height":420,"caption":"enquestes"},{"@type":"BreadcrumbList","@id":"https:\/\/conversesacatalunya.cat\/es\/encuestas-ha-perdido-el-psoe-la-mayoria\/#breadcrumb","itemListElement":[{"@type":"ListItem","position":1,"name":"Inici","item":"https:\/\/conversesacatalunya.cat\/es\/"},{"@type":"ListItem","position":2,"name":"Encuestas: \u00bfHa perdido el PSOE la mayor\u00eda?"}]},{"@type":"WebSite","@id":"https:\/\/conversesacatalunya.cat\/#website","url":"https:\/\/conversesacatalunya.cat\/","name":"Converses a Catalunya","description":"","potentialAction":[{"@type":"SearchAction","target":{"@type":"EntryPoint","urlTemplate":"https:\/\/conversesacatalunya.cat\/?s={search_term_string}"},"query-input":{"@type":"PropertyValueSpecification","valueRequired":true,"valueName":"search_term_string"}}],"inLanguage":"es"},{"@type":"Person","@id":"https:\/\/conversesacatalunya.cat\/#\/schema\/person\/7e24d1e54a2785373ddcb275eae5ed99","name":"conversesacatalunya","image":{"@type":"ImageObject","inLanguage":"es","@id":"https:\/\/conversesacatalunya.cat\/#\/schema\/person\/image\/","url":"https:\/\/conversesacatalunya.cat\/wp-content\/litespeed\/avatar\/febdfeeec89d950f01c748045a981dd2.jpg?ver=1777314535","contentUrl":"https:\/\/conversesacatalunya.cat\/wp-content\/litespeed\/avatar\/febdfeeec89d950f01c748045a981dd2.jpg?ver=1777314535","caption":"conversesacatalunya"},"url":"https:\/\/conversesacatalunya.cat\/es\/author\/carme_catala\/"}]}},"wps_subtitle":"","_links":{"self":[{"href":"https:\/\/conversesacatalunya.cat\/es\/wp-json\/wp\/v2\/posts\/36301","targetHints":{"allow":["GET"]}}],"collection":[{"href":"https:\/\/conversesacatalunya.cat\/es\/wp-json\/wp\/v2\/posts"}],"about":[{"href":"https:\/\/conversesacatalunya.cat\/es\/wp-json\/wp\/v2\/types\/post"}],"author":[{"embeddable":true,"href":"https:\/\/conversesacatalunya.cat\/es\/wp-json\/wp\/v2\/users\/2"}],"replies":[{"embeddable":true,"href":"https:\/\/conversesacatalunya.cat\/es\/wp-json\/wp\/v2\/comments?post=36301"}],"version-history":[{"count":3,"href":"https:\/\/conversesacatalunya.cat\/es\/wp-json\/wp\/v2\/posts\/36301\/revisions"}],"predecessor-version":[{"id":36302,"href":"https:\/\/conversesacatalunya.cat\/es\/wp-json\/wp\/v2\/posts\/36301\/revisions\/36302"}],"wp:featuredmedia":[{"embeddable":true,"href":"https:\/\/conversesacatalunya.cat\/es\/wp-json\/wp\/v2\/media\/36290"}],"wp:attachment":[{"href":"https:\/\/conversesacatalunya.cat\/es\/wp-json\/wp\/v2\/media?parent=36301"}],"wp:term":[{"taxonomy":"category","embeddable":true,"href":"https:\/\/conversesacatalunya.cat\/es\/wp-json\/wp\/v2\/categories?post=36301"},{"taxonomy":"post_tag","embeddable":true,"href":"https:\/\/conversesacatalunya.cat\/es\/wp-json\/wp\/v2\/tags?post=36301"}],"curies":[{"name":"wp","href":"https:\/\/api.w.org\/{rel}","templated":true}]}}