{"id":36297,"date":"2020-05-19T13:07:26","date_gmt":"2020-05-19T11:07:26","guid":{"rendered":"https:\/\/conversesacatalunya.cat\/coronavirus-el-caos-dels-controladors\/"},"modified":"2020-05-19T13:56:51","modified_gmt":"2020-05-19T11:56:51","slug":"coronavirus-el-caos-de-los-controladores","status":"publish","type":"post","link":"https:\/\/conversesacatalunya.cat\/es\/coronavirus-el-caos-de-los-controladores\/","title":{"rendered":"Coronavirus: El caos de los controladores"},"content":{"rendered":"<p>Una de las condiciones esenciales para avanzar con seguridad en el control de la pandemia son los <strong>controladores<\/strong>, el personal especializado que se dedica a identificar los contactos de todas las personas que han dado positivo en el test del coronavirus.<\/p>\n<p>Como se puede constatar en la tabla adjunta, a pesar de que en teor\u00eda existe un mando \u00fanico, que es una de las principales razones aducidas para mantener el estado de alarma, las diferencias entre poblaciones en relaci\u00f3n con la disponibilidad de controladores son extraordinariamente grandes, y oscilan entre los <strong>3.168<\/strong> habitantes por controlador de La Rioja, a los <strong>149.390<\/strong> de Murcia.<\/p>\n<p>Naturalmente, al relacionar la cifra de habitantes por controlador no tenemos en cuenta el impacto y din\u00e1mica que ha tenido la pandemia en cada zona porque, por ejemplo, en el caso de <strong>Murcia<\/strong> en que el impacto ha sido muy peque\u00f1o, esto puede justificar el bajo n\u00famero de controladores por habitante. El caso de La Rioja es otro modelo diferente. Comenz\u00f3 siendo una de las comunidades m\u00e1s afectadas, pero precisamente la pr\u00e1ctica llevada a cabo de efectuar un elevado n\u00famero de PCR por habitante, y nada menos que 85, casi el doble que en Catalu\u00f1a, y el elevado n\u00famero de controladores le han permitido conseguir el buen control de la enfermedad, por lo que el 13 de mayo, d\u00eda de referencia utilizado, murieron 6 personas, pero s\u00f3lo tuvo 2 nuevos casos al d\u00eda. Contando que las muertes se producen al cabo de al menos 2 o 3 semanas desde la infecci\u00f3n, se puede decir que La Rioja ha salido de su fase m\u00e1s dif\u00edcil.<\/p>\n<p>La referencia de muertes totales por controlador nos da una idea m\u00e1s exacta del grado de control que se puede tener, sobre todo si adem\u00e1s se compara con el n\u00famero de casos diarios. Se puede ver entonces que la dispersi\u00f3n es menor, <strong>si se except\u00faa Madrid y Catalu\u00f1a, porque las CCAA<\/strong> se sit\u00faan por un lado entre 3 y 10 muertes por controlador, y por otro entre 12 y 22. En estos \u00f3rdenes de magnitud, Castilla y Le\u00f3n y la Comunidad Valenciana presentar\u00edan cifras m\u00e1s altas, por encima de las 30 muertes por controlador. En este bloque la peor situada ser\u00eda Castilla y Le\u00f3n, que a\u00fan presenta 99 casos por d\u00eda (13 de mayo).<\/p>\n<span class='bctt-click-to-tweet'><span class='bctt-ctt-text'><a href='https:\/\/twitter.com\/intent\/tweet?url=https%3A%2F%2Fconversesacatalunya.cat%2Fes%2Fcoronavirus-el-caos-de-los-controladores%2F&#038;text=Controladores%3A%20las%20diferencias%20entre%20poblaciones%20en%20relaci%C3%B3n%20con%20la%20disponibilidad%20de%20controladores%20son%20extraordinariamente%20grandes&#038;via=conversesacat&#038;related=conversesacat' target='_blank'rel=\"noopener noreferrer\">Controladores: las diferencias entre poblaciones en relaci\u00f3n con la disponibilidad de controladores son extraordinariamente grandes <\/a><\/span><a href='https:\/\/twitter.com\/intent\/tweet?url=https%3A%2F%2Fconversesacatalunya.cat%2Fes%2Fcoronavirus-el-caos-de-los-controladores%2F&#038;text=Controladores%3A%20las%20diferencias%20entre%20poblaciones%20en%20relaci%C3%B3n%20con%20la%20disponibilidad%20de%20controladores%20son%20extraordinariamente%20grandes&#038;via=conversesacat&#038;related=conversesacat' target='_blank' class='bctt-ctt-btn'rel=\"noopener noreferrer\">Compartir en X<\/a><\/span>\n<p>En este contexto, <strong>Catalu\u00f1a es claramente la autonom\u00eda peor preparada<\/strong>, seguida a distancia de Madrid. Tiene un n\u00famero de controladores por muerte muy alto, presenta una cifra singularmente elevada de muertes por d\u00eda y es, despu\u00e9s de Madrid, la segunda con nuevos casos diarios. Por ultimo, presenta un n\u00famero de PCR que diagnostican la enfermedad sensiblemente m\u00e1s bajo que Madrid.<\/p>\n<p>Estas cifras se\u00f1alar\u00edan que Catalu\u00f1a deber\u00eda hacer un esfuerzo mucho mayor para disponer de m\u00e1s personal controlador (v\u00e9ase como la proporci\u00f3n con Madrid es superior de 2 a 1), y tambi\u00e9n <strong>deber\u00eda aumentar al menos un 30% el n\u00famero de PCR por 1.000<\/strong> habitantes. La Generalitat en este sentido no ha adoptado las medidas necesarias para garantizar en los pr\u00f3ximos meses un control suficiente de la propagaci\u00f3n del Covid-19.<\/p>\n<p><img fetchpriority=\"high\" decoding=\"async\" class=\"aligncenter size-full wp-image-36279\" src=\"https:\/\/conversesacatalunya.cat\/wp-content\/uploads\/2020\/05\/taula.png\" alt=\"\" width=\"594\" height=\"396\" srcset=\"https:\/\/conversesacatalunya.cat\/wp-content\/uploads\/2020\/05\/taula.png 594w, https:\/\/conversesacatalunya.cat\/wp-content\/uploads\/2020\/05\/taula-300x200.png 300w\" sizes=\"(max-width: 594px) 100vw, 594px\" \/><\/p>\n<p style=\"text-align: center;\">Datos a 13 de mayo<\/p>\n<p style=\"text-align: center;\">M\u00e1s informaci\u00f3n sobre el coronavirus en <strong><a href=\"https:\/\/conversesacatalunya.cat\/es\/coronavirus\/\" target=\"_blank\" rel=\"noopener noreferrer\">ESPECIAL CORONAVIRUS<\/a><\/strong><\/p>\n<div id=\"polls-51\" class=\"wp-polls\">\n\t<form id=\"polls_form_51\" class=\"wp-polls-form\" action=\"\/index.php\" method=\"post\">\n\t\t<p style=\"display: none;\"><input type=\"hidden\" id=\"poll_51_nonce\" name=\"wp-polls-nonce\" value=\"0c251b5ed0\" \/><\/p>\n\t\t<p style=\"display: none;\"><input type=\"hidden\" name=\"poll_id\" value=\"51\" \/><\/p>\n\t\t<p style=\"text-align: center\"><strong>Est\u00e0s d'acord que es prolongui l'Estat d'Alarma un mes?<\/strong><\/p><div id=\"polls-51-ans\" class=\"wp-polls-ans\"><ul class=\"wp-polls-ul\">\n\t\t<li><input type=\"radio\" id=\"poll-answer-108\" name=\"poll_51\" value=\"108\" \/> <label for=\"poll-answer-108\">Si<\/label><\/li>\n\t\t<li><input type=\"radio\" id=\"poll-answer-109\" name=\"poll_51\" value=\"109\" \/> <label for=\"poll-answer-109\">No<\/label><\/li>\n\t\t<\/ul><p style=\"text-align: center\"><input type=\"button\" name=\"vote\" value=\"   Vota   \" class=\"Buttons\" onclick=\"poll_vote(51);\" \/><\/p><p style=\"text-align: center\"><a href=\"#ViewPollResults\" onclick=\"poll_result(51); return false;\" title=\"View Results Of This Poll\">Mira els resultats<\/a><\/p><\/div>\n\t<\/form>\n<\/div>\n<div id=\"polls-51-loading\" class=\"wp-polls-loading\"><img decoding=\"async\" data-src=\"https:\/\/conversesacatalunya.cat\/wp-content\/plugins\/wp-polls\/images\/loading.gif\" width=\"16\" height=\"16\" alt=\"Cargando ...\" title=\"Cargando ...\" class=\"wp-polls-image lazyload\" src=\"data:image\/svg+xml;base64,PHN2ZyB3aWR0aD0iMSIgaGVpZ2h0PSIxIiB4bWxucz0iaHR0cDovL3d3dy53My5vcmcvMjAwMC9zdmciPjwvc3ZnPg==\" style=\"--smush-placeholder-width: 16px; --smush-placeholder-aspect-ratio: 16\/16;\" \/>&nbsp;Cargando ...<\/div>\n\n","protected":false},"excerpt":{"rendered":"<p>Una de las condiciones esenciales para avanzar con seguridad en el control de la pandemia son los controladores, el personal especializado que se dedica a identificar los contactos de todas las personas que han dado positivo en el test del coronavirus. Como se puede constatar en la tabla adjunta, a pesar de que en teor\u00eda existe un mando \u00fanico, que es una de las principales razones aducidas para mantener el estado de alarma, las diferencias entre poblaciones en relaci\u00f3n con la disponibilidad de controladores son extraordinariamente grandes, y oscilan entre los 3.168 habitantes por controlador de La Rioja, a los 149.390 de Murcia. Naturalmente, al relacionar la cifra de habitantes por controlador no tenemos en cuenta el impacto y din\u00e1mica que ha tenido la pandemia en cada zona porque, por ejemplo, en el caso de Murcia en que el impacto ha sido muy peque\u00f1o, esto puede justificar el bajo n\u00famero de controladores por habitante. El caso de La Rioja es otro modelo diferente. Comenz\u00f3 siendo una de las comunidades m\u00e1s afectadas, pero precisamente la pr\u00e1ctica llevada a cabo de efectuar un elevado n\u00famero de PCR por habitante, y nada menos que 85, casi el doble que en Catalu\u00f1a, y el elevado n\u00famero de controladores le han permitido conseguir el buen control de la enfermedad, por lo que el 13 de mayo, d\u00eda de referencia utilizado, murieron 6 personas, pero s\u00f3lo tuvo 2 nuevos casos al d\u00eda. Contando que las muertes se producen al cabo de al menos 2 o 3 semanas desde la infecci\u00f3n, se puede decir que La Rioja ha salido de su fase m\u00e1s dif\u00edcil. La referencia de muertes totales por controlador nos da una idea m\u00e1s exacta del grado de control que se puede tener, sobre todo si adem\u00e1s se compara con el n\u00famero de casos diarios. Se puede ver entonces que la dispersi\u00f3n es menor, si se except\u00faa Madrid y Catalu\u00f1a, porque las CCAA se sit\u00faan por un lado entre 3 y 10 muertes por controlador, y por otro entre 12 y 22. En estos \u00f3rdenes de magnitud, Castilla y Le\u00f3n y la Comunidad Valenciana presentar\u00edan cifras m\u00e1s altas, por encima de las 30 muertes por controlador. En este bloque la peor situada ser\u00eda Castilla y Le\u00f3n, que a\u00fan presenta 99 casos por d\u00eda (13 de mayo). En este contexto, Catalu\u00f1a es claramente la autonom\u00eda peor preparada, seguida a distancia de Madrid. Tiene un n\u00famero de controladores por muerte muy alto, presenta una cifra singularmente elevada de muertes por d\u00eda y es, despu\u00e9s de Madrid, la segunda con nuevos casos diarios. Por ultimo, presenta un n\u00famero de PCR que diagnostican la enfermedad sensiblemente m\u00e1s bajo que Madrid. Estas cifras se\u00f1alar\u00edan que Catalu\u00f1a deber\u00eda hacer un esfuerzo mucho mayor para disponer de m\u00e1s personal controlador (v\u00e9ase como la proporci\u00f3n con Madrid es superior de 2 a 1), y tambi\u00e9n deber\u00eda aumentar al menos un 30% el n\u00famero de PCR por 1.000 habitantes. La Generalitat en este sentido no ha adoptado las medidas necesarias para garantizar en los pr\u00f3ximos meses un control suficiente de la propagaci\u00f3n del Covid-19. Datos a 13 de mayo M\u00e1s informaci\u00f3n sobre el coronavirus en ESPECIAL CORONAVIRUS<\/p>\n","protected":false},"author":2,"featured_media":36282,"comment_status":"open","ping_status":"open","sticky":false,"template":"","format":"standard","meta":{"_FSMCFIC_featured_image_caption":"","_FSMCFIC_featured_image_nocaption":"","_FSMCFIC_featured_image_hide":"","footnotes":""},"categories":[1772,806],"tags":[1504],"class_list":["post-36297","post","type-post","status-publish","format-standard","has-post-thumbnail","hentry","category-especial-coronavirus-es","category-punts-claus-del-dia-es","tag-coronavirus-es"],"yoast_head":"<!-- This site is optimized with the Yoast SEO plugin v26.8 - https:\/\/yoast.com\/product\/yoast-seo-wordpress\/ -->\n<title>Coronavirus: El caos de los controladores - Converses a Catalunya<\/title>\n<meta name=\"robots\" content=\"index, follow, max-snippet:-1, max-image-preview:large, max-video-preview:-1\" \/>\n<link rel=\"canonical\" href=\"https:\/\/conversesacatalunya.cat\/es\/coronavirus-el-caos-de-los-controladores\/\" \/>\n<meta property=\"og:locale\" content=\"es_ES\" \/>\n<meta property=\"og:type\" content=\"article\" \/>\n<meta property=\"og:title\" content=\"Coronavirus: El caos de los controladores - Converses a Catalunya\" \/>\n<meta property=\"og:description\" content=\"Una de las condiciones esenciales para avanzar con seguridad en el control de la pandemia son los controladores, el personal especializado que se dedica a identificar los contactos de todas las personas que han dado positivo en el test del coronavirus. Como se puede constatar en la tabla adjunta, a pesar de que en teor\u00eda existe un mando \u00fanico, que es una de las principales razones aducidas para mantener el estado de alarma, las diferencias entre poblaciones en relaci\u00f3n con la disponibilidad de controladores son extraordinariamente grandes, y oscilan entre los 3.168 habitantes por controlador de La Rioja, a los 149.390 de Murcia. Naturalmente, al relacionar la cifra de habitantes por controlador no tenemos en cuenta el impacto y din\u00e1mica que ha tenido la pandemia en cada zona porque, por ejemplo, en el caso de Murcia en que el impacto ha sido muy peque\u00f1o, esto puede justificar el bajo n\u00famero de controladores por habitante. El caso de La Rioja es otro modelo diferente. Comenz\u00f3 siendo una de las comunidades m\u00e1s afectadas, pero precisamente la pr\u00e1ctica llevada a cabo de efectuar un elevado n\u00famero de PCR por habitante, y nada menos que 85, casi el doble que en Catalu\u00f1a, y el elevado n\u00famero de controladores le han permitido conseguir el buen control de la enfermedad, por lo que el 13 de mayo, d\u00eda de referencia utilizado, murieron 6 personas, pero s\u00f3lo tuvo 2 nuevos casos al d\u00eda. Contando que las muertes se producen al cabo de al menos 2 o 3 semanas desde la infecci\u00f3n, se puede decir que La Rioja ha salido de su fase m\u00e1s dif\u00edcil. La referencia de muertes totales por controlador nos da una idea m\u00e1s exacta del grado de control que se puede tener, sobre todo si adem\u00e1s se compara con el n\u00famero de casos diarios. Se puede ver entonces que la dispersi\u00f3n es menor, si se except\u00faa Madrid y Catalu\u00f1a, porque las CCAA se sit\u00faan por un lado entre 3 y 10 muertes por controlador, y por otro entre 12 y 22. En estos \u00f3rdenes de magnitud, Castilla y Le\u00f3n y la Comunidad Valenciana presentar\u00edan cifras m\u00e1s altas, por encima de las 30 muertes por controlador. En este bloque la peor situada ser\u00eda Castilla y Le\u00f3n, que a\u00fan presenta 99 casos por d\u00eda (13 de mayo). En este contexto, Catalu\u00f1a es claramente la autonom\u00eda peor preparada, seguida a distancia de Madrid. Tiene un n\u00famero de controladores por muerte muy alto, presenta una cifra singularmente elevada de muertes por d\u00eda y es, despu\u00e9s de Madrid, la segunda con nuevos casos diarios. Por ultimo, presenta un n\u00famero de PCR que diagnostican la enfermedad sensiblemente m\u00e1s bajo que Madrid. Estas cifras se\u00f1alar\u00edan que Catalu\u00f1a deber\u00eda hacer un esfuerzo mucho mayor para disponer de m\u00e1s personal controlador (v\u00e9ase como la proporci\u00f3n con Madrid es superior de 2 a 1), y tambi\u00e9n deber\u00eda aumentar al menos un 30% el n\u00famero de PCR por 1.000 habitantes. La Generalitat en este sentido no ha adoptado las medidas necesarias para garantizar en los pr\u00f3ximos meses un control suficiente de la propagaci\u00f3n del Covid-19. Datos a 13 de mayo M\u00e1s informaci\u00f3n sobre el coronavirus en ESPECIAL CORONAVIRUS\" \/>\n<meta property=\"og:url\" content=\"https:\/\/conversesacatalunya.cat\/es\/coronavirus-el-caos-de-los-controladores\/\" \/>\n<meta property=\"og:site_name\" content=\"Converses a Catalunya\" \/>\n<meta property=\"article:published_time\" content=\"2020-05-19T11:07:26+00:00\" \/>\n<meta property=\"article:modified_time\" content=\"2020-05-19T11:56:51+00:00\" \/>\n<meta property=\"og:image\" content=\"https:\/\/conversesacatalunya.cat\/wp-content\/uploads\/2020\/05\/controladors.jpg\" \/>\n\t<meta property=\"og:image:width\" content=\"624\" \/>\n\t<meta property=\"og:image:height\" content=\"385\" \/>\n\t<meta property=\"og:image:type\" content=\"image\/jpeg\" \/>\n<meta name=\"author\" content=\"conversesacatalunya\" \/>\n<meta name=\"twitter:card\" content=\"summary_large_image\" \/>\n<meta name=\"twitter:label1\" content=\"Escrito por\" \/>\n\t<meta name=\"twitter:data1\" content=\"conversesacatalunya\" \/>\n\t<meta name=\"twitter:label2\" content=\"Tiempo de lectura\" \/>\n\t<meta name=\"twitter:data2\" content=\"3 minutos\" \/>\n<script type=\"application\/ld+json\" class=\"yoast-schema-graph\">{\"@context\":\"https:\/\/schema.org\",\"@graph\":[{\"@type\":\"Article\",\"@id\":\"https:\/\/conversesacatalunya.cat\/es\/coronavirus-el-caos-de-los-controladores\/#article\",\"isPartOf\":{\"@id\":\"https:\/\/conversesacatalunya.cat\/es\/coronavirus-el-caos-de-los-controladores\/\"},\"author\":{\"name\":\"conversesacatalunya\",\"@id\":\"https:\/\/conversesacatalunya.cat\/#\/schema\/person\/7e24d1e54a2785373ddcb275eae5ed99\"},\"headline\":\"Coronavirus: El caos de los controladores\",\"datePublished\":\"2020-05-19T11:07:26+00:00\",\"dateModified\":\"2020-05-19T11:56:51+00:00\",\"mainEntityOfPage\":{\"@id\":\"https:\/\/conversesacatalunya.cat\/es\/coronavirus-el-caos-de-los-controladores\/\"},\"wordCount\":582,\"commentCount\":1,\"image\":{\"@id\":\"https:\/\/conversesacatalunya.cat\/es\/coronavirus-el-caos-de-los-controladores\/#primaryimage\"},\"thumbnailUrl\":\"https:\/\/conversesacatalunya.cat\/wp-content\/uploads\/2020\/05\/controladors.jpg\",\"keywords\":[\"coronavirus\"],\"articleSection\":[\"Especial Coronavirus (ES)\",\"Punts clau del dia (ES)\"],\"inLanguage\":\"es\",\"potentialAction\":[{\"@type\":\"CommentAction\",\"name\":\"Comment\",\"target\":[\"https:\/\/conversesacatalunya.cat\/es\/coronavirus-el-caos-de-los-controladores\/#respond\"]}]},{\"@type\":\"WebPage\",\"@id\":\"https:\/\/conversesacatalunya.cat\/es\/coronavirus-el-caos-de-los-controladores\/\",\"url\":\"https:\/\/conversesacatalunya.cat\/es\/coronavirus-el-caos-de-los-controladores\/\",\"name\":\"Coronavirus: El caos de los controladores - Converses a Catalunya\",\"isPartOf\":{\"@id\":\"https:\/\/conversesacatalunya.cat\/#website\"},\"primaryImageOfPage\":{\"@id\":\"https:\/\/conversesacatalunya.cat\/es\/coronavirus-el-caos-de-los-controladores\/#primaryimage\"},\"image\":{\"@id\":\"https:\/\/conversesacatalunya.cat\/es\/coronavirus-el-caos-de-los-controladores\/#primaryimage\"},\"thumbnailUrl\":\"https:\/\/conversesacatalunya.cat\/wp-content\/uploads\/2020\/05\/controladors.jpg\",\"datePublished\":\"2020-05-19T11:07:26+00:00\",\"dateModified\":\"2020-05-19T11:56:51+00:00\",\"author\":{\"@id\":\"https:\/\/conversesacatalunya.cat\/#\/schema\/person\/7e24d1e54a2785373ddcb275eae5ed99\"},\"breadcrumb\":{\"@id\":\"https:\/\/conversesacatalunya.cat\/es\/coronavirus-el-caos-de-los-controladores\/#breadcrumb\"},\"inLanguage\":\"es\",\"potentialAction\":[{\"@type\":\"ReadAction\",\"target\":[\"https:\/\/conversesacatalunya.cat\/es\/coronavirus-el-caos-de-los-controladores\/\"]}]},{\"@type\":\"ImageObject\",\"inLanguage\":\"es\",\"@id\":\"https:\/\/conversesacatalunya.cat\/es\/coronavirus-el-caos-de-los-controladores\/#primaryimage\",\"url\":\"https:\/\/conversesacatalunya.cat\/wp-content\/uploads\/2020\/05\/controladors.jpg\",\"contentUrl\":\"https:\/\/conversesacatalunya.cat\/wp-content\/uploads\/2020\/05\/controladors.jpg\",\"width\":624,\"height\":385,\"caption\":\"controladors\"},{\"@type\":\"BreadcrumbList\",\"@id\":\"https:\/\/conversesacatalunya.cat\/es\/coronavirus-el-caos-de-los-controladores\/#breadcrumb\",\"itemListElement\":[{\"@type\":\"ListItem\",\"position\":1,\"name\":\"Inici\",\"item\":\"https:\/\/conversesacatalunya.cat\/es\/\"},{\"@type\":\"ListItem\",\"position\":2,\"name\":\"Coronavirus: El caos de los controladores\"}]},{\"@type\":\"WebSite\",\"@id\":\"https:\/\/conversesacatalunya.cat\/#website\",\"url\":\"https:\/\/conversesacatalunya.cat\/\",\"name\":\"Converses a Catalunya\",\"description\":\"\",\"potentialAction\":[{\"@type\":\"SearchAction\",\"target\":{\"@type\":\"EntryPoint\",\"urlTemplate\":\"https:\/\/conversesacatalunya.cat\/?s={search_term_string}\"},\"query-input\":{\"@type\":\"PropertyValueSpecification\",\"valueRequired\":true,\"valueName\":\"search_term_string\"}}],\"inLanguage\":\"es\"},{\"@type\":\"Person\",\"@id\":\"https:\/\/conversesacatalunya.cat\/#\/schema\/person\/7e24d1e54a2785373ddcb275eae5ed99\",\"name\":\"conversesacatalunya\",\"image\":{\"@type\":\"ImageObject\",\"inLanguage\":\"es\",\"@id\":\"https:\/\/conversesacatalunya.cat\/#\/schema\/person\/image\/\",\"url\":\"https:\/\/conversesacatalunya.cat\/wp-content\/litespeed\/avatar\/febdfeeec89d950f01c748045a981dd2.jpg?ver=1777314535\",\"contentUrl\":\"https:\/\/conversesacatalunya.cat\/wp-content\/litespeed\/avatar\/febdfeeec89d950f01c748045a981dd2.jpg?ver=1777314535\",\"caption\":\"conversesacatalunya\"},\"url\":\"https:\/\/conversesacatalunya.cat\/es\/author\/carme_catala\/\"}]}<\/script>\n<!-- \/ Yoast SEO plugin. -->","yoast_head_json":{"title":"Coronavirus: El caos de los controladores - Converses a Catalunya","robots":{"index":"index","follow":"follow","max-snippet":"max-snippet:-1","max-image-preview":"max-image-preview:large","max-video-preview":"max-video-preview:-1"},"canonical":"https:\/\/conversesacatalunya.cat\/es\/coronavirus-el-caos-de-los-controladores\/","og_locale":"es_ES","og_type":"article","og_title":"Coronavirus: El caos de los controladores - Converses a Catalunya","og_description":"Una de las condiciones esenciales para avanzar con seguridad en el control de la pandemia son los controladores, el personal especializado que se dedica a identificar los contactos de todas las personas que han dado positivo en el test del coronavirus. Como se puede constatar en la tabla adjunta, a pesar de que en teor\u00eda existe un mando \u00fanico, que es una de las principales razones aducidas para mantener el estado de alarma, las diferencias entre poblaciones en relaci\u00f3n con la disponibilidad de controladores son extraordinariamente grandes, y oscilan entre los 3.168 habitantes por controlador de La Rioja, a los 149.390 de Murcia. Naturalmente, al relacionar la cifra de habitantes por controlador no tenemos en cuenta el impacto y din\u00e1mica que ha tenido la pandemia en cada zona porque, por ejemplo, en el caso de Murcia en que el impacto ha sido muy peque\u00f1o, esto puede justificar el bajo n\u00famero de controladores por habitante. El caso de La Rioja es otro modelo diferente. Comenz\u00f3 siendo una de las comunidades m\u00e1s afectadas, pero precisamente la pr\u00e1ctica llevada a cabo de efectuar un elevado n\u00famero de PCR por habitante, y nada menos que 85, casi el doble que en Catalu\u00f1a, y el elevado n\u00famero de controladores le han permitido conseguir el buen control de la enfermedad, por lo que el 13 de mayo, d\u00eda de referencia utilizado, murieron 6 personas, pero s\u00f3lo tuvo 2 nuevos casos al d\u00eda. Contando que las muertes se producen al cabo de al menos 2 o 3 semanas desde la infecci\u00f3n, se puede decir que La Rioja ha salido de su fase m\u00e1s dif\u00edcil. La referencia de muertes totales por controlador nos da una idea m\u00e1s exacta del grado de control que se puede tener, sobre todo si adem\u00e1s se compara con el n\u00famero de casos diarios. Se puede ver entonces que la dispersi\u00f3n es menor, si se except\u00faa Madrid y Catalu\u00f1a, porque las CCAA se sit\u00faan por un lado entre 3 y 10 muertes por controlador, y por otro entre 12 y 22. En estos \u00f3rdenes de magnitud, Castilla y Le\u00f3n y la Comunidad Valenciana presentar\u00edan cifras m\u00e1s altas, por encima de las 30 muertes por controlador. En este bloque la peor situada ser\u00eda Castilla y Le\u00f3n, que a\u00fan presenta 99 casos por d\u00eda (13 de mayo). En este contexto, Catalu\u00f1a es claramente la autonom\u00eda peor preparada, seguida a distancia de Madrid. Tiene un n\u00famero de controladores por muerte muy alto, presenta una cifra singularmente elevada de muertes por d\u00eda y es, despu\u00e9s de Madrid, la segunda con nuevos casos diarios. Por ultimo, presenta un n\u00famero de PCR que diagnostican la enfermedad sensiblemente m\u00e1s bajo que Madrid. Estas cifras se\u00f1alar\u00edan que Catalu\u00f1a deber\u00eda hacer un esfuerzo mucho mayor para disponer de m\u00e1s personal controlador (v\u00e9ase como la proporci\u00f3n con Madrid es superior de 2 a 1), y tambi\u00e9n deber\u00eda aumentar al menos un 30% el n\u00famero de PCR por 1.000 habitantes. La Generalitat en este sentido no ha adoptado las medidas necesarias para garantizar en los pr\u00f3ximos meses un control suficiente de la propagaci\u00f3n del Covid-19. Datos a 13 de mayo M\u00e1s informaci\u00f3n sobre el coronavirus en ESPECIAL CORONAVIRUS","og_url":"https:\/\/conversesacatalunya.cat\/es\/coronavirus-el-caos-de-los-controladores\/","og_site_name":"Converses a Catalunya","article_published_time":"2020-05-19T11:07:26+00:00","article_modified_time":"2020-05-19T11:56:51+00:00","og_image":[{"width":624,"height":385,"url":"https:\/\/conversesacatalunya.cat\/wp-content\/uploads\/2020\/05\/controladors.jpg","type":"image\/jpeg"}],"author":"conversesacatalunya","twitter_card":"summary_large_image","twitter_misc":{"Escrito por":"conversesacatalunya","Tiempo de lectura":"3 minutos"},"schema":{"@context":"https:\/\/schema.org","@graph":[{"@type":"Article","@id":"https:\/\/conversesacatalunya.cat\/es\/coronavirus-el-caos-de-los-controladores\/#article","isPartOf":{"@id":"https:\/\/conversesacatalunya.cat\/es\/coronavirus-el-caos-de-los-controladores\/"},"author":{"name":"conversesacatalunya","@id":"https:\/\/conversesacatalunya.cat\/#\/schema\/person\/7e24d1e54a2785373ddcb275eae5ed99"},"headline":"Coronavirus: El caos de los controladores","datePublished":"2020-05-19T11:07:26+00:00","dateModified":"2020-05-19T11:56:51+00:00","mainEntityOfPage":{"@id":"https:\/\/conversesacatalunya.cat\/es\/coronavirus-el-caos-de-los-controladores\/"},"wordCount":582,"commentCount":1,"image":{"@id":"https:\/\/conversesacatalunya.cat\/es\/coronavirus-el-caos-de-los-controladores\/#primaryimage"},"thumbnailUrl":"https:\/\/conversesacatalunya.cat\/wp-content\/uploads\/2020\/05\/controladors.jpg","keywords":["coronavirus"],"articleSection":["Especial Coronavirus (ES)","Punts clau del dia (ES)"],"inLanguage":"es","potentialAction":[{"@type":"CommentAction","name":"Comment","target":["https:\/\/conversesacatalunya.cat\/es\/coronavirus-el-caos-de-los-controladores\/#respond"]}]},{"@type":"WebPage","@id":"https:\/\/conversesacatalunya.cat\/es\/coronavirus-el-caos-de-los-controladores\/","url":"https:\/\/conversesacatalunya.cat\/es\/coronavirus-el-caos-de-los-controladores\/","name":"Coronavirus: El caos de los controladores - Converses a Catalunya","isPartOf":{"@id":"https:\/\/conversesacatalunya.cat\/#website"},"primaryImageOfPage":{"@id":"https:\/\/conversesacatalunya.cat\/es\/coronavirus-el-caos-de-los-controladores\/#primaryimage"},"image":{"@id":"https:\/\/conversesacatalunya.cat\/es\/coronavirus-el-caos-de-los-controladores\/#primaryimage"},"thumbnailUrl":"https:\/\/conversesacatalunya.cat\/wp-content\/uploads\/2020\/05\/controladors.jpg","datePublished":"2020-05-19T11:07:26+00:00","dateModified":"2020-05-19T11:56:51+00:00","author":{"@id":"https:\/\/conversesacatalunya.cat\/#\/schema\/person\/7e24d1e54a2785373ddcb275eae5ed99"},"breadcrumb":{"@id":"https:\/\/conversesacatalunya.cat\/es\/coronavirus-el-caos-de-los-controladores\/#breadcrumb"},"inLanguage":"es","potentialAction":[{"@type":"ReadAction","target":["https:\/\/conversesacatalunya.cat\/es\/coronavirus-el-caos-de-los-controladores\/"]}]},{"@type":"ImageObject","inLanguage":"es","@id":"https:\/\/conversesacatalunya.cat\/es\/coronavirus-el-caos-de-los-controladores\/#primaryimage","url":"https:\/\/conversesacatalunya.cat\/wp-content\/uploads\/2020\/05\/controladors.jpg","contentUrl":"https:\/\/conversesacatalunya.cat\/wp-content\/uploads\/2020\/05\/controladors.jpg","width":624,"height":385,"caption":"controladors"},{"@type":"BreadcrumbList","@id":"https:\/\/conversesacatalunya.cat\/es\/coronavirus-el-caos-de-los-controladores\/#breadcrumb","itemListElement":[{"@type":"ListItem","position":1,"name":"Inici","item":"https:\/\/conversesacatalunya.cat\/es\/"},{"@type":"ListItem","position":2,"name":"Coronavirus: El caos de los controladores"}]},{"@type":"WebSite","@id":"https:\/\/conversesacatalunya.cat\/#website","url":"https:\/\/conversesacatalunya.cat\/","name":"Converses a Catalunya","description":"","potentialAction":[{"@type":"SearchAction","target":{"@type":"EntryPoint","urlTemplate":"https:\/\/conversesacatalunya.cat\/?s={search_term_string}"},"query-input":{"@type":"PropertyValueSpecification","valueRequired":true,"valueName":"search_term_string"}}],"inLanguage":"es"},{"@type":"Person","@id":"https:\/\/conversesacatalunya.cat\/#\/schema\/person\/7e24d1e54a2785373ddcb275eae5ed99","name":"conversesacatalunya","image":{"@type":"ImageObject","inLanguage":"es","@id":"https:\/\/conversesacatalunya.cat\/#\/schema\/person\/image\/","url":"https:\/\/conversesacatalunya.cat\/wp-content\/litespeed\/avatar\/febdfeeec89d950f01c748045a981dd2.jpg?ver=1777314535","contentUrl":"https:\/\/conversesacatalunya.cat\/wp-content\/litespeed\/avatar\/febdfeeec89d950f01c748045a981dd2.jpg?ver=1777314535","caption":"conversesacatalunya"},"url":"https:\/\/conversesacatalunya.cat\/es\/author\/carme_catala\/"}]}},"wps_subtitle":"","_links":{"self":[{"href":"https:\/\/conversesacatalunya.cat\/es\/wp-json\/wp\/v2\/posts\/36297","targetHints":{"allow":["GET"]}}],"collection":[{"href":"https:\/\/conversesacatalunya.cat\/es\/wp-json\/wp\/v2\/posts"}],"about":[{"href":"https:\/\/conversesacatalunya.cat\/es\/wp-json\/wp\/v2\/types\/post"}],"author":[{"embeddable":true,"href":"https:\/\/conversesacatalunya.cat\/es\/wp-json\/wp\/v2\/users\/2"}],"replies":[{"embeddable":true,"href":"https:\/\/conversesacatalunya.cat\/es\/wp-json\/wp\/v2\/comments?post=36297"}],"version-history":[{"count":2,"href":"https:\/\/conversesacatalunya.cat\/es\/wp-json\/wp\/v2\/posts\/36297\/revisions"}],"predecessor-version":[{"id":36298,"href":"https:\/\/conversesacatalunya.cat\/es\/wp-json\/wp\/v2\/posts\/36297\/revisions\/36298"}],"wp:featuredmedia":[{"embeddable":true,"href":"https:\/\/conversesacatalunya.cat\/es\/wp-json\/wp\/v2\/media\/36282"}],"wp:attachment":[{"href":"https:\/\/conversesacatalunya.cat\/es\/wp-json\/wp\/v2\/media?parent=36297"}],"wp:term":[{"taxonomy":"category","embeddable":true,"href":"https:\/\/conversesacatalunya.cat\/es\/wp-json\/wp\/v2\/categories?post=36297"},{"taxonomy":"post_tag","embeddable":true,"href":"https:\/\/conversesacatalunya.cat\/es\/wp-json\/wp\/v2\/tags?post=36297"}],"curies":[{"name":"wp","href":"https:\/\/api.w.org\/{rel}","templated":true}]}}