{"id":36248,"date":"2020-05-16T14:53:11","date_gmt":"2020-05-16T12:53:11","guid":{"rendered":"https:\/\/conversesacatalunya.cat\/ha-fracassat-lestranya-politica-de-suecia-contra-el-coronavirus\/"},"modified":"2020-05-19T09:18:47","modified_gmt":"2020-05-19T07:18:47","slug":"ha-fracasado-la-extrana-politica-de-suecia-contra-el-coronavirus","status":"publish","type":"post","link":"https:\/\/conversesacatalunya.cat\/es\/ha-fracasado-la-extrana-politica-de-suecia-contra-el-coronavirus\/","title":{"rendered":"\u00bfHa fracasado la extra\u00f1a pol\u00edtica de Suecia contra el coronavirus?"},"content":{"rendered":"<p align=\"justify\">A finales de marzo, <em>Converses a Catalunya<\/em> <a href=\"https:\/\/conversesacatalunya.cat\/es\/la-crisis-del-covid-19-en-todo-el-mundo-2-suecia-un-oasis-en-europa\/\" target=\"_blank\" rel=\"noopener noreferrer\">explicaba<\/a> el modelo de Suecia para hacer frente a la epidemia del nuevo coronavirus.<\/p>\n<p align=\"justify\">Este pa\u00eds n\u00f3rdico adopt\u00f3 a principios de marzo una postura ins\u00f3lita. No decret\u00f3 el confinamiento casi total, como pas\u00f3 en Europa, incluidos los vecinos de Suecia, Noruega, Dinamarca y Finlandia. Pero tampoco hizo esfuerzos particulares para contener la epidemia y evitar una escalada de contagios a nivel nacional, como Corea del Sur, Taiw\u00e1n, Australia o Nueva Zelanda.<\/p>\n<p align=\"justify\">Suecia sorprende porque decidi\u00f3 seguir una tercera v\u00eda.<\/p>\n<p align=\"justify\">Las autoridades de Estocolmo consideraron que era demasiado tarde para tratar de detener la propagaci\u00f3n del virus. El <a href=\"https:\/\/conversesacatalunya.cat\/es\/la-crisis-del-covid-19-en-todo-el-mundo-3-una-oportunidad-para-taiwan\/\" target=\"_blank\" rel=\"noopener noreferrer\">modelo de \u00e9xito taiwan\u00e9s<\/a>, consistente en cerrar fronteras a los posibles infectados, realizar tests a escala masiva, distribuir material de protecci\u00f3n y mantener la econom\u00eda abierta, fue juzgado impracticable.<\/p>\n<p align=\"justify\">Pero el gobierno sueco no se decant\u00f3 tampoco por la alternativa evidente, la de parar la econom\u00eda casi totalmente para evitar el colapso del sistema sanitario.<\/p>\n<p align=\"justify\">Suecia decidi\u00f3 pues dejar que el virus circulara libremente entre la poblaci\u00f3n, concentrando las restricciones y medidas de protecci\u00f3n s\u00f3lo en las personas vulnerables, como los ancianos. Se trata de la estrategia de \u00abinmunidad masiva\u00bb, propuesta tambi\u00e9n por Angela Merkel y Boris Johnson antes de que ambos l\u00edderes cambiaran de opini\u00f3n.<\/p>\n<p align=\"justify\">Los ciudadanos del pa\u00eds escandinavo tienen fama de disciplinados, y su estilo de vida es mucho m\u00e1s individual que el de los pa\u00edses latinos. Por ejemplo, el porcentaje de poblaci\u00f3n que vive sola en Suecia <a href=\"https:\/\/es.euronews.com\/2017\/09\/05\/un-tercio-de-los-europeos-viven-solos\" target=\"_blank\" rel=\"noopener noreferrer\">es mucho m\u00e1s elevado<\/a> que en el sur de Europa.<\/p>\n<p align=\"justify\">Estocolmo esperaba que sus caracter\u00edsticas sociales le ayudar\u00edan a evitar tanto un colapso sanitario como un descalabro econ\u00f3mico.<\/p>\n<p align=\"justify\">Dos meses despu\u00e9s de haber hecho esta elecci\u00f3n, \u00bfen qu\u00e9 punto se encuentra Suecia ante el virus?<\/p>\n<p align=\"justify\">Primeramente, ha quedado demostrado que la estrategia de Estocolmo conlleva un elevado precio en vidas humanas. Seg\u00fan el <a href=\"https:\/\/coronavirus.jhu.edu\/map.html\" target=\"_blank\" rel=\"noopener noreferrer\">recuento<\/a> de la Universidad John Hopkins, hasta el 16 de mayo ha habido 3.646 v\u00edctimas mortales de coronavirus en Suecia.<\/p>\n<p align=\"justify\">Como en toda Europa, una buena parte de las muertes se han producido en las residencias de ancianos, lo que demuestra la falta de eficacia de las medidas de protecci\u00f3n para los m\u00e1s vulnerables anunciadas por el gobierno sueco.<\/p>\n<p align=\"justify\">Los pa\u00edses vecinos de Suecia presentan cifras muy, muy inferiores. Noruega, que tiene aproximadamente la mitad de los habitantes, lament\u00f3 por el momento 232 muertos. Finlandia, con una poblaci\u00f3n similar a la de Noruega, 297. Finalmente, Dinamarca ha sufrido 537 para una poblaci\u00f3n de tama\u00f1o similar. Estamos hablando de m\u00e1s de 10 veces menos de muertes que en Suecia.<\/p>\n<p align=\"justify\">Las muertes por mill\u00f3n de habitante que presenta Suecia son m\u00e1s <a href=\"https:\/\/ourworldindata.org\/grapher\/total-covid-deaths-per-million\" target=\"_blank\" rel=\"noopener noreferrer\">bajas<\/a> que las de Espa\u00f1a, Italia o el Reino Unido. Pero mucho m\u00e1s elevadas que en Portugal, Alemania o los pa\u00edses de Europa del este, y se acercan a las de Francia.<\/p>\n<p align=\"justify\">En segundo lugar, se podr\u00eda esperar que, desde un punto de vista econ\u00f3mico, la decisi\u00f3n de Estocolmo podr\u00eda haber salvado la econom\u00eda sueca de la recesi\u00f3n que se dibuja en toda Europa.<br \/>\nPero a pesar de las muertes m\u00e1s elevadas, el modelo sueco no ha conseguido mitigar la ca\u00edda econ\u00f3mica. Seg\u00fan las previsiones de la Comisi\u00f3n Europea, tanto Suecia como Finlandia y Dinamarca <a href=\"https:\/\/www.ft.com\/content\/22302f60-95fb-11ea-af4b-499244625ac4\" target=\"_blank\" rel=\"noopener noreferrer\">sufrir\u00e1n p\u00e9rdidas<\/a> similares este a\u00f1o, de entorno al 6% del PIB.<\/p>\n<p align=\"justify\"><span class='bctt-click-to-tweet'><span class='bctt-ctt-text'><a href='https:\/\/twitter.com\/intent\/tweet?url=https%3A%2F%2Fconversesacatalunya.cat%2Fes%2Fha-fracasado-la-extrana-politica-de-suecia-contra-el-coronavirus%2F&#038;text=A%20pesar%20de%20un%20mayor%20n%C3%BAmero%20de%20muertes%2C%20el%20modelo%20sueco%20no%20ha%20conseguido%20mitigar%20la%20ca%C3%ADda%20econ%C3%B3mica&#038;via=conversesacat&#038;related=conversesacat' target='_blank'rel=\"noopener noreferrer\">A pesar de un mayor n\u00famero de muertes, el modelo sueco no ha conseguido mitigar la ca\u00edda econ\u00f3mica <\/a><\/span><a href='https:\/\/twitter.com\/intent\/tweet?url=https%3A%2F%2Fconversesacatalunya.cat%2Fes%2Fha-fracasado-la-extrana-politica-de-suecia-contra-el-coronavirus%2F&#038;text=A%20pesar%20de%20un%20mayor%20n%C3%BAmero%20de%20muertes%2C%20el%20modelo%20sueco%20no%20ha%20conseguido%20mitigar%20la%20ca%C3%ADda%20econ%C3%B3mica&#038;via=conversesacat&#038;related=conversesacat' target='_blank' class='bctt-ctt-btn'rel=\"noopener noreferrer\">Compartir en X<\/a><\/span>\n<p align=\"justify\">Para m\u00e1s inri, la Uni\u00f3n Europea prev\u00e9 que, de los tres pa\u00edses n\u00f3rdicos, Suecia sea el que sufrir\u00e1 el mayor incremento del paro.<\/p>\n<p align=\"justify\">Este hecho se podr\u00eda explicar en parte por la dependencia de Suecia de las cadenas de suministro internacionales, fuertemente tocadas por la epidemia, ya que el pa\u00eds dispone de una industria m\u00e1s potente que sus vecinos.<\/p>\n<p align=\"justify\"><span title=\"\">Ante<\/span> <span title=\"\">los malos datos<\/span> <span title=\"\">en t\u00e9rminos<\/span> <span title=\"\">de mortalidad<\/span> <span title=\"\">y p\u00e9rdidas<\/span> <span title=\"\">econ\u00f3micas<\/span><span title=\"\">, Anders<\/span> <span title=\"\">Tegnell<\/span><span title=\"\">, el<\/span> <span title=\"\">epidemi\u00f3logo<\/span> <span title=\"\">que dise\u00f1\u00f3<\/span> <span title=\"\">la respuesta<\/span> <span title=\"\">de Suecia<\/span> <span title=\"\">a<\/span><span title=\"\">l<\/span> <span title=\"\">Covid<\/span><span title=\"\">&#8211;<\/span><span title=\"\">19<\/span><span title=\"\">, espera<\/span> <span title=\"\">al menos<\/span> <span title=\"\">conseguir un<\/span> <span title=\"\">porcentaje<\/span> <span title=\"\">de personas<\/span> <span title=\"\">inmunizadas<\/span> <span title=\"\">superior a los<\/span> <span title=\"\">dem\u00e1s pa\u00edses.<\/span><\/p>\n<p align=\"justify\"><span title=\"\">Seg\u00fan<\/span> <span title=\"\">afirma<\/span> <span title=\"\">Tegnell<\/span><span title=\"\">,<\/span> <span title=\"\">bas\u00e1ndose en<\/span> <span title=\"\">una<\/span> <span title=\"\">modelaci\u00f3n matem\u00e1tica<\/span> <span title=\"\">de los contagios<\/span><span title=\"\">, en torno al<\/span> <span title=\"\">40% de los<\/span> <span title=\"\">habitantes<\/span> <span title=\"\">de Estocolmo<\/span> <span title=\"\">habr\u00e1n pasado<\/span> <span title=\"\">el virus<\/span> <span title=\"\">a finales<\/span> <span title=\"\">de mayo.<\/span> <span title=\"\">Algo que<\/span> <span title=\"\">situar\u00e1<\/span> <span title=\"\">a<\/span> <span title=\"\">Suecia<\/span> <span title=\"\">en una<\/span> <span title=\"\">mejor<\/span> <span title=\"\">posici\u00f3n<\/span> <span title=\"\">que los<\/span> <span title=\"\">otros pa\u00edses<\/span> <span title=\"\">europeos<\/span> <span title=\"\">para<\/span> <span title=\"\">hacer frente<\/span> <span title=\"\">a una<\/span> <span title=\"\">eventual<\/span> <span title=\"\">segunda<\/span> <span title=\"\">oleada de contagios<\/span><span title=\"\">.<\/span><\/p>\n<p align=\"justify\"><span title=\"\">Quiz\u00e1<\/span> <span title=\"\">el doctor<\/span> <span title=\"\">sueco<\/span> <span title=\"\">tenga<\/span> <span title=\"\">raz\u00f3n<\/span> <span title=\"\">si la <\/span><span title=\"\">vacuna<\/span> <span title=\"\">no llega<\/span> <span title=\"\">el pr\u00f3ximo<\/span> <span title=\"\">invierno<\/span><span title=\"\">.<\/span> <span title=\"\">De momento<\/span><span title=\"\">, sin embargo,<\/span> <span title=\"\">los resultados obtenidos<\/span> <span title=\"\">no<\/span> <span title=\"\">son alentadores,<\/span> <span title=\"\">y el verano<\/span> <span title=\"\">reducir\u00e1 en<\/span> <span title=\"\">cualquier<\/span> <span title=\"\">caso la<\/span> <span title=\"\">circulaci\u00f3n del<\/span> <span title=\"\">virus<\/span> <span title=\"\">en toda Europa.<\/span><\/p>\n<p style=\"text-align: center;\" align=\"justify\">M\u00e1s informaci\u00f3n en <a href=\"https:\/\/conversesacatalunya.cat\/es\/coronavirus\/\"><strong>ESPECIAL CORONAVIRUS<\/strong><\/a><\/p>\n","protected":false},"excerpt":{"rendered":"<p>A finales de marzo, Converses a Catalunya explicaba el modelo de Suecia para hacer frente a la epidemia del nuevo coronavirus. Este pa\u00eds n\u00f3rdico adopt\u00f3 a principios de marzo una postura ins\u00f3lita. No decret\u00f3 el confinamiento casi total, como pas\u00f3 en Europa, incluidos los vecinos de Suecia, Noruega, Dinamarca y Finlandia. Pero tampoco hizo esfuerzos particulares para contener la epidemia y evitar una escalada de contagios a nivel nacional, como Corea del Sur, Taiw\u00e1n, Australia o Nueva Zelanda. Suecia sorprende porque decidi\u00f3 seguir una tercera v\u00eda. Las autoridades de Estocolmo consideraron que era demasiado tarde para tratar de detener la propagaci\u00f3n del virus. El modelo de \u00e9xito taiwan\u00e9s, consistente en cerrar fronteras a los posibles infectados, realizar tests a escala masiva, distribuir material de protecci\u00f3n y mantener la econom\u00eda abierta, fue juzgado impracticable. Pero el gobierno sueco no se decant\u00f3 tampoco por la alternativa evidente, la de parar la econom\u00eda casi totalmente para evitar el colapso del sistema sanitario. Suecia decidi\u00f3 pues dejar que el virus circulara libremente entre la poblaci\u00f3n, concentrando las restricciones y medidas de protecci\u00f3n s\u00f3lo en las personas vulnerables, como los ancianos. Se trata de la estrategia de \u00abinmunidad masiva\u00bb, propuesta tambi\u00e9n por Angela Merkel y Boris Johnson antes de que ambos l\u00edderes cambiaran de opini\u00f3n. Los ciudadanos del pa\u00eds escandinavo tienen fama de disciplinados, y su estilo de vida es mucho m\u00e1s individual que el de los pa\u00edses latinos. Por ejemplo, el porcentaje de poblaci\u00f3n que vive sola en Suecia es mucho m\u00e1s elevado que en el sur de Europa. Estocolmo esperaba que sus caracter\u00edsticas sociales le ayudar\u00edan a evitar tanto un colapso sanitario como un descalabro econ\u00f3mico. Dos meses despu\u00e9s de haber hecho esta elecci\u00f3n, \u00bfen qu\u00e9 punto se encuentra Suecia ante el virus? Primeramente, ha quedado demostrado que la estrategia de Estocolmo conlleva un elevado precio en vidas humanas. Seg\u00fan el recuento de la Universidad John Hopkins, hasta el 16 de mayo ha habido 3.646 v\u00edctimas mortales de coronavirus en Suecia. Como en toda Europa, una buena parte de las muertes se han producido en las residencias de ancianos, lo que demuestra la falta de eficacia de las medidas de protecci\u00f3n para los m\u00e1s vulnerables anunciadas por el gobierno sueco. Los pa\u00edses vecinos de Suecia presentan cifras muy, muy inferiores. Noruega, que tiene aproximadamente la mitad de los habitantes, lament\u00f3 por el momento 232 muertos. Finlandia, con una poblaci\u00f3n similar a la de Noruega, 297. Finalmente, Dinamarca ha sufrido 537 para una poblaci\u00f3n de tama\u00f1o similar. Estamos hablando de m\u00e1s de 10 veces menos de muertes que en Suecia. Las muertes por mill\u00f3n de habitante que presenta Suecia son m\u00e1s bajas que las de Espa\u00f1a, Italia o el Reino Unido. Pero mucho m\u00e1s elevadas que en Portugal, Alemania o los pa\u00edses de Europa del este, y se acercan a las de Francia. En segundo lugar, se podr\u00eda esperar que, desde un punto de vista econ\u00f3mico, la decisi\u00f3n de Estocolmo podr\u00eda haber salvado la econom\u00eda sueca de la recesi\u00f3n que se dibuja en toda Europa. Pero a pesar de las muertes m\u00e1s elevadas, el modelo sueco no ha conseguido mitigar la ca\u00edda econ\u00f3mica. Seg\u00fan las previsiones de la Comisi\u00f3n Europea, tanto Suecia como Finlandia y Dinamarca sufrir\u00e1n p\u00e9rdidas similares este a\u00f1o, de entorno al 6% del PIB. Para m\u00e1s inri, la Uni\u00f3n Europea prev\u00e9 que, de los tres pa\u00edses n\u00f3rdicos, Suecia sea el que sufrir\u00e1 el mayor incremento del paro. Este hecho se podr\u00eda explicar en parte por la dependencia de Suecia de las cadenas de suministro internacionales, fuertemente tocadas por la epidemia, ya que el pa\u00eds dispone de una industria m\u00e1s potente que sus vecinos. Ante los malos datos en t\u00e9rminos de mortalidad y p\u00e9rdidas econ\u00f3micas, Anders Tegnell, el epidemi\u00f3logo que dise\u00f1\u00f3 la respuesta de Suecia al Covid&#8211;19, espera al menos conseguir un porcentaje de personas inmunizadas superior a los dem\u00e1s pa\u00edses. Seg\u00fan afirma Tegnell, bas\u00e1ndose en una modelaci\u00f3n matem\u00e1tica de los contagios, en torno al 40% de los habitantes de Estocolmo habr\u00e1n pasado el virus a finales de mayo. Algo que situar\u00e1 a Suecia en una mejor posici\u00f3n que los otros pa\u00edses europeos para hacer frente a una eventual segunda oleada de contagios. Quiz\u00e1 el doctor sueco tenga raz\u00f3n si la vacuna no llega el pr\u00f3ximo invierno. De momento, sin embargo, los resultados obtenidos no son alentadores, y el verano reducir\u00e1 en cualquier caso la circulaci\u00f3n del virus en toda Europa. M\u00e1s informaci\u00f3n en ESPECIAL CORONAVIRUS<\/p>\n","protected":false},"author":67,"featured_media":36191,"comment_status":"open","ping_status":"open","sticky":false,"template":"","format":"standard","meta":{"_FSMCFIC_featured_image_caption":"","_FSMCFIC_featured_image_nocaption":"","_FSMCFIC_featured_image_hide":"","footnotes":""},"categories":[1772,806],"tags":[1504,1570,875,2382],"class_list":["post-36248","post","type-post","status-publish","format-standard","has-post-thumbnail","hentry","category-especial-coronavirus-es","category-punts-claus-del-dia-es","tag-coronavirus-es","tag-crisis-es","tag-europa-es","tag-inmunidad-pasiva"],"yoast_head":"<!-- This site is optimized with the Yoast SEO plugin v26.8 - https:\/\/yoast.com\/product\/yoast-seo-wordpress\/ -->\n<title>\u00bfHa fracasado la extra\u00f1a pol\u00edtica de Suecia contra el coronavirus? - Converses a Catalunya<\/title>\n<meta name=\"robots\" content=\"noindex, nofollow\" \/>\n<meta property=\"og:locale\" content=\"es_ES\" \/>\n<meta property=\"og:type\" content=\"article\" \/>\n<meta property=\"og:title\" content=\"\u00bfHa fracasado la extra\u00f1a pol\u00edtica de Suecia contra el coronavirus? - Converses a Catalunya\" \/>\n<meta property=\"og:description\" content=\"A finales de marzo, Converses a Catalunya explicaba el modelo de Suecia para hacer frente a la epidemia del nuevo coronavirus. Este pa\u00eds n\u00f3rdico adopt\u00f3 a principios de marzo una postura ins\u00f3lita. No decret\u00f3 el confinamiento casi total, como pas\u00f3 en Europa, incluidos los vecinos de Suecia, Noruega, Dinamarca y Finlandia. Pero tampoco hizo esfuerzos particulares para contener la epidemia y evitar una escalada de contagios a nivel nacional, como Corea del Sur, Taiw\u00e1n, Australia o Nueva Zelanda. Suecia sorprende porque decidi\u00f3 seguir una tercera v\u00eda. Las autoridades de Estocolmo consideraron que era demasiado tarde para tratar de detener la propagaci\u00f3n del virus. El modelo de \u00e9xito taiwan\u00e9s, consistente en cerrar fronteras a los posibles infectados, realizar tests a escala masiva, distribuir material de protecci\u00f3n y mantener la econom\u00eda abierta, fue juzgado impracticable. Pero el gobierno sueco no se decant\u00f3 tampoco por la alternativa evidente, la de parar la econom\u00eda casi totalmente para evitar el colapso del sistema sanitario. Suecia decidi\u00f3 pues dejar que el virus circulara libremente entre la poblaci\u00f3n, concentrando las restricciones y medidas de protecci\u00f3n s\u00f3lo en las personas vulnerables, como los ancianos. Se trata de la estrategia de \u00abinmunidad masiva\u00bb, propuesta tambi\u00e9n por Angela Merkel y Boris Johnson antes de que ambos l\u00edderes cambiaran de opini\u00f3n. Los ciudadanos del pa\u00eds escandinavo tienen fama de disciplinados, y su estilo de vida es mucho m\u00e1s individual que el de los pa\u00edses latinos. Por ejemplo, el porcentaje de poblaci\u00f3n que vive sola en Suecia es mucho m\u00e1s elevado que en el sur de Europa. Estocolmo esperaba que sus caracter\u00edsticas sociales le ayudar\u00edan a evitar tanto un colapso sanitario como un descalabro econ\u00f3mico. Dos meses despu\u00e9s de haber hecho esta elecci\u00f3n, \u00bfen qu\u00e9 punto se encuentra Suecia ante el virus? Primeramente, ha quedado demostrado que la estrategia de Estocolmo conlleva un elevado precio en vidas humanas. Seg\u00fan el recuento de la Universidad John Hopkins, hasta el 16 de mayo ha habido 3.646 v\u00edctimas mortales de coronavirus en Suecia. Como en toda Europa, una buena parte de las muertes se han producido en las residencias de ancianos, lo que demuestra la falta de eficacia de las medidas de protecci\u00f3n para los m\u00e1s vulnerables anunciadas por el gobierno sueco. Los pa\u00edses vecinos de Suecia presentan cifras muy, muy inferiores. Noruega, que tiene aproximadamente la mitad de los habitantes, lament\u00f3 por el momento 232 muertos. Finlandia, con una poblaci\u00f3n similar a la de Noruega, 297. Finalmente, Dinamarca ha sufrido 537 para una poblaci\u00f3n de tama\u00f1o similar. Estamos hablando de m\u00e1s de 10 veces menos de muertes que en Suecia. Las muertes por mill\u00f3n de habitante que presenta Suecia son m\u00e1s bajas que las de Espa\u00f1a, Italia o el Reino Unido. Pero mucho m\u00e1s elevadas que en Portugal, Alemania o los pa\u00edses de Europa del este, y se acercan a las de Francia. En segundo lugar, se podr\u00eda esperar que, desde un punto de vista econ\u00f3mico, la decisi\u00f3n de Estocolmo podr\u00eda haber salvado la econom\u00eda sueca de la recesi\u00f3n que se dibuja en toda Europa. Pero a pesar de las muertes m\u00e1s elevadas, el modelo sueco no ha conseguido mitigar la ca\u00edda econ\u00f3mica. Seg\u00fan las previsiones de la Comisi\u00f3n Europea, tanto Suecia como Finlandia y Dinamarca sufrir\u00e1n p\u00e9rdidas similares este a\u00f1o, de entorno al 6% del PIB. Para m\u00e1s inri, la Uni\u00f3n Europea prev\u00e9 que, de los tres pa\u00edses n\u00f3rdicos, Suecia sea el que sufrir\u00e1 el mayor incremento del paro. Este hecho se podr\u00eda explicar en parte por la dependencia de Suecia de las cadenas de suministro internacionales, fuertemente tocadas por la epidemia, ya que el pa\u00eds dispone de una industria m\u00e1s potente que sus vecinos. Ante los malos datos en t\u00e9rminos de mortalidad y p\u00e9rdidas econ\u00f3micas, Anders Tegnell, el epidemi\u00f3logo que dise\u00f1\u00f3 la respuesta de Suecia al Covid&#8211;19, espera al menos conseguir un porcentaje de personas inmunizadas superior a los dem\u00e1s pa\u00edses. Seg\u00fan afirma Tegnell, bas\u00e1ndose en una modelaci\u00f3n matem\u00e1tica de los contagios, en torno al 40% de los habitantes de Estocolmo habr\u00e1n pasado el virus a finales de mayo. Algo que situar\u00e1 a Suecia en una mejor posici\u00f3n que los otros pa\u00edses europeos para hacer frente a una eventual segunda oleada de contagios. Quiz\u00e1 el doctor sueco tenga raz\u00f3n si la vacuna no llega el pr\u00f3ximo invierno. De momento, sin embargo, los resultados obtenidos no son alentadores, y el verano reducir\u00e1 en cualquier caso la circulaci\u00f3n del virus en toda Europa. M\u00e1s informaci\u00f3n en ESPECIAL CORONAVIRUS\" \/>\n<meta property=\"og:url\" content=\"https:\/\/conversesacatalunya.cat\/es\/ha-fracasado-la-extrana-politica-de-suecia-contra-el-coronavirus\/\" \/>\n<meta property=\"og:site_name\" content=\"Converses a Catalunya\" \/>\n<meta property=\"article:published_time\" content=\"2020-05-16T12:53:11+00:00\" \/>\n<meta property=\"article:modified_time\" content=\"2020-05-19T07:18:47+00:00\" \/>\n<meta property=\"og:image\" content=\"https:\/\/conversesacatalunya.cat\/wp-content\/uploads\/2020\/05\/sue\u0300cia-covid.jpg\" \/>\n\t<meta property=\"og:image:width\" content=\"800\" \/>\n\t<meta property=\"og:image:height\" content=\"450\" \/>\n\t<meta property=\"og:image:type\" content=\"image\/jpeg\" \/>\n<meta name=\"author\" content=\"conversesacatalunya\" \/>\n<meta name=\"twitter:card\" content=\"summary_large_image\" \/>\n<meta name=\"twitter:label1\" content=\"Escrito por\" \/>\n\t<meta name=\"twitter:data1\" content=\"conversesacatalunya\" \/>\n\t<meta name=\"twitter:label2\" content=\"Tiempo de lectura\" \/>\n\t<meta name=\"twitter:data2\" content=\"4 minutos\" \/>\n<script type=\"application\/ld+json\" class=\"yoast-schema-graph\">{\"@context\":\"https:\/\/schema.org\",\"@graph\":[{\"@type\":\"Article\",\"@id\":\"https:\/\/conversesacatalunya.cat\/es\/ha-fracasado-la-extrana-politica-de-suecia-contra-el-coronavirus\/#article\",\"isPartOf\":{\"@id\":\"https:\/\/conversesacatalunya.cat\/es\/ha-fracasado-la-extrana-politica-de-suecia-contra-el-coronavirus\/\"},\"author\":{\"name\":\"conversesacatalunya\",\"@id\":\"https:\/\/conversesacatalunya.cat\/#\/schema\/person\/c5a8ffe796b1512764aeb6d6d6fa0fc7\"},\"headline\":\"\u00bfHa fracasado la extra\u00f1a pol\u00edtica de Suecia contra el coronavirus?\",\"datePublished\":\"2020-05-16T12:53:11+00:00\",\"dateModified\":\"2020-05-19T07:18:47+00:00\",\"mainEntityOfPage\":{\"@id\":\"https:\/\/conversesacatalunya.cat\/es\/ha-fracasado-la-extrana-politica-de-suecia-contra-el-coronavirus\/\"},\"wordCount\":844,\"commentCount\":0,\"image\":{\"@id\":\"https:\/\/conversesacatalunya.cat\/es\/ha-fracasado-la-extrana-politica-de-suecia-contra-el-coronavirus\/#primaryimage\"},\"thumbnailUrl\":\"https:\/\/conversesacatalunya.cat\/wp-content\/uploads\/2020\/05\/sue\u0300cia-covid.jpg\",\"keywords\":[\"coronavirus\",\"crisis\",\"Europa\",\"inmunidad pasiva\"],\"articleSection\":[\"Especial Coronavirus (ES)\",\"Punts clau del dia (ES)\"],\"inLanguage\":\"es\",\"potentialAction\":[{\"@type\":\"CommentAction\",\"name\":\"Comment\",\"target\":[\"https:\/\/conversesacatalunya.cat\/es\/ha-fracasado-la-extrana-politica-de-suecia-contra-el-coronavirus\/#respond\"]}]},{\"@type\":\"WebPage\",\"@id\":\"https:\/\/conversesacatalunya.cat\/es\/ha-fracasado-la-extrana-politica-de-suecia-contra-el-coronavirus\/\",\"url\":\"https:\/\/conversesacatalunya.cat\/es\/ha-fracasado-la-extrana-politica-de-suecia-contra-el-coronavirus\/\",\"name\":\"\u00bfHa fracasado la extra\u00f1a pol\u00edtica de Suecia contra el coronavirus? - Converses a Catalunya\",\"isPartOf\":{\"@id\":\"https:\/\/conversesacatalunya.cat\/#website\"},\"primaryImageOfPage\":{\"@id\":\"https:\/\/conversesacatalunya.cat\/es\/ha-fracasado-la-extrana-politica-de-suecia-contra-el-coronavirus\/#primaryimage\"},\"image\":{\"@id\":\"https:\/\/conversesacatalunya.cat\/es\/ha-fracasado-la-extrana-politica-de-suecia-contra-el-coronavirus\/#primaryimage\"},\"thumbnailUrl\":\"https:\/\/conversesacatalunya.cat\/wp-content\/uploads\/2020\/05\/sue\u0300cia-covid.jpg\",\"datePublished\":\"2020-05-16T12:53:11+00:00\",\"dateModified\":\"2020-05-19T07:18:47+00:00\",\"author\":{\"@id\":\"https:\/\/conversesacatalunya.cat\/#\/schema\/person\/c5a8ffe796b1512764aeb6d6d6fa0fc7\"},\"breadcrumb\":{\"@id\":\"https:\/\/conversesacatalunya.cat\/es\/ha-fracasado-la-extrana-politica-de-suecia-contra-el-coronavirus\/#breadcrumb\"},\"inLanguage\":\"es\",\"potentialAction\":[{\"@type\":\"ReadAction\",\"target\":[\"https:\/\/conversesacatalunya.cat\/es\/ha-fracasado-la-extrana-politica-de-suecia-contra-el-coronavirus\/\"]}]},{\"@type\":\"ImageObject\",\"inLanguage\":\"es\",\"@id\":\"https:\/\/conversesacatalunya.cat\/es\/ha-fracasado-la-extrana-politica-de-suecia-contra-el-coronavirus\/#primaryimage\",\"url\":\"https:\/\/conversesacatalunya.cat\/wp-content\/uploads\/2020\/05\/sue\u0300cia-covid.jpg\",\"contentUrl\":\"https:\/\/conversesacatalunya.cat\/wp-content\/uploads\/2020\/05\/sue\u0300cia-covid.jpg\",\"width\":800,\"height\":450},{\"@type\":\"BreadcrumbList\",\"@id\":\"https:\/\/conversesacatalunya.cat\/es\/ha-fracasado-la-extrana-politica-de-suecia-contra-el-coronavirus\/#breadcrumb\",\"itemListElement\":[{\"@type\":\"ListItem\",\"position\":1,\"name\":\"Inici\",\"item\":\"https:\/\/conversesacatalunya.cat\/es\/\"},{\"@type\":\"ListItem\",\"position\":2,\"name\":\"\u00bfHa fracasado la extra\u00f1a pol\u00edtica de Suecia contra el coronavirus?\"}]},{\"@type\":\"WebSite\",\"@id\":\"https:\/\/conversesacatalunya.cat\/#website\",\"url\":\"https:\/\/conversesacatalunya.cat\/\",\"name\":\"Converses a Catalunya\",\"description\":\"\",\"potentialAction\":[{\"@type\":\"SearchAction\",\"target\":{\"@type\":\"EntryPoint\",\"urlTemplate\":\"https:\/\/conversesacatalunya.cat\/?s={search_term_string}\"},\"query-input\":{\"@type\":\"PropertyValueSpecification\",\"valueRequired\":true,\"valueName\":\"search_term_string\"}}],\"inLanguage\":\"es\"},{\"@type\":\"Person\",\"@id\":\"https:\/\/conversesacatalunya.cat\/#\/schema\/person\/c5a8ffe796b1512764aeb6d6d6fa0fc7\",\"name\":\"conversesacatalunya\",\"image\":{\"@type\":\"ImageObject\",\"inLanguage\":\"es\",\"@id\":\"https:\/\/conversesacatalunya.cat\/#\/schema\/person\/image\/\",\"url\":\"https:\/\/conversesacatalunya.cat\/wp-content\/litespeed\/avatar\/02659ee938034c59a151ae106ade943e.jpg?ver=1777051754\",\"contentUrl\":\"https:\/\/conversesacatalunya.cat\/wp-content\/litespeed\/avatar\/02659ee938034c59a151ae106ade943e.jpg?ver=1777051754\",\"caption\":\"conversesacatalunya\"},\"url\":\"https:\/\/conversesacatalunya.cat\/es\/author\/carles_lopez\/\"}]}<\/script>\n<!-- \/ Yoast SEO plugin. -->","yoast_head_json":{"title":"\u00bfHa fracasado la extra\u00f1a pol\u00edtica de Suecia contra el coronavirus? - Converses a Catalunya","robots":{"index":"noindex","follow":"nofollow"},"og_locale":"es_ES","og_type":"article","og_title":"\u00bfHa fracasado la extra\u00f1a pol\u00edtica de Suecia contra el coronavirus? - Converses a Catalunya","og_description":"A finales de marzo, Converses a Catalunya explicaba el modelo de Suecia para hacer frente a la epidemia del nuevo coronavirus. Este pa\u00eds n\u00f3rdico adopt\u00f3 a principios de marzo una postura ins\u00f3lita. No decret\u00f3 el confinamiento casi total, como pas\u00f3 en Europa, incluidos los vecinos de Suecia, Noruega, Dinamarca y Finlandia. Pero tampoco hizo esfuerzos particulares para contener la epidemia y evitar una escalada de contagios a nivel nacional, como Corea del Sur, Taiw\u00e1n, Australia o Nueva Zelanda. Suecia sorprende porque decidi\u00f3 seguir una tercera v\u00eda. Las autoridades de Estocolmo consideraron que era demasiado tarde para tratar de detener la propagaci\u00f3n del virus. El modelo de \u00e9xito taiwan\u00e9s, consistente en cerrar fronteras a los posibles infectados, realizar tests a escala masiva, distribuir material de protecci\u00f3n y mantener la econom\u00eda abierta, fue juzgado impracticable. Pero el gobierno sueco no se decant\u00f3 tampoco por la alternativa evidente, la de parar la econom\u00eda casi totalmente para evitar el colapso del sistema sanitario. Suecia decidi\u00f3 pues dejar que el virus circulara libremente entre la poblaci\u00f3n, concentrando las restricciones y medidas de protecci\u00f3n s\u00f3lo en las personas vulnerables, como los ancianos. Se trata de la estrategia de \u00abinmunidad masiva\u00bb, propuesta tambi\u00e9n por Angela Merkel y Boris Johnson antes de que ambos l\u00edderes cambiaran de opini\u00f3n. Los ciudadanos del pa\u00eds escandinavo tienen fama de disciplinados, y su estilo de vida es mucho m\u00e1s individual que el de los pa\u00edses latinos. Por ejemplo, el porcentaje de poblaci\u00f3n que vive sola en Suecia es mucho m\u00e1s elevado que en el sur de Europa. Estocolmo esperaba que sus caracter\u00edsticas sociales le ayudar\u00edan a evitar tanto un colapso sanitario como un descalabro econ\u00f3mico. Dos meses despu\u00e9s de haber hecho esta elecci\u00f3n, \u00bfen qu\u00e9 punto se encuentra Suecia ante el virus? Primeramente, ha quedado demostrado que la estrategia de Estocolmo conlleva un elevado precio en vidas humanas. Seg\u00fan el recuento de la Universidad John Hopkins, hasta el 16 de mayo ha habido 3.646 v\u00edctimas mortales de coronavirus en Suecia. Como en toda Europa, una buena parte de las muertes se han producido en las residencias de ancianos, lo que demuestra la falta de eficacia de las medidas de protecci\u00f3n para los m\u00e1s vulnerables anunciadas por el gobierno sueco. Los pa\u00edses vecinos de Suecia presentan cifras muy, muy inferiores. Noruega, que tiene aproximadamente la mitad de los habitantes, lament\u00f3 por el momento 232 muertos. Finlandia, con una poblaci\u00f3n similar a la de Noruega, 297. Finalmente, Dinamarca ha sufrido 537 para una poblaci\u00f3n de tama\u00f1o similar. Estamos hablando de m\u00e1s de 10 veces menos de muertes que en Suecia. Las muertes por mill\u00f3n de habitante que presenta Suecia son m\u00e1s bajas que las de Espa\u00f1a, Italia o el Reino Unido. Pero mucho m\u00e1s elevadas que en Portugal, Alemania o los pa\u00edses de Europa del este, y se acercan a las de Francia. En segundo lugar, se podr\u00eda esperar que, desde un punto de vista econ\u00f3mico, la decisi\u00f3n de Estocolmo podr\u00eda haber salvado la econom\u00eda sueca de la recesi\u00f3n que se dibuja en toda Europa. Pero a pesar de las muertes m\u00e1s elevadas, el modelo sueco no ha conseguido mitigar la ca\u00edda econ\u00f3mica. Seg\u00fan las previsiones de la Comisi\u00f3n Europea, tanto Suecia como Finlandia y Dinamarca sufrir\u00e1n p\u00e9rdidas similares este a\u00f1o, de entorno al 6% del PIB. Para m\u00e1s inri, la Uni\u00f3n Europea prev\u00e9 que, de los tres pa\u00edses n\u00f3rdicos, Suecia sea el que sufrir\u00e1 el mayor incremento del paro. Este hecho se podr\u00eda explicar en parte por la dependencia de Suecia de las cadenas de suministro internacionales, fuertemente tocadas por la epidemia, ya que el pa\u00eds dispone de una industria m\u00e1s potente que sus vecinos. Ante los malos datos en t\u00e9rminos de mortalidad y p\u00e9rdidas econ\u00f3micas, Anders Tegnell, el epidemi\u00f3logo que dise\u00f1\u00f3 la respuesta de Suecia al Covid&#8211;19, espera al menos conseguir un porcentaje de personas inmunizadas superior a los dem\u00e1s pa\u00edses. Seg\u00fan afirma Tegnell, bas\u00e1ndose en una modelaci\u00f3n matem\u00e1tica de los contagios, en torno al 40% de los habitantes de Estocolmo habr\u00e1n pasado el virus a finales de mayo. Algo que situar\u00e1 a Suecia en una mejor posici\u00f3n que los otros pa\u00edses europeos para hacer frente a una eventual segunda oleada de contagios. Quiz\u00e1 el doctor sueco tenga raz\u00f3n si la vacuna no llega el pr\u00f3ximo invierno. De momento, sin embargo, los resultados obtenidos no son alentadores, y el verano reducir\u00e1 en cualquier caso la circulaci\u00f3n del virus en toda Europa. M\u00e1s informaci\u00f3n en ESPECIAL CORONAVIRUS","og_url":"https:\/\/conversesacatalunya.cat\/es\/ha-fracasado-la-extrana-politica-de-suecia-contra-el-coronavirus\/","og_site_name":"Converses a Catalunya","article_published_time":"2020-05-16T12:53:11+00:00","article_modified_time":"2020-05-19T07:18:47+00:00","og_image":[{"width":800,"height":450,"url":"https:\/\/conversesacatalunya.cat\/wp-content\/uploads\/2020\/05\/sue\u0300cia-covid.jpg","type":"image\/jpeg"}],"author":"conversesacatalunya","twitter_card":"summary_large_image","twitter_misc":{"Escrito por":"conversesacatalunya","Tiempo de lectura":"4 minutos"},"schema":{"@context":"https:\/\/schema.org","@graph":[{"@type":"Article","@id":"https:\/\/conversesacatalunya.cat\/es\/ha-fracasado-la-extrana-politica-de-suecia-contra-el-coronavirus\/#article","isPartOf":{"@id":"https:\/\/conversesacatalunya.cat\/es\/ha-fracasado-la-extrana-politica-de-suecia-contra-el-coronavirus\/"},"author":{"name":"conversesacatalunya","@id":"https:\/\/conversesacatalunya.cat\/#\/schema\/person\/c5a8ffe796b1512764aeb6d6d6fa0fc7"},"headline":"\u00bfHa fracasado la extra\u00f1a pol\u00edtica de Suecia contra el coronavirus?","datePublished":"2020-05-16T12:53:11+00:00","dateModified":"2020-05-19T07:18:47+00:00","mainEntityOfPage":{"@id":"https:\/\/conversesacatalunya.cat\/es\/ha-fracasado-la-extrana-politica-de-suecia-contra-el-coronavirus\/"},"wordCount":844,"commentCount":0,"image":{"@id":"https:\/\/conversesacatalunya.cat\/es\/ha-fracasado-la-extrana-politica-de-suecia-contra-el-coronavirus\/#primaryimage"},"thumbnailUrl":"https:\/\/conversesacatalunya.cat\/wp-content\/uploads\/2020\/05\/sue\u0300cia-covid.jpg","keywords":["coronavirus","crisis","Europa","inmunidad pasiva"],"articleSection":["Especial Coronavirus (ES)","Punts clau del dia (ES)"],"inLanguage":"es","potentialAction":[{"@type":"CommentAction","name":"Comment","target":["https:\/\/conversesacatalunya.cat\/es\/ha-fracasado-la-extrana-politica-de-suecia-contra-el-coronavirus\/#respond"]}]},{"@type":"WebPage","@id":"https:\/\/conversesacatalunya.cat\/es\/ha-fracasado-la-extrana-politica-de-suecia-contra-el-coronavirus\/","url":"https:\/\/conversesacatalunya.cat\/es\/ha-fracasado-la-extrana-politica-de-suecia-contra-el-coronavirus\/","name":"\u00bfHa fracasado la extra\u00f1a pol\u00edtica de Suecia contra el coronavirus? - Converses a Catalunya","isPartOf":{"@id":"https:\/\/conversesacatalunya.cat\/#website"},"primaryImageOfPage":{"@id":"https:\/\/conversesacatalunya.cat\/es\/ha-fracasado-la-extrana-politica-de-suecia-contra-el-coronavirus\/#primaryimage"},"image":{"@id":"https:\/\/conversesacatalunya.cat\/es\/ha-fracasado-la-extrana-politica-de-suecia-contra-el-coronavirus\/#primaryimage"},"thumbnailUrl":"https:\/\/conversesacatalunya.cat\/wp-content\/uploads\/2020\/05\/sue\u0300cia-covid.jpg","datePublished":"2020-05-16T12:53:11+00:00","dateModified":"2020-05-19T07:18:47+00:00","author":{"@id":"https:\/\/conversesacatalunya.cat\/#\/schema\/person\/c5a8ffe796b1512764aeb6d6d6fa0fc7"},"breadcrumb":{"@id":"https:\/\/conversesacatalunya.cat\/es\/ha-fracasado-la-extrana-politica-de-suecia-contra-el-coronavirus\/#breadcrumb"},"inLanguage":"es","potentialAction":[{"@type":"ReadAction","target":["https:\/\/conversesacatalunya.cat\/es\/ha-fracasado-la-extrana-politica-de-suecia-contra-el-coronavirus\/"]}]},{"@type":"ImageObject","inLanguage":"es","@id":"https:\/\/conversesacatalunya.cat\/es\/ha-fracasado-la-extrana-politica-de-suecia-contra-el-coronavirus\/#primaryimage","url":"https:\/\/conversesacatalunya.cat\/wp-content\/uploads\/2020\/05\/sue\u0300cia-covid.jpg","contentUrl":"https:\/\/conversesacatalunya.cat\/wp-content\/uploads\/2020\/05\/sue\u0300cia-covid.jpg","width":800,"height":450},{"@type":"BreadcrumbList","@id":"https:\/\/conversesacatalunya.cat\/es\/ha-fracasado-la-extrana-politica-de-suecia-contra-el-coronavirus\/#breadcrumb","itemListElement":[{"@type":"ListItem","position":1,"name":"Inici","item":"https:\/\/conversesacatalunya.cat\/es\/"},{"@type":"ListItem","position":2,"name":"\u00bfHa fracasado la extra\u00f1a pol\u00edtica de Suecia contra el coronavirus?"}]},{"@type":"WebSite","@id":"https:\/\/conversesacatalunya.cat\/#website","url":"https:\/\/conversesacatalunya.cat\/","name":"Converses a Catalunya","description":"","potentialAction":[{"@type":"SearchAction","target":{"@type":"EntryPoint","urlTemplate":"https:\/\/conversesacatalunya.cat\/?s={search_term_string}"},"query-input":{"@type":"PropertyValueSpecification","valueRequired":true,"valueName":"search_term_string"}}],"inLanguage":"es"},{"@type":"Person","@id":"https:\/\/conversesacatalunya.cat\/#\/schema\/person\/c5a8ffe796b1512764aeb6d6d6fa0fc7","name":"conversesacatalunya","image":{"@type":"ImageObject","inLanguage":"es","@id":"https:\/\/conversesacatalunya.cat\/#\/schema\/person\/image\/","url":"https:\/\/conversesacatalunya.cat\/wp-content\/litespeed\/avatar\/02659ee938034c59a151ae106ade943e.jpg?ver=1777051754","contentUrl":"https:\/\/conversesacatalunya.cat\/wp-content\/litespeed\/avatar\/02659ee938034c59a151ae106ade943e.jpg?ver=1777051754","caption":"conversesacatalunya"},"url":"https:\/\/conversesacatalunya.cat\/es\/author\/carles_lopez\/"}]}},"wps_subtitle":"Suecia es el \u00fanico pa\u00eds europeo que ha apostado por la inmunidad masiva, propuesta tambi\u00e9n por Angela Merkel y Boris Johnson, antes de que ambos l\u00edderes cambiaran de opini\u00f3n","_links":{"self":[{"href":"https:\/\/conversesacatalunya.cat\/es\/wp-json\/wp\/v2\/posts\/36248","targetHints":{"allow":["GET"]}}],"collection":[{"href":"https:\/\/conversesacatalunya.cat\/es\/wp-json\/wp\/v2\/posts"}],"about":[{"href":"https:\/\/conversesacatalunya.cat\/es\/wp-json\/wp\/v2\/types\/post"}],"author":[{"embeddable":true,"href":"https:\/\/conversesacatalunya.cat\/es\/wp-json\/wp\/v2\/users\/67"}],"replies":[{"embeddable":true,"href":"https:\/\/conversesacatalunya.cat\/es\/wp-json\/wp\/v2\/comments?post=36248"}],"version-history":[{"count":3,"href":"https:\/\/conversesacatalunya.cat\/es\/wp-json\/wp\/v2\/posts\/36248\/revisions"}],"predecessor-version":[{"id":36312,"href":"https:\/\/conversesacatalunya.cat\/es\/wp-json\/wp\/v2\/posts\/36248\/revisions\/36312"}],"wp:featuredmedia":[{"embeddable":true,"href":"https:\/\/conversesacatalunya.cat\/es\/wp-json\/wp\/v2\/media\/36191"}],"wp:attachment":[{"href":"https:\/\/conversesacatalunya.cat\/es\/wp-json\/wp\/v2\/media?parent=36248"}],"wp:term":[{"taxonomy":"category","embeddable":true,"href":"https:\/\/conversesacatalunya.cat\/es\/wp-json\/wp\/v2\/categories?post=36248"},{"taxonomy":"post_tag","embeddable":true,"href":"https:\/\/conversesacatalunya.cat\/es\/wp-json\/wp\/v2\/tags?post=36248"}],"curies":[{"name":"wp","href":"https:\/\/api.w.org\/{rel}","templated":true}]}}