{"id":36220,"date":"2020-05-18T06:00:29","date_gmt":"2020-05-18T04:00:29","guid":{"rendered":"https:\/\/conversesacatalunya.cat\/coronavirus-la-por-sexpandeix-contra-el-5g\/"},"modified":"2020-05-18T11:51:59","modified_gmt":"2020-05-18T09:51:59","slug":"coronavirus-la-por-sexpandeix-contra-el-5g","status":"publish","type":"post","link":"https:\/\/conversesacatalunya.cat\/es\/coronavirus-la-por-sexpandeix-contra-el-5g\/","title":{"rendered":"Coronavirus: el miedo se expande contra el 5G"},"content":{"rendered":"<p>Durante los dos meses de confinamiento, miles de mensajes y v\u00eddeos <strong>se han propagado r\u00e1pidamente por la red<\/strong>. El contenido es un conjunto de informaciones que acusan a la tecnolog\u00eda 5G de ayudar a transmitir el coronavirus por el mundo. Al igual que el virus, el miedo se ha extendido por Europa, llegando incluso a provocar ataques contra antenas telef\u00f3nicas.<\/p>\n<p>El \u00faltimo caso ha sucedido en el Reino Unido, donde dos <a href=\"https:\/\/www.forumlibertas.com\/5g-realmente-va-a-suponer-un-gran-cambio\/\" target=\"_blank\" rel=\"noopener noreferrer\">torres de telefon\u00eda<\/a> han ardido de forma intencionada. Seg\u00fan estos bulos, las antenas 5G debilitan el sistema inmunol\u00f3gico de la poblaci\u00f3n, acelerando los efectos del virus en los m\u00e1s d\u00e9biles. Otros, incluso, llegan a creer que es la propia red de telecomunicaciones inal\u00e1mbricas la que realmente est\u00e1 transmitiendo el coronavirus.<\/p>\n<p>A pesar de que, a priori, puedan parecer teor\u00edas poco cre\u00edbles, en las redes parece que no son pocos los que acaban creyendo en estos bulos.<strong> Esta dudosa teor\u00eda ha ganado fuerza<\/strong> desde que un m\u00e9dico belga relacion\u00f3 los \u00abpeligros\u00bb de la tecnolog\u00eda 5G con el coronavirus durante una entrevista en enero. El v\u00eddeo del supuesto sanitario ser\u00e1 eliminado seg\u00fan Youtube por la vinculaci\u00f3n del 5G con el nuevo coronavirus. Como da\u00f1o colateral, youtubers famosos se quejan de que, por el hecho de mencionar el virus en sus v\u00eddeos, la plataforma los desmonetiza sistem\u00e1ticamente para evitar la propagaci\u00f3n de m\u00e1s bulos.<\/p>\n<p>Es importante saber que no toda la red 5G es igual. En realidad se puede hablar de varios tipos de redes 5G. En el Plan Nacional 5G 2018-2020 del Ministerio de Asuntos Econ\u00f3micos y Transformaci\u00f3n Digital se concretan tres tipos de redes 5G seg\u00fan el tipo de intensidad de frecuencia en el espectro radioel\u00e9ctrico.<\/p>\n<p>Las de baja frecuencia, menos de 1 Ghz, se implantar\u00e1n en Espa\u00f1a en la banda de los 700 Hz. Son las que permiten una mejor cobertura en interiores de edificios, pero su velocidad es menor. Las de frecuencia media, que oscilan entre los 3,4 y los 3,8 Ghz, permiten una transmisi\u00f3n de datos mucho m\u00e1s alta y ser\u00e1n las que se impongan en Espa\u00f1a a corto o a medio plazo. Finalmente est\u00e1 el 5G ultrarr\u00e1pido de la banda de altas frecuencias, de 6 Ghz en adelante. Cuya llegada no est\u00e1 prevista por el momento a Espa\u00f1a.<\/p>\n<p>Ante tal desinformaci\u00f3n, una gran cantidad de organismos cient\u00edficos han lanzado mensajes de calma. <a href=\"https:\/\/www.arpansa.gov.au\/\" target=\"_blank\" rel=\"noopener noreferrer\">La Agencia Australiana de Protecci\u00f3n Radiol\u00f3gica y Seguridad Nuclear<\/a>, por ejemplo, ha declarado <strong>no tener los efectos negativos para la salud en el caso de radiaci\u00f3n m\u00e1s intensa<\/strong>. \u00abLa radiaci\u00f3n puede entrar en contacto con la piel, por ejemplo, cuando ponemos un tel\u00e9fono m\u00f3vil 5G en nuestro o\u00eddo para hacer una llamada. Esto es cuando estamos m\u00e1s expuestos a la radiaci\u00f3n no ionizante. Pero esta exposici\u00f3n est\u00e1 muy por debajo del nivel de seguridad recomendado. La radiaci\u00f3n 5G no puede penetrar la piel ni permitir que un virus penetre en la piel. No hay evidencia de que las frecuencias de radio 5G causen la propagaci\u00f3n del coronavirus\u00bb, han afirmado a los medios de comunicaci\u00f3n.<\/p>\n<div id=\"polls-51\" class=\"wp-polls\">\n\t<form id=\"polls_form_51\" class=\"wp-polls-form\" action=\"\/index.php\" method=\"post\">\n\t\t<p style=\"display: none;\"><input type=\"hidden\" id=\"poll_51_nonce\" name=\"wp-polls-nonce\" value=\"a9932dbbe5\" \/><\/p>\n\t\t<p style=\"display: none;\"><input type=\"hidden\" name=\"poll_id\" value=\"51\" \/><\/p>\n\t\t<p style=\"text-align: center\"><strong>Est\u00e0s d'acord que es prolongui l'Estat d'Alarma un mes?<\/strong><\/p><div id=\"polls-51-ans\" class=\"wp-polls-ans\"><ul class=\"wp-polls-ul\">\n\t\t<li><input type=\"radio\" id=\"poll-answer-108\" name=\"poll_51\" value=\"108\" \/> <label for=\"poll-answer-108\">Si<\/label><\/li>\n\t\t<li><input type=\"radio\" id=\"poll-answer-109\" name=\"poll_51\" value=\"109\" \/> <label for=\"poll-answer-109\">No<\/label><\/li>\n\t\t<\/ul><p style=\"text-align: center\"><input type=\"button\" name=\"vote\" value=\"   Vota   \" class=\"Buttons\" onclick=\"poll_vote(51);\" \/><\/p><p style=\"text-align: center\"><a href=\"#ViewPollResults\" onclick=\"poll_result(51); return false;\" title=\"View Results Of This Poll\">Mira els resultats<\/a><\/p><\/div>\n\t<\/form>\n<\/div>\n<div id=\"polls-51-loading\" class=\"wp-polls-loading\"><img decoding=\"async\" data-src=\"https:\/\/conversesacatalunya.cat\/wp-content\/plugins\/wp-polls\/images\/loading.gif\" width=\"16\" height=\"16\" alt=\"Cargando ...\" title=\"Cargando ...\" class=\"wp-polls-image lazyload\" src=\"data:image\/svg+xml;base64,PHN2ZyB3aWR0aD0iMSIgaGVpZ2h0PSIxIiB4bWxucz0iaHR0cDovL3d3dy53My5vcmcvMjAwMC9zdmciPjwvc3ZnPg==\" style=\"--smush-placeholder-width: 16px; --smush-placeholder-aspect-ratio: 16\/16;\" \/>&nbsp;Cargando ...<\/div>\n\n","protected":false},"excerpt":{"rendered":"<p>Durante los dos meses de confinamiento, miles de mensajes y v\u00eddeos se han propagado r\u00e1pidamente por la red. El contenido es un conjunto de informaciones que acusan a la tecnolog\u00eda 5G de ayudar a transmitir el coronavirus por el mundo. Al igual que el virus, el miedo se ha extendido por Europa, llegando incluso a provocar ataques contra antenas telef\u00f3nicas. El \u00faltimo caso ha sucedido en el Reino Unido, donde dos torres de telefon\u00eda han ardido de forma intencionada. Seg\u00fan estos bulos, las antenas 5G debilitan el sistema inmunol\u00f3gico de la poblaci\u00f3n, acelerando los efectos del virus en los m\u00e1s d\u00e9biles. Otros, incluso, llegan a creer que es la propia red de telecomunicaciones inal\u00e1mbricas la que realmente est\u00e1 transmitiendo el coronavirus. A pesar de que, a priori, puedan parecer teor\u00edas poco cre\u00edbles, en las redes parece que no son pocos los que acaban creyendo en estos bulos. Esta dudosa teor\u00eda ha ganado fuerza desde que un m\u00e9dico belga relacion\u00f3 los \u00abpeligros\u00bb de la tecnolog\u00eda 5G con el coronavirus durante una entrevista en enero. El v\u00eddeo del supuesto sanitario ser\u00e1 eliminado seg\u00fan Youtube por la vinculaci\u00f3n del 5G con el nuevo coronavirus. Como da\u00f1o colateral, youtubers famosos se quejan de que, por el hecho de mencionar el virus en sus v\u00eddeos, la plataforma los desmonetiza sistem\u00e1ticamente para evitar la propagaci\u00f3n de m\u00e1s bulos. Es importante saber que no toda la red 5G es igual. En realidad se puede hablar de varios tipos de redes 5G. En el Plan Nacional 5G 2018-2020 del Ministerio de Asuntos Econ\u00f3micos y Transformaci\u00f3n Digital se concretan tres tipos de redes 5G seg\u00fan el tipo de intensidad de frecuencia en el espectro radioel\u00e9ctrico. Las de baja frecuencia, menos de 1 Ghz, se implantar\u00e1n en Espa\u00f1a en la banda de los 700 Hz. Son las que permiten una mejor cobertura en interiores de edificios, pero su velocidad es menor. Las de frecuencia media, que oscilan entre los 3,4 y los 3,8 Ghz, permiten una transmisi\u00f3n de datos mucho m\u00e1s alta y ser\u00e1n las que se impongan en Espa\u00f1a a corto o a medio plazo. Finalmente est\u00e1 el 5G ultrarr\u00e1pido de la banda de altas frecuencias, de 6 Ghz en adelante. Cuya llegada no est\u00e1 prevista por el momento a Espa\u00f1a. Ante tal desinformaci\u00f3n, una gran cantidad de organismos cient\u00edficos han lanzado mensajes de calma. La Agencia Australiana de Protecci\u00f3n Radiol\u00f3gica y Seguridad Nuclear, por ejemplo, ha declarado no tener los efectos negativos para la salud en el caso de radiaci\u00f3n m\u00e1s intensa. \u00abLa radiaci\u00f3n puede entrar en contacto con la piel, por ejemplo, cuando ponemos un tel\u00e9fono m\u00f3vil 5G en nuestro o\u00eddo para hacer una llamada. Esto es cuando estamos m\u00e1s expuestos a la radiaci\u00f3n no ionizante. Pero esta exposici\u00f3n est\u00e1 muy por debajo del nivel de seguridad recomendado. La radiaci\u00f3n 5G no puede penetrar la piel ni permitir que un virus penetre en la piel. No hay evidencia de que las frecuencias de radio 5G causen la propagaci\u00f3n del coronavirus\u00bb, han afirmado a los medios de comunicaci\u00f3n.<\/p>\n","protected":false},"author":20,"featured_media":36202,"comment_status":"open","ping_status":"open","sticky":false,"template":"","format":"standard","meta":{"_FSMCFIC_featured_image_caption":"","_FSMCFIC_featured_image_nocaption":"","_FSMCFIC_featured_image_hide":"","footnotes":""},"categories":[1772,806],"tags":[1913],"class_list":["post-36220","post","type-post","status-publish","format-standard","has-post-thumbnail","hentry","category-especial-coronavirus-es","category-punts-claus-del-dia-es","tag-covid-19-es"],"yoast_head":"<!-- This site is optimized with the Yoast SEO plugin v26.8 - https:\/\/yoast.com\/product\/yoast-seo-wordpress\/ -->\n<title>Coronavirus: el miedo se expande contra el 5G - Converses a Catalunya<\/title>\n<meta name=\"description\" content=\"Al igual que el Coronavirus, el miedo contra la tecnolog\u00eda 5G se ha expandido r\u00e1pidamente por los rumores que la vinculan con la propagaci\u00f3n del virus\" \/>\n<meta name=\"robots\" content=\"index, follow, max-snippet:-1, max-image-preview:large, max-video-preview:-1\" \/>\n<link rel=\"canonical\" href=\"https:\/\/conversesacatalunya.cat\/es\/coronavirus-la-por-sexpandeix-contra-el-5g\/\" \/>\n<meta property=\"og:locale\" content=\"es_ES\" \/>\n<meta property=\"og:type\" content=\"article\" \/>\n<meta property=\"og:title\" content=\"Coronavirus: el miedo se expande contra el 5G - Converses a Catalunya\" \/>\n<meta property=\"og:description\" content=\"Al igual que el Coronavirus, el miedo contra la tecnolog\u00eda 5G se ha expandido r\u00e1pidamente por los rumores que la vinculan con la propagaci\u00f3n del virus\" \/>\n<meta property=\"og:url\" content=\"https:\/\/conversesacatalunya.cat\/es\/coronavirus-la-por-sexpandeix-contra-el-5g\/\" \/>\n<meta property=\"og:site_name\" content=\"Converses a Catalunya\" \/>\n<meta property=\"article:published_time\" content=\"2020-05-18T04:00:29+00:00\" \/>\n<meta property=\"article:modified_time\" content=\"2020-05-18T09:51:59+00:00\" \/>\n<meta property=\"og:image\" content=\"https:\/\/conversesacatalunya.cat\/wp-content\/uploads\/2020\/05\/Capture-6.png\" \/>\n\t<meta property=\"og:image:width\" content=\"911\" \/>\n\t<meta property=\"og:image:height\" content=\"609\" \/>\n\t<meta property=\"og:image:type\" content=\"image\/png\" \/>\n<meta name=\"author\" content=\"conversesacatalunya\" \/>\n<meta name=\"twitter:card\" content=\"summary_large_image\" \/>\n<meta name=\"twitter:label1\" content=\"Escrito por\" \/>\n\t<meta name=\"twitter:data1\" content=\"conversesacatalunya\" \/>\n\t<meta name=\"twitter:label2\" content=\"Tiempo de lectura\" \/>\n\t<meta name=\"twitter:data2\" content=\"3 minutos\" \/>\n<script type=\"application\/ld+json\" class=\"yoast-schema-graph\">{\"@context\":\"https:\/\/schema.org\",\"@graph\":[{\"@type\":\"Article\",\"@id\":\"https:\/\/conversesacatalunya.cat\/es\/coronavirus-la-por-sexpandeix-contra-el-5g\/#article\",\"isPartOf\":{\"@id\":\"https:\/\/conversesacatalunya.cat\/es\/coronavirus-la-por-sexpandeix-contra-el-5g\/\"},\"author\":{\"name\":\"conversesacatalunya\",\"@id\":\"https:\/\/conversesacatalunya.cat\/#\/schema\/person\/a7a9496a363cd9847daf7cd659d92e64\"},\"headline\":\"Coronavirus: el miedo se expande contra el 5G\",\"datePublished\":\"2020-05-18T04:00:29+00:00\",\"dateModified\":\"2020-05-18T09:51:59+00:00\",\"mainEntityOfPage\":{\"@id\":\"https:\/\/conversesacatalunya.cat\/es\/coronavirus-la-por-sexpandeix-contra-el-5g\/\"},\"wordCount\":557,\"commentCount\":0,\"image\":{\"@id\":\"https:\/\/conversesacatalunya.cat\/es\/coronavirus-la-por-sexpandeix-contra-el-5g\/#primaryimage\"},\"thumbnailUrl\":\"https:\/\/conversesacatalunya.cat\/wp-content\/uploads\/2020\/05\/Capture-6.png\",\"keywords\":[\"Covid-19\"],\"articleSection\":[\"Especial Coronavirus (ES)\",\"Punts clau del dia (ES)\"],\"inLanguage\":\"es\",\"potentialAction\":[{\"@type\":\"CommentAction\",\"name\":\"Comment\",\"target\":[\"https:\/\/conversesacatalunya.cat\/es\/coronavirus-la-por-sexpandeix-contra-el-5g\/#respond\"]}]},{\"@type\":\"WebPage\",\"@id\":\"https:\/\/conversesacatalunya.cat\/es\/coronavirus-la-por-sexpandeix-contra-el-5g\/\",\"url\":\"https:\/\/conversesacatalunya.cat\/es\/coronavirus-la-por-sexpandeix-contra-el-5g\/\",\"name\":\"Coronavirus: el miedo se expande contra el 5G - Converses a Catalunya\",\"isPartOf\":{\"@id\":\"https:\/\/conversesacatalunya.cat\/#website\"},\"primaryImageOfPage\":{\"@id\":\"https:\/\/conversesacatalunya.cat\/es\/coronavirus-la-por-sexpandeix-contra-el-5g\/#primaryimage\"},\"image\":{\"@id\":\"https:\/\/conversesacatalunya.cat\/es\/coronavirus-la-por-sexpandeix-contra-el-5g\/#primaryimage\"},\"thumbnailUrl\":\"https:\/\/conversesacatalunya.cat\/wp-content\/uploads\/2020\/05\/Capture-6.png\",\"datePublished\":\"2020-05-18T04:00:29+00:00\",\"dateModified\":\"2020-05-18T09:51:59+00:00\",\"author\":{\"@id\":\"https:\/\/conversesacatalunya.cat\/#\/schema\/person\/a7a9496a363cd9847daf7cd659d92e64\"},\"description\":\"Al igual que el Coronavirus, el miedo contra la tecnolog\u00eda 5G se ha expandido r\u00e1pidamente por los rumores que la vinculan con la propagaci\u00f3n del virus\",\"breadcrumb\":{\"@id\":\"https:\/\/conversesacatalunya.cat\/es\/coronavirus-la-por-sexpandeix-contra-el-5g\/#breadcrumb\"},\"inLanguage\":\"es\",\"potentialAction\":[{\"@type\":\"ReadAction\",\"target\":[\"https:\/\/conversesacatalunya.cat\/es\/coronavirus-la-por-sexpandeix-contra-el-5g\/\"]}]},{\"@type\":\"ImageObject\",\"inLanguage\":\"es\",\"@id\":\"https:\/\/conversesacatalunya.cat\/es\/coronavirus-la-por-sexpandeix-contra-el-5g\/#primaryimage\",\"url\":\"https:\/\/conversesacatalunya.cat\/wp-content\/uploads\/2020\/05\/Capture-6.png\",\"contentUrl\":\"https:\/\/conversesacatalunya.cat\/wp-content\/uploads\/2020\/05\/Capture-6.png\",\"width\":911,\"height\":609,\"caption\":\"5G\"},{\"@type\":\"BreadcrumbList\",\"@id\":\"https:\/\/conversesacatalunya.cat\/es\/coronavirus-la-por-sexpandeix-contra-el-5g\/#breadcrumb\",\"itemListElement\":[{\"@type\":\"ListItem\",\"position\":1,\"name\":\"Inici\",\"item\":\"https:\/\/conversesacatalunya.cat\/es\/\"},{\"@type\":\"ListItem\",\"position\":2,\"name\":\"Coronavirus: el miedo se expande contra el 5G\"}]},{\"@type\":\"WebSite\",\"@id\":\"https:\/\/conversesacatalunya.cat\/#website\",\"url\":\"https:\/\/conversesacatalunya.cat\/\",\"name\":\"Converses a Catalunya\",\"description\":\"\",\"potentialAction\":[{\"@type\":\"SearchAction\",\"target\":{\"@type\":\"EntryPoint\",\"urlTemplate\":\"https:\/\/conversesacatalunya.cat\/?s={search_term_string}\"},\"query-input\":{\"@type\":\"PropertyValueSpecification\",\"valueRequired\":true,\"valueName\":\"search_term_string\"}}],\"inLanguage\":\"es\"},{\"@type\":\"Person\",\"@id\":\"https:\/\/conversesacatalunya.cat\/#\/schema\/person\/a7a9496a363cd9847daf7cd659d92e64\",\"name\":\"conversesacatalunya\",\"image\":{\"@type\":\"ImageObject\",\"inLanguage\":\"es\",\"@id\":\"https:\/\/conversesacatalunya.cat\/#\/schema\/person\/image\/\",\"url\":\"https:\/\/conversesacatalunya.cat\/wp-content\/litespeed\/avatar\/ff91582b44ff9c880dc9c5ac2f5c7e89.jpg?ver=1777372947\",\"contentUrl\":\"https:\/\/conversesacatalunya.cat\/wp-content\/litespeed\/avatar\/ff91582b44ff9c880dc9c5ac2f5c7e89.jpg?ver=1777372947\",\"caption\":\"conversesacatalunya\"},\"url\":\"https:\/\/conversesacatalunya.cat\/es\/author\/francisco_garcia\/\"}]}<\/script>\n<!-- \/ Yoast SEO plugin. -->","yoast_head_json":{"title":"Coronavirus: el miedo se expande contra el 5G - Converses a Catalunya","description":"Al igual que el Coronavirus, el miedo contra la tecnolog\u00eda 5G se ha expandido r\u00e1pidamente por los rumores que la vinculan con la propagaci\u00f3n del virus","robots":{"index":"index","follow":"follow","max-snippet":"max-snippet:-1","max-image-preview":"max-image-preview:large","max-video-preview":"max-video-preview:-1"},"canonical":"https:\/\/conversesacatalunya.cat\/es\/coronavirus-la-por-sexpandeix-contra-el-5g\/","og_locale":"es_ES","og_type":"article","og_title":"Coronavirus: el miedo se expande contra el 5G - Converses a Catalunya","og_description":"Al igual que el Coronavirus, el miedo contra la tecnolog\u00eda 5G se ha expandido r\u00e1pidamente por los rumores que la vinculan con la propagaci\u00f3n del virus","og_url":"https:\/\/conversesacatalunya.cat\/es\/coronavirus-la-por-sexpandeix-contra-el-5g\/","og_site_name":"Converses a Catalunya","article_published_time":"2020-05-18T04:00:29+00:00","article_modified_time":"2020-05-18T09:51:59+00:00","og_image":[{"width":911,"height":609,"url":"https:\/\/conversesacatalunya.cat\/wp-content\/uploads\/2020\/05\/Capture-6.png","type":"image\/png"}],"author":"conversesacatalunya","twitter_card":"summary_large_image","twitter_misc":{"Escrito por":"conversesacatalunya","Tiempo de lectura":"3 minutos"},"schema":{"@context":"https:\/\/schema.org","@graph":[{"@type":"Article","@id":"https:\/\/conversesacatalunya.cat\/es\/coronavirus-la-por-sexpandeix-contra-el-5g\/#article","isPartOf":{"@id":"https:\/\/conversesacatalunya.cat\/es\/coronavirus-la-por-sexpandeix-contra-el-5g\/"},"author":{"name":"conversesacatalunya","@id":"https:\/\/conversesacatalunya.cat\/#\/schema\/person\/a7a9496a363cd9847daf7cd659d92e64"},"headline":"Coronavirus: el miedo se expande contra el 5G","datePublished":"2020-05-18T04:00:29+00:00","dateModified":"2020-05-18T09:51:59+00:00","mainEntityOfPage":{"@id":"https:\/\/conversesacatalunya.cat\/es\/coronavirus-la-por-sexpandeix-contra-el-5g\/"},"wordCount":557,"commentCount":0,"image":{"@id":"https:\/\/conversesacatalunya.cat\/es\/coronavirus-la-por-sexpandeix-contra-el-5g\/#primaryimage"},"thumbnailUrl":"https:\/\/conversesacatalunya.cat\/wp-content\/uploads\/2020\/05\/Capture-6.png","keywords":["Covid-19"],"articleSection":["Especial Coronavirus (ES)","Punts clau del dia (ES)"],"inLanguage":"es","potentialAction":[{"@type":"CommentAction","name":"Comment","target":["https:\/\/conversesacatalunya.cat\/es\/coronavirus-la-por-sexpandeix-contra-el-5g\/#respond"]}]},{"@type":"WebPage","@id":"https:\/\/conversesacatalunya.cat\/es\/coronavirus-la-por-sexpandeix-contra-el-5g\/","url":"https:\/\/conversesacatalunya.cat\/es\/coronavirus-la-por-sexpandeix-contra-el-5g\/","name":"Coronavirus: el miedo se expande contra el 5G - Converses a Catalunya","isPartOf":{"@id":"https:\/\/conversesacatalunya.cat\/#website"},"primaryImageOfPage":{"@id":"https:\/\/conversesacatalunya.cat\/es\/coronavirus-la-por-sexpandeix-contra-el-5g\/#primaryimage"},"image":{"@id":"https:\/\/conversesacatalunya.cat\/es\/coronavirus-la-por-sexpandeix-contra-el-5g\/#primaryimage"},"thumbnailUrl":"https:\/\/conversesacatalunya.cat\/wp-content\/uploads\/2020\/05\/Capture-6.png","datePublished":"2020-05-18T04:00:29+00:00","dateModified":"2020-05-18T09:51:59+00:00","author":{"@id":"https:\/\/conversesacatalunya.cat\/#\/schema\/person\/a7a9496a363cd9847daf7cd659d92e64"},"description":"Al igual que el Coronavirus, el miedo contra la tecnolog\u00eda 5G se ha expandido r\u00e1pidamente por los rumores que la vinculan con la propagaci\u00f3n del virus","breadcrumb":{"@id":"https:\/\/conversesacatalunya.cat\/es\/coronavirus-la-por-sexpandeix-contra-el-5g\/#breadcrumb"},"inLanguage":"es","potentialAction":[{"@type":"ReadAction","target":["https:\/\/conversesacatalunya.cat\/es\/coronavirus-la-por-sexpandeix-contra-el-5g\/"]}]},{"@type":"ImageObject","inLanguage":"es","@id":"https:\/\/conversesacatalunya.cat\/es\/coronavirus-la-por-sexpandeix-contra-el-5g\/#primaryimage","url":"https:\/\/conversesacatalunya.cat\/wp-content\/uploads\/2020\/05\/Capture-6.png","contentUrl":"https:\/\/conversesacatalunya.cat\/wp-content\/uploads\/2020\/05\/Capture-6.png","width":911,"height":609,"caption":"5G"},{"@type":"BreadcrumbList","@id":"https:\/\/conversesacatalunya.cat\/es\/coronavirus-la-por-sexpandeix-contra-el-5g\/#breadcrumb","itemListElement":[{"@type":"ListItem","position":1,"name":"Inici","item":"https:\/\/conversesacatalunya.cat\/es\/"},{"@type":"ListItem","position":2,"name":"Coronavirus: el miedo se expande contra el 5G"}]},{"@type":"WebSite","@id":"https:\/\/conversesacatalunya.cat\/#website","url":"https:\/\/conversesacatalunya.cat\/","name":"Converses a Catalunya","description":"","potentialAction":[{"@type":"SearchAction","target":{"@type":"EntryPoint","urlTemplate":"https:\/\/conversesacatalunya.cat\/?s={search_term_string}"},"query-input":{"@type":"PropertyValueSpecification","valueRequired":true,"valueName":"search_term_string"}}],"inLanguage":"es"},{"@type":"Person","@id":"https:\/\/conversesacatalunya.cat\/#\/schema\/person\/a7a9496a363cd9847daf7cd659d92e64","name":"conversesacatalunya","image":{"@type":"ImageObject","inLanguage":"es","@id":"https:\/\/conversesacatalunya.cat\/#\/schema\/person\/image\/","url":"https:\/\/conversesacatalunya.cat\/wp-content\/litespeed\/avatar\/ff91582b44ff9c880dc9c5ac2f5c7e89.jpg?ver=1777372947","contentUrl":"https:\/\/conversesacatalunya.cat\/wp-content\/litespeed\/avatar\/ff91582b44ff9c880dc9c5ac2f5c7e89.jpg?ver=1777372947","caption":"conversesacatalunya"},"url":"https:\/\/conversesacatalunya.cat\/es\/author\/francisco_garcia\/"}]}},"wps_subtitle":"Al igual que el Coronavirus, el miedo contra la tecnolog\u00eda 5G se ha expandido r\u00e1pidamente por los rumores que la vinculan con la propagaci\u00f3n del virus","_links":{"self":[{"href":"https:\/\/conversesacatalunya.cat\/es\/wp-json\/wp\/v2\/posts\/36220","targetHints":{"allow":["GET"]}}],"collection":[{"href":"https:\/\/conversesacatalunya.cat\/es\/wp-json\/wp\/v2\/posts"}],"about":[{"href":"https:\/\/conversesacatalunya.cat\/es\/wp-json\/wp\/v2\/types\/post"}],"author":[{"embeddable":true,"href":"https:\/\/conversesacatalunya.cat\/es\/wp-json\/wp\/v2\/users\/20"}],"replies":[{"embeddable":true,"href":"https:\/\/conversesacatalunya.cat\/es\/wp-json\/wp\/v2\/comments?post=36220"}],"version-history":[{"count":2,"href":"https:\/\/conversesacatalunya.cat\/es\/wp-json\/wp\/v2\/posts\/36220\/revisions"}],"predecessor-version":[{"id":36226,"href":"https:\/\/conversesacatalunya.cat\/es\/wp-json\/wp\/v2\/posts\/36220\/revisions\/36226"}],"wp:featuredmedia":[{"embeddable":true,"href":"https:\/\/conversesacatalunya.cat\/es\/wp-json\/wp\/v2\/media\/36202"}],"wp:attachment":[{"href":"https:\/\/conversesacatalunya.cat\/es\/wp-json\/wp\/v2\/media?parent=36220"}],"wp:term":[{"taxonomy":"category","embeddable":true,"href":"https:\/\/conversesacatalunya.cat\/es\/wp-json\/wp\/v2\/categories?post=36220"},{"taxonomy":"post_tag","embeddable":true,"href":"https:\/\/conversesacatalunya.cat\/es\/wp-json\/wp\/v2\/tags?post=36220"}],"curies":[{"name":"wp","href":"https:\/\/api.w.org\/{rel}","templated":true}]}}