{"id":36175,"date":"2020-05-15T12:29:57","date_gmt":"2020-05-15T10:29:57","guid":{"rendered":"https:\/\/conversesacatalunya.cat\/ball-de-xifres-baixa-immunitat-pero-molts-morts\/"},"modified":"2020-05-15T12:51:54","modified_gmt":"2020-05-15T10:51:54","slug":"baile-de-cifras-baja-inmunidad-pero-muchos-muertos","status":"publish","type":"post","link":"https:\/\/conversesacatalunya.cat\/es\/baile-de-cifras-baja-inmunidad-pero-muchos-muertos\/","title":{"rendered":"Baile de cifras. Baja inmunidad, pero muchos muertos"},"content":{"rendered":"<p>El dato se ha hecho p\u00fablico y aunque los responsables del estudio consideran que era previsible, no deja de ser preocupante: si posteriores aportaciones no lo rectifican, <strong>s\u00f3lo el 5% de la poblaci\u00f3n<\/strong> estar\u00eda inmunizada; como mucho 2,5 millones de habitantes. Al otro lado de la ecuaci\u00f3n, los muertos: <strong>27.000<\/strong>. Y el resultado es una regla de tres contundente. Si con 2,5 millones de infectados hemos alcanzado esa cifra de defunciones, \u00bfqu\u00e9 pasar\u00e1 cuando la <strong>inmunidad sea del 10%<\/strong>?<\/p>\n<p>Con las cifras actuales, est\u00e1 claro que la mortalidad se sit\u00faa un poco por encima del<strong> 1% de la poblaci\u00f3n<\/strong> que ha pasado la enfermedad. Es una cifra claramente menor que la que apareci\u00f3 publicada a partir de una revisi\u00f3n de 120.000 casos diagnosticados de Covid-19, que situaban la mortalidad en el 4%. Es una buena noticia que sea m\u00e1s peque\u00f1a, pero hay que observar unos hechos adicionales.<\/p>\n<p>El primero es que la cifra real es mucho m\u00e1s alta, dado que en <strong>aquellos 27.000<\/strong> no est\u00e1n incorporados los muertos en las residencias, que son muchos, tal vez 13.000, aunque el gobierno sigue sin dar informaci\u00f3n sobre este punto. A estos habr\u00eda que a\u00f1adir los que han muerto en su casa para que no fueron trasladados al hospital y que pr\u00e1cticamente corresponden a personas mayores. Y a\u00fan quedar\u00eda un tercer componente formado por los muertos colaterales; es decir, aquellos afectados por otras patolog\u00edas y que el Covid-19 impidi\u00f3 que recibieran la asistencia necesaria.<\/p>\n<p>Todo ello hace que aquella cifra de 27.000 pueda crecer mucho. Por ejemplo, seg\u00fan los datos que han sido reclamados por los tribunales superiores de justicia de las dos Castillas, las muertes registradas en Castilla y Le\u00f3n son un<strong> 107%<\/strong> y las de Castilla-La Mancha un<strong> 85%<\/strong> m\u00e1s altas que la cifra oficial. Estos dos casos concretos no tienen por qu\u00e9 extrapolarse al conjunto de Espa\u00f1a, pero s\u00ed avalan, como una hip\u00f3tesis razonable, considerar que la cifra de muertos es un 60% m\u00e1s alta que la oficial, lo que nos situar\u00eda en torno o un poco por encima de los <strong>40.000 muertos<\/strong> y la mortalidad crecer\u00eda con la misma proporci\u00f3n y tender\u00eda a acercarse al<strong> 2%.<\/strong><\/p>\n<span class='bctt-click-to-tweet'><span class='bctt-ctt-text'><a href='https:\/\/twitter.com\/intent\/tweet?url=https%3A%2F%2Fconversesacatalunya.cat%2Fes%2Fbaile-de-cifras-baja-inmunidad-pero-muchos-muertos%2F&#038;text=Si%20posteriores%20aportaciones%20no%20lo%20rectifican%2C%20s%C3%B3lo%20el%205%25%20de%20la%20poblaci%C3%B3n%20estar%C3%ADa%20inmunizada%3B%20como%20mucho%202%2C5%20millones%20de%20habitantes&#038;via=conversesacat&#038;related=conversesacat' target='_blank'rel=\"noopener noreferrer\">Si posteriores aportaciones no lo rectifican, s\u00f3lo el 5% de la poblaci\u00f3n estar\u00eda inmunizada; como mucho 2,5 millones de habitantes <\/a><\/span><a href='https:\/\/twitter.com\/intent\/tweet?url=https%3A%2F%2Fconversesacatalunya.cat%2Fes%2Fbaile-de-cifras-baja-inmunidad-pero-muchos-muertos%2F&#038;text=Si%20posteriores%20aportaciones%20no%20lo%20rectifican%2C%20s%C3%B3lo%20el%205%25%20de%20la%20poblaci%C3%B3n%20estar%C3%ADa%20inmunizada%3B%20como%20mucho%202%2C5%20millones%20de%20habitantes&#038;via=conversesacat&#038;related=conversesacat' target='_blank' class='bctt-ctt-btn'rel=\"noopener noreferrer\">Compartir en X<\/a><\/span>\n<p><span title=\"\">Los<\/span> <span title=\"\">futuros<\/span> <span title=\"\">contagios<\/span> <span title=\"\">no tienen<\/span> <span title=\"\">por qu\u00e9<\/span> <span title=\"\">presentar<\/span> <span title=\"\">una relaci\u00f3n<\/span> <span title=\"\">de la misma<\/span> <span title=\"\">magnitud.<\/span> <span title=\"\">Con<\/span> <span title=\"\">certeza<\/span> <strong><span title=\"\">ser\u00e1n<\/span> <span title=\"\">menores<\/span><\/strong><span title=\"\">.<\/span> <span title=\"\">Primero porque<\/span> <span title=\"\">previsiblemente<\/span> <span title=\"\">la asistencia a los<\/span> <span title=\"\">cr\u00edticos<\/span> <span title=\"\">y<\/span> <span title=\"\">en la UCI<\/span> <span title=\"\">ser\u00e1 m\u00e1s<\/span> <span title=\"\">desahogada<\/span> <span title=\"\">y contar\u00e1<\/span> <span title=\"\">con m\u00e1s<\/span> <span title=\"\">medios.<\/span> <span title=\"\">Tambi\u00e9n<\/span> <span title=\"\">porque no se<\/span> <span title=\"\">producir\u00e1n<\/span> <span title=\"\">situaciones como<\/span> <span title=\"\">las de los<\/span> <span title=\"\">muertos en las<\/span> <span title=\"\">residencias<\/span> <span title=\"\">y<\/span> <span title=\"\">en casa, y<\/span> <span title=\"\">tambi\u00e9n ser\u00e1n<\/span> <span title=\"\">muy<\/span> <span title=\"\">inferiores<\/span> <span title=\"\">las restricciones<\/span> <span title=\"\">sobre los<\/span> <span title=\"\">enfermos de otras<\/span> <span title=\"\">patolog\u00edas<\/span><span title=\"\">, y por tanto<\/span> <span title=\"\">mejorar\u00e1<\/span> <span title=\"\">su<\/span> <span title=\"\">tasa<\/span> <span title=\"\">de defunciones<\/span><span title=\"\">.<\/span> <span title=\"\">Sin embargo,<\/span> <span title=\"\">doblar la cifra<\/span> <span title=\"\">de contagiados<\/span> <span title=\"\">y<\/span> <span title=\"\">alcanzar<\/span> <span title=\"\">el 10%<\/span> <span title=\"\">podr\u00eda reportar<\/span> <strong><span title=\"\">no menos<\/span> <span title=\"\">de 20.000<\/span> <span title=\"\">nuevas<\/span> <span title=\"\">defunciones<\/span> <\/strong><span title=\"\">entre<\/span> <span title=\"\">ahora y<\/span> <span title=\"\">el mes de enero<\/span><span title=\"\">.<\/span><\/p>\n<p><span title=\"\">Este es<\/span> <span title=\"\">el panorama<\/span> <span title=\"\">que exige<\/span> <span title=\"\">por parte de las<\/span> <span title=\"\">administraciones p\u00fablicas<\/span> <span title=\"\">una respuesta<\/span> <span title=\"\">mucho m\u00e1s<\/span> <span title=\"\">eficaz<\/span> <span title=\"\">y precisa<\/span> <span title=\"\">que<\/span> <span title=\"\">las aportadas hasta<\/span> <span title=\"\">ahora, si<\/span> <span title=\"\">no se quiere<\/span> <span title=\"\">que el a\u00f1o<\/span> <span title=\"\">termine<\/span> <span title=\"\">con<\/span> <strong><span title=\"\">50.000<\/span> <span title=\"\">o<\/span> <span title=\"\">60.000<\/span> <span title=\"\">muertes<\/span> <\/strong><span title=\"\"><strong>reales<\/strong>.<\/span><\/p>\n<p style=\"text-align: center;\">M\u00e1s informaci\u00f3n en <a href=\"https:\/\/conversesacatalunya.cat\/es\/coronavirus\/\"><strong>ESPECIAL CORONAVIRUS<\/strong><\/a><\/p>\n<div id=\"polls-50\" class=\"wp-polls\">\n\t<form id=\"polls_form_50\" class=\"wp-polls-form\" action=\"\/index.php\" method=\"post\">\n\t\t<p style=\"display: none;\"><input type=\"hidden\" id=\"poll_50_nonce\" name=\"wp-polls-nonce\" value=\"cd552ddaae\" \/><\/p>\n\t\t<p style=\"display: none;\"><input type=\"hidden\" name=\"poll_id\" value=\"50\" \/><\/p>\n\t\t<p style=\"text-align: center\"><strong>Creus que la Generalitat de Catalunya \u00e9s responsable del mal tracte donat a les resid\u00e8ncies de gent gran?<\/strong><\/p><div id=\"polls-50-ans\" class=\"wp-polls-ans\"><ul class=\"wp-polls-ul\">\n\t\t<li><input type=\"radio\" id=\"poll-answer-106\" name=\"poll_50\" value=\"106\" \/> <label for=\"poll-answer-106\">Si<\/label><\/li>\n\t\t<li><input type=\"radio\" id=\"poll-answer-107\" name=\"poll_50\" value=\"107\" \/> <label for=\"poll-answer-107\">No<\/label><\/li>\n\t\t<\/ul><p style=\"text-align: center\"><input type=\"button\" name=\"vote\" value=\"   Vota   \" class=\"Buttons\" onclick=\"poll_vote(50);\" \/><\/p><p style=\"text-align: center\"><a href=\"#ViewPollResults\" onclick=\"poll_result(50); return false;\" title=\"View Results Of This Poll\">Mira els resultats<\/a><\/p><\/div>\n\t<\/form>\n<\/div>\n<div id=\"polls-50-loading\" class=\"wp-polls-loading\"><img decoding=\"async\" data-src=\"https:\/\/conversesacatalunya.cat\/wp-content\/plugins\/wp-polls\/images\/loading.gif\" width=\"16\" height=\"16\" alt=\"Cargando ...\" title=\"Cargando ...\" class=\"wp-polls-image lazyload\" src=\"data:image\/svg+xml;base64,PHN2ZyB3aWR0aD0iMSIgaGVpZ2h0PSIxIiB4bWxucz0iaHR0cDovL3d3dy53My5vcmcvMjAwMC9zdmciPjwvc3ZnPg==\" style=\"--smush-placeholder-width: 16px; --smush-placeholder-aspect-ratio: 16\/16;\" \/>&nbsp;Cargando ...<\/div>\n\n","protected":false},"excerpt":{"rendered":"<p>El dato se ha hecho p\u00fablico y aunque los responsables del estudio consideran que era previsible, no deja de ser preocupante: si posteriores aportaciones no lo rectifican, s\u00f3lo el 5% de la poblaci\u00f3n estar\u00eda inmunizada; como mucho 2,5 millones de habitantes. Al otro lado de la ecuaci\u00f3n, los muertos: 27.000. Y el resultado es una regla de tres contundente. Si con 2,5 millones de infectados hemos alcanzado esa cifra de defunciones, \u00bfqu\u00e9 pasar\u00e1 cuando la inmunidad sea del 10%? Con las cifras actuales, est\u00e1 claro que la mortalidad se sit\u00faa un poco por encima del 1% de la poblaci\u00f3n que ha pasado la enfermedad. Es una cifra claramente menor que la que apareci\u00f3 publicada a partir de una revisi\u00f3n de 120.000 casos diagnosticados de Covid-19, que situaban la mortalidad en el 4%. Es una buena noticia que sea m\u00e1s peque\u00f1a, pero hay que observar unos hechos adicionales. El primero es que la cifra real es mucho m\u00e1s alta, dado que en aquellos 27.000 no est\u00e1n incorporados los muertos en las residencias, que son muchos, tal vez 13.000, aunque el gobierno sigue sin dar informaci\u00f3n sobre este punto. A estos habr\u00eda que a\u00f1adir los que han muerto en su casa para que no fueron trasladados al hospital y que pr\u00e1cticamente corresponden a personas mayores. Y a\u00fan quedar\u00eda un tercer componente formado por los muertos colaterales; es decir, aquellos afectados por otras patolog\u00edas y que el Covid-19 impidi\u00f3 que recibieran la asistencia necesaria. Todo ello hace que aquella cifra de 27.000 pueda crecer mucho. Por ejemplo, seg\u00fan los datos que han sido reclamados por los tribunales superiores de justicia de las dos Castillas, las muertes registradas en Castilla y Le\u00f3n son un 107% y las de Castilla-La Mancha un 85% m\u00e1s altas que la cifra oficial. Estos dos casos concretos no tienen por qu\u00e9 extrapolarse al conjunto de Espa\u00f1a, pero s\u00ed avalan, como una hip\u00f3tesis razonable, considerar que la cifra de muertos es un 60% m\u00e1s alta que la oficial, lo que nos situar\u00eda en torno o un poco por encima de los 40.000 muertos y la mortalidad crecer\u00eda con la misma proporci\u00f3n y tender\u00eda a acercarse al 2%. Los futuros contagios no tienen por qu\u00e9 presentar una relaci\u00f3n de la misma magnitud. Con certeza ser\u00e1n menores. Primero porque previsiblemente la asistencia a los cr\u00edticos y en la UCI ser\u00e1 m\u00e1s desahogada y contar\u00e1 con m\u00e1s medios. Tambi\u00e9n porque no se producir\u00e1n situaciones como las de los muertos en las residencias y en casa, y tambi\u00e9n ser\u00e1n muy inferiores las restricciones sobre los enfermos de otras patolog\u00edas, y por tanto mejorar\u00e1 su tasa de defunciones. Sin embargo, doblar la cifra de contagiados y alcanzar el 10% podr\u00eda reportar no menos de 20.000 nuevas defunciones entre ahora y el mes de enero. Este es el panorama que exige por parte de las administraciones p\u00fablicas una respuesta mucho m\u00e1s eficaz y precisa que las aportadas hasta ahora, si no se quiere que el a\u00f1o termine con 50.000 o 60.000 muertes reales. M\u00e1s informaci\u00f3n en ESPECIAL CORONAVIRUS<\/p>\n","protected":false},"author":2,"featured_media":36154,"comment_status":"open","ping_status":"open","sticky":false,"template":"","format":"standard","meta":{"_FSMCFIC_featured_image_caption":"","_FSMCFIC_featured_image_nocaption":"","_FSMCFIC_featured_image_hide":"","footnotes":""},"categories":[1772,806],"tags":[1504],"class_list":["post-36175","post","type-post","status-publish","format-standard","has-post-thumbnail","hentry","category-especial-coronavirus-es","category-punts-claus-del-dia-es","tag-coronavirus-es"],"yoast_head":"<!-- This site is optimized with the Yoast SEO plugin v26.8 - https:\/\/yoast.com\/product\/yoast-seo-wordpress\/ -->\n<title>Baile de cifras. Baja inmunidad, pero muchos muertos - Converses a Catalunya<\/title>\n<meta name=\"robots\" content=\"index, follow, max-snippet:-1, max-image-preview:large, max-video-preview:-1\" \/>\n<link rel=\"canonical\" href=\"https:\/\/conversesacatalunya.cat\/es\/baile-de-cifras-baja-inmunidad-pero-muchos-muertos\/\" \/>\n<meta property=\"og:locale\" content=\"es_ES\" \/>\n<meta property=\"og:type\" content=\"article\" \/>\n<meta property=\"og:title\" content=\"Baile de cifras. Baja inmunidad, pero muchos muertos - Converses a Catalunya\" \/>\n<meta property=\"og:description\" content=\"El dato se ha hecho p\u00fablico y aunque los responsables del estudio consideran que era previsible, no deja de ser preocupante: si posteriores aportaciones no lo rectifican, s\u00f3lo el 5% de la poblaci\u00f3n estar\u00eda inmunizada; como mucho 2,5 millones de habitantes. Al otro lado de la ecuaci\u00f3n, los muertos: 27.000. Y el resultado es una regla de tres contundente. Si con 2,5 millones de infectados hemos alcanzado esa cifra de defunciones, \u00bfqu\u00e9 pasar\u00e1 cuando la inmunidad sea del 10%? Con las cifras actuales, est\u00e1 claro que la mortalidad se sit\u00faa un poco por encima del 1% de la poblaci\u00f3n que ha pasado la enfermedad. Es una cifra claramente menor que la que apareci\u00f3 publicada a partir de una revisi\u00f3n de 120.000 casos diagnosticados de Covid-19, que situaban la mortalidad en el 4%. Es una buena noticia que sea m\u00e1s peque\u00f1a, pero hay que observar unos hechos adicionales. El primero es que la cifra real es mucho m\u00e1s alta, dado que en aquellos 27.000 no est\u00e1n incorporados los muertos en las residencias, que son muchos, tal vez 13.000, aunque el gobierno sigue sin dar informaci\u00f3n sobre este punto. A estos habr\u00eda que a\u00f1adir los que han muerto en su casa para que no fueron trasladados al hospital y que pr\u00e1cticamente corresponden a personas mayores. Y a\u00fan quedar\u00eda un tercer componente formado por los muertos colaterales; es decir, aquellos afectados por otras patolog\u00edas y que el Covid-19 impidi\u00f3 que recibieran la asistencia necesaria. Todo ello hace que aquella cifra de 27.000 pueda crecer mucho. Por ejemplo, seg\u00fan los datos que han sido reclamados por los tribunales superiores de justicia de las dos Castillas, las muertes registradas en Castilla y Le\u00f3n son un 107% y las de Castilla-La Mancha un 85% m\u00e1s altas que la cifra oficial. Estos dos casos concretos no tienen por qu\u00e9 extrapolarse al conjunto de Espa\u00f1a, pero s\u00ed avalan, como una hip\u00f3tesis razonable, considerar que la cifra de muertos es un 60% m\u00e1s alta que la oficial, lo que nos situar\u00eda en torno o un poco por encima de los 40.000 muertos y la mortalidad crecer\u00eda con la misma proporci\u00f3n y tender\u00eda a acercarse al 2%. Los futuros contagios no tienen por qu\u00e9 presentar una relaci\u00f3n de la misma magnitud. Con certeza ser\u00e1n menores. Primero porque previsiblemente la asistencia a los cr\u00edticos y en la UCI ser\u00e1 m\u00e1s desahogada y contar\u00e1 con m\u00e1s medios. Tambi\u00e9n porque no se producir\u00e1n situaciones como las de los muertos en las residencias y en casa, y tambi\u00e9n ser\u00e1n muy inferiores las restricciones sobre los enfermos de otras patolog\u00edas, y por tanto mejorar\u00e1 su tasa de defunciones. Sin embargo, doblar la cifra de contagiados y alcanzar el 10% podr\u00eda reportar no menos de 20.000 nuevas defunciones entre ahora y el mes de enero. Este es el panorama que exige por parte de las administraciones p\u00fablicas una respuesta mucho m\u00e1s eficaz y precisa que las aportadas hasta ahora, si no se quiere que el a\u00f1o termine con 50.000 o 60.000 muertes reales. M\u00e1s informaci\u00f3n en ESPECIAL CORONAVIRUS\" \/>\n<meta property=\"og:url\" content=\"https:\/\/conversesacatalunya.cat\/es\/baile-de-cifras-baja-inmunidad-pero-muchos-muertos\/\" \/>\n<meta property=\"og:site_name\" content=\"Converses a Catalunya\" \/>\n<meta property=\"article:published_time\" content=\"2020-05-15T10:29:57+00:00\" \/>\n<meta property=\"article:modified_time\" content=\"2020-05-15T10:51:54+00:00\" \/>\n<meta property=\"og:image\" content=\"https:\/\/conversesacatalunya.cat\/wp-content\/uploads\/2020\/05\/immunitat.jpeg\" \/>\n\t<meta property=\"og:image:width\" content=\"656\" \/>\n\t<meta property=\"og:image:height\" content=\"370\" \/>\n\t<meta property=\"og:image:type\" content=\"image\/jpeg\" \/>\n<meta name=\"author\" content=\"conversesacatalunya\" \/>\n<meta name=\"twitter:card\" content=\"summary_large_image\" \/>\n<meta name=\"twitter:label1\" content=\"Escrito por\" \/>\n\t<meta name=\"twitter:data1\" content=\"conversesacatalunya\" \/>\n\t<meta name=\"twitter:label2\" content=\"Tiempo de lectura\" \/>\n\t<meta name=\"twitter:data2\" content=\"3 minutos\" \/>\n<script type=\"application\/ld+json\" class=\"yoast-schema-graph\">{\"@context\":\"https:\/\/schema.org\",\"@graph\":[{\"@type\":\"Article\",\"@id\":\"https:\/\/conversesacatalunya.cat\/es\/baile-de-cifras-baja-inmunidad-pero-muchos-muertos\/#article\",\"isPartOf\":{\"@id\":\"https:\/\/conversesacatalunya.cat\/es\/baile-de-cifras-baja-inmunidad-pero-muchos-muertos\/\"},\"author\":{\"name\":\"conversesacatalunya\",\"@id\":\"https:\/\/conversesacatalunya.cat\/#\/schema\/person\/7e24d1e54a2785373ddcb275eae5ed99\"},\"headline\":\"Baile de cifras. Baja inmunidad, pero muchos muertos\",\"datePublished\":\"2020-05-15T10:29:57+00:00\",\"dateModified\":\"2020-05-15T10:51:54+00:00\",\"mainEntityOfPage\":{\"@id\":\"https:\/\/conversesacatalunya.cat\/es\/baile-de-cifras-baja-inmunidad-pero-muchos-muertos\/\"},\"wordCount\":562,\"commentCount\":0,\"image\":{\"@id\":\"https:\/\/conversesacatalunya.cat\/es\/baile-de-cifras-baja-inmunidad-pero-muchos-muertos\/#primaryimage\"},\"thumbnailUrl\":\"https:\/\/conversesacatalunya.cat\/wp-content\/uploads\/2020\/05\/immunitat.jpeg\",\"keywords\":[\"coronavirus\"],\"articleSection\":[\"Especial Coronavirus (ES)\",\"Punts clau del dia (ES)\"],\"inLanguage\":\"es\",\"potentialAction\":[{\"@type\":\"CommentAction\",\"name\":\"Comment\",\"target\":[\"https:\/\/conversesacatalunya.cat\/es\/baile-de-cifras-baja-inmunidad-pero-muchos-muertos\/#respond\"]}]},{\"@type\":\"WebPage\",\"@id\":\"https:\/\/conversesacatalunya.cat\/es\/baile-de-cifras-baja-inmunidad-pero-muchos-muertos\/\",\"url\":\"https:\/\/conversesacatalunya.cat\/es\/baile-de-cifras-baja-inmunidad-pero-muchos-muertos\/\",\"name\":\"Baile de cifras. Baja inmunidad, pero muchos muertos - Converses a Catalunya\",\"isPartOf\":{\"@id\":\"https:\/\/conversesacatalunya.cat\/#website\"},\"primaryImageOfPage\":{\"@id\":\"https:\/\/conversesacatalunya.cat\/es\/baile-de-cifras-baja-inmunidad-pero-muchos-muertos\/#primaryimage\"},\"image\":{\"@id\":\"https:\/\/conversesacatalunya.cat\/es\/baile-de-cifras-baja-inmunidad-pero-muchos-muertos\/#primaryimage\"},\"thumbnailUrl\":\"https:\/\/conversesacatalunya.cat\/wp-content\/uploads\/2020\/05\/immunitat.jpeg\",\"datePublished\":\"2020-05-15T10:29:57+00:00\",\"dateModified\":\"2020-05-15T10:51:54+00:00\",\"author\":{\"@id\":\"https:\/\/conversesacatalunya.cat\/#\/schema\/person\/7e24d1e54a2785373ddcb275eae5ed99\"},\"breadcrumb\":{\"@id\":\"https:\/\/conversesacatalunya.cat\/es\/baile-de-cifras-baja-inmunidad-pero-muchos-muertos\/#breadcrumb\"},\"inLanguage\":\"es\",\"potentialAction\":[{\"@type\":\"ReadAction\",\"target\":[\"https:\/\/conversesacatalunya.cat\/es\/baile-de-cifras-baja-inmunidad-pero-muchos-muertos\/\"]}]},{\"@type\":\"ImageObject\",\"inLanguage\":\"es\",\"@id\":\"https:\/\/conversesacatalunya.cat\/es\/baile-de-cifras-baja-inmunidad-pero-muchos-muertos\/#primaryimage\",\"url\":\"https:\/\/conversesacatalunya.cat\/wp-content\/uploads\/2020\/05\/immunitat.jpeg\",\"contentUrl\":\"https:\/\/conversesacatalunya.cat\/wp-content\/uploads\/2020\/05\/immunitat.jpeg\",\"width\":656,\"height\":370,\"caption\":\"immunitat\"},{\"@type\":\"BreadcrumbList\",\"@id\":\"https:\/\/conversesacatalunya.cat\/es\/baile-de-cifras-baja-inmunidad-pero-muchos-muertos\/#breadcrumb\",\"itemListElement\":[{\"@type\":\"ListItem\",\"position\":1,\"name\":\"Inici\",\"item\":\"https:\/\/conversesacatalunya.cat\/es\/\"},{\"@type\":\"ListItem\",\"position\":2,\"name\":\"Baile de cifras. Baja inmunidad, pero muchos muertos\"}]},{\"@type\":\"WebSite\",\"@id\":\"https:\/\/conversesacatalunya.cat\/#website\",\"url\":\"https:\/\/conversesacatalunya.cat\/\",\"name\":\"Converses a Catalunya\",\"description\":\"\",\"potentialAction\":[{\"@type\":\"SearchAction\",\"target\":{\"@type\":\"EntryPoint\",\"urlTemplate\":\"https:\/\/conversesacatalunya.cat\/?s={search_term_string}\"},\"query-input\":{\"@type\":\"PropertyValueSpecification\",\"valueRequired\":true,\"valueName\":\"search_term_string\"}}],\"inLanguage\":\"es\"},{\"@type\":\"Person\",\"@id\":\"https:\/\/conversesacatalunya.cat\/#\/schema\/person\/7e24d1e54a2785373ddcb275eae5ed99\",\"name\":\"conversesacatalunya\",\"image\":{\"@type\":\"ImageObject\",\"inLanguage\":\"es\",\"@id\":\"https:\/\/conversesacatalunya.cat\/#\/schema\/person\/image\/\",\"url\":\"https:\/\/conversesacatalunya.cat\/wp-content\/litespeed\/avatar\/febdfeeec89d950f01c748045a981dd2.jpg?ver=1777314535\",\"contentUrl\":\"https:\/\/conversesacatalunya.cat\/wp-content\/litespeed\/avatar\/febdfeeec89d950f01c748045a981dd2.jpg?ver=1777314535\",\"caption\":\"conversesacatalunya\"},\"url\":\"https:\/\/conversesacatalunya.cat\/es\/author\/carme_catala\/\"}]}<\/script>\n<!-- \/ Yoast SEO plugin. -->","yoast_head_json":{"title":"Baile de cifras. Baja inmunidad, pero muchos muertos - Converses a Catalunya","robots":{"index":"index","follow":"follow","max-snippet":"max-snippet:-1","max-image-preview":"max-image-preview:large","max-video-preview":"max-video-preview:-1"},"canonical":"https:\/\/conversesacatalunya.cat\/es\/baile-de-cifras-baja-inmunidad-pero-muchos-muertos\/","og_locale":"es_ES","og_type":"article","og_title":"Baile de cifras. Baja inmunidad, pero muchos muertos - Converses a Catalunya","og_description":"El dato se ha hecho p\u00fablico y aunque los responsables del estudio consideran que era previsible, no deja de ser preocupante: si posteriores aportaciones no lo rectifican, s\u00f3lo el 5% de la poblaci\u00f3n estar\u00eda inmunizada; como mucho 2,5 millones de habitantes. Al otro lado de la ecuaci\u00f3n, los muertos: 27.000. Y el resultado es una regla de tres contundente. Si con 2,5 millones de infectados hemos alcanzado esa cifra de defunciones, \u00bfqu\u00e9 pasar\u00e1 cuando la inmunidad sea del 10%? Con las cifras actuales, est\u00e1 claro que la mortalidad se sit\u00faa un poco por encima del 1% de la poblaci\u00f3n que ha pasado la enfermedad. Es una cifra claramente menor que la que apareci\u00f3 publicada a partir de una revisi\u00f3n de 120.000 casos diagnosticados de Covid-19, que situaban la mortalidad en el 4%. Es una buena noticia que sea m\u00e1s peque\u00f1a, pero hay que observar unos hechos adicionales. El primero es que la cifra real es mucho m\u00e1s alta, dado que en aquellos 27.000 no est\u00e1n incorporados los muertos en las residencias, que son muchos, tal vez 13.000, aunque el gobierno sigue sin dar informaci\u00f3n sobre este punto. A estos habr\u00eda que a\u00f1adir los que han muerto en su casa para que no fueron trasladados al hospital y que pr\u00e1cticamente corresponden a personas mayores. Y a\u00fan quedar\u00eda un tercer componente formado por los muertos colaterales; es decir, aquellos afectados por otras patolog\u00edas y que el Covid-19 impidi\u00f3 que recibieran la asistencia necesaria. Todo ello hace que aquella cifra de 27.000 pueda crecer mucho. Por ejemplo, seg\u00fan los datos que han sido reclamados por los tribunales superiores de justicia de las dos Castillas, las muertes registradas en Castilla y Le\u00f3n son un 107% y las de Castilla-La Mancha un 85% m\u00e1s altas que la cifra oficial. Estos dos casos concretos no tienen por qu\u00e9 extrapolarse al conjunto de Espa\u00f1a, pero s\u00ed avalan, como una hip\u00f3tesis razonable, considerar que la cifra de muertos es un 60% m\u00e1s alta que la oficial, lo que nos situar\u00eda en torno o un poco por encima de los 40.000 muertos y la mortalidad crecer\u00eda con la misma proporci\u00f3n y tender\u00eda a acercarse al 2%. Los futuros contagios no tienen por qu\u00e9 presentar una relaci\u00f3n de la misma magnitud. Con certeza ser\u00e1n menores. Primero porque previsiblemente la asistencia a los cr\u00edticos y en la UCI ser\u00e1 m\u00e1s desahogada y contar\u00e1 con m\u00e1s medios. Tambi\u00e9n porque no se producir\u00e1n situaciones como las de los muertos en las residencias y en casa, y tambi\u00e9n ser\u00e1n muy inferiores las restricciones sobre los enfermos de otras patolog\u00edas, y por tanto mejorar\u00e1 su tasa de defunciones. Sin embargo, doblar la cifra de contagiados y alcanzar el 10% podr\u00eda reportar no menos de 20.000 nuevas defunciones entre ahora y el mes de enero. Este es el panorama que exige por parte de las administraciones p\u00fablicas una respuesta mucho m\u00e1s eficaz y precisa que las aportadas hasta ahora, si no se quiere que el a\u00f1o termine con 50.000 o 60.000 muertes reales. M\u00e1s informaci\u00f3n en ESPECIAL CORONAVIRUS","og_url":"https:\/\/conversesacatalunya.cat\/es\/baile-de-cifras-baja-inmunidad-pero-muchos-muertos\/","og_site_name":"Converses a Catalunya","article_published_time":"2020-05-15T10:29:57+00:00","article_modified_time":"2020-05-15T10:51:54+00:00","og_image":[{"width":656,"height":370,"url":"https:\/\/conversesacatalunya.cat\/wp-content\/uploads\/2020\/05\/immunitat.jpeg","type":"image\/jpeg"}],"author":"conversesacatalunya","twitter_card":"summary_large_image","twitter_misc":{"Escrito por":"conversesacatalunya","Tiempo de lectura":"3 minutos"},"schema":{"@context":"https:\/\/schema.org","@graph":[{"@type":"Article","@id":"https:\/\/conversesacatalunya.cat\/es\/baile-de-cifras-baja-inmunidad-pero-muchos-muertos\/#article","isPartOf":{"@id":"https:\/\/conversesacatalunya.cat\/es\/baile-de-cifras-baja-inmunidad-pero-muchos-muertos\/"},"author":{"name":"conversesacatalunya","@id":"https:\/\/conversesacatalunya.cat\/#\/schema\/person\/7e24d1e54a2785373ddcb275eae5ed99"},"headline":"Baile de cifras. Baja inmunidad, pero muchos muertos","datePublished":"2020-05-15T10:29:57+00:00","dateModified":"2020-05-15T10:51:54+00:00","mainEntityOfPage":{"@id":"https:\/\/conversesacatalunya.cat\/es\/baile-de-cifras-baja-inmunidad-pero-muchos-muertos\/"},"wordCount":562,"commentCount":0,"image":{"@id":"https:\/\/conversesacatalunya.cat\/es\/baile-de-cifras-baja-inmunidad-pero-muchos-muertos\/#primaryimage"},"thumbnailUrl":"https:\/\/conversesacatalunya.cat\/wp-content\/uploads\/2020\/05\/immunitat.jpeg","keywords":["coronavirus"],"articleSection":["Especial Coronavirus (ES)","Punts clau del dia (ES)"],"inLanguage":"es","potentialAction":[{"@type":"CommentAction","name":"Comment","target":["https:\/\/conversesacatalunya.cat\/es\/baile-de-cifras-baja-inmunidad-pero-muchos-muertos\/#respond"]}]},{"@type":"WebPage","@id":"https:\/\/conversesacatalunya.cat\/es\/baile-de-cifras-baja-inmunidad-pero-muchos-muertos\/","url":"https:\/\/conversesacatalunya.cat\/es\/baile-de-cifras-baja-inmunidad-pero-muchos-muertos\/","name":"Baile de cifras. Baja inmunidad, pero muchos muertos - Converses a Catalunya","isPartOf":{"@id":"https:\/\/conversesacatalunya.cat\/#website"},"primaryImageOfPage":{"@id":"https:\/\/conversesacatalunya.cat\/es\/baile-de-cifras-baja-inmunidad-pero-muchos-muertos\/#primaryimage"},"image":{"@id":"https:\/\/conversesacatalunya.cat\/es\/baile-de-cifras-baja-inmunidad-pero-muchos-muertos\/#primaryimage"},"thumbnailUrl":"https:\/\/conversesacatalunya.cat\/wp-content\/uploads\/2020\/05\/immunitat.jpeg","datePublished":"2020-05-15T10:29:57+00:00","dateModified":"2020-05-15T10:51:54+00:00","author":{"@id":"https:\/\/conversesacatalunya.cat\/#\/schema\/person\/7e24d1e54a2785373ddcb275eae5ed99"},"breadcrumb":{"@id":"https:\/\/conversesacatalunya.cat\/es\/baile-de-cifras-baja-inmunidad-pero-muchos-muertos\/#breadcrumb"},"inLanguage":"es","potentialAction":[{"@type":"ReadAction","target":["https:\/\/conversesacatalunya.cat\/es\/baile-de-cifras-baja-inmunidad-pero-muchos-muertos\/"]}]},{"@type":"ImageObject","inLanguage":"es","@id":"https:\/\/conversesacatalunya.cat\/es\/baile-de-cifras-baja-inmunidad-pero-muchos-muertos\/#primaryimage","url":"https:\/\/conversesacatalunya.cat\/wp-content\/uploads\/2020\/05\/immunitat.jpeg","contentUrl":"https:\/\/conversesacatalunya.cat\/wp-content\/uploads\/2020\/05\/immunitat.jpeg","width":656,"height":370,"caption":"immunitat"},{"@type":"BreadcrumbList","@id":"https:\/\/conversesacatalunya.cat\/es\/baile-de-cifras-baja-inmunidad-pero-muchos-muertos\/#breadcrumb","itemListElement":[{"@type":"ListItem","position":1,"name":"Inici","item":"https:\/\/conversesacatalunya.cat\/es\/"},{"@type":"ListItem","position":2,"name":"Baile de cifras. Baja inmunidad, pero muchos muertos"}]},{"@type":"WebSite","@id":"https:\/\/conversesacatalunya.cat\/#website","url":"https:\/\/conversesacatalunya.cat\/","name":"Converses a Catalunya","description":"","potentialAction":[{"@type":"SearchAction","target":{"@type":"EntryPoint","urlTemplate":"https:\/\/conversesacatalunya.cat\/?s={search_term_string}"},"query-input":{"@type":"PropertyValueSpecification","valueRequired":true,"valueName":"search_term_string"}}],"inLanguage":"es"},{"@type":"Person","@id":"https:\/\/conversesacatalunya.cat\/#\/schema\/person\/7e24d1e54a2785373ddcb275eae5ed99","name":"conversesacatalunya","image":{"@type":"ImageObject","inLanguage":"es","@id":"https:\/\/conversesacatalunya.cat\/#\/schema\/person\/image\/","url":"https:\/\/conversesacatalunya.cat\/wp-content\/litespeed\/avatar\/febdfeeec89d950f01c748045a981dd2.jpg?ver=1777314535","contentUrl":"https:\/\/conversesacatalunya.cat\/wp-content\/litespeed\/avatar\/febdfeeec89d950f01c748045a981dd2.jpg?ver=1777314535","caption":"conversesacatalunya"},"url":"https:\/\/conversesacatalunya.cat\/es\/author\/carme_catala\/"}]}},"wps_subtitle":"","_links":{"self":[{"href":"https:\/\/conversesacatalunya.cat\/es\/wp-json\/wp\/v2\/posts\/36175","targetHints":{"allow":["GET"]}}],"collection":[{"href":"https:\/\/conversesacatalunya.cat\/es\/wp-json\/wp\/v2\/posts"}],"about":[{"href":"https:\/\/conversesacatalunya.cat\/es\/wp-json\/wp\/v2\/types\/post"}],"author":[{"embeddable":true,"href":"https:\/\/conversesacatalunya.cat\/es\/wp-json\/wp\/v2\/users\/2"}],"replies":[{"embeddable":true,"href":"https:\/\/conversesacatalunya.cat\/es\/wp-json\/wp\/v2\/comments?post=36175"}],"version-history":[{"count":2,"href":"https:\/\/conversesacatalunya.cat\/es\/wp-json\/wp\/v2\/posts\/36175\/revisions"}],"predecessor-version":[{"id":36176,"href":"https:\/\/conversesacatalunya.cat\/es\/wp-json\/wp\/v2\/posts\/36175\/revisions\/36176"}],"wp:featuredmedia":[{"embeddable":true,"href":"https:\/\/conversesacatalunya.cat\/es\/wp-json\/wp\/v2\/media\/36154"}],"wp:attachment":[{"href":"https:\/\/conversesacatalunya.cat\/es\/wp-json\/wp\/v2\/media?parent=36175"}],"wp:term":[{"taxonomy":"category","embeddable":true,"href":"https:\/\/conversesacatalunya.cat\/es\/wp-json\/wp\/v2\/categories?post=36175"},{"taxonomy":"post_tag","embeddable":true,"href":"https:\/\/conversesacatalunya.cat\/es\/wp-json\/wp\/v2\/tags?post=36175"}],"curies":[{"name":"wp","href":"https:\/\/api.w.org\/{rel}","templated":true}]}}