{"id":36160,"date":"2020-05-15T12:18:38","date_gmt":"2020-05-15T10:18:38","guid":{"rendered":"https:\/\/conversesacatalunya.cat\/estat-dalarma-illimitat\/"},"modified":"2020-05-15T12:42:59","modified_gmt":"2020-05-15T10:42:59","slug":"estado-de-alarma-ilimitado","status":"publish","type":"post","link":"https:\/\/conversesacatalunya.cat\/es\/estado-de-alarma-ilimitado\/","title":{"rendered":"Estado de alarma&#8230; \u00bfilimitado?"},"content":{"rendered":"<p>El gobierno espa\u00f1ol ha hecho p\u00fablica su intenci\u00f3n de establecer un nuevo estado de alarma que ser\u00eda <strong>el quinto<\/strong> y en teor\u00eda el \u00faltimo. Pero hay que fijarse en la letra peque\u00f1a de las declaraciones del gobierno, porque todo apunta a que ser\u00eda \u00ab<strong>probablemente<\/strong> el \u00faltimo\u00bb en un horizonte que sit\u00faa el final a \u00abfinales de junio, <strong>primeros d\u00edas de julio<\/strong>\u00bb con la idea de que la \u00faltima pr\u00f3rroga sea de<strong> m\u00e1s o menos<\/strong> un mes. Le\u00eddo con atenci\u00f3n se constata que no est\u00e1 claro cu\u00e1ndo puede finalizar este periodo tan largo, de tres meses de excepcionalidad constitucional.<\/p>\n<p>Que ahora se pida un mes, en palabras de Carmen Calvo, vicepresidenta primera del gobierno, es porque de esta manera \u00abpueden organizarse mejor\u00bb y \u00abdar m\u00e1s tranquilidad a los ciudadanos\u00bb. Si es as\u00ed, no se entiende por qu\u00e9 no establecieron propuestas de plazos m\u00e1s largos desde el inicio, si es que realmente permite una mejor organizaci\u00f3n y reducir la incertidumbre de los ciudadanos.<\/p>\n<p>Pero la idea de que \u00ab<strong>probablemente<\/strong>\u00bb ser\u00e1 el \u00faltimo pesa mucho. Porque todo este discurso, que no tiene otra finalidad que conseguir una nueva pr\u00f3rroga del Parlamento, hay que situarlo en contexto. Y este nos dice que, de acuerdo con los primeros resultados del estudio sobre inmunidad a la poblaci\u00f3n espa\u00f1ola, que est\u00e1 llevando a cabo el gobierno, <strong>s\u00f3lo el 5% de la poblaci\u00f3n est\u00e1 inmunizada<\/strong>. Esta es una cifra realmente muy baja, porque significa que la inmensa mayor\u00eda es susceptible de ser contagiada, y por tanto las posibilidades de nuevos brotes son patentes.<\/p>\n<p>Asimismo, hay que considerar las \u00faltimas declaraciones de la Organizaci\u00f3n Mundial de la Salud (OMS), que advierte que <strong>el virus ha venido para quedarse entre nosotros<\/strong>, al menos previsiblemente. La OMS obviamente no es Lourdes, como ha demostrado muchas veces, pero es una observaci\u00f3n que no se puede descuidar. Tambi\u00e9n el asesor para la pandemia del presidente Trump, el muy respetado Fauci, ha declarado que no habr\u00e1 vacuna a corto plazo.<\/p>\n<span class='bctt-click-to-tweet'><span class='bctt-ctt-text'><a href='https:\/\/twitter.com\/intent\/tweet?url=https%3A%2F%2Fconversesacatalunya.cat%2Fes%2Festado-de-alarma-ilimitado%2F&#038;text=No%20se%20entiende%20por%20qu%C3%A9%20no%20establecieron%20propuestas%20de%20plazos%20m%C3%A1s%20largos%20desde%20el%20inicio%2C%20si%20es%20que%20realmente%20permite%20una%20mejor%20organizaci%C3%B3n%20y%20reducir%20la%20incertidumbre%20de%20los%20ciudadanos&#038;via=conversesacat&#038;related=conversesacat' target='_blank'rel=\"noopener noreferrer\">No se entiende por qu\u00e9 no establecieron propuestas de plazos m\u00e1s largos desde el inicio, si es que realmente permite una mejor organizaci\u00f3n y reducir la incertidumbre de los ciudadanos <\/a><\/span><a href='https:\/\/twitter.com\/intent\/tweet?url=https%3A%2F%2Fconversesacatalunya.cat%2Fes%2Festado-de-alarma-ilimitado%2F&#038;text=No%20se%20entiende%20por%20qu%C3%A9%20no%20establecieron%20propuestas%20de%20plazos%20m%C3%A1s%20largos%20desde%20el%20inicio%2C%20si%20es%20que%20realmente%20permite%20una%20mejor%20organizaci%C3%B3n%20y%20reducir%20la%20incertidumbre%20de%20los%20ciudadanos&#038;via=conversesacat&#038;related=conversesacat' target='_blank' class='bctt-ctt-btn'rel=\"noopener noreferrer\">Compartir en X<\/a><\/span>\n<p>En este escenario con posibles rebrotes, aunque sean menos virulentos, y un problema que ya no es de un a\u00f1o, no es viable en ning\u00fan caso que la estrategia de lucha contra la pandemia del gobierno se fundamente en la<strong> excepcionalidad constitucional reiteradamente aplicada y el confinamiento a escala masiva<\/strong>. Si nos situamos en este c\u00edrculo vicioso, es indudable que las instituciones democr\u00e1ticas y la econom\u00eda del pa\u00eds se derrumbar\u00e1n. Un gobierno y unos partidos que suelen funcionar al margen de las normas legales entran en una pendiente deslizante. Y si ahora encuentran normal que la comisi\u00f3n de expertos sea clandestina cuando existe la obligaci\u00f3n legal de que sea p\u00fablica, se consideran legitimados para gobernar mediante decretos ley y se cierra el Portal de la Transparencia, el \u00fanico canal que permit\u00eda recoger la obligaci\u00f3n legal de informaci\u00f3n del gobierno, resulta evidente que el sistema falla, y que cada paso que se da para alargar el estado de alarma es un paso que retrocede el estado de derecho.<\/p>\n<p style=\"text-align: center;\">M\u00e1s informaci\u00f3n sobre el coronavirus en <a href=\"https:\/\/conversesacatalunya.cat\/es\/coronavirus\/\" target=\"_blank\" rel=\"noopener noreferrer\"><strong>ESPECIAL CORONAVIRUS<\/strong><\/a><\/p>\n<div id=\"polls-50\" class=\"wp-polls\">\n\t<form id=\"polls_form_50\" class=\"wp-polls-form\" action=\"\/index.php\" method=\"post\">\n\t\t<p style=\"display: none;\"><input type=\"hidden\" id=\"poll_50_nonce\" name=\"wp-polls-nonce\" value=\"cd552ddaae\" \/><\/p>\n\t\t<p style=\"display: none;\"><input type=\"hidden\" name=\"poll_id\" value=\"50\" \/><\/p>\n\t\t<p style=\"text-align: center\"><strong>Creus que la Generalitat de Catalunya \u00e9s responsable del mal tracte donat a les resid\u00e8ncies de gent gran?<\/strong><\/p><div id=\"polls-50-ans\" class=\"wp-polls-ans\"><ul class=\"wp-polls-ul\">\n\t\t<li><input type=\"radio\" id=\"poll-answer-106\" name=\"poll_50\" value=\"106\" \/> <label for=\"poll-answer-106\">Si<\/label><\/li>\n\t\t<li><input type=\"radio\" id=\"poll-answer-107\" name=\"poll_50\" value=\"107\" \/> <label for=\"poll-answer-107\">No<\/label><\/li>\n\t\t<\/ul><p style=\"text-align: center\"><input type=\"button\" name=\"vote\" value=\"   Vota   \" class=\"Buttons\" onclick=\"poll_vote(50);\" \/><\/p><p style=\"text-align: center\"><a href=\"#ViewPollResults\" onclick=\"poll_result(50); return false;\" title=\"View Results Of This Poll\">Mira els resultats<\/a><\/p><\/div>\n\t<\/form>\n<\/div>\n<div id=\"polls-50-loading\" class=\"wp-polls-loading\"><img decoding=\"async\" data-src=\"https:\/\/conversesacatalunya.cat\/wp-content\/plugins\/wp-polls\/images\/loading.gif\" width=\"16\" height=\"16\" alt=\"Cargando ...\" title=\"Cargando ...\" class=\"wp-polls-image lazyload\" src=\"data:image\/svg+xml;base64,PHN2ZyB3aWR0aD0iMSIgaGVpZ2h0PSIxIiB4bWxucz0iaHR0cDovL3d3dy53My5vcmcvMjAwMC9zdmciPjwvc3ZnPg==\" style=\"--smush-placeholder-width: 16px; --smush-placeholder-aspect-ratio: 16\/16;\" \/>&nbsp;Cargando ...<\/div>\n\n","protected":false},"excerpt":{"rendered":"<p>El gobierno espa\u00f1ol ha hecho p\u00fablica su intenci\u00f3n de establecer un nuevo estado de alarma que ser\u00eda el quinto y en teor\u00eda el \u00faltimo. Pero hay que fijarse en la letra peque\u00f1a de las declaraciones del gobierno, porque todo apunta a que ser\u00eda \u00abprobablemente el \u00faltimo\u00bb en un horizonte que sit\u00faa el final a \u00abfinales de junio, primeros d\u00edas de julio\u00bb con la idea de que la \u00faltima pr\u00f3rroga sea de m\u00e1s o menos un mes. Le\u00eddo con atenci\u00f3n se constata que no est\u00e1 claro cu\u00e1ndo puede finalizar este periodo tan largo, de tres meses de excepcionalidad constitucional. Que ahora se pida un mes, en palabras de Carmen Calvo, vicepresidenta primera del gobierno, es porque de esta manera \u00abpueden organizarse mejor\u00bb y \u00abdar m\u00e1s tranquilidad a los ciudadanos\u00bb. Si es as\u00ed, no se entiende por qu\u00e9 no establecieron propuestas de plazos m\u00e1s largos desde el inicio, si es que realmente permite una mejor organizaci\u00f3n y reducir la incertidumbre de los ciudadanos. Pero la idea de que \u00abprobablemente\u00bb ser\u00e1 el \u00faltimo pesa mucho. Porque todo este discurso, que no tiene otra finalidad que conseguir una nueva pr\u00f3rroga del Parlamento, hay que situarlo en contexto. Y este nos dice que, de acuerdo con los primeros resultados del estudio sobre inmunidad a la poblaci\u00f3n espa\u00f1ola, que est\u00e1 llevando a cabo el gobierno, s\u00f3lo el 5% de la poblaci\u00f3n est\u00e1 inmunizada. Esta es una cifra realmente muy baja, porque significa que la inmensa mayor\u00eda es susceptible de ser contagiada, y por tanto las posibilidades de nuevos brotes son patentes. Asimismo, hay que considerar las \u00faltimas declaraciones de la Organizaci\u00f3n Mundial de la Salud (OMS), que advierte que el virus ha venido para quedarse entre nosotros, al menos previsiblemente. La OMS obviamente no es Lourdes, como ha demostrado muchas veces, pero es una observaci\u00f3n que no se puede descuidar. Tambi\u00e9n el asesor para la pandemia del presidente Trump, el muy respetado Fauci, ha declarado que no habr\u00e1 vacuna a corto plazo. En este escenario con posibles rebrotes, aunque sean menos virulentos, y un problema que ya no es de un a\u00f1o, no es viable en ning\u00fan caso que la estrategia de lucha contra la pandemia del gobierno se fundamente en la excepcionalidad constitucional reiteradamente aplicada y el confinamiento a escala masiva. Si nos situamos en este c\u00edrculo vicioso, es indudable que las instituciones democr\u00e1ticas y la econom\u00eda del pa\u00eds se derrumbar\u00e1n. Un gobierno y unos partidos que suelen funcionar al margen de las normas legales entran en una pendiente deslizante. Y si ahora encuentran normal que la comisi\u00f3n de expertos sea clandestina cuando existe la obligaci\u00f3n legal de que sea p\u00fablica, se consideran legitimados para gobernar mediante decretos ley y se cierra el Portal de la Transparencia, el \u00fanico canal que permit\u00eda recoger la obligaci\u00f3n legal de informaci\u00f3n del gobierno, resulta evidente que el sistema falla, y que cada paso que se da para alargar el estado de alarma es un paso que retrocede el estado de derecho. M\u00e1s informaci\u00f3n sobre el coronavirus en ESPECIAL CORONAVIRUS<\/p>\n","protected":false},"author":2,"featured_media":36150,"comment_status":"open","ping_status":"open","sticky":false,"template":"","format":"standard","meta":{"_FSMCFIC_featured_image_caption":"","_FSMCFIC_featured_image_nocaption":"","_FSMCFIC_featured_image_hide":"","footnotes":""},"categories":[1772,806],"tags":[1504,1901],"class_list":["post-36160","post","type-post","status-publish","format-standard","has-post-thumbnail","hentry","category-especial-coronavirus-es","category-punts-claus-del-dia-es","tag-coronavirus-es","tag-estado-de-alarma"],"yoast_head":"<!-- This site is optimized with the Yoast SEO plugin v26.8 - https:\/\/yoast.com\/product\/yoast-seo-wordpress\/ -->\n<title>Estado de alarma... \u00bfilimitado? - Converses a Catalunya<\/title>\n<meta name=\"description\" content=\"El gobierno espa\u00f1ol ha hecho p\u00fablica su intenci\u00f3n de establecer un nuevo estado de alarma que ser\u00eda el quinto y en teor\u00eda el \u00faltimo. Pero hay que fijarse en la letra\" \/>\n<meta name=\"robots\" content=\"index, follow, max-snippet:-1, max-image-preview:large, max-video-preview:-1\" \/>\n<link rel=\"canonical\" href=\"https:\/\/conversesacatalunya.cat\/es\/estado-de-alarma-ilimitado\/\" \/>\n<meta property=\"og:locale\" content=\"es_ES\" \/>\n<meta property=\"og:type\" content=\"article\" \/>\n<meta property=\"og:title\" content=\"Estado de alarma... \u00bfilimitado? - Converses a Catalunya\" \/>\n<meta property=\"og:description\" content=\"El gobierno espa\u00f1ol ha hecho p\u00fablica su intenci\u00f3n de establecer un nuevo estado de alarma que ser\u00eda el quinto y en teor\u00eda el \u00faltimo. Pero hay que fijarse en la letra\" \/>\n<meta property=\"og:url\" content=\"https:\/\/conversesacatalunya.cat\/es\/estado-de-alarma-ilimitado\/\" \/>\n<meta property=\"og:site_name\" content=\"Converses a Catalunya\" \/>\n<meta property=\"article:published_time\" content=\"2020-05-15T10:18:38+00:00\" \/>\n<meta property=\"article:modified_time\" content=\"2020-05-15T10:42:59+00:00\" \/>\n<meta property=\"og:image\" content=\"https:\/\/conversesacatalunya.cat\/wp-content\/uploads\/2020\/05\/estat-dalarma-2.jpg\" \/>\n\t<meta property=\"og:image:width\" content=\"670\" \/>\n\t<meta property=\"og:image:height\" content=\"378\" \/>\n\t<meta property=\"og:image:type\" content=\"image\/jpeg\" \/>\n<meta name=\"author\" content=\"conversesacatalunya\" \/>\n<meta name=\"twitter:card\" content=\"summary_large_image\" \/>\n<meta name=\"twitter:label1\" content=\"Escrito por\" \/>\n\t<meta name=\"twitter:data1\" content=\"conversesacatalunya\" \/>\n\t<meta name=\"twitter:label2\" content=\"Tiempo de lectura\" \/>\n\t<meta name=\"twitter:data2\" content=\"3 minutos\" \/>\n<script type=\"application\/ld+json\" class=\"yoast-schema-graph\">{\"@context\":\"https:\/\/schema.org\",\"@graph\":[{\"@type\":\"Article\",\"@id\":\"https:\/\/conversesacatalunya.cat\/es\/estado-de-alarma-ilimitado\/#article\",\"isPartOf\":{\"@id\":\"https:\/\/conversesacatalunya.cat\/es\/estado-de-alarma-ilimitado\/\"},\"author\":{\"name\":\"conversesacatalunya\",\"@id\":\"https:\/\/conversesacatalunya.cat\/#\/schema\/person\/7e24d1e54a2785373ddcb275eae5ed99\"},\"headline\":\"Estado de alarma&#8230; \u00bfilimitado?\",\"datePublished\":\"2020-05-15T10:18:38+00:00\",\"dateModified\":\"2020-05-15T10:42:59+00:00\",\"mainEntityOfPage\":{\"@id\":\"https:\/\/conversesacatalunya.cat\/es\/estado-de-alarma-ilimitado\/\"},\"wordCount\":583,\"commentCount\":0,\"image\":{\"@id\":\"https:\/\/conversesacatalunya.cat\/es\/estado-de-alarma-ilimitado\/#primaryimage\"},\"thumbnailUrl\":\"https:\/\/conversesacatalunya.cat\/wp-content\/uploads\/2020\/05\/estat-dalarma-2.jpg\",\"keywords\":[\"coronavirus\",\"Estado de Alarma\"],\"articleSection\":[\"Especial Coronavirus (ES)\",\"Punts clau del dia (ES)\"],\"inLanguage\":\"es\",\"potentialAction\":[{\"@type\":\"CommentAction\",\"name\":\"Comment\",\"target\":[\"https:\/\/conversesacatalunya.cat\/es\/estado-de-alarma-ilimitado\/#respond\"]}]},{\"@type\":\"WebPage\",\"@id\":\"https:\/\/conversesacatalunya.cat\/es\/estado-de-alarma-ilimitado\/\",\"url\":\"https:\/\/conversesacatalunya.cat\/es\/estado-de-alarma-ilimitado\/\",\"name\":\"Estado de alarma... \u00bfilimitado? - Converses a Catalunya\",\"isPartOf\":{\"@id\":\"https:\/\/conversesacatalunya.cat\/#website\"},\"primaryImageOfPage\":{\"@id\":\"https:\/\/conversesacatalunya.cat\/es\/estado-de-alarma-ilimitado\/#primaryimage\"},\"image\":{\"@id\":\"https:\/\/conversesacatalunya.cat\/es\/estado-de-alarma-ilimitado\/#primaryimage\"},\"thumbnailUrl\":\"https:\/\/conversesacatalunya.cat\/wp-content\/uploads\/2020\/05\/estat-dalarma-2.jpg\",\"datePublished\":\"2020-05-15T10:18:38+00:00\",\"dateModified\":\"2020-05-15T10:42:59+00:00\",\"author\":{\"@id\":\"https:\/\/conversesacatalunya.cat\/#\/schema\/person\/7e24d1e54a2785373ddcb275eae5ed99\"},\"description\":\"El gobierno espa\u00f1ol ha hecho p\u00fablica su intenci\u00f3n de establecer un nuevo estado de alarma que ser\u00eda el quinto y en teor\u00eda el \u00faltimo. Pero hay que fijarse en la letra\",\"breadcrumb\":{\"@id\":\"https:\/\/conversesacatalunya.cat\/es\/estado-de-alarma-ilimitado\/#breadcrumb\"},\"inLanguage\":\"es\",\"potentialAction\":[{\"@type\":\"ReadAction\",\"target\":[\"https:\/\/conversesacatalunya.cat\/es\/estado-de-alarma-ilimitado\/\"]}]},{\"@type\":\"ImageObject\",\"inLanguage\":\"es\",\"@id\":\"https:\/\/conversesacatalunya.cat\/es\/estado-de-alarma-ilimitado\/#primaryimage\",\"url\":\"https:\/\/conversesacatalunya.cat\/wp-content\/uploads\/2020\/05\/estat-dalarma-2.jpg\",\"contentUrl\":\"https:\/\/conversesacatalunya.cat\/wp-content\/uploads\/2020\/05\/estat-dalarma-2.jpg\",\"width\":670,\"height\":378,\"caption\":\"estat d'alarma\"},{\"@type\":\"BreadcrumbList\",\"@id\":\"https:\/\/conversesacatalunya.cat\/es\/estado-de-alarma-ilimitado\/#breadcrumb\",\"itemListElement\":[{\"@type\":\"ListItem\",\"position\":1,\"name\":\"Inici\",\"item\":\"https:\/\/conversesacatalunya.cat\/es\/\"},{\"@type\":\"ListItem\",\"position\":2,\"name\":\"Estado de alarma&#8230; \u00bfilimitado?\"}]},{\"@type\":\"WebSite\",\"@id\":\"https:\/\/conversesacatalunya.cat\/#website\",\"url\":\"https:\/\/conversesacatalunya.cat\/\",\"name\":\"Converses a Catalunya\",\"description\":\"\",\"potentialAction\":[{\"@type\":\"SearchAction\",\"target\":{\"@type\":\"EntryPoint\",\"urlTemplate\":\"https:\/\/conversesacatalunya.cat\/?s={search_term_string}\"},\"query-input\":{\"@type\":\"PropertyValueSpecification\",\"valueRequired\":true,\"valueName\":\"search_term_string\"}}],\"inLanguage\":\"es\"},{\"@type\":\"Person\",\"@id\":\"https:\/\/conversesacatalunya.cat\/#\/schema\/person\/7e24d1e54a2785373ddcb275eae5ed99\",\"name\":\"conversesacatalunya\",\"image\":{\"@type\":\"ImageObject\",\"inLanguage\":\"es\",\"@id\":\"https:\/\/conversesacatalunya.cat\/#\/schema\/person\/image\/\",\"url\":\"https:\/\/conversesacatalunya.cat\/wp-content\/litespeed\/avatar\/febdfeeec89d950f01c748045a981dd2.jpg?ver=1777314535\",\"contentUrl\":\"https:\/\/conversesacatalunya.cat\/wp-content\/litespeed\/avatar\/febdfeeec89d950f01c748045a981dd2.jpg?ver=1777314535\",\"caption\":\"conversesacatalunya\"},\"url\":\"https:\/\/conversesacatalunya.cat\/es\/author\/carme_catala\/\"}]}<\/script>\n<!-- \/ Yoast SEO plugin. -->","yoast_head_json":{"title":"Estado de alarma... \u00bfilimitado? - Converses a Catalunya","description":"El gobierno espa\u00f1ol ha hecho p\u00fablica su intenci\u00f3n de establecer un nuevo estado de alarma que ser\u00eda el quinto y en teor\u00eda el \u00faltimo. Pero hay que fijarse en la letra","robots":{"index":"index","follow":"follow","max-snippet":"max-snippet:-1","max-image-preview":"max-image-preview:large","max-video-preview":"max-video-preview:-1"},"canonical":"https:\/\/conversesacatalunya.cat\/es\/estado-de-alarma-ilimitado\/","og_locale":"es_ES","og_type":"article","og_title":"Estado de alarma... \u00bfilimitado? - Converses a Catalunya","og_description":"El gobierno espa\u00f1ol ha hecho p\u00fablica su intenci\u00f3n de establecer un nuevo estado de alarma que ser\u00eda el quinto y en teor\u00eda el \u00faltimo. Pero hay que fijarse en la letra","og_url":"https:\/\/conversesacatalunya.cat\/es\/estado-de-alarma-ilimitado\/","og_site_name":"Converses a Catalunya","article_published_time":"2020-05-15T10:18:38+00:00","article_modified_time":"2020-05-15T10:42:59+00:00","og_image":[{"width":670,"height":378,"url":"https:\/\/conversesacatalunya.cat\/wp-content\/uploads\/2020\/05\/estat-dalarma-2.jpg","type":"image\/jpeg"}],"author":"conversesacatalunya","twitter_card":"summary_large_image","twitter_misc":{"Escrito por":"conversesacatalunya","Tiempo de lectura":"3 minutos"},"schema":{"@context":"https:\/\/schema.org","@graph":[{"@type":"Article","@id":"https:\/\/conversesacatalunya.cat\/es\/estado-de-alarma-ilimitado\/#article","isPartOf":{"@id":"https:\/\/conversesacatalunya.cat\/es\/estado-de-alarma-ilimitado\/"},"author":{"name":"conversesacatalunya","@id":"https:\/\/conversesacatalunya.cat\/#\/schema\/person\/7e24d1e54a2785373ddcb275eae5ed99"},"headline":"Estado de alarma&#8230; \u00bfilimitado?","datePublished":"2020-05-15T10:18:38+00:00","dateModified":"2020-05-15T10:42:59+00:00","mainEntityOfPage":{"@id":"https:\/\/conversesacatalunya.cat\/es\/estado-de-alarma-ilimitado\/"},"wordCount":583,"commentCount":0,"image":{"@id":"https:\/\/conversesacatalunya.cat\/es\/estado-de-alarma-ilimitado\/#primaryimage"},"thumbnailUrl":"https:\/\/conversesacatalunya.cat\/wp-content\/uploads\/2020\/05\/estat-dalarma-2.jpg","keywords":["coronavirus","Estado de Alarma"],"articleSection":["Especial Coronavirus (ES)","Punts clau del dia (ES)"],"inLanguage":"es","potentialAction":[{"@type":"CommentAction","name":"Comment","target":["https:\/\/conversesacatalunya.cat\/es\/estado-de-alarma-ilimitado\/#respond"]}]},{"@type":"WebPage","@id":"https:\/\/conversesacatalunya.cat\/es\/estado-de-alarma-ilimitado\/","url":"https:\/\/conversesacatalunya.cat\/es\/estado-de-alarma-ilimitado\/","name":"Estado de alarma... \u00bfilimitado? - Converses a Catalunya","isPartOf":{"@id":"https:\/\/conversesacatalunya.cat\/#website"},"primaryImageOfPage":{"@id":"https:\/\/conversesacatalunya.cat\/es\/estado-de-alarma-ilimitado\/#primaryimage"},"image":{"@id":"https:\/\/conversesacatalunya.cat\/es\/estado-de-alarma-ilimitado\/#primaryimage"},"thumbnailUrl":"https:\/\/conversesacatalunya.cat\/wp-content\/uploads\/2020\/05\/estat-dalarma-2.jpg","datePublished":"2020-05-15T10:18:38+00:00","dateModified":"2020-05-15T10:42:59+00:00","author":{"@id":"https:\/\/conversesacatalunya.cat\/#\/schema\/person\/7e24d1e54a2785373ddcb275eae5ed99"},"description":"El gobierno espa\u00f1ol ha hecho p\u00fablica su intenci\u00f3n de establecer un nuevo estado de alarma que ser\u00eda el quinto y en teor\u00eda el \u00faltimo. Pero hay que fijarse en la letra","breadcrumb":{"@id":"https:\/\/conversesacatalunya.cat\/es\/estado-de-alarma-ilimitado\/#breadcrumb"},"inLanguage":"es","potentialAction":[{"@type":"ReadAction","target":["https:\/\/conversesacatalunya.cat\/es\/estado-de-alarma-ilimitado\/"]}]},{"@type":"ImageObject","inLanguage":"es","@id":"https:\/\/conversesacatalunya.cat\/es\/estado-de-alarma-ilimitado\/#primaryimage","url":"https:\/\/conversesacatalunya.cat\/wp-content\/uploads\/2020\/05\/estat-dalarma-2.jpg","contentUrl":"https:\/\/conversesacatalunya.cat\/wp-content\/uploads\/2020\/05\/estat-dalarma-2.jpg","width":670,"height":378,"caption":"estat d'alarma"},{"@type":"BreadcrumbList","@id":"https:\/\/conversesacatalunya.cat\/es\/estado-de-alarma-ilimitado\/#breadcrumb","itemListElement":[{"@type":"ListItem","position":1,"name":"Inici","item":"https:\/\/conversesacatalunya.cat\/es\/"},{"@type":"ListItem","position":2,"name":"Estado de alarma&#8230; \u00bfilimitado?"}]},{"@type":"WebSite","@id":"https:\/\/conversesacatalunya.cat\/#website","url":"https:\/\/conversesacatalunya.cat\/","name":"Converses a Catalunya","description":"","potentialAction":[{"@type":"SearchAction","target":{"@type":"EntryPoint","urlTemplate":"https:\/\/conversesacatalunya.cat\/?s={search_term_string}"},"query-input":{"@type":"PropertyValueSpecification","valueRequired":true,"valueName":"search_term_string"}}],"inLanguage":"es"},{"@type":"Person","@id":"https:\/\/conversesacatalunya.cat\/#\/schema\/person\/7e24d1e54a2785373ddcb275eae5ed99","name":"conversesacatalunya","image":{"@type":"ImageObject","inLanguage":"es","@id":"https:\/\/conversesacatalunya.cat\/#\/schema\/person\/image\/","url":"https:\/\/conversesacatalunya.cat\/wp-content\/litespeed\/avatar\/febdfeeec89d950f01c748045a981dd2.jpg?ver=1777314535","contentUrl":"https:\/\/conversesacatalunya.cat\/wp-content\/litespeed\/avatar\/febdfeeec89d950f01c748045a981dd2.jpg?ver=1777314535","caption":"conversesacatalunya"},"url":"https:\/\/conversesacatalunya.cat\/es\/author\/carme_catala\/"}]}},"wps_subtitle":"","_links":{"self":[{"href":"https:\/\/conversesacatalunya.cat\/es\/wp-json\/wp\/v2\/posts\/36160","targetHints":{"allow":["GET"]}}],"collection":[{"href":"https:\/\/conversesacatalunya.cat\/es\/wp-json\/wp\/v2\/posts"}],"about":[{"href":"https:\/\/conversesacatalunya.cat\/es\/wp-json\/wp\/v2\/types\/post"}],"author":[{"embeddable":true,"href":"https:\/\/conversesacatalunya.cat\/es\/wp-json\/wp\/v2\/users\/2"}],"replies":[{"embeddable":true,"href":"https:\/\/conversesacatalunya.cat\/es\/wp-json\/wp\/v2\/comments?post=36160"}],"version-history":[{"count":2,"href":"https:\/\/conversesacatalunya.cat\/es\/wp-json\/wp\/v2\/posts\/36160\/revisions"}],"predecessor-version":[{"id":36161,"href":"https:\/\/conversesacatalunya.cat\/es\/wp-json\/wp\/v2\/posts\/36160\/revisions\/36161"}],"wp:featuredmedia":[{"embeddable":true,"href":"https:\/\/conversesacatalunya.cat\/es\/wp-json\/wp\/v2\/media\/36150"}],"wp:attachment":[{"href":"https:\/\/conversesacatalunya.cat\/es\/wp-json\/wp\/v2\/media?parent=36160"}],"wp:term":[{"taxonomy":"category","embeddable":true,"href":"https:\/\/conversesacatalunya.cat\/es\/wp-json\/wp\/v2\/categories?post=36160"},{"taxonomy":"post_tag","embeddable":true,"href":"https:\/\/conversesacatalunya.cat\/es\/wp-json\/wp\/v2\/tags?post=36160"}],"curies":[{"name":"wp","href":"https:\/\/api.w.org\/{rel}","templated":true}]}}