{"id":36142,"date":"2020-05-15T06:00:31","date_gmt":"2020-05-15T04:00:31","guid":{"rendered":"https:\/\/conversesacatalunya.cat\/el-japo-treballar-un-dia-menys-per-a-vencer-al-covid\/"},"modified":"2020-05-15T12:28:25","modified_gmt":"2020-05-15T10:28:25","slug":"el-japo-treballar-un-dia-menys-per-a-vencer-al-covid","status":"publish","type":"post","link":"https:\/\/conversesacatalunya.cat\/es\/el-japo-treballar-un-dia-menys-per-a-vencer-al-covid\/","title":{"rendered":"Jap\u00f3n: trabajar un d\u00eda menos para vencer la COVID"},"content":{"rendered":"<p>Jap\u00f3n ejemplo de lucha eficaz contra el Coronavirus mediante un confinamiento no obligatorio, est\u00e1 tomando nuevas medidas. La patronal m\u00e1s importante de Jap\u00f3n,\u00a0 ha recomendado<strong> reducir la semana laboral a cuatro d\u00edas para reducir los contagios.<\/strong> Por otro lado la Federaci\u00f3n Japonesa de Negocios, keidanren, recopila en un documento publicado este jueves pautas como la reducci\u00f3n de la semana laboral, la apuesta por el teletrabajo y la modificaci\u00f3n o rotaci\u00f3n de los horarios para evitar la congesti\u00f3n del transporte p\u00fablico, un posible foco de infecciones.<\/p>\n<p>El Gobierno japon\u00e9s decidi\u00f3 este jueves levantar el estado de alerta sanitaria por coronavirus en la mayor parte del territorio nacional, donde los contagios se han reducido notablemente, aunque seguir\u00e1 en vigor en la regi\u00f3n de Tokio. La alerta seguir\u00e1 no obstante vigente en dos de las \u00e1reas metropolitanas m\u00e1s habitadas del pa\u00eds, Tokio y Osaka, adem\u00e1s de en Chiba, Saitama, Kanagawa, Hokkaido, Kioto y Hyogo, para asegurar que el n\u00famero de casos nuevos sigue bajando y garantizar que los hospitales no llegan al l\u00edmite de su capacidad.<\/p>\n<p>A pesar de estas buenas noticias, se est\u00e1n aplicando medidas de prevenci\u00f3n contrarias totalmente a la cultura laboral japonesa. Como, por ejemplo, recomendar introducir una semana laboral de solo cuatro d\u00edas para reducir las posibilidades de contagio en el transporte al trabajo, entre otras medidas de cara a la reapertura de muchas empresas.<\/p>\n<span class='bctt-click-to-tweet'><span class='bctt-ctt-text'><a href='https:\/\/twitter.com\/intent\/tweet?url=https%3A%2F%2Fconversesacatalunya.cat%2Fes%2Fel-japo-treballar-un-dia-menys-per-a-vencer-al-covid%2F&#038;text=La%20patronal%20m%C3%A1s%20importante%20de%20Jap%C3%B3n%2C%20%20ha%20recomendado%20reducir%20la%20semana%20laboral%20a%20cuatro%20d%C3%ADas%20para%20reducir%20los%20contagios.&#038;via=conversesacat&#038;related=conversesacat' target='_blank'rel=\"noopener noreferrer\">La patronal m\u00e1s importante de Jap\u00f3n,  ha recomendado reducir la semana laboral a cuatro d\u00edas para reducir los contagios. <\/a><\/span><a href='https:\/\/twitter.com\/intent\/tweet?url=https%3A%2F%2Fconversesacatalunya.cat%2Fes%2Fel-japo-treballar-un-dia-menys-per-a-vencer-al-covid%2F&#038;text=La%20patronal%20m%C3%A1s%20importante%20de%20Jap%C3%B3n%2C%20%20ha%20recomendado%20reducir%20la%20semana%20laboral%20a%20cuatro%20d%C3%ADas%20para%20reducir%20los%20contagios.&#038;via=conversesacat&#038;related=conversesacat' target='_blank' class='bctt-ctt-btn'rel=\"noopener noreferrer\">Compartir en X<\/a><\/span>\n<p>Respecto a los viajes de trabajo, la Federaci\u00f3n Japonesa de Negocios recomienda <strong>suspender todos los que no sean esenciales<\/strong> y, si se deben realizar obligatoriamente, dejar constancia de con qu\u00e9 personas, lugares y rutas ha estado el trabajador en contacto.<\/p>\n<p>Esta patronal tambi\u00e9n pide a las compa\u00f1\u00edas que consideren maneras de celebrar los encuentros con accionistas sin reunirse f\u00edsicamente, al igual que las entrevistas o seminarios, ya que muchas empresas niponas suelen realizar estas reuniones a finales de junio. Otras de las recomendaciones son ya ampliamente aplicadas en el pa\u00eds: mantener una distancia de seguridad de dos metros entre las personas, promover la limpieza frecuente de manos, llevar mascarillas o ventilar la oficina al menos dos veces por hora.<\/p>\n<p style=\"text-align: center;\">M\u00e1s informaci\u00f3n en <a href=\"https:\/\/conversesacatalunya.cat\/es\/coronavirus\/\" target=\"_blank\" rel=\"noopener noreferrer\"><strong>ESPECIAL CORONAVIRUS<\/strong><\/a><\/p>\n<div id=\"polls-50\" class=\"wp-polls\">\n\t<form id=\"polls_form_50\" class=\"wp-polls-form\" action=\"\/index.php\" method=\"post\">\n\t\t<p style=\"display: none;\"><input type=\"hidden\" id=\"poll_50_nonce\" name=\"wp-polls-nonce\" value=\"146bf7c984\" \/><\/p>\n\t\t<p style=\"display: none;\"><input type=\"hidden\" name=\"poll_id\" value=\"50\" \/><\/p>\n\t\t<p style=\"text-align: center\"><strong>Creus que la Generalitat de Catalunya \u00e9s responsable del mal tracte donat a les resid\u00e8ncies de gent gran?<\/strong><\/p><div id=\"polls-50-ans\" class=\"wp-polls-ans\"><ul class=\"wp-polls-ul\">\n\t\t<li><input type=\"radio\" id=\"poll-answer-106\" name=\"poll_50\" value=\"106\" \/> <label for=\"poll-answer-106\">Si<\/label><\/li>\n\t\t<li><input type=\"radio\" id=\"poll-answer-107\" name=\"poll_50\" value=\"107\" \/> <label for=\"poll-answer-107\">No<\/label><\/li>\n\t\t<\/ul><p style=\"text-align: center\"><input type=\"button\" name=\"vote\" value=\"   Vota   \" class=\"Buttons\" onclick=\"poll_vote(50);\" \/><\/p><p style=\"text-align: center\"><a href=\"#ViewPollResults\" onclick=\"poll_result(50); return false;\" title=\"View Results Of This Poll\">Mira els resultats<\/a><\/p><\/div>\n\t<\/form>\n<\/div>\n<div id=\"polls-50-loading\" class=\"wp-polls-loading\"><img decoding=\"async\" data-src=\"https:\/\/conversesacatalunya.cat\/wp-content\/plugins\/wp-polls\/images\/loading.gif\" width=\"16\" height=\"16\" alt=\"Cargando ...\" title=\"Cargando ...\" class=\"wp-polls-image lazyload\" src=\"data:image\/svg+xml;base64,PHN2ZyB3aWR0aD0iMSIgaGVpZ2h0PSIxIiB4bWxucz0iaHR0cDovL3d3dy53My5vcmcvMjAwMC9zdmciPjwvc3ZnPg==\" style=\"--smush-placeholder-width: 16px; --smush-placeholder-aspect-ratio: 16\/16;\" \/>&nbsp;Cargando ...<\/div>\n\n","protected":false},"excerpt":{"rendered":"<p>Jap\u00f3n ejemplo de lucha eficaz contra el Coronavirus mediante un confinamiento no obligatorio, est\u00e1 tomando nuevas medidas. La patronal m\u00e1s importante de Jap\u00f3n,\u00a0 ha recomendado reducir la semana laboral a cuatro d\u00edas para reducir los contagios. Por otro lado la Federaci\u00f3n Japonesa de Negocios, keidanren, recopila en un documento publicado este jueves pautas como la reducci\u00f3n de la semana laboral, la apuesta por el teletrabajo y la modificaci\u00f3n o rotaci\u00f3n de los horarios para evitar la congesti\u00f3n del transporte p\u00fablico, un posible foco de infecciones. El Gobierno japon\u00e9s decidi\u00f3 este jueves levantar el estado de alerta sanitaria por coronavirus en la mayor parte del territorio nacional, donde los contagios se han reducido notablemente, aunque seguir\u00e1 en vigor en la regi\u00f3n de Tokio. La alerta seguir\u00e1 no obstante vigente en dos de las \u00e1reas metropolitanas m\u00e1s habitadas del pa\u00eds, Tokio y Osaka, adem\u00e1s de en Chiba, Saitama, Kanagawa, Hokkaido, Kioto y Hyogo, para asegurar que el n\u00famero de casos nuevos sigue bajando y garantizar que los hospitales no llegan al l\u00edmite de su capacidad. A pesar de estas buenas noticias, se est\u00e1n aplicando medidas de prevenci\u00f3n contrarias totalmente a la cultura laboral japonesa. Como, por ejemplo, recomendar introducir una semana laboral de solo cuatro d\u00edas para reducir las posibilidades de contagio en el transporte al trabajo, entre otras medidas de cara a la reapertura de muchas empresas. Respecto a los viajes de trabajo, la Federaci\u00f3n Japonesa de Negocios recomienda suspender todos los que no sean esenciales y, si se deben realizar obligatoriamente, dejar constancia de con qu\u00e9 personas, lugares y rutas ha estado el trabajador en contacto. Esta patronal tambi\u00e9n pide a las compa\u00f1\u00edas que consideren maneras de celebrar los encuentros con accionistas sin reunirse f\u00edsicamente, al igual que las entrevistas o seminarios, ya que muchas empresas niponas suelen realizar estas reuniones a finales de junio. Otras de las recomendaciones son ya ampliamente aplicadas en el pa\u00eds: mantener una distancia de seguridad de dos metros entre las personas, promover la limpieza frecuente de manos, llevar mascarillas o ventilar la oficina al menos dos veces por hora. M\u00e1s informaci\u00f3n en ESPECIAL CORONAVIRUS<\/p>\n","protected":false},"author":20,"featured_media":36128,"comment_status":"open","ping_status":"open","sticky":false,"template":"","format":"standard","meta":{"_FSMCFIC_featured_image_caption":"","_FSMCFIC_featured_image_nocaption":"","_FSMCFIC_featured_image_hide":"","footnotes":""},"categories":[1772,806],"tags":[1504,1913,831,2368],"class_list":["post-36142","post","type-post","status-publish","format-standard","has-post-thumbnail","hentry","category-especial-coronavirus-es","category-punts-claus-del-dia-es","tag-coronavirus-es","tag-covid-19-es","tag-economia-es","tag-japo-es"],"yoast_head":"<!-- This site is optimized with the Yoast SEO plugin v26.8 - https:\/\/yoast.com\/product\/yoast-seo-wordpress\/ -->\n<title>Jap\u00f3n: trabajar un d\u00eda menos para vencer la COVID -<\/title>\n<meta name=\"description\" content=\"La principal patronal del Jap\u00f3 recomana que la setmana laboral consisteixi en nom\u00e9s quatre dies per a continuar amb l&#039;exemplar recuperaci\u00f3 del pa\u00eds\" \/>\n<meta name=\"robots\" content=\"noindex, nofollow\" \/>\n<meta property=\"og:locale\" content=\"es_ES\" \/>\n<meta property=\"og:type\" content=\"article\" \/>\n<meta property=\"og:title\" content=\"Jap\u00f3n: trabajar un d\u00eda menos para vencer la COVID -\" \/>\n<meta property=\"og:description\" content=\"La principal patronal del Jap\u00f3 recomana que la setmana laboral consisteixi en nom\u00e9s quatre dies per a continuar amb l&#039;exemplar recuperaci\u00f3 del pa\u00eds\" \/>\n<meta property=\"og:url\" content=\"https:\/\/conversesacatalunya.cat\/es\/el-japo-treballar-un-dia-menys-per-a-vencer-al-covid\/\" \/>\n<meta property=\"og:site_name\" content=\"Converses a Catalunya\" \/>\n<meta property=\"article:published_time\" content=\"2020-05-15T04:00:31+00:00\" \/>\n<meta property=\"article:modified_time\" content=\"2020-05-15T10:28:25+00:00\" \/>\n<meta property=\"og:image\" content=\"https:\/\/conversesacatalunya.cat\/wp-content\/uploads\/2020\/05\/Capture-5.png\" \/>\n\t<meta property=\"og:image:width\" content=\"923\" \/>\n\t<meta property=\"og:image:height\" content=\"614\" \/>\n\t<meta property=\"og:image:type\" content=\"image\/png\" \/>\n<meta name=\"author\" content=\"conversesacatalunya\" \/>\n<meta name=\"twitter:card\" content=\"summary_large_image\" \/>\n<meta name=\"twitter:label1\" content=\"Escrito por\" \/>\n\t<meta name=\"twitter:data1\" content=\"conversesacatalunya\" \/>\n\t<meta name=\"twitter:label2\" content=\"Tiempo de lectura\" \/>\n\t<meta name=\"twitter:data2\" content=\"2 minutos\" \/>\n<script type=\"application\/ld+json\" class=\"yoast-schema-graph\">{\"@context\":\"https:\/\/schema.org\",\"@graph\":[{\"@type\":\"Article\",\"@id\":\"https:\/\/conversesacatalunya.cat\/es\/el-japo-treballar-un-dia-menys-per-a-vencer-al-covid\/#article\",\"isPartOf\":{\"@id\":\"https:\/\/conversesacatalunya.cat\/es\/el-japo-treballar-un-dia-menys-per-a-vencer-al-covid\/\"},\"author\":{\"name\":\"conversesacatalunya\",\"@id\":\"https:\/\/conversesacatalunya.cat\/#\/schema\/person\/a7a9496a363cd9847daf7cd659d92e64\"},\"headline\":\"Jap\u00f3n: trabajar un d\u00eda menos para vencer la COVID\",\"datePublished\":\"2020-05-15T04:00:31+00:00\",\"dateModified\":\"2020-05-15T10:28:25+00:00\",\"mainEntityOfPage\":{\"@id\":\"https:\/\/conversesacatalunya.cat\/es\/el-japo-treballar-un-dia-menys-per-a-vencer-al-covid\/\"},\"wordCount\":416,\"commentCount\":0,\"image\":{\"@id\":\"https:\/\/conversesacatalunya.cat\/es\/el-japo-treballar-un-dia-menys-per-a-vencer-al-covid\/#primaryimage\"},\"thumbnailUrl\":\"https:\/\/conversesacatalunya.cat\/wp-content\/uploads\/2020\/05\/Capture-5.png\",\"keywords\":[\"coronavirus\",\"Covid-19\",\"Economia\",\"Jap\u00f3\"],\"articleSection\":[\"Especial Coronavirus (ES)\",\"Punts clau del dia (ES)\"],\"inLanguage\":\"es\",\"potentialAction\":[{\"@type\":\"CommentAction\",\"name\":\"Comment\",\"target\":[\"https:\/\/conversesacatalunya.cat\/es\/el-japo-treballar-un-dia-menys-per-a-vencer-al-covid\/#respond\"]}]},{\"@type\":\"WebPage\",\"@id\":\"https:\/\/conversesacatalunya.cat\/es\/el-japo-treballar-un-dia-menys-per-a-vencer-al-covid\/\",\"url\":\"https:\/\/conversesacatalunya.cat\/es\/el-japo-treballar-un-dia-menys-per-a-vencer-al-covid\/\",\"name\":\"Jap\u00f3n: trabajar un d\u00eda menos para vencer la COVID -\",\"isPartOf\":{\"@id\":\"https:\/\/conversesacatalunya.cat\/#website\"},\"primaryImageOfPage\":{\"@id\":\"https:\/\/conversesacatalunya.cat\/es\/el-japo-treballar-un-dia-menys-per-a-vencer-al-covid\/#primaryimage\"},\"image\":{\"@id\":\"https:\/\/conversesacatalunya.cat\/es\/el-japo-treballar-un-dia-menys-per-a-vencer-al-covid\/#primaryimage\"},\"thumbnailUrl\":\"https:\/\/conversesacatalunya.cat\/wp-content\/uploads\/2020\/05\/Capture-5.png\",\"datePublished\":\"2020-05-15T04:00:31+00:00\",\"dateModified\":\"2020-05-15T10:28:25+00:00\",\"author\":{\"@id\":\"https:\/\/conversesacatalunya.cat\/#\/schema\/person\/a7a9496a363cd9847daf7cd659d92e64\"},\"description\":\"La principal patronal del Jap\u00f3 recomana que la setmana laboral consisteixi en nom\u00e9s quatre dies per a continuar amb l'exemplar recuperaci\u00f3 del pa\u00eds\",\"breadcrumb\":{\"@id\":\"https:\/\/conversesacatalunya.cat\/es\/el-japo-treballar-un-dia-menys-per-a-vencer-al-covid\/#breadcrumb\"},\"inLanguage\":\"es\",\"potentialAction\":[{\"@type\":\"ReadAction\",\"target\":[\"https:\/\/conversesacatalunya.cat\/es\/el-japo-treballar-un-dia-menys-per-a-vencer-al-covid\/\"]}]},{\"@type\":\"ImageObject\",\"inLanguage\":\"es\",\"@id\":\"https:\/\/conversesacatalunya.cat\/es\/el-japo-treballar-un-dia-menys-per-a-vencer-al-covid\/#primaryimage\",\"url\":\"https:\/\/conversesacatalunya.cat\/wp-content\/uploads\/2020\/05\/Capture-5.png\",\"contentUrl\":\"https:\/\/conversesacatalunya.cat\/wp-content\/uploads\/2020\/05\/Capture-5.png\",\"width\":923,\"height\":614,\"caption\":\"Jap\u00f3\"},{\"@type\":\"BreadcrumbList\",\"@id\":\"https:\/\/conversesacatalunya.cat\/es\/el-japo-treballar-un-dia-menys-per-a-vencer-al-covid\/#breadcrumb\",\"itemListElement\":[{\"@type\":\"ListItem\",\"position\":1,\"name\":\"Inici\",\"item\":\"https:\/\/conversesacatalunya.cat\/es\/\"},{\"@type\":\"ListItem\",\"position\":2,\"name\":\"Jap\u00f3n: trabajar un d\u00eda menos para vencer la COVID\"}]},{\"@type\":\"WebSite\",\"@id\":\"https:\/\/conversesacatalunya.cat\/#website\",\"url\":\"https:\/\/conversesacatalunya.cat\/\",\"name\":\"Converses a Catalunya\",\"description\":\"\",\"potentialAction\":[{\"@type\":\"SearchAction\",\"target\":{\"@type\":\"EntryPoint\",\"urlTemplate\":\"https:\/\/conversesacatalunya.cat\/?s={search_term_string}\"},\"query-input\":{\"@type\":\"PropertyValueSpecification\",\"valueRequired\":true,\"valueName\":\"search_term_string\"}}],\"inLanguage\":\"es\"},{\"@type\":\"Person\",\"@id\":\"https:\/\/conversesacatalunya.cat\/#\/schema\/person\/a7a9496a363cd9847daf7cd659d92e64\",\"name\":\"conversesacatalunya\",\"image\":{\"@type\":\"ImageObject\",\"inLanguage\":\"es\",\"@id\":\"https:\/\/conversesacatalunya.cat\/#\/schema\/person\/image\/\",\"url\":\"https:\/\/conversesacatalunya.cat\/wp-content\/litespeed\/avatar\/ff91582b44ff9c880dc9c5ac2f5c7e89.jpg?ver=1777372947\",\"contentUrl\":\"https:\/\/conversesacatalunya.cat\/wp-content\/litespeed\/avatar\/ff91582b44ff9c880dc9c5ac2f5c7e89.jpg?ver=1777372947\",\"caption\":\"conversesacatalunya\"},\"url\":\"https:\/\/conversesacatalunya.cat\/es\/author\/francisco_garcia\/\"}]}<\/script>\n<!-- \/ Yoast SEO plugin. -->","yoast_head_json":{"title":"Jap\u00f3n: trabajar un d\u00eda menos para vencer la COVID -","description":"La principal patronal del Jap\u00f3 recomana que la setmana laboral consisteixi en nom\u00e9s quatre dies per a continuar amb l'exemplar recuperaci\u00f3 del pa\u00eds","robots":{"index":"noindex","follow":"nofollow"},"og_locale":"es_ES","og_type":"article","og_title":"Jap\u00f3n: trabajar un d\u00eda menos para vencer la COVID -","og_description":"La principal patronal del Jap\u00f3 recomana que la setmana laboral consisteixi en nom\u00e9s quatre dies per a continuar amb l'exemplar recuperaci\u00f3 del pa\u00eds","og_url":"https:\/\/conversesacatalunya.cat\/es\/el-japo-treballar-un-dia-menys-per-a-vencer-al-covid\/","og_site_name":"Converses a Catalunya","article_published_time":"2020-05-15T04:00:31+00:00","article_modified_time":"2020-05-15T10:28:25+00:00","og_image":[{"width":923,"height":614,"url":"https:\/\/conversesacatalunya.cat\/wp-content\/uploads\/2020\/05\/Capture-5.png","type":"image\/png"}],"author":"conversesacatalunya","twitter_card":"summary_large_image","twitter_misc":{"Escrito por":"conversesacatalunya","Tiempo de lectura":"2 minutos"},"schema":{"@context":"https:\/\/schema.org","@graph":[{"@type":"Article","@id":"https:\/\/conversesacatalunya.cat\/es\/el-japo-treballar-un-dia-menys-per-a-vencer-al-covid\/#article","isPartOf":{"@id":"https:\/\/conversesacatalunya.cat\/es\/el-japo-treballar-un-dia-menys-per-a-vencer-al-covid\/"},"author":{"name":"conversesacatalunya","@id":"https:\/\/conversesacatalunya.cat\/#\/schema\/person\/a7a9496a363cd9847daf7cd659d92e64"},"headline":"Jap\u00f3n: trabajar un d\u00eda menos para vencer la COVID","datePublished":"2020-05-15T04:00:31+00:00","dateModified":"2020-05-15T10:28:25+00:00","mainEntityOfPage":{"@id":"https:\/\/conversesacatalunya.cat\/es\/el-japo-treballar-un-dia-menys-per-a-vencer-al-covid\/"},"wordCount":416,"commentCount":0,"image":{"@id":"https:\/\/conversesacatalunya.cat\/es\/el-japo-treballar-un-dia-menys-per-a-vencer-al-covid\/#primaryimage"},"thumbnailUrl":"https:\/\/conversesacatalunya.cat\/wp-content\/uploads\/2020\/05\/Capture-5.png","keywords":["coronavirus","Covid-19","Economia","Jap\u00f3"],"articleSection":["Especial Coronavirus (ES)","Punts clau del dia (ES)"],"inLanguage":"es","potentialAction":[{"@type":"CommentAction","name":"Comment","target":["https:\/\/conversesacatalunya.cat\/es\/el-japo-treballar-un-dia-menys-per-a-vencer-al-covid\/#respond"]}]},{"@type":"WebPage","@id":"https:\/\/conversesacatalunya.cat\/es\/el-japo-treballar-un-dia-menys-per-a-vencer-al-covid\/","url":"https:\/\/conversesacatalunya.cat\/es\/el-japo-treballar-un-dia-menys-per-a-vencer-al-covid\/","name":"Jap\u00f3n: trabajar un d\u00eda menos para vencer la COVID -","isPartOf":{"@id":"https:\/\/conversesacatalunya.cat\/#website"},"primaryImageOfPage":{"@id":"https:\/\/conversesacatalunya.cat\/es\/el-japo-treballar-un-dia-menys-per-a-vencer-al-covid\/#primaryimage"},"image":{"@id":"https:\/\/conversesacatalunya.cat\/es\/el-japo-treballar-un-dia-menys-per-a-vencer-al-covid\/#primaryimage"},"thumbnailUrl":"https:\/\/conversesacatalunya.cat\/wp-content\/uploads\/2020\/05\/Capture-5.png","datePublished":"2020-05-15T04:00:31+00:00","dateModified":"2020-05-15T10:28:25+00:00","author":{"@id":"https:\/\/conversesacatalunya.cat\/#\/schema\/person\/a7a9496a363cd9847daf7cd659d92e64"},"description":"La principal patronal del Jap\u00f3 recomana que la setmana laboral consisteixi en nom\u00e9s quatre dies per a continuar amb l'exemplar recuperaci\u00f3 del pa\u00eds","breadcrumb":{"@id":"https:\/\/conversesacatalunya.cat\/es\/el-japo-treballar-un-dia-menys-per-a-vencer-al-covid\/#breadcrumb"},"inLanguage":"es","potentialAction":[{"@type":"ReadAction","target":["https:\/\/conversesacatalunya.cat\/es\/el-japo-treballar-un-dia-menys-per-a-vencer-al-covid\/"]}]},{"@type":"ImageObject","inLanguage":"es","@id":"https:\/\/conversesacatalunya.cat\/es\/el-japo-treballar-un-dia-menys-per-a-vencer-al-covid\/#primaryimage","url":"https:\/\/conversesacatalunya.cat\/wp-content\/uploads\/2020\/05\/Capture-5.png","contentUrl":"https:\/\/conversesacatalunya.cat\/wp-content\/uploads\/2020\/05\/Capture-5.png","width":923,"height":614,"caption":"Jap\u00f3"},{"@type":"BreadcrumbList","@id":"https:\/\/conversesacatalunya.cat\/es\/el-japo-treballar-un-dia-menys-per-a-vencer-al-covid\/#breadcrumb","itemListElement":[{"@type":"ListItem","position":1,"name":"Inici","item":"https:\/\/conversesacatalunya.cat\/es\/"},{"@type":"ListItem","position":2,"name":"Jap\u00f3n: trabajar un d\u00eda menos para vencer la COVID"}]},{"@type":"WebSite","@id":"https:\/\/conversesacatalunya.cat\/#website","url":"https:\/\/conversesacatalunya.cat\/","name":"Converses a Catalunya","description":"","potentialAction":[{"@type":"SearchAction","target":{"@type":"EntryPoint","urlTemplate":"https:\/\/conversesacatalunya.cat\/?s={search_term_string}"},"query-input":{"@type":"PropertyValueSpecification","valueRequired":true,"valueName":"search_term_string"}}],"inLanguage":"es"},{"@type":"Person","@id":"https:\/\/conversesacatalunya.cat\/#\/schema\/person\/a7a9496a363cd9847daf7cd659d92e64","name":"conversesacatalunya","image":{"@type":"ImageObject","inLanguage":"es","@id":"https:\/\/conversesacatalunya.cat\/#\/schema\/person\/image\/","url":"https:\/\/conversesacatalunya.cat\/wp-content\/litespeed\/avatar\/ff91582b44ff9c880dc9c5ac2f5c7e89.jpg?ver=1777372947","contentUrl":"https:\/\/conversesacatalunya.cat\/wp-content\/litespeed\/avatar\/ff91582b44ff9c880dc9c5ac2f5c7e89.jpg?ver=1777372947","caption":"conversesacatalunya"},"url":"https:\/\/conversesacatalunya.cat\/es\/author\/francisco_garcia\/"}]}},"wps_subtitle":"La principal patronal de Jap\u00f3n recomienda que la semana laboral consista en s\u00f3lo cuatro d\u00edas para continuar con la ejemplar recuperaci\u00f3n del pa\u00eds contra la pandemia del Coronavirus","_links":{"self":[{"href":"https:\/\/conversesacatalunya.cat\/es\/wp-json\/wp\/v2\/posts\/36142","targetHints":{"allow":["GET"]}}],"collection":[{"href":"https:\/\/conversesacatalunya.cat\/es\/wp-json\/wp\/v2\/posts"}],"about":[{"href":"https:\/\/conversesacatalunya.cat\/es\/wp-json\/wp\/v2\/types\/post"}],"author":[{"embeddable":true,"href":"https:\/\/conversesacatalunya.cat\/es\/wp-json\/wp\/v2\/users\/20"}],"replies":[{"embeddable":true,"href":"https:\/\/conversesacatalunya.cat\/es\/wp-json\/wp\/v2\/comments?post=36142"}],"version-history":[{"count":2,"href":"https:\/\/conversesacatalunya.cat\/es\/wp-json\/wp\/v2\/posts\/36142\/revisions"}],"predecessor-version":[{"id":36144,"href":"https:\/\/conversesacatalunya.cat\/es\/wp-json\/wp\/v2\/posts\/36142\/revisions\/36144"}],"wp:featuredmedia":[{"embeddable":true,"href":"https:\/\/conversesacatalunya.cat\/es\/wp-json\/wp\/v2\/media\/36128"}],"wp:attachment":[{"href":"https:\/\/conversesacatalunya.cat\/es\/wp-json\/wp\/v2\/media?parent=36142"}],"wp:term":[{"taxonomy":"category","embeddable":true,"href":"https:\/\/conversesacatalunya.cat\/es\/wp-json\/wp\/v2\/categories?post=36142"},{"taxonomy":"post_tag","embeddable":true,"href":"https:\/\/conversesacatalunya.cat\/es\/wp-json\/wp\/v2\/tags?post=36142"}],"curies":[{"name":"wp","href":"https:\/\/api.w.org\/{rel}","templated":true}]}}