{"id":36120,"date":"2020-05-14T13:17:04","date_gmt":"2020-05-14T11:17:04","guid":{"rendered":"https:\/\/conversesacatalunya.cat\/lensenyament-concertat-esta-en-risc\/"},"modified":"2020-05-14T13:48:06","modified_gmt":"2020-05-14T11:48:06","slug":"la-ensenanza-concertada-esta-en-riesgo","status":"publish","type":"post","link":"https:\/\/conversesacatalunya.cat\/es\/la-ensenanza-concertada-esta-en-riesgo\/","title":{"rendered":"La ense\u00f1anza concertada est\u00e1 en riesgo"},"content":{"rendered":"<p>Sobre la ense\u00f1anza concertada se acumulan m\u00faltiples dificultades que oscurecen su futuro, algo particularmente grave, porque en ella radica la gran responsabilidad de garantizar el derecho constitucional de los padres a la educaci\u00f3n moral y religiosa de sus hijos.<\/p>\n<p>El <strong>primer problema<\/strong> es compartido con la p\u00fablica, y nace de la confusi\u00f3n que impera tanto en el Ministerio de Educaci\u00f3n como en el Departament de c\u00f3mo ser\u00e1 el curso 2020-21. Parece como si ambas instancias no tuvieran nada claro ni decidido sobre c\u00f3mo quieren enfocar el nuevo a\u00f1o escolar. Es evidente que sobre \u00e9l se ciernen incertidumbres, pero es tambi\u00e9n evidente que la administraci\u00f3n debe comprometerse con una respuesta y el Departament d&#8217;Ensenyament y el Ministerio deben actuar a partir de las previsiones que tienen los gobiernos de c\u00f3mo evolucionar\u00e1 la pandemia. No se les pide que tengan una visi\u00f3n prof\u00e9tica, pero s\u00ed la previsi\u00f3n razonable que permita a los centros organizarse, y eso a estas alturas no existe.<\/p>\n<p>Por ejemplo, no se entiende qu\u00e9 significa habilitar espacios como aulas porque no se concreta si habr\u00e1 horarios de ma\u00f1ana y tarde, si las clases ser\u00e1n en d\u00edas alternos, si se mantendr\u00e1 el programa o habr\u00e1 menos materias. La capacidad que demuestra la administraci\u00f3n para concretar respuestas es muy pobre, y es que la pandemia ha puesto a nuestros <strong>pol\u00edticos ante una exigencia de eficacia y responsabilidad<\/strong> que no se puede maquillar con publicidad y discursos, entonces se demuestra que muchos de los equipos que rigen los diferentes \u00e1mbitos no disponen de estas virtudes.<\/p>\n<p><strong>Un segundo problema<\/strong>, este espec\u00edfico de la ense\u00f1anza concertada, es su <strong>situaci\u00f3n econ\u00f3mica<\/strong>. Si una parte de los padres dejan de hacer la aportaci\u00f3n y si encima hay campa\u00f1as en este sentido, la escuela concertada se derrumbar\u00e1.<\/p>\n<p>La raz\u00f3n es muy concreta: la aportaci\u00f3n p\u00fablica viene a cubrir como <strong>orden de magnitud el 50% del valor real de la plaza<\/strong>. En otras palabras, el coste del alumno al a\u00f1o en la p\u00fablica es de 6.000 euros, y el concierto s\u00f3lo entrega a las escuelas que se acogen 3.000 euros. La diferencia la han de cubrir las aportaciones de los padres, que sirven b\u00e1sicamente para hacer frente al gasto ordinario que no cubre la subvenci\u00f3n, el personal de administraci\u00f3n y servicio de la escuela (desde personas de la limpieza, el conserje, secretar\u00eda, etc.), la amortizaci\u00f3n de los cr\u00e9ditos para nueva construcci\u00f3n o arrendamientos, el mantenimiento de los inmuebles y la conservaci\u00f3n de las instalaciones, y los gastos extraordinarios, como por ejemplo las licencias para las plataformas online que han tenido que adquirir por la pandemia.<\/p>\n<span class='bctt-click-to-tweet'><span class='bctt-ctt-text'><a href='https:\/\/twitter.com\/intent\/tweet?url=https%3A%2F%2Fconversesacatalunya.cat%2Fes%2Fla-ensenanza-concertada-esta-en-riesgo%2F&#038;text=Si%20una%20parte%20de%20los%20padres%20dejan%20de%20hacer%20la%20aportaci%C3%B3n%20y%20si%20encima%20hay%20campa%C3%B1as%20en%20este%20sentido%2C%20la%20escuela%20concertada%20se%20derrumbar%C3%A1&#038;via=conversesacat&#038;related=conversesacat' target='_blank'rel=\"noopener noreferrer\">Si una parte de los padres dejan de hacer la aportaci\u00f3n y si encima hay campa\u00f1as en este sentido, la escuela concertada se derrumbar\u00e1 <\/a><\/span><a href='https:\/\/twitter.com\/intent\/tweet?url=https%3A%2F%2Fconversesacatalunya.cat%2Fes%2Fla-ensenanza-concertada-esta-en-riesgo%2F&#038;text=Si%20una%20parte%20de%20los%20padres%20dejan%20de%20hacer%20la%20aportaci%C3%B3n%20y%20si%20encima%20hay%20campa%C3%B1as%20en%20este%20sentido%2C%20la%20escuela%20concertada%20se%20derrumbar%C3%A1&#038;via=conversesacat&#038;related=conversesacat' target='_blank' class='bctt-ctt-btn'rel=\"noopener noreferrer\">Compartir en X<\/a><\/span>\n<p><span title=\"\">Por<\/span> <span title=\"\">si esto<\/span> <span title=\"\">no fuera<\/span> <span title=\"\">suficiente,<\/span> <strong><span title=\"\">las instrucciones<\/span> <span title=\"\">para el curso<\/span> <span title=\"\">que<\/span> <span title=\"\">viene de la<\/span> <span title=\"\">ministra<\/span> <span title=\"\">Cela\u00e1<\/span><\/strong><span title=\"\">,<\/span> <span title=\"\">con<\/span> <span title=\"\">la excusa<\/span> <span title=\"\">del<\/span> <span title=\"\">Covid<\/span><span title=\"\">,<\/span> <span title=\"\">significan<\/span> <span title=\"\">una clara<\/span> <span title=\"\">intromisi\u00f3n en<\/span> <span title=\"\">la autonom\u00eda<\/span> <span title=\"\">de los centros,<\/span> <span title=\"\">que ha<\/span> <span title=\"\">movido a<\/span> <span title=\"\">una amplia<\/span> <span title=\"\">reacci\u00f3n<\/span> <span title=\"\">de<\/span> <span title=\"\">protesta<\/span><span title=\"\">.<\/span><\/p>\n<p><span title=\"\">Por<\/span> <span title=\"\">\u00faltimo<\/span><span title=\"\">, recordar<\/span> <span title=\"\">que a pesar<\/span> de que <span title=\"\">pasa desapercibida<\/span><span title=\"\">,<\/span> <strong><span title=\"\">est\u00e1 en<\/span> <span title=\"\">tramitaci\u00f3n y<\/span> <span title=\"\">periodo de enmiendas<\/span> <span title=\"\">la nueva<\/span> <span title=\"\">ley<\/span> <span title=\"\">de ense\u00f1anza<\/span><\/strong><span title=\"\">,<\/span> <span title=\"\">que en ning\u00fan<\/span> <span title=\"\">caso es<\/span> <span title=\"\">una ley<\/span> <span title=\"\">consensuada<\/span><span title=\"\">,<\/span> <span title=\"\">y por lo tanto<\/span> <span title=\"\">reitera una vez m\u00e1s<\/span> <span title=\"\">los defectos<\/span> <span title=\"\">de todas<\/span> <span title=\"\">las anteriores<\/span><span title=\"\"> y que, si<\/span> <span title=\"\">acaba<\/span> <span title=\"\">prosperando<\/span><span title=\"\">,<\/span> <span title=\"\">significar\u00e1<\/span> <span title=\"\">m\u00e1s<\/span> <span title=\"\">problemas<\/span> <span title=\"\">para<\/span> <span title=\"\">la ense\u00f1anza concertada<\/span> <span title=\"\">y para el derecho<\/span> <span title=\"\">de los padres<\/span> <span title=\"\">a la educaci\u00f3n<\/span> <span title=\"\">religiosa y<\/span> <span title=\"\">moral<\/span> <span title=\"\">de sus hijos.<\/span><\/p>\n<p style=\"text-align: center;\">M\u00e1s informaci\u00f3n sobre el coronavirus en <a href=\"https:\/\/conversesacatalunya.cat\/es\/coronavirus\/\" target=\"_blank\" rel=\"noopener noreferrer\"><strong>ESPECIAL CORONAVIRUS<\/strong><\/a><\/p>\n<div id=\"polls-50\" class=\"wp-polls\">\n\t<form id=\"polls_form_50\" class=\"wp-polls-form\" action=\"\/index.php\" method=\"post\">\n\t\t<p style=\"display: none;\"><input type=\"hidden\" id=\"poll_50_nonce\" name=\"wp-polls-nonce\" value=\"146bf7c984\" \/><\/p>\n\t\t<p style=\"display: none;\"><input type=\"hidden\" name=\"poll_id\" value=\"50\" \/><\/p>\n\t\t<p style=\"text-align: center\"><strong>Creus que la Generalitat de Catalunya \u00e9s responsable del mal tracte donat a les resid\u00e8ncies de gent gran?<\/strong><\/p><div id=\"polls-50-ans\" class=\"wp-polls-ans\"><ul class=\"wp-polls-ul\">\n\t\t<li><input type=\"radio\" id=\"poll-answer-106\" name=\"poll_50\" value=\"106\" \/> <label for=\"poll-answer-106\">Si<\/label><\/li>\n\t\t<li><input type=\"radio\" id=\"poll-answer-107\" name=\"poll_50\" value=\"107\" \/> <label for=\"poll-answer-107\">No<\/label><\/li>\n\t\t<\/ul><p style=\"text-align: center\"><input type=\"button\" name=\"vote\" value=\"   Vota   \" class=\"Buttons\" onclick=\"poll_vote(50);\" \/><\/p><p style=\"text-align: center\"><a href=\"#ViewPollResults\" onclick=\"poll_result(50); return false;\" title=\"View Results Of This Poll\">Mira els resultats<\/a><\/p><\/div>\n\t<\/form>\n<\/div>\n<div id=\"polls-50-loading\" class=\"wp-polls-loading\"><img decoding=\"async\" data-src=\"https:\/\/conversesacatalunya.cat\/wp-content\/plugins\/wp-polls\/images\/loading.gif\" width=\"16\" height=\"16\" alt=\"Cargando ...\" title=\"Cargando ...\" class=\"wp-polls-image lazyload\" src=\"data:image\/svg+xml;base64,PHN2ZyB3aWR0aD0iMSIgaGVpZ2h0PSIxIiB4bWxucz0iaHR0cDovL3d3dy53My5vcmcvMjAwMC9zdmciPjwvc3ZnPg==\" style=\"--smush-placeholder-width: 16px; --smush-placeholder-aspect-ratio: 16\/16;\" \/>&nbsp;Cargando ...<\/div>\n\n","protected":false},"excerpt":{"rendered":"<p>Sobre la ense\u00f1anza concertada se acumulan m\u00faltiples dificultades que oscurecen su futuro, algo particularmente grave, porque en ella radica la gran responsabilidad de garantizar el derecho constitucional de los padres a la educaci\u00f3n moral y religiosa de sus hijos. El primer problema es compartido con la p\u00fablica, y nace de la confusi\u00f3n que impera tanto en el Ministerio de Educaci\u00f3n como en el Departament de c\u00f3mo ser\u00e1 el curso 2020-21. Parece como si ambas instancias no tuvieran nada claro ni decidido sobre c\u00f3mo quieren enfocar el nuevo a\u00f1o escolar. Es evidente que sobre \u00e9l se ciernen incertidumbres, pero es tambi\u00e9n evidente que la administraci\u00f3n debe comprometerse con una respuesta y el Departament d&#8217;Ensenyament y el Ministerio deben actuar a partir de las previsiones que tienen los gobiernos de c\u00f3mo evolucionar\u00e1 la pandemia. No se les pide que tengan una visi\u00f3n prof\u00e9tica, pero s\u00ed la previsi\u00f3n razonable que permita a los centros organizarse, y eso a estas alturas no existe. Por ejemplo, no se entiende qu\u00e9 significa habilitar espacios como aulas porque no se concreta si habr\u00e1 horarios de ma\u00f1ana y tarde, si las clases ser\u00e1n en d\u00edas alternos, si se mantendr\u00e1 el programa o habr\u00e1 menos materias. La capacidad que demuestra la administraci\u00f3n para concretar respuestas es muy pobre, y es que la pandemia ha puesto a nuestros pol\u00edticos ante una exigencia de eficacia y responsabilidad que no se puede maquillar con publicidad y discursos, entonces se demuestra que muchos de los equipos que rigen los diferentes \u00e1mbitos no disponen de estas virtudes. Un segundo problema, este espec\u00edfico de la ense\u00f1anza concertada, es su situaci\u00f3n econ\u00f3mica. Si una parte de los padres dejan de hacer la aportaci\u00f3n y si encima hay campa\u00f1as en este sentido, la escuela concertada se derrumbar\u00e1. La raz\u00f3n es muy concreta: la aportaci\u00f3n p\u00fablica viene a cubrir como orden de magnitud el 50% del valor real de la plaza. En otras palabras, el coste del alumno al a\u00f1o en la p\u00fablica es de 6.000 euros, y el concierto s\u00f3lo entrega a las escuelas que se acogen 3.000 euros. La diferencia la han de cubrir las aportaciones de los padres, que sirven b\u00e1sicamente para hacer frente al gasto ordinario que no cubre la subvenci\u00f3n, el personal de administraci\u00f3n y servicio de la escuela (desde personas de la limpieza, el conserje, secretar\u00eda, etc.), la amortizaci\u00f3n de los cr\u00e9ditos para nueva construcci\u00f3n o arrendamientos, el mantenimiento de los inmuebles y la conservaci\u00f3n de las instalaciones, y los gastos extraordinarios, como por ejemplo las licencias para las plataformas online que han tenido que adquirir por la pandemia. Por si esto no fuera suficiente, las instrucciones para el curso que viene de la ministra Cela\u00e1, con la excusa del Covid, significan una clara intromisi\u00f3n en la autonom\u00eda de los centros, que ha movido a una amplia reacci\u00f3n de protesta. Por \u00faltimo, recordar que a pesar de que pasa desapercibida, est\u00e1 en tramitaci\u00f3n y periodo de enmiendas la nueva ley de ense\u00f1anza, que en ning\u00fan caso es una ley consensuada, y por lo tanto reitera una vez m\u00e1s los defectos de todas las anteriores y que, si acaba prosperando, significar\u00e1 m\u00e1s problemas para la ense\u00f1anza concertada y para el derecho de los padres a la educaci\u00f3n religiosa y moral de sus hijos. M\u00e1s informaci\u00f3n sobre el coronavirus en ESPECIAL CORONAVIRUS<\/p>\n","protected":false},"author":2,"featured_media":36101,"comment_status":"open","ping_status":"open","sticky":false,"template":"","format":"standard","meta":{"_FSMCFIC_featured_image_caption":"","_FSMCFIC_featured_image_nocaption":"","_FSMCFIC_featured_image_hide":"","footnotes":""},"categories":[1772,806],"tags":[1504,927],"class_list":["post-36120","post","type-post","status-publish","format-standard","has-post-thumbnail","hentry","category-especial-coronavirus-es","category-punts-claus-del-dia-es","tag-coronavirus-es","tag-escuela-concertada"],"yoast_head":"<!-- This site is optimized with the Yoast SEO plugin v26.8 - https:\/\/yoast.com\/product\/yoast-seo-wordpress\/ -->\n<title>La ense\u00f1anza concertada est\u00e1 en riesgo - Converses a Catalunya<\/title>\n<meta name=\"robots\" content=\"index, follow, max-snippet:-1, max-image-preview:large, max-video-preview:-1\" \/>\n<link rel=\"canonical\" href=\"https:\/\/conversesacatalunya.cat\/es\/la-ensenanza-concertada-esta-en-riesgo\/\" \/>\n<meta property=\"og:locale\" content=\"es_ES\" \/>\n<meta property=\"og:type\" content=\"article\" \/>\n<meta property=\"og:title\" content=\"La ense\u00f1anza concertada est\u00e1 en riesgo - Converses a Catalunya\" \/>\n<meta property=\"og:description\" content=\"Sobre la ense\u00f1anza concertada se acumulan m\u00faltiples dificultades que oscurecen su futuro, algo particularmente grave, porque en ella radica la gran responsabilidad de garantizar el derecho constitucional de los padres a la educaci\u00f3n moral y religiosa de sus hijos. El primer problema es compartido con la p\u00fablica, y nace de la confusi\u00f3n que impera tanto en el Ministerio de Educaci\u00f3n como en el Departament de c\u00f3mo ser\u00e1 el curso 2020-21. Parece como si ambas instancias no tuvieran nada claro ni decidido sobre c\u00f3mo quieren enfocar el nuevo a\u00f1o escolar. Es evidente que sobre \u00e9l se ciernen incertidumbres, pero es tambi\u00e9n evidente que la administraci\u00f3n debe comprometerse con una respuesta y el Departament d&#8217;Ensenyament y el Ministerio deben actuar a partir de las previsiones que tienen los gobiernos de c\u00f3mo evolucionar\u00e1 la pandemia. No se les pide que tengan una visi\u00f3n prof\u00e9tica, pero s\u00ed la previsi\u00f3n razonable que permita a los centros organizarse, y eso a estas alturas no existe. Por ejemplo, no se entiende qu\u00e9 significa habilitar espacios como aulas porque no se concreta si habr\u00e1 horarios de ma\u00f1ana y tarde, si las clases ser\u00e1n en d\u00edas alternos, si se mantendr\u00e1 el programa o habr\u00e1 menos materias. La capacidad que demuestra la administraci\u00f3n para concretar respuestas es muy pobre, y es que la pandemia ha puesto a nuestros pol\u00edticos ante una exigencia de eficacia y responsabilidad que no se puede maquillar con publicidad y discursos, entonces se demuestra que muchos de los equipos que rigen los diferentes \u00e1mbitos no disponen de estas virtudes. Un segundo problema, este espec\u00edfico de la ense\u00f1anza concertada, es su situaci\u00f3n econ\u00f3mica. Si una parte de los padres dejan de hacer la aportaci\u00f3n y si encima hay campa\u00f1as en este sentido, la escuela concertada se derrumbar\u00e1. La raz\u00f3n es muy concreta: la aportaci\u00f3n p\u00fablica viene a cubrir como orden de magnitud el 50% del valor real de la plaza. En otras palabras, el coste del alumno al a\u00f1o en la p\u00fablica es de 6.000 euros, y el concierto s\u00f3lo entrega a las escuelas que se acogen 3.000 euros. La diferencia la han de cubrir las aportaciones de los padres, que sirven b\u00e1sicamente para hacer frente al gasto ordinario que no cubre la subvenci\u00f3n, el personal de administraci\u00f3n y servicio de la escuela (desde personas de la limpieza, el conserje, secretar\u00eda, etc.), la amortizaci\u00f3n de los cr\u00e9ditos para nueva construcci\u00f3n o arrendamientos, el mantenimiento de los inmuebles y la conservaci\u00f3n de las instalaciones, y los gastos extraordinarios, como por ejemplo las licencias para las plataformas online que han tenido que adquirir por la pandemia. Por si esto no fuera suficiente, las instrucciones para el curso que viene de la ministra Cela\u00e1, con la excusa del Covid, significan una clara intromisi\u00f3n en la autonom\u00eda de los centros, que ha movido a una amplia reacci\u00f3n de protesta. Por \u00faltimo, recordar que a pesar de que pasa desapercibida, est\u00e1 en tramitaci\u00f3n y periodo de enmiendas la nueva ley de ense\u00f1anza, que en ning\u00fan caso es una ley consensuada, y por lo tanto reitera una vez m\u00e1s los defectos de todas las anteriores y que, si acaba prosperando, significar\u00e1 m\u00e1s problemas para la ense\u00f1anza concertada y para el derecho de los padres a la educaci\u00f3n religiosa y moral de sus hijos. M\u00e1s informaci\u00f3n sobre el coronavirus en ESPECIAL CORONAVIRUS\" \/>\n<meta property=\"og:url\" content=\"https:\/\/conversesacatalunya.cat\/es\/la-ensenanza-concertada-esta-en-riesgo\/\" \/>\n<meta property=\"og:site_name\" content=\"Converses a Catalunya\" \/>\n<meta property=\"article:published_time\" content=\"2020-05-14T11:17:04+00:00\" \/>\n<meta property=\"article:modified_time\" content=\"2020-05-14T11:48:06+00:00\" \/>\n<meta property=\"og:image\" content=\"https:\/\/conversesacatalunya.cat\/wp-content\/uploads\/2020\/05\/escola-concertada.jpg\" \/>\n\t<meta property=\"og:image:width\" content=\"670\" \/>\n\t<meta property=\"og:image:height\" content=\"378\" \/>\n\t<meta property=\"og:image:type\" content=\"image\/jpeg\" \/>\n<meta name=\"author\" content=\"conversesacatalunya\" \/>\n<meta name=\"twitter:card\" content=\"summary_large_image\" \/>\n<meta name=\"twitter:label1\" content=\"Escrito por\" \/>\n\t<meta name=\"twitter:data1\" content=\"conversesacatalunya\" \/>\n\t<meta name=\"twitter:label2\" content=\"Tiempo de lectura\" \/>\n\t<meta name=\"twitter:data2\" content=\"3 minutos\" \/>\n<script type=\"application\/ld+json\" class=\"yoast-schema-graph\">{\"@context\":\"https:\/\/schema.org\",\"@graph\":[{\"@type\":\"Article\",\"@id\":\"https:\/\/conversesacatalunya.cat\/es\/la-ensenanza-concertada-esta-en-riesgo\/#article\",\"isPartOf\":{\"@id\":\"https:\/\/conversesacatalunya.cat\/es\/la-ensenanza-concertada-esta-en-riesgo\/\"},\"author\":{\"name\":\"conversesacatalunya\",\"@id\":\"https:\/\/conversesacatalunya.cat\/#\/schema\/person\/7e24d1e54a2785373ddcb275eae5ed99\"},\"headline\":\"La ense\u00f1anza concertada est\u00e1 en riesgo\",\"datePublished\":\"2020-05-14T11:17:04+00:00\",\"dateModified\":\"2020-05-14T11:48:06+00:00\",\"mainEntityOfPage\":{\"@id\":\"https:\/\/conversesacatalunya.cat\/es\/la-ensenanza-concertada-esta-en-riesgo\/\"},\"wordCount\":637,\"commentCount\":0,\"image\":{\"@id\":\"https:\/\/conversesacatalunya.cat\/es\/la-ensenanza-concertada-esta-en-riesgo\/#primaryimage\"},\"thumbnailUrl\":\"https:\/\/conversesacatalunya.cat\/wp-content\/uploads\/2020\/05\/escola-concertada.jpg\",\"keywords\":[\"coronavirus\",\"Escuela concertada\"],\"articleSection\":[\"Especial Coronavirus (ES)\",\"Punts clau del dia (ES)\"],\"inLanguage\":\"es\",\"potentialAction\":[{\"@type\":\"CommentAction\",\"name\":\"Comment\",\"target\":[\"https:\/\/conversesacatalunya.cat\/es\/la-ensenanza-concertada-esta-en-riesgo\/#respond\"]}]},{\"@type\":\"WebPage\",\"@id\":\"https:\/\/conversesacatalunya.cat\/es\/la-ensenanza-concertada-esta-en-riesgo\/\",\"url\":\"https:\/\/conversesacatalunya.cat\/es\/la-ensenanza-concertada-esta-en-riesgo\/\",\"name\":\"La ense\u00f1anza concertada est\u00e1 en riesgo - Converses a Catalunya\",\"isPartOf\":{\"@id\":\"https:\/\/conversesacatalunya.cat\/#website\"},\"primaryImageOfPage\":{\"@id\":\"https:\/\/conversesacatalunya.cat\/es\/la-ensenanza-concertada-esta-en-riesgo\/#primaryimage\"},\"image\":{\"@id\":\"https:\/\/conversesacatalunya.cat\/es\/la-ensenanza-concertada-esta-en-riesgo\/#primaryimage\"},\"thumbnailUrl\":\"https:\/\/conversesacatalunya.cat\/wp-content\/uploads\/2020\/05\/escola-concertada.jpg\",\"datePublished\":\"2020-05-14T11:17:04+00:00\",\"dateModified\":\"2020-05-14T11:48:06+00:00\",\"author\":{\"@id\":\"https:\/\/conversesacatalunya.cat\/#\/schema\/person\/7e24d1e54a2785373ddcb275eae5ed99\"},\"breadcrumb\":{\"@id\":\"https:\/\/conversesacatalunya.cat\/es\/la-ensenanza-concertada-esta-en-riesgo\/#breadcrumb\"},\"inLanguage\":\"es\",\"potentialAction\":[{\"@type\":\"ReadAction\",\"target\":[\"https:\/\/conversesacatalunya.cat\/es\/la-ensenanza-concertada-esta-en-riesgo\/\"]}]},{\"@type\":\"ImageObject\",\"inLanguage\":\"es\",\"@id\":\"https:\/\/conversesacatalunya.cat\/es\/la-ensenanza-concertada-esta-en-riesgo\/#primaryimage\",\"url\":\"https:\/\/conversesacatalunya.cat\/wp-content\/uploads\/2020\/05\/escola-concertada.jpg\",\"contentUrl\":\"https:\/\/conversesacatalunya.cat\/wp-content\/uploads\/2020\/05\/escola-concertada.jpg\",\"width\":670,\"height\":378,\"caption\":\"An empty classroom of the I.T.C Di Vittorio - I.T.I. Lattanzio school is pictured after the government decree to close schools, cinemas, and urge people to work from home and not stand closer than one metre to each other in Rome, Italy, March 5, 2020. REUTERS\/Remo Casilli - RC2LDF9X70HJ\"},{\"@type\":\"BreadcrumbList\",\"@id\":\"https:\/\/conversesacatalunya.cat\/es\/la-ensenanza-concertada-esta-en-riesgo\/#breadcrumb\",\"itemListElement\":[{\"@type\":\"ListItem\",\"position\":1,\"name\":\"Inici\",\"item\":\"https:\/\/conversesacatalunya.cat\/es\/\"},{\"@type\":\"ListItem\",\"position\":2,\"name\":\"La ense\u00f1anza concertada est\u00e1 en riesgo\"}]},{\"@type\":\"WebSite\",\"@id\":\"https:\/\/conversesacatalunya.cat\/#website\",\"url\":\"https:\/\/conversesacatalunya.cat\/\",\"name\":\"Converses a Catalunya\",\"description\":\"\",\"potentialAction\":[{\"@type\":\"SearchAction\",\"target\":{\"@type\":\"EntryPoint\",\"urlTemplate\":\"https:\/\/conversesacatalunya.cat\/?s={search_term_string}\"},\"query-input\":{\"@type\":\"PropertyValueSpecification\",\"valueRequired\":true,\"valueName\":\"search_term_string\"}}],\"inLanguage\":\"es\"},{\"@type\":\"Person\",\"@id\":\"https:\/\/conversesacatalunya.cat\/#\/schema\/person\/7e24d1e54a2785373ddcb275eae5ed99\",\"name\":\"conversesacatalunya\",\"image\":{\"@type\":\"ImageObject\",\"inLanguage\":\"es\",\"@id\":\"https:\/\/conversesacatalunya.cat\/#\/schema\/person\/image\/\",\"url\":\"https:\/\/conversesacatalunya.cat\/wp-content\/litespeed\/avatar\/febdfeeec89d950f01c748045a981dd2.jpg?ver=1777314535\",\"contentUrl\":\"https:\/\/conversesacatalunya.cat\/wp-content\/litespeed\/avatar\/febdfeeec89d950f01c748045a981dd2.jpg?ver=1777314535\",\"caption\":\"conversesacatalunya\"},\"url\":\"https:\/\/conversesacatalunya.cat\/es\/author\/carme_catala\/\"}]}<\/script>\n<!-- \/ Yoast SEO plugin. -->","yoast_head_json":{"title":"La ense\u00f1anza concertada est\u00e1 en riesgo - Converses a Catalunya","robots":{"index":"index","follow":"follow","max-snippet":"max-snippet:-1","max-image-preview":"max-image-preview:large","max-video-preview":"max-video-preview:-1"},"canonical":"https:\/\/conversesacatalunya.cat\/es\/la-ensenanza-concertada-esta-en-riesgo\/","og_locale":"es_ES","og_type":"article","og_title":"La ense\u00f1anza concertada est\u00e1 en riesgo - Converses a Catalunya","og_description":"Sobre la ense\u00f1anza concertada se acumulan m\u00faltiples dificultades que oscurecen su futuro, algo particularmente grave, porque en ella radica la gran responsabilidad de garantizar el derecho constitucional de los padres a la educaci\u00f3n moral y religiosa de sus hijos. El primer problema es compartido con la p\u00fablica, y nace de la confusi\u00f3n que impera tanto en el Ministerio de Educaci\u00f3n como en el Departament de c\u00f3mo ser\u00e1 el curso 2020-21. Parece como si ambas instancias no tuvieran nada claro ni decidido sobre c\u00f3mo quieren enfocar el nuevo a\u00f1o escolar. Es evidente que sobre \u00e9l se ciernen incertidumbres, pero es tambi\u00e9n evidente que la administraci\u00f3n debe comprometerse con una respuesta y el Departament d&#8217;Ensenyament y el Ministerio deben actuar a partir de las previsiones que tienen los gobiernos de c\u00f3mo evolucionar\u00e1 la pandemia. No se les pide que tengan una visi\u00f3n prof\u00e9tica, pero s\u00ed la previsi\u00f3n razonable que permita a los centros organizarse, y eso a estas alturas no existe. Por ejemplo, no se entiende qu\u00e9 significa habilitar espacios como aulas porque no se concreta si habr\u00e1 horarios de ma\u00f1ana y tarde, si las clases ser\u00e1n en d\u00edas alternos, si se mantendr\u00e1 el programa o habr\u00e1 menos materias. La capacidad que demuestra la administraci\u00f3n para concretar respuestas es muy pobre, y es que la pandemia ha puesto a nuestros pol\u00edticos ante una exigencia de eficacia y responsabilidad que no se puede maquillar con publicidad y discursos, entonces se demuestra que muchos de los equipos que rigen los diferentes \u00e1mbitos no disponen de estas virtudes. Un segundo problema, este espec\u00edfico de la ense\u00f1anza concertada, es su situaci\u00f3n econ\u00f3mica. Si una parte de los padres dejan de hacer la aportaci\u00f3n y si encima hay campa\u00f1as en este sentido, la escuela concertada se derrumbar\u00e1. La raz\u00f3n es muy concreta: la aportaci\u00f3n p\u00fablica viene a cubrir como orden de magnitud el 50% del valor real de la plaza. En otras palabras, el coste del alumno al a\u00f1o en la p\u00fablica es de 6.000 euros, y el concierto s\u00f3lo entrega a las escuelas que se acogen 3.000 euros. La diferencia la han de cubrir las aportaciones de los padres, que sirven b\u00e1sicamente para hacer frente al gasto ordinario que no cubre la subvenci\u00f3n, el personal de administraci\u00f3n y servicio de la escuela (desde personas de la limpieza, el conserje, secretar\u00eda, etc.), la amortizaci\u00f3n de los cr\u00e9ditos para nueva construcci\u00f3n o arrendamientos, el mantenimiento de los inmuebles y la conservaci\u00f3n de las instalaciones, y los gastos extraordinarios, como por ejemplo las licencias para las plataformas online que han tenido que adquirir por la pandemia. Por si esto no fuera suficiente, las instrucciones para el curso que viene de la ministra Cela\u00e1, con la excusa del Covid, significan una clara intromisi\u00f3n en la autonom\u00eda de los centros, que ha movido a una amplia reacci\u00f3n de protesta. Por \u00faltimo, recordar que a pesar de que pasa desapercibida, est\u00e1 en tramitaci\u00f3n y periodo de enmiendas la nueva ley de ense\u00f1anza, que en ning\u00fan caso es una ley consensuada, y por lo tanto reitera una vez m\u00e1s los defectos de todas las anteriores y que, si acaba prosperando, significar\u00e1 m\u00e1s problemas para la ense\u00f1anza concertada y para el derecho de los padres a la educaci\u00f3n religiosa y moral de sus hijos. M\u00e1s informaci\u00f3n sobre el coronavirus en ESPECIAL CORONAVIRUS","og_url":"https:\/\/conversesacatalunya.cat\/es\/la-ensenanza-concertada-esta-en-riesgo\/","og_site_name":"Converses a Catalunya","article_published_time":"2020-05-14T11:17:04+00:00","article_modified_time":"2020-05-14T11:48:06+00:00","og_image":[{"width":670,"height":378,"url":"https:\/\/conversesacatalunya.cat\/wp-content\/uploads\/2020\/05\/escola-concertada.jpg","type":"image\/jpeg"}],"author":"conversesacatalunya","twitter_card":"summary_large_image","twitter_misc":{"Escrito por":"conversesacatalunya","Tiempo de lectura":"3 minutos"},"schema":{"@context":"https:\/\/schema.org","@graph":[{"@type":"Article","@id":"https:\/\/conversesacatalunya.cat\/es\/la-ensenanza-concertada-esta-en-riesgo\/#article","isPartOf":{"@id":"https:\/\/conversesacatalunya.cat\/es\/la-ensenanza-concertada-esta-en-riesgo\/"},"author":{"name":"conversesacatalunya","@id":"https:\/\/conversesacatalunya.cat\/#\/schema\/person\/7e24d1e54a2785373ddcb275eae5ed99"},"headline":"La ense\u00f1anza concertada est\u00e1 en riesgo","datePublished":"2020-05-14T11:17:04+00:00","dateModified":"2020-05-14T11:48:06+00:00","mainEntityOfPage":{"@id":"https:\/\/conversesacatalunya.cat\/es\/la-ensenanza-concertada-esta-en-riesgo\/"},"wordCount":637,"commentCount":0,"image":{"@id":"https:\/\/conversesacatalunya.cat\/es\/la-ensenanza-concertada-esta-en-riesgo\/#primaryimage"},"thumbnailUrl":"https:\/\/conversesacatalunya.cat\/wp-content\/uploads\/2020\/05\/escola-concertada.jpg","keywords":["coronavirus","Escuela concertada"],"articleSection":["Especial Coronavirus (ES)","Punts clau del dia (ES)"],"inLanguage":"es","potentialAction":[{"@type":"CommentAction","name":"Comment","target":["https:\/\/conversesacatalunya.cat\/es\/la-ensenanza-concertada-esta-en-riesgo\/#respond"]}]},{"@type":"WebPage","@id":"https:\/\/conversesacatalunya.cat\/es\/la-ensenanza-concertada-esta-en-riesgo\/","url":"https:\/\/conversesacatalunya.cat\/es\/la-ensenanza-concertada-esta-en-riesgo\/","name":"La ense\u00f1anza concertada est\u00e1 en riesgo - Converses a Catalunya","isPartOf":{"@id":"https:\/\/conversesacatalunya.cat\/#website"},"primaryImageOfPage":{"@id":"https:\/\/conversesacatalunya.cat\/es\/la-ensenanza-concertada-esta-en-riesgo\/#primaryimage"},"image":{"@id":"https:\/\/conversesacatalunya.cat\/es\/la-ensenanza-concertada-esta-en-riesgo\/#primaryimage"},"thumbnailUrl":"https:\/\/conversesacatalunya.cat\/wp-content\/uploads\/2020\/05\/escola-concertada.jpg","datePublished":"2020-05-14T11:17:04+00:00","dateModified":"2020-05-14T11:48:06+00:00","author":{"@id":"https:\/\/conversesacatalunya.cat\/#\/schema\/person\/7e24d1e54a2785373ddcb275eae5ed99"},"breadcrumb":{"@id":"https:\/\/conversesacatalunya.cat\/es\/la-ensenanza-concertada-esta-en-riesgo\/#breadcrumb"},"inLanguage":"es","potentialAction":[{"@type":"ReadAction","target":["https:\/\/conversesacatalunya.cat\/es\/la-ensenanza-concertada-esta-en-riesgo\/"]}]},{"@type":"ImageObject","inLanguage":"es","@id":"https:\/\/conversesacatalunya.cat\/es\/la-ensenanza-concertada-esta-en-riesgo\/#primaryimage","url":"https:\/\/conversesacatalunya.cat\/wp-content\/uploads\/2020\/05\/escola-concertada.jpg","contentUrl":"https:\/\/conversesacatalunya.cat\/wp-content\/uploads\/2020\/05\/escola-concertada.jpg","width":670,"height":378,"caption":"An empty classroom of the I.T.C Di Vittorio - I.T.I. Lattanzio school is pictured after the government decree to close schools, cinemas, and urge people to work from home and not stand closer than one metre to each other in Rome, Italy, March 5, 2020. REUTERS\/Remo Casilli - RC2LDF9X70HJ"},{"@type":"BreadcrumbList","@id":"https:\/\/conversesacatalunya.cat\/es\/la-ensenanza-concertada-esta-en-riesgo\/#breadcrumb","itemListElement":[{"@type":"ListItem","position":1,"name":"Inici","item":"https:\/\/conversesacatalunya.cat\/es\/"},{"@type":"ListItem","position":2,"name":"La ense\u00f1anza concertada est\u00e1 en riesgo"}]},{"@type":"WebSite","@id":"https:\/\/conversesacatalunya.cat\/#website","url":"https:\/\/conversesacatalunya.cat\/","name":"Converses a Catalunya","description":"","potentialAction":[{"@type":"SearchAction","target":{"@type":"EntryPoint","urlTemplate":"https:\/\/conversesacatalunya.cat\/?s={search_term_string}"},"query-input":{"@type":"PropertyValueSpecification","valueRequired":true,"valueName":"search_term_string"}}],"inLanguage":"es"},{"@type":"Person","@id":"https:\/\/conversesacatalunya.cat\/#\/schema\/person\/7e24d1e54a2785373ddcb275eae5ed99","name":"conversesacatalunya","image":{"@type":"ImageObject","inLanguage":"es","@id":"https:\/\/conversesacatalunya.cat\/#\/schema\/person\/image\/","url":"https:\/\/conversesacatalunya.cat\/wp-content\/litespeed\/avatar\/febdfeeec89d950f01c748045a981dd2.jpg?ver=1777314535","contentUrl":"https:\/\/conversesacatalunya.cat\/wp-content\/litespeed\/avatar\/febdfeeec89d950f01c748045a981dd2.jpg?ver=1777314535","caption":"conversesacatalunya"},"url":"https:\/\/conversesacatalunya.cat\/es\/author\/carme_catala\/"}]}},"wps_subtitle":"","_links":{"self":[{"href":"https:\/\/conversesacatalunya.cat\/es\/wp-json\/wp\/v2\/posts\/36120","targetHints":{"allow":["GET"]}}],"collection":[{"href":"https:\/\/conversesacatalunya.cat\/es\/wp-json\/wp\/v2\/posts"}],"about":[{"href":"https:\/\/conversesacatalunya.cat\/es\/wp-json\/wp\/v2\/types\/post"}],"author":[{"embeddable":true,"href":"https:\/\/conversesacatalunya.cat\/es\/wp-json\/wp\/v2\/users\/2"}],"replies":[{"embeddable":true,"href":"https:\/\/conversesacatalunya.cat\/es\/wp-json\/wp\/v2\/comments?post=36120"}],"version-history":[{"count":2,"href":"https:\/\/conversesacatalunya.cat\/es\/wp-json\/wp\/v2\/posts\/36120\/revisions"}],"predecessor-version":[{"id":36121,"href":"https:\/\/conversesacatalunya.cat\/es\/wp-json\/wp\/v2\/posts\/36120\/revisions\/36121"}],"wp:featuredmedia":[{"embeddable":true,"href":"https:\/\/conversesacatalunya.cat\/es\/wp-json\/wp\/v2\/media\/36101"}],"wp:attachment":[{"href":"https:\/\/conversesacatalunya.cat\/es\/wp-json\/wp\/v2\/media?parent=36120"}],"wp:term":[{"taxonomy":"category","embeddable":true,"href":"https:\/\/conversesacatalunya.cat\/es\/wp-json\/wp\/v2\/categories?post=36120"},{"taxonomy":"post_tag","embeddable":true,"href":"https:\/\/conversesacatalunya.cat\/es\/wp-json\/wp\/v2\/tags?post=36120"}],"curies":[{"name":"wp","href":"https:\/\/api.w.org\/{rel}","templated":true}]}}