{"id":36113,"date":"2020-05-14T12:52:30","date_gmt":"2020-05-14T10:52:30","guid":{"rendered":"https:\/\/conversesacatalunya.cat\/si-no-hi-va-haver-collapse-per-que-es-va-fer-el-cribratge\/"},"modified":"2020-05-14T13:37:58","modified_gmt":"2020-05-14T11:37:58","slug":"si-no-hubo-colapso-por-que-se-hizo-el-cribado","status":"publish","type":"post","link":"https:\/\/conversesacatalunya.cat\/es\/si-no-hubo-colapso-por-que-se-hizo-el-cribado\/","title":{"rendered":"Si no hubo colapso, \u00bfpor qu\u00e9 se hizo el cribado?"},"content":{"rendered":"<div>\n<div tabindex=\"0\"><span lang=\"es\">Uno de los hechos m\u00e1s negativos y escandalosos que se ha producido con la pandemia es la <a href=\"https:\/\/conversesacatalunya.cat\/es\/el-escandalo-de-las-muertes-no-contabilizadas-en-las-residencias-de-ancianos\/\" target=\"_blank\" rel=\"noopener noreferrer\">discriminaci\u00f3n que han sufrido las personas mayores<\/a>, tanto en la atenci\u00f3n en las residencias como en los traslados al hospital, el ingreso a la UCI y el acceso a los respiraderos. Hay que recordar las instrucciones del servicio de emergencias m\u00e9dicas (SEM) de Catalu\u00f1a de c\u00f3mo actuar para no trasladar a personas mayores a los hospitales o de no utilizar los respiraderos en personas de m\u00e1s de 75 a\u00f1os a pesar de que no presentaran patolog\u00edas que pusieran en peligro su vida.<\/span><\/div>\n<div tabindex=\"0\"><span lang=\"es\"><br \/>\nAhora la informaci\u00f3n que se ha hecho p\u00fablica sobre uno de los hospitales m\u00e1s grandes de Espa\u00f1a, el Hospital de la Vall d&#8217;Hebron y el que ha atendido a m\u00e1s enfermos en la UCI, crea una importante dosis de perplejidad y muchos interrogantes que deben ser aclarados.<\/span><\/div>\n<div tabindex=\"0\"><span lang=\"es\"><br \/>\nY es que el an\u00e1lisis de casos concretos de hospitales facilita una radiograf\u00eda real de lo que ha estado sucediendo.<\/span><\/div>\n<div tabindex=\"0\"><span lang=\"es\"><br \/>\nEntre finales de marzo y principios de abril, seg\u00fan informa el <strong>Hospital de la Vall d&#8217;Hebron, estuvieron a 24 o 48 horas<\/strong> del colapso, dado que les entraba diariamente un n\u00famero extraordinario de pacientes en la UCI. Por ejemplo, el 31 de marzo registraron una punta de 24 ingresos en 24 horas. Pero lo que es evidente seg\u00fan las propias afirmaciones es que, a pesar de esta extraordinaria presi\u00f3n, el colapso no lleg\u00f3 a producirse. Y si esto es as\u00ed, significa que todav\u00eda les quedaba un margen, peque\u00f1o, eso s\u00ed, para admitir nuevos casos.<\/span><\/div>\n<div tabindex=\"0\"><span lang=\"es\"><br \/>\nLa pregunta es por qu\u00e9 si la situaci\u00f3n era esta, ingresaron tan pocas personas de m\u00e1s de 70 a\u00f1os en la UCI y menos a\u00fan de 80 a\u00f1os o, si el margen exist\u00eda, por qu\u00e9, cur\u00e1ndose en salud, estas personas ya no entraban a pesar de haber disponibilidad. Esta es una indagaci\u00f3n a la que deben someterse todos los hospitales y que interpela a instancias de diferentes pol\u00edticas, como la comisi\u00f3n parlamentaria, judiciales y de la Sindicatura de Greuges<\/span><\/div>\n<div tabindex=\"0\"><\/div>\n<\/div>\n<div tabindex=\"0\"><span lang=\"es\"><span class='bctt-click-to-tweet'><span class='bctt-ctt-text'><a href='https:\/\/twitter.com\/intent\/tweet?url=https%3A%2F%2Fconversesacatalunya.cat%2Fes%2Fsi-no-hubo-colapso-por-que-se-hizo-el-cribado%2F&#038;text=Uno%20de%20los%20hechos%20m%C3%A1s%20negativos%20y%20escandalosos%20que%20se%20ha%20producido%20con%20la%20pandemia%20es%20la%20discriminaci%C3%B3n%20que%20han%20sufrido%20las%20personas%20mayores&#038;via=conversesacat&#038;related=conversesacat' target='_blank'rel=\"noopener noreferrer\">Uno de los hechos m\u00e1s negativos y escandalosos que se ha producido con la pandemia es la discriminaci\u00f3n que han sufrido las personas mayores <\/a><\/span><a href='https:\/\/twitter.com\/intent\/tweet?url=https%3A%2F%2Fconversesacatalunya.cat%2Fes%2Fsi-no-hubo-colapso-por-que-se-hizo-el-cribado%2F&#038;text=Uno%20de%20los%20hechos%20m%C3%A1s%20negativos%20y%20escandalosos%20que%20se%20ha%20producido%20con%20la%20pandemia%20es%20la%20discriminaci%C3%B3n%20que%20han%20sufrido%20las%20personas%20mayores&#038;via=conversesacat&#038;related=conversesacat' target='_blank' class='bctt-ctt-btn'rel=\"noopener noreferrer\">Compartir en X<\/a><\/span><\/span><\/div>\n<div>\n<div tabindex=\"0\"><span lang=\"es\"><br \/>\nPero todav\u00eda hay una segunda derivada. Dado que desde finales de marzo se iba anunciando una situaci\u00f3n de posible colapso sin saber si \u00e9ste se llegar\u00eda a producir o no, la pregunta entonces es: \u00bfpor qu\u00e9 el <strong>departamento de Sanidad no pidi\u00f3 el traslado a otras comunidades aut\u00f3nomas<\/strong> que en sus servicios p\u00fablicos o concertados dispon\u00edan de plazas sobradas? En caso de haber actuado as\u00ed, el margen de la UCI habr\u00eda quedado m\u00e1s holgado y se habr\u00eda podido atender a m\u00e1s personas mayores, y tambi\u00e9n, un aspecto que a menudo no se tiene en cuenta, <strong>enfermos graves de otras patolog\u00edas<\/strong>. Porque la realidad es que la emergencia provocada por el Covid-19 ha dejado al margen a enfermos que necesitaban atenci\u00f3n y que en condiciones normales habr\u00edan ingresado en la UCI. Esta es una segunda cuesti\u00f3n de respuesta obligada por parte de la Generalitat.<\/span><\/div>\n<div tabindex=\"0\"><\/div>\n<\/div>\n<div class=\"tlid-result-transliteration-container result-transliteration-container transliteration-container\">\n<div class=\"tlid-transliteration-content transliteration-content full\"><\/div>\n<\/div>\n<p style=\"text-align: center;\">M\u00e1s informaci\u00f3n sobre el coronavirus en <a href=\"https:\/\/conversesacatalunya.cat\/es\/coronavirus\/\" target=\"_blank\" rel=\"noopener noreferrer\">ESPECIAL CORONAVIRUS<\/a><\/p>\n<div id=\"polls-50\" class=\"wp-polls\">\n\t<form id=\"polls_form_50\" class=\"wp-polls-form\" action=\"\/index.php\" method=\"post\">\n\t\t<p style=\"display: none;\"><input type=\"hidden\" id=\"poll_50_nonce\" name=\"wp-polls-nonce\" value=\"cd552ddaae\" \/><\/p>\n\t\t<p style=\"display: none;\"><input type=\"hidden\" name=\"poll_id\" value=\"50\" \/><\/p>\n\t\t<p style=\"text-align: center\"><strong>Creus que la Generalitat de Catalunya \u00e9s responsable del mal tracte donat a les resid\u00e8ncies de gent gran?<\/strong><\/p><div id=\"polls-50-ans\" class=\"wp-polls-ans\"><ul class=\"wp-polls-ul\">\n\t\t<li><input type=\"radio\" id=\"poll-answer-106\" name=\"poll_50\" value=\"106\" \/> <label for=\"poll-answer-106\">Si<\/label><\/li>\n\t\t<li><input type=\"radio\" id=\"poll-answer-107\" name=\"poll_50\" value=\"107\" \/> <label for=\"poll-answer-107\">No<\/label><\/li>\n\t\t<\/ul><p style=\"text-align: center\"><input type=\"button\" name=\"vote\" value=\"   Vota   \" class=\"Buttons\" onclick=\"poll_vote(50);\" \/><\/p><p style=\"text-align: center\"><a href=\"#ViewPollResults\" onclick=\"poll_result(50); return false;\" title=\"View Results Of This Poll\">Mira els resultats<\/a><\/p><\/div>\n\t<\/form>\n<\/div>\n<div id=\"polls-50-loading\" class=\"wp-polls-loading\"><img decoding=\"async\" data-src=\"https:\/\/conversesacatalunya.cat\/wp-content\/plugins\/wp-polls\/images\/loading.gif\" width=\"16\" height=\"16\" alt=\"Cargando ...\" title=\"Cargando ...\" class=\"wp-polls-image lazyload\" src=\"data:image\/svg+xml;base64,PHN2ZyB3aWR0aD0iMSIgaGVpZ2h0PSIxIiB4bWxucz0iaHR0cDovL3d3dy53My5vcmcvMjAwMC9zdmciPjwvc3ZnPg==\" style=\"--smush-placeholder-width: 16px; --smush-placeholder-aspect-ratio: 16\/16;\" \/>&nbsp;Cargando ...<\/div>\n\n","protected":false},"excerpt":{"rendered":"<p>Uno de los hechos m\u00e1s negativos y escandalosos que se ha producido con la pandemia es la discriminaci\u00f3n que han sufrido las personas mayores, tanto en la atenci\u00f3n en las residencias como en los traslados al hospital, el ingreso a la UCI y el acceso a los respiraderos. Hay que recordar las instrucciones del servicio de emergencias m\u00e9dicas (SEM) de Catalu\u00f1a de c\u00f3mo actuar para no trasladar a personas mayores a los hospitales o de no utilizar los respiraderos en personas de m\u00e1s de 75 a\u00f1os a pesar de que no presentaran patolog\u00edas que pusieran en peligro su vida. Ahora la informaci\u00f3n que se ha hecho p\u00fablica sobre uno de los hospitales m\u00e1s grandes de Espa\u00f1a, el Hospital de la Vall d&#8217;Hebron y el que ha atendido a m\u00e1s enfermos en la UCI, crea una importante dosis de perplejidad y muchos interrogantes que deben ser aclarados. Y es que el an\u00e1lisis de casos concretos de hospitales facilita una radiograf\u00eda real de lo que ha estado sucediendo. Entre finales de marzo y principios de abril, seg\u00fan informa el Hospital de la Vall d&#8217;Hebron, estuvieron a 24 o 48 horas del colapso, dado que les entraba diariamente un n\u00famero extraordinario de pacientes en la UCI. Por ejemplo, el 31 de marzo registraron una punta de 24 ingresos en 24 horas. Pero lo que es evidente seg\u00fan las propias afirmaciones es que, a pesar de esta extraordinaria presi\u00f3n, el colapso no lleg\u00f3 a producirse. Y si esto es as\u00ed, significa que todav\u00eda les quedaba un margen, peque\u00f1o, eso s\u00ed, para admitir nuevos casos. La pregunta es por qu\u00e9 si la situaci\u00f3n era esta, ingresaron tan pocas personas de m\u00e1s de 70 a\u00f1os en la UCI y menos a\u00fan de 80 a\u00f1os o, si el margen exist\u00eda, por qu\u00e9, cur\u00e1ndose en salud, estas personas ya no entraban a pesar de haber disponibilidad. Esta es una indagaci\u00f3n a la que deben someterse todos los hospitales y que interpela a instancias de diferentes pol\u00edticas, como la comisi\u00f3n parlamentaria, judiciales y de la Sindicatura de Greuges Pero todav\u00eda hay una segunda derivada. Dado que desde finales de marzo se iba anunciando una situaci\u00f3n de posible colapso sin saber si \u00e9ste se llegar\u00eda a producir o no, la pregunta entonces es: \u00bfpor qu\u00e9 el departamento de Sanidad no pidi\u00f3 el traslado a otras comunidades aut\u00f3nomas que en sus servicios p\u00fablicos o concertados dispon\u00edan de plazas sobradas? En caso de haber actuado as\u00ed, el margen de la UCI habr\u00eda quedado m\u00e1s holgado y se habr\u00eda podido atender a m\u00e1s personas mayores, y tambi\u00e9n, un aspecto que a menudo no se tiene en cuenta, enfermos graves de otras patolog\u00edas. Porque la realidad es que la emergencia provocada por el Covid-19 ha dejado al margen a enfermos que necesitaban atenci\u00f3n y que en condiciones normales habr\u00edan ingresado en la UCI. Esta es una segunda cuesti\u00f3n de respuesta obligada por parte de la Generalitat. M\u00e1s informaci\u00f3n sobre el coronavirus en ESPECIAL CORONAVIRUS<\/p>\n","protected":false},"author":2,"featured_media":36093,"comment_status":"open","ping_status":"open","sticky":false,"template":"","format":"standard","meta":{"_FSMCFIC_featured_image_caption":"","_FSMCFIC_featured_image_nocaption":"","_FSMCFIC_featured_image_hide":"","footnotes":""},"categories":[1772,806],"tags":[1504,2025],"class_list":["post-36113","post","type-post","status-publish","format-standard","has-post-thumbnail","hentry","category-especial-coronavirus-es","category-punts-claus-del-dia-es","tag-coronavirus-es","tag-residencias-de-ancianos"],"yoast_head":"<!-- This site is optimized with the Yoast SEO plugin v26.8 - https:\/\/yoast.com\/product\/yoast-seo-wordpress\/ -->\n<title>Si no hubo colapso, \u00bfpor qu\u00e9 se hizo el cribado? - Converses a Catalunya<\/title>\n<meta name=\"robots\" content=\"index, follow, max-snippet:-1, max-image-preview:large, max-video-preview:-1\" \/>\n<link rel=\"canonical\" href=\"https:\/\/conversesacatalunya.cat\/es\/si-no-hubo-colapso-por-que-se-hizo-el-cribado\/\" \/>\n<meta property=\"og:locale\" content=\"es_ES\" \/>\n<meta property=\"og:type\" content=\"article\" \/>\n<meta property=\"og:title\" content=\"Si no hubo colapso, \u00bfpor qu\u00e9 se hizo el cribado? - Converses a Catalunya\" \/>\n<meta property=\"og:description\" content=\"Uno de los hechos m\u00e1s negativos y escandalosos que se ha producido con la pandemia es la discriminaci\u00f3n que han sufrido las personas mayores, tanto en la atenci\u00f3n en las residencias como en los traslados al hospital, el ingreso a la UCI y el acceso a los respiraderos. Hay que recordar las instrucciones del servicio de emergencias m\u00e9dicas (SEM) de Catalu\u00f1a de c\u00f3mo actuar para no trasladar a personas mayores a los hospitales o de no utilizar los respiraderos en personas de m\u00e1s de 75 a\u00f1os a pesar de que no presentaran patolog\u00edas que pusieran en peligro su vida. Ahora la informaci\u00f3n que se ha hecho p\u00fablica sobre uno de los hospitales m\u00e1s grandes de Espa\u00f1a, el Hospital de la Vall d&#8217;Hebron y el que ha atendido a m\u00e1s enfermos en la UCI, crea una importante dosis de perplejidad y muchos interrogantes que deben ser aclarados. Y es que el an\u00e1lisis de casos concretos de hospitales facilita una radiograf\u00eda real de lo que ha estado sucediendo. Entre finales de marzo y principios de abril, seg\u00fan informa el Hospital de la Vall d&#8217;Hebron, estuvieron a 24 o 48 horas del colapso, dado que les entraba diariamente un n\u00famero extraordinario de pacientes en la UCI. Por ejemplo, el 31 de marzo registraron una punta de 24 ingresos en 24 horas. Pero lo que es evidente seg\u00fan las propias afirmaciones es que, a pesar de esta extraordinaria presi\u00f3n, el colapso no lleg\u00f3 a producirse. Y si esto es as\u00ed, significa que todav\u00eda les quedaba un margen, peque\u00f1o, eso s\u00ed, para admitir nuevos casos. La pregunta es por qu\u00e9 si la situaci\u00f3n era esta, ingresaron tan pocas personas de m\u00e1s de 70 a\u00f1os en la UCI y menos a\u00fan de 80 a\u00f1os o, si el margen exist\u00eda, por qu\u00e9, cur\u00e1ndose en salud, estas personas ya no entraban a pesar de haber disponibilidad. Esta es una indagaci\u00f3n a la que deben someterse todos los hospitales y que interpela a instancias de diferentes pol\u00edticas, como la comisi\u00f3n parlamentaria, judiciales y de la Sindicatura de Greuges Pero todav\u00eda hay una segunda derivada. Dado que desde finales de marzo se iba anunciando una situaci\u00f3n de posible colapso sin saber si \u00e9ste se llegar\u00eda a producir o no, la pregunta entonces es: \u00bfpor qu\u00e9 el departamento de Sanidad no pidi\u00f3 el traslado a otras comunidades aut\u00f3nomas que en sus servicios p\u00fablicos o concertados dispon\u00edan de plazas sobradas? En caso de haber actuado as\u00ed, el margen de la UCI habr\u00eda quedado m\u00e1s holgado y se habr\u00eda podido atender a m\u00e1s personas mayores, y tambi\u00e9n, un aspecto que a menudo no se tiene en cuenta, enfermos graves de otras patolog\u00edas. Porque la realidad es que la emergencia provocada por el Covid-19 ha dejado al margen a enfermos que necesitaban atenci\u00f3n y que en condiciones normales habr\u00edan ingresado en la UCI. Esta es una segunda cuesti\u00f3n de respuesta obligada por parte de la Generalitat. M\u00e1s informaci\u00f3n sobre el coronavirus en ESPECIAL CORONAVIRUS\" \/>\n<meta property=\"og:url\" content=\"https:\/\/conversesacatalunya.cat\/es\/si-no-hubo-colapso-por-que-se-hizo-el-cribado\/\" \/>\n<meta property=\"og:site_name\" content=\"Converses a Catalunya\" \/>\n<meta property=\"article:published_time\" content=\"2020-05-14T10:52:30+00:00\" \/>\n<meta property=\"article:modified_time\" content=\"2020-05-14T11:37:58+00:00\" \/>\n<meta property=\"og:image\" content=\"https:\/\/conversesacatalunya.cat\/wp-content\/uploads\/2020\/05\/resid\u00e8ncies-gent-gran.jpg\" \/>\n\t<meta property=\"og:image:width\" content=\"1600\" \/>\n\t<meta property=\"og:image:height\" content=\"1066\" \/>\n\t<meta property=\"og:image:type\" content=\"image\/jpeg\" \/>\n<meta name=\"author\" content=\"conversesacatalunya\" \/>\n<meta name=\"twitter:card\" content=\"summary_large_image\" \/>\n<meta name=\"twitter:label1\" content=\"Escrito por\" \/>\n\t<meta name=\"twitter:data1\" content=\"conversesacatalunya\" \/>\n\t<meta name=\"twitter:label2\" content=\"Tiempo de lectura\" \/>\n\t<meta name=\"twitter:data2\" content=\"3 minutos\" \/>\n<script type=\"application\/ld+json\" class=\"yoast-schema-graph\">{\"@context\":\"https:\/\/schema.org\",\"@graph\":[{\"@type\":\"Article\",\"@id\":\"https:\/\/conversesacatalunya.cat\/es\/si-no-hubo-colapso-por-que-se-hizo-el-cribado\/#article\",\"isPartOf\":{\"@id\":\"https:\/\/conversesacatalunya.cat\/es\/si-no-hubo-colapso-por-que-se-hizo-el-cribado\/\"},\"author\":{\"name\":\"conversesacatalunya\",\"@id\":\"https:\/\/conversesacatalunya.cat\/#\/schema\/person\/7e24d1e54a2785373ddcb275eae5ed99\"},\"headline\":\"Si no hubo colapso, \u00bfpor qu\u00e9 se hizo el cribado?\",\"datePublished\":\"2020-05-14T10:52:30+00:00\",\"dateModified\":\"2020-05-14T11:37:58+00:00\",\"mainEntityOfPage\":{\"@id\":\"https:\/\/conversesacatalunya.cat\/es\/si-no-hubo-colapso-por-que-se-hizo-el-cribado\/\"},\"wordCount\":575,\"commentCount\":0,\"image\":{\"@id\":\"https:\/\/conversesacatalunya.cat\/es\/si-no-hubo-colapso-por-que-se-hizo-el-cribado\/#primaryimage\"},\"thumbnailUrl\":\"https:\/\/conversesacatalunya.cat\/wp-content\/uploads\/2020\/05\/resid\u00e8ncies-gent-gran.jpg\",\"keywords\":[\"coronavirus\",\"residencias de ancianos\"],\"articleSection\":[\"Especial Coronavirus (ES)\",\"Punts clau del dia (ES)\"],\"inLanguage\":\"es\",\"potentialAction\":[{\"@type\":\"CommentAction\",\"name\":\"Comment\",\"target\":[\"https:\/\/conversesacatalunya.cat\/es\/si-no-hubo-colapso-por-que-se-hizo-el-cribado\/#respond\"]}]},{\"@type\":\"WebPage\",\"@id\":\"https:\/\/conversesacatalunya.cat\/es\/si-no-hubo-colapso-por-que-se-hizo-el-cribado\/\",\"url\":\"https:\/\/conversesacatalunya.cat\/es\/si-no-hubo-colapso-por-que-se-hizo-el-cribado\/\",\"name\":\"Si no hubo colapso, \u00bfpor qu\u00e9 se hizo el cribado? - Converses a Catalunya\",\"isPartOf\":{\"@id\":\"https:\/\/conversesacatalunya.cat\/#website\"},\"primaryImageOfPage\":{\"@id\":\"https:\/\/conversesacatalunya.cat\/es\/si-no-hubo-colapso-por-que-se-hizo-el-cribado\/#primaryimage\"},\"image\":{\"@id\":\"https:\/\/conversesacatalunya.cat\/es\/si-no-hubo-colapso-por-que-se-hizo-el-cribado\/#primaryimage\"},\"thumbnailUrl\":\"https:\/\/conversesacatalunya.cat\/wp-content\/uploads\/2020\/05\/resid\u00e8ncies-gent-gran.jpg\",\"datePublished\":\"2020-05-14T10:52:30+00:00\",\"dateModified\":\"2020-05-14T11:37:58+00:00\",\"author\":{\"@id\":\"https:\/\/conversesacatalunya.cat\/#\/schema\/person\/7e24d1e54a2785373ddcb275eae5ed99\"},\"breadcrumb\":{\"@id\":\"https:\/\/conversesacatalunya.cat\/es\/si-no-hubo-colapso-por-que-se-hizo-el-cribado\/#breadcrumb\"},\"inLanguage\":\"es\",\"potentialAction\":[{\"@type\":\"ReadAction\",\"target\":[\"https:\/\/conversesacatalunya.cat\/es\/si-no-hubo-colapso-por-que-se-hizo-el-cribado\/\"]}]},{\"@type\":\"ImageObject\",\"inLanguage\":\"es\",\"@id\":\"https:\/\/conversesacatalunya.cat\/es\/si-no-hubo-colapso-por-que-se-hizo-el-cribado\/#primaryimage\",\"url\":\"https:\/\/conversesacatalunya.cat\/wp-content\/uploads\/2020\/05\/resid\u00e8ncies-gent-gran.jpg\",\"contentUrl\":\"https:\/\/conversesacatalunya.cat\/wp-content\/uploads\/2020\/05\/resid\u00e8ncies-gent-gran.jpg\",\"width\":1600,\"height\":1066,\"caption\":\"resid\u00e8ncies gent gran\"},{\"@type\":\"BreadcrumbList\",\"@id\":\"https:\/\/conversesacatalunya.cat\/es\/si-no-hubo-colapso-por-que-se-hizo-el-cribado\/#breadcrumb\",\"itemListElement\":[{\"@type\":\"ListItem\",\"position\":1,\"name\":\"Inici\",\"item\":\"https:\/\/conversesacatalunya.cat\/es\/\"},{\"@type\":\"ListItem\",\"position\":2,\"name\":\"Si no hubo colapso, \u00bfpor qu\u00e9 se hizo el cribado?\"}]},{\"@type\":\"WebSite\",\"@id\":\"https:\/\/conversesacatalunya.cat\/#website\",\"url\":\"https:\/\/conversesacatalunya.cat\/\",\"name\":\"Converses a Catalunya\",\"description\":\"\",\"potentialAction\":[{\"@type\":\"SearchAction\",\"target\":{\"@type\":\"EntryPoint\",\"urlTemplate\":\"https:\/\/conversesacatalunya.cat\/?s={search_term_string}\"},\"query-input\":{\"@type\":\"PropertyValueSpecification\",\"valueRequired\":true,\"valueName\":\"search_term_string\"}}],\"inLanguage\":\"es\"},{\"@type\":\"Person\",\"@id\":\"https:\/\/conversesacatalunya.cat\/#\/schema\/person\/7e24d1e54a2785373ddcb275eae5ed99\",\"name\":\"conversesacatalunya\",\"image\":{\"@type\":\"ImageObject\",\"inLanguage\":\"es\",\"@id\":\"https:\/\/conversesacatalunya.cat\/#\/schema\/person\/image\/\",\"url\":\"https:\/\/conversesacatalunya.cat\/wp-content\/litespeed\/avatar\/febdfeeec89d950f01c748045a981dd2.jpg?ver=1777314535\",\"contentUrl\":\"https:\/\/conversesacatalunya.cat\/wp-content\/litespeed\/avatar\/febdfeeec89d950f01c748045a981dd2.jpg?ver=1777314535\",\"caption\":\"conversesacatalunya\"},\"url\":\"https:\/\/conversesacatalunya.cat\/es\/author\/carme_catala\/\"}]}<\/script>\n<!-- \/ Yoast SEO plugin. -->","yoast_head_json":{"title":"Si no hubo colapso, \u00bfpor qu\u00e9 se hizo el cribado? - Converses a Catalunya","robots":{"index":"index","follow":"follow","max-snippet":"max-snippet:-1","max-image-preview":"max-image-preview:large","max-video-preview":"max-video-preview:-1"},"canonical":"https:\/\/conversesacatalunya.cat\/es\/si-no-hubo-colapso-por-que-se-hizo-el-cribado\/","og_locale":"es_ES","og_type":"article","og_title":"Si no hubo colapso, \u00bfpor qu\u00e9 se hizo el cribado? - Converses a Catalunya","og_description":"Uno de los hechos m\u00e1s negativos y escandalosos que se ha producido con la pandemia es la discriminaci\u00f3n que han sufrido las personas mayores, tanto en la atenci\u00f3n en las residencias como en los traslados al hospital, el ingreso a la UCI y el acceso a los respiraderos. Hay que recordar las instrucciones del servicio de emergencias m\u00e9dicas (SEM) de Catalu\u00f1a de c\u00f3mo actuar para no trasladar a personas mayores a los hospitales o de no utilizar los respiraderos en personas de m\u00e1s de 75 a\u00f1os a pesar de que no presentaran patolog\u00edas que pusieran en peligro su vida. Ahora la informaci\u00f3n que se ha hecho p\u00fablica sobre uno de los hospitales m\u00e1s grandes de Espa\u00f1a, el Hospital de la Vall d&#8217;Hebron y el que ha atendido a m\u00e1s enfermos en la UCI, crea una importante dosis de perplejidad y muchos interrogantes que deben ser aclarados. Y es que el an\u00e1lisis de casos concretos de hospitales facilita una radiograf\u00eda real de lo que ha estado sucediendo. Entre finales de marzo y principios de abril, seg\u00fan informa el Hospital de la Vall d&#8217;Hebron, estuvieron a 24 o 48 horas del colapso, dado que les entraba diariamente un n\u00famero extraordinario de pacientes en la UCI. Por ejemplo, el 31 de marzo registraron una punta de 24 ingresos en 24 horas. Pero lo que es evidente seg\u00fan las propias afirmaciones es que, a pesar de esta extraordinaria presi\u00f3n, el colapso no lleg\u00f3 a producirse. Y si esto es as\u00ed, significa que todav\u00eda les quedaba un margen, peque\u00f1o, eso s\u00ed, para admitir nuevos casos. La pregunta es por qu\u00e9 si la situaci\u00f3n era esta, ingresaron tan pocas personas de m\u00e1s de 70 a\u00f1os en la UCI y menos a\u00fan de 80 a\u00f1os o, si el margen exist\u00eda, por qu\u00e9, cur\u00e1ndose en salud, estas personas ya no entraban a pesar de haber disponibilidad. Esta es una indagaci\u00f3n a la que deben someterse todos los hospitales y que interpela a instancias de diferentes pol\u00edticas, como la comisi\u00f3n parlamentaria, judiciales y de la Sindicatura de Greuges Pero todav\u00eda hay una segunda derivada. Dado que desde finales de marzo se iba anunciando una situaci\u00f3n de posible colapso sin saber si \u00e9ste se llegar\u00eda a producir o no, la pregunta entonces es: \u00bfpor qu\u00e9 el departamento de Sanidad no pidi\u00f3 el traslado a otras comunidades aut\u00f3nomas que en sus servicios p\u00fablicos o concertados dispon\u00edan de plazas sobradas? En caso de haber actuado as\u00ed, el margen de la UCI habr\u00eda quedado m\u00e1s holgado y se habr\u00eda podido atender a m\u00e1s personas mayores, y tambi\u00e9n, un aspecto que a menudo no se tiene en cuenta, enfermos graves de otras patolog\u00edas. Porque la realidad es que la emergencia provocada por el Covid-19 ha dejado al margen a enfermos que necesitaban atenci\u00f3n y que en condiciones normales habr\u00edan ingresado en la UCI. Esta es una segunda cuesti\u00f3n de respuesta obligada por parte de la Generalitat. M\u00e1s informaci\u00f3n sobre el coronavirus en ESPECIAL CORONAVIRUS","og_url":"https:\/\/conversesacatalunya.cat\/es\/si-no-hubo-colapso-por-que-se-hizo-el-cribado\/","og_site_name":"Converses a Catalunya","article_published_time":"2020-05-14T10:52:30+00:00","article_modified_time":"2020-05-14T11:37:58+00:00","og_image":[{"width":1600,"height":1066,"url":"https:\/\/conversesacatalunya.cat\/wp-content\/uploads\/2020\/05\/resid\u00e8ncies-gent-gran.jpg","type":"image\/jpeg"}],"author":"conversesacatalunya","twitter_card":"summary_large_image","twitter_misc":{"Escrito por":"conversesacatalunya","Tiempo de lectura":"3 minutos"},"schema":{"@context":"https:\/\/schema.org","@graph":[{"@type":"Article","@id":"https:\/\/conversesacatalunya.cat\/es\/si-no-hubo-colapso-por-que-se-hizo-el-cribado\/#article","isPartOf":{"@id":"https:\/\/conversesacatalunya.cat\/es\/si-no-hubo-colapso-por-que-se-hizo-el-cribado\/"},"author":{"name":"conversesacatalunya","@id":"https:\/\/conversesacatalunya.cat\/#\/schema\/person\/7e24d1e54a2785373ddcb275eae5ed99"},"headline":"Si no hubo colapso, \u00bfpor qu\u00e9 se hizo el cribado?","datePublished":"2020-05-14T10:52:30+00:00","dateModified":"2020-05-14T11:37:58+00:00","mainEntityOfPage":{"@id":"https:\/\/conversesacatalunya.cat\/es\/si-no-hubo-colapso-por-que-se-hizo-el-cribado\/"},"wordCount":575,"commentCount":0,"image":{"@id":"https:\/\/conversesacatalunya.cat\/es\/si-no-hubo-colapso-por-que-se-hizo-el-cribado\/#primaryimage"},"thumbnailUrl":"https:\/\/conversesacatalunya.cat\/wp-content\/uploads\/2020\/05\/resid\u00e8ncies-gent-gran.jpg","keywords":["coronavirus","residencias de ancianos"],"articleSection":["Especial Coronavirus (ES)","Punts clau del dia (ES)"],"inLanguage":"es","potentialAction":[{"@type":"CommentAction","name":"Comment","target":["https:\/\/conversesacatalunya.cat\/es\/si-no-hubo-colapso-por-que-se-hizo-el-cribado\/#respond"]}]},{"@type":"WebPage","@id":"https:\/\/conversesacatalunya.cat\/es\/si-no-hubo-colapso-por-que-se-hizo-el-cribado\/","url":"https:\/\/conversesacatalunya.cat\/es\/si-no-hubo-colapso-por-que-se-hizo-el-cribado\/","name":"Si no hubo colapso, \u00bfpor qu\u00e9 se hizo el cribado? - Converses a Catalunya","isPartOf":{"@id":"https:\/\/conversesacatalunya.cat\/#website"},"primaryImageOfPage":{"@id":"https:\/\/conversesacatalunya.cat\/es\/si-no-hubo-colapso-por-que-se-hizo-el-cribado\/#primaryimage"},"image":{"@id":"https:\/\/conversesacatalunya.cat\/es\/si-no-hubo-colapso-por-que-se-hizo-el-cribado\/#primaryimage"},"thumbnailUrl":"https:\/\/conversesacatalunya.cat\/wp-content\/uploads\/2020\/05\/resid\u00e8ncies-gent-gran.jpg","datePublished":"2020-05-14T10:52:30+00:00","dateModified":"2020-05-14T11:37:58+00:00","author":{"@id":"https:\/\/conversesacatalunya.cat\/#\/schema\/person\/7e24d1e54a2785373ddcb275eae5ed99"},"breadcrumb":{"@id":"https:\/\/conversesacatalunya.cat\/es\/si-no-hubo-colapso-por-que-se-hizo-el-cribado\/#breadcrumb"},"inLanguage":"es","potentialAction":[{"@type":"ReadAction","target":["https:\/\/conversesacatalunya.cat\/es\/si-no-hubo-colapso-por-que-se-hizo-el-cribado\/"]}]},{"@type":"ImageObject","inLanguage":"es","@id":"https:\/\/conversesacatalunya.cat\/es\/si-no-hubo-colapso-por-que-se-hizo-el-cribado\/#primaryimage","url":"https:\/\/conversesacatalunya.cat\/wp-content\/uploads\/2020\/05\/resid\u00e8ncies-gent-gran.jpg","contentUrl":"https:\/\/conversesacatalunya.cat\/wp-content\/uploads\/2020\/05\/resid\u00e8ncies-gent-gran.jpg","width":1600,"height":1066,"caption":"resid\u00e8ncies gent gran"},{"@type":"BreadcrumbList","@id":"https:\/\/conversesacatalunya.cat\/es\/si-no-hubo-colapso-por-que-se-hizo-el-cribado\/#breadcrumb","itemListElement":[{"@type":"ListItem","position":1,"name":"Inici","item":"https:\/\/conversesacatalunya.cat\/es\/"},{"@type":"ListItem","position":2,"name":"Si no hubo colapso, \u00bfpor qu\u00e9 se hizo el cribado?"}]},{"@type":"WebSite","@id":"https:\/\/conversesacatalunya.cat\/#website","url":"https:\/\/conversesacatalunya.cat\/","name":"Converses a Catalunya","description":"","potentialAction":[{"@type":"SearchAction","target":{"@type":"EntryPoint","urlTemplate":"https:\/\/conversesacatalunya.cat\/?s={search_term_string}"},"query-input":{"@type":"PropertyValueSpecification","valueRequired":true,"valueName":"search_term_string"}}],"inLanguage":"es"},{"@type":"Person","@id":"https:\/\/conversesacatalunya.cat\/#\/schema\/person\/7e24d1e54a2785373ddcb275eae5ed99","name":"conversesacatalunya","image":{"@type":"ImageObject","inLanguage":"es","@id":"https:\/\/conversesacatalunya.cat\/#\/schema\/person\/image\/","url":"https:\/\/conversesacatalunya.cat\/wp-content\/litespeed\/avatar\/febdfeeec89d950f01c748045a981dd2.jpg?ver=1777314535","contentUrl":"https:\/\/conversesacatalunya.cat\/wp-content\/litespeed\/avatar\/febdfeeec89d950f01c748045a981dd2.jpg?ver=1777314535","caption":"conversesacatalunya"},"url":"https:\/\/conversesacatalunya.cat\/es\/author\/carme_catala\/"}]}},"wps_subtitle":"","_links":{"self":[{"href":"https:\/\/conversesacatalunya.cat\/es\/wp-json\/wp\/v2\/posts\/36113","targetHints":{"allow":["GET"]}}],"collection":[{"href":"https:\/\/conversesacatalunya.cat\/es\/wp-json\/wp\/v2\/posts"}],"about":[{"href":"https:\/\/conversesacatalunya.cat\/es\/wp-json\/wp\/v2\/types\/post"}],"author":[{"embeddable":true,"href":"https:\/\/conversesacatalunya.cat\/es\/wp-json\/wp\/v2\/users\/2"}],"replies":[{"embeddable":true,"href":"https:\/\/conversesacatalunya.cat\/es\/wp-json\/wp\/v2\/comments?post=36113"}],"version-history":[{"count":3,"href":"https:\/\/conversesacatalunya.cat\/es\/wp-json\/wp\/v2\/posts\/36113\/revisions"}],"predecessor-version":[{"id":36116,"href":"https:\/\/conversesacatalunya.cat\/es\/wp-json\/wp\/v2\/posts\/36113\/revisions\/36116"}],"wp:featuredmedia":[{"embeddable":true,"href":"https:\/\/conversesacatalunya.cat\/es\/wp-json\/wp\/v2\/media\/36093"}],"wp:attachment":[{"href":"https:\/\/conversesacatalunya.cat\/es\/wp-json\/wp\/v2\/media?parent=36113"}],"wp:term":[{"taxonomy":"category","embeddable":true,"href":"https:\/\/conversesacatalunya.cat\/es\/wp-json\/wp\/v2\/categories?post=36113"},{"taxonomy":"post_tag","embeddable":true,"href":"https:\/\/conversesacatalunya.cat\/es\/wp-json\/wp\/v2\/tags?post=36113"}],"curies":[{"name":"wp","href":"https:\/\/api.w.org\/{rel}","templated":true}]}}