{"id":36108,"date":"2020-05-14T12:00:49","date_gmt":"2020-05-14T10:00:49","guid":{"rendered":"https:\/\/conversesacatalunya.cat\/el-govern-sanchez-prepara-un-nou-impost-per-als-rics-pero-que-es-un-ric\/"},"modified":"2020-05-14T13:27:12","modified_gmt":"2020-05-14T11:27:12","slug":"el-gobierno-sanchez-prepara-un-nuevo-impuesto-para-los-ricos-pero-que-es-un-rico","status":"publish","type":"post","link":"https:\/\/conversesacatalunya.cat\/es\/el-gobierno-sanchez-prepara-un-nuevo-impuesto-para-los-ricos-pero-que-es-un-rico\/","title":{"rendered":"El gobierno S\u00e1nchez prepara un nuevo impuesto para los ricos. Pero \u00bfqu\u00e9 es un rico?"},"content":{"rendered":"<p>El gobierno de coalici\u00f3n quiere grabar m\u00e1s a las personas de m\u00e1s ingresos, si bien no se ponen de acuerdo en la f\u00f3rmula. UP ya ha presentado su iniciativa en sede parlamentaria, en el marco de la Comisi\u00f3n para la Reconstrucci\u00f3n Econ\u00f3mica y Social. Consiste en un impuesto especial para los patrimonios m\u00e1s grandes, con lo que quieren recaudar 11.000 millones de euros, que equivale al 1% del PIB, por lo tanto constituir\u00eda un significativo aumento de la presi\u00f3n fiscal.<\/p>\n<p>La cuesti\u00f3n de fondo es <strong>qu\u00e9 se consideran grandes patrimonios<\/strong>, y la verdad es que tal y como est\u00e1 planteado, <strong>los \u00abricos\u00bb empiezan muy pronto<\/strong>. Estamos ante un impuesto sobre la clase media-alta, ya que comienza a funcionar a partir de <strong>un mill\u00f3n de euros de patrimonio<\/strong>, del que ya se paga un 2%.<\/p>\n<p>Pero, en este patrimonio se debe incluir el valor de la vivienda habitual, del que s\u00f3lo est\u00e1 exento hasta 400.000 euros. Pero \u00bfcu\u00e1ntas viviendas en Barcelona, \u200b\u200bMadrid, San Sebasti\u00e1n y otros lugares no rebasan ampliamente este l\u00edmite? Una familia que tenga un piso por valor de 700.000 euros m\u00e1s una peque\u00f1a segunda residencia de 250.000 euros y ahorros por valor de 450.000 euros ya tendr\u00eda que pagar cada a\u00f1o el impuesto para las grandes fortunas. Hay que considerar que, adem\u00e1s, existir\u00eda todo el resto de presi\u00f3n fiscal, desde el IBI por el valor inmobiliario hasta el importe de la imposici\u00f3n por renta.<\/p>\n<p>Una medida de este tipo castigar\u00eda especialmente a la gente que vive en las ciudades que registran un mayor valor de la propiedad inmobiliaria, los ahorros, de una manera especial a las <strong>familias numerosas<\/strong>, que requieren pisos m\u00e1s grandes y, por tanto, de mayor precio y tambi\u00e9n para aquellas actividades cada vez m\u00e1s frecuentes que realizan el trabajo en casa, como todos los profesionales <em>freelancee<\/em> y que cuando pueden ocupan viviendas m\u00e1s grandes para diferenciar el espacio de trabajo del de la vivienda propiamente dicha.<\/p>\n<p>Tambi\u00e9n significar\u00eda un golpe muy importante <strong>para los propietarios agrarios y forestales<\/strong>. Es sabido que este tipo de bien patrimonial tiene un elevado valor y una baja rentabilidad, de tal manera que el 2% para una propiedad de un mill\u00f3n de euros ya significar\u00eda en muchos casos un balance negativo para la explotaci\u00f3n.<\/p>\n<p>El escalado es ligeramente progresivo y pasa a ser del 2,5% a partir de los 10 millones, del 3% a partir de los 50 millones y del 3,5% a partir de los 100 millones.<\/p>\n<span class='bctt-click-to-tweet'><span class='bctt-ctt-text'><a href='https:\/\/twitter.com\/intent\/tweet?url=https%3A%2F%2Fconversesacatalunya.cat%2Fes%2Fel-gobierno-sanchez-prepara-un-nuevo-impuesto-para-los-ricos-pero-que-es-un-rico%2F&#038;text=Una%20medida%20de%20este%20tipo%20castigar%C3%ADa%20especialmente%20a%20la%20gente%20que%20vive%20en%20las%20ciudades&#038;via=conversesacat&#038;related=conversesacat' target='_blank'rel=\"noopener noreferrer\">Una medida de este tipo castigar\u00eda especialmente a la gente que vive en las ciudades <\/a><\/span><a href='https:\/\/twitter.com\/intent\/tweet?url=https%3A%2F%2Fconversesacatalunya.cat%2Fes%2Fel-gobierno-sanchez-prepara-un-nuevo-impuesto-para-los-ricos-pero-que-es-un-rico%2F&#038;text=Una%20medida%20de%20este%20tipo%20castigar%C3%ADa%20especialmente%20a%20la%20gente%20que%20vive%20en%20las%20ciudades&#038;via=conversesacat&#038;related=conversesacat' target='_blank' class='bctt-ctt-btn'rel=\"noopener noreferrer\">Compartir en X<\/a><\/span>\n<p><span title=\"\">Tambi\u00e9n<\/span> <span title=\"\">significar\u00eda un<\/span> <span title=\"\">golpe <strong>para las<\/strong><\/span><strong> <span title=\"\">finanzas<\/span> <span title=\"\">auton\u00f3micas<\/span> <\/strong><span title=\"\">que<\/span> <span title=\"\">exigir\u00eda<\/span> <span title=\"\">una compensaci\u00f3n<\/span> <span title=\"\">por parte del gobierno<\/span> <span title=\"\">central<\/span><span title=\"\">,<\/span> <span title=\"\">porque el impuesto<\/span> <span title=\"\">prev\u00e9<\/span> <span title=\"\">liquidar<\/span> <span title=\"\">la actual<\/span> <span title=\"\">figura<\/span> <span title=\"\">fiscal<\/span> <span title=\"\">sobre el<\/span> <span title=\"\">patrimonio que<\/span> <span title=\"\">gestionan<\/span> <span title=\"\">las<\/span> <span title=\"\">autonom\u00edas<\/span><span title=\"\">.<\/span> <span title=\"\">En todo caso<\/span><span title=\"\">,<\/span> <span title=\"\">lo que s\u00ed<\/span> <span title=\"\">se producir\u00eda<\/span> <span title=\"\">es una<\/span> <span title=\"\">reducci\u00f3n<\/span> <span title=\"\">de la capacidad<\/span> <span title=\"\">auton\u00f3mica<\/span> <span title=\"\">en relaci\u00f3n con<\/span> <span title=\"\">la gesti\u00f3n<\/span> <span title=\"\">de ingresos<\/span> <span title=\"\">propios y<\/span> <span title=\"\">por tanto<\/span> <span title=\"\">una<\/span> <span title=\"\">centralizaci\u00f3n<\/span><span title=\"\">,<\/span> <span title=\"\">que dice<\/span> <span title=\"\">muy poco<\/span> <span title=\"\">de la visi\u00f3n<\/span> <span title=\"\">que sobre<\/span> <span title=\"\">el estado<\/span> <span title=\"\">compuesto<\/span> <span title=\"\">tiene<\/span> <span title=\"\">UP<\/span><span title=\"\">.<\/span><\/p>\n<p><span title=\"\">El PSOE no<\/span> <span title=\"\">comparte<\/span> <span title=\"\">esta propuesta,<\/span> <span title=\"\">pero s\u00ed<\/span> <span title=\"\">la necesidad<\/span> <span title=\"\">de incrementar<\/span> <span title=\"\">impuestos<\/span> <span title=\"\">por las v\u00edas<\/span> <span title=\"\">habituales<\/span><span title=\"\">, patrimonio<\/span><span title=\"\">,<\/span> <span title=\"\">IRPF<\/span> <span title=\"\">e incluso<\/span> <span title=\"\">impuesto de sociedades<\/span><span title=\"\">.<\/span><\/p>\n<div id=\"polls-50\" class=\"wp-polls\">\n\t<form id=\"polls_form_50\" class=\"wp-polls-form\" action=\"\/index.php\" method=\"post\">\n\t\t<p style=\"display: none;\"><input type=\"hidden\" id=\"poll_50_nonce\" name=\"wp-polls-nonce\" value=\"cd552ddaae\" \/><\/p>\n\t\t<p style=\"display: none;\"><input type=\"hidden\" name=\"poll_id\" value=\"50\" \/><\/p>\n\t\t<p style=\"text-align: center\"><strong>Creus que la Generalitat de Catalunya \u00e9s responsable del mal tracte donat a les resid\u00e8ncies de gent gran?<\/strong><\/p><div id=\"polls-50-ans\" class=\"wp-polls-ans\"><ul class=\"wp-polls-ul\">\n\t\t<li><input type=\"radio\" id=\"poll-answer-106\" name=\"poll_50\" value=\"106\" \/> <label for=\"poll-answer-106\">Si<\/label><\/li>\n\t\t<li><input type=\"radio\" id=\"poll-answer-107\" name=\"poll_50\" value=\"107\" \/> <label for=\"poll-answer-107\">No<\/label><\/li>\n\t\t<\/ul><p style=\"text-align: center\"><input type=\"button\" name=\"vote\" value=\"   Vota   \" class=\"Buttons\" onclick=\"poll_vote(50);\" \/><\/p><p style=\"text-align: center\"><a href=\"#ViewPollResults\" onclick=\"poll_result(50); return false;\" title=\"View Results Of This Poll\">Mira els resultats<\/a><\/p><\/div>\n\t<\/form>\n<\/div>\n<div id=\"polls-50-loading\" class=\"wp-polls-loading\"><img decoding=\"async\" data-src=\"https:\/\/conversesacatalunya.cat\/wp-content\/plugins\/wp-polls\/images\/loading.gif\" width=\"16\" height=\"16\" alt=\"Cargando ...\" title=\"Cargando ...\" class=\"wp-polls-image lazyload\" src=\"data:image\/svg+xml;base64,PHN2ZyB3aWR0aD0iMSIgaGVpZ2h0PSIxIiB4bWxucz0iaHR0cDovL3d3dy53My5vcmcvMjAwMC9zdmciPjwvc3ZnPg==\" style=\"--smush-placeholder-width: 16px; --smush-placeholder-aspect-ratio: 16\/16;\" \/>&nbsp;Cargando ...<\/div>\n\n","protected":false},"excerpt":{"rendered":"<p>El gobierno de coalici\u00f3n quiere grabar m\u00e1s a las personas de m\u00e1s ingresos, si bien no se ponen de acuerdo en la f\u00f3rmula. UP ya ha presentado su iniciativa en sede parlamentaria, en el marco de la Comisi\u00f3n para la Reconstrucci\u00f3n Econ\u00f3mica y Social. Consiste en un impuesto especial para los patrimonios m\u00e1s grandes, con lo que quieren recaudar 11.000 millones de euros, que equivale al 1% del PIB, por lo tanto constituir\u00eda un significativo aumento de la presi\u00f3n fiscal. La cuesti\u00f3n de fondo es qu\u00e9 se consideran grandes patrimonios, y la verdad es que tal y como est\u00e1 planteado, los \u00abricos\u00bb empiezan muy pronto. Estamos ante un impuesto sobre la clase media-alta, ya que comienza a funcionar a partir de un mill\u00f3n de euros de patrimonio, del que ya se paga un 2%. Pero, en este patrimonio se debe incluir el valor de la vivienda habitual, del que s\u00f3lo est\u00e1 exento hasta 400.000 euros. Pero \u00bfcu\u00e1ntas viviendas en Barcelona, \u200b\u200bMadrid, San Sebasti\u00e1n y otros lugares no rebasan ampliamente este l\u00edmite? Una familia que tenga un piso por valor de 700.000 euros m\u00e1s una peque\u00f1a segunda residencia de 250.000 euros y ahorros por valor de 450.000 euros ya tendr\u00eda que pagar cada a\u00f1o el impuesto para las grandes fortunas. Hay que considerar que, adem\u00e1s, existir\u00eda todo el resto de presi\u00f3n fiscal, desde el IBI por el valor inmobiliario hasta el importe de la imposici\u00f3n por renta. Una medida de este tipo castigar\u00eda especialmente a la gente que vive en las ciudades que registran un mayor valor de la propiedad inmobiliaria, los ahorros, de una manera especial a las familias numerosas, que requieren pisos m\u00e1s grandes y, por tanto, de mayor precio y tambi\u00e9n para aquellas actividades cada vez m\u00e1s frecuentes que realizan el trabajo en casa, como todos los profesionales freelancee y que cuando pueden ocupan viviendas m\u00e1s grandes para diferenciar el espacio de trabajo del de la vivienda propiamente dicha. Tambi\u00e9n significar\u00eda un golpe muy importante para los propietarios agrarios y forestales. Es sabido que este tipo de bien patrimonial tiene un elevado valor y una baja rentabilidad, de tal manera que el 2% para una propiedad de un mill\u00f3n de euros ya significar\u00eda en muchos casos un balance negativo para la explotaci\u00f3n. El escalado es ligeramente progresivo y pasa a ser del 2,5% a partir de los 10 millones, del 3% a partir de los 50 millones y del 3,5% a partir de los 100 millones. Tambi\u00e9n significar\u00eda un golpe para las finanzas auton\u00f3micas que exigir\u00eda una compensaci\u00f3n por parte del gobierno central, porque el impuesto prev\u00e9 liquidar la actual figura fiscal sobre el patrimonio que gestionan las autonom\u00edas. En todo caso, lo que s\u00ed se producir\u00eda es una reducci\u00f3n de la capacidad auton\u00f3mica en relaci\u00f3n con la gesti\u00f3n de ingresos propios y por tanto una centralizaci\u00f3n, que dice muy poco de la visi\u00f3n que sobre el estado compuesto tiene UP. El PSOE no comparte esta propuesta, pero s\u00ed la necesidad de incrementar impuestos por las v\u00edas habituales, patrimonio, IRPF e incluso impuesto de sociedades.<\/p>\n","protected":false},"author":2,"featured_media":36088,"comment_status":"open","ping_status":"open","sticky":false,"template":"","format":"standard","meta":{"_FSMCFIC_featured_image_caption":"","_FSMCFIC_featured_image_nocaption":"","_FSMCFIC_featured_image_hide":"","footnotes":""},"categories":[806],"tags":[831,1208,1276],"class_list":["post-36108","post","type-post","status-publish","format-standard","has-post-thumbnail","hentry","category-punts-claus-del-dia-es","tag-economia-es","tag-impostos-es","tag-impuestos"],"yoast_head":"<!-- This site is optimized with the Yoast SEO plugin v26.8 - https:\/\/yoast.com\/product\/yoast-seo-wordpress\/ -->\n<title>El gobierno S\u00e1nchez prepara un nuevo impuesto para los ricos. Pero \u00bfqu\u00e9 es un rico? - Converses a Catalunya<\/title>\n<meta name=\"robots\" content=\"index, follow, max-snippet:-1, max-image-preview:large, max-video-preview:-1\" \/>\n<link rel=\"canonical\" href=\"https:\/\/conversesacatalunya.cat\/es\/el-gobierno-sanchez-prepara-un-nuevo-impuesto-para-los-ricos-pero-que-es-un-rico\/\" \/>\n<meta property=\"og:locale\" content=\"es_ES\" \/>\n<meta property=\"og:type\" content=\"article\" \/>\n<meta property=\"og:title\" content=\"El gobierno S\u00e1nchez prepara un nuevo impuesto para los ricos. Pero \u00bfqu\u00e9 es un rico? - Converses a Catalunya\" \/>\n<meta property=\"og:description\" content=\"El gobierno de coalici\u00f3n quiere grabar m\u00e1s a las personas de m\u00e1s ingresos, si bien no se ponen de acuerdo en la f\u00f3rmula. UP ya ha presentado su iniciativa en sede parlamentaria, en el marco de la Comisi\u00f3n para la Reconstrucci\u00f3n Econ\u00f3mica y Social. Consiste en un impuesto especial para los patrimonios m\u00e1s grandes, con lo que quieren recaudar 11.000 millones de euros, que equivale al 1% del PIB, por lo tanto constituir\u00eda un significativo aumento de la presi\u00f3n fiscal. La cuesti\u00f3n de fondo es qu\u00e9 se consideran grandes patrimonios, y la verdad es que tal y como est\u00e1 planteado, los \u00abricos\u00bb empiezan muy pronto. Estamos ante un impuesto sobre la clase media-alta, ya que comienza a funcionar a partir de un mill\u00f3n de euros de patrimonio, del que ya se paga un 2%. Pero, en este patrimonio se debe incluir el valor de la vivienda habitual, del que s\u00f3lo est\u00e1 exento hasta 400.000 euros. Pero \u00bfcu\u00e1ntas viviendas en Barcelona, \u200b\u200bMadrid, San Sebasti\u00e1n y otros lugares no rebasan ampliamente este l\u00edmite? Una familia que tenga un piso por valor de 700.000 euros m\u00e1s una peque\u00f1a segunda residencia de 250.000 euros y ahorros por valor de 450.000 euros ya tendr\u00eda que pagar cada a\u00f1o el impuesto para las grandes fortunas. Hay que considerar que, adem\u00e1s, existir\u00eda todo el resto de presi\u00f3n fiscal, desde el IBI por el valor inmobiliario hasta el importe de la imposici\u00f3n por renta. Una medida de este tipo castigar\u00eda especialmente a la gente que vive en las ciudades que registran un mayor valor de la propiedad inmobiliaria, los ahorros, de una manera especial a las familias numerosas, que requieren pisos m\u00e1s grandes y, por tanto, de mayor precio y tambi\u00e9n para aquellas actividades cada vez m\u00e1s frecuentes que realizan el trabajo en casa, como todos los profesionales freelancee y que cuando pueden ocupan viviendas m\u00e1s grandes para diferenciar el espacio de trabajo del de la vivienda propiamente dicha. Tambi\u00e9n significar\u00eda un golpe muy importante para los propietarios agrarios y forestales. Es sabido que este tipo de bien patrimonial tiene un elevado valor y una baja rentabilidad, de tal manera que el 2% para una propiedad de un mill\u00f3n de euros ya significar\u00eda en muchos casos un balance negativo para la explotaci\u00f3n. El escalado es ligeramente progresivo y pasa a ser del 2,5% a partir de los 10 millones, del 3% a partir de los 50 millones y del 3,5% a partir de los 100 millones. Tambi\u00e9n significar\u00eda un golpe para las finanzas auton\u00f3micas que exigir\u00eda una compensaci\u00f3n por parte del gobierno central, porque el impuesto prev\u00e9 liquidar la actual figura fiscal sobre el patrimonio que gestionan las autonom\u00edas. En todo caso, lo que s\u00ed se producir\u00eda es una reducci\u00f3n de la capacidad auton\u00f3mica en relaci\u00f3n con la gesti\u00f3n de ingresos propios y por tanto una centralizaci\u00f3n, que dice muy poco de la visi\u00f3n que sobre el estado compuesto tiene UP. El PSOE no comparte esta propuesta, pero s\u00ed la necesidad de incrementar impuestos por las v\u00edas habituales, patrimonio, IRPF e incluso impuesto de sociedades.\" \/>\n<meta property=\"og:url\" content=\"https:\/\/conversesacatalunya.cat\/es\/el-gobierno-sanchez-prepara-un-nuevo-impuesto-para-los-ricos-pero-que-es-un-rico\/\" \/>\n<meta property=\"og:site_name\" content=\"Converses a Catalunya\" \/>\n<meta property=\"article:published_time\" content=\"2020-05-14T10:00:49+00:00\" \/>\n<meta property=\"article:modified_time\" content=\"2020-05-14T11:27:12+00:00\" \/>\n<meta property=\"og:image\" content=\"https:\/\/conversesacatalunya.cat\/wp-content\/uploads\/2020\/05\/impost-patrimoni.jpg\" \/>\n\t<meta property=\"og:image:width\" content=\"750\" \/>\n\t<meta property=\"og:image:height\" content=\"422\" \/>\n\t<meta property=\"og:image:type\" content=\"image\/jpeg\" \/>\n<meta name=\"author\" content=\"conversesacatalunya\" \/>\n<meta name=\"twitter:card\" content=\"summary_large_image\" \/>\n<meta name=\"twitter:label1\" content=\"Escrito por\" \/>\n\t<meta name=\"twitter:data1\" content=\"conversesacatalunya\" \/>\n\t<meta name=\"twitter:label2\" content=\"Tiempo de lectura\" \/>\n\t<meta name=\"twitter:data2\" content=\"3 minutos\" \/>\n<script type=\"application\/ld+json\" class=\"yoast-schema-graph\">{\"@context\":\"https:\/\/schema.org\",\"@graph\":[{\"@type\":\"Article\",\"@id\":\"https:\/\/conversesacatalunya.cat\/es\/el-gobierno-sanchez-prepara-un-nuevo-impuesto-para-los-ricos-pero-que-es-un-rico\/#article\",\"isPartOf\":{\"@id\":\"https:\/\/conversesacatalunya.cat\/es\/el-gobierno-sanchez-prepara-un-nuevo-impuesto-para-los-ricos-pero-que-es-un-rico\/\"},\"author\":{\"name\":\"conversesacatalunya\",\"@id\":\"https:\/\/conversesacatalunya.cat\/#\/schema\/person\/7e24d1e54a2785373ddcb275eae5ed99\"},\"headline\":\"El gobierno S\u00e1nchez prepara un nuevo impuesto para los ricos. Pero \u00bfqu\u00e9 es un rico?\",\"datePublished\":\"2020-05-14T10:00:49+00:00\",\"dateModified\":\"2020-05-14T11:27:12+00:00\",\"mainEntityOfPage\":{\"@id\":\"https:\/\/conversesacatalunya.cat\/es\/el-gobierno-sanchez-prepara-un-nuevo-impuesto-para-los-ricos-pero-que-es-un-rico\/\"},\"wordCount\":579,\"commentCount\":0,\"image\":{\"@id\":\"https:\/\/conversesacatalunya.cat\/es\/el-gobierno-sanchez-prepara-un-nuevo-impuesto-para-los-ricos-pero-que-es-un-rico\/#primaryimage\"},\"thumbnailUrl\":\"https:\/\/conversesacatalunya.cat\/wp-content\/uploads\/2020\/05\/impost-patrimoni.jpg\",\"keywords\":[\"Economia\",\"impostos\",\"Impuestos\"],\"articleSection\":[\"Punts clau del dia (ES)\"],\"inLanguage\":\"es\",\"potentialAction\":[{\"@type\":\"CommentAction\",\"name\":\"Comment\",\"target\":[\"https:\/\/conversesacatalunya.cat\/es\/el-gobierno-sanchez-prepara-un-nuevo-impuesto-para-los-ricos-pero-que-es-un-rico\/#respond\"]}]},{\"@type\":\"WebPage\",\"@id\":\"https:\/\/conversesacatalunya.cat\/es\/el-gobierno-sanchez-prepara-un-nuevo-impuesto-para-los-ricos-pero-que-es-un-rico\/\",\"url\":\"https:\/\/conversesacatalunya.cat\/es\/el-gobierno-sanchez-prepara-un-nuevo-impuesto-para-los-ricos-pero-que-es-un-rico\/\",\"name\":\"El gobierno S\u00e1nchez prepara un nuevo impuesto para los ricos. Pero \u00bfqu\u00e9 es un rico? - Converses a Catalunya\",\"isPartOf\":{\"@id\":\"https:\/\/conversesacatalunya.cat\/#website\"},\"primaryImageOfPage\":{\"@id\":\"https:\/\/conversesacatalunya.cat\/es\/el-gobierno-sanchez-prepara-un-nuevo-impuesto-para-los-ricos-pero-que-es-un-rico\/#primaryimage\"},\"image\":{\"@id\":\"https:\/\/conversesacatalunya.cat\/es\/el-gobierno-sanchez-prepara-un-nuevo-impuesto-para-los-ricos-pero-que-es-un-rico\/#primaryimage\"},\"thumbnailUrl\":\"https:\/\/conversesacatalunya.cat\/wp-content\/uploads\/2020\/05\/impost-patrimoni.jpg\",\"datePublished\":\"2020-05-14T10:00:49+00:00\",\"dateModified\":\"2020-05-14T11:27:12+00:00\",\"author\":{\"@id\":\"https:\/\/conversesacatalunya.cat\/#\/schema\/person\/7e24d1e54a2785373ddcb275eae5ed99\"},\"breadcrumb\":{\"@id\":\"https:\/\/conversesacatalunya.cat\/es\/el-gobierno-sanchez-prepara-un-nuevo-impuesto-para-los-ricos-pero-que-es-un-rico\/#breadcrumb\"},\"inLanguage\":\"es\",\"potentialAction\":[{\"@type\":\"ReadAction\",\"target\":[\"https:\/\/conversesacatalunya.cat\/es\/el-gobierno-sanchez-prepara-un-nuevo-impuesto-para-los-ricos-pero-que-es-un-rico\/\"]}]},{\"@type\":\"ImageObject\",\"inLanguage\":\"es\",\"@id\":\"https:\/\/conversesacatalunya.cat\/es\/el-gobierno-sanchez-prepara-un-nuevo-impuesto-para-los-ricos-pero-que-es-un-rico\/#primaryimage\",\"url\":\"https:\/\/conversesacatalunya.cat\/wp-content\/uploads\/2020\/05\/impost-patrimoni.jpg\",\"contentUrl\":\"https:\/\/conversesacatalunya.cat\/wp-content\/uploads\/2020\/05\/impost-patrimoni.jpg\",\"width\":750,\"height\":422,\"caption\":\"impost patrimoni\"},{\"@type\":\"BreadcrumbList\",\"@id\":\"https:\/\/conversesacatalunya.cat\/es\/el-gobierno-sanchez-prepara-un-nuevo-impuesto-para-los-ricos-pero-que-es-un-rico\/#breadcrumb\",\"itemListElement\":[{\"@type\":\"ListItem\",\"position\":1,\"name\":\"Inici\",\"item\":\"https:\/\/conversesacatalunya.cat\/es\/\"},{\"@type\":\"ListItem\",\"position\":2,\"name\":\"El gobierno S\u00e1nchez prepara un nuevo impuesto para los ricos. Pero \u00bfqu\u00e9 es un rico?\"}]},{\"@type\":\"WebSite\",\"@id\":\"https:\/\/conversesacatalunya.cat\/#website\",\"url\":\"https:\/\/conversesacatalunya.cat\/\",\"name\":\"Converses a Catalunya\",\"description\":\"\",\"potentialAction\":[{\"@type\":\"SearchAction\",\"target\":{\"@type\":\"EntryPoint\",\"urlTemplate\":\"https:\/\/conversesacatalunya.cat\/?s={search_term_string}\"},\"query-input\":{\"@type\":\"PropertyValueSpecification\",\"valueRequired\":true,\"valueName\":\"search_term_string\"}}],\"inLanguage\":\"es\"},{\"@type\":\"Person\",\"@id\":\"https:\/\/conversesacatalunya.cat\/#\/schema\/person\/7e24d1e54a2785373ddcb275eae5ed99\",\"name\":\"conversesacatalunya\",\"image\":{\"@type\":\"ImageObject\",\"inLanguage\":\"es\",\"@id\":\"https:\/\/conversesacatalunya.cat\/#\/schema\/person\/image\/\",\"url\":\"https:\/\/conversesacatalunya.cat\/wp-content\/litespeed\/avatar\/febdfeeec89d950f01c748045a981dd2.jpg?ver=1777314535\",\"contentUrl\":\"https:\/\/conversesacatalunya.cat\/wp-content\/litespeed\/avatar\/febdfeeec89d950f01c748045a981dd2.jpg?ver=1777314535\",\"caption\":\"conversesacatalunya\"},\"url\":\"https:\/\/conversesacatalunya.cat\/es\/author\/carme_catala\/\"}]}<\/script>\n<!-- \/ Yoast SEO plugin. -->","yoast_head_json":{"title":"El gobierno S\u00e1nchez prepara un nuevo impuesto para los ricos. Pero \u00bfqu\u00e9 es un rico? - Converses a Catalunya","robots":{"index":"index","follow":"follow","max-snippet":"max-snippet:-1","max-image-preview":"max-image-preview:large","max-video-preview":"max-video-preview:-1"},"canonical":"https:\/\/conversesacatalunya.cat\/es\/el-gobierno-sanchez-prepara-un-nuevo-impuesto-para-los-ricos-pero-que-es-un-rico\/","og_locale":"es_ES","og_type":"article","og_title":"El gobierno S\u00e1nchez prepara un nuevo impuesto para los ricos. Pero \u00bfqu\u00e9 es un rico? - Converses a Catalunya","og_description":"El gobierno de coalici\u00f3n quiere grabar m\u00e1s a las personas de m\u00e1s ingresos, si bien no se ponen de acuerdo en la f\u00f3rmula. UP ya ha presentado su iniciativa en sede parlamentaria, en el marco de la Comisi\u00f3n para la Reconstrucci\u00f3n Econ\u00f3mica y Social. Consiste en un impuesto especial para los patrimonios m\u00e1s grandes, con lo que quieren recaudar 11.000 millones de euros, que equivale al 1% del PIB, por lo tanto constituir\u00eda un significativo aumento de la presi\u00f3n fiscal. La cuesti\u00f3n de fondo es qu\u00e9 se consideran grandes patrimonios, y la verdad es que tal y como est\u00e1 planteado, los \u00abricos\u00bb empiezan muy pronto. Estamos ante un impuesto sobre la clase media-alta, ya que comienza a funcionar a partir de un mill\u00f3n de euros de patrimonio, del que ya se paga un 2%. Pero, en este patrimonio se debe incluir el valor de la vivienda habitual, del que s\u00f3lo est\u00e1 exento hasta 400.000 euros. Pero \u00bfcu\u00e1ntas viviendas en Barcelona, \u200b\u200bMadrid, San Sebasti\u00e1n y otros lugares no rebasan ampliamente este l\u00edmite? Una familia que tenga un piso por valor de 700.000 euros m\u00e1s una peque\u00f1a segunda residencia de 250.000 euros y ahorros por valor de 450.000 euros ya tendr\u00eda que pagar cada a\u00f1o el impuesto para las grandes fortunas. Hay que considerar que, adem\u00e1s, existir\u00eda todo el resto de presi\u00f3n fiscal, desde el IBI por el valor inmobiliario hasta el importe de la imposici\u00f3n por renta. Una medida de este tipo castigar\u00eda especialmente a la gente que vive en las ciudades que registran un mayor valor de la propiedad inmobiliaria, los ahorros, de una manera especial a las familias numerosas, que requieren pisos m\u00e1s grandes y, por tanto, de mayor precio y tambi\u00e9n para aquellas actividades cada vez m\u00e1s frecuentes que realizan el trabajo en casa, como todos los profesionales freelancee y que cuando pueden ocupan viviendas m\u00e1s grandes para diferenciar el espacio de trabajo del de la vivienda propiamente dicha. Tambi\u00e9n significar\u00eda un golpe muy importante para los propietarios agrarios y forestales. Es sabido que este tipo de bien patrimonial tiene un elevado valor y una baja rentabilidad, de tal manera que el 2% para una propiedad de un mill\u00f3n de euros ya significar\u00eda en muchos casos un balance negativo para la explotaci\u00f3n. El escalado es ligeramente progresivo y pasa a ser del 2,5% a partir de los 10 millones, del 3% a partir de los 50 millones y del 3,5% a partir de los 100 millones. Tambi\u00e9n significar\u00eda un golpe para las finanzas auton\u00f3micas que exigir\u00eda una compensaci\u00f3n por parte del gobierno central, porque el impuesto prev\u00e9 liquidar la actual figura fiscal sobre el patrimonio que gestionan las autonom\u00edas. En todo caso, lo que s\u00ed se producir\u00eda es una reducci\u00f3n de la capacidad auton\u00f3mica en relaci\u00f3n con la gesti\u00f3n de ingresos propios y por tanto una centralizaci\u00f3n, que dice muy poco de la visi\u00f3n que sobre el estado compuesto tiene UP. El PSOE no comparte esta propuesta, pero s\u00ed la necesidad de incrementar impuestos por las v\u00edas habituales, patrimonio, IRPF e incluso impuesto de sociedades.","og_url":"https:\/\/conversesacatalunya.cat\/es\/el-gobierno-sanchez-prepara-un-nuevo-impuesto-para-los-ricos-pero-que-es-un-rico\/","og_site_name":"Converses a Catalunya","article_published_time":"2020-05-14T10:00:49+00:00","article_modified_time":"2020-05-14T11:27:12+00:00","og_image":[{"width":750,"height":422,"url":"https:\/\/conversesacatalunya.cat\/wp-content\/uploads\/2020\/05\/impost-patrimoni.jpg","type":"image\/jpeg"}],"author":"conversesacatalunya","twitter_card":"summary_large_image","twitter_misc":{"Escrito por":"conversesacatalunya","Tiempo de lectura":"3 minutos"},"schema":{"@context":"https:\/\/schema.org","@graph":[{"@type":"Article","@id":"https:\/\/conversesacatalunya.cat\/es\/el-gobierno-sanchez-prepara-un-nuevo-impuesto-para-los-ricos-pero-que-es-un-rico\/#article","isPartOf":{"@id":"https:\/\/conversesacatalunya.cat\/es\/el-gobierno-sanchez-prepara-un-nuevo-impuesto-para-los-ricos-pero-que-es-un-rico\/"},"author":{"name":"conversesacatalunya","@id":"https:\/\/conversesacatalunya.cat\/#\/schema\/person\/7e24d1e54a2785373ddcb275eae5ed99"},"headline":"El gobierno S\u00e1nchez prepara un nuevo impuesto para los ricos. Pero \u00bfqu\u00e9 es un rico?","datePublished":"2020-05-14T10:00:49+00:00","dateModified":"2020-05-14T11:27:12+00:00","mainEntityOfPage":{"@id":"https:\/\/conversesacatalunya.cat\/es\/el-gobierno-sanchez-prepara-un-nuevo-impuesto-para-los-ricos-pero-que-es-un-rico\/"},"wordCount":579,"commentCount":0,"image":{"@id":"https:\/\/conversesacatalunya.cat\/es\/el-gobierno-sanchez-prepara-un-nuevo-impuesto-para-los-ricos-pero-que-es-un-rico\/#primaryimage"},"thumbnailUrl":"https:\/\/conversesacatalunya.cat\/wp-content\/uploads\/2020\/05\/impost-patrimoni.jpg","keywords":["Economia","impostos","Impuestos"],"articleSection":["Punts clau del dia (ES)"],"inLanguage":"es","potentialAction":[{"@type":"CommentAction","name":"Comment","target":["https:\/\/conversesacatalunya.cat\/es\/el-gobierno-sanchez-prepara-un-nuevo-impuesto-para-los-ricos-pero-que-es-un-rico\/#respond"]}]},{"@type":"WebPage","@id":"https:\/\/conversesacatalunya.cat\/es\/el-gobierno-sanchez-prepara-un-nuevo-impuesto-para-los-ricos-pero-que-es-un-rico\/","url":"https:\/\/conversesacatalunya.cat\/es\/el-gobierno-sanchez-prepara-un-nuevo-impuesto-para-los-ricos-pero-que-es-un-rico\/","name":"El gobierno S\u00e1nchez prepara un nuevo impuesto para los ricos. Pero \u00bfqu\u00e9 es un rico? - Converses a Catalunya","isPartOf":{"@id":"https:\/\/conversesacatalunya.cat\/#website"},"primaryImageOfPage":{"@id":"https:\/\/conversesacatalunya.cat\/es\/el-gobierno-sanchez-prepara-un-nuevo-impuesto-para-los-ricos-pero-que-es-un-rico\/#primaryimage"},"image":{"@id":"https:\/\/conversesacatalunya.cat\/es\/el-gobierno-sanchez-prepara-un-nuevo-impuesto-para-los-ricos-pero-que-es-un-rico\/#primaryimage"},"thumbnailUrl":"https:\/\/conversesacatalunya.cat\/wp-content\/uploads\/2020\/05\/impost-patrimoni.jpg","datePublished":"2020-05-14T10:00:49+00:00","dateModified":"2020-05-14T11:27:12+00:00","author":{"@id":"https:\/\/conversesacatalunya.cat\/#\/schema\/person\/7e24d1e54a2785373ddcb275eae5ed99"},"breadcrumb":{"@id":"https:\/\/conversesacatalunya.cat\/es\/el-gobierno-sanchez-prepara-un-nuevo-impuesto-para-los-ricos-pero-que-es-un-rico\/#breadcrumb"},"inLanguage":"es","potentialAction":[{"@type":"ReadAction","target":["https:\/\/conversesacatalunya.cat\/es\/el-gobierno-sanchez-prepara-un-nuevo-impuesto-para-los-ricos-pero-que-es-un-rico\/"]}]},{"@type":"ImageObject","inLanguage":"es","@id":"https:\/\/conversesacatalunya.cat\/es\/el-gobierno-sanchez-prepara-un-nuevo-impuesto-para-los-ricos-pero-que-es-un-rico\/#primaryimage","url":"https:\/\/conversesacatalunya.cat\/wp-content\/uploads\/2020\/05\/impost-patrimoni.jpg","contentUrl":"https:\/\/conversesacatalunya.cat\/wp-content\/uploads\/2020\/05\/impost-patrimoni.jpg","width":750,"height":422,"caption":"impost patrimoni"},{"@type":"BreadcrumbList","@id":"https:\/\/conversesacatalunya.cat\/es\/el-gobierno-sanchez-prepara-un-nuevo-impuesto-para-los-ricos-pero-que-es-un-rico\/#breadcrumb","itemListElement":[{"@type":"ListItem","position":1,"name":"Inici","item":"https:\/\/conversesacatalunya.cat\/es\/"},{"@type":"ListItem","position":2,"name":"El gobierno S\u00e1nchez prepara un nuevo impuesto para los ricos. Pero \u00bfqu\u00e9 es un rico?"}]},{"@type":"WebSite","@id":"https:\/\/conversesacatalunya.cat\/#website","url":"https:\/\/conversesacatalunya.cat\/","name":"Converses a Catalunya","description":"","potentialAction":[{"@type":"SearchAction","target":{"@type":"EntryPoint","urlTemplate":"https:\/\/conversesacatalunya.cat\/?s={search_term_string}"},"query-input":{"@type":"PropertyValueSpecification","valueRequired":true,"valueName":"search_term_string"}}],"inLanguage":"es"},{"@type":"Person","@id":"https:\/\/conversesacatalunya.cat\/#\/schema\/person\/7e24d1e54a2785373ddcb275eae5ed99","name":"conversesacatalunya","image":{"@type":"ImageObject","inLanguage":"es","@id":"https:\/\/conversesacatalunya.cat\/#\/schema\/person\/image\/","url":"https:\/\/conversesacatalunya.cat\/wp-content\/litespeed\/avatar\/febdfeeec89d950f01c748045a981dd2.jpg?ver=1777314535","contentUrl":"https:\/\/conversesacatalunya.cat\/wp-content\/litespeed\/avatar\/febdfeeec89d950f01c748045a981dd2.jpg?ver=1777314535","caption":"conversesacatalunya"},"url":"https:\/\/conversesacatalunya.cat\/es\/author\/carme_catala\/"}]}},"wps_subtitle":"","_links":{"self":[{"href":"https:\/\/conversesacatalunya.cat\/es\/wp-json\/wp\/v2\/posts\/36108","targetHints":{"allow":["GET"]}}],"collection":[{"href":"https:\/\/conversesacatalunya.cat\/es\/wp-json\/wp\/v2\/posts"}],"about":[{"href":"https:\/\/conversesacatalunya.cat\/es\/wp-json\/wp\/v2\/types\/post"}],"author":[{"embeddable":true,"href":"https:\/\/conversesacatalunya.cat\/es\/wp-json\/wp\/v2\/users\/2"}],"replies":[{"embeddable":true,"href":"https:\/\/conversesacatalunya.cat\/es\/wp-json\/wp\/v2\/comments?post=36108"}],"version-history":[{"count":2,"href":"https:\/\/conversesacatalunya.cat\/es\/wp-json\/wp\/v2\/posts\/36108\/revisions"}],"predecessor-version":[{"id":36109,"href":"https:\/\/conversesacatalunya.cat\/es\/wp-json\/wp\/v2\/posts\/36108\/revisions\/36109"}],"wp:featuredmedia":[{"embeddable":true,"href":"https:\/\/conversesacatalunya.cat\/es\/wp-json\/wp\/v2\/media\/36088"}],"wp:attachment":[{"href":"https:\/\/conversesacatalunya.cat\/es\/wp-json\/wp\/v2\/media?parent=36108"}],"wp:term":[{"taxonomy":"category","embeddable":true,"href":"https:\/\/conversesacatalunya.cat\/es\/wp-json\/wp\/v2\/categories?post=36108"},{"taxonomy":"post_tag","embeddable":true,"href":"https:\/\/conversesacatalunya.cat\/es\/wp-json\/wp\/v2\/tags?post=36108"}],"curies":[{"name":"wp","href":"https:\/\/api.w.org\/{rel}","templated":true}]}}