{"id":36067,"date":"2020-05-14T11:59:55","date_gmt":"2020-05-14T09:59:55","guid":{"rendered":"https:\/\/conversesacatalunya.cat\/?p=36067"},"modified":"2024-01-22T14:23:01","modified_gmt":"2024-01-22T13:23:01","slug":"confianza-el-secreto-de-la-reconstruccion","status":"publish","type":"post","link":"https:\/\/conversesacatalunya.cat\/es\/confianza-el-secreto-de-la-reconstruccion\/","title":{"rendered":"Confianza: el secreto de la reconstrucci\u00f3n"},"content":{"rendered":"<p>El futuro es siempre incierto y por tanto cualquier predicci\u00f3n est\u00e1 siempre sujeta al error. Hoy, la presencia del coronavirus ha provocado un hecho inaudito, la hibernaci\u00f3n de la econom\u00eda. Por lo tanto, a la incertidumbre del futuro se suma la falta de situaciones similares en el pasado. <strong>En consecuencia, cualquier previsi\u00f3n de futuro es hoy especialmente incierta.<\/strong><\/p>\n<p>Ahora bien, tambi\u00e9n hay certezas, la m\u00e1s evidente es la grave crisis econ\u00f3mica que oficialmente a\u00fan no vivimos en Espa\u00f1a (es necesario que en dos trimestres consecutivos el PIB disminuya), pero sus graves consecuencias ya se est\u00e1n haciendo sentir. Una situaci\u00f3n que no se solucionar\u00e1 autom\u00e1ticamente cuando pase el confinamiento.<\/p>\n<h4><strong>Reactivaci\u00f3n de la econom\u00eda<\/strong><\/h4>\n<p>Hay que tener en cuenta que <strong>despu\u00e9s de la hibernaci\u00f3n de la econom\u00eda, esta no se reactivar\u00e1 de forma espont\u00e1nea<\/strong>. Por ejemplo, muchas empresas desaparecer\u00e1n (durante marzo desaparecieron el 6,5% de empresas espa\u00f1olas) no \u00fanicamente durante el confinamiento, sino tambi\u00e9n posteriormente. A parte de estas empresas, muchas otras se ver\u00e1n obligadas a acogerse a ERTO y m\u00e1s tarde a realizar despidos. Esta situaci\u00f3n est\u00e1 provocando la disminuci\u00f3n de puestos de trabajo y horas trabajadas y, por tanto, una disminuci\u00f3n de la renta disponible de los trabajadores.<\/p>\n<p>Adem\u00e1s, una importante cantidad de recursos de las empresas en lugar de destinarla a hacer crecer y mejorar la productividad, y por lo tanto generar m\u00e1s ventas y empleo, se destinar\u00e1 a paliar los efectos de la crisis.<\/p>\n<p>Tampoco se puede olvidar <strong>la importancia de las expectativas<\/strong>. Para que la econom\u00eda funcione, no s\u00f3lo las empresas deben poder abrir, sino que adem\u00e1s tiene que haber clientes. Y aqu\u00ed las expectativas juegan un papel clave. Si los consumidores no tienen confianza y certeza sobre el futuro, sobre lo que ingresar\u00e1n, muy dif\u00edcilmente volver\u00e1n a consumir como antes. Asimismo, si las empresas no tienen unas expectativas positivas, su grado de inversi\u00f3n ser\u00e1 inferior para asegurarse ante un futuro incierto.<\/p>\n<p>En consecuencia, cuando el confinamiento termine, habr\u00e1 que realizar una tarea que ser\u00e1 muy complicada, la de reconstruir Espa\u00f1a y su econom\u00eda. <strong>Para afrontar este duro camino es necesario cumplir al menos dos principios, el de la transparencia y el de la uni\u00f3n.<\/strong><\/p>\n<h4><strong>La transparencia<\/strong><\/h4>\n<p>La transparencia de las administraciones p\u00fablicas s\u00f3lo se produce cuando consideran a los ciudadanos aut\u00f3nomos, es decir, personas en las que se puede confiar, porque tienen capacidad de discernimiento. En consecuencia, <strong>el Estado informa de la realidad, sin filtros paternalistas.<\/strong> Desgraciadamente, hoy los gobernantes espa\u00f1oles no son transparentes en la gesti\u00f3n del virus, no conf\u00edan en el criterio de los ciudadanos.<\/p>\n<p>Un ejemplo reciente es c\u00f3mo el gobierno central no ha dado ha conocer el nombre de los t\u00e9cnicos que deciden qu\u00e9 autonom\u00edas pueden reactivar antes su econom\u00eda. El justificante ha sido el de defenderlos de potenciales presiones. Pero <strong>bajo esta misma premisa, e incluso con m\u00e1s raz\u00f3n, la identidad de un juez o de un polic\u00eda tampoco se deber\u00eda poder conocer.<\/strong> Por lo tanto, el Estado pide a la ciudadan\u00eda que conf\u00ede la reactivaci\u00f3n de la econom\u00eda a unos t\u00e9cnicos que nadie sabe qui\u00e9nes son. Pide un acto de fe.<\/p>\n<p>Otro episodio de falta de transparencia por parte del gobierno central es que no ha dado a conocer con detalle cu\u00e1les son los criterios que se utilizan para cambiar de fase en la desescalada. \u00bfC\u00f3mo puede ser que las mismas interesadas, las comunidades aut\u00f3nomas y subsecuentemente los ciudadanos, no sepan qu\u00e9 requisitos hay que cumplir para poder abrir la econom\u00eda? Ejemplo de este absurdo es que la Comunidad Valenciana en los \u00faltimos 14 d\u00edas debido al virus ha tenido 6,8 ingresos hospitalarios y 1,1 en UCI por 100.000 habitantes, mientras que el Pa\u00eds Vasco ha tenido 23,1 y 2,2 respectivamente. Sorprendentemente ha sido esta segunda comunidad la que ha pasado de fase, mientras que gran parte de la Comunidad Valenciana se ha mantenido en la fase 0. Ante esta imagen, a menos que se tenga una fe ciega en la actuaci\u00f3n del gobierno central, <strong>lo natural es sospechar que m\u00e1s que razones t\u00e9cnicas, se han utilizado razones pol\u00edticas.<\/strong><\/p>\n<p>Sin transparencia y, por tanto, conocimiento de la realidad, \u00bfc\u00f3mo pueden los ciudadanos actuar de la forma m\u00e1s adecuada? \u00bfC\u00f3mo puede la sociedad tener la garant\u00eda de que el camino que marcan las administraciones es el correcto si no conocen la realidad?<\/p>\n<h4><strong>La uni\u00f3n<\/strong><\/h4>\n<p>El segundo principio fundamental para poder afrontar la reconstrucci\u00f3n con \u00e9xito es el de la unidad. <strong>Una unidad que s\u00f3lo ser\u00e1 posible si se cumple el principio de transparencia<\/strong>. \u00bfC\u00f3mo pueden cerrar filas los partidos de la oposici\u00f3n con el gobierno central si el propio gobierno central muestra una desconfianza absoluta al no ser transparente? La unidad no existir\u00e1 hasta que la responsabilidad sea compartida, y eso implica que <strong>partidos, agentes sociales y la sociedad en general hayan tenido acceso a la informaci\u00f3n necesaria y as\u00ed hayan podido participar en la toma de decisiones.<\/strong><\/p>\n<p>Adem\u00e1s, ante el gran reto econ\u00f3mico y social que tenemos delante, la unidad tambi\u00e9n reclama <strong>generosidad y sobre todo racionalidad<\/strong>. Hay que contar con los mejores, ya sean de un partido o de otro, empresarios o sindicalistas. Se deben utilizar todas las habilidades y capacidades del pa\u00eds. El ciudadano debe apreciar que al frente de la reconstrucci\u00f3n est\u00e1n los mejores para poder confiar en ella. Por ejemplo, en Italia el gobierno confi\u00f3, hace ya un mes, en un grupo de expertos de diversos \u00e1mbitos econ\u00f3micos y sociales para que propusieran medidas concretas para la reconstrucci\u00f3n de Italia. Este grupo est\u00e1 encabezado por Vittorio Colao, ex-CEO de Vodafone mundial. Este grupo de 19 personas ya ha recibido por parte de la opini\u00f3n p\u00fablica el apodo de \u00abDream Team\u00bb. Mientras tanto, en Espa\u00f1a,<strong> lo m\u00e1s similar que se ha iniciado es una comisi\u00f3n en el Congreso limitada \u00fanicamente a los pol\u00edticos<\/strong> y donde se hace dif\u00edcil imaginar que no se convertir\u00e1 en una continuaci\u00f3n de la batalla pol\u00edtica en el Congreso.<\/p>\n<p>\u00bfPor qu\u00e9 el gobierno central no cuenta con los mejores? \u00bfPor qu\u00e9 no toma las decisiones conjuntamente con el resto de los partidos y agentes para que todos se conviertan responsables de las propias decisiones y podamos caminar unidos en la reconstrucci\u00f3n de Espa\u00f1a?<\/p>\n<p>El futuro es incierto, especialmente hoy. La reconstrucci\u00f3n del pa\u00eds ser\u00e1 un proceso muy duro y costoso. <strong>Espa\u00f1a tendr\u00e1 m\u00e1s opciones de afrontarla con \u00e9xito si act\u00faa de forma transparente y unida,<\/strong> es decir, si existe una verdadera confianza mutua, confianza que no se genera de forma espont\u00e1nea, sino que hay que gan\u00e1rsela.<\/p>\n<p style=\"text-align: center;\"><a href=\"https:\/\/conversesacatalunya.cat\/es\/coronavirus\/\" target=\"_blank\" rel=\"noopener noreferrer\"><strong>M\u00e1s informaci\u00f3n ESPECIAL CORONAVIRUS<\/strong><\/a><\/p>\n<p><strong><span class='bctt-click-to-tweet'><span class='bctt-ctt-text'><a href='https:\/\/twitter.com\/intent\/tweet?url=https%3A%2F%2Fconversesacatalunya.cat%2Fes%2Fconfianza-el-secreto-de-la-reconstruccion%2F&#038;text=El%20Estado%20pide%20a%20la%20ciudadan%C3%ADa%20que%20conf%C3%ADe%20la%20reactivaci%C3%B3n%20de%20la%20econom%C3%ADa%20a%20unos%20t%C3%A9cnicos%20que%20nadie%20sabe%20qui%C3%A9nes%20son.%20Pide%20un%20acto%20de%20fe&#038;via=conversesacat&#038;related=conversesacat' target='_blank'rel=\"noopener noreferrer\">El Estado pide a la ciudadan\u00eda que conf\u00ede la reactivaci\u00f3n de la econom\u00eda a unos t\u00e9cnicos que nadie sabe qui\u00e9nes son. Pide un acto de fe <\/a><\/span><a href='https:\/\/twitter.com\/intent\/tweet?url=https%3A%2F%2Fconversesacatalunya.cat%2Fes%2Fconfianza-el-secreto-de-la-reconstruccion%2F&#038;text=El%20Estado%20pide%20a%20la%20ciudadan%C3%ADa%20que%20conf%C3%ADe%20la%20reactivaci%C3%B3n%20de%20la%20econom%C3%ADa%20a%20unos%20t%C3%A9cnicos%20que%20nadie%20sabe%20qui%C3%A9nes%20son.%20Pide%20un%20acto%20de%20fe&#038;via=conversesacat&#038;related=conversesacat' target='_blank' class='bctt-ctt-btn'rel=\"noopener noreferrer\">Compartir en X<\/a><\/span><\/strong><\/p>\n<div id=\"polls-50\" class=\"wp-polls\">\n\t<form id=\"polls_form_50\" class=\"wp-polls-form\" action=\"\/index.php\" method=\"post\">\n\t\t<p style=\"display: none;\"><input type=\"hidden\" id=\"poll_50_nonce\" name=\"wp-polls-nonce\" value=\"78b8b3db34\" \/><\/p>\n\t\t<p style=\"display: none;\"><input type=\"hidden\" name=\"poll_id\" value=\"50\" \/><\/p>\n\t\t<p style=\"text-align: center\"><strong>Creus que la Generalitat de Catalunya \u00e9s responsable del mal tracte donat a les resid\u00e8ncies de gent gran?<\/strong><\/p><div id=\"polls-50-ans\" class=\"wp-polls-ans\"><ul class=\"wp-polls-ul\">\n\t\t<li><input type=\"radio\" id=\"poll-answer-106\" name=\"poll_50\" value=\"106\" \/> <label for=\"poll-answer-106\">Si<\/label><\/li>\n\t\t<li><input type=\"radio\" id=\"poll-answer-107\" name=\"poll_50\" value=\"107\" \/> <label for=\"poll-answer-107\">No<\/label><\/li>\n\t\t<\/ul><p style=\"text-align: center\"><input type=\"button\" name=\"vote\" value=\"   Vota   \" class=\"Buttons\" onclick=\"poll_vote(50);\" \/><\/p><p style=\"text-align: center\"><a href=\"#ViewPollResults\" onclick=\"poll_result(50); return false;\" title=\"View Results Of This Poll\">Mira els resultats<\/a><\/p><\/div>\n\t<\/form>\n<\/div>\n<div id=\"polls-50-loading\" class=\"wp-polls-loading\"><img decoding=\"async\" data-src=\"https:\/\/conversesacatalunya.cat\/wp-content\/plugins\/wp-polls\/images\/loading.gif\" width=\"16\" height=\"16\" alt=\"Cargando ...\" title=\"Cargando ...\" class=\"wp-polls-image lazyload\" src=\"data:image\/svg+xml;base64,PHN2ZyB3aWR0aD0iMSIgaGVpZ2h0PSIxIiB4bWxucz0iaHR0cDovL3d3dy53My5vcmcvMjAwMC9zdmciPjwvc3ZnPg==\" style=\"--smush-placeholder-width: 16px; --smush-placeholder-aspect-ratio: 16\/16;\" \/>&nbsp;Cargando ...<\/div>\n\n","protected":false},"excerpt":{"rendered":"<p>El futuro es siempre incierto y por tanto cualquier predicci\u00f3n est\u00e1 siempre sujeta al error. Hoy, la presencia del coronavirus ha provocado un hecho inaudito, la hibernaci\u00f3n de la econom\u00eda. Por lo tanto, a la incertidumbre del futuro se suma la falta de situaciones similares en el pasado. En consecuencia, cualquier previsi\u00f3n de futuro es hoy especialmente incierta. Ahora bien, tambi\u00e9n hay certezas, la m\u00e1s evidente es la grave crisis econ\u00f3mica que oficialmente a\u00fan no vivimos en Espa\u00f1a (es necesario que en dos trimestres consecutivos el PIB disminuya), pero sus graves consecuencias ya se est\u00e1n haciendo sentir. Una situaci\u00f3n que no se solucionar\u00e1 autom\u00e1ticamente cuando pase el confinamiento. Reactivaci\u00f3n de la econom\u00eda Hay que tener en cuenta que despu\u00e9s de la hibernaci\u00f3n de la econom\u00eda, esta no se reactivar\u00e1 de forma espont\u00e1nea. Por ejemplo, muchas empresas desaparecer\u00e1n (durante marzo desaparecieron el 6,5% de empresas espa\u00f1olas) no \u00fanicamente durante el confinamiento, sino tambi\u00e9n posteriormente. A parte de estas empresas, muchas otras se ver\u00e1n obligadas a acogerse a ERTO y m\u00e1s tarde a realizar despidos. Esta situaci\u00f3n est\u00e1 provocando la disminuci\u00f3n de puestos de trabajo y horas trabajadas y, por tanto, una disminuci\u00f3n de la renta disponible de los trabajadores. Adem\u00e1s, una importante cantidad de recursos de las empresas en lugar de destinarla a hacer crecer y mejorar la productividad, y por lo tanto generar m\u00e1s ventas y empleo, se destinar\u00e1 a paliar los efectos de la crisis. Tampoco se puede olvidar la importancia de las expectativas. Para que la econom\u00eda funcione, no s\u00f3lo las empresas deben poder abrir, sino que adem\u00e1s tiene que haber clientes. Y aqu\u00ed las expectativas juegan un papel clave. Si los consumidores no tienen confianza y certeza sobre el futuro, sobre lo que ingresar\u00e1n, muy dif\u00edcilmente volver\u00e1n a consumir como antes. Asimismo, si las empresas no tienen unas expectativas positivas, su grado de inversi\u00f3n ser\u00e1 inferior para asegurarse ante un futuro incierto. En consecuencia, cuando el confinamiento termine, habr\u00e1 que realizar una tarea que ser\u00e1 muy complicada, la de reconstruir Espa\u00f1a y su econom\u00eda. Para afrontar este duro camino es necesario cumplir al menos dos principios, el de la transparencia y el de la uni\u00f3n. La transparencia La transparencia de las administraciones p\u00fablicas s\u00f3lo se produce cuando consideran a los ciudadanos aut\u00f3nomos, es decir, personas en las que se puede confiar, porque tienen capacidad de discernimiento. En consecuencia, el Estado informa de la realidad, sin filtros paternalistas. Desgraciadamente, hoy los gobernantes espa\u00f1oles no son transparentes en la gesti\u00f3n del virus, no conf\u00edan en el criterio de los ciudadanos. Un ejemplo reciente es c\u00f3mo el gobierno central no ha dado ha conocer el nombre de los t\u00e9cnicos que deciden qu\u00e9 autonom\u00edas pueden reactivar antes su econom\u00eda. El justificante ha sido el de defenderlos de potenciales presiones. Pero bajo esta misma premisa, e incluso con m\u00e1s raz\u00f3n, la identidad de un juez o de un polic\u00eda tampoco se deber\u00eda poder conocer. Por lo tanto, el Estado pide a la ciudadan\u00eda que conf\u00ede la reactivaci\u00f3n de la econom\u00eda a unos t\u00e9cnicos que nadie sabe qui\u00e9nes son. Pide un acto de fe. Otro episodio de falta de transparencia por parte del gobierno central es que no ha dado a conocer con detalle cu\u00e1les son los criterios que se utilizan para cambiar de fase en la desescalada. \u00bfC\u00f3mo puede ser que las mismas interesadas, las comunidades aut\u00f3nomas y subsecuentemente los ciudadanos, no sepan qu\u00e9 requisitos hay que cumplir para poder abrir la econom\u00eda? Ejemplo de este absurdo es que la Comunidad Valenciana en los \u00faltimos 14 d\u00edas debido al virus ha tenido 6,8 ingresos hospitalarios y 1,1 en UCI por 100.000 habitantes, mientras que el Pa\u00eds Vasco ha tenido 23,1 y 2,2 respectivamente. Sorprendentemente ha sido esta segunda comunidad la que ha pasado de fase, mientras que gran parte de la Comunidad Valenciana se ha mantenido en la fase 0. Ante esta imagen, a menos que se tenga una fe ciega en la actuaci\u00f3n del gobierno central, lo natural es sospechar que m\u00e1s que razones t\u00e9cnicas, se han utilizado razones pol\u00edticas. Sin transparencia y, por tanto, conocimiento de la realidad, \u00bfc\u00f3mo pueden los ciudadanos actuar de la forma m\u00e1s adecuada? \u00bfC\u00f3mo puede la sociedad tener la garant\u00eda de que el camino que marcan las administraciones es el correcto si no conocen la realidad? La uni\u00f3n El segundo principio fundamental para poder afrontar la reconstrucci\u00f3n con \u00e9xito es el de la unidad. Una unidad que s\u00f3lo ser\u00e1 posible si se cumple el principio de transparencia. \u00bfC\u00f3mo pueden cerrar filas los partidos de la oposici\u00f3n con el gobierno central si el propio gobierno central muestra una desconfianza absoluta al no ser transparente? La unidad no existir\u00e1 hasta que la responsabilidad sea compartida, y eso implica que partidos, agentes sociales y la sociedad en general hayan tenido acceso a la informaci\u00f3n necesaria y as\u00ed hayan podido participar en la toma de decisiones. Adem\u00e1s, ante el gran reto econ\u00f3mico y social que tenemos delante, la unidad tambi\u00e9n reclama generosidad y sobre todo racionalidad. Hay que contar con los mejores, ya sean de un partido o de otro, empresarios o sindicalistas. Se deben utilizar todas las habilidades y capacidades del pa\u00eds. El ciudadano debe apreciar que al frente de la reconstrucci\u00f3n est\u00e1n los mejores para poder confiar en ella. Por ejemplo, en Italia el gobierno confi\u00f3, hace ya un mes, en un grupo de expertos de diversos \u00e1mbitos econ\u00f3micos y sociales para que propusieran medidas concretas para la reconstrucci\u00f3n de Italia. Este grupo est\u00e1 encabezado por Vittorio Colao, ex-CEO de Vodafone mundial. Este grupo de 19 personas ya ha recibido por parte de la opini\u00f3n p\u00fablica el apodo de \u00abDream Team\u00bb. Mientras tanto, en Espa\u00f1a, lo m\u00e1s similar que se ha iniciado es una comisi\u00f3n en el Congreso limitada \u00fanicamente a los pol\u00edticos y donde se hace dif\u00edcil imaginar que no se convertir\u00e1 en una continuaci\u00f3n de la batalla pol\u00edtica en el Congreso. \u00bfPor qu\u00e9 el gobierno central no cuenta con los mejores? \u00bfPor qu\u00e9 no toma las decisiones conjuntamente con el resto de los partidos&#8230;<\/p>\n","protected":false},"author":24,"featured_media":36064,"comment_status":"open","ping_status":"open","sticky":false,"template":"","format":"standard","meta":{"_FSMCFIC_featured_image_caption":"","_FSMCFIC_featured_image_nocaption":"","_FSMCFIC_featured_image_hide":"","footnotes":""},"categories":[1772,804],"tags":[1504,2362,2364,2363,1508],"class_list":["post-36067","post","type-post","status-publish","format-standard","has-post-thumbnail","hentry","category-especial-coronavirus-es","category-opinem-es","tag-coronavirus-es","tag-estado","tag-reactivacion-de-la-economia","tag-transparencia","tag-virus-es"],"yoast_head":"<!-- This site is optimized with the Yoast SEO plugin v26.8 - https:\/\/yoast.com\/product\/yoast-seo-wordpress\/ -->\n<title>Confianza: el secreto de la reconstrucci\u00f3n - Converses a Catalunya<\/title>\n<meta name=\"description\" content=\"Espa\u00f1a tendr\u00e1 m\u00e1s opciones de afrontarla con \u00e9xito si act\u00faa de forma transparente y unida, si existe una verdadera confianza mutua\" \/>\n<meta name=\"robots\" content=\"index, follow, max-snippet:-1, max-image-preview:large, max-video-preview:-1\" \/>\n<link rel=\"canonical\" href=\"https:\/\/conversesacatalunya.cat\/es\/confianza-el-secreto-de-la-reconstruccion\/\" \/>\n<meta property=\"og:locale\" content=\"es_ES\" \/>\n<meta property=\"og:type\" content=\"article\" \/>\n<meta property=\"og:title\" content=\"Confianza: el secreto de la reconstrucci\u00f3n - Converses a Catalunya\" \/>\n<meta property=\"og:description\" content=\"Espa\u00f1a tendr\u00e1 m\u00e1s opciones de afrontarla con \u00e9xito si act\u00faa de forma transparente y unida, si existe una verdadera confianza mutua\" \/>\n<meta property=\"og:url\" content=\"https:\/\/conversesacatalunya.cat\/es\/confianza-el-secreto-de-la-reconstruccion\/\" \/>\n<meta property=\"og:site_name\" content=\"Converses a Catalunya\" \/>\n<meta property=\"article:published_time\" content=\"2020-05-14T09:59:55+00:00\" \/>\n<meta property=\"article:modified_time\" content=\"2024-01-22T13:23:01+00:00\" \/>\n<meta property=\"og:image\" content=\"https:\/\/conversesacatalunya.cat\/wp-content\/uploads\/2020\/05\/sanidad-crea-protocolos-especificos-de-coronavirus-para-medicina-de-familia-5680.jpg\" \/>\n\t<meta property=\"og:image:width\" content=\"1240\" \/>\n\t<meta property=\"og:image:height\" content=\"736\" \/>\n\t<meta property=\"og:image:type\" content=\"image\/jpeg\" \/>\n<meta name=\"author\" content=\"Marc Mir\u00f3\" \/>\n<meta name=\"twitter:card\" content=\"summary_large_image\" \/>\n<meta name=\"twitter:label1\" content=\"Escrito por\" \/>\n\t<meta name=\"twitter:data1\" content=\"Marc Mir\u00f3\" \/>\n\t<meta name=\"twitter:label2\" content=\"Tiempo de lectura\" \/>\n\t<meta name=\"twitter:data2\" content=\"6 minutos\" \/>\n<script type=\"application\/ld+json\" class=\"yoast-schema-graph\">{\"@context\":\"https:\/\/schema.org\",\"@graph\":[{\"@type\":\"Article\",\"@id\":\"https:\/\/conversesacatalunya.cat\/es\/confianza-el-secreto-de-la-reconstruccion\/#article\",\"isPartOf\":{\"@id\":\"https:\/\/conversesacatalunya.cat\/es\/confianza-el-secreto-de-la-reconstruccion\/\"},\"author\":{\"name\":\"Marc Mir\u00f3\",\"@id\":\"https:\/\/conversesacatalunya.cat\/#\/schema\/person\/f0cffd5beca4d58e40dc71414f560573\"},\"headline\":\"Confianza: el secreto de la reconstrucci\u00f3n\",\"datePublished\":\"2020-05-14T09:59:55+00:00\",\"dateModified\":\"2024-01-22T13:23:01+00:00\",\"mainEntityOfPage\":{\"@id\":\"https:\/\/conversesacatalunya.cat\/es\/confianza-el-secreto-de-la-reconstruccion\/\"},\"wordCount\":1219,\"commentCount\":0,\"image\":{\"@id\":\"https:\/\/conversesacatalunya.cat\/es\/confianza-el-secreto-de-la-reconstruccion\/#primaryimage\"},\"thumbnailUrl\":\"https:\/\/conversesacatalunya.cat\/wp-content\/uploads\/2020\/05\/sanidad-crea-protocolos-especificos-de-coronavirus-para-medicina-de-familia-5680.jpg\",\"keywords\":[\"coronavirus\",\"Estado\",\"reactivaci\u00f3n de la econom\u00eda\",\"transparencia\",\"virus\"],\"articleSection\":[\"Especial Coronavirus (ES)\",\"Opinem (ES)\"],\"inLanguage\":\"es\",\"potentialAction\":[{\"@type\":\"CommentAction\",\"name\":\"Comment\",\"target\":[\"https:\/\/conversesacatalunya.cat\/es\/confianza-el-secreto-de-la-reconstruccion\/#respond\"]}]},{\"@type\":\"WebPage\",\"@id\":\"https:\/\/conversesacatalunya.cat\/es\/confianza-el-secreto-de-la-reconstruccion\/\",\"url\":\"https:\/\/conversesacatalunya.cat\/es\/confianza-el-secreto-de-la-reconstruccion\/\",\"name\":\"Confianza: el secreto de la reconstrucci\u00f3n - Converses a Catalunya\",\"isPartOf\":{\"@id\":\"https:\/\/conversesacatalunya.cat\/#website\"},\"primaryImageOfPage\":{\"@id\":\"https:\/\/conversesacatalunya.cat\/es\/confianza-el-secreto-de-la-reconstruccion\/#primaryimage\"},\"image\":{\"@id\":\"https:\/\/conversesacatalunya.cat\/es\/confianza-el-secreto-de-la-reconstruccion\/#primaryimage\"},\"thumbnailUrl\":\"https:\/\/conversesacatalunya.cat\/wp-content\/uploads\/2020\/05\/sanidad-crea-protocolos-especificos-de-coronavirus-para-medicina-de-familia-5680.jpg\",\"datePublished\":\"2020-05-14T09:59:55+00:00\",\"dateModified\":\"2024-01-22T13:23:01+00:00\",\"author\":{\"@id\":\"https:\/\/conversesacatalunya.cat\/#\/schema\/person\/f0cffd5beca4d58e40dc71414f560573\"},\"description\":\"Espa\u00f1a tendr\u00e1 m\u00e1s opciones de afrontarla con \u00e9xito si act\u00faa de forma transparente y unida, si existe una verdadera confianza mutua\",\"breadcrumb\":{\"@id\":\"https:\/\/conversesacatalunya.cat\/es\/confianza-el-secreto-de-la-reconstruccion\/#breadcrumb\"},\"inLanguage\":\"es\",\"potentialAction\":[{\"@type\":\"ReadAction\",\"target\":[\"https:\/\/conversesacatalunya.cat\/es\/confianza-el-secreto-de-la-reconstruccion\/\"]}]},{\"@type\":\"ImageObject\",\"inLanguage\":\"es\",\"@id\":\"https:\/\/conversesacatalunya.cat\/es\/confianza-el-secreto-de-la-reconstruccion\/#primaryimage\",\"url\":\"https:\/\/conversesacatalunya.cat\/wp-content\/uploads\/2020\/05\/sanidad-crea-protocolos-especificos-de-coronavirus-para-medicina-de-familia-5680.jpg\",\"contentUrl\":\"https:\/\/conversesacatalunya.cat\/wp-content\/uploads\/2020\/05\/sanidad-crea-protocolos-especificos-de-coronavirus-para-medicina-de-familia-5680.jpg\",\"width\":1240,\"height\":736,\"caption\":\"El gobierno ha de dar confianza\"},{\"@type\":\"BreadcrumbList\",\"@id\":\"https:\/\/conversesacatalunya.cat\/es\/confianza-el-secreto-de-la-reconstruccion\/#breadcrumb\",\"itemListElement\":[{\"@type\":\"ListItem\",\"position\":1,\"name\":\"Inici\",\"item\":\"https:\/\/conversesacatalunya.cat\/es\/\"},{\"@type\":\"ListItem\",\"position\":2,\"name\":\"Confianza: el secreto de la reconstrucci\u00f3n\"}]},{\"@type\":\"WebSite\",\"@id\":\"https:\/\/conversesacatalunya.cat\/#website\",\"url\":\"https:\/\/conversesacatalunya.cat\/\",\"name\":\"Converses a Catalunya\",\"description\":\"\",\"potentialAction\":[{\"@type\":\"SearchAction\",\"target\":{\"@type\":\"EntryPoint\",\"urlTemplate\":\"https:\/\/conversesacatalunya.cat\/?s={search_term_string}\"},\"query-input\":{\"@type\":\"PropertyValueSpecification\",\"valueRequired\":true,\"valueName\":\"search_term_string\"}}],\"inLanguage\":\"es\"},{\"@type\":\"Person\",\"@id\":\"https:\/\/conversesacatalunya.cat\/#\/schema\/person\/f0cffd5beca4d58e40dc71414f560573\",\"name\":\"Marc Mir\u00f3\",\"image\":{\"@type\":\"ImageObject\",\"inLanguage\":\"es\",\"@id\":\"https:\/\/conversesacatalunya.cat\/#\/schema\/person\/image\/\",\"url\":\"https:\/\/conversesacatalunya.cat\/wp-content\/litespeed\/avatar\/e15e502221644022ee38e7f8751dd2a5.jpg?ver=1777404814\",\"contentUrl\":\"https:\/\/conversesacatalunya.cat\/wp-content\/litespeed\/avatar\/e15e502221644022ee38e7f8751dd2a5.jpg?ver=1777404814\",\"caption\":\"Marc Mir\u00f3\"},\"url\":\"https:\/\/conversesacatalunya.cat\/es\/author\/marc__miro\/\"}]}<\/script>\n<!-- \/ Yoast SEO plugin. -->","yoast_head_json":{"title":"Confianza: el secreto de la reconstrucci\u00f3n - Converses a Catalunya","description":"Espa\u00f1a tendr\u00e1 m\u00e1s opciones de afrontarla con \u00e9xito si act\u00faa de forma transparente y unida, si existe una verdadera confianza mutua","robots":{"index":"index","follow":"follow","max-snippet":"max-snippet:-1","max-image-preview":"max-image-preview:large","max-video-preview":"max-video-preview:-1"},"canonical":"https:\/\/conversesacatalunya.cat\/es\/confianza-el-secreto-de-la-reconstruccion\/","og_locale":"es_ES","og_type":"article","og_title":"Confianza: el secreto de la reconstrucci\u00f3n - Converses a Catalunya","og_description":"Espa\u00f1a tendr\u00e1 m\u00e1s opciones de afrontarla con \u00e9xito si act\u00faa de forma transparente y unida, si existe una verdadera confianza mutua","og_url":"https:\/\/conversesacatalunya.cat\/es\/confianza-el-secreto-de-la-reconstruccion\/","og_site_name":"Converses a Catalunya","article_published_time":"2020-05-14T09:59:55+00:00","article_modified_time":"2024-01-22T13:23:01+00:00","og_image":[{"width":1240,"height":736,"url":"https:\/\/conversesacatalunya.cat\/wp-content\/uploads\/2020\/05\/sanidad-crea-protocolos-especificos-de-coronavirus-para-medicina-de-familia-5680.jpg","type":"image\/jpeg"}],"author":"Marc Mir\u00f3","twitter_card":"summary_large_image","twitter_misc":{"Escrito por":"Marc Mir\u00f3","Tiempo de lectura":"6 minutos"},"schema":{"@context":"https:\/\/schema.org","@graph":[{"@type":"Article","@id":"https:\/\/conversesacatalunya.cat\/es\/confianza-el-secreto-de-la-reconstruccion\/#article","isPartOf":{"@id":"https:\/\/conversesacatalunya.cat\/es\/confianza-el-secreto-de-la-reconstruccion\/"},"author":{"name":"Marc Mir\u00f3","@id":"https:\/\/conversesacatalunya.cat\/#\/schema\/person\/f0cffd5beca4d58e40dc71414f560573"},"headline":"Confianza: el secreto de la reconstrucci\u00f3n","datePublished":"2020-05-14T09:59:55+00:00","dateModified":"2024-01-22T13:23:01+00:00","mainEntityOfPage":{"@id":"https:\/\/conversesacatalunya.cat\/es\/confianza-el-secreto-de-la-reconstruccion\/"},"wordCount":1219,"commentCount":0,"image":{"@id":"https:\/\/conversesacatalunya.cat\/es\/confianza-el-secreto-de-la-reconstruccion\/#primaryimage"},"thumbnailUrl":"https:\/\/conversesacatalunya.cat\/wp-content\/uploads\/2020\/05\/sanidad-crea-protocolos-especificos-de-coronavirus-para-medicina-de-familia-5680.jpg","keywords":["coronavirus","Estado","reactivaci\u00f3n de la econom\u00eda","transparencia","virus"],"articleSection":["Especial Coronavirus (ES)","Opinem (ES)"],"inLanguage":"es","potentialAction":[{"@type":"CommentAction","name":"Comment","target":["https:\/\/conversesacatalunya.cat\/es\/confianza-el-secreto-de-la-reconstruccion\/#respond"]}]},{"@type":"WebPage","@id":"https:\/\/conversesacatalunya.cat\/es\/confianza-el-secreto-de-la-reconstruccion\/","url":"https:\/\/conversesacatalunya.cat\/es\/confianza-el-secreto-de-la-reconstruccion\/","name":"Confianza: el secreto de la reconstrucci\u00f3n - Converses a Catalunya","isPartOf":{"@id":"https:\/\/conversesacatalunya.cat\/#website"},"primaryImageOfPage":{"@id":"https:\/\/conversesacatalunya.cat\/es\/confianza-el-secreto-de-la-reconstruccion\/#primaryimage"},"image":{"@id":"https:\/\/conversesacatalunya.cat\/es\/confianza-el-secreto-de-la-reconstruccion\/#primaryimage"},"thumbnailUrl":"https:\/\/conversesacatalunya.cat\/wp-content\/uploads\/2020\/05\/sanidad-crea-protocolos-especificos-de-coronavirus-para-medicina-de-familia-5680.jpg","datePublished":"2020-05-14T09:59:55+00:00","dateModified":"2024-01-22T13:23:01+00:00","author":{"@id":"https:\/\/conversesacatalunya.cat\/#\/schema\/person\/f0cffd5beca4d58e40dc71414f560573"},"description":"Espa\u00f1a tendr\u00e1 m\u00e1s opciones de afrontarla con \u00e9xito si act\u00faa de forma transparente y unida, si existe una verdadera confianza mutua","breadcrumb":{"@id":"https:\/\/conversesacatalunya.cat\/es\/confianza-el-secreto-de-la-reconstruccion\/#breadcrumb"},"inLanguage":"es","potentialAction":[{"@type":"ReadAction","target":["https:\/\/conversesacatalunya.cat\/es\/confianza-el-secreto-de-la-reconstruccion\/"]}]},{"@type":"ImageObject","inLanguage":"es","@id":"https:\/\/conversesacatalunya.cat\/es\/confianza-el-secreto-de-la-reconstruccion\/#primaryimage","url":"https:\/\/conversesacatalunya.cat\/wp-content\/uploads\/2020\/05\/sanidad-crea-protocolos-especificos-de-coronavirus-para-medicina-de-familia-5680.jpg","contentUrl":"https:\/\/conversesacatalunya.cat\/wp-content\/uploads\/2020\/05\/sanidad-crea-protocolos-especificos-de-coronavirus-para-medicina-de-familia-5680.jpg","width":1240,"height":736,"caption":"El gobierno ha de dar confianza"},{"@type":"BreadcrumbList","@id":"https:\/\/conversesacatalunya.cat\/es\/confianza-el-secreto-de-la-reconstruccion\/#breadcrumb","itemListElement":[{"@type":"ListItem","position":1,"name":"Inici","item":"https:\/\/conversesacatalunya.cat\/es\/"},{"@type":"ListItem","position":2,"name":"Confianza: el secreto de la reconstrucci\u00f3n"}]},{"@type":"WebSite","@id":"https:\/\/conversesacatalunya.cat\/#website","url":"https:\/\/conversesacatalunya.cat\/","name":"Converses a Catalunya","description":"","potentialAction":[{"@type":"SearchAction","target":{"@type":"EntryPoint","urlTemplate":"https:\/\/conversesacatalunya.cat\/?s={search_term_string}"},"query-input":{"@type":"PropertyValueSpecification","valueRequired":true,"valueName":"search_term_string"}}],"inLanguage":"es"},{"@type":"Person","@id":"https:\/\/conversesacatalunya.cat\/#\/schema\/person\/f0cffd5beca4d58e40dc71414f560573","name":"Marc Mir\u00f3","image":{"@type":"ImageObject","inLanguage":"es","@id":"https:\/\/conversesacatalunya.cat\/#\/schema\/person\/image\/","url":"https:\/\/conversesacatalunya.cat\/wp-content\/litespeed\/avatar\/e15e502221644022ee38e7f8751dd2a5.jpg?ver=1777404814","contentUrl":"https:\/\/conversesacatalunya.cat\/wp-content\/litespeed\/avatar\/e15e502221644022ee38e7f8751dd2a5.jpg?ver=1777404814","caption":"Marc Mir\u00f3"},"url":"https:\/\/conversesacatalunya.cat\/es\/author\/marc__miro\/"}]}},"wps_subtitle":"Hoy, la presencia del coronavirus ha provocado un hecho inaudito, la hibernaci\u00f3n de la econom\u00eda","_links":{"self":[{"href":"https:\/\/conversesacatalunya.cat\/es\/wp-json\/wp\/v2\/posts\/36067","targetHints":{"allow":["GET"]}}],"collection":[{"href":"https:\/\/conversesacatalunya.cat\/es\/wp-json\/wp\/v2\/posts"}],"about":[{"href":"https:\/\/conversesacatalunya.cat\/es\/wp-json\/wp\/v2\/types\/post"}],"author":[{"embeddable":true,"href":"https:\/\/conversesacatalunya.cat\/es\/wp-json\/wp\/v2\/users\/24"}],"replies":[{"embeddable":true,"href":"https:\/\/conversesacatalunya.cat\/es\/wp-json\/wp\/v2\/comments?post=36067"}],"version-history":[{"count":4,"href":"https:\/\/conversesacatalunya.cat\/es\/wp-json\/wp\/v2\/posts\/36067\/revisions"}],"predecessor-version":[{"id":36089,"href":"https:\/\/conversesacatalunya.cat\/es\/wp-json\/wp\/v2\/posts\/36067\/revisions\/36089"}],"wp:featuredmedia":[{"embeddable":true,"href":"https:\/\/conversesacatalunya.cat\/es\/wp-json\/wp\/v2\/media\/36064"}],"wp:attachment":[{"href":"https:\/\/conversesacatalunya.cat\/es\/wp-json\/wp\/v2\/media?parent=36067"}],"wp:term":[{"taxonomy":"category","embeddable":true,"href":"https:\/\/conversesacatalunya.cat\/es\/wp-json\/wp\/v2\/categories?post=36067"},{"taxonomy":"post_tag","embeddable":true,"href":"https:\/\/conversesacatalunya.cat\/es\/wp-json\/wp\/v2\/tags?post=36067"}],"curies":[{"name":"wp","href":"https:\/\/api.w.org\/{rel}","templated":true}]}}