{"id":36055,"date":"2020-05-13T06:15:28","date_gmt":"2020-05-13T04:15:28","guid":{"rendered":"https:\/\/conversesacatalunya.cat\/bde-el-teletreball-ha-vingut-per-a-quedar-se\/"},"modified":"2020-05-13T17:04:43","modified_gmt":"2020-05-13T15:04:43","slug":"bde-el-teletrabajo-ha-venido-para-quedarse","status":"publish","type":"post","link":"https:\/\/conversesacatalunya.cat\/es\/bde-el-teletrabajo-ha-venido-para-quedarse\/","title":{"rendered":"BdE: el teletrabajo ha venido para quedarse"},"content":{"rendered":"<p>Seg\u00fan el \u00faltimo estudio del Banco de Espa\u00f1a (BdE), el teletrabajo deber\u00eda seguir aumentando, l<strong>legando hasta el 60%<\/strong>\u00a0en el caso de los trabajos con mayor cualificaci\u00f3n. En el estudio se estima que el 30,6 % de los ocupados podr\u00eda teletrabajar, al menos ocasionalmente, lo que supone 22,3 puntos porcentuales m\u00e1s que en la actualidad.<\/p>\n<p>Los empleos donde es m\u00e1s probable que se implante definitivamente el teletrabajo son los perfiles de tipo t\u00e9cnicos y profesionales cient\u00edficos e intelectuales, los directores y gerentes, los empleados contables, los administrativos y otros empleados de oficina.<\/p>\n<p>El Banco de Espa\u00f1a basa su informe en la Encuesta de Poblaci\u00f3n Activa y se\u00f1ala que el porcentaje de ocupados en 2019 que trabaj\u00f3 ocasionalmente desde su residencia ascendi\u00f3 al 8,4 %, lo que represent\u00f3 un crecimiento de 2,4 puntos porcentuales desde 2009.<\/p>\n<p>La entidad afirma que la emergencia sanitaria derivada del COVID-19 ha obligado a muchas empresas a adoptar de forma excepcional y apresurada el teletrabajo pero incide en que m\u00e1s all\u00e1 del teletrabajo como una soluci\u00f3n para amortiguar los efectos negativos de una situaci\u00f3n de confinamiento como la actual, existen estudios que muestran otras caracter\u00edsticas vinculadas a la productividad.<\/p>\n<p>Aunque el Banco de Espa\u00f1a es partidario de que, poco a poco,\u00a0<strong>la presencia del teletrabajo vaya teniendo m\u00e1s peso<\/strong>\u00a0en la econom\u00eda espa\u00f1ola, tambi\u00e9n reconoce que tiene algunos problemas. Para echa mano de algunos estudios y encuestas en donde los trabajadores sostienen que echan de menos la \u201cfalta de comunicaci\u00f3n con los colaboradores, la sensaci\u00f3n de trabajar en solitario y la dificultad para desconectar\u201d.<\/p>\n<div class=\"code-block code-block-2\">\n<div><\/div>\n<\/div>\n<span class='bctt-click-to-tweet'><span class='bctt-ctt-text'><a href='https:\/\/twitter.com\/intent\/tweet?url=https%3A%2F%2Fconversesacatalunya.cat%2Fes%2Fbde-el-teletrabajo-ha-venido-para-quedarse%2F&#038;text=El%20teletrabajo%20deber%C3%ADa%20seguir%20aumentando%2C%20llegando%20hasta%20el%2060%25%20en%20el%20caso%20de%20los%20trabajos%20con%20mayor%20cualificaci%C3%B3n&#038;via=conversesacat&#038;related=conversesacat' target='_blank'rel=\"noopener noreferrer\">El teletrabajo deber\u00eda seguir aumentando, llegando hasta el 60% en el caso de los trabajos con mayor cualificaci\u00f3n <\/a><\/span><a href='https:\/\/twitter.com\/intent\/tweet?url=https%3A%2F%2Fconversesacatalunya.cat%2Fes%2Fbde-el-teletrabajo-ha-venido-para-quedarse%2F&#038;text=El%20teletrabajo%20deber%C3%ADa%20seguir%20aumentando%2C%20llegando%20hasta%20el%2060%25%20en%20el%20caso%20de%20los%20trabajos%20con%20mayor%20cualificaci%C3%B3n&#038;via=conversesacat&#038;related=conversesacat' target='_blank' class='bctt-ctt-btn'rel=\"noopener noreferrer\">Compartir en X<\/a><\/span>\n<p>En el lado contrario, se valora positivamente \u201cla flexibilidad para distribuir la jornada laboral y realizar tareas en distintos lugares y el no tener que perder el tiempo en desplazamientos\u201d. Ante esta situaci\u00f3n, el regulador recuerda que hay muchos estudios que aconsejan \u201cfavorecer el teletrabajo, pero no de forma continuada, sino alternando el trabajo en casa con la presencia f\u00edsica en la empresa\u201d. E insiste en que el trabajo en remoto \u201cpuede convertirse en una buena opci\u00f3n para alargar la vida laboral de los trabajadores, ya que la flexibilidad horaria es algo que valoran especialmente las personas que se aproximan a la edad de jubilaci\u00f3n\u201d.<\/p>\n<p>Por edad, los mayores de 65 a\u00f1os tendr\u00edan un elevado margen de mejora en esta modalidad, y pr\u00e1cticamente la mitad de este colectivo (43,5%) podr\u00eda pasar a trabajar de forma no presencial, al tiempo que los menores de 24 a\u00f1os podr\u00edan incrementar el uso del teletrabajo en casi 20 puntos porcentuales.<\/p>\n<p>Asimismo, las comunidades aut\u00f3nomas que cuentan con un mayor margen de aplicaci\u00f3n del trabajo a distancia son la Comunidad de Madrid, que podr\u00eda aumentar el teletrabajo en 28 puntos porcentuales, el Pa\u00eds Vasco (26 pp) y Catalu\u00f1a (25 pp).<\/p>\n<div id=\"polls-50\" class=\"wp-polls\">\n\t<form id=\"polls_form_50\" class=\"wp-polls-form\" action=\"\/index.php\" method=\"post\">\n\t\t<p style=\"display: none;\"><input type=\"hidden\" id=\"poll_50_nonce\" name=\"wp-polls-nonce\" value=\"146bf7c984\" \/><\/p>\n\t\t<p style=\"display: none;\"><input type=\"hidden\" name=\"poll_id\" value=\"50\" \/><\/p>\n\t\t<p style=\"text-align: center\"><strong>Creus que la Generalitat de Catalunya \u00e9s responsable del mal tracte donat a les resid\u00e8ncies de gent gran?<\/strong><\/p><div id=\"polls-50-ans\" class=\"wp-polls-ans\"><ul class=\"wp-polls-ul\">\n\t\t<li><input type=\"radio\" id=\"poll-answer-106\" name=\"poll_50\" value=\"106\" \/> <label for=\"poll-answer-106\">Si<\/label><\/li>\n\t\t<li><input type=\"radio\" id=\"poll-answer-107\" name=\"poll_50\" value=\"107\" \/> <label for=\"poll-answer-107\">No<\/label><\/li>\n\t\t<\/ul><p style=\"text-align: center\"><input type=\"button\" name=\"vote\" value=\"   Vota   \" class=\"Buttons\" onclick=\"poll_vote(50);\" \/><\/p><p style=\"text-align: center\"><a href=\"#ViewPollResults\" onclick=\"poll_result(50); return false;\" title=\"View Results Of This Poll\">Mira els resultats<\/a><\/p><\/div>\n\t<\/form>\n<\/div>\n<div id=\"polls-50-loading\" class=\"wp-polls-loading\"><img decoding=\"async\" data-src=\"https:\/\/conversesacatalunya.cat\/wp-content\/plugins\/wp-polls\/images\/loading.gif\" width=\"16\" height=\"16\" alt=\"Cargando ...\" title=\"Cargando ...\" class=\"wp-polls-image lazyload\" src=\"data:image\/svg+xml;base64,PHN2ZyB3aWR0aD0iMSIgaGVpZ2h0PSIxIiB4bWxucz0iaHR0cDovL3d3dy53My5vcmcvMjAwMC9zdmciPjwvc3ZnPg==\" style=\"--smush-placeholder-width: 16px; --smush-placeholder-aspect-ratio: 16\/16;\" \/>&nbsp;Cargando ...<\/div>\n\n","protected":false},"excerpt":{"rendered":"<p>Seg\u00fan el \u00faltimo estudio del Banco de Espa\u00f1a (BdE), el teletrabajo deber\u00eda seguir aumentando, llegando hasta el 60%\u00a0en el caso de los trabajos con mayor cualificaci\u00f3n. En el estudio se estima que el 30,6 % de los ocupados podr\u00eda teletrabajar, al menos ocasionalmente, lo que supone 22,3 puntos porcentuales m\u00e1s que en la actualidad. Los empleos donde es m\u00e1s probable que se implante definitivamente el teletrabajo son los perfiles de tipo t\u00e9cnicos y profesionales cient\u00edficos e intelectuales, los directores y gerentes, los empleados contables, los administrativos y otros empleados de oficina. El Banco de Espa\u00f1a basa su informe en la Encuesta de Poblaci\u00f3n Activa y se\u00f1ala que el porcentaje de ocupados en 2019 que trabaj\u00f3 ocasionalmente desde su residencia ascendi\u00f3 al 8,4 %, lo que represent\u00f3 un crecimiento de 2,4 puntos porcentuales desde 2009. La entidad afirma que la emergencia sanitaria derivada del COVID-19 ha obligado a muchas empresas a adoptar de forma excepcional y apresurada el teletrabajo pero incide en que m\u00e1s all\u00e1 del teletrabajo como una soluci\u00f3n para amortiguar los efectos negativos de una situaci\u00f3n de confinamiento como la actual, existen estudios que muestran otras caracter\u00edsticas vinculadas a la productividad. Aunque el Banco de Espa\u00f1a es partidario de que, poco a poco,\u00a0la presencia del teletrabajo vaya teniendo m\u00e1s peso\u00a0en la econom\u00eda espa\u00f1ola, tambi\u00e9n reconoce que tiene algunos problemas. Para echa mano de algunos estudios y encuestas en donde los trabajadores sostienen que echan de menos la \u201cfalta de comunicaci\u00f3n con los colaboradores, la sensaci\u00f3n de trabajar en solitario y la dificultad para desconectar\u201d. En el lado contrario, se valora positivamente \u201cla flexibilidad para distribuir la jornada laboral y realizar tareas en distintos lugares y el no tener que perder el tiempo en desplazamientos\u201d. Ante esta situaci\u00f3n, el regulador recuerda que hay muchos estudios que aconsejan \u201cfavorecer el teletrabajo, pero no de forma continuada, sino alternando el trabajo en casa con la presencia f\u00edsica en la empresa\u201d. E insiste en que el trabajo en remoto \u201cpuede convertirse en una buena opci\u00f3n para alargar la vida laboral de los trabajadores, ya que la flexibilidad horaria es algo que valoran especialmente las personas que se aproximan a la edad de jubilaci\u00f3n\u201d. Por edad, los mayores de 65 a\u00f1os tendr\u00edan un elevado margen de mejora en esta modalidad, y pr\u00e1cticamente la mitad de este colectivo (43,5%) podr\u00eda pasar a trabajar de forma no presencial, al tiempo que los menores de 24 a\u00f1os podr\u00edan incrementar el uso del teletrabajo en casi 20 puntos porcentuales. Asimismo, las comunidades aut\u00f3nomas que cuentan con un mayor margen de aplicaci\u00f3n del trabajo a distancia son la Comunidad de Madrid, que podr\u00eda aumentar el teletrabajo en 28 puntos porcentuales, el Pa\u00eds Vasco (26 pp) y Catalu\u00f1a (25 pp).<\/p>\n","protected":false},"author":20,"featured_media":36034,"comment_status":"open","ping_status":"open","sticky":false,"template":"","format":"standard","meta":{"_FSMCFIC_featured_image_caption":"","_FSMCFIC_featured_image_nocaption":"","_FSMCFIC_featured_image_hide":"","footnotes":""},"categories":[806],"tags":[2359,2356,1504,831,2358],"class_list":["post-36055","post","type-post","status-publish","format-standard","has-post-thumbnail","hentry","category-punts-claus-del-dia-es","tag-banc-despanya-es-2","tag-bde-es","tag-coronavirus-es","tag-economia-es","tag-teletreball-es"],"yoast_head":"<!-- This site is optimized with the Yoast SEO plugin v26.8 - https:\/\/yoast.com\/product\/yoast-seo-wordpress\/ -->\n<title>BdE: el teletrabajo ha venido para quedarse - Converses a Catalunya<\/title>\n<meta name=\"robots\" content=\"index, follow, max-snippet:-1, max-image-preview:large, max-video-preview:-1\" \/>\n<link rel=\"canonical\" href=\"https:\/\/conversesacatalunya.cat\/es\/bde-el-teletrabajo-ha-venido-para-quedarse\/\" \/>\n<meta property=\"og:locale\" content=\"es_ES\" \/>\n<meta property=\"og:type\" content=\"article\" \/>\n<meta property=\"og:title\" content=\"BdE: el teletrabajo ha venido para quedarse - Converses a Catalunya\" \/>\n<meta property=\"og:description\" content=\"Seg\u00fan el \u00faltimo estudio del Banco de Espa\u00f1a (BdE), el teletrabajo deber\u00eda seguir aumentando, llegando hasta el 60%\u00a0en el caso de los trabajos con mayor cualificaci\u00f3n. En el estudio se estima que el 30,6 % de los ocupados podr\u00eda teletrabajar, al menos ocasionalmente, lo que supone 22,3 puntos porcentuales m\u00e1s que en la actualidad. Los empleos donde es m\u00e1s probable que se implante definitivamente el teletrabajo son los perfiles de tipo t\u00e9cnicos y profesionales cient\u00edficos e intelectuales, los directores y gerentes, los empleados contables, los administrativos y otros empleados de oficina. El Banco de Espa\u00f1a basa su informe en la Encuesta de Poblaci\u00f3n Activa y se\u00f1ala que el porcentaje de ocupados en 2019 que trabaj\u00f3 ocasionalmente desde su residencia ascendi\u00f3 al 8,4 %, lo que represent\u00f3 un crecimiento de 2,4 puntos porcentuales desde 2009. La entidad afirma que la emergencia sanitaria derivada del COVID-19 ha obligado a muchas empresas a adoptar de forma excepcional y apresurada el teletrabajo pero incide en que m\u00e1s all\u00e1 del teletrabajo como una soluci\u00f3n para amortiguar los efectos negativos de una situaci\u00f3n de confinamiento como la actual, existen estudios que muestran otras caracter\u00edsticas vinculadas a la productividad. Aunque el Banco de Espa\u00f1a es partidario de que, poco a poco,\u00a0la presencia del teletrabajo vaya teniendo m\u00e1s peso\u00a0en la econom\u00eda espa\u00f1ola, tambi\u00e9n reconoce que tiene algunos problemas. Para echa mano de algunos estudios y encuestas en donde los trabajadores sostienen que echan de menos la \u201cfalta de comunicaci\u00f3n con los colaboradores, la sensaci\u00f3n de trabajar en solitario y la dificultad para desconectar\u201d. En el lado contrario, se valora positivamente \u201cla flexibilidad para distribuir la jornada laboral y realizar tareas en distintos lugares y el no tener que perder el tiempo en desplazamientos\u201d. Ante esta situaci\u00f3n, el regulador recuerda que hay muchos estudios que aconsejan \u201cfavorecer el teletrabajo, pero no de forma continuada, sino alternando el trabajo en casa con la presencia f\u00edsica en la empresa\u201d. E insiste en que el trabajo en remoto \u201cpuede convertirse en una buena opci\u00f3n para alargar la vida laboral de los trabajadores, ya que la flexibilidad horaria es algo que valoran especialmente las personas que se aproximan a la edad de jubilaci\u00f3n\u201d. Por edad, los mayores de 65 a\u00f1os tendr\u00edan un elevado margen de mejora en esta modalidad, y pr\u00e1cticamente la mitad de este colectivo (43,5%) podr\u00eda pasar a trabajar de forma no presencial, al tiempo que los menores de 24 a\u00f1os podr\u00edan incrementar el uso del teletrabajo en casi 20 puntos porcentuales. Asimismo, las comunidades aut\u00f3nomas que cuentan con un mayor margen de aplicaci\u00f3n del trabajo a distancia son la Comunidad de Madrid, que podr\u00eda aumentar el teletrabajo en 28 puntos porcentuales, el Pa\u00eds Vasco (26 pp) y Catalu\u00f1a (25 pp).\" \/>\n<meta property=\"og:url\" content=\"https:\/\/conversesacatalunya.cat\/es\/bde-el-teletrabajo-ha-venido-para-quedarse\/\" \/>\n<meta property=\"og:site_name\" content=\"Converses a Catalunya\" \/>\n<meta property=\"article:published_time\" content=\"2020-05-13T04:15:28+00:00\" \/>\n<meta property=\"article:modified_time\" content=\"2020-05-13T15:04:43+00:00\" \/>\n<meta property=\"og:image\" content=\"https:\/\/conversesacatalunya.cat\/wp-content\/uploads\/2020\/05\/Capture-4.png\" \/>\n\t<meta property=\"og:image:width\" content=\"917\" \/>\n\t<meta property=\"og:image:height\" content=\"608\" \/>\n\t<meta property=\"og:image:type\" content=\"image\/png\" \/>\n<meta name=\"author\" content=\"conversesacatalunya\" \/>\n<meta name=\"twitter:card\" content=\"summary_large_image\" \/>\n<meta name=\"twitter:label1\" content=\"Escrito por\" \/>\n\t<meta name=\"twitter:data1\" content=\"conversesacatalunya\" \/>\n\t<meta name=\"twitter:label2\" content=\"Tiempo de lectura\" \/>\n\t<meta name=\"twitter:data2\" content=\"3 minutos\" \/>\n<script type=\"application\/ld+json\" class=\"yoast-schema-graph\">{\"@context\":\"https:\/\/schema.org\",\"@graph\":[{\"@type\":\"Article\",\"@id\":\"https:\/\/conversesacatalunya.cat\/es\/bde-el-teletrabajo-ha-venido-para-quedarse\/#article\",\"isPartOf\":{\"@id\":\"https:\/\/conversesacatalunya.cat\/es\/bde-el-teletrabajo-ha-venido-para-quedarse\/\"},\"author\":{\"name\":\"conversesacatalunya\",\"@id\":\"https:\/\/conversesacatalunya.cat\/#\/schema\/person\/a7a9496a363cd9847daf7cd659d92e64\"},\"headline\":\"BdE: el teletrabajo ha venido para quedarse\",\"datePublished\":\"2020-05-13T04:15:28+00:00\",\"dateModified\":\"2020-05-13T15:04:43+00:00\",\"mainEntityOfPage\":{\"@id\":\"https:\/\/conversesacatalunya.cat\/es\/bde-el-teletrabajo-ha-venido-para-quedarse\/\"},\"wordCount\":507,\"commentCount\":0,\"image\":{\"@id\":\"https:\/\/conversesacatalunya.cat\/es\/bde-el-teletrabajo-ha-venido-para-quedarse\/#primaryimage\"},\"thumbnailUrl\":\"https:\/\/conversesacatalunya.cat\/wp-content\/uploads\/2020\/05\/Capture-4.png\",\"keywords\":[\"Banc d'Espanya\",\"BdE\",\"coronavirus\",\"Economia\",\"Teletreball\"],\"articleSection\":[\"Punts clau del dia (ES)\"],\"inLanguage\":\"es\",\"potentialAction\":[{\"@type\":\"CommentAction\",\"name\":\"Comment\",\"target\":[\"https:\/\/conversesacatalunya.cat\/es\/bde-el-teletrabajo-ha-venido-para-quedarse\/#respond\"]}]},{\"@type\":\"WebPage\",\"@id\":\"https:\/\/conversesacatalunya.cat\/es\/bde-el-teletrabajo-ha-venido-para-quedarse\/\",\"url\":\"https:\/\/conversesacatalunya.cat\/es\/bde-el-teletrabajo-ha-venido-para-quedarse\/\",\"name\":\"BdE: el teletrabajo ha venido para quedarse - Converses a Catalunya\",\"isPartOf\":{\"@id\":\"https:\/\/conversesacatalunya.cat\/#website\"},\"primaryImageOfPage\":{\"@id\":\"https:\/\/conversesacatalunya.cat\/es\/bde-el-teletrabajo-ha-venido-para-quedarse\/#primaryimage\"},\"image\":{\"@id\":\"https:\/\/conversesacatalunya.cat\/es\/bde-el-teletrabajo-ha-venido-para-quedarse\/#primaryimage\"},\"thumbnailUrl\":\"https:\/\/conversesacatalunya.cat\/wp-content\/uploads\/2020\/05\/Capture-4.png\",\"datePublished\":\"2020-05-13T04:15:28+00:00\",\"dateModified\":\"2020-05-13T15:04:43+00:00\",\"author\":{\"@id\":\"https:\/\/conversesacatalunya.cat\/#\/schema\/person\/a7a9496a363cd9847daf7cd659d92e64\"},\"breadcrumb\":{\"@id\":\"https:\/\/conversesacatalunya.cat\/es\/bde-el-teletrabajo-ha-venido-para-quedarse\/#breadcrumb\"},\"inLanguage\":\"es\",\"potentialAction\":[{\"@type\":\"ReadAction\",\"target\":[\"https:\/\/conversesacatalunya.cat\/es\/bde-el-teletrabajo-ha-venido-para-quedarse\/\"]}]},{\"@type\":\"ImageObject\",\"inLanguage\":\"es\",\"@id\":\"https:\/\/conversesacatalunya.cat\/es\/bde-el-teletrabajo-ha-venido-para-quedarse\/#primaryimage\",\"url\":\"https:\/\/conversesacatalunya.cat\/wp-content\/uploads\/2020\/05\/Capture-4.png\",\"contentUrl\":\"https:\/\/conversesacatalunya.cat\/wp-content\/uploads\/2020\/05\/Capture-4.png\",\"width\":917,\"height\":608,\"caption\":\"Teletreball\"},{\"@type\":\"BreadcrumbList\",\"@id\":\"https:\/\/conversesacatalunya.cat\/es\/bde-el-teletrabajo-ha-venido-para-quedarse\/#breadcrumb\",\"itemListElement\":[{\"@type\":\"ListItem\",\"position\":1,\"name\":\"Inici\",\"item\":\"https:\/\/conversesacatalunya.cat\/es\/\"},{\"@type\":\"ListItem\",\"position\":2,\"name\":\"BdE: el teletrabajo ha venido para quedarse\"}]},{\"@type\":\"WebSite\",\"@id\":\"https:\/\/conversesacatalunya.cat\/#website\",\"url\":\"https:\/\/conversesacatalunya.cat\/\",\"name\":\"Converses a Catalunya\",\"description\":\"\",\"potentialAction\":[{\"@type\":\"SearchAction\",\"target\":{\"@type\":\"EntryPoint\",\"urlTemplate\":\"https:\/\/conversesacatalunya.cat\/?s={search_term_string}\"},\"query-input\":{\"@type\":\"PropertyValueSpecification\",\"valueRequired\":true,\"valueName\":\"search_term_string\"}}],\"inLanguage\":\"es\"},{\"@type\":\"Person\",\"@id\":\"https:\/\/conversesacatalunya.cat\/#\/schema\/person\/a7a9496a363cd9847daf7cd659d92e64\",\"name\":\"conversesacatalunya\",\"image\":{\"@type\":\"ImageObject\",\"inLanguage\":\"es\",\"@id\":\"https:\/\/conversesacatalunya.cat\/#\/schema\/person\/image\/\",\"url\":\"https:\/\/conversesacatalunya.cat\/wp-content\/litespeed\/avatar\/ff91582b44ff9c880dc9c5ac2f5c7e89.jpg?ver=1777372947\",\"contentUrl\":\"https:\/\/conversesacatalunya.cat\/wp-content\/litespeed\/avatar\/ff91582b44ff9c880dc9c5ac2f5c7e89.jpg?ver=1777372947\",\"caption\":\"conversesacatalunya\"},\"url\":\"https:\/\/conversesacatalunya.cat\/es\/author\/francisco_garcia\/\"}]}<\/script>\n<!-- \/ Yoast SEO plugin. -->","yoast_head_json":{"title":"BdE: el teletrabajo ha venido para quedarse - Converses a Catalunya","robots":{"index":"index","follow":"follow","max-snippet":"max-snippet:-1","max-image-preview":"max-image-preview:large","max-video-preview":"max-video-preview:-1"},"canonical":"https:\/\/conversesacatalunya.cat\/es\/bde-el-teletrabajo-ha-venido-para-quedarse\/","og_locale":"es_ES","og_type":"article","og_title":"BdE: el teletrabajo ha venido para quedarse - Converses a Catalunya","og_description":"Seg\u00fan el \u00faltimo estudio del Banco de Espa\u00f1a (BdE), el teletrabajo deber\u00eda seguir aumentando, llegando hasta el 60%\u00a0en el caso de los trabajos con mayor cualificaci\u00f3n. En el estudio se estima que el 30,6 % de los ocupados podr\u00eda teletrabajar, al menos ocasionalmente, lo que supone 22,3 puntos porcentuales m\u00e1s que en la actualidad. Los empleos donde es m\u00e1s probable que se implante definitivamente el teletrabajo son los perfiles de tipo t\u00e9cnicos y profesionales cient\u00edficos e intelectuales, los directores y gerentes, los empleados contables, los administrativos y otros empleados de oficina. El Banco de Espa\u00f1a basa su informe en la Encuesta de Poblaci\u00f3n Activa y se\u00f1ala que el porcentaje de ocupados en 2019 que trabaj\u00f3 ocasionalmente desde su residencia ascendi\u00f3 al 8,4 %, lo que represent\u00f3 un crecimiento de 2,4 puntos porcentuales desde 2009. La entidad afirma que la emergencia sanitaria derivada del COVID-19 ha obligado a muchas empresas a adoptar de forma excepcional y apresurada el teletrabajo pero incide en que m\u00e1s all\u00e1 del teletrabajo como una soluci\u00f3n para amortiguar los efectos negativos de una situaci\u00f3n de confinamiento como la actual, existen estudios que muestran otras caracter\u00edsticas vinculadas a la productividad. Aunque el Banco de Espa\u00f1a es partidario de que, poco a poco,\u00a0la presencia del teletrabajo vaya teniendo m\u00e1s peso\u00a0en la econom\u00eda espa\u00f1ola, tambi\u00e9n reconoce que tiene algunos problemas. Para echa mano de algunos estudios y encuestas en donde los trabajadores sostienen que echan de menos la \u201cfalta de comunicaci\u00f3n con los colaboradores, la sensaci\u00f3n de trabajar en solitario y la dificultad para desconectar\u201d. En el lado contrario, se valora positivamente \u201cla flexibilidad para distribuir la jornada laboral y realizar tareas en distintos lugares y el no tener que perder el tiempo en desplazamientos\u201d. Ante esta situaci\u00f3n, el regulador recuerda que hay muchos estudios que aconsejan \u201cfavorecer el teletrabajo, pero no de forma continuada, sino alternando el trabajo en casa con la presencia f\u00edsica en la empresa\u201d. E insiste en que el trabajo en remoto \u201cpuede convertirse en una buena opci\u00f3n para alargar la vida laboral de los trabajadores, ya que la flexibilidad horaria es algo que valoran especialmente las personas que se aproximan a la edad de jubilaci\u00f3n\u201d. Por edad, los mayores de 65 a\u00f1os tendr\u00edan un elevado margen de mejora en esta modalidad, y pr\u00e1cticamente la mitad de este colectivo (43,5%) podr\u00eda pasar a trabajar de forma no presencial, al tiempo que los menores de 24 a\u00f1os podr\u00edan incrementar el uso del teletrabajo en casi 20 puntos porcentuales. Asimismo, las comunidades aut\u00f3nomas que cuentan con un mayor margen de aplicaci\u00f3n del trabajo a distancia son la Comunidad de Madrid, que podr\u00eda aumentar el teletrabajo en 28 puntos porcentuales, el Pa\u00eds Vasco (26 pp) y Catalu\u00f1a (25 pp).","og_url":"https:\/\/conversesacatalunya.cat\/es\/bde-el-teletrabajo-ha-venido-para-quedarse\/","og_site_name":"Converses a Catalunya","article_published_time":"2020-05-13T04:15:28+00:00","article_modified_time":"2020-05-13T15:04:43+00:00","og_image":[{"width":917,"height":608,"url":"https:\/\/conversesacatalunya.cat\/wp-content\/uploads\/2020\/05\/Capture-4.png","type":"image\/png"}],"author":"conversesacatalunya","twitter_card":"summary_large_image","twitter_misc":{"Escrito por":"conversesacatalunya","Tiempo de lectura":"3 minutos"},"schema":{"@context":"https:\/\/schema.org","@graph":[{"@type":"Article","@id":"https:\/\/conversesacatalunya.cat\/es\/bde-el-teletrabajo-ha-venido-para-quedarse\/#article","isPartOf":{"@id":"https:\/\/conversesacatalunya.cat\/es\/bde-el-teletrabajo-ha-venido-para-quedarse\/"},"author":{"name":"conversesacatalunya","@id":"https:\/\/conversesacatalunya.cat\/#\/schema\/person\/a7a9496a363cd9847daf7cd659d92e64"},"headline":"BdE: el teletrabajo ha venido para quedarse","datePublished":"2020-05-13T04:15:28+00:00","dateModified":"2020-05-13T15:04:43+00:00","mainEntityOfPage":{"@id":"https:\/\/conversesacatalunya.cat\/es\/bde-el-teletrabajo-ha-venido-para-quedarse\/"},"wordCount":507,"commentCount":0,"image":{"@id":"https:\/\/conversesacatalunya.cat\/es\/bde-el-teletrabajo-ha-venido-para-quedarse\/#primaryimage"},"thumbnailUrl":"https:\/\/conversesacatalunya.cat\/wp-content\/uploads\/2020\/05\/Capture-4.png","keywords":["Banc d'Espanya","BdE","coronavirus","Economia","Teletreball"],"articleSection":["Punts clau del dia (ES)"],"inLanguage":"es","potentialAction":[{"@type":"CommentAction","name":"Comment","target":["https:\/\/conversesacatalunya.cat\/es\/bde-el-teletrabajo-ha-venido-para-quedarse\/#respond"]}]},{"@type":"WebPage","@id":"https:\/\/conversesacatalunya.cat\/es\/bde-el-teletrabajo-ha-venido-para-quedarse\/","url":"https:\/\/conversesacatalunya.cat\/es\/bde-el-teletrabajo-ha-venido-para-quedarse\/","name":"BdE: el teletrabajo ha venido para quedarse - Converses a Catalunya","isPartOf":{"@id":"https:\/\/conversesacatalunya.cat\/#website"},"primaryImageOfPage":{"@id":"https:\/\/conversesacatalunya.cat\/es\/bde-el-teletrabajo-ha-venido-para-quedarse\/#primaryimage"},"image":{"@id":"https:\/\/conversesacatalunya.cat\/es\/bde-el-teletrabajo-ha-venido-para-quedarse\/#primaryimage"},"thumbnailUrl":"https:\/\/conversesacatalunya.cat\/wp-content\/uploads\/2020\/05\/Capture-4.png","datePublished":"2020-05-13T04:15:28+00:00","dateModified":"2020-05-13T15:04:43+00:00","author":{"@id":"https:\/\/conversesacatalunya.cat\/#\/schema\/person\/a7a9496a363cd9847daf7cd659d92e64"},"breadcrumb":{"@id":"https:\/\/conversesacatalunya.cat\/es\/bde-el-teletrabajo-ha-venido-para-quedarse\/#breadcrumb"},"inLanguage":"es","potentialAction":[{"@type":"ReadAction","target":["https:\/\/conversesacatalunya.cat\/es\/bde-el-teletrabajo-ha-venido-para-quedarse\/"]}]},{"@type":"ImageObject","inLanguage":"es","@id":"https:\/\/conversesacatalunya.cat\/es\/bde-el-teletrabajo-ha-venido-para-quedarse\/#primaryimage","url":"https:\/\/conversesacatalunya.cat\/wp-content\/uploads\/2020\/05\/Capture-4.png","contentUrl":"https:\/\/conversesacatalunya.cat\/wp-content\/uploads\/2020\/05\/Capture-4.png","width":917,"height":608,"caption":"Teletreball"},{"@type":"BreadcrumbList","@id":"https:\/\/conversesacatalunya.cat\/es\/bde-el-teletrabajo-ha-venido-para-quedarse\/#breadcrumb","itemListElement":[{"@type":"ListItem","position":1,"name":"Inici","item":"https:\/\/conversesacatalunya.cat\/es\/"},{"@type":"ListItem","position":2,"name":"BdE: el teletrabajo ha venido para quedarse"}]},{"@type":"WebSite","@id":"https:\/\/conversesacatalunya.cat\/#website","url":"https:\/\/conversesacatalunya.cat\/","name":"Converses a Catalunya","description":"","potentialAction":[{"@type":"SearchAction","target":{"@type":"EntryPoint","urlTemplate":"https:\/\/conversesacatalunya.cat\/?s={search_term_string}"},"query-input":{"@type":"PropertyValueSpecification","valueRequired":true,"valueName":"search_term_string"}}],"inLanguage":"es"},{"@type":"Person","@id":"https:\/\/conversesacatalunya.cat\/#\/schema\/person\/a7a9496a363cd9847daf7cd659d92e64","name":"conversesacatalunya","image":{"@type":"ImageObject","inLanguage":"es","@id":"https:\/\/conversesacatalunya.cat\/#\/schema\/person\/image\/","url":"https:\/\/conversesacatalunya.cat\/wp-content\/litespeed\/avatar\/ff91582b44ff9c880dc9c5ac2f5c7e89.jpg?ver=1777372947","contentUrl":"https:\/\/conversesacatalunya.cat\/wp-content\/litespeed\/avatar\/ff91582b44ff9c880dc9c5ac2f5c7e89.jpg?ver=1777372947","caption":"conversesacatalunya"},"url":"https:\/\/conversesacatalunya.cat\/es\/author\/francisco_garcia\/"}]}},"wps_subtitle":"En el \u00faltimo estudio del Banco de Espa\u00f1a (BdE) se asegura que el teletrabajo se implantar\u00e1 de manera generalizada despu\u00e9s de la pandemia. En el caso de los perfiles cualificados, el BdE cree que a\u00fan m\u00e1s espa\u00f1oles pueden trabajar mediante esta modalidad","_links":{"self":[{"href":"https:\/\/conversesacatalunya.cat\/es\/wp-json\/wp\/v2\/posts\/36055","targetHints":{"allow":["GET"]}}],"collection":[{"href":"https:\/\/conversesacatalunya.cat\/es\/wp-json\/wp\/v2\/posts"}],"about":[{"href":"https:\/\/conversesacatalunya.cat\/es\/wp-json\/wp\/v2\/types\/post"}],"author":[{"embeddable":true,"href":"https:\/\/conversesacatalunya.cat\/es\/wp-json\/wp\/v2\/users\/20"}],"replies":[{"embeddable":true,"href":"https:\/\/conversesacatalunya.cat\/es\/wp-json\/wp\/v2\/comments?post=36055"}],"version-history":[{"count":2,"href":"https:\/\/conversesacatalunya.cat\/es\/wp-json\/wp\/v2\/posts\/36055\/revisions"}],"predecessor-version":[{"id":36057,"href":"https:\/\/conversesacatalunya.cat\/es\/wp-json\/wp\/v2\/posts\/36055\/revisions\/36057"}],"wp:featuredmedia":[{"embeddable":true,"href":"https:\/\/conversesacatalunya.cat\/es\/wp-json\/wp\/v2\/media\/36034"}],"wp:attachment":[{"href":"https:\/\/conversesacatalunya.cat\/es\/wp-json\/wp\/v2\/media?parent=36055"}],"wp:term":[{"taxonomy":"category","embeddable":true,"href":"https:\/\/conversesacatalunya.cat\/es\/wp-json\/wp\/v2\/categories?post=36055"},{"taxonomy":"post_tag","embeddable":true,"href":"https:\/\/conversesacatalunya.cat\/es\/wp-json\/wp\/v2\/tags?post=36055"}],"curies":[{"name":"wp","href":"https:\/\/api.w.org\/{rel}","templated":true}]}}