{"id":36050,"date":"2020-05-13T12:03:14","date_gmt":"2020-05-13T10:03:14","guid":{"rendered":"https:\/\/conversesacatalunya.cat\/el-govern-sanchez-continua-tenint-responsabilitats-importants-en-les-consequencies\/"},"modified":"2020-05-13T14:12:28","modified_gmt":"2020-05-13T12:12:28","slug":"el-gobierno-sanchez-sigue-teniendo-responsabilidades-importantes-en-las-consecuencias","status":"publish","type":"post","link":"https:\/\/conversesacatalunya.cat\/es\/el-gobierno-sanchez-sigue-teniendo-responsabilidades-importantes-en-las-consecuencias\/","title":{"rendered":"El gobierno S\u00e1nchez sigue teniendo responsabilidades importantes en las consecuencias"},"content":{"rendered":"<p>El <a href=\"https:\/\/conversesacatalunya.cat\/es\/el-barullo-de-la-desescalada\/\" target=\"_blank\" rel=\"noopener noreferrer\">proceso de desescalada<\/a> que se ha iniciado en una parte de Espa\u00f1a y tambi\u00e9n en la parte menos poblada de Catalu\u00f1a, que acoge el 10% de la poblaci\u00f3n, est\u00e1 siendo presentado de manera reiterada por el gobierno y los medios de comunicaci\u00f3n afines como de exclusiva responsabilidad de los ciudadanos, en el sentido de que, si no mantienen las medidas de seguridad establecidas, se puede producir una marcha atr\u00e1s.<\/p>\n<p>Este es un hecho evidente, pero <strong>por s\u00ed solo no garantiza el resultado<\/strong> porque hay una dimensi\u00f3n fundamental que el gobierno espa\u00f1ol oculta como consecuencia del <strong>insuficiente n\u00famero de pruebas de contagio<\/strong> llevadas a cabo y el secretismo oficial que impera sobre estas y su distribuci\u00f3n territorial.<\/p>\n<p>Este es un hecho decisivo porque el problema del coronavirus SAR-COD-2 es la <strong>presencia de portadores asintom\u00e1ticos<\/strong>, ligada a que la enfermedad se transmite antes de presentar s\u00edntomas. Este hecho provoca que haya un n\u00famero desconocido de personas en el pa\u00eds que aunque sean portadoras no tengan conciencia de ello y vayan diseminando su carga viral. Los ejemplos son m\u00faltiples. Ser\u00eda el caso del taxista o conductores de autom\u00f3viles de alquiler, portadores sin s\u00edntomas que estar\u00edan transmitiendo sus virus en el interior de su veh\u00edculo, sin saberlo, sencillamente porque el gobierno no ha adoptado ninguna medida para identificar estas personas.<\/p>\n<p>La \u00fanica respuesta v\u00e1lida es la que precisamente el gobierno no est\u00e1 aplicando y que se concentra en dos palabras que no dejan de reiterarse hasta el infinito: <strong>\u00abtest, test, test\u00bb <\/strong>y <strong>\u00abdatos, datos, datos\u00bb<\/strong> para que nos indiquen qui\u00e9nes son, d\u00f3nde est\u00e1n y c\u00f3mo se han movido los portadores, para poder intervenir r\u00e1pidamente para romper la cadena de contagio. Cuanto m\u00e1s r\u00e1pida es esta intervenci\u00f3n, cuanto m\u00e1s se produce en tiempo real, m\u00e1s control se tiene sobre la pandemia, y eso es lo que no hace el gobierno.<\/p>\n<p>Por ejemplo, si en Barcelona se detectan nuevos casos, hay que saber inmediatamente d\u00f3nde viven, d\u00f3nde han estado a lo largo de estos d\u00edas y rastrear los contactos. De este modo <strong>confinan a personas o grupos de poblaci\u00f3n concretos<\/strong> (un pueblo, un barrio, una escalera), y se evita la brutal distorsi\u00f3n del enfoque espa\u00f1ol sobre la econom\u00eda del confinamiento de grandes territorios. Esta es la gran responsabilidad del gobierno espa\u00f1ol que no cumple a pesar de que es consciente de su omisi\u00f3n.<\/p>\n<p>Es tan consciente de ello que continuamente pretende<strong> dar gato por liebre<\/strong> a la opini\u00f3n p\u00fablica, present\u00e1ndose como uno de los gobiernos del mundo que m\u00e1s pruebas ha hecho. Ya lo hizo cuando el ministro de Salud, Salvador Illa, y luego el presidente S\u00e1nchez, anunciaron que, de acuerdo con los datos de la OCDE, \u00e9ramos el <strong>s\u00e9ptimo pa\u00eds del mundo<\/strong> en n\u00famero de test per c\u00e1pita realizados, cuando en realidad se descubri\u00f3 que hab\u00eda habido una manipulaci\u00f3n y que una vez depurados los datos <a href=\"https:\/\/conversesacatalunya.cat\/es\/las-pruebas-de-contagio-el-escandalo-de-los-datos-maquillados-nadie-va-a-dimitir\/\" target=\"_blank\" rel=\"noopener noreferrer\">cayeron hasta el lugar decimos\u00e9ptimo<\/a>.<\/p>\n<span class='bctt-click-to-tweet'><span class='bctt-ctt-text'><a href='https:\/\/twitter.com\/intent\/tweet?url=https%3A%2F%2Fconversesacatalunya.cat%2Fes%2Fel-gobierno-sanchez-sigue-teniendo-responsabilidades-importantes-en-las-consecuencias%2F&#038;text=El%20gobierno%20S%C3%A1nchez%20contin%C3%BAa%20dando%20gato%20por%20liebre%20a%20la%20opini%C3%B3n%20p%C3%BAblica%2C%20present%C3%A1ndose%20como%20uno%20de%20los%20gobiernos%20del%20mundo%20que%20m%C3%A1s%20pruebas%20ha%20hecho&#038;via=conversesacat&#038;related=conversesacat' target='_blank'rel=\"noopener noreferrer\">El gobierno S\u00e1nchez contin\u00faa dando gato por liebre a la opini\u00f3n p\u00fablica, present\u00e1ndose como uno de los gobiernos del mundo que m\u00e1s pruebas ha hecho <\/a><\/span><a href='https:\/\/twitter.com\/intent\/tweet?url=https%3A%2F%2Fconversesacatalunya.cat%2Fes%2Fel-gobierno-sanchez-sigue-teniendo-responsabilidades-importantes-en-las-consecuencias%2F&#038;text=El%20gobierno%20S%C3%A1nchez%20contin%C3%BAa%20dando%20gato%20por%20liebre%20a%20la%20opini%C3%B3n%20p%C3%BAblica%2C%20present%C3%A1ndose%20como%20uno%20de%20los%20gobiernos%20del%20mundo%20que%20m%C3%A1s%20pruebas%20ha%20hecho&#038;via=conversesacat&#038;related=conversesacat' target='_blank' class='bctt-ctt-btn'rel=\"noopener noreferrer\">Compartir en X<\/a><\/span>\n<p>No contentos con este asunto, han vuelto a repetir los mismos personajes. Ahora aludiendo a un informe fantasma de la reconocida <strong>Johns Hopkins University<\/strong>. Seg\u00fan S\u00e1nchez, ratificado luego por Illa, Espa\u00f1a volv\u00eda a ocupar un lugar destacado. Despu\u00e9s de que la conocida cadena de <strong>televisi\u00f3n estadounidense CNN<\/strong> investigara este estudio fantasmag\u00f3rico demostrando que no exist\u00eda, Illa, sin mencionar el desmentido, quiso resolverlo a base de explicar que no era un informe, sino una \u00abbase de datos\u00bb de la que dispon\u00eda aquella universidad. Seguramente se quer\u00eda referir a la \u00ab<strong>Worldometers<\/strong>\u00ab.<\/p>\n<p>Si en esta base de datos se cuentan los pa\u00edses por n\u00famero absoluto de test realizados, Espa\u00f1a figura en quinto lugar. El problema es que utilizados los datos as\u00ed se distorsionan, porque no diferencia los pa\u00edses en raz\u00f3n de su poblaci\u00f3n. Islandia es el pa\u00eds del mundo que ha hecho m\u00e1s test por el tama\u00f1o de su poblaci\u00f3n, pero es tan peque\u00f1o que si miramos s\u00f3lo la cifra total queda en la cola. Lo que hay que medir es el <strong>n\u00famero de pruebas de diagn\u00f3stico en relaci\u00f3n con el total de la poblaci\u00f3n<\/strong>. En concreto, en aquella base de datos, por cada mill\u00f3n de habitantes. Cuando se miden en estos t\u00e9rminos reales, Espa\u00f1a <strong>pasa a ocupar el puesto decimoquinto<\/strong>, muy parecido al que le otorgaba la OCDE.<\/p>\n<p style=\"text-align: center;\">M\u00e1s informaci\u00f3n sobre el coronavirus en <strong><a href=\"https:\/\/conversesacatalunya.cat\/es\/coronavirus\/\" target=\"_blank\" rel=\"noopener noreferrer\">ESPECIAL CORONAVIRUS<\/a><\/strong><\/p>\n<div id=\"polls-50\" class=\"wp-polls\">\n\t<form id=\"polls_form_50\" class=\"wp-polls-form\" action=\"\/index.php\" method=\"post\">\n\t\t<p style=\"display: none;\"><input type=\"hidden\" id=\"poll_50_nonce\" name=\"wp-polls-nonce\" value=\"146bf7c984\" \/><\/p>\n\t\t<p style=\"display: none;\"><input type=\"hidden\" name=\"poll_id\" value=\"50\" \/><\/p>\n\t\t<p style=\"text-align: center\"><strong>Creus que la Generalitat de Catalunya \u00e9s responsable del mal tracte donat a les resid\u00e8ncies de gent gran?<\/strong><\/p><div id=\"polls-50-ans\" class=\"wp-polls-ans\"><ul class=\"wp-polls-ul\">\n\t\t<li><input type=\"radio\" id=\"poll-answer-106\" name=\"poll_50\" value=\"106\" \/> <label for=\"poll-answer-106\">Si<\/label><\/li>\n\t\t<li><input type=\"radio\" id=\"poll-answer-107\" name=\"poll_50\" value=\"107\" \/> <label for=\"poll-answer-107\">No<\/label><\/li>\n\t\t<\/ul><p style=\"text-align: center\"><input type=\"button\" name=\"vote\" value=\"   Vota   \" class=\"Buttons\" onclick=\"poll_vote(50);\" \/><\/p><p style=\"text-align: center\"><a href=\"#ViewPollResults\" onclick=\"poll_result(50); return false;\" title=\"View Results Of This Poll\">Mira els resultats<\/a><\/p><\/div>\n\t<\/form>\n<\/div>\n<div id=\"polls-50-loading\" class=\"wp-polls-loading\"><img decoding=\"async\" data-src=\"https:\/\/conversesacatalunya.cat\/wp-content\/plugins\/wp-polls\/images\/loading.gif\" width=\"16\" height=\"16\" alt=\"Cargando ...\" title=\"Cargando ...\" class=\"wp-polls-image lazyload\" src=\"data:image\/svg+xml;base64,PHN2ZyB3aWR0aD0iMSIgaGVpZ2h0PSIxIiB4bWxucz0iaHR0cDovL3d3dy53My5vcmcvMjAwMC9zdmciPjwvc3ZnPg==\" style=\"--smush-placeholder-width: 16px; --smush-placeholder-aspect-ratio: 16\/16;\" \/>&nbsp;Cargando ...<\/div>\n\n","protected":false},"excerpt":{"rendered":"<p>El proceso de desescalada que se ha iniciado en una parte de Espa\u00f1a y tambi\u00e9n en la parte menos poblada de Catalu\u00f1a, que acoge el 10% de la poblaci\u00f3n, est\u00e1 siendo presentado de manera reiterada por el gobierno y los medios de comunicaci\u00f3n afines como de exclusiva responsabilidad de los ciudadanos, en el sentido de que, si no mantienen las medidas de seguridad establecidas, se puede producir una marcha atr\u00e1s. Este es un hecho evidente, pero por s\u00ed solo no garantiza el resultado porque hay una dimensi\u00f3n fundamental que el gobierno espa\u00f1ol oculta como consecuencia del insuficiente n\u00famero de pruebas de contagio llevadas a cabo y el secretismo oficial que impera sobre estas y su distribuci\u00f3n territorial. Este es un hecho decisivo porque el problema del coronavirus SAR-COD-2 es la presencia de portadores asintom\u00e1ticos, ligada a que la enfermedad se transmite antes de presentar s\u00edntomas. Este hecho provoca que haya un n\u00famero desconocido de personas en el pa\u00eds que aunque sean portadoras no tengan conciencia de ello y vayan diseminando su carga viral. Los ejemplos son m\u00faltiples. Ser\u00eda el caso del taxista o conductores de autom\u00f3viles de alquiler, portadores sin s\u00edntomas que estar\u00edan transmitiendo sus virus en el interior de su veh\u00edculo, sin saberlo, sencillamente porque el gobierno no ha adoptado ninguna medida para identificar estas personas. La \u00fanica respuesta v\u00e1lida es la que precisamente el gobierno no est\u00e1 aplicando y que se concentra en dos palabras que no dejan de reiterarse hasta el infinito: \u00abtest, test, test\u00bb y \u00abdatos, datos, datos\u00bb para que nos indiquen qui\u00e9nes son, d\u00f3nde est\u00e1n y c\u00f3mo se han movido los portadores, para poder intervenir r\u00e1pidamente para romper la cadena de contagio. Cuanto m\u00e1s r\u00e1pida es esta intervenci\u00f3n, cuanto m\u00e1s se produce en tiempo real, m\u00e1s control se tiene sobre la pandemia, y eso es lo que no hace el gobierno. Por ejemplo, si en Barcelona se detectan nuevos casos, hay que saber inmediatamente d\u00f3nde viven, d\u00f3nde han estado a lo largo de estos d\u00edas y rastrear los contactos. De este modo confinan a personas o grupos de poblaci\u00f3n concretos (un pueblo, un barrio, una escalera), y se evita la brutal distorsi\u00f3n del enfoque espa\u00f1ol sobre la econom\u00eda del confinamiento de grandes territorios. Esta es la gran responsabilidad del gobierno espa\u00f1ol que no cumple a pesar de que es consciente de su omisi\u00f3n. Es tan consciente de ello que continuamente pretende dar gato por liebre a la opini\u00f3n p\u00fablica, present\u00e1ndose como uno de los gobiernos del mundo que m\u00e1s pruebas ha hecho. Ya lo hizo cuando el ministro de Salud, Salvador Illa, y luego el presidente S\u00e1nchez, anunciaron que, de acuerdo con los datos de la OCDE, \u00e9ramos el s\u00e9ptimo pa\u00eds del mundo en n\u00famero de test per c\u00e1pita realizados, cuando en realidad se descubri\u00f3 que hab\u00eda habido una manipulaci\u00f3n y que una vez depurados los datos cayeron hasta el lugar decimos\u00e9ptimo. No contentos con este asunto, han vuelto a repetir los mismos personajes. Ahora aludiendo a un informe fantasma de la reconocida Johns Hopkins University. Seg\u00fan S\u00e1nchez, ratificado luego por Illa, Espa\u00f1a volv\u00eda a ocupar un lugar destacado. Despu\u00e9s de que la conocida cadena de televisi\u00f3n estadounidense CNN investigara este estudio fantasmag\u00f3rico demostrando que no exist\u00eda, Illa, sin mencionar el desmentido, quiso resolverlo a base de explicar que no era un informe, sino una \u00abbase de datos\u00bb de la que dispon\u00eda aquella universidad. Seguramente se quer\u00eda referir a la \u00abWorldometers\u00ab. Si en esta base de datos se cuentan los pa\u00edses por n\u00famero absoluto de test realizados, Espa\u00f1a figura en quinto lugar. El problema es que utilizados los datos as\u00ed se distorsionan, porque no diferencia los pa\u00edses en raz\u00f3n de su poblaci\u00f3n. Islandia es el pa\u00eds del mundo que ha hecho m\u00e1s test por el tama\u00f1o de su poblaci\u00f3n, pero es tan peque\u00f1o que si miramos s\u00f3lo la cifra total queda en la cola. Lo que hay que medir es el n\u00famero de pruebas de diagn\u00f3stico en relaci\u00f3n con el total de la poblaci\u00f3n. En concreto, en aquella base de datos, por cada mill\u00f3n de habitantes. Cuando se miden en estos t\u00e9rminos reales, Espa\u00f1a pasa a ocupar el puesto decimoquinto, muy parecido al que le otorgaba la OCDE. M\u00e1s informaci\u00f3n sobre el coronavirus en ESPECIAL CORONAVIRUS<\/p>\n","protected":false},"author":2,"featured_media":36043,"comment_status":"open","ping_status":"open","sticky":false,"template":"","format":"standard","meta":{"_FSMCFIC_featured_image_caption":"","_FSMCFIC_featured_image_nocaption":"","_FSMCFIC_featured_image_hide":"","footnotes":""},"categories":[1772,806],"tags":[1504,2269,1157],"class_list":["post-36050","post","type-post","status-publish","format-standard","has-post-thumbnail","hentry","category-especial-coronavirus-es","category-punts-claus-del-dia-es","tag-coronavirus-es","tag-desescalada","tag-pedro-sanchez-es"],"yoast_head":"<!-- This site is optimized with the Yoast SEO plugin v26.8 - https:\/\/yoast.com\/product\/yoast-seo-wordpress\/ -->\n<title>El gobierno S\u00e1nchez sigue teniendo responsabilidades importantes en las consecuencias - Converses a Catalunya<\/title>\n<meta name=\"robots\" content=\"index, follow, max-snippet:-1, max-image-preview:large, max-video-preview:-1\" \/>\n<link rel=\"canonical\" href=\"https:\/\/conversesacatalunya.cat\/es\/el-gobierno-sanchez-sigue-teniendo-responsabilidades-importantes-en-las-consecuencias\/\" \/>\n<meta property=\"og:locale\" content=\"es_ES\" \/>\n<meta property=\"og:type\" content=\"article\" \/>\n<meta property=\"og:title\" content=\"El gobierno S\u00e1nchez sigue teniendo responsabilidades importantes en las consecuencias - Converses a Catalunya\" \/>\n<meta property=\"og:description\" content=\"El proceso de desescalada que se ha iniciado en una parte de Espa\u00f1a y tambi\u00e9n en la parte menos poblada de Catalu\u00f1a, que acoge el 10% de la poblaci\u00f3n, est\u00e1 siendo presentado de manera reiterada por el gobierno y los medios de comunicaci\u00f3n afines como de exclusiva responsabilidad de los ciudadanos, en el sentido de que, si no mantienen las medidas de seguridad establecidas, se puede producir una marcha atr\u00e1s. Este es un hecho evidente, pero por s\u00ed solo no garantiza el resultado porque hay una dimensi\u00f3n fundamental que el gobierno espa\u00f1ol oculta como consecuencia del insuficiente n\u00famero de pruebas de contagio llevadas a cabo y el secretismo oficial que impera sobre estas y su distribuci\u00f3n territorial. Este es un hecho decisivo porque el problema del coronavirus SAR-COD-2 es la presencia de portadores asintom\u00e1ticos, ligada a que la enfermedad se transmite antes de presentar s\u00edntomas. Este hecho provoca que haya un n\u00famero desconocido de personas en el pa\u00eds que aunque sean portadoras no tengan conciencia de ello y vayan diseminando su carga viral. Los ejemplos son m\u00faltiples. Ser\u00eda el caso del taxista o conductores de autom\u00f3viles de alquiler, portadores sin s\u00edntomas que estar\u00edan transmitiendo sus virus en el interior de su veh\u00edculo, sin saberlo, sencillamente porque el gobierno no ha adoptado ninguna medida para identificar estas personas. La \u00fanica respuesta v\u00e1lida es la que precisamente el gobierno no est\u00e1 aplicando y que se concentra en dos palabras que no dejan de reiterarse hasta el infinito: \u00abtest, test, test\u00bb y \u00abdatos, datos, datos\u00bb para que nos indiquen qui\u00e9nes son, d\u00f3nde est\u00e1n y c\u00f3mo se han movido los portadores, para poder intervenir r\u00e1pidamente para romper la cadena de contagio. Cuanto m\u00e1s r\u00e1pida es esta intervenci\u00f3n, cuanto m\u00e1s se produce en tiempo real, m\u00e1s control se tiene sobre la pandemia, y eso es lo que no hace el gobierno. Por ejemplo, si en Barcelona se detectan nuevos casos, hay que saber inmediatamente d\u00f3nde viven, d\u00f3nde han estado a lo largo de estos d\u00edas y rastrear los contactos. De este modo confinan a personas o grupos de poblaci\u00f3n concretos (un pueblo, un barrio, una escalera), y se evita la brutal distorsi\u00f3n del enfoque espa\u00f1ol sobre la econom\u00eda del confinamiento de grandes territorios. Esta es la gran responsabilidad del gobierno espa\u00f1ol que no cumple a pesar de que es consciente de su omisi\u00f3n. Es tan consciente de ello que continuamente pretende dar gato por liebre a la opini\u00f3n p\u00fablica, present\u00e1ndose como uno de los gobiernos del mundo que m\u00e1s pruebas ha hecho. Ya lo hizo cuando el ministro de Salud, Salvador Illa, y luego el presidente S\u00e1nchez, anunciaron que, de acuerdo con los datos de la OCDE, \u00e9ramos el s\u00e9ptimo pa\u00eds del mundo en n\u00famero de test per c\u00e1pita realizados, cuando en realidad se descubri\u00f3 que hab\u00eda habido una manipulaci\u00f3n y que una vez depurados los datos cayeron hasta el lugar decimos\u00e9ptimo. No contentos con este asunto, han vuelto a repetir los mismos personajes. Ahora aludiendo a un informe fantasma de la reconocida Johns Hopkins University. Seg\u00fan S\u00e1nchez, ratificado luego por Illa, Espa\u00f1a volv\u00eda a ocupar un lugar destacado. Despu\u00e9s de que la conocida cadena de televisi\u00f3n estadounidense CNN investigara este estudio fantasmag\u00f3rico demostrando que no exist\u00eda, Illa, sin mencionar el desmentido, quiso resolverlo a base de explicar que no era un informe, sino una \u00abbase de datos\u00bb de la que dispon\u00eda aquella universidad. Seguramente se quer\u00eda referir a la \u00abWorldometers\u00ab. Si en esta base de datos se cuentan los pa\u00edses por n\u00famero absoluto de test realizados, Espa\u00f1a figura en quinto lugar. El problema es que utilizados los datos as\u00ed se distorsionan, porque no diferencia los pa\u00edses en raz\u00f3n de su poblaci\u00f3n. Islandia es el pa\u00eds del mundo que ha hecho m\u00e1s test por el tama\u00f1o de su poblaci\u00f3n, pero es tan peque\u00f1o que si miramos s\u00f3lo la cifra total queda en la cola. Lo que hay que medir es el n\u00famero de pruebas de diagn\u00f3stico en relaci\u00f3n con el total de la poblaci\u00f3n. En concreto, en aquella base de datos, por cada mill\u00f3n de habitantes. Cuando se miden en estos t\u00e9rminos reales, Espa\u00f1a pasa a ocupar el puesto decimoquinto, muy parecido al que le otorgaba la OCDE. M\u00e1s informaci\u00f3n sobre el coronavirus en ESPECIAL CORONAVIRUS\" \/>\n<meta property=\"og:url\" content=\"https:\/\/conversesacatalunya.cat\/es\/el-gobierno-sanchez-sigue-teniendo-responsabilidades-importantes-en-las-consecuencias\/\" \/>\n<meta property=\"og:site_name\" content=\"Converses a Catalunya\" \/>\n<meta property=\"article:published_time\" content=\"2020-05-13T10:03:14+00:00\" \/>\n<meta property=\"article:modified_time\" content=\"2020-05-13T12:12:28+00:00\" \/>\n<meta property=\"og:image\" content=\"https:\/\/conversesacatalunya.cat\/wp-content\/uploads\/2020\/05\/desescalada-1.jpg\" \/>\n\t<meta property=\"og:image:width\" content=\"746\" \/>\n\t<meta property=\"og:image:height\" content=\"429\" \/>\n\t<meta property=\"og:image:type\" content=\"image\/jpeg\" \/>\n<meta name=\"author\" content=\"conversesacatalunya\" \/>\n<meta name=\"twitter:card\" content=\"summary_large_image\" \/>\n<meta name=\"twitter:label1\" content=\"Escrito por\" \/>\n\t<meta name=\"twitter:data1\" content=\"conversesacatalunya\" \/>\n\t<meta name=\"twitter:label2\" content=\"Tiempo de lectura\" \/>\n\t<meta name=\"twitter:data2\" content=\"4 minutos\" \/>\n<script type=\"application\/ld+json\" class=\"yoast-schema-graph\">{\"@context\":\"https:\/\/schema.org\",\"@graph\":[{\"@type\":\"Article\",\"@id\":\"https:\/\/conversesacatalunya.cat\/es\/el-gobierno-sanchez-sigue-teniendo-responsabilidades-importantes-en-las-consecuencias\/#article\",\"isPartOf\":{\"@id\":\"https:\/\/conversesacatalunya.cat\/es\/el-gobierno-sanchez-sigue-teniendo-responsabilidades-importantes-en-las-consecuencias\/\"},\"author\":{\"name\":\"conversesacatalunya\",\"@id\":\"https:\/\/conversesacatalunya.cat\/#\/schema\/person\/7e24d1e54a2785373ddcb275eae5ed99\"},\"headline\":\"El gobierno S\u00e1nchez sigue teniendo responsabilidades importantes en las consecuencias\",\"datePublished\":\"2020-05-13T10:03:14+00:00\",\"dateModified\":\"2020-05-13T12:12:28+00:00\",\"mainEntityOfPage\":{\"@id\":\"https:\/\/conversesacatalunya.cat\/es\/el-gobierno-sanchez-sigue-teniendo-responsabilidades-importantes-en-las-consecuencias\/\"},\"wordCount\":831,\"commentCount\":0,\"image\":{\"@id\":\"https:\/\/conversesacatalunya.cat\/es\/el-gobierno-sanchez-sigue-teniendo-responsabilidades-importantes-en-las-consecuencias\/#primaryimage\"},\"thumbnailUrl\":\"https:\/\/conversesacatalunya.cat\/wp-content\/uploads\/2020\/05\/desescalada-1.jpg\",\"keywords\":[\"coronavirus\",\"desescalada\",\"Pedro S\u00e1nchez\"],\"articleSection\":[\"Especial Coronavirus (ES)\",\"Punts clau del dia (ES)\"],\"inLanguage\":\"es\",\"potentialAction\":[{\"@type\":\"CommentAction\",\"name\":\"Comment\",\"target\":[\"https:\/\/conversesacatalunya.cat\/es\/el-gobierno-sanchez-sigue-teniendo-responsabilidades-importantes-en-las-consecuencias\/#respond\"]}]},{\"@type\":\"WebPage\",\"@id\":\"https:\/\/conversesacatalunya.cat\/es\/el-gobierno-sanchez-sigue-teniendo-responsabilidades-importantes-en-las-consecuencias\/\",\"url\":\"https:\/\/conversesacatalunya.cat\/es\/el-gobierno-sanchez-sigue-teniendo-responsabilidades-importantes-en-las-consecuencias\/\",\"name\":\"El gobierno S\u00e1nchez sigue teniendo responsabilidades importantes en las consecuencias - Converses a Catalunya\",\"isPartOf\":{\"@id\":\"https:\/\/conversesacatalunya.cat\/#website\"},\"primaryImageOfPage\":{\"@id\":\"https:\/\/conversesacatalunya.cat\/es\/el-gobierno-sanchez-sigue-teniendo-responsabilidades-importantes-en-las-consecuencias\/#primaryimage\"},\"image\":{\"@id\":\"https:\/\/conversesacatalunya.cat\/es\/el-gobierno-sanchez-sigue-teniendo-responsabilidades-importantes-en-las-consecuencias\/#primaryimage\"},\"thumbnailUrl\":\"https:\/\/conversesacatalunya.cat\/wp-content\/uploads\/2020\/05\/desescalada-1.jpg\",\"datePublished\":\"2020-05-13T10:03:14+00:00\",\"dateModified\":\"2020-05-13T12:12:28+00:00\",\"author\":{\"@id\":\"https:\/\/conversesacatalunya.cat\/#\/schema\/person\/7e24d1e54a2785373ddcb275eae5ed99\"},\"breadcrumb\":{\"@id\":\"https:\/\/conversesacatalunya.cat\/es\/el-gobierno-sanchez-sigue-teniendo-responsabilidades-importantes-en-las-consecuencias\/#breadcrumb\"},\"inLanguage\":\"es\",\"potentialAction\":[{\"@type\":\"ReadAction\",\"target\":[\"https:\/\/conversesacatalunya.cat\/es\/el-gobierno-sanchez-sigue-teniendo-responsabilidades-importantes-en-las-consecuencias\/\"]}]},{\"@type\":\"ImageObject\",\"inLanguage\":\"es\",\"@id\":\"https:\/\/conversesacatalunya.cat\/es\/el-gobierno-sanchez-sigue-teniendo-responsabilidades-importantes-en-las-consecuencias\/#primaryimage\",\"url\":\"https:\/\/conversesacatalunya.cat\/wp-content\/uploads\/2020\/05\/desescalada-1.jpg\",\"contentUrl\":\"https:\/\/conversesacatalunya.cat\/wp-content\/uploads\/2020\/05\/desescalada-1.jpg\",\"width\":746,\"height\":429,\"caption\":\"desescalada\"},{\"@type\":\"BreadcrumbList\",\"@id\":\"https:\/\/conversesacatalunya.cat\/es\/el-gobierno-sanchez-sigue-teniendo-responsabilidades-importantes-en-las-consecuencias\/#breadcrumb\",\"itemListElement\":[{\"@type\":\"ListItem\",\"position\":1,\"name\":\"Inici\",\"item\":\"https:\/\/conversesacatalunya.cat\/es\/\"},{\"@type\":\"ListItem\",\"position\":2,\"name\":\"El gobierno S\u00e1nchez sigue teniendo responsabilidades importantes en las consecuencias\"}]},{\"@type\":\"WebSite\",\"@id\":\"https:\/\/conversesacatalunya.cat\/#website\",\"url\":\"https:\/\/conversesacatalunya.cat\/\",\"name\":\"Converses a Catalunya\",\"description\":\"\",\"potentialAction\":[{\"@type\":\"SearchAction\",\"target\":{\"@type\":\"EntryPoint\",\"urlTemplate\":\"https:\/\/conversesacatalunya.cat\/?s={search_term_string}\"},\"query-input\":{\"@type\":\"PropertyValueSpecification\",\"valueRequired\":true,\"valueName\":\"search_term_string\"}}],\"inLanguage\":\"es\"},{\"@type\":\"Person\",\"@id\":\"https:\/\/conversesacatalunya.cat\/#\/schema\/person\/7e24d1e54a2785373ddcb275eae5ed99\",\"name\":\"conversesacatalunya\",\"image\":{\"@type\":\"ImageObject\",\"inLanguage\":\"es\",\"@id\":\"https:\/\/conversesacatalunya.cat\/#\/schema\/person\/image\/\",\"url\":\"https:\/\/conversesacatalunya.cat\/wp-content\/litespeed\/avatar\/febdfeeec89d950f01c748045a981dd2.jpg?ver=1777314535\",\"contentUrl\":\"https:\/\/conversesacatalunya.cat\/wp-content\/litespeed\/avatar\/febdfeeec89d950f01c748045a981dd2.jpg?ver=1777314535\",\"caption\":\"conversesacatalunya\"},\"url\":\"https:\/\/conversesacatalunya.cat\/es\/author\/carme_catala\/\"}]}<\/script>\n<!-- \/ Yoast SEO plugin. -->","yoast_head_json":{"title":"El gobierno S\u00e1nchez sigue teniendo responsabilidades importantes en las consecuencias - Converses a Catalunya","robots":{"index":"index","follow":"follow","max-snippet":"max-snippet:-1","max-image-preview":"max-image-preview:large","max-video-preview":"max-video-preview:-1"},"canonical":"https:\/\/conversesacatalunya.cat\/es\/el-gobierno-sanchez-sigue-teniendo-responsabilidades-importantes-en-las-consecuencias\/","og_locale":"es_ES","og_type":"article","og_title":"El gobierno S\u00e1nchez sigue teniendo responsabilidades importantes en las consecuencias - Converses a Catalunya","og_description":"El proceso de desescalada que se ha iniciado en una parte de Espa\u00f1a y tambi\u00e9n en la parte menos poblada de Catalu\u00f1a, que acoge el 10% de la poblaci\u00f3n, est\u00e1 siendo presentado de manera reiterada por el gobierno y los medios de comunicaci\u00f3n afines como de exclusiva responsabilidad de los ciudadanos, en el sentido de que, si no mantienen las medidas de seguridad establecidas, se puede producir una marcha atr\u00e1s. Este es un hecho evidente, pero por s\u00ed solo no garantiza el resultado porque hay una dimensi\u00f3n fundamental que el gobierno espa\u00f1ol oculta como consecuencia del insuficiente n\u00famero de pruebas de contagio llevadas a cabo y el secretismo oficial que impera sobre estas y su distribuci\u00f3n territorial. Este es un hecho decisivo porque el problema del coronavirus SAR-COD-2 es la presencia de portadores asintom\u00e1ticos, ligada a que la enfermedad se transmite antes de presentar s\u00edntomas. Este hecho provoca que haya un n\u00famero desconocido de personas en el pa\u00eds que aunque sean portadoras no tengan conciencia de ello y vayan diseminando su carga viral. Los ejemplos son m\u00faltiples. Ser\u00eda el caso del taxista o conductores de autom\u00f3viles de alquiler, portadores sin s\u00edntomas que estar\u00edan transmitiendo sus virus en el interior de su veh\u00edculo, sin saberlo, sencillamente porque el gobierno no ha adoptado ninguna medida para identificar estas personas. La \u00fanica respuesta v\u00e1lida es la que precisamente el gobierno no est\u00e1 aplicando y que se concentra en dos palabras que no dejan de reiterarse hasta el infinito: \u00abtest, test, test\u00bb y \u00abdatos, datos, datos\u00bb para que nos indiquen qui\u00e9nes son, d\u00f3nde est\u00e1n y c\u00f3mo se han movido los portadores, para poder intervenir r\u00e1pidamente para romper la cadena de contagio. Cuanto m\u00e1s r\u00e1pida es esta intervenci\u00f3n, cuanto m\u00e1s se produce en tiempo real, m\u00e1s control se tiene sobre la pandemia, y eso es lo que no hace el gobierno. Por ejemplo, si en Barcelona se detectan nuevos casos, hay que saber inmediatamente d\u00f3nde viven, d\u00f3nde han estado a lo largo de estos d\u00edas y rastrear los contactos. De este modo confinan a personas o grupos de poblaci\u00f3n concretos (un pueblo, un barrio, una escalera), y se evita la brutal distorsi\u00f3n del enfoque espa\u00f1ol sobre la econom\u00eda del confinamiento de grandes territorios. Esta es la gran responsabilidad del gobierno espa\u00f1ol que no cumple a pesar de que es consciente de su omisi\u00f3n. Es tan consciente de ello que continuamente pretende dar gato por liebre a la opini\u00f3n p\u00fablica, present\u00e1ndose como uno de los gobiernos del mundo que m\u00e1s pruebas ha hecho. Ya lo hizo cuando el ministro de Salud, Salvador Illa, y luego el presidente S\u00e1nchez, anunciaron que, de acuerdo con los datos de la OCDE, \u00e9ramos el s\u00e9ptimo pa\u00eds del mundo en n\u00famero de test per c\u00e1pita realizados, cuando en realidad se descubri\u00f3 que hab\u00eda habido una manipulaci\u00f3n y que una vez depurados los datos cayeron hasta el lugar decimos\u00e9ptimo. No contentos con este asunto, han vuelto a repetir los mismos personajes. Ahora aludiendo a un informe fantasma de la reconocida Johns Hopkins University. Seg\u00fan S\u00e1nchez, ratificado luego por Illa, Espa\u00f1a volv\u00eda a ocupar un lugar destacado. Despu\u00e9s de que la conocida cadena de televisi\u00f3n estadounidense CNN investigara este estudio fantasmag\u00f3rico demostrando que no exist\u00eda, Illa, sin mencionar el desmentido, quiso resolverlo a base de explicar que no era un informe, sino una \u00abbase de datos\u00bb de la que dispon\u00eda aquella universidad. Seguramente se quer\u00eda referir a la \u00abWorldometers\u00ab. Si en esta base de datos se cuentan los pa\u00edses por n\u00famero absoluto de test realizados, Espa\u00f1a figura en quinto lugar. El problema es que utilizados los datos as\u00ed se distorsionan, porque no diferencia los pa\u00edses en raz\u00f3n de su poblaci\u00f3n. Islandia es el pa\u00eds del mundo que ha hecho m\u00e1s test por el tama\u00f1o de su poblaci\u00f3n, pero es tan peque\u00f1o que si miramos s\u00f3lo la cifra total queda en la cola. Lo que hay que medir es el n\u00famero de pruebas de diagn\u00f3stico en relaci\u00f3n con el total de la poblaci\u00f3n. En concreto, en aquella base de datos, por cada mill\u00f3n de habitantes. Cuando se miden en estos t\u00e9rminos reales, Espa\u00f1a pasa a ocupar el puesto decimoquinto, muy parecido al que le otorgaba la OCDE. M\u00e1s informaci\u00f3n sobre el coronavirus en ESPECIAL CORONAVIRUS","og_url":"https:\/\/conversesacatalunya.cat\/es\/el-gobierno-sanchez-sigue-teniendo-responsabilidades-importantes-en-las-consecuencias\/","og_site_name":"Converses a Catalunya","article_published_time":"2020-05-13T10:03:14+00:00","article_modified_time":"2020-05-13T12:12:28+00:00","og_image":[{"width":746,"height":429,"url":"https:\/\/conversesacatalunya.cat\/wp-content\/uploads\/2020\/05\/desescalada-1.jpg","type":"image\/jpeg"}],"author":"conversesacatalunya","twitter_card":"summary_large_image","twitter_misc":{"Escrito por":"conversesacatalunya","Tiempo de lectura":"4 minutos"},"schema":{"@context":"https:\/\/schema.org","@graph":[{"@type":"Article","@id":"https:\/\/conversesacatalunya.cat\/es\/el-gobierno-sanchez-sigue-teniendo-responsabilidades-importantes-en-las-consecuencias\/#article","isPartOf":{"@id":"https:\/\/conversesacatalunya.cat\/es\/el-gobierno-sanchez-sigue-teniendo-responsabilidades-importantes-en-las-consecuencias\/"},"author":{"name":"conversesacatalunya","@id":"https:\/\/conversesacatalunya.cat\/#\/schema\/person\/7e24d1e54a2785373ddcb275eae5ed99"},"headline":"El gobierno S\u00e1nchez sigue teniendo responsabilidades importantes en las consecuencias","datePublished":"2020-05-13T10:03:14+00:00","dateModified":"2020-05-13T12:12:28+00:00","mainEntityOfPage":{"@id":"https:\/\/conversesacatalunya.cat\/es\/el-gobierno-sanchez-sigue-teniendo-responsabilidades-importantes-en-las-consecuencias\/"},"wordCount":831,"commentCount":0,"image":{"@id":"https:\/\/conversesacatalunya.cat\/es\/el-gobierno-sanchez-sigue-teniendo-responsabilidades-importantes-en-las-consecuencias\/#primaryimage"},"thumbnailUrl":"https:\/\/conversesacatalunya.cat\/wp-content\/uploads\/2020\/05\/desescalada-1.jpg","keywords":["coronavirus","desescalada","Pedro S\u00e1nchez"],"articleSection":["Especial Coronavirus (ES)","Punts clau del dia (ES)"],"inLanguage":"es","potentialAction":[{"@type":"CommentAction","name":"Comment","target":["https:\/\/conversesacatalunya.cat\/es\/el-gobierno-sanchez-sigue-teniendo-responsabilidades-importantes-en-las-consecuencias\/#respond"]}]},{"@type":"WebPage","@id":"https:\/\/conversesacatalunya.cat\/es\/el-gobierno-sanchez-sigue-teniendo-responsabilidades-importantes-en-las-consecuencias\/","url":"https:\/\/conversesacatalunya.cat\/es\/el-gobierno-sanchez-sigue-teniendo-responsabilidades-importantes-en-las-consecuencias\/","name":"El gobierno S\u00e1nchez sigue teniendo responsabilidades importantes en las consecuencias - Converses a Catalunya","isPartOf":{"@id":"https:\/\/conversesacatalunya.cat\/#website"},"primaryImageOfPage":{"@id":"https:\/\/conversesacatalunya.cat\/es\/el-gobierno-sanchez-sigue-teniendo-responsabilidades-importantes-en-las-consecuencias\/#primaryimage"},"image":{"@id":"https:\/\/conversesacatalunya.cat\/es\/el-gobierno-sanchez-sigue-teniendo-responsabilidades-importantes-en-las-consecuencias\/#primaryimage"},"thumbnailUrl":"https:\/\/conversesacatalunya.cat\/wp-content\/uploads\/2020\/05\/desescalada-1.jpg","datePublished":"2020-05-13T10:03:14+00:00","dateModified":"2020-05-13T12:12:28+00:00","author":{"@id":"https:\/\/conversesacatalunya.cat\/#\/schema\/person\/7e24d1e54a2785373ddcb275eae5ed99"},"breadcrumb":{"@id":"https:\/\/conversesacatalunya.cat\/es\/el-gobierno-sanchez-sigue-teniendo-responsabilidades-importantes-en-las-consecuencias\/#breadcrumb"},"inLanguage":"es","potentialAction":[{"@type":"ReadAction","target":["https:\/\/conversesacatalunya.cat\/es\/el-gobierno-sanchez-sigue-teniendo-responsabilidades-importantes-en-las-consecuencias\/"]}]},{"@type":"ImageObject","inLanguage":"es","@id":"https:\/\/conversesacatalunya.cat\/es\/el-gobierno-sanchez-sigue-teniendo-responsabilidades-importantes-en-las-consecuencias\/#primaryimage","url":"https:\/\/conversesacatalunya.cat\/wp-content\/uploads\/2020\/05\/desescalada-1.jpg","contentUrl":"https:\/\/conversesacatalunya.cat\/wp-content\/uploads\/2020\/05\/desescalada-1.jpg","width":746,"height":429,"caption":"desescalada"},{"@type":"BreadcrumbList","@id":"https:\/\/conversesacatalunya.cat\/es\/el-gobierno-sanchez-sigue-teniendo-responsabilidades-importantes-en-las-consecuencias\/#breadcrumb","itemListElement":[{"@type":"ListItem","position":1,"name":"Inici","item":"https:\/\/conversesacatalunya.cat\/es\/"},{"@type":"ListItem","position":2,"name":"El gobierno S\u00e1nchez sigue teniendo responsabilidades importantes en las consecuencias"}]},{"@type":"WebSite","@id":"https:\/\/conversesacatalunya.cat\/#website","url":"https:\/\/conversesacatalunya.cat\/","name":"Converses a Catalunya","description":"","potentialAction":[{"@type":"SearchAction","target":{"@type":"EntryPoint","urlTemplate":"https:\/\/conversesacatalunya.cat\/?s={search_term_string}"},"query-input":{"@type":"PropertyValueSpecification","valueRequired":true,"valueName":"search_term_string"}}],"inLanguage":"es"},{"@type":"Person","@id":"https:\/\/conversesacatalunya.cat\/#\/schema\/person\/7e24d1e54a2785373ddcb275eae5ed99","name":"conversesacatalunya","image":{"@type":"ImageObject","inLanguage":"es","@id":"https:\/\/conversesacatalunya.cat\/#\/schema\/person\/image\/","url":"https:\/\/conversesacatalunya.cat\/wp-content\/litespeed\/avatar\/febdfeeec89d950f01c748045a981dd2.jpg?ver=1777314535","contentUrl":"https:\/\/conversesacatalunya.cat\/wp-content\/litespeed\/avatar\/febdfeeec89d950f01c748045a981dd2.jpg?ver=1777314535","caption":"conversesacatalunya"},"url":"https:\/\/conversesacatalunya.cat\/es\/author\/carme_catala\/"}]}},"wps_subtitle":"","_links":{"self":[{"href":"https:\/\/conversesacatalunya.cat\/es\/wp-json\/wp\/v2\/posts\/36050","targetHints":{"allow":["GET"]}}],"collection":[{"href":"https:\/\/conversesacatalunya.cat\/es\/wp-json\/wp\/v2\/posts"}],"about":[{"href":"https:\/\/conversesacatalunya.cat\/es\/wp-json\/wp\/v2\/types\/post"}],"author":[{"embeddable":true,"href":"https:\/\/conversesacatalunya.cat\/es\/wp-json\/wp\/v2\/users\/2"}],"replies":[{"embeddable":true,"href":"https:\/\/conversesacatalunya.cat\/es\/wp-json\/wp\/v2\/comments?post=36050"}],"version-history":[{"count":3,"href":"https:\/\/conversesacatalunya.cat\/es\/wp-json\/wp\/v2\/posts\/36050\/revisions"}],"predecessor-version":[{"id":36051,"href":"https:\/\/conversesacatalunya.cat\/es\/wp-json\/wp\/v2\/posts\/36050\/revisions\/36051"}],"wp:featuredmedia":[{"embeddable":true,"href":"https:\/\/conversesacatalunya.cat\/es\/wp-json\/wp\/v2\/media\/36043"}],"wp:attachment":[{"href":"https:\/\/conversesacatalunya.cat\/es\/wp-json\/wp\/v2\/media?parent=36050"}],"wp:term":[{"taxonomy":"category","embeddable":true,"href":"https:\/\/conversesacatalunya.cat\/es\/wp-json\/wp\/v2\/categories?post=36050"},{"taxonomy":"post_tag","embeddable":true,"href":"https:\/\/conversesacatalunya.cat\/es\/wp-json\/wp\/v2\/tags?post=36050"}],"curies":[{"name":"wp","href":"https:\/\/api.w.org\/{rel}","templated":true}]}}