{"id":36006,"date":"2020-05-12T12:20:21","date_gmt":"2020-05-12T10:20:21","guid":{"rendered":"https:\/\/conversesacatalunya.cat\/canvi-radical-de-politica-de-la-generalitat-per-afrontar-el-coronavirus\/"},"modified":"2020-05-12T14:00:33","modified_gmt":"2020-05-12T12:00:33","slug":"cambio-radical-de-politica-de-la-generalitat-para-afrontar-el-coronavirus","status":"publish","type":"post","link":"https:\/\/conversesacatalunya.cat\/es\/cambio-radical-de-politica-de-la-generalitat-para-afrontar-el-coronavirus\/","title":{"rendered":"Cambio radical de pol\u00edtica de la Generalitat para afrontar el coronavirus"},"content":{"rendered":"<p>Tras 5.555 muertes, casi 9.000 si se suman las de las residencias, Torra ha decidido cambiar la pol\u00edtica seguida hasta ahora en b\u00fasqueda de una mejor eficacia. Ahora, a diferencia del resto de las\u00a0 Comunidades Aut\u00f3nomas, su posici\u00f3n implica<strong> retrasar el inicio de la Fase 1 <\/strong>de desconfinamiento, una posici\u00f3n que choca con la lentitud con que adoptaron las medidas de precauci\u00f3n, a pesar de que la Generalitat <a href=\"https:\/\/conversesacatalunya.cat\/es\/tv3-profundiza-su-critica-contra-la-generalitat\/\" target=\"_blank\" rel=\"noopener noreferrer\">dispon\u00eda de un plan propio<\/a> que, de aplicarse, habr\u00eda determinado que el 22 de febrero se iniciaran las medidas de aislamiento.<\/p>\n<p>Ahora la nueva pol\u00edtica pasa por hacer <strong>un test PCR en las primeras 24 horas a toda persona sospechosa<\/strong> de estar afectada por el SARS-CoV-2 para determinar si padece la enfermedad, aislarla y controlar su entorno. Se considera sospechosa a toda persona que presenta s\u00edntomas de infecci\u00f3n respiratoria con fiebre, tos o sensaci\u00f3n de falta de aire. Esta medida ser\u00e1 llevada a cabo por los Centros de Asistencia Primaria. Hasta ahora, el procedimiento era diferente: las personas con s\u00edntomas leves que los comunicaban deb\u00edan esperar en sus domicilios, y normalmente la espera no era otra cosa que ver si se produc\u00eda o no un proceso de agravamiento de la enfermedad, si bien con el paso del tiempo tambi\u00e9n se ha acabado diagnosticando a una minor\u00eda de ellas mediante el test. Ahora ser\u00edan todos y en un plazo de 24 horas.<\/p>\n<p>La segunda gran modificaci\u00f3n <strong>afecta a los geri\u00e1tricos<\/strong> y pasa por considerar que, si un solo caso confirmado es considerado un brote de la pandemia, se llevar\u00e1 a cabo una cuarentena y se har\u00e1n pruebas de PCR a todos los residentes y trabajadores. Esta medida se lleva a cabo cuando ya han muerto en estos centros 3.309 personas.<\/p>\n<p>Tambi\u00e9n se modifica la medida en que se podr\u00edan reincorporarse al trabajo los profesionales infectados pasados \u200b\u200blos 14 d\u00edas de aislamiento. Ahora, ser\u00e1 necesaria la prueba PCR.<\/p>\n<div id=\"polls-50\" class=\"wp-polls\">\n\t<form id=\"polls_form_50\" class=\"wp-polls-form\" action=\"\/index.php\" method=\"post\">\n\t\t<p style=\"display: none;\"><input type=\"hidden\" id=\"poll_50_nonce\" name=\"wp-polls-nonce\" value=\"cd552ddaae\" \/><\/p>\n\t\t<p style=\"display: none;\"><input type=\"hidden\" name=\"poll_id\" value=\"50\" \/><\/p>\n\t\t<p style=\"text-align: center\"><strong>Creus que la Generalitat de Catalunya \u00e9s responsable del mal tracte donat a les resid\u00e8ncies de gent gran?<\/strong><\/p><div id=\"polls-50-ans\" class=\"wp-polls-ans\"><ul class=\"wp-polls-ul\">\n\t\t<li><input type=\"radio\" id=\"poll-answer-106\" name=\"poll_50\" value=\"106\" \/> <label for=\"poll-answer-106\">Si<\/label><\/li>\n\t\t<li><input type=\"radio\" id=\"poll-answer-107\" name=\"poll_50\" value=\"107\" \/> <label for=\"poll-answer-107\">No<\/label><\/li>\n\t\t<\/ul><p style=\"text-align: center\"><input type=\"button\" name=\"vote\" value=\"   Vota   \" class=\"Buttons\" onclick=\"poll_vote(50);\" \/><\/p><p style=\"text-align: center\"><a href=\"#ViewPollResults\" onclick=\"poll_result(50); return false;\" title=\"View Results Of This Poll\">Mira els resultats<\/a><\/p><\/div>\n\t<\/form>\n<\/div>\n<div id=\"polls-50-loading\" class=\"wp-polls-loading\"><img decoding=\"async\" data-src=\"https:\/\/conversesacatalunya.cat\/wp-content\/plugins\/wp-polls\/images\/loading.gif\" width=\"16\" height=\"16\" alt=\"Cargando ...\" title=\"Cargando ...\" class=\"wp-polls-image lazyload\" src=\"data:image\/svg+xml;base64,PHN2ZyB3aWR0aD0iMSIgaGVpZ2h0PSIxIiB4bWxucz0iaHR0cDovL3d3dy53My5vcmcvMjAwMC9zdmciPjwvc3ZnPg==\" style=\"--smush-placeholder-width: 16px; --smush-placeholder-aspect-ratio: 16\/16;\" \/>&nbsp;Cargando ...<\/div>\n\n<p>Esta actitud prudencial de Torra es l\u00f3gica si se considera que la evoluci\u00f3n \u00faltima de <strong>Catalu\u00f1a es peor que la de Madrid<\/strong>, concretamente en los \u00faltimos 14 d\u00edas, que es el per\u00edodo que mejor explica c\u00f3mo est\u00e1 evolucionando la situaci\u00f3n.<\/p>\n<p>En Catalu\u00f1a se han producido <strong>58,8 ingresos por 100.000 habitantes<\/strong>, mientras que en Madrid han sido de <strong>35,4 ingresos<\/strong> y para el conjunto de <strong>Espa\u00f1a 22,0<\/strong>. En cuanto a los ingresos en la UCI, tambi\u00e9n en el mismo periodo de tiempo y por 100.000 habitantes, han sido 5 en Catalu\u00f1a, 1,8 en Espa\u00f1a y 1,4 en Madrid. El \u00faltimo dato de enfermos confirmados referido a nuevos ingresos con fecha de 11 de mayo, considerando s\u00f3lo los confirmados por la PCR, se\u00f1ala que Catalu\u00f1a encabeza con diferencia el ranking espa\u00f1ol con <strong>83 casos<\/strong>, seguido de Castilla y Le\u00f3n con 78, Castilla-La Mancha con 44 y Madrid con 31.<\/p>\n<p>Como se puede constatar, por lo tanto, si bien al inicio pareci\u00f3 que la evoluci\u00f3n catalana era mucho m\u00e1s contenida que la gran exposici\u00f3n madrile\u00f1a, que ha afectado a las dos lim\u00edtrofes Castillas, con el paso del tiempo la din\u00e1mica en nuestro pa\u00eds <strong>ha evolucionado m\u00e1s negativamente<\/strong>.<\/p>\n<p>Este hecho explica y justifica la reacci\u00f3n de la Generalitat, que intenta compensar su tard\u00eda y err\u00f3nea actuaci\u00f3n. De todos modos, y desde el punto de vista estrictamente sanitario, no se oculta que el planteamiento incorpora algunos agujeros que si se concretan pueden llegar a ser peligrosos.<\/p>\n<p>Uno de ellos es que<strong> las nuevas medidas no permiten identificar a los portadores asintom\u00e1ticos<\/strong>, ni a aquellas personas que ya est\u00e1n afectadas por el coronavirus pero que todav\u00eda no presentan s\u00edntomas. Este es el aspecto m\u00e1s dif\u00edcil de combatir y que requiere una pol\u00edtica mucho m\u00e1s fina que la adoptada. Concretamente, ser\u00eda necesario un <strong>ejercicio de control<\/strong> <strong>m\u00e1s masivo<\/strong> de la poblaci\u00f3n y de tests PCR y la disponibilidad de equipos de rastreo suficientes. Este \u00faltimo punto puede ser otra debilidad del proyecto en el sentido de que a pesar de que se detecte la persona afectada por el coronavirus, si no se dispone de los suficientes recursos humanos y t\u00e9cnicos para identificar y comprobar a todos los contactos, el virus se extender\u00e1. La organizaci\u00f3n territorial de los CAP les permitir\u00e1 un buen control del territorio a condici\u00f3n de que dispongan de los recursos humanos suficientes.<\/p>\n<p>La otra dimensi\u00f3n del problema es econ\u00f3mica. En la medida en que se retrasa el desconfinamiento se multiplica el da\u00f1o sobre empresas y trabajadores. La soluci\u00f3n pasar\u00eda por los mismos ejes ya indicados: controles masivos, localizaci\u00f3n r\u00e1pida de las personas que dieran positivo en los tests, presentaran o no s\u00edntomas, y rastreo r\u00e1pido de las relaciones mantenidas por estas personas. Este tipo de acci\u00f3n permitir\u00eda confinamientos por zonas reducidas, un sector de la ciudad, un barrio, y permitir\u00eda que el conjunto continuara funcionando con normalidad. Se tratar\u00eda, en definitiva, de una <strong>estrategia<\/strong> basada en la <strong>localizaci\u00f3n r\u00e1pida<\/strong>, la <strong>intervenci\u00f3n inmediata<\/strong> y el control territorial basado en <strong>microconfinamientos<\/strong>.<\/p>\n<p style=\"text-align: center;\">M\u00e1s informaci\u00f3n sobre el coronavirus en <a href=\"https:\/\/conversesacatalunya.cat\/es\/coronavirus\/\" target=\"_blank\" rel=\"noopener noreferrer\"><strong>ESPECIAL CORONAVIRUS<\/strong><\/a><\/p>\n","protected":false},"excerpt":{"rendered":"<p>Tras 5.555 muertes, casi 9.000 si se suman las de las residencias, Torra ha decidido cambiar la pol\u00edtica seguida hasta ahora en b\u00fasqueda de una mejor eficacia. Ahora, a diferencia del resto de las\u00a0 Comunidades Aut\u00f3nomas, su posici\u00f3n implica retrasar el inicio de la Fase 1 de desconfinamiento, una posici\u00f3n que choca con la lentitud con que adoptaron las medidas de precauci\u00f3n, a pesar de que la Generalitat dispon\u00eda de un plan propio que, de aplicarse, habr\u00eda determinado que el 22 de febrero se iniciaran las medidas de aislamiento. Ahora la nueva pol\u00edtica pasa por hacer un test PCR en las primeras 24 horas a toda persona sospechosa de estar afectada por el SARS-CoV-2 para determinar si padece la enfermedad, aislarla y controlar su entorno. Se considera sospechosa a toda persona que presenta s\u00edntomas de infecci\u00f3n respiratoria con fiebre, tos o sensaci\u00f3n de falta de aire. Esta medida ser\u00e1 llevada a cabo por los Centros de Asistencia Primaria. Hasta ahora, el procedimiento era diferente: las personas con s\u00edntomas leves que los comunicaban deb\u00edan esperar en sus domicilios, y normalmente la espera no era otra cosa que ver si se produc\u00eda o no un proceso de agravamiento de la enfermedad, si bien con el paso del tiempo tambi\u00e9n se ha acabado diagnosticando a una minor\u00eda de ellas mediante el test. Ahora ser\u00edan todos y en un plazo de 24 horas. La segunda gran modificaci\u00f3n afecta a los geri\u00e1tricos y pasa por considerar que, si un solo caso confirmado es considerado un brote de la pandemia, se llevar\u00e1 a cabo una cuarentena y se har\u00e1n pruebas de PCR a todos los residentes y trabajadores. Esta medida se lleva a cabo cuando ya han muerto en estos centros 3.309 personas. Tambi\u00e9n se modifica la medida en que se podr\u00edan reincorporarse al trabajo los profesionales infectados pasados \u200b\u200blos 14 d\u00edas de aislamiento. Ahora, ser\u00e1 necesaria la prueba PCR. Esta actitud prudencial de Torra es l\u00f3gica si se considera que la evoluci\u00f3n \u00faltima de Catalu\u00f1a es peor que la de Madrid, concretamente en los \u00faltimos 14 d\u00edas, que es el per\u00edodo que mejor explica c\u00f3mo est\u00e1 evolucionando la situaci\u00f3n. En Catalu\u00f1a se han producido 58,8 ingresos por 100.000 habitantes, mientras que en Madrid han sido de 35,4 ingresos y para el conjunto de Espa\u00f1a 22,0. En cuanto a los ingresos en la UCI, tambi\u00e9n en el mismo periodo de tiempo y por 100.000 habitantes, han sido 5 en Catalu\u00f1a, 1,8 en Espa\u00f1a y 1,4 en Madrid. El \u00faltimo dato de enfermos confirmados referido a nuevos ingresos con fecha de 11 de mayo, considerando s\u00f3lo los confirmados por la PCR, se\u00f1ala que Catalu\u00f1a encabeza con diferencia el ranking espa\u00f1ol con 83 casos, seguido de Castilla y Le\u00f3n con 78, Castilla-La Mancha con 44 y Madrid con 31. Como se puede constatar, por lo tanto, si bien al inicio pareci\u00f3 que la evoluci\u00f3n catalana era mucho m\u00e1s contenida que la gran exposici\u00f3n madrile\u00f1a, que ha afectado a las dos lim\u00edtrofes Castillas, con el paso del tiempo la din\u00e1mica en nuestro pa\u00eds ha evolucionado m\u00e1s negativamente. Este hecho explica y justifica la reacci\u00f3n de la Generalitat, que intenta compensar su tard\u00eda y err\u00f3nea actuaci\u00f3n. De todos modos, y desde el punto de vista estrictamente sanitario, no se oculta que el planteamiento incorpora algunos agujeros que si se concretan pueden llegar a ser peligrosos. Uno de ellos es que las nuevas medidas no permiten identificar a los portadores asintom\u00e1ticos, ni a aquellas personas que ya est\u00e1n afectadas por el coronavirus pero que todav\u00eda no presentan s\u00edntomas. Este es el aspecto m\u00e1s dif\u00edcil de combatir y que requiere una pol\u00edtica mucho m\u00e1s fina que la adoptada. Concretamente, ser\u00eda necesario un ejercicio de control m\u00e1s masivo de la poblaci\u00f3n y de tests PCR y la disponibilidad de equipos de rastreo suficientes. Este \u00faltimo punto puede ser otra debilidad del proyecto en el sentido de que a pesar de que se detecte la persona afectada por el coronavirus, si no se dispone de los suficientes recursos humanos y t\u00e9cnicos para identificar y comprobar a todos los contactos, el virus se extender\u00e1. La organizaci\u00f3n territorial de los CAP les permitir\u00e1 un buen control del territorio a condici\u00f3n de que dispongan de los recursos humanos suficientes. La otra dimensi\u00f3n del problema es econ\u00f3mica. En la medida en que se retrasa el desconfinamiento se multiplica el da\u00f1o sobre empresas y trabajadores. La soluci\u00f3n pasar\u00eda por los mismos ejes ya indicados: controles masivos, localizaci\u00f3n r\u00e1pida de las personas que dieran positivo en los tests, presentaran o no s\u00edntomas, y rastreo r\u00e1pido de las relaciones mantenidas por estas personas. Este tipo de acci\u00f3n permitir\u00eda confinamientos por zonas reducidas, un sector de la ciudad, un barrio, y permitir\u00eda que el conjunto continuara funcionando con normalidad. Se tratar\u00eda, en definitiva, de una estrategia basada en la localizaci\u00f3n r\u00e1pida, la intervenci\u00f3n inmediata y el control territorial basado en microconfinamientos. M\u00e1s informaci\u00f3n sobre el coronavirus en ESPECIAL CORONAVIRUS<\/p>\n","protected":false},"author":2,"featured_media":35985,"comment_status":"open","ping_status":"open","sticky":false,"template":"","format":"standard","meta":{"_FSMCFIC_featured_image_caption":"","_FSMCFIC_featured_image_nocaption":"","_FSMCFIC_featured_image_hide":"","footnotes":""},"categories":[1772,806],"tags":[1504],"class_list":["post-36006","post","type-post","status-publish","format-standard","has-post-thumbnail","hentry","category-especial-coronavirus-es","category-punts-claus-del-dia-es","tag-coronavirus-es"],"yoast_head":"<!-- This site is optimized with the Yoast SEO plugin v26.8 - https:\/\/yoast.com\/product\/yoast-seo-wordpress\/ -->\n<title>Cambio radical de pol\u00edtica de la Generalitat para afrontar el coronavirus - Converses a Catalunya<\/title>\n<meta name=\"robots\" content=\"index, follow, max-snippet:-1, max-image-preview:large, max-video-preview:-1\" \/>\n<link rel=\"canonical\" href=\"https:\/\/conversesacatalunya.cat\/es\/cambio-radical-de-politica-de-la-generalitat-para-afrontar-el-coronavirus\/\" \/>\n<meta property=\"og:locale\" content=\"es_ES\" \/>\n<meta property=\"og:type\" content=\"article\" \/>\n<meta property=\"og:title\" content=\"Cambio radical de pol\u00edtica de la Generalitat para afrontar el coronavirus - Converses a Catalunya\" \/>\n<meta property=\"og:description\" content=\"Tras 5.555 muertes, casi 9.000 si se suman las de las residencias, Torra ha decidido cambiar la pol\u00edtica seguida hasta ahora en b\u00fasqueda de una mejor eficacia. Ahora, a diferencia del resto de las\u00a0 Comunidades Aut\u00f3nomas, su posici\u00f3n implica retrasar el inicio de la Fase 1 de desconfinamiento, una posici\u00f3n que choca con la lentitud con que adoptaron las medidas de precauci\u00f3n, a pesar de que la Generalitat dispon\u00eda de un plan propio que, de aplicarse, habr\u00eda determinado que el 22 de febrero se iniciaran las medidas de aislamiento. Ahora la nueva pol\u00edtica pasa por hacer un test PCR en las primeras 24 horas a toda persona sospechosa de estar afectada por el SARS-CoV-2 para determinar si padece la enfermedad, aislarla y controlar su entorno. Se considera sospechosa a toda persona que presenta s\u00edntomas de infecci\u00f3n respiratoria con fiebre, tos o sensaci\u00f3n de falta de aire. Esta medida ser\u00e1 llevada a cabo por los Centros de Asistencia Primaria. Hasta ahora, el procedimiento era diferente: las personas con s\u00edntomas leves que los comunicaban deb\u00edan esperar en sus domicilios, y normalmente la espera no era otra cosa que ver si se produc\u00eda o no un proceso de agravamiento de la enfermedad, si bien con el paso del tiempo tambi\u00e9n se ha acabado diagnosticando a una minor\u00eda de ellas mediante el test. Ahora ser\u00edan todos y en un plazo de 24 horas. La segunda gran modificaci\u00f3n afecta a los geri\u00e1tricos y pasa por considerar que, si un solo caso confirmado es considerado un brote de la pandemia, se llevar\u00e1 a cabo una cuarentena y se har\u00e1n pruebas de PCR a todos los residentes y trabajadores. Esta medida se lleva a cabo cuando ya han muerto en estos centros 3.309 personas. Tambi\u00e9n se modifica la medida en que se podr\u00edan reincorporarse al trabajo los profesionales infectados pasados \u200b\u200blos 14 d\u00edas de aislamiento. Ahora, ser\u00e1 necesaria la prueba PCR. Esta actitud prudencial de Torra es l\u00f3gica si se considera que la evoluci\u00f3n \u00faltima de Catalu\u00f1a es peor que la de Madrid, concretamente en los \u00faltimos 14 d\u00edas, que es el per\u00edodo que mejor explica c\u00f3mo est\u00e1 evolucionando la situaci\u00f3n. En Catalu\u00f1a se han producido 58,8 ingresos por 100.000 habitantes, mientras que en Madrid han sido de 35,4 ingresos y para el conjunto de Espa\u00f1a 22,0. En cuanto a los ingresos en la UCI, tambi\u00e9n en el mismo periodo de tiempo y por 100.000 habitantes, han sido 5 en Catalu\u00f1a, 1,8 en Espa\u00f1a y 1,4 en Madrid. El \u00faltimo dato de enfermos confirmados referido a nuevos ingresos con fecha de 11 de mayo, considerando s\u00f3lo los confirmados por la PCR, se\u00f1ala que Catalu\u00f1a encabeza con diferencia el ranking espa\u00f1ol con 83 casos, seguido de Castilla y Le\u00f3n con 78, Castilla-La Mancha con 44 y Madrid con 31. Como se puede constatar, por lo tanto, si bien al inicio pareci\u00f3 que la evoluci\u00f3n catalana era mucho m\u00e1s contenida que la gran exposici\u00f3n madrile\u00f1a, que ha afectado a las dos lim\u00edtrofes Castillas, con el paso del tiempo la din\u00e1mica en nuestro pa\u00eds ha evolucionado m\u00e1s negativamente. Este hecho explica y justifica la reacci\u00f3n de la Generalitat, que intenta compensar su tard\u00eda y err\u00f3nea actuaci\u00f3n. De todos modos, y desde el punto de vista estrictamente sanitario, no se oculta que el planteamiento incorpora algunos agujeros que si se concretan pueden llegar a ser peligrosos. Uno de ellos es que las nuevas medidas no permiten identificar a los portadores asintom\u00e1ticos, ni a aquellas personas que ya est\u00e1n afectadas por el coronavirus pero que todav\u00eda no presentan s\u00edntomas. Este es el aspecto m\u00e1s dif\u00edcil de combatir y que requiere una pol\u00edtica mucho m\u00e1s fina que la adoptada. Concretamente, ser\u00eda necesario un ejercicio de control m\u00e1s masivo de la poblaci\u00f3n y de tests PCR y la disponibilidad de equipos de rastreo suficientes. Este \u00faltimo punto puede ser otra debilidad del proyecto en el sentido de que a pesar de que se detecte la persona afectada por el coronavirus, si no se dispone de los suficientes recursos humanos y t\u00e9cnicos para identificar y comprobar a todos los contactos, el virus se extender\u00e1. La organizaci\u00f3n territorial de los CAP les permitir\u00e1 un buen control del territorio a condici\u00f3n de que dispongan de los recursos humanos suficientes. La otra dimensi\u00f3n del problema es econ\u00f3mica. En la medida en que se retrasa el desconfinamiento se multiplica el da\u00f1o sobre empresas y trabajadores. La soluci\u00f3n pasar\u00eda por los mismos ejes ya indicados: controles masivos, localizaci\u00f3n r\u00e1pida de las personas que dieran positivo en los tests, presentaran o no s\u00edntomas, y rastreo r\u00e1pido de las relaciones mantenidas por estas personas. Este tipo de acci\u00f3n permitir\u00eda confinamientos por zonas reducidas, un sector de la ciudad, un barrio, y permitir\u00eda que el conjunto continuara funcionando con normalidad. Se tratar\u00eda, en definitiva, de una estrategia basada en la localizaci\u00f3n r\u00e1pida, la intervenci\u00f3n inmediata y el control territorial basado en microconfinamientos. M\u00e1s informaci\u00f3n sobre el coronavirus en ESPECIAL CORONAVIRUS\" \/>\n<meta property=\"og:url\" content=\"https:\/\/conversesacatalunya.cat\/es\/cambio-radical-de-politica-de-la-generalitat-para-afrontar-el-coronavirus\/\" \/>\n<meta property=\"og:site_name\" content=\"Converses a Catalunya\" \/>\n<meta property=\"article:published_time\" content=\"2020-05-12T10:20:21+00:00\" \/>\n<meta property=\"article:modified_time\" content=\"2020-05-12T12:00:33+00:00\" \/>\n<meta property=\"og:image\" content=\"https:\/\/conversesacatalunya.cat\/wp-content\/uploads\/2020\/05\/desifectantes-limpieza.jpg\" \/>\n\t<meta property=\"og:image:width\" content=\"910\" \/>\n\t<meta property=\"og:image:height\" content=\"607\" \/>\n\t<meta property=\"og:image:type\" content=\"image\/jpeg\" \/>\n<meta name=\"author\" content=\"conversesacatalunya\" \/>\n<meta name=\"twitter:card\" content=\"summary_large_image\" \/>\n<meta name=\"twitter:label1\" content=\"Escrito por\" \/>\n\t<meta name=\"twitter:data1\" content=\"conversesacatalunya\" \/>\n\t<meta name=\"twitter:label2\" content=\"Tiempo de lectura\" \/>\n\t<meta name=\"twitter:data2\" content=\"4 minutos\" \/>\n<script type=\"application\/ld+json\" class=\"yoast-schema-graph\">{\"@context\":\"https:\/\/schema.org\",\"@graph\":[{\"@type\":\"Article\",\"@id\":\"https:\/\/conversesacatalunya.cat\/es\/cambio-radical-de-politica-de-la-generalitat-para-afrontar-el-coronavirus\/#article\",\"isPartOf\":{\"@id\":\"https:\/\/conversesacatalunya.cat\/es\/cambio-radical-de-politica-de-la-generalitat-para-afrontar-el-coronavirus\/\"},\"author\":{\"name\":\"conversesacatalunya\",\"@id\":\"https:\/\/conversesacatalunya.cat\/#\/schema\/person\/7e24d1e54a2785373ddcb275eae5ed99\"},\"headline\":\"Cambio radical de pol\u00edtica de la Generalitat para afrontar el coronavirus\",\"datePublished\":\"2020-05-12T10:20:21+00:00\",\"dateModified\":\"2020-05-12T12:00:33+00:00\",\"mainEntityOfPage\":{\"@id\":\"https:\/\/conversesacatalunya.cat\/es\/cambio-radical-de-politica-de-la-generalitat-para-afrontar-el-coronavirus\/\"},\"wordCount\":894,\"commentCount\":0,\"image\":{\"@id\":\"https:\/\/conversesacatalunya.cat\/es\/cambio-radical-de-politica-de-la-generalitat-para-afrontar-el-coronavirus\/#primaryimage\"},\"thumbnailUrl\":\"https:\/\/conversesacatalunya.cat\/wp-content\/uploads\/2020\/05\/desifectantes-limpieza.jpg\",\"keywords\":[\"coronavirus\"],\"articleSection\":[\"Especial Coronavirus (ES)\",\"Punts clau del dia (ES)\"],\"inLanguage\":\"es\",\"potentialAction\":[{\"@type\":\"CommentAction\",\"name\":\"Comment\",\"target\":[\"https:\/\/conversesacatalunya.cat\/es\/cambio-radical-de-politica-de-la-generalitat-para-afrontar-el-coronavirus\/#respond\"]}]},{\"@type\":\"WebPage\",\"@id\":\"https:\/\/conversesacatalunya.cat\/es\/cambio-radical-de-politica-de-la-generalitat-para-afrontar-el-coronavirus\/\",\"url\":\"https:\/\/conversesacatalunya.cat\/es\/cambio-radical-de-politica-de-la-generalitat-para-afrontar-el-coronavirus\/\",\"name\":\"Cambio radical de pol\u00edtica de la Generalitat para afrontar el coronavirus - Converses a Catalunya\",\"isPartOf\":{\"@id\":\"https:\/\/conversesacatalunya.cat\/#website\"},\"primaryImageOfPage\":{\"@id\":\"https:\/\/conversesacatalunya.cat\/es\/cambio-radical-de-politica-de-la-generalitat-para-afrontar-el-coronavirus\/#primaryimage\"},\"image\":{\"@id\":\"https:\/\/conversesacatalunya.cat\/es\/cambio-radical-de-politica-de-la-generalitat-para-afrontar-el-coronavirus\/#primaryimage\"},\"thumbnailUrl\":\"https:\/\/conversesacatalunya.cat\/wp-content\/uploads\/2020\/05\/desifectantes-limpieza.jpg\",\"datePublished\":\"2020-05-12T10:20:21+00:00\",\"dateModified\":\"2020-05-12T12:00:33+00:00\",\"author\":{\"@id\":\"https:\/\/conversesacatalunya.cat\/#\/schema\/person\/7e24d1e54a2785373ddcb275eae5ed99\"},\"breadcrumb\":{\"@id\":\"https:\/\/conversesacatalunya.cat\/es\/cambio-radical-de-politica-de-la-generalitat-para-afrontar-el-coronavirus\/#breadcrumb\"},\"inLanguage\":\"es\",\"potentialAction\":[{\"@type\":\"ReadAction\",\"target\":[\"https:\/\/conversesacatalunya.cat\/es\/cambio-radical-de-politica-de-la-generalitat-para-afrontar-el-coronavirus\/\"]}]},{\"@type\":\"ImageObject\",\"inLanguage\":\"es\",\"@id\":\"https:\/\/conversesacatalunya.cat\/es\/cambio-radical-de-politica-de-la-generalitat-para-afrontar-el-coronavirus\/#primaryimage\",\"url\":\"https:\/\/conversesacatalunya.cat\/wp-content\/uploads\/2020\/05\/desifectantes-limpieza.jpg\",\"contentUrl\":\"https:\/\/conversesacatalunya.cat\/wp-content\/uploads\/2020\/05\/desifectantes-limpieza.jpg\",\"width\":910,\"height\":607,\"caption\":\"coronavirus\"},{\"@type\":\"BreadcrumbList\",\"@id\":\"https:\/\/conversesacatalunya.cat\/es\/cambio-radical-de-politica-de-la-generalitat-para-afrontar-el-coronavirus\/#breadcrumb\",\"itemListElement\":[{\"@type\":\"ListItem\",\"position\":1,\"name\":\"Inici\",\"item\":\"https:\/\/conversesacatalunya.cat\/es\/\"},{\"@type\":\"ListItem\",\"position\":2,\"name\":\"Cambio radical de pol\u00edtica de la Generalitat para afrontar el coronavirus\"}]},{\"@type\":\"WebSite\",\"@id\":\"https:\/\/conversesacatalunya.cat\/#website\",\"url\":\"https:\/\/conversesacatalunya.cat\/\",\"name\":\"Converses a Catalunya\",\"description\":\"\",\"potentialAction\":[{\"@type\":\"SearchAction\",\"target\":{\"@type\":\"EntryPoint\",\"urlTemplate\":\"https:\/\/conversesacatalunya.cat\/?s={search_term_string}\"},\"query-input\":{\"@type\":\"PropertyValueSpecification\",\"valueRequired\":true,\"valueName\":\"search_term_string\"}}],\"inLanguage\":\"es\"},{\"@type\":\"Person\",\"@id\":\"https:\/\/conversesacatalunya.cat\/#\/schema\/person\/7e24d1e54a2785373ddcb275eae5ed99\",\"name\":\"conversesacatalunya\",\"image\":{\"@type\":\"ImageObject\",\"inLanguage\":\"es\",\"@id\":\"https:\/\/conversesacatalunya.cat\/#\/schema\/person\/image\/\",\"url\":\"https:\/\/conversesacatalunya.cat\/wp-content\/litespeed\/avatar\/febdfeeec89d950f01c748045a981dd2.jpg?ver=1777314535\",\"contentUrl\":\"https:\/\/conversesacatalunya.cat\/wp-content\/litespeed\/avatar\/febdfeeec89d950f01c748045a981dd2.jpg?ver=1777314535\",\"caption\":\"conversesacatalunya\"},\"url\":\"https:\/\/conversesacatalunya.cat\/es\/author\/carme_catala\/\"}]}<\/script>\n<!-- \/ Yoast SEO plugin. -->","yoast_head_json":{"title":"Cambio radical de pol\u00edtica de la Generalitat para afrontar el coronavirus - Converses a Catalunya","robots":{"index":"index","follow":"follow","max-snippet":"max-snippet:-1","max-image-preview":"max-image-preview:large","max-video-preview":"max-video-preview:-1"},"canonical":"https:\/\/conversesacatalunya.cat\/es\/cambio-radical-de-politica-de-la-generalitat-para-afrontar-el-coronavirus\/","og_locale":"es_ES","og_type":"article","og_title":"Cambio radical de pol\u00edtica de la Generalitat para afrontar el coronavirus - Converses a Catalunya","og_description":"Tras 5.555 muertes, casi 9.000 si se suman las de las residencias, Torra ha decidido cambiar la pol\u00edtica seguida hasta ahora en b\u00fasqueda de una mejor eficacia. Ahora, a diferencia del resto de las\u00a0 Comunidades Aut\u00f3nomas, su posici\u00f3n implica retrasar el inicio de la Fase 1 de desconfinamiento, una posici\u00f3n que choca con la lentitud con que adoptaron las medidas de precauci\u00f3n, a pesar de que la Generalitat dispon\u00eda de un plan propio que, de aplicarse, habr\u00eda determinado que el 22 de febrero se iniciaran las medidas de aislamiento. Ahora la nueva pol\u00edtica pasa por hacer un test PCR en las primeras 24 horas a toda persona sospechosa de estar afectada por el SARS-CoV-2 para determinar si padece la enfermedad, aislarla y controlar su entorno. Se considera sospechosa a toda persona que presenta s\u00edntomas de infecci\u00f3n respiratoria con fiebre, tos o sensaci\u00f3n de falta de aire. Esta medida ser\u00e1 llevada a cabo por los Centros de Asistencia Primaria. Hasta ahora, el procedimiento era diferente: las personas con s\u00edntomas leves que los comunicaban deb\u00edan esperar en sus domicilios, y normalmente la espera no era otra cosa que ver si se produc\u00eda o no un proceso de agravamiento de la enfermedad, si bien con el paso del tiempo tambi\u00e9n se ha acabado diagnosticando a una minor\u00eda de ellas mediante el test. Ahora ser\u00edan todos y en un plazo de 24 horas. La segunda gran modificaci\u00f3n afecta a los geri\u00e1tricos y pasa por considerar que, si un solo caso confirmado es considerado un brote de la pandemia, se llevar\u00e1 a cabo una cuarentena y se har\u00e1n pruebas de PCR a todos los residentes y trabajadores. Esta medida se lleva a cabo cuando ya han muerto en estos centros 3.309 personas. Tambi\u00e9n se modifica la medida en que se podr\u00edan reincorporarse al trabajo los profesionales infectados pasados \u200b\u200blos 14 d\u00edas de aislamiento. Ahora, ser\u00e1 necesaria la prueba PCR. Esta actitud prudencial de Torra es l\u00f3gica si se considera que la evoluci\u00f3n \u00faltima de Catalu\u00f1a es peor que la de Madrid, concretamente en los \u00faltimos 14 d\u00edas, que es el per\u00edodo que mejor explica c\u00f3mo est\u00e1 evolucionando la situaci\u00f3n. En Catalu\u00f1a se han producido 58,8 ingresos por 100.000 habitantes, mientras que en Madrid han sido de 35,4 ingresos y para el conjunto de Espa\u00f1a 22,0. En cuanto a los ingresos en la UCI, tambi\u00e9n en el mismo periodo de tiempo y por 100.000 habitantes, han sido 5 en Catalu\u00f1a, 1,8 en Espa\u00f1a y 1,4 en Madrid. El \u00faltimo dato de enfermos confirmados referido a nuevos ingresos con fecha de 11 de mayo, considerando s\u00f3lo los confirmados por la PCR, se\u00f1ala que Catalu\u00f1a encabeza con diferencia el ranking espa\u00f1ol con 83 casos, seguido de Castilla y Le\u00f3n con 78, Castilla-La Mancha con 44 y Madrid con 31. Como se puede constatar, por lo tanto, si bien al inicio pareci\u00f3 que la evoluci\u00f3n catalana era mucho m\u00e1s contenida que la gran exposici\u00f3n madrile\u00f1a, que ha afectado a las dos lim\u00edtrofes Castillas, con el paso del tiempo la din\u00e1mica en nuestro pa\u00eds ha evolucionado m\u00e1s negativamente. Este hecho explica y justifica la reacci\u00f3n de la Generalitat, que intenta compensar su tard\u00eda y err\u00f3nea actuaci\u00f3n. De todos modos, y desde el punto de vista estrictamente sanitario, no se oculta que el planteamiento incorpora algunos agujeros que si se concretan pueden llegar a ser peligrosos. Uno de ellos es que las nuevas medidas no permiten identificar a los portadores asintom\u00e1ticos, ni a aquellas personas que ya est\u00e1n afectadas por el coronavirus pero que todav\u00eda no presentan s\u00edntomas. Este es el aspecto m\u00e1s dif\u00edcil de combatir y que requiere una pol\u00edtica mucho m\u00e1s fina que la adoptada. Concretamente, ser\u00eda necesario un ejercicio de control m\u00e1s masivo de la poblaci\u00f3n y de tests PCR y la disponibilidad de equipos de rastreo suficientes. Este \u00faltimo punto puede ser otra debilidad del proyecto en el sentido de que a pesar de que se detecte la persona afectada por el coronavirus, si no se dispone de los suficientes recursos humanos y t\u00e9cnicos para identificar y comprobar a todos los contactos, el virus se extender\u00e1. La organizaci\u00f3n territorial de los CAP les permitir\u00e1 un buen control del territorio a condici\u00f3n de que dispongan de los recursos humanos suficientes. La otra dimensi\u00f3n del problema es econ\u00f3mica. En la medida en que se retrasa el desconfinamiento se multiplica el da\u00f1o sobre empresas y trabajadores. La soluci\u00f3n pasar\u00eda por los mismos ejes ya indicados: controles masivos, localizaci\u00f3n r\u00e1pida de las personas que dieran positivo en los tests, presentaran o no s\u00edntomas, y rastreo r\u00e1pido de las relaciones mantenidas por estas personas. Este tipo de acci\u00f3n permitir\u00eda confinamientos por zonas reducidas, un sector de la ciudad, un barrio, y permitir\u00eda que el conjunto continuara funcionando con normalidad. Se tratar\u00eda, en definitiva, de una estrategia basada en la localizaci\u00f3n r\u00e1pida, la intervenci\u00f3n inmediata y el control territorial basado en microconfinamientos. M\u00e1s informaci\u00f3n sobre el coronavirus en ESPECIAL CORONAVIRUS","og_url":"https:\/\/conversesacatalunya.cat\/es\/cambio-radical-de-politica-de-la-generalitat-para-afrontar-el-coronavirus\/","og_site_name":"Converses a Catalunya","article_published_time":"2020-05-12T10:20:21+00:00","article_modified_time":"2020-05-12T12:00:33+00:00","og_image":[{"width":910,"height":607,"url":"https:\/\/conversesacatalunya.cat\/wp-content\/uploads\/2020\/05\/desifectantes-limpieza.jpg","type":"image\/jpeg"}],"author":"conversesacatalunya","twitter_card":"summary_large_image","twitter_misc":{"Escrito por":"conversesacatalunya","Tiempo de lectura":"4 minutos"},"schema":{"@context":"https:\/\/schema.org","@graph":[{"@type":"Article","@id":"https:\/\/conversesacatalunya.cat\/es\/cambio-radical-de-politica-de-la-generalitat-para-afrontar-el-coronavirus\/#article","isPartOf":{"@id":"https:\/\/conversesacatalunya.cat\/es\/cambio-radical-de-politica-de-la-generalitat-para-afrontar-el-coronavirus\/"},"author":{"name":"conversesacatalunya","@id":"https:\/\/conversesacatalunya.cat\/#\/schema\/person\/7e24d1e54a2785373ddcb275eae5ed99"},"headline":"Cambio radical de pol\u00edtica de la Generalitat para afrontar el coronavirus","datePublished":"2020-05-12T10:20:21+00:00","dateModified":"2020-05-12T12:00:33+00:00","mainEntityOfPage":{"@id":"https:\/\/conversesacatalunya.cat\/es\/cambio-radical-de-politica-de-la-generalitat-para-afrontar-el-coronavirus\/"},"wordCount":894,"commentCount":0,"image":{"@id":"https:\/\/conversesacatalunya.cat\/es\/cambio-radical-de-politica-de-la-generalitat-para-afrontar-el-coronavirus\/#primaryimage"},"thumbnailUrl":"https:\/\/conversesacatalunya.cat\/wp-content\/uploads\/2020\/05\/desifectantes-limpieza.jpg","keywords":["coronavirus"],"articleSection":["Especial Coronavirus (ES)","Punts clau del dia (ES)"],"inLanguage":"es","potentialAction":[{"@type":"CommentAction","name":"Comment","target":["https:\/\/conversesacatalunya.cat\/es\/cambio-radical-de-politica-de-la-generalitat-para-afrontar-el-coronavirus\/#respond"]}]},{"@type":"WebPage","@id":"https:\/\/conversesacatalunya.cat\/es\/cambio-radical-de-politica-de-la-generalitat-para-afrontar-el-coronavirus\/","url":"https:\/\/conversesacatalunya.cat\/es\/cambio-radical-de-politica-de-la-generalitat-para-afrontar-el-coronavirus\/","name":"Cambio radical de pol\u00edtica de la Generalitat para afrontar el coronavirus - Converses a Catalunya","isPartOf":{"@id":"https:\/\/conversesacatalunya.cat\/#website"},"primaryImageOfPage":{"@id":"https:\/\/conversesacatalunya.cat\/es\/cambio-radical-de-politica-de-la-generalitat-para-afrontar-el-coronavirus\/#primaryimage"},"image":{"@id":"https:\/\/conversesacatalunya.cat\/es\/cambio-radical-de-politica-de-la-generalitat-para-afrontar-el-coronavirus\/#primaryimage"},"thumbnailUrl":"https:\/\/conversesacatalunya.cat\/wp-content\/uploads\/2020\/05\/desifectantes-limpieza.jpg","datePublished":"2020-05-12T10:20:21+00:00","dateModified":"2020-05-12T12:00:33+00:00","author":{"@id":"https:\/\/conversesacatalunya.cat\/#\/schema\/person\/7e24d1e54a2785373ddcb275eae5ed99"},"breadcrumb":{"@id":"https:\/\/conversesacatalunya.cat\/es\/cambio-radical-de-politica-de-la-generalitat-para-afrontar-el-coronavirus\/#breadcrumb"},"inLanguage":"es","potentialAction":[{"@type":"ReadAction","target":["https:\/\/conversesacatalunya.cat\/es\/cambio-radical-de-politica-de-la-generalitat-para-afrontar-el-coronavirus\/"]}]},{"@type":"ImageObject","inLanguage":"es","@id":"https:\/\/conversesacatalunya.cat\/es\/cambio-radical-de-politica-de-la-generalitat-para-afrontar-el-coronavirus\/#primaryimage","url":"https:\/\/conversesacatalunya.cat\/wp-content\/uploads\/2020\/05\/desifectantes-limpieza.jpg","contentUrl":"https:\/\/conversesacatalunya.cat\/wp-content\/uploads\/2020\/05\/desifectantes-limpieza.jpg","width":910,"height":607,"caption":"coronavirus"},{"@type":"BreadcrumbList","@id":"https:\/\/conversesacatalunya.cat\/es\/cambio-radical-de-politica-de-la-generalitat-para-afrontar-el-coronavirus\/#breadcrumb","itemListElement":[{"@type":"ListItem","position":1,"name":"Inici","item":"https:\/\/conversesacatalunya.cat\/es\/"},{"@type":"ListItem","position":2,"name":"Cambio radical de pol\u00edtica de la Generalitat para afrontar el coronavirus"}]},{"@type":"WebSite","@id":"https:\/\/conversesacatalunya.cat\/#website","url":"https:\/\/conversesacatalunya.cat\/","name":"Converses a Catalunya","description":"","potentialAction":[{"@type":"SearchAction","target":{"@type":"EntryPoint","urlTemplate":"https:\/\/conversesacatalunya.cat\/?s={search_term_string}"},"query-input":{"@type":"PropertyValueSpecification","valueRequired":true,"valueName":"search_term_string"}}],"inLanguage":"es"},{"@type":"Person","@id":"https:\/\/conversesacatalunya.cat\/#\/schema\/person\/7e24d1e54a2785373ddcb275eae5ed99","name":"conversesacatalunya","image":{"@type":"ImageObject","inLanguage":"es","@id":"https:\/\/conversesacatalunya.cat\/#\/schema\/person\/image\/","url":"https:\/\/conversesacatalunya.cat\/wp-content\/litespeed\/avatar\/febdfeeec89d950f01c748045a981dd2.jpg?ver=1777314535","contentUrl":"https:\/\/conversesacatalunya.cat\/wp-content\/litespeed\/avatar\/febdfeeec89d950f01c748045a981dd2.jpg?ver=1777314535","caption":"conversesacatalunya"},"url":"https:\/\/conversesacatalunya.cat\/es\/author\/carme_catala\/"}]}},"wps_subtitle":"","_links":{"self":[{"href":"https:\/\/conversesacatalunya.cat\/es\/wp-json\/wp\/v2\/posts\/36006","targetHints":{"allow":["GET"]}}],"collection":[{"href":"https:\/\/conversesacatalunya.cat\/es\/wp-json\/wp\/v2\/posts"}],"about":[{"href":"https:\/\/conversesacatalunya.cat\/es\/wp-json\/wp\/v2\/types\/post"}],"author":[{"embeddable":true,"href":"https:\/\/conversesacatalunya.cat\/es\/wp-json\/wp\/v2\/users\/2"}],"replies":[{"embeddable":true,"href":"https:\/\/conversesacatalunya.cat\/es\/wp-json\/wp\/v2\/comments?post=36006"}],"version-history":[{"count":2,"href":"https:\/\/conversesacatalunya.cat\/es\/wp-json\/wp\/v2\/posts\/36006\/revisions"}],"predecessor-version":[{"id":36007,"href":"https:\/\/conversesacatalunya.cat\/es\/wp-json\/wp\/v2\/posts\/36006\/revisions\/36007"}],"wp:featuredmedia":[{"embeddable":true,"href":"https:\/\/conversesacatalunya.cat\/es\/wp-json\/wp\/v2\/media\/35985"}],"wp:attachment":[{"href":"https:\/\/conversesacatalunya.cat\/es\/wp-json\/wp\/v2\/media?parent=36006"}],"wp:term":[{"taxonomy":"category","embeddable":true,"href":"https:\/\/conversesacatalunya.cat\/es\/wp-json\/wp\/v2\/categories?post=36006"},{"taxonomy":"post_tag","embeddable":true,"href":"https:\/\/conversesacatalunya.cat\/es\/wp-json\/wp\/v2\/tags?post=36006"}],"curies":[{"name":"wp","href":"https:\/\/api.w.org\/{rel}","templated":true}]}}