{"id":35998,"date":"2020-05-12T13:39:28","date_gmt":"2020-05-12T11:39:28","guid":{"rendered":"https:\/\/conversesacatalunya.cat\/?p=35998"},"modified":"2020-05-12T13:40:01","modified_gmt":"2020-05-12T11:40:01","slug":"albiol-vuelve-a-ser-alcalde-de-badalona","status":"publish","type":"post","link":"https:\/\/conversesacatalunya.cat\/es\/albiol-vuelve-a-ser-alcalde-de-badalona\/","title":{"rendered":"Albiol vuelve a ser alcalde de Badalona"},"content":{"rendered":"<p>Badalona ha vivido\u00a0<strong>un nuevo pleno de investidura de infarto<\/strong>\u00a0en el que\u00a0hasta el \u00faltimo momento no se ha sabido qui\u00e9n iba a recoger la vara de mando. No obstante, el resultado ha sido distinto al escenario de 2019, en el que el socialista \u00c1lex Pastor se erigi\u00f3 alcalde con los votos de Guanyem, esta vez no ha habido acuerdo y<strong>\u00a0Xavier Garcia Albiol<\/strong>\u00a0(PP) ha recuperado la alcald\u00eda de Badalona.<\/p>\n<p>Las negociaciones entre los grupos progresistas se han mantenido hasta el \u00faltimo minuto, pero, finalmente, Guanyem\u00a0<strong>no ha firmado el acuerdo propuesto por el PSC<\/strong>, por lo que ninguna fuerza ha obtenido mayor\u00eda absoluta (situada en los 14 concejales). As\u00ed, Albiol, cuya lista fue la m\u00e1s votada en las elecciones de 2019, ha conseguido la vara de mando por mayor\u00eda simple (11 concejales), estableciendo as\u00ed un gobierno en minor\u00eda. La alcald\u00eda de Albiol ya se ha anticipado cuando tanto Dolors Sabater (Guanyem Badalona) como Rub\u00e9n Guijarro han presentado candidatura.<\/p>\n<p>Seg\u00fan indican fuentes de Guanyem, \u00abel acuerdo no se ha firmado porque el PSC\u00a0<strong>ha retirado una cl\u00e1usula que daba poder a las asambleas<\/strong>\u00a0de las respectivas organizaciones para ratificarlo pasada la investidura\u00bb. Desde Guanyem se refieren al pen\u00faltimo punto del acuerdo que s\u00ed han firmado PSC, ERC, Junts per Catalunya y Badalona En Com\u00fa Podem y que dice: \u00abNinguna asamblea de ninguna organizaci\u00f3n pol\u00edtica firmante podr\u00e1 modificar a posterior el contenido de este acuerdo\u00bb.<\/p>\n<p>Antes de iniciar la votaci\u00f3n, Sabater ha hablado sobre establecer un gobierno que \u00abapueste por la redistribuci\u00f3n,\u00a0<strong>de mirada larga<\/strong>, ancha, que no deje a nadie atr\u00e1s;\u00a0un gobierno que represente la pluralidad de la ciudad para trabaja en la recuperaci\u00f3n de la misma\u00bb. Por su parte, Guijarro ha lamentado no haber llegado a un acuerdo y\u00a0<strong>ha instado a Guanyem a hacer un cambio de \u00faltima hora<\/strong>\u00a0y optar por \u00e9l para establecer un gobierno con todos los grupos progresistas.<\/p>\n<p>Albiol ha se\u00f1alado que su proyecto no va \u00ab<strong>ni de derechas ni de izquierdas<\/strong>\u00ab. \u00abMi candidatura no es tan s\u00f3lo del PP, es una candidatura de todos los vecinos m\u00e1s all\u00e1 de lo que piensen. El gobierno que encabezar\u00e9 gobernar\u00e1 para todos\u00bb, ha asegurado.<\/p>\n<p>Para reforzar la excepcionalidad de la situaci\u00f3n, la sesi\u00f3n de investidura, que debe contar con la presencia de todos los concejales -ya que deben depositar personalmente su voto para elegir el nuevo alcalde o alcaldesa de la ciudad-,\u00a0no se ha podido desarrollar\u00a0en la Casa de la Vila porque no permite garantizar las medidas sanitarias adecuadas. As\u00ed, el pleno de investidura se ha celebrado en el\u00a0<strong>Badalona Centre Internacional de Negocis (BCIN)<\/strong>.<\/p>\n<p>Aunque\u00a0tras la dimisi\u00f3n de Pastor\u00a0los grupos municipales progresistas afirmaron que se cerrar\u00eda un acuerdo antes del pleno de investidura, los partidos han llegado al d\u00eda del examen sin tener clara la materia. Hasta\u00a0ayer a las 15:00 h, los dos principales grupos del bloque progresista \u2013Guanyem y PSC- no empezaron a acercar posturas,\u00a0<strong>enrocados hasta entonces en vetos mutuos<\/strong>.<\/p>\n<p>Durante las negociaciones, con el PP siempre expectante, el PSC se negaba a que Sabater volviera a mandar en Badalona, mientras que Guanyem reiter\u00f3 que \u201cpase lo que pase\u201d\u00a0votar\u00edan a la candidatura de Dolors Sabater.<strong>\u00a0A menos de 24 horas del pleno<\/strong>\u00a0de investidura, el PSC retir\u00f3 su veto a Sabater y propuso una alcald\u00eda compartida.<\/p>\n<p>Aunque desde Guanyem afirmaban ver con buenos ojos que los socialistas retirasen su veto,\u00a0<strong>se opusieron a la divisi\u00f3n propuesta por el PSC\u00a0<\/strong>al considerar que los socialistas ya hab\u00edan gobernado una parte del mandato, mientras que Guijarro se plant\u00f3 en esa propuesta: \u201cEl acuerdo es de 18 meses y 18 meses y ma\u00f1ana estar\u00e1 firmado o no ser\u00e1\u201d, destac\u00f3 Guijarro.<\/p>\n<p>As\u00ed, seg\u00fan fuentes de la negociaci\u00f3n, las conversaciones se han mantenido en un<strong>\u00a0punto muerto\u00a0<\/strong>hasta el \u00faltimo momento, lo que ha derivado en la alcald\u00eda de Albiol.<\/p>\n","protected":false},"excerpt":{"rendered":"<p>Badalona ha vivido\u00a0un nuevo pleno de investidura de infarto\u00a0en el que\u00a0hasta el \u00faltimo momento no se ha sabido qui\u00e9n iba a recoger la vara de mando. No obstante, el resultado ha sido distinto al escenario de 2019, en el que el socialista \u00c1lex Pastor se erigi\u00f3 alcalde con los votos de Guanyem, esta vez no ha habido acuerdo y\u00a0Xavier Garcia Albiol\u00a0(PP) ha recuperado la alcald\u00eda de Badalona. Las negociaciones entre los grupos progresistas se han mantenido hasta el \u00faltimo minuto, pero, finalmente, Guanyem\u00a0no ha firmado el acuerdo propuesto por el PSC, por lo que ninguna fuerza ha obtenido mayor\u00eda absoluta (situada en los 14 concejales). As\u00ed, Albiol, cuya lista fue la m\u00e1s votada en las elecciones de 2019, ha conseguido la vara de mando por mayor\u00eda simple (11 concejales), estableciendo as\u00ed un gobierno en minor\u00eda. La alcald\u00eda de Albiol ya se ha anticipado cuando tanto Dolors Sabater (Guanyem Badalona) como Rub\u00e9n Guijarro han presentado candidatura. Seg\u00fan indican fuentes de Guanyem, \u00abel acuerdo no se ha firmado porque el PSC\u00a0ha retirado una cl\u00e1usula que daba poder a las asambleas\u00a0de las respectivas organizaciones para ratificarlo pasada la investidura\u00bb. Desde Guanyem se refieren al pen\u00faltimo punto del acuerdo que s\u00ed han firmado PSC, ERC, Junts per Catalunya y Badalona En Com\u00fa Podem y que dice: \u00abNinguna asamblea de ninguna organizaci\u00f3n pol\u00edtica firmante podr\u00e1 modificar a posterior el contenido de este acuerdo\u00bb. Antes de iniciar la votaci\u00f3n, Sabater ha hablado sobre establecer un gobierno que \u00abapueste por la redistribuci\u00f3n,\u00a0de mirada larga, ancha, que no deje a nadie atr\u00e1s;\u00a0un gobierno que represente la pluralidad de la ciudad para trabaja en la recuperaci\u00f3n de la misma\u00bb. Por su parte, Guijarro ha lamentado no haber llegado a un acuerdo y\u00a0ha instado a Guanyem a hacer un cambio de \u00faltima hora\u00a0y optar por \u00e9l para establecer un gobierno con todos los grupos progresistas. Albiol ha se\u00f1alado que su proyecto no va \u00abni de derechas ni de izquierdas\u00ab. \u00abMi candidatura no es tan s\u00f3lo del PP, es una candidatura de todos los vecinos m\u00e1s all\u00e1 de lo que piensen. El gobierno que encabezar\u00e9 gobernar\u00e1 para todos\u00bb, ha asegurado. Para reforzar la excepcionalidad de la situaci\u00f3n, la sesi\u00f3n de investidura, que debe contar con la presencia de todos los concejales -ya que deben depositar personalmente su voto para elegir el nuevo alcalde o alcaldesa de la ciudad-,\u00a0no se ha podido desarrollar\u00a0en la Casa de la Vila porque no permite garantizar las medidas sanitarias adecuadas. As\u00ed, el pleno de investidura se ha celebrado en el\u00a0Badalona Centre Internacional de Negocis (BCIN). Aunque\u00a0tras la dimisi\u00f3n de Pastor\u00a0los grupos municipales progresistas afirmaron que se cerrar\u00eda un acuerdo antes del pleno de investidura, los partidos han llegado al d\u00eda del examen sin tener clara la materia. Hasta\u00a0ayer a las 15:00 h, los dos principales grupos del bloque progresista \u2013Guanyem y PSC- no empezaron a acercar posturas,\u00a0enrocados hasta entonces en vetos mutuos. Durante las negociaciones, con el PP siempre expectante, el PSC se negaba a que Sabater volviera a mandar en Badalona, mientras que Guanyem reiter\u00f3 que \u201cpase lo que pase\u201d\u00a0votar\u00edan a la candidatura de Dolors Sabater.\u00a0A menos de 24 horas del pleno\u00a0de investidura, el PSC retir\u00f3 su veto a Sabater y propuso una alcald\u00eda compartida. Aunque desde Guanyem afirmaban ver con buenos ojos que los socialistas retirasen su veto,\u00a0se opusieron a la divisi\u00f3n propuesta por el PSC\u00a0al considerar que los socialistas ya hab\u00edan gobernado una parte del mandato, mientras que Guijarro se plant\u00f3 en esa propuesta: \u201cEl acuerdo es de 18 meses y 18 meses y ma\u00f1ana estar\u00e1 firmado o no ser\u00e1\u201d, destac\u00f3 Guijarro. As\u00ed, seg\u00fan fuentes de la negociaci\u00f3n, las conversaciones se han mantenido en un\u00a0punto muerto\u00a0hasta el \u00faltimo momento, lo que ha derivado en la alcald\u00eda de Albiol.<\/p>\n","protected":false},"author":2,"featured_media":35999,"comment_status":"open","ping_status":"open","sticky":false,"template":"","format":"standard","meta":{"_FSMCFIC_featured_image_caption":"","_FSMCFIC_featured_image_nocaption":"","_FSMCFIC_featured_image_hide":"","footnotes":""},"categories":[806],"tags":[2223,2222],"class_list":["post-35998","post","type-post","status-publish","format-standard","has-post-thumbnail","hentry","category-punts-claus-del-dia-es","tag-badalona","tag-xavier-garcia-albiol"],"yoast_head":"<!-- This site is optimized with the Yoast SEO plugin v26.8 - https:\/\/yoast.com\/product\/yoast-seo-wordpress\/ -->\n<title>Albiol vuelve a ser alcalde de Badalona - Converses a Catalunya<\/title>\n<meta name=\"robots\" content=\"noindex, nofollow\" \/>\n<meta property=\"og:locale\" content=\"es_ES\" \/>\n<meta property=\"og:type\" content=\"article\" \/>\n<meta property=\"og:title\" content=\"Albiol vuelve a ser alcalde de Badalona - Converses a Catalunya\" \/>\n<meta property=\"og:description\" content=\"Badalona ha vivido\u00a0un nuevo pleno de investidura de infarto\u00a0en el que\u00a0hasta el \u00faltimo momento no se ha sabido qui\u00e9n iba a recoger la vara de mando. No obstante, el resultado ha sido distinto al escenario de 2019, en el que el socialista \u00c1lex Pastor se erigi\u00f3 alcalde con los votos de Guanyem, esta vez no ha habido acuerdo y\u00a0Xavier Garcia Albiol\u00a0(PP) ha recuperado la alcald\u00eda de Badalona. Las negociaciones entre los grupos progresistas se han mantenido hasta el \u00faltimo minuto, pero, finalmente, Guanyem\u00a0no ha firmado el acuerdo propuesto por el PSC, por lo que ninguna fuerza ha obtenido mayor\u00eda absoluta (situada en los 14 concejales). As\u00ed, Albiol, cuya lista fue la m\u00e1s votada en las elecciones de 2019, ha conseguido la vara de mando por mayor\u00eda simple (11 concejales), estableciendo as\u00ed un gobierno en minor\u00eda. La alcald\u00eda de Albiol ya se ha anticipado cuando tanto Dolors Sabater (Guanyem Badalona) como Rub\u00e9n Guijarro han presentado candidatura. Seg\u00fan indican fuentes de Guanyem, \u00abel acuerdo no se ha firmado porque el PSC\u00a0ha retirado una cl\u00e1usula que daba poder a las asambleas\u00a0de las respectivas organizaciones para ratificarlo pasada la investidura\u00bb. Desde Guanyem se refieren al pen\u00faltimo punto del acuerdo que s\u00ed han firmado PSC, ERC, Junts per Catalunya y Badalona En Com\u00fa Podem y que dice: \u00abNinguna asamblea de ninguna organizaci\u00f3n pol\u00edtica firmante podr\u00e1 modificar a posterior el contenido de este acuerdo\u00bb. Antes de iniciar la votaci\u00f3n, Sabater ha hablado sobre establecer un gobierno que \u00abapueste por la redistribuci\u00f3n,\u00a0de mirada larga, ancha, que no deje a nadie atr\u00e1s;\u00a0un gobierno que represente la pluralidad de la ciudad para trabaja en la recuperaci\u00f3n de la misma\u00bb. Por su parte, Guijarro ha lamentado no haber llegado a un acuerdo y\u00a0ha instado a Guanyem a hacer un cambio de \u00faltima hora\u00a0y optar por \u00e9l para establecer un gobierno con todos los grupos progresistas. Albiol ha se\u00f1alado que su proyecto no va \u00abni de derechas ni de izquierdas\u00ab. \u00abMi candidatura no es tan s\u00f3lo del PP, es una candidatura de todos los vecinos m\u00e1s all\u00e1 de lo que piensen. El gobierno que encabezar\u00e9 gobernar\u00e1 para todos\u00bb, ha asegurado. Para reforzar la excepcionalidad de la situaci\u00f3n, la sesi\u00f3n de investidura, que debe contar con la presencia de todos los concejales -ya que deben depositar personalmente su voto para elegir el nuevo alcalde o alcaldesa de la ciudad-,\u00a0no se ha podido desarrollar\u00a0en la Casa de la Vila porque no permite garantizar las medidas sanitarias adecuadas. As\u00ed, el pleno de investidura se ha celebrado en el\u00a0Badalona Centre Internacional de Negocis (BCIN). Aunque\u00a0tras la dimisi\u00f3n de Pastor\u00a0los grupos municipales progresistas afirmaron que se cerrar\u00eda un acuerdo antes del pleno de investidura, los partidos han llegado al d\u00eda del examen sin tener clara la materia. Hasta\u00a0ayer a las 15:00 h, los dos principales grupos del bloque progresista \u2013Guanyem y PSC- no empezaron a acercar posturas,\u00a0enrocados hasta entonces en vetos mutuos. Durante las negociaciones, con el PP siempre expectante, el PSC se negaba a que Sabater volviera a mandar en Badalona, mientras que Guanyem reiter\u00f3 que \u201cpase lo que pase\u201d\u00a0votar\u00edan a la candidatura de Dolors Sabater.\u00a0A menos de 24 horas del pleno\u00a0de investidura, el PSC retir\u00f3 su veto a Sabater y propuso una alcald\u00eda compartida. Aunque desde Guanyem afirmaban ver con buenos ojos que los socialistas retirasen su veto,\u00a0se opusieron a la divisi\u00f3n propuesta por el PSC\u00a0al considerar que los socialistas ya hab\u00edan gobernado una parte del mandato, mientras que Guijarro se plant\u00f3 en esa propuesta: \u201cEl acuerdo es de 18 meses y 18 meses y ma\u00f1ana estar\u00e1 firmado o no ser\u00e1\u201d, destac\u00f3 Guijarro. As\u00ed, seg\u00fan fuentes de la negociaci\u00f3n, las conversaciones se han mantenido en un\u00a0punto muerto\u00a0hasta el \u00faltimo momento, lo que ha derivado en la alcald\u00eda de Albiol.\" \/>\n<meta property=\"og:url\" content=\"https:\/\/conversesacatalunya.cat\/es\/albiol-vuelve-a-ser-alcalde-de-badalona\/\" \/>\n<meta property=\"og:site_name\" content=\"Converses a Catalunya\" \/>\n<meta property=\"article:published_time\" content=\"2020-05-12T11:39:28+00:00\" \/>\n<meta property=\"article:modified_time\" content=\"2020-05-12T11:40:01+00:00\" \/>\n<meta property=\"og:image\" content=\"https:\/\/conversesacatalunya.cat\/wp-content\/uploads\/2020\/05\/albiol.jpeg\" \/>\n\t<meta property=\"og:image:width\" content=\"1200\" \/>\n\t<meta property=\"og:image:height\" content=\"634\" \/>\n\t<meta property=\"og:image:type\" content=\"image\/jpeg\" \/>\n<meta name=\"author\" content=\"conversesacatalunya\" \/>\n<meta name=\"twitter:card\" content=\"summary_large_image\" \/>\n<meta name=\"twitter:label1\" content=\"Escrito por\" \/>\n\t<meta name=\"twitter:data1\" content=\"conversesacatalunya\" \/>\n\t<meta name=\"twitter:label2\" content=\"Tiempo de lectura\" \/>\n\t<meta name=\"twitter:data2\" content=\"3 minutos\" \/>\n<script type=\"application\/ld+json\" class=\"yoast-schema-graph\">{\"@context\":\"https:\/\/schema.org\",\"@graph\":[{\"@type\":\"Article\",\"@id\":\"https:\/\/conversesacatalunya.cat\/es\/albiol-vuelve-a-ser-alcalde-de-badalona\/#article\",\"isPartOf\":{\"@id\":\"https:\/\/conversesacatalunya.cat\/es\/albiol-vuelve-a-ser-alcalde-de-badalona\/\"},\"author\":{\"name\":\"conversesacatalunya\",\"@id\":\"https:\/\/conversesacatalunya.cat\/#\/schema\/person\/7e24d1e54a2785373ddcb275eae5ed99\"},\"headline\":\"Albiol vuelve a ser alcalde de Badalona\",\"datePublished\":\"2020-05-12T11:39:28+00:00\",\"dateModified\":\"2020-05-12T11:40:01+00:00\",\"mainEntityOfPage\":{\"@id\":\"https:\/\/conversesacatalunya.cat\/es\/albiol-vuelve-a-ser-alcalde-de-badalona\/\"},\"wordCount\":673,\"commentCount\":0,\"image\":{\"@id\":\"https:\/\/conversesacatalunya.cat\/es\/albiol-vuelve-a-ser-alcalde-de-badalona\/#primaryimage\"},\"thumbnailUrl\":\"https:\/\/conversesacatalunya.cat\/wp-content\/uploads\/2020\/05\/albiol.jpeg\",\"keywords\":[\"Badalona\",\"Xavier Garc\u00eda Albiol\"],\"articleSection\":[\"Punts clau del dia (ES)\"],\"inLanguage\":\"es\",\"potentialAction\":[{\"@type\":\"CommentAction\",\"name\":\"Comment\",\"target\":[\"https:\/\/conversesacatalunya.cat\/es\/albiol-vuelve-a-ser-alcalde-de-badalona\/#respond\"]}]},{\"@type\":\"WebPage\",\"@id\":\"https:\/\/conversesacatalunya.cat\/es\/albiol-vuelve-a-ser-alcalde-de-badalona\/\",\"url\":\"https:\/\/conversesacatalunya.cat\/es\/albiol-vuelve-a-ser-alcalde-de-badalona\/\",\"name\":\"Albiol vuelve a ser alcalde de Badalona - Converses a Catalunya\",\"isPartOf\":{\"@id\":\"https:\/\/conversesacatalunya.cat\/#website\"},\"primaryImageOfPage\":{\"@id\":\"https:\/\/conversesacatalunya.cat\/es\/albiol-vuelve-a-ser-alcalde-de-badalona\/#primaryimage\"},\"image\":{\"@id\":\"https:\/\/conversesacatalunya.cat\/es\/albiol-vuelve-a-ser-alcalde-de-badalona\/#primaryimage\"},\"thumbnailUrl\":\"https:\/\/conversesacatalunya.cat\/wp-content\/uploads\/2020\/05\/albiol.jpeg\",\"datePublished\":\"2020-05-12T11:39:28+00:00\",\"dateModified\":\"2020-05-12T11:40:01+00:00\",\"author\":{\"@id\":\"https:\/\/conversesacatalunya.cat\/#\/schema\/person\/7e24d1e54a2785373ddcb275eae5ed99\"},\"breadcrumb\":{\"@id\":\"https:\/\/conversesacatalunya.cat\/es\/albiol-vuelve-a-ser-alcalde-de-badalona\/#breadcrumb\"},\"inLanguage\":\"es\",\"potentialAction\":[{\"@type\":\"ReadAction\",\"target\":[\"https:\/\/conversesacatalunya.cat\/es\/albiol-vuelve-a-ser-alcalde-de-badalona\/\"]}]},{\"@type\":\"ImageObject\",\"inLanguage\":\"es\",\"@id\":\"https:\/\/conversesacatalunya.cat\/es\/albiol-vuelve-a-ser-alcalde-de-badalona\/#primaryimage\",\"url\":\"https:\/\/conversesacatalunya.cat\/wp-content\/uploads\/2020\/05\/albiol.jpeg\",\"contentUrl\":\"https:\/\/conversesacatalunya.cat\/wp-content\/uploads\/2020\/05\/albiol.jpeg\",\"width\":1200,\"height\":634,\"caption\":\"Albiol\"},{\"@type\":\"BreadcrumbList\",\"@id\":\"https:\/\/conversesacatalunya.cat\/es\/albiol-vuelve-a-ser-alcalde-de-badalona\/#breadcrumb\",\"itemListElement\":[{\"@type\":\"ListItem\",\"position\":1,\"name\":\"Inici\",\"item\":\"https:\/\/conversesacatalunya.cat\/es\/\"},{\"@type\":\"ListItem\",\"position\":2,\"name\":\"Albiol vuelve a ser alcalde de Badalona\"}]},{\"@type\":\"WebSite\",\"@id\":\"https:\/\/conversesacatalunya.cat\/#website\",\"url\":\"https:\/\/conversesacatalunya.cat\/\",\"name\":\"Converses a Catalunya\",\"description\":\"\",\"potentialAction\":[{\"@type\":\"SearchAction\",\"target\":{\"@type\":\"EntryPoint\",\"urlTemplate\":\"https:\/\/conversesacatalunya.cat\/?s={search_term_string}\"},\"query-input\":{\"@type\":\"PropertyValueSpecification\",\"valueRequired\":true,\"valueName\":\"search_term_string\"}}],\"inLanguage\":\"es\"},{\"@type\":\"Person\",\"@id\":\"https:\/\/conversesacatalunya.cat\/#\/schema\/person\/7e24d1e54a2785373ddcb275eae5ed99\",\"name\":\"conversesacatalunya\",\"image\":{\"@type\":\"ImageObject\",\"inLanguage\":\"es\",\"@id\":\"https:\/\/conversesacatalunya.cat\/#\/schema\/person\/image\/\",\"url\":\"https:\/\/conversesacatalunya.cat\/wp-content\/litespeed\/avatar\/febdfeeec89d950f01c748045a981dd2.jpg?ver=1777314535\",\"contentUrl\":\"https:\/\/conversesacatalunya.cat\/wp-content\/litespeed\/avatar\/febdfeeec89d950f01c748045a981dd2.jpg?ver=1777314535\",\"caption\":\"conversesacatalunya\"},\"url\":\"https:\/\/conversesacatalunya.cat\/es\/author\/carme_catala\/\"}]}<\/script>\n<!-- \/ Yoast SEO plugin. -->","yoast_head_json":{"title":"Albiol vuelve a ser alcalde de Badalona - Converses a Catalunya","robots":{"index":"noindex","follow":"nofollow"},"og_locale":"es_ES","og_type":"article","og_title":"Albiol vuelve a ser alcalde de Badalona - Converses a Catalunya","og_description":"Badalona ha vivido\u00a0un nuevo pleno de investidura de infarto\u00a0en el que\u00a0hasta el \u00faltimo momento no se ha sabido qui\u00e9n iba a recoger la vara de mando. No obstante, el resultado ha sido distinto al escenario de 2019, en el que el socialista \u00c1lex Pastor se erigi\u00f3 alcalde con los votos de Guanyem, esta vez no ha habido acuerdo y\u00a0Xavier Garcia Albiol\u00a0(PP) ha recuperado la alcald\u00eda de Badalona. Las negociaciones entre los grupos progresistas se han mantenido hasta el \u00faltimo minuto, pero, finalmente, Guanyem\u00a0no ha firmado el acuerdo propuesto por el PSC, por lo que ninguna fuerza ha obtenido mayor\u00eda absoluta (situada en los 14 concejales). As\u00ed, Albiol, cuya lista fue la m\u00e1s votada en las elecciones de 2019, ha conseguido la vara de mando por mayor\u00eda simple (11 concejales), estableciendo as\u00ed un gobierno en minor\u00eda. La alcald\u00eda de Albiol ya se ha anticipado cuando tanto Dolors Sabater (Guanyem Badalona) como Rub\u00e9n Guijarro han presentado candidatura. Seg\u00fan indican fuentes de Guanyem, \u00abel acuerdo no se ha firmado porque el PSC\u00a0ha retirado una cl\u00e1usula que daba poder a las asambleas\u00a0de las respectivas organizaciones para ratificarlo pasada la investidura\u00bb. Desde Guanyem se refieren al pen\u00faltimo punto del acuerdo que s\u00ed han firmado PSC, ERC, Junts per Catalunya y Badalona En Com\u00fa Podem y que dice: \u00abNinguna asamblea de ninguna organizaci\u00f3n pol\u00edtica firmante podr\u00e1 modificar a posterior el contenido de este acuerdo\u00bb. Antes de iniciar la votaci\u00f3n, Sabater ha hablado sobre establecer un gobierno que \u00abapueste por la redistribuci\u00f3n,\u00a0de mirada larga, ancha, que no deje a nadie atr\u00e1s;\u00a0un gobierno que represente la pluralidad de la ciudad para trabaja en la recuperaci\u00f3n de la misma\u00bb. Por su parte, Guijarro ha lamentado no haber llegado a un acuerdo y\u00a0ha instado a Guanyem a hacer un cambio de \u00faltima hora\u00a0y optar por \u00e9l para establecer un gobierno con todos los grupos progresistas. Albiol ha se\u00f1alado que su proyecto no va \u00abni de derechas ni de izquierdas\u00ab. \u00abMi candidatura no es tan s\u00f3lo del PP, es una candidatura de todos los vecinos m\u00e1s all\u00e1 de lo que piensen. El gobierno que encabezar\u00e9 gobernar\u00e1 para todos\u00bb, ha asegurado. Para reforzar la excepcionalidad de la situaci\u00f3n, la sesi\u00f3n de investidura, que debe contar con la presencia de todos los concejales -ya que deben depositar personalmente su voto para elegir el nuevo alcalde o alcaldesa de la ciudad-,\u00a0no se ha podido desarrollar\u00a0en la Casa de la Vila porque no permite garantizar las medidas sanitarias adecuadas. As\u00ed, el pleno de investidura se ha celebrado en el\u00a0Badalona Centre Internacional de Negocis (BCIN). Aunque\u00a0tras la dimisi\u00f3n de Pastor\u00a0los grupos municipales progresistas afirmaron que se cerrar\u00eda un acuerdo antes del pleno de investidura, los partidos han llegado al d\u00eda del examen sin tener clara la materia. Hasta\u00a0ayer a las 15:00 h, los dos principales grupos del bloque progresista \u2013Guanyem y PSC- no empezaron a acercar posturas,\u00a0enrocados hasta entonces en vetos mutuos. Durante las negociaciones, con el PP siempre expectante, el PSC se negaba a que Sabater volviera a mandar en Badalona, mientras que Guanyem reiter\u00f3 que \u201cpase lo que pase\u201d\u00a0votar\u00edan a la candidatura de Dolors Sabater.\u00a0A menos de 24 horas del pleno\u00a0de investidura, el PSC retir\u00f3 su veto a Sabater y propuso una alcald\u00eda compartida. Aunque desde Guanyem afirmaban ver con buenos ojos que los socialistas retirasen su veto,\u00a0se opusieron a la divisi\u00f3n propuesta por el PSC\u00a0al considerar que los socialistas ya hab\u00edan gobernado una parte del mandato, mientras que Guijarro se plant\u00f3 en esa propuesta: \u201cEl acuerdo es de 18 meses y 18 meses y ma\u00f1ana estar\u00e1 firmado o no ser\u00e1\u201d, destac\u00f3 Guijarro. As\u00ed, seg\u00fan fuentes de la negociaci\u00f3n, las conversaciones se han mantenido en un\u00a0punto muerto\u00a0hasta el \u00faltimo momento, lo que ha derivado en la alcald\u00eda de Albiol.","og_url":"https:\/\/conversesacatalunya.cat\/es\/albiol-vuelve-a-ser-alcalde-de-badalona\/","og_site_name":"Converses a Catalunya","article_published_time":"2020-05-12T11:39:28+00:00","article_modified_time":"2020-05-12T11:40:01+00:00","og_image":[{"width":1200,"height":634,"url":"https:\/\/conversesacatalunya.cat\/wp-content\/uploads\/2020\/05\/albiol.jpeg","type":"image\/jpeg"}],"author":"conversesacatalunya","twitter_card":"summary_large_image","twitter_misc":{"Escrito por":"conversesacatalunya","Tiempo de lectura":"3 minutos"},"schema":{"@context":"https:\/\/schema.org","@graph":[{"@type":"Article","@id":"https:\/\/conversesacatalunya.cat\/es\/albiol-vuelve-a-ser-alcalde-de-badalona\/#article","isPartOf":{"@id":"https:\/\/conversesacatalunya.cat\/es\/albiol-vuelve-a-ser-alcalde-de-badalona\/"},"author":{"name":"conversesacatalunya","@id":"https:\/\/conversesacatalunya.cat\/#\/schema\/person\/7e24d1e54a2785373ddcb275eae5ed99"},"headline":"Albiol vuelve a ser alcalde de Badalona","datePublished":"2020-05-12T11:39:28+00:00","dateModified":"2020-05-12T11:40:01+00:00","mainEntityOfPage":{"@id":"https:\/\/conversesacatalunya.cat\/es\/albiol-vuelve-a-ser-alcalde-de-badalona\/"},"wordCount":673,"commentCount":0,"image":{"@id":"https:\/\/conversesacatalunya.cat\/es\/albiol-vuelve-a-ser-alcalde-de-badalona\/#primaryimage"},"thumbnailUrl":"https:\/\/conversesacatalunya.cat\/wp-content\/uploads\/2020\/05\/albiol.jpeg","keywords":["Badalona","Xavier Garc\u00eda Albiol"],"articleSection":["Punts clau del dia (ES)"],"inLanguage":"es","potentialAction":[{"@type":"CommentAction","name":"Comment","target":["https:\/\/conversesacatalunya.cat\/es\/albiol-vuelve-a-ser-alcalde-de-badalona\/#respond"]}]},{"@type":"WebPage","@id":"https:\/\/conversesacatalunya.cat\/es\/albiol-vuelve-a-ser-alcalde-de-badalona\/","url":"https:\/\/conversesacatalunya.cat\/es\/albiol-vuelve-a-ser-alcalde-de-badalona\/","name":"Albiol vuelve a ser alcalde de Badalona - Converses a Catalunya","isPartOf":{"@id":"https:\/\/conversesacatalunya.cat\/#website"},"primaryImageOfPage":{"@id":"https:\/\/conversesacatalunya.cat\/es\/albiol-vuelve-a-ser-alcalde-de-badalona\/#primaryimage"},"image":{"@id":"https:\/\/conversesacatalunya.cat\/es\/albiol-vuelve-a-ser-alcalde-de-badalona\/#primaryimage"},"thumbnailUrl":"https:\/\/conversesacatalunya.cat\/wp-content\/uploads\/2020\/05\/albiol.jpeg","datePublished":"2020-05-12T11:39:28+00:00","dateModified":"2020-05-12T11:40:01+00:00","author":{"@id":"https:\/\/conversesacatalunya.cat\/#\/schema\/person\/7e24d1e54a2785373ddcb275eae5ed99"},"breadcrumb":{"@id":"https:\/\/conversesacatalunya.cat\/es\/albiol-vuelve-a-ser-alcalde-de-badalona\/#breadcrumb"},"inLanguage":"es","potentialAction":[{"@type":"ReadAction","target":["https:\/\/conversesacatalunya.cat\/es\/albiol-vuelve-a-ser-alcalde-de-badalona\/"]}]},{"@type":"ImageObject","inLanguage":"es","@id":"https:\/\/conversesacatalunya.cat\/es\/albiol-vuelve-a-ser-alcalde-de-badalona\/#primaryimage","url":"https:\/\/conversesacatalunya.cat\/wp-content\/uploads\/2020\/05\/albiol.jpeg","contentUrl":"https:\/\/conversesacatalunya.cat\/wp-content\/uploads\/2020\/05\/albiol.jpeg","width":1200,"height":634,"caption":"Albiol"},{"@type":"BreadcrumbList","@id":"https:\/\/conversesacatalunya.cat\/es\/albiol-vuelve-a-ser-alcalde-de-badalona\/#breadcrumb","itemListElement":[{"@type":"ListItem","position":1,"name":"Inici","item":"https:\/\/conversesacatalunya.cat\/es\/"},{"@type":"ListItem","position":2,"name":"Albiol vuelve a ser alcalde de Badalona"}]},{"@type":"WebSite","@id":"https:\/\/conversesacatalunya.cat\/#website","url":"https:\/\/conversesacatalunya.cat\/","name":"Converses a Catalunya","description":"","potentialAction":[{"@type":"SearchAction","target":{"@type":"EntryPoint","urlTemplate":"https:\/\/conversesacatalunya.cat\/?s={search_term_string}"},"query-input":{"@type":"PropertyValueSpecification","valueRequired":true,"valueName":"search_term_string"}}],"inLanguage":"es"},{"@type":"Person","@id":"https:\/\/conversesacatalunya.cat\/#\/schema\/person\/7e24d1e54a2785373ddcb275eae5ed99","name":"conversesacatalunya","image":{"@type":"ImageObject","inLanguage":"es","@id":"https:\/\/conversesacatalunya.cat\/#\/schema\/person\/image\/","url":"https:\/\/conversesacatalunya.cat\/wp-content\/litespeed\/avatar\/febdfeeec89d950f01c748045a981dd2.jpg?ver=1777314535","contentUrl":"https:\/\/conversesacatalunya.cat\/wp-content\/litespeed\/avatar\/febdfeeec89d950f01c748045a981dd2.jpg?ver=1777314535","caption":"conversesacatalunya"},"url":"https:\/\/conversesacatalunya.cat\/es\/author\/carme_catala\/"}]}},"wps_subtitle":"","_links":{"self":[{"href":"https:\/\/conversesacatalunya.cat\/es\/wp-json\/wp\/v2\/posts\/35998","targetHints":{"allow":["GET"]}}],"collection":[{"href":"https:\/\/conversesacatalunya.cat\/es\/wp-json\/wp\/v2\/posts"}],"about":[{"href":"https:\/\/conversesacatalunya.cat\/es\/wp-json\/wp\/v2\/types\/post"}],"author":[{"embeddable":true,"href":"https:\/\/conversesacatalunya.cat\/es\/wp-json\/wp\/v2\/users\/2"}],"replies":[{"embeddable":true,"href":"https:\/\/conversesacatalunya.cat\/es\/wp-json\/wp\/v2\/comments?post=35998"}],"version-history":[{"count":2,"href":"https:\/\/conversesacatalunya.cat\/es\/wp-json\/wp\/v2\/posts\/35998\/revisions"}],"predecessor-version":[{"id":36002,"href":"https:\/\/conversesacatalunya.cat\/es\/wp-json\/wp\/v2\/posts\/35998\/revisions\/36002"}],"wp:featuredmedia":[{"embeddable":true,"href":"https:\/\/conversesacatalunya.cat\/es\/wp-json\/wp\/v2\/media\/35999"}],"wp:attachment":[{"href":"https:\/\/conversesacatalunya.cat\/es\/wp-json\/wp\/v2\/media?parent=35998"}],"wp:term":[{"taxonomy":"category","embeddable":true,"href":"https:\/\/conversesacatalunya.cat\/es\/wp-json\/wp\/v2\/categories?post=35998"},{"taxonomy":"post_tag","embeddable":true,"href":"https:\/\/conversesacatalunya.cat\/es\/wp-json\/wp\/v2\/tags?post=35998"}],"curies":[{"name":"wp","href":"https:\/\/api.w.org\/{rel}","templated":true}]}}