{"id":35948,"date":"2020-05-12T09:38:00","date_gmt":"2020-05-12T07:38:00","guid":{"rendered":"https:\/\/conversesacatalunya.cat\/un-problema-de-responsabilitat-domingo-martinez\/"},"modified":"2020-05-12T09:48:54","modified_gmt":"2020-05-12T07:48:54","slug":"un-problema-de-responsabilidad-domingo-martinez","status":"publish","type":"post","link":"https:\/\/conversesacatalunya.cat\/es\/un-problema-de-responsabilidad-domingo-martinez\/","title":{"rendered":"Un problema de responsabilidad (Domingo Mart\u00ednez)"},"content":{"rendered":"<p><span class=\"\">A lo largo de estos dos meses de confinamiento en casa, excepto para aquellos considerados profesionales de actividades esenciales, se ha demostrado que\u00a0<\/span><strong><span class=\"\">la gente se ha comportado c\u00edvicamente<\/span><\/strong><span class=\"\">\u00a0y con ganas de colaborar para evitar males mayores.<\/span><\/p>\n<p>Pero se ha echado de menos <strong>un verdadero gabinete de crisis<\/strong>\u00a0-con profesionales de primera l\u00ednea- desde el primer momento.\u00a0Gabinete de crisis diferente del gobierno, que no tiene que saber de todo, especialmente de la enorme y compleja cuesti\u00f3n que se nos ven\u00eda encima.<\/p>\n<p><span class=\"goog-text-highlight\">El gobierno y sus ministros no saben nada de pandemias y de sus consecuencias, y no tomarlas en serio o tomar decisiones equivocadas ha llevado a resultados grav\u00edsimos.\u00a0<\/span>El gobierno y sus ministros podr\u00edan haber tenido\u00a0<strong>un papel moderador<\/strong>\u00a0considerando los datos que les llegaban de Europa y de otros pa\u00edses, y por tanto haber colaborado con este gabinete de crisis que nunca se form\u00f3.\u00a0Todo esto me result\u00f3 extra\u00f1o.<\/p>\n<p><strong>Este supuesto gabinete aun podr\u00eda formarse<\/strong> . Deber\u00eda estar formado por especialistas en medicina preventiva, microbi\u00f3logos y vir\u00f3logos, grandes profesionales de la log\u00edstica y movimiento de mercanc\u00edas, empresas farmac\u00e9uticas, y las correspondientes federaciones de alimentaci\u00f3n y bebidas, economistas de gran trayectoria, etc., independientemente de su filiaci\u00f3n pol\u00edtica. <strong>Todos ellos saben comprar y vender, saben mover productos y no se les enga\u00f1a f\u00e1cilmente,<\/strong> lo que ha pasado con el gobierno y sus asesores a lo largo de estos meses. Ellos se habr\u00edan enfrentado a esta pandemia de una manera muy diferente y habr\u00edan hecho caso, quiz\u00e1s m\u00e1s pronto, a las recomendaciones de la sanidad europea y de la OMS. Si no se ha formado, ha sido -probablemente- porque al gobierno actual no le interesaba por otros motivos.<\/p>\n","protected":false},"excerpt":{"rendered":"<p>A lo largo de estos dos meses de confinamiento en casa, excepto para aquellos considerados profesionales de actividades esenciales, se ha demostrado que\u00a0la gente se ha comportado c\u00edvicamente\u00a0y con ganas de colaborar para evitar males mayores. Pero se ha echado de menos un verdadero gabinete de crisis\u00a0-con profesionales de primera l\u00ednea- desde el primer momento.\u00a0Gabinete de crisis diferente del gobierno, que no tiene que saber de todo, especialmente de la enorme y compleja cuesti\u00f3n que se nos ven\u00eda encima. El gobierno y sus ministros no saben nada de pandemias y de sus consecuencias, y no tomarlas en serio o tomar decisiones equivocadas ha llevado a resultados grav\u00edsimos.\u00a0El gobierno y sus ministros podr\u00edan haber tenido\u00a0un papel moderador\u00a0considerando los datos que les llegaban de Europa y de otros pa\u00edses, y por tanto haber colaborado con este gabinete de crisis que nunca se form\u00f3.\u00a0Todo esto me result\u00f3 extra\u00f1o. Este supuesto gabinete aun podr\u00eda formarse . Deber\u00eda estar formado por especialistas en medicina preventiva, microbi\u00f3logos y vir\u00f3logos, grandes profesionales de la log\u00edstica y movimiento de mercanc\u00edas, empresas farmac\u00e9uticas, y las correspondientes federaciones de alimentaci\u00f3n y bebidas, economistas de gran trayectoria, etc., independientemente de su filiaci\u00f3n pol\u00edtica. Todos ellos saben comprar y vender, saben mover productos y no se les enga\u00f1a f\u00e1cilmente, lo que ha pasado con el gobierno y sus asesores a lo largo de estos meses. Ellos se habr\u00edan enfrentado a esta pandemia de una manera muy diferente y habr\u00edan hecho caso, quiz\u00e1s m\u00e1s pronto, a las recomendaciones de la sanidad europea y de la OMS. Si no se ha formado, ha sido -probablemente- porque al gobierno actual no le interesaba por otros motivos.<\/p>\n","protected":false},"author":3,"featured_media":35944,"comment_status":"open","ping_status":"open","sticky":false,"template":"","format":"standard","meta":{"_FSMCFIC_featured_image_caption":"","_FSMCFIC_featured_image_nocaption":"","_FSMCFIC_featured_image_hide":"","footnotes":""},"categories":[802],"tags":[],"class_list":["post-35948","post","type-post","status-publish","format-standard","has-post-thumbnail","hentry","category-els-lectors-participen-es"],"yoast_head":"<!-- This site is optimized with the Yoast SEO plugin v26.8 - https:\/\/yoast.com\/product\/yoast-seo-wordpress\/ -->\n<title>Un problema de responsabilidad (Domingo Mart\u00ednez) - Converses a Catalunya<\/title>\n<meta name=\"robots\" content=\"noindex, nofollow\" \/>\n<meta property=\"og:locale\" content=\"es_ES\" \/>\n<meta property=\"og:type\" content=\"article\" \/>\n<meta property=\"og:title\" content=\"Un problema de responsabilidad (Domingo Mart\u00ednez) - Converses a Catalunya\" \/>\n<meta property=\"og:description\" content=\"A lo largo de estos dos meses de confinamiento en casa, excepto para aquellos considerados profesionales de actividades esenciales, se ha demostrado que\u00a0la gente se ha comportado c\u00edvicamente\u00a0y con ganas de colaborar para evitar males mayores. Pero se ha echado de menos un verdadero gabinete de crisis\u00a0-con profesionales de primera l\u00ednea- desde el primer momento.\u00a0Gabinete de crisis diferente del gobierno, que no tiene que saber de todo, especialmente de la enorme y compleja cuesti\u00f3n que se nos ven\u00eda encima. El gobierno y sus ministros no saben nada de pandemias y de sus consecuencias, y no tomarlas en serio o tomar decisiones equivocadas ha llevado a resultados grav\u00edsimos.\u00a0El gobierno y sus ministros podr\u00edan haber tenido\u00a0un papel moderador\u00a0considerando los datos que les llegaban de Europa y de otros pa\u00edses, y por tanto haber colaborado con este gabinete de crisis que nunca se form\u00f3.\u00a0Todo esto me result\u00f3 extra\u00f1o. Este supuesto gabinete aun podr\u00eda formarse . Deber\u00eda estar formado por especialistas en medicina preventiva, microbi\u00f3logos y vir\u00f3logos, grandes profesionales de la log\u00edstica y movimiento de mercanc\u00edas, empresas farmac\u00e9uticas, y las correspondientes federaciones de alimentaci\u00f3n y bebidas, economistas de gran trayectoria, etc., independientemente de su filiaci\u00f3n pol\u00edtica. Todos ellos saben comprar y vender, saben mover productos y no se les enga\u00f1a f\u00e1cilmente, lo que ha pasado con el gobierno y sus asesores a lo largo de estos meses. Ellos se habr\u00edan enfrentado a esta pandemia de una manera muy diferente y habr\u00edan hecho caso, quiz\u00e1s m\u00e1s pronto, a las recomendaciones de la sanidad europea y de la OMS. Si no se ha formado, ha sido -probablemente- porque al gobierno actual no le interesaba por otros motivos.\" \/>\n<meta property=\"og:url\" content=\"https:\/\/conversesacatalunya.cat\/es\/un-problema-de-responsabilidad-domingo-martinez\/\" \/>\n<meta property=\"og:site_name\" content=\"Converses a Catalunya\" \/>\n<meta property=\"article:published_time\" content=\"2020-05-12T07:38:00+00:00\" \/>\n<meta property=\"article:modified_time\" content=\"2020-05-12T07:48:54+00:00\" \/>\n<meta property=\"og:image\" content=\"https:\/\/conversesacatalunya.cat\/wp-content\/uploads\/2020\/05\/Gent-confinada.jpg\" \/>\n\t<meta property=\"og:image:width\" content=\"980\" \/>\n\t<meta property=\"og:image:height\" content=\"528\" \/>\n\t<meta property=\"og:image:type\" content=\"image\/jpeg\" \/>\n<meta name=\"author\" content=\"conversesacatalunya\" \/>\n<meta name=\"twitter:card\" content=\"summary_large_image\" \/>\n<meta name=\"twitter:label1\" content=\"Escrito por\" \/>\n\t<meta name=\"twitter:data1\" content=\"conversesacatalunya\" \/>\n\t<meta name=\"twitter:label2\" content=\"Tiempo de lectura\" \/>\n\t<meta name=\"twitter:data2\" content=\"2 minutos\" \/>\n<script type=\"application\/ld+json\" class=\"yoast-schema-graph\">{\"@context\":\"https:\/\/schema.org\",\"@graph\":[{\"@type\":\"Article\",\"@id\":\"https:\/\/conversesacatalunya.cat\/es\/un-problema-de-responsabilidad-domingo-martinez\/#article\",\"isPartOf\":{\"@id\":\"https:\/\/conversesacatalunya.cat\/es\/un-problema-de-responsabilidad-domingo-martinez\/\"},\"author\":{\"name\":\"conversesacatalunya\",\"@id\":\"https:\/\/conversesacatalunya.cat\/#\/schema\/person\/982274792508d804a0821b413c9ac076\"},\"headline\":\"Un problema de responsabilidad (Domingo Mart\u00ednez)\",\"datePublished\":\"2020-05-12T07:38:00+00:00\",\"dateModified\":\"2020-05-12T07:48:54+00:00\",\"mainEntityOfPage\":{\"@id\":\"https:\/\/conversesacatalunya.cat\/es\/un-problema-de-responsabilidad-domingo-martinez\/\"},\"wordCount\":309,\"commentCount\":0,\"image\":{\"@id\":\"https:\/\/conversesacatalunya.cat\/es\/un-problema-de-responsabilidad-domingo-martinez\/#primaryimage\"},\"thumbnailUrl\":\"https:\/\/conversesacatalunya.cat\/wp-content\/uploads\/2020\/05\/Gent-confinada.jpg\",\"articleSection\":[\"Els lectors participen (ES)\"],\"inLanguage\":\"es\",\"potentialAction\":[{\"@type\":\"CommentAction\",\"name\":\"Comment\",\"target\":[\"https:\/\/conversesacatalunya.cat\/es\/un-problema-de-responsabilidad-domingo-martinez\/#respond\"]}]},{\"@type\":\"WebPage\",\"@id\":\"https:\/\/conversesacatalunya.cat\/es\/un-problema-de-responsabilidad-domingo-martinez\/\",\"url\":\"https:\/\/conversesacatalunya.cat\/es\/un-problema-de-responsabilidad-domingo-martinez\/\",\"name\":\"Un problema de responsabilidad (Domingo Mart\u00ednez) - Converses a Catalunya\",\"isPartOf\":{\"@id\":\"https:\/\/conversesacatalunya.cat\/#website\"},\"primaryImageOfPage\":{\"@id\":\"https:\/\/conversesacatalunya.cat\/es\/un-problema-de-responsabilidad-domingo-martinez\/#primaryimage\"},\"image\":{\"@id\":\"https:\/\/conversesacatalunya.cat\/es\/un-problema-de-responsabilidad-domingo-martinez\/#primaryimage\"},\"thumbnailUrl\":\"https:\/\/conversesacatalunya.cat\/wp-content\/uploads\/2020\/05\/Gent-confinada.jpg\",\"datePublished\":\"2020-05-12T07:38:00+00:00\",\"dateModified\":\"2020-05-12T07:48:54+00:00\",\"author\":{\"@id\":\"https:\/\/conversesacatalunya.cat\/#\/schema\/person\/982274792508d804a0821b413c9ac076\"},\"breadcrumb\":{\"@id\":\"https:\/\/conversesacatalunya.cat\/es\/un-problema-de-responsabilidad-domingo-martinez\/#breadcrumb\"},\"inLanguage\":\"es\",\"potentialAction\":[{\"@type\":\"ReadAction\",\"target\":[\"https:\/\/conversesacatalunya.cat\/es\/un-problema-de-responsabilidad-domingo-martinez\/\"]}]},{\"@type\":\"ImageObject\",\"inLanguage\":\"es\",\"@id\":\"https:\/\/conversesacatalunya.cat\/es\/un-problema-de-responsabilidad-domingo-martinez\/#primaryimage\",\"url\":\"https:\/\/conversesacatalunya.cat\/wp-content\/uploads\/2020\/05\/Gent-confinada.jpg\",\"contentUrl\":\"https:\/\/conversesacatalunya.cat\/wp-content\/uploads\/2020\/05\/Gent-confinada.jpg\",\"width\":980,\"height\":528},{\"@type\":\"BreadcrumbList\",\"@id\":\"https:\/\/conversesacatalunya.cat\/es\/un-problema-de-responsabilidad-domingo-martinez\/#breadcrumb\",\"itemListElement\":[{\"@type\":\"ListItem\",\"position\":1,\"name\":\"Inici\",\"item\":\"https:\/\/conversesacatalunya.cat\/es\/\"},{\"@type\":\"ListItem\",\"position\":2,\"name\":\"Un problema de responsabilidad (Domingo Mart\u00ednez)\"}]},{\"@type\":\"WebSite\",\"@id\":\"https:\/\/conversesacatalunya.cat\/#website\",\"url\":\"https:\/\/conversesacatalunya.cat\/\",\"name\":\"Converses a Catalunya\",\"description\":\"\",\"potentialAction\":[{\"@type\":\"SearchAction\",\"target\":{\"@type\":\"EntryPoint\",\"urlTemplate\":\"https:\/\/conversesacatalunya.cat\/?s={search_term_string}\"},\"query-input\":{\"@type\":\"PropertyValueSpecification\",\"valueRequired\":true,\"valueName\":\"search_term_string\"}}],\"inLanguage\":\"es\"},{\"@type\":\"Person\",\"@id\":\"https:\/\/conversesacatalunya.cat\/#\/schema\/person\/982274792508d804a0821b413c9ac076\",\"name\":\"conversesacatalunya\",\"image\":{\"@type\":\"ImageObject\",\"inLanguage\":\"es\",\"@id\":\"https:\/\/conversesacatalunya.cat\/#\/schema\/person\/image\/\",\"url\":\"https:\/\/conversesacatalunya.cat\/wp-content\/litespeed\/avatar\/f04b47eeffd9637c7cf7869e217fb9ec.jpg?ver=1777370077\",\"contentUrl\":\"https:\/\/conversesacatalunya.cat\/wp-content\/litespeed\/avatar\/f04b47eeffd9637c7cf7869e217fb9ec.jpg?ver=1777370077\",\"caption\":\"conversesacatalunya\"},\"url\":\"https:\/\/conversesacatalunya.cat\/es\/author\/muntsa_escola\/\"}]}<\/script>\n<!-- \/ Yoast SEO plugin. -->","yoast_head_json":{"title":"Un problema de responsabilidad (Domingo Mart\u00ednez) - Converses a Catalunya","robots":{"index":"noindex","follow":"nofollow"},"og_locale":"es_ES","og_type":"article","og_title":"Un problema de responsabilidad (Domingo Mart\u00ednez) - Converses a Catalunya","og_description":"A lo largo de estos dos meses de confinamiento en casa, excepto para aquellos considerados profesionales de actividades esenciales, se ha demostrado que\u00a0la gente se ha comportado c\u00edvicamente\u00a0y con ganas de colaborar para evitar males mayores. Pero se ha echado de menos un verdadero gabinete de crisis\u00a0-con profesionales de primera l\u00ednea- desde el primer momento.\u00a0Gabinete de crisis diferente del gobierno, que no tiene que saber de todo, especialmente de la enorme y compleja cuesti\u00f3n que se nos ven\u00eda encima. El gobierno y sus ministros no saben nada de pandemias y de sus consecuencias, y no tomarlas en serio o tomar decisiones equivocadas ha llevado a resultados grav\u00edsimos.\u00a0El gobierno y sus ministros podr\u00edan haber tenido\u00a0un papel moderador\u00a0considerando los datos que les llegaban de Europa y de otros pa\u00edses, y por tanto haber colaborado con este gabinete de crisis que nunca se form\u00f3.\u00a0Todo esto me result\u00f3 extra\u00f1o. Este supuesto gabinete aun podr\u00eda formarse . Deber\u00eda estar formado por especialistas en medicina preventiva, microbi\u00f3logos y vir\u00f3logos, grandes profesionales de la log\u00edstica y movimiento de mercanc\u00edas, empresas farmac\u00e9uticas, y las correspondientes federaciones de alimentaci\u00f3n y bebidas, economistas de gran trayectoria, etc., independientemente de su filiaci\u00f3n pol\u00edtica. Todos ellos saben comprar y vender, saben mover productos y no se les enga\u00f1a f\u00e1cilmente, lo que ha pasado con el gobierno y sus asesores a lo largo de estos meses. Ellos se habr\u00edan enfrentado a esta pandemia de una manera muy diferente y habr\u00edan hecho caso, quiz\u00e1s m\u00e1s pronto, a las recomendaciones de la sanidad europea y de la OMS. Si no se ha formado, ha sido -probablemente- porque al gobierno actual no le interesaba por otros motivos.","og_url":"https:\/\/conversesacatalunya.cat\/es\/un-problema-de-responsabilidad-domingo-martinez\/","og_site_name":"Converses a Catalunya","article_published_time":"2020-05-12T07:38:00+00:00","article_modified_time":"2020-05-12T07:48:54+00:00","og_image":[{"width":980,"height":528,"url":"https:\/\/conversesacatalunya.cat\/wp-content\/uploads\/2020\/05\/Gent-confinada.jpg","type":"image\/jpeg"}],"author":"conversesacatalunya","twitter_card":"summary_large_image","twitter_misc":{"Escrito por":"conversesacatalunya","Tiempo de lectura":"2 minutos"},"schema":{"@context":"https:\/\/schema.org","@graph":[{"@type":"Article","@id":"https:\/\/conversesacatalunya.cat\/es\/un-problema-de-responsabilidad-domingo-martinez\/#article","isPartOf":{"@id":"https:\/\/conversesacatalunya.cat\/es\/un-problema-de-responsabilidad-domingo-martinez\/"},"author":{"name":"conversesacatalunya","@id":"https:\/\/conversesacatalunya.cat\/#\/schema\/person\/982274792508d804a0821b413c9ac076"},"headline":"Un problema de responsabilidad (Domingo Mart\u00ednez)","datePublished":"2020-05-12T07:38:00+00:00","dateModified":"2020-05-12T07:48:54+00:00","mainEntityOfPage":{"@id":"https:\/\/conversesacatalunya.cat\/es\/un-problema-de-responsabilidad-domingo-martinez\/"},"wordCount":309,"commentCount":0,"image":{"@id":"https:\/\/conversesacatalunya.cat\/es\/un-problema-de-responsabilidad-domingo-martinez\/#primaryimage"},"thumbnailUrl":"https:\/\/conversesacatalunya.cat\/wp-content\/uploads\/2020\/05\/Gent-confinada.jpg","articleSection":["Els lectors participen (ES)"],"inLanguage":"es","potentialAction":[{"@type":"CommentAction","name":"Comment","target":["https:\/\/conversesacatalunya.cat\/es\/un-problema-de-responsabilidad-domingo-martinez\/#respond"]}]},{"@type":"WebPage","@id":"https:\/\/conversesacatalunya.cat\/es\/un-problema-de-responsabilidad-domingo-martinez\/","url":"https:\/\/conversesacatalunya.cat\/es\/un-problema-de-responsabilidad-domingo-martinez\/","name":"Un problema de responsabilidad (Domingo Mart\u00ednez) - Converses a Catalunya","isPartOf":{"@id":"https:\/\/conversesacatalunya.cat\/#website"},"primaryImageOfPage":{"@id":"https:\/\/conversesacatalunya.cat\/es\/un-problema-de-responsabilidad-domingo-martinez\/#primaryimage"},"image":{"@id":"https:\/\/conversesacatalunya.cat\/es\/un-problema-de-responsabilidad-domingo-martinez\/#primaryimage"},"thumbnailUrl":"https:\/\/conversesacatalunya.cat\/wp-content\/uploads\/2020\/05\/Gent-confinada.jpg","datePublished":"2020-05-12T07:38:00+00:00","dateModified":"2020-05-12T07:48:54+00:00","author":{"@id":"https:\/\/conversesacatalunya.cat\/#\/schema\/person\/982274792508d804a0821b413c9ac076"},"breadcrumb":{"@id":"https:\/\/conversesacatalunya.cat\/es\/un-problema-de-responsabilidad-domingo-martinez\/#breadcrumb"},"inLanguage":"es","potentialAction":[{"@type":"ReadAction","target":["https:\/\/conversesacatalunya.cat\/es\/un-problema-de-responsabilidad-domingo-martinez\/"]}]},{"@type":"ImageObject","inLanguage":"es","@id":"https:\/\/conversesacatalunya.cat\/es\/un-problema-de-responsabilidad-domingo-martinez\/#primaryimage","url":"https:\/\/conversesacatalunya.cat\/wp-content\/uploads\/2020\/05\/Gent-confinada.jpg","contentUrl":"https:\/\/conversesacatalunya.cat\/wp-content\/uploads\/2020\/05\/Gent-confinada.jpg","width":980,"height":528},{"@type":"BreadcrumbList","@id":"https:\/\/conversesacatalunya.cat\/es\/un-problema-de-responsabilidad-domingo-martinez\/#breadcrumb","itemListElement":[{"@type":"ListItem","position":1,"name":"Inici","item":"https:\/\/conversesacatalunya.cat\/es\/"},{"@type":"ListItem","position":2,"name":"Un problema de responsabilidad (Domingo Mart\u00ednez)"}]},{"@type":"WebSite","@id":"https:\/\/conversesacatalunya.cat\/#website","url":"https:\/\/conversesacatalunya.cat\/","name":"Converses a Catalunya","description":"","potentialAction":[{"@type":"SearchAction","target":{"@type":"EntryPoint","urlTemplate":"https:\/\/conversesacatalunya.cat\/?s={search_term_string}"},"query-input":{"@type":"PropertyValueSpecification","valueRequired":true,"valueName":"search_term_string"}}],"inLanguage":"es"},{"@type":"Person","@id":"https:\/\/conversesacatalunya.cat\/#\/schema\/person\/982274792508d804a0821b413c9ac076","name":"conversesacatalunya","image":{"@type":"ImageObject","inLanguage":"es","@id":"https:\/\/conversesacatalunya.cat\/#\/schema\/person\/image\/","url":"https:\/\/conversesacatalunya.cat\/wp-content\/litespeed\/avatar\/f04b47eeffd9637c7cf7869e217fb9ec.jpg?ver=1777370077","contentUrl":"https:\/\/conversesacatalunya.cat\/wp-content\/litespeed\/avatar\/f04b47eeffd9637c7cf7869e217fb9ec.jpg?ver=1777370077","caption":"conversesacatalunya"},"url":"https:\/\/conversesacatalunya.cat\/es\/author\/muntsa_escola\/"}]}},"wps_subtitle":"","_links":{"self":[{"href":"https:\/\/conversesacatalunya.cat\/es\/wp-json\/wp\/v2\/posts\/35948","targetHints":{"allow":["GET"]}}],"collection":[{"href":"https:\/\/conversesacatalunya.cat\/es\/wp-json\/wp\/v2\/posts"}],"about":[{"href":"https:\/\/conversesacatalunya.cat\/es\/wp-json\/wp\/v2\/types\/post"}],"author":[{"embeddable":true,"href":"https:\/\/conversesacatalunya.cat\/es\/wp-json\/wp\/v2\/users\/3"}],"replies":[{"embeddable":true,"href":"https:\/\/conversesacatalunya.cat\/es\/wp-json\/wp\/v2\/comments?post=35948"}],"version-history":[{"count":3,"href":"https:\/\/conversesacatalunya.cat\/es\/wp-json\/wp\/v2\/posts\/35948\/revisions"}],"predecessor-version":[{"id":35951,"href":"https:\/\/conversesacatalunya.cat\/es\/wp-json\/wp\/v2\/posts\/35948\/revisions\/35951"}],"wp:featuredmedia":[{"embeddable":true,"href":"https:\/\/conversesacatalunya.cat\/es\/wp-json\/wp\/v2\/media\/35944"}],"wp:attachment":[{"href":"https:\/\/conversesacatalunya.cat\/es\/wp-json\/wp\/v2\/media?parent=35948"}],"wp:term":[{"taxonomy":"category","embeddable":true,"href":"https:\/\/conversesacatalunya.cat\/es\/wp-json\/wp\/v2\/categories?post=35948"},{"taxonomy":"post_tag","embeddable":true,"href":"https:\/\/conversesacatalunya.cat\/es\/wp-json\/wp\/v2\/tags?post=35948"}],"curies":[{"name":"wp","href":"https:\/\/api.w.org\/{rel}","templated":true}]}}