{"id":35820,"date":"2020-05-07T13:21:20","date_gmt":"2020-05-07T11:21:20","guid":{"rendered":"https:\/\/conversesacatalunya.cat\/el-primer-informe-del-consell-assessor-de-salut-posa-al-descobert-els-10-punts-de-la-tragedia\/"},"modified":"2020-05-07T17:22:08","modified_gmt":"2020-05-07T15:22:08","slug":"el-primer-informe-del-consejo-asesor-de-salud-pone-al-descubierto-los-10-puntos-de-la-tragedia","status":"publish","type":"post","link":"https:\/\/conversesacatalunya.cat\/es\/el-primer-informe-del-consejo-asesor-de-salud-pone-al-descubierto-los-10-puntos-de-la-tragedia\/","title":{"rendered":"El primer informe del Consejo Asesor de Salud pone al descubierto los 10 puntos de la tragedia"},"content":{"rendered":"<p>El <a href=\"https:\/\/canalsalut.gencat.cat\/ca\/professionals\/consells_i_comissions\/consells_assessor_de_sanitat\/\" target=\"_blank\" rel=\"noopener noreferrer\">Consejo Asesor de Salud<\/a>, que tiene el encargo de replantear el modelo sanitario a consecuencia de la crisis provocada por la pandemia, hace emerger por primera vez y en un texto oficial la tragedia de las carencias vividas y los errores cometidos. El lenguaje administrativamente endulzado no oculta su magnitud.<\/p>\n<p>Su contenido se puede resumir en 10 puntos:<\/p>\n<ol>\n<li>El \u00e9nfasis del informe en la <strong>falta de previsi\u00f3n de la administraci\u00f3n en el drama vivido en las residencias<\/strong>. Hay claramente una responsabilidad negligente de la Generalitat en la forma con la que ha abordado este problema.<\/li>\n<li><strong>La falta de coordinaci\u00f3n entre el sistema social y sanitario<\/strong>. Seg\u00fan el informe, dos administraciones de la Generalitat est\u00e1n tan poco coordinadas que cientos de ancianos han sufrido una insuficiencia grave en la atenci\u00f3n. Parece mentira que dos instancias de la administraci\u00f3n que forman parte de una misma direcci\u00f3n, que es la Generalitat, puedan vivir d\u00e1ndose la espalda. Ha habido por tanto un fallo grave en la direcci\u00f3n pol\u00edtica de los departamentos, porque s\u00f3lo con la lectura de las noticias de los peri\u00f3dicos, los dos pod\u00edan conocer perfectamente el problema de las residencias de ancianos. Tambi\u00e9n el descuido del Presidente, que es en definitiva el \u00faltimo responsable de la direcci\u00f3n com\u00fan, y de los \u00f3rganos de coordinaci\u00f3n de la Generalitat, como el Consejo T\u00e9cnico y la Secretar\u00eda de Presidencia responsable de la coordinaci\u00f3n interdepartamental.<\/li>\n<li>El resultado es que de las 10.785 personas que han muerto en Catalu\u00f1a de coronavirus, <strong>3.155 lo hicieron en residencias de ancianos.<\/strong><\/li>\n<li>El resultado de todo ello es que la <strong>Fiscal\u00eda est\u00e1 investigando decenas y decenas de centros tanto p\u00fablicos como concertados<\/strong>. Y aqu\u00ed hay que hacer una observaci\u00f3n que el Consejo Asesor de Salud omite: el que un centro sea privado no excusa a la Generalitat de garantizar su buen funcionamiento, porque se trata de concesiones administrativas establecidas de acuerdo con un pliego de condiciones que es misi\u00f3n de la Generalitat velar para que se cumplan.<\/li>\n<li>Esta quiebra se hizo tan evidente que en el punto \u00e1lgido de la crisis se produjo el traspaso de las competencias de las residencias del Departamento de Servicios Sociales y Trabajo al de Sanidad, con una <strong>desautorizaci\u00f3n clara del Consejero Homrani Lesfar<\/strong>.<\/li>\n<li><span title=\"\">El informe<\/span> <span title=\"\">se manifiesta<\/span> <span title=\"\">cr\u00edtico<\/span> <span title=\"\">con la <strong>falta<\/strong><\/span><strong> <span title=\"\">de protecci\u00f3n<\/span> <span title=\"\">a los profesionales<\/span><\/strong> <span title=\"\">y<\/span> <span title=\"\">se pide<\/span> <span title=\"\">que recojan<\/span> <span title=\"\">la experiencia<\/span> <span title=\"\">vivida<\/span> <span title=\"\">para no<\/span> <span title=\"\">repetir<\/span> <span title=\"\">errores.<\/span><\/li>\n<li>En concreto, se trata de la <strong>buena gesti\u00f3n de los stocks esenciales<\/strong>, incluidos los respiraderos y tambi\u00e9n la disponibilidad de canales seguros de compra.<\/li>\n<li>Precisamente la falta de respiradores ha sido uno de los puntos tr\u00e1gicos de la pand\u00e8mia, que ha afectado sobre todo a <strong>la gente mayor de 75 a\u00f1os<\/strong> dadas las consignas de limitaci\u00f3n en su uso por parte de este sector de poblaci\u00f3n en los hospitales. El informe no profundiza en esta situaci\u00f3n, a pesar de que hay datos oficiales que lo ponen de relieve de manera clara. En concreto, s\u00f3lo el 1,68% de los ingresados \u200b\u200ben los hospitales de m\u00e1s de 70 a\u00f1os accedieron a la UCI, cifra que a\u00fan se redujo m\u00e1s, hasta el 0,68%, para los mayores de 80 a\u00f1os (datos hasta el 23 de abril). <strong>El informe que estamos considerando se limita a resolver la cuesti\u00f3n con el eufemismo que se\u00f1ala la falta de respiradores para los m\u00e1s mayores<\/strong>. Claro, lo que no se dice es que esta falta era consecuencia de una decisi\u00f3n deliberada.<\/li>\n<li>Tambi\u00e9n se manifiesta con gran dureza el Consejo Asesor de Salud al referirse a \u00ab<strong>la inhumanidad que se cometi\u00f3 al prohibir que se pudiera acompa\u00f1ar a la persona que se mor\u00eda<\/strong>, condenada a la soledad al final de su vida con independencia de su voluntad\u00bb. El Consejo es muy cr\u00edtico con este hecho y pide que <strong>no se vuelva a repetir, y que a pesar de las situaciones de emergencia se debe garantizar una muerte digna<\/strong>.<\/li>\n<li>Por \u00faltimo, el Consejo hace una consideraci\u00f3n que llama poderosamente la atenci\u00f3n. Dice que una de las lecciones aprendidas es que <strong>muchos profesionales con experiencia sobrada han tenido que enfrentarse a situaciones de muerte y de dolor para la que no han sido formados<\/strong>. Detr\u00e1s de esta constataci\u00f3n se esconde un grave problema de nuestra sociedad que no afecta s\u00f3lo a los profesionales, sino que es m\u00e1s general y tiene la gran dificultad para articular la muerte y el dolor de terceros. El sentido de la vida se ha trivializado tanto que ahora se constata que incluso en el personal m\u00e9dico, cuando se llega a situaciones cr\u00edticas como las vividas, su experiencia profesional le sirve de poco.<\/li>\n<\/ol>\n<p><span title=\"\">Hay<\/span> <span title=\"\">en todo ello<\/span> <span title=\"\">la constataci\u00f3n<\/span> <span title=\"\">de un<\/span> <strong><span title=\"\">d\u00e9ficit de<\/span> <\/strong><span title=\"\"><strong>humanidad<\/strong> que<\/span> <span title=\"\">lo ha<\/span> <span title=\"\">contaminado<\/span> <span title=\"\">todo<\/span> <span title=\"\">y<\/span> <span title=\"\">que ha afectado<\/span> <span title=\"\">sobre todo<\/span> <span title=\"\">a los<\/span> <span title=\"\">que eran los<\/span> <span title=\"\">m\u00e1s d\u00e9biles<\/span> <span title=\"\">en esta ocasi\u00f3n<\/span><span title=\"\">:<\/span> <span title=\"\">la gente mayor<\/span> <span title=\"\">olvidada<\/span> <span title=\"\">hasta la muerte<\/span> <span title=\"\">en las<\/span> <span title=\"\">residencias<\/span><span title=\"\">,<\/span> <span title=\"\">negado<\/span> <span title=\"\">su acceso<\/span> <span title=\"\">los<\/span> <span title=\"\">respiraderos<\/span> <span title=\"\">y la UCI<\/span><span title=\"\">,<\/span> <span title=\"\">muchos de ellos<\/span> <span title=\"\">han vivido<\/span> <span title=\"\">en<\/span> <span title=\"\">la m\u00e1s amarga<\/span> <span title=\"\">de las<\/span> <span title=\"\">soledades<\/span> <span title=\"\">los \u00faltimos<\/span> <span title=\"\">momentos de su<\/span> <span title=\"\">vida<\/span><span title=\"\">, y todo ello<\/span> <span title=\"\">a<\/span> <span title=\"\">consecuencia de una<\/span> <span title=\"\">sociedad que<\/span> <span title=\"\">ha sido<\/span> <span title=\"\">incapaz<\/span> <span title=\"\">de generar<\/span> <span title=\"\">la organizaci\u00f3n<\/span> <span title=\"\">necesaria para<\/span> <span title=\"\">impedir este<\/span> <span title=\"\">maltrato<\/span> <span title=\"\">con los<\/span> <span title=\"\">que <strong>m\u00e1s<\/strong><\/span><strong> <span title=\"\">deber\u00eda haber<\/span> <span title=\"\">respetado<\/span><\/strong><span title=\"\">.<\/span><\/p>\n<p style=\"text-align: center;\">M\u00e1s informaci\u00f3n sobre el coronavirus en <strong><a href=\"https:\/\/conversesacatalunya.cat\/es\/coronavirus\/\" target=\"_blank\" rel=\"noopener noreferrer\">ESPECIAL CORONAVIRUS<\/a><\/strong><\/p>\n<span class='bctt-click-to-tweet'><span class='bctt-ctt-text'><a href='https:\/\/twitter.com\/intent\/tweet?url=https%3A%2F%2Fconversesacatalunya.cat%2Fes%2Fel-primer-informe-del-consejo-asesor-de-salud-pone-al-descubierto-los-10-puntos-de-la-tragedia%2F&#038;text=El%20Consejo%20Asesor%20de%20Salud%20hace%20emerger%20por%20primera%20vez%20y%20en%20un%20texto%20oficial%20la%20tragedia%20de%20las%20carencias%20vividas%20y%20los%20errores%20cometidos%20durante%20la%20pandemia&#038;via=conversesacat&#038;related=conversesacat' target='_blank'rel=\"noopener noreferrer\">El Consejo Asesor de Salud hace emerger por primera vez y en un texto oficial la tragedia de las carencias vividas y los errores cometidos durante la pandemia <\/a><\/span><a href='https:\/\/twitter.com\/intent\/tweet?url=https%3A%2F%2Fconversesacatalunya.cat%2Fes%2Fel-primer-informe-del-consejo-asesor-de-salud-pone-al-descubierto-los-10-puntos-de-la-tragedia%2F&#038;text=El%20Consejo%20Asesor%20de%20Salud%20hace%20emerger%20por%20primera%20vez%20y%20en%20un%20texto%20oficial%20la%20tragedia%20de%20las%20carencias%20vividas%20y%20los%20errores%20cometidos%20durante%20la%20pandemia&#038;via=conversesacat&#038;related=conversesacat' target='_blank' class='bctt-ctt-btn'rel=\"noopener noreferrer\">Compartir en X<\/a><\/span>\n<div id=\"polls-49\" class=\"wp-polls\">\n\t<form id=\"polls_form_49\" class=\"wp-polls-form\" action=\"\/index.php\" method=\"post\">\n\t\t<p style=\"display: none;\"><input type=\"hidden\" id=\"poll_49_nonce\" name=\"wp-polls-nonce\" value=\"7c94a7ba22\" \/><\/p>\n\t\t<p style=\"display: none;\"><input type=\"hidden\" name=\"poll_id\" value=\"49\" \/><\/p>\n\t\t<p style=\"text-align: center\"><strong>Creus que Barcelona i Madrid haurien d'entrar a la Fase-1 l'11 de maig?<\/strong><\/p><div id=\"polls-49-ans\" class=\"wp-polls-ans\"><ul class=\"wp-polls-ul\">\n\t\t<li><input type=\"radio\" id=\"poll-answer-104\" name=\"poll_49\" value=\"104\" \/> <label for=\"poll-answer-104\">Si<\/label><\/li>\n\t\t<li><input type=\"radio\" id=\"poll-answer-105\" name=\"poll_49\" value=\"105\" \/> <label for=\"poll-answer-105\">No<\/label><\/li>\n\t\t<\/ul><p style=\"text-align: center\"><input type=\"button\" name=\"vote\" value=\"   Vota   \" class=\"Buttons\" onclick=\"poll_vote(49);\" \/><\/p><p style=\"text-align: center\"><a href=\"#ViewPollResults\" onclick=\"poll_result(49); return false;\" title=\"View Results Of This Poll\">Mira els resultats<\/a><\/p><\/div>\n\t<\/form>\n<\/div>\n<div id=\"polls-49-loading\" class=\"wp-polls-loading\"><img decoding=\"async\" data-src=\"https:\/\/conversesacatalunya.cat\/wp-content\/plugins\/wp-polls\/images\/loading.gif\" width=\"16\" height=\"16\" alt=\"Cargando ...\" title=\"Cargando ...\" class=\"wp-polls-image lazyload\" src=\"data:image\/svg+xml;base64,PHN2ZyB3aWR0aD0iMSIgaGVpZ2h0PSIxIiB4bWxucz0iaHR0cDovL3d3dy53My5vcmcvMjAwMC9zdmciPjwvc3ZnPg==\" style=\"--smush-placeholder-width: 16px; --smush-placeholder-aspect-ratio: 16\/16;\" \/>&nbsp;Cargando ...<\/div>\n\n","protected":false},"excerpt":{"rendered":"<p>El Consejo Asesor de Salud, que tiene el encargo de replantear el modelo sanitario a consecuencia de la crisis provocada por la pandemia, hace emerger por primera vez y en un texto oficial la tragedia de las carencias vividas y los errores cometidos. El lenguaje administrativamente endulzado no oculta su magnitud. Su contenido se puede resumir en 10 puntos: El \u00e9nfasis del informe en la falta de previsi\u00f3n de la administraci\u00f3n en el drama vivido en las residencias. Hay claramente una responsabilidad negligente de la Generalitat en la forma con la que ha abordado este problema. La falta de coordinaci\u00f3n entre el sistema social y sanitario. Seg\u00fan el informe, dos administraciones de la Generalitat est\u00e1n tan poco coordinadas que cientos de ancianos han sufrido una insuficiencia grave en la atenci\u00f3n. Parece mentira que dos instancias de la administraci\u00f3n que forman parte de una misma direcci\u00f3n, que es la Generalitat, puedan vivir d\u00e1ndose la espalda. Ha habido por tanto un fallo grave en la direcci\u00f3n pol\u00edtica de los departamentos, porque s\u00f3lo con la lectura de las noticias de los peri\u00f3dicos, los dos pod\u00edan conocer perfectamente el problema de las residencias de ancianos. Tambi\u00e9n el descuido del Presidente, que es en definitiva el \u00faltimo responsable de la direcci\u00f3n com\u00fan, y de los \u00f3rganos de coordinaci\u00f3n de la Generalitat, como el Consejo T\u00e9cnico y la Secretar\u00eda de Presidencia responsable de la coordinaci\u00f3n interdepartamental. El resultado es que de las 10.785 personas que han muerto en Catalu\u00f1a de coronavirus, 3.155 lo hicieron en residencias de ancianos. El resultado de todo ello es que la Fiscal\u00eda est\u00e1 investigando decenas y decenas de centros tanto p\u00fablicos como concertados. Y aqu\u00ed hay que hacer una observaci\u00f3n que el Consejo Asesor de Salud omite: el que un centro sea privado no excusa a la Generalitat de garantizar su buen funcionamiento, porque se trata de concesiones administrativas establecidas de acuerdo con un pliego de condiciones que es misi\u00f3n de la Generalitat velar para que se cumplan. Esta quiebra se hizo tan evidente que en el punto \u00e1lgido de la crisis se produjo el traspaso de las competencias de las residencias del Departamento de Servicios Sociales y Trabajo al de Sanidad, con una desautorizaci\u00f3n clara del Consejero Homrani Lesfar. El informe se manifiesta cr\u00edtico con la falta de protecci\u00f3n a los profesionales y se pide que recojan la experiencia vivida para no repetir errores. En concreto, se trata de la buena gesti\u00f3n de los stocks esenciales, incluidos los respiraderos y tambi\u00e9n la disponibilidad de canales seguros de compra. Precisamente la falta de respiradores ha sido uno de los puntos tr\u00e1gicos de la pand\u00e8mia, que ha afectado sobre todo a la gente mayor de 75 a\u00f1os dadas las consignas de limitaci\u00f3n en su uso por parte de este sector de poblaci\u00f3n en los hospitales. El informe no profundiza en esta situaci\u00f3n, a pesar de que hay datos oficiales que lo ponen de relieve de manera clara. En concreto, s\u00f3lo el 1,68% de los ingresados \u200b\u200ben los hospitales de m\u00e1s de 70 a\u00f1os accedieron a la UCI, cifra que a\u00fan se redujo m\u00e1s, hasta el 0,68%, para los mayores de 80 a\u00f1os (datos hasta el 23 de abril). El informe que estamos considerando se limita a resolver la cuesti\u00f3n con el eufemismo que se\u00f1ala la falta de respiradores para los m\u00e1s mayores. Claro, lo que no se dice es que esta falta era consecuencia de una decisi\u00f3n deliberada. Tambi\u00e9n se manifiesta con gran dureza el Consejo Asesor de Salud al referirse a \u00abla inhumanidad que se cometi\u00f3 al prohibir que se pudiera acompa\u00f1ar a la persona que se mor\u00eda, condenada a la soledad al final de su vida con independencia de su voluntad\u00bb. El Consejo es muy cr\u00edtico con este hecho y pide que no se vuelva a repetir, y que a pesar de las situaciones de emergencia se debe garantizar una muerte digna. Por \u00faltimo, el Consejo hace una consideraci\u00f3n que llama poderosamente la atenci\u00f3n. Dice que una de las lecciones aprendidas es que muchos profesionales con experiencia sobrada han tenido que enfrentarse a situaciones de muerte y de dolor para la que no han sido formados. Detr\u00e1s de esta constataci\u00f3n se esconde un grave problema de nuestra sociedad que no afecta s\u00f3lo a los profesionales, sino que es m\u00e1s general y tiene la gran dificultad para articular la muerte y el dolor de terceros. El sentido de la vida se ha trivializado tanto que ahora se constata que incluso en el personal m\u00e9dico, cuando se llega a situaciones cr\u00edticas como las vividas, su experiencia profesional le sirve de poco. Hay en todo ello la constataci\u00f3n de un d\u00e9ficit de humanidad que lo ha contaminado todo y que ha afectado sobre todo a los que eran los m\u00e1s d\u00e9biles en esta ocasi\u00f3n: la gente mayor olvidada hasta la muerte en las residencias, negado su acceso los respiraderos y la UCI, muchos de ellos han vivido en la m\u00e1s amarga de las soledades los \u00faltimos momentos de su vida, y todo ello a consecuencia de una sociedad que ha sido incapaz de generar la organizaci\u00f3n necesaria para impedir este maltrato con los que m\u00e1s deber\u00eda haber respetado. M\u00e1s informaci\u00f3n sobre el coronavirus en ESPECIAL CORONAVIRUS<\/p>\n","protected":false},"author":2,"featured_media":35807,"comment_status":"open","ping_status":"open","sticky":false,"template":"","format":"standard","meta":{"_FSMCFIC_featured_image_caption":"","_FSMCFIC_featured_image_nocaption":"","_FSMCFIC_featured_image_hide":"","footnotes":""},"categories":[1772,806],"tags":[1504],"class_list":["post-35820","post","type-post","status-publish","format-standard","has-post-thumbnail","hentry","category-especial-coronavirus-es","category-punts-claus-del-dia-es","tag-coronavirus-es"],"yoast_head":"<!-- This site is optimized with the Yoast SEO plugin v26.8 - https:\/\/yoast.com\/product\/yoast-seo-wordpress\/ -->\n<title>El primer informe del Consejo Asesor de Salud pone al descubierto los 10 puntos de la tragedia - Converses a Catalunya<\/title>\n<meta name=\"robots\" content=\"index, follow, max-snippet:-1, max-image-preview:large, max-video-preview:-1\" \/>\n<link rel=\"canonical\" href=\"https:\/\/conversesacatalunya.cat\/es\/el-primer-informe-del-consejo-asesor-de-salud-pone-al-descubierto-los-10-puntos-de-la-tragedia\/\" \/>\n<meta property=\"og:locale\" content=\"es_ES\" \/>\n<meta property=\"og:type\" content=\"article\" \/>\n<meta property=\"og:title\" content=\"El primer informe del Consejo Asesor de Salud pone al descubierto los 10 puntos de la tragedia - Converses a Catalunya\" \/>\n<meta property=\"og:description\" content=\"El Consejo Asesor de Salud, que tiene el encargo de replantear el modelo sanitario a consecuencia de la crisis provocada por la pandemia, hace emerger por primera vez y en un texto oficial la tragedia de las carencias vividas y los errores cometidos. El lenguaje administrativamente endulzado no oculta su magnitud. Su contenido se puede resumir en 10 puntos: El \u00e9nfasis del informe en la falta de previsi\u00f3n de la administraci\u00f3n en el drama vivido en las residencias. Hay claramente una responsabilidad negligente de la Generalitat en la forma con la que ha abordado este problema. La falta de coordinaci\u00f3n entre el sistema social y sanitario. Seg\u00fan el informe, dos administraciones de la Generalitat est\u00e1n tan poco coordinadas que cientos de ancianos han sufrido una insuficiencia grave en la atenci\u00f3n. Parece mentira que dos instancias de la administraci\u00f3n que forman parte de una misma direcci\u00f3n, que es la Generalitat, puedan vivir d\u00e1ndose la espalda. Ha habido por tanto un fallo grave en la direcci\u00f3n pol\u00edtica de los departamentos, porque s\u00f3lo con la lectura de las noticias de los peri\u00f3dicos, los dos pod\u00edan conocer perfectamente el problema de las residencias de ancianos. Tambi\u00e9n el descuido del Presidente, que es en definitiva el \u00faltimo responsable de la direcci\u00f3n com\u00fan, y de los \u00f3rganos de coordinaci\u00f3n de la Generalitat, como el Consejo T\u00e9cnico y la Secretar\u00eda de Presidencia responsable de la coordinaci\u00f3n interdepartamental. El resultado es que de las 10.785 personas que han muerto en Catalu\u00f1a de coronavirus, 3.155 lo hicieron en residencias de ancianos. El resultado de todo ello es que la Fiscal\u00eda est\u00e1 investigando decenas y decenas de centros tanto p\u00fablicos como concertados. Y aqu\u00ed hay que hacer una observaci\u00f3n que el Consejo Asesor de Salud omite: el que un centro sea privado no excusa a la Generalitat de garantizar su buen funcionamiento, porque se trata de concesiones administrativas establecidas de acuerdo con un pliego de condiciones que es misi\u00f3n de la Generalitat velar para que se cumplan. Esta quiebra se hizo tan evidente que en el punto \u00e1lgido de la crisis se produjo el traspaso de las competencias de las residencias del Departamento de Servicios Sociales y Trabajo al de Sanidad, con una desautorizaci\u00f3n clara del Consejero Homrani Lesfar. El informe se manifiesta cr\u00edtico con la falta de protecci\u00f3n a los profesionales y se pide que recojan la experiencia vivida para no repetir errores. En concreto, se trata de la buena gesti\u00f3n de los stocks esenciales, incluidos los respiraderos y tambi\u00e9n la disponibilidad de canales seguros de compra. Precisamente la falta de respiradores ha sido uno de los puntos tr\u00e1gicos de la pand\u00e8mia, que ha afectado sobre todo a la gente mayor de 75 a\u00f1os dadas las consignas de limitaci\u00f3n en su uso por parte de este sector de poblaci\u00f3n en los hospitales. El informe no profundiza en esta situaci\u00f3n, a pesar de que hay datos oficiales que lo ponen de relieve de manera clara. En concreto, s\u00f3lo el 1,68% de los ingresados \u200b\u200ben los hospitales de m\u00e1s de 70 a\u00f1os accedieron a la UCI, cifra que a\u00fan se redujo m\u00e1s, hasta el 0,68%, para los mayores de 80 a\u00f1os (datos hasta el 23 de abril). El informe que estamos considerando se limita a resolver la cuesti\u00f3n con el eufemismo que se\u00f1ala la falta de respiradores para los m\u00e1s mayores. Claro, lo que no se dice es que esta falta era consecuencia de una decisi\u00f3n deliberada. Tambi\u00e9n se manifiesta con gran dureza el Consejo Asesor de Salud al referirse a \u00abla inhumanidad que se cometi\u00f3 al prohibir que se pudiera acompa\u00f1ar a la persona que se mor\u00eda, condenada a la soledad al final de su vida con independencia de su voluntad\u00bb. El Consejo es muy cr\u00edtico con este hecho y pide que no se vuelva a repetir, y que a pesar de las situaciones de emergencia se debe garantizar una muerte digna. Por \u00faltimo, el Consejo hace una consideraci\u00f3n que llama poderosamente la atenci\u00f3n. Dice que una de las lecciones aprendidas es que muchos profesionales con experiencia sobrada han tenido que enfrentarse a situaciones de muerte y de dolor para la que no han sido formados. Detr\u00e1s de esta constataci\u00f3n se esconde un grave problema de nuestra sociedad que no afecta s\u00f3lo a los profesionales, sino que es m\u00e1s general y tiene la gran dificultad para articular la muerte y el dolor de terceros. El sentido de la vida se ha trivializado tanto que ahora se constata que incluso en el personal m\u00e9dico, cuando se llega a situaciones cr\u00edticas como las vividas, su experiencia profesional le sirve de poco. Hay en todo ello la constataci\u00f3n de un d\u00e9ficit de humanidad que lo ha contaminado todo y que ha afectado sobre todo a los que eran los m\u00e1s d\u00e9biles en esta ocasi\u00f3n: la gente mayor olvidada hasta la muerte en las residencias, negado su acceso los respiraderos y la UCI, muchos de ellos han vivido en la m\u00e1s amarga de las soledades los \u00faltimos momentos de su vida, y todo ello a consecuencia de una sociedad que ha sido incapaz de generar la organizaci\u00f3n necesaria para impedir este maltrato con los que m\u00e1s deber\u00eda haber respetado. M\u00e1s informaci\u00f3n sobre el coronavirus en ESPECIAL CORONAVIRUS\" \/>\n<meta property=\"og:url\" content=\"https:\/\/conversesacatalunya.cat\/es\/el-primer-informe-del-consejo-asesor-de-salud-pone-al-descubierto-los-10-puntos-de-la-tragedia\/\" \/>\n<meta property=\"og:site_name\" content=\"Converses a Catalunya\" \/>\n<meta property=\"article:published_time\" content=\"2020-05-07T11:21:20+00:00\" \/>\n<meta property=\"article:modified_time\" content=\"2020-05-07T15:22:08+00:00\" \/>\n<meta property=\"og:image\" content=\"https:\/\/conversesacatalunya.cat\/wp-content\/uploads\/2020\/05\/consell-assessor-de-salut.jpeg\" \/>\n\t<meta property=\"og:image:width\" content=\"1600\" \/>\n\t<meta property=\"og:image:height\" content=\"1066\" \/>\n\t<meta property=\"og:image:type\" content=\"image\/jpeg\" \/>\n<meta name=\"author\" content=\"conversesacatalunya\" \/>\n<meta name=\"twitter:card\" content=\"summary_large_image\" \/>\n<meta name=\"twitter:label1\" content=\"Escrito por\" \/>\n\t<meta name=\"twitter:data1\" content=\"conversesacatalunya\" \/>\n\t<meta name=\"twitter:label2\" content=\"Tiempo de lectura\" \/>\n\t<meta name=\"twitter:data2\" content=\"5 minutos\" \/>\n<script type=\"application\/ld+json\" class=\"yoast-schema-graph\">{\"@context\":\"https:\/\/schema.org\",\"@graph\":[{\"@type\":\"Article\",\"@id\":\"https:\/\/conversesacatalunya.cat\/es\/el-primer-informe-del-consejo-asesor-de-salud-pone-al-descubierto-los-10-puntos-de-la-tragedia\/#article\",\"isPartOf\":{\"@id\":\"https:\/\/conversesacatalunya.cat\/es\/el-primer-informe-del-consejo-asesor-de-salud-pone-al-descubierto-los-10-puntos-de-la-tragedia\/\"},\"author\":{\"name\":\"conversesacatalunya\",\"@id\":\"https:\/\/conversesacatalunya.cat\/#\/schema\/person\/7e24d1e54a2785373ddcb275eae5ed99\"},\"headline\":\"El primer informe del Consejo Asesor de Salud pone al descubierto los 10 puntos de la tragedia\",\"datePublished\":\"2020-05-07T11:21:20+00:00\",\"dateModified\":\"2020-05-07T15:22:08+00:00\",\"mainEntityOfPage\":{\"@id\":\"https:\/\/conversesacatalunya.cat\/es\/el-primer-informe-del-consejo-asesor-de-salud-pone-al-descubierto-los-10-puntos-de-la-tragedia\/\"},\"wordCount\":974,\"commentCount\":0,\"image\":{\"@id\":\"https:\/\/conversesacatalunya.cat\/es\/el-primer-informe-del-consejo-asesor-de-salud-pone-al-descubierto-los-10-puntos-de-la-tragedia\/#primaryimage\"},\"thumbnailUrl\":\"https:\/\/conversesacatalunya.cat\/wp-content\/uploads\/2020\/05\/consell-assessor-de-salut.jpeg\",\"keywords\":[\"coronavirus\"],\"articleSection\":[\"Especial Coronavirus (ES)\",\"Punts clau del dia (ES)\"],\"inLanguage\":\"es\",\"potentialAction\":[{\"@type\":\"CommentAction\",\"name\":\"Comment\",\"target\":[\"https:\/\/conversesacatalunya.cat\/es\/el-primer-informe-del-consejo-asesor-de-salud-pone-al-descubierto-los-10-puntos-de-la-tragedia\/#respond\"]}]},{\"@type\":\"WebPage\",\"@id\":\"https:\/\/conversesacatalunya.cat\/es\/el-primer-informe-del-consejo-asesor-de-salud-pone-al-descubierto-los-10-puntos-de-la-tragedia\/\",\"url\":\"https:\/\/conversesacatalunya.cat\/es\/el-primer-informe-del-consejo-asesor-de-salud-pone-al-descubierto-los-10-puntos-de-la-tragedia\/\",\"name\":\"El primer informe del Consejo Asesor de Salud pone al descubierto los 10 puntos de la tragedia - Converses a Catalunya\",\"isPartOf\":{\"@id\":\"https:\/\/conversesacatalunya.cat\/#website\"},\"primaryImageOfPage\":{\"@id\":\"https:\/\/conversesacatalunya.cat\/es\/el-primer-informe-del-consejo-asesor-de-salud-pone-al-descubierto-los-10-puntos-de-la-tragedia\/#primaryimage\"},\"image\":{\"@id\":\"https:\/\/conversesacatalunya.cat\/es\/el-primer-informe-del-consejo-asesor-de-salud-pone-al-descubierto-los-10-puntos-de-la-tragedia\/#primaryimage\"},\"thumbnailUrl\":\"https:\/\/conversesacatalunya.cat\/wp-content\/uploads\/2020\/05\/consell-assessor-de-salut.jpeg\",\"datePublished\":\"2020-05-07T11:21:20+00:00\",\"dateModified\":\"2020-05-07T15:22:08+00:00\",\"author\":{\"@id\":\"https:\/\/conversesacatalunya.cat\/#\/schema\/person\/7e24d1e54a2785373ddcb275eae5ed99\"},\"breadcrumb\":{\"@id\":\"https:\/\/conversesacatalunya.cat\/es\/el-primer-informe-del-consejo-asesor-de-salud-pone-al-descubierto-los-10-puntos-de-la-tragedia\/#breadcrumb\"},\"inLanguage\":\"es\",\"potentialAction\":[{\"@type\":\"ReadAction\",\"target\":[\"https:\/\/conversesacatalunya.cat\/es\/el-primer-informe-del-consejo-asesor-de-salud-pone-al-descubierto-los-10-puntos-de-la-tragedia\/\"]}]},{\"@type\":\"ImageObject\",\"inLanguage\":\"es\",\"@id\":\"https:\/\/conversesacatalunya.cat\/es\/el-primer-informe-del-consejo-asesor-de-salud-pone-al-descubierto-los-10-puntos-de-la-tragedia\/#primaryimage\",\"url\":\"https:\/\/conversesacatalunya.cat\/wp-content\/uploads\/2020\/05\/consell-assessor-de-salut.jpeg\",\"contentUrl\":\"https:\/\/conversesacatalunya.cat\/wp-content\/uploads\/2020\/05\/consell-assessor-de-salut.jpeg\",\"width\":1600,\"height\":1066,\"caption\":\"consell assessor de salut\"},{\"@type\":\"BreadcrumbList\",\"@id\":\"https:\/\/conversesacatalunya.cat\/es\/el-primer-informe-del-consejo-asesor-de-salud-pone-al-descubierto-los-10-puntos-de-la-tragedia\/#breadcrumb\",\"itemListElement\":[{\"@type\":\"ListItem\",\"position\":1,\"name\":\"Inici\",\"item\":\"https:\/\/conversesacatalunya.cat\/es\/\"},{\"@type\":\"ListItem\",\"position\":2,\"name\":\"El primer informe del Consejo Asesor de Salud pone al descubierto los 10 puntos de la tragedia\"}]},{\"@type\":\"WebSite\",\"@id\":\"https:\/\/conversesacatalunya.cat\/#website\",\"url\":\"https:\/\/conversesacatalunya.cat\/\",\"name\":\"Converses a Catalunya\",\"description\":\"\",\"potentialAction\":[{\"@type\":\"SearchAction\",\"target\":{\"@type\":\"EntryPoint\",\"urlTemplate\":\"https:\/\/conversesacatalunya.cat\/?s={search_term_string}\"},\"query-input\":{\"@type\":\"PropertyValueSpecification\",\"valueRequired\":true,\"valueName\":\"search_term_string\"}}],\"inLanguage\":\"es\"},{\"@type\":\"Person\",\"@id\":\"https:\/\/conversesacatalunya.cat\/#\/schema\/person\/7e24d1e54a2785373ddcb275eae5ed99\",\"name\":\"conversesacatalunya\",\"image\":{\"@type\":\"ImageObject\",\"inLanguage\":\"es\",\"@id\":\"https:\/\/conversesacatalunya.cat\/#\/schema\/person\/image\/\",\"url\":\"https:\/\/conversesacatalunya.cat\/wp-content\/litespeed\/avatar\/febdfeeec89d950f01c748045a981dd2.jpg?ver=1777314535\",\"contentUrl\":\"https:\/\/conversesacatalunya.cat\/wp-content\/litespeed\/avatar\/febdfeeec89d950f01c748045a981dd2.jpg?ver=1777314535\",\"caption\":\"conversesacatalunya\"},\"url\":\"https:\/\/conversesacatalunya.cat\/es\/author\/carme_catala\/\"}]}<\/script>\n<!-- \/ Yoast SEO plugin. -->","yoast_head_json":{"title":"El primer informe del Consejo Asesor de Salud pone al descubierto los 10 puntos de la tragedia - Converses a Catalunya","robots":{"index":"index","follow":"follow","max-snippet":"max-snippet:-1","max-image-preview":"max-image-preview:large","max-video-preview":"max-video-preview:-1"},"canonical":"https:\/\/conversesacatalunya.cat\/es\/el-primer-informe-del-consejo-asesor-de-salud-pone-al-descubierto-los-10-puntos-de-la-tragedia\/","og_locale":"es_ES","og_type":"article","og_title":"El primer informe del Consejo Asesor de Salud pone al descubierto los 10 puntos de la tragedia - Converses a Catalunya","og_description":"El Consejo Asesor de Salud, que tiene el encargo de replantear el modelo sanitario a consecuencia de la crisis provocada por la pandemia, hace emerger por primera vez y en un texto oficial la tragedia de las carencias vividas y los errores cometidos. El lenguaje administrativamente endulzado no oculta su magnitud. Su contenido se puede resumir en 10 puntos: El \u00e9nfasis del informe en la falta de previsi\u00f3n de la administraci\u00f3n en el drama vivido en las residencias. Hay claramente una responsabilidad negligente de la Generalitat en la forma con la que ha abordado este problema. La falta de coordinaci\u00f3n entre el sistema social y sanitario. Seg\u00fan el informe, dos administraciones de la Generalitat est\u00e1n tan poco coordinadas que cientos de ancianos han sufrido una insuficiencia grave en la atenci\u00f3n. Parece mentira que dos instancias de la administraci\u00f3n que forman parte de una misma direcci\u00f3n, que es la Generalitat, puedan vivir d\u00e1ndose la espalda. Ha habido por tanto un fallo grave en la direcci\u00f3n pol\u00edtica de los departamentos, porque s\u00f3lo con la lectura de las noticias de los peri\u00f3dicos, los dos pod\u00edan conocer perfectamente el problema de las residencias de ancianos. Tambi\u00e9n el descuido del Presidente, que es en definitiva el \u00faltimo responsable de la direcci\u00f3n com\u00fan, y de los \u00f3rganos de coordinaci\u00f3n de la Generalitat, como el Consejo T\u00e9cnico y la Secretar\u00eda de Presidencia responsable de la coordinaci\u00f3n interdepartamental. El resultado es que de las 10.785 personas que han muerto en Catalu\u00f1a de coronavirus, 3.155 lo hicieron en residencias de ancianos. El resultado de todo ello es que la Fiscal\u00eda est\u00e1 investigando decenas y decenas de centros tanto p\u00fablicos como concertados. Y aqu\u00ed hay que hacer una observaci\u00f3n que el Consejo Asesor de Salud omite: el que un centro sea privado no excusa a la Generalitat de garantizar su buen funcionamiento, porque se trata de concesiones administrativas establecidas de acuerdo con un pliego de condiciones que es misi\u00f3n de la Generalitat velar para que se cumplan. Esta quiebra se hizo tan evidente que en el punto \u00e1lgido de la crisis se produjo el traspaso de las competencias de las residencias del Departamento de Servicios Sociales y Trabajo al de Sanidad, con una desautorizaci\u00f3n clara del Consejero Homrani Lesfar. El informe se manifiesta cr\u00edtico con la falta de protecci\u00f3n a los profesionales y se pide que recojan la experiencia vivida para no repetir errores. En concreto, se trata de la buena gesti\u00f3n de los stocks esenciales, incluidos los respiraderos y tambi\u00e9n la disponibilidad de canales seguros de compra. Precisamente la falta de respiradores ha sido uno de los puntos tr\u00e1gicos de la pand\u00e8mia, que ha afectado sobre todo a la gente mayor de 75 a\u00f1os dadas las consignas de limitaci\u00f3n en su uso por parte de este sector de poblaci\u00f3n en los hospitales. El informe no profundiza en esta situaci\u00f3n, a pesar de que hay datos oficiales que lo ponen de relieve de manera clara. En concreto, s\u00f3lo el 1,68% de los ingresados \u200b\u200ben los hospitales de m\u00e1s de 70 a\u00f1os accedieron a la UCI, cifra que a\u00fan se redujo m\u00e1s, hasta el 0,68%, para los mayores de 80 a\u00f1os (datos hasta el 23 de abril). El informe que estamos considerando se limita a resolver la cuesti\u00f3n con el eufemismo que se\u00f1ala la falta de respiradores para los m\u00e1s mayores. Claro, lo que no se dice es que esta falta era consecuencia de una decisi\u00f3n deliberada. Tambi\u00e9n se manifiesta con gran dureza el Consejo Asesor de Salud al referirse a \u00abla inhumanidad que se cometi\u00f3 al prohibir que se pudiera acompa\u00f1ar a la persona que se mor\u00eda, condenada a la soledad al final de su vida con independencia de su voluntad\u00bb. El Consejo es muy cr\u00edtico con este hecho y pide que no se vuelva a repetir, y que a pesar de las situaciones de emergencia se debe garantizar una muerte digna. Por \u00faltimo, el Consejo hace una consideraci\u00f3n que llama poderosamente la atenci\u00f3n. Dice que una de las lecciones aprendidas es que muchos profesionales con experiencia sobrada han tenido que enfrentarse a situaciones de muerte y de dolor para la que no han sido formados. Detr\u00e1s de esta constataci\u00f3n se esconde un grave problema de nuestra sociedad que no afecta s\u00f3lo a los profesionales, sino que es m\u00e1s general y tiene la gran dificultad para articular la muerte y el dolor de terceros. El sentido de la vida se ha trivializado tanto que ahora se constata que incluso en el personal m\u00e9dico, cuando se llega a situaciones cr\u00edticas como las vividas, su experiencia profesional le sirve de poco. Hay en todo ello la constataci\u00f3n de un d\u00e9ficit de humanidad que lo ha contaminado todo y que ha afectado sobre todo a los que eran los m\u00e1s d\u00e9biles en esta ocasi\u00f3n: la gente mayor olvidada hasta la muerte en las residencias, negado su acceso los respiraderos y la UCI, muchos de ellos han vivido en la m\u00e1s amarga de las soledades los \u00faltimos momentos de su vida, y todo ello a consecuencia de una sociedad que ha sido incapaz de generar la organizaci\u00f3n necesaria para impedir este maltrato con los que m\u00e1s deber\u00eda haber respetado. M\u00e1s informaci\u00f3n sobre el coronavirus en ESPECIAL CORONAVIRUS","og_url":"https:\/\/conversesacatalunya.cat\/es\/el-primer-informe-del-consejo-asesor-de-salud-pone-al-descubierto-los-10-puntos-de-la-tragedia\/","og_site_name":"Converses a Catalunya","article_published_time":"2020-05-07T11:21:20+00:00","article_modified_time":"2020-05-07T15:22:08+00:00","og_image":[{"width":1600,"height":1066,"url":"https:\/\/conversesacatalunya.cat\/wp-content\/uploads\/2020\/05\/consell-assessor-de-salut.jpeg","type":"image\/jpeg"}],"author":"conversesacatalunya","twitter_card":"summary_large_image","twitter_misc":{"Escrito por":"conversesacatalunya","Tiempo de lectura":"5 minutos"},"schema":{"@context":"https:\/\/schema.org","@graph":[{"@type":"Article","@id":"https:\/\/conversesacatalunya.cat\/es\/el-primer-informe-del-consejo-asesor-de-salud-pone-al-descubierto-los-10-puntos-de-la-tragedia\/#article","isPartOf":{"@id":"https:\/\/conversesacatalunya.cat\/es\/el-primer-informe-del-consejo-asesor-de-salud-pone-al-descubierto-los-10-puntos-de-la-tragedia\/"},"author":{"name":"conversesacatalunya","@id":"https:\/\/conversesacatalunya.cat\/#\/schema\/person\/7e24d1e54a2785373ddcb275eae5ed99"},"headline":"El primer informe del Consejo Asesor de Salud pone al descubierto los 10 puntos de la tragedia","datePublished":"2020-05-07T11:21:20+00:00","dateModified":"2020-05-07T15:22:08+00:00","mainEntityOfPage":{"@id":"https:\/\/conversesacatalunya.cat\/es\/el-primer-informe-del-consejo-asesor-de-salud-pone-al-descubierto-los-10-puntos-de-la-tragedia\/"},"wordCount":974,"commentCount":0,"image":{"@id":"https:\/\/conversesacatalunya.cat\/es\/el-primer-informe-del-consejo-asesor-de-salud-pone-al-descubierto-los-10-puntos-de-la-tragedia\/#primaryimage"},"thumbnailUrl":"https:\/\/conversesacatalunya.cat\/wp-content\/uploads\/2020\/05\/consell-assessor-de-salut.jpeg","keywords":["coronavirus"],"articleSection":["Especial Coronavirus (ES)","Punts clau del dia (ES)"],"inLanguage":"es","potentialAction":[{"@type":"CommentAction","name":"Comment","target":["https:\/\/conversesacatalunya.cat\/es\/el-primer-informe-del-consejo-asesor-de-salud-pone-al-descubierto-los-10-puntos-de-la-tragedia\/#respond"]}]},{"@type":"WebPage","@id":"https:\/\/conversesacatalunya.cat\/es\/el-primer-informe-del-consejo-asesor-de-salud-pone-al-descubierto-los-10-puntos-de-la-tragedia\/","url":"https:\/\/conversesacatalunya.cat\/es\/el-primer-informe-del-consejo-asesor-de-salud-pone-al-descubierto-los-10-puntos-de-la-tragedia\/","name":"El primer informe del Consejo Asesor de Salud pone al descubierto los 10 puntos de la tragedia - Converses a Catalunya","isPartOf":{"@id":"https:\/\/conversesacatalunya.cat\/#website"},"primaryImageOfPage":{"@id":"https:\/\/conversesacatalunya.cat\/es\/el-primer-informe-del-consejo-asesor-de-salud-pone-al-descubierto-los-10-puntos-de-la-tragedia\/#primaryimage"},"image":{"@id":"https:\/\/conversesacatalunya.cat\/es\/el-primer-informe-del-consejo-asesor-de-salud-pone-al-descubierto-los-10-puntos-de-la-tragedia\/#primaryimage"},"thumbnailUrl":"https:\/\/conversesacatalunya.cat\/wp-content\/uploads\/2020\/05\/consell-assessor-de-salut.jpeg","datePublished":"2020-05-07T11:21:20+00:00","dateModified":"2020-05-07T15:22:08+00:00","author":{"@id":"https:\/\/conversesacatalunya.cat\/#\/schema\/person\/7e24d1e54a2785373ddcb275eae5ed99"},"breadcrumb":{"@id":"https:\/\/conversesacatalunya.cat\/es\/el-primer-informe-del-consejo-asesor-de-salud-pone-al-descubierto-los-10-puntos-de-la-tragedia\/#breadcrumb"},"inLanguage":"es","potentialAction":[{"@type":"ReadAction","target":["https:\/\/conversesacatalunya.cat\/es\/el-primer-informe-del-consejo-asesor-de-salud-pone-al-descubierto-los-10-puntos-de-la-tragedia\/"]}]},{"@type":"ImageObject","inLanguage":"es","@id":"https:\/\/conversesacatalunya.cat\/es\/el-primer-informe-del-consejo-asesor-de-salud-pone-al-descubierto-los-10-puntos-de-la-tragedia\/#primaryimage","url":"https:\/\/conversesacatalunya.cat\/wp-content\/uploads\/2020\/05\/consell-assessor-de-salut.jpeg","contentUrl":"https:\/\/conversesacatalunya.cat\/wp-content\/uploads\/2020\/05\/consell-assessor-de-salut.jpeg","width":1600,"height":1066,"caption":"consell assessor de salut"},{"@type":"BreadcrumbList","@id":"https:\/\/conversesacatalunya.cat\/es\/el-primer-informe-del-consejo-asesor-de-salud-pone-al-descubierto-los-10-puntos-de-la-tragedia\/#breadcrumb","itemListElement":[{"@type":"ListItem","position":1,"name":"Inici","item":"https:\/\/conversesacatalunya.cat\/es\/"},{"@type":"ListItem","position":2,"name":"El primer informe del Consejo Asesor de Salud pone al descubierto los 10 puntos de la tragedia"}]},{"@type":"WebSite","@id":"https:\/\/conversesacatalunya.cat\/#website","url":"https:\/\/conversesacatalunya.cat\/","name":"Converses a Catalunya","description":"","potentialAction":[{"@type":"SearchAction","target":{"@type":"EntryPoint","urlTemplate":"https:\/\/conversesacatalunya.cat\/?s={search_term_string}"},"query-input":{"@type":"PropertyValueSpecification","valueRequired":true,"valueName":"search_term_string"}}],"inLanguage":"es"},{"@type":"Person","@id":"https:\/\/conversesacatalunya.cat\/#\/schema\/person\/7e24d1e54a2785373ddcb275eae5ed99","name":"conversesacatalunya","image":{"@type":"ImageObject","inLanguage":"es","@id":"https:\/\/conversesacatalunya.cat\/#\/schema\/person\/image\/","url":"https:\/\/conversesacatalunya.cat\/wp-content\/litespeed\/avatar\/febdfeeec89d950f01c748045a981dd2.jpg?ver=1777314535","contentUrl":"https:\/\/conversesacatalunya.cat\/wp-content\/litespeed\/avatar\/febdfeeec89d950f01c748045a981dd2.jpg?ver=1777314535","caption":"conversesacatalunya"},"url":"https:\/\/conversesacatalunya.cat\/es\/author\/carme_catala\/"}]}},"wps_subtitle":"","_links":{"self":[{"href":"https:\/\/conversesacatalunya.cat\/es\/wp-json\/wp\/v2\/posts\/35820","targetHints":{"allow":["GET"]}}],"collection":[{"href":"https:\/\/conversesacatalunya.cat\/es\/wp-json\/wp\/v2\/posts"}],"about":[{"href":"https:\/\/conversesacatalunya.cat\/es\/wp-json\/wp\/v2\/types\/post"}],"author":[{"embeddable":true,"href":"https:\/\/conversesacatalunya.cat\/es\/wp-json\/wp\/v2\/users\/2"}],"replies":[{"embeddable":true,"href":"https:\/\/conversesacatalunya.cat\/es\/wp-json\/wp\/v2\/comments?post=35820"}],"version-history":[{"count":2,"href":"https:\/\/conversesacatalunya.cat\/es\/wp-json\/wp\/v2\/posts\/35820\/revisions"}],"predecessor-version":[{"id":35821,"href":"https:\/\/conversesacatalunya.cat\/es\/wp-json\/wp\/v2\/posts\/35820\/revisions\/35821"}],"wp:featuredmedia":[{"embeddable":true,"href":"https:\/\/conversesacatalunya.cat\/es\/wp-json\/wp\/v2\/media\/35807"}],"wp:attachment":[{"href":"https:\/\/conversesacatalunya.cat\/es\/wp-json\/wp\/v2\/media?parent=35820"}],"wp:term":[{"taxonomy":"category","embeddable":true,"href":"https:\/\/conversesacatalunya.cat\/es\/wp-json\/wp\/v2\/categories?post=35820"},{"taxonomy":"post_tag","embeddable":true,"href":"https:\/\/conversesacatalunya.cat\/es\/wp-json\/wp\/v2\/tags?post=35820"}],"curies":[{"name":"wp","href":"https:\/\/api.w.org\/{rel}","templated":true}]}}