{"id":35747,"date":"2020-05-06T10:00:33","date_gmt":"2020-05-06T08:00:33","guid":{"rendered":"https:\/\/conversesacatalunya.cat\/?p=35747"},"modified":"2020-05-06T12:43:55","modified_gmt":"2020-05-06T10:43:55","slug":"el-sector-del-automovil-pide-ayuda-a-la-ue","status":"publish","type":"post","link":"https:\/\/conversesacatalunya.cat\/es\/el-sector-del-automovil-pide-ayuda-a-la-ue\/","title":{"rendered":"El sector del autom\u00f3vil pide ayuda a la UE"},"content":{"rendered":"<p>El Coronavirus est\u00e1 causando una de las mayores crisis que ha sufrido el sector del autom\u00f3vil. Si en los dos primeros meses del a\u00f1o ventas descendieron un 7,6% y un 6%, respectivamente,\u00a0<strong>el confinamiento ha dejado en stock a 200.000 coches<\/strong>. Adem\u00e1s, con las 17 f\u00e1bricas detenidas y 2.152 concesionarios cerrados, las ventas para este 2020 no son nada halag\u00fce\u00f1as.<\/p>\n<p>El sector del autom\u00f3vil se han quedado alrededor de 200.000 veh\u00edculos sin vender. \u201cEsos coches habr\u00e1 que sacarlos a la mayor brevedad y para eso habr\u00e1 que tener incentivos\u201d, explica el presidente de la asociaci\u00f3n de concesionarios Faconauto, Gerardo P\u00e9rez. A su juicio, se producir\u00e1 una gran presi\u00f3n comercial cuando abran con\u00a0<strong>rebajas en el entorno del 20% del precio habitual<\/strong>\u00a0del veh\u00edculo, pero tambi\u00e9n ser\u00e1n necesarias medidas de colaboraci\u00f3n p\u00fablico-privada. Por el momento, el 80% de estos veh\u00edculos ya est\u00e1n anunciados en portales online de clasificados, ya que son por el momento el \u00fanico escaparate posible para la distribuci\u00f3n. Se calcula que\u00a0 cada 24 horas que pasa sin venderse, de media, un veh\u00edculo seminuevo pierde unos 12 euros de valor. Estiman que el sector ha perdido unos 1.800 millones de euros desde que comenzase el estado de alarma el pasado 14 de marzo.<\/p>\n<p>Los concesionarios reclaman al Ejecutivo m\u00e1s presi\u00f3n a Bruselas para establecer una moratoria de la entrada en vigor de la normativa que limita las emisiones de CO2 de los veh\u00edculos ligeros hasta 95 gramos de CO2 por kil\u00f3metro recorrido. \u201cSer\u00e1 imposible cumplir un plan tan restrictivo perdiendo dos meses del a\u00f1o\u201d, explica Gerardo P\u00e9rez.<\/p>\n<span class='bctt-click-to-tweet'><span class='bctt-ctt-text'><a href='https:\/\/twitter.com\/intent\/tweet?url=https%3A%2F%2Fconversesacatalunya.cat%2Fes%2Fel-sector-del-automovil-pide-ayuda-a-la-ue%2F&#038;text=Ser%C3%A1%20imposible%20cumplir%20un%20plan%20tan%20restrictivo%20perdiendo%20dos%20meses%20del%20a%C3%B1o&#038;via=conversesacat&#038;related=conversesacat' target='_blank'rel=\"noopener noreferrer\">Ser\u00e1 imposible cumplir un plan tan restrictivo perdiendo dos meses del a\u00f1o <\/a><\/span><a href='https:\/\/twitter.com\/intent\/tweet?url=https%3A%2F%2Fconversesacatalunya.cat%2Fes%2Fel-sector-del-automovil-pide-ayuda-a-la-ue%2F&#038;text=Ser%C3%A1%20imposible%20cumplir%20un%20plan%20tan%20restrictivo%20perdiendo%20dos%20meses%20del%20a%C3%B1o&#038;via=conversesacat&#038;related=conversesacat' target='_blank' class='bctt-ctt-btn'rel=\"noopener noreferrer\">Compartir en X<\/a><\/span>\n<p>Las principales asociaciones del sector automovil\u00edstico europeo han publicado un plan de acci\u00f3n dotado de 25 puntos para tratar de superar la crisis que el coronavirus a provocado en la econom\u00eda del continente, en el cual se incluyen medidas como el refuerzo de los planes nacionales de renovaci\u00f3n del parque de veh\u00edculos con financiaci\u00f3n directa de la Uni\u00f3n Europea (UE). Piden que se emita<strong>\u00a0una gu\u00eda armonizada sobre las medidas de salud y seguridad<\/strong>\u00a0que tienen que tomarse en los lugares de trabajo, as\u00ed como la reapertura de los concesionarios y talleres \u201clo antes posible\u201d.<\/p>\n<p>Tal como lamentan estas asociaciones, el Covid-19 est\u00e1 teniendo un \u201cgran impacto\u201d en la econom\u00eda y el sector automovil\u00edstico se ha visto particularmente afectado, por lo que estas 25 acciones pretenden garantizar un fuerte reinicio de la automoci\u00f3n y ayudar a recuperar la senda de crecimiento en Europa.<\/p>\n<p>Como parte del plan de acci\u00f3n, el sector solicita esquemas coordinados de renovaci\u00f3n de veh\u00edculos para todos los tipos y categor\u00edas de autom\u00f3viles, lo cual, a su juicio, impulsar\u00e1 la demanda. Para ellos, los incentivos a la compra deben basarse en criterios similares en toda Europa, recurriendo tanto a financiaci\u00f3n nacional como de la UE.<\/p>\n","protected":false},"excerpt":{"rendered":"<p>El Coronavirus est\u00e1 causando una de las mayores crisis que ha sufrido el sector del autom\u00f3vil. Si en los dos primeros meses del a\u00f1o ventas descendieron un 7,6% y un 6%, respectivamente,\u00a0el confinamiento ha dejado en stock a 200.000 coches. Adem\u00e1s, con las 17 f\u00e1bricas detenidas y 2.152 concesionarios cerrados, las ventas para este 2020 no son nada halag\u00fce\u00f1as. El sector del autom\u00f3vil se han quedado alrededor de 200.000 veh\u00edculos sin vender. \u201cEsos coches habr\u00e1 que sacarlos a la mayor brevedad y para eso habr\u00e1 que tener incentivos\u201d, explica el presidente de la asociaci\u00f3n de concesionarios Faconauto, Gerardo P\u00e9rez. A su juicio, se producir\u00e1 una gran presi\u00f3n comercial cuando abran con\u00a0rebajas en el entorno del 20% del precio habitual\u00a0del veh\u00edculo, pero tambi\u00e9n ser\u00e1n necesarias medidas de colaboraci\u00f3n p\u00fablico-privada. Por el momento, el 80% de estos veh\u00edculos ya est\u00e1n anunciados en portales online de clasificados, ya que son por el momento el \u00fanico escaparate posible para la distribuci\u00f3n. Se calcula que\u00a0 cada 24 horas que pasa sin venderse, de media, un veh\u00edculo seminuevo pierde unos 12 euros de valor. Estiman que el sector ha perdido unos 1.800 millones de euros desde que comenzase el estado de alarma el pasado 14 de marzo. Los concesionarios reclaman al Ejecutivo m\u00e1s presi\u00f3n a Bruselas para establecer una moratoria de la entrada en vigor de la normativa que limita las emisiones de CO2 de los veh\u00edculos ligeros hasta 95 gramos de CO2 por kil\u00f3metro recorrido. \u201cSer\u00e1 imposible cumplir un plan tan restrictivo perdiendo dos meses del a\u00f1o\u201d, explica Gerardo P\u00e9rez. Las principales asociaciones del sector automovil\u00edstico europeo han publicado un plan de acci\u00f3n dotado de 25 puntos para tratar de superar la crisis que el coronavirus a provocado en la econom\u00eda del continente, en el cual se incluyen medidas como el refuerzo de los planes nacionales de renovaci\u00f3n del parque de veh\u00edculos con financiaci\u00f3n directa de la Uni\u00f3n Europea (UE). Piden que se emita\u00a0una gu\u00eda armonizada sobre las medidas de salud y seguridad\u00a0que tienen que tomarse en los lugares de trabajo, as\u00ed como la reapertura de los concesionarios y talleres \u201clo antes posible\u201d. Tal como lamentan estas asociaciones, el Covid-19 est\u00e1 teniendo un \u201cgran impacto\u201d en la econom\u00eda y el sector automovil\u00edstico se ha visto particularmente afectado, por lo que estas 25 acciones pretenden garantizar un fuerte reinicio de la automoci\u00f3n y ayudar a recuperar la senda de crecimiento en Europa. Como parte del plan de acci\u00f3n, el sector solicita esquemas coordinados de renovaci\u00f3n de veh\u00edculos para todos los tipos y categor\u00edas de autom\u00f3viles, lo cual, a su juicio, impulsar\u00e1 la demanda. Para ellos, los incentivos a la compra deben basarse en criterios similares en toda Europa, recurriendo tanto a financiaci\u00f3n nacional como de la UE.<\/p>\n","protected":false},"author":20,"featured_media":35730,"comment_status":"open","ping_status":"open","sticky":false,"template":"","format":"standard","meta":{"_FSMCFIC_featured_image_caption":"","_FSMCFIC_featured_image_nocaption":"","_FSMCFIC_featured_image_hide":"","footnotes":""},"categories":[1772,806],"tags":[831,2284],"class_list":["post-35747","post","type-post","status-publish","format-standard","has-post-thumbnail","hentry","category-especial-coronavirus-es","category-punts-claus-del-dia-es","tag-economia-es","tag-sector-de-lautomobil-es-2"],"yoast_head":"<!-- This site is optimized with the Yoast SEO plugin v26.8 - https:\/\/yoast.com\/product\/yoast-seo-wordpress\/ -->\n<title>El sector del autom\u00f3vil pide ayuda a la UE - Converses a Catalunya<\/title>\n<meta name=\"description\" content=\"El confinamiento en la UE a causa del Coronavirus ha golpeado letalmente al sector del autom\u00f3vil. Las principales asociaciones han solicitado a la UE\" \/>\n<meta name=\"robots\" content=\"index, follow, max-snippet:-1, max-image-preview:large, max-video-preview:-1\" \/>\n<link rel=\"canonical\" href=\"https:\/\/conversesacatalunya.cat\/es\/el-sector-del-automovil-pide-ayuda-a-la-ue\/\" \/>\n<meta property=\"og:locale\" content=\"es_ES\" \/>\n<meta property=\"og:type\" content=\"article\" \/>\n<meta property=\"og:title\" content=\"El sector del autom\u00f3vil pide ayuda a la UE - Converses a Catalunya\" \/>\n<meta property=\"og:description\" content=\"El confinamiento en la UE a causa del Coronavirus ha golpeado letalmente al sector del autom\u00f3vil. Las principales asociaciones han solicitado a la UE\" \/>\n<meta property=\"og:url\" content=\"https:\/\/conversesacatalunya.cat\/es\/el-sector-del-automovil-pide-ayuda-a-la-ue\/\" \/>\n<meta property=\"og:site_name\" content=\"Converses a Catalunya\" \/>\n<meta property=\"article:published_time\" content=\"2020-05-06T08:00:33+00:00\" \/>\n<meta property=\"article:modified_time\" content=\"2020-05-06T10:43:55+00:00\" \/>\n<meta property=\"og:image\" content=\"https:\/\/conversesacatalunya.cat\/wp-content\/uploads\/2020\/05\/Capture-1.png\" \/>\n\t<meta property=\"og:image:width\" content=\"907\" \/>\n\t<meta property=\"og:image:height\" content=\"601\" \/>\n\t<meta property=\"og:image:type\" content=\"image\/png\" \/>\n<meta name=\"author\" content=\"conversesacatalunya\" \/>\n<meta name=\"twitter:card\" content=\"summary_large_image\" \/>\n<meta name=\"twitter:label1\" content=\"Escrito por\" \/>\n\t<meta name=\"twitter:data1\" content=\"conversesacatalunya\" \/>\n\t<meta name=\"twitter:label2\" content=\"Tiempo de lectura\" \/>\n\t<meta name=\"twitter:data2\" content=\"3 minutos\" \/>\n<script type=\"application\/ld+json\" class=\"yoast-schema-graph\">{\"@context\":\"https:\/\/schema.org\",\"@graph\":[{\"@type\":\"Article\",\"@id\":\"https:\/\/conversesacatalunya.cat\/es\/el-sector-del-automovil-pide-ayuda-a-la-ue\/#article\",\"isPartOf\":{\"@id\":\"https:\/\/conversesacatalunya.cat\/es\/el-sector-del-automovil-pide-ayuda-a-la-ue\/\"},\"author\":{\"name\":\"conversesacatalunya\",\"@id\":\"https:\/\/conversesacatalunya.cat\/#\/schema\/person\/a7a9496a363cd9847daf7cd659d92e64\"},\"headline\":\"El sector del autom\u00f3vil pide ayuda a la UE\",\"datePublished\":\"2020-05-06T08:00:33+00:00\",\"dateModified\":\"2020-05-06T10:43:55+00:00\",\"mainEntityOfPage\":{\"@id\":\"https:\/\/conversesacatalunya.cat\/es\/el-sector-del-automovil-pide-ayuda-a-la-ue\/\"},\"wordCount\":510,\"commentCount\":0,\"image\":{\"@id\":\"https:\/\/conversesacatalunya.cat\/es\/el-sector-del-automovil-pide-ayuda-a-la-ue\/#primaryimage\"},\"thumbnailUrl\":\"https:\/\/conversesacatalunya.cat\/wp-content\/uploads\/2020\/05\/Capture-1.png\",\"keywords\":[\"Economia\",\"Sector de l'autom\u00f2bil\"],\"articleSection\":[\"Especial Coronavirus (ES)\",\"Punts clau del dia (ES)\"],\"inLanguage\":\"es\",\"potentialAction\":[{\"@type\":\"CommentAction\",\"name\":\"Comment\",\"target\":[\"https:\/\/conversesacatalunya.cat\/es\/el-sector-del-automovil-pide-ayuda-a-la-ue\/#respond\"]}]},{\"@type\":\"WebPage\",\"@id\":\"https:\/\/conversesacatalunya.cat\/es\/el-sector-del-automovil-pide-ayuda-a-la-ue\/\",\"url\":\"https:\/\/conversesacatalunya.cat\/es\/el-sector-del-automovil-pide-ayuda-a-la-ue\/\",\"name\":\"El sector del autom\u00f3vil pide ayuda a la UE - Converses a Catalunya\",\"isPartOf\":{\"@id\":\"https:\/\/conversesacatalunya.cat\/#website\"},\"primaryImageOfPage\":{\"@id\":\"https:\/\/conversesacatalunya.cat\/es\/el-sector-del-automovil-pide-ayuda-a-la-ue\/#primaryimage\"},\"image\":{\"@id\":\"https:\/\/conversesacatalunya.cat\/es\/el-sector-del-automovil-pide-ayuda-a-la-ue\/#primaryimage\"},\"thumbnailUrl\":\"https:\/\/conversesacatalunya.cat\/wp-content\/uploads\/2020\/05\/Capture-1.png\",\"datePublished\":\"2020-05-06T08:00:33+00:00\",\"dateModified\":\"2020-05-06T10:43:55+00:00\",\"author\":{\"@id\":\"https:\/\/conversesacatalunya.cat\/#\/schema\/person\/a7a9496a363cd9847daf7cd659d92e64\"},\"description\":\"El confinamiento en la UE a causa del Coronavirus ha golpeado letalmente al sector del autom\u00f3vil. Las principales asociaciones han solicitado a la UE\",\"breadcrumb\":{\"@id\":\"https:\/\/conversesacatalunya.cat\/es\/el-sector-del-automovil-pide-ayuda-a-la-ue\/#breadcrumb\"},\"inLanguage\":\"es\",\"potentialAction\":[{\"@type\":\"ReadAction\",\"target\":[\"https:\/\/conversesacatalunya.cat\/es\/el-sector-del-automovil-pide-ayuda-a-la-ue\/\"]}]},{\"@type\":\"ImageObject\",\"inLanguage\":\"es\",\"@id\":\"https:\/\/conversesacatalunya.cat\/es\/el-sector-del-automovil-pide-ayuda-a-la-ue\/#primaryimage\",\"url\":\"https:\/\/conversesacatalunya.cat\/wp-content\/uploads\/2020\/05\/Capture-1.png\",\"contentUrl\":\"https:\/\/conversesacatalunya.cat\/wp-content\/uploads\/2020\/05\/Capture-1.png\",\"width\":907,\"height\":601,\"caption\":\"sector de l'autom\u00f2bil\"},{\"@type\":\"BreadcrumbList\",\"@id\":\"https:\/\/conversesacatalunya.cat\/es\/el-sector-del-automovil-pide-ayuda-a-la-ue\/#breadcrumb\",\"itemListElement\":[{\"@type\":\"ListItem\",\"position\":1,\"name\":\"Inici\",\"item\":\"https:\/\/conversesacatalunya.cat\/es\/\"},{\"@type\":\"ListItem\",\"position\":2,\"name\":\"El sector del autom\u00f3vil pide ayuda a la UE\"}]},{\"@type\":\"WebSite\",\"@id\":\"https:\/\/conversesacatalunya.cat\/#website\",\"url\":\"https:\/\/conversesacatalunya.cat\/\",\"name\":\"Converses a Catalunya\",\"description\":\"\",\"potentialAction\":[{\"@type\":\"SearchAction\",\"target\":{\"@type\":\"EntryPoint\",\"urlTemplate\":\"https:\/\/conversesacatalunya.cat\/?s={search_term_string}\"},\"query-input\":{\"@type\":\"PropertyValueSpecification\",\"valueRequired\":true,\"valueName\":\"search_term_string\"}}],\"inLanguage\":\"es\"},{\"@type\":\"Person\",\"@id\":\"https:\/\/conversesacatalunya.cat\/#\/schema\/person\/a7a9496a363cd9847daf7cd659d92e64\",\"name\":\"conversesacatalunya\",\"image\":{\"@type\":\"ImageObject\",\"inLanguage\":\"es\",\"@id\":\"https:\/\/conversesacatalunya.cat\/#\/schema\/person\/image\/\",\"url\":\"https:\/\/conversesacatalunya.cat\/wp-content\/litespeed\/avatar\/ff91582b44ff9c880dc9c5ac2f5c7e89.jpg?ver=1777372947\",\"contentUrl\":\"https:\/\/conversesacatalunya.cat\/wp-content\/litespeed\/avatar\/ff91582b44ff9c880dc9c5ac2f5c7e89.jpg?ver=1777372947\",\"caption\":\"conversesacatalunya\"},\"url\":\"https:\/\/conversesacatalunya.cat\/es\/author\/francisco_garcia\/\"}]}<\/script>\n<!-- \/ Yoast SEO plugin. -->","yoast_head_json":{"title":"El sector del autom\u00f3vil pide ayuda a la UE - Converses a Catalunya","description":"El confinamiento en la UE a causa del Coronavirus ha golpeado letalmente al sector del autom\u00f3vil. Las principales asociaciones han solicitado a la UE","robots":{"index":"index","follow":"follow","max-snippet":"max-snippet:-1","max-image-preview":"max-image-preview:large","max-video-preview":"max-video-preview:-1"},"canonical":"https:\/\/conversesacatalunya.cat\/es\/el-sector-del-automovil-pide-ayuda-a-la-ue\/","og_locale":"es_ES","og_type":"article","og_title":"El sector del autom\u00f3vil pide ayuda a la UE - Converses a Catalunya","og_description":"El confinamiento en la UE a causa del Coronavirus ha golpeado letalmente al sector del autom\u00f3vil. Las principales asociaciones han solicitado a la UE","og_url":"https:\/\/conversesacatalunya.cat\/es\/el-sector-del-automovil-pide-ayuda-a-la-ue\/","og_site_name":"Converses a Catalunya","article_published_time":"2020-05-06T08:00:33+00:00","article_modified_time":"2020-05-06T10:43:55+00:00","og_image":[{"width":907,"height":601,"url":"https:\/\/conversesacatalunya.cat\/wp-content\/uploads\/2020\/05\/Capture-1.png","type":"image\/png"}],"author":"conversesacatalunya","twitter_card":"summary_large_image","twitter_misc":{"Escrito por":"conversesacatalunya","Tiempo de lectura":"3 minutos"},"schema":{"@context":"https:\/\/schema.org","@graph":[{"@type":"Article","@id":"https:\/\/conversesacatalunya.cat\/es\/el-sector-del-automovil-pide-ayuda-a-la-ue\/#article","isPartOf":{"@id":"https:\/\/conversesacatalunya.cat\/es\/el-sector-del-automovil-pide-ayuda-a-la-ue\/"},"author":{"name":"conversesacatalunya","@id":"https:\/\/conversesacatalunya.cat\/#\/schema\/person\/a7a9496a363cd9847daf7cd659d92e64"},"headline":"El sector del autom\u00f3vil pide ayuda a la UE","datePublished":"2020-05-06T08:00:33+00:00","dateModified":"2020-05-06T10:43:55+00:00","mainEntityOfPage":{"@id":"https:\/\/conversesacatalunya.cat\/es\/el-sector-del-automovil-pide-ayuda-a-la-ue\/"},"wordCount":510,"commentCount":0,"image":{"@id":"https:\/\/conversesacatalunya.cat\/es\/el-sector-del-automovil-pide-ayuda-a-la-ue\/#primaryimage"},"thumbnailUrl":"https:\/\/conversesacatalunya.cat\/wp-content\/uploads\/2020\/05\/Capture-1.png","keywords":["Economia","Sector de l'autom\u00f2bil"],"articleSection":["Especial Coronavirus (ES)","Punts clau del dia (ES)"],"inLanguage":"es","potentialAction":[{"@type":"CommentAction","name":"Comment","target":["https:\/\/conversesacatalunya.cat\/es\/el-sector-del-automovil-pide-ayuda-a-la-ue\/#respond"]}]},{"@type":"WebPage","@id":"https:\/\/conversesacatalunya.cat\/es\/el-sector-del-automovil-pide-ayuda-a-la-ue\/","url":"https:\/\/conversesacatalunya.cat\/es\/el-sector-del-automovil-pide-ayuda-a-la-ue\/","name":"El sector del autom\u00f3vil pide ayuda a la UE - Converses a Catalunya","isPartOf":{"@id":"https:\/\/conversesacatalunya.cat\/#website"},"primaryImageOfPage":{"@id":"https:\/\/conversesacatalunya.cat\/es\/el-sector-del-automovil-pide-ayuda-a-la-ue\/#primaryimage"},"image":{"@id":"https:\/\/conversesacatalunya.cat\/es\/el-sector-del-automovil-pide-ayuda-a-la-ue\/#primaryimage"},"thumbnailUrl":"https:\/\/conversesacatalunya.cat\/wp-content\/uploads\/2020\/05\/Capture-1.png","datePublished":"2020-05-06T08:00:33+00:00","dateModified":"2020-05-06T10:43:55+00:00","author":{"@id":"https:\/\/conversesacatalunya.cat\/#\/schema\/person\/a7a9496a363cd9847daf7cd659d92e64"},"description":"El confinamiento en la UE a causa del Coronavirus ha golpeado letalmente al sector del autom\u00f3vil. Las principales asociaciones han solicitado a la UE","breadcrumb":{"@id":"https:\/\/conversesacatalunya.cat\/es\/el-sector-del-automovil-pide-ayuda-a-la-ue\/#breadcrumb"},"inLanguage":"es","potentialAction":[{"@type":"ReadAction","target":["https:\/\/conversesacatalunya.cat\/es\/el-sector-del-automovil-pide-ayuda-a-la-ue\/"]}]},{"@type":"ImageObject","inLanguage":"es","@id":"https:\/\/conversesacatalunya.cat\/es\/el-sector-del-automovil-pide-ayuda-a-la-ue\/#primaryimage","url":"https:\/\/conversesacatalunya.cat\/wp-content\/uploads\/2020\/05\/Capture-1.png","contentUrl":"https:\/\/conversesacatalunya.cat\/wp-content\/uploads\/2020\/05\/Capture-1.png","width":907,"height":601,"caption":"sector de l'autom\u00f2bil"},{"@type":"BreadcrumbList","@id":"https:\/\/conversesacatalunya.cat\/es\/el-sector-del-automovil-pide-ayuda-a-la-ue\/#breadcrumb","itemListElement":[{"@type":"ListItem","position":1,"name":"Inici","item":"https:\/\/conversesacatalunya.cat\/es\/"},{"@type":"ListItem","position":2,"name":"El sector del autom\u00f3vil pide ayuda a la UE"}]},{"@type":"WebSite","@id":"https:\/\/conversesacatalunya.cat\/#website","url":"https:\/\/conversesacatalunya.cat\/","name":"Converses a Catalunya","description":"","potentialAction":[{"@type":"SearchAction","target":{"@type":"EntryPoint","urlTemplate":"https:\/\/conversesacatalunya.cat\/?s={search_term_string}"},"query-input":{"@type":"PropertyValueSpecification","valueRequired":true,"valueName":"search_term_string"}}],"inLanguage":"es"},{"@type":"Person","@id":"https:\/\/conversesacatalunya.cat\/#\/schema\/person\/a7a9496a363cd9847daf7cd659d92e64","name":"conversesacatalunya","image":{"@type":"ImageObject","inLanguage":"es","@id":"https:\/\/conversesacatalunya.cat\/#\/schema\/person\/image\/","url":"https:\/\/conversesacatalunya.cat\/wp-content\/litespeed\/avatar\/ff91582b44ff9c880dc9c5ac2f5c7e89.jpg?ver=1777372947","contentUrl":"https:\/\/conversesacatalunya.cat\/wp-content\/litespeed\/avatar\/ff91582b44ff9c880dc9c5ac2f5c7e89.jpg?ver=1777372947","caption":"conversesacatalunya"},"url":"https:\/\/conversesacatalunya.cat\/es\/author\/francisco_garcia\/"}]}},"wps_subtitle":"El confinamiento en la UE a causa del Coronavirus ha golpeado letalmente al sector del autom\u00f3vil. Tanto es as\u00ed que las principales asociaciones han solicitado a la UE apoyo al sector para poder salvar el a\u00f1o","_links":{"self":[{"href":"https:\/\/conversesacatalunya.cat\/es\/wp-json\/wp\/v2\/posts\/35747","targetHints":{"allow":["GET"]}}],"collection":[{"href":"https:\/\/conversesacatalunya.cat\/es\/wp-json\/wp\/v2\/posts"}],"about":[{"href":"https:\/\/conversesacatalunya.cat\/es\/wp-json\/wp\/v2\/types\/post"}],"author":[{"embeddable":true,"href":"https:\/\/conversesacatalunya.cat\/es\/wp-json\/wp\/v2\/users\/20"}],"replies":[{"embeddable":true,"href":"https:\/\/conversesacatalunya.cat\/es\/wp-json\/wp\/v2\/comments?post=35747"}],"version-history":[{"count":3,"href":"https:\/\/conversesacatalunya.cat\/es\/wp-json\/wp\/v2\/posts\/35747\/revisions"}],"predecessor-version":[{"id":35750,"href":"https:\/\/conversesacatalunya.cat\/es\/wp-json\/wp\/v2\/posts\/35747\/revisions\/35750"}],"wp:featuredmedia":[{"embeddable":true,"href":"https:\/\/conversesacatalunya.cat\/es\/wp-json\/wp\/v2\/media\/35730"}],"wp:attachment":[{"href":"https:\/\/conversesacatalunya.cat\/es\/wp-json\/wp\/v2\/media?parent=35747"}],"wp:term":[{"taxonomy":"category","embeddable":true,"href":"https:\/\/conversesacatalunya.cat\/es\/wp-json\/wp\/v2\/categories?post=35747"},{"taxonomy":"post_tag","embeddable":true,"href":"https:\/\/conversesacatalunya.cat\/es\/wp-json\/wp\/v2\/tags?post=35747"}],"curies":[{"name":"wp","href":"https:\/\/api.w.org\/{rel}","templated":true}]}}