{"id":35676,"date":"2020-05-05T10:15:19","date_gmt":"2020-05-05T08:15:19","guid":{"rendered":"https:\/\/conversesacatalunya.cat\/?p=35676"},"modified":"2020-05-05T10:29:42","modified_gmt":"2020-05-05T08:29:42","slug":"un-estado-que-alarma-o-las-extranas-contrataciones-en-el-boe","status":"publish","type":"post","link":"https:\/\/conversesacatalunya.cat\/es\/un-estado-que-alarma-o-las-extranas-contrataciones-en-el-boe\/","title":{"rendered":"Un estado que alarma, o las extra\u00f1as contrataciones en el BOE"},"content":{"rendered":"<p>Nos encaminamos hacia una nueva pr\u00f3rroga del estado de alarma (o estado que alarma) que el propio Gobierno califica como \u201catenuado\u201d en la medida en que coincidir\u00e1 con el plan de desescalada aprobado por el Consejo de Ministros en su reuni\u00f3n de 28 de abril.<\/p>\n<p>Numerosas voces de personas con procedencias ideol\u00f3gicas muy diversas han cuestionado el modo como el Gobierno ha gestionado, desde su inicio, el estado de alarma, utiliz\u00e1ndolo para imponer un dr\u00e1stico recorte de derechos y libertades que, solo parcialmente, parec\u00edan imprescindibles para el control de la pandemia.<\/p>\n<p>Se trata, sin duda de un debate fundamental en la medida en que el Estado de Derecho existe para defender y garantizar los derechos y libertades de los ciudadanos.<a href=\"https:\/\/es.wikipedia.org\/wiki\/Teor%C3%ADa_pura_del_derecho\" target=\"_blank\" rel=\"noopener noreferrer\"><strong> Kelsen<\/strong>,<\/a> uno de los padres del constitucionalismo moderno, lleg\u00f3 a formularlo categ\u00f3ricamente: \u201cEl Estado es derecho\u201d.<\/p>\n<p>Partiendo de esta premisa no se puede distinguir entre violaciones del derecho de mayor o menor entidad, cuando analizamos la conducta del Gobierno, y ello por cuanto el Gobierno democr\u00e1tico ostenta el \u201cpoder\u201d legitimado por la elecci\u00f3n, pero en todo caso un poder limitado por el control parlamentario y por el imperio de la ley. Fuera de la ley no hay poder leg\u00edtimo.<\/p>\n<p>Por eso buena parte de la opini\u00f3n p\u00fablica empieza a ver con desasosiego la prolongaci\u00f3n de un estado de alarma cuya principal raz\u00f3n de ser, se intuye, es otorgar poderes excepcionales al Gobierno, un Gobierno capaz de limitar derechos y libertades al tiempo que se permite a s\u00ed mismo libertades sin ninguna justificaci\u00f3n.<\/p>\n<p><strong>V\u00e9ase un ejemplo reciente en el escabroso terreno de las compras de material de protecci\u00f3n frente a la Covid-19<\/strong>. El BOE n\u00famero 13.138 de 30 de abril pasado daba cuenta de la adjudicaci\u00f3n de un contrato, sin publicidad, con tramitaci\u00f3n acelerada, en favor de una empresa llamada M.J. Steps de la que se hace constar una direcci\u00f3n desconocida, localidad desconocida y una indicaci\u00f3n de Espa\u00f1a como pa\u00eds, se supone que del domicilio. <strong>El contrato tiene un importe de 4,3 millones de euros y<\/strong> basta una simple investigaci\u00f3n en internet para constatar <strong>que la empresa en cuesti\u00f3n es suiza<\/strong>, se llama realmente MJ Steps GmbH, tiene un NIF W 03934439, que se corresponde con <strong>una empresa no residente<\/strong> y que parece tener una oficina abierta en Gav\u00e1.<\/p>\n<p>En la misma fecha, el BOE n\u00famero 13.139 hace p\u00fablica otra adjudicaci\u00f3n en favor de <strong>Hong Kong Travis Asia Limited<\/strong>, otra empresa <strong>de direcci\u00f3n desconocida, localidad desconocida, de la que se hace constar como pa\u00eds de residencia Espa\u00f1a<\/strong>.\u00a0 En este caso la cuant\u00eda del <strong>contrato es de 11.713.367,02 \u20ac y<\/strong> el procedimiento de adjudicaci\u00f3n es sin publicidad y acelerado. Se da la circunstancia de que esta empresa ha sido adjudicataria, al menos, de otro contrato de material sanitario <strong>por importe de 150.061.219 \u20ac. <\/strong>Obviamente la sociedad no es espa\u00f1ola, est\u00e1 constituida en Hong Kong y tiene menos de un a\u00f1o de existencia. <strong>Su domicilio es perfectamente conocido y su actividad tambi\u00e9n<\/strong>.<\/p>\n<p>No pretendemos poner en duda la buena intenci\u00f3n o la honestidad de nadie; pero s\u00ed resulta obligatorio cuestionar, tambi\u00e9n en este caso, las buenas pr\u00e1cticas de <strong>un Gobierno que parece pensar que las obligaciones y las formalidades rigen solo para los dem\u00e1s.<\/strong><\/p>\n<p>Es una obviedad, pero conviene recordar que un Estado que no respeta el derecho no es un Estado de Derecho, es un Estado que alarma.<\/p>\n<p style=\"text-align: center;\"><a href=\"https:\/\/conversesacatalunya.cat\/es\/coronavirus\/\" target=\"_blank\" rel=\"noopener noreferrer\"><strong>M\u00e1s informaci\u00f3n ESPECIAL CORONAVIRUS<\/strong><\/a><\/p>\n<p><strong><span class='bctt-click-to-tweet'><span class='bctt-ctt-text'><a href='https:\/\/twitter.com\/intent\/tweet?url=https%3A%2F%2Fconversesacatalunya.cat%2Fes%2Fun-estado-que-alarma-o-las-extranas-contrataciones-en-el-boe%2F&#038;text=V%C3%A9ase%20un%20ejemplo%20reciente%20en%20el%20escabroso%20terreno%20de%20las%20compras%20de%20material%20de%20protecci%C3%B3n%20frente%20al%20Covid19.%20El%20BOE%20n%C3%BAmero%2013.138%20de%2030%20de%20abril%20pasado&#038;via=conversesacat&#038;related=conversesacat' target='_blank'rel=\"noopener noreferrer\">V\u00e9ase un ejemplo reciente en el escabroso terreno de las compras de material de protecci\u00f3n frente al Covid19. El BOE n\u00famero 13.138 de 30 de abril pasado <\/a><\/span><a href='https:\/\/twitter.com\/intent\/tweet?url=https%3A%2F%2Fconversesacatalunya.cat%2Fes%2Fun-estado-que-alarma-o-las-extranas-contrataciones-en-el-boe%2F&#038;text=V%C3%A9ase%20un%20ejemplo%20reciente%20en%20el%20escabroso%20terreno%20de%20las%20compras%20de%20material%20de%20protecci%C3%B3n%20frente%20al%20Covid19.%20El%20BOE%20n%C3%BAmero%2013.138%20de%2030%20de%20abril%20pasado&#038;via=conversesacat&#038;related=conversesacat' target='_blank' class='bctt-ctt-btn'rel=\"noopener noreferrer\">Compartir en X<\/a><\/span><\/strong><\/p>\n<p>&nbsp;<\/p>\n<p>&nbsp;<\/p>\n","protected":false},"excerpt":{"rendered":"<p>Nos encaminamos hacia una nueva pr\u00f3rroga del estado de alarma (o estado que alarma) que el propio Gobierno califica como \u201catenuado\u201d en la medida en que coincidir\u00e1 con el plan de desescalada aprobado por el Consejo de Ministros en su reuni\u00f3n de 28 de abril. Numerosas voces de personas con procedencias ideol\u00f3gicas muy diversas han cuestionado el modo como el Gobierno ha gestionado, desde su inicio, el estado de alarma, utiliz\u00e1ndolo para imponer un dr\u00e1stico recorte de derechos y libertades que, solo parcialmente, parec\u00edan imprescindibles para el control de la pandemia. Se trata, sin duda de un debate fundamental en la medida en que el Estado de Derecho existe para defender y garantizar los derechos y libertades de los ciudadanos. Kelsen, uno de los padres del constitucionalismo moderno, lleg\u00f3 a formularlo categ\u00f3ricamente: \u201cEl Estado es derecho\u201d. Partiendo de esta premisa no se puede distinguir entre violaciones del derecho de mayor o menor entidad, cuando analizamos la conducta del Gobierno, y ello por cuanto el Gobierno democr\u00e1tico ostenta el \u201cpoder\u201d legitimado por la elecci\u00f3n, pero en todo caso un poder limitado por el control parlamentario y por el imperio de la ley. Fuera de la ley no hay poder leg\u00edtimo. Por eso buena parte de la opini\u00f3n p\u00fablica empieza a ver con desasosiego la prolongaci\u00f3n de un estado de alarma cuya principal raz\u00f3n de ser, se intuye, es otorgar poderes excepcionales al Gobierno, un Gobierno capaz de limitar derechos y libertades al tiempo que se permite a s\u00ed mismo libertades sin ninguna justificaci\u00f3n. V\u00e9ase un ejemplo reciente en el escabroso terreno de las compras de material de protecci\u00f3n frente a la Covid-19. El BOE n\u00famero 13.138 de 30 de abril pasado daba cuenta de la adjudicaci\u00f3n de un contrato, sin publicidad, con tramitaci\u00f3n acelerada, en favor de una empresa llamada M.J. Steps de la que se hace constar una direcci\u00f3n desconocida, localidad desconocida y una indicaci\u00f3n de Espa\u00f1a como pa\u00eds, se supone que del domicilio. El contrato tiene un importe de 4,3 millones de euros y basta una simple investigaci\u00f3n en internet para constatar que la empresa en cuesti\u00f3n es suiza, se llama realmente MJ Steps GmbH, tiene un NIF W 03934439, que se corresponde con una empresa no residente y que parece tener una oficina abierta en Gav\u00e1. En la misma fecha, el BOE n\u00famero 13.139 hace p\u00fablica otra adjudicaci\u00f3n en favor de Hong Kong Travis Asia Limited, otra empresa de direcci\u00f3n desconocida, localidad desconocida, de la que se hace constar como pa\u00eds de residencia Espa\u00f1a.\u00a0 En este caso la cuant\u00eda del contrato es de 11.713.367,02 \u20ac y el procedimiento de adjudicaci\u00f3n es sin publicidad y acelerado. Se da la circunstancia de que esta empresa ha sido adjudicataria, al menos, de otro contrato de material sanitario por importe de 150.061.219 \u20ac. Obviamente la sociedad no es espa\u00f1ola, est\u00e1 constituida en Hong Kong y tiene menos de un a\u00f1o de existencia. Su domicilio es perfectamente conocido y su actividad tambi\u00e9n. No pretendemos poner en duda la buena intenci\u00f3n o la honestidad de nadie; pero s\u00ed resulta obligatorio cuestionar, tambi\u00e9n en este caso, las buenas pr\u00e1cticas de un Gobierno que parece pensar que las obligaciones y las formalidades rigen solo para los dem\u00e1s. Es una obviedad, pero conviene recordar que un Estado que no respeta el derecho no es un Estado de Derecho, es un Estado que alarma. M\u00e1s informaci\u00f3n ESPECIAL CORONAVIRUS &nbsp; &nbsp;<\/p>\n","protected":false},"author":3,"featured_media":35681,"comment_status":"open","ping_status":"open","sticky":false,"template":"","format":"standard","meta":{"_FSMCFIC_featured_image_caption":"","_FSMCFIC_featured_image_nocaption":"","_FSMCFIC_featured_image_hide":"","footnotes":""},"categories":[1772,806],"tags":[2273,1913,2269,1901,1865],"class_list":["post-35676","post","type-post","status-publish","format-standard","has-post-thumbnail","hentry","category-especial-coronavirus-es","category-punts-claus-del-dia-es","tag-boe-es","tag-covid-19-es","tag-desescalada","tag-estado-de-alarma","tag-pandemia-es"],"yoast_head":"<!-- This site is optimized with the Yoast SEO plugin v26.8 - https:\/\/yoast.com\/product\/yoast-seo-wordpress\/ -->\n<title>Un estado que alarma, o las extra\u00f1as contrataciones en el BOE - Converses a Catalunya<\/title>\n<meta name=\"description\" content=\"Nos encaminamos hacia una nueva pr\u00f3rroga del estado de alarma (o estado que alarma) que el propio Gobierno califica como \u201catenuado\u201d\" \/>\n<meta name=\"robots\" content=\"index, follow, max-snippet:-1, max-image-preview:large, max-video-preview:-1\" \/>\n<link rel=\"canonical\" href=\"https:\/\/conversesacatalunya.cat\/es\/un-estado-que-alarma-o-las-extranas-contrataciones-en-el-boe\/\" \/>\n<meta property=\"og:locale\" content=\"es_ES\" \/>\n<meta property=\"og:type\" content=\"article\" \/>\n<meta property=\"og:title\" content=\"Un estado que alarma, o las extra\u00f1as contrataciones en el BOE - Converses a Catalunya\" \/>\n<meta property=\"og:description\" content=\"Nos encaminamos hacia una nueva pr\u00f3rroga del estado de alarma (o estado que alarma) que el propio Gobierno califica como \u201catenuado\u201d\" \/>\n<meta property=\"og:url\" content=\"https:\/\/conversesacatalunya.cat\/es\/un-estado-que-alarma-o-las-extranas-contrataciones-en-el-boe\/\" \/>\n<meta property=\"og:site_name\" content=\"Converses a Catalunya\" \/>\n<meta property=\"article:published_time\" content=\"2020-05-05T08:15:19+00:00\" \/>\n<meta property=\"article:modified_time\" content=\"2020-05-05T08:29:42+00:00\" \/>\n<meta property=\"og:image\" content=\"https:\/\/conversesacatalunya.cat\/wp-content\/uploads\/2020\/05\/BOE.jpg\" \/>\n\t<meta property=\"og:image:width\" content=\"1248\" \/>\n\t<meta property=\"og:image:height\" content=\"770\" \/>\n\t<meta property=\"og:image:type\" content=\"image\/jpeg\" \/>\n<meta name=\"author\" content=\"conversesacatalunya\" \/>\n<meta name=\"twitter:card\" content=\"summary_large_image\" \/>\n<meta name=\"twitter:label1\" content=\"Escrito por\" \/>\n\t<meta name=\"twitter:data1\" content=\"conversesacatalunya\" \/>\n\t<meta name=\"twitter:label2\" content=\"Tiempo de lectura\" \/>\n\t<meta name=\"twitter:data2\" content=\"3 minutos\" \/>\n<script type=\"application\/ld+json\" class=\"yoast-schema-graph\">{\"@context\":\"https:\/\/schema.org\",\"@graph\":[{\"@type\":\"Article\",\"@id\":\"https:\/\/conversesacatalunya.cat\/es\/un-estado-que-alarma-o-las-extranas-contrataciones-en-el-boe\/#article\",\"isPartOf\":{\"@id\":\"https:\/\/conversesacatalunya.cat\/es\/un-estado-que-alarma-o-las-extranas-contrataciones-en-el-boe\/\"},\"author\":{\"name\":\"conversesacatalunya\",\"@id\":\"https:\/\/conversesacatalunya.cat\/#\/schema\/person\/982274792508d804a0821b413c9ac076\"},\"headline\":\"Un estado que alarma, o las extra\u00f1as contrataciones en el BOE\",\"datePublished\":\"2020-05-05T08:15:19+00:00\",\"dateModified\":\"2020-05-05T08:29:42+00:00\",\"mainEntityOfPage\":{\"@id\":\"https:\/\/conversesacatalunya.cat\/es\/un-estado-que-alarma-o-las-extranas-contrataciones-en-el-boe\/\"},\"wordCount\":640,\"commentCount\":0,\"image\":{\"@id\":\"https:\/\/conversesacatalunya.cat\/es\/un-estado-que-alarma-o-las-extranas-contrataciones-en-el-boe\/#primaryimage\"},\"thumbnailUrl\":\"https:\/\/conversesacatalunya.cat\/wp-content\/uploads\/2020\/05\/BOE.jpg\",\"keywords\":[\"BOE\",\"Covid-19\",\"desescalada\",\"Estado de Alarma\",\"pand\u00e8mia\"],\"articleSection\":[\"Especial Coronavirus (ES)\",\"Punts clau del dia (ES)\"],\"inLanguage\":\"es\",\"potentialAction\":[{\"@type\":\"CommentAction\",\"name\":\"Comment\",\"target\":[\"https:\/\/conversesacatalunya.cat\/es\/un-estado-que-alarma-o-las-extranas-contrataciones-en-el-boe\/#respond\"]}]},{\"@type\":\"WebPage\",\"@id\":\"https:\/\/conversesacatalunya.cat\/es\/un-estado-que-alarma-o-las-extranas-contrataciones-en-el-boe\/\",\"url\":\"https:\/\/conversesacatalunya.cat\/es\/un-estado-que-alarma-o-las-extranas-contrataciones-en-el-boe\/\",\"name\":\"Un estado que alarma, o las extra\u00f1as contrataciones en el BOE - Converses a Catalunya\",\"isPartOf\":{\"@id\":\"https:\/\/conversesacatalunya.cat\/#website\"},\"primaryImageOfPage\":{\"@id\":\"https:\/\/conversesacatalunya.cat\/es\/un-estado-que-alarma-o-las-extranas-contrataciones-en-el-boe\/#primaryimage\"},\"image\":{\"@id\":\"https:\/\/conversesacatalunya.cat\/es\/un-estado-que-alarma-o-las-extranas-contrataciones-en-el-boe\/#primaryimage\"},\"thumbnailUrl\":\"https:\/\/conversesacatalunya.cat\/wp-content\/uploads\/2020\/05\/BOE.jpg\",\"datePublished\":\"2020-05-05T08:15:19+00:00\",\"dateModified\":\"2020-05-05T08:29:42+00:00\",\"author\":{\"@id\":\"https:\/\/conversesacatalunya.cat\/#\/schema\/person\/982274792508d804a0821b413c9ac076\"},\"description\":\"Nos encaminamos hacia una nueva pr\u00f3rroga del estado de alarma (o estado que alarma) que el propio Gobierno califica como \u201catenuado\u201d\",\"breadcrumb\":{\"@id\":\"https:\/\/conversesacatalunya.cat\/es\/un-estado-que-alarma-o-las-extranas-contrataciones-en-el-boe\/#breadcrumb\"},\"inLanguage\":\"es\",\"potentialAction\":[{\"@type\":\"ReadAction\",\"target\":[\"https:\/\/conversesacatalunya.cat\/es\/un-estado-que-alarma-o-las-extranas-contrataciones-en-el-boe\/\"]}]},{\"@type\":\"ImageObject\",\"inLanguage\":\"es\",\"@id\":\"https:\/\/conversesacatalunya.cat\/es\/un-estado-que-alarma-o-las-extranas-contrataciones-en-el-boe\/#primaryimage\",\"url\":\"https:\/\/conversesacatalunya.cat\/wp-content\/uploads\/2020\/05\/BOE.jpg\",\"contentUrl\":\"https:\/\/conversesacatalunya.cat\/wp-content\/uploads\/2020\/05\/BOE.jpg\",\"width\":1248,\"height\":770,\"caption\":\"BOE adjudicaci\u00f3n contrato Covid-19\"},{\"@type\":\"BreadcrumbList\",\"@id\":\"https:\/\/conversesacatalunya.cat\/es\/un-estado-que-alarma-o-las-extranas-contrataciones-en-el-boe\/#breadcrumb\",\"itemListElement\":[{\"@type\":\"ListItem\",\"position\":1,\"name\":\"Inici\",\"item\":\"https:\/\/conversesacatalunya.cat\/es\/\"},{\"@type\":\"ListItem\",\"position\":2,\"name\":\"Un estado que alarma, o las extra\u00f1as contrataciones en el BOE\"}]},{\"@type\":\"WebSite\",\"@id\":\"https:\/\/conversesacatalunya.cat\/#website\",\"url\":\"https:\/\/conversesacatalunya.cat\/\",\"name\":\"Converses a Catalunya\",\"description\":\"\",\"potentialAction\":[{\"@type\":\"SearchAction\",\"target\":{\"@type\":\"EntryPoint\",\"urlTemplate\":\"https:\/\/conversesacatalunya.cat\/?s={search_term_string}\"},\"query-input\":{\"@type\":\"PropertyValueSpecification\",\"valueRequired\":true,\"valueName\":\"search_term_string\"}}],\"inLanguage\":\"es\"},{\"@type\":\"Person\",\"@id\":\"https:\/\/conversesacatalunya.cat\/#\/schema\/person\/982274792508d804a0821b413c9ac076\",\"name\":\"conversesacatalunya\",\"image\":{\"@type\":\"ImageObject\",\"inLanguage\":\"es\",\"@id\":\"https:\/\/conversesacatalunya.cat\/#\/schema\/person\/image\/\",\"url\":\"https:\/\/conversesacatalunya.cat\/wp-content\/litespeed\/avatar\/f04b47eeffd9637c7cf7869e217fb9ec.jpg?ver=1777370077\",\"contentUrl\":\"https:\/\/conversesacatalunya.cat\/wp-content\/litespeed\/avatar\/f04b47eeffd9637c7cf7869e217fb9ec.jpg?ver=1777370077\",\"caption\":\"conversesacatalunya\"},\"url\":\"https:\/\/conversesacatalunya.cat\/es\/author\/muntsa_escola\/\"}]}<\/script>\n<!-- \/ Yoast SEO plugin. -->","yoast_head_json":{"title":"Un estado que alarma, o las extra\u00f1as contrataciones en el BOE - Converses a Catalunya","description":"Nos encaminamos hacia una nueva pr\u00f3rroga del estado de alarma (o estado que alarma) que el propio Gobierno califica como \u201catenuado\u201d","robots":{"index":"index","follow":"follow","max-snippet":"max-snippet:-1","max-image-preview":"max-image-preview:large","max-video-preview":"max-video-preview:-1"},"canonical":"https:\/\/conversesacatalunya.cat\/es\/un-estado-que-alarma-o-las-extranas-contrataciones-en-el-boe\/","og_locale":"es_ES","og_type":"article","og_title":"Un estado que alarma, o las extra\u00f1as contrataciones en el BOE - Converses a Catalunya","og_description":"Nos encaminamos hacia una nueva pr\u00f3rroga del estado de alarma (o estado que alarma) que el propio Gobierno califica como \u201catenuado\u201d","og_url":"https:\/\/conversesacatalunya.cat\/es\/un-estado-que-alarma-o-las-extranas-contrataciones-en-el-boe\/","og_site_name":"Converses a Catalunya","article_published_time":"2020-05-05T08:15:19+00:00","article_modified_time":"2020-05-05T08:29:42+00:00","og_image":[{"width":1248,"height":770,"url":"https:\/\/conversesacatalunya.cat\/wp-content\/uploads\/2020\/05\/BOE.jpg","type":"image\/jpeg"}],"author":"conversesacatalunya","twitter_card":"summary_large_image","twitter_misc":{"Escrito por":"conversesacatalunya","Tiempo de lectura":"3 minutos"},"schema":{"@context":"https:\/\/schema.org","@graph":[{"@type":"Article","@id":"https:\/\/conversesacatalunya.cat\/es\/un-estado-que-alarma-o-las-extranas-contrataciones-en-el-boe\/#article","isPartOf":{"@id":"https:\/\/conversesacatalunya.cat\/es\/un-estado-que-alarma-o-las-extranas-contrataciones-en-el-boe\/"},"author":{"name":"conversesacatalunya","@id":"https:\/\/conversesacatalunya.cat\/#\/schema\/person\/982274792508d804a0821b413c9ac076"},"headline":"Un estado que alarma, o las extra\u00f1as contrataciones en el BOE","datePublished":"2020-05-05T08:15:19+00:00","dateModified":"2020-05-05T08:29:42+00:00","mainEntityOfPage":{"@id":"https:\/\/conversesacatalunya.cat\/es\/un-estado-que-alarma-o-las-extranas-contrataciones-en-el-boe\/"},"wordCount":640,"commentCount":0,"image":{"@id":"https:\/\/conversesacatalunya.cat\/es\/un-estado-que-alarma-o-las-extranas-contrataciones-en-el-boe\/#primaryimage"},"thumbnailUrl":"https:\/\/conversesacatalunya.cat\/wp-content\/uploads\/2020\/05\/BOE.jpg","keywords":["BOE","Covid-19","desescalada","Estado de Alarma","pand\u00e8mia"],"articleSection":["Especial Coronavirus (ES)","Punts clau del dia (ES)"],"inLanguage":"es","potentialAction":[{"@type":"CommentAction","name":"Comment","target":["https:\/\/conversesacatalunya.cat\/es\/un-estado-que-alarma-o-las-extranas-contrataciones-en-el-boe\/#respond"]}]},{"@type":"WebPage","@id":"https:\/\/conversesacatalunya.cat\/es\/un-estado-que-alarma-o-las-extranas-contrataciones-en-el-boe\/","url":"https:\/\/conversesacatalunya.cat\/es\/un-estado-que-alarma-o-las-extranas-contrataciones-en-el-boe\/","name":"Un estado que alarma, o las extra\u00f1as contrataciones en el BOE - Converses a Catalunya","isPartOf":{"@id":"https:\/\/conversesacatalunya.cat\/#website"},"primaryImageOfPage":{"@id":"https:\/\/conversesacatalunya.cat\/es\/un-estado-que-alarma-o-las-extranas-contrataciones-en-el-boe\/#primaryimage"},"image":{"@id":"https:\/\/conversesacatalunya.cat\/es\/un-estado-que-alarma-o-las-extranas-contrataciones-en-el-boe\/#primaryimage"},"thumbnailUrl":"https:\/\/conversesacatalunya.cat\/wp-content\/uploads\/2020\/05\/BOE.jpg","datePublished":"2020-05-05T08:15:19+00:00","dateModified":"2020-05-05T08:29:42+00:00","author":{"@id":"https:\/\/conversesacatalunya.cat\/#\/schema\/person\/982274792508d804a0821b413c9ac076"},"description":"Nos encaminamos hacia una nueva pr\u00f3rroga del estado de alarma (o estado que alarma) que el propio Gobierno califica como \u201catenuado\u201d","breadcrumb":{"@id":"https:\/\/conversesacatalunya.cat\/es\/un-estado-que-alarma-o-las-extranas-contrataciones-en-el-boe\/#breadcrumb"},"inLanguage":"es","potentialAction":[{"@type":"ReadAction","target":["https:\/\/conversesacatalunya.cat\/es\/un-estado-que-alarma-o-las-extranas-contrataciones-en-el-boe\/"]}]},{"@type":"ImageObject","inLanguage":"es","@id":"https:\/\/conversesacatalunya.cat\/es\/un-estado-que-alarma-o-las-extranas-contrataciones-en-el-boe\/#primaryimage","url":"https:\/\/conversesacatalunya.cat\/wp-content\/uploads\/2020\/05\/BOE.jpg","contentUrl":"https:\/\/conversesacatalunya.cat\/wp-content\/uploads\/2020\/05\/BOE.jpg","width":1248,"height":770,"caption":"BOE adjudicaci\u00f3n contrato Covid-19"},{"@type":"BreadcrumbList","@id":"https:\/\/conversesacatalunya.cat\/es\/un-estado-que-alarma-o-las-extranas-contrataciones-en-el-boe\/#breadcrumb","itemListElement":[{"@type":"ListItem","position":1,"name":"Inici","item":"https:\/\/conversesacatalunya.cat\/es\/"},{"@type":"ListItem","position":2,"name":"Un estado que alarma, o las extra\u00f1as contrataciones en el BOE"}]},{"@type":"WebSite","@id":"https:\/\/conversesacatalunya.cat\/#website","url":"https:\/\/conversesacatalunya.cat\/","name":"Converses a Catalunya","description":"","potentialAction":[{"@type":"SearchAction","target":{"@type":"EntryPoint","urlTemplate":"https:\/\/conversesacatalunya.cat\/?s={search_term_string}"},"query-input":{"@type":"PropertyValueSpecification","valueRequired":true,"valueName":"search_term_string"}}],"inLanguage":"es"},{"@type":"Person","@id":"https:\/\/conversesacatalunya.cat\/#\/schema\/person\/982274792508d804a0821b413c9ac076","name":"conversesacatalunya","image":{"@type":"ImageObject","inLanguage":"es","@id":"https:\/\/conversesacatalunya.cat\/#\/schema\/person\/image\/","url":"https:\/\/conversesacatalunya.cat\/wp-content\/litespeed\/avatar\/f04b47eeffd9637c7cf7869e217fb9ec.jpg?ver=1777370077","contentUrl":"https:\/\/conversesacatalunya.cat\/wp-content\/litespeed\/avatar\/f04b47eeffd9637c7cf7869e217fb9ec.jpg?ver=1777370077","caption":"conversesacatalunya"},"url":"https:\/\/conversesacatalunya.cat\/es\/author\/muntsa_escola\/"}]}},"wps_subtitle":"","_links":{"self":[{"href":"https:\/\/conversesacatalunya.cat\/es\/wp-json\/wp\/v2\/posts\/35676","targetHints":{"allow":["GET"]}}],"collection":[{"href":"https:\/\/conversesacatalunya.cat\/es\/wp-json\/wp\/v2\/posts"}],"about":[{"href":"https:\/\/conversesacatalunya.cat\/es\/wp-json\/wp\/v2\/types\/post"}],"author":[{"embeddable":true,"href":"https:\/\/conversesacatalunya.cat\/es\/wp-json\/wp\/v2\/users\/3"}],"replies":[{"embeddable":true,"href":"https:\/\/conversesacatalunya.cat\/es\/wp-json\/wp\/v2\/comments?post=35676"}],"version-history":[{"count":4,"href":"https:\/\/conversesacatalunya.cat\/es\/wp-json\/wp\/v2\/posts\/35676\/revisions"}],"predecessor-version":[{"id":35687,"href":"https:\/\/conversesacatalunya.cat\/es\/wp-json\/wp\/v2\/posts\/35676\/revisions\/35687"}],"wp:featuredmedia":[{"embeddable":true,"href":"https:\/\/conversesacatalunya.cat\/es\/wp-json\/wp\/v2\/media\/35681"}],"wp:attachment":[{"href":"https:\/\/conversesacatalunya.cat\/es\/wp-json\/wp\/v2\/media?parent=35676"}],"wp:term":[{"taxonomy":"category","embeddable":true,"href":"https:\/\/conversesacatalunya.cat\/es\/wp-json\/wp\/v2\/categories?post=35676"},{"taxonomy":"post_tag","embeddable":true,"href":"https:\/\/conversesacatalunya.cat\/es\/wp-json\/wp\/v2\/tags?post=35676"}],"curies":[{"name":"wp","href":"https:\/\/api.w.org\/{rel}","templated":true}]}}