{"id":35652,"date":"2020-05-04T09:48:20","date_gmt":"2020-05-04T07:48:20","guid":{"rendered":"https:\/\/conversesacatalunya.cat\/?p=35652"},"modified":"2020-05-04T13:49:30","modified_gmt":"2020-05-04T11:49:30","slug":"confinament-que-es-podra-fer-a-partir-de-l11-de-maig","status":"publish","type":"post","link":"https:\/\/conversesacatalunya.cat\/es\/confinament-que-es-podra-fer-a-partir-de-l11-de-maig\/","title":{"rendered":"Confinamiento: \u00bfQu\u00e9 se podr\u00e1 hacer a partir del 11 de mayo?"},"content":{"rendered":"<p>A ra\u00edz de las declaraciones de Pedro S\u00e1nchez y de las publicaciones en el BOE,<strong>\u00a0a partir del 11 de mayo<\/strong>\u00a0la Espa\u00f1a peninsular entrar\u00e1 en la primera fase de la desescalada. Islas como La Gomera, El Hierro, La Graciosa y Formentera han entrado hoy en esta primera fase.<\/p>\n<p>A partir del 11 de mayo estar\u00e1 permitido el contacto social en grupos de como m\u00e1ximo 10 personas. El lugar de dichas reuniones podr\u00e1 ser sin prejuicio alguno al aire libre o en espacios cerrados. Ahora bien, los integrantes tendr\u00e1n que ser personas que no sean vulnerables ni que tengan patolog\u00edas previas. Por otro lado, la distancia ser\u00e1 siempre de dos metros y con las debidas medidas de higiene.<\/p>\n<p>En cuanto a <strong>la apertura de centros religiosos<\/strong>, estar\u00e1 permitida respetando un aforo m\u00e1ximo de 1\/3.<\/p>\n<p>Adem\u00e1s, a partir del 11 de mayo se producir\u00e1\u00a0<strong>la reapertura del peque\u00f1o comercio<\/strong>, con horarios espec\u00edficos para la poblaci\u00f3n de 65 a\u00f1os, aforo limitado al 30% y bajo estrictas medidas de seguridad, excepto los grandes centros comerciales, donde pueden producirse grandes aglomeraciones. Los Ayuntamientos tambi\u00e9n podr\u00e1n decidir la reanudaci\u00f3n de los mercados al aire libre.<\/p>\n<p>Los deportistas profesionales tendr\u00e1n menos restricciones, ya que se autorizar\u00e1 el \u201centrenamiento medio\u201d en ligas profesionales y en centros de alto rendimiento. Los gimnasios podr\u00e1n abrir solo para actividades que puedan realizarse de forma individual y con cita previa.<\/p>\n<p>En el transporte p\u00fablico se deber\u00e1 llevar mascarilla obligatoriamente. Las terrazas tambi\u00e9n podr\u00e1n volver a tener clientes,\u00a0<strong>siempre y cuando se limite al 30% de las mesas<\/strong>\u00a0y se incremente la distancias entre ellas. Adem\u00e1s, las personas mayores de 65 a\u00f1os tendr\u00e1n horario preferente.<\/p>\n<p>El sector agrario y pesquero finalmente en esta fase se encontrar\u00e1n en una situaci\u00f3n de normalizaci\u00f3n en cuanto a su funcionamiento ordinario.<\/p>\n<p>En autom\u00f3viles de hasta nueve plazas, todas ellas podr\u00e1n ser ocupadas por viajeros si habitan en la misma casa a partir del 11 de mayo. En caso de no vivir juntos, solo se podr\u00e1n ocupar dos plazas por cada fila de asientos, manteniendo las distancias, y cada pasajero deber\u00e1 utilizar mascarillas u otro dispositivo de protecci\u00f3n. Si est\u00e1n empadronados en el mismo lugar, el uso de mascarilla es recomendable.<\/p>\n<p>Respecto al sector cultural, se reabrir\u00e1n bibliotecas y museos, que tendr\u00e1n que limitar su aforo a un tercio de la capacidad disponible. Los espect\u00e1culos en lugares cerrados tambi\u00e9n podr\u00e1n realizarse con un aforo de un tercio y al aire libre, con menos de 200 personas.<\/p>\n<p>Adem\u00e1s,<strong>\u00a0se permitir\u00e1 el turismo activo y de naturaleza<\/strong>\u00a0en grupos de hasta un m\u00e1ximo de 10 personas no vulnerables ni con patolog\u00edas previas. Vuelven a la actividad hoteles y alojamientos tur\u00edsticos, sin utilizaci\u00f3n de zonas comunes.<\/p>\n<p>Por otra parte, tambi\u00e9n se aclara la situaci\u00f3n de las reformas dom\u00e9sticas, una de las pocas categor\u00edas de obras que a\u00fan estaba restringida por el estado de alarma. El Gobierno publica este domingo una orden ministerial en el BOE que autoriza estos trabajos en viviendas deshabitadas y locales cerrados a partir de ma\u00f1ana, por lo que, en este caso, no har\u00e1 falta esperar a la fase 1.<\/p>\n<p>Sin embargo, estas obras no podr\u00e1n llevarse a cabo si los trabajadores necesitan tener contacto con los vecinos. Adem\u00e1s no podr\u00e1n usarse las zonas comunes de los edificios y deber\u00e1n quedar marcados los trayectos que pueden hacer los trabajadores, que no podr\u00e1n saltarse esos recorridos. La entrada y salida al inicio y fin de la jornada queda regulada y se incorporan todas las reglas estrictas de prevenci\u00f3n de riesgos laborales.<\/p>\n<p>Si las obras de reforma afectan, por ejemplo, a un edificio, estas se podr\u00e1n iniciar o retomar, en el caso de que estuvieran paradas, si se habilita un paso exclusivo para los trabajadores que evite el contacto con los vecinos. Si no, no se podr\u00e1 realizar la obra.<\/p>\n<p style=\"text-align: center;\"><a href=\"https:\/\/www.conversesacatalunya.cat\/es\/coronavirus\/\" target=\"_blank\" rel=\"noopener noreferrer\"><strong>M\u00e1s informaci\u00f3n ESPECIAL CORONAVIRUS<\/strong><\/a><\/p>\n","protected":false},"excerpt":{"rendered":"<p>A ra\u00edz de las declaraciones de Pedro S\u00e1nchez y de las publicaciones en el BOE,\u00a0a partir del 11 de mayo\u00a0la Espa\u00f1a peninsular entrar\u00e1 en la primera fase de la desescalada. Islas como La Gomera, El Hierro, La Graciosa y Formentera han entrado hoy en esta primera fase. A partir del 11 de mayo estar\u00e1 permitido el contacto social en grupos de como m\u00e1ximo 10 personas. El lugar de dichas reuniones podr\u00e1 ser sin prejuicio alguno al aire libre o en espacios cerrados. Ahora bien, los integrantes tendr\u00e1n que ser personas que no sean vulnerables ni que tengan patolog\u00edas previas. Por otro lado, la distancia ser\u00e1 siempre de dos metros y con las debidas medidas de higiene. En cuanto a la apertura de centros religiosos, estar\u00e1 permitida respetando un aforo m\u00e1ximo de 1\/3. Adem\u00e1s, a partir del 11 de mayo se producir\u00e1\u00a0la reapertura del peque\u00f1o comercio, con horarios espec\u00edficos para la poblaci\u00f3n de 65 a\u00f1os, aforo limitado al 30% y bajo estrictas medidas de seguridad, excepto los grandes centros comerciales, donde pueden producirse grandes aglomeraciones. Los Ayuntamientos tambi\u00e9n podr\u00e1n decidir la reanudaci\u00f3n de los mercados al aire libre. Los deportistas profesionales tendr\u00e1n menos restricciones, ya que se autorizar\u00e1 el \u201centrenamiento medio\u201d en ligas profesionales y en centros de alto rendimiento. Los gimnasios podr\u00e1n abrir solo para actividades que puedan realizarse de forma individual y con cita previa. En el transporte p\u00fablico se deber\u00e1 llevar mascarilla obligatoriamente. Las terrazas tambi\u00e9n podr\u00e1n volver a tener clientes,\u00a0siempre y cuando se limite al 30% de las mesas\u00a0y se incremente la distancias entre ellas. Adem\u00e1s, las personas mayores de 65 a\u00f1os tendr\u00e1n horario preferente. El sector agrario y pesquero finalmente en esta fase se encontrar\u00e1n en una situaci\u00f3n de normalizaci\u00f3n en cuanto a su funcionamiento ordinario. En autom\u00f3viles de hasta nueve plazas, todas ellas podr\u00e1n ser ocupadas por viajeros si habitan en la misma casa a partir del 11 de mayo. En caso de no vivir juntos, solo se podr\u00e1n ocupar dos plazas por cada fila de asientos, manteniendo las distancias, y cada pasajero deber\u00e1 utilizar mascarillas u otro dispositivo de protecci\u00f3n. Si est\u00e1n empadronados en el mismo lugar, el uso de mascarilla es recomendable. Respecto al sector cultural, se reabrir\u00e1n bibliotecas y museos, que tendr\u00e1n que limitar su aforo a un tercio de la capacidad disponible. Los espect\u00e1culos en lugares cerrados tambi\u00e9n podr\u00e1n realizarse con un aforo de un tercio y al aire libre, con menos de 200 personas. Adem\u00e1s,\u00a0se permitir\u00e1 el turismo activo y de naturaleza\u00a0en grupos de hasta un m\u00e1ximo de 10 personas no vulnerables ni con patolog\u00edas previas. Vuelven a la actividad hoteles y alojamientos tur\u00edsticos, sin utilizaci\u00f3n de zonas comunes. Por otra parte, tambi\u00e9n se aclara la situaci\u00f3n de las reformas dom\u00e9sticas, una de las pocas categor\u00edas de obras que a\u00fan estaba restringida por el estado de alarma. El Gobierno publica este domingo una orden ministerial en el BOE que autoriza estos trabajos en viviendas deshabitadas y locales cerrados a partir de ma\u00f1ana, por lo que, en este caso, no har\u00e1 falta esperar a la fase 1. Sin embargo, estas obras no podr\u00e1n llevarse a cabo si los trabajadores necesitan tener contacto con los vecinos. Adem\u00e1s no podr\u00e1n usarse las zonas comunes de los edificios y deber\u00e1n quedar marcados los trayectos que pueden hacer los trabajadores, que no podr\u00e1n saltarse esos recorridos. La entrada y salida al inicio y fin de la jornada queda regulada y se incorporan todas las reglas estrictas de prevenci\u00f3n de riesgos laborales. Si las obras de reforma afectan, por ejemplo, a un edificio, estas se podr\u00e1n iniciar o retomar, en el caso de que estuvieran paradas, si se habilita un paso exclusivo para los trabajadores que evite el contacto con los vecinos. Si no, no se podr\u00e1 realizar la obra. M\u00e1s informaci\u00f3n ESPECIAL CORONAVIRUS<\/p>\n","protected":false},"author":20,"featured_media":35640,"comment_status":"open","ping_status":"open","sticky":false,"template":"","format":"standard","meta":{"_FSMCFIC_featured_image_caption":"","_FSMCFIC_featured_image_nocaption":"","_FSMCFIC_featured_image_hide":"","footnotes":""},"categories":[1772,806],"tags":[1967,1504,1959,831],"class_list":["post-35652","post","type-post","status-publish","format-standard","has-post-thumbnail","hentry","category-especial-coronavirus-es","category-punts-claus-del-dia-es","tag-confinament-es","tag-coronavirus-es","tag-covid-es","tag-economia-es"],"yoast_head":"<!-- This site is optimized with the Yoast SEO plugin v26.8 - https:\/\/yoast.com\/product\/yoast-seo-wordpress\/ -->\n<title>Confinamiento: \u00bfQu\u00e9 se podr\u00e1 hacer a partir del 11 de mayo? -<\/title>\n<meta name=\"description\" content=\"El gobierno de Pedro S\u00e1nchez ha ido detallando sobre la primera fase de desescalada que empezar\u00e1 en la Espa\u00f1a peninsular el 11 de mayo\" \/>\n<meta name=\"robots\" content=\"index, follow, max-snippet:-1, max-image-preview:large, max-video-preview:-1\" \/>\n<link rel=\"canonical\" href=\"https:\/\/conversesacatalunya.cat\/es\/confinament-que-es-podra-fer-a-partir-de-l11-de-maig\/\" \/>\n<meta property=\"og:locale\" content=\"es_ES\" \/>\n<meta property=\"og:type\" content=\"article\" \/>\n<meta property=\"og:title\" content=\"Confinamiento: \u00bfQu\u00e9 se podr\u00e1 hacer a partir del 11 de mayo? -\" \/>\n<meta property=\"og:description\" content=\"El gobierno de Pedro S\u00e1nchez ha ido detallando sobre la primera fase de desescalada que empezar\u00e1 en la Espa\u00f1a peninsular el 11 de mayo\" \/>\n<meta property=\"og:url\" content=\"https:\/\/conversesacatalunya.cat\/es\/confinament-que-es-podra-fer-a-partir-de-l11-de-maig\/\" \/>\n<meta property=\"og:site_name\" content=\"Converses a Catalunya\" \/>\n<meta property=\"article:published_time\" content=\"2020-05-04T07:48:20+00:00\" \/>\n<meta property=\"article:modified_time\" content=\"2020-05-04T11:49:30+00:00\" \/>\n<meta property=\"og:image\" content=\"https:\/\/conversesacatalunya.cat\/wp-content\/uploads\/2020\/05\/Capture.png\" \/>\n\t<meta property=\"og:image:width\" content=\"834\" \/>\n\t<meta property=\"og:image:height\" content=\"507\" \/>\n\t<meta property=\"og:image:type\" content=\"image\/png\" \/>\n<meta name=\"author\" content=\"conversesacatalunya\" \/>\n<meta name=\"twitter:card\" content=\"summary_large_image\" \/>\n<meta name=\"twitter:label1\" content=\"Escrito por\" \/>\n\t<meta name=\"twitter:data1\" content=\"conversesacatalunya\" \/>\n\t<meta name=\"twitter:label2\" content=\"Tiempo de lectura\" \/>\n\t<meta name=\"twitter:data2\" content=\"3 minutos\" \/>\n<script type=\"application\/ld+json\" class=\"yoast-schema-graph\">{\"@context\":\"https:\/\/schema.org\",\"@graph\":[{\"@type\":\"Article\",\"@id\":\"https:\/\/conversesacatalunya.cat\/es\/confinament-que-es-podra-fer-a-partir-de-l11-de-maig\/#article\",\"isPartOf\":{\"@id\":\"https:\/\/conversesacatalunya.cat\/es\/confinament-que-es-podra-fer-a-partir-de-l11-de-maig\/\"},\"author\":{\"name\":\"conversesacatalunya\",\"@id\":\"https:\/\/conversesacatalunya.cat\/#\/schema\/person\/a7a9496a363cd9847daf7cd659d92e64\"},\"headline\":\"Confinamiento: \u00bfQu\u00e9 se podr\u00e1 hacer a partir del 11 de mayo?\",\"datePublished\":\"2020-05-04T07:48:20+00:00\",\"dateModified\":\"2020-05-04T11:49:30+00:00\",\"mainEntityOfPage\":{\"@id\":\"https:\/\/conversesacatalunya.cat\/es\/confinament-que-es-podra-fer-a-partir-de-l11-de-maig\/\"},\"wordCount\":688,\"commentCount\":0,\"image\":{\"@id\":\"https:\/\/conversesacatalunya.cat\/es\/confinament-que-es-podra-fer-a-partir-de-l11-de-maig\/#primaryimage\"},\"thumbnailUrl\":\"https:\/\/conversesacatalunya.cat\/wp-content\/uploads\/2020\/05\/Capture.png\",\"keywords\":[\"confinament\",\"coronavirus\",\"COVID\",\"Economia\"],\"articleSection\":[\"Especial Coronavirus (ES)\",\"Punts clau del dia (ES)\"],\"inLanguage\":\"es\",\"potentialAction\":[{\"@type\":\"CommentAction\",\"name\":\"Comment\",\"target\":[\"https:\/\/conversesacatalunya.cat\/es\/confinament-que-es-podra-fer-a-partir-de-l11-de-maig\/#respond\"]}]},{\"@type\":\"WebPage\",\"@id\":\"https:\/\/conversesacatalunya.cat\/es\/confinament-que-es-podra-fer-a-partir-de-l11-de-maig\/\",\"url\":\"https:\/\/conversesacatalunya.cat\/es\/confinament-que-es-podra-fer-a-partir-de-l11-de-maig\/\",\"name\":\"Confinamiento: \u00bfQu\u00e9 se podr\u00e1 hacer a partir del 11 de mayo? -\",\"isPartOf\":{\"@id\":\"https:\/\/conversesacatalunya.cat\/#website\"},\"primaryImageOfPage\":{\"@id\":\"https:\/\/conversesacatalunya.cat\/es\/confinament-que-es-podra-fer-a-partir-de-l11-de-maig\/#primaryimage\"},\"image\":{\"@id\":\"https:\/\/conversesacatalunya.cat\/es\/confinament-que-es-podra-fer-a-partir-de-l11-de-maig\/#primaryimage\"},\"thumbnailUrl\":\"https:\/\/conversesacatalunya.cat\/wp-content\/uploads\/2020\/05\/Capture.png\",\"datePublished\":\"2020-05-04T07:48:20+00:00\",\"dateModified\":\"2020-05-04T11:49:30+00:00\",\"author\":{\"@id\":\"https:\/\/conversesacatalunya.cat\/#\/schema\/person\/a7a9496a363cd9847daf7cd659d92e64\"},\"description\":\"El gobierno de Pedro S\u00e1nchez ha ido detallando sobre la primera fase de desescalada que empezar\u00e1 en la Espa\u00f1a peninsular el 11 de mayo\",\"breadcrumb\":{\"@id\":\"https:\/\/conversesacatalunya.cat\/es\/confinament-que-es-podra-fer-a-partir-de-l11-de-maig\/#breadcrumb\"},\"inLanguage\":\"es\",\"potentialAction\":[{\"@type\":\"ReadAction\",\"target\":[\"https:\/\/conversesacatalunya.cat\/es\/confinament-que-es-podra-fer-a-partir-de-l11-de-maig\/\"]}]},{\"@type\":\"ImageObject\",\"inLanguage\":\"es\",\"@id\":\"https:\/\/conversesacatalunya.cat\/es\/confinament-que-es-podra-fer-a-partir-de-l11-de-maig\/#primaryimage\",\"url\":\"https:\/\/conversesacatalunya.cat\/wp-content\/uploads\/2020\/05\/Capture.png\",\"contentUrl\":\"https:\/\/conversesacatalunya.cat\/wp-content\/uploads\/2020\/05\/Capture.png\",\"width\":834,\"height\":507,\"caption\":\"11 de maig\"},{\"@type\":\"BreadcrumbList\",\"@id\":\"https:\/\/conversesacatalunya.cat\/es\/confinament-que-es-podra-fer-a-partir-de-l11-de-maig\/#breadcrumb\",\"itemListElement\":[{\"@type\":\"ListItem\",\"position\":1,\"name\":\"Inici\",\"item\":\"https:\/\/conversesacatalunya.cat\/es\/\"},{\"@type\":\"ListItem\",\"position\":2,\"name\":\"Confinamiento: \u00bfQu\u00e9 se podr\u00e1 hacer a partir del 11 de mayo?\"}]},{\"@type\":\"WebSite\",\"@id\":\"https:\/\/conversesacatalunya.cat\/#website\",\"url\":\"https:\/\/conversesacatalunya.cat\/\",\"name\":\"Converses a Catalunya\",\"description\":\"\",\"potentialAction\":[{\"@type\":\"SearchAction\",\"target\":{\"@type\":\"EntryPoint\",\"urlTemplate\":\"https:\/\/conversesacatalunya.cat\/?s={search_term_string}\"},\"query-input\":{\"@type\":\"PropertyValueSpecification\",\"valueRequired\":true,\"valueName\":\"search_term_string\"}}],\"inLanguage\":\"es\"},{\"@type\":\"Person\",\"@id\":\"https:\/\/conversesacatalunya.cat\/#\/schema\/person\/a7a9496a363cd9847daf7cd659d92e64\",\"name\":\"conversesacatalunya\",\"image\":{\"@type\":\"ImageObject\",\"inLanguage\":\"es\",\"@id\":\"https:\/\/conversesacatalunya.cat\/#\/schema\/person\/image\/\",\"url\":\"https:\/\/conversesacatalunya.cat\/wp-content\/litespeed\/avatar\/ff91582b44ff9c880dc9c5ac2f5c7e89.jpg?ver=1777372947\",\"contentUrl\":\"https:\/\/conversesacatalunya.cat\/wp-content\/litespeed\/avatar\/ff91582b44ff9c880dc9c5ac2f5c7e89.jpg?ver=1777372947\",\"caption\":\"conversesacatalunya\"},\"url\":\"https:\/\/conversesacatalunya.cat\/es\/author\/francisco_garcia\/\"}]}<\/script>\n<!-- \/ Yoast SEO plugin. -->","yoast_head_json":{"title":"Confinamiento: \u00bfQu\u00e9 se podr\u00e1 hacer a partir del 11 de mayo? -","description":"El gobierno de Pedro S\u00e1nchez ha ido detallando sobre la primera fase de desescalada que empezar\u00e1 en la Espa\u00f1a peninsular el 11 de mayo","robots":{"index":"index","follow":"follow","max-snippet":"max-snippet:-1","max-image-preview":"max-image-preview:large","max-video-preview":"max-video-preview:-1"},"canonical":"https:\/\/conversesacatalunya.cat\/es\/confinament-que-es-podra-fer-a-partir-de-l11-de-maig\/","og_locale":"es_ES","og_type":"article","og_title":"Confinamiento: \u00bfQu\u00e9 se podr\u00e1 hacer a partir del 11 de mayo? -","og_description":"El gobierno de Pedro S\u00e1nchez ha ido detallando sobre la primera fase de desescalada que empezar\u00e1 en la Espa\u00f1a peninsular el 11 de mayo","og_url":"https:\/\/conversesacatalunya.cat\/es\/confinament-que-es-podra-fer-a-partir-de-l11-de-maig\/","og_site_name":"Converses a Catalunya","article_published_time":"2020-05-04T07:48:20+00:00","article_modified_time":"2020-05-04T11:49:30+00:00","og_image":[{"width":834,"height":507,"url":"https:\/\/conversesacatalunya.cat\/wp-content\/uploads\/2020\/05\/Capture.png","type":"image\/png"}],"author":"conversesacatalunya","twitter_card":"summary_large_image","twitter_misc":{"Escrito por":"conversesacatalunya","Tiempo de lectura":"3 minutos"},"schema":{"@context":"https:\/\/schema.org","@graph":[{"@type":"Article","@id":"https:\/\/conversesacatalunya.cat\/es\/confinament-que-es-podra-fer-a-partir-de-l11-de-maig\/#article","isPartOf":{"@id":"https:\/\/conversesacatalunya.cat\/es\/confinament-que-es-podra-fer-a-partir-de-l11-de-maig\/"},"author":{"name":"conversesacatalunya","@id":"https:\/\/conversesacatalunya.cat\/#\/schema\/person\/a7a9496a363cd9847daf7cd659d92e64"},"headline":"Confinamiento: \u00bfQu\u00e9 se podr\u00e1 hacer a partir del 11 de mayo?","datePublished":"2020-05-04T07:48:20+00:00","dateModified":"2020-05-04T11:49:30+00:00","mainEntityOfPage":{"@id":"https:\/\/conversesacatalunya.cat\/es\/confinament-que-es-podra-fer-a-partir-de-l11-de-maig\/"},"wordCount":688,"commentCount":0,"image":{"@id":"https:\/\/conversesacatalunya.cat\/es\/confinament-que-es-podra-fer-a-partir-de-l11-de-maig\/#primaryimage"},"thumbnailUrl":"https:\/\/conversesacatalunya.cat\/wp-content\/uploads\/2020\/05\/Capture.png","keywords":["confinament","coronavirus","COVID","Economia"],"articleSection":["Especial Coronavirus (ES)","Punts clau del dia (ES)"],"inLanguage":"es","potentialAction":[{"@type":"CommentAction","name":"Comment","target":["https:\/\/conversesacatalunya.cat\/es\/confinament-que-es-podra-fer-a-partir-de-l11-de-maig\/#respond"]}]},{"@type":"WebPage","@id":"https:\/\/conversesacatalunya.cat\/es\/confinament-que-es-podra-fer-a-partir-de-l11-de-maig\/","url":"https:\/\/conversesacatalunya.cat\/es\/confinament-que-es-podra-fer-a-partir-de-l11-de-maig\/","name":"Confinamiento: \u00bfQu\u00e9 se podr\u00e1 hacer a partir del 11 de mayo? -","isPartOf":{"@id":"https:\/\/conversesacatalunya.cat\/#website"},"primaryImageOfPage":{"@id":"https:\/\/conversesacatalunya.cat\/es\/confinament-que-es-podra-fer-a-partir-de-l11-de-maig\/#primaryimage"},"image":{"@id":"https:\/\/conversesacatalunya.cat\/es\/confinament-que-es-podra-fer-a-partir-de-l11-de-maig\/#primaryimage"},"thumbnailUrl":"https:\/\/conversesacatalunya.cat\/wp-content\/uploads\/2020\/05\/Capture.png","datePublished":"2020-05-04T07:48:20+00:00","dateModified":"2020-05-04T11:49:30+00:00","author":{"@id":"https:\/\/conversesacatalunya.cat\/#\/schema\/person\/a7a9496a363cd9847daf7cd659d92e64"},"description":"El gobierno de Pedro S\u00e1nchez ha ido detallando sobre la primera fase de desescalada que empezar\u00e1 en la Espa\u00f1a peninsular el 11 de mayo","breadcrumb":{"@id":"https:\/\/conversesacatalunya.cat\/es\/confinament-que-es-podra-fer-a-partir-de-l11-de-maig\/#breadcrumb"},"inLanguage":"es","potentialAction":[{"@type":"ReadAction","target":["https:\/\/conversesacatalunya.cat\/es\/confinament-que-es-podra-fer-a-partir-de-l11-de-maig\/"]}]},{"@type":"ImageObject","inLanguage":"es","@id":"https:\/\/conversesacatalunya.cat\/es\/confinament-que-es-podra-fer-a-partir-de-l11-de-maig\/#primaryimage","url":"https:\/\/conversesacatalunya.cat\/wp-content\/uploads\/2020\/05\/Capture.png","contentUrl":"https:\/\/conversesacatalunya.cat\/wp-content\/uploads\/2020\/05\/Capture.png","width":834,"height":507,"caption":"11 de maig"},{"@type":"BreadcrumbList","@id":"https:\/\/conversesacatalunya.cat\/es\/confinament-que-es-podra-fer-a-partir-de-l11-de-maig\/#breadcrumb","itemListElement":[{"@type":"ListItem","position":1,"name":"Inici","item":"https:\/\/conversesacatalunya.cat\/es\/"},{"@type":"ListItem","position":2,"name":"Confinamiento: \u00bfQu\u00e9 se podr\u00e1 hacer a partir del 11 de mayo?"}]},{"@type":"WebSite","@id":"https:\/\/conversesacatalunya.cat\/#website","url":"https:\/\/conversesacatalunya.cat\/","name":"Converses a Catalunya","description":"","potentialAction":[{"@type":"SearchAction","target":{"@type":"EntryPoint","urlTemplate":"https:\/\/conversesacatalunya.cat\/?s={search_term_string}"},"query-input":{"@type":"PropertyValueSpecification","valueRequired":true,"valueName":"search_term_string"}}],"inLanguage":"es"},{"@type":"Person","@id":"https:\/\/conversesacatalunya.cat\/#\/schema\/person\/a7a9496a363cd9847daf7cd659d92e64","name":"conversesacatalunya","image":{"@type":"ImageObject","inLanguage":"es","@id":"https:\/\/conversesacatalunya.cat\/#\/schema\/person\/image\/","url":"https:\/\/conversesacatalunya.cat\/wp-content\/litespeed\/avatar\/ff91582b44ff9c880dc9c5ac2f5c7e89.jpg?ver=1777372947","contentUrl":"https:\/\/conversesacatalunya.cat\/wp-content\/litespeed\/avatar\/ff91582b44ff9c880dc9c5ac2f5c7e89.jpg?ver=1777372947","caption":"conversesacatalunya"},"url":"https:\/\/conversesacatalunya.cat\/es\/author\/francisco_garcia\/"}]}},"wps_subtitle":"El gobierno de Pedro S\u00e1nchez ha ido detallando sobre la primera fase de desescalada que empezar\u00e1 en la Espa\u00f1a peninsular el 11 de mayo","_links":{"self":[{"href":"https:\/\/conversesacatalunya.cat\/es\/wp-json\/wp\/v2\/posts\/35652","targetHints":{"allow":["GET"]}}],"collection":[{"href":"https:\/\/conversesacatalunya.cat\/es\/wp-json\/wp\/v2\/posts"}],"about":[{"href":"https:\/\/conversesacatalunya.cat\/es\/wp-json\/wp\/v2\/types\/post"}],"author":[{"embeddable":true,"href":"https:\/\/conversesacatalunya.cat\/es\/wp-json\/wp\/v2\/users\/20"}],"replies":[{"embeddable":true,"href":"https:\/\/conversesacatalunya.cat\/es\/wp-json\/wp\/v2\/comments?post=35652"}],"version-history":[{"count":3,"href":"https:\/\/conversesacatalunya.cat\/es\/wp-json\/wp\/v2\/posts\/35652\/revisions"}],"predecessor-version":[{"id":35655,"href":"https:\/\/conversesacatalunya.cat\/es\/wp-json\/wp\/v2\/posts\/35652\/revisions\/35655"}],"wp:featuredmedia":[{"embeddable":true,"href":"https:\/\/conversesacatalunya.cat\/es\/wp-json\/wp\/v2\/media\/35640"}],"wp:attachment":[{"href":"https:\/\/conversesacatalunya.cat\/es\/wp-json\/wp\/v2\/media?parent=35652"}],"wp:term":[{"taxonomy":"category","embeddable":true,"href":"https:\/\/conversesacatalunya.cat\/es\/wp-json\/wp\/v2\/categories?post=35652"},{"taxonomy":"post_tag","embeddable":true,"href":"https:\/\/conversesacatalunya.cat\/es\/wp-json\/wp\/v2\/tags?post=35652"}],"curies":[{"name":"wp","href":"https:\/\/api.w.org\/{rel}","templated":true}]}}