{"id":35644,"date":"2020-05-04T13:22:58","date_gmt":"2020-05-04T11:22:58","guid":{"rendered":"https:\/\/conversesacatalunya.cat\/?p=35644"},"modified":"2020-05-04T13:22:58","modified_gmt":"2020-05-04T11:22:58","slug":"el-barullo-de-la-desescalada","status":"publish","type":"post","link":"https:\/\/conversesacatalunya.cat\/es\/el-barullo-de-la-desescalada\/","title":{"rendered":"El barullo de la desescalada"},"content":{"rendered":"<p>El gobierno sigue mostrando una escasa capacidad para resolver las cuestiones estrat\u00e9gicas que le plantea la pandemia. Le sucedi\u00f3 al despertarse tarde, al no disponer de material para pruebas de contagio, la poca disponibilidad de mascarillas y otros elementos de protecci\u00f3n personal, al no proveer de una estad\u00edstica fiable y cre\u00edble, en sus modificaciones despu\u00e9s de acuerdos del Consejo de Ministros, en su escasa capacidad para generar unas buenas relaciones con los otros partidos, incluidos aquellos que le apoyaron en los Presupuestos.<\/p>\n<p>Sorprende que una sociedad que dispone de tantas personas de primer nivel <strong>aporte unos resultados tan deficientes <\/strong>en la gesti\u00f3n de una cuesti\u00f3n tan decisiva como es la salud p\u00fablica.<\/p>\n<p>Y ahora est\u00e1 sucediendo los mismo con el <strong>plan \u00a0de la desescalada<\/strong><\/p>\n<ul>\n<li>El proyecto lleg\u00f3 verde al Consejo Ministros esto explica su larga duraci\u00f3n. Lo que no se explica es como es posible que con tanto tiempo y medios los resultados sean tan endebles. Porque desde el d\u00eda 1 del confinamiento sab\u00edan que esta ocasi\u00f3n llegar\u00eda. Existe un rotundo <strong>d\u00e9ficit de liderazgo<\/strong>, que es mucho mas que realizar ruedas de prensa a troche y moche. No es el agua lo que ennoblece a un caldo, sino su sustancia.<\/li>\n<li>Tropieza una vez m\u00e1s con la misma piedra de la falta de acuerdos, del m\u00ednimo consenso previo. Hablar no es acordar. Lo que S\u00e1nchez entiende como di\u00e1logo es solo la escucha de su discurso.<\/li>\n<\/ul>\n<p>Tras la presentaci\u00f3n este martes del &#8216;Plan para la transici\u00f3n hacia una nueva normalidad&#8217;, (la capacidad de la factor\u00eda \u00a0de Ivan Rueda para adjetivar los eventos es infinita; ah\u00ed es nada: nueva normalidad) la cuesti\u00f3n es doble \u00bfSera finalmente la provincia la \u201cunidad de destino\u201d o visto lo comentado por el ministro Illa, \u201ddepender\u00e1\u201d? \u00bf En qu\u00e9 consisten los \u201ccriterios objetivos, p\u00fablicos, sobre todo de tipo sanitario y epidemiol\u00f3gico? \u00bfPor qu\u00e9 si son objetivos han de ser medibles, pero, Fernando Sim\u00f3n, matizaba este punto a preguntas de los periodistas en la rueda de prensa: \u00abNo vamos a poner un umbral espec\u00edfico para cada indicador, porque hay una gran interrelaci\u00f3n entre ellos\u00bb. El propio documento aprobado por el Consejo de Ministros tambi\u00e9n apunta en esta l\u00ednea al se\u00f1alar que estos indicadores \u00abser\u00e1n evaluados de manera cualitativa y conjunta para permitir la transici\u00f3n de una fase a otra\u00bb.<\/p>\n<p>En qu\u00e9 quedamos \u00bf<strong>son objetivos, carecen de umbral especifico, son cualitativos<\/strong>? Es posible modelizar estas exigencias, pero en cualquier caso requieren datos y cifras-objetivo debidamente interrelacionadas. Pero de esto nada. \u00bfEntonces? \u00bf\u201cParole, parole\u201d una vez mas?<\/p>\n<table style=\"border-collapse: collapse; width: 100%;\" border=\"1\">\n<tbody>\n<tr>\n<td style=\"width: 100%; border-style: solid; border-color: #0e08bd; background-color: #f0e9da;\">\n<h6><span style=\"color: #0000ff;\">\u21d2 Ya os pod\u00e9is unir al grupo oficial de Facebook de Di\u00e1logos en Catalu\u00f1a donde comentamos entre todos las noticias de Catalu\u00f1a, os informamos, pod\u00e9is comentar la actualidad y os entretendr\u00e9is. Os esperamos! <strong><a style=\"color: #0000ff;\" href=\"https:\/\/www.facebook.com\/DialogosEnCataluna\/?modal=admin_todo_tour\" target=\"_blank\" rel=\"noopener noreferrer\">Clicar aqu\u00ed<\/a><\/strong>, Os encantar\u00e1<\/span>.<\/h6>\n<\/td>\n<\/tr>\n<\/tbody>\n<\/table>\n<p>El Ministerio de Sanidad remiti\u00f3 hace unos d\u00edas a las comunidades aut\u00f3nomas los criterios o <strong>marcadores generales que aparecen como anexo en el plan de desescalada <\/strong>anunciado el martes. La idea original era acordar con las comunidades <strong>umbrales num\u00e9ricos<\/strong> para cada indicador a partir de este panel de marcadores, de tal forma que cada territorio supiera en cada momento a qu\u00e9 criterios atenerse para pasar de fase. Entre estos valores num\u00e9ricos, se habl\u00f3 de una tasa de reproducci\u00f3n (Rt) inferior a 1, la que indica que los contagios se van reduciendo, \u00a0la notificaci\u00f3n diaria de al menos el 90% de datos individualizados de nuevos positivos o una tasa de incidencia de dos casos nuevos por cada 100.000 habitantes.<\/p>\n<p>El plan insist\u00eda en ello: \u00abUno de los primeros pasos consiste en el desarrollo de una serie de indicadores objetivos relevantes medibles y confiables, que comprometan y sirvan al Gobierno y a las propias comunidades aut\u00f3nomas para conocer qu\u00e9 umbrales m\u00ednimos son imprescindibles alcanzar antes de iniciar la desescalada. <strong>Estos indicadores ser\u00e1n p\u00fablicos<\/strong>, de modo que permitan a cualquier interesado conocer las variables de referencia para la toma de decisiones\u00bb. Bien hasta aqu\u00ed todo quedaba claro, pero\u2026.<\/p>\n<p>Resulta que estos <strong>criterios objetivos no se tendr\u00e1n en cuenta para pasar de una fase a otra<\/strong> en la desescalada que se prolongar\u00e1 hasta finales de junio. Todo quedar\u00e1 reducido a que al final : el Ministerio de Sanidad, que dirige Salvador Illa, tendr\u00e1 la \u00faltima palabra a la hora de determinar, \u00abcada dos semanas\u00bb, en qu\u00e9 fase se encuentra cada provincia.<\/p>\n<span class='bctt-click-to-tweet'><span class='bctt-ctt-text'><a href='https:\/\/twitter.com\/intent\/tweet?url=https%3A%2F%2Fconversesacatalunya.cat%2Fes%2Fel-barullo-de-la-desescalada%2F&#038;text=El%20gobierno%20sigue%20mostrando%20una%20escasa%20capacidad%20para%20resolver%20las%20cuestiones%20estrat%C3%A9gicas%20que%20le%20plantea%20la%20pandemia.&#038;via=conversesacat&#038;related=conversesacat' target='_blank'rel=\"noopener noreferrer\">El gobierno sigue mostrando una escasa capacidad para resolver las cuestiones estrat\u00e9gicas que le plantea la pandemia. <\/a><\/span><a href='https:\/\/twitter.com\/intent\/tweet?url=https%3A%2F%2Fconversesacatalunya.cat%2Fes%2Fel-barullo-de-la-desescalada%2F&#038;text=El%20gobierno%20sigue%20mostrando%20una%20escasa%20capacidad%20para%20resolver%20las%20cuestiones%20estrat%C3%A9gicas%20que%20le%20plantea%20la%20pandemia.&#038;via=conversesacat&#038;related=conversesacat' target='_blank' class='bctt-ctt-btn'rel=\"noopener noreferrer\">Compartir en X<\/a><\/span>\n<p>Y el doctor Sim\u00f3n lo ha remarcado: \u00abla transici\u00f3n no se va a basar en indicadores \u00fanicos y en umbrales prefijados, sino que va a depender de muchos factores. Son muchos par\u00e1metros que valorar en su conjunto\u00bb. Vale, muchos, son muchos, pero no sin\u00f3nimo de indeterminados. \u00bf<strong>Por qu\u00e9 no se fijan con claridad estos muchos?\u00a0 Una vez m\u00e1s las contradicciones entre lo que se dice por escrito y lo que luego se explica son flagrantes, <\/strong>una vez m\u00e1s impera la sensaci\u00f3n de pasteleo<strong>.<\/strong><\/p>\n<p><strong>En realidad <\/strong>el \u00abPlan para la transici\u00f3n hacia una nueva normalidad\u00bb es un \u00a0documento de intenciones que ir\u00e1n concretando mediante Bolet\u00edn Oficial del Estado (BOE) a base diferentes \u00f3rdenes ministeriales que se publicar\u00e1n los pr\u00f3ximos d\u00edas. Si realmente existe un plan definido, \u00bfpor qu\u00e9 no se presenta y oficializa de una vez, en lugar de ir desgranando cap\u00edtulos, con la incertidumbre y riesgo de desconexi\u00f3n ente partes, que este procedimiento acarrea.?<\/p>\n<p>M\u00e1s confuso, imposible. Mientras, el marcador econ\u00f3mico sigue avanzando inexorablemente hasta la mayor cat\u00e1strofe conocida sucedida en un solo a\u00f1o.<\/p>\n<p style=\"text-align: center;\">M\u00e1s informaci\u00f3n sobre el coronavirus en <a href=\"https:\/\/conversesacatalunya.cat\/es\/coronavirus\/\" target=\"_blank\" rel=\"noopener noreferrer\"><strong>ESPECIAL CORONAVIRUS<\/strong><\/a><\/p>\n","protected":false},"excerpt":{"rendered":"<p>El gobierno sigue mostrando una escasa capacidad para resolver las cuestiones estrat\u00e9gicas que le plantea la pandemia. Le sucedi\u00f3 al despertarse tarde, al no disponer de material para pruebas de contagio, la poca disponibilidad de mascarillas y otros elementos de protecci\u00f3n personal, al no proveer de una estad\u00edstica fiable y cre\u00edble, en sus modificaciones despu\u00e9s de acuerdos del Consejo de Ministros, en su escasa capacidad para generar unas buenas relaciones con los otros partidos, incluidos aquellos que le apoyaron en los Presupuestos. Sorprende que una sociedad que dispone de tantas personas de primer nivel aporte unos resultados tan deficientes en la gesti\u00f3n de una cuesti\u00f3n tan decisiva como es la salud p\u00fablica. Y ahora est\u00e1 sucediendo los mismo con el plan \u00a0de la desescalada El proyecto lleg\u00f3 verde al Consejo Ministros esto explica su larga duraci\u00f3n. Lo que no se explica es como es posible que con tanto tiempo y medios los resultados sean tan endebles. Porque desde el d\u00eda 1 del confinamiento sab\u00edan que esta ocasi\u00f3n llegar\u00eda. Existe un rotundo d\u00e9ficit de liderazgo, que es mucho mas que realizar ruedas de prensa a troche y moche. No es el agua lo que ennoblece a un caldo, sino su sustancia. Tropieza una vez m\u00e1s con la misma piedra de la falta de acuerdos, del m\u00ednimo consenso previo. Hablar no es acordar. Lo que S\u00e1nchez entiende como di\u00e1logo es solo la escucha de su discurso. Tras la presentaci\u00f3n este martes del &#8216;Plan para la transici\u00f3n hacia una nueva normalidad&#8217;, (la capacidad de la factor\u00eda \u00a0de Ivan Rueda para adjetivar los eventos es infinita; ah\u00ed es nada: nueva normalidad) la cuesti\u00f3n es doble \u00bfSera finalmente la provincia la \u201cunidad de destino\u201d o visto lo comentado por el ministro Illa, \u201ddepender\u00e1\u201d? \u00bf En qu\u00e9 consisten los \u201ccriterios objetivos, p\u00fablicos, sobre todo de tipo sanitario y epidemiol\u00f3gico? \u00bfPor qu\u00e9 si son objetivos han de ser medibles, pero, Fernando Sim\u00f3n, matizaba este punto a preguntas de los periodistas en la rueda de prensa: \u00abNo vamos a poner un umbral espec\u00edfico para cada indicador, porque hay una gran interrelaci\u00f3n entre ellos\u00bb. El propio documento aprobado por el Consejo de Ministros tambi\u00e9n apunta en esta l\u00ednea al se\u00f1alar que estos indicadores \u00abser\u00e1n evaluados de manera cualitativa y conjunta para permitir la transici\u00f3n de una fase a otra\u00bb. En qu\u00e9 quedamos \u00bfson objetivos, carecen de umbral especifico, son cualitativos? Es posible modelizar estas exigencias, pero en cualquier caso requieren datos y cifras-objetivo debidamente interrelacionadas. Pero de esto nada. \u00bfEntonces? \u00bf\u201cParole, parole\u201d una vez mas? \u21d2 Ya os pod\u00e9is unir al grupo oficial de Facebook de Di\u00e1logos en Catalu\u00f1a donde comentamos entre todos las noticias de Catalu\u00f1a, os informamos, pod\u00e9is comentar la actualidad y os entretendr\u00e9is. Os esperamos! Clicar aqu\u00ed, Os encantar\u00e1. El Ministerio de Sanidad remiti\u00f3 hace unos d\u00edas a las comunidades aut\u00f3nomas los criterios o marcadores generales que aparecen como anexo en el plan de desescalada anunciado el martes. La idea original era acordar con las comunidades umbrales num\u00e9ricos para cada indicador a partir de este panel de marcadores, de tal forma que cada territorio supiera en cada momento a qu\u00e9 criterios atenerse para pasar de fase. Entre estos valores num\u00e9ricos, se habl\u00f3 de una tasa de reproducci\u00f3n (Rt) inferior a 1, la que indica que los contagios se van reduciendo, \u00a0la notificaci\u00f3n diaria de al menos el 90% de datos individualizados de nuevos positivos o una tasa de incidencia de dos casos nuevos por cada 100.000 habitantes. El plan insist\u00eda en ello: \u00abUno de los primeros pasos consiste en el desarrollo de una serie de indicadores objetivos relevantes medibles y confiables, que comprometan y sirvan al Gobierno y a las propias comunidades aut\u00f3nomas para conocer qu\u00e9 umbrales m\u00ednimos son imprescindibles alcanzar antes de iniciar la desescalada. Estos indicadores ser\u00e1n p\u00fablicos, de modo que permitan a cualquier interesado conocer las variables de referencia para la toma de decisiones\u00bb. Bien hasta aqu\u00ed todo quedaba claro, pero\u2026. Resulta que estos criterios objetivos no se tendr\u00e1n en cuenta para pasar de una fase a otra en la desescalada que se prolongar\u00e1 hasta finales de junio. Todo quedar\u00e1 reducido a que al final : el Ministerio de Sanidad, que dirige Salvador Illa, tendr\u00e1 la \u00faltima palabra a la hora de determinar, \u00abcada dos semanas\u00bb, en qu\u00e9 fase se encuentra cada provincia. Y el doctor Sim\u00f3n lo ha remarcado: \u00abla transici\u00f3n no se va a basar en indicadores \u00fanicos y en umbrales prefijados, sino que va a depender de muchos factores. Son muchos par\u00e1metros que valorar en su conjunto\u00bb. Vale, muchos, son muchos, pero no sin\u00f3nimo de indeterminados. \u00bfPor qu\u00e9 no se fijan con claridad estos muchos?\u00a0 Una vez m\u00e1s las contradicciones entre lo que se dice por escrito y lo que luego se explica son flagrantes, una vez m\u00e1s impera la sensaci\u00f3n de pasteleo. En realidad el \u00abPlan para la transici\u00f3n hacia una nueva normalidad\u00bb es un \u00a0documento de intenciones que ir\u00e1n concretando mediante Bolet\u00edn Oficial del Estado (BOE) a base diferentes \u00f3rdenes ministeriales que se publicar\u00e1n los pr\u00f3ximos d\u00edas. Si realmente existe un plan definido, \u00bfpor qu\u00e9 no se presenta y oficializa de una vez, en lugar de ir desgranando cap\u00edtulos, con la incertidumbre y riesgo de desconexi\u00f3n ente partes, que este procedimiento acarrea.? M\u00e1s confuso, imposible. Mientras, el marcador econ\u00f3mico sigue avanzando inexorablemente hasta la mayor cat\u00e1strofe conocida sucedida en un solo a\u00f1o. M\u00e1s informaci\u00f3n sobre el coronavirus en ESPECIAL CORONAVIRUS<\/p>\n","protected":false},"author":2,"featured_media":35645,"comment_status":"open","ping_status":"open","sticky":false,"template":"","format":"standard","meta":{"_FSMCFIC_featured_image_caption":"","_FSMCFIC_featured_image_nocaption":"","_FSMCFIC_featured_image_hide":"","footnotes":""},"categories":[1772,806],"tags":[1504,2269,2049],"class_list":["post-35644","post","type-post","status-publish","format-standard","has-post-thumbnail","hentry","category-especial-coronavirus-es","category-punts-claus-del-dia-es","tag-coronavirus-es","tag-desescalada","tag-medidas-coronavirus"],"yoast_head":"<!-- This site is optimized with the Yoast SEO plugin v26.8 - https:\/\/yoast.com\/product\/yoast-seo-wordpress\/ -->\n<title>El barullo de la desescalada - Converses a Catalunya<\/title>\n<meta name=\"robots\" content=\"index, follow, max-snippet:-1, max-image-preview:large, max-video-preview:-1\" \/>\n<link rel=\"canonical\" href=\"https:\/\/conversesacatalunya.cat\/es\/el-barullo-de-la-desescalada\/\" \/>\n<meta property=\"og:locale\" content=\"es_ES\" \/>\n<meta property=\"og:type\" content=\"article\" \/>\n<meta property=\"og:title\" content=\"El barullo de la desescalada - Converses a Catalunya\" \/>\n<meta property=\"og:description\" content=\"El gobierno sigue mostrando una escasa capacidad para resolver las cuestiones estrat\u00e9gicas que le plantea la pandemia. Le sucedi\u00f3 al despertarse tarde, al no disponer de material para pruebas de contagio, la poca disponibilidad de mascarillas y otros elementos de protecci\u00f3n personal, al no proveer de una estad\u00edstica fiable y cre\u00edble, en sus modificaciones despu\u00e9s de acuerdos del Consejo de Ministros, en su escasa capacidad para generar unas buenas relaciones con los otros partidos, incluidos aquellos que le apoyaron en los Presupuestos. Sorprende que una sociedad que dispone de tantas personas de primer nivel aporte unos resultados tan deficientes en la gesti\u00f3n de una cuesti\u00f3n tan decisiva como es la salud p\u00fablica. Y ahora est\u00e1 sucediendo los mismo con el plan \u00a0de la desescalada El proyecto lleg\u00f3 verde al Consejo Ministros esto explica su larga duraci\u00f3n. Lo que no se explica es como es posible que con tanto tiempo y medios los resultados sean tan endebles. Porque desde el d\u00eda 1 del confinamiento sab\u00edan que esta ocasi\u00f3n llegar\u00eda. Existe un rotundo d\u00e9ficit de liderazgo, que es mucho mas que realizar ruedas de prensa a troche y moche. No es el agua lo que ennoblece a un caldo, sino su sustancia. Tropieza una vez m\u00e1s con la misma piedra de la falta de acuerdos, del m\u00ednimo consenso previo. Hablar no es acordar. Lo que S\u00e1nchez entiende como di\u00e1logo es solo la escucha de su discurso. Tras la presentaci\u00f3n este martes del &#8216;Plan para la transici\u00f3n hacia una nueva normalidad&#8217;, (la capacidad de la factor\u00eda \u00a0de Ivan Rueda para adjetivar los eventos es infinita; ah\u00ed es nada: nueva normalidad) la cuesti\u00f3n es doble \u00bfSera finalmente la provincia la \u201cunidad de destino\u201d o visto lo comentado por el ministro Illa, \u201ddepender\u00e1\u201d? \u00bf En qu\u00e9 consisten los \u201ccriterios objetivos, p\u00fablicos, sobre todo de tipo sanitario y epidemiol\u00f3gico? \u00bfPor qu\u00e9 si son objetivos han de ser medibles, pero, Fernando Sim\u00f3n, matizaba este punto a preguntas de los periodistas en la rueda de prensa: \u00abNo vamos a poner un umbral espec\u00edfico para cada indicador, porque hay una gran interrelaci\u00f3n entre ellos\u00bb. El propio documento aprobado por el Consejo de Ministros tambi\u00e9n apunta en esta l\u00ednea al se\u00f1alar que estos indicadores \u00abser\u00e1n evaluados de manera cualitativa y conjunta para permitir la transici\u00f3n de una fase a otra\u00bb. En qu\u00e9 quedamos \u00bfson objetivos, carecen de umbral especifico, son cualitativos? Es posible modelizar estas exigencias, pero en cualquier caso requieren datos y cifras-objetivo debidamente interrelacionadas. Pero de esto nada. \u00bfEntonces? \u00bf\u201cParole, parole\u201d una vez mas? \u21d2 Ya os pod\u00e9is unir al grupo oficial de Facebook de Di\u00e1logos en Catalu\u00f1a donde comentamos entre todos las noticias de Catalu\u00f1a, os informamos, pod\u00e9is comentar la actualidad y os entretendr\u00e9is. Os esperamos! Clicar aqu\u00ed, Os encantar\u00e1. El Ministerio de Sanidad remiti\u00f3 hace unos d\u00edas a las comunidades aut\u00f3nomas los criterios o marcadores generales que aparecen como anexo en el plan de desescalada anunciado el martes. La idea original era acordar con las comunidades umbrales num\u00e9ricos para cada indicador a partir de este panel de marcadores, de tal forma que cada territorio supiera en cada momento a qu\u00e9 criterios atenerse para pasar de fase. Entre estos valores num\u00e9ricos, se habl\u00f3 de una tasa de reproducci\u00f3n (Rt) inferior a 1, la que indica que los contagios se van reduciendo, \u00a0la notificaci\u00f3n diaria de al menos el 90% de datos individualizados de nuevos positivos o una tasa de incidencia de dos casos nuevos por cada 100.000 habitantes. El plan insist\u00eda en ello: \u00abUno de los primeros pasos consiste en el desarrollo de una serie de indicadores objetivos relevantes medibles y confiables, que comprometan y sirvan al Gobierno y a las propias comunidades aut\u00f3nomas para conocer qu\u00e9 umbrales m\u00ednimos son imprescindibles alcanzar antes de iniciar la desescalada. Estos indicadores ser\u00e1n p\u00fablicos, de modo que permitan a cualquier interesado conocer las variables de referencia para la toma de decisiones\u00bb. Bien hasta aqu\u00ed todo quedaba claro, pero\u2026. Resulta que estos criterios objetivos no se tendr\u00e1n en cuenta para pasar de una fase a otra en la desescalada que se prolongar\u00e1 hasta finales de junio. Todo quedar\u00e1 reducido a que al final : el Ministerio de Sanidad, que dirige Salvador Illa, tendr\u00e1 la \u00faltima palabra a la hora de determinar, \u00abcada dos semanas\u00bb, en qu\u00e9 fase se encuentra cada provincia. Y el doctor Sim\u00f3n lo ha remarcado: \u00abla transici\u00f3n no se va a basar en indicadores \u00fanicos y en umbrales prefijados, sino que va a depender de muchos factores. Son muchos par\u00e1metros que valorar en su conjunto\u00bb. Vale, muchos, son muchos, pero no sin\u00f3nimo de indeterminados. \u00bfPor qu\u00e9 no se fijan con claridad estos muchos?\u00a0 Una vez m\u00e1s las contradicciones entre lo que se dice por escrito y lo que luego se explica son flagrantes, una vez m\u00e1s impera la sensaci\u00f3n de pasteleo. En realidad el \u00abPlan para la transici\u00f3n hacia una nueva normalidad\u00bb es un \u00a0documento de intenciones que ir\u00e1n concretando mediante Bolet\u00edn Oficial del Estado (BOE) a base diferentes \u00f3rdenes ministeriales que se publicar\u00e1n los pr\u00f3ximos d\u00edas. Si realmente existe un plan definido, \u00bfpor qu\u00e9 no se presenta y oficializa de una vez, en lugar de ir desgranando cap\u00edtulos, con la incertidumbre y riesgo de desconexi\u00f3n ente partes, que este procedimiento acarrea.? M\u00e1s confuso, imposible. Mientras, el marcador econ\u00f3mico sigue avanzando inexorablemente hasta la mayor cat\u00e1strofe conocida sucedida en un solo a\u00f1o. M\u00e1s informaci\u00f3n sobre el coronavirus en ESPECIAL CORONAVIRUS\" \/>\n<meta property=\"og:url\" content=\"https:\/\/conversesacatalunya.cat\/es\/el-barullo-de-la-desescalada\/\" \/>\n<meta property=\"og:site_name\" content=\"Converses a Catalunya\" \/>\n<meta property=\"article:published_time\" content=\"2020-05-04T11:22:58+00:00\" \/>\n<meta property=\"og:image\" content=\"https:\/\/conversesacatalunya.cat\/wp-content\/uploads\/2020\/05\/desescalada.jpg\" \/>\n\t<meta property=\"og:image:width\" content=\"1200\" \/>\n\t<meta property=\"og:image:height\" content=\"699\" \/>\n\t<meta property=\"og:image:type\" content=\"image\/jpeg\" \/>\n<meta name=\"author\" content=\"conversesacatalunya\" \/>\n<meta name=\"twitter:card\" content=\"summary_large_image\" \/>\n<meta name=\"twitter:label1\" content=\"Escrito por\" \/>\n\t<meta name=\"twitter:data1\" content=\"conversesacatalunya\" \/>\n\t<meta name=\"twitter:label2\" content=\"Tiempo de lectura\" \/>\n\t<meta name=\"twitter:data2\" content=\"5 minutos\" \/>\n<script type=\"application\/ld+json\" class=\"yoast-schema-graph\">{\"@context\":\"https:\/\/schema.org\",\"@graph\":[{\"@type\":\"Article\",\"@id\":\"https:\/\/conversesacatalunya.cat\/es\/el-barullo-de-la-desescalada\/#article\",\"isPartOf\":{\"@id\":\"https:\/\/conversesacatalunya.cat\/es\/el-barullo-de-la-desescalada\/\"},\"author\":{\"name\":\"conversesacatalunya\",\"@id\":\"https:\/\/conversesacatalunya.cat\/#\/schema\/person\/7e24d1e54a2785373ddcb275eae5ed99\"},\"headline\":\"El barullo de la desescalada\",\"datePublished\":\"2020-05-04T11:22:58+00:00\",\"mainEntityOfPage\":{\"@id\":\"https:\/\/conversesacatalunya.cat\/es\/el-barullo-de-la-desescalada\/\"},\"wordCount\":983,\"commentCount\":0,\"image\":{\"@id\":\"https:\/\/conversesacatalunya.cat\/es\/el-barullo-de-la-desescalada\/#primaryimage\"},\"thumbnailUrl\":\"https:\/\/conversesacatalunya.cat\/wp-content\/uploads\/2020\/05\/desescalada.jpg\",\"keywords\":[\"coronavirus\",\"desescalada\",\"medidas coronavirus\"],\"articleSection\":[\"Especial Coronavirus (ES)\",\"Punts clau del dia (ES)\"],\"inLanguage\":\"es\",\"potentialAction\":[{\"@type\":\"CommentAction\",\"name\":\"Comment\",\"target\":[\"https:\/\/conversesacatalunya.cat\/es\/el-barullo-de-la-desescalada\/#respond\"]}]},{\"@type\":\"WebPage\",\"@id\":\"https:\/\/conversesacatalunya.cat\/es\/el-barullo-de-la-desescalada\/\",\"url\":\"https:\/\/conversesacatalunya.cat\/es\/el-barullo-de-la-desescalada\/\",\"name\":\"El barullo de la desescalada - Converses a Catalunya\",\"isPartOf\":{\"@id\":\"https:\/\/conversesacatalunya.cat\/#website\"},\"primaryImageOfPage\":{\"@id\":\"https:\/\/conversesacatalunya.cat\/es\/el-barullo-de-la-desescalada\/#primaryimage\"},\"image\":{\"@id\":\"https:\/\/conversesacatalunya.cat\/es\/el-barullo-de-la-desescalada\/#primaryimage\"},\"thumbnailUrl\":\"https:\/\/conversesacatalunya.cat\/wp-content\/uploads\/2020\/05\/desescalada.jpg\",\"datePublished\":\"2020-05-04T11:22:58+00:00\",\"author\":{\"@id\":\"https:\/\/conversesacatalunya.cat\/#\/schema\/person\/7e24d1e54a2785373ddcb275eae5ed99\"},\"breadcrumb\":{\"@id\":\"https:\/\/conversesacatalunya.cat\/es\/el-barullo-de-la-desescalada\/#breadcrumb\"},\"inLanguage\":\"es\",\"potentialAction\":[{\"@type\":\"ReadAction\",\"target\":[\"https:\/\/conversesacatalunya.cat\/es\/el-barullo-de-la-desescalada\/\"]}]},{\"@type\":\"ImageObject\",\"inLanguage\":\"es\",\"@id\":\"https:\/\/conversesacatalunya.cat\/es\/el-barullo-de-la-desescalada\/#primaryimage\",\"url\":\"https:\/\/conversesacatalunya.cat\/wp-content\/uploads\/2020\/05\/desescalada.jpg\",\"contentUrl\":\"https:\/\/conversesacatalunya.cat\/wp-content\/uploads\/2020\/05\/desescalada.jpg\",\"width\":1200,\"height\":699,\"caption\":\"desescalada\"},{\"@type\":\"BreadcrumbList\",\"@id\":\"https:\/\/conversesacatalunya.cat\/es\/el-barullo-de-la-desescalada\/#breadcrumb\",\"itemListElement\":[{\"@type\":\"ListItem\",\"position\":1,\"name\":\"Inici\",\"item\":\"https:\/\/conversesacatalunya.cat\/es\/\"},{\"@type\":\"ListItem\",\"position\":2,\"name\":\"El barullo de la desescalada\"}]},{\"@type\":\"WebSite\",\"@id\":\"https:\/\/conversesacatalunya.cat\/#website\",\"url\":\"https:\/\/conversesacatalunya.cat\/\",\"name\":\"Converses a Catalunya\",\"description\":\"\",\"potentialAction\":[{\"@type\":\"SearchAction\",\"target\":{\"@type\":\"EntryPoint\",\"urlTemplate\":\"https:\/\/conversesacatalunya.cat\/?s={search_term_string}\"},\"query-input\":{\"@type\":\"PropertyValueSpecification\",\"valueRequired\":true,\"valueName\":\"search_term_string\"}}],\"inLanguage\":\"es\"},{\"@type\":\"Person\",\"@id\":\"https:\/\/conversesacatalunya.cat\/#\/schema\/person\/7e24d1e54a2785373ddcb275eae5ed99\",\"name\":\"conversesacatalunya\",\"image\":{\"@type\":\"ImageObject\",\"inLanguage\":\"es\",\"@id\":\"https:\/\/conversesacatalunya.cat\/#\/schema\/person\/image\/\",\"url\":\"https:\/\/conversesacatalunya.cat\/wp-content\/litespeed\/avatar\/febdfeeec89d950f01c748045a981dd2.jpg?ver=1777314535\",\"contentUrl\":\"https:\/\/conversesacatalunya.cat\/wp-content\/litespeed\/avatar\/febdfeeec89d950f01c748045a981dd2.jpg?ver=1777314535\",\"caption\":\"conversesacatalunya\"},\"url\":\"https:\/\/conversesacatalunya.cat\/es\/author\/carme_catala\/\"}]}<\/script>\n<!-- \/ Yoast SEO plugin. -->","yoast_head_json":{"title":"El barullo de la desescalada - Converses a Catalunya","robots":{"index":"index","follow":"follow","max-snippet":"max-snippet:-1","max-image-preview":"max-image-preview:large","max-video-preview":"max-video-preview:-1"},"canonical":"https:\/\/conversesacatalunya.cat\/es\/el-barullo-de-la-desescalada\/","og_locale":"es_ES","og_type":"article","og_title":"El barullo de la desescalada - Converses a Catalunya","og_description":"El gobierno sigue mostrando una escasa capacidad para resolver las cuestiones estrat\u00e9gicas que le plantea la pandemia. Le sucedi\u00f3 al despertarse tarde, al no disponer de material para pruebas de contagio, la poca disponibilidad de mascarillas y otros elementos de protecci\u00f3n personal, al no proveer de una estad\u00edstica fiable y cre\u00edble, en sus modificaciones despu\u00e9s de acuerdos del Consejo de Ministros, en su escasa capacidad para generar unas buenas relaciones con los otros partidos, incluidos aquellos que le apoyaron en los Presupuestos. Sorprende que una sociedad que dispone de tantas personas de primer nivel aporte unos resultados tan deficientes en la gesti\u00f3n de una cuesti\u00f3n tan decisiva como es la salud p\u00fablica. Y ahora est\u00e1 sucediendo los mismo con el plan \u00a0de la desescalada El proyecto lleg\u00f3 verde al Consejo Ministros esto explica su larga duraci\u00f3n. Lo que no se explica es como es posible que con tanto tiempo y medios los resultados sean tan endebles. Porque desde el d\u00eda 1 del confinamiento sab\u00edan que esta ocasi\u00f3n llegar\u00eda. Existe un rotundo d\u00e9ficit de liderazgo, que es mucho mas que realizar ruedas de prensa a troche y moche. No es el agua lo que ennoblece a un caldo, sino su sustancia. Tropieza una vez m\u00e1s con la misma piedra de la falta de acuerdos, del m\u00ednimo consenso previo. Hablar no es acordar. Lo que S\u00e1nchez entiende como di\u00e1logo es solo la escucha de su discurso. Tras la presentaci\u00f3n este martes del &#8216;Plan para la transici\u00f3n hacia una nueva normalidad&#8217;, (la capacidad de la factor\u00eda \u00a0de Ivan Rueda para adjetivar los eventos es infinita; ah\u00ed es nada: nueva normalidad) la cuesti\u00f3n es doble \u00bfSera finalmente la provincia la \u201cunidad de destino\u201d o visto lo comentado por el ministro Illa, \u201ddepender\u00e1\u201d? \u00bf En qu\u00e9 consisten los \u201ccriterios objetivos, p\u00fablicos, sobre todo de tipo sanitario y epidemiol\u00f3gico? \u00bfPor qu\u00e9 si son objetivos han de ser medibles, pero, Fernando Sim\u00f3n, matizaba este punto a preguntas de los periodistas en la rueda de prensa: \u00abNo vamos a poner un umbral espec\u00edfico para cada indicador, porque hay una gran interrelaci\u00f3n entre ellos\u00bb. El propio documento aprobado por el Consejo de Ministros tambi\u00e9n apunta en esta l\u00ednea al se\u00f1alar que estos indicadores \u00abser\u00e1n evaluados de manera cualitativa y conjunta para permitir la transici\u00f3n de una fase a otra\u00bb. En qu\u00e9 quedamos \u00bfson objetivos, carecen de umbral especifico, son cualitativos? Es posible modelizar estas exigencias, pero en cualquier caso requieren datos y cifras-objetivo debidamente interrelacionadas. Pero de esto nada. \u00bfEntonces? \u00bf\u201cParole, parole\u201d una vez mas? \u21d2 Ya os pod\u00e9is unir al grupo oficial de Facebook de Di\u00e1logos en Catalu\u00f1a donde comentamos entre todos las noticias de Catalu\u00f1a, os informamos, pod\u00e9is comentar la actualidad y os entretendr\u00e9is. Os esperamos! Clicar aqu\u00ed, Os encantar\u00e1. El Ministerio de Sanidad remiti\u00f3 hace unos d\u00edas a las comunidades aut\u00f3nomas los criterios o marcadores generales que aparecen como anexo en el plan de desescalada anunciado el martes. La idea original era acordar con las comunidades umbrales num\u00e9ricos para cada indicador a partir de este panel de marcadores, de tal forma que cada territorio supiera en cada momento a qu\u00e9 criterios atenerse para pasar de fase. Entre estos valores num\u00e9ricos, se habl\u00f3 de una tasa de reproducci\u00f3n (Rt) inferior a 1, la que indica que los contagios se van reduciendo, \u00a0la notificaci\u00f3n diaria de al menos el 90% de datos individualizados de nuevos positivos o una tasa de incidencia de dos casos nuevos por cada 100.000 habitantes. El plan insist\u00eda en ello: \u00abUno de los primeros pasos consiste en el desarrollo de una serie de indicadores objetivos relevantes medibles y confiables, que comprometan y sirvan al Gobierno y a las propias comunidades aut\u00f3nomas para conocer qu\u00e9 umbrales m\u00ednimos son imprescindibles alcanzar antes de iniciar la desescalada. Estos indicadores ser\u00e1n p\u00fablicos, de modo que permitan a cualquier interesado conocer las variables de referencia para la toma de decisiones\u00bb. Bien hasta aqu\u00ed todo quedaba claro, pero\u2026. Resulta que estos criterios objetivos no se tendr\u00e1n en cuenta para pasar de una fase a otra en la desescalada que se prolongar\u00e1 hasta finales de junio. Todo quedar\u00e1 reducido a que al final : el Ministerio de Sanidad, que dirige Salvador Illa, tendr\u00e1 la \u00faltima palabra a la hora de determinar, \u00abcada dos semanas\u00bb, en qu\u00e9 fase se encuentra cada provincia. Y el doctor Sim\u00f3n lo ha remarcado: \u00abla transici\u00f3n no se va a basar en indicadores \u00fanicos y en umbrales prefijados, sino que va a depender de muchos factores. Son muchos par\u00e1metros que valorar en su conjunto\u00bb. Vale, muchos, son muchos, pero no sin\u00f3nimo de indeterminados. \u00bfPor qu\u00e9 no se fijan con claridad estos muchos?\u00a0 Una vez m\u00e1s las contradicciones entre lo que se dice por escrito y lo que luego se explica son flagrantes, una vez m\u00e1s impera la sensaci\u00f3n de pasteleo. En realidad el \u00abPlan para la transici\u00f3n hacia una nueva normalidad\u00bb es un \u00a0documento de intenciones que ir\u00e1n concretando mediante Bolet\u00edn Oficial del Estado (BOE) a base diferentes \u00f3rdenes ministeriales que se publicar\u00e1n los pr\u00f3ximos d\u00edas. Si realmente existe un plan definido, \u00bfpor qu\u00e9 no se presenta y oficializa de una vez, en lugar de ir desgranando cap\u00edtulos, con la incertidumbre y riesgo de desconexi\u00f3n ente partes, que este procedimiento acarrea.? M\u00e1s confuso, imposible. Mientras, el marcador econ\u00f3mico sigue avanzando inexorablemente hasta la mayor cat\u00e1strofe conocida sucedida en un solo a\u00f1o. M\u00e1s informaci\u00f3n sobre el coronavirus en ESPECIAL CORONAVIRUS","og_url":"https:\/\/conversesacatalunya.cat\/es\/el-barullo-de-la-desescalada\/","og_site_name":"Converses a Catalunya","article_published_time":"2020-05-04T11:22:58+00:00","og_image":[{"width":1200,"height":699,"url":"https:\/\/conversesacatalunya.cat\/wp-content\/uploads\/2020\/05\/desescalada.jpg","type":"image\/jpeg"}],"author":"conversesacatalunya","twitter_card":"summary_large_image","twitter_misc":{"Escrito por":"conversesacatalunya","Tiempo de lectura":"5 minutos"},"schema":{"@context":"https:\/\/schema.org","@graph":[{"@type":"Article","@id":"https:\/\/conversesacatalunya.cat\/es\/el-barullo-de-la-desescalada\/#article","isPartOf":{"@id":"https:\/\/conversesacatalunya.cat\/es\/el-barullo-de-la-desescalada\/"},"author":{"name":"conversesacatalunya","@id":"https:\/\/conversesacatalunya.cat\/#\/schema\/person\/7e24d1e54a2785373ddcb275eae5ed99"},"headline":"El barullo de la desescalada","datePublished":"2020-05-04T11:22:58+00:00","mainEntityOfPage":{"@id":"https:\/\/conversesacatalunya.cat\/es\/el-barullo-de-la-desescalada\/"},"wordCount":983,"commentCount":0,"image":{"@id":"https:\/\/conversesacatalunya.cat\/es\/el-barullo-de-la-desescalada\/#primaryimage"},"thumbnailUrl":"https:\/\/conversesacatalunya.cat\/wp-content\/uploads\/2020\/05\/desescalada.jpg","keywords":["coronavirus","desescalada","medidas coronavirus"],"articleSection":["Especial Coronavirus (ES)","Punts clau del dia (ES)"],"inLanguage":"es","potentialAction":[{"@type":"CommentAction","name":"Comment","target":["https:\/\/conversesacatalunya.cat\/es\/el-barullo-de-la-desescalada\/#respond"]}]},{"@type":"WebPage","@id":"https:\/\/conversesacatalunya.cat\/es\/el-barullo-de-la-desescalada\/","url":"https:\/\/conversesacatalunya.cat\/es\/el-barullo-de-la-desescalada\/","name":"El barullo de la desescalada - Converses a Catalunya","isPartOf":{"@id":"https:\/\/conversesacatalunya.cat\/#website"},"primaryImageOfPage":{"@id":"https:\/\/conversesacatalunya.cat\/es\/el-barullo-de-la-desescalada\/#primaryimage"},"image":{"@id":"https:\/\/conversesacatalunya.cat\/es\/el-barullo-de-la-desescalada\/#primaryimage"},"thumbnailUrl":"https:\/\/conversesacatalunya.cat\/wp-content\/uploads\/2020\/05\/desescalada.jpg","datePublished":"2020-05-04T11:22:58+00:00","author":{"@id":"https:\/\/conversesacatalunya.cat\/#\/schema\/person\/7e24d1e54a2785373ddcb275eae5ed99"},"breadcrumb":{"@id":"https:\/\/conversesacatalunya.cat\/es\/el-barullo-de-la-desescalada\/#breadcrumb"},"inLanguage":"es","potentialAction":[{"@type":"ReadAction","target":["https:\/\/conversesacatalunya.cat\/es\/el-barullo-de-la-desescalada\/"]}]},{"@type":"ImageObject","inLanguage":"es","@id":"https:\/\/conversesacatalunya.cat\/es\/el-barullo-de-la-desescalada\/#primaryimage","url":"https:\/\/conversesacatalunya.cat\/wp-content\/uploads\/2020\/05\/desescalada.jpg","contentUrl":"https:\/\/conversesacatalunya.cat\/wp-content\/uploads\/2020\/05\/desescalada.jpg","width":1200,"height":699,"caption":"desescalada"},{"@type":"BreadcrumbList","@id":"https:\/\/conversesacatalunya.cat\/es\/el-barullo-de-la-desescalada\/#breadcrumb","itemListElement":[{"@type":"ListItem","position":1,"name":"Inici","item":"https:\/\/conversesacatalunya.cat\/es\/"},{"@type":"ListItem","position":2,"name":"El barullo de la desescalada"}]},{"@type":"WebSite","@id":"https:\/\/conversesacatalunya.cat\/#website","url":"https:\/\/conversesacatalunya.cat\/","name":"Converses a Catalunya","description":"","potentialAction":[{"@type":"SearchAction","target":{"@type":"EntryPoint","urlTemplate":"https:\/\/conversesacatalunya.cat\/?s={search_term_string}"},"query-input":{"@type":"PropertyValueSpecification","valueRequired":true,"valueName":"search_term_string"}}],"inLanguage":"es"},{"@type":"Person","@id":"https:\/\/conversesacatalunya.cat\/#\/schema\/person\/7e24d1e54a2785373ddcb275eae5ed99","name":"conversesacatalunya","image":{"@type":"ImageObject","inLanguage":"es","@id":"https:\/\/conversesacatalunya.cat\/#\/schema\/person\/image\/","url":"https:\/\/conversesacatalunya.cat\/wp-content\/litespeed\/avatar\/febdfeeec89d950f01c748045a981dd2.jpg?ver=1777314535","contentUrl":"https:\/\/conversesacatalunya.cat\/wp-content\/litespeed\/avatar\/febdfeeec89d950f01c748045a981dd2.jpg?ver=1777314535","caption":"conversesacatalunya"},"url":"https:\/\/conversesacatalunya.cat\/es\/author\/carme_catala\/"}]}},"wps_subtitle":"","_links":{"self":[{"href":"https:\/\/conversesacatalunya.cat\/es\/wp-json\/wp\/v2\/posts\/35644","targetHints":{"allow":["GET"]}}],"collection":[{"href":"https:\/\/conversesacatalunya.cat\/es\/wp-json\/wp\/v2\/posts"}],"about":[{"href":"https:\/\/conversesacatalunya.cat\/es\/wp-json\/wp\/v2\/types\/post"}],"author":[{"embeddable":true,"href":"https:\/\/conversesacatalunya.cat\/es\/wp-json\/wp\/v2\/users\/2"}],"replies":[{"embeddable":true,"href":"https:\/\/conversesacatalunya.cat\/es\/wp-json\/wp\/v2\/comments?post=35644"}],"version-history":[{"count":1,"href":"https:\/\/conversesacatalunya.cat\/es\/wp-json\/wp\/v2\/posts\/35644\/revisions"}],"predecessor-version":[{"id":35647,"href":"https:\/\/conversesacatalunya.cat\/es\/wp-json\/wp\/v2\/posts\/35644\/revisions\/35647"}],"wp:featuredmedia":[{"embeddable":true,"href":"https:\/\/conversesacatalunya.cat\/es\/wp-json\/wp\/v2\/media\/35645"}],"wp:attachment":[{"href":"https:\/\/conversesacatalunya.cat\/es\/wp-json\/wp\/v2\/media?parent=35644"}],"wp:term":[{"taxonomy":"category","embeddable":true,"href":"https:\/\/conversesacatalunya.cat\/es\/wp-json\/wp\/v2\/categories?post=35644"},{"taxonomy":"post_tag","embeddable":true,"href":"https:\/\/conversesacatalunya.cat\/es\/wp-json\/wp\/v2\/tags?post=35644"}],"curies":[{"name":"wp","href":"https:\/\/api.w.org\/{rel}","templated":true}]}}