{"id":35563,"date":"2020-04-29T18:12:49","date_gmt":"2020-04-29T16:12:49","guid":{"rendered":"https:\/\/conversesacatalunya.cat\/temem-nomes-la-por-i-lestat-innocent-una-fotografia-de-la-realitat\/"},"modified":"2020-04-29T20:23:37","modified_gmt":"2020-04-29T18:23:37","slug":"temamos-solo-al-miedo-y-al-estado-inocente-una-fotografia-de-la-realidad","status":"publish","type":"post","link":"https:\/\/conversesacatalunya.cat\/es\/temamos-solo-al-miedo-y-al-estado-inocente-una-fotografia-de-la-realidad\/","title":{"rendered":"Temamos s\u00f3lo al miedo&#8230; y \u00abal estado inocente\u00bb. Una fotograf\u00eda de la realidad"},"content":{"rendered":"<div>\n<div tabindex=\"0\"><span lang=\"es\">S\u00ed, adoptemos las medidas de protecci\u00f3n racionales contra el Covid-19 que sea necesario, pero no vivamos atemorizados por \u00e9l.<\/span><\/div>\n<div tabindex=\"0\"><\/div>\n<div tabindex=\"0\"><\/div>\n<div tabindex=\"0\"><span lang=\"es\">S\u00f3lo debemos <strong>temer al miedo<\/strong>, la peor gu\u00eda para una sociedad. Al miedo y tambi\u00e9n al estado \u00abinocente\u00bb de toda culpa y responsabilidad, que no escucha ni rectifica, que piensa m\u00e1s en la imagen y en mantener el poder que en sacar al pa\u00eds airoso de la crisis y que se aprovecha del miedo para convertir en s\u00fabditos y principales responsables a los ciudadanos.<\/span><\/div>\n<div tabindex=\"0\"><\/div>\n<div tabindex=\"0\"><span lang=\"es\"><strong>La experiencia de este pasado domingo<\/strong>, primer d\u00eda de la salida con ni\u00f1os, es un buen ejemplo. Desde el gobierno, los medios de comunicaci\u00f3n -no todos- y la parte de la poblaci\u00f3n m\u00e1s atemorizada, han criticado a los padres de las grandes ciudades, porque estaban demasiado juntos, hab\u00edan salido con su mujer, entraban en las playas, rid\u00edculamente vetadas en algunas poblaciones (en Barcelona s\u00ed, en Badalona no). Conclusi\u00f3n: si un extraterrestre hubiera le\u00eddo y escuchado toda esta cr\u00edtica, habr\u00eda llegado a una conclusi\u00f3n inequ\u00edvoca: los padres se afanan por infectar a sus hijos.<\/span><\/div>\n<div tabindex=\"0\"><\/div>\n<div tabindex=\"0\"><span lang=\"es\">Pero la realidad era otra. En parte, porque las im\u00e1genes tomadas en perspectiva daban una sensaci\u00f3n de aglomeraci\u00f3n que en la realidad de la visi\u00f3n cenital no se produc\u00eda. Pero sobre todo porque pas\u00f3 lo que ten\u00eda que pasar:<\/span><\/div>\n<div tabindex=\"0\"><\/div>\n<div tabindex=\"0\"><span lang=\"es\">El <strong>resultado de una p\u00e9sima previsi\u00f3n<\/strong>. Nuestras ciudades son densas, muy densas, y si la gente sale a la calle a unas horas determinadas y se mueve, las calles y plazas se llenan, m\u00e1s si absurdamente se cierran, como Barcelona, \u200b\u200bplayas y parques. Reducir a\u00fan m\u00e1s el espacio p\u00fablico con densidades asi\u00e1ticas es favorecer la aglomeraci\u00f3n. \u00bfC\u00f3mo pueden no querer gente en el \u00e1rea central, en Ciutat Vella, en el Poble Sec, Gr\u00e0cia, Sants o en la Barceloneta? \u00bfEn qu\u00e9 mundo viven los dictadores de normas? \u00bfPor qu\u00e9 limitaron a tres, perjudicando a las familias numerosas y forz\u00e1ndolas a salir en dos y tres tandas, en lugar de hacer un solo grupo sin riesgo de todos los que conviven en el mismo hogar? \u00bfPor qu\u00e9 escogieron un domingo en lugar de un d\u00eda laborable, que habr\u00eda regulado mejor el n\u00famero de salidas? \u00bfPor qu\u00e9 no lo ordenaron por n\u00fameros de calle, lunes pares, martes impares? \u00bfPor qu\u00e9 no controlaban y organizaban el aforo de playas y parques? \u00bfPor qu\u00e9 no se permit\u00eda el ba\u00f1o en agua salada, m\u00e1s bien un ant\u00eddoto que un peligro? \u00bfPor qu\u00e9 los que nos gobiernan son tan in\u00fatiles organizando?<\/span><\/div>\n<div tabindex=\"0\"><span lang=\"es\"><br \/>\nQuiz\u00e1s la respuesta est\u00e1 en las intenciones y capacidades. Al final, en nombre de la eficacia, <strong>la gesti\u00f3n se ha centralizado en el gobierno espa\u00f1ol<\/strong>, y en nombre del control el gobierno ha quedado al pairo, y todo lo hace y deshace S\u00e1nchez y su jefe de Gabinete <strong>Iv\u00e1n Redondo<\/strong>, en realidad un verdadero vicepresidente <em>de facto<\/em>. \u00c9l e Iglesias, atento a que Podemos sea s\u00f3lo portador de buenas noticias, constituyen la direcci\u00f3n de la crisis, porque tienen acceso directo a S\u00e1nchez. El primero porque es el hombre que lo gu\u00eda para continuar en el poder, el segundo porque es la mejor garant\u00eda que tiene para permanecer en \u00e9l. El gobierno, incluido el ministro Illa, el te\u00f3rico responsable de la crisis sanitaria, cada d\u00eda son m\u00e1s comparsas, y el PSOE es la \u00abmulletilla\u00bb que dice <em>Am\u00e9n<\/em> mientras se garantiza el poder. La descoordinaci\u00f3n, las decisiones equivocadas, las marchas atr\u00e1s son fruto de esta situaci\u00f3n que se resuelve reprobando la \u00abirresponsabilidad\u00bb de los ciudadanos, pese a ser la poblaci\u00f3n de Europa que mejor cumple las normas de confinamiento, que adem\u00e1s son las m\u00e1s duras.<\/span><\/div>\n<\/div>\n<div class=\"tlid-result-transliteration-container result-transliteration-container transliteration-container\">\n<div class=\"tlid-transliteration-content transliteration-content full\"><\/div>\n<\/div>\n<div>\n<div tabindex=\"0\"><span lang=\"es\">Cabe recordar que el ministro de Sanidad es la cuota del PSC y se le otorg\u00f3 un ministerio tranquilo porque no tiene competencias. \u00a1Ay! Esto era antes de que el hurac\u00e1n de este coronavirus se lo llevara todo por delante. Ahora es un ministro sobrepasado por las circunstancias que s\u00f3lo calla ante S\u00e1nchez, que es quien lo decide todo en materia de sanidad.<\/span><\/div>\n<div tabindex=\"0\"><span lang=\"es\"><br \/>\nLo que vivimos es tr\u00e1gico, posiblemente la sociedad saldr\u00e1 diferente, y es tarea de todos que sea mejor, pero vivir con el trasfondo de una enfermedad infecciosa mortal no es ninguna novedad. Una parte de nosotros hemos vivido infancias marcadas por la <strong>tuberculosis<\/strong> como enfermedad social, y por el terrible <strong>sarampi\u00f3n<\/strong> antes de la vacuna. Hagamos memoria, recordemos que lo viv\u00edamos con normalidad y fatalidad. No irresponsablemente, pero tampoco atemorizados como conejos. Asumamos lo que sucede y no nos dejemos llevar por el miedo que nos hace insensibles al poder. Seamos cr\u00edticos y responsables. Pidamos concreciones al poder del estado, eficacia a la Generalitat, y menos ideolog\u00eda y m\u00e1s sentido com\u00fan en algunos ayuntamientos, como Barcelona.<\/span><\/div>\n<div tabindex=\"0\"><span lang=\"es\"><br \/>\nBasta de ruedas de prensa vac\u00edas de S\u00e1nchez y m\u00e1s <strong>concreciones<\/strong>. \u00bfCu\u00e1l es el calendario de normalizaci\u00f3n econ\u00f3mica que puede esperar cada sector y cada empresa, cu\u00e1ndo se cumplir\u00e1n los compromisos econ\u00f3micos concretos? \u00bfHasta cu\u00e1ndo piensa mantener este estado de excepci\u00f3n camuflado de estado de alerta? \u00bfCu\u00e1ndo se normalizar\u00e1 la actividad parlamentaria, qu\u00e9 previsi\u00f3n hay sobre el presupuesto de 2021, y cu\u00e1l es la previsi\u00f3n econ\u00f3mica del gobierno? \u00bfQu\u00e9 planes tienen para el turismo, las escuelas y universidades, para el deporte y el peque\u00f1o comercio? \u00bfQu\u00e9 programa tienen para devolver la normalidad a los hospitales y garantizar el tratamiento de las otras patolog\u00edas? \u00bfC\u00f3mo piensan resolver el problema de las residencias de ancianos y un esc\u00e1ndalo que reclama responsabilidades pol\u00edticas y legales? Queremos saber todo esto, y lo queremos ahora.<\/span><\/div>\n<div tabindex=\"0\"><span lang=\"es\"><br \/>\nAprendamos de la propia experiencia. Este pa\u00eds ha sufrido dos mortalidades epid\u00e9micas. La del c\u00f3lera de 1885, y la de la gripe de 1918-19. <strong>La primera mat\u00f3 a 150.000 personas<\/strong> sobre una poblaci\u00f3n de 17 millones. En relaci\u00f3n a la poblaci\u00f3n actual, es como si el Covid-19 provocara m\u00e1s de 400.000 muertes.<\/span><\/div>\n<div tabindex=\"0\"><span lang=\"es\"><br \/>\nLa gripe mat\u00f3 a 260.000 personas sobre unos 20 millones, y equivaldr\u00eda a unos 550.000 muertos en la proporci\u00f3n actualizada de la poblaci\u00f3n total. Pues bien, entonces los gobiernos de turno hicieron lo imposible para dejar la cr\u00edtica a su gesti\u00f3n para m\u00e1s adelante. Resultado: <strong>los gobernantes consiguieron hacer olvidar ambos desastres.<\/strong><\/span><\/div>\n<div tabindex=\"0\"><span lang=\"es\"><br \/>\nNo nos dejemos embaucar por lo de \u00abahora no es el momento\u00bb de criticar, porque es exactamente lo que se necesita para poner fin al desorden. Nuestro temor es la fuente que alimenta a un gobierno autoritario y arbitrario.<\/span><\/div>\n<\/div>\n<div class=\"tlid-result-transliteration-container result-transliteration-container transliteration-container\">\n<div class=\"tlid-transliteration-content transliteration-content full\"><\/div>\n<\/div>\n<div class=\"result-footer source-or-target-footer tlid-copy-target\">\n<div class=\"tlid-share-translation-button share-translation-button jfk-button-flat source-or-target-footer-button right-positioned jfk-button\" tabindex=\"0\" role=\"button\" aria-label=\"Comparteix la traducci\u00f3\" data-tooltip-align=\"t,c\" data-tooltip=\"Comparteix la traducci\u00f3\">\n<div class=\"jfk-button-img\"><span class='bctt-click-to-tweet'><span class='bctt-ctt-text'><a href='https:\/\/twitter.com\/intent\/tweet?url=https%3A%2F%2Fconversesacatalunya.cat%2Fes%2Ftemamos-solo-al-miedo-y-al-estado-inocente-una-fotografia-de-la-realidad%2F&#038;text=No%20vivamos%20atemorizados%20por%20el%20Covid-19&#038;via=conversesacat&#038;related=conversesacat' target='_blank'rel=\"noopener noreferrer\">No vivamos atemorizados por el Covid-19 <\/a><\/span><a href='https:\/\/twitter.com\/intent\/tweet?url=https%3A%2F%2Fconversesacatalunya.cat%2Fes%2Ftemamos-solo-al-miedo-y-al-estado-inocente-una-fotografia-de-la-realidad%2F&#038;text=No%20vivamos%20atemorizados%20por%20el%20Covid-19&#038;via=conversesacat&#038;related=conversesacat' target='_blank' class='bctt-ctt-btn'rel=\"noopener noreferrer\">Compartir en X<\/a><\/span><\/div>\n<\/div>\n<\/div>\n<p>&nbsp;<\/p>\n","protected":false},"excerpt":{"rendered":"<p>S\u00ed, adoptemos las medidas de protecci\u00f3n racionales contra el Covid-19 que sea necesario, pero no vivamos atemorizados por \u00e9l. S\u00f3lo debemos temer al miedo, la peor gu\u00eda para una sociedad. Al miedo y tambi\u00e9n al estado \u00abinocente\u00bb de toda culpa y responsabilidad, que no escucha ni rectifica, que piensa m\u00e1s en la imagen y en mantener el poder que en sacar al pa\u00eds airoso de la crisis y que se aprovecha del miedo para convertir en s\u00fabditos y principales responsables a los ciudadanos. La experiencia de este pasado domingo, primer d\u00eda de la salida con ni\u00f1os, es un buen ejemplo. Desde el gobierno, los medios de comunicaci\u00f3n -no todos- y la parte de la poblaci\u00f3n m\u00e1s atemorizada, han criticado a los padres de las grandes ciudades, porque estaban demasiado juntos, hab\u00edan salido con su mujer, entraban en las playas, rid\u00edculamente vetadas en algunas poblaciones (en Barcelona s\u00ed, en Badalona no). Conclusi\u00f3n: si un extraterrestre hubiera le\u00eddo y escuchado toda esta cr\u00edtica, habr\u00eda llegado a una conclusi\u00f3n inequ\u00edvoca: los padres se afanan por infectar a sus hijos. Pero la realidad era otra. En parte, porque las im\u00e1genes tomadas en perspectiva daban una sensaci\u00f3n de aglomeraci\u00f3n que en la realidad de la visi\u00f3n cenital no se produc\u00eda. Pero sobre todo porque pas\u00f3 lo que ten\u00eda que pasar: El resultado de una p\u00e9sima previsi\u00f3n. Nuestras ciudades son densas, muy densas, y si la gente sale a la calle a unas horas determinadas y se mueve, las calles y plazas se llenan, m\u00e1s si absurdamente se cierran, como Barcelona, \u200b\u200bplayas y parques. Reducir a\u00fan m\u00e1s el espacio p\u00fablico con densidades asi\u00e1ticas es favorecer la aglomeraci\u00f3n. \u00bfC\u00f3mo pueden no querer gente en el \u00e1rea central, en Ciutat Vella, en el Poble Sec, Gr\u00e0cia, Sants o en la Barceloneta? \u00bfEn qu\u00e9 mundo viven los dictadores de normas? \u00bfPor qu\u00e9 limitaron a tres, perjudicando a las familias numerosas y forz\u00e1ndolas a salir en dos y tres tandas, en lugar de hacer un solo grupo sin riesgo de todos los que conviven en el mismo hogar? \u00bfPor qu\u00e9 escogieron un domingo en lugar de un d\u00eda laborable, que habr\u00eda regulado mejor el n\u00famero de salidas? \u00bfPor qu\u00e9 no lo ordenaron por n\u00fameros de calle, lunes pares, martes impares? \u00bfPor qu\u00e9 no controlaban y organizaban el aforo de playas y parques? \u00bfPor qu\u00e9 no se permit\u00eda el ba\u00f1o en agua salada, m\u00e1s bien un ant\u00eddoto que un peligro? \u00bfPor qu\u00e9 los que nos gobiernan son tan in\u00fatiles organizando? Quiz\u00e1s la respuesta est\u00e1 en las intenciones y capacidades. Al final, en nombre de la eficacia, la gesti\u00f3n se ha centralizado en el gobierno espa\u00f1ol, y en nombre del control el gobierno ha quedado al pairo, y todo lo hace y deshace S\u00e1nchez y su jefe de Gabinete Iv\u00e1n Redondo, en realidad un verdadero vicepresidente de facto. \u00c9l e Iglesias, atento a que Podemos sea s\u00f3lo portador de buenas noticias, constituyen la direcci\u00f3n de la crisis, porque tienen acceso directo a S\u00e1nchez. El primero porque es el hombre que lo gu\u00eda para continuar en el poder, el segundo porque es la mejor garant\u00eda que tiene para permanecer en \u00e9l. El gobierno, incluido el ministro Illa, el te\u00f3rico responsable de la crisis sanitaria, cada d\u00eda son m\u00e1s comparsas, y el PSOE es la \u00abmulletilla\u00bb que dice Am\u00e9n mientras se garantiza el poder. La descoordinaci\u00f3n, las decisiones equivocadas, las marchas atr\u00e1s son fruto de esta situaci\u00f3n que se resuelve reprobando la \u00abirresponsabilidad\u00bb de los ciudadanos, pese a ser la poblaci\u00f3n de Europa que mejor cumple las normas de confinamiento, que adem\u00e1s son las m\u00e1s duras. Cabe recordar que el ministro de Sanidad es la cuota del PSC y se le otorg\u00f3 un ministerio tranquilo porque no tiene competencias. \u00a1Ay! Esto era antes de que el hurac\u00e1n de este coronavirus se lo llevara todo por delante. Ahora es un ministro sobrepasado por las circunstancias que s\u00f3lo calla ante S\u00e1nchez, que es quien lo decide todo en materia de sanidad. Lo que vivimos es tr\u00e1gico, posiblemente la sociedad saldr\u00e1 diferente, y es tarea de todos que sea mejor, pero vivir con el trasfondo de una enfermedad infecciosa mortal no es ninguna novedad. Una parte de nosotros hemos vivido infancias marcadas por la tuberculosis como enfermedad social, y por el terrible sarampi\u00f3n antes de la vacuna. Hagamos memoria, recordemos que lo viv\u00edamos con normalidad y fatalidad. No irresponsablemente, pero tampoco atemorizados como conejos. Asumamos lo que sucede y no nos dejemos llevar por el miedo que nos hace insensibles al poder. Seamos cr\u00edticos y responsables. Pidamos concreciones al poder del estado, eficacia a la Generalitat, y menos ideolog\u00eda y m\u00e1s sentido com\u00fan en algunos ayuntamientos, como Barcelona. Basta de ruedas de prensa vac\u00edas de S\u00e1nchez y m\u00e1s concreciones. \u00bfCu\u00e1l es el calendario de normalizaci\u00f3n econ\u00f3mica que puede esperar cada sector y cada empresa, cu\u00e1ndo se cumplir\u00e1n los compromisos econ\u00f3micos concretos? \u00bfHasta cu\u00e1ndo piensa mantener este estado de excepci\u00f3n camuflado de estado de alerta? \u00bfCu\u00e1ndo se normalizar\u00e1 la actividad parlamentaria, qu\u00e9 previsi\u00f3n hay sobre el presupuesto de 2021, y cu\u00e1l es la previsi\u00f3n econ\u00f3mica del gobierno? \u00bfQu\u00e9 planes tienen para el turismo, las escuelas y universidades, para el deporte y el peque\u00f1o comercio? \u00bfQu\u00e9 programa tienen para devolver la normalidad a los hospitales y garantizar el tratamiento de las otras patolog\u00edas? \u00bfC\u00f3mo piensan resolver el problema de las residencias de ancianos y un esc\u00e1ndalo que reclama responsabilidades pol\u00edticas y legales? Queremos saber todo esto, y lo queremos ahora. Aprendamos de la propia experiencia. Este pa\u00eds ha sufrido dos mortalidades epid\u00e9micas. La del c\u00f3lera de 1885, y la de la gripe de 1918-19. La primera mat\u00f3 a 150.000 personas sobre una poblaci\u00f3n de 17 millones. En relaci\u00f3n a la poblaci\u00f3n actual, es como si el Covid-19 provocara m\u00e1s de 400.000 muertes. La gripe mat\u00f3 a 260.000 personas sobre unos 20 millones, y equivaldr\u00eda a unos 550.000 muertos en la proporci\u00f3n actualizada de la poblaci\u00f3n total. Pues bien, entonces los gobiernos de turno hicieron lo imposible para dejar la cr\u00edtica a su gesti\u00f3n para m\u00e1s adelante. Resultado: los&#8230;<\/p>\n","protected":false},"author":19,"featured_media":35560,"comment_status":"open","ping_status":"open","sticky":false,"template":"","format":"standard","meta":{"_FSMCFIC_featured_image_caption":"","_FSMCFIC_featured_image_nocaption":"","_FSMCFIC_featured_image_hide":"","footnotes":""},"categories":[796,1772],"tags":[1504],"class_list":["post-35563","post","type-post","status-publish","format-standard","has-post-thumbnail","hentry","category-el-blog-de-josep-miro-i-ardevol-es","category-especial-coronavirus-es","tag-coronavirus-es"],"yoast_head":"<!-- This site is optimized with the Yoast SEO plugin v26.8 - https:\/\/yoast.com\/product\/yoast-seo-wordpress\/ -->\n<title>Temamos s\u00f3lo al miedo... y &quot;al estado inocente&quot;. Una fotograf\u00eda de la realidad - Converses a Catalunya<\/title>\n<meta name=\"robots\" content=\"index, follow, max-snippet:-1, max-image-preview:large, max-video-preview:-1\" \/>\n<link rel=\"canonical\" href=\"https:\/\/conversesacatalunya.cat\/es\/temamos-solo-al-miedo-y-al-estado-inocente-una-fotografia-de-la-realidad\/\" \/>\n<meta property=\"og:locale\" content=\"es_ES\" \/>\n<meta property=\"og:type\" content=\"article\" \/>\n<meta property=\"og:title\" content=\"Temamos s\u00f3lo al miedo... y &quot;al estado inocente&quot;. Una fotograf\u00eda de la realidad - Converses a Catalunya\" \/>\n<meta property=\"og:description\" content=\"S\u00ed, adoptemos las medidas de protecci\u00f3n racionales contra el Covid-19 que sea necesario, pero no vivamos atemorizados por \u00e9l. S\u00f3lo debemos temer al miedo, la peor gu\u00eda para una sociedad. Al miedo y tambi\u00e9n al estado \u00abinocente\u00bb de toda culpa y responsabilidad, que no escucha ni rectifica, que piensa m\u00e1s en la imagen y en mantener el poder que en sacar al pa\u00eds airoso de la crisis y que se aprovecha del miedo para convertir en s\u00fabditos y principales responsables a los ciudadanos. La experiencia de este pasado domingo, primer d\u00eda de la salida con ni\u00f1os, es un buen ejemplo. Desde el gobierno, los medios de comunicaci\u00f3n -no todos- y la parte de la poblaci\u00f3n m\u00e1s atemorizada, han criticado a los padres de las grandes ciudades, porque estaban demasiado juntos, hab\u00edan salido con su mujer, entraban en las playas, rid\u00edculamente vetadas en algunas poblaciones (en Barcelona s\u00ed, en Badalona no). Conclusi\u00f3n: si un extraterrestre hubiera le\u00eddo y escuchado toda esta cr\u00edtica, habr\u00eda llegado a una conclusi\u00f3n inequ\u00edvoca: los padres se afanan por infectar a sus hijos. Pero la realidad era otra. En parte, porque las im\u00e1genes tomadas en perspectiva daban una sensaci\u00f3n de aglomeraci\u00f3n que en la realidad de la visi\u00f3n cenital no se produc\u00eda. Pero sobre todo porque pas\u00f3 lo que ten\u00eda que pasar: El resultado de una p\u00e9sima previsi\u00f3n. Nuestras ciudades son densas, muy densas, y si la gente sale a la calle a unas horas determinadas y se mueve, las calles y plazas se llenan, m\u00e1s si absurdamente se cierran, como Barcelona, \u200b\u200bplayas y parques. Reducir a\u00fan m\u00e1s el espacio p\u00fablico con densidades asi\u00e1ticas es favorecer la aglomeraci\u00f3n. \u00bfC\u00f3mo pueden no querer gente en el \u00e1rea central, en Ciutat Vella, en el Poble Sec, Gr\u00e0cia, Sants o en la Barceloneta? \u00bfEn qu\u00e9 mundo viven los dictadores de normas? \u00bfPor qu\u00e9 limitaron a tres, perjudicando a las familias numerosas y forz\u00e1ndolas a salir en dos y tres tandas, en lugar de hacer un solo grupo sin riesgo de todos los que conviven en el mismo hogar? \u00bfPor qu\u00e9 escogieron un domingo en lugar de un d\u00eda laborable, que habr\u00eda regulado mejor el n\u00famero de salidas? \u00bfPor qu\u00e9 no lo ordenaron por n\u00fameros de calle, lunes pares, martes impares? \u00bfPor qu\u00e9 no controlaban y organizaban el aforo de playas y parques? \u00bfPor qu\u00e9 no se permit\u00eda el ba\u00f1o en agua salada, m\u00e1s bien un ant\u00eddoto que un peligro? \u00bfPor qu\u00e9 los que nos gobiernan son tan in\u00fatiles organizando? Quiz\u00e1s la respuesta est\u00e1 en las intenciones y capacidades. Al final, en nombre de la eficacia, la gesti\u00f3n se ha centralizado en el gobierno espa\u00f1ol, y en nombre del control el gobierno ha quedado al pairo, y todo lo hace y deshace S\u00e1nchez y su jefe de Gabinete Iv\u00e1n Redondo, en realidad un verdadero vicepresidente de facto. \u00c9l e Iglesias, atento a que Podemos sea s\u00f3lo portador de buenas noticias, constituyen la direcci\u00f3n de la crisis, porque tienen acceso directo a S\u00e1nchez. El primero porque es el hombre que lo gu\u00eda para continuar en el poder, el segundo porque es la mejor garant\u00eda que tiene para permanecer en \u00e9l. El gobierno, incluido el ministro Illa, el te\u00f3rico responsable de la crisis sanitaria, cada d\u00eda son m\u00e1s comparsas, y el PSOE es la \u00abmulletilla\u00bb que dice Am\u00e9n mientras se garantiza el poder. La descoordinaci\u00f3n, las decisiones equivocadas, las marchas atr\u00e1s son fruto de esta situaci\u00f3n que se resuelve reprobando la \u00abirresponsabilidad\u00bb de los ciudadanos, pese a ser la poblaci\u00f3n de Europa que mejor cumple las normas de confinamiento, que adem\u00e1s son las m\u00e1s duras. Cabe recordar que el ministro de Sanidad es la cuota del PSC y se le otorg\u00f3 un ministerio tranquilo porque no tiene competencias. \u00a1Ay! Esto era antes de que el hurac\u00e1n de este coronavirus se lo llevara todo por delante. Ahora es un ministro sobrepasado por las circunstancias que s\u00f3lo calla ante S\u00e1nchez, que es quien lo decide todo en materia de sanidad. Lo que vivimos es tr\u00e1gico, posiblemente la sociedad saldr\u00e1 diferente, y es tarea de todos que sea mejor, pero vivir con el trasfondo de una enfermedad infecciosa mortal no es ninguna novedad. Una parte de nosotros hemos vivido infancias marcadas por la tuberculosis como enfermedad social, y por el terrible sarampi\u00f3n antes de la vacuna. Hagamos memoria, recordemos que lo viv\u00edamos con normalidad y fatalidad. No irresponsablemente, pero tampoco atemorizados como conejos. Asumamos lo que sucede y no nos dejemos llevar por el miedo que nos hace insensibles al poder. Seamos cr\u00edticos y responsables. Pidamos concreciones al poder del estado, eficacia a la Generalitat, y menos ideolog\u00eda y m\u00e1s sentido com\u00fan en algunos ayuntamientos, como Barcelona. Basta de ruedas de prensa vac\u00edas de S\u00e1nchez y m\u00e1s concreciones. \u00bfCu\u00e1l es el calendario de normalizaci\u00f3n econ\u00f3mica que puede esperar cada sector y cada empresa, cu\u00e1ndo se cumplir\u00e1n los compromisos econ\u00f3micos concretos? \u00bfHasta cu\u00e1ndo piensa mantener este estado de excepci\u00f3n camuflado de estado de alerta? \u00bfCu\u00e1ndo se normalizar\u00e1 la actividad parlamentaria, qu\u00e9 previsi\u00f3n hay sobre el presupuesto de 2021, y cu\u00e1l es la previsi\u00f3n econ\u00f3mica del gobierno? \u00bfQu\u00e9 planes tienen para el turismo, las escuelas y universidades, para el deporte y el peque\u00f1o comercio? \u00bfQu\u00e9 programa tienen para devolver la normalidad a los hospitales y garantizar el tratamiento de las otras patolog\u00edas? \u00bfC\u00f3mo piensan resolver el problema de las residencias de ancianos y un esc\u00e1ndalo que reclama responsabilidades pol\u00edticas y legales? Queremos saber todo esto, y lo queremos ahora. Aprendamos de la propia experiencia. Este pa\u00eds ha sufrido dos mortalidades epid\u00e9micas. La del c\u00f3lera de 1885, y la de la gripe de 1918-19. La primera mat\u00f3 a 150.000 personas sobre una poblaci\u00f3n de 17 millones. En relaci\u00f3n a la poblaci\u00f3n actual, es como si el Covid-19 provocara m\u00e1s de 400.000 muertes. La gripe mat\u00f3 a 260.000 personas sobre unos 20 millones, y equivaldr\u00eda a unos 550.000 muertos en la proporci\u00f3n actualizada de la poblaci\u00f3n total. Pues bien, entonces los gobiernos de turno hicieron lo imposible para dejar la cr\u00edtica a su gesti\u00f3n para m\u00e1s adelante. Resultado: los...\" \/>\n<meta property=\"og:url\" content=\"https:\/\/conversesacatalunya.cat\/es\/temamos-solo-al-miedo-y-al-estado-inocente-una-fotografia-de-la-realidad\/\" \/>\n<meta property=\"og:site_name\" content=\"Converses a Catalunya\" \/>\n<meta property=\"article:published_time\" content=\"2020-04-29T16:12:49+00:00\" \/>\n<meta property=\"article:modified_time\" content=\"2020-04-29T18:23:37+00:00\" \/>\n<meta property=\"og:image\" content=\"https:\/\/conversesacatalunya.cat\/wp-content\/uploads\/2020\/04\/por.jpeg\" \/>\n\t<meta property=\"og:image:width\" content=\"2000\" \/>\n\t<meta property=\"og:image:height\" content=\"1334\" \/>\n\t<meta property=\"og:image:type\" content=\"image\/jpeg\" \/>\n<meta name=\"author\" content=\"Josep Mir\u00f3 i Ard\u00e8vol\" \/>\n<meta name=\"twitter:card\" content=\"summary_large_image\" \/>\n<meta name=\"twitter:label1\" content=\"Escrito por\" \/>\n\t<meta name=\"twitter:data1\" content=\"Josep Mir\u00f3 i Ard\u00e8vol\" \/>\n\t<meta name=\"twitter:label2\" content=\"Tiempo de lectura\" \/>\n\t<meta name=\"twitter:data2\" content=\"6 minutos\" \/>\n<script type=\"application\/ld+json\" class=\"yoast-schema-graph\">{\"@context\":\"https:\/\/schema.org\",\"@graph\":[{\"@type\":\"Article\",\"@id\":\"https:\/\/conversesacatalunya.cat\/es\/temamos-solo-al-miedo-y-al-estado-inocente-una-fotografia-de-la-realidad\/#article\",\"isPartOf\":{\"@id\":\"https:\/\/conversesacatalunya.cat\/es\/temamos-solo-al-miedo-y-al-estado-inocente-una-fotografia-de-la-realidad\/\"},\"author\":{\"name\":\"Josep Mir\u00f3 i Ard\u00e8vol\",\"@id\":\"https:\/\/conversesacatalunya.cat\/#\/schema\/person\/a9598a6786ba7d3d1c5e0de477b79370\"},\"headline\":\"Temamos s\u00f3lo al miedo&#8230; y \u00abal estado inocente\u00bb. Una fotograf\u00eda de la realidad\",\"datePublished\":\"2020-04-29T16:12:49+00:00\",\"dateModified\":\"2020-04-29T18:23:37+00:00\",\"mainEntityOfPage\":{\"@id\":\"https:\/\/conversesacatalunya.cat\/es\/temamos-solo-al-miedo-y-al-estado-inocente-una-fotografia-de-la-realidad\/\"},\"wordCount\":1172,\"commentCount\":0,\"image\":{\"@id\":\"https:\/\/conversesacatalunya.cat\/es\/temamos-solo-al-miedo-y-al-estado-inocente-una-fotografia-de-la-realidad\/#primaryimage\"},\"thumbnailUrl\":\"https:\/\/conversesacatalunya.cat\/wp-content\/uploads\/2020\/04\/por.jpeg\",\"keywords\":[\"coronavirus\"],\"articleSection\":[\"El Blog de Josep Mir\u00f3 i Ard\u00e8vol (ES)\",\"Especial Coronavirus (ES)\"],\"inLanguage\":\"es\",\"potentialAction\":[{\"@type\":\"CommentAction\",\"name\":\"Comment\",\"target\":[\"https:\/\/conversesacatalunya.cat\/es\/temamos-solo-al-miedo-y-al-estado-inocente-una-fotografia-de-la-realidad\/#respond\"]}]},{\"@type\":\"WebPage\",\"@id\":\"https:\/\/conversesacatalunya.cat\/es\/temamos-solo-al-miedo-y-al-estado-inocente-una-fotografia-de-la-realidad\/\",\"url\":\"https:\/\/conversesacatalunya.cat\/es\/temamos-solo-al-miedo-y-al-estado-inocente-una-fotografia-de-la-realidad\/\",\"name\":\"Temamos s\u00f3lo al miedo... y \\\"al estado inocente\\\". Una fotograf\u00eda de la realidad - Converses a Catalunya\",\"isPartOf\":{\"@id\":\"https:\/\/conversesacatalunya.cat\/#website\"},\"primaryImageOfPage\":{\"@id\":\"https:\/\/conversesacatalunya.cat\/es\/temamos-solo-al-miedo-y-al-estado-inocente-una-fotografia-de-la-realidad\/#primaryimage\"},\"image\":{\"@id\":\"https:\/\/conversesacatalunya.cat\/es\/temamos-solo-al-miedo-y-al-estado-inocente-una-fotografia-de-la-realidad\/#primaryimage\"},\"thumbnailUrl\":\"https:\/\/conversesacatalunya.cat\/wp-content\/uploads\/2020\/04\/por.jpeg\",\"datePublished\":\"2020-04-29T16:12:49+00:00\",\"dateModified\":\"2020-04-29T18:23:37+00:00\",\"author\":{\"@id\":\"https:\/\/conversesacatalunya.cat\/#\/schema\/person\/a9598a6786ba7d3d1c5e0de477b79370\"},\"breadcrumb\":{\"@id\":\"https:\/\/conversesacatalunya.cat\/es\/temamos-solo-al-miedo-y-al-estado-inocente-una-fotografia-de-la-realidad\/#breadcrumb\"},\"inLanguage\":\"es\",\"potentialAction\":[{\"@type\":\"ReadAction\",\"target\":[\"https:\/\/conversesacatalunya.cat\/es\/temamos-solo-al-miedo-y-al-estado-inocente-una-fotografia-de-la-realidad\/\"]}]},{\"@type\":\"ImageObject\",\"inLanguage\":\"es\",\"@id\":\"https:\/\/conversesacatalunya.cat\/es\/temamos-solo-al-miedo-y-al-estado-inocente-una-fotografia-de-la-realidad\/#primaryimage\",\"url\":\"https:\/\/conversesacatalunya.cat\/wp-content\/uploads\/2020\/04\/por.jpeg\",\"contentUrl\":\"https:\/\/conversesacatalunya.cat\/wp-content\/uploads\/2020\/04\/por.jpeg\",\"width\":2000,\"height\":1334},{\"@type\":\"BreadcrumbList\",\"@id\":\"https:\/\/conversesacatalunya.cat\/es\/temamos-solo-al-miedo-y-al-estado-inocente-una-fotografia-de-la-realidad\/#breadcrumb\",\"itemListElement\":[{\"@type\":\"ListItem\",\"position\":1,\"name\":\"Inici\",\"item\":\"https:\/\/conversesacatalunya.cat\/es\/\"},{\"@type\":\"ListItem\",\"position\":2,\"name\":\"Temamos s\u00f3lo al miedo&#8230; y &#8220;al estado inocente&#8221;. Una fotograf\u00eda de la realidad\"}]},{\"@type\":\"WebSite\",\"@id\":\"https:\/\/conversesacatalunya.cat\/#website\",\"url\":\"https:\/\/conversesacatalunya.cat\/\",\"name\":\"Converses a Catalunya\",\"description\":\"\",\"potentialAction\":[{\"@type\":\"SearchAction\",\"target\":{\"@type\":\"EntryPoint\",\"urlTemplate\":\"https:\/\/conversesacatalunya.cat\/?s={search_term_string}\"},\"query-input\":{\"@type\":\"PropertyValueSpecification\",\"valueRequired\":true,\"valueName\":\"search_term_string\"}}],\"inLanguage\":\"es\"},{\"@type\":\"Person\",\"@id\":\"https:\/\/conversesacatalunya.cat\/#\/schema\/person\/a9598a6786ba7d3d1c5e0de477b79370\",\"name\":\"Josep Mir\u00f3 i Ard\u00e8vol\",\"image\":{\"@type\":\"ImageObject\",\"inLanguage\":\"es\",\"@id\":\"https:\/\/conversesacatalunya.cat\/#\/schema\/person\/image\/\",\"url\":\"https:\/\/conversesacatalunya.cat\/wp-content\/litespeed\/avatar\/c37e3dc881857483d6694cdf98fdedea.jpg?ver=1777270381\",\"contentUrl\":\"https:\/\/conversesacatalunya.cat\/wp-content\/litespeed\/avatar\/c37e3dc881857483d6694cdf98fdedea.jpg?ver=1777270381\",\"caption\":\"Josep Mir\u00f3 i Ard\u00e8vol\"},\"url\":\"https:\/\/conversesacatalunya.cat\/es\/author\/josep-miro-i-ardevol\/\"}]}<\/script>\n<!-- \/ Yoast SEO plugin. -->","yoast_head_json":{"title":"Temamos s\u00f3lo al miedo... y \"al estado inocente\". Una fotograf\u00eda de la realidad - Converses a Catalunya","robots":{"index":"index","follow":"follow","max-snippet":"max-snippet:-1","max-image-preview":"max-image-preview:large","max-video-preview":"max-video-preview:-1"},"canonical":"https:\/\/conversesacatalunya.cat\/es\/temamos-solo-al-miedo-y-al-estado-inocente-una-fotografia-de-la-realidad\/","og_locale":"es_ES","og_type":"article","og_title":"Temamos s\u00f3lo al miedo... y \"al estado inocente\". Una fotograf\u00eda de la realidad - Converses a Catalunya","og_description":"S\u00ed, adoptemos las medidas de protecci\u00f3n racionales contra el Covid-19 que sea necesario, pero no vivamos atemorizados por \u00e9l. S\u00f3lo debemos temer al miedo, la peor gu\u00eda para una sociedad. Al miedo y tambi\u00e9n al estado \u00abinocente\u00bb de toda culpa y responsabilidad, que no escucha ni rectifica, que piensa m\u00e1s en la imagen y en mantener el poder que en sacar al pa\u00eds airoso de la crisis y que se aprovecha del miedo para convertir en s\u00fabditos y principales responsables a los ciudadanos. La experiencia de este pasado domingo, primer d\u00eda de la salida con ni\u00f1os, es un buen ejemplo. Desde el gobierno, los medios de comunicaci\u00f3n -no todos- y la parte de la poblaci\u00f3n m\u00e1s atemorizada, han criticado a los padres de las grandes ciudades, porque estaban demasiado juntos, hab\u00edan salido con su mujer, entraban en las playas, rid\u00edculamente vetadas en algunas poblaciones (en Barcelona s\u00ed, en Badalona no). Conclusi\u00f3n: si un extraterrestre hubiera le\u00eddo y escuchado toda esta cr\u00edtica, habr\u00eda llegado a una conclusi\u00f3n inequ\u00edvoca: los padres se afanan por infectar a sus hijos. Pero la realidad era otra. En parte, porque las im\u00e1genes tomadas en perspectiva daban una sensaci\u00f3n de aglomeraci\u00f3n que en la realidad de la visi\u00f3n cenital no se produc\u00eda. Pero sobre todo porque pas\u00f3 lo que ten\u00eda que pasar: El resultado de una p\u00e9sima previsi\u00f3n. Nuestras ciudades son densas, muy densas, y si la gente sale a la calle a unas horas determinadas y se mueve, las calles y plazas se llenan, m\u00e1s si absurdamente se cierran, como Barcelona, \u200b\u200bplayas y parques. Reducir a\u00fan m\u00e1s el espacio p\u00fablico con densidades asi\u00e1ticas es favorecer la aglomeraci\u00f3n. \u00bfC\u00f3mo pueden no querer gente en el \u00e1rea central, en Ciutat Vella, en el Poble Sec, Gr\u00e0cia, Sants o en la Barceloneta? \u00bfEn qu\u00e9 mundo viven los dictadores de normas? \u00bfPor qu\u00e9 limitaron a tres, perjudicando a las familias numerosas y forz\u00e1ndolas a salir en dos y tres tandas, en lugar de hacer un solo grupo sin riesgo de todos los que conviven en el mismo hogar? \u00bfPor qu\u00e9 escogieron un domingo en lugar de un d\u00eda laborable, que habr\u00eda regulado mejor el n\u00famero de salidas? \u00bfPor qu\u00e9 no lo ordenaron por n\u00fameros de calle, lunes pares, martes impares? \u00bfPor qu\u00e9 no controlaban y organizaban el aforo de playas y parques? \u00bfPor qu\u00e9 no se permit\u00eda el ba\u00f1o en agua salada, m\u00e1s bien un ant\u00eddoto que un peligro? \u00bfPor qu\u00e9 los que nos gobiernan son tan in\u00fatiles organizando? Quiz\u00e1s la respuesta est\u00e1 en las intenciones y capacidades. Al final, en nombre de la eficacia, la gesti\u00f3n se ha centralizado en el gobierno espa\u00f1ol, y en nombre del control el gobierno ha quedado al pairo, y todo lo hace y deshace S\u00e1nchez y su jefe de Gabinete Iv\u00e1n Redondo, en realidad un verdadero vicepresidente de facto. \u00c9l e Iglesias, atento a que Podemos sea s\u00f3lo portador de buenas noticias, constituyen la direcci\u00f3n de la crisis, porque tienen acceso directo a S\u00e1nchez. El primero porque es el hombre que lo gu\u00eda para continuar en el poder, el segundo porque es la mejor garant\u00eda que tiene para permanecer en \u00e9l. El gobierno, incluido el ministro Illa, el te\u00f3rico responsable de la crisis sanitaria, cada d\u00eda son m\u00e1s comparsas, y el PSOE es la \u00abmulletilla\u00bb que dice Am\u00e9n mientras se garantiza el poder. La descoordinaci\u00f3n, las decisiones equivocadas, las marchas atr\u00e1s son fruto de esta situaci\u00f3n que se resuelve reprobando la \u00abirresponsabilidad\u00bb de los ciudadanos, pese a ser la poblaci\u00f3n de Europa que mejor cumple las normas de confinamiento, que adem\u00e1s son las m\u00e1s duras. Cabe recordar que el ministro de Sanidad es la cuota del PSC y se le otorg\u00f3 un ministerio tranquilo porque no tiene competencias. \u00a1Ay! Esto era antes de que el hurac\u00e1n de este coronavirus se lo llevara todo por delante. Ahora es un ministro sobrepasado por las circunstancias que s\u00f3lo calla ante S\u00e1nchez, que es quien lo decide todo en materia de sanidad. Lo que vivimos es tr\u00e1gico, posiblemente la sociedad saldr\u00e1 diferente, y es tarea de todos que sea mejor, pero vivir con el trasfondo de una enfermedad infecciosa mortal no es ninguna novedad. Una parte de nosotros hemos vivido infancias marcadas por la tuberculosis como enfermedad social, y por el terrible sarampi\u00f3n antes de la vacuna. Hagamos memoria, recordemos que lo viv\u00edamos con normalidad y fatalidad. No irresponsablemente, pero tampoco atemorizados como conejos. Asumamos lo que sucede y no nos dejemos llevar por el miedo que nos hace insensibles al poder. Seamos cr\u00edticos y responsables. Pidamos concreciones al poder del estado, eficacia a la Generalitat, y menos ideolog\u00eda y m\u00e1s sentido com\u00fan en algunos ayuntamientos, como Barcelona. Basta de ruedas de prensa vac\u00edas de S\u00e1nchez y m\u00e1s concreciones. \u00bfCu\u00e1l es el calendario de normalizaci\u00f3n econ\u00f3mica que puede esperar cada sector y cada empresa, cu\u00e1ndo se cumplir\u00e1n los compromisos econ\u00f3micos concretos? \u00bfHasta cu\u00e1ndo piensa mantener este estado de excepci\u00f3n camuflado de estado de alerta? \u00bfCu\u00e1ndo se normalizar\u00e1 la actividad parlamentaria, qu\u00e9 previsi\u00f3n hay sobre el presupuesto de 2021, y cu\u00e1l es la previsi\u00f3n econ\u00f3mica del gobierno? \u00bfQu\u00e9 planes tienen para el turismo, las escuelas y universidades, para el deporte y el peque\u00f1o comercio? \u00bfQu\u00e9 programa tienen para devolver la normalidad a los hospitales y garantizar el tratamiento de las otras patolog\u00edas? \u00bfC\u00f3mo piensan resolver el problema de las residencias de ancianos y un esc\u00e1ndalo que reclama responsabilidades pol\u00edticas y legales? Queremos saber todo esto, y lo queremos ahora. Aprendamos de la propia experiencia. Este pa\u00eds ha sufrido dos mortalidades epid\u00e9micas. La del c\u00f3lera de 1885, y la de la gripe de 1918-19. La primera mat\u00f3 a 150.000 personas sobre una poblaci\u00f3n de 17 millones. En relaci\u00f3n a la poblaci\u00f3n actual, es como si el Covid-19 provocara m\u00e1s de 400.000 muertes. La gripe mat\u00f3 a 260.000 personas sobre unos 20 millones, y equivaldr\u00eda a unos 550.000 muertos en la proporci\u00f3n actualizada de la poblaci\u00f3n total. Pues bien, entonces los gobiernos de turno hicieron lo imposible para dejar la cr\u00edtica a su gesti\u00f3n para m\u00e1s adelante. Resultado: los...","og_url":"https:\/\/conversesacatalunya.cat\/es\/temamos-solo-al-miedo-y-al-estado-inocente-una-fotografia-de-la-realidad\/","og_site_name":"Converses a Catalunya","article_published_time":"2020-04-29T16:12:49+00:00","article_modified_time":"2020-04-29T18:23:37+00:00","og_image":[{"width":2000,"height":1334,"url":"https:\/\/conversesacatalunya.cat\/wp-content\/uploads\/2020\/04\/por.jpeg","type":"image\/jpeg"}],"author":"Josep Mir\u00f3 i Ard\u00e8vol","twitter_card":"summary_large_image","twitter_misc":{"Escrito por":"Josep Mir\u00f3 i Ard\u00e8vol","Tiempo de lectura":"6 minutos"},"schema":{"@context":"https:\/\/schema.org","@graph":[{"@type":"Article","@id":"https:\/\/conversesacatalunya.cat\/es\/temamos-solo-al-miedo-y-al-estado-inocente-una-fotografia-de-la-realidad\/#article","isPartOf":{"@id":"https:\/\/conversesacatalunya.cat\/es\/temamos-solo-al-miedo-y-al-estado-inocente-una-fotografia-de-la-realidad\/"},"author":{"name":"Josep Mir\u00f3 i Ard\u00e8vol","@id":"https:\/\/conversesacatalunya.cat\/#\/schema\/person\/a9598a6786ba7d3d1c5e0de477b79370"},"headline":"Temamos s\u00f3lo al miedo&#8230; y \u00abal estado inocente\u00bb. Una fotograf\u00eda de la realidad","datePublished":"2020-04-29T16:12:49+00:00","dateModified":"2020-04-29T18:23:37+00:00","mainEntityOfPage":{"@id":"https:\/\/conversesacatalunya.cat\/es\/temamos-solo-al-miedo-y-al-estado-inocente-una-fotografia-de-la-realidad\/"},"wordCount":1172,"commentCount":0,"image":{"@id":"https:\/\/conversesacatalunya.cat\/es\/temamos-solo-al-miedo-y-al-estado-inocente-una-fotografia-de-la-realidad\/#primaryimage"},"thumbnailUrl":"https:\/\/conversesacatalunya.cat\/wp-content\/uploads\/2020\/04\/por.jpeg","keywords":["coronavirus"],"articleSection":["El Blog de Josep Mir\u00f3 i Ard\u00e8vol (ES)","Especial Coronavirus (ES)"],"inLanguage":"es","potentialAction":[{"@type":"CommentAction","name":"Comment","target":["https:\/\/conversesacatalunya.cat\/es\/temamos-solo-al-miedo-y-al-estado-inocente-una-fotografia-de-la-realidad\/#respond"]}]},{"@type":"WebPage","@id":"https:\/\/conversesacatalunya.cat\/es\/temamos-solo-al-miedo-y-al-estado-inocente-una-fotografia-de-la-realidad\/","url":"https:\/\/conversesacatalunya.cat\/es\/temamos-solo-al-miedo-y-al-estado-inocente-una-fotografia-de-la-realidad\/","name":"Temamos s\u00f3lo al miedo... y \"al estado inocente\". Una fotograf\u00eda de la realidad - Converses a Catalunya","isPartOf":{"@id":"https:\/\/conversesacatalunya.cat\/#website"},"primaryImageOfPage":{"@id":"https:\/\/conversesacatalunya.cat\/es\/temamos-solo-al-miedo-y-al-estado-inocente-una-fotografia-de-la-realidad\/#primaryimage"},"image":{"@id":"https:\/\/conversesacatalunya.cat\/es\/temamos-solo-al-miedo-y-al-estado-inocente-una-fotografia-de-la-realidad\/#primaryimage"},"thumbnailUrl":"https:\/\/conversesacatalunya.cat\/wp-content\/uploads\/2020\/04\/por.jpeg","datePublished":"2020-04-29T16:12:49+00:00","dateModified":"2020-04-29T18:23:37+00:00","author":{"@id":"https:\/\/conversesacatalunya.cat\/#\/schema\/person\/a9598a6786ba7d3d1c5e0de477b79370"},"breadcrumb":{"@id":"https:\/\/conversesacatalunya.cat\/es\/temamos-solo-al-miedo-y-al-estado-inocente-una-fotografia-de-la-realidad\/#breadcrumb"},"inLanguage":"es","potentialAction":[{"@type":"ReadAction","target":["https:\/\/conversesacatalunya.cat\/es\/temamos-solo-al-miedo-y-al-estado-inocente-una-fotografia-de-la-realidad\/"]}]},{"@type":"ImageObject","inLanguage":"es","@id":"https:\/\/conversesacatalunya.cat\/es\/temamos-solo-al-miedo-y-al-estado-inocente-una-fotografia-de-la-realidad\/#primaryimage","url":"https:\/\/conversesacatalunya.cat\/wp-content\/uploads\/2020\/04\/por.jpeg","contentUrl":"https:\/\/conversesacatalunya.cat\/wp-content\/uploads\/2020\/04\/por.jpeg","width":2000,"height":1334},{"@type":"BreadcrumbList","@id":"https:\/\/conversesacatalunya.cat\/es\/temamos-solo-al-miedo-y-al-estado-inocente-una-fotografia-de-la-realidad\/#breadcrumb","itemListElement":[{"@type":"ListItem","position":1,"name":"Inici","item":"https:\/\/conversesacatalunya.cat\/es\/"},{"@type":"ListItem","position":2,"name":"Temamos s\u00f3lo al miedo&#8230; y &#8220;al estado inocente&#8221;. Una fotograf\u00eda de la realidad"}]},{"@type":"WebSite","@id":"https:\/\/conversesacatalunya.cat\/#website","url":"https:\/\/conversesacatalunya.cat\/","name":"Converses a Catalunya","description":"","potentialAction":[{"@type":"SearchAction","target":{"@type":"EntryPoint","urlTemplate":"https:\/\/conversesacatalunya.cat\/?s={search_term_string}"},"query-input":{"@type":"PropertyValueSpecification","valueRequired":true,"valueName":"search_term_string"}}],"inLanguage":"es"},{"@type":"Person","@id":"https:\/\/conversesacatalunya.cat\/#\/schema\/person\/a9598a6786ba7d3d1c5e0de477b79370","name":"Josep Mir\u00f3 i Ard\u00e8vol","image":{"@type":"ImageObject","inLanguage":"es","@id":"https:\/\/conversesacatalunya.cat\/#\/schema\/person\/image\/","url":"https:\/\/conversesacatalunya.cat\/wp-content\/litespeed\/avatar\/c37e3dc881857483d6694cdf98fdedea.jpg?ver=1777270381","contentUrl":"https:\/\/conversesacatalunya.cat\/wp-content\/litespeed\/avatar\/c37e3dc881857483d6694cdf98fdedea.jpg?ver=1777270381","caption":"Josep Mir\u00f3 i Ard\u00e8vol"},"url":"https:\/\/conversesacatalunya.cat\/es\/author\/josep-miro-i-ardevol\/"}]}},"wps_subtitle":"","_links":{"self":[{"href":"https:\/\/conversesacatalunya.cat\/es\/wp-json\/wp\/v2\/posts\/35563","targetHints":{"allow":["GET"]}}],"collection":[{"href":"https:\/\/conversesacatalunya.cat\/es\/wp-json\/wp\/v2\/posts"}],"about":[{"href":"https:\/\/conversesacatalunya.cat\/es\/wp-json\/wp\/v2\/types\/post"}],"author":[{"embeddable":true,"href":"https:\/\/conversesacatalunya.cat\/es\/wp-json\/wp\/v2\/users\/19"}],"replies":[{"embeddable":true,"href":"https:\/\/conversesacatalunya.cat\/es\/wp-json\/wp\/v2\/comments?post=35563"}],"version-history":[{"count":4,"href":"https:\/\/conversesacatalunya.cat\/es\/wp-json\/wp\/v2\/posts\/35563\/revisions"}],"predecessor-version":[{"id":35564,"href":"https:\/\/conversesacatalunya.cat\/es\/wp-json\/wp\/v2\/posts\/35563\/revisions\/35564"}],"wp:featuredmedia":[{"embeddable":true,"href":"https:\/\/conversesacatalunya.cat\/es\/wp-json\/wp\/v2\/media\/35560"}],"wp:attachment":[{"href":"https:\/\/conversesacatalunya.cat\/es\/wp-json\/wp\/v2\/media?parent=35563"}],"wp:term":[{"taxonomy":"category","embeddable":true,"href":"https:\/\/conversesacatalunya.cat\/es\/wp-json\/wp\/v2\/categories?post=35563"},{"taxonomy":"post_tag","embeddable":true,"href":"https:\/\/conversesacatalunya.cat\/es\/wp-json\/wp\/v2\/tags?post=35563"}],"curies":[{"name":"wp","href":"https:\/\/api.w.org\/{rel}","templated":true}]}}