{"id":35420,"date":"2020-04-27T07:25:01","date_gmt":"2020-04-27T05:25:01","guid":{"rendered":"https:\/\/conversesacatalunya.cat\/crisi-covid-mon-portugal-combatre-pocs-recursos\/"},"modified":"2020-04-29T11:12:48","modified_gmt":"2020-04-29T09:12:48","slug":"la-crisis-del-covid-en-todo-el-mundo-5-portugal-o-como-combatir-bien-el-virus-con-pocos-recursos","status":"publish","type":"post","link":"https:\/\/conversesacatalunya.cat\/es\/la-crisis-del-covid-en-todo-el-mundo-5-portugal-o-como-combatir-bien-el-virus-con-pocos-recursos\/","title":{"rendered":"La crisis del Covid en todo el mundo (5): Portugal, o c\u00f3mo combatir bien el virus con pocos recursos"},"content":{"rendered":"<p align=\"justify\">Si el gobierno no hubiera reaccionado r\u00e1pidamente ante el coronavirus, Portugal habr\u00eda podido sufrir un desastre mucho peor.<\/p>\n<p align=\"justify\">El pa\u00eds vecino tiene la proporci\u00f3n de mayores de 80 a\u00f1os m\u00e1s elevada de la UE tan s\u00f3lo despu\u00e9s de Grecia e Italia. El sistema de sanidad portugu\u00e9s no est\u00e1 ni bien equipado ni cuenta con personal suficiente, en buena parte debido a las sucesivas oleadas de emigrantes cualificados.<\/p>\n<p align=\"justify\">Portugal cuenta con 4,2 camas de UCI por cada 100.000 habitantes, mientras que Espa\u00f1a tiene nueve, y Alemania, una treintena.<\/p>\n<p align=\"justify\">En efecto, como <a href=\"https:\/\/www.politico.eu\/article\/how-portugal-became-europes-coronavirus-exception\/\" target=\"_blank\" rel=\"noopener noreferrer\">explica<\/a> el doctor Ricardo Bautista Leite especializado en enfermedades contagiosas y diputado del partido de oposici\u00f3n de centro-derecha PSD, \u00abdebido a la fragilidad de nuestro sistema sanitario, podr\u00eda haber sido mucho peor que en Italia o Espa\u00f1a\u00bb.<\/p>\n<p align=\"justify\">El gobierno socialista portugu\u00e9s no tard\u00f3 en reaccionar, a diferencia del espa\u00f1ol. El primer caso de coronavirus en Portugal se detect\u00f3 el 2 de marzo, un mes despu\u00e9s de que en Italia. 30 d\u00edas preciosos para aprender lecciones que, a diferencia de Madrid, Lisboa aprovech\u00f3.<\/p>\n<p align=\"justify\">Las manifestaciones p\u00fablicas ya se hab\u00edan prohibido en Portugal cuando el gobierno de S\u00e1nchez en bloque particip\u00f3 con gran <a href=\"https:\/\/conversesacatalunya.cat\/es\/el-grave-impacto-de-la-manifestacion-del-8-m-en-la-propagacion-del-coronavirus-en-madrid\/\" target=\"_blank\" rel=\"noopener noreferrer\">pompa<\/a> en una concentraci\u00f3n de m\u00e1s de 100.000 personas en Madrid el 8 de marzo con motivo del d\u00eda internacional de la mujer.<\/p>\n<p align=\"justify\"><span class='bctt-click-to-tweet'><span class='bctt-ctt-text'><a href='https:\/\/twitter.com\/intent\/tweet?url=https%3A%2F%2Fconversesacatalunya.cat%2Fes%2Fla-crisis-del-covid-en-todo-el-mundo-5-portugal-o-como-combatir-bien-el-virus-con-pocos-recursos%2F&#038;text=Las%20manifestaciones%20p%C3%BAblicas%20ya%20se%20hab%C3%ADan%20prohibido%20en%20Portugal%20cuando%20el%20gobierno%20de%20S%C3%A1nchez%20particip%C3%B3%20con%20gran%20pompa%20en%20una%20concentraci%C3%B3n%20de%20m%C3%A1s%20de%20100.000%20personas%20con%20motivo%20del%20d%C3%ADa%20internacional%20de%20la%20mujer&#038;via=conversesacat&#038;related=conversesacat' target='_blank'rel=\"noopener noreferrer\">Las manifestaciones p\u00fablicas ya se hab\u00edan prohibido en Portugal cuando el gobierno de S\u00e1nchez particip\u00f3 con gran pompa en una concentraci\u00f3n de m\u00e1s de 100.000 personas con motivo del d\u00eda internacional de la mujer <\/a><\/span><a href='https:\/\/twitter.com\/intent\/tweet?url=https%3A%2F%2Fconversesacatalunya.cat%2Fes%2Fla-crisis-del-covid-en-todo-el-mundo-5-portugal-o-como-combatir-bien-el-virus-con-pocos-recursos%2F&#038;text=Las%20manifestaciones%20p%C3%BAblicas%20ya%20se%20hab%C3%ADan%20prohibido%20en%20Portugal%20cuando%20el%20gobierno%20de%20S%C3%A1nchez%20particip%C3%B3%20con%20gran%20pompa%20en%20una%20concentraci%C3%B3n%20de%20m%C3%A1s%20de%20100.000%20personas%20con%20motivo%20del%20d%C3%ADa%20internacional%20de%20la%20mujer&#038;via=conversesacat&#038;related=conversesacat' target='_blank' class='bctt-ctt-btn'rel=\"noopener noreferrer\">Compartir en X<\/a><\/span>\n<p align=\"justify\">En Portugal, las escuelas cerraron el lunes 16 de marzo, cuando s\u00f3lo hab\u00eda 245 casos detectados. En Espa\u00f1a se conoc\u00edan m\u00e1s de 2.000 cuando la mayor parte de gobiernos auton\u00f3micos decidieron cerrar las aulas el 12.<\/p>\n<p align=\"justify\">El estado de emergencia, por el que el gobierno portugu\u00e9s impuso el confinamiento, lleg\u00f3 el 18 de marzo. El pa\u00eds contaba entonces con menos de 500 casos. Espa\u00f1a hab\u00eda tomado una medida similar tres d\u00edas antes, pero en ese momento ya hab\u00eda detectado m\u00e1s de 5.000 infecciones.<\/p>\n<p align=\"justify\">El gobierno portugu\u00e9s ha almacenado un mill\u00f3n de tests, y ha efectuado tres veces m\u00e1s de <a href=\"https:\/\/www.worldometers.info\/coronavirus\/#countries\" target=\"_blank\" rel=\"noopener noreferrer\">pruebas<\/a> por millar de habitantes que Francia, el pa\u00eds que <a href=\"https:\/\/conversesacatalunya.cat\/es\/la-crisis-del-covid-19-en-todo-el-mundo-4-francia-no-se-salva-a-pesar-del-gasto-social-mas-alto-del-mundo\/\" target=\"_blank\" rel=\"noopener noreferrer\">gasta m\u00e1s<\/a> en prestaciones sociales del mundo.<\/p>\n<p align=\"justify\">Es cierto que Portugal cuenta con un factor ventajoso inesperado: la geograf\u00eda. Situarse en el extremo occidental de Europa, tener s\u00f3lo una frontera terrestre, y contar con una poblaci\u00f3n concentrada en la costa lejos de la zona lim\u00edtrofe con Espa\u00f1a han sido factores importantes.<\/p>\n<p align=\"justify\">Desde un punto de vista econ\u00f3mico, el gobierno portugu\u00e9s ha autorizado, a diferencia del espa\u00f1ol, la continuaci\u00f3n de la mayor parte de actividades econ\u00f3micas. Las f\u00e1bricas y obras siguen abiertas.<\/p>\n<p align=\"justify\">Tambi\u00e9n ha sabido <a href=\"https:\/\/www.lefigaro.fr\/international\/masques-au-portugal-une-puissante-industrie-textile-qui-songe-deja-a-exporter-20200422\" target=\"_blank\" rel=\"noopener noreferrer\">utilizar<\/a> de forma inteligente la todav\u00eda potente industria textil portuguesa, reorient\u00e1ndola hacia la producci\u00f3n masiva de mascarillas y otras piezas de protecci\u00f3n. M\u00e1s de 250 empresas han respondido a la llamada del gobierno. Juntas, suman una capacidad de producci\u00f3n que el sector estima en varios millones de unidades por semana. M\u00e1s que suficientes para garantizar el autoabastecimiento. De hecho, Portugal espera poder empezar a exportar dentro de poco.<\/p>\n<p align=\"justify\">Pol\u00edticamente hablando, los partidos de la oposici\u00f3n portugueses han firmado una tregua con el gobierno socialista, causando envidia en Madrid.<\/p>\n<p align=\"justify\">El s\u00e1bado 25 de abril, Portugal ten\u00eda registrados cerca de 23.000 casos por 220.000 en Espa\u00f1a, menos de la mitad por millar de habitantes. La proporci\u00f3n de muertes respecto al total de infectados es tambi\u00e9n pr\u00e1cticamente la <a href=\"https:\/\/www.euronews.com\/2020\/04\/24\/covid-19-coronavirus-breakdown-of-deaths-and-infections-worldwide\" target=\"_blank\" rel=\"noopener noreferrer\">mitad<\/a> de la espa\u00f1ola.<\/p>\n<p align=\"justify\">Quiz\u00e1s el mayor peligro que debe afrontar ahora Portugal es la p\u00e9rdida de la temporada alta tur\u00edstica. El pa\u00eds depende desmesuradamente los ingresos del sector, que se espera que este verano <a href=\"https:\/\/elpais.com\/economia\/2020-04-18\/el-turismo-afronta-el-peor-ano-de-su-historia.html\" target=\"_blank\" rel=\"noopener noreferrer\">bajen<\/a> m\u00e1s del 60%. <a href=\"https:\/\/www.reuters.com\/article\/us-portugal-tourism\/portugals-flourishing-tourism-becomes-economic-mainstay-idUSKCN1GS1YF\" target=\"_blank\" rel=\"noopener noreferrer\">Actualmente<\/a>, m\u00e1s del 19% del PIB portugu\u00e9s se debe al turismo, un porcentaje superior al espa\u00f1ol en siete puntos porcentuales.<\/p>\n<p style=\"text-align: center;\" align=\"justify\"><strong>M\u00e1s informaci\u00f3n sobre el coronavirus en <a href=\"https:\/\/conversesacatalunya.cat\/es\/coronavirus\/\" target=\"_blank\" rel=\"noopener noreferrer\">ESPECIAL CORONAVIRUS<\/a><\/strong><\/p>\n","protected":false},"excerpt":{"rendered":"<p>Si el gobierno no hubiera reaccionado r\u00e1pidamente ante el coronavirus, Portugal habr\u00eda podido sufrir un desastre mucho peor. El pa\u00eds vecino tiene la proporci\u00f3n de mayores de 80 a\u00f1os m\u00e1s elevada de la UE tan s\u00f3lo despu\u00e9s de Grecia e Italia. El sistema de sanidad portugu\u00e9s no est\u00e1 ni bien equipado ni cuenta con personal suficiente, en buena parte debido a las sucesivas oleadas de emigrantes cualificados. Portugal cuenta con 4,2 camas de UCI por cada 100.000 habitantes, mientras que Espa\u00f1a tiene nueve, y Alemania, una treintena. En efecto, como explica el doctor Ricardo Bautista Leite especializado en enfermedades contagiosas y diputado del partido de oposici\u00f3n de centro-derecha PSD, \u00abdebido a la fragilidad de nuestro sistema sanitario, podr\u00eda haber sido mucho peor que en Italia o Espa\u00f1a\u00bb. El gobierno socialista portugu\u00e9s no tard\u00f3 en reaccionar, a diferencia del espa\u00f1ol. El primer caso de coronavirus en Portugal se detect\u00f3 el 2 de marzo, un mes despu\u00e9s de que en Italia. 30 d\u00edas preciosos para aprender lecciones que, a diferencia de Madrid, Lisboa aprovech\u00f3. Las manifestaciones p\u00fablicas ya se hab\u00edan prohibido en Portugal cuando el gobierno de S\u00e1nchez en bloque particip\u00f3 con gran pompa en una concentraci\u00f3n de m\u00e1s de 100.000 personas en Madrid el 8 de marzo con motivo del d\u00eda internacional de la mujer. En Portugal, las escuelas cerraron el lunes 16 de marzo, cuando s\u00f3lo hab\u00eda 245 casos detectados. En Espa\u00f1a se conoc\u00edan m\u00e1s de 2.000 cuando la mayor parte de gobiernos auton\u00f3micos decidieron cerrar las aulas el 12. El estado de emergencia, por el que el gobierno portugu\u00e9s impuso el confinamiento, lleg\u00f3 el 18 de marzo. El pa\u00eds contaba entonces con menos de 500 casos. Espa\u00f1a hab\u00eda tomado una medida similar tres d\u00edas antes, pero en ese momento ya hab\u00eda detectado m\u00e1s de 5.000 infecciones. El gobierno portugu\u00e9s ha almacenado un mill\u00f3n de tests, y ha efectuado tres veces m\u00e1s de pruebas por millar de habitantes que Francia, el pa\u00eds que gasta m\u00e1s en prestaciones sociales del mundo. Es cierto que Portugal cuenta con un factor ventajoso inesperado: la geograf\u00eda. Situarse en el extremo occidental de Europa, tener s\u00f3lo una frontera terrestre, y contar con una poblaci\u00f3n concentrada en la costa lejos de la zona lim\u00edtrofe con Espa\u00f1a han sido factores importantes. Desde un punto de vista econ\u00f3mico, el gobierno portugu\u00e9s ha autorizado, a diferencia del espa\u00f1ol, la continuaci\u00f3n de la mayor parte de actividades econ\u00f3micas. Las f\u00e1bricas y obras siguen abiertas. Tambi\u00e9n ha sabido utilizar de forma inteligente la todav\u00eda potente industria textil portuguesa, reorient\u00e1ndola hacia la producci\u00f3n masiva de mascarillas y otras piezas de protecci\u00f3n. M\u00e1s de 250 empresas han respondido a la llamada del gobierno. Juntas, suman una capacidad de producci\u00f3n que el sector estima en varios millones de unidades por semana. M\u00e1s que suficientes para garantizar el autoabastecimiento. De hecho, Portugal espera poder empezar a exportar dentro de poco. Pol\u00edticamente hablando, los partidos de la oposici\u00f3n portugueses han firmado una tregua con el gobierno socialista, causando envidia en Madrid. El s\u00e1bado 25 de abril, Portugal ten\u00eda registrados cerca de 23.000 casos por 220.000 en Espa\u00f1a, menos de la mitad por millar de habitantes. La proporci\u00f3n de muertes respecto al total de infectados es tambi\u00e9n pr\u00e1cticamente la mitad de la espa\u00f1ola. Quiz\u00e1s el mayor peligro que debe afrontar ahora Portugal es la p\u00e9rdida de la temporada alta tur\u00edstica. El pa\u00eds depende desmesuradamente los ingresos del sector, que se espera que este verano bajen m\u00e1s del 60%. Actualmente, m\u00e1s del 19% del PIB portugu\u00e9s se debe al turismo, un porcentaje superior al espa\u00f1ol en siete puntos porcentuales. M\u00e1s informaci\u00f3n sobre el coronavirus en ESPECIAL CORONAVIRUS<\/p>\n","protected":false},"author":67,"featured_media":35402,"comment_status":"open","ping_status":"open","sticky":false,"template":"","format":"standard","meta":{"_FSMCFIC_featured_image_caption":"","_FSMCFIC_featured_image_nocaption":"","_FSMCFIC_featured_image_hide":"","footnotes":""},"categories":[1772,806],"tags":[934,1981,2137,2231],"class_list":["post-35420","post","type-post","status-publish","format-standard","has-post-thumbnail","hentry","category-especial-coronavirus-es","category-punts-claus-del-dia-es","tag-espana","tag-mascarillas","tag-prevencion","tag-turismo"],"yoast_head":"<!-- This site is optimized with the Yoast SEO plugin v26.8 - https:\/\/yoast.com\/product\/yoast-seo-wordpress\/ -->\n<title>La crisis del Covid en todo el mundo (5): Portugal, o c\u00f3mo combatir bien el virus con pocos recursos - Converses a Catalunya<\/title>\n<meta name=\"robots\" content=\"noindex, nofollow\" \/>\n<meta property=\"og:locale\" content=\"es_ES\" \/>\n<meta property=\"og:type\" content=\"article\" \/>\n<meta property=\"og:title\" content=\"La crisis del Covid en todo el mundo (5): Portugal, o c\u00f3mo combatir bien el virus con pocos recursos - Converses a Catalunya\" \/>\n<meta property=\"og:description\" content=\"Si el gobierno no hubiera reaccionado r\u00e1pidamente ante el coronavirus, Portugal habr\u00eda podido sufrir un desastre mucho peor. El pa\u00eds vecino tiene la proporci\u00f3n de mayores de 80 a\u00f1os m\u00e1s elevada de la UE tan s\u00f3lo despu\u00e9s de Grecia e Italia. El sistema de sanidad portugu\u00e9s no est\u00e1 ni bien equipado ni cuenta con personal suficiente, en buena parte debido a las sucesivas oleadas de emigrantes cualificados. Portugal cuenta con 4,2 camas de UCI por cada 100.000 habitantes, mientras que Espa\u00f1a tiene nueve, y Alemania, una treintena. En efecto, como explica el doctor Ricardo Bautista Leite especializado en enfermedades contagiosas y diputado del partido de oposici\u00f3n de centro-derecha PSD, \u00abdebido a la fragilidad de nuestro sistema sanitario, podr\u00eda haber sido mucho peor que en Italia o Espa\u00f1a\u00bb. El gobierno socialista portugu\u00e9s no tard\u00f3 en reaccionar, a diferencia del espa\u00f1ol. El primer caso de coronavirus en Portugal se detect\u00f3 el 2 de marzo, un mes despu\u00e9s de que en Italia. 30 d\u00edas preciosos para aprender lecciones que, a diferencia de Madrid, Lisboa aprovech\u00f3. Las manifestaciones p\u00fablicas ya se hab\u00edan prohibido en Portugal cuando el gobierno de S\u00e1nchez en bloque particip\u00f3 con gran pompa en una concentraci\u00f3n de m\u00e1s de 100.000 personas en Madrid el 8 de marzo con motivo del d\u00eda internacional de la mujer. En Portugal, las escuelas cerraron el lunes 16 de marzo, cuando s\u00f3lo hab\u00eda 245 casos detectados. En Espa\u00f1a se conoc\u00edan m\u00e1s de 2.000 cuando la mayor parte de gobiernos auton\u00f3micos decidieron cerrar las aulas el 12. El estado de emergencia, por el que el gobierno portugu\u00e9s impuso el confinamiento, lleg\u00f3 el 18 de marzo. El pa\u00eds contaba entonces con menos de 500 casos. Espa\u00f1a hab\u00eda tomado una medida similar tres d\u00edas antes, pero en ese momento ya hab\u00eda detectado m\u00e1s de 5.000 infecciones. El gobierno portugu\u00e9s ha almacenado un mill\u00f3n de tests, y ha efectuado tres veces m\u00e1s de pruebas por millar de habitantes que Francia, el pa\u00eds que gasta m\u00e1s en prestaciones sociales del mundo. Es cierto que Portugal cuenta con un factor ventajoso inesperado: la geograf\u00eda. Situarse en el extremo occidental de Europa, tener s\u00f3lo una frontera terrestre, y contar con una poblaci\u00f3n concentrada en la costa lejos de la zona lim\u00edtrofe con Espa\u00f1a han sido factores importantes. Desde un punto de vista econ\u00f3mico, el gobierno portugu\u00e9s ha autorizado, a diferencia del espa\u00f1ol, la continuaci\u00f3n de la mayor parte de actividades econ\u00f3micas. Las f\u00e1bricas y obras siguen abiertas. Tambi\u00e9n ha sabido utilizar de forma inteligente la todav\u00eda potente industria textil portuguesa, reorient\u00e1ndola hacia la producci\u00f3n masiva de mascarillas y otras piezas de protecci\u00f3n. M\u00e1s de 250 empresas han respondido a la llamada del gobierno. Juntas, suman una capacidad de producci\u00f3n que el sector estima en varios millones de unidades por semana. M\u00e1s que suficientes para garantizar el autoabastecimiento. De hecho, Portugal espera poder empezar a exportar dentro de poco. Pol\u00edticamente hablando, los partidos de la oposici\u00f3n portugueses han firmado una tregua con el gobierno socialista, causando envidia en Madrid. El s\u00e1bado 25 de abril, Portugal ten\u00eda registrados cerca de 23.000 casos por 220.000 en Espa\u00f1a, menos de la mitad por millar de habitantes. La proporci\u00f3n de muertes respecto al total de infectados es tambi\u00e9n pr\u00e1cticamente la mitad de la espa\u00f1ola. Quiz\u00e1s el mayor peligro que debe afrontar ahora Portugal es la p\u00e9rdida de la temporada alta tur\u00edstica. El pa\u00eds depende desmesuradamente los ingresos del sector, que se espera que este verano bajen m\u00e1s del 60%. Actualmente, m\u00e1s del 19% del PIB portugu\u00e9s se debe al turismo, un porcentaje superior al espa\u00f1ol en siete puntos porcentuales. M\u00e1s informaci\u00f3n sobre el coronavirus en ESPECIAL CORONAVIRUS\" \/>\n<meta property=\"og:url\" content=\"https:\/\/conversesacatalunya.cat\/es\/la-crisis-del-covid-en-todo-el-mundo-5-portugal-o-como-combatir-bien-el-virus-con-pocos-recursos\/\" \/>\n<meta property=\"og:site_name\" content=\"Converses a Catalunya\" \/>\n<meta property=\"article:published_time\" content=\"2020-04-27T05:25:01+00:00\" \/>\n<meta property=\"article:modified_time\" content=\"2020-04-29T09:12:48+00:00\" \/>\n<meta property=\"og:image\" content=\"https:\/\/conversesacatalunya.cat\/wp-content\/uploads\/2020\/04\/lisboa.jpg\" \/>\n\t<meta property=\"og:image:width\" content=\"800\" \/>\n\t<meta property=\"og:image:height\" content=\"549\" \/>\n\t<meta property=\"og:image:type\" content=\"image\/jpeg\" \/>\n<meta name=\"author\" content=\"conversesacatalunya\" \/>\n<meta name=\"twitter:card\" content=\"summary_large_image\" \/>\n<meta name=\"twitter:label1\" content=\"Escrito por\" \/>\n\t<meta name=\"twitter:data1\" content=\"conversesacatalunya\" \/>\n\t<meta name=\"twitter:label2\" content=\"Tiempo de lectura\" \/>\n\t<meta name=\"twitter:data2\" content=\"4 minutos\" \/>\n<script type=\"application\/ld+json\" class=\"yoast-schema-graph\">{\"@context\":\"https:\/\/schema.org\",\"@graph\":[{\"@type\":\"Article\",\"@id\":\"https:\/\/conversesacatalunya.cat\/es\/la-crisis-del-covid-en-todo-el-mundo-5-portugal-o-como-combatir-bien-el-virus-con-pocos-recursos\/#article\",\"isPartOf\":{\"@id\":\"https:\/\/conversesacatalunya.cat\/es\/la-crisis-del-covid-en-todo-el-mundo-5-portugal-o-como-combatir-bien-el-virus-con-pocos-recursos\/\"},\"author\":{\"name\":\"conversesacatalunya\",\"@id\":\"https:\/\/conversesacatalunya.cat\/#\/schema\/person\/c5a8ffe796b1512764aeb6d6d6fa0fc7\"},\"headline\":\"La crisis del Covid en todo el mundo (5): Portugal, o c\u00f3mo combatir bien el virus con pocos recursos\",\"datePublished\":\"2020-04-27T05:25:01+00:00\",\"dateModified\":\"2020-04-29T09:12:48+00:00\",\"mainEntityOfPage\":{\"@id\":\"https:\/\/conversesacatalunya.cat\/es\/la-crisis-del-covid-en-todo-el-mundo-5-portugal-o-como-combatir-bien-el-virus-con-pocos-recursos\/\"},\"wordCount\":720,\"commentCount\":0,\"image\":{\"@id\":\"https:\/\/conversesacatalunya.cat\/es\/la-crisis-del-covid-en-todo-el-mundo-5-portugal-o-como-combatir-bien-el-virus-con-pocos-recursos\/#primaryimage\"},\"thumbnailUrl\":\"https:\/\/conversesacatalunya.cat\/wp-content\/uploads\/2020\/04\/lisboa.jpg\",\"keywords\":[\"Espa\u00f1a\",\"mascarillas\",\"prevenci\u00f3n\",\"Turismo\"],\"articleSection\":[\"Especial Coronavirus (ES)\",\"Punts clau del dia (ES)\"],\"inLanguage\":\"es\",\"potentialAction\":[{\"@type\":\"CommentAction\",\"name\":\"Comment\",\"target\":[\"https:\/\/conversesacatalunya.cat\/es\/la-crisis-del-covid-en-todo-el-mundo-5-portugal-o-como-combatir-bien-el-virus-con-pocos-recursos\/#respond\"]}]},{\"@type\":\"WebPage\",\"@id\":\"https:\/\/conversesacatalunya.cat\/es\/la-crisis-del-covid-en-todo-el-mundo-5-portugal-o-como-combatir-bien-el-virus-con-pocos-recursos\/\",\"url\":\"https:\/\/conversesacatalunya.cat\/es\/la-crisis-del-covid-en-todo-el-mundo-5-portugal-o-como-combatir-bien-el-virus-con-pocos-recursos\/\",\"name\":\"La crisis del Covid en todo el mundo (5): Portugal, o c\u00f3mo combatir bien el virus con pocos recursos - Converses a Catalunya\",\"isPartOf\":{\"@id\":\"https:\/\/conversesacatalunya.cat\/#website\"},\"primaryImageOfPage\":{\"@id\":\"https:\/\/conversesacatalunya.cat\/es\/la-crisis-del-covid-en-todo-el-mundo-5-portugal-o-como-combatir-bien-el-virus-con-pocos-recursos\/#primaryimage\"},\"image\":{\"@id\":\"https:\/\/conversesacatalunya.cat\/es\/la-crisis-del-covid-en-todo-el-mundo-5-portugal-o-como-combatir-bien-el-virus-con-pocos-recursos\/#primaryimage\"},\"thumbnailUrl\":\"https:\/\/conversesacatalunya.cat\/wp-content\/uploads\/2020\/04\/lisboa.jpg\",\"datePublished\":\"2020-04-27T05:25:01+00:00\",\"dateModified\":\"2020-04-29T09:12:48+00:00\",\"author\":{\"@id\":\"https:\/\/conversesacatalunya.cat\/#\/schema\/person\/c5a8ffe796b1512764aeb6d6d6fa0fc7\"},\"breadcrumb\":{\"@id\":\"https:\/\/conversesacatalunya.cat\/es\/la-crisis-del-covid-en-todo-el-mundo-5-portugal-o-como-combatir-bien-el-virus-con-pocos-recursos\/#breadcrumb\"},\"inLanguage\":\"es\",\"potentialAction\":[{\"@type\":\"ReadAction\",\"target\":[\"https:\/\/conversesacatalunya.cat\/es\/la-crisis-del-covid-en-todo-el-mundo-5-portugal-o-como-combatir-bien-el-virus-con-pocos-recursos\/\"]}]},{\"@type\":\"ImageObject\",\"inLanguage\":\"es\",\"@id\":\"https:\/\/conversesacatalunya.cat\/es\/la-crisis-del-covid-en-todo-el-mundo-5-portugal-o-como-combatir-bien-el-virus-con-pocos-recursos\/#primaryimage\",\"url\":\"https:\/\/conversesacatalunya.cat\/wp-content\/uploads\/2020\/04\/lisboa.jpg\",\"contentUrl\":\"https:\/\/conversesacatalunya.cat\/wp-content\/uploads\/2020\/04\/lisboa.jpg\",\"width\":800,\"height\":549},{\"@type\":\"BreadcrumbList\",\"@id\":\"https:\/\/conversesacatalunya.cat\/es\/la-crisis-del-covid-en-todo-el-mundo-5-portugal-o-como-combatir-bien-el-virus-con-pocos-recursos\/#breadcrumb\",\"itemListElement\":[{\"@type\":\"ListItem\",\"position\":1,\"name\":\"Inici\",\"item\":\"https:\/\/conversesacatalunya.cat\/es\/\"},{\"@type\":\"ListItem\",\"position\":2,\"name\":\"La crisis del Covid en todo el mundo (5): Portugal, o c\u00f3mo combatir bien el virus con pocos recursos\"}]},{\"@type\":\"WebSite\",\"@id\":\"https:\/\/conversesacatalunya.cat\/#website\",\"url\":\"https:\/\/conversesacatalunya.cat\/\",\"name\":\"Converses a Catalunya\",\"description\":\"\",\"potentialAction\":[{\"@type\":\"SearchAction\",\"target\":{\"@type\":\"EntryPoint\",\"urlTemplate\":\"https:\/\/conversesacatalunya.cat\/?s={search_term_string}\"},\"query-input\":{\"@type\":\"PropertyValueSpecification\",\"valueRequired\":true,\"valueName\":\"search_term_string\"}}],\"inLanguage\":\"es\"},{\"@type\":\"Person\",\"@id\":\"https:\/\/conversesacatalunya.cat\/#\/schema\/person\/c5a8ffe796b1512764aeb6d6d6fa0fc7\",\"name\":\"conversesacatalunya\",\"image\":{\"@type\":\"ImageObject\",\"inLanguage\":\"es\",\"@id\":\"https:\/\/conversesacatalunya.cat\/#\/schema\/person\/image\/\",\"url\":\"https:\/\/conversesacatalunya.cat\/wp-content\/litespeed\/avatar\/02659ee938034c59a151ae106ade943e.jpg?ver=1777051754\",\"contentUrl\":\"https:\/\/conversesacatalunya.cat\/wp-content\/litespeed\/avatar\/02659ee938034c59a151ae106ade943e.jpg?ver=1777051754\",\"caption\":\"conversesacatalunya\"},\"url\":\"https:\/\/conversesacatalunya.cat\/es\/author\/carles_lopez\/\"}]}<\/script>\n<!-- \/ Yoast SEO plugin. -->","yoast_head_json":{"title":"La crisis del Covid en todo el mundo (5): Portugal, o c\u00f3mo combatir bien el virus con pocos recursos - Converses a Catalunya","robots":{"index":"noindex","follow":"nofollow"},"og_locale":"es_ES","og_type":"article","og_title":"La crisis del Covid en todo el mundo (5): Portugal, o c\u00f3mo combatir bien el virus con pocos recursos - Converses a Catalunya","og_description":"Si el gobierno no hubiera reaccionado r\u00e1pidamente ante el coronavirus, Portugal habr\u00eda podido sufrir un desastre mucho peor. El pa\u00eds vecino tiene la proporci\u00f3n de mayores de 80 a\u00f1os m\u00e1s elevada de la UE tan s\u00f3lo despu\u00e9s de Grecia e Italia. El sistema de sanidad portugu\u00e9s no est\u00e1 ni bien equipado ni cuenta con personal suficiente, en buena parte debido a las sucesivas oleadas de emigrantes cualificados. Portugal cuenta con 4,2 camas de UCI por cada 100.000 habitantes, mientras que Espa\u00f1a tiene nueve, y Alemania, una treintena. En efecto, como explica el doctor Ricardo Bautista Leite especializado en enfermedades contagiosas y diputado del partido de oposici\u00f3n de centro-derecha PSD, \u00abdebido a la fragilidad de nuestro sistema sanitario, podr\u00eda haber sido mucho peor que en Italia o Espa\u00f1a\u00bb. El gobierno socialista portugu\u00e9s no tard\u00f3 en reaccionar, a diferencia del espa\u00f1ol. El primer caso de coronavirus en Portugal se detect\u00f3 el 2 de marzo, un mes despu\u00e9s de que en Italia. 30 d\u00edas preciosos para aprender lecciones que, a diferencia de Madrid, Lisboa aprovech\u00f3. Las manifestaciones p\u00fablicas ya se hab\u00edan prohibido en Portugal cuando el gobierno de S\u00e1nchez en bloque particip\u00f3 con gran pompa en una concentraci\u00f3n de m\u00e1s de 100.000 personas en Madrid el 8 de marzo con motivo del d\u00eda internacional de la mujer. En Portugal, las escuelas cerraron el lunes 16 de marzo, cuando s\u00f3lo hab\u00eda 245 casos detectados. En Espa\u00f1a se conoc\u00edan m\u00e1s de 2.000 cuando la mayor parte de gobiernos auton\u00f3micos decidieron cerrar las aulas el 12. El estado de emergencia, por el que el gobierno portugu\u00e9s impuso el confinamiento, lleg\u00f3 el 18 de marzo. El pa\u00eds contaba entonces con menos de 500 casos. Espa\u00f1a hab\u00eda tomado una medida similar tres d\u00edas antes, pero en ese momento ya hab\u00eda detectado m\u00e1s de 5.000 infecciones. El gobierno portugu\u00e9s ha almacenado un mill\u00f3n de tests, y ha efectuado tres veces m\u00e1s de pruebas por millar de habitantes que Francia, el pa\u00eds que gasta m\u00e1s en prestaciones sociales del mundo. Es cierto que Portugal cuenta con un factor ventajoso inesperado: la geograf\u00eda. Situarse en el extremo occidental de Europa, tener s\u00f3lo una frontera terrestre, y contar con una poblaci\u00f3n concentrada en la costa lejos de la zona lim\u00edtrofe con Espa\u00f1a han sido factores importantes. Desde un punto de vista econ\u00f3mico, el gobierno portugu\u00e9s ha autorizado, a diferencia del espa\u00f1ol, la continuaci\u00f3n de la mayor parte de actividades econ\u00f3micas. Las f\u00e1bricas y obras siguen abiertas. Tambi\u00e9n ha sabido utilizar de forma inteligente la todav\u00eda potente industria textil portuguesa, reorient\u00e1ndola hacia la producci\u00f3n masiva de mascarillas y otras piezas de protecci\u00f3n. M\u00e1s de 250 empresas han respondido a la llamada del gobierno. Juntas, suman una capacidad de producci\u00f3n que el sector estima en varios millones de unidades por semana. M\u00e1s que suficientes para garantizar el autoabastecimiento. De hecho, Portugal espera poder empezar a exportar dentro de poco. Pol\u00edticamente hablando, los partidos de la oposici\u00f3n portugueses han firmado una tregua con el gobierno socialista, causando envidia en Madrid. El s\u00e1bado 25 de abril, Portugal ten\u00eda registrados cerca de 23.000 casos por 220.000 en Espa\u00f1a, menos de la mitad por millar de habitantes. La proporci\u00f3n de muertes respecto al total de infectados es tambi\u00e9n pr\u00e1cticamente la mitad de la espa\u00f1ola. Quiz\u00e1s el mayor peligro que debe afrontar ahora Portugal es la p\u00e9rdida de la temporada alta tur\u00edstica. El pa\u00eds depende desmesuradamente los ingresos del sector, que se espera que este verano bajen m\u00e1s del 60%. Actualmente, m\u00e1s del 19% del PIB portugu\u00e9s se debe al turismo, un porcentaje superior al espa\u00f1ol en siete puntos porcentuales. M\u00e1s informaci\u00f3n sobre el coronavirus en ESPECIAL CORONAVIRUS","og_url":"https:\/\/conversesacatalunya.cat\/es\/la-crisis-del-covid-en-todo-el-mundo-5-portugal-o-como-combatir-bien-el-virus-con-pocos-recursos\/","og_site_name":"Converses a Catalunya","article_published_time":"2020-04-27T05:25:01+00:00","article_modified_time":"2020-04-29T09:12:48+00:00","og_image":[{"width":800,"height":549,"url":"https:\/\/conversesacatalunya.cat\/wp-content\/uploads\/2020\/04\/lisboa.jpg","type":"image\/jpeg"}],"author":"conversesacatalunya","twitter_card":"summary_large_image","twitter_misc":{"Escrito por":"conversesacatalunya","Tiempo de lectura":"4 minutos"},"schema":{"@context":"https:\/\/schema.org","@graph":[{"@type":"Article","@id":"https:\/\/conversesacatalunya.cat\/es\/la-crisis-del-covid-en-todo-el-mundo-5-portugal-o-como-combatir-bien-el-virus-con-pocos-recursos\/#article","isPartOf":{"@id":"https:\/\/conversesacatalunya.cat\/es\/la-crisis-del-covid-en-todo-el-mundo-5-portugal-o-como-combatir-bien-el-virus-con-pocos-recursos\/"},"author":{"name":"conversesacatalunya","@id":"https:\/\/conversesacatalunya.cat\/#\/schema\/person\/c5a8ffe796b1512764aeb6d6d6fa0fc7"},"headline":"La crisis del Covid en todo el mundo (5): Portugal, o c\u00f3mo combatir bien el virus con pocos recursos","datePublished":"2020-04-27T05:25:01+00:00","dateModified":"2020-04-29T09:12:48+00:00","mainEntityOfPage":{"@id":"https:\/\/conversesacatalunya.cat\/es\/la-crisis-del-covid-en-todo-el-mundo-5-portugal-o-como-combatir-bien-el-virus-con-pocos-recursos\/"},"wordCount":720,"commentCount":0,"image":{"@id":"https:\/\/conversesacatalunya.cat\/es\/la-crisis-del-covid-en-todo-el-mundo-5-portugal-o-como-combatir-bien-el-virus-con-pocos-recursos\/#primaryimage"},"thumbnailUrl":"https:\/\/conversesacatalunya.cat\/wp-content\/uploads\/2020\/04\/lisboa.jpg","keywords":["Espa\u00f1a","mascarillas","prevenci\u00f3n","Turismo"],"articleSection":["Especial Coronavirus (ES)","Punts clau del dia (ES)"],"inLanguage":"es","potentialAction":[{"@type":"CommentAction","name":"Comment","target":["https:\/\/conversesacatalunya.cat\/es\/la-crisis-del-covid-en-todo-el-mundo-5-portugal-o-como-combatir-bien-el-virus-con-pocos-recursos\/#respond"]}]},{"@type":"WebPage","@id":"https:\/\/conversesacatalunya.cat\/es\/la-crisis-del-covid-en-todo-el-mundo-5-portugal-o-como-combatir-bien-el-virus-con-pocos-recursos\/","url":"https:\/\/conversesacatalunya.cat\/es\/la-crisis-del-covid-en-todo-el-mundo-5-portugal-o-como-combatir-bien-el-virus-con-pocos-recursos\/","name":"La crisis del Covid en todo el mundo (5): Portugal, o c\u00f3mo combatir bien el virus con pocos recursos - Converses a Catalunya","isPartOf":{"@id":"https:\/\/conversesacatalunya.cat\/#website"},"primaryImageOfPage":{"@id":"https:\/\/conversesacatalunya.cat\/es\/la-crisis-del-covid-en-todo-el-mundo-5-portugal-o-como-combatir-bien-el-virus-con-pocos-recursos\/#primaryimage"},"image":{"@id":"https:\/\/conversesacatalunya.cat\/es\/la-crisis-del-covid-en-todo-el-mundo-5-portugal-o-como-combatir-bien-el-virus-con-pocos-recursos\/#primaryimage"},"thumbnailUrl":"https:\/\/conversesacatalunya.cat\/wp-content\/uploads\/2020\/04\/lisboa.jpg","datePublished":"2020-04-27T05:25:01+00:00","dateModified":"2020-04-29T09:12:48+00:00","author":{"@id":"https:\/\/conversesacatalunya.cat\/#\/schema\/person\/c5a8ffe796b1512764aeb6d6d6fa0fc7"},"breadcrumb":{"@id":"https:\/\/conversesacatalunya.cat\/es\/la-crisis-del-covid-en-todo-el-mundo-5-portugal-o-como-combatir-bien-el-virus-con-pocos-recursos\/#breadcrumb"},"inLanguage":"es","potentialAction":[{"@type":"ReadAction","target":["https:\/\/conversesacatalunya.cat\/es\/la-crisis-del-covid-en-todo-el-mundo-5-portugal-o-como-combatir-bien-el-virus-con-pocos-recursos\/"]}]},{"@type":"ImageObject","inLanguage":"es","@id":"https:\/\/conversesacatalunya.cat\/es\/la-crisis-del-covid-en-todo-el-mundo-5-portugal-o-como-combatir-bien-el-virus-con-pocos-recursos\/#primaryimage","url":"https:\/\/conversesacatalunya.cat\/wp-content\/uploads\/2020\/04\/lisboa.jpg","contentUrl":"https:\/\/conversesacatalunya.cat\/wp-content\/uploads\/2020\/04\/lisboa.jpg","width":800,"height":549},{"@type":"BreadcrumbList","@id":"https:\/\/conversesacatalunya.cat\/es\/la-crisis-del-covid-en-todo-el-mundo-5-portugal-o-como-combatir-bien-el-virus-con-pocos-recursos\/#breadcrumb","itemListElement":[{"@type":"ListItem","position":1,"name":"Inici","item":"https:\/\/conversesacatalunya.cat\/es\/"},{"@type":"ListItem","position":2,"name":"La crisis del Covid en todo el mundo (5): Portugal, o c\u00f3mo combatir bien el virus con pocos recursos"}]},{"@type":"WebSite","@id":"https:\/\/conversesacatalunya.cat\/#website","url":"https:\/\/conversesacatalunya.cat\/","name":"Converses a Catalunya","description":"","potentialAction":[{"@type":"SearchAction","target":{"@type":"EntryPoint","urlTemplate":"https:\/\/conversesacatalunya.cat\/?s={search_term_string}"},"query-input":{"@type":"PropertyValueSpecification","valueRequired":true,"valueName":"search_term_string"}}],"inLanguage":"es"},{"@type":"Person","@id":"https:\/\/conversesacatalunya.cat\/#\/schema\/person\/c5a8ffe796b1512764aeb6d6d6fa0fc7","name":"conversesacatalunya","image":{"@type":"ImageObject","inLanguage":"es","@id":"https:\/\/conversesacatalunya.cat\/#\/schema\/person\/image\/","url":"https:\/\/conversesacatalunya.cat\/wp-content\/litespeed\/avatar\/02659ee938034c59a151ae106ade943e.jpg?ver=1777051754","contentUrl":"https:\/\/conversesacatalunya.cat\/wp-content\/litespeed\/avatar\/02659ee938034c59a151ae106ade943e.jpg?ver=1777051754","caption":"conversesacatalunya"},"url":"https:\/\/conversesacatalunya.cat\/es\/author\/carles_lopez\/"}]}},"wps_subtitle":"El gobierno socialista portugu\u00e9s no tard\u00f3 en reaccionar, a diferencia del espa\u00f1ol","_links":{"self":[{"href":"https:\/\/conversesacatalunya.cat\/es\/wp-json\/wp\/v2\/posts\/35420","targetHints":{"allow":["GET"]}}],"collection":[{"href":"https:\/\/conversesacatalunya.cat\/es\/wp-json\/wp\/v2\/posts"}],"about":[{"href":"https:\/\/conversesacatalunya.cat\/es\/wp-json\/wp\/v2\/types\/post"}],"author":[{"embeddable":true,"href":"https:\/\/conversesacatalunya.cat\/es\/wp-json\/wp\/v2\/users\/67"}],"replies":[{"embeddable":true,"href":"https:\/\/conversesacatalunya.cat\/es\/wp-json\/wp\/v2\/comments?post=35420"}],"version-history":[{"count":2,"href":"https:\/\/conversesacatalunya.cat\/es\/wp-json\/wp\/v2\/posts\/35420\/revisions"}],"predecessor-version":[{"id":35423,"href":"https:\/\/conversesacatalunya.cat\/es\/wp-json\/wp\/v2\/posts\/35420\/revisions\/35423"}],"wp:featuredmedia":[{"embeddable":true,"href":"https:\/\/conversesacatalunya.cat\/es\/wp-json\/wp\/v2\/media\/35402"}],"wp:attachment":[{"href":"https:\/\/conversesacatalunya.cat\/es\/wp-json\/wp\/v2\/media?parent=35420"}],"wp:term":[{"taxonomy":"category","embeddable":true,"href":"https:\/\/conversesacatalunya.cat\/es\/wp-json\/wp\/v2\/categories?post=35420"},{"taxonomy":"post_tag","embeddable":true,"href":"https:\/\/conversesacatalunya.cat\/es\/wp-json\/wp\/v2\/tags?post=35420"}],"curies":[{"name":"wp","href":"https:\/\/api.w.org\/{rel}","templated":true}]}}