{"id":35379,"date":"2020-04-24T12:06:01","date_gmt":"2020-04-24T10:06:01","guid":{"rendered":"https:\/\/conversesacatalunya.cat\/?p=35379"},"modified":"2020-04-24T12:06:01","modified_gmt":"2020-04-24T10:06:01","slug":"barcelona-ibamos-bien-pero-vuelven-los-excesos-a-la-casa-gran","status":"publish","type":"post","link":"https:\/\/conversesacatalunya.cat\/es\/barcelona-ibamos-bien-pero-vuelven-los-excesos-a-la-casa-gran\/","title":{"rendered":"Barcelona: \u00cdbamos bien, pero\u2026 vuelven los excesos a \u00abLa Casa Gran\u00bb"},"content":{"rendered":"<p>Colau y su gobierno municipal parec\u00eda que hab\u00edan encontrado el tono y la forma, precisamente en una situaci\u00f3n tan dif\u00edcil como la que vivimos. Colau interpretaba la gravedad de la situaci\u00f3n y aportaba una respuesta de ciudad que ha concitado un acuerdo ins\u00f3lito, un acuerdo generalizado entre todos los partidos de la oposici\u00f3n. Tambi\u00e9n, en su tono y posicionamiento, ha sabido conjugar la moderaci\u00f3n con la exigencia cr\u00edtica, cuando as\u00ed lo requiere el hecho concreto. Por primera vez desde que lleg\u00f3 a la alcald\u00eda aparec\u00eda <strong>como una l\u00edder que marcaba la diferencia con los dem\u00e1s<\/strong>. Pero esta s\u00f3lida trayectoria ha sufrido en unas horas un <strong>doble y grave<\/strong> tropiezo que nos retorna al gobierno Colau de siempre.<\/p>\n<p>Son dos excesos que cabalgan sobre los dos grandes inconvenientes de su gobierno: <strong>una ideolog\u00eda irreal y sectaria<\/strong> que aflora en demasiadas ocasiones, y un <strong>populismo de vuelo gallin\u00e1ceo.<\/strong><\/p>\n<p>Ideolog\u00eda sectaria e irreal es lo que nada menos que la teniente de alcalde de Urbanismo, y de hecho n\u00famero dos de Colau<strong>, Janet Sanz,<\/strong> ha planteado: aprovechar la gran crisis que se nos viene encima para <strong>dar un cerrojazo al sector del autom\u00f3vil<\/strong>.<\/p>\n<p>Concretamente, Sanz ha dicho: \u201c<em>Es ahora o nunca. Muchas de estas empresas han quedado afectadas por el ERTO y con mucho excedente sin vender<strong>. Es necesario evitar que se vuelva a colocar en el mercado<\/strong>. Es necesario evitar que todo esto se vuelva a reactivar. Necesitamos un plan, seguramente estatal, para que esta industria y estos trabajadores encuentren otras salidas, para comenzar por ejemplo la movilidad sostenible<\/em>\u201d. Estas palabras fueron\u00a0 pronunciadas por Sanz en el seminario virtual organizado por la asociaci\u00f3n Cicloesfera.<\/p>\n<p>\u00bfSe quiere mayor absurdo? Primero porque predica algo imposible. Segundo porque si sucediera, el golpe sobre los trabajadores ser\u00eda brutal. Pide nada menos que la destrucci\u00f3n de un pilar fundamental de la econom\u00eda de Catalu\u00f1a, y tercero, porque la gente no dejar\u00eda de comprar coches a pesar de que a Sanz no le guste, y una de dos, o prohib\u00eda su circulaci\u00f3n en Barcelona o los ciudadanos los comprar\u00edan de otras marcas. El planteamiento, que no la persona, naturalmente, es de una estupidez alucinante. No hay por donde cogerlo.<\/p>\n<p>La reacci\u00f3n del sector ha sido demoledora. La patronal del autom\u00f3vil, la <strong>Federaci\u00f3 Catalana d\u2019Automoci\u00f3,<\/strong> <strong>ha pedido su dimisi\u00f3n<\/strong>. Tambi\u00e9n la organizaci\u00f3n empresarial Foment del Treball ha criticado las declaraciones.<\/p>\n<p>Y es que m\u00e1s all\u00e1 de las palabras, ahora ya sabe la industria del autom\u00f3vil a quienes se enfrentan en el Ayuntamiento, a unas personas, Colau, Sanz, los Comunes, que tienen como objetivo su desaparici\u00f3n, y que utilizar\u00e1n todos los motivos para hacerle la vida dif\u00edcil al autom\u00f3vil, porque lo consideran intr\u00ednsecamente perverso e innecesario. Ahora parece que no pasar\u00e1 nada, pero no ser\u00e1 real. El gobierno municipal <strong>aprovechar\u00e1 el par\u00f3n para disuadir todav\u00eda m\u00e1s el uso del coche<\/strong> en la ciudad, con lo cual se a\u00f1adir\u00e1 una nueva barrera econ\u00f3mica a las murallas que est\u00e1 levantando la crisis. \u00bfEs compatible un gobierno local de este tipo con la existencia de Nissan y Seat, y todo el entramado de industria subsidiaria?<\/p>\n<p><strong>Ni el sector, ni el gobierno de Catalu\u00f1a ni el de Espa\u00f1a,<\/strong> en el que participan los Comunes, ni por descontado los partidos pol\u00edticos presentes en el Ayuntamiento, pueden dejar pasar todo esto como si no tuviera importancia. Por descontado las declaraciones <strong>comprometen y mucho a Collboni y al PSC,<\/strong> que debe exigir una rectificaci\u00f3n p\u00fablica en toda regla, porque de lo contrario ser\u00e1 c\u00f3mplice de un discurso que tiene como consecuencia facilitar los cierres patronales de esta industria, empezando por el eslab\u00f3n m\u00e1s debilitado, Nissan. La irresponsabilidad de Sanz, y de Colau, si no la rectifica p\u00fablicamente, es extraordinaria.<\/p>\n<h3>Y del sectarismo al populismo.<\/h3>\n<p>Una informaci\u00f3n en apariencia positiva oculta un <strong>acto populista de mucha envergadura<\/strong>. La noticia en una primera lectura es excelente: \u00abesta semana se repartir\u00e1n en Barcelona 20.000 lotes con productos de alimentaci\u00f3n a personas mayores, enfermos cr\u00f3nicos y pacientes de la Covid-19 que viven confinados en la capital catalana\u00bb. La iniciativa \u00ab<strong>Cistella contra la Covid\u00bb, coordinada por el Departament de Salut, el Ayuntamiento de Barcelona<\/strong> y la empresa Linesport, quiere evitar que las personas m\u00e1s vulnerables tengan que salir a hacer la compra, reduciendo as\u00ed el posible riesgo de contagio. La iniciativa prioriza a aquellas personas que no disponen de una red familiar o vecinal que les pueda hacer la compra.<\/p>\n<p>En la pr\u00e1ctica esto se traduce en que <strong>los lotes llegan a muchas personas que no los necesitan,<\/strong> porque si bien viven solas, cuentan con medios econ\u00f3micos sobrados, y con hijos y familiares que los atienden, aunque ni vivan con ellos, ni en el barrio. La raz\u00f3n es muy simple: el Ayuntamiento no ha indagado, ni la renta, ni conoce la situaci\u00f3n de cada persona a la que distribuye la ayuda. <strong>A una parte s\u00ed, pero no a toda<\/strong>. Resultado: estos paquetes llegar\u00e1n a personas que no los necesitan mientras que a otras personas, a las que le ser\u00edan de gran ayuda, y no necesariamente gente mayor, no recibir\u00e1n nada.<\/p>\n<p>Los recursos son escasos, <strong>y no pueden utilizarse para labrar operaciones de imagen<\/strong>. Familias con hijos, los m\u00e1s afectados, en la m\u00e1s absoluta de las miserias, como <strong>C\u00e1ritas<\/strong> conoce bien, inmigrantes que viven en condiciones terribles, la gente sin hogar, los <em>homeless<\/em> que han visto desaparecer la gente de la calle, hay tantas personas que se encuentran en la penuria que esta distribuci\u00f3n de la \u201cCistella\u201d se inscribe en el debe de la injusticia y el mal uso de los recursos.<\/p>\n<p style=\"text-align: center;\"><strong>M\u00e1s informaci\u00f3n sobre el coronavirus en <a href=\"https:\/\/conversesacatalunya.cat\/es\/coronavirus\/\" target=\"_blank\" rel=\"noopener noreferrer\">ESPECIAL CORONAVIRUS<\/a><\/strong><\/p>\n<span class='bctt-click-to-tweet'><span class='bctt-ctt-text'><a href='https:\/\/twitter.com\/intent\/tweet?url=https%3A%2F%2Fconversesacatalunya.cat%2Fes%2Fbarcelona-ibamos-bien-pero-vuelven-los-excesos-a-la-casa-gran%2F&#038;text=Colau%20y%20su%20gobierno%20municipal%20parec%C3%ADa%20que%20hab%C3%ADan%20encontrado%20el%20tono%20y%20la%20forma%2C%20precisamente%20en%20una%20situaci%C3%B3n%20tan%20dif%C3%ADcil%20como%20la%20que%20vivimos&#038;via=conversesacat&#038;related=conversesacat' target='_blank'rel=\"noopener noreferrer\">Colau y su gobierno municipal parec\u00eda que hab\u00edan encontrado el tono y la forma, precisamente en una situaci\u00f3n tan dif\u00edcil como la que vivimos <\/a><\/span><a href='https:\/\/twitter.com\/intent\/tweet?url=https%3A%2F%2Fconversesacatalunya.cat%2Fes%2Fbarcelona-ibamos-bien-pero-vuelven-los-excesos-a-la-casa-gran%2F&#038;text=Colau%20y%20su%20gobierno%20municipal%20parec%C3%ADa%20que%20hab%C3%ADan%20encontrado%20el%20tono%20y%20la%20forma%2C%20precisamente%20en%20una%20situaci%C3%B3n%20tan%20dif%C3%ADcil%20como%20la%20que%20vivimos&#038;via=conversesacat&#038;related=conversesacat' target='_blank' class='bctt-ctt-btn'rel=\"noopener noreferrer\">Compartir en X<\/a><\/span>\n<p>&nbsp;<\/p>\n","protected":false},"excerpt":{"rendered":"<p>Colau y su gobierno municipal parec\u00eda que hab\u00edan encontrado el tono y la forma, precisamente en una situaci\u00f3n tan dif\u00edcil como la que vivimos. Colau interpretaba la gravedad de la situaci\u00f3n y aportaba una respuesta de ciudad que ha concitado un acuerdo ins\u00f3lito, un acuerdo generalizado entre todos los partidos de la oposici\u00f3n. Tambi\u00e9n, en su tono y posicionamiento, ha sabido conjugar la moderaci\u00f3n con la exigencia cr\u00edtica, cuando as\u00ed lo requiere el hecho concreto. Por primera vez desde que lleg\u00f3 a la alcald\u00eda aparec\u00eda como una l\u00edder que marcaba la diferencia con los dem\u00e1s. Pero esta s\u00f3lida trayectoria ha sufrido en unas horas un doble y grave tropiezo que nos retorna al gobierno Colau de siempre. Son dos excesos que cabalgan sobre los dos grandes inconvenientes de su gobierno: una ideolog\u00eda irreal y sectaria que aflora en demasiadas ocasiones, y un populismo de vuelo gallin\u00e1ceo. Ideolog\u00eda sectaria e irreal es lo que nada menos que la teniente de alcalde de Urbanismo, y de hecho n\u00famero dos de Colau, Janet Sanz, ha planteado: aprovechar la gran crisis que se nos viene encima para dar un cerrojazo al sector del autom\u00f3vil. Concretamente, Sanz ha dicho: \u201cEs ahora o nunca. Muchas de estas empresas han quedado afectadas por el ERTO y con mucho excedente sin vender. Es necesario evitar que se vuelva a colocar en el mercado. Es necesario evitar que todo esto se vuelva a reactivar. Necesitamos un plan, seguramente estatal, para que esta industria y estos trabajadores encuentren otras salidas, para comenzar por ejemplo la movilidad sostenible\u201d. Estas palabras fueron\u00a0 pronunciadas por Sanz en el seminario virtual organizado por la asociaci\u00f3n Cicloesfera. \u00bfSe quiere mayor absurdo? Primero porque predica algo imposible. Segundo porque si sucediera, el golpe sobre los trabajadores ser\u00eda brutal. Pide nada menos que la destrucci\u00f3n de un pilar fundamental de la econom\u00eda de Catalu\u00f1a, y tercero, porque la gente no dejar\u00eda de comprar coches a pesar de que a Sanz no le guste, y una de dos, o prohib\u00eda su circulaci\u00f3n en Barcelona o los ciudadanos los comprar\u00edan de otras marcas. El planteamiento, que no la persona, naturalmente, es de una estupidez alucinante. No hay por donde cogerlo. La reacci\u00f3n del sector ha sido demoledora. La patronal del autom\u00f3vil, la Federaci\u00f3 Catalana d\u2019Automoci\u00f3, ha pedido su dimisi\u00f3n. Tambi\u00e9n la organizaci\u00f3n empresarial Foment del Treball ha criticado las declaraciones. Y es que m\u00e1s all\u00e1 de las palabras, ahora ya sabe la industria del autom\u00f3vil a quienes se enfrentan en el Ayuntamiento, a unas personas, Colau, Sanz, los Comunes, que tienen como objetivo su desaparici\u00f3n, y que utilizar\u00e1n todos los motivos para hacerle la vida dif\u00edcil al autom\u00f3vil, porque lo consideran intr\u00ednsecamente perverso e innecesario. Ahora parece que no pasar\u00e1 nada, pero no ser\u00e1 real. El gobierno municipal aprovechar\u00e1 el par\u00f3n para disuadir todav\u00eda m\u00e1s el uso del coche en la ciudad, con lo cual se a\u00f1adir\u00e1 una nueva barrera econ\u00f3mica a las murallas que est\u00e1 levantando la crisis. \u00bfEs compatible un gobierno local de este tipo con la existencia de Nissan y Seat, y todo el entramado de industria subsidiaria? Ni el sector, ni el gobierno de Catalu\u00f1a ni el de Espa\u00f1a, en el que participan los Comunes, ni por descontado los partidos pol\u00edticos presentes en el Ayuntamiento, pueden dejar pasar todo esto como si no tuviera importancia. Por descontado las declaraciones comprometen y mucho a Collboni y al PSC, que debe exigir una rectificaci\u00f3n p\u00fablica en toda regla, porque de lo contrario ser\u00e1 c\u00f3mplice de un discurso que tiene como consecuencia facilitar los cierres patronales de esta industria, empezando por el eslab\u00f3n m\u00e1s debilitado, Nissan. La irresponsabilidad de Sanz, y de Colau, si no la rectifica p\u00fablicamente, es extraordinaria. Y del sectarismo al populismo. Una informaci\u00f3n en apariencia positiva oculta un acto populista de mucha envergadura. La noticia en una primera lectura es excelente: \u00abesta semana se repartir\u00e1n en Barcelona 20.000 lotes con productos de alimentaci\u00f3n a personas mayores, enfermos cr\u00f3nicos y pacientes de la Covid-19 que viven confinados en la capital catalana\u00bb. La iniciativa \u00abCistella contra la Covid\u00bb, coordinada por el Departament de Salut, el Ayuntamiento de Barcelona y la empresa Linesport, quiere evitar que las personas m\u00e1s vulnerables tengan que salir a hacer la compra, reduciendo as\u00ed el posible riesgo de contagio. La iniciativa prioriza a aquellas personas que no disponen de una red familiar o vecinal que les pueda hacer la compra. En la pr\u00e1ctica esto se traduce en que los lotes llegan a muchas personas que no los necesitan, porque si bien viven solas, cuentan con medios econ\u00f3micos sobrados, y con hijos y familiares que los atienden, aunque ni vivan con ellos, ni en el barrio. La raz\u00f3n es muy simple: el Ayuntamiento no ha indagado, ni la renta, ni conoce la situaci\u00f3n de cada persona a la que distribuye la ayuda. A una parte s\u00ed, pero no a toda. Resultado: estos paquetes llegar\u00e1n a personas que no los necesitan mientras que a otras personas, a las que le ser\u00edan de gran ayuda, y no necesariamente gente mayor, no recibir\u00e1n nada. Los recursos son escasos, y no pueden utilizarse para labrar operaciones de imagen. Familias con hijos, los m\u00e1s afectados, en la m\u00e1s absoluta de las miserias, como C\u00e1ritas conoce bien, inmigrantes que viven en condiciones terribles, la gente sin hogar, los homeless que han visto desaparecer la gente de la calle, hay tantas personas que se encuentran en la penuria que esta distribuci\u00f3n de la \u201cCistella\u201d se inscribe en el debe de la injusticia y el mal uso de los recursos. M\u00e1s informaci\u00f3n sobre el coronavirus en ESPECIAL CORONAVIRUS &nbsp;<\/p>\n","protected":false},"author":2,"featured_media":35380,"comment_status":"open","ping_status":"open","sticky":false,"template":"","format":"standard","meta":{"_FSMCFIC_featured_image_caption":"","_FSMCFIC_featured_image_nocaption":"","_FSMCFIC_featured_image_hide":"","footnotes":""},"categories":[1772,806],"tags":[833,1504,2049],"class_list":["post-35379","post","type-post","status-publish","format-standard","has-post-thumbnail","hentry","category-especial-coronavirus-es","category-punts-claus-del-dia-es","tag-ada-colau-es","tag-coronavirus-es","tag-medidas-coronavirus"],"yoast_head":"<!-- This site is optimized with the Yoast SEO plugin v26.8 - https:\/\/yoast.com\/product\/yoast-seo-wordpress\/ -->\n<title>Barcelona: \u00cdbamos bien, pero\u2026 vuelven los excesos a &quot;La Casa Gran&quot; - Converses a Catalunya<\/title>\n<meta name=\"description\" content=\"Colau y su gobierno municipal parec\u00eda que hab\u00edan encontrado el tono y la forma, precisamente en una situaci\u00f3n tan dif\u00edcil como la que vivimos\" \/>\n<meta name=\"robots\" content=\"index, follow, max-snippet:-1, max-image-preview:large, max-video-preview:-1\" \/>\n<link rel=\"canonical\" href=\"https:\/\/conversesacatalunya.cat\/es\/barcelona-ibamos-bien-pero-vuelven-los-excesos-a-la-casa-gran\/\" \/>\n<meta property=\"og:locale\" content=\"es_ES\" \/>\n<meta property=\"og:type\" content=\"article\" \/>\n<meta property=\"og:title\" content=\"Barcelona: \u00cdbamos bien, pero\u2026 vuelven los excesos a &quot;La Casa Gran&quot; - Converses a Catalunya\" \/>\n<meta property=\"og:description\" content=\"Colau y su gobierno municipal parec\u00eda que hab\u00edan encontrado el tono y la forma, precisamente en una situaci\u00f3n tan dif\u00edcil como la que vivimos\" \/>\n<meta property=\"og:url\" content=\"https:\/\/conversesacatalunya.cat\/es\/barcelona-ibamos-bien-pero-vuelven-los-excesos-a-la-casa-gran\/\" \/>\n<meta property=\"og:site_name\" content=\"Converses a Catalunya\" \/>\n<meta property=\"article:published_time\" content=\"2020-04-24T10:06:01+00:00\" \/>\n<meta property=\"og:image\" content=\"https:\/\/conversesacatalunya.cat\/wp-content\/uploads\/2020\/04\/cistella-32.jpg\" \/>\n\t<meta property=\"og:image:width\" content=\"400\" \/>\n\t<meta property=\"og:image:height\" content=\"375\" \/>\n\t<meta property=\"og:image:type\" content=\"image\/jpeg\" \/>\n<meta name=\"author\" content=\"conversesacatalunya\" \/>\n<meta name=\"twitter:card\" content=\"summary_large_image\" \/>\n<meta name=\"twitter:label1\" content=\"Escrito por\" \/>\n\t<meta name=\"twitter:data1\" content=\"conversesacatalunya\" \/>\n\t<meta name=\"twitter:label2\" content=\"Tiempo de lectura\" \/>\n\t<meta name=\"twitter:data2\" content=\"5 minutos\" \/>\n<script type=\"application\/ld+json\" class=\"yoast-schema-graph\">{\"@context\":\"https:\/\/schema.org\",\"@graph\":[{\"@type\":\"Article\",\"@id\":\"https:\/\/conversesacatalunya.cat\/es\/barcelona-ibamos-bien-pero-vuelven-los-excesos-a-la-casa-gran\/#article\",\"isPartOf\":{\"@id\":\"https:\/\/conversesacatalunya.cat\/es\/barcelona-ibamos-bien-pero-vuelven-los-excesos-a-la-casa-gran\/\"},\"author\":{\"name\":\"conversesacatalunya\",\"@id\":\"https:\/\/conversesacatalunya.cat\/#\/schema\/person\/7e24d1e54a2785373ddcb275eae5ed99\"},\"headline\":\"Barcelona: \u00cdbamos bien, pero\u2026 vuelven los excesos a \u00abLa Casa Gran\u00bb\",\"datePublished\":\"2020-04-24T10:06:01+00:00\",\"mainEntityOfPage\":{\"@id\":\"https:\/\/conversesacatalunya.cat\/es\/barcelona-ibamos-bien-pero-vuelven-los-excesos-a-la-casa-gran\/\"},\"wordCount\":1044,\"commentCount\":0,\"image\":{\"@id\":\"https:\/\/conversesacatalunya.cat\/es\/barcelona-ibamos-bien-pero-vuelven-los-excesos-a-la-casa-gran\/#primaryimage\"},\"thumbnailUrl\":\"https:\/\/conversesacatalunya.cat\/wp-content\/uploads\/2020\/04\/cistella-32.jpg\",\"keywords\":[\"Ada Colau\",\"coronavirus\",\"medidas coronavirus\"],\"articleSection\":[\"Especial Coronavirus (ES)\",\"Punts clau del dia (ES)\"],\"inLanguage\":\"es\",\"potentialAction\":[{\"@type\":\"CommentAction\",\"name\":\"Comment\",\"target\":[\"https:\/\/conversesacatalunya.cat\/es\/barcelona-ibamos-bien-pero-vuelven-los-excesos-a-la-casa-gran\/#respond\"]}]},{\"@type\":\"WebPage\",\"@id\":\"https:\/\/conversesacatalunya.cat\/es\/barcelona-ibamos-bien-pero-vuelven-los-excesos-a-la-casa-gran\/\",\"url\":\"https:\/\/conversesacatalunya.cat\/es\/barcelona-ibamos-bien-pero-vuelven-los-excesos-a-la-casa-gran\/\",\"name\":\"Barcelona: \u00cdbamos bien, pero\u2026 vuelven los excesos a \\\"La Casa Gran\\\" - Converses a Catalunya\",\"isPartOf\":{\"@id\":\"https:\/\/conversesacatalunya.cat\/#website\"},\"primaryImageOfPage\":{\"@id\":\"https:\/\/conversesacatalunya.cat\/es\/barcelona-ibamos-bien-pero-vuelven-los-excesos-a-la-casa-gran\/#primaryimage\"},\"image\":{\"@id\":\"https:\/\/conversesacatalunya.cat\/es\/barcelona-ibamos-bien-pero-vuelven-los-excesos-a-la-casa-gran\/#primaryimage\"},\"thumbnailUrl\":\"https:\/\/conversesacatalunya.cat\/wp-content\/uploads\/2020\/04\/cistella-32.jpg\",\"datePublished\":\"2020-04-24T10:06:01+00:00\",\"author\":{\"@id\":\"https:\/\/conversesacatalunya.cat\/#\/schema\/person\/7e24d1e54a2785373ddcb275eae5ed99\"},\"description\":\"Colau y su gobierno municipal parec\u00eda que hab\u00edan encontrado el tono y la forma, precisamente en una situaci\u00f3n tan dif\u00edcil como la que vivimos\",\"breadcrumb\":{\"@id\":\"https:\/\/conversesacatalunya.cat\/es\/barcelona-ibamos-bien-pero-vuelven-los-excesos-a-la-casa-gran\/#breadcrumb\"},\"inLanguage\":\"es\",\"potentialAction\":[{\"@type\":\"ReadAction\",\"target\":[\"https:\/\/conversesacatalunya.cat\/es\/barcelona-ibamos-bien-pero-vuelven-los-excesos-a-la-casa-gran\/\"]}]},{\"@type\":\"ImageObject\",\"inLanguage\":\"es\",\"@id\":\"https:\/\/conversesacatalunya.cat\/es\/barcelona-ibamos-bien-pero-vuelven-los-excesos-a-la-casa-gran\/#primaryimage\",\"url\":\"https:\/\/conversesacatalunya.cat\/wp-content\/uploads\/2020\/04\/cistella-32.jpg\",\"contentUrl\":\"https:\/\/conversesacatalunya.cat\/wp-content\/uploads\/2020\/04\/cistella-32.jpg\",\"width\":400,\"height\":375,\"caption\":\"Colau\"},{\"@type\":\"BreadcrumbList\",\"@id\":\"https:\/\/conversesacatalunya.cat\/es\/barcelona-ibamos-bien-pero-vuelven-los-excesos-a-la-casa-gran\/#breadcrumb\",\"itemListElement\":[{\"@type\":\"ListItem\",\"position\":1,\"name\":\"Inici\",\"item\":\"https:\/\/conversesacatalunya.cat\/es\/\"},{\"@type\":\"ListItem\",\"position\":2,\"name\":\"Barcelona: \u00cdbamos bien, pero\u2026 vuelven los excesos a \u00abLa Casa Gran\u00bb\"}]},{\"@type\":\"WebSite\",\"@id\":\"https:\/\/conversesacatalunya.cat\/#website\",\"url\":\"https:\/\/conversesacatalunya.cat\/\",\"name\":\"Converses a Catalunya\",\"description\":\"\",\"potentialAction\":[{\"@type\":\"SearchAction\",\"target\":{\"@type\":\"EntryPoint\",\"urlTemplate\":\"https:\/\/conversesacatalunya.cat\/?s={search_term_string}\"},\"query-input\":{\"@type\":\"PropertyValueSpecification\",\"valueRequired\":true,\"valueName\":\"search_term_string\"}}],\"inLanguage\":\"es\"},{\"@type\":\"Person\",\"@id\":\"https:\/\/conversesacatalunya.cat\/#\/schema\/person\/7e24d1e54a2785373ddcb275eae5ed99\",\"name\":\"conversesacatalunya\",\"image\":{\"@type\":\"ImageObject\",\"inLanguage\":\"es\",\"@id\":\"https:\/\/conversesacatalunya.cat\/#\/schema\/person\/image\/\",\"url\":\"https:\/\/conversesacatalunya.cat\/wp-content\/litespeed\/avatar\/febdfeeec89d950f01c748045a981dd2.jpg?ver=1777314535\",\"contentUrl\":\"https:\/\/conversesacatalunya.cat\/wp-content\/litespeed\/avatar\/febdfeeec89d950f01c748045a981dd2.jpg?ver=1777314535\",\"caption\":\"conversesacatalunya\"},\"url\":\"https:\/\/conversesacatalunya.cat\/es\/author\/carme_catala\/\"}]}<\/script>\n<!-- \/ Yoast SEO plugin. -->","yoast_head_json":{"title":"Barcelona: \u00cdbamos bien, pero\u2026 vuelven los excesos a \"La Casa Gran\" - Converses a Catalunya","description":"Colau y su gobierno municipal parec\u00eda que hab\u00edan encontrado el tono y la forma, precisamente en una situaci\u00f3n tan dif\u00edcil como la que vivimos","robots":{"index":"index","follow":"follow","max-snippet":"max-snippet:-1","max-image-preview":"max-image-preview:large","max-video-preview":"max-video-preview:-1"},"canonical":"https:\/\/conversesacatalunya.cat\/es\/barcelona-ibamos-bien-pero-vuelven-los-excesos-a-la-casa-gran\/","og_locale":"es_ES","og_type":"article","og_title":"Barcelona: \u00cdbamos bien, pero\u2026 vuelven los excesos a \"La Casa Gran\" - Converses a Catalunya","og_description":"Colau y su gobierno municipal parec\u00eda que hab\u00edan encontrado el tono y la forma, precisamente en una situaci\u00f3n tan dif\u00edcil como la que vivimos","og_url":"https:\/\/conversesacatalunya.cat\/es\/barcelona-ibamos-bien-pero-vuelven-los-excesos-a-la-casa-gran\/","og_site_name":"Converses a Catalunya","article_published_time":"2020-04-24T10:06:01+00:00","og_image":[{"width":400,"height":375,"url":"https:\/\/conversesacatalunya.cat\/wp-content\/uploads\/2020\/04\/cistella-32.jpg","type":"image\/jpeg"}],"author":"conversesacatalunya","twitter_card":"summary_large_image","twitter_misc":{"Escrito por":"conversesacatalunya","Tiempo de lectura":"5 minutos"},"schema":{"@context":"https:\/\/schema.org","@graph":[{"@type":"Article","@id":"https:\/\/conversesacatalunya.cat\/es\/barcelona-ibamos-bien-pero-vuelven-los-excesos-a-la-casa-gran\/#article","isPartOf":{"@id":"https:\/\/conversesacatalunya.cat\/es\/barcelona-ibamos-bien-pero-vuelven-los-excesos-a-la-casa-gran\/"},"author":{"name":"conversesacatalunya","@id":"https:\/\/conversesacatalunya.cat\/#\/schema\/person\/7e24d1e54a2785373ddcb275eae5ed99"},"headline":"Barcelona: \u00cdbamos bien, pero\u2026 vuelven los excesos a \u00abLa Casa Gran\u00bb","datePublished":"2020-04-24T10:06:01+00:00","mainEntityOfPage":{"@id":"https:\/\/conversesacatalunya.cat\/es\/barcelona-ibamos-bien-pero-vuelven-los-excesos-a-la-casa-gran\/"},"wordCount":1044,"commentCount":0,"image":{"@id":"https:\/\/conversesacatalunya.cat\/es\/barcelona-ibamos-bien-pero-vuelven-los-excesos-a-la-casa-gran\/#primaryimage"},"thumbnailUrl":"https:\/\/conversesacatalunya.cat\/wp-content\/uploads\/2020\/04\/cistella-32.jpg","keywords":["Ada Colau","coronavirus","medidas coronavirus"],"articleSection":["Especial Coronavirus (ES)","Punts clau del dia (ES)"],"inLanguage":"es","potentialAction":[{"@type":"CommentAction","name":"Comment","target":["https:\/\/conversesacatalunya.cat\/es\/barcelona-ibamos-bien-pero-vuelven-los-excesos-a-la-casa-gran\/#respond"]}]},{"@type":"WebPage","@id":"https:\/\/conversesacatalunya.cat\/es\/barcelona-ibamos-bien-pero-vuelven-los-excesos-a-la-casa-gran\/","url":"https:\/\/conversesacatalunya.cat\/es\/barcelona-ibamos-bien-pero-vuelven-los-excesos-a-la-casa-gran\/","name":"Barcelona: \u00cdbamos bien, pero\u2026 vuelven los excesos a \"La Casa Gran\" - Converses a Catalunya","isPartOf":{"@id":"https:\/\/conversesacatalunya.cat\/#website"},"primaryImageOfPage":{"@id":"https:\/\/conversesacatalunya.cat\/es\/barcelona-ibamos-bien-pero-vuelven-los-excesos-a-la-casa-gran\/#primaryimage"},"image":{"@id":"https:\/\/conversesacatalunya.cat\/es\/barcelona-ibamos-bien-pero-vuelven-los-excesos-a-la-casa-gran\/#primaryimage"},"thumbnailUrl":"https:\/\/conversesacatalunya.cat\/wp-content\/uploads\/2020\/04\/cistella-32.jpg","datePublished":"2020-04-24T10:06:01+00:00","author":{"@id":"https:\/\/conversesacatalunya.cat\/#\/schema\/person\/7e24d1e54a2785373ddcb275eae5ed99"},"description":"Colau y su gobierno municipal parec\u00eda que hab\u00edan encontrado el tono y la forma, precisamente en una situaci\u00f3n tan dif\u00edcil como la que vivimos","breadcrumb":{"@id":"https:\/\/conversesacatalunya.cat\/es\/barcelona-ibamos-bien-pero-vuelven-los-excesos-a-la-casa-gran\/#breadcrumb"},"inLanguage":"es","potentialAction":[{"@type":"ReadAction","target":["https:\/\/conversesacatalunya.cat\/es\/barcelona-ibamos-bien-pero-vuelven-los-excesos-a-la-casa-gran\/"]}]},{"@type":"ImageObject","inLanguage":"es","@id":"https:\/\/conversesacatalunya.cat\/es\/barcelona-ibamos-bien-pero-vuelven-los-excesos-a-la-casa-gran\/#primaryimage","url":"https:\/\/conversesacatalunya.cat\/wp-content\/uploads\/2020\/04\/cistella-32.jpg","contentUrl":"https:\/\/conversesacatalunya.cat\/wp-content\/uploads\/2020\/04\/cistella-32.jpg","width":400,"height":375,"caption":"Colau"},{"@type":"BreadcrumbList","@id":"https:\/\/conversesacatalunya.cat\/es\/barcelona-ibamos-bien-pero-vuelven-los-excesos-a-la-casa-gran\/#breadcrumb","itemListElement":[{"@type":"ListItem","position":1,"name":"Inici","item":"https:\/\/conversesacatalunya.cat\/es\/"},{"@type":"ListItem","position":2,"name":"Barcelona: \u00cdbamos bien, pero\u2026 vuelven los excesos a \u00abLa Casa Gran\u00bb"}]},{"@type":"WebSite","@id":"https:\/\/conversesacatalunya.cat\/#website","url":"https:\/\/conversesacatalunya.cat\/","name":"Converses a Catalunya","description":"","potentialAction":[{"@type":"SearchAction","target":{"@type":"EntryPoint","urlTemplate":"https:\/\/conversesacatalunya.cat\/?s={search_term_string}"},"query-input":{"@type":"PropertyValueSpecification","valueRequired":true,"valueName":"search_term_string"}}],"inLanguage":"es"},{"@type":"Person","@id":"https:\/\/conversesacatalunya.cat\/#\/schema\/person\/7e24d1e54a2785373ddcb275eae5ed99","name":"conversesacatalunya","image":{"@type":"ImageObject","inLanguage":"es","@id":"https:\/\/conversesacatalunya.cat\/#\/schema\/person\/image\/","url":"https:\/\/conversesacatalunya.cat\/wp-content\/litespeed\/avatar\/febdfeeec89d950f01c748045a981dd2.jpg?ver=1777314535","contentUrl":"https:\/\/conversesacatalunya.cat\/wp-content\/litespeed\/avatar\/febdfeeec89d950f01c748045a981dd2.jpg?ver=1777314535","caption":"conversesacatalunya"},"url":"https:\/\/conversesacatalunya.cat\/es\/author\/carme_catala\/"}]}},"wps_subtitle":"Colau y su gobierno municipal parec\u00eda que hab\u00edan encontrado el tono y la forma, precisamente en una situaci\u00f3n tan dif\u00edcil como la que vivimos","_links":{"self":[{"href":"https:\/\/conversesacatalunya.cat\/es\/wp-json\/wp\/v2\/posts\/35379","targetHints":{"allow":["GET"]}}],"collection":[{"href":"https:\/\/conversesacatalunya.cat\/es\/wp-json\/wp\/v2\/posts"}],"about":[{"href":"https:\/\/conversesacatalunya.cat\/es\/wp-json\/wp\/v2\/types\/post"}],"author":[{"embeddable":true,"href":"https:\/\/conversesacatalunya.cat\/es\/wp-json\/wp\/v2\/users\/2"}],"replies":[{"embeddable":true,"href":"https:\/\/conversesacatalunya.cat\/es\/wp-json\/wp\/v2\/comments?post=35379"}],"version-history":[{"count":1,"href":"https:\/\/conversesacatalunya.cat\/es\/wp-json\/wp\/v2\/posts\/35379\/revisions"}],"predecessor-version":[{"id":35382,"href":"https:\/\/conversesacatalunya.cat\/es\/wp-json\/wp\/v2\/posts\/35379\/revisions\/35382"}],"wp:featuredmedia":[{"embeddable":true,"href":"https:\/\/conversesacatalunya.cat\/es\/wp-json\/wp\/v2\/media\/35380"}],"wp:attachment":[{"href":"https:\/\/conversesacatalunya.cat\/es\/wp-json\/wp\/v2\/media?parent=35379"}],"wp:term":[{"taxonomy":"category","embeddable":true,"href":"https:\/\/conversesacatalunya.cat\/es\/wp-json\/wp\/v2\/categories?post=35379"},{"taxonomy":"post_tag","embeddable":true,"href":"https:\/\/conversesacatalunya.cat\/es\/wp-json\/wp\/v2\/tags?post=35379"}],"curies":[{"name":"wp","href":"https:\/\/api.w.org\/{rel}","templated":true}]}}