{"id":35343,"date":"2020-04-23T12:28:52","date_gmt":"2020-04-23T10:28:52","guid":{"rendered":"https:\/\/conversesacatalunya.cat\/?p=35343"},"modified":"2020-04-23T12:28:52","modified_gmt":"2020-04-23T10:28:52","slug":"la-vida-politica-catalana-sigue-siendo-fuente-de-malas-noticias-3-canadell-alcalde-de-badalona","status":"publish","type":"post","link":"https:\/\/conversesacatalunya.cat\/es\/la-vida-politica-catalana-sigue-siendo-fuente-de-malas-noticias-3-canadell-alcalde-de-badalona\/","title":{"rendered":"La vida pol\u00edtica catalana sigue siendo fuente de malas noticias: 3%, Canadell, alcalde de Badalona"},"content":{"rendered":"<p>La poblaci\u00f3n de Catalu\u00f1a est\u00e1 teniendo un comportamiento ejemplar en esta cat\u00e1strofe que significa la pandemia.\u00a0 La solidaridad ciudadana, los esfuerzos de los profesionales que se encuentran en primera l\u00ednea de la crisis, el cumplimiento ejemplar del confinamiento m\u00e1s duro del mundo, con la excepci\u00f3n del aplicado en China, el empuje y el ingenio de los empresarios para salir lo mejor parados posibles de estas situaci\u00f3n desconocida, todo ello, <strong>no tiene un correlato equivalente<\/strong> <strong>en nuestra vida p\u00fablica<\/strong>, en la dimensi\u00f3n pol\u00edtica.<\/p>\n<p>En solo en 24 horas se han producir tres hechos que reiteran algo que conocemos: nuestros profesionales de la pol\u00edtica y cargos p\u00fablicos <strong>no est\u00e1n, en demasiadas ocasiones, a la altura m\u00ednima<\/strong> a la que nuestra sociedad tiene derecho. Hoy se constata una vez m\u00e1s.<\/p>\n<p>Por una parte, el juez de la Audiencia Nacional <strong>Jos\u00e9 de la Mata<\/strong> ha citado como imputados por la causa del 3% a 4 exconsejeros de Convergencia Democr\u00e1tica, concretamente Jordi Jan\u00e9, Felip Puig, Irene Rigau y Pere Macias. Los motivos se remontan a una d\u00e9cada atr\u00e1s, entre los a\u00f1os 2.009 y 2010. La interlocutoria establece que existen suficientes indicios para afirmar que altos cargos de aquel partido estuvieron confabulados con cargos p\u00fablicos y funcionarios de las distintas administraciones, a fin de poner en marcha una estructura para financiar el partido de manera ilegal y encubierta.<\/p>\n<p>Hay que recordar que en el 2010 Artur Mas inici\u00f3 su mandato que durar\u00eda hasta el 2016. Tambi\u00e9n se investiga al exalcalde de Lloret de Mar, Xavier Crespo, a la alcaldesa de Calella, Montserrat Candini, al expresidente del Cesicat, Carles Flamerich, al dirigente de CDC, Marc Guerrero, al expresidente del F\u00f3rum Barcelona, V\u00edctor Vila, al exportavoz de CDC en la Diputaci\u00f3n de Barcelona, Jordi Molt\u00f3, a la exdiputada al Parlament, Gloria Renom y al exconcejal de Barcelona, Eduard Freixedes.<\/p>\n<p>En la actualidad, tanto Macias como Puig est\u00e1n vinculados a la concesionaria de los tranv\u00edas de Barcelona, y en concreto, el primero fue elegido por <strong>Ada Colau<\/strong> para pilotar su proyecto estrella del tranv\u00eda por la Diagonal de Barcelona. Naturalmente, la imputaci\u00f3n no significa ni mucho menos culpabilidad y debe prevalecer en todo caso la presunci\u00f3n de inocencia.<\/p>\n<p>El segundo dato negativo sobre el que ya inform\u00f3 ayer Conversas a Catalu\u00f1a es la <a href=\"https:\/\/conversesacatalunya.cat\/es\/el-escandalo-del-dimisionario-alcalde-de-badalona\/\" target=\"_blank\" rel=\"noopener noreferrer\">detenci\u00f3n primero y la dimisi\u00f3n despu\u00e9s<\/a>, del alcalde de Badalona, <strong>\u00c0lex Pastor <\/strong>al ser detenido por la polic\u00eda por saltarse el confinamiento, y sobre todo, por conducir con evidentes s\u00edntomas de embriaguez. A este hecho se le uni\u00f3 la resistencia que ofreci\u00f3 a los Mossos d\u2019Esquadra para evitar ser detenido. El Partido Socialista, del que era miembro en su doble condici\u00f3n de concejal y alcalde de la tercera poblaci\u00f3n de Catalu\u00f1a, ya lo ha excluido de sus filas.<\/p>\n<p>Finalmente, las impresentables declaraciones de <strong>Joan Canadell<\/strong> quien literalmente afirm\u00f3 que Espa\u00f1a es \u201cparo y muerte\u201d y \u201cCatalu\u00f1a vida y futuro\u201d, despu\u00e9s de asegurar que una \u201cCatalu\u00f1a independiente habr\u00eda salvado miles de vidas\u201d. La declaraci\u00f3n es de una demagogia impresentable y ofensiva para los espa\u00f1oles, y buena parte de los catalanes que no se sienten representados por estos exabruptos, m\u00e1s cuando la Generalitat, que posee amplias competencias, ha mostrado una ineficacia considerable en muchas de sus actuaciones. De hecho, est\u00e1 pendiente de indagaci\u00f3n <strong>por qu\u00e9 la mortalidad ha sido tan elevada<\/strong>, y por qu\u00e9 se ha actuado tan tarde y tan mal en las residencias de gente mayor.<\/p>\n<p>Si la cuesti\u00f3n se mide en muertos, el Gobierno de Torra se lleva una palma y no es ciertamente honor\u00edfica. Pero adem\u00e1s, es que Canadell es el presidente de la Cambra de Comer\u00e7 de Barcelona, y se presupone que su misi\u00f3n es procurar ayudar a la salida de la dif\u00edcil situaci\u00f3n econ\u00f3mica que la pandemia ha creado en el pa\u00eds y en concreto en el \u00e1rea de Barcelona, que, a pesar de su peso industrial, <a href=\"https:\/\/conversesacatalunya.cat\/es\/hostaleria-la-facturacio-pot-caure-fins-al-40\/\" target=\"_blank\" rel=\"noopener noreferrer\"><strong>depende en buena medida del turismo<\/strong><\/a>\u00a0que ha venido acudiendo masivamente a la capital, y todas las actividades comerciales a \u00e9l conexas.<\/p>\n<p>Ahora esta pr\u00e1ctica econ\u00f3mica est\u00e1 en riesgo de quiebra y su recuperaci\u00f3n puede ser lenta y va a depender en gran medida del <strong>turismo de proximidad<\/strong>. Barcelona, en el mejor de los casos, va a necesitar del visitante procedente de otros lugares de Espa\u00f1a, y es obvio que teniendo encargos de tanta responsabilidad a personas como Joan Ca\u00f1adell y sus declaraciones, lo que menos va a despertar son simpat\u00edas y ganas de visitarnos. El actual presidente de la Cambra de Comer\u00e7 forma parte de este grupo de personajes que confunden la pol\u00edtica con el disparar a los pies de los catalanes.<\/p>\n<span class='bctt-click-to-tweet'><span class='bctt-ctt-text'><a href='https:\/\/twitter.com\/intent\/tweet?url=https%3A%2F%2Fconversesacatalunya.cat%2Fes%2Fla-vida-politica-catalana-sigue-siendo-fuente-de-malas-noticias-3-canadell-alcalde-de-badalona%2F&#038;text=Nuestros%20profesionales%20de%20la%20pol%C3%ADtica%20y%20cargos%20p%C3%BAblicos%20no%20est%C3%A1n%2C%20en%20demasiadas%20ocasiones%2C%20a%20la%20altura%20m%C3%ADnima%20a%20la%20que%20nuestra%20sociedad%20tiene%20derecho&#038;via=conversesacat&#038;related=conversesacat' target='_blank'rel=\"noopener noreferrer\">Nuestros profesionales de la pol\u00edtica y cargos p\u00fablicos no est\u00e1n, en demasiadas ocasiones, a la altura m\u00ednima a la que nuestra sociedad tiene derecho <\/a><\/span><a href='https:\/\/twitter.com\/intent\/tweet?url=https%3A%2F%2Fconversesacatalunya.cat%2Fes%2Fla-vida-politica-catalana-sigue-siendo-fuente-de-malas-noticias-3-canadell-alcalde-de-badalona%2F&#038;text=Nuestros%20profesionales%20de%20la%20pol%C3%ADtica%20y%20cargos%20p%C3%BAblicos%20no%20est%C3%A1n%2C%20en%20demasiadas%20ocasiones%2C%20a%20la%20altura%20m%C3%ADnima%20a%20la%20que%20nuestra%20sociedad%20tiene%20derecho&#038;via=conversesacat&#038;related=conversesacat' target='_blank' class='bctt-ctt-btn'rel=\"noopener noreferrer\">Compartir en X<\/a><\/span>\n","protected":false},"excerpt":{"rendered":"<p>La poblaci\u00f3n de Catalu\u00f1a est\u00e1 teniendo un comportamiento ejemplar en esta cat\u00e1strofe que significa la pandemia.\u00a0 La solidaridad ciudadana, los esfuerzos de los profesionales que se encuentran en primera l\u00ednea de la crisis, el cumplimiento ejemplar del confinamiento m\u00e1s duro del mundo, con la excepci\u00f3n del aplicado en China, el empuje y el ingenio de los empresarios para salir lo mejor parados posibles de estas situaci\u00f3n desconocida, todo ello, no tiene un correlato equivalente en nuestra vida p\u00fablica, en la dimensi\u00f3n pol\u00edtica. En solo en 24 horas se han producir tres hechos que reiteran algo que conocemos: nuestros profesionales de la pol\u00edtica y cargos p\u00fablicos no est\u00e1n, en demasiadas ocasiones, a la altura m\u00ednima a la que nuestra sociedad tiene derecho. Hoy se constata una vez m\u00e1s. Por una parte, el juez de la Audiencia Nacional Jos\u00e9 de la Mata ha citado como imputados por la causa del 3% a 4 exconsejeros de Convergencia Democr\u00e1tica, concretamente Jordi Jan\u00e9, Felip Puig, Irene Rigau y Pere Macias. Los motivos se remontan a una d\u00e9cada atr\u00e1s, entre los a\u00f1os 2.009 y 2010. La interlocutoria establece que existen suficientes indicios para afirmar que altos cargos de aquel partido estuvieron confabulados con cargos p\u00fablicos y funcionarios de las distintas administraciones, a fin de poner en marcha una estructura para financiar el partido de manera ilegal y encubierta. Hay que recordar que en el 2010 Artur Mas inici\u00f3 su mandato que durar\u00eda hasta el 2016. Tambi\u00e9n se investiga al exalcalde de Lloret de Mar, Xavier Crespo, a la alcaldesa de Calella, Montserrat Candini, al expresidente del Cesicat, Carles Flamerich, al dirigente de CDC, Marc Guerrero, al expresidente del F\u00f3rum Barcelona, V\u00edctor Vila, al exportavoz de CDC en la Diputaci\u00f3n de Barcelona, Jordi Molt\u00f3, a la exdiputada al Parlament, Gloria Renom y al exconcejal de Barcelona, Eduard Freixedes. En la actualidad, tanto Macias como Puig est\u00e1n vinculados a la concesionaria de los tranv\u00edas de Barcelona, y en concreto, el primero fue elegido por Ada Colau para pilotar su proyecto estrella del tranv\u00eda por la Diagonal de Barcelona. Naturalmente, la imputaci\u00f3n no significa ni mucho menos culpabilidad y debe prevalecer en todo caso la presunci\u00f3n de inocencia. El segundo dato negativo sobre el que ya inform\u00f3 ayer Conversas a Catalu\u00f1a es la detenci\u00f3n primero y la dimisi\u00f3n despu\u00e9s, del alcalde de Badalona, \u00c0lex Pastor al ser detenido por la polic\u00eda por saltarse el confinamiento, y sobre todo, por conducir con evidentes s\u00edntomas de embriaguez. A este hecho se le uni\u00f3 la resistencia que ofreci\u00f3 a los Mossos d\u2019Esquadra para evitar ser detenido. El Partido Socialista, del que era miembro en su doble condici\u00f3n de concejal y alcalde de la tercera poblaci\u00f3n de Catalu\u00f1a, ya lo ha excluido de sus filas. Finalmente, las impresentables declaraciones de Joan Canadell quien literalmente afirm\u00f3 que Espa\u00f1a es \u201cparo y muerte\u201d y \u201cCatalu\u00f1a vida y futuro\u201d, despu\u00e9s de asegurar que una \u201cCatalu\u00f1a independiente habr\u00eda salvado miles de vidas\u201d. La declaraci\u00f3n es de una demagogia impresentable y ofensiva para los espa\u00f1oles, y buena parte de los catalanes que no se sienten representados por estos exabruptos, m\u00e1s cuando la Generalitat, que posee amplias competencias, ha mostrado una ineficacia considerable en muchas de sus actuaciones. De hecho, est\u00e1 pendiente de indagaci\u00f3n por qu\u00e9 la mortalidad ha sido tan elevada, y por qu\u00e9 se ha actuado tan tarde y tan mal en las residencias de gente mayor. Si la cuesti\u00f3n se mide en muertos, el Gobierno de Torra se lleva una palma y no es ciertamente honor\u00edfica. Pero adem\u00e1s, es que Canadell es el presidente de la Cambra de Comer\u00e7 de Barcelona, y se presupone que su misi\u00f3n es procurar ayudar a la salida de la dif\u00edcil situaci\u00f3n econ\u00f3mica que la pandemia ha creado en el pa\u00eds y en concreto en el \u00e1rea de Barcelona, que, a pesar de su peso industrial, depende en buena medida del turismo\u00a0que ha venido acudiendo masivamente a la capital, y todas las actividades comerciales a \u00e9l conexas. Ahora esta pr\u00e1ctica econ\u00f3mica est\u00e1 en riesgo de quiebra y su recuperaci\u00f3n puede ser lenta y va a depender en gran medida del turismo de proximidad. Barcelona, en el mejor de los casos, va a necesitar del visitante procedente de otros lugares de Espa\u00f1a, y es obvio que teniendo encargos de tanta responsabilidad a personas como Joan Ca\u00f1adell y sus declaraciones, lo que menos va a despertar son simpat\u00edas y ganas de visitarnos. El actual presidente de la Cambra de Comer\u00e7 forma parte de este grupo de personajes que confunden la pol\u00edtica con el disparar a los pies de los catalanes.<\/p>\n","protected":false},"author":2,"featured_media":35345,"comment_status":"open","ping_status":"open","sticky":false,"template":"","format":"standard","meta":{"_FSMCFIC_featured_image_caption":"","_FSMCFIC_featured_image_nocaption":"","_FSMCFIC_featured_image_hide":"","footnotes":""},"categories":[806],"tags":[1504,1156,2231],"class_list":["post-35343","post","type-post","status-publish","format-standard","has-post-thumbnail","hentry","category-punts-claus-del-dia-es","tag-coronavirus-es","tag-politica-catalana-es","tag-turismo"],"yoast_head":"<!-- This site is optimized with the Yoast SEO plugin v26.8 - https:\/\/yoast.com\/product\/yoast-seo-wordpress\/ -->\n<title>La vida pol\u00edtica catalana sigue siendo fuente de malas noticias: 3%, Canadell, alcalde de Badalona - Converses a Catalunya<\/title>\n<meta name=\"robots\" content=\"index, follow, max-snippet:-1, max-image-preview:large, max-video-preview:-1\" \/>\n<link rel=\"canonical\" href=\"https:\/\/conversesacatalunya.cat\/es\/la-vida-politica-catalana-sigue-siendo-fuente-de-malas-noticias-3-canadell-alcalde-de-badalona\/\" \/>\n<meta property=\"og:locale\" content=\"es_ES\" \/>\n<meta property=\"og:type\" content=\"article\" \/>\n<meta property=\"og:title\" content=\"La vida pol\u00edtica catalana sigue siendo fuente de malas noticias: 3%, Canadell, alcalde de Badalona - Converses a Catalunya\" \/>\n<meta property=\"og:description\" content=\"La poblaci\u00f3n de Catalu\u00f1a est\u00e1 teniendo un comportamiento ejemplar en esta cat\u00e1strofe que significa la pandemia.\u00a0 La solidaridad ciudadana, los esfuerzos de los profesionales que se encuentran en primera l\u00ednea de la crisis, el cumplimiento ejemplar del confinamiento m\u00e1s duro del mundo, con la excepci\u00f3n del aplicado en China, el empuje y el ingenio de los empresarios para salir lo mejor parados posibles de estas situaci\u00f3n desconocida, todo ello, no tiene un correlato equivalente en nuestra vida p\u00fablica, en la dimensi\u00f3n pol\u00edtica. En solo en 24 horas se han producir tres hechos que reiteran algo que conocemos: nuestros profesionales de la pol\u00edtica y cargos p\u00fablicos no est\u00e1n, en demasiadas ocasiones, a la altura m\u00ednima a la que nuestra sociedad tiene derecho. Hoy se constata una vez m\u00e1s. Por una parte, el juez de la Audiencia Nacional Jos\u00e9 de la Mata ha citado como imputados por la causa del 3% a 4 exconsejeros de Convergencia Democr\u00e1tica, concretamente Jordi Jan\u00e9, Felip Puig, Irene Rigau y Pere Macias. Los motivos se remontan a una d\u00e9cada atr\u00e1s, entre los a\u00f1os 2.009 y 2010. La interlocutoria establece que existen suficientes indicios para afirmar que altos cargos de aquel partido estuvieron confabulados con cargos p\u00fablicos y funcionarios de las distintas administraciones, a fin de poner en marcha una estructura para financiar el partido de manera ilegal y encubierta. Hay que recordar que en el 2010 Artur Mas inici\u00f3 su mandato que durar\u00eda hasta el 2016. Tambi\u00e9n se investiga al exalcalde de Lloret de Mar, Xavier Crespo, a la alcaldesa de Calella, Montserrat Candini, al expresidente del Cesicat, Carles Flamerich, al dirigente de CDC, Marc Guerrero, al expresidente del F\u00f3rum Barcelona, V\u00edctor Vila, al exportavoz de CDC en la Diputaci\u00f3n de Barcelona, Jordi Molt\u00f3, a la exdiputada al Parlament, Gloria Renom y al exconcejal de Barcelona, Eduard Freixedes. En la actualidad, tanto Macias como Puig est\u00e1n vinculados a la concesionaria de los tranv\u00edas de Barcelona, y en concreto, el primero fue elegido por Ada Colau para pilotar su proyecto estrella del tranv\u00eda por la Diagonal de Barcelona. Naturalmente, la imputaci\u00f3n no significa ni mucho menos culpabilidad y debe prevalecer en todo caso la presunci\u00f3n de inocencia. El segundo dato negativo sobre el que ya inform\u00f3 ayer Conversas a Catalu\u00f1a es la detenci\u00f3n primero y la dimisi\u00f3n despu\u00e9s, del alcalde de Badalona, \u00c0lex Pastor al ser detenido por la polic\u00eda por saltarse el confinamiento, y sobre todo, por conducir con evidentes s\u00edntomas de embriaguez. A este hecho se le uni\u00f3 la resistencia que ofreci\u00f3 a los Mossos d\u2019Esquadra para evitar ser detenido. El Partido Socialista, del que era miembro en su doble condici\u00f3n de concejal y alcalde de la tercera poblaci\u00f3n de Catalu\u00f1a, ya lo ha excluido de sus filas. Finalmente, las impresentables declaraciones de Joan Canadell quien literalmente afirm\u00f3 que Espa\u00f1a es \u201cparo y muerte\u201d y \u201cCatalu\u00f1a vida y futuro\u201d, despu\u00e9s de asegurar que una \u201cCatalu\u00f1a independiente habr\u00eda salvado miles de vidas\u201d. La declaraci\u00f3n es de una demagogia impresentable y ofensiva para los espa\u00f1oles, y buena parte de los catalanes que no se sienten representados por estos exabruptos, m\u00e1s cuando la Generalitat, que posee amplias competencias, ha mostrado una ineficacia considerable en muchas de sus actuaciones. De hecho, est\u00e1 pendiente de indagaci\u00f3n por qu\u00e9 la mortalidad ha sido tan elevada, y por qu\u00e9 se ha actuado tan tarde y tan mal en las residencias de gente mayor. Si la cuesti\u00f3n se mide en muertos, el Gobierno de Torra se lleva una palma y no es ciertamente honor\u00edfica. Pero adem\u00e1s, es que Canadell es el presidente de la Cambra de Comer\u00e7 de Barcelona, y se presupone que su misi\u00f3n es procurar ayudar a la salida de la dif\u00edcil situaci\u00f3n econ\u00f3mica que la pandemia ha creado en el pa\u00eds y en concreto en el \u00e1rea de Barcelona, que, a pesar de su peso industrial, depende en buena medida del turismo\u00a0que ha venido acudiendo masivamente a la capital, y todas las actividades comerciales a \u00e9l conexas. Ahora esta pr\u00e1ctica econ\u00f3mica est\u00e1 en riesgo de quiebra y su recuperaci\u00f3n puede ser lenta y va a depender en gran medida del turismo de proximidad. Barcelona, en el mejor de los casos, va a necesitar del visitante procedente de otros lugares de Espa\u00f1a, y es obvio que teniendo encargos de tanta responsabilidad a personas como Joan Ca\u00f1adell y sus declaraciones, lo que menos va a despertar son simpat\u00edas y ganas de visitarnos. El actual presidente de la Cambra de Comer\u00e7 forma parte de este grupo de personajes que confunden la pol\u00edtica con el disparar a los pies de los catalanes.\" \/>\n<meta property=\"og:url\" content=\"https:\/\/conversesacatalunya.cat\/es\/la-vida-politica-catalana-sigue-siendo-fuente-de-malas-noticias-3-canadell-alcalde-de-badalona\/\" \/>\n<meta property=\"og:site_name\" content=\"Converses a Catalunya\" \/>\n<meta property=\"article:published_time\" content=\"2020-04-23T10:28:52+00:00\" \/>\n<meta property=\"og:image\" content=\"https:\/\/conversesacatalunya.cat\/wp-content\/uploads\/2020\/04\/3.jpeg\" \/>\n\t<meta property=\"og:image:width\" content=\"970\" \/>\n\t<meta property=\"og:image:height\" content=\"597\" \/>\n\t<meta property=\"og:image:type\" content=\"image\/jpeg\" \/>\n<meta name=\"author\" content=\"conversesacatalunya\" \/>\n<meta name=\"twitter:card\" content=\"summary_large_image\" \/>\n<meta name=\"twitter:label1\" content=\"Escrito por\" \/>\n\t<meta name=\"twitter:data1\" content=\"conversesacatalunya\" \/>\n\t<meta name=\"twitter:label2\" content=\"Tiempo de lectura\" \/>\n\t<meta name=\"twitter:data2\" content=\"4 minutos\" \/>\n<script type=\"application\/ld+json\" class=\"yoast-schema-graph\">{\"@context\":\"https:\/\/schema.org\",\"@graph\":[{\"@type\":\"Article\",\"@id\":\"https:\/\/conversesacatalunya.cat\/es\/la-vida-politica-catalana-sigue-siendo-fuente-de-malas-noticias-3-canadell-alcalde-de-badalona\/#article\",\"isPartOf\":{\"@id\":\"https:\/\/conversesacatalunya.cat\/es\/la-vida-politica-catalana-sigue-siendo-fuente-de-malas-noticias-3-canadell-alcalde-de-badalona\/\"},\"author\":{\"name\":\"conversesacatalunya\",\"@id\":\"https:\/\/conversesacatalunya.cat\/#\/schema\/person\/7e24d1e54a2785373ddcb275eae5ed99\"},\"headline\":\"La vida pol\u00edtica catalana sigue siendo fuente de malas noticias: 3%, Canadell, alcalde de Badalona\",\"datePublished\":\"2020-04-23T10:28:52+00:00\",\"mainEntityOfPage\":{\"@id\":\"https:\/\/conversesacatalunya.cat\/es\/la-vida-politica-catalana-sigue-siendo-fuente-de-malas-noticias-3-canadell-alcalde-de-badalona\/\"},\"wordCount\":862,\"commentCount\":0,\"image\":{\"@id\":\"https:\/\/conversesacatalunya.cat\/es\/la-vida-politica-catalana-sigue-siendo-fuente-de-malas-noticias-3-canadell-alcalde-de-badalona\/#primaryimage\"},\"thumbnailUrl\":\"https:\/\/conversesacatalunya.cat\/wp-content\/uploads\/2020\/04\/3.jpeg\",\"keywords\":[\"coronavirus\",\"Pol\u00edtica catalana\",\"Turismo\"],\"articleSection\":[\"Punts clau del dia (ES)\"],\"inLanguage\":\"es\",\"potentialAction\":[{\"@type\":\"CommentAction\",\"name\":\"Comment\",\"target\":[\"https:\/\/conversesacatalunya.cat\/es\/la-vida-politica-catalana-sigue-siendo-fuente-de-malas-noticias-3-canadell-alcalde-de-badalona\/#respond\"]}]},{\"@type\":\"WebPage\",\"@id\":\"https:\/\/conversesacatalunya.cat\/es\/la-vida-politica-catalana-sigue-siendo-fuente-de-malas-noticias-3-canadell-alcalde-de-badalona\/\",\"url\":\"https:\/\/conversesacatalunya.cat\/es\/la-vida-politica-catalana-sigue-siendo-fuente-de-malas-noticias-3-canadell-alcalde-de-badalona\/\",\"name\":\"La vida pol\u00edtica catalana sigue siendo fuente de malas noticias: 3%, Canadell, alcalde de Badalona - Converses a Catalunya\",\"isPartOf\":{\"@id\":\"https:\/\/conversesacatalunya.cat\/#website\"},\"primaryImageOfPage\":{\"@id\":\"https:\/\/conversesacatalunya.cat\/es\/la-vida-politica-catalana-sigue-siendo-fuente-de-malas-noticias-3-canadell-alcalde-de-badalona\/#primaryimage\"},\"image\":{\"@id\":\"https:\/\/conversesacatalunya.cat\/es\/la-vida-politica-catalana-sigue-siendo-fuente-de-malas-noticias-3-canadell-alcalde-de-badalona\/#primaryimage\"},\"thumbnailUrl\":\"https:\/\/conversesacatalunya.cat\/wp-content\/uploads\/2020\/04\/3.jpeg\",\"datePublished\":\"2020-04-23T10:28:52+00:00\",\"author\":{\"@id\":\"https:\/\/conversesacatalunya.cat\/#\/schema\/person\/7e24d1e54a2785373ddcb275eae5ed99\"},\"breadcrumb\":{\"@id\":\"https:\/\/conversesacatalunya.cat\/es\/la-vida-politica-catalana-sigue-siendo-fuente-de-malas-noticias-3-canadell-alcalde-de-badalona\/#breadcrumb\"},\"inLanguage\":\"es\",\"potentialAction\":[{\"@type\":\"ReadAction\",\"target\":[\"https:\/\/conversesacatalunya.cat\/es\/la-vida-politica-catalana-sigue-siendo-fuente-de-malas-noticias-3-canadell-alcalde-de-badalona\/\"]}]},{\"@type\":\"ImageObject\",\"inLanguage\":\"es\",\"@id\":\"https:\/\/conversesacatalunya.cat\/es\/la-vida-politica-catalana-sigue-siendo-fuente-de-malas-noticias-3-canadell-alcalde-de-badalona\/#primaryimage\",\"url\":\"https:\/\/conversesacatalunya.cat\/wp-content\/uploads\/2020\/04\/3.jpeg\",\"contentUrl\":\"https:\/\/conversesacatalunya.cat\/wp-content\/uploads\/2020\/04\/3.jpeg\",\"width\":970,\"height\":597,\"caption\":\"pol\u00edtica catalana\"},{\"@type\":\"BreadcrumbList\",\"@id\":\"https:\/\/conversesacatalunya.cat\/es\/la-vida-politica-catalana-sigue-siendo-fuente-de-malas-noticias-3-canadell-alcalde-de-badalona\/#breadcrumb\",\"itemListElement\":[{\"@type\":\"ListItem\",\"position\":1,\"name\":\"Inici\",\"item\":\"https:\/\/conversesacatalunya.cat\/es\/\"},{\"@type\":\"ListItem\",\"position\":2,\"name\":\"La vida pol\u00edtica catalana sigue siendo fuente de malas noticias: 3%, Canadell, alcalde de Badalona\"}]},{\"@type\":\"WebSite\",\"@id\":\"https:\/\/conversesacatalunya.cat\/#website\",\"url\":\"https:\/\/conversesacatalunya.cat\/\",\"name\":\"Converses a Catalunya\",\"description\":\"\",\"potentialAction\":[{\"@type\":\"SearchAction\",\"target\":{\"@type\":\"EntryPoint\",\"urlTemplate\":\"https:\/\/conversesacatalunya.cat\/?s={search_term_string}\"},\"query-input\":{\"@type\":\"PropertyValueSpecification\",\"valueRequired\":true,\"valueName\":\"search_term_string\"}}],\"inLanguage\":\"es\"},{\"@type\":\"Person\",\"@id\":\"https:\/\/conversesacatalunya.cat\/#\/schema\/person\/7e24d1e54a2785373ddcb275eae5ed99\",\"name\":\"conversesacatalunya\",\"image\":{\"@type\":\"ImageObject\",\"inLanguage\":\"es\",\"@id\":\"https:\/\/conversesacatalunya.cat\/#\/schema\/person\/image\/\",\"url\":\"https:\/\/conversesacatalunya.cat\/wp-content\/litespeed\/avatar\/febdfeeec89d950f01c748045a981dd2.jpg?ver=1777314535\",\"contentUrl\":\"https:\/\/conversesacatalunya.cat\/wp-content\/litespeed\/avatar\/febdfeeec89d950f01c748045a981dd2.jpg?ver=1777314535\",\"caption\":\"conversesacatalunya\"},\"url\":\"https:\/\/conversesacatalunya.cat\/es\/author\/carme_catala\/\"}]}<\/script>\n<!-- \/ Yoast SEO plugin. -->","yoast_head_json":{"title":"La vida pol\u00edtica catalana sigue siendo fuente de malas noticias: 3%, Canadell, alcalde de Badalona - Converses a Catalunya","robots":{"index":"index","follow":"follow","max-snippet":"max-snippet:-1","max-image-preview":"max-image-preview:large","max-video-preview":"max-video-preview:-1"},"canonical":"https:\/\/conversesacatalunya.cat\/es\/la-vida-politica-catalana-sigue-siendo-fuente-de-malas-noticias-3-canadell-alcalde-de-badalona\/","og_locale":"es_ES","og_type":"article","og_title":"La vida pol\u00edtica catalana sigue siendo fuente de malas noticias: 3%, Canadell, alcalde de Badalona - Converses a Catalunya","og_description":"La poblaci\u00f3n de Catalu\u00f1a est\u00e1 teniendo un comportamiento ejemplar en esta cat\u00e1strofe que significa la pandemia.\u00a0 La solidaridad ciudadana, los esfuerzos de los profesionales que se encuentran en primera l\u00ednea de la crisis, el cumplimiento ejemplar del confinamiento m\u00e1s duro del mundo, con la excepci\u00f3n del aplicado en China, el empuje y el ingenio de los empresarios para salir lo mejor parados posibles de estas situaci\u00f3n desconocida, todo ello, no tiene un correlato equivalente en nuestra vida p\u00fablica, en la dimensi\u00f3n pol\u00edtica. En solo en 24 horas se han producir tres hechos que reiteran algo que conocemos: nuestros profesionales de la pol\u00edtica y cargos p\u00fablicos no est\u00e1n, en demasiadas ocasiones, a la altura m\u00ednima a la que nuestra sociedad tiene derecho. Hoy se constata una vez m\u00e1s. Por una parte, el juez de la Audiencia Nacional Jos\u00e9 de la Mata ha citado como imputados por la causa del 3% a 4 exconsejeros de Convergencia Democr\u00e1tica, concretamente Jordi Jan\u00e9, Felip Puig, Irene Rigau y Pere Macias. Los motivos se remontan a una d\u00e9cada atr\u00e1s, entre los a\u00f1os 2.009 y 2010. La interlocutoria establece que existen suficientes indicios para afirmar que altos cargos de aquel partido estuvieron confabulados con cargos p\u00fablicos y funcionarios de las distintas administraciones, a fin de poner en marcha una estructura para financiar el partido de manera ilegal y encubierta. Hay que recordar que en el 2010 Artur Mas inici\u00f3 su mandato que durar\u00eda hasta el 2016. Tambi\u00e9n se investiga al exalcalde de Lloret de Mar, Xavier Crespo, a la alcaldesa de Calella, Montserrat Candini, al expresidente del Cesicat, Carles Flamerich, al dirigente de CDC, Marc Guerrero, al expresidente del F\u00f3rum Barcelona, V\u00edctor Vila, al exportavoz de CDC en la Diputaci\u00f3n de Barcelona, Jordi Molt\u00f3, a la exdiputada al Parlament, Gloria Renom y al exconcejal de Barcelona, Eduard Freixedes. En la actualidad, tanto Macias como Puig est\u00e1n vinculados a la concesionaria de los tranv\u00edas de Barcelona, y en concreto, el primero fue elegido por Ada Colau para pilotar su proyecto estrella del tranv\u00eda por la Diagonal de Barcelona. Naturalmente, la imputaci\u00f3n no significa ni mucho menos culpabilidad y debe prevalecer en todo caso la presunci\u00f3n de inocencia. El segundo dato negativo sobre el que ya inform\u00f3 ayer Conversas a Catalu\u00f1a es la detenci\u00f3n primero y la dimisi\u00f3n despu\u00e9s, del alcalde de Badalona, \u00c0lex Pastor al ser detenido por la polic\u00eda por saltarse el confinamiento, y sobre todo, por conducir con evidentes s\u00edntomas de embriaguez. A este hecho se le uni\u00f3 la resistencia que ofreci\u00f3 a los Mossos d\u2019Esquadra para evitar ser detenido. El Partido Socialista, del que era miembro en su doble condici\u00f3n de concejal y alcalde de la tercera poblaci\u00f3n de Catalu\u00f1a, ya lo ha excluido de sus filas. Finalmente, las impresentables declaraciones de Joan Canadell quien literalmente afirm\u00f3 que Espa\u00f1a es \u201cparo y muerte\u201d y \u201cCatalu\u00f1a vida y futuro\u201d, despu\u00e9s de asegurar que una \u201cCatalu\u00f1a independiente habr\u00eda salvado miles de vidas\u201d. La declaraci\u00f3n es de una demagogia impresentable y ofensiva para los espa\u00f1oles, y buena parte de los catalanes que no se sienten representados por estos exabruptos, m\u00e1s cuando la Generalitat, que posee amplias competencias, ha mostrado una ineficacia considerable en muchas de sus actuaciones. De hecho, est\u00e1 pendiente de indagaci\u00f3n por qu\u00e9 la mortalidad ha sido tan elevada, y por qu\u00e9 se ha actuado tan tarde y tan mal en las residencias de gente mayor. Si la cuesti\u00f3n se mide en muertos, el Gobierno de Torra se lleva una palma y no es ciertamente honor\u00edfica. Pero adem\u00e1s, es que Canadell es el presidente de la Cambra de Comer\u00e7 de Barcelona, y se presupone que su misi\u00f3n es procurar ayudar a la salida de la dif\u00edcil situaci\u00f3n econ\u00f3mica que la pandemia ha creado en el pa\u00eds y en concreto en el \u00e1rea de Barcelona, que, a pesar de su peso industrial, depende en buena medida del turismo\u00a0que ha venido acudiendo masivamente a la capital, y todas las actividades comerciales a \u00e9l conexas. Ahora esta pr\u00e1ctica econ\u00f3mica est\u00e1 en riesgo de quiebra y su recuperaci\u00f3n puede ser lenta y va a depender en gran medida del turismo de proximidad. Barcelona, en el mejor de los casos, va a necesitar del visitante procedente de otros lugares de Espa\u00f1a, y es obvio que teniendo encargos de tanta responsabilidad a personas como Joan Ca\u00f1adell y sus declaraciones, lo que menos va a despertar son simpat\u00edas y ganas de visitarnos. El actual presidente de la Cambra de Comer\u00e7 forma parte de este grupo de personajes que confunden la pol\u00edtica con el disparar a los pies de los catalanes.","og_url":"https:\/\/conversesacatalunya.cat\/es\/la-vida-politica-catalana-sigue-siendo-fuente-de-malas-noticias-3-canadell-alcalde-de-badalona\/","og_site_name":"Converses a Catalunya","article_published_time":"2020-04-23T10:28:52+00:00","og_image":[{"width":970,"height":597,"url":"https:\/\/conversesacatalunya.cat\/wp-content\/uploads\/2020\/04\/3.jpeg","type":"image\/jpeg"}],"author":"conversesacatalunya","twitter_card":"summary_large_image","twitter_misc":{"Escrito por":"conversesacatalunya","Tiempo de lectura":"4 minutos"},"schema":{"@context":"https:\/\/schema.org","@graph":[{"@type":"Article","@id":"https:\/\/conversesacatalunya.cat\/es\/la-vida-politica-catalana-sigue-siendo-fuente-de-malas-noticias-3-canadell-alcalde-de-badalona\/#article","isPartOf":{"@id":"https:\/\/conversesacatalunya.cat\/es\/la-vida-politica-catalana-sigue-siendo-fuente-de-malas-noticias-3-canadell-alcalde-de-badalona\/"},"author":{"name":"conversesacatalunya","@id":"https:\/\/conversesacatalunya.cat\/#\/schema\/person\/7e24d1e54a2785373ddcb275eae5ed99"},"headline":"La vida pol\u00edtica catalana sigue siendo fuente de malas noticias: 3%, Canadell, alcalde de Badalona","datePublished":"2020-04-23T10:28:52+00:00","mainEntityOfPage":{"@id":"https:\/\/conversesacatalunya.cat\/es\/la-vida-politica-catalana-sigue-siendo-fuente-de-malas-noticias-3-canadell-alcalde-de-badalona\/"},"wordCount":862,"commentCount":0,"image":{"@id":"https:\/\/conversesacatalunya.cat\/es\/la-vida-politica-catalana-sigue-siendo-fuente-de-malas-noticias-3-canadell-alcalde-de-badalona\/#primaryimage"},"thumbnailUrl":"https:\/\/conversesacatalunya.cat\/wp-content\/uploads\/2020\/04\/3.jpeg","keywords":["coronavirus","Pol\u00edtica catalana","Turismo"],"articleSection":["Punts clau del dia (ES)"],"inLanguage":"es","potentialAction":[{"@type":"CommentAction","name":"Comment","target":["https:\/\/conversesacatalunya.cat\/es\/la-vida-politica-catalana-sigue-siendo-fuente-de-malas-noticias-3-canadell-alcalde-de-badalona\/#respond"]}]},{"@type":"WebPage","@id":"https:\/\/conversesacatalunya.cat\/es\/la-vida-politica-catalana-sigue-siendo-fuente-de-malas-noticias-3-canadell-alcalde-de-badalona\/","url":"https:\/\/conversesacatalunya.cat\/es\/la-vida-politica-catalana-sigue-siendo-fuente-de-malas-noticias-3-canadell-alcalde-de-badalona\/","name":"La vida pol\u00edtica catalana sigue siendo fuente de malas noticias: 3%, Canadell, alcalde de Badalona - Converses a Catalunya","isPartOf":{"@id":"https:\/\/conversesacatalunya.cat\/#website"},"primaryImageOfPage":{"@id":"https:\/\/conversesacatalunya.cat\/es\/la-vida-politica-catalana-sigue-siendo-fuente-de-malas-noticias-3-canadell-alcalde-de-badalona\/#primaryimage"},"image":{"@id":"https:\/\/conversesacatalunya.cat\/es\/la-vida-politica-catalana-sigue-siendo-fuente-de-malas-noticias-3-canadell-alcalde-de-badalona\/#primaryimage"},"thumbnailUrl":"https:\/\/conversesacatalunya.cat\/wp-content\/uploads\/2020\/04\/3.jpeg","datePublished":"2020-04-23T10:28:52+00:00","author":{"@id":"https:\/\/conversesacatalunya.cat\/#\/schema\/person\/7e24d1e54a2785373ddcb275eae5ed99"},"breadcrumb":{"@id":"https:\/\/conversesacatalunya.cat\/es\/la-vida-politica-catalana-sigue-siendo-fuente-de-malas-noticias-3-canadell-alcalde-de-badalona\/#breadcrumb"},"inLanguage":"es","potentialAction":[{"@type":"ReadAction","target":["https:\/\/conversesacatalunya.cat\/es\/la-vida-politica-catalana-sigue-siendo-fuente-de-malas-noticias-3-canadell-alcalde-de-badalona\/"]}]},{"@type":"ImageObject","inLanguage":"es","@id":"https:\/\/conversesacatalunya.cat\/es\/la-vida-politica-catalana-sigue-siendo-fuente-de-malas-noticias-3-canadell-alcalde-de-badalona\/#primaryimage","url":"https:\/\/conversesacatalunya.cat\/wp-content\/uploads\/2020\/04\/3.jpeg","contentUrl":"https:\/\/conversesacatalunya.cat\/wp-content\/uploads\/2020\/04\/3.jpeg","width":970,"height":597,"caption":"pol\u00edtica catalana"},{"@type":"BreadcrumbList","@id":"https:\/\/conversesacatalunya.cat\/es\/la-vida-politica-catalana-sigue-siendo-fuente-de-malas-noticias-3-canadell-alcalde-de-badalona\/#breadcrumb","itemListElement":[{"@type":"ListItem","position":1,"name":"Inici","item":"https:\/\/conversesacatalunya.cat\/es\/"},{"@type":"ListItem","position":2,"name":"La vida pol\u00edtica catalana sigue siendo fuente de malas noticias: 3%, Canadell, alcalde de Badalona"}]},{"@type":"WebSite","@id":"https:\/\/conversesacatalunya.cat\/#website","url":"https:\/\/conversesacatalunya.cat\/","name":"Converses a Catalunya","description":"","potentialAction":[{"@type":"SearchAction","target":{"@type":"EntryPoint","urlTemplate":"https:\/\/conversesacatalunya.cat\/?s={search_term_string}"},"query-input":{"@type":"PropertyValueSpecification","valueRequired":true,"valueName":"search_term_string"}}],"inLanguage":"es"},{"@type":"Person","@id":"https:\/\/conversesacatalunya.cat\/#\/schema\/person\/7e24d1e54a2785373ddcb275eae5ed99","name":"conversesacatalunya","image":{"@type":"ImageObject","inLanguage":"es","@id":"https:\/\/conversesacatalunya.cat\/#\/schema\/person\/image\/","url":"https:\/\/conversesacatalunya.cat\/wp-content\/litespeed\/avatar\/febdfeeec89d950f01c748045a981dd2.jpg?ver=1777314535","contentUrl":"https:\/\/conversesacatalunya.cat\/wp-content\/litespeed\/avatar\/febdfeeec89d950f01c748045a981dd2.jpg?ver=1777314535","caption":"conversesacatalunya"},"url":"https:\/\/conversesacatalunya.cat\/es\/author\/carme_catala\/"}]}},"wps_subtitle":"","_links":{"self":[{"href":"https:\/\/conversesacatalunya.cat\/es\/wp-json\/wp\/v2\/posts\/35343","targetHints":{"allow":["GET"]}}],"collection":[{"href":"https:\/\/conversesacatalunya.cat\/es\/wp-json\/wp\/v2\/posts"}],"about":[{"href":"https:\/\/conversesacatalunya.cat\/es\/wp-json\/wp\/v2\/types\/post"}],"author":[{"embeddable":true,"href":"https:\/\/conversesacatalunya.cat\/es\/wp-json\/wp\/v2\/users\/2"}],"replies":[{"embeddable":true,"href":"https:\/\/conversesacatalunya.cat\/es\/wp-json\/wp\/v2\/comments?post=35343"}],"version-history":[{"count":1,"href":"https:\/\/conversesacatalunya.cat\/es\/wp-json\/wp\/v2\/posts\/35343\/revisions"}],"predecessor-version":[{"id":35347,"href":"https:\/\/conversesacatalunya.cat\/es\/wp-json\/wp\/v2\/posts\/35343\/revisions\/35347"}],"wp:featuredmedia":[{"embeddable":true,"href":"https:\/\/conversesacatalunya.cat\/es\/wp-json\/wp\/v2\/media\/35345"}],"wp:attachment":[{"href":"https:\/\/conversesacatalunya.cat\/es\/wp-json\/wp\/v2\/media?parent=35343"}],"wp:term":[{"taxonomy":"category","embeddable":true,"href":"https:\/\/conversesacatalunya.cat\/es\/wp-json\/wp\/v2\/categories?post=35343"},{"taxonomy":"post_tag","embeddable":true,"href":"https:\/\/conversesacatalunya.cat\/es\/wp-json\/wp\/v2\/tags?post=35343"}],"curies":[{"name":"wp","href":"https:\/\/api.w.org\/{rel}","templated":true}]}}