{"id":35321,"date":"2020-04-23T10:19:13","date_gmt":"2020-04-23T08:19:13","guid":{"rendered":"https:\/\/conversesacatalunya.cat\/diada-de-sant-jordi-des-del-confinament\/"},"modified":"2020-04-23T10:34:57","modified_gmt":"2020-04-23T08:34:57","slug":"diada-de-sant-jordi-desde-el-confinamiento","status":"publish","type":"post","link":"https:\/\/conversesacatalunya.cat\/es\/diada-de-sant-jordi-desde-el-confinamiento\/","title":{"rendered":"Diada de Sant Jordi desde el confinamiento"},"content":{"rendered":"<p><span class=\"\">Este a\u00f1o, Sant Jordi ser\u00e1 diferente, pero no por ello dejaremos de celebrarlo.<\/span><\/p>\n<p><span class=\"goog-text-highlight\">Varias iniciativas han surgido estos d\u00edas, el<a href=\"https:\/\/floristes.cat\/\" target=\"_blank\" rel=\"noopener noreferrer\">\u00a0<\/a><\/span><a href=\"https:\/\/floristes.cat\/\" target=\"_blank\" rel=\"noopener noreferrer\"><strong><span class=\"goog-text-highlight\">Gremio de Floristas<\/span><\/strong><\/a><span class=\"goog-text-highlight\"> har\u00e1 todo lo posible para que quien quiera tener una rosa natural de Sant Jordi, la pueda comprar y recibir en casa. <\/span>Tambi\u00e9n animan a la gente a engalanar los balcones con dibujos de dragones, rosas, cuentos o patadas de libros hechos por los m\u00e1s peque\u00f1os.<\/p>\n<p>La\u00a0<strong>Casa Batll\u00f3<\/strong> ha publicado un emotivo v\u00eddeo animando a todos a decorar los balcones:<\/p>\n<h4><strong>\u00bfC\u00f3mo podemos quedarnos sin Sant Jordi, si tenemos m\u00e1s amor que nunca?<\/strong><\/h4>\n<p><iframe title=\"Sant Jordi - M\u00e1s amor que nunca\" width=\"640\" height=\"360\" data-src=\"https:\/\/www.youtube.com\/embed\/-M834_2JSG0?start=1&#038;feature=oembed\" frameborder=\"0\" allow=\"accelerometer; autoplay; clipboard-write; encrypted-media; gyroscope; picture-in-picture\" allowfullscreen src=\"data:image\/svg+xml;base64,PHN2ZyB3aWR0aD0iMSIgaGVpZ2h0PSIxIiB4bWxucz0iaHR0cDovL3d3dy53My5vcmcvMjAwMC9zdmciPjwvc3ZnPg==\" class=\"lazyload\" data-load-mode=\"1\"><\/iframe><\/p>\n<p><span class=\"goog-text-highlight\">La C\u00e1mara del Libro y el Gremio de Floristas han acordado celebrar un <\/span><strong><span class=\"goog-text-highlight\">Sant Jordi alternativo el 23 de julio.<\/span><\/strong><\/p>\n<p style=\"text-align: center;\"><strong>\u00a1\u00a1\u00a1 FELIZ DIADA A TODOS !!!<\/strong><\/p>\n","protected":false},"excerpt":{"rendered":"<p>Este a\u00f1o, Sant Jordi ser\u00e1 diferente, pero no por ello dejaremos de celebrarlo. Varias iniciativas han surgido estos d\u00edas, el\u00a0Gremio de Floristas har\u00e1 todo lo posible para que quien quiera tener una rosa natural de Sant Jordi, la pueda comprar y recibir en casa. Tambi\u00e9n animan a la gente a engalanar los balcones con dibujos de dragones, rosas, cuentos o patadas de libros hechos por los m\u00e1s peque\u00f1os. La\u00a0Casa Batll\u00f3 ha publicado un emotivo v\u00eddeo animando a todos a decorar los balcones: \u00bfC\u00f3mo podemos quedarnos sin Sant Jordi, si tenemos m\u00e1s amor que nunca? La C\u00e1mara del Libro y el Gremio de Floristas han acordado celebrar un Sant Jordi alternativo el 23 de julio. \u00a1\u00a1\u00a1 FELIZ DIADA A TODOS !!!<\/p>\n","protected":false},"author":3,"featured_media":35318,"comment_status":"open","ping_status":"open","sticky":false,"template":"","format":"standard","meta":{"_FSMCFIC_featured_image_caption":"","_FSMCFIC_featured_image_nocaption":"","_FSMCFIC_featured_image_hide":"","footnotes":""},"categories":[806],"tags":[2206],"class_list":["post-35321","post","type-post","status-publish","format-standard","has-post-thumbnail","hentry","category-punts-claus-del-dia-es","tag-diada-de-sant-jordi-es"],"yoast_head":"<!-- This site is optimized with the Yoast SEO plugin v26.8 - https:\/\/yoast.com\/product\/yoast-seo-wordpress\/ -->\n<title>Diada de Sant Jordi desde el confinamiento - Converses a Catalunya<\/title>\n<meta name=\"robots\" content=\"noindex, nofollow\" \/>\n<meta property=\"og:locale\" content=\"es_ES\" \/>\n<meta property=\"og:type\" content=\"article\" \/>\n<meta property=\"og:title\" content=\"Diada de Sant Jordi desde el confinamiento - Converses a Catalunya\" \/>\n<meta property=\"og:description\" content=\"Este a\u00f1o, Sant Jordi ser\u00e1 diferente, pero no por ello dejaremos de celebrarlo. Varias iniciativas han surgido estos d\u00edas, el\u00a0Gremio de Floristas har\u00e1 todo lo posible para que quien quiera tener una rosa natural de Sant Jordi, la pueda comprar y recibir en casa. Tambi\u00e9n animan a la gente a engalanar los balcones con dibujos de dragones, rosas, cuentos o patadas de libros hechos por los m\u00e1s peque\u00f1os. La\u00a0Casa Batll\u00f3 ha publicado un emotivo v\u00eddeo animando a todos a decorar los balcones: \u00bfC\u00f3mo podemos quedarnos sin Sant Jordi, si tenemos m\u00e1s amor que nunca? La C\u00e1mara del Libro y el Gremio de Floristas han acordado celebrar un Sant Jordi alternativo el 23 de julio. \u00a1\u00a1\u00a1 FELIZ DIADA A TODOS !!!\" \/>\n<meta property=\"og:url\" content=\"https:\/\/conversesacatalunya.cat\/es\/diada-de-sant-jordi-desde-el-confinamiento\/\" \/>\n<meta property=\"og:site_name\" content=\"Converses a Catalunya\" \/>\n<meta property=\"article:published_time\" content=\"2020-04-23T08:19:13+00:00\" \/>\n<meta property=\"article:modified_time\" content=\"2020-04-23T08:34:57+00:00\" \/>\n<meta property=\"og:image\" content=\"https:\/\/conversesacatalunya.cat\/wp-content\/uploads\/2020\/04\/rosa-sant-jordi.jpg\" \/>\n\t<meta property=\"og:image:width\" content=\"480\" \/>\n\t<meta property=\"og:image:height\" content=\"524\" \/>\n\t<meta property=\"og:image:type\" content=\"image\/jpeg\" \/>\n<meta name=\"author\" content=\"conversesacatalunya\" \/>\n<meta name=\"twitter:card\" content=\"summary_large_image\" \/>\n<meta name=\"twitter:label1\" content=\"Escrito por\" \/>\n\t<meta name=\"twitter:data1\" content=\"conversesacatalunya\" \/>\n\t<meta name=\"twitter:label2\" content=\"Tiempo de lectura\" \/>\n\t<meta name=\"twitter:data2\" content=\"1 minuto\" \/>\n<script type=\"application\/ld+json\" class=\"yoast-schema-graph\">{\"@context\":\"https:\/\/schema.org\",\"@graph\":[{\"@type\":\"Article\",\"@id\":\"https:\/\/conversesacatalunya.cat\/es\/diada-de-sant-jordi-desde-el-confinamiento\/#article\",\"isPartOf\":{\"@id\":\"https:\/\/conversesacatalunya.cat\/es\/diada-de-sant-jordi-desde-el-confinamiento\/\"},\"author\":{\"name\":\"conversesacatalunya\",\"@id\":\"https:\/\/conversesacatalunya.cat\/#\/schema\/person\/982274792508d804a0821b413c9ac076\"},\"headline\":\"Diada de Sant Jordi desde el confinamiento\",\"datePublished\":\"2020-04-23T08:19:13+00:00\",\"dateModified\":\"2020-04-23T08:34:57+00:00\",\"mainEntityOfPage\":{\"@id\":\"https:\/\/conversesacatalunya.cat\/es\/diada-de-sant-jordi-desde-el-confinamiento\/\"},\"wordCount\":150,\"commentCount\":0,\"image\":{\"@id\":\"https:\/\/conversesacatalunya.cat\/es\/diada-de-sant-jordi-desde-el-confinamiento\/#primaryimage\"},\"thumbnailUrl\":\"https:\/\/conversesacatalunya.cat\/wp-content\/uploads\/2020\/04\/rosa-sant-jordi.jpg\",\"keywords\":[\"Diada de Sant Jordi\"],\"articleSection\":[\"Punts clau del dia (ES)\"],\"inLanguage\":\"es\",\"potentialAction\":[{\"@type\":\"CommentAction\",\"name\":\"Comment\",\"target\":[\"https:\/\/conversesacatalunya.cat\/es\/diada-de-sant-jordi-desde-el-confinamiento\/#respond\"]}]},{\"@type\":\"WebPage\",\"@id\":\"https:\/\/conversesacatalunya.cat\/es\/diada-de-sant-jordi-desde-el-confinamiento\/\",\"url\":\"https:\/\/conversesacatalunya.cat\/es\/diada-de-sant-jordi-desde-el-confinamiento\/\",\"name\":\"Diada de Sant Jordi desde el confinamiento - Converses a Catalunya\",\"isPartOf\":{\"@id\":\"https:\/\/conversesacatalunya.cat\/#website\"},\"primaryImageOfPage\":{\"@id\":\"https:\/\/conversesacatalunya.cat\/es\/diada-de-sant-jordi-desde-el-confinamiento\/#primaryimage\"},\"image\":{\"@id\":\"https:\/\/conversesacatalunya.cat\/es\/diada-de-sant-jordi-desde-el-confinamiento\/#primaryimage\"},\"thumbnailUrl\":\"https:\/\/conversesacatalunya.cat\/wp-content\/uploads\/2020\/04\/rosa-sant-jordi.jpg\",\"datePublished\":\"2020-04-23T08:19:13+00:00\",\"dateModified\":\"2020-04-23T08:34:57+00:00\",\"author\":{\"@id\":\"https:\/\/conversesacatalunya.cat\/#\/schema\/person\/982274792508d804a0821b413c9ac076\"},\"breadcrumb\":{\"@id\":\"https:\/\/conversesacatalunya.cat\/es\/diada-de-sant-jordi-desde-el-confinamiento\/#breadcrumb\"},\"inLanguage\":\"es\",\"potentialAction\":[{\"@type\":\"ReadAction\",\"target\":[\"https:\/\/conversesacatalunya.cat\/es\/diada-de-sant-jordi-desde-el-confinamiento\/\"]}]},{\"@type\":\"ImageObject\",\"inLanguage\":\"es\",\"@id\":\"https:\/\/conversesacatalunya.cat\/es\/diada-de-sant-jordi-desde-el-confinamiento\/#primaryimage\",\"url\":\"https:\/\/conversesacatalunya.cat\/wp-content\/uploads\/2020\/04\/rosa-sant-jordi.jpg\",\"contentUrl\":\"https:\/\/conversesacatalunya.cat\/wp-content\/uploads\/2020\/04\/rosa-sant-jordi.jpg\",\"width\":480,\"height\":524},{\"@type\":\"BreadcrumbList\",\"@id\":\"https:\/\/conversesacatalunya.cat\/es\/diada-de-sant-jordi-desde-el-confinamiento\/#breadcrumb\",\"itemListElement\":[{\"@type\":\"ListItem\",\"position\":1,\"name\":\"Inici\",\"item\":\"https:\/\/conversesacatalunya.cat\/es\/\"},{\"@type\":\"ListItem\",\"position\":2,\"name\":\"Diada de Sant Jordi desde el confinamiento\"}]},{\"@type\":\"WebSite\",\"@id\":\"https:\/\/conversesacatalunya.cat\/#website\",\"url\":\"https:\/\/conversesacatalunya.cat\/\",\"name\":\"Converses a Catalunya\",\"description\":\"\",\"potentialAction\":[{\"@type\":\"SearchAction\",\"target\":{\"@type\":\"EntryPoint\",\"urlTemplate\":\"https:\/\/conversesacatalunya.cat\/?s={search_term_string}\"},\"query-input\":{\"@type\":\"PropertyValueSpecification\",\"valueRequired\":true,\"valueName\":\"search_term_string\"}}],\"inLanguage\":\"es\"},{\"@type\":\"Person\",\"@id\":\"https:\/\/conversesacatalunya.cat\/#\/schema\/person\/982274792508d804a0821b413c9ac076\",\"name\":\"conversesacatalunya\",\"image\":{\"@type\":\"ImageObject\",\"inLanguage\":\"es\",\"@id\":\"https:\/\/conversesacatalunya.cat\/#\/schema\/person\/image\/\",\"url\":\"https:\/\/conversesacatalunya.cat\/wp-content\/litespeed\/avatar\/f04b47eeffd9637c7cf7869e217fb9ec.jpg?ver=1777370077\",\"contentUrl\":\"https:\/\/conversesacatalunya.cat\/wp-content\/litespeed\/avatar\/f04b47eeffd9637c7cf7869e217fb9ec.jpg?ver=1777370077\",\"caption\":\"conversesacatalunya\"},\"url\":\"https:\/\/conversesacatalunya.cat\/es\/author\/muntsa_escola\/\"}]}<\/script>\n<!-- \/ Yoast SEO plugin. -->","yoast_head_json":{"title":"Diada de Sant Jordi desde el confinamiento - Converses a Catalunya","robots":{"index":"noindex","follow":"nofollow"},"og_locale":"es_ES","og_type":"article","og_title":"Diada de Sant Jordi desde el confinamiento - Converses a Catalunya","og_description":"Este a\u00f1o, Sant Jordi ser\u00e1 diferente, pero no por ello dejaremos de celebrarlo. Varias iniciativas han surgido estos d\u00edas, el\u00a0Gremio de Floristas har\u00e1 todo lo posible para que quien quiera tener una rosa natural de Sant Jordi, la pueda comprar y recibir en casa. Tambi\u00e9n animan a la gente a engalanar los balcones con dibujos de dragones, rosas, cuentos o patadas de libros hechos por los m\u00e1s peque\u00f1os. La\u00a0Casa Batll\u00f3 ha publicado un emotivo v\u00eddeo animando a todos a decorar los balcones: \u00bfC\u00f3mo podemos quedarnos sin Sant Jordi, si tenemos m\u00e1s amor que nunca? La C\u00e1mara del Libro y el Gremio de Floristas han acordado celebrar un Sant Jordi alternativo el 23 de julio. \u00a1\u00a1\u00a1 FELIZ DIADA A TODOS !!!","og_url":"https:\/\/conversesacatalunya.cat\/es\/diada-de-sant-jordi-desde-el-confinamiento\/","og_site_name":"Converses a Catalunya","article_published_time":"2020-04-23T08:19:13+00:00","article_modified_time":"2020-04-23T08:34:57+00:00","og_image":[{"width":480,"height":524,"url":"https:\/\/conversesacatalunya.cat\/wp-content\/uploads\/2020\/04\/rosa-sant-jordi.jpg","type":"image\/jpeg"}],"author":"conversesacatalunya","twitter_card":"summary_large_image","twitter_misc":{"Escrito por":"conversesacatalunya","Tiempo de lectura":"1 minuto"},"schema":{"@context":"https:\/\/schema.org","@graph":[{"@type":"Article","@id":"https:\/\/conversesacatalunya.cat\/es\/diada-de-sant-jordi-desde-el-confinamiento\/#article","isPartOf":{"@id":"https:\/\/conversesacatalunya.cat\/es\/diada-de-sant-jordi-desde-el-confinamiento\/"},"author":{"name":"conversesacatalunya","@id":"https:\/\/conversesacatalunya.cat\/#\/schema\/person\/982274792508d804a0821b413c9ac076"},"headline":"Diada de Sant Jordi desde el confinamiento","datePublished":"2020-04-23T08:19:13+00:00","dateModified":"2020-04-23T08:34:57+00:00","mainEntityOfPage":{"@id":"https:\/\/conversesacatalunya.cat\/es\/diada-de-sant-jordi-desde-el-confinamiento\/"},"wordCount":150,"commentCount":0,"image":{"@id":"https:\/\/conversesacatalunya.cat\/es\/diada-de-sant-jordi-desde-el-confinamiento\/#primaryimage"},"thumbnailUrl":"https:\/\/conversesacatalunya.cat\/wp-content\/uploads\/2020\/04\/rosa-sant-jordi.jpg","keywords":["Diada de Sant Jordi"],"articleSection":["Punts clau del dia (ES)"],"inLanguage":"es","potentialAction":[{"@type":"CommentAction","name":"Comment","target":["https:\/\/conversesacatalunya.cat\/es\/diada-de-sant-jordi-desde-el-confinamiento\/#respond"]}]},{"@type":"WebPage","@id":"https:\/\/conversesacatalunya.cat\/es\/diada-de-sant-jordi-desde-el-confinamiento\/","url":"https:\/\/conversesacatalunya.cat\/es\/diada-de-sant-jordi-desde-el-confinamiento\/","name":"Diada de Sant Jordi desde el confinamiento - Converses a Catalunya","isPartOf":{"@id":"https:\/\/conversesacatalunya.cat\/#website"},"primaryImageOfPage":{"@id":"https:\/\/conversesacatalunya.cat\/es\/diada-de-sant-jordi-desde-el-confinamiento\/#primaryimage"},"image":{"@id":"https:\/\/conversesacatalunya.cat\/es\/diada-de-sant-jordi-desde-el-confinamiento\/#primaryimage"},"thumbnailUrl":"https:\/\/conversesacatalunya.cat\/wp-content\/uploads\/2020\/04\/rosa-sant-jordi.jpg","datePublished":"2020-04-23T08:19:13+00:00","dateModified":"2020-04-23T08:34:57+00:00","author":{"@id":"https:\/\/conversesacatalunya.cat\/#\/schema\/person\/982274792508d804a0821b413c9ac076"},"breadcrumb":{"@id":"https:\/\/conversesacatalunya.cat\/es\/diada-de-sant-jordi-desde-el-confinamiento\/#breadcrumb"},"inLanguage":"es","potentialAction":[{"@type":"ReadAction","target":["https:\/\/conversesacatalunya.cat\/es\/diada-de-sant-jordi-desde-el-confinamiento\/"]}]},{"@type":"ImageObject","inLanguage":"es","@id":"https:\/\/conversesacatalunya.cat\/es\/diada-de-sant-jordi-desde-el-confinamiento\/#primaryimage","url":"https:\/\/conversesacatalunya.cat\/wp-content\/uploads\/2020\/04\/rosa-sant-jordi.jpg","contentUrl":"https:\/\/conversesacatalunya.cat\/wp-content\/uploads\/2020\/04\/rosa-sant-jordi.jpg","width":480,"height":524},{"@type":"BreadcrumbList","@id":"https:\/\/conversesacatalunya.cat\/es\/diada-de-sant-jordi-desde-el-confinamiento\/#breadcrumb","itemListElement":[{"@type":"ListItem","position":1,"name":"Inici","item":"https:\/\/conversesacatalunya.cat\/es\/"},{"@type":"ListItem","position":2,"name":"Diada de Sant Jordi desde el confinamiento"}]},{"@type":"WebSite","@id":"https:\/\/conversesacatalunya.cat\/#website","url":"https:\/\/conversesacatalunya.cat\/","name":"Converses a Catalunya","description":"","potentialAction":[{"@type":"SearchAction","target":{"@type":"EntryPoint","urlTemplate":"https:\/\/conversesacatalunya.cat\/?s={search_term_string}"},"query-input":{"@type":"PropertyValueSpecification","valueRequired":true,"valueName":"search_term_string"}}],"inLanguage":"es"},{"@type":"Person","@id":"https:\/\/conversesacatalunya.cat\/#\/schema\/person\/982274792508d804a0821b413c9ac076","name":"conversesacatalunya","image":{"@type":"ImageObject","inLanguage":"es","@id":"https:\/\/conversesacatalunya.cat\/#\/schema\/person\/image\/","url":"https:\/\/conversesacatalunya.cat\/wp-content\/litespeed\/avatar\/f04b47eeffd9637c7cf7869e217fb9ec.jpg?ver=1777370077","contentUrl":"https:\/\/conversesacatalunya.cat\/wp-content\/litespeed\/avatar\/f04b47eeffd9637c7cf7869e217fb9ec.jpg?ver=1777370077","caption":"conversesacatalunya"},"url":"https:\/\/conversesacatalunya.cat\/es\/author\/muntsa_escola\/"}]}},"wps_subtitle":"","_links":{"self":[{"href":"https:\/\/conversesacatalunya.cat\/es\/wp-json\/wp\/v2\/posts\/35321","targetHints":{"allow":["GET"]}}],"collection":[{"href":"https:\/\/conversesacatalunya.cat\/es\/wp-json\/wp\/v2\/posts"}],"about":[{"href":"https:\/\/conversesacatalunya.cat\/es\/wp-json\/wp\/v2\/types\/post"}],"author":[{"embeddable":true,"href":"https:\/\/conversesacatalunya.cat\/es\/wp-json\/wp\/v2\/users\/3"}],"replies":[{"embeddable":true,"href":"https:\/\/conversesacatalunya.cat\/es\/wp-json\/wp\/v2\/comments?post=35321"}],"version-history":[{"count":4,"href":"https:\/\/conversesacatalunya.cat\/es\/wp-json\/wp\/v2\/posts\/35321\/revisions"}],"predecessor-version":[{"id":35326,"href":"https:\/\/conversesacatalunya.cat\/es\/wp-json\/wp\/v2\/posts\/35321\/revisions\/35326"}],"wp:featuredmedia":[{"embeddable":true,"href":"https:\/\/conversesacatalunya.cat\/es\/wp-json\/wp\/v2\/media\/35318"}],"wp:attachment":[{"href":"https:\/\/conversesacatalunya.cat\/es\/wp-json\/wp\/v2\/media?parent=35321"}],"wp:term":[{"taxonomy":"category","embeddable":true,"href":"https:\/\/conversesacatalunya.cat\/es\/wp-json\/wp\/v2\/categories?post=35321"},{"taxonomy":"post_tag","embeddable":true,"href":"https:\/\/conversesacatalunya.cat\/es\/wp-json\/wp\/v2\/tags?post=35321"}],"curies":[{"name":"wp","href":"https:\/\/api.w.org\/{rel}","templated":true}]}}