{"id":35289,"date":"2020-04-22T16:04:30","date_gmt":"2020-04-22T14:04:30","guid":{"rendered":"https:\/\/conversesacatalunya.cat\/?p=35289"},"modified":"2020-04-22T12:13:50","modified_gmt":"2020-04-22T10:13:50","slug":"el-escandalo-del-dimisionario-alcalde-de-badalona","status":"publish","type":"post","link":"https:\/\/conversesacatalunya.cat\/es\/el-escandalo-del-dimisionario-alcalde-de-badalona\/","title":{"rendered":"El esc\u00e1ndalo del dimisionario alcalde de Badalona"},"content":{"rendered":"<p>El alcalde socialista de Badalona, \u00c1lex Pastor, ha presentado este mi\u00e9rcoles su dimisi\u00f3n, tambi\u00e9n como concejal, despu\u00e9s del esc\u00e1ndalo que provoc\u00f3 la noche del martes tras ser interceptado por la polic\u00eda a causa de su conducci\u00f3n err\u00e1tica por Barcelona, y despu\u00e9s de saltarse el confinamiento, presentado s\u00edntomas claros de embriaguez.<\/p>\n<p>La resistencia y enfrentamiento con la polic\u00eda conllev\u00f3 que fuera detenido por los Mossos d\u2019Esquadra y trasladado a la comisaria de Les Corts, donde a\u00fan permanec\u00eda esta ma\u00f1ana. Y desde donde ha dimitido mediante una carta a trav\u00e9s de su abogado.<\/p>\n<p>\u00c1lex Pastor fue elegido por un frente amplio, donde coincid\u00edan desde socialistas a independentistas, para evitar que Garc\u00eda Albiol, el candidato del PP, que de lejos fue la lista m\u00e1s votada, se hiciera con la alcald\u00eda. Ahora se abre una crisis en la que es con 220.000 habitantes, la tercera mayor ciudad de Catalu\u00f1a, despu\u00e9s de Barcelona y l\u2019Hospitalet del Llobregat. Crisis para rehacer una mayor\u00eda muy heterog\u00e9nea y crisis tambi\u00e9n por la conducta de quien representaba la ciudad por dicha coalici\u00f3n.<\/p>\n<p>Pastor circulaba con su veh\u00edculo con evidentes signos de embriaguez, seg\u00fan fuentes policiales. Pastor fue detenido por atentado a la autoridad y se neg\u00f3 a hacerse el control de alcoholemia. Inmediatamente despu\u00e9s, el PSC anunci\u00f3 la suspensi\u00f3n de militancia de Pastor y le reclam\u00f3 \u201cla renuncia de todos sus cargos p\u00fablicos\u201d. \u201cConsideramos que los hechos conocidos hoy son incompatibles con la militancia socialista y el ejercicio de cualquier cargo p\u00fablico\u201d, asegur\u00f3 el partido en un comunicado.<\/p>\n<p>Pastor, de 40 a\u00f1os, es alcalde de Badalona desde junio del a\u00f1o 2018. En la actualidad gobierna con el apoyo de Barcelona en Com\u00fa. Guanyem Badalona y Junts per Catalunya, quienes permitieron que fuese alcalde para que no gobernase Xavier Garc\u00eda Albiol (PP). Garc\u00eda Albiol ha asegurado a trav\u00e9s de Twitter que iniciar\u00e1 conversaciones, como partido m\u00e1s votado, para llevar a cabo una moci\u00f3n de censura. Dolors Sabater, de Guanyem Badalona, tambi\u00e9n se ha postulado pidiendo en las redes sociales un Gobierno de concentraci\u00f3n liderado por ella.<\/p>\n","protected":false},"excerpt":{"rendered":"<p>El alcalde socialista de Badalona, \u00c1lex Pastor, ha presentado este mi\u00e9rcoles su dimisi\u00f3n, tambi\u00e9n como concejal, despu\u00e9s del esc\u00e1ndalo que provoc\u00f3 la noche del martes tras ser interceptado por la polic\u00eda a causa de su conducci\u00f3n err\u00e1tica por Barcelona, y despu\u00e9s de saltarse el confinamiento, presentado s\u00edntomas claros de embriaguez. La resistencia y enfrentamiento con la polic\u00eda conllev\u00f3 que fuera detenido por los Mossos d\u2019Esquadra y trasladado a la comisaria de Les Corts, donde a\u00fan permanec\u00eda esta ma\u00f1ana. Y desde donde ha dimitido mediante una carta a trav\u00e9s de su abogado. \u00c1lex Pastor fue elegido por un frente amplio, donde coincid\u00edan desde socialistas a independentistas, para evitar que Garc\u00eda Albiol, el candidato del PP, que de lejos fue la lista m\u00e1s votada, se hiciera con la alcald\u00eda. Ahora se abre una crisis en la que es con 220.000 habitantes, la tercera mayor ciudad de Catalu\u00f1a, despu\u00e9s de Barcelona y l\u2019Hospitalet del Llobregat. Crisis para rehacer una mayor\u00eda muy heterog\u00e9nea y crisis tambi\u00e9n por la conducta de quien representaba la ciudad por dicha coalici\u00f3n. Pastor circulaba con su veh\u00edculo con evidentes signos de embriaguez, seg\u00fan fuentes policiales. Pastor fue detenido por atentado a la autoridad y se neg\u00f3 a hacerse el control de alcoholemia. Inmediatamente despu\u00e9s, el PSC anunci\u00f3 la suspensi\u00f3n de militancia de Pastor y le reclam\u00f3 \u201cla renuncia de todos sus cargos p\u00fablicos\u201d. \u201cConsideramos que los hechos conocidos hoy son incompatibles con la militancia socialista y el ejercicio de cualquier cargo p\u00fablico\u201d, asegur\u00f3 el partido en un comunicado. Pastor, de 40 a\u00f1os, es alcalde de Badalona desde junio del a\u00f1o 2018. En la actualidad gobierna con el apoyo de Barcelona en Com\u00fa. Guanyem Badalona y Junts per Catalunya, quienes permitieron que fuese alcalde para que no gobernase Xavier Garc\u00eda Albiol (PP). Garc\u00eda Albiol ha asegurado a trav\u00e9s de Twitter que iniciar\u00e1 conversaciones, como partido m\u00e1s votado, para llevar a cabo una moci\u00f3n de censura. Dolors Sabater, de Guanyem Badalona, tambi\u00e9n se ha postulado pidiendo en las redes sociales un Gobierno de concentraci\u00f3n liderado por ella.<\/p>\n","protected":false},"author":2,"featured_media":35290,"comment_status":"open","ping_status":"open","sticky":false,"template":"","format":"standard","meta":{"_FSMCFIC_featured_image_caption":"","_FSMCFIC_featured_image_nocaption":"","_FSMCFIC_featured_image_hide":"","footnotes":""},"categories":[806],"tags":[2221,2223,2222],"class_list":["post-35289","post","type-post","status-publish","format-standard","has-post-thumbnail","hentry","category-punts-claus-del-dia-es","tag-alex-pastor","tag-badalona","tag-xavier-garcia-albiol"],"yoast_head":"<!-- This site is optimized with the Yoast SEO plugin v26.8 - https:\/\/yoast.com\/product\/yoast-seo-wordpress\/ -->\n<title>El esc\u00e1ndalo del dimisionario alcalde de Badalona - Converses a Catalunya<\/title>\n<meta name=\"robots\" content=\"index, follow, max-snippet:-1, max-image-preview:large, max-video-preview:-1\" \/>\n<link rel=\"canonical\" href=\"https:\/\/conversesacatalunya.cat\/es\/el-escandalo-del-dimisionario-alcalde-de-badalona\/\" \/>\n<meta property=\"og:locale\" content=\"es_ES\" \/>\n<meta property=\"og:type\" content=\"article\" \/>\n<meta property=\"og:title\" content=\"El esc\u00e1ndalo del dimisionario alcalde de Badalona - Converses a Catalunya\" \/>\n<meta property=\"og:description\" content=\"El alcalde socialista de Badalona, \u00c1lex Pastor, ha presentado este mi\u00e9rcoles su dimisi\u00f3n, tambi\u00e9n como concejal, despu\u00e9s del esc\u00e1ndalo que provoc\u00f3 la noche del martes tras ser interceptado por la polic\u00eda a causa de su conducci\u00f3n err\u00e1tica por Barcelona, y despu\u00e9s de saltarse el confinamiento, presentado s\u00edntomas claros de embriaguez. La resistencia y enfrentamiento con la polic\u00eda conllev\u00f3 que fuera detenido por los Mossos d\u2019Esquadra y trasladado a la comisaria de Les Corts, donde a\u00fan permanec\u00eda esta ma\u00f1ana. Y desde donde ha dimitido mediante una carta a trav\u00e9s de su abogado. \u00c1lex Pastor fue elegido por un frente amplio, donde coincid\u00edan desde socialistas a independentistas, para evitar que Garc\u00eda Albiol, el candidato del PP, que de lejos fue la lista m\u00e1s votada, se hiciera con la alcald\u00eda. Ahora se abre una crisis en la que es con 220.000 habitantes, la tercera mayor ciudad de Catalu\u00f1a, despu\u00e9s de Barcelona y l\u2019Hospitalet del Llobregat. Crisis para rehacer una mayor\u00eda muy heterog\u00e9nea y crisis tambi\u00e9n por la conducta de quien representaba la ciudad por dicha coalici\u00f3n. Pastor circulaba con su veh\u00edculo con evidentes signos de embriaguez, seg\u00fan fuentes policiales. Pastor fue detenido por atentado a la autoridad y se neg\u00f3 a hacerse el control de alcoholemia. Inmediatamente despu\u00e9s, el PSC anunci\u00f3 la suspensi\u00f3n de militancia de Pastor y le reclam\u00f3 \u201cla renuncia de todos sus cargos p\u00fablicos\u201d. \u201cConsideramos que los hechos conocidos hoy son incompatibles con la militancia socialista y el ejercicio de cualquier cargo p\u00fablico\u201d, asegur\u00f3 el partido en un comunicado. Pastor, de 40 a\u00f1os, es alcalde de Badalona desde junio del a\u00f1o 2018. En la actualidad gobierna con el apoyo de Barcelona en Com\u00fa. Guanyem Badalona y Junts per Catalunya, quienes permitieron que fuese alcalde para que no gobernase Xavier Garc\u00eda Albiol (PP). Garc\u00eda Albiol ha asegurado a trav\u00e9s de Twitter que iniciar\u00e1 conversaciones, como partido m\u00e1s votado, para llevar a cabo una moci\u00f3n de censura. Dolors Sabater, de Guanyem Badalona, tambi\u00e9n se ha postulado pidiendo en las redes sociales un Gobierno de concentraci\u00f3n liderado por ella.\" \/>\n<meta property=\"og:url\" content=\"https:\/\/conversesacatalunya.cat\/es\/el-escandalo-del-dimisionario-alcalde-de-badalona\/\" \/>\n<meta property=\"og:site_name\" content=\"Converses a Catalunya\" \/>\n<meta property=\"article:published_time\" content=\"2020-04-22T14:04:30+00:00\" \/>\n<meta property=\"og:image\" content=\"https:\/\/conversesacatalunya.cat\/wp-content\/uploads\/2020\/04\/alexpastor-badalona.jpg\" \/>\n\t<meta property=\"og:image:width\" content=\"1600\" \/>\n\t<meta property=\"og:image:height\" content=\"1080\" \/>\n\t<meta property=\"og:image:type\" content=\"image\/jpeg\" \/>\n<meta name=\"author\" content=\"conversesacatalunya\" \/>\n<meta name=\"twitter:card\" content=\"summary_large_image\" \/>\n<meta name=\"twitter:label1\" content=\"Escrito por\" \/>\n\t<meta name=\"twitter:data1\" content=\"conversesacatalunya\" \/>\n\t<meta name=\"twitter:label2\" content=\"Tiempo de lectura\" \/>\n\t<meta name=\"twitter:data2\" content=\"2 minutos\" \/>\n<script type=\"application\/ld+json\" class=\"yoast-schema-graph\">{\"@context\":\"https:\/\/schema.org\",\"@graph\":[{\"@type\":\"Article\",\"@id\":\"https:\/\/conversesacatalunya.cat\/es\/el-escandalo-del-dimisionario-alcalde-de-badalona\/#article\",\"isPartOf\":{\"@id\":\"https:\/\/conversesacatalunya.cat\/es\/el-escandalo-del-dimisionario-alcalde-de-badalona\/\"},\"author\":{\"name\":\"conversesacatalunya\",\"@id\":\"https:\/\/conversesacatalunya.cat\/#\/schema\/person\/7e24d1e54a2785373ddcb275eae5ed99\"},\"headline\":\"El esc\u00e1ndalo del dimisionario alcalde de Badalona\",\"datePublished\":\"2020-04-22T14:04:30+00:00\",\"mainEntityOfPage\":{\"@id\":\"https:\/\/conversesacatalunya.cat\/es\/el-escandalo-del-dimisionario-alcalde-de-badalona\/\"},\"wordCount\":383,\"commentCount\":0,\"image\":{\"@id\":\"https:\/\/conversesacatalunya.cat\/es\/el-escandalo-del-dimisionario-alcalde-de-badalona\/#primaryimage\"},\"thumbnailUrl\":\"https:\/\/conversesacatalunya.cat\/wp-content\/uploads\/2020\/04\/alexpastor-badalona.jpg\",\"keywords\":[\"\u00c1lex Pastor\",\"Badalona\",\"Xavier Garc\u00eda Albiol\"],\"articleSection\":[\"Punts clau del dia (ES)\"],\"inLanguage\":\"es\",\"potentialAction\":[{\"@type\":\"CommentAction\",\"name\":\"Comment\",\"target\":[\"https:\/\/conversesacatalunya.cat\/es\/el-escandalo-del-dimisionario-alcalde-de-badalona\/#respond\"]}]},{\"@type\":\"WebPage\",\"@id\":\"https:\/\/conversesacatalunya.cat\/es\/el-escandalo-del-dimisionario-alcalde-de-badalona\/\",\"url\":\"https:\/\/conversesacatalunya.cat\/es\/el-escandalo-del-dimisionario-alcalde-de-badalona\/\",\"name\":\"El esc\u00e1ndalo del dimisionario alcalde de Badalona - Converses a Catalunya\",\"isPartOf\":{\"@id\":\"https:\/\/conversesacatalunya.cat\/#website\"},\"primaryImageOfPage\":{\"@id\":\"https:\/\/conversesacatalunya.cat\/es\/el-escandalo-del-dimisionario-alcalde-de-badalona\/#primaryimage\"},\"image\":{\"@id\":\"https:\/\/conversesacatalunya.cat\/es\/el-escandalo-del-dimisionario-alcalde-de-badalona\/#primaryimage\"},\"thumbnailUrl\":\"https:\/\/conversesacatalunya.cat\/wp-content\/uploads\/2020\/04\/alexpastor-badalona.jpg\",\"datePublished\":\"2020-04-22T14:04:30+00:00\",\"author\":{\"@id\":\"https:\/\/conversesacatalunya.cat\/#\/schema\/person\/7e24d1e54a2785373ddcb275eae5ed99\"},\"breadcrumb\":{\"@id\":\"https:\/\/conversesacatalunya.cat\/es\/el-escandalo-del-dimisionario-alcalde-de-badalona\/#breadcrumb\"},\"inLanguage\":\"es\",\"potentialAction\":[{\"@type\":\"ReadAction\",\"target\":[\"https:\/\/conversesacatalunya.cat\/es\/el-escandalo-del-dimisionario-alcalde-de-badalona\/\"]}]},{\"@type\":\"ImageObject\",\"inLanguage\":\"es\",\"@id\":\"https:\/\/conversesacatalunya.cat\/es\/el-escandalo-del-dimisionario-alcalde-de-badalona\/#primaryimage\",\"url\":\"https:\/\/conversesacatalunya.cat\/wp-content\/uploads\/2020\/04\/alexpastor-badalona.jpg\",\"contentUrl\":\"https:\/\/conversesacatalunya.cat\/wp-content\/uploads\/2020\/04\/alexpastor-badalona.jpg\",\"width\":1600,\"height\":1080,\"caption\":\"\u00c1lex Pastor\"},{\"@type\":\"BreadcrumbList\",\"@id\":\"https:\/\/conversesacatalunya.cat\/es\/el-escandalo-del-dimisionario-alcalde-de-badalona\/#breadcrumb\",\"itemListElement\":[{\"@type\":\"ListItem\",\"position\":1,\"name\":\"Inici\",\"item\":\"https:\/\/conversesacatalunya.cat\/es\/\"},{\"@type\":\"ListItem\",\"position\":2,\"name\":\"El esc\u00e1ndalo del dimisionario alcalde de Badalona\"}]},{\"@type\":\"WebSite\",\"@id\":\"https:\/\/conversesacatalunya.cat\/#website\",\"url\":\"https:\/\/conversesacatalunya.cat\/\",\"name\":\"Converses a Catalunya\",\"description\":\"\",\"potentialAction\":[{\"@type\":\"SearchAction\",\"target\":{\"@type\":\"EntryPoint\",\"urlTemplate\":\"https:\/\/conversesacatalunya.cat\/?s={search_term_string}\"},\"query-input\":{\"@type\":\"PropertyValueSpecification\",\"valueRequired\":true,\"valueName\":\"search_term_string\"}}],\"inLanguage\":\"es\"},{\"@type\":\"Person\",\"@id\":\"https:\/\/conversesacatalunya.cat\/#\/schema\/person\/7e24d1e54a2785373ddcb275eae5ed99\",\"name\":\"conversesacatalunya\",\"image\":{\"@type\":\"ImageObject\",\"inLanguage\":\"es\",\"@id\":\"https:\/\/conversesacatalunya.cat\/#\/schema\/person\/image\/\",\"url\":\"https:\/\/conversesacatalunya.cat\/wp-content\/litespeed\/avatar\/febdfeeec89d950f01c748045a981dd2.jpg?ver=1777314535\",\"contentUrl\":\"https:\/\/conversesacatalunya.cat\/wp-content\/litespeed\/avatar\/febdfeeec89d950f01c748045a981dd2.jpg?ver=1777314535\",\"caption\":\"conversesacatalunya\"},\"url\":\"https:\/\/conversesacatalunya.cat\/es\/author\/carme_catala\/\"}]}<\/script>\n<!-- \/ Yoast SEO plugin. -->","yoast_head_json":{"title":"El esc\u00e1ndalo del dimisionario alcalde de Badalona - Converses a Catalunya","robots":{"index":"index","follow":"follow","max-snippet":"max-snippet:-1","max-image-preview":"max-image-preview:large","max-video-preview":"max-video-preview:-1"},"canonical":"https:\/\/conversesacatalunya.cat\/es\/el-escandalo-del-dimisionario-alcalde-de-badalona\/","og_locale":"es_ES","og_type":"article","og_title":"El esc\u00e1ndalo del dimisionario alcalde de Badalona - Converses a Catalunya","og_description":"El alcalde socialista de Badalona, \u00c1lex Pastor, ha presentado este mi\u00e9rcoles su dimisi\u00f3n, tambi\u00e9n como concejal, despu\u00e9s del esc\u00e1ndalo que provoc\u00f3 la noche del martes tras ser interceptado por la polic\u00eda a causa de su conducci\u00f3n err\u00e1tica por Barcelona, y despu\u00e9s de saltarse el confinamiento, presentado s\u00edntomas claros de embriaguez. La resistencia y enfrentamiento con la polic\u00eda conllev\u00f3 que fuera detenido por los Mossos d\u2019Esquadra y trasladado a la comisaria de Les Corts, donde a\u00fan permanec\u00eda esta ma\u00f1ana. Y desde donde ha dimitido mediante una carta a trav\u00e9s de su abogado. \u00c1lex Pastor fue elegido por un frente amplio, donde coincid\u00edan desde socialistas a independentistas, para evitar que Garc\u00eda Albiol, el candidato del PP, que de lejos fue la lista m\u00e1s votada, se hiciera con la alcald\u00eda. Ahora se abre una crisis en la que es con 220.000 habitantes, la tercera mayor ciudad de Catalu\u00f1a, despu\u00e9s de Barcelona y l\u2019Hospitalet del Llobregat. Crisis para rehacer una mayor\u00eda muy heterog\u00e9nea y crisis tambi\u00e9n por la conducta de quien representaba la ciudad por dicha coalici\u00f3n. Pastor circulaba con su veh\u00edculo con evidentes signos de embriaguez, seg\u00fan fuentes policiales. Pastor fue detenido por atentado a la autoridad y se neg\u00f3 a hacerse el control de alcoholemia. Inmediatamente despu\u00e9s, el PSC anunci\u00f3 la suspensi\u00f3n de militancia de Pastor y le reclam\u00f3 \u201cla renuncia de todos sus cargos p\u00fablicos\u201d. \u201cConsideramos que los hechos conocidos hoy son incompatibles con la militancia socialista y el ejercicio de cualquier cargo p\u00fablico\u201d, asegur\u00f3 el partido en un comunicado. Pastor, de 40 a\u00f1os, es alcalde de Badalona desde junio del a\u00f1o 2018. En la actualidad gobierna con el apoyo de Barcelona en Com\u00fa. Guanyem Badalona y Junts per Catalunya, quienes permitieron que fuese alcalde para que no gobernase Xavier Garc\u00eda Albiol (PP). Garc\u00eda Albiol ha asegurado a trav\u00e9s de Twitter que iniciar\u00e1 conversaciones, como partido m\u00e1s votado, para llevar a cabo una moci\u00f3n de censura. Dolors Sabater, de Guanyem Badalona, tambi\u00e9n se ha postulado pidiendo en las redes sociales un Gobierno de concentraci\u00f3n liderado por ella.","og_url":"https:\/\/conversesacatalunya.cat\/es\/el-escandalo-del-dimisionario-alcalde-de-badalona\/","og_site_name":"Converses a Catalunya","article_published_time":"2020-04-22T14:04:30+00:00","og_image":[{"width":1600,"height":1080,"url":"https:\/\/conversesacatalunya.cat\/wp-content\/uploads\/2020\/04\/alexpastor-badalona.jpg","type":"image\/jpeg"}],"author":"conversesacatalunya","twitter_card":"summary_large_image","twitter_misc":{"Escrito por":"conversesacatalunya","Tiempo de lectura":"2 minutos"},"schema":{"@context":"https:\/\/schema.org","@graph":[{"@type":"Article","@id":"https:\/\/conversesacatalunya.cat\/es\/el-escandalo-del-dimisionario-alcalde-de-badalona\/#article","isPartOf":{"@id":"https:\/\/conversesacatalunya.cat\/es\/el-escandalo-del-dimisionario-alcalde-de-badalona\/"},"author":{"name":"conversesacatalunya","@id":"https:\/\/conversesacatalunya.cat\/#\/schema\/person\/7e24d1e54a2785373ddcb275eae5ed99"},"headline":"El esc\u00e1ndalo del dimisionario alcalde de Badalona","datePublished":"2020-04-22T14:04:30+00:00","mainEntityOfPage":{"@id":"https:\/\/conversesacatalunya.cat\/es\/el-escandalo-del-dimisionario-alcalde-de-badalona\/"},"wordCount":383,"commentCount":0,"image":{"@id":"https:\/\/conversesacatalunya.cat\/es\/el-escandalo-del-dimisionario-alcalde-de-badalona\/#primaryimage"},"thumbnailUrl":"https:\/\/conversesacatalunya.cat\/wp-content\/uploads\/2020\/04\/alexpastor-badalona.jpg","keywords":["\u00c1lex Pastor","Badalona","Xavier Garc\u00eda Albiol"],"articleSection":["Punts clau del dia (ES)"],"inLanguage":"es","potentialAction":[{"@type":"CommentAction","name":"Comment","target":["https:\/\/conversesacatalunya.cat\/es\/el-escandalo-del-dimisionario-alcalde-de-badalona\/#respond"]}]},{"@type":"WebPage","@id":"https:\/\/conversesacatalunya.cat\/es\/el-escandalo-del-dimisionario-alcalde-de-badalona\/","url":"https:\/\/conversesacatalunya.cat\/es\/el-escandalo-del-dimisionario-alcalde-de-badalona\/","name":"El esc\u00e1ndalo del dimisionario alcalde de Badalona - Converses a Catalunya","isPartOf":{"@id":"https:\/\/conversesacatalunya.cat\/#website"},"primaryImageOfPage":{"@id":"https:\/\/conversesacatalunya.cat\/es\/el-escandalo-del-dimisionario-alcalde-de-badalona\/#primaryimage"},"image":{"@id":"https:\/\/conversesacatalunya.cat\/es\/el-escandalo-del-dimisionario-alcalde-de-badalona\/#primaryimage"},"thumbnailUrl":"https:\/\/conversesacatalunya.cat\/wp-content\/uploads\/2020\/04\/alexpastor-badalona.jpg","datePublished":"2020-04-22T14:04:30+00:00","author":{"@id":"https:\/\/conversesacatalunya.cat\/#\/schema\/person\/7e24d1e54a2785373ddcb275eae5ed99"},"breadcrumb":{"@id":"https:\/\/conversesacatalunya.cat\/es\/el-escandalo-del-dimisionario-alcalde-de-badalona\/#breadcrumb"},"inLanguage":"es","potentialAction":[{"@type":"ReadAction","target":["https:\/\/conversesacatalunya.cat\/es\/el-escandalo-del-dimisionario-alcalde-de-badalona\/"]}]},{"@type":"ImageObject","inLanguage":"es","@id":"https:\/\/conversesacatalunya.cat\/es\/el-escandalo-del-dimisionario-alcalde-de-badalona\/#primaryimage","url":"https:\/\/conversesacatalunya.cat\/wp-content\/uploads\/2020\/04\/alexpastor-badalona.jpg","contentUrl":"https:\/\/conversesacatalunya.cat\/wp-content\/uploads\/2020\/04\/alexpastor-badalona.jpg","width":1600,"height":1080,"caption":"\u00c1lex Pastor"},{"@type":"BreadcrumbList","@id":"https:\/\/conversesacatalunya.cat\/es\/el-escandalo-del-dimisionario-alcalde-de-badalona\/#breadcrumb","itemListElement":[{"@type":"ListItem","position":1,"name":"Inici","item":"https:\/\/conversesacatalunya.cat\/es\/"},{"@type":"ListItem","position":2,"name":"El esc\u00e1ndalo del dimisionario alcalde de Badalona"}]},{"@type":"WebSite","@id":"https:\/\/conversesacatalunya.cat\/#website","url":"https:\/\/conversesacatalunya.cat\/","name":"Converses a Catalunya","description":"","potentialAction":[{"@type":"SearchAction","target":{"@type":"EntryPoint","urlTemplate":"https:\/\/conversesacatalunya.cat\/?s={search_term_string}"},"query-input":{"@type":"PropertyValueSpecification","valueRequired":true,"valueName":"search_term_string"}}],"inLanguage":"es"},{"@type":"Person","@id":"https:\/\/conversesacatalunya.cat\/#\/schema\/person\/7e24d1e54a2785373ddcb275eae5ed99","name":"conversesacatalunya","image":{"@type":"ImageObject","inLanguage":"es","@id":"https:\/\/conversesacatalunya.cat\/#\/schema\/person\/image\/","url":"https:\/\/conversesacatalunya.cat\/wp-content\/litespeed\/avatar\/febdfeeec89d950f01c748045a981dd2.jpg?ver=1777314535","contentUrl":"https:\/\/conversesacatalunya.cat\/wp-content\/litespeed\/avatar\/febdfeeec89d950f01c748045a981dd2.jpg?ver=1777314535","caption":"conversesacatalunya"},"url":"https:\/\/conversesacatalunya.cat\/es\/author\/carme_catala\/"}]}},"wps_subtitle":"","_links":{"self":[{"href":"https:\/\/conversesacatalunya.cat\/es\/wp-json\/wp\/v2\/posts\/35289","targetHints":{"allow":["GET"]}}],"collection":[{"href":"https:\/\/conversesacatalunya.cat\/es\/wp-json\/wp\/v2\/posts"}],"about":[{"href":"https:\/\/conversesacatalunya.cat\/es\/wp-json\/wp\/v2\/types\/post"}],"author":[{"embeddable":true,"href":"https:\/\/conversesacatalunya.cat\/es\/wp-json\/wp\/v2\/users\/2"}],"replies":[{"embeddable":true,"href":"https:\/\/conversesacatalunya.cat\/es\/wp-json\/wp\/v2\/comments?post=35289"}],"version-history":[{"count":1,"href":"https:\/\/conversesacatalunya.cat\/es\/wp-json\/wp\/v2\/posts\/35289\/revisions"}],"predecessor-version":[{"id":35292,"href":"https:\/\/conversesacatalunya.cat\/es\/wp-json\/wp\/v2\/posts\/35289\/revisions\/35292"}],"wp:featuredmedia":[{"embeddable":true,"href":"https:\/\/conversesacatalunya.cat\/es\/wp-json\/wp\/v2\/media\/35290"}],"wp:attachment":[{"href":"https:\/\/conversesacatalunya.cat\/es\/wp-json\/wp\/v2\/media?parent=35289"}],"wp:term":[{"taxonomy":"category","embeddable":true,"href":"https:\/\/conversesacatalunya.cat\/es\/wp-json\/wp\/v2\/categories?post=35289"},{"taxonomy":"post_tag","embeddable":true,"href":"https:\/\/conversesacatalunya.cat\/es\/wp-json\/wp\/v2\/tags?post=35289"}],"curies":[{"name":"wp","href":"https:\/\/api.w.org\/{rel}","templated":true}]}}