{"id":35282,"date":"2020-04-22T12:03:21","date_gmt":"2020-04-22T10:03:21","guid":{"rendered":"https:\/\/conversesacatalunya.cat\/?p=35282"},"modified":"2020-04-22T12:03:21","modified_gmt":"2020-04-22T10:03:21","slug":"una-semana-negativa-para-sanchez","status":"publish","type":"post","link":"https:\/\/conversesacatalunya.cat\/es\/una-semana-negativa-para-sanchez\/","title":{"rendered":"Una semana negativa para S\u00e1nchez"},"content":{"rendered":"<p>Los d\u00edas precedentes a la comparecencia de S\u00e1nchez en el Congreso de los Diputados para solicitar la pr\u00f3rroga del estado de alarma, hoy mi\u00e9rcoles, est\u00e1n resultando <strong>nefastos<\/strong>.<\/p>\n<p>Ayer se celebr\u00f3 el correspondiente Consejo de Ministros y tuvo como resultado una sorprendente rectificaci\u00f3n de uno de sus acuerdos m\u00e1s esperados. Se trataba de la posibilidad de que los <strong>menores salieran a la calle<\/strong> despu\u00e9s de tanto tiempo de confinamiento, bajo determinadas condiciones.<\/p>\n<p>La afirmaci\u00f3n oficial posterior al Consejo limitaba la salida de los ni\u00f1os a acompa\u00f1ar a los padres en determinadas gestiones, como realizar las compras en supermercados o en farmacias. Esta medida desencaden\u00f3 r\u00e1pidamente una gran pol\u00e9mica por lo absurdo de la misma. Primero, porque es m\u00e1s peligroso llevarlos a un lugar cerrado que a un espacio p\u00fablico como es la calle, y segundo porque desde el punto de vista de aligerar la carga del encierro, su efecto era escaso, por no decir nulo. El resultado fue una rectificaci\u00f3n en cuesti\u00f3n de horas, con la comparecencia del rostro impasible del Gobierno, <strong>Salvador Illa,<\/strong> ministro de Sanidad.<\/p>\n<p>Es sorprendente y preocupante que una medida relativamente sencilla, que ha debido pasar por la reuni\u00f3n de subsecretarios, adem\u00e1s del Consejo de Ministros, diera pie a un error de tal dimensi\u00f3n. \u00bfEn qu\u00e9 est\u00e1n pensados tantos altos cargos p\u00fablicos y el propio presidente del gobierno, para que este sea el resultado? Tambi\u00e9n es alarmante, en la medida que dice muy poco, el reiterado asesoramiento cient\u00edfico que reclama S\u00e1nchez para todas sus medidas.<\/p>\n<p>Pero los desaciertos, y no menores, no terminan ah\u00ed. Las anunciadas y famosas <strong>pruebas masivas<\/strong> para conocer el grado de inmunizaci\u00f3n de la poblaci\u00f3n, no podr\u00e1n realizarse porque una vez m\u00e1s el material utilizado es defectuoso, tanto que el Gobierno no solo lo ha retirado, sino que exige a la empresa la devoluci\u00f3n del dinero pagado. Esto significa que para llevar a cabo esta medida, que se consideraba clave para el desconfinamiento racional progresivo, tiene que realizarse un nuevo proceso de compra. Un fracaso m\u00e1s en una cuesti\u00f3n estrat\u00e9gica, una de las pocas que permite una prevenci\u00f3n eficaz contra el coronavirus que nos ataca: <strong>la disponibilidad de test<\/strong> para medir el contagio entre la poblaci\u00f3n.<\/p>\n<p>Tambi\u00e9n se ha venido anunciando la instalaci\u00f3n de un precio m\u00e1ximo <strong>para las mascarillas quir\u00fargicas<\/strong>, como una forma de corregir los aumentos desmesurados de precio que se han aplicado. Es necesario decir, que esta medida no estaba exenta de cr\u00edtica, en el sentido de se\u00f1alar que esta situaci\u00f3n era consecuencia de <strong>un d\u00e9ficit de oferta<\/strong>, y que al fijar un precio m\u00e1ximo, lo \u00fanico que se conseguir\u00eda es el desabastecimiento y el aumento del mercado negro, y que la soluci\u00f3n radicaba en forzar la producci\u00f3n espa\u00f1ola de mascarillas, que por otra parte son un producto de muy baja tecnolog\u00eda y f\u00e1cil de elaborar.<\/p>\n<p>Al final se ha establecido el precio l\u00edmite, pero <strong>resulta muy elevado<\/strong>. En este sentido, poca garant\u00eda significa hacer pagar casi 1\u20ac por una mascarilla quir\u00fargica, cuyo uso en buenas condiciones apenas si alcanza unos pocos d\u00edas. La cifra constituye un exceso y no resuelve nada, porque toda la poblaci\u00f3n espa\u00f1ola, la m\u00e1s necesitada, <strong>no puede a\u00f1adir a su dram\u00e1tica situaci\u00f3n econ\u00f3mica<\/strong>, el coste habitual de gastarse 96 c\u00e9ntimos de euro para tener una m\u00ednima protecci\u00f3n. Con esta medida el gobierno certifica la desigualdad en la forma de afrontar la pandemia.<\/p>\n<p>Un cuarto elemento que ha desatado justificadas cr\u00edticas contra el Gobierno, y ha movido a preocupaci\u00f3n, han sido <strong>las declaraciones del jefe del estado mayor de la Guardia Civil<\/strong> sobre las actuaciones de esta fuerza para evitar un ambiente cr\u00edtico contra el Gobierno en las redes sociales. El desmentido que el propio general, a preguntas de los periodistas, ha desplegado esta misma semana, <strong>ha complicado m\u00e1s que ha resuelto la cuesti\u00f3n<\/strong>. Porque para justificar su acci\u00f3n se ha referido a aquellas noticias que significan \u201c<strong>desconfianza<\/strong>\u201d. Pero resulta evidente que la Guardia Civil no est\u00e1 para medir la confianza o desconfianza que genere la informaci\u00f3n, sino en todo caso para cortar aquello que objetivamente sean falsedades informativas.<\/p>\n<p>Que la Guardia Civil act\u00faa de una manera que puede vulnerar la libertad de expresi\u00f3n, se ha visto confirmado por el conocimiento de <strong>la orden interna de 16 de abril<\/strong> para que se act\u00fae sobre aquellas informaciones que signifiquen promover \u201c<strong>la desafecci\u00f3n hacia las instituciones de Gobierno<\/strong>\u201d; ni tan siquiera del Estado, sino del Gobierno. Estar\u00edamos as\u00ed potencialmente delante de una actuaci\u00f3n t\u00edpica de un r\u00e9gimen policial, donde lo que se persigue no es la falsedad demostrada de un hecho generador de alarma, sino aquellos enfoques generadores de desconfianza y desafecci\u00f3n hacia quienes nos gobiernan. Es un p\u00e9simo precedente, el Congreso debe esclarecer y pedir responsabilidades. M\u00e1s cuando la propia ministra de educaci\u00f3n <strong>Celaa<\/strong>\u00a0ha afirmado esta misma semana que el Gobierno no puede aceptar <strong>\u201cmensajes negativos<\/strong>\u201d.<\/p>\n<p>Y por si fueran pocas las dudas de que S\u00e1nchez intenta manipular la opini\u00f3n, se ha destapado que en el Facebook del Ministerio de Sanidad, la gran abundancia de \u201cLike\u201d a las informaciones oficiales, corresponden a una abundante lista de seguidoras de im\u00e1genes glamurosas y nombres sofisticados, que con toda raz\u00f3n se considera que proceden de cuentas creadas hace pocos d\u00edas para realizar esta funci\u00f3n artificial de aplauso. En este caso la forma de proceder ha sido tan burda que el resultado es perfectamente rid\u00edculo.<\/p>\n<p>Pocas dudas quedan de que S\u00e1nchez no gobierna bien, que tiene conciencia de ello, y que ha desplazado el eje de su acci\u00f3n a aquel \u00e1mbito donde se mueve m\u00e1s como su gur\u00fa oficial, Iv\u00e1n Redondo. <strong>Mientras, se sigue prorrogando el confinamiento en las condiciones m\u00e1s duras de Europa.<\/strong><\/p>\n<p style=\"text-align: center;\"><strong>M\u00e1s informaci\u00f3n sobre el coronavirus en <a href=\"https:\/\/conversesacatalunya.cat\/es\/coronavirus\/\" target=\"_blank\" rel=\"noopener noreferrer\">ESPECIAL CORONAVIRUS<\/a><\/strong><\/p>\n<span class='bctt-click-to-tweet'><span class='bctt-ctt-text'><a href='https:\/\/twitter.com\/intent\/tweet?url=https%3A%2F%2Fconversesacatalunya.cat%2Fes%2Funa-semana-negativa-para-sanchez%2F&#038;text=Los%20d%C3%ADas%20precedentes%20a%20la%20comparecencia%20de%20S%C3%A1nchez%20en%20el%20Congreso%20de%20los%20Diputados%20para%20solicitar%20la%20pr%C3%B3rroga%20del%20estado%20de%20alarma%2C%20hoy%20mi%C3%A9rcoles%2C%20est%C3%A1n%20resultando%20nefastos.&#038;via=conversesacat&#038;related=conversesacat' target='_blank'rel=\"noopener noreferrer\">Los d\u00edas precedentes a la comparecencia de S\u00e1nchez en el Congreso de los Diputados para solicitar la pr\u00f3rroga del estado de alarma, hoy mi\u00e9rcoles, est\u00e1n resultando nefastos. <\/a><\/span><a href='https:\/\/twitter.com\/intent\/tweet?url=https%3A%2F%2Fconversesacatalunya.cat%2Fes%2Funa-semana-negativa-para-sanchez%2F&#038;text=Los%20d%C3%ADas%20precedentes%20a%20la%20comparecencia%20de%20S%C3%A1nchez%20en%20el%20Congreso%20de%20los%20Diputados%20para%20solicitar%20la%20pr%C3%B3rroga%20del%20estado%20de%20alarma%2C%20hoy%20mi%C3%A9rcoles%2C%20est%C3%A1n%20resultando%20nefastos.&#038;via=conversesacat&#038;related=conversesacat' target='_blank' class='bctt-ctt-btn'rel=\"noopener noreferrer\">Compartir en X<\/a><\/span>\n","protected":false},"excerpt":{"rendered":"<p>Los d\u00edas precedentes a la comparecencia de S\u00e1nchez en el Congreso de los Diputados para solicitar la pr\u00f3rroga del estado de alarma, hoy mi\u00e9rcoles, est\u00e1n resultando nefastos. Ayer se celebr\u00f3 el correspondiente Consejo de Ministros y tuvo como resultado una sorprendente rectificaci\u00f3n de uno de sus acuerdos m\u00e1s esperados. Se trataba de la posibilidad de que los menores salieran a la calle despu\u00e9s de tanto tiempo de confinamiento, bajo determinadas condiciones. La afirmaci\u00f3n oficial posterior al Consejo limitaba la salida de los ni\u00f1os a acompa\u00f1ar a los padres en determinadas gestiones, como realizar las compras en supermercados o en farmacias. Esta medida desencaden\u00f3 r\u00e1pidamente una gran pol\u00e9mica por lo absurdo de la misma. Primero, porque es m\u00e1s peligroso llevarlos a un lugar cerrado que a un espacio p\u00fablico como es la calle, y segundo porque desde el punto de vista de aligerar la carga del encierro, su efecto era escaso, por no decir nulo. El resultado fue una rectificaci\u00f3n en cuesti\u00f3n de horas, con la comparecencia del rostro impasible del Gobierno, Salvador Illa, ministro de Sanidad. Es sorprendente y preocupante que una medida relativamente sencilla, que ha debido pasar por la reuni\u00f3n de subsecretarios, adem\u00e1s del Consejo de Ministros, diera pie a un error de tal dimensi\u00f3n. \u00bfEn qu\u00e9 est\u00e1n pensados tantos altos cargos p\u00fablicos y el propio presidente del gobierno, para que este sea el resultado? Tambi\u00e9n es alarmante, en la medida que dice muy poco, el reiterado asesoramiento cient\u00edfico que reclama S\u00e1nchez para todas sus medidas. Pero los desaciertos, y no menores, no terminan ah\u00ed. Las anunciadas y famosas pruebas masivas para conocer el grado de inmunizaci\u00f3n de la poblaci\u00f3n, no podr\u00e1n realizarse porque una vez m\u00e1s el material utilizado es defectuoso, tanto que el Gobierno no solo lo ha retirado, sino que exige a la empresa la devoluci\u00f3n del dinero pagado. Esto significa que para llevar a cabo esta medida, que se consideraba clave para el desconfinamiento racional progresivo, tiene que realizarse un nuevo proceso de compra. Un fracaso m\u00e1s en una cuesti\u00f3n estrat\u00e9gica, una de las pocas que permite una prevenci\u00f3n eficaz contra el coronavirus que nos ataca: la disponibilidad de test para medir el contagio entre la poblaci\u00f3n. Tambi\u00e9n se ha venido anunciando la instalaci\u00f3n de un precio m\u00e1ximo para las mascarillas quir\u00fargicas, como una forma de corregir los aumentos desmesurados de precio que se han aplicado. Es necesario decir, que esta medida no estaba exenta de cr\u00edtica, en el sentido de se\u00f1alar que esta situaci\u00f3n era consecuencia de un d\u00e9ficit de oferta, y que al fijar un precio m\u00e1ximo, lo \u00fanico que se conseguir\u00eda es el desabastecimiento y el aumento del mercado negro, y que la soluci\u00f3n radicaba en forzar la producci\u00f3n espa\u00f1ola de mascarillas, que por otra parte son un producto de muy baja tecnolog\u00eda y f\u00e1cil de elaborar. Al final se ha establecido el precio l\u00edmite, pero resulta muy elevado. En este sentido, poca garant\u00eda significa hacer pagar casi 1\u20ac por una mascarilla quir\u00fargica, cuyo uso en buenas condiciones apenas si alcanza unos pocos d\u00edas. La cifra constituye un exceso y no resuelve nada, porque toda la poblaci\u00f3n espa\u00f1ola, la m\u00e1s necesitada, no puede a\u00f1adir a su dram\u00e1tica situaci\u00f3n econ\u00f3mica, el coste habitual de gastarse 96 c\u00e9ntimos de euro para tener una m\u00ednima protecci\u00f3n. Con esta medida el gobierno certifica la desigualdad en la forma de afrontar la pandemia. Un cuarto elemento que ha desatado justificadas cr\u00edticas contra el Gobierno, y ha movido a preocupaci\u00f3n, han sido las declaraciones del jefe del estado mayor de la Guardia Civil sobre las actuaciones de esta fuerza para evitar un ambiente cr\u00edtico contra el Gobierno en las redes sociales. El desmentido que el propio general, a preguntas de los periodistas, ha desplegado esta misma semana, ha complicado m\u00e1s que ha resuelto la cuesti\u00f3n. Porque para justificar su acci\u00f3n se ha referido a aquellas noticias que significan \u201cdesconfianza\u201d. Pero resulta evidente que la Guardia Civil no est\u00e1 para medir la confianza o desconfianza que genere la informaci\u00f3n, sino en todo caso para cortar aquello que objetivamente sean falsedades informativas. Que la Guardia Civil act\u00faa de una manera que puede vulnerar la libertad de expresi\u00f3n, se ha visto confirmado por el conocimiento de la orden interna de 16 de abril para que se act\u00fae sobre aquellas informaciones que signifiquen promover \u201cla desafecci\u00f3n hacia las instituciones de Gobierno\u201d; ni tan siquiera del Estado, sino del Gobierno. Estar\u00edamos as\u00ed potencialmente delante de una actuaci\u00f3n t\u00edpica de un r\u00e9gimen policial, donde lo que se persigue no es la falsedad demostrada de un hecho generador de alarma, sino aquellos enfoques generadores de desconfianza y desafecci\u00f3n hacia quienes nos gobiernan. Es un p\u00e9simo precedente, el Congreso debe esclarecer y pedir responsabilidades. M\u00e1s cuando la propia ministra de educaci\u00f3n Celaa\u00a0ha afirmado esta misma semana que el Gobierno no puede aceptar \u201cmensajes negativos\u201d. Y por si fueran pocas las dudas de que S\u00e1nchez intenta manipular la opini\u00f3n, se ha destapado que en el Facebook del Ministerio de Sanidad, la gran abundancia de \u201cLike\u201d a las informaciones oficiales, corresponden a una abundante lista de seguidoras de im\u00e1genes glamurosas y nombres sofisticados, que con toda raz\u00f3n se considera que proceden de cuentas creadas hace pocos d\u00edas para realizar esta funci\u00f3n artificial de aplauso. En este caso la forma de proceder ha sido tan burda que el resultado es perfectamente rid\u00edculo. Pocas dudas quedan de que S\u00e1nchez no gobierna bien, que tiene conciencia de ello, y que ha desplazado el eje de su acci\u00f3n a aquel \u00e1mbito donde se mueve m\u00e1s como su gur\u00fa oficial, Iv\u00e1n Redondo. Mientras, se sigue prorrogando el confinamiento en las condiciones m\u00e1s duras de Europa. M\u00e1s informaci\u00f3n sobre el coronavirus en ESPECIAL CORONAVIRUS<\/p>\n","protected":false},"author":2,"featured_media":35286,"comment_status":"open","ping_status":"open","sticky":false,"template":"","format":"standard","meta":{"_FSMCFIC_featured_image_caption":"","_FSMCFIC_featured_image_nocaption":"","_FSMCFIC_featured_image_hide":"","footnotes":""},"categories":[1772,806],"tags":[1504,2049],"class_list":["post-35282","post","type-post","status-publish","format-standard","has-post-thumbnail","hentry","category-especial-coronavirus-es","category-punts-claus-del-dia-es","tag-coronavirus-es","tag-medidas-coronavirus"],"yoast_head":"<!-- This site is optimized with the Yoast SEO plugin v26.8 - https:\/\/yoast.com\/product\/yoast-seo-wordpress\/ -->\n<title>Una semana negativa para S\u00e1nchez - Converses a Catalunya<\/title>\n<meta name=\"description\" content=\"Los d\u00edas precedentes a la comparecencia de S\u00e1nchez en el Congreso de los Diputados para la pr\u00f3rroga del estado de alarma est\u00e1n resultando nefastos.\" \/>\n<meta name=\"robots\" content=\"index, follow, max-snippet:-1, max-image-preview:large, max-video-preview:-1\" \/>\n<link rel=\"canonical\" href=\"https:\/\/conversesacatalunya.cat\/es\/una-semana-negativa-para-sanchez\/\" \/>\n<meta property=\"og:locale\" content=\"es_ES\" \/>\n<meta property=\"og:type\" content=\"article\" \/>\n<meta property=\"og:title\" content=\"Una semana negativa para S\u00e1nchez - Converses a Catalunya\" \/>\n<meta property=\"og:description\" content=\"Los d\u00edas precedentes a la comparecencia de S\u00e1nchez en el Congreso de los Diputados para la pr\u00f3rroga del estado de alarma est\u00e1n resultando nefastos.\" \/>\n<meta property=\"og:url\" content=\"https:\/\/conversesacatalunya.cat\/es\/una-semana-negativa-para-sanchez\/\" \/>\n<meta property=\"og:site_name\" content=\"Converses a Catalunya\" \/>\n<meta property=\"article:published_time\" content=\"2020-04-22T10:03:21+00:00\" \/>\n<meta property=\"og:image\" content=\"https:\/\/conversesacatalunya.cat\/wp-content\/uploads\/2020\/04\/pedro-sanchez-presidente-del-gobierno-de-espana-foto-la-moncloa.jpeg\" \/>\n\t<meta property=\"og:image:width\" content=\"1200\" \/>\n\t<meta property=\"og:image:height\" content=\"564\" \/>\n\t<meta property=\"og:image:type\" content=\"image\/jpeg\" \/>\n<meta name=\"author\" content=\"conversesacatalunya\" \/>\n<meta name=\"twitter:card\" content=\"summary_large_image\" \/>\n<meta name=\"twitter:label1\" content=\"Escrito por\" \/>\n\t<meta name=\"twitter:data1\" content=\"conversesacatalunya\" \/>\n\t<meta name=\"twitter:label2\" content=\"Tiempo de lectura\" \/>\n\t<meta name=\"twitter:data2\" content=\"5 minutos\" \/>\n<script type=\"application\/ld+json\" class=\"yoast-schema-graph\">{\"@context\":\"https:\/\/schema.org\",\"@graph\":[{\"@type\":\"Article\",\"@id\":\"https:\/\/conversesacatalunya.cat\/es\/una-semana-negativa-para-sanchez\/#article\",\"isPartOf\":{\"@id\":\"https:\/\/conversesacatalunya.cat\/es\/una-semana-negativa-para-sanchez\/\"},\"author\":{\"name\":\"conversesacatalunya\",\"@id\":\"https:\/\/conversesacatalunya.cat\/#\/schema\/person\/7e24d1e54a2785373ddcb275eae5ed99\"},\"headline\":\"Una semana negativa para S\u00e1nchez\",\"datePublished\":\"2020-04-22T10:03:21+00:00\",\"mainEntityOfPage\":{\"@id\":\"https:\/\/conversesacatalunya.cat\/es\/una-semana-negativa-para-sanchez\/\"},\"wordCount\":1078,\"commentCount\":0,\"image\":{\"@id\":\"https:\/\/conversesacatalunya.cat\/es\/una-semana-negativa-para-sanchez\/#primaryimage\"},\"thumbnailUrl\":\"https:\/\/conversesacatalunya.cat\/wp-content\/uploads\/2020\/04\/pedro-sanchez-presidente-del-gobierno-de-espana-foto-la-moncloa.jpeg\",\"keywords\":[\"coronavirus\",\"medidas coronavirus\"],\"articleSection\":[\"Especial Coronavirus (ES)\",\"Punts clau del dia (ES)\"],\"inLanguage\":\"es\",\"potentialAction\":[{\"@type\":\"CommentAction\",\"name\":\"Comment\",\"target\":[\"https:\/\/conversesacatalunya.cat\/es\/una-semana-negativa-para-sanchez\/#respond\"]}]},{\"@type\":\"WebPage\",\"@id\":\"https:\/\/conversesacatalunya.cat\/es\/una-semana-negativa-para-sanchez\/\",\"url\":\"https:\/\/conversesacatalunya.cat\/es\/una-semana-negativa-para-sanchez\/\",\"name\":\"Una semana negativa para S\u00e1nchez - Converses a Catalunya\",\"isPartOf\":{\"@id\":\"https:\/\/conversesacatalunya.cat\/#website\"},\"primaryImageOfPage\":{\"@id\":\"https:\/\/conversesacatalunya.cat\/es\/una-semana-negativa-para-sanchez\/#primaryimage\"},\"image\":{\"@id\":\"https:\/\/conversesacatalunya.cat\/es\/una-semana-negativa-para-sanchez\/#primaryimage\"},\"thumbnailUrl\":\"https:\/\/conversesacatalunya.cat\/wp-content\/uploads\/2020\/04\/pedro-sanchez-presidente-del-gobierno-de-espana-foto-la-moncloa.jpeg\",\"datePublished\":\"2020-04-22T10:03:21+00:00\",\"author\":{\"@id\":\"https:\/\/conversesacatalunya.cat\/#\/schema\/person\/7e24d1e54a2785373ddcb275eae5ed99\"},\"description\":\"Los d\u00edas precedentes a la comparecencia de S\u00e1nchez en el Congreso de los Diputados para la pr\u00f3rroga del estado de alarma est\u00e1n resultando nefastos.\",\"breadcrumb\":{\"@id\":\"https:\/\/conversesacatalunya.cat\/es\/una-semana-negativa-para-sanchez\/#breadcrumb\"},\"inLanguage\":\"es\",\"potentialAction\":[{\"@type\":\"ReadAction\",\"target\":[\"https:\/\/conversesacatalunya.cat\/es\/una-semana-negativa-para-sanchez\/\"]}]},{\"@type\":\"ImageObject\",\"inLanguage\":\"es\",\"@id\":\"https:\/\/conversesacatalunya.cat\/es\/una-semana-negativa-para-sanchez\/#primaryimage\",\"url\":\"https:\/\/conversesacatalunya.cat\/wp-content\/uploads\/2020\/04\/pedro-sanchez-presidente-del-gobierno-de-espana-foto-la-moncloa.jpeg\",\"contentUrl\":\"https:\/\/conversesacatalunya.cat\/wp-content\/uploads\/2020\/04\/pedro-sanchez-presidente-del-gobierno-de-espana-foto-la-moncloa.jpeg\",\"width\":1200,\"height\":564,\"caption\":\"S\u00e1nchez\"},{\"@type\":\"BreadcrumbList\",\"@id\":\"https:\/\/conversesacatalunya.cat\/es\/una-semana-negativa-para-sanchez\/#breadcrumb\",\"itemListElement\":[{\"@type\":\"ListItem\",\"position\":1,\"name\":\"Inici\",\"item\":\"https:\/\/conversesacatalunya.cat\/es\/\"},{\"@type\":\"ListItem\",\"position\":2,\"name\":\"Una semana negativa para S\u00e1nchez\"}]},{\"@type\":\"WebSite\",\"@id\":\"https:\/\/conversesacatalunya.cat\/#website\",\"url\":\"https:\/\/conversesacatalunya.cat\/\",\"name\":\"Converses a Catalunya\",\"description\":\"\",\"potentialAction\":[{\"@type\":\"SearchAction\",\"target\":{\"@type\":\"EntryPoint\",\"urlTemplate\":\"https:\/\/conversesacatalunya.cat\/?s={search_term_string}\"},\"query-input\":{\"@type\":\"PropertyValueSpecification\",\"valueRequired\":true,\"valueName\":\"search_term_string\"}}],\"inLanguage\":\"es\"},{\"@type\":\"Person\",\"@id\":\"https:\/\/conversesacatalunya.cat\/#\/schema\/person\/7e24d1e54a2785373ddcb275eae5ed99\",\"name\":\"conversesacatalunya\",\"image\":{\"@type\":\"ImageObject\",\"inLanguage\":\"es\",\"@id\":\"https:\/\/conversesacatalunya.cat\/#\/schema\/person\/image\/\",\"url\":\"https:\/\/conversesacatalunya.cat\/wp-content\/litespeed\/avatar\/febdfeeec89d950f01c748045a981dd2.jpg?ver=1777314535\",\"contentUrl\":\"https:\/\/conversesacatalunya.cat\/wp-content\/litespeed\/avatar\/febdfeeec89d950f01c748045a981dd2.jpg?ver=1777314535\",\"caption\":\"conversesacatalunya\"},\"url\":\"https:\/\/conversesacatalunya.cat\/es\/author\/carme_catala\/\"}]}<\/script>\n<!-- \/ Yoast SEO plugin. -->","yoast_head_json":{"title":"Una semana negativa para S\u00e1nchez - Converses a Catalunya","description":"Los d\u00edas precedentes a la comparecencia de S\u00e1nchez en el Congreso de los Diputados para la pr\u00f3rroga del estado de alarma est\u00e1n resultando nefastos.","robots":{"index":"index","follow":"follow","max-snippet":"max-snippet:-1","max-image-preview":"max-image-preview:large","max-video-preview":"max-video-preview:-1"},"canonical":"https:\/\/conversesacatalunya.cat\/es\/una-semana-negativa-para-sanchez\/","og_locale":"es_ES","og_type":"article","og_title":"Una semana negativa para S\u00e1nchez - Converses a Catalunya","og_description":"Los d\u00edas precedentes a la comparecencia de S\u00e1nchez en el Congreso de los Diputados para la pr\u00f3rroga del estado de alarma est\u00e1n resultando nefastos.","og_url":"https:\/\/conversesacatalunya.cat\/es\/una-semana-negativa-para-sanchez\/","og_site_name":"Converses a Catalunya","article_published_time":"2020-04-22T10:03:21+00:00","og_image":[{"width":1200,"height":564,"url":"https:\/\/conversesacatalunya.cat\/wp-content\/uploads\/2020\/04\/pedro-sanchez-presidente-del-gobierno-de-espana-foto-la-moncloa.jpeg","type":"image\/jpeg"}],"author":"conversesacatalunya","twitter_card":"summary_large_image","twitter_misc":{"Escrito por":"conversesacatalunya","Tiempo de lectura":"5 minutos"},"schema":{"@context":"https:\/\/schema.org","@graph":[{"@type":"Article","@id":"https:\/\/conversesacatalunya.cat\/es\/una-semana-negativa-para-sanchez\/#article","isPartOf":{"@id":"https:\/\/conversesacatalunya.cat\/es\/una-semana-negativa-para-sanchez\/"},"author":{"name":"conversesacatalunya","@id":"https:\/\/conversesacatalunya.cat\/#\/schema\/person\/7e24d1e54a2785373ddcb275eae5ed99"},"headline":"Una semana negativa para S\u00e1nchez","datePublished":"2020-04-22T10:03:21+00:00","mainEntityOfPage":{"@id":"https:\/\/conversesacatalunya.cat\/es\/una-semana-negativa-para-sanchez\/"},"wordCount":1078,"commentCount":0,"image":{"@id":"https:\/\/conversesacatalunya.cat\/es\/una-semana-negativa-para-sanchez\/#primaryimage"},"thumbnailUrl":"https:\/\/conversesacatalunya.cat\/wp-content\/uploads\/2020\/04\/pedro-sanchez-presidente-del-gobierno-de-espana-foto-la-moncloa.jpeg","keywords":["coronavirus","medidas coronavirus"],"articleSection":["Especial Coronavirus (ES)","Punts clau del dia (ES)"],"inLanguage":"es","potentialAction":[{"@type":"CommentAction","name":"Comment","target":["https:\/\/conversesacatalunya.cat\/es\/una-semana-negativa-para-sanchez\/#respond"]}]},{"@type":"WebPage","@id":"https:\/\/conversesacatalunya.cat\/es\/una-semana-negativa-para-sanchez\/","url":"https:\/\/conversesacatalunya.cat\/es\/una-semana-negativa-para-sanchez\/","name":"Una semana negativa para S\u00e1nchez - Converses a Catalunya","isPartOf":{"@id":"https:\/\/conversesacatalunya.cat\/#website"},"primaryImageOfPage":{"@id":"https:\/\/conversesacatalunya.cat\/es\/una-semana-negativa-para-sanchez\/#primaryimage"},"image":{"@id":"https:\/\/conversesacatalunya.cat\/es\/una-semana-negativa-para-sanchez\/#primaryimage"},"thumbnailUrl":"https:\/\/conversesacatalunya.cat\/wp-content\/uploads\/2020\/04\/pedro-sanchez-presidente-del-gobierno-de-espana-foto-la-moncloa.jpeg","datePublished":"2020-04-22T10:03:21+00:00","author":{"@id":"https:\/\/conversesacatalunya.cat\/#\/schema\/person\/7e24d1e54a2785373ddcb275eae5ed99"},"description":"Los d\u00edas precedentes a la comparecencia de S\u00e1nchez en el Congreso de los Diputados para la pr\u00f3rroga del estado de alarma est\u00e1n resultando nefastos.","breadcrumb":{"@id":"https:\/\/conversesacatalunya.cat\/es\/una-semana-negativa-para-sanchez\/#breadcrumb"},"inLanguage":"es","potentialAction":[{"@type":"ReadAction","target":["https:\/\/conversesacatalunya.cat\/es\/una-semana-negativa-para-sanchez\/"]}]},{"@type":"ImageObject","inLanguage":"es","@id":"https:\/\/conversesacatalunya.cat\/es\/una-semana-negativa-para-sanchez\/#primaryimage","url":"https:\/\/conversesacatalunya.cat\/wp-content\/uploads\/2020\/04\/pedro-sanchez-presidente-del-gobierno-de-espana-foto-la-moncloa.jpeg","contentUrl":"https:\/\/conversesacatalunya.cat\/wp-content\/uploads\/2020\/04\/pedro-sanchez-presidente-del-gobierno-de-espana-foto-la-moncloa.jpeg","width":1200,"height":564,"caption":"S\u00e1nchez"},{"@type":"BreadcrumbList","@id":"https:\/\/conversesacatalunya.cat\/es\/una-semana-negativa-para-sanchez\/#breadcrumb","itemListElement":[{"@type":"ListItem","position":1,"name":"Inici","item":"https:\/\/conversesacatalunya.cat\/es\/"},{"@type":"ListItem","position":2,"name":"Una semana negativa para S\u00e1nchez"}]},{"@type":"WebSite","@id":"https:\/\/conversesacatalunya.cat\/#website","url":"https:\/\/conversesacatalunya.cat\/","name":"Converses a Catalunya","description":"","potentialAction":[{"@type":"SearchAction","target":{"@type":"EntryPoint","urlTemplate":"https:\/\/conversesacatalunya.cat\/?s={search_term_string}"},"query-input":{"@type":"PropertyValueSpecification","valueRequired":true,"valueName":"search_term_string"}}],"inLanguage":"es"},{"@type":"Person","@id":"https:\/\/conversesacatalunya.cat\/#\/schema\/person\/7e24d1e54a2785373ddcb275eae5ed99","name":"conversesacatalunya","image":{"@type":"ImageObject","inLanguage":"es","@id":"https:\/\/conversesacatalunya.cat\/#\/schema\/person\/image\/","url":"https:\/\/conversesacatalunya.cat\/wp-content\/litespeed\/avatar\/febdfeeec89d950f01c748045a981dd2.jpg?ver=1777314535","contentUrl":"https:\/\/conversesacatalunya.cat\/wp-content\/litespeed\/avatar\/febdfeeec89d950f01c748045a981dd2.jpg?ver=1777314535","caption":"conversesacatalunya"},"url":"https:\/\/conversesacatalunya.cat\/es\/author\/carme_catala\/"}]}},"wps_subtitle":"","_links":{"self":[{"href":"https:\/\/conversesacatalunya.cat\/es\/wp-json\/wp\/v2\/posts\/35282","targetHints":{"allow":["GET"]}}],"collection":[{"href":"https:\/\/conversesacatalunya.cat\/es\/wp-json\/wp\/v2\/posts"}],"about":[{"href":"https:\/\/conversesacatalunya.cat\/es\/wp-json\/wp\/v2\/types\/post"}],"author":[{"embeddable":true,"href":"https:\/\/conversesacatalunya.cat\/es\/wp-json\/wp\/v2\/users\/2"}],"replies":[{"embeddable":true,"href":"https:\/\/conversesacatalunya.cat\/es\/wp-json\/wp\/v2\/comments?post=35282"}],"version-history":[{"count":1,"href":"https:\/\/conversesacatalunya.cat\/es\/wp-json\/wp\/v2\/posts\/35282\/revisions"}],"predecessor-version":[{"id":35288,"href":"https:\/\/conversesacatalunya.cat\/es\/wp-json\/wp\/v2\/posts\/35282\/revisions\/35288"}],"wp:featuredmedia":[{"embeddable":true,"href":"https:\/\/conversesacatalunya.cat\/es\/wp-json\/wp\/v2\/media\/35286"}],"wp:attachment":[{"href":"https:\/\/conversesacatalunya.cat\/es\/wp-json\/wp\/v2\/media?parent=35282"}],"wp:term":[{"taxonomy":"category","embeddable":true,"href":"https:\/\/conversesacatalunya.cat\/es\/wp-json\/wp\/v2\/categories?post=35282"},{"taxonomy":"post_tag","embeddable":true,"href":"https:\/\/conversesacatalunya.cat\/es\/wp-json\/wp\/v2\/tags?post=35282"}],"curies":[{"name":"wp","href":"https:\/\/api.w.org\/{rel}","templated":true}]}}