{"id":35275,"date":"2020-04-22T11:36:35","date_gmt":"2020-04-22T09:36:35","guid":{"rendered":"https:\/\/conversesacatalunya.cat\/respecte-per-la-terra\/"},"modified":"2020-04-22T11:52:20","modified_gmt":"2020-04-22T09:52:20","slug":"respeto-por-la-tierra","status":"publish","type":"post","link":"https:\/\/conversesacatalunya.cat\/es\/respeto-por-la-tierra\/","title":{"rendered":"Respeto por la tierra"},"content":{"rendered":"<div class=\"pf-content\">\n<p><span><span class=\"\">Da la impresi\u00f3n de que\u00a0<\/span><\/span><strong><span><span class=\"\">hay palabras que han desaparecido del lenguaje habitual<\/span><\/span><\/strong><span><span class=\"\">\u00a0.\u00a0<\/span>Expresiones como \u00abgratuidad, agradecimiento, donaci\u00f3n, gratitud ..\u00bb Parecen palabras de otra \u00e9poca, como desaparecidas del imaginario colectivo. Ahora todo se explica en t\u00e9rminos de beneficio, ganancias, p\u00e9rdidas, mercado, propiedad &#8230; de tal modo, que el lenguaje coloniza nuestra manera de ver la vida.<\/span><\/p>\n<p><span>Pero de vez en cuando,\u00a0<\/span><strong><span>la vida colectiva experimenta una sacudida fuerte<\/span><\/strong><span>\u00a0, que cambia h\u00e1bitos y maneras de ver las cosas.\u00a0Entonces vemos que lo que nos parec\u00eda fundamental, deja de serlo, y aquello a lo que no prest\u00e1bamos atenci\u00f3n, ahora es centro de inter\u00e9s. Si el lujo, la moda, la imagen, la competitividad &#8230; eran conceptos prioritarios, <strong>ahora lo es la salud,<\/strong> la convivencia, la ayuda, la solidaridad &#8230; \u00bfQu\u00e9 ha pasado?<\/span><\/p>\n<p><span>En la historia de la evoluci\u00f3n de las especies, siempre que hay cambios en el entorno, las especies o tratan de adaptarse a la nueva situaci\u00f3n, o corren el peligro de extinguirse.\u00a0Por lo tanto\u00a0<\/span><strong><span>es urgente una mentalidad de cambio.\u00a0La lucha de todos contra todos, s\u00f3lo nos puede llevar al desastre.<\/span><\/strong><\/p>\n<p><span>Hay que plantearse, \u00bfcomo se puede unir la voluntad pol\u00edtica de todos los pa\u00edses del mundo? \u00bfComo aprender a vivir en paz entre nosotros y con la naturaleza?\u00a0Hemos maltratado la Tierra, y como dec\u00eda Leonardo Boff, la\u00a0<\/span><strong><span>Tierra herida, grita.<\/span><\/strong><\/p>\n<p><span>El sistema instaurado por la revoluci\u00f3n industrial, ha hecho su trabajo, s\u00ed, pero no se ha estado de promover modelos de explotaci\u00f3n y expolio. Este camino no tiene futuro.\u00a0El colapso es evidente.\u00a0Hay un cambio.\u00a0<\/span><strong><span>Conciliar el desarrollo industrial, con la\u00a0<\/span><a href=\"https:\/\/conversesacatalunya.cat\/es\/derechos-y-deberes\/\" target=\"_blank\" rel=\"noopener noreferrer\"><span>protecci\u00f3n ambiental<\/span><\/a><\/strong><span>\u00a0.\u00a0Deber\u00edamos mirar con respeto a los pueblos ind\u00edgenas, que tanto hemos despreciado y maltratado.<\/span><\/p>\n<p><strong><span>Partimos de la premisa injusta de la superioridad cient\u00edfica y moral de la tradici\u00f3n europea<\/span><\/strong><span>\u00a0, y no prestamos atenci\u00f3n a las culturas ind\u00edgenas, sobre todo por su manera de entender la interacci\u00f3n entre el ser humano y el medio natural.\u00a0Necesitaremos para el bien de las futuras generaciones, aprender a escuchar y acoger.\u00a0Generar espacios de di\u00e1logo, y aprender a respetar a los otros, aunque piensen diferente de nosotros. Este respeto debe extenderse, en el mundo en que vivimos.<\/span><\/p>\n<p><strong><span>La Tierra nos ha sido dada como un regalo providencial<\/span><\/strong><span>\u00a0.\u00a0El ser humano tiene derecho a encontrar en ella su sostenimiento, pero no debe actuar de forma agresiva que perjudique el medio ambiente.\u00a0<span class=\"goog-text-highlight\">Este regalo tan magn\u00edfico que gratuitamente hemos recibido, tiene por nuestra parte, una respuesta:\u00a0<\/span><\/span><strong><span><span class=\"goog-text-highlight\">respeto y agradecimiento<\/span><\/span><\/strong><span><span class=\"goog-text-highlight\">\u00a0.<\/span><\/span><\/p>\n<p><b><span class=\"bctt-click-to-tweet\"><span class=\"bctt-ctt-text\"><a href=\"https:\/\/translate.googleusercontent.com\/translate_c?depth=1&amp;hl=es&amp;pto=aue&amp;rurl=translate.google.com&amp;sl=ca&amp;sp=nmt4&amp;tl=es&amp;u=https:\/\/twitter.com\/intent\/tweet%3Furl%3Dhttps%253A%252F%252Fconversesacatalunya.cat%252Frespecte-per-la-terra%252F%26text%3DPartim%2520de%2520la%2520premissa%2520injusta%2520de%2520la%2520superioritat%2520cient%25C3%25ADfica%2520i%2520moral%2520de%2520la%2520tradici%25C3%25B3%2520europea%252C%2520i%2520no%2520parem%2520atenci%25C3%25B3%2520a%2520les%2520cultures%2520ind%25C3%25ADgenes%252C%2520sobretot%2520per%2520la%2520seva%2520manera%2520d%2527entendre%2520la%2520interacci%25C3%25B3%2520entre%2520l%25E2%2580%2599%25C3%25A9sser%2520hum%25C3%25A0%2520i%2520el%2520medi%2520natural%26via%3Dconversesacat%26related%3Dconversesacat&amp;usg=ALkJrhgXjMHc6vmA2pCiuoaPyDuByUcJ9g\" target=\"_blank\" rel=\"noopener noreferrer\"><span>Partimos de la premisa injusta de la superioridad cient\u00edfica y moral de la tradici\u00f3n europea, y no prestamos atenci\u00f3n a las culturas ind\u00edgenas, sobre todo por su manera de entender la interacci\u00f3n entre el ser humano y el medio natural<\/span><\/a><\/span><a class=\"bctt-ctt-btn\" href=\"https:\/\/translate.googleusercontent.com\/translate_c?depth=1&amp;hl=es&amp;pto=aue&amp;rurl=translate.google.com&amp;sl=ca&amp;sp=nmt4&amp;tl=es&amp;u=https:\/\/twitter.com\/intent\/tweet%3Furl%3Dhttps%253A%252F%252Fconversesacatalunya.cat%252Frespecte-per-la-terra%252F%26text%3DPartim%2520de%2520la%2520premissa%2520injusta%2520de%2520la%2520superioritat%2520cient%25C3%25ADfica%2520i%2520moral%2520de%2520la%2520tradici%25C3%25B3%2520europea%252C%2520i%2520no%2520parem%2520atenci%25C3%25B3%2520a%2520les%2520cultures%2520ind%25C3%25ADgenes%252C%2520sobretot%2520per%2520la%2520seva%2520manera%2520d%2527entendre%2520la%2520interacci%25C3%25B3%2520entre%2520l%25E2%2580%2599%25C3%25A9sser%2520hum%25C3%25A0%2520i%2520el%2520medi%2520natural%26via%3Dconversesacat%26related%3Dconversesacat&amp;usg=ALkJrhgXjMHc6vmA2pCiuoaPyDuByUcJ9g\" target=\"_blank\" rel=\"noopener noreferrer\"><span>CLICK TO TWEET<\/span><\/a><\/span>\u00a0<\/b><\/p>\n<\/div>\n<div class=\"ssba-modern-2 ssba ssbp-wrap left ssbp--theme-1\">\n<p>&nbsp;<\/p>\n<\/div>\n","protected":false},"excerpt":{"rendered":"<p>Da la impresi\u00f3n de que\u00a0hay palabras que han desaparecido del lenguaje habitual\u00a0.\u00a0Expresiones como \u00abgratuidad, agradecimiento, donaci\u00f3n, gratitud ..\u00bb Parecen palabras de otra \u00e9poca, como desaparecidas del imaginario colectivo. Ahora todo se explica en t\u00e9rminos de beneficio, ganancias, p\u00e9rdidas, mercado, propiedad &#8230; de tal modo, que el lenguaje coloniza nuestra manera de ver la vida. Pero de vez en cuando,\u00a0la vida colectiva experimenta una sacudida fuerte\u00a0, que cambia h\u00e1bitos y maneras de ver las cosas.\u00a0Entonces vemos que lo que nos parec\u00eda fundamental, deja de serlo, y aquello a lo que no prest\u00e1bamos atenci\u00f3n, ahora es centro de inter\u00e9s. Si el lujo, la moda, la imagen, la competitividad &#8230; eran conceptos prioritarios, ahora lo es la salud, la convivencia, la ayuda, la solidaridad &#8230; \u00bfQu\u00e9 ha pasado? En la historia de la evoluci\u00f3n de las especies, siempre que hay cambios en el entorno, las especies o tratan de adaptarse a la nueva situaci\u00f3n, o corren el peligro de extinguirse.\u00a0Por lo tanto\u00a0es urgente una mentalidad de cambio.\u00a0La lucha de todos contra todos, s\u00f3lo nos puede llevar al desastre. Hay que plantearse, \u00bfcomo se puede unir la voluntad pol\u00edtica de todos los pa\u00edses del mundo? \u00bfComo aprender a vivir en paz entre nosotros y con la naturaleza?\u00a0Hemos maltratado la Tierra, y como dec\u00eda Leonardo Boff, la\u00a0Tierra herida, grita. El sistema instaurado por la revoluci\u00f3n industrial, ha hecho su trabajo, s\u00ed, pero no se ha estado de promover modelos de explotaci\u00f3n y expolio. Este camino no tiene futuro.\u00a0El colapso es evidente.\u00a0Hay un cambio.\u00a0Conciliar el desarrollo industrial, con la\u00a0protecci\u00f3n ambiental\u00a0.\u00a0Deber\u00edamos mirar con respeto a los pueblos ind\u00edgenas, que tanto hemos despreciado y maltratado. Partimos de la premisa injusta de la superioridad cient\u00edfica y moral de la tradici\u00f3n europea\u00a0, y no prestamos atenci\u00f3n a las culturas ind\u00edgenas, sobre todo por su manera de entender la interacci\u00f3n entre el ser humano y el medio natural.\u00a0Necesitaremos para el bien de las futuras generaciones, aprender a escuchar y acoger.\u00a0Generar espacios de di\u00e1logo, y aprender a respetar a los otros, aunque piensen diferente de nosotros. Este respeto debe extenderse, en el mundo en que vivimos. La Tierra nos ha sido dada como un regalo providencial\u00a0.\u00a0El ser humano tiene derecho a encontrar en ella su sostenimiento, pero no debe actuar de forma agresiva que perjudique el medio ambiente.\u00a0Este regalo tan magn\u00edfico que gratuitamente hemos recibido, tiene por nuestra parte, una respuesta:\u00a0respeto y agradecimiento\u00a0. Partimos de la premisa injusta de la superioridad cient\u00edfica y moral de la tradici\u00f3n europea, y no prestamos atenci\u00f3n a las culturas ind\u00edgenas, sobre todo por su manera de entender la interacci\u00f3n entre el ser humano y el medio naturalCLICK TO TWEET\u00a0 &nbsp;<\/p>\n","protected":false},"author":16,"featured_media":35272,"comment_status":"open","ping_status":"open","sticky":false,"template":"","format":"standard","meta":{"_FSMCFIC_featured_image_caption":"","_FSMCFIC_featured_image_nocaption":"","_FSMCFIC_featured_image_hide":"","footnotes":""},"categories":[804],"tags":[1267,2219,2220],"class_list":["post-35275","post","type-post","status-publish","format-standard","has-post-thumbnail","hentry","category-opinem-es","tag-cambio-climatico","tag-proteccion-ambiental","tag-tierra"],"yoast_head":"<!-- This site is optimized with the Yoast SEO plugin v26.8 - https:\/\/yoast.com\/product\/yoast-seo-wordpress\/ -->\n<title>Respeto por la tierra - Converses a Catalunya<\/title>\n<meta name=\"description\" content=\"La Tierra nos ha sido dada com un regalo providencial. Este regalo tan magn\u00edfico, tiene por parte nuestra, una respuesta: respeto por la tierra\" \/>\n<meta name=\"robots\" content=\"index, follow, max-snippet:-1, max-image-preview:large, max-video-preview:-1\" \/>\n<link rel=\"canonical\" href=\"https:\/\/conversesacatalunya.cat\/es\/respeto-por-la-tierra\/\" \/>\n<meta property=\"og:locale\" content=\"es_ES\" \/>\n<meta property=\"og:type\" content=\"article\" \/>\n<meta property=\"og:title\" content=\"Respeto por la tierra - Converses a Catalunya\" \/>\n<meta property=\"og:description\" content=\"La Tierra nos ha sido dada com un regalo providencial. Este regalo tan magn\u00edfico, tiene por parte nuestra, una respuesta: respeto por la tierra\" \/>\n<meta property=\"og:url\" content=\"https:\/\/conversesacatalunya.cat\/es\/respeto-por-la-tierra\/\" \/>\n<meta property=\"og:site_name\" content=\"Converses a Catalunya\" \/>\n<meta property=\"article:published_time\" content=\"2020-04-22T09:36:35+00:00\" \/>\n<meta property=\"article:modified_time\" content=\"2020-04-22T09:52:20+00:00\" \/>\n<meta property=\"og:image\" content=\"https:\/\/conversesacatalunya.cat\/wp-content\/uploads\/2020\/04\/respeto-por-la-tierra.jpg\" \/>\n\t<meta property=\"og:image:width\" content=\"650\" \/>\n\t<meta property=\"og:image:height\" content=\"300\" \/>\n\t<meta property=\"og:image:type\" content=\"image\/jpeg\" \/>\n<meta name=\"author\" content=\"Antoni Pedragosa\" \/>\n<meta name=\"twitter:card\" content=\"summary_large_image\" \/>\n<meta name=\"twitter:label1\" content=\"Escrito por\" \/>\n\t<meta name=\"twitter:data1\" content=\"Antoni Pedragosa\" \/>\n\t<meta name=\"twitter:label2\" content=\"Tiempo de lectura\" \/>\n\t<meta name=\"twitter:data2\" content=\"2 minutos\" \/>\n<script type=\"application\/ld+json\" class=\"yoast-schema-graph\">{\"@context\":\"https:\/\/schema.org\",\"@graph\":[{\"@type\":\"Article\",\"@id\":\"https:\/\/conversesacatalunya.cat\/es\/respeto-por-la-tierra\/#article\",\"isPartOf\":{\"@id\":\"https:\/\/conversesacatalunya.cat\/es\/respeto-por-la-tierra\/\"},\"author\":{\"name\":\"Antoni Pedragosa\",\"@id\":\"https:\/\/conversesacatalunya.cat\/#\/schema\/person\/c7d367ce5cf939081390b9cff82b9efa\"},\"headline\":\"Respeto por la tierra\",\"datePublished\":\"2020-04-22T09:36:35+00:00\",\"dateModified\":\"2020-04-22T09:52:20+00:00\",\"mainEntityOfPage\":{\"@id\":\"https:\/\/conversesacatalunya.cat\/es\/respeto-por-la-tierra\/\"},\"wordCount\":486,\"commentCount\":0,\"image\":{\"@id\":\"https:\/\/conversesacatalunya.cat\/es\/respeto-por-la-tierra\/#primaryimage\"},\"thumbnailUrl\":\"https:\/\/conversesacatalunya.cat\/wp-content\/uploads\/2020\/04\/respeto-por-la-tierra.jpg\",\"keywords\":[\"cambio clim\u00e1tico\",\"protecci\u00f3n ambiental\",\"tierra\"],\"articleSection\":[\"Opinem (ES)\"],\"inLanguage\":\"es\",\"potentialAction\":[{\"@type\":\"CommentAction\",\"name\":\"Comment\",\"target\":[\"https:\/\/conversesacatalunya.cat\/es\/respeto-por-la-tierra\/#respond\"]}]},{\"@type\":\"WebPage\",\"@id\":\"https:\/\/conversesacatalunya.cat\/es\/respeto-por-la-tierra\/\",\"url\":\"https:\/\/conversesacatalunya.cat\/es\/respeto-por-la-tierra\/\",\"name\":\"Respeto por la tierra - Converses a Catalunya\",\"isPartOf\":{\"@id\":\"https:\/\/conversesacatalunya.cat\/#website\"},\"primaryImageOfPage\":{\"@id\":\"https:\/\/conversesacatalunya.cat\/es\/respeto-por-la-tierra\/#primaryimage\"},\"image\":{\"@id\":\"https:\/\/conversesacatalunya.cat\/es\/respeto-por-la-tierra\/#primaryimage\"},\"thumbnailUrl\":\"https:\/\/conversesacatalunya.cat\/wp-content\/uploads\/2020\/04\/respeto-por-la-tierra.jpg\",\"datePublished\":\"2020-04-22T09:36:35+00:00\",\"dateModified\":\"2020-04-22T09:52:20+00:00\",\"author\":{\"@id\":\"https:\/\/conversesacatalunya.cat\/#\/schema\/person\/c7d367ce5cf939081390b9cff82b9efa\"},\"description\":\"La Tierra nos ha sido dada com un regalo providencial. Este regalo tan magn\u00edfico, tiene por parte nuestra, una respuesta: respeto por la tierra\",\"breadcrumb\":{\"@id\":\"https:\/\/conversesacatalunya.cat\/es\/respeto-por-la-tierra\/#breadcrumb\"},\"inLanguage\":\"es\",\"potentialAction\":[{\"@type\":\"ReadAction\",\"target\":[\"https:\/\/conversesacatalunya.cat\/es\/respeto-por-la-tierra\/\"]}]},{\"@type\":\"ImageObject\",\"inLanguage\":\"es\",\"@id\":\"https:\/\/conversesacatalunya.cat\/es\/respeto-por-la-tierra\/#primaryimage\",\"url\":\"https:\/\/conversesacatalunya.cat\/wp-content\/uploads\/2020\/04\/respeto-por-la-tierra.jpg\",\"contentUrl\":\"https:\/\/conversesacatalunya.cat\/wp-content\/uploads\/2020\/04\/respeto-por-la-tierra.jpg\",\"width\":650,\"height\":300,\"caption\":\"respecte per la terra\"},{\"@type\":\"BreadcrumbList\",\"@id\":\"https:\/\/conversesacatalunya.cat\/es\/respeto-por-la-tierra\/#breadcrumb\",\"itemListElement\":[{\"@type\":\"ListItem\",\"position\":1,\"name\":\"Inici\",\"item\":\"https:\/\/conversesacatalunya.cat\/es\/\"},{\"@type\":\"ListItem\",\"position\":2,\"name\":\"Respeto por la tierra\"}]},{\"@type\":\"WebSite\",\"@id\":\"https:\/\/conversesacatalunya.cat\/#website\",\"url\":\"https:\/\/conversesacatalunya.cat\/\",\"name\":\"Converses a Catalunya\",\"description\":\"\",\"potentialAction\":[{\"@type\":\"SearchAction\",\"target\":{\"@type\":\"EntryPoint\",\"urlTemplate\":\"https:\/\/conversesacatalunya.cat\/?s={search_term_string}\"},\"query-input\":{\"@type\":\"PropertyValueSpecification\",\"valueRequired\":true,\"valueName\":\"search_term_string\"}}],\"inLanguage\":\"es\"},{\"@type\":\"Person\",\"@id\":\"https:\/\/conversesacatalunya.cat\/#\/schema\/person\/c7d367ce5cf939081390b9cff82b9efa\",\"name\":\"Antoni Pedragosa\",\"image\":{\"@type\":\"ImageObject\",\"inLanguage\":\"es\",\"@id\":\"https:\/\/conversesacatalunya.cat\/#\/schema\/person\/image\/\",\"url\":\"https:\/\/conversesacatalunya.cat\/wp-content\/litespeed\/avatar\/a65bdd7b7b57e4f85109aaf65843a0eb.jpg?ver=1777376633\",\"contentUrl\":\"https:\/\/conversesacatalunya.cat\/wp-content\/litespeed\/avatar\/a65bdd7b7b57e4f85109aaf65843a0eb.jpg?ver=1777376633\",\"caption\":\"Antoni Pedragosa\"},\"url\":\"https:\/\/conversesacatalunya.cat\/es\/author\/antoni-pedragosa\/\"}]}<\/script>\n<!-- \/ Yoast SEO plugin. -->","yoast_head_json":{"title":"Respeto por la tierra - Converses a Catalunya","description":"La Tierra nos ha sido dada com un regalo providencial. Este regalo tan magn\u00edfico, tiene por parte nuestra, una respuesta: respeto por la tierra","robots":{"index":"index","follow":"follow","max-snippet":"max-snippet:-1","max-image-preview":"max-image-preview:large","max-video-preview":"max-video-preview:-1"},"canonical":"https:\/\/conversesacatalunya.cat\/es\/respeto-por-la-tierra\/","og_locale":"es_ES","og_type":"article","og_title":"Respeto por la tierra - Converses a Catalunya","og_description":"La Tierra nos ha sido dada com un regalo providencial. Este regalo tan magn\u00edfico, tiene por parte nuestra, una respuesta: respeto por la tierra","og_url":"https:\/\/conversesacatalunya.cat\/es\/respeto-por-la-tierra\/","og_site_name":"Converses a Catalunya","article_published_time":"2020-04-22T09:36:35+00:00","article_modified_time":"2020-04-22T09:52:20+00:00","og_image":[{"width":650,"height":300,"url":"https:\/\/conversesacatalunya.cat\/wp-content\/uploads\/2020\/04\/respeto-por-la-tierra.jpg","type":"image\/jpeg"}],"author":"Antoni Pedragosa","twitter_card":"summary_large_image","twitter_misc":{"Escrito por":"Antoni Pedragosa","Tiempo de lectura":"2 minutos"},"schema":{"@context":"https:\/\/schema.org","@graph":[{"@type":"Article","@id":"https:\/\/conversesacatalunya.cat\/es\/respeto-por-la-tierra\/#article","isPartOf":{"@id":"https:\/\/conversesacatalunya.cat\/es\/respeto-por-la-tierra\/"},"author":{"name":"Antoni Pedragosa","@id":"https:\/\/conversesacatalunya.cat\/#\/schema\/person\/c7d367ce5cf939081390b9cff82b9efa"},"headline":"Respeto por la tierra","datePublished":"2020-04-22T09:36:35+00:00","dateModified":"2020-04-22T09:52:20+00:00","mainEntityOfPage":{"@id":"https:\/\/conversesacatalunya.cat\/es\/respeto-por-la-tierra\/"},"wordCount":486,"commentCount":0,"image":{"@id":"https:\/\/conversesacatalunya.cat\/es\/respeto-por-la-tierra\/#primaryimage"},"thumbnailUrl":"https:\/\/conversesacatalunya.cat\/wp-content\/uploads\/2020\/04\/respeto-por-la-tierra.jpg","keywords":["cambio clim\u00e1tico","protecci\u00f3n ambiental","tierra"],"articleSection":["Opinem (ES)"],"inLanguage":"es","potentialAction":[{"@type":"CommentAction","name":"Comment","target":["https:\/\/conversesacatalunya.cat\/es\/respeto-por-la-tierra\/#respond"]}]},{"@type":"WebPage","@id":"https:\/\/conversesacatalunya.cat\/es\/respeto-por-la-tierra\/","url":"https:\/\/conversesacatalunya.cat\/es\/respeto-por-la-tierra\/","name":"Respeto por la tierra - Converses a Catalunya","isPartOf":{"@id":"https:\/\/conversesacatalunya.cat\/#website"},"primaryImageOfPage":{"@id":"https:\/\/conversesacatalunya.cat\/es\/respeto-por-la-tierra\/#primaryimage"},"image":{"@id":"https:\/\/conversesacatalunya.cat\/es\/respeto-por-la-tierra\/#primaryimage"},"thumbnailUrl":"https:\/\/conversesacatalunya.cat\/wp-content\/uploads\/2020\/04\/respeto-por-la-tierra.jpg","datePublished":"2020-04-22T09:36:35+00:00","dateModified":"2020-04-22T09:52:20+00:00","author":{"@id":"https:\/\/conversesacatalunya.cat\/#\/schema\/person\/c7d367ce5cf939081390b9cff82b9efa"},"description":"La Tierra nos ha sido dada com un regalo providencial. Este regalo tan magn\u00edfico, tiene por parte nuestra, una respuesta: respeto por la tierra","breadcrumb":{"@id":"https:\/\/conversesacatalunya.cat\/es\/respeto-por-la-tierra\/#breadcrumb"},"inLanguage":"es","potentialAction":[{"@type":"ReadAction","target":["https:\/\/conversesacatalunya.cat\/es\/respeto-por-la-tierra\/"]}]},{"@type":"ImageObject","inLanguage":"es","@id":"https:\/\/conversesacatalunya.cat\/es\/respeto-por-la-tierra\/#primaryimage","url":"https:\/\/conversesacatalunya.cat\/wp-content\/uploads\/2020\/04\/respeto-por-la-tierra.jpg","contentUrl":"https:\/\/conversesacatalunya.cat\/wp-content\/uploads\/2020\/04\/respeto-por-la-tierra.jpg","width":650,"height":300,"caption":"respecte per la terra"},{"@type":"BreadcrumbList","@id":"https:\/\/conversesacatalunya.cat\/es\/respeto-por-la-tierra\/#breadcrumb","itemListElement":[{"@type":"ListItem","position":1,"name":"Inici","item":"https:\/\/conversesacatalunya.cat\/es\/"},{"@type":"ListItem","position":2,"name":"Respeto por la tierra"}]},{"@type":"WebSite","@id":"https:\/\/conversesacatalunya.cat\/#website","url":"https:\/\/conversesacatalunya.cat\/","name":"Converses a Catalunya","description":"","potentialAction":[{"@type":"SearchAction","target":{"@type":"EntryPoint","urlTemplate":"https:\/\/conversesacatalunya.cat\/?s={search_term_string}"},"query-input":{"@type":"PropertyValueSpecification","valueRequired":true,"valueName":"search_term_string"}}],"inLanguage":"es"},{"@type":"Person","@id":"https:\/\/conversesacatalunya.cat\/#\/schema\/person\/c7d367ce5cf939081390b9cff82b9efa","name":"Antoni Pedragosa","image":{"@type":"ImageObject","inLanguage":"es","@id":"https:\/\/conversesacatalunya.cat\/#\/schema\/person\/image\/","url":"https:\/\/conversesacatalunya.cat\/wp-content\/litespeed\/avatar\/a65bdd7b7b57e4f85109aaf65843a0eb.jpg?ver=1777376633","contentUrl":"https:\/\/conversesacatalunya.cat\/wp-content\/litespeed\/avatar\/a65bdd7b7b57e4f85109aaf65843a0eb.jpg?ver=1777376633","caption":"Antoni Pedragosa"},"url":"https:\/\/conversesacatalunya.cat\/es\/author\/antoni-pedragosa\/"}]}},"wps_subtitle":"","_links":{"self":[{"href":"https:\/\/conversesacatalunya.cat\/es\/wp-json\/wp\/v2\/posts\/35275","targetHints":{"allow":["GET"]}}],"collection":[{"href":"https:\/\/conversesacatalunya.cat\/es\/wp-json\/wp\/v2\/posts"}],"about":[{"href":"https:\/\/conversesacatalunya.cat\/es\/wp-json\/wp\/v2\/types\/post"}],"author":[{"embeddable":true,"href":"https:\/\/conversesacatalunya.cat\/es\/wp-json\/wp\/v2\/users\/16"}],"replies":[{"embeddable":true,"href":"https:\/\/conversesacatalunya.cat\/es\/wp-json\/wp\/v2\/comments?post=35275"}],"version-history":[{"count":3,"href":"https:\/\/conversesacatalunya.cat\/es\/wp-json\/wp\/v2\/posts\/35275\/revisions"}],"predecessor-version":[{"id":35283,"href":"https:\/\/conversesacatalunya.cat\/es\/wp-json\/wp\/v2\/posts\/35275\/revisions\/35283"}],"wp:featuredmedia":[{"embeddable":true,"href":"https:\/\/conversesacatalunya.cat\/es\/wp-json\/wp\/v2\/media\/35272"}],"wp:attachment":[{"href":"https:\/\/conversesacatalunya.cat\/es\/wp-json\/wp\/v2\/media?parent=35275"}],"wp:term":[{"taxonomy":"category","embeddable":true,"href":"https:\/\/conversesacatalunya.cat\/es\/wp-json\/wp\/v2\/categories?post=35275"},{"taxonomy":"post_tag","embeddable":true,"href":"https:\/\/conversesacatalunya.cat\/es\/wp-json\/wp\/v2\/tags?post=35275"}],"curies":[{"name":"wp","href":"https:\/\/api.w.org\/{rel}","templated":true}]}}