{"id":35195,"date":"2020-04-21T11:41:05","date_gmt":"2020-04-21T09:41:05","guid":{"rendered":"https:\/\/conversesacatalunya.cat\/?p=35195"},"modified":"2020-04-21T12:32:10","modified_gmt":"2020-04-21T10:32:10","slug":"coronavirus-con-la-independencia-menos-muertos","status":"publish","type":"post","link":"https:\/\/conversesacatalunya.cat\/es\/coronavirus-con-la-independencia-menos-muertos\/","title":{"rendered":"Coronavirus: \u00bfCon la independencia menos muertos?"},"content":{"rendered":"<p>La temeridad, que ya resulta impudicia, del Gobierno independentista de la Generalitat, no conoce l\u00edmites. La \u00faltima haza\u00f1a es la de la portavoz del Gobierno, la consejera Meritxell Bud\u00f3, quien ha afirmado que con la independencia todo hubiera ido a mejor y se tendr\u00edan menos muertos en Catalu\u00f1a.<\/p>\n<p>Hablan como si ellos no estuvieran a cargo del Gobierno, que tiene competencias plenas en sanidad y en servicios sociales, adem\u00e1s de otros muchos aspectos fundamentales. Hablan como si sus actuaciones estuvieran marcadas por el \u00e9xito y no por los fracasos m\u00e1s rotundos. Baste comparar lo que ha hecho la Generalitat, que dispone de un amplio autogobierno, con lo conseguido por la regi\u00f3n <strong><a href=\"https:\/\/conversesacatalunya.cat\/es\/lo-que-hacen-los-gobiernos-marca-la-diferencia-por-que-el-veneto-lo-ha-hecho-mejor\/\">italiana del V\u00e9neto<\/a>,<\/strong> que dispone de muchas menores atribuciones. Esta regi\u00f3n, a pesar de ser uno de los focos iniciales de la pandemia, ha conseguido controlarla con eficacia y rapidez marcando la diferencia con <strong>Lombard\u00eda,<\/strong> el otro gran foco inicial. Mientras que en el primer caso, el del V\u00e9neto, est\u00e1n contabilizados <strong>16.127<\/strong> contagios, en Lombard\u00eda la cifra asciende a <strong>66.971<\/strong>, con la diferencia adicional de que en el V\u00e9neto, se han realizado muchas m\u00e1s pruebas para identificar a los portadores.<\/p>\n<p>El \u00faltimo fiasco del Gobierno catal\u00e1n ha sido el inicio de la <strong>distribuci\u00f3n de las mascarillas,<\/strong> porque a las pocas horas y sin que se formaran colas en las farmacias, se hab\u00eda colapsado el sistema inform\u00e1tico. No ser\u00e1 por falta de tiempo para prevenir y organizar mejor la distribuci\u00f3n, porque hay que recordar que esta distribuci\u00f3n en las farmacias ya es producto de un <strong>retraso<\/strong>, obligado por la improvisaci\u00f3n con la que el presidente Torra anunci\u00f3 d\u00edas atr\u00e1s el inicio de este servicio. Pero adem\u00e1s es que solo se distribuye gratuitamente una m\u00e1scara quir\u00fargica por persona. Al tratarse de <strong>material desechable<\/strong> su uso es muy limitado y como mucho podr\u00e1 servir para algunos d\u00edas. El resto de mascarillas solo ser\u00e1n accesibles a un coste de 0,70 c\u00e9ntimos, un precio singularmente caro.<\/p>\n<p>En la <strong>Comunidad \u00a0Valenciana<\/strong>, que est\u00e1 aqu\u00ed al lado y que est\u00e1 mucho peor financiada que la Generalidad, ya ha empezado sin problemas la distribuci\u00f3n de este factor de protecci\u00f3n b\u00e1sico. En <strong>Cantabria<\/strong> se han distribuido masivamente mascarillas de fabricaci\u00f3n propia, elaboradas mediante un innovador tratamiento del papel. Aqu\u00ed ni cantidad, ni buen servicio, ni previsi\u00f3n, ni creatividad y tecnolog\u00eda, y no ser\u00e1 porque en la sociedad catalana no se disponga de todo ello en abundancia.<\/p>\n<p>Aqu\u00ed, cuando las camas de UCI y el acceso a los respiradores fue desbordado por las necesidades, <strong>se prefiri\u00f3 practicar la <a href=\"https:\/\/conversesacatalunya.cat\/es\/confirmado-el-departamento-de-salud-discrimina-a-las-personas-de-mas-de-75-anos-a-la-hora-de-recibir-la-atencion-medica-esencial\/\">selecci\u00f3n vital<\/a><\/strong> en funci\u00f3n de la edad, en lugar de acudir a una distribuci\u00f3n de enfermos graves en otros territorios y centros, que ten\u00edan camas disponibles, en la sanidad p\u00fablica, y en la privada, que se ha quedado con m\u00e1s de <a href=\"https:\/\/conversesacatalunya.cat\/es\/el-escandalo-de-las-2-000-camas-uci-vacias-mientras-los-ancianos-morian\/\">2.000 camas UCI sin utilizar<\/a>.<\/p>\n<p>La primera medida que adopt\u00f3 la Generalitat por su cuenta fue el <a href=\"https:\/\/conversesacatalunya.cat\/es\/igualada-dues-setmanes-de-confinament\/\">confinamiento de Igualada<\/a> y la Conca d\u2019\u00d2dena. Las medidas pertinentes derivadas del hecho de que uno de los principales focos de transmisi\u00f3n era precisamente el hospital comarcal, el lugar donde precisamente deb\u00edan acudir las personas que enfermaran y sus familiares. Resultado: ha significado una multiplicaci\u00f3n de contagios, hasta el extremo de convertir aquella zona en una de las que poseen una mortalidad m\u00e1s elevada de Europa. La primera medida que tom\u00f3 la Generalitat al darse cuenta de lo que estaba sucediendo, <strong>fue suprimir el conteo por separado del n\u00famero de casos y defunciones <\/strong>de esta zona. Hoy no conocemos el balance espec\u00edfico del territorio, que en su momento fue confinado por la Generalitat, y presentado como un ejemplo de capacidad de actuaci\u00f3n.<\/p>\n<p>Y qu\u00e9 decir de la gran cat\u00e1strofe de las <a href=\"https:\/\/conversesacatalunya.cat\/es\/el-escandalo-de-las-muertes-no-contabilizadas-en-las-residencias-de-ancianos\/\"><strong>residencias de ancianos<\/strong><\/a>. Ha sido tal el desastre, que se han sustra\u00eddo las competencias al Departamento de Trabajo y Asuntos Sociales, que se han traspasado a Sanidad. Es el \u00fanico caso entre todas las autonom\u00edas que, en plena pandemia, se produce una desautorizaci\u00f3n tan evidente como esta. \u00bfC\u00f3mo puede funcionar la administraci\u00f3n en estas condiciones? \u00bfC\u00f3mo confiar en un Gobierno, cuyo presidente crea un Comit\u00e9 de expertos al margen del que dispone el Departamento de Sanidad, con lo que tambi\u00e9n significa desautorizaci\u00f3n de la consejera Alba Verg\u00e9s?<\/p>\n<p>La clave del \u00e9xito de Alemania, Portugal, Chequia, V\u00e9neto, Finlandia, ha radicado en dos puntos, que la Generalitat a diferencia de otras comunidades, como el Pa\u00eds Vasco, ha sido incapaz de emprender: <strong>test de contagio numerosos<\/strong> y capacidad de identificar y aislar las l\u00edneas de contagio, y <strong>uso masivo de mascarillas<\/strong> por parte de la poblaci\u00f3n. Para eso no es necesaria la independencia. Basta con personas capaces al frente.<\/p>\n<p style=\"text-align: center;\">M\u00e1s informaci\u00f3n sobre el coronavirus en <a href=\"https:\/\/conversesacatalunya.cat\/es\/coronavirus\/\" target=\"_blank\" rel=\"noopener noreferrer\">ESPECIAL CORONAVIRUS<\/a><\/p>\n<span class='bctt-click-to-tweet'><span class='bctt-ctt-text'><a href='https:\/\/twitter.com\/intent\/tweet?url=https%3A%2F%2Fconversesacatalunya.cat%2Fes%2Fcoronavirus-con-la-independencia-menos-muertos%2F&#038;text=Para%20eso%20no%20es%20necesaria%20la%20independencia.%20Basta%20con%20personas%20capaces%20al%20frente&#038;via=conversesacat&#038;related=conversesacat' target='_blank'rel=\"noopener noreferrer\">Para eso no es necesaria la independencia. Basta con personas capaces al frente <\/a><\/span><a href='https:\/\/twitter.com\/intent\/tweet?url=https%3A%2F%2Fconversesacatalunya.cat%2Fes%2Fcoronavirus-con-la-independencia-menos-muertos%2F&#038;text=Para%20eso%20no%20es%20necesaria%20la%20independencia.%20Basta%20con%20personas%20capaces%20al%20frente&#038;via=conversesacat&#038;related=conversesacat' target='_blank' class='bctt-ctt-btn'rel=\"noopener noreferrer\">Compartir en X<\/a><\/span>\n","protected":false},"excerpt":{"rendered":"<p>La temeridad, que ya resulta impudicia, del Gobierno independentista de la Generalitat, no conoce l\u00edmites. La \u00faltima haza\u00f1a es la de la portavoz del Gobierno, la consejera Meritxell Bud\u00f3, quien ha afirmado que con la independencia todo hubiera ido a mejor y se tendr\u00edan menos muertos en Catalu\u00f1a. Hablan como si ellos no estuvieran a cargo del Gobierno, que tiene competencias plenas en sanidad y en servicios sociales, adem\u00e1s de otros muchos aspectos fundamentales. Hablan como si sus actuaciones estuvieran marcadas por el \u00e9xito y no por los fracasos m\u00e1s rotundos. Baste comparar lo que ha hecho la Generalitat, que dispone de un amplio autogobierno, con lo conseguido por la regi\u00f3n italiana del V\u00e9neto, que dispone de muchas menores atribuciones. Esta regi\u00f3n, a pesar de ser uno de los focos iniciales de la pandemia, ha conseguido controlarla con eficacia y rapidez marcando la diferencia con Lombard\u00eda, el otro gran foco inicial. Mientras que en el primer caso, el del V\u00e9neto, est\u00e1n contabilizados 16.127 contagios, en Lombard\u00eda la cifra asciende a 66.971, con la diferencia adicional de que en el V\u00e9neto, se han realizado muchas m\u00e1s pruebas para identificar a los portadores. El \u00faltimo fiasco del Gobierno catal\u00e1n ha sido el inicio de la distribuci\u00f3n de las mascarillas, porque a las pocas horas y sin que se formaran colas en las farmacias, se hab\u00eda colapsado el sistema inform\u00e1tico. No ser\u00e1 por falta de tiempo para prevenir y organizar mejor la distribuci\u00f3n, porque hay que recordar que esta distribuci\u00f3n en las farmacias ya es producto de un retraso, obligado por la improvisaci\u00f3n con la que el presidente Torra anunci\u00f3 d\u00edas atr\u00e1s el inicio de este servicio. Pero adem\u00e1s es que solo se distribuye gratuitamente una m\u00e1scara quir\u00fargica por persona. Al tratarse de material desechable su uso es muy limitado y como mucho podr\u00e1 servir para algunos d\u00edas. El resto de mascarillas solo ser\u00e1n accesibles a un coste de 0,70 c\u00e9ntimos, un precio singularmente caro. En la Comunidad \u00a0Valenciana, que est\u00e1 aqu\u00ed al lado y que est\u00e1 mucho peor financiada que la Generalidad, ya ha empezado sin problemas la distribuci\u00f3n de este factor de protecci\u00f3n b\u00e1sico. En Cantabria se han distribuido masivamente mascarillas de fabricaci\u00f3n propia, elaboradas mediante un innovador tratamiento del papel. Aqu\u00ed ni cantidad, ni buen servicio, ni previsi\u00f3n, ni creatividad y tecnolog\u00eda, y no ser\u00e1 porque en la sociedad catalana no se disponga de todo ello en abundancia. Aqu\u00ed, cuando las camas de UCI y el acceso a los respiradores fue desbordado por las necesidades, se prefiri\u00f3 practicar la selecci\u00f3n vital en funci\u00f3n de la edad, en lugar de acudir a una distribuci\u00f3n de enfermos graves en otros territorios y centros, que ten\u00edan camas disponibles, en la sanidad p\u00fablica, y en la privada, que se ha quedado con m\u00e1s de 2.000 camas UCI sin utilizar. La primera medida que adopt\u00f3 la Generalitat por su cuenta fue el confinamiento de Igualada y la Conca d\u2019\u00d2dena. Las medidas pertinentes derivadas del hecho de que uno de los principales focos de transmisi\u00f3n era precisamente el hospital comarcal, el lugar donde precisamente deb\u00edan acudir las personas que enfermaran y sus familiares. Resultado: ha significado una multiplicaci\u00f3n de contagios, hasta el extremo de convertir aquella zona en una de las que poseen una mortalidad m\u00e1s elevada de Europa. La primera medida que tom\u00f3 la Generalitat al darse cuenta de lo que estaba sucediendo, fue suprimir el conteo por separado del n\u00famero de casos y defunciones de esta zona. Hoy no conocemos el balance espec\u00edfico del territorio, que en su momento fue confinado por la Generalitat, y presentado como un ejemplo de capacidad de actuaci\u00f3n. Y qu\u00e9 decir de la gran cat\u00e1strofe de las residencias de ancianos. Ha sido tal el desastre, que se han sustra\u00eddo las competencias al Departamento de Trabajo y Asuntos Sociales, que se han traspasado a Sanidad. Es el \u00fanico caso entre todas las autonom\u00edas que, en plena pandemia, se produce una desautorizaci\u00f3n tan evidente como esta. \u00bfC\u00f3mo puede funcionar la administraci\u00f3n en estas condiciones? \u00bfC\u00f3mo confiar en un Gobierno, cuyo presidente crea un Comit\u00e9 de expertos al margen del que dispone el Departamento de Sanidad, con lo que tambi\u00e9n significa desautorizaci\u00f3n de la consejera Alba Verg\u00e9s? La clave del \u00e9xito de Alemania, Portugal, Chequia, V\u00e9neto, Finlandia, ha radicado en dos puntos, que la Generalitat a diferencia de otras comunidades, como el Pa\u00eds Vasco, ha sido incapaz de emprender: test de contagio numerosos y capacidad de identificar y aislar las l\u00edneas de contagio, y uso masivo de mascarillas por parte de la poblaci\u00f3n. Para eso no es necesaria la independencia. Basta con personas capaces al frente. M\u00e1s informaci\u00f3n sobre el coronavirus en ESPECIAL CORONAVIRUS<\/p>\n","protected":false},"author":2,"featured_media":35201,"comment_status":"open","ping_status":"open","sticky":false,"template":"","format":"standard","meta":{"_FSMCFIC_featured_image_caption":"","_FSMCFIC_featured_image_nocaption":"","_FSMCFIC_featured_image_hide":"","footnotes":""},"categories":[1772,806],"tags":[1504,2008],"class_list":["post-35195","post","type-post","status-publish","format-standard","has-post-thumbnail","hentry","category-especial-coronavirus-es","category-punts-claus-del-dia-es","tag-coronavirus-es","tag-govern-de-la-generalitat"],"yoast_head":"<!-- This site is optimized with the Yoast SEO plugin v26.8 - https:\/\/yoast.com\/product\/yoast-seo-wordpress\/ -->\n<title>Coronavirus: \u00bfCon la independencia menos muertos? - Converses a Catalunya<\/title>\n<meta name=\"robots\" content=\"index, follow, max-snippet:-1, max-image-preview:large, max-video-preview:-1\" \/>\n<link rel=\"canonical\" href=\"https:\/\/conversesacatalunya.cat\/es\/coronavirus-con-la-independencia-menos-muertos\/\" \/>\n<meta property=\"og:locale\" content=\"es_ES\" \/>\n<meta property=\"og:type\" content=\"article\" \/>\n<meta property=\"og:title\" content=\"Coronavirus: \u00bfCon la independencia menos muertos? - Converses a Catalunya\" \/>\n<meta property=\"og:description\" content=\"La temeridad, que ya resulta impudicia, del Gobierno independentista de la Generalitat, no conoce l\u00edmites. La \u00faltima haza\u00f1a es la de la portavoz del Gobierno, la consejera Meritxell Bud\u00f3, quien ha afirmado que con la independencia todo hubiera ido a mejor y se tendr\u00edan menos muertos en Catalu\u00f1a. Hablan como si ellos no estuvieran a cargo del Gobierno, que tiene competencias plenas en sanidad y en servicios sociales, adem\u00e1s de otros muchos aspectos fundamentales. Hablan como si sus actuaciones estuvieran marcadas por el \u00e9xito y no por los fracasos m\u00e1s rotundos. Baste comparar lo que ha hecho la Generalitat, que dispone de un amplio autogobierno, con lo conseguido por la regi\u00f3n italiana del V\u00e9neto, que dispone de muchas menores atribuciones. Esta regi\u00f3n, a pesar de ser uno de los focos iniciales de la pandemia, ha conseguido controlarla con eficacia y rapidez marcando la diferencia con Lombard\u00eda, el otro gran foco inicial. Mientras que en el primer caso, el del V\u00e9neto, est\u00e1n contabilizados 16.127 contagios, en Lombard\u00eda la cifra asciende a 66.971, con la diferencia adicional de que en el V\u00e9neto, se han realizado muchas m\u00e1s pruebas para identificar a los portadores. El \u00faltimo fiasco del Gobierno catal\u00e1n ha sido el inicio de la distribuci\u00f3n de las mascarillas, porque a las pocas horas y sin que se formaran colas en las farmacias, se hab\u00eda colapsado el sistema inform\u00e1tico. No ser\u00e1 por falta de tiempo para prevenir y organizar mejor la distribuci\u00f3n, porque hay que recordar que esta distribuci\u00f3n en las farmacias ya es producto de un retraso, obligado por la improvisaci\u00f3n con la que el presidente Torra anunci\u00f3 d\u00edas atr\u00e1s el inicio de este servicio. Pero adem\u00e1s es que solo se distribuye gratuitamente una m\u00e1scara quir\u00fargica por persona. Al tratarse de material desechable su uso es muy limitado y como mucho podr\u00e1 servir para algunos d\u00edas. El resto de mascarillas solo ser\u00e1n accesibles a un coste de 0,70 c\u00e9ntimos, un precio singularmente caro. En la Comunidad \u00a0Valenciana, que est\u00e1 aqu\u00ed al lado y que est\u00e1 mucho peor financiada que la Generalidad, ya ha empezado sin problemas la distribuci\u00f3n de este factor de protecci\u00f3n b\u00e1sico. En Cantabria se han distribuido masivamente mascarillas de fabricaci\u00f3n propia, elaboradas mediante un innovador tratamiento del papel. Aqu\u00ed ni cantidad, ni buen servicio, ni previsi\u00f3n, ni creatividad y tecnolog\u00eda, y no ser\u00e1 porque en la sociedad catalana no se disponga de todo ello en abundancia. Aqu\u00ed, cuando las camas de UCI y el acceso a los respiradores fue desbordado por las necesidades, se prefiri\u00f3 practicar la selecci\u00f3n vital en funci\u00f3n de la edad, en lugar de acudir a una distribuci\u00f3n de enfermos graves en otros territorios y centros, que ten\u00edan camas disponibles, en la sanidad p\u00fablica, y en la privada, que se ha quedado con m\u00e1s de 2.000 camas UCI sin utilizar. La primera medida que adopt\u00f3 la Generalitat por su cuenta fue el confinamiento de Igualada y la Conca d\u2019\u00d2dena. Las medidas pertinentes derivadas del hecho de que uno de los principales focos de transmisi\u00f3n era precisamente el hospital comarcal, el lugar donde precisamente deb\u00edan acudir las personas que enfermaran y sus familiares. Resultado: ha significado una multiplicaci\u00f3n de contagios, hasta el extremo de convertir aquella zona en una de las que poseen una mortalidad m\u00e1s elevada de Europa. La primera medida que tom\u00f3 la Generalitat al darse cuenta de lo que estaba sucediendo, fue suprimir el conteo por separado del n\u00famero de casos y defunciones de esta zona. Hoy no conocemos el balance espec\u00edfico del territorio, que en su momento fue confinado por la Generalitat, y presentado como un ejemplo de capacidad de actuaci\u00f3n. Y qu\u00e9 decir de la gran cat\u00e1strofe de las residencias de ancianos. Ha sido tal el desastre, que se han sustra\u00eddo las competencias al Departamento de Trabajo y Asuntos Sociales, que se han traspasado a Sanidad. Es el \u00fanico caso entre todas las autonom\u00edas que, en plena pandemia, se produce una desautorizaci\u00f3n tan evidente como esta. \u00bfC\u00f3mo puede funcionar la administraci\u00f3n en estas condiciones? \u00bfC\u00f3mo confiar en un Gobierno, cuyo presidente crea un Comit\u00e9 de expertos al margen del que dispone el Departamento de Sanidad, con lo que tambi\u00e9n significa desautorizaci\u00f3n de la consejera Alba Verg\u00e9s? La clave del \u00e9xito de Alemania, Portugal, Chequia, V\u00e9neto, Finlandia, ha radicado en dos puntos, que la Generalitat a diferencia de otras comunidades, como el Pa\u00eds Vasco, ha sido incapaz de emprender: test de contagio numerosos y capacidad de identificar y aislar las l\u00edneas de contagio, y uso masivo de mascarillas por parte de la poblaci\u00f3n. Para eso no es necesaria la independencia. Basta con personas capaces al frente. M\u00e1s informaci\u00f3n sobre el coronavirus en ESPECIAL CORONAVIRUS\" \/>\n<meta property=\"og:url\" content=\"https:\/\/conversesacatalunya.cat\/es\/coronavirus-con-la-independencia-menos-muertos\/\" \/>\n<meta property=\"og:site_name\" content=\"Converses a Catalunya\" \/>\n<meta property=\"article:published_time\" content=\"2020-04-21T09:41:05+00:00\" \/>\n<meta property=\"article:modified_time\" content=\"2020-04-21T10:32:10+00:00\" \/>\n<meta property=\"og:image\" content=\"https:\/\/conversesacatalunya.cat\/wp-content\/uploads\/2020\/04\/coronavirus-10-6.jpg\" \/>\n\t<meta property=\"og:image:width\" content=\"1200\" \/>\n\t<meta property=\"og:image:height\" content=\"674\" \/>\n\t<meta property=\"og:image:type\" content=\"image\/jpeg\" \/>\n<meta name=\"author\" content=\"conversesacatalunya\" \/>\n<meta name=\"twitter:card\" content=\"summary_large_image\" \/>\n<meta name=\"twitter:label1\" content=\"Escrito por\" \/>\n\t<meta name=\"twitter:data1\" content=\"conversesacatalunya\" \/>\n\t<meta name=\"twitter:label2\" content=\"Tiempo de lectura\" \/>\n\t<meta name=\"twitter:data2\" content=\"4 minutos\" \/>\n<script type=\"application\/ld+json\" class=\"yoast-schema-graph\">{\"@context\":\"https:\/\/schema.org\",\"@graph\":[{\"@type\":\"Article\",\"@id\":\"https:\/\/conversesacatalunya.cat\/es\/coronavirus-con-la-independencia-menos-muertos\/#article\",\"isPartOf\":{\"@id\":\"https:\/\/conversesacatalunya.cat\/es\/coronavirus-con-la-independencia-menos-muertos\/\"},\"author\":{\"name\":\"conversesacatalunya\",\"@id\":\"https:\/\/conversesacatalunya.cat\/#\/schema\/person\/7e24d1e54a2785373ddcb275eae5ed99\"},\"headline\":\"Coronavirus: \u00bfCon la independencia menos muertos?\",\"datePublished\":\"2020-04-21T09:41:05+00:00\",\"dateModified\":\"2020-04-21T10:32:10+00:00\",\"mainEntityOfPage\":{\"@id\":\"https:\/\/conversesacatalunya.cat\/es\/coronavirus-con-la-independencia-menos-muertos\/\"},\"wordCount\":857,\"commentCount\":0,\"image\":{\"@id\":\"https:\/\/conversesacatalunya.cat\/es\/coronavirus-con-la-independencia-menos-muertos\/#primaryimage\"},\"thumbnailUrl\":\"https:\/\/conversesacatalunya.cat\/wp-content\/uploads\/2020\/04\/coronavirus-10-6.jpg\",\"keywords\":[\"coronavirus\",\"Govern de la Generalitat\"],\"articleSection\":[\"Especial Coronavirus (ES)\",\"Punts clau del dia (ES)\"],\"inLanguage\":\"es\",\"potentialAction\":[{\"@type\":\"CommentAction\",\"name\":\"Comment\",\"target\":[\"https:\/\/conversesacatalunya.cat\/es\/coronavirus-con-la-independencia-menos-muertos\/#respond\"]}]},{\"@type\":\"WebPage\",\"@id\":\"https:\/\/conversesacatalunya.cat\/es\/coronavirus-con-la-independencia-menos-muertos\/\",\"url\":\"https:\/\/conversesacatalunya.cat\/es\/coronavirus-con-la-independencia-menos-muertos\/\",\"name\":\"Coronavirus: \u00bfCon la independencia menos muertos? - Converses a Catalunya\",\"isPartOf\":{\"@id\":\"https:\/\/conversesacatalunya.cat\/#website\"},\"primaryImageOfPage\":{\"@id\":\"https:\/\/conversesacatalunya.cat\/es\/coronavirus-con-la-independencia-menos-muertos\/#primaryimage\"},\"image\":{\"@id\":\"https:\/\/conversesacatalunya.cat\/es\/coronavirus-con-la-independencia-menos-muertos\/#primaryimage\"},\"thumbnailUrl\":\"https:\/\/conversesacatalunya.cat\/wp-content\/uploads\/2020\/04\/coronavirus-10-6.jpg\",\"datePublished\":\"2020-04-21T09:41:05+00:00\",\"dateModified\":\"2020-04-21T10:32:10+00:00\",\"author\":{\"@id\":\"https:\/\/conversesacatalunya.cat\/#\/schema\/person\/7e24d1e54a2785373ddcb275eae5ed99\"},\"breadcrumb\":{\"@id\":\"https:\/\/conversesacatalunya.cat\/es\/coronavirus-con-la-independencia-menos-muertos\/#breadcrumb\"},\"inLanguage\":\"es\",\"potentialAction\":[{\"@type\":\"ReadAction\",\"target\":[\"https:\/\/conversesacatalunya.cat\/es\/coronavirus-con-la-independencia-menos-muertos\/\"]}]},{\"@type\":\"ImageObject\",\"inLanguage\":\"es\",\"@id\":\"https:\/\/conversesacatalunya.cat\/es\/coronavirus-con-la-independencia-menos-muertos\/#primaryimage\",\"url\":\"https:\/\/conversesacatalunya.cat\/wp-content\/uploads\/2020\/04\/coronavirus-10-6.jpg\",\"contentUrl\":\"https:\/\/conversesacatalunya.cat\/wp-content\/uploads\/2020\/04\/coronavirus-10-6.jpg\",\"width\":1200,\"height\":674},{\"@type\":\"BreadcrumbList\",\"@id\":\"https:\/\/conversesacatalunya.cat\/es\/coronavirus-con-la-independencia-menos-muertos\/#breadcrumb\",\"itemListElement\":[{\"@type\":\"ListItem\",\"position\":1,\"name\":\"Inici\",\"item\":\"https:\/\/conversesacatalunya.cat\/es\/\"},{\"@type\":\"ListItem\",\"position\":2,\"name\":\"Coronavirus: \u00bfCon la independencia menos muertos?\"}]},{\"@type\":\"WebSite\",\"@id\":\"https:\/\/conversesacatalunya.cat\/#website\",\"url\":\"https:\/\/conversesacatalunya.cat\/\",\"name\":\"Converses a Catalunya\",\"description\":\"\",\"potentialAction\":[{\"@type\":\"SearchAction\",\"target\":{\"@type\":\"EntryPoint\",\"urlTemplate\":\"https:\/\/conversesacatalunya.cat\/?s={search_term_string}\"},\"query-input\":{\"@type\":\"PropertyValueSpecification\",\"valueRequired\":true,\"valueName\":\"search_term_string\"}}],\"inLanguage\":\"es\"},{\"@type\":\"Person\",\"@id\":\"https:\/\/conversesacatalunya.cat\/#\/schema\/person\/7e24d1e54a2785373ddcb275eae5ed99\",\"name\":\"conversesacatalunya\",\"image\":{\"@type\":\"ImageObject\",\"inLanguage\":\"es\",\"@id\":\"https:\/\/conversesacatalunya.cat\/#\/schema\/person\/image\/\",\"url\":\"https:\/\/conversesacatalunya.cat\/wp-content\/litespeed\/avatar\/febdfeeec89d950f01c748045a981dd2.jpg?ver=1777314535\",\"contentUrl\":\"https:\/\/conversesacatalunya.cat\/wp-content\/litespeed\/avatar\/febdfeeec89d950f01c748045a981dd2.jpg?ver=1777314535\",\"caption\":\"conversesacatalunya\"},\"url\":\"https:\/\/conversesacatalunya.cat\/es\/author\/carme_catala\/\"}]}<\/script>\n<!-- \/ Yoast SEO plugin. -->","yoast_head_json":{"title":"Coronavirus: \u00bfCon la independencia menos muertos? - Converses a Catalunya","robots":{"index":"index","follow":"follow","max-snippet":"max-snippet:-1","max-image-preview":"max-image-preview:large","max-video-preview":"max-video-preview:-1"},"canonical":"https:\/\/conversesacatalunya.cat\/es\/coronavirus-con-la-independencia-menos-muertos\/","og_locale":"es_ES","og_type":"article","og_title":"Coronavirus: \u00bfCon la independencia menos muertos? - Converses a Catalunya","og_description":"La temeridad, que ya resulta impudicia, del Gobierno independentista de la Generalitat, no conoce l\u00edmites. La \u00faltima haza\u00f1a es la de la portavoz del Gobierno, la consejera Meritxell Bud\u00f3, quien ha afirmado que con la independencia todo hubiera ido a mejor y se tendr\u00edan menos muertos en Catalu\u00f1a. Hablan como si ellos no estuvieran a cargo del Gobierno, que tiene competencias plenas en sanidad y en servicios sociales, adem\u00e1s de otros muchos aspectos fundamentales. Hablan como si sus actuaciones estuvieran marcadas por el \u00e9xito y no por los fracasos m\u00e1s rotundos. Baste comparar lo que ha hecho la Generalitat, que dispone de un amplio autogobierno, con lo conseguido por la regi\u00f3n italiana del V\u00e9neto, que dispone de muchas menores atribuciones. Esta regi\u00f3n, a pesar de ser uno de los focos iniciales de la pandemia, ha conseguido controlarla con eficacia y rapidez marcando la diferencia con Lombard\u00eda, el otro gran foco inicial. Mientras que en el primer caso, el del V\u00e9neto, est\u00e1n contabilizados 16.127 contagios, en Lombard\u00eda la cifra asciende a 66.971, con la diferencia adicional de que en el V\u00e9neto, se han realizado muchas m\u00e1s pruebas para identificar a los portadores. El \u00faltimo fiasco del Gobierno catal\u00e1n ha sido el inicio de la distribuci\u00f3n de las mascarillas, porque a las pocas horas y sin que se formaran colas en las farmacias, se hab\u00eda colapsado el sistema inform\u00e1tico. No ser\u00e1 por falta de tiempo para prevenir y organizar mejor la distribuci\u00f3n, porque hay que recordar que esta distribuci\u00f3n en las farmacias ya es producto de un retraso, obligado por la improvisaci\u00f3n con la que el presidente Torra anunci\u00f3 d\u00edas atr\u00e1s el inicio de este servicio. Pero adem\u00e1s es que solo se distribuye gratuitamente una m\u00e1scara quir\u00fargica por persona. Al tratarse de material desechable su uso es muy limitado y como mucho podr\u00e1 servir para algunos d\u00edas. El resto de mascarillas solo ser\u00e1n accesibles a un coste de 0,70 c\u00e9ntimos, un precio singularmente caro. En la Comunidad \u00a0Valenciana, que est\u00e1 aqu\u00ed al lado y que est\u00e1 mucho peor financiada que la Generalidad, ya ha empezado sin problemas la distribuci\u00f3n de este factor de protecci\u00f3n b\u00e1sico. En Cantabria se han distribuido masivamente mascarillas de fabricaci\u00f3n propia, elaboradas mediante un innovador tratamiento del papel. Aqu\u00ed ni cantidad, ni buen servicio, ni previsi\u00f3n, ni creatividad y tecnolog\u00eda, y no ser\u00e1 porque en la sociedad catalana no se disponga de todo ello en abundancia. Aqu\u00ed, cuando las camas de UCI y el acceso a los respiradores fue desbordado por las necesidades, se prefiri\u00f3 practicar la selecci\u00f3n vital en funci\u00f3n de la edad, en lugar de acudir a una distribuci\u00f3n de enfermos graves en otros territorios y centros, que ten\u00edan camas disponibles, en la sanidad p\u00fablica, y en la privada, que se ha quedado con m\u00e1s de 2.000 camas UCI sin utilizar. La primera medida que adopt\u00f3 la Generalitat por su cuenta fue el confinamiento de Igualada y la Conca d\u2019\u00d2dena. Las medidas pertinentes derivadas del hecho de que uno de los principales focos de transmisi\u00f3n era precisamente el hospital comarcal, el lugar donde precisamente deb\u00edan acudir las personas que enfermaran y sus familiares. Resultado: ha significado una multiplicaci\u00f3n de contagios, hasta el extremo de convertir aquella zona en una de las que poseen una mortalidad m\u00e1s elevada de Europa. La primera medida que tom\u00f3 la Generalitat al darse cuenta de lo que estaba sucediendo, fue suprimir el conteo por separado del n\u00famero de casos y defunciones de esta zona. Hoy no conocemos el balance espec\u00edfico del territorio, que en su momento fue confinado por la Generalitat, y presentado como un ejemplo de capacidad de actuaci\u00f3n. Y qu\u00e9 decir de la gran cat\u00e1strofe de las residencias de ancianos. Ha sido tal el desastre, que se han sustra\u00eddo las competencias al Departamento de Trabajo y Asuntos Sociales, que se han traspasado a Sanidad. Es el \u00fanico caso entre todas las autonom\u00edas que, en plena pandemia, se produce una desautorizaci\u00f3n tan evidente como esta. \u00bfC\u00f3mo puede funcionar la administraci\u00f3n en estas condiciones? \u00bfC\u00f3mo confiar en un Gobierno, cuyo presidente crea un Comit\u00e9 de expertos al margen del que dispone el Departamento de Sanidad, con lo que tambi\u00e9n significa desautorizaci\u00f3n de la consejera Alba Verg\u00e9s? La clave del \u00e9xito de Alemania, Portugal, Chequia, V\u00e9neto, Finlandia, ha radicado en dos puntos, que la Generalitat a diferencia de otras comunidades, como el Pa\u00eds Vasco, ha sido incapaz de emprender: test de contagio numerosos y capacidad de identificar y aislar las l\u00edneas de contagio, y uso masivo de mascarillas por parte de la poblaci\u00f3n. Para eso no es necesaria la independencia. Basta con personas capaces al frente. M\u00e1s informaci\u00f3n sobre el coronavirus en ESPECIAL CORONAVIRUS","og_url":"https:\/\/conversesacatalunya.cat\/es\/coronavirus-con-la-independencia-menos-muertos\/","og_site_name":"Converses a Catalunya","article_published_time":"2020-04-21T09:41:05+00:00","article_modified_time":"2020-04-21T10:32:10+00:00","og_image":[{"width":1200,"height":674,"url":"https:\/\/conversesacatalunya.cat\/wp-content\/uploads\/2020\/04\/coronavirus-10-6.jpg","type":"image\/jpeg"}],"author":"conversesacatalunya","twitter_card":"summary_large_image","twitter_misc":{"Escrito por":"conversesacatalunya","Tiempo de lectura":"4 minutos"},"schema":{"@context":"https:\/\/schema.org","@graph":[{"@type":"Article","@id":"https:\/\/conversesacatalunya.cat\/es\/coronavirus-con-la-independencia-menos-muertos\/#article","isPartOf":{"@id":"https:\/\/conversesacatalunya.cat\/es\/coronavirus-con-la-independencia-menos-muertos\/"},"author":{"name":"conversesacatalunya","@id":"https:\/\/conversesacatalunya.cat\/#\/schema\/person\/7e24d1e54a2785373ddcb275eae5ed99"},"headline":"Coronavirus: \u00bfCon la independencia menos muertos?","datePublished":"2020-04-21T09:41:05+00:00","dateModified":"2020-04-21T10:32:10+00:00","mainEntityOfPage":{"@id":"https:\/\/conversesacatalunya.cat\/es\/coronavirus-con-la-independencia-menos-muertos\/"},"wordCount":857,"commentCount":0,"image":{"@id":"https:\/\/conversesacatalunya.cat\/es\/coronavirus-con-la-independencia-menos-muertos\/#primaryimage"},"thumbnailUrl":"https:\/\/conversesacatalunya.cat\/wp-content\/uploads\/2020\/04\/coronavirus-10-6.jpg","keywords":["coronavirus","Govern de la Generalitat"],"articleSection":["Especial Coronavirus (ES)","Punts clau del dia (ES)"],"inLanguage":"es","potentialAction":[{"@type":"CommentAction","name":"Comment","target":["https:\/\/conversesacatalunya.cat\/es\/coronavirus-con-la-independencia-menos-muertos\/#respond"]}]},{"@type":"WebPage","@id":"https:\/\/conversesacatalunya.cat\/es\/coronavirus-con-la-independencia-menos-muertos\/","url":"https:\/\/conversesacatalunya.cat\/es\/coronavirus-con-la-independencia-menos-muertos\/","name":"Coronavirus: \u00bfCon la independencia menos muertos? - Converses a Catalunya","isPartOf":{"@id":"https:\/\/conversesacatalunya.cat\/#website"},"primaryImageOfPage":{"@id":"https:\/\/conversesacatalunya.cat\/es\/coronavirus-con-la-independencia-menos-muertos\/#primaryimage"},"image":{"@id":"https:\/\/conversesacatalunya.cat\/es\/coronavirus-con-la-independencia-menos-muertos\/#primaryimage"},"thumbnailUrl":"https:\/\/conversesacatalunya.cat\/wp-content\/uploads\/2020\/04\/coronavirus-10-6.jpg","datePublished":"2020-04-21T09:41:05+00:00","dateModified":"2020-04-21T10:32:10+00:00","author":{"@id":"https:\/\/conversesacatalunya.cat\/#\/schema\/person\/7e24d1e54a2785373ddcb275eae5ed99"},"breadcrumb":{"@id":"https:\/\/conversesacatalunya.cat\/es\/coronavirus-con-la-independencia-menos-muertos\/#breadcrumb"},"inLanguage":"es","potentialAction":[{"@type":"ReadAction","target":["https:\/\/conversesacatalunya.cat\/es\/coronavirus-con-la-independencia-menos-muertos\/"]}]},{"@type":"ImageObject","inLanguage":"es","@id":"https:\/\/conversesacatalunya.cat\/es\/coronavirus-con-la-independencia-menos-muertos\/#primaryimage","url":"https:\/\/conversesacatalunya.cat\/wp-content\/uploads\/2020\/04\/coronavirus-10-6.jpg","contentUrl":"https:\/\/conversesacatalunya.cat\/wp-content\/uploads\/2020\/04\/coronavirus-10-6.jpg","width":1200,"height":674},{"@type":"BreadcrumbList","@id":"https:\/\/conversesacatalunya.cat\/es\/coronavirus-con-la-independencia-menos-muertos\/#breadcrumb","itemListElement":[{"@type":"ListItem","position":1,"name":"Inici","item":"https:\/\/conversesacatalunya.cat\/es\/"},{"@type":"ListItem","position":2,"name":"Coronavirus: \u00bfCon la independencia menos muertos?"}]},{"@type":"WebSite","@id":"https:\/\/conversesacatalunya.cat\/#website","url":"https:\/\/conversesacatalunya.cat\/","name":"Converses a Catalunya","description":"","potentialAction":[{"@type":"SearchAction","target":{"@type":"EntryPoint","urlTemplate":"https:\/\/conversesacatalunya.cat\/?s={search_term_string}"},"query-input":{"@type":"PropertyValueSpecification","valueRequired":true,"valueName":"search_term_string"}}],"inLanguage":"es"},{"@type":"Person","@id":"https:\/\/conversesacatalunya.cat\/#\/schema\/person\/7e24d1e54a2785373ddcb275eae5ed99","name":"conversesacatalunya","image":{"@type":"ImageObject","inLanguage":"es","@id":"https:\/\/conversesacatalunya.cat\/#\/schema\/person\/image\/","url":"https:\/\/conversesacatalunya.cat\/wp-content\/litespeed\/avatar\/febdfeeec89d950f01c748045a981dd2.jpg?ver=1777314535","contentUrl":"https:\/\/conversesacatalunya.cat\/wp-content\/litespeed\/avatar\/febdfeeec89d950f01c748045a981dd2.jpg?ver=1777314535","caption":"conversesacatalunya"},"url":"https:\/\/conversesacatalunya.cat\/es\/author\/carme_catala\/"}]}},"wps_subtitle":"\u00bfQu\u00e9 explica realmente la diferencia entre pa\u00edses y regiones?  ","_links":{"self":[{"href":"https:\/\/conversesacatalunya.cat\/es\/wp-json\/wp\/v2\/posts\/35195","targetHints":{"allow":["GET"]}}],"collection":[{"href":"https:\/\/conversesacatalunya.cat\/es\/wp-json\/wp\/v2\/posts"}],"about":[{"href":"https:\/\/conversesacatalunya.cat\/es\/wp-json\/wp\/v2\/types\/post"}],"author":[{"embeddable":true,"href":"https:\/\/conversesacatalunya.cat\/es\/wp-json\/wp\/v2\/users\/2"}],"replies":[{"embeddable":true,"href":"https:\/\/conversesacatalunya.cat\/es\/wp-json\/wp\/v2\/comments?post=35195"}],"version-history":[{"count":2,"href":"https:\/\/conversesacatalunya.cat\/es\/wp-json\/wp\/v2\/posts\/35195\/revisions"}],"predecessor-version":[{"id":35240,"href":"https:\/\/conversesacatalunya.cat\/es\/wp-json\/wp\/v2\/posts\/35195\/revisions\/35240"}],"wp:featuredmedia":[{"embeddable":true,"href":"https:\/\/conversesacatalunya.cat\/es\/wp-json\/wp\/v2\/media\/35201"}],"wp:attachment":[{"href":"https:\/\/conversesacatalunya.cat\/es\/wp-json\/wp\/v2\/media?parent=35195"}],"wp:term":[{"taxonomy":"category","embeddable":true,"href":"https:\/\/conversesacatalunya.cat\/es\/wp-json\/wp\/v2\/categories?post=35195"},{"taxonomy":"post_tag","embeddable":true,"href":"https:\/\/conversesacatalunya.cat\/es\/wp-json\/wp\/v2\/tags?post=35195"}],"curies":[{"name":"wp","href":"https:\/\/api.w.org\/{rel}","templated":true}]}}