{"id":35142,"date":"2020-04-20T11:56:48","date_gmt":"2020-04-20T09:56:48","guid":{"rendered":"https:\/\/conversesacatalunya.cat\/?p=35142"},"modified":"2020-04-20T11:56:48","modified_gmt":"2020-04-20T09:56:48","slug":"coronavirus-una-esperanza-razonable-a-corto-plazo","status":"publish","type":"post","link":"https:\/\/conversesacatalunya.cat\/es\/coronavirus-una-esperanza-razonable-a-corto-plazo\/","title":{"rendered":"Coronavirus una esperanza razonable a corto plazo"},"content":{"rendered":"<p>El futuro se vuelve turbio cuando pensamos que solo podremos recobrar la normalidad cuando se encuentre una vacuna efectiva y se haya aplicado masivamente, o bien, hasta que de forma natural &#8211; y peligrosa- <strong>el 60 o 70 por ciento de la poblaci\u00f3n<\/strong> se haya inmunizado. En ambos casos adem\u00e1s con la duda, nada menor, del tiempo que puede durar la inmunidad, y la capacidad de mutar en t\u00e9rminos significativos del Covid-19. Todo esto que es p\u00fablico y notorio nos conduce a finales del 2021, incluso m\u00e1s all\u00e1.<\/p>\n<p><strong>Pero hay otro camino<\/strong> mucho m\u00e1s accesible y para nada incompatible con la vacuna, como es el del <strong>tratamiento m\u00e9dico con f\u00e1rmacos<\/strong> que proporcionen \u00e9xitos claros y verificados. Esta v\u00eda de soluci\u00f3n todav\u00eda ofrece m\u00e1s ventajas si los tratamientos que se llevan a cabo parten de medicamentos ya conocidos, con todo lo que significa de rapidez de aplicaci\u00f3n, conocimiento de sus implicaciones, y econom\u00eda.<\/p>\n<p>En realidad, bastar\u00eda encontrar un f\u00e1rmaco o una combinaci\u00f3n de ellos, que pudiera atajar la expansi\u00f3n del virus en las primeras fases, en los primeros 4 o 5 d\u00edas, cuando todav\u00eda no se producen las complicaciones graves.<\/p>\n<p>Este ser\u00eda el caso, si acaba teniendo \u00e9xito, de la soluci\u00f3n que propone y aplica el <strong>doctor Didier Raoult<\/strong>, Microbi\u00f3logo de prestigio, director del Instituto Hospitalario Universitario de Marsella, que utiliza una combinaci\u00f3n de <strong>hidroxicloroquina, un derivado de la cloroquina y un antibi\u00f3tico la azitromicina<\/strong>, para combatir la enfermedad, si se act\u00faa en los primeros d\u00edas.<\/p>\n<span class='bctt-click-to-tweet'><span class='bctt-ctt-text'><a href='https:\/\/twitter.com\/intent\/tweet?url=https%3A%2F%2Fconversesacatalunya.cat%2Fes%2Fcoronavirus-una-esperanza-razonable-a-corto-plazo%2F&#038;text=Bastar%C3%ADa%20encontrar%20un%20f%C3%A1rmaco%20o%20una%20combinaci%C3%B3n%20de%20ellos%2C%20que%20pudiera%20atajar%20la%20expansi%C3%B3n%20del%20virus%20en%20las%20primeras%20fases&#038;via=conversesacat&#038;related=conversesacat' target='_blank'rel=\"noopener noreferrer\">Bastar\u00eda encontrar un f\u00e1rmaco o una combinaci\u00f3n de ellos, que pudiera atajar la expansi\u00f3n del virus en las primeras fases <\/a><\/span><a href='https:\/\/twitter.com\/intent\/tweet?url=https%3A%2F%2Fconversesacatalunya.cat%2Fes%2Fcoronavirus-una-esperanza-razonable-a-corto-plazo%2F&#038;text=Bastar%C3%ADa%20encontrar%20un%20f%C3%A1rmaco%20o%20una%20combinaci%C3%B3n%20de%20ellos%2C%20que%20pudiera%20atajar%20la%20expansi%C3%B3n%20del%20virus%20en%20las%20primeras%20fases&#038;via=conversesacat&#038;related=conversesacat' target='_blank' class='bctt-ctt-btn'rel=\"noopener noreferrer\">Compartir en X<\/a><\/span>\n<p>Este enfoque no est\u00e1 exento de pol\u00e9micas, como todo lo nuevo. Sin duda requiere de una mayor verificaci\u00f3n, pero si funcionara tendr\u00eda la ventaja de utilizar recursos farmacol\u00f3gicos ya conocidos. Sean estos u otros los remedios efectivos, ah\u00ed se encuentra claramente una gran parte de la soluci\u00f3n que exigir\u00eda para su realizaci\u00f3n una <strong>detecci\u00f3n r\u00e1pida<\/strong>, un diagn\u00f3stico inmediato de la Covid-19, para poder utilizar la medicaci\u00f3n con garant\u00edas de \u00e9xito. De esta manera, se estar\u00eda desarrollando una estrategia que combinar\u00eda la <strong>medicaci\u00f3n eficaz con una buena log\u00edstica y diagn\u00f3stico m\u00e9dico<\/strong>. El papel de los Centros de Asistencia Primaria ser\u00eda todav\u00eda m\u00e1s decisivo de lo que es ahora.<\/p>\n<p>Pero para dominar por completo el SAR Covid-2 har\u00eda falta <strong>disponer de una segunda respuesta farmac\u00e9utica<\/strong>, la de los medicamentos que <strong>evitaran la reacci\u00f3n inmunol\u00f3gica<\/strong> del propio organismo, que es la que conduce a los desenlaces fatales. Dispondr\u00edamos as\u00ed de una segunda y decisiva l\u00ednea de contenci\u00f3n para aquellos casos que escaparan al tratamiento en primera instancia, y que ser\u00edan objeto de dispensaci\u00f3n en los hospitales. Estos, gracias al aligeramiento de la carga de enfermos de la pandemia, podr\u00edan trabajar en condiciones de normalidad, alejando de los sanitarios y m\u00e9dicos, el estr\u00e9s por sobrecarga de trabajo, y reduciendo el riesgo de quedar tambi\u00e9n afectados por el coronavirus.<\/p>\n<p>En esta estrategia, que en una primera instancia partir\u00eda sobre todo de medicamentos ya conocidos, el resultado ser\u00eda mucho m\u00e1s r\u00e1pido, y p<strong>odr\u00edamos entrar en el 2021 con un dominio notable de la pandemia, <\/strong>sabiendo que podemos tratarla de inmediato y que existe soluci\u00f3n para los casos m\u00e1s agudos. Habr\u00edamos reducido el impacto social y, por tanto, econ\u00f3mico, con un control que se aproximar\u00eda mucho al que disponemos sobre otras enfermedades infecciosas, la m\u00e1s extendida la gripe.<\/p>\n<p>Avanzar\u00edamos tambi\u00e9n en el proceso de inmunizaci\u00f3n natural, m\u00e1s o menos completo, y podr\u00edamos esperar la presencia de la vacuna en unas condiciones infinitamente superiores a las actuales. Todo esto permitir\u00eda relajar, que no hacer desaparecer, las prevenciones, y sin duda facilitar\u00eda una m\u00e1s r\u00e1pida recuperaci\u00f3n de las relaciones sociales y econ\u00f3micas. La disponibilidad de este tipo de f\u00e1rmacos no deber\u00eda llevar al estado a disminuir su actuaci\u00f3n, para facilitar pruebas masivas de contaminaci\u00f3n por el coronavirus, porque sin ellas el problema continuar\u00eda siendo grave por falta de detecci\u00f3n a tiempo.<\/p>\n<p style=\"text-align: center;\"><strong>M\u00e1s informaci\u00f3n sobre el coronavirus en <a href=\"https:\/\/conversesacatalunya.cat\/es\/coronavirus\/\">ESPECIAL CORONAVIRUS<\/a><\/strong><\/p>\n","protected":false},"excerpt":{"rendered":"<p>El futuro se vuelve turbio cuando pensamos que solo podremos recobrar la normalidad cuando se encuentre una vacuna efectiva y se haya aplicado masivamente, o bien, hasta que de forma natural &#8211; y peligrosa- el 60 o 70 por ciento de la poblaci\u00f3n se haya inmunizado. En ambos casos adem\u00e1s con la duda, nada menor, del tiempo que puede durar la inmunidad, y la capacidad de mutar en t\u00e9rminos significativos del Covid-19. Todo esto que es p\u00fablico y notorio nos conduce a finales del 2021, incluso m\u00e1s all\u00e1. Pero hay otro camino mucho m\u00e1s accesible y para nada incompatible con la vacuna, como es el del tratamiento m\u00e9dico con f\u00e1rmacos que proporcionen \u00e9xitos claros y verificados. Esta v\u00eda de soluci\u00f3n todav\u00eda ofrece m\u00e1s ventajas si los tratamientos que se llevan a cabo parten de medicamentos ya conocidos, con todo lo que significa de rapidez de aplicaci\u00f3n, conocimiento de sus implicaciones, y econom\u00eda. En realidad, bastar\u00eda encontrar un f\u00e1rmaco o una combinaci\u00f3n de ellos, que pudiera atajar la expansi\u00f3n del virus en las primeras fases, en los primeros 4 o 5 d\u00edas, cuando todav\u00eda no se producen las complicaciones graves. Este ser\u00eda el caso, si acaba teniendo \u00e9xito, de la soluci\u00f3n que propone y aplica el doctor Didier Raoult, Microbi\u00f3logo de prestigio, director del Instituto Hospitalario Universitario de Marsella, que utiliza una combinaci\u00f3n de hidroxicloroquina, un derivado de la cloroquina y un antibi\u00f3tico la azitromicina, para combatir la enfermedad, si se act\u00faa en los primeros d\u00edas. Este enfoque no est\u00e1 exento de pol\u00e9micas, como todo lo nuevo. Sin duda requiere de una mayor verificaci\u00f3n, pero si funcionara tendr\u00eda la ventaja de utilizar recursos farmacol\u00f3gicos ya conocidos. Sean estos u otros los remedios efectivos, ah\u00ed se encuentra claramente una gran parte de la soluci\u00f3n que exigir\u00eda para su realizaci\u00f3n una detecci\u00f3n r\u00e1pida, un diagn\u00f3stico inmediato de la Covid-19, para poder utilizar la medicaci\u00f3n con garant\u00edas de \u00e9xito. De esta manera, se estar\u00eda desarrollando una estrategia que combinar\u00eda la medicaci\u00f3n eficaz con una buena log\u00edstica y diagn\u00f3stico m\u00e9dico. El papel de los Centros de Asistencia Primaria ser\u00eda todav\u00eda m\u00e1s decisivo de lo que es ahora. Pero para dominar por completo el SAR Covid-2 har\u00eda falta disponer de una segunda respuesta farmac\u00e9utica, la de los medicamentos que evitaran la reacci\u00f3n inmunol\u00f3gica del propio organismo, que es la que conduce a los desenlaces fatales. Dispondr\u00edamos as\u00ed de una segunda y decisiva l\u00ednea de contenci\u00f3n para aquellos casos que escaparan al tratamiento en primera instancia, y que ser\u00edan objeto de dispensaci\u00f3n en los hospitales. Estos, gracias al aligeramiento de la carga de enfermos de la pandemia, podr\u00edan trabajar en condiciones de normalidad, alejando de los sanitarios y m\u00e9dicos, el estr\u00e9s por sobrecarga de trabajo, y reduciendo el riesgo de quedar tambi\u00e9n afectados por el coronavirus. En esta estrategia, que en una primera instancia partir\u00eda sobre todo de medicamentos ya conocidos, el resultado ser\u00eda mucho m\u00e1s r\u00e1pido, y podr\u00edamos entrar en el 2021 con un dominio notable de la pandemia, sabiendo que podemos tratarla de inmediato y que existe soluci\u00f3n para los casos m\u00e1s agudos. Habr\u00edamos reducido el impacto social y, por tanto, econ\u00f3mico, con un control que se aproximar\u00eda mucho al que disponemos sobre otras enfermedades infecciosas, la m\u00e1s extendida la gripe. Avanzar\u00edamos tambi\u00e9n en el proceso de inmunizaci\u00f3n natural, m\u00e1s o menos completo, y podr\u00edamos esperar la presencia de la vacuna en unas condiciones infinitamente superiores a las actuales. Todo esto permitir\u00eda relajar, que no hacer desaparecer, las prevenciones, y sin duda facilitar\u00eda una m\u00e1s r\u00e1pida recuperaci\u00f3n de las relaciones sociales y econ\u00f3micas. La disponibilidad de este tipo de f\u00e1rmacos no deber\u00eda llevar al estado a disminuir su actuaci\u00f3n, para facilitar pruebas masivas de contaminaci\u00f3n por el coronavirus, porque sin ellas el problema continuar\u00eda siendo grave por falta de detecci\u00f3n a tiempo. M\u00e1s informaci\u00f3n sobre el coronavirus en ESPECIAL CORONAVIRUS<\/p>\n","protected":false},"author":2,"featured_media":35144,"comment_status":"open","ping_status":"open","sticky":false,"template":"","format":"standard","meta":{"_FSMCFIC_featured_image_caption":"","_FSMCFIC_featured_image_nocaption":"","_FSMCFIC_featured_image_hide":"","footnotes":""},"categories":[1772,806],"tags":[1504,2180,2181,1865],"class_list":["post-35142","post","type-post","status-publish","format-standard","has-post-thumbnail","hentry","category-especial-coronavirus-es","category-punts-claus-del-dia-es","tag-coronavirus-es","tag-inmunidad","tag-medicamentos","tag-pandemia-es"],"yoast_head":"<!-- This site is optimized with the Yoast SEO plugin v26.8 - https:\/\/yoast.com\/product\/yoast-seo-wordpress\/ -->\n<title>Coronavirus una esperanza razonable a corto plazo - Converses a Catalunya<\/title>\n<meta name=\"robots\" content=\"index, follow, max-snippet:-1, max-image-preview:large, max-video-preview:-1\" \/>\n<link rel=\"canonical\" href=\"https:\/\/conversesacatalunya.cat\/es\/coronavirus-una-esperanza-razonable-a-corto-plazo\/\" \/>\n<meta property=\"og:locale\" content=\"es_ES\" \/>\n<meta property=\"og:type\" content=\"article\" \/>\n<meta property=\"og:title\" content=\"Coronavirus una esperanza razonable a corto plazo - Converses a Catalunya\" \/>\n<meta property=\"og:description\" content=\"El futuro se vuelve turbio cuando pensamos que solo podremos recobrar la normalidad cuando se encuentre una vacuna efectiva y se haya aplicado masivamente, o bien, hasta que de forma natural &#8211; y peligrosa- el 60 o 70 por ciento de la poblaci\u00f3n se haya inmunizado. En ambos casos adem\u00e1s con la duda, nada menor, del tiempo que puede durar la inmunidad, y la capacidad de mutar en t\u00e9rminos significativos del Covid-19. Todo esto que es p\u00fablico y notorio nos conduce a finales del 2021, incluso m\u00e1s all\u00e1. Pero hay otro camino mucho m\u00e1s accesible y para nada incompatible con la vacuna, como es el del tratamiento m\u00e9dico con f\u00e1rmacos que proporcionen \u00e9xitos claros y verificados. Esta v\u00eda de soluci\u00f3n todav\u00eda ofrece m\u00e1s ventajas si los tratamientos que se llevan a cabo parten de medicamentos ya conocidos, con todo lo que significa de rapidez de aplicaci\u00f3n, conocimiento de sus implicaciones, y econom\u00eda. En realidad, bastar\u00eda encontrar un f\u00e1rmaco o una combinaci\u00f3n de ellos, que pudiera atajar la expansi\u00f3n del virus en las primeras fases, en los primeros 4 o 5 d\u00edas, cuando todav\u00eda no se producen las complicaciones graves. Este ser\u00eda el caso, si acaba teniendo \u00e9xito, de la soluci\u00f3n que propone y aplica el doctor Didier Raoult, Microbi\u00f3logo de prestigio, director del Instituto Hospitalario Universitario de Marsella, que utiliza una combinaci\u00f3n de hidroxicloroquina, un derivado de la cloroquina y un antibi\u00f3tico la azitromicina, para combatir la enfermedad, si se act\u00faa en los primeros d\u00edas. Este enfoque no est\u00e1 exento de pol\u00e9micas, como todo lo nuevo. Sin duda requiere de una mayor verificaci\u00f3n, pero si funcionara tendr\u00eda la ventaja de utilizar recursos farmacol\u00f3gicos ya conocidos. Sean estos u otros los remedios efectivos, ah\u00ed se encuentra claramente una gran parte de la soluci\u00f3n que exigir\u00eda para su realizaci\u00f3n una detecci\u00f3n r\u00e1pida, un diagn\u00f3stico inmediato de la Covid-19, para poder utilizar la medicaci\u00f3n con garant\u00edas de \u00e9xito. De esta manera, se estar\u00eda desarrollando una estrategia que combinar\u00eda la medicaci\u00f3n eficaz con una buena log\u00edstica y diagn\u00f3stico m\u00e9dico. El papel de los Centros de Asistencia Primaria ser\u00eda todav\u00eda m\u00e1s decisivo de lo que es ahora. Pero para dominar por completo el SAR Covid-2 har\u00eda falta disponer de una segunda respuesta farmac\u00e9utica, la de los medicamentos que evitaran la reacci\u00f3n inmunol\u00f3gica del propio organismo, que es la que conduce a los desenlaces fatales. Dispondr\u00edamos as\u00ed de una segunda y decisiva l\u00ednea de contenci\u00f3n para aquellos casos que escaparan al tratamiento en primera instancia, y que ser\u00edan objeto de dispensaci\u00f3n en los hospitales. Estos, gracias al aligeramiento de la carga de enfermos de la pandemia, podr\u00edan trabajar en condiciones de normalidad, alejando de los sanitarios y m\u00e9dicos, el estr\u00e9s por sobrecarga de trabajo, y reduciendo el riesgo de quedar tambi\u00e9n afectados por el coronavirus. En esta estrategia, que en una primera instancia partir\u00eda sobre todo de medicamentos ya conocidos, el resultado ser\u00eda mucho m\u00e1s r\u00e1pido, y podr\u00edamos entrar en el 2021 con un dominio notable de la pandemia, sabiendo que podemos tratarla de inmediato y que existe soluci\u00f3n para los casos m\u00e1s agudos. Habr\u00edamos reducido el impacto social y, por tanto, econ\u00f3mico, con un control que se aproximar\u00eda mucho al que disponemos sobre otras enfermedades infecciosas, la m\u00e1s extendida la gripe. Avanzar\u00edamos tambi\u00e9n en el proceso de inmunizaci\u00f3n natural, m\u00e1s o menos completo, y podr\u00edamos esperar la presencia de la vacuna en unas condiciones infinitamente superiores a las actuales. Todo esto permitir\u00eda relajar, que no hacer desaparecer, las prevenciones, y sin duda facilitar\u00eda una m\u00e1s r\u00e1pida recuperaci\u00f3n de las relaciones sociales y econ\u00f3micas. La disponibilidad de este tipo de f\u00e1rmacos no deber\u00eda llevar al estado a disminuir su actuaci\u00f3n, para facilitar pruebas masivas de contaminaci\u00f3n por el coronavirus, porque sin ellas el problema continuar\u00eda siendo grave por falta de detecci\u00f3n a tiempo. M\u00e1s informaci\u00f3n sobre el coronavirus en ESPECIAL CORONAVIRUS\" \/>\n<meta property=\"og:url\" content=\"https:\/\/conversesacatalunya.cat\/es\/coronavirus-una-esperanza-razonable-a-corto-plazo\/\" \/>\n<meta property=\"og:site_name\" content=\"Converses a Catalunya\" \/>\n<meta property=\"article:published_time\" content=\"2020-04-20T09:56:48+00:00\" \/>\n<meta property=\"og:image\" content=\"https:\/\/conversesacatalunya.cat\/wp-content\/uploads\/2020\/04\/medicamentos.jpeg\" \/>\n\t<meta property=\"og:image:width\" content=\"1200\" \/>\n\t<meta property=\"og:image:height\" content=\"564\" \/>\n\t<meta property=\"og:image:type\" content=\"image\/jpeg\" \/>\n<meta name=\"author\" content=\"conversesacatalunya\" \/>\n<meta name=\"twitter:card\" content=\"summary_large_image\" \/>\n<meta name=\"twitter:label1\" content=\"Escrito por\" \/>\n\t<meta name=\"twitter:data1\" content=\"conversesacatalunya\" \/>\n\t<meta name=\"twitter:label2\" content=\"Tiempo de lectura\" \/>\n\t<meta name=\"twitter:data2\" content=\"4 minutos\" \/>\n<script type=\"application\/ld+json\" class=\"yoast-schema-graph\">{\"@context\":\"https:\/\/schema.org\",\"@graph\":[{\"@type\":\"Article\",\"@id\":\"https:\/\/conversesacatalunya.cat\/es\/coronavirus-una-esperanza-razonable-a-corto-plazo\/#article\",\"isPartOf\":{\"@id\":\"https:\/\/conversesacatalunya.cat\/es\/coronavirus-una-esperanza-razonable-a-corto-plazo\/\"},\"author\":{\"name\":\"conversesacatalunya\",\"@id\":\"https:\/\/conversesacatalunya.cat\/#\/schema\/person\/7e24d1e54a2785373ddcb275eae5ed99\"},\"headline\":\"Coronavirus una esperanza razonable a corto plazo\",\"datePublished\":\"2020-04-20T09:56:48+00:00\",\"mainEntityOfPage\":{\"@id\":\"https:\/\/conversesacatalunya.cat\/es\/coronavirus-una-esperanza-razonable-a-corto-plazo\/\"},\"wordCount\":755,\"commentCount\":0,\"image\":{\"@id\":\"https:\/\/conversesacatalunya.cat\/es\/coronavirus-una-esperanza-razonable-a-corto-plazo\/#primaryimage\"},\"thumbnailUrl\":\"https:\/\/conversesacatalunya.cat\/wp-content\/uploads\/2020\/04\/medicamentos.jpeg\",\"keywords\":[\"coronavirus\",\"inmunidad\",\"medicamentos\",\"pand\u00e8mia\"],\"articleSection\":[\"Especial Coronavirus (ES)\",\"Punts clau del dia (ES)\"],\"inLanguage\":\"es\",\"potentialAction\":[{\"@type\":\"CommentAction\",\"name\":\"Comment\",\"target\":[\"https:\/\/conversesacatalunya.cat\/es\/coronavirus-una-esperanza-razonable-a-corto-plazo\/#respond\"]}]},{\"@type\":\"WebPage\",\"@id\":\"https:\/\/conversesacatalunya.cat\/es\/coronavirus-una-esperanza-razonable-a-corto-plazo\/\",\"url\":\"https:\/\/conversesacatalunya.cat\/es\/coronavirus-una-esperanza-razonable-a-corto-plazo\/\",\"name\":\"Coronavirus una esperanza razonable a corto plazo - Converses a Catalunya\",\"isPartOf\":{\"@id\":\"https:\/\/conversesacatalunya.cat\/#website\"},\"primaryImageOfPage\":{\"@id\":\"https:\/\/conversesacatalunya.cat\/es\/coronavirus-una-esperanza-razonable-a-corto-plazo\/#primaryimage\"},\"image\":{\"@id\":\"https:\/\/conversesacatalunya.cat\/es\/coronavirus-una-esperanza-razonable-a-corto-plazo\/#primaryimage\"},\"thumbnailUrl\":\"https:\/\/conversesacatalunya.cat\/wp-content\/uploads\/2020\/04\/medicamentos.jpeg\",\"datePublished\":\"2020-04-20T09:56:48+00:00\",\"author\":{\"@id\":\"https:\/\/conversesacatalunya.cat\/#\/schema\/person\/7e24d1e54a2785373ddcb275eae5ed99\"},\"breadcrumb\":{\"@id\":\"https:\/\/conversesacatalunya.cat\/es\/coronavirus-una-esperanza-razonable-a-corto-plazo\/#breadcrumb\"},\"inLanguage\":\"es\",\"potentialAction\":[{\"@type\":\"ReadAction\",\"target\":[\"https:\/\/conversesacatalunya.cat\/es\/coronavirus-una-esperanza-razonable-a-corto-plazo\/\"]}]},{\"@type\":\"ImageObject\",\"inLanguage\":\"es\",\"@id\":\"https:\/\/conversesacatalunya.cat\/es\/coronavirus-una-esperanza-razonable-a-corto-plazo\/#primaryimage\",\"url\":\"https:\/\/conversesacatalunya.cat\/wp-content\/uploads\/2020\/04\/medicamentos.jpeg\",\"contentUrl\":\"https:\/\/conversesacatalunya.cat\/wp-content\/uploads\/2020\/04\/medicamentos.jpeg\",\"width\":1200,\"height\":564,\"caption\":\"esperanza coronavirus\"},{\"@type\":\"BreadcrumbList\",\"@id\":\"https:\/\/conversesacatalunya.cat\/es\/coronavirus-una-esperanza-razonable-a-corto-plazo\/#breadcrumb\",\"itemListElement\":[{\"@type\":\"ListItem\",\"position\":1,\"name\":\"Inici\",\"item\":\"https:\/\/conversesacatalunya.cat\/es\/\"},{\"@type\":\"ListItem\",\"position\":2,\"name\":\"Coronavirus una esperanza razonable a corto plazo\"}]},{\"@type\":\"WebSite\",\"@id\":\"https:\/\/conversesacatalunya.cat\/#website\",\"url\":\"https:\/\/conversesacatalunya.cat\/\",\"name\":\"Converses a Catalunya\",\"description\":\"\",\"potentialAction\":[{\"@type\":\"SearchAction\",\"target\":{\"@type\":\"EntryPoint\",\"urlTemplate\":\"https:\/\/conversesacatalunya.cat\/?s={search_term_string}\"},\"query-input\":{\"@type\":\"PropertyValueSpecification\",\"valueRequired\":true,\"valueName\":\"search_term_string\"}}],\"inLanguage\":\"es\"},{\"@type\":\"Person\",\"@id\":\"https:\/\/conversesacatalunya.cat\/#\/schema\/person\/7e24d1e54a2785373ddcb275eae5ed99\",\"name\":\"conversesacatalunya\",\"image\":{\"@type\":\"ImageObject\",\"inLanguage\":\"es\",\"@id\":\"https:\/\/conversesacatalunya.cat\/#\/schema\/person\/image\/\",\"url\":\"https:\/\/conversesacatalunya.cat\/wp-content\/litespeed\/avatar\/febdfeeec89d950f01c748045a981dd2.jpg?ver=1777314535\",\"contentUrl\":\"https:\/\/conversesacatalunya.cat\/wp-content\/litespeed\/avatar\/febdfeeec89d950f01c748045a981dd2.jpg?ver=1777314535\",\"caption\":\"conversesacatalunya\"},\"url\":\"https:\/\/conversesacatalunya.cat\/es\/author\/carme_catala\/\"}]}<\/script>\n<!-- \/ Yoast SEO plugin. -->","yoast_head_json":{"title":"Coronavirus una esperanza razonable a corto plazo - Converses a Catalunya","robots":{"index":"index","follow":"follow","max-snippet":"max-snippet:-1","max-image-preview":"max-image-preview:large","max-video-preview":"max-video-preview:-1"},"canonical":"https:\/\/conversesacatalunya.cat\/es\/coronavirus-una-esperanza-razonable-a-corto-plazo\/","og_locale":"es_ES","og_type":"article","og_title":"Coronavirus una esperanza razonable a corto plazo - Converses a Catalunya","og_description":"El futuro se vuelve turbio cuando pensamos que solo podremos recobrar la normalidad cuando se encuentre una vacuna efectiva y se haya aplicado masivamente, o bien, hasta que de forma natural &#8211; y peligrosa- el 60 o 70 por ciento de la poblaci\u00f3n se haya inmunizado. En ambos casos adem\u00e1s con la duda, nada menor, del tiempo que puede durar la inmunidad, y la capacidad de mutar en t\u00e9rminos significativos del Covid-19. Todo esto que es p\u00fablico y notorio nos conduce a finales del 2021, incluso m\u00e1s all\u00e1. Pero hay otro camino mucho m\u00e1s accesible y para nada incompatible con la vacuna, como es el del tratamiento m\u00e9dico con f\u00e1rmacos que proporcionen \u00e9xitos claros y verificados. Esta v\u00eda de soluci\u00f3n todav\u00eda ofrece m\u00e1s ventajas si los tratamientos que se llevan a cabo parten de medicamentos ya conocidos, con todo lo que significa de rapidez de aplicaci\u00f3n, conocimiento de sus implicaciones, y econom\u00eda. En realidad, bastar\u00eda encontrar un f\u00e1rmaco o una combinaci\u00f3n de ellos, que pudiera atajar la expansi\u00f3n del virus en las primeras fases, en los primeros 4 o 5 d\u00edas, cuando todav\u00eda no se producen las complicaciones graves. Este ser\u00eda el caso, si acaba teniendo \u00e9xito, de la soluci\u00f3n que propone y aplica el doctor Didier Raoult, Microbi\u00f3logo de prestigio, director del Instituto Hospitalario Universitario de Marsella, que utiliza una combinaci\u00f3n de hidroxicloroquina, un derivado de la cloroquina y un antibi\u00f3tico la azitromicina, para combatir la enfermedad, si se act\u00faa en los primeros d\u00edas. Este enfoque no est\u00e1 exento de pol\u00e9micas, como todo lo nuevo. Sin duda requiere de una mayor verificaci\u00f3n, pero si funcionara tendr\u00eda la ventaja de utilizar recursos farmacol\u00f3gicos ya conocidos. Sean estos u otros los remedios efectivos, ah\u00ed se encuentra claramente una gran parte de la soluci\u00f3n que exigir\u00eda para su realizaci\u00f3n una detecci\u00f3n r\u00e1pida, un diagn\u00f3stico inmediato de la Covid-19, para poder utilizar la medicaci\u00f3n con garant\u00edas de \u00e9xito. De esta manera, se estar\u00eda desarrollando una estrategia que combinar\u00eda la medicaci\u00f3n eficaz con una buena log\u00edstica y diagn\u00f3stico m\u00e9dico. El papel de los Centros de Asistencia Primaria ser\u00eda todav\u00eda m\u00e1s decisivo de lo que es ahora. Pero para dominar por completo el SAR Covid-2 har\u00eda falta disponer de una segunda respuesta farmac\u00e9utica, la de los medicamentos que evitaran la reacci\u00f3n inmunol\u00f3gica del propio organismo, que es la que conduce a los desenlaces fatales. Dispondr\u00edamos as\u00ed de una segunda y decisiva l\u00ednea de contenci\u00f3n para aquellos casos que escaparan al tratamiento en primera instancia, y que ser\u00edan objeto de dispensaci\u00f3n en los hospitales. Estos, gracias al aligeramiento de la carga de enfermos de la pandemia, podr\u00edan trabajar en condiciones de normalidad, alejando de los sanitarios y m\u00e9dicos, el estr\u00e9s por sobrecarga de trabajo, y reduciendo el riesgo de quedar tambi\u00e9n afectados por el coronavirus. En esta estrategia, que en una primera instancia partir\u00eda sobre todo de medicamentos ya conocidos, el resultado ser\u00eda mucho m\u00e1s r\u00e1pido, y podr\u00edamos entrar en el 2021 con un dominio notable de la pandemia, sabiendo que podemos tratarla de inmediato y que existe soluci\u00f3n para los casos m\u00e1s agudos. Habr\u00edamos reducido el impacto social y, por tanto, econ\u00f3mico, con un control que se aproximar\u00eda mucho al que disponemos sobre otras enfermedades infecciosas, la m\u00e1s extendida la gripe. Avanzar\u00edamos tambi\u00e9n en el proceso de inmunizaci\u00f3n natural, m\u00e1s o menos completo, y podr\u00edamos esperar la presencia de la vacuna en unas condiciones infinitamente superiores a las actuales. Todo esto permitir\u00eda relajar, que no hacer desaparecer, las prevenciones, y sin duda facilitar\u00eda una m\u00e1s r\u00e1pida recuperaci\u00f3n de las relaciones sociales y econ\u00f3micas. La disponibilidad de este tipo de f\u00e1rmacos no deber\u00eda llevar al estado a disminuir su actuaci\u00f3n, para facilitar pruebas masivas de contaminaci\u00f3n por el coronavirus, porque sin ellas el problema continuar\u00eda siendo grave por falta de detecci\u00f3n a tiempo. M\u00e1s informaci\u00f3n sobre el coronavirus en ESPECIAL CORONAVIRUS","og_url":"https:\/\/conversesacatalunya.cat\/es\/coronavirus-una-esperanza-razonable-a-corto-plazo\/","og_site_name":"Converses a Catalunya","article_published_time":"2020-04-20T09:56:48+00:00","og_image":[{"width":1200,"height":564,"url":"https:\/\/conversesacatalunya.cat\/wp-content\/uploads\/2020\/04\/medicamentos.jpeg","type":"image\/jpeg"}],"author":"conversesacatalunya","twitter_card":"summary_large_image","twitter_misc":{"Escrito por":"conversesacatalunya","Tiempo de lectura":"4 minutos"},"schema":{"@context":"https:\/\/schema.org","@graph":[{"@type":"Article","@id":"https:\/\/conversesacatalunya.cat\/es\/coronavirus-una-esperanza-razonable-a-corto-plazo\/#article","isPartOf":{"@id":"https:\/\/conversesacatalunya.cat\/es\/coronavirus-una-esperanza-razonable-a-corto-plazo\/"},"author":{"name":"conversesacatalunya","@id":"https:\/\/conversesacatalunya.cat\/#\/schema\/person\/7e24d1e54a2785373ddcb275eae5ed99"},"headline":"Coronavirus una esperanza razonable a corto plazo","datePublished":"2020-04-20T09:56:48+00:00","mainEntityOfPage":{"@id":"https:\/\/conversesacatalunya.cat\/es\/coronavirus-una-esperanza-razonable-a-corto-plazo\/"},"wordCount":755,"commentCount":0,"image":{"@id":"https:\/\/conversesacatalunya.cat\/es\/coronavirus-una-esperanza-razonable-a-corto-plazo\/#primaryimage"},"thumbnailUrl":"https:\/\/conversesacatalunya.cat\/wp-content\/uploads\/2020\/04\/medicamentos.jpeg","keywords":["coronavirus","inmunidad","medicamentos","pand\u00e8mia"],"articleSection":["Especial Coronavirus (ES)","Punts clau del dia (ES)"],"inLanguage":"es","potentialAction":[{"@type":"CommentAction","name":"Comment","target":["https:\/\/conversesacatalunya.cat\/es\/coronavirus-una-esperanza-razonable-a-corto-plazo\/#respond"]}]},{"@type":"WebPage","@id":"https:\/\/conversesacatalunya.cat\/es\/coronavirus-una-esperanza-razonable-a-corto-plazo\/","url":"https:\/\/conversesacatalunya.cat\/es\/coronavirus-una-esperanza-razonable-a-corto-plazo\/","name":"Coronavirus una esperanza razonable a corto plazo - Converses a Catalunya","isPartOf":{"@id":"https:\/\/conversesacatalunya.cat\/#website"},"primaryImageOfPage":{"@id":"https:\/\/conversesacatalunya.cat\/es\/coronavirus-una-esperanza-razonable-a-corto-plazo\/#primaryimage"},"image":{"@id":"https:\/\/conversesacatalunya.cat\/es\/coronavirus-una-esperanza-razonable-a-corto-plazo\/#primaryimage"},"thumbnailUrl":"https:\/\/conversesacatalunya.cat\/wp-content\/uploads\/2020\/04\/medicamentos.jpeg","datePublished":"2020-04-20T09:56:48+00:00","author":{"@id":"https:\/\/conversesacatalunya.cat\/#\/schema\/person\/7e24d1e54a2785373ddcb275eae5ed99"},"breadcrumb":{"@id":"https:\/\/conversesacatalunya.cat\/es\/coronavirus-una-esperanza-razonable-a-corto-plazo\/#breadcrumb"},"inLanguage":"es","potentialAction":[{"@type":"ReadAction","target":["https:\/\/conversesacatalunya.cat\/es\/coronavirus-una-esperanza-razonable-a-corto-plazo\/"]}]},{"@type":"ImageObject","inLanguage":"es","@id":"https:\/\/conversesacatalunya.cat\/es\/coronavirus-una-esperanza-razonable-a-corto-plazo\/#primaryimage","url":"https:\/\/conversesacatalunya.cat\/wp-content\/uploads\/2020\/04\/medicamentos.jpeg","contentUrl":"https:\/\/conversesacatalunya.cat\/wp-content\/uploads\/2020\/04\/medicamentos.jpeg","width":1200,"height":564,"caption":"esperanza coronavirus"},{"@type":"BreadcrumbList","@id":"https:\/\/conversesacatalunya.cat\/es\/coronavirus-una-esperanza-razonable-a-corto-plazo\/#breadcrumb","itemListElement":[{"@type":"ListItem","position":1,"name":"Inici","item":"https:\/\/conversesacatalunya.cat\/es\/"},{"@type":"ListItem","position":2,"name":"Coronavirus una esperanza razonable a corto plazo"}]},{"@type":"WebSite","@id":"https:\/\/conversesacatalunya.cat\/#website","url":"https:\/\/conversesacatalunya.cat\/","name":"Converses a Catalunya","description":"","potentialAction":[{"@type":"SearchAction","target":{"@type":"EntryPoint","urlTemplate":"https:\/\/conversesacatalunya.cat\/?s={search_term_string}"},"query-input":{"@type":"PropertyValueSpecification","valueRequired":true,"valueName":"search_term_string"}}],"inLanguage":"es"},{"@type":"Person","@id":"https:\/\/conversesacatalunya.cat\/#\/schema\/person\/7e24d1e54a2785373ddcb275eae5ed99","name":"conversesacatalunya","image":{"@type":"ImageObject","inLanguage":"es","@id":"https:\/\/conversesacatalunya.cat\/#\/schema\/person\/image\/","url":"https:\/\/conversesacatalunya.cat\/wp-content\/litespeed\/avatar\/febdfeeec89d950f01c748045a981dd2.jpg?ver=1777314535","contentUrl":"https:\/\/conversesacatalunya.cat\/wp-content\/litespeed\/avatar\/febdfeeec89d950f01c748045a981dd2.jpg?ver=1777314535","caption":"conversesacatalunya"},"url":"https:\/\/conversesacatalunya.cat\/es\/author\/carme_catala\/"}]}},"wps_subtitle":"","_links":{"self":[{"href":"https:\/\/conversesacatalunya.cat\/es\/wp-json\/wp\/v2\/posts\/35142","targetHints":{"allow":["GET"]}}],"collection":[{"href":"https:\/\/conversesacatalunya.cat\/es\/wp-json\/wp\/v2\/posts"}],"about":[{"href":"https:\/\/conversesacatalunya.cat\/es\/wp-json\/wp\/v2\/types\/post"}],"author":[{"embeddable":true,"href":"https:\/\/conversesacatalunya.cat\/es\/wp-json\/wp\/v2\/users\/2"}],"replies":[{"embeddable":true,"href":"https:\/\/conversesacatalunya.cat\/es\/wp-json\/wp\/v2\/comments?post=35142"}],"version-history":[{"count":1,"href":"https:\/\/conversesacatalunya.cat\/es\/wp-json\/wp\/v2\/posts\/35142\/revisions"}],"predecessor-version":[{"id":35148,"href":"https:\/\/conversesacatalunya.cat\/es\/wp-json\/wp\/v2\/posts\/35142\/revisions\/35148"}],"wp:featuredmedia":[{"embeddable":true,"href":"https:\/\/conversesacatalunya.cat\/es\/wp-json\/wp\/v2\/media\/35144"}],"wp:attachment":[{"href":"https:\/\/conversesacatalunya.cat\/es\/wp-json\/wp\/v2\/media?parent=35142"}],"wp:term":[{"taxonomy":"category","embeddable":true,"href":"https:\/\/conversesacatalunya.cat\/es\/wp-json\/wp\/v2\/categories?post=35142"},{"taxonomy":"post_tag","embeddable":true,"href":"https:\/\/conversesacatalunya.cat\/es\/wp-json\/wp\/v2\/tags?post=35142"}],"curies":[{"name":"wp","href":"https:\/\/api.w.org\/{rel}","templated":true}]}}