{"id":35088,"date":"2020-04-17T12:42:39","date_gmt":"2020-04-17T10:42:39","guid":{"rendered":"https:\/\/conversesacatalunya.cat\/?p=35088"},"modified":"2020-04-17T12:42:39","modified_gmt":"2020-04-17T10:42:39","slug":"coronavirus-solo-la-critica-razonable-nos-salvara","status":"publish","type":"post","link":"https:\/\/conversesacatalunya.cat\/es\/coronavirus-solo-la-critica-razonable-nos-salvara\/","title":{"rendered":"Coronavirus: Solo la cr\u00edtica razonable nos salvar\u00e1"},"content":{"rendered":"<p>D\u00eda a d\u00eda se va viendo como la diferente eficacia de los gobiernos determina mejores o peores condiciones de vida para los ciudadanos, y m\u00e1s posibilidades de una m\u00e1s veloz recuperaci\u00f3n econ\u00f3mica.<\/p>\n<p>Es evidente que para Corea, Taiw\u00e1n o Singapur el da\u00f1o infligido por el Covid-19 ser\u00e1 mucho m\u00e1s superficial que en la <a href=\"https:\/\/conversesacatalunya.cat\/es\/el-pib-de-china-no-resiste-al-coronavirus\/\">propia China<\/a>. Pero es que, en la misma Europa, Portugal Chequia, Polonia, Hungr\u00eda, incluso la propia Alemania, tambi\u00e9n Dinamarca, est\u00e1n surgiendo de la fase inicial m\u00e1s dura bastante indemnes. En el lado contrario, el Reino Unido, Italia y sobre todo <strong>Espa\u00f1a, que por algo es el pa\u00eds con m\u00e1s muertos<\/strong>, incluso mal contados, con relaci\u00f3n a su poblaci\u00f3n. Y es que, aunque nos inunden de cifras, no se deje perder el hilo, el indicador m\u00e1s fiable del impacto <strong>son los muertos<\/strong>, porque es el que expresa mejor sint\u00e9ticamente, todo los que se ha hecho bien o mal.<\/p>\n<p>La abundancia de muertos, no en cifras absolutas claro, sino en funci\u00f3n del n\u00famero de habitantes, <strong>dice mucho de las<\/strong> <strong>pol\u00edticas aplicadas<\/strong>. De si se adoptaron pronto o tarde las medidas, si hubo un esfuerzo suficiente para identificar a los portadores mediante abundancia de pruebas, si se dispuso de elementos de protecci\u00f3n personal suficientes, como las mascarillas, si se detectaron r\u00e1pidamente los focos y se actu\u00f3 diligentemente contra ellos, si los servicios de salud dispusieron de medios suficientes, y si las medidas de confinamiento, que no todos los pa\u00edses de \u00e9xito han aplicado, se han respetado o no. Y este \u00faltimo ep\u00edgrafe es el \u00fanico en el que Espa\u00f1a sale bien parada. Es el pa\u00eds donde m\u00e1s se ha seguido disciplinadamente.<\/p>\n<p>Espa\u00f1a es el pa\u00eds de entre los que se tienen datos, que en mayor medida redujo la movilidad en relaci\u00f3n con el ocio y el uso del trasporte, con cifras cercanas al 90%, y el trabajo, cerca del 70%. Es la \u00fanica medida que depende en \u00faltimo t\u00e9rmino de la poblaci\u00f3n, pero tambi\u00e9n se\u00f1ala que es el pa\u00eds con m\u00e1s restricciones. Todo lo dem\u00e1s fall\u00f3 por insuficiencia. Tanto es as\u00ed que despu\u00e9s de tantas semanas y una rueda de prensa diaria, la direcci\u00f3n de la crisis y su cara m\u00e1s visible, el doctor Sim\u00f3n, carecen de un sistema de datos homog\u00e9neo que exprese razonablemente la realidad. Esto dejando al margen el mal pensamiento cada vez m\u00e1s extendido de que hay un intento deliberado de ocultar la hecatombe de mortalidad, precisamente porque con la contabilizaci\u00f3n m\u00ednima ya nos situamos a la cabeza del mundo.<\/p>\n<p>Algo muy grave nos ha sucedido, y en parte sigue <strong>vivo cuando uno de cada cinco muertos del mundo es de este pa\u00eds a pesar de que su poblaci\u00f3n no representa ni el 1%. <\/strong>Decir que las explicaciones para m\u00e1s adelante es suicida, porque sin presi\u00f3n lo que predomina es la ocultaci\u00f3n y no la rectificaci\u00f3n, y este m\u00e9todo acaba mat\u00e1ndonos. Si incluso ahora las ministras con Irene Montero a la cabeza niegan que las <a href=\"https:\/\/conversesacatalunya.cat\/es\/el-grave-impacto-de-la-manifestacion-del-8-m-en-la-propagacion-del-coronavirus-en-madrid\/\">manifestaciones feministas del 8M<\/a> fueron un tr\u00e1gico error, especialmente en Madrid, donde se produjo la mayor, \u00bfc\u00f3mo van a rectificar en decisiones de resultados negativos menos evidentes?<\/p>\n<p>El historiador Borja de Riquer nos advert\u00eda, observando el comportamiento de los gobiernos de las otras dos graves crisis precedentes, la<strong> del C\u00f3lera de 1885, y la de la gripe del 1918-20<\/strong>, que los gobiernos una vez pasada la crisis, hicieron todo lo posible para no tratar sobre ellas y rendir cuentas de lo sucedido, y lo consiguieron en gran medida, a pesar de que la primera dej\u00f3 150.000 muertos, y la segunda 260.000 en algo m\u00e1s de dos a\u00f1os.<\/p>\n<p>La tentaci\u00f3n del gobierno de S\u00e1nchez ahora es la misma, y la <a href=\"https:\/\/conversesacatalunya.cat\/es\/encuesta-del-cis-estamos-ante-una-sociedad-totalitaria\/\">\u00faltima encuesta del CIS<\/a> se\u00f1ala y allana el camino: unidad en torno al gobierno, nada de cr\u00edticas y solo la informaci\u00f3n gubernamental debe ser autorizada. Todo ello a pesar de que, de acuerdo con los cinco criterios de la OMS sobre el desconfinamiento, Espa\u00f1a solo cumple uno, precisamente el del confinamiento.<\/p>\n<p>Pero todo lo que depende de su acci\u00f3n es todav\u00eda absolutamente insuficiente. \u00bfC\u00f3mo puede ser que un pa\u00eds que aun conserva una industria textil y papelera potente sea incapaz de promocionar cientos de miles de mascarillas al d\u00eda? \u00bfC\u00f3mo puede ser que una potencia exportadora y que ocupa el d\u00e9cimo lugar del mundo por su peso econ\u00f3mico, ni sabe producir el n\u00famero suficiente de\u00a0 test, y carece de las relaciones comerciales para conseguirlos masivamente? Un mini pa\u00eds como Islandia, algo as\u00ed como Sabadell y Terrassa juntos, <strong>ha hecho pruebas en una proporci\u00f3n de uno cada cien habitantes<\/strong>.\u00a0 \u00a1Oh, pero es que son pocos! S\u00ed, pero espabilados. Pues miremos un pa\u00eds mucho m\u00e1s grande: Alemania se est\u00e1 situando <strong>en una prueba cada 300 habitantes.<\/strong> \u00a1Pero si aun las mediciones de temperatura corporal a distancia y masivamente son un producto ex\u00f3tico en Espa\u00f1a! O la sociedad eleva <strong>su exigencia cr\u00edtica razonable<\/strong>, que es todo lo contrario del rajar por el rajar, o las deficiencias gubernamentales son tales que estaremos mucho tiempo, un a\u00f1o como m\u00ednimo, en un pantano de enfermedad y destrucci\u00f3n econ\u00f3mica.<\/p>\n<p>Solo una cifra para dar una idea del desastre gubernamental. Si se hubieran adoptado las medidas una semana antes, por tanto, sin manifestaciones feministas ni grandes encuentros deportivos, los <a href=\"https:\/\/blogs.elconfidencial.com\/economia\/laissez-faire\/2020-04-16\/coronavirus-fallecidos-salvado-gobierno-actuado-antes_2551847\/\" target=\"_blank\" rel=\"noopener noreferrer\"><strong>muertos ahora ser\u00edan 7.506 menos que los actuales<\/strong><\/a>. Es el coste del desgobierno.<\/p>\n<span class='bctt-click-to-tweet'><span class='bctt-ctt-text'><a href='https:\/\/twitter.com\/intent\/tweet?url=https%3A%2F%2Fconversesacatalunya.cat%2Fes%2Fcoronavirus-solo-la-critica-razonable-nos-salvara%2F&#038;text=La%20diferente%20eficacia%20de%20los%20gobiernos%20determina%20mejores%20o%20peores%20condiciones%20de%20vida%20para%20los%20ciudadanos%2C%20y%20m%C3%A1s%20posibilidades%20de%20una%20m%C3%A1s%20veloz%20recuperaci%C3%B3n%20econ%C3%B3mica&#038;via=conversesacat&#038;related=conversesacat' target='_blank'rel=\"noopener noreferrer\">La diferente eficacia de los gobiernos determina mejores o peores condiciones de vida para los ciudadanos, y m\u00e1s posibilidades de una m\u00e1s veloz recuperaci\u00f3n econ\u00f3mica <\/a><\/span><a href='https:\/\/twitter.com\/intent\/tweet?url=https%3A%2F%2Fconversesacatalunya.cat%2Fes%2Fcoronavirus-solo-la-critica-razonable-nos-salvara%2F&#038;text=La%20diferente%20eficacia%20de%20los%20gobiernos%20determina%20mejores%20o%20peores%20condiciones%20de%20vida%20para%20los%20ciudadanos%2C%20y%20m%C3%A1s%20posibilidades%20de%20una%20m%C3%A1s%20veloz%20recuperaci%C3%B3n%20econ%C3%B3mica&#038;via=conversesacat&#038;related=conversesacat' target='_blank' class='bctt-ctt-btn'rel=\"noopener noreferrer\">Compartir en X<\/a><\/span>\n<p style=\"text-align: center;\">M\u00e1s informaci\u00f3n sobre el coronavirus en <a href=\"https:\/\/conversesacatalunya.cat\/es\/coronavirus\/\" target=\"_blank\" rel=\"noopener noreferrer\"><strong>ESPECIAL CORONAVIRUS<\/strong><\/a><\/p>\n<p>&nbsp;<\/p>\n","protected":false},"excerpt":{"rendered":"<p>D\u00eda a d\u00eda se va viendo como la diferente eficacia de los gobiernos determina mejores o peores condiciones de vida para los ciudadanos, y m\u00e1s posibilidades de una m\u00e1s veloz recuperaci\u00f3n econ\u00f3mica. Es evidente que para Corea, Taiw\u00e1n o Singapur el da\u00f1o infligido por el Covid-19 ser\u00e1 mucho m\u00e1s superficial que en la propia China. Pero es que, en la misma Europa, Portugal Chequia, Polonia, Hungr\u00eda, incluso la propia Alemania, tambi\u00e9n Dinamarca, est\u00e1n surgiendo de la fase inicial m\u00e1s dura bastante indemnes. En el lado contrario, el Reino Unido, Italia y sobre todo Espa\u00f1a, que por algo es el pa\u00eds con m\u00e1s muertos, incluso mal contados, con relaci\u00f3n a su poblaci\u00f3n. Y es que, aunque nos inunden de cifras, no se deje perder el hilo, el indicador m\u00e1s fiable del impacto son los muertos, porque es el que expresa mejor sint\u00e9ticamente, todo los que se ha hecho bien o mal. La abundancia de muertos, no en cifras absolutas claro, sino en funci\u00f3n del n\u00famero de habitantes, dice mucho de las pol\u00edticas aplicadas. De si se adoptaron pronto o tarde las medidas, si hubo un esfuerzo suficiente para identificar a los portadores mediante abundancia de pruebas, si se dispuso de elementos de protecci\u00f3n personal suficientes, como las mascarillas, si se detectaron r\u00e1pidamente los focos y se actu\u00f3 diligentemente contra ellos, si los servicios de salud dispusieron de medios suficientes, y si las medidas de confinamiento, que no todos los pa\u00edses de \u00e9xito han aplicado, se han respetado o no. Y este \u00faltimo ep\u00edgrafe es el \u00fanico en el que Espa\u00f1a sale bien parada. Es el pa\u00eds donde m\u00e1s se ha seguido disciplinadamente. Espa\u00f1a es el pa\u00eds de entre los que se tienen datos, que en mayor medida redujo la movilidad en relaci\u00f3n con el ocio y el uso del trasporte, con cifras cercanas al 90%, y el trabajo, cerca del 70%. Es la \u00fanica medida que depende en \u00faltimo t\u00e9rmino de la poblaci\u00f3n, pero tambi\u00e9n se\u00f1ala que es el pa\u00eds con m\u00e1s restricciones. Todo lo dem\u00e1s fall\u00f3 por insuficiencia. Tanto es as\u00ed que despu\u00e9s de tantas semanas y una rueda de prensa diaria, la direcci\u00f3n de la crisis y su cara m\u00e1s visible, el doctor Sim\u00f3n, carecen de un sistema de datos homog\u00e9neo que exprese razonablemente la realidad. Esto dejando al margen el mal pensamiento cada vez m\u00e1s extendido de que hay un intento deliberado de ocultar la hecatombe de mortalidad, precisamente porque con la contabilizaci\u00f3n m\u00ednima ya nos situamos a la cabeza del mundo. Algo muy grave nos ha sucedido, y en parte sigue vivo cuando uno de cada cinco muertos del mundo es de este pa\u00eds a pesar de que su poblaci\u00f3n no representa ni el 1%. Decir que las explicaciones para m\u00e1s adelante es suicida, porque sin presi\u00f3n lo que predomina es la ocultaci\u00f3n y no la rectificaci\u00f3n, y este m\u00e9todo acaba mat\u00e1ndonos. Si incluso ahora las ministras con Irene Montero a la cabeza niegan que las manifestaciones feministas del 8M fueron un tr\u00e1gico error, especialmente en Madrid, donde se produjo la mayor, \u00bfc\u00f3mo van a rectificar en decisiones de resultados negativos menos evidentes? El historiador Borja de Riquer nos advert\u00eda, observando el comportamiento de los gobiernos de las otras dos graves crisis precedentes, la del C\u00f3lera de 1885, y la de la gripe del 1918-20, que los gobiernos una vez pasada la crisis, hicieron todo lo posible para no tratar sobre ellas y rendir cuentas de lo sucedido, y lo consiguieron en gran medida, a pesar de que la primera dej\u00f3 150.000 muertos, y la segunda 260.000 en algo m\u00e1s de dos a\u00f1os. La tentaci\u00f3n del gobierno de S\u00e1nchez ahora es la misma, y la \u00faltima encuesta del CIS se\u00f1ala y allana el camino: unidad en torno al gobierno, nada de cr\u00edticas y solo la informaci\u00f3n gubernamental debe ser autorizada. Todo ello a pesar de que, de acuerdo con los cinco criterios de la OMS sobre el desconfinamiento, Espa\u00f1a solo cumple uno, precisamente el del confinamiento. Pero todo lo que depende de su acci\u00f3n es todav\u00eda absolutamente insuficiente. \u00bfC\u00f3mo puede ser que un pa\u00eds que aun conserva una industria textil y papelera potente sea incapaz de promocionar cientos de miles de mascarillas al d\u00eda? \u00bfC\u00f3mo puede ser que una potencia exportadora y que ocupa el d\u00e9cimo lugar del mundo por su peso econ\u00f3mico, ni sabe producir el n\u00famero suficiente de\u00a0 test, y carece de las relaciones comerciales para conseguirlos masivamente? Un mini pa\u00eds como Islandia, algo as\u00ed como Sabadell y Terrassa juntos, ha hecho pruebas en una proporci\u00f3n de uno cada cien habitantes.\u00a0 \u00a1Oh, pero es que son pocos! S\u00ed, pero espabilados. Pues miremos un pa\u00eds mucho m\u00e1s grande: Alemania se est\u00e1 situando en una prueba cada 300 habitantes. \u00a1Pero si aun las mediciones de temperatura corporal a distancia y masivamente son un producto ex\u00f3tico en Espa\u00f1a! O la sociedad eleva su exigencia cr\u00edtica razonable, que es todo lo contrario del rajar por el rajar, o las deficiencias gubernamentales son tales que estaremos mucho tiempo, un a\u00f1o como m\u00ednimo, en un pantano de enfermedad y destrucci\u00f3n econ\u00f3mica. Solo una cifra para dar una idea del desastre gubernamental. Si se hubieran adoptado las medidas una semana antes, por tanto, sin manifestaciones feministas ni grandes encuentros deportivos, los muertos ahora ser\u00edan 7.506 menos que los actuales. Es el coste del desgobierno. M\u00e1s informaci\u00f3n sobre el coronavirus en ESPECIAL CORONAVIRUS &nbsp;<\/p>\n","protected":false},"author":2,"featured_media":35091,"comment_status":"open","ping_status":"open","sticky":false,"template":"","format":"standard","meta":{"_FSMCFIC_featured_image_caption":"","_FSMCFIC_featured_image_nocaption":"","_FSMCFIC_featured_image_hide":"","footnotes":""},"categories":[1772,806],"tags":[1504,1901],"class_list":["post-35088","post","type-post","status-publish","format-standard","has-post-thumbnail","hentry","category-especial-coronavirus-es","category-punts-claus-del-dia-es","tag-coronavirus-es","tag-estado-de-alarma"],"yoast_head":"<!-- This site is optimized with the Yoast SEO plugin v26.8 - https:\/\/yoast.com\/product\/yoast-seo-wordpress\/ -->\n<title>Coronavirus: Solo la cr\u00edtica razonable nos salvar\u00e1 - Converses a Catalunya<\/title>\n<meta name=\"description\" content=\"La diferente eficacia de los gobiernos determina mejores o peores condiciones de vida para los ciudadanos, y m\u00e1s posibilidades de recuperaci\u00f3n econ\u00f3mica\" \/>\n<meta name=\"robots\" content=\"index, follow, max-snippet:-1, max-image-preview:large, max-video-preview:-1\" \/>\n<link rel=\"canonical\" href=\"https:\/\/conversesacatalunya.cat\/es\/coronavirus-solo-la-critica-razonable-nos-salvara\/\" \/>\n<meta property=\"og:locale\" content=\"es_ES\" \/>\n<meta property=\"og:type\" content=\"article\" \/>\n<meta property=\"og:title\" content=\"Coronavirus: Solo la cr\u00edtica razonable nos salvar\u00e1 - Converses a Catalunya\" \/>\n<meta property=\"og:description\" content=\"La diferente eficacia de los gobiernos determina mejores o peores condiciones de vida para los ciudadanos, y m\u00e1s posibilidades de recuperaci\u00f3n econ\u00f3mica\" \/>\n<meta property=\"og:url\" content=\"https:\/\/conversesacatalunya.cat\/es\/coronavirus-solo-la-critica-razonable-nos-salvara\/\" \/>\n<meta property=\"og:site_name\" content=\"Converses a Catalunya\" \/>\n<meta property=\"article:published_time\" content=\"2020-04-17T10:42:39+00:00\" \/>\n<meta property=\"og:image\" content=\"https:\/\/conversesacatalunya.cat\/wp-content\/uploads\/2020\/04\/CORONAVIRUS-5-2.jpg\" \/>\n\t<meta property=\"og:image:width\" content=\"624\" \/>\n\t<meta property=\"og:image:height\" content=\"385\" \/>\n\t<meta property=\"og:image:type\" content=\"image\/jpeg\" \/>\n<meta name=\"author\" content=\"conversesacatalunya\" \/>\n<meta name=\"twitter:card\" content=\"summary_large_image\" \/>\n<meta name=\"twitter:label1\" content=\"Escrito por\" \/>\n\t<meta name=\"twitter:data1\" content=\"conversesacatalunya\" \/>\n\t<meta name=\"twitter:label2\" content=\"Tiempo de lectura\" \/>\n\t<meta name=\"twitter:data2\" content=\"5 minutos\" \/>\n<script type=\"application\/ld+json\" class=\"yoast-schema-graph\">{\"@context\":\"https:\/\/schema.org\",\"@graph\":[{\"@type\":\"Article\",\"@id\":\"https:\/\/conversesacatalunya.cat\/es\/coronavirus-solo-la-critica-razonable-nos-salvara\/#article\",\"isPartOf\":{\"@id\":\"https:\/\/conversesacatalunya.cat\/es\/coronavirus-solo-la-critica-razonable-nos-salvara\/\"},\"author\":{\"name\":\"conversesacatalunya\",\"@id\":\"https:\/\/conversesacatalunya.cat\/#\/schema\/person\/7e24d1e54a2785373ddcb275eae5ed99\"},\"headline\":\"Coronavirus: Solo la cr\u00edtica razonable nos salvar\u00e1\",\"datePublished\":\"2020-04-17T10:42:39+00:00\",\"mainEntityOfPage\":{\"@id\":\"https:\/\/conversesacatalunya.cat\/es\/coronavirus-solo-la-critica-razonable-nos-salvara\/\"},\"wordCount\":1015,\"commentCount\":0,\"image\":{\"@id\":\"https:\/\/conversesacatalunya.cat\/es\/coronavirus-solo-la-critica-razonable-nos-salvara\/#primaryimage\"},\"thumbnailUrl\":\"https:\/\/conversesacatalunya.cat\/wp-content\/uploads\/2020\/04\/CORONAVIRUS-5-2.jpg\",\"keywords\":[\"coronavirus\",\"Estado de Alarma\"],\"articleSection\":[\"Especial Coronavirus (ES)\",\"Punts clau del dia (ES)\"],\"inLanguage\":\"es\",\"potentialAction\":[{\"@type\":\"CommentAction\",\"name\":\"Comment\",\"target\":[\"https:\/\/conversesacatalunya.cat\/es\/coronavirus-solo-la-critica-razonable-nos-salvara\/#respond\"]}]},{\"@type\":\"WebPage\",\"@id\":\"https:\/\/conversesacatalunya.cat\/es\/coronavirus-solo-la-critica-razonable-nos-salvara\/\",\"url\":\"https:\/\/conversesacatalunya.cat\/es\/coronavirus-solo-la-critica-razonable-nos-salvara\/\",\"name\":\"Coronavirus: Solo la cr\u00edtica razonable nos salvar\u00e1 - Converses a Catalunya\",\"isPartOf\":{\"@id\":\"https:\/\/conversesacatalunya.cat\/#website\"},\"primaryImageOfPage\":{\"@id\":\"https:\/\/conversesacatalunya.cat\/es\/coronavirus-solo-la-critica-razonable-nos-salvara\/#primaryimage\"},\"image\":{\"@id\":\"https:\/\/conversesacatalunya.cat\/es\/coronavirus-solo-la-critica-razonable-nos-salvara\/#primaryimage\"},\"thumbnailUrl\":\"https:\/\/conversesacatalunya.cat\/wp-content\/uploads\/2020\/04\/CORONAVIRUS-5-2.jpg\",\"datePublished\":\"2020-04-17T10:42:39+00:00\",\"author\":{\"@id\":\"https:\/\/conversesacatalunya.cat\/#\/schema\/person\/7e24d1e54a2785373ddcb275eae5ed99\"},\"description\":\"La diferente eficacia de los gobiernos determina mejores o peores condiciones de vida para los ciudadanos, y m\u00e1s posibilidades de recuperaci\u00f3n econ\u00f3mica\",\"breadcrumb\":{\"@id\":\"https:\/\/conversesacatalunya.cat\/es\/coronavirus-solo-la-critica-razonable-nos-salvara\/#breadcrumb\"},\"inLanguage\":\"es\",\"potentialAction\":[{\"@type\":\"ReadAction\",\"target\":[\"https:\/\/conversesacatalunya.cat\/es\/coronavirus-solo-la-critica-razonable-nos-salvara\/\"]}]},{\"@type\":\"ImageObject\",\"inLanguage\":\"es\",\"@id\":\"https:\/\/conversesacatalunya.cat\/es\/coronavirus-solo-la-critica-razonable-nos-salvara\/#primaryimage\",\"url\":\"https:\/\/conversesacatalunya.cat\/wp-content\/uploads\/2020\/04\/CORONAVIRUS-5-2.jpg\",\"contentUrl\":\"https:\/\/conversesacatalunya.cat\/wp-content\/uploads\/2020\/04\/CORONAVIRUS-5-2.jpg\",\"width\":624,\"height\":385,\"caption\":\"coronavirus\"},{\"@type\":\"BreadcrumbList\",\"@id\":\"https:\/\/conversesacatalunya.cat\/es\/coronavirus-solo-la-critica-razonable-nos-salvara\/#breadcrumb\",\"itemListElement\":[{\"@type\":\"ListItem\",\"position\":1,\"name\":\"Inici\",\"item\":\"https:\/\/conversesacatalunya.cat\/es\/\"},{\"@type\":\"ListItem\",\"position\":2,\"name\":\"Coronavirus: Solo la cr\u00edtica razonable nos salvar\u00e1\"}]},{\"@type\":\"WebSite\",\"@id\":\"https:\/\/conversesacatalunya.cat\/#website\",\"url\":\"https:\/\/conversesacatalunya.cat\/\",\"name\":\"Converses a Catalunya\",\"description\":\"\",\"potentialAction\":[{\"@type\":\"SearchAction\",\"target\":{\"@type\":\"EntryPoint\",\"urlTemplate\":\"https:\/\/conversesacatalunya.cat\/?s={search_term_string}\"},\"query-input\":{\"@type\":\"PropertyValueSpecification\",\"valueRequired\":true,\"valueName\":\"search_term_string\"}}],\"inLanguage\":\"es\"},{\"@type\":\"Person\",\"@id\":\"https:\/\/conversesacatalunya.cat\/#\/schema\/person\/7e24d1e54a2785373ddcb275eae5ed99\",\"name\":\"conversesacatalunya\",\"image\":{\"@type\":\"ImageObject\",\"inLanguage\":\"es\",\"@id\":\"https:\/\/conversesacatalunya.cat\/#\/schema\/person\/image\/\",\"url\":\"https:\/\/conversesacatalunya.cat\/wp-content\/litespeed\/avatar\/febdfeeec89d950f01c748045a981dd2.jpg?ver=1777314535\",\"contentUrl\":\"https:\/\/conversesacatalunya.cat\/wp-content\/litespeed\/avatar\/febdfeeec89d950f01c748045a981dd2.jpg?ver=1777314535\",\"caption\":\"conversesacatalunya\"},\"url\":\"https:\/\/conversesacatalunya.cat\/es\/author\/carme_catala\/\"}]}<\/script>\n<!-- \/ Yoast SEO plugin. -->","yoast_head_json":{"title":"Coronavirus: Solo la cr\u00edtica razonable nos salvar\u00e1 - Converses a Catalunya","description":"La diferente eficacia de los gobiernos determina mejores o peores condiciones de vida para los ciudadanos, y m\u00e1s posibilidades de recuperaci\u00f3n econ\u00f3mica","robots":{"index":"index","follow":"follow","max-snippet":"max-snippet:-1","max-image-preview":"max-image-preview:large","max-video-preview":"max-video-preview:-1"},"canonical":"https:\/\/conversesacatalunya.cat\/es\/coronavirus-solo-la-critica-razonable-nos-salvara\/","og_locale":"es_ES","og_type":"article","og_title":"Coronavirus: Solo la cr\u00edtica razonable nos salvar\u00e1 - Converses a Catalunya","og_description":"La diferente eficacia de los gobiernos determina mejores o peores condiciones de vida para los ciudadanos, y m\u00e1s posibilidades de recuperaci\u00f3n econ\u00f3mica","og_url":"https:\/\/conversesacatalunya.cat\/es\/coronavirus-solo-la-critica-razonable-nos-salvara\/","og_site_name":"Converses a Catalunya","article_published_time":"2020-04-17T10:42:39+00:00","og_image":[{"width":624,"height":385,"url":"https:\/\/conversesacatalunya.cat\/wp-content\/uploads\/2020\/04\/CORONAVIRUS-5-2.jpg","type":"image\/jpeg"}],"author":"conversesacatalunya","twitter_card":"summary_large_image","twitter_misc":{"Escrito por":"conversesacatalunya","Tiempo de lectura":"5 minutos"},"schema":{"@context":"https:\/\/schema.org","@graph":[{"@type":"Article","@id":"https:\/\/conversesacatalunya.cat\/es\/coronavirus-solo-la-critica-razonable-nos-salvara\/#article","isPartOf":{"@id":"https:\/\/conversesacatalunya.cat\/es\/coronavirus-solo-la-critica-razonable-nos-salvara\/"},"author":{"name":"conversesacatalunya","@id":"https:\/\/conversesacatalunya.cat\/#\/schema\/person\/7e24d1e54a2785373ddcb275eae5ed99"},"headline":"Coronavirus: Solo la cr\u00edtica razonable nos salvar\u00e1","datePublished":"2020-04-17T10:42:39+00:00","mainEntityOfPage":{"@id":"https:\/\/conversesacatalunya.cat\/es\/coronavirus-solo-la-critica-razonable-nos-salvara\/"},"wordCount":1015,"commentCount":0,"image":{"@id":"https:\/\/conversesacatalunya.cat\/es\/coronavirus-solo-la-critica-razonable-nos-salvara\/#primaryimage"},"thumbnailUrl":"https:\/\/conversesacatalunya.cat\/wp-content\/uploads\/2020\/04\/CORONAVIRUS-5-2.jpg","keywords":["coronavirus","Estado de Alarma"],"articleSection":["Especial Coronavirus (ES)","Punts clau del dia (ES)"],"inLanguage":"es","potentialAction":[{"@type":"CommentAction","name":"Comment","target":["https:\/\/conversesacatalunya.cat\/es\/coronavirus-solo-la-critica-razonable-nos-salvara\/#respond"]}]},{"@type":"WebPage","@id":"https:\/\/conversesacatalunya.cat\/es\/coronavirus-solo-la-critica-razonable-nos-salvara\/","url":"https:\/\/conversesacatalunya.cat\/es\/coronavirus-solo-la-critica-razonable-nos-salvara\/","name":"Coronavirus: Solo la cr\u00edtica razonable nos salvar\u00e1 - Converses a Catalunya","isPartOf":{"@id":"https:\/\/conversesacatalunya.cat\/#website"},"primaryImageOfPage":{"@id":"https:\/\/conversesacatalunya.cat\/es\/coronavirus-solo-la-critica-razonable-nos-salvara\/#primaryimage"},"image":{"@id":"https:\/\/conversesacatalunya.cat\/es\/coronavirus-solo-la-critica-razonable-nos-salvara\/#primaryimage"},"thumbnailUrl":"https:\/\/conversesacatalunya.cat\/wp-content\/uploads\/2020\/04\/CORONAVIRUS-5-2.jpg","datePublished":"2020-04-17T10:42:39+00:00","author":{"@id":"https:\/\/conversesacatalunya.cat\/#\/schema\/person\/7e24d1e54a2785373ddcb275eae5ed99"},"description":"La diferente eficacia de los gobiernos determina mejores o peores condiciones de vida para los ciudadanos, y m\u00e1s posibilidades de recuperaci\u00f3n econ\u00f3mica","breadcrumb":{"@id":"https:\/\/conversesacatalunya.cat\/es\/coronavirus-solo-la-critica-razonable-nos-salvara\/#breadcrumb"},"inLanguage":"es","potentialAction":[{"@type":"ReadAction","target":["https:\/\/conversesacatalunya.cat\/es\/coronavirus-solo-la-critica-razonable-nos-salvara\/"]}]},{"@type":"ImageObject","inLanguage":"es","@id":"https:\/\/conversesacatalunya.cat\/es\/coronavirus-solo-la-critica-razonable-nos-salvara\/#primaryimage","url":"https:\/\/conversesacatalunya.cat\/wp-content\/uploads\/2020\/04\/CORONAVIRUS-5-2.jpg","contentUrl":"https:\/\/conversesacatalunya.cat\/wp-content\/uploads\/2020\/04\/CORONAVIRUS-5-2.jpg","width":624,"height":385,"caption":"coronavirus"},{"@type":"BreadcrumbList","@id":"https:\/\/conversesacatalunya.cat\/es\/coronavirus-solo-la-critica-razonable-nos-salvara\/#breadcrumb","itemListElement":[{"@type":"ListItem","position":1,"name":"Inici","item":"https:\/\/conversesacatalunya.cat\/es\/"},{"@type":"ListItem","position":2,"name":"Coronavirus: Solo la cr\u00edtica razonable nos salvar\u00e1"}]},{"@type":"WebSite","@id":"https:\/\/conversesacatalunya.cat\/#website","url":"https:\/\/conversesacatalunya.cat\/","name":"Converses a Catalunya","description":"","potentialAction":[{"@type":"SearchAction","target":{"@type":"EntryPoint","urlTemplate":"https:\/\/conversesacatalunya.cat\/?s={search_term_string}"},"query-input":{"@type":"PropertyValueSpecification","valueRequired":true,"valueName":"search_term_string"}}],"inLanguage":"es"},{"@type":"Person","@id":"https:\/\/conversesacatalunya.cat\/#\/schema\/person\/7e24d1e54a2785373ddcb275eae5ed99","name":"conversesacatalunya","image":{"@type":"ImageObject","inLanguage":"es","@id":"https:\/\/conversesacatalunya.cat\/#\/schema\/person\/image\/","url":"https:\/\/conversesacatalunya.cat\/wp-content\/litespeed\/avatar\/febdfeeec89d950f01c748045a981dd2.jpg?ver=1777314535","contentUrl":"https:\/\/conversesacatalunya.cat\/wp-content\/litespeed\/avatar\/febdfeeec89d950f01c748045a981dd2.jpg?ver=1777314535","caption":"conversesacatalunya"},"url":"https:\/\/conversesacatalunya.cat\/es\/author\/carme_catala\/"}]}},"wps_subtitle":"","_links":{"self":[{"href":"https:\/\/conversesacatalunya.cat\/es\/wp-json\/wp\/v2\/posts\/35088","targetHints":{"allow":["GET"]}}],"collection":[{"href":"https:\/\/conversesacatalunya.cat\/es\/wp-json\/wp\/v2\/posts"}],"about":[{"href":"https:\/\/conversesacatalunya.cat\/es\/wp-json\/wp\/v2\/types\/post"}],"author":[{"embeddable":true,"href":"https:\/\/conversesacatalunya.cat\/es\/wp-json\/wp\/v2\/users\/2"}],"replies":[{"embeddable":true,"href":"https:\/\/conversesacatalunya.cat\/es\/wp-json\/wp\/v2\/comments?post=35088"}],"version-history":[{"count":2,"href":"https:\/\/conversesacatalunya.cat\/es\/wp-json\/wp\/v2\/posts\/35088\/revisions"}],"predecessor-version":[{"id":35093,"href":"https:\/\/conversesacatalunya.cat\/es\/wp-json\/wp\/v2\/posts\/35088\/revisions\/35093"}],"wp:featuredmedia":[{"embeddable":true,"href":"https:\/\/conversesacatalunya.cat\/es\/wp-json\/wp\/v2\/media\/35091"}],"wp:attachment":[{"href":"https:\/\/conversesacatalunya.cat\/es\/wp-json\/wp\/v2\/media?parent=35088"}],"wp:term":[{"taxonomy":"category","embeddable":true,"href":"https:\/\/conversesacatalunya.cat\/es\/wp-json\/wp\/v2\/categories?post=35088"},{"taxonomy":"post_tag","embeddable":true,"href":"https:\/\/conversesacatalunya.cat\/es\/wp-json\/wp\/v2\/tags?post=35088"}],"curies":[{"name":"wp","href":"https:\/\/api.w.org\/{rel}","templated":true}]}}