{"id":35038,"date":"2020-04-16T12:22:00","date_gmt":"2020-04-16T10:22:00","guid":{"rendered":"https:\/\/conversesacatalunya.cat\/?p=35038"},"modified":"2020-04-16T12:23:31","modified_gmt":"2020-04-16T10:23:31","slug":"el-problema-de-los-datos-ahora-resulta-que-las-muertes-en-cataluna-son-7-097","status":"publish","type":"post","link":"https:\/\/conversesacatalunya.cat\/es\/el-problema-de-los-datos-ahora-resulta-que-las-muertes-en-cataluna-son-7-097\/","title":{"rendered":"El problema de los datos. Ahora resulta que las muertes en Catalu\u00f1a son 7.097"},"content":{"rendered":"<p>Pasado un mes largo de confinamiento, de los 177.000 casos registrados, <strong>unos 130.000 est\u00e1n por explicar su procedencia<\/strong>. Est\u00e1n ah\u00ed las residencias de mayores, sobre las que nadie se atreve a dar cifras a escala estatal. Pero siendo muchos, no explica toda aquella gran cifra. \u00bfEntonces?<\/p>\n<p>El ministro Salvador Illa recurre al <strong>contagio en los hogares<\/strong>. Pero \u00bfes realmente as\u00ed, y de tal magnitud?\u00a0 Si no sabemos a ciencia cierta de d\u00f3nde proceden los contagios \u00bfc\u00f3mo se va a actuar bien? Una vez m\u00e1s aflora una de las grandes deficiencias espa\u00f1olas: el n\u00famero insuficiente de test de contagio practicados, que impide tener una composici\u00f3n de lugar razonable.<\/p>\n<p>Incluso ahora, con el anuncio a bombo y platillo de que se est\u00e1n realizando 20.000 test al d\u00eda, la cifra resulta insuficiente para obtener en un tiempo razonable un panorama de la poblaci\u00f3n espa\u00f1ola y de d\u00f3nde est\u00e1n los contagios.<\/p>\n<p>Tambi\u00e9n es insuficiente la cifra sobre el n\u00famero de muertes. El Informe elaborado por <strong>el Instituto de Salud Carlos III<\/strong>, y que se public\u00f3 el 28 de marzo, revel\u00f3 que el virus casi ha elevado en m\u00e1s de un 50% la mortalidad en algunas zonas de Espa\u00f1a. La informaci\u00f3n que cada d\u00eda ofrece el Dr. Sim\u00f3n solo est\u00e1 mostrando una parte de las dimensiones de la epidemia, ya que \u00fanicamente incluye a aquellos pacientes que fallecen tras haber dado positivo en las pruebas de coronavirus.<\/p>\n<p>El informe se basa en la red de Vigilancia de los excesos de mortalidad por todas las causas de este organismo -dependiente de los ministerios de Sanidad y Ciencia-, que monitoriza, en funci\u00f3n de los registros civiles de toda Espa\u00f1a, los fallecimientos diarios que se producen y los compara con la media de los ocurridos desde el 2008. <strong>Sus datos se\u00f1alan que las muertes informadas por el Dr. Sim\u00f3n para Castilla-La Mancha hab\u00edan sido un 49% inferiores, un 70,9% menos para Castilla y Le\u00f3n y un 63,4% menos<\/strong> para Madrid, que las realmente registradas por dicho informe. La pregunta es obvia: \u00bfcu\u00e1les son las muertes reales por coronavirus? Y por otra parte, \u00bfcu\u00e1l es el exceso de mortalidad por otras causas, ocasionadas por el colapso de la sanidad? Solo sabiendo estos datos podemos tener una visi\u00f3n correcta de la dimensi\u00f3n del problema, y tambi\u00e9n de las consecuencias colaterales del impacto de la pandemia en la mortalidad.<\/p>\n<p>Y por si esto no fuera suficiente, ahora Catalu\u00f1a descubre que tiene m\u00e1s muertos por Covid-19 que la cifra oficial contabilizados hasta ahora, y no son pocos: <strong>7.095 en lugar de los 3.756 de los establecidos hasta este martes<\/strong>. No llega a doblar la cifra pero casi, y responden a los muertos en hospitales m\u00e1s 1.898 ancianos fallecidos por Covid-19 seg\u00fan las propias residencias y centros sociosanitarios.<\/p>\n<p>Pero esta cifra no puede sumarse a la anterior, porque engloba a los residentes fallecidos en las propias residencias y a aquellos que hab\u00edan sido derivados a hospitales y perecieron all\u00ed, seg\u00fan explica la Consejer\u00eda. Los de residencias son 1.810 y 62 en centros sociosanitarios, adem\u00e1s de 456 muertos en casa. \u00a0Estas nuevas cifras son fruto de un nuevo sistema de recuento, advertido previamente por la Consejer\u00eda de Salud, que hoy por primera vez ha ofrecido los datos agregados de todos los fallecidos en Catalu\u00f1a <strong>aportados por las funerarias<\/strong>. Se trata de personas fallecidas en residencias o en sus domicilios, que ahora se suman a la cifra de fallecidos en los hospitales. \u00a0Estas cifras estar\u00edan m\u00e1s en consonancia con las apuntadas por el <a href=\"https:\/\/www.lavanguardia.com\/local\/barcelona\/20200410\/48402713615\/mortalidad-barcelona-muertes-marzo-balance-coronavirus.html\" target=\"_blank\" rel=\"noopener noreferrer\">Ayuntamiento de Barcelona<\/a> hace pocos d\u00edas y que m\u00e1s que doblaban de muertes: <strong>2.629 defunciones, en lugar 1.299<\/strong> que era la cifra media de muertes registrada en la ciudad los meses de marzo de los diez a\u00f1os anteriores. Claro que en este \u00faltimo c\u00f3mputo no se cuentan solo las defunciones por coronavirus, sino las totales.<\/p>\n<p>Con aquellas nuevas cifras para Catalu\u00f1a, se constata la mortalidad entre los mayores de 70 a\u00f1os. 2.354 entre residencias y hogares, m\u00e1s los que murieron en los hospitales y que ingresaron directamente en ellos y no proced\u00edan de las residencias. Con todo, la nueva cifra no acaba de aclarar el origen de todas las muertes.<\/p>\n<p>&nbsp;<\/p>\n","protected":false},"excerpt":{"rendered":"<p>Pasado un mes largo de confinamiento, de los 177.000 casos registrados, unos 130.000 est\u00e1n por explicar su procedencia. Est\u00e1n ah\u00ed las residencias de mayores, sobre las que nadie se atreve a dar cifras a escala estatal. Pero siendo muchos, no explica toda aquella gran cifra. \u00bfEntonces? El ministro Salvador Illa recurre al contagio en los hogares. Pero \u00bfes realmente as\u00ed, y de tal magnitud?\u00a0 Si no sabemos a ciencia cierta de d\u00f3nde proceden los contagios \u00bfc\u00f3mo se va a actuar bien? Una vez m\u00e1s aflora una de las grandes deficiencias espa\u00f1olas: el n\u00famero insuficiente de test de contagio practicados, que impide tener una composici\u00f3n de lugar razonable. Incluso ahora, con el anuncio a bombo y platillo de que se est\u00e1n realizando 20.000 test al d\u00eda, la cifra resulta insuficiente para obtener en un tiempo razonable un panorama de la poblaci\u00f3n espa\u00f1ola y de d\u00f3nde est\u00e1n los contagios. Tambi\u00e9n es insuficiente la cifra sobre el n\u00famero de muertes. El Informe elaborado por el Instituto de Salud Carlos III, y que se public\u00f3 el 28 de marzo, revel\u00f3 que el virus casi ha elevado en m\u00e1s de un 50% la mortalidad en algunas zonas de Espa\u00f1a. La informaci\u00f3n que cada d\u00eda ofrece el Dr. Sim\u00f3n solo est\u00e1 mostrando una parte de las dimensiones de la epidemia, ya que \u00fanicamente incluye a aquellos pacientes que fallecen tras haber dado positivo en las pruebas de coronavirus. El informe se basa en la red de Vigilancia de los excesos de mortalidad por todas las causas de este organismo -dependiente de los ministerios de Sanidad y Ciencia-, que monitoriza, en funci\u00f3n de los registros civiles de toda Espa\u00f1a, los fallecimientos diarios que se producen y los compara con la media de los ocurridos desde el 2008. Sus datos se\u00f1alan que las muertes informadas por el Dr. Sim\u00f3n para Castilla-La Mancha hab\u00edan sido un 49% inferiores, un 70,9% menos para Castilla y Le\u00f3n y un 63,4% menos para Madrid, que las realmente registradas por dicho informe. La pregunta es obvia: \u00bfcu\u00e1les son las muertes reales por coronavirus? Y por otra parte, \u00bfcu\u00e1l es el exceso de mortalidad por otras causas, ocasionadas por el colapso de la sanidad? Solo sabiendo estos datos podemos tener una visi\u00f3n correcta de la dimensi\u00f3n del problema, y tambi\u00e9n de las consecuencias colaterales del impacto de la pandemia en la mortalidad. Y por si esto no fuera suficiente, ahora Catalu\u00f1a descubre que tiene m\u00e1s muertos por Covid-19 que la cifra oficial contabilizados hasta ahora, y no son pocos: 7.095 en lugar de los 3.756 de los establecidos hasta este martes. No llega a doblar la cifra pero casi, y responden a los muertos en hospitales m\u00e1s 1.898 ancianos fallecidos por Covid-19 seg\u00fan las propias residencias y centros sociosanitarios. Pero esta cifra no puede sumarse a la anterior, porque engloba a los residentes fallecidos en las propias residencias y a aquellos que hab\u00edan sido derivados a hospitales y perecieron all\u00ed, seg\u00fan explica la Consejer\u00eda. Los de residencias son 1.810 y 62 en centros sociosanitarios, adem\u00e1s de 456 muertos en casa. \u00a0Estas nuevas cifras son fruto de un nuevo sistema de recuento, advertido previamente por la Consejer\u00eda de Salud, que hoy por primera vez ha ofrecido los datos agregados de todos los fallecidos en Catalu\u00f1a aportados por las funerarias. Se trata de personas fallecidas en residencias o en sus domicilios, que ahora se suman a la cifra de fallecidos en los hospitales. \u00a0Estas cifras estar\u00edan m\u00e1s en consonancia con las apuntadas por el Ayuntamiento de Barcelona hace pocos d\u00edas y que m\u00e1s que doblaban de muertes: 2.629 defunciones, en lugar 1.299 que era la cifra media de muertes registrada en la ciudad los meses de marzo de los diez a\u00f1os anteriores. Claro que en este \u00faltimo c\u00f3mputo no se cuentan solo las defunciones por coronavirus, sino las totales. Con aquellas nuevas cifras para Catalu\u00f1a, se constata la mortalidad entre los mayores de 70 a\u00f1os. 2.354 entre residencias y hogares, m\u00e1s los que murieron en los hospitales y que ingresaron directamente en ellos y no proced\u00edan de las residencias. Con todo, la nueva cifra no acaba de aclarar el origen de todas las muertes. &nbsp;<\/p>\n","protected":false},"author":2,"featured_media":35041,"comment_status":"open","ping_status":"open","sticky":false,"template":"","format":"standard","meta":{"_FSMCFIC_featured_image_caption":"","_FSMCFIC_featured_image_nocaption":"","_FSMCFIC_featured_image_hide":"","footnotes":""},"categories":[1772,806],"tags":[1504],"class_list":["post-35038","post","type-post","status-publish","format-standard","has-post-thumbnail","hentry","category-especial-coronavirus-es","category-punts-claus-del-dia-es","tag-coronavirus-es"],"yoast_head":"<!-- This site is optimized with the Yoast SEO plugin v26.8 - https:\/\/yoast.com\/product\/yoast-seo-wordpress\/ -->\n<title>El problema de los datos. Ahora resulta que las muertes en Catalu\u00f1a son 7.097 - Converses a Catalunya<\/title>\n<meta name=\"robots\" content=\"index, follow, max-snippet:-1, max-image-preview:large, max-video-preview:-1\" \/>\n<link rel=\"canonical\" href=\"https:\/\/conversesacatalunya.cat\/es\/el-problema-de-los-datos-ahora-resulta-que-las-muertes-en-cataluna-son-7-097\/\" \/>\n<meta property=\"og:locale\" content=\"es_ES\" \/>\n<meta property=\"og:type\" content=\"article\" \/>\n<meta property=\"og:title\" content=\"El problema de los datos. Ahora resulta que las muertes en Catalu\u00f1a son 7.097 - Converses a Catalunya\" \/>\n<meta property=\"og:description\" content=\"Pasado un mes largo de confinamiento, de los 177.000 casos registrados, unos 130.000 est\u00e1n por explicar su procedencia. Est\u00e1n ah\u00ed las residencias de mayores, sobre las que nadie se atreve a dar cifras a escala estatal. Pero siendo muchos, no explica toda aquella gran cifra. \u00bfEntonces? El ministro Salvador Illa recurre al contagio en los hogares. Pero \u00bfes realmente as\u00ed, y de tal magnitud?\u00a0 Si no sabemos a ciencia cierta de d\u00f3nde proceden los contagios \u00bfc\u00f3mo se va a actuar bien? Una vez m\u00e1s aflora una de las grandes deficiencias espa\u00f1olas: el n\u00famero insuficiente de test de contagio practicados, que impide tener una composici\u00f3n de lugar razonable. Incluso ahora, con el anuncio a bombo y platillo de que se est\u00e1n realizando 20.000 test al d\u00eda, la cifra resulta insuficiente para obtener en un tiempo razonable un panorama de la poblaci\u00f3n espa\u00f1ola y de d\u00f3nde est\u00e1n los contagios. Tambi\u00e9n es insuficiente la cifra sobre el n\u00famero de muertes. El Informe elaborado por el Instituto de Salud Carlos III, y que se public\u00f3 el 28 de marzo, revel\u00f3 que el virus casi ha elevado en m\u00e1s de un 50% la mortalidad en algunas zonas de Espa\u00f1a. La informaci\u00f3n que cada d\u00eda ofrece el Dr. Sim\u00f3n solo est\u00e1 mostrando una parte de las dimensiones de la epidemia, ya que \u00fanicamente incluye a aquellos pacientes que fallecen tras haber dado positivo en las pruebas de coronavirus. El informe se basa en la red de Vigilancia de los excesos de mortalidad por todas las causas de este organismo -dependiente de los ministerios de Sanidad y Ciencia-, que monitoriza, en funci\u00f3n de los registros civiles de toda Espa\u00f1a, los fallecimientos diarios que se producen y los compara con la media de los ocurridos desde el 2008. Sus datos se\u00f1alan que las muertes informadas por el Dr. Sim\u00f3n para Castilla-La Mancha hab\u00edan sido un 49% inferiores, un 70,9% menos para Castilla y Le\u00f3n y un 63,4% menos para Madrid, que las realmente registradas por dicho informe. La pregunta es obvia: \u00bfcu\u00e1les son las muertes reales por coronavirus? Y por otra parte, \u00bfcu\u00e1l es el exceso de mortalidad por otras causas, ocasionadas por el colapso de la sanidad? Solo sabiendo estos datos podemos tener una visi\u00f3n correcta de la dimensi\u00f3n del problema, y tambi\u00e9n de las consecuencias colaterales del impacto de la pandemia en la mortalidad. Y por si esto no fuera suficiente, ahora Catalu\u00f1a descubre que tiene m\u00e1s muertos por Covid-19 que la cifra oficial contabilizados hasta ahora, y no son pocos: 7.095 en lugar de los 3.756 de los establecidos hasta este martes. No llega a doblar la cifra pero casi, y responden a los muertos en hospitales m\u00e1s 1.898 ancianos fallecidos por Covid-19 seg\u00fan las propias residencias y centros sociosanitarios. Pero esta cifra no puede sumarse a la anterior, porque engloba a los residentes fallecidos en las propias residencias y a aquellos que hab\u00edan sido derivados a hospitales y perecieron all\u00ed, seg\u00fan explica la Consejer\u00eda. Los de residencias son 1.810 y 62 en centros sociosanitarios, adem\u00e1s de 456 muertos en casa. \u00a0Estas nuevas cifras son fruto de un nuevo sistema de recuento, advertido previamente por la Consejer\u00eda de Salud, que hoy por primera vez ha ofrecido los datos agregados de todos los fallecidos en Catalu\u00f1a aportados por las funerarias. Se trata de personas fallecidas en residencias o en sus domicilios, que ahora se suman a la cifra de fallecidos en los hospitales. \u00a0Estas cifras estar\u00edan m\u00e1s en consonancia con las apuntadas por el Ayuntamiento de Barcelona hace pocos d\u00edas y que m\u00e1s que doblaban de muertes: 2.629 defunciones, en lugar 1.299 que era la cifra media de muertes registrada en la ciudad los meses de marzo de los diez a\u00f1os anteriores. Claro que en este \u00faltimo c\u00f3mputo no se cuentan solo las defunciones por coronavirus, sino las totales. Con aquellas nuevas cifras para Catalu\u00f1a, se constata la mortalidad entre los mayores de 70 a\u00f1os. 2.354 entre residencias y hogares, m\u00e1s los que murieron en los hospitales y que ingresaron directamente en ellos y no proced\u00edan de las residencias. Con todo, la nueva cifra no acaba de aclarar el origen de todas las muertes. &nbsp;\" \/>\n<meta property=\"og:url\" content=\"https:\/\/conversesacatalunya.cat\/es\/el-problema-de-los-datos-ahora-resulta-que-las-muertes-en-cataluna-son-7-097\/\" \/>\n<meta property=\"og:site_name\" content=\"Converses a Catalunya\" \/>\n<meta property=\"article:published_time\" content=\"2020-04-16T10:22:00+00:00\" \/>\n<meta property=\"article:modified_time\" content=\"2020-04-16T10:23:31+00:00\" \/>\n<meta property=\"og:image\" content=\"https:\/\/conversesacatalunya.cat\/wp-content\/uploads\/2020\/04\/fernando-simon-director-del-centro-de-alertas-sanitarias_4_588x353.jpeg\" \/>\n\t<meta property=\"og:image:width\" content=\"588\" \/>\n\t<meta property=\"og:image:height\" content=\"353\" \/>\n\t<meta property=\"og:image:type\" content=\"image\/jpeg\" \/>\n<meta name=\"author\" content=\"conversesacatalunya\" \/>\n<meta name=\"twitter:card\" content=\"summary_large_image\" \/>\n<meta name=\"twitter:label1\" content=\"Escrito por\" \/>\n\t<meta name=\"twitter:data1\" content=\"conversesacatalunya\" \/>\n\t<meta name=\"twitter:label2\" content=\"Tiempo de lectura\" \/>\n\t<meta name=\"twitter:data2\" content=\"4 minutos\" \/>\n<script type=\"application\/ld+json\" class=\"yoast-schema-graph\">{\"@context\":\"https:\/\/schema.org\",\"@graph\":[{\"@type\":\"Article\",\"@id\":\"https:\/\/conversesacatalunya.cat\/es\/el-problema-de-los-datos-ahora-resulta-que-las-muertes-en-cataluna-son-7-097\/#article\",\"isPartOf\":{\"@id\":\"https:\/\/conversesacatalunya.cat\/es\/el-problema-de-los-datos-ahora-resulta-que-las-muertes-en-cataluna-son-7-097\/\"},\"author\":{\"name\":\"conversesacatalunya\",\"@id\":\"https:\/\/conversesacatalunya.cat\/#\/schema\/person\/7e24d1e54a2785373ddcb275eae5ed99\"},\"headline\":\"El problema de los datos. Ahora resulta que las muertes en Catalu\u00f1a son 7.097\",\"datePublished\":\"2020-04-16T10:22:00+00:00\",\"dateModified\":\"2020-04-16T10:23:31+00:00\",\"mainEntityOfPage\":{\"@id\":\"https:\/\/conversesacatalunya.cat\/es\/el-problema-de-los-datos-ahora-resulta-que-las-muertes-en-cataluna-son-7-097\/\"},\"wordCount\":736,\"commentCount\":0,\"image\":{\"@id\":\"https:\/\/conversesacatalunya.cat\/es\/el-problema-de-los-datos-ahora-resulta-que-las-muertes-en-cataluna-son-7-097\/#primaryimage\"},\"thumbnailUrl\":\"https:\/\/conversesacatalunya.cat\/wp-content\/uploads\/2020\/04\/fernando-simon-director-del-centro-de-alertas-sanitarias_4_588x353.jpeg\",\"keywords\":[\"coronavirus\"],\"articleSection\":[\"Especial Coronavirus (ES)\",\"Punts clau del dia (ES)\"],\"inLanguage\":\"es\",\"potentialAction\":[{\"@type\":\"CommentAction\",\"name\":\"Comment\",\"target\":[\"https:\/\/conversesacatalunya.cat\/es\/el-problema-de-los-datos-ahora-resulta-que-las-muertes-en-cataluna-son-7-097\/#respond\"]}]},{\"@type\":\"WebPage\",\"@id\":\"https:\/\/conversesacatalunya.cat\/es\/el-problema-de-los-datos-ahora-resulta-que-las-muertes-en-cataluna-son-7-097\/\",\"url\":\"https:\/\/conversesacatalunya.cat\/es\/el-problema-de-los-datos-ahora-resulta-que-las-muertes-en-cataluna-son-7-097\/\",\"name\":\"El problema de los datos. Ahora resulta que las muertes en Catalu\u00f1a son 7.097 - Converses a Catalunya\",\"isPartOf\":{\"@id\":\"https:\/\/conversesacatalunya.cat\/#website\"},\"primaryImageOfPage\":{\"@id\":\"https:\/\/conversesacatalunya.cat\/es\/el-problema-de-los-datos-ahora-resulta-que-las-muertes-en-cataluna-son-7-097\/#primaryimage\"},\"image\":{\"@id\":\"https:\/\/conversesacatalunya.cat\/es\/el-problema-de-los-datos-ahora-resulta-que-las-muertes-en-cataluna-son-7-097\/#primaryimage\"},\"thumbnailUrl\":\"https:\/\/conversesacatalunya.cat\/wp-content\/uploads\/2020\/04\/fernando-simon-director-del-centro-de-alertas-sanitarias_4_588x353.jpeg\",\"datePublished\":\"2020-04-16T10:22:00+00:00\",\"dateModified\":\"2020-04-16T10:23:31+00:00\",\"author\":{\"@id\":\"https:\/\/conversesacatalunya.cat\/#\/schema\/person\/7e24d1e54a2785373ddcb275eae5ed99\"},\"breadcrumb\":{\"@id\":\"https:\/\/conversesacatalunya.cat\/es\/el-problema-de-los-datos-ahora-resulta-que-las-muertes-en-cataluna-son-7-097\/#breadcrumb\"},\"inLanguage\":\"es\",\"potentialAction\":[{\"@type\":\"ReadAction\",\"target\":[\"https:\/\/conversesacatalunya.cat\/es\/el-problema-de-los-datos-ahora-resulta-que-las-muertes-en-cataluna-son-7-097\/\"]}]},{\"@type\":\"ImageObject\",\"inLanguage\":\"es\",\"@id\":\"https:\/\/conversesacatalunya.cat\/es\/el-problema-de-los-datos-ahora-resulta-que-las-muertes-en-cataluna-son-7-097\/#primaryimage\",\"url\":\"https:\/\/conversesacatalunya.cat\/wp-content\/uploads\/2020\/04\/fernando-simon-director-del-centro-de-alertas-sanitarias_4_588x353.jpeg\",\"contentUrl\":\"https:\/\/conversesacatalunya.cat\/wp-content\/uploads\/2020\/04\/fernando-simon-director-del-centro-de-alertas-sanitarias_4_588x353.jpeg\",\"width\":588,\"height\":353},{\"@type\":\"BreadcrumbList\",\"@id\":\"https:\/\/conversesacatalunya.cat\/es\/el-problema-de-los-datos-ahora-resulta-que-las-muertes-en-cataluna-son-7-097\/#breadcrumb\",\"itemListElement\":[{\"@type\":\"ListItem\",\"position\":1,\"name\":\"Inici\",\"item\":\"https:\/\/conversesacatalunya.cat\/es\/\"},{\"@type\":\"ListItem\",\"position\":2,\"name\":\"El problema de los datos. Ahora resulta que las muertes en Catalu\u00f1a son 7.097\"}]},{\"@type\":\"WebSite\",\"@id\":\"https:\/\/conversesacatalunya.cat\/#website\",\"url\":\"https:\/\/conversesacatalunya.cat\/\",\"name\":\"Converses a Catalunya\",\"description\":\"\",\"potentialAction\":[{\"@type\":\"SearchAction\",\"target\":{\"@type\":\"EntryPoint\",\"urlTemplate\":\"https:\/\/conversesacatalunya.cat\/?s={search_term_string}\"},\"query-input\":{\"@type\":\"PropertyValueSpecification\",\"valueRequired\":true,\"valueName\":\"search_term_string\"}}],\"inLanguage\":\"es\"},{\"@type\":\"Person\",\"@id\":\"https:\/\/conversesacatalunya.cat\/#\/schema\/person\/7e24d1e54a2785373ddcb275eae5ed99\",\"name\":\"conversesacatalunya\",\"image\":{\"@type\":\"ImageObject\",\"inLanguage\":\"es\",\"@id\":\"https:\/\/conversesacatalunya.cat\/#\/schema\/person\/image\/\",\"url\":\"https:\/\/conversesacatalunya.cat\/wp-content\/litespeed\/avatar\/febdfeeec89d950f01c748045a981dd2.jpg?ver=1777314535\",\"contentUrl\":\"https:\/\/conversesacatalunya.cat\/wp-content\/litespeed\/avatar\/febdfeeec89d950f01c748045a981dd2.jpg?ver=1777314535\",\"caption\":\"conversesacatalunya\"},\"url\":\"https:\/\/conversesacatalunya.cat\/es\/author\/carme_catala\/\"}]}<\/script>\n<!-- \/ Yoast SEO plugin. -->","yoast_head_json":{"title":"El problema de los datos. Ahora resulta que las muertes en Catalu\u00f1a son 7.097 - Converses a Catalunya","robots":{"index":"index","follow":"follow","max-snippet":"max-snippet:-1","max-image-preview":"max-image-preview:large","max-video-preview":"max-video-preview:-1"},"canonical":"https:\/\/conversesacatalunya.cat\/es\/el-problema-de-los-datos-ahora-resulta-que-las-muertes-en-cataluna-son-7-097\/","og_locale":"es_ES","og_type":"article","og_title":"El problema de los datos. Ahora resulta que las muertes en Catalu\u00f1a son 7.097 - Converses a Catalunya","og_description":"Pasado un mes largo de confinamiento, de los 177.000 casos registrados, unos 130.000 est\u00e1n por explicar su procedencia. Est\u00e1n ah\u00ed las residencias de mayores, sobre las que nadie se atreve a dar cifras a escala estatal. Pero siendo muchos, no explica toda aquella gran cifra. \u00bfEntonces? El ministro Salvador Illa recurre al contagio en los hogares. Pero \u00bfes realmente as\u00ed, y de tal magnitud?\u00a0 Si no sabemos a ciencia cierta de d\u00f3nde proceden los contagios \u00bfc\u00f3mo se va a actuar bien? Una vez m\u00e1s aflora una de las grandes deficiencias espa\u00f1olas: el n\u00famero insuficiente de test de contagio practicados, que impide tener una composici\u00f3n de lugar razonable. Incluso ahora, con el anuncio a bombo y platillo de que se est\u00e1n realizando 20.000 test al d\u00eda, la cifra resulta insuficiente para obtener en un tiempo razonable un panorama de la poblaci\u00f3n espa\u00f1ola y de d\u00f3nde est\u00e1n los contagios. Tambi\u00e9n es insuficiente la cifra sobre el n\u00famero de muertes. El Informe elaborado por el Instituto de Salud Carlos III, y que se public\u00f3 el 28 de marzo, revel\u00f3 que el virus casi ha elevado en m\u00e1s de un 50% la mortalidad en algunas zonas de Espa\u00f1a. La informaci\u00f3n que cada d\u00eda ofrece el Dr. Sim\u00f3n solo est\u00e1 mostrando una parte de las dimensiones de la epidemia, ya que \u00fanicamente incluye a aquellos pacientes que fallecen tras haber dado positivo en las pruebas de coronavirus. El informe se basa en la red de Vigilancia de los excesos de mortalidad por todas las causas de este organismo -dependiente de los ministerios de Sanidad y Ciencia-, que monitoriza, en funci\u00f3n de los registros civiles de toda Espa\u00f1a, los fallecimientos diarios que se producen y los compara con la media de los ocurridos desde el 2008. Sus datos se\u00f1alan que las muertes informadas por el Dr. Sim\u00f3n para Castilla-La Mancha hab\u00edan sido un 49% inferiores, un 70,9% menos para Castilla y Le\u00f3n y un 63,4% menos para Madrid, que las realmente registradas por dicho informe. La pregunta es obvia: \u00bfcu\u00e1les son las muertes reales por coronavirus? Y por otra parte, \u00bfcu\u00e1l es el exceso de mortalidad por otras causas, ocasionadas por el colapso de la sanidad? Solo sabiendo estos datos podemos tener una visi\u00f3n correcta de la dimensi\u00f3n del problema, y tambi\u00e9n de las consecuencias colaterales del impacto de la pandemia en la mortalidad. Y por si esto no fuera suficiente, ahora Catalu\u00f1a descubre que tiene m\u00e1s muertos por Covid-19 que la cifra oficial contabilizados hasta ahora, y no son pocos: 7.095 en lugar de los 3.756 de los establecidos hasta este martes. No llega a doblar la cifra pero casi, y responden a los muertos en hospitales m\u00e1s 1.898 ancianos fallecidos por Covid-19 seg\u00fan las propias residencias y centros sociosanitarios. Pero esta cifra no puede sumarse a la anterior, porque engloba a los residentes fallecidos en las propias residencias y a aquellos que hab\u00edan sido derivados a hospitales y perecieron all\u00ed, seg\u00fan explica la Consejer\u00eda. Los de residencias son 1.810 y 62 en centros sociosanitarios, adem\u00e1s de 456 muertos en casa. \u00a0Estas nuevas cifras son fruto de un nuevo sistema de recuento, advertido previamente por la Consejer\u00eda de Salud, que hoy por primera vez ha ofrecido los datos agregados de todos los fallecidos en Catalu\u00f1a aportados por las funerarias. Se trata de personas fallecidas en residencias o en sus domicilios, que ahora se suman a la cifra de fallecidos en los hospitales. \u00a0Estas cifras estar\u00edan m\u00e1s en consonancia con las apuntadas por el Ayuntamiento de Barcelona hace pocos d\u00edas y que m\u00e1s que doblaban de muertes: 2.629 defunciones, en lugar 1.299 que era la cifra media de muertes registrada en la ciudad los meses de marzo de los diez a\u00f1os anteriores. Claro que en este \u00faltimo c\u00f3mputo no se cuentan solo las defunciones por coronavirus, sino las totales. Con aquellas nuevas cifras para Catalu\u00f1a, se constata la mortalidad entre los mayores de 70 a\u00f1os. 2.354 entre residencias y hogares, m\u00e1s los que murieron en los hospitales y que ingresaron directamente en ellos y no proced\u00edan de las residencias. Con todo, la nueva cifra no acaba de aclarar el origen de todas las muertes. &nbsp;","og_url":"https:\/\/conversesacatalunya.cat\/es\/el-problema-de-los-datos-ahora-resulta-que-las-muertes-en-cataluna-son-7-097\/","og_site_name":"Converses a Catalunya","article_published_time":"2020-04-16T10:22:00+00:00","article_modified_time":"2020-04-16T10:23:31+00:00","og_image":[{"width":588,"height":353,"url":"https:\/\/conversesacatalunya.cat\/wp-content\/uploads\/2020\/04\/fernando-simon-director-del-centro-de-alertas-sanitarias_4_588x353.jpeg","type":"image\/jpeg"}],"author":"conversesacatalunya","twitter_card":"summary_large_image","twitter_misc":{"Escrito por":"conversesacatalunya","Tiempo de lectura":"4 minutos"},"schema":{"@context":"https:\/\/schema.org","@graph":[{"@type":"Article","@id":"https:\/\/conversesacatalunya.cat\/es\/el-problema-de-los-datos-ahora-resulta-que-las-muertes-en-cataluna-son-7-097\/#article","isPartOf":{"@id":"https:\/\/conversesacatalunya.cat\/es\/el-problema-de-los-datos-ahora-resulta-que-las-muertes-en-cataluna-son-7-097\/"},"author":{"name":"conversesacatalunya","@id":"https:\/\/conversesacatalunya.cat\/#\/schema\/person\/7e24d1e54a2785373ddcb275eae5ed99"},"headline":"El problema de los datos. Ahora resulta que las muertes en Catalu\u00f1a son 7.097","datePublished":"2020-04-16T10:22:00+00:00","dateModified":"2020-04-16T10:23:31+00:00","mainEntityOfPage":{"@id":"https:\/\/conversesacatalunya.cat\/es\/el-problema-de-los-datos-ahora-resulta-que-las-muertes-en-cataluna-son-7-097\/"},"wordCount":736,"commentCount":0,"image":{"@id":"https:\/\/conversesacatalunya.cat\/es\/el-problema-de-los-datos-ahora-resulta-que-las-muertes-en-cataluna-son-7-097\/#primaryimage"},"thumbnailUrl":"https:\/\/conversesacatalunya.cat\/wp-content\/uploads\/2020\/04\/fernando-simon-director-del-centro-de-alertas-sanitarias_4_588x353.jpeg","keywords":["coronavirus"],"articleSection":["Especial Coronavirus (ES)","Punts clau del dia (ES)"],"inLanguage":"es","potentialAction":[{"@type":"CommentAction","name":"Comment","target":["https:\/\/conversesacatalunya.cat\/es\/el-problema-de-los-datos-ahora-resulta-que-las-muertes-en-cataluna-son-7-097\/#respond"]}]},{"@type":"WebPage","@id":"https:\/\/conversesacatalunya.cat\/es\/el-problema-de-los-datos-ahora-resulta-que-las-muertes-en-cataluna-son-7-097\/","url":"https:\/\/conversesacatalunya.cat\/es\/el-problema-de-los-datos-ahora-resulta-que-las-muertes-en-cataluna-son-7-097\/","name":"El problema de los datos. Ahora resulta que las muertes en Catalu\u00f1a son 7.097 - Converses a Catalunya","isPartOf":{"@id":"https:\/\/conversesacatalunya.cat\/#website"},"primaryImageOfPage":{"@id":"https:\/\/conversesacatalunya.cat\/es\/el-problema-de-los-datos-ahora-resulta-que-las-muertes-en-cataluna-son-7-097\/#primaryimage"},"image":{"@id":"https:\/\/conversesacatalunya.cat\/es\/el-problema-de-los-datos-ahora-resulta-que-las-muertes-en-cataluna-son-7-097\/#primaryimage"},"thumbnailUrl":"https:\/\/conversesacatalunya.cat\/wp-content\/uploads\/2020\/04\/fernando-simon-director-del-centro-de-alertas-sanitarias_4_588x353.jpeg","datePublished":"2020-04-16T10:22:00+00:00","dateModified":"2020-04-16T10:23:31+00:00","author":{"@id":"https:\/\/conversesacatalunya.cat\/#\/schema\/person\/7e24d1e54a2785373ddcb275eae5ed99"},"breadcrumb":{"@id":"https:\/\/conversesacatalunya.cat\/es\/el-problema-de-los-datos-ahora-resulta-que-las-muertes-en-cataluna-son-7-097\/#breadcrumb"},"inLanguage":"es","potentialAction":[{"@type":"ReadAction","target":["https:\/\/conversesacatalunya.cat\/es\/el-problema-de-los-datos-ahora-resulta-que-las-muertes-en-cataluna-son-7-097\/"]}]},{"@type":"ImageObject","inLanguage":"es","@id":"https:\/\/conversesacatalunya.cat\/es\/el-problema-de-los-datos-ahora-resulta-que-las-muertes-en-cataluna-son-7-097\/#primaryimage","url":"https:\/\/conversesacatalunya.cat\/wp-content\/uploads\/2020\/04\/fernando-simon-director-del-centro-de-alertas-sanitarias_4_588x353.jpeg","contentUrl":"https:\/\/conversesacatalunya.cat\/wp-content\/uploads\/2020\/04\/fernando-simon-director-del-centro-de-alertas-sanitarias_4_588x353.jpeg","width":588,"height":353},{"@type":"BreadcrumbList","@id":"https:\/\/conversesacatalunya.cat\/es\/el-problema-de-los-datos-ahora-resulta-que-las-muertes-en-cataluna-son-7-097\/#breadcrumb","itemListElement":[{"@type":"ListItem","position":1,"name":"Inici","item":"https:\/\/conversesacatalunya.cat\/es\/"},{"@type":"ListItem","position":2,"name":"El problema de los datos. Ahora resulta que las muertes en Catalu\u00f1a son 7.097"}]},{"@type":"WebSite","@id":"https:\/\/conversesacatalunya.cat\/#website","url":"https:\/\/conversesacatalunya.cat\/","name":"Converses a Catalunya","description":"","potentialAction":[{"@type":"SearchAction","target":{"@type":"EntryPoint","urlTemplate":"https:\/\/conversesacatalunya.cat\/?s={search_term_string}"},"query-input":{"@type":"PropertyValueSpecification","valueRequired":true,"valueName":"search_term_string"}}],"inLanguage":"es"},{"@type":"Person","@id":"https:\/\/conversesacatalunya.cat\/#\/schema\/person\/7e24d1e54a2785373ddcb275eae5ed99","name":"conversesacatalunya","image":{"@type":"ImageObject","inLanguage":"es","@id":"https:\/\/conversesacatalunya.cat\/#\/schema\/person\/image\/","url":"https:\/\/conversesacatalunya.cat\/wp-content\/litespeed\/avatar\/febdfeeec89d950f01c748045a981dd2.jpg?ver=1777314535","contentUrl":"https:\/\/conversesacatalunya.cat\/wp-content\/litespeed\/avatar\/febdfeeec89d950f01c748045a981dd2.jpg?ver=1777314535","caption":"conversesacatalunya"},"url":"https:\/\/conversesacatalunya.cat\/es\/author\/carme_catala\/"}]}},"wps_subtitle":"","_links":{"self":[{"href":"https:\/\/conversesacatalunya.cat\/es\/wp-json\/wp\/v2\/posts\/35038","targetHints":{"allow":["GET"]}}],"collection":[{"href":"https:\/\/conversesacatalunya.cat\/es\/wp-json\/wp\/v2\/posts"}],"about":[{"href":"https:\/\/conversesacatalunya.cat\/es\/wp-json\/wp\/v2\/types\/post"}],"author":[{"embeddable":true,"href":"https:\/\/conversesacatalunya.cat\/es\/wp-json\/wp\/v2\/users\/2"}],"replies":[{"embeddable":true,"href":"https:\/\/conversesacatalunya.cat\/es\/wp-json\/wp\/v2\/comments?post=35038"}],"version-history":[{"count":1,"href":"https:\/\/conversesacatalunya.cat\/es\/wp-json\/wp\/v2\/posts\/35038\/revisions"}],"predecessor-version":[{"id":35039,"href":"https:\/\/conversesacatalunya.cat\/es\/wp-json\/wp\/v2\/posts\/35038\/revisions\/35039"}],"wp:featuredmedia":[{"embeddable":true,"href":"https:\/\/conversesacatalunya.cat\/es\/wp-json\/wp\/v2\/media\/35041"}],"wp:attachment":[{"href":"https:\/\/conversesacatalunya.cat\/es\/wp-json\/wp\/v2\/media?parent=35038"}],"wp:term":[{"taxonomy":"category","embeddable":true,"href":"https:\/\/conversesacatalunya.cat\/es\/wp-json\/wp\/v2\/categories?post=35038"},{"taxonomy":"post_tag","embeddable":true,"href":"https:\/\/conversesacatalunya.cat\/es\/wp-json\/wp\/v2\/tags?post=35038"}],"curies":[{"name":"wp","href":"https:\/\/api.w.org\/{rel}","templated":true}]}}