{"id":35034,"date":"2020-04-16T12:26:10","date_gmt":"2020-04-16T10:26:10","guid":{"rendered":"https:\/\/conversesacatalunya.cat\/?p=35034"},"modified":"2020-04-16T12:26:10","modified_gmt":"2020-04-16T10:26:10","slug":"encuesta-del-cis-estamos-ante-una-sociedad-totalitaria","status":"publish","type":"post","link":"https:\/\/conversesacatalunya.cat\/es\/encuesta-del-cis-estamos-ante-una-sociedad-totalitaria\/","title":{"rendered":"Encuesta del CIS. \u00bfEstamos ante una sociedad totalitaria?"},"content":{"rendered":"<p>El bar\u00f3metro especial sobre el Covid-19 del <strong>Centro de Investigaciones Sociol\u00f3gicas <\/strong>(CIS) mueve otra vez a pol\u00e9mica. Una condici\u00f3n esta que parece ligada al centro desde que el dirigente socialista, <strong><a href=\"https:\/\/conversesacatalunya.cat\/es\/las-bromas-del-centro-de-investigaciones-sociologicas-cis\/\">Jos\u00e9 F\u00e9lix Tezanos<\/a>,<\/strong> es el m\u00e1ximo responsable.<\/p>\n<p>En este caso la pol\u00e9mica surge porque el tipo de preguntas elaboradas aportan un perfil de la sociedad espa\u00f1ola preocupante, ya que contiene muchos de los ingredientes que caracterizan a <strong>una sociedad totalitaria<\/strong>.<\/p>\n<p>De una forma abrumadora, <strong>el 88,5%<\/strong> de las respuestas se\u00f1ala que ante los casos de pandemia <strong>es necesario atenerse a lo que digan los expertos<\/strong>, mientras que la otra opci\u00f3n, la de que son los gobiernos quienes han de ser capaces de tomar decisiones por su cuenta, solo tiene un <strong>modesto 9,2%<\/strong> de respuestas afirmativas.<\/p>\n<p>Otra pregunta con miga: \u00bf<em>cree que en las circunstancias como las actuales los l\u00edderes de la oposici\u00f3n han de dar apoyo al Gobierno?<\/em>, ofrece dos respuestas. Una es la de <strong>dejar las cr\u00edticas para otro momento<\/strong>, y tambi\u00e9n aqu\u00ed la cifra es abrumadora, el <strong>87,8%<\/strong>. Mientras que la otra alternativa, la de continuar haciendo todas las cr\u00edticas que se consideren oportunas, solo recoge un <strong>10%<\/strong>.<\/p>\n<p>Y para cerrar el bucle, la pregunta que m\u00e1s preocupaci\u00f3n ha despertado en los medios de comunicaci\u00f3n. Trata sobre las informaciones enga\u00f1osas y la libertad de informaci\u00f3n. De las dos respuestas que se ofrecen, se lleva el gato al agua con <strong>el 66,7%<\/strong> de las afirmaciones, nada menos que es la de que es <strong>necesario controlar la informaci\u00f3n<\/strong>. As\u00ed, sin m\u00e1s aditamentos. La otra respuesta, que considera que no se debe de restringir la informaci\u00f3n, <strong>solo logra el 30,8%<\/strong> de respuestas afirmativas.<\/p>\n<p>En definitiva, lo que nos estar\u00eda diciendo la sociedad es que <strong>no hay que criticar al poder<\/strong>, al menos mientras dure esta pandemia. \u00bfMueren muchos ancianos en residencias? No importa, hay que callar. \u00bfQu\u00e9 las posiciones cambiantes sobre las mascarillas protectoras, y la falta de ellas a estas alturas es un problema? Qu\u00e9 le vamos a hacer, no se resuelve nada empujando al Gobierno. \u00bfQu\u00e9 Espa\u00f1a es el pa\u00eds del mundo con m\u00e1s muertes en relaci\u00f3n con su poblaci\u00f3n? Ya lo miraremos m\u00e1s adelante.<\/p>\n<p>\u00bfEs realmente esta la forma de pensar de la sociedad espa\u00f1ola? Seg\u00fan el CIS, la respuesta es abrumadoramente afirmativa. A\u00f1adamos a esta caracter\u00edstica, que el poder pol\u00edtico, el <strong>gobierno ha\u00a0 de controlar la informaci\u00f3n<\/strong>, seguramente porque el ciudadano y la plural opini\u00f3n publicada son incapaces de forjarse un juicio por s\u00ed mismos. Necesitamos ser informativamente guiados porque nosotros mismos carecemos de las condiciones para separar el grano de la paja, el bien del mal. Para redondearlo nada mejor que el gobierno<strong> de los expertos<\/strong>. Son estos quienes en condiciones dif\u00edciles como las actuales han tener la \u00faltima palabra. Aquello de que las guerras son demasiado importantes para dejarlas en manos de los militares, seg\u00fan la encuesta de Tezanos, ya no es una verdad como un templo.<\/p>\n<p>\u00bfC\u00f3mo <strong>llamar\u00edamos a una sociedad<\/strong> en la que no hay que criticar al Gobierno, se ha de controlar la informaci\u00f3n y nos hemos de dejar guiar solo por los expertos, los tecn\u00f3cratas? \u00a0\u00a0La respuesta es obvia. Esta forma de Gobierno se llama <strong>franquismo<\/strong> despu\u00e9s del Plan de Estabilizaci\u00f3n. <strong>Es el franquismo de los Planes de desarrollo<\/strong>. Tezanos ha descubierto que esta es la creencia profunda de la sociedad espa\u00f1ola. Qu\u00e9 cosas.<\/p>\n<span class='bctt-click-to-tweet'><span class='bctt-ctt-text'><a href='https:\/\/twitter.com\/intent\/tweet?url=https%3A%2F%2Fconversesacatalunya.cat%2Fes%2Fencuesta-del-cis-estamos-ante-una-sociedad-totalitaria%2F&#038;text=%C2%BFC%C3%B3mo%20llamar%C3%ADamos%20a%20una%20sociedad%20en%20la%20que%20no%20hay%20que%20criticar%20al%20Gobierno%2C%20se%20ha%20de%20controlar%20la%20informaci%C3%B3n%20y%20nos%20hemos%20de%20dejar%20guiar%20solo%20por%20los%20expertos%2C%20los%20tecn%C3%B3cratas%3F&#038;via=conversesacat&#038;related=conversesacat' target='_blank'rel=\"noopener noreferrer\">\u00bfC\u00f3mo llamar\u00edamos a una sociedad en la que no hay que criticar al Gobierno, se ha de controlar la informaci\u00f3n y nos hemos de dejar guiar solo por los expertos, los tecn\u00f3cratas? <\/a><\/span><a href='https:\/\/twitter.com\/intent\/tweet?url=https%3A%2F%2Fconversesacatalunya.cat%2Fes%2Fencuesta-del-cis-estamos-ante-una-sociedad-totalitaria%2F&#038;text=%C2%BFC%C3%B3mo%20llamar%C3%ADamos%20a%20una%20sociedad%20en%20la%20que%20no%20hay%20que%20criticar%20al%20Gobierno%2C%20se%20ha%20de%20controlar%20la%20informaci%C3%B3n%20y%20nos%20hemos%20de%20dejar%20guiar%20solo%20por%20los%20expertos%2C%20los%20tecn%C3%B3cratas%3F&#038;via=conversesacat&#038;related=conversesacat' target='_blank' class='bctt-ctt-btn'rel=\"noopener noreferrer\">Compartir en X<\/a><\/span>\n","protected":false},"excerpt":{"rendered":"<p>El bar\u00f3metro especial sobre el Covid-19 del Centro de Investigaciones Sociol\u00f3gicas (CIS) mueve otra vez a pol\u00e9mica. Una condici\u00f3n esta que parece ligada al centro desde que el dirigente socialista, Jos\u00e9 F\u00e9lix Tezanos, es el m\u00e1ximo responsable. En este caso la pol\u00e9mica surge porque el tipo de preguntas elaboradas aportan un perfil de la sociedad espa\u00f1ola preocupante, ya que contiene muchos de los ingredientes que caracterizan a una sociedad totalitaria. De una forma abrumadora, el 88,5% de las respuestas se\u00f1ala que ante los casos de pandemia es necesario atenerse a lo que digan los expertos, mientras que la otra opci\u00f3n, la de que son los gobiernos quienes han de ser capaces de tomar decisiones por su cuenta, solo tiene un modesto 9,2% de respuestas afirmativas. Otra pregunta con miga: \u00bfcree que en las circunstancias como las actuales los l\u00edderes de la oposici\u00f3n han de dar apoyo al Gobierno?, ofrece dos respuestas. Una es la de dejar las cr\u00edticas para otro momento, y tambi\u00e9n aqu\u00ed la cifra es abrumadora, el 87,8%. Mientras que la otra alternativa, la de continuar haciendo todas las cr\u00edticas que se consideren oportunas, solo recoge un 10%. Y para cerrar el bucle, la pregunta que m\u00e1s preocupaci\u00f3n ha despertado en los medios de comunicaci\u00f3n. Trata sobre las informaciones enga\u00f1osas y la libertad de informaci\u00f3n. De las dos respuestas que se ofrecen, se lleva el gato al agua con el 66,7% de las afirmaciones, nada menos que es la de que es necesario controlar la informaci\u00f3n. As\u00ed, sin m\u00e1s aditamentos. La otra respuesta, que considera que no se debe de restringir la informaci\u00f3n, solo logra el 30,8% de respuestas afirmativas. En definitiva, lo que nos estar\u00eda diciendo la sociedad es que no hay que criticar al poder, al menos mientras dure esta pandemia. \u00bfMueren muchos ancianos en residencias? No importa, hay que callar. \u00bfQu\u00e9 las posiciones cambiantes sobre las mascarillas protectoras, y la falta de ellas a estas alturas es un problema? Qu\u00e9 le vamos a hacer, no se resuelve nada empujando al Gobierno. \u00bfQu\u00e9 Espa\u00f1a es el pa\u00eds del mundo con m\u00e1s muertes en relaci\u00f3n con su poblaci\u00f3n? Ya lo miraremos m\u00e1s adelante. \u00bfEs realmente esta la forma de pensar de la sociedad espa\u00f1ola? Seg\u00fan el CIS, la respuesta es abrumadoramente afirmativa. A\u00f1adamos a esta caracter\u00edstica, que el poder pol\u00edtico, el gobierno ha\u00a0 de controlar la informaci\u00f3n, seguramente porque el ciudadano y la plural opini\u00f3n publicada son incapaces de forjarse un juicio por s\u00ed mismos. Necesitamos ser informativamente guiados porque nosotros mismos carecemos de las condiciones para separar el grano de la paja, el bien del mal. Para redondearlo nada mejor que el gobierno de los expertos. Son estos quienes en condiciones dif\u00edciles como las actuales han tener la \u00faltima palabra. Aquello de que las guerras son demasiado importantes para dejarlas en manos de los militares, seg\u00fan la encuesta de Tezanos, ya no es una verdad como un templo. \u00bfC\u00f3mo llamar\u00edamos a una sociedad en la que no hay que criticar al Gobierno, se ha de controlar la informaci\u00f3n y nos hemos de dejar guiar solo por los expertos, los tecn\u00f3cratas? \u00a0\u00a0La respuesta es obvia. Esta forma de Gobierno se llama franquismo despu\u00e9s del Plan de Estabilizaci\u00f3n. Es el franquismo de los Planes de desarrollo. Tezanos ha descubierto que esta es la creencia profunda de la sociedad espa\u00f1ola. Qu\u00e9 cosas.<\/p>\n","protected":false},"author":2,"featured_media":35035,"comment_status":"open","ping_status":"open","sticky":false,"template":"","format":"standard","meta":{"_FSMCFIC_featured_image_caption":"","_FSMCFIC_featured_image_nocaption":"","_FSMCFIC_featured_image_hide":"","footnotes":""},"categories":[806],"tags":[1150,1065,1588],"class_list":["post-35034","post","type-post","status-publish","format-standard","has-post-thumbnail","hentry","category-punts-claus-del-dia-es","tag-cis-es","tag-encuestas","tag-tezanos-es"],"yoast_head":"<!-- This site is optimized with the Yoast SEO plugin v26.8 - https:\/\/yoast.com\/product\/yoast-seo-wordpress\/ -->\n<title>Encuesta del CIS. \u00bfEstamos ante una sociedad totalitaria? - Converses a Catalunya<\/title>\n<meta name=\"robots\" content=\"index, follow, max-snippet:-1, max-image-preview:large, max-video-preview:-1\" \/>\n<link rel=\"canonical\" href=\"https:\/\/conversesacatalunya.cat\/es\/encuesta-del-cis-estamos-ante-una-sociedad-totalitaria\/\" \/>\n<meta property=\"og:locale\" content=\"es_ES\" \/>\n<meta property=\"og:type\" content=\"article\" \/>\n<meta property=\"og:title\" content=\"Encuesta del CIS. \u00bfEstamos ante una sociedad totalitaria? - Converses a Catalunya\" \/>\n<meta property=\"og:description\" content=\"El bar\u00f3metro especial sobre el Covid-19 del Centro de Investigaciones Sociol\u00f3gicas (CIS) mueve otra vez a pol\u00e9mica. Una condici\u00f3n esta que parece ligada al centro desde que el dirigente socialista, Jos\u00e9 F\u00e9lix Tezanos, es el m\u00e1ximo responsable. En este caso la pol\u00e9mica surge porque el tipo de preguntas elaboradas aportan un perfil de la sociedad espa\u00f1ola preocupante, ya que contiene muchos de los ingredientes que caracterizan a una sociedad totalitaria. De una forma abrumadora, el 88,5% de las respuestas se\u00f1ala que ante los casos de pandemia es necesario atenerse a lo que digan los expertos, mientras que la otra opci\u00f3n, la de que son los gobiernos quienes han de ser capaces de tomar decisiones por su cuenta, solo tiene un modesto 9,2% de respuestas afirmativas. Otra pregunta con miga: \u00bfcree que en las circunstancias como las actuales los l\u00edderes de la oposici\u00f3n han de dar apoyo al Gobierno?, ofrece dos respuestas. Una es la de dejar las cr\u00edticas para otro momento, y tambi\u00e9n aqu\u00ed la cifra es abrumadora, el 87,8%. Mientras que la otra alternativa, la de continuar haciendo todas las cr\u00edticas que se consideren oportunas, solo recoge un 10%. Y para cerrar el bucle, la pregunta que m\u00e1s preocupaci\u00f3n ha despertado en los medios de comunicaci\u00f3n. Trata sobre las informaciones enga\u00f1osas y la libertad de informaci\u00f3n. De las dos respuestas que se ofrecen, se lleva el gato al agua con el 66,7% de las afirmaciones, nada menos que es la de que es necesario controlar la informaci\u00f3n. As\u00ed, sin m\u00e1s aditamentos. La otra respuesta, que considera que no se debe de restringir la informaci\u00f3n, solo logra el 30,8% de respuestas afirmativas. En definitiva, lo que nos estar\u00eda diciendo la sociedad es que no hay que criticar al poder, al menos mientras dure esta pandemia. \u00bfMueren muchos ancianos en residencias? No importa, hay que callar. \u00bfQu\u00e9 las posiciones cambiantes sobre las mascarillas protectoras, y la falta de ellas a estas alturas es un problema? Qu\u00e9 le vamos a hacer, no se resuelve nada empujando al Gobierno. \u00bfQu\u00e9 Espa\u00f1a es el pa\u00eds del mundo con m\u00e1s muertes en relaci\u00f3n con su poblaci\u00f3n? Ya lo miraremos m\u00e1s adelante. \u00bfEs realmente esta la forma de pensar de la sociedad espa\u00f1ola? Seg\u00fan el CIS, la respuesta es abrumadoramente afirmativa. A\u00f1adamos a esta caracter\u00edstica, que el poder pol\u00edtico, el gobierno ha\u00a0 de controlar la informaci\u00f3n, seguramente porque el ciudadano y la plural opini\u00f3n publicada son incapaces de forjarse un juicio por s\u00ed mismos. Necesitamos ser informativamente guiados porque nosotros mismos carecemos de las condiciones para separar el grano de la paja, el bien del mal. Para redondearlo nada mejor que el gobierno de los expertos. Son estos quienes en condiciones dif\u00edciles como las actuales han tener la \u00faltima palabra. Aquello de que las guerras son demasiado importantes para dejarlas en manos de los militares, seg\u00fan la encuesta de Tezanos, ya no es una verdad como un templo. \u00bfC\u00f3mo llamar\u00edamos a una sociedad en la que no hay que criticar al Gobierno, se ha de controlar la informaci\u00f3n y nos hemos de dejar guiar solo por los expertos, los tecn\u00f3cratas? \u00a0\u00a0La respuesta es obvia. Esta forma de Gobierno se llama franquismo despu\u00e9s del Plan de Estabilizaci\u00f3n. Es el franquismo de los Planes de desarrollo. Tezanos ha descubierto que esta es la creencia profunda de la sociedad espa\u00f1ola. Qu\u00e9 cosas.\" \/>\n<meta property=\"og:url\" content=\"https:\/\/conversesacatalunya.cat\/es\/encuesta-del-cis-estamos-ante-una-sociedad-totalitaria\/\" \/>\n<meta property=\"og:site_name\" content=\"Converses a Catalunya\" \/>\n<meta property=\"article:published_time\" content=\"2020-04-16T10:26:10+00:00\" \/>\n<meta property=\"og:image\" content=\"https:\/\/conversesacatalunya.cat\/wp-content\/uploads\/2020\/04\/tezanos.jpeg\" \/>\n\t<meta property=\"og:image:width\" content=\"945\" \/>\n\t<meta property=\"og:image:height\" content=\"544\" \/>\n\t<meta property=\"og:image:type\" content=\"image\/jpeg\" \/>\n<meta name=\"author\" content=\"conversesacatalunya\" \/>\n<meta name=\"twitter:card\" content=\"summary_large_image\" \/>\n<meta name=\"twitter:label1\" content=\"Escrito por\" \/>\n\t<meta name=\"twitter:data1\" content=\"conversesacatalunya\" \/>\n\t<meta name=\"twitter:label2\" content=\"Tiempo de lectura\" \/>\n\t<meta name=\"twitter:data2\" content=\"3 minutos\" \/>\n<script type=\"application\/ld+json\" class=\"yoast-schema-graph\">{\"@context\":\"https:\/\/schema.org\",\"@graph\":[{\"@type\":\"Article\",\"@id\":\"https:\/\/conversesacatalunya.cat\/es\/encuesta-del-cis-estamos-ante-una-sociedad-totalitaria\/#article\",\"isPartOf\":{\"@id\":\"https:\/\/conversesacatalunya.cat\/es\/encuesta-del-cis-estamos-ante-una-sociedad-totalitaria\/\"},\"author\":{\"name\":\"conversesacatalunya\",\"@id\":\"https:\/\/conversesacatalunya.cat\/#\/schema\/person\/7e24d1e54a2785373ddcb275eae5ed99\"},\"headline\":\"Encuesta del CIS. \u00bfEstamos ante una sociedad totalitaria?\",\"datePublished\":\"2020-04-16T10:26:10+00:00\",\"mainEntityOfPage\":{\"@id\":\"https:\/\/conversesacatalunya.cat\/es\/encuesta-del-cis-estamos-ante-una-sociedad-totalitaria\/\"},\"wordCount\":641,\"commentCount\":0,\"image\":{\"@id\":\"https:\/\/conversesacatalunya.cat\/es\/encuesta-del-cis-estamos-ante-una-sociedad-totalitaria\/#primaryimage\"},\"thumbnailUrl\":\"https:\/\/conversesacatalunya.cat\/wp-content\/uploads\/2020\/04\/tezanos.jpeg\",\"keywords\":[\"CIS\",\"Encuestas\",\"tezanos\"],\"articleSection\":[\"Punts clau del dia (ES)\"],\"inLanguage\":\"es\",\"potentialAction\":[{\"@type\":\"CommentAction\",\"name\":\"Comment\",\"target\":[\"https:\/\/conversesacatalunya.cat\/es\/encuesta-del-cis-estamos-ante-una-sociedad-totalitaria\/#respond\"]}]},{\"@type\":\"WebPage\",\"@id\":\"https:\/\/conversesacatalunya.cat\/es\/encuesta-del-cis-estamos-ante-una-sociedad-totalitaria\/\",\"url\":\"https:\/\/conversesacatalunya.cat\/es\/encuesta-del-cis-estamos-ante-una-sociedad-totalitaria\/\",\"name\":\"Encuesta del CIS. \u00bfEstamos ante una sociedad totalitaria? - Converses a Catalunya\",\"isPartOf\":{\"@id\":\"https:\/\/conversesacatalunya.cat\/#website\"},\"primaryImageOfPage\":{\"@id\":\"https:\/\/conversesacatalunya.cat\/es\/encuesta-del-cis-estamos-ante-una-sociedad-totalitaria\/#primaryimage\"},\"image\":{\"@id\":\"https:\/\/conversesacatalunya.cat\/es\/encuesta-del-cis-estamos-ante-una-sociedad-totalitaria\/#primaryimage\"},\"thumbnailUrl\":\"https:\/\/conversesacatalunya.cat\/wp-content\/uploads\/2020\/04\/tezanos.jpeg\",\"datePublished\":\"2020-04-16T10:26:10+00:00\",\"author\":{\"@id\":\"https:\/\/conversesacatalunya.cat\/#\/schema\/person\/7e24d1e54a2785373ddcb275eae5ed99\"},\"breadcrumb\":{\"@id\":\"https:\/\/conversesacatalunya.cat\/es\/encuesta-del-cis-estamos-ante-una-sociedad-totalitaria\/#breadcrumb\"},\"inLanguage\":\"es\",\"potentialAction\":[{\"@type\":\"ReadAction\",\"target\":[\"https:\/\/conversesacatalunya.cat\/es\/encuesta-del-cis-estamos-ante-una-sociedad-totalitaria\/\"]}]},{\"@type\":\"ImageObject\",\"inLanguage\":\"es\",\"@id\":\"https:\/\/conversesacatalunya.cat\/es\/encuesta-del-cis-estamos-ante-una-sociedad-totalitaria\/#primaryimage\",\"url\":\"https:\/\/conversesacatalunya.cat\/wp-content\/uploads\/2020\/04\/tezanos.jpeg\",\"contentUrl\":\"https:\/\/conversesacatalunya.cat\/wp-content\/uploads\/2020\/04\/tezanos.jpeg\",\"width\":945,\"height\":544,\"caption\":\"GRA277. MADRID, 19\/11\/2013.- Los responsables de varias publicaciones de pensamiento cr\u00edtico con el Gobierno, entre las que se encuentra Temas para el Debate, han denunciado hoy el intento por parte del Ejecutivo de \\\"silenciarlas\\\" al ser excluidas de las ayudas p\u00fablicas, y han anunciado que la revista Temas ma\u00f1ana presentar\u00e1 un recurso. En la imagen, el director de Temas, Jos\u00e9 F\u00e9lix Tezanos, durante la rueda de prensa. EFE\/Zipi\"},{\"@type\":\"BreadcrumbList\",\"@id\":\"https:\/\/conversesacatalunya.cat\/es\/encuesta-del-cis-estamos-ante-una-sociedad-totalitaria\/#breadcrumb\",\"itemListElement\":[{\"@type\":\"ListItem\",\"position\":1,\"name\":\"Inici\",\"item\":\"https:\/\/conversesacatalunya.cat\/es\/\"},{\"@type\":\"ListItem\",\"position\":2,\"name\":\"Encuesta del CIS. \u00bfEstamos ante una sociedad totalitaria?\"}]},{\"@type\":\"WebSite\",\"@id\":\"https:\/\/conversesacatalunya.cat\/#website\",\"url\":\"https:\/\/conversesacatalunya.cat\/\",\"name\":\"Converses a Catalunya\",\"description\":\"\",\"potentialAction\":[{\"@type\":\"SearchAction\",\"target\":{\"@type\":\"EntryPoint\",\"urlTemplate\":\"https:\/\/conversesacatalunya.cat\/?s={search_term_string}\"},\"query-input\":{\"@type\":\"PropertyValueSpecification\",\"valueRequired\":true,\"valueName\":\"search_term_string\"}}],\"inLanguage\":\"es\"},{\"@type\":\"Person\",\"@id\":\"https:\/\/conversesacatalunya.cat\/#\/schema\/person\/7e24d1e54a2785373ddcb275eae5ed99\",\"name\":\"conversesacatalunya\",\"image\":{\"@type\":\"ImageObject\",\"inLanguage\":\"es\",\"@id\":\"https:\/\/conversesacatalunya.cat\/#\/schema\/person\/image\/\",\"url\":\"https:\/\/conversesacatalunya.cat\/wp-content\/litespeed\/avatar\/febdfeeec89d950f01c748045a981dd2.jpg?ver=1776709562\",\"contentUrl\":\"https:\/\/conversesacatalunya.cat\/wp-content\/litespeed\/avatar\/febdfeeec89d950f01c748045a981dd2.jpg?ver=1776709562\",\"caption\":\"conversesacatalunya\"},\"url\":\"https:\/\/conversesacatalunya.cat\/es\/author\/carme_catala\/\"}]}<\/script>\n<!-- \/ Yoast SEO plugin. -->","yoast_head_json":{"title":"Encuesta del CIS. \u00bfEstamos ante una sociedad totalitaria? - Converses a Catalunya","robots":{"index":"index","follow":"follow","max-snippet":"max-snippet:-1","max-image-preview":"max-image-preview:large","max-video-preview":"max-video-preview:-1"},"canonical":"https:\/\/conversesacatalunya.cat\/es\/encuesta-del-cis-estamos-ante-una-sociedad-totalitaria\/","og_locale":"es_ES","og_type":"article","og_title":"Encuesta del CIS. \u00bfEstamos ante una sociedad totalitaria? - Converses a Catalunya","og_description":"El bar\u00f3metro especial sobre el Covid-19 del Centro de Investigaciones Sociol\u00f3gicas (CIS) mueve otra vez a pol\u00e9mica. Una condici\u00f3n esta que parece ligada al centro desde que el dirigente socialista, Jos\u00e9 F\u00e9lix Tezanos, es el m\u00e1ximo responsable. En este caso la pol\u00e9mica surge porque el tipo de preguntas elaboradas aportan un perfil de la sociedad espa\u00f1ola preocupante, ya que contiene muchos de los ingredientes que caracterizan a una sociedad totalitaria. De una forma abrumadora, el 88,5% de las respuestas se\u00f1ala que ante los casos de pandemia es necesario atenerse a lo que digan los expertos, mientras que la otra opci\u00f3n, la de que son los gobiernos quienes han de ser capaces de tomar decisiones por su cuenta, solo tiene un modesto 9,2% de respuestas afirmativas. Otra pregunta con miga: \u00bfcree que en las circunstancias como las actuales los l\u00edderes de la oposici\u00f3n han de dar apoyo al Gobierno?, ofrece dos respuestas. Una es la de dejar las cr\u00edticas para otro momento, y tambi\u00e9n aqu\u00ed la cifra es abrumadora, el 87,8%. Mientras que la otra alternativa, la de continuar haciendo todas las cr\u00edticas que se consideren oportunas, solo recoge un 10%. Y para cerrar el bucle, la pregunta que m\u00e1s preocupaci\u00f3n ha despertado en los medios de comunicaci\u00f3n. Trata sobre las informaciones enga\u00f1osas y la libertad de informaci\u00f3n. De las dos respuestas que se ofrecen, se lleva el gato al agua con el 66,7% de las afirmaciones, nada menos que es la de que es necesario controlar la informaci\u00f3n. As\u00ed, sin m\u00e1s aditamentos. La otra respuesta, que considera que no se debe de restringir la informaci\u00f3n, solo logra el 30,8% de respuestas afirmativas. En definitiva, lo que nos estar\u00eda diciendo la sociedad es que no hay que criticar al poder, al menos mientras dure esta pandemia. \u00bfMueren muchos ancianos en residencias? No importa, hay que callar. \u00bfQu\u00e9 las posiciones cambiantes sobre las mascarillas protectoras, y la falta de ellas a estas alturas es un problema? Qu\u00e9 le vamos a hacer, no se resuelve nada empujando al Gobierno. \u00bfQu\u00e9 Espa\u00f1a es el pa\u00eds del mundo con m\u00e1s muertes en relaci\u00f3n con su poblaci\u00f3n? Ya lo miraremos m\u00e1s adelante. \u00bfEs realmente esta la forma de pensar de la sociedad espa\u00f1ola? Seg\u00fan el CIS, la respuesta es abrumadoramente afirmativa. A\u00f1adamos a esta caracter\u00edstica, que el poder pol\u00edtico, el gobierno ha\u00a0 de controlar la informaci\u00f3n, seguramente porque el ciudadano y la plural opini\u00f3n publicada son incapaces de forjarse un juicio por s\u00ed mismos. Necesitamos ser informativamente guiados porque nosotros mismos carecemos de las condiciones para separar el grano de la paja, el bien del mal. Para redondearlo nada mejor que el gobierno de los expertos. Son estos quienes en condiciones dif\u00edciles como las actuales han tener la \u00faltima palabra. Aquello de que las guerras son demasiado importantes para dejarlas en manos de los militares, seg\u00fan la encuesta de Tezanos, ya no es una verdad como un templo. \u00bfC\u00f3mo llamar\u00edamos a una sociedad en la que no hay que criticar al Gobierno, se ha de controlar la informaci\u00f3n y nos hemos de dejar guiar solo por los expertos, los tecn\u00f3cratas? \u00a0\u00a0La respuesta es obvia. Esta forma de Gobierno se llama franquismo despu\u00e9s del Plan de Estabilizaci\u00f3n. Es el franquismo de los Planes de desarrollo. Tezanos ha descubierto que esta es la creencia profunda de la sociedad espa\u00f1ola. Qu\u00e9 cosas.","og_url":"https:\/\/conversesacatalunya.cat\/es\/encuesta-del-cis-estamos-ante-una-sociedad-totalitaria\/","og_site_name":"Converses a Catalunya","article_published_time":"2020-04-16T10:26:10+00:00","og_image":[{"width":945,"height":544,"url":"https:\/\/conversesacatalunya.cat\/wp-content\/uploads\/2020\/04\/tezanos.jpeg","type":"image\/jpeg"}],"author":"conversesacatalunya","twitter_card":"summary_large_image","twitter_misc":{"Escrito por":"conversesacatalunya","Tiempo de lectura":"3 minutos"},"schema":{"@context":"https:\/\/schema.org","@graph":[{"@type":"Article","@id":"https:\/\/conversesacatalunya.cat\/es\/encuesta-del-cis-estamos-ante-una-sociedad-totalitaria\/#article","isPartOf":{"@id":"https:\/\/conversesacatalunya.cat\/es\/encuesta-del-cis-estamos-ante-una-sociedad-totalitaria\/"},"author":{"name":"conversesacatalunya","@id":"https:\/\/conversesacatalunya.cat\/#\/schema\/person\/7e24d1e54a2785373ddcb275eae5ed99"},"headline":"Encuesta del CIS. \u00bfEstamos ante una sociedad totalitaria?","datePublished":"2020-04-16T10:26:10+00:00","mainEntityOfPage":{"@id":"https:\/\/conversesacatalunya.cat\/es\/encuesta-del-cis-estamos-ante-una-sociedad-totalitaria\/"},"wordCount":641,"commentCount":0,"image":{"@id":"https:\/\/conversesacatalunya.cat\/es\/encuesta-del-cis-estamos-ante-una-sociedad-totalitaria\/#primaryimage"},"thumbnailUrl":"https:\/\/conversesacatalunya.cat\/wp-content\/uploads\/2020\/04\/tezanos.jpeg","keywords":["CIS","Encuestas","tezanos"],"articleSection":["Punts clau del dia (ES)"],"inLanguage":"es","potentialAction":[{"@type":"CommentAction","name":"Comment","target":["https:\/\/conversesacatalunya.cat\/es\/encuesta-del-cis-estamos-ante-una-sociedad-totalitaria\/#respond"]}]},{"@type":"WebPage","@id":"https:\/\/conversesacatalunya.cat\/es\/encuesta-del-cis-estamos-ante-una-sociedad-totalitaria\/","url":"https:\/\/conversesacatalunya.cat\/es\/encuesta-del-cis-estamos-ante-una-sociedad-totalitaria\/","name":"Encuesta del CIS. \u00bfEstamos ante una sociedad totalitaria? - Converses a Catalunya","isPartOf":{"@id":"https:\/\/conversesacatalunya.cat\/#website"},"primaryImageOfPage":{"@id":"https:\/\/conversesacatalunya.cat\/es\/encuesta-del-cis-estamos-ante-una-sociedad-totalitaria\/#primaryimage"},"image":{"@id":"https:\/\/conversesacatalunya.cat\/es\/encuesta-del-cis-estamos-ante-una-sociedad-totalitaria\/#primaryimage"},"thumbnailUrl":"https:\/\/conversesacatalunya.cat\/wp-content\/uploads\/2020\/04\/tezanos.jpeg","datePublished":"2020-04-16T10:26:10+00:00","author":{"@id":"https:\/\/conversesacatalunya.cat\/#\/schema\/person\/7e24d1e54a2785373ddcb275eae5ed99"},"breadcrumb":{"@id":"https:\/\/conversesacatalunya.cat\/es\/encuesta-del-cis-estamos-ante-una-sociedad-totalitaria\/#breadcrumb"},"inLanguage":"es","potentialAction":[{"@type":"ReadAction","target":["https:\/\/conversesacatalunya.cat\/es\/encuesta-del-cis-estamos-ante-una-sociedad-totalitaria\/"]}]},{"@type":"ImageObject","inLanguage":"es","@id":"https:\/\/conversesacatalunya.cat\/es\/encuesta-del-cis-estamos-ante-una-sociedad-totalitaria\/#primaryimage","url":"https:\/\/conversesacatalunya.cat\/wp-content\/uploads\/2020\/04\/tezanos.jpeg","contentUrl":"https:\/\/conversesacatalunya.cat\/wp-content\/uploads\/2020\/04\/tezanos.jpeg","width":945,"height":544,"caption":"GRA277. MADRID, 19\/11\/2013.- Los responsables de varias publicaciones de pensamiento cr\u00edtico con el Gobierno, entre las que se encuentra Temas para el Debate, han denunciado hoy el intento por parte del Ejecutivo de \"silenciarlas\" al ser excluidas de las ayudas p\u00fablicas, y han anunciado que la revista Temas ma\u00f1ana presentar\u00e1 un recurso. En la imagen, el director de Temas, Jos\u00e9 F\u00e9lix Tezanos, durante la rueda de prensa. EFE\/Zipi"},{"@type":"BreadcrumbList","@id":"https:\/\/conversesacatalunya.cat\/es\/encuesta-del-cis-estamos-ante-una-sociedad-totalitaria\/#breadcrumb","itemListElement":[{"@type":"ListItem","position":1,"name":"Inici","item":"https:\/\/conversesacatalunya.cat\/es\/"},{"@type":"ListItem","position":2,"name":"Encuesta del CIS. \u00bfEstamos ante una sociedad totalitaria?"}]},{"@type":"WebSite","@id":"https:\/\/conversesacatalunya.cat\/#website","url":"https:\/\/conversesacatalunya.cat\/","name":"Converses a Catalunya","description":"","potentialAction":[{"@type":"SearchAction","target":{"@type":"EntryPoint","urlTemplate":"https:\/\/conversesacatalunya.cat\/?s={search_term_string}"},"query-input":{"@type":"PropertyValueSpecification","valueRequired":true,"valueName":"search_term_string"}}],"inLanguage":"es"},{"@type":"Person","@id":"https:\/\/conversesacatalunya.cat\/#\/schema\/person\/7e24d1e54a2785373ddcb275eae5ed99","name":"conversesacatalunya","image":{"@type":"ImageObject","inLanguage":"es","@id":"https:\/\/conversesacatalunya.cat\/#\/schema\/person\/image\/","url":"https:\/\/conversesacatalunya.cat\/wp-content\/litespeed\/avatar\/febdfeeec89d950f01c748045a981dd2.jpg?ver=1776709562","contentUrl":"https:\/\/conversesacatalunya.cat\/wp-content\/litespeed\/avatar\/febdfeeec89d950f01c748045a981dd2.jpg?ver=1776709562","caption":"conversesacatalunya"},"url":"https:\/\/conversesacatalunya.cat\/es\/author\/carme_catala\/"}]}},"wps_subtitle":"","_links":{"self":[{"href":"https:\/\/conversesacatalunya.cat\/es\/wp-json\/wp\/v2\/posts\/35034","targetHints":{"allow":["GET"]}}],"collection":[{"href":"https:\/\/conversesacatalunya.cat\/es\/wp-json\/wp\/v2\/posts"}],"about":[{"href":"https:\/\/conversesacatalunya.cat\/es\/wp-json\/wp\/v2\/types\/post"}],"author":[{"embeddable":true,"href":"https:\/\/conversesacatalunya.cat\/es\/wp-json\/wp\/v2\/users\/2"}],"replies":[{"embeddable":true,"href":"https:\/\/conversesacatalunya.cat\/es\/wp-json\/wp\/v2\/comments?post=35034"}],"version-history":[{"count":2,"href":"https:\/\/conversesacatalunya.cat\/es\/wp-json\/wp\/v2\/posts\/35034\/revisions"}],"predecessor-version":[{"id":35043,"href":"https:\/\/conversesacatalunya.cat\/es\/wp-json\/wp\/v2\/posts\/35034\/revisions\/35043"}],"wp:featuredmedia":[{"embeddable":true,"href":"https:\/\/conversesacatalunya.cat\/es\/wp-json\/wp\/v2\/media\/35035"}],"wp:attachment":[{"href":"https:\/\/conversesacatalunya.cat\/es\/wp-json\/wp\/v2\/media?parent=35034"}],"wp:term":[{"taxonomy":"category","embeddable":true,"href":"https:\/\/conversesacatalunya.cat\/es\/wp-json\/wp\/v2\/categories?post=35034"},{"taxonomy":"post_tag","embeddable":true,"href":"https:\/\/conversesacatalunya.cat\/es\/wp-json\/wp\/v2\/tags?post=35034"}],"curies":[{"name":"wp","href":"https:\/\/api.w.org\/{rel}","templated":true}]}}