{"id":35005,"date":"2020-04-15T13:21:57","date_gmt":"2020-04-15T11:21:57","guid":{"rendered":"https:\/\/conversesacatalunya.cat\/?p=35005"},"modified":"2020-04-15T13:21:57","modified_gmt":"2020-04-15T11:21:57","slug":"explosivo-articulo-de-oriol-junqueras-o-un-mundo-dividido-entre-buenos-y-malos","status":"publish","type":"post","link":"https:\/\/conversesacatalunya.cat\/es\/explosivo-articulo-de-oriol-junqueras-o-un-mundo-dividido-entre-buenos-y-malos\/","title":{"rendered":"Explosivo art\u00edculo de Oriol Junqueras, o un mundo dividido entre \u201cbuenos\u201d y \u201cmalos\u201d"},"content":{"rendered":"<p>Oriol Junqueras comienza su art\u00edculo, publicado el d\u00eda 14 en La Vanguardia, con el t\u00edtulo \u201cConstruyamos la Catalu\u00f1a del bien com\u00fan\u201d, con una frase impropia de un historiador como es \u00e9l. \u201c<strong><em>Construir una Rep\u00fablica catalana<\/em><\/strong><em>\u2026 este ha sido y es nuestro objetivo pol\u00edtico desde hace 89 a\u00f1os. El 14 de abril de 1931 y el 14 de abril de 2020<\/em>\u201c.<\/p>\n<p>Hay que decir de buen principio que esto no es exacto. Esquerra Republicana no se planteaba la independencia de Catalu\u00f1a, por tanto, de un estado catal\u00e1n que pudiera ser rep\u00fablica, sino la Rep\u00fablica espa\u00f1ola, por eso form\u00f3 parte de sus gobiernos, y por esta raz\u00f3n se produjo el desgraciado <strong>6 de Octubre de 1934<\/strong>, un intento ileg\u00edtimo de derrocar al Gobierno republicano elegido, mediante una insurrecci\u00f3n te\u00f3ricamente liderada por el PSOE y la UGT, pero que en la pr\u00e1ctica solamente fue seguida en Asturias, y en el caso concreto de Catalu\u00f1a, fue el presidente de la Generalitat, Llu\u00eds Companys, quien lo protagoniz\u00f3, declarando <strong>el Estado Catal\u00e1n de la Rep\u00fablica Federal Espa\u00f1ola. <\/strong><\/p>\n<p>Es un hecho evidente que Esquerra Republicana no ha sido independentista hasta fechas relativamente recientes, concretamente cuando <a href=\"https:\/\/es.wikipedia.org\/wiki\/%C3%81ngel_Colom\" target=\"_blank\" rel=\"noopener noreferrer\">\u00c0ngel Colom<\/a>, alcanz\u00f3 la secretar\u00eda general, despu\u00e9s de una importante entrada de personas procedentes del movimiento que \u00e9l lideraba, \u201cLa Crida\u201d. <strong>Esto fue en 1989, <\/strong>que queda bastante lejos de 1931.<\/p>\n<p>A partir de la alteraci\u00f3n hist\u00f3rica, el art\u00edculo tiene una serie de afirmaciones que cuestionan seriamente el rigor pol\u00edtico que muchos hemos atribuido a Junqueras. Parte de la tesis de que en la actual pandemia el \u201c<em>Estado espa\u00f1ol no sirve para la ciudadan\u00eda de nuestro pa\u00eds\u201d. <\/em>Lo califica de<em> \u201clento en la reacci\u00f3n, centralista, <strong>nacionalista<\/strong>, militarista, oligopolista, y desesperadamente ineficiente\u201d.<\/em> Lo acusa de que no gestiona la crisis<em> \u201cCon el objetivo principal de hacer frente a la crisis sanitaria, sino desde la propaganda, la bandera y la construcci\u00f3n de un nuevo remiendo para salvar al r\u00e9gimen como ya se hizo en 1977<\/em>\u201d.<\/p>\n<p>Se puede compartir, con menos dureza y parcialmente, la cr\u00edtica de Junqueras, concretamente la escasa eficacia, y la tendencia a confundir la gesti\u00f3n pol\u00edtica con la publicidad, pero tiene delito acusar <strong>de nacionalistas y militaristas a S\u00e1nchez e Iglesias<\/strong>, solo porque el ej\u00e9rcito contribuya con sus medios a la lucha contra la pandemia. \u00bfQu\u00e9 quer\u00eda tener encerrados sus recursos en los cuarteles mientras la gente se muere? <strong>Si S\u00e1nchez es nacionalista, \u00bfqu\u00e9 debe ser Torra?<\/strong> Presentar los pactos de la Moncloa como un remiendo, cuando fueron b\u00e1sicos para la transici\u00f3n democr\u00e1tica de este pa\u00eds, es una frivolidad, una vez m\u00e1s impropia de un historiador, y cercana al pol\u00edtico imprudente que empuj\u00f3 a Puigdemont, en una noche fat\u00eddica, a una rid\u00edcula <strong>no proclamaci\u00f3n de independencia<\/strong>, que solo ha servido para que el propio Junqueras y sus compa\u00f1eros de prisi\u00f3n sufrieran un trato penal excesivo e injustificado.<\/p>\n<p>Con este art\u00edculo encima de la mesa es evidente que ERC <strong>no puede apoyar el pacto de Estado<\/strong> que persigue S\u00e1nchez, y ni tan siquiera facilitar los presupuestos con su abstenci\u00f3n que prolongar\u00edan la vida a un gobierno nacionalista, militarista y olig\u00e1rquico. \u00bfVa en serio Junqueras con todo esto, o es una simple amenaza para conseguir un trato mejor? Algo que necesariamente ya deber\u00eda haberse producido. \u00bfVa a cambiar de carril en plena crisis y superar a Puigdemont en una carrera hacia ninguna parte?<\/p>\n<p>Pero con ser pol\u00edticamente sustancioso todo esto, lo que alcanza niveles de <em>fantas\u00eda pol\u00edtica<\/em> es la contraposici\u00f3n que hace con el gobierno de la Generalitat, portador de todas las excelencias en la pandemia de SAR Covid 2. La frase es fant\u00e1stica: \u201c<em>El Govern estaba liderando y mostrando una vez m\u00e1s su <strong>eficiencia<\/strong> y <strong>solvencia<\/strong>, en especial los departamentos m\u00e1s estrechamente impactados por la pandemia<\/em>\u201d.<\/p>\n<p>Es dif\u00edcil, a partir de estas afirmaciones, considerar que Junqueras es un <strong>pol\u00edtico cre\u00edble<\/strong>, cuando es una evidencia que muestran las cifras y los resultados, que la gesti\u00f3n del Gobierno de la Generalitat, incluso ha superado en sus deficiencias al espa\u00f1ol. Empez\u00f3 con el <a href=\"https:\/\/conversesacatalunya.cat\/es\/igualada-dues-setmanes-de-confinament\/\">confinamiento de Igualada<\/a> y las poblaciones del entorno, sin antes dotarlos de los recursos necesarios, sobre todo cuando el principal foco de contagio era el propio hospital comarcal. El resultado ha sido que en este territorio el n\u00famero de muertos por mill\u00f3n de habitantes, es la forma m\u00e1s clara de ver el impacto de la pandemia, es de los m\u00e1s elevados de Europa.<\/p>\n<p><a href=\"https:\/\/conversesacatalunya.cat\/es\/cataluna-supera-a-espana-en-muertos-por-coronavirus\/\">Catalu\u00f1a supera al conjunto de Espa\u00f1a<\/a> en n\u00famero de muertos en relaci\u00f3n con su poblaci\u00f3n, otra cifra desastre. Las <a href=\"https:\/\/conversesacatalunya.cat\/es\/el-escandalo-de-las-muertes-no-contabilizadas-en-las-residencias-de-ancianos\/\">defunciones de los ancianos en las residencias catalanas<\/a> significan m\u00e1s del 25% del total de muertes de estas caracter\u00edsticas de toda Espa\u00f1a, cuando la poblaci\u00f3n de Catalu\u00f1a es el 16% y el porcentaje de personas mayores de 75 a\u00f1os es incluso menor.<\/p>\n<p>El <strong>Servicio de Emergencias M\u00e9dicas de la Generalitat de Catalu\u00f1a (SEM)<\/strong> es el \u00fanico que ha tenido la desverg\u00fcenza de presentar por escrito la <a href=\"http:\/\/e-cristians.cat\/crida-a-la-societat-la-tragica-situacio-de-les-persones-de-mes-edat-en-el-sistema-sanitari-de-catalunya\/\" target=\"_blank\" rel=\"noopener noreferrer\">negaci\u00f3n del auxilio de los respiradores a los mayores de 75 a\u00f1os<\/a>, aunque no presentaran patolog\u00edas graves, y sus condiciones f\u00edsicas previas al contagio fueran buenas. Ha tenido la hipocres\u00eda de argumentar c\u00f3mo se deb\u00eda \u00abvender\u00bb a los ancianos las causas para no trasladarlos al hospital.<\/p>\n<p>El propio presidente de la Generalitat ha <strong>desautorizado al consejero de Trabajo y Servicios<\/strong> <strong>Sociales<\/strong> de Esquerra Republicana, arranc\u00e1ndole de su competencia las residencias de las personas mayores, a causa de su nefasta gesti\u00f3n. Asimismo ha creado su propio grupo de expertos para dirigir el desconfinamiento, al margen de la direcci\u00f3n del Departamento de Sanidad de Alba Verg\u00e9s, tambi\u00e9n de Esquerra. Se han hecho anuncios sobre la dotaci\u00f3n de medios a la ciudadan\u00eda, concretamente las mascarillas, que despu\u00e9s se han tenido que rectificar porque no respond\u00edan a la realidad.<\/p>\n<p>En fin, la lista es muy larga. Valgan estos ejemplos concretos para ilustrar la ceguera pol\u00edtica de Junqueras, o si quiere ser m\u00e1s complaciente, d\u00e9ficit informativo que padece que le impide tener una composici\u00f3n m\u00ednimamente aceptable de la realidad de Catalu\u00f1a y de su Gobierno.<\/p>\n<p style=\"text-align: center;\"><strong>M\u00e1s informaci\u00f3n sobre el coronavirus en <a href=\"https:\/\/conversesacatalunya.cat\/es\/coronavirus\/\">ESPECIAL CORONAVIRUS<\/a><\/strong><\/p>\n<span class='bctt-click-to-tweet'><span class='bctt-ctt-text'><a href='https:\/\/twitter.com\/intent\/tweet?url=https%3A%2F%2Fconversesacatalunya.cat%2Fes%2Fexplosivo-articulo-de-oriol-junqueras-o-un-mundo-dividido-entre-buenos-y-malos%2F&#038;text=ERC%20no%20puede%20apoyar%20el%20pacto%20de%20Estado%20que%20persigue%20S%C3%A1nchez%2C%20y%20ni%20tan%20siquiera%20facilitar%20los%20presupuestos%20con%20su%20abstenci%C3%B3n&#038;via=conversesacat&#038;related=conversesacat' target='_blank'rel=\"noopener noreferrer\">ERC no puede apoyar el pacto de Estado que persigue S\u00e1nchez, y ni tan siquiera facilitar los presupuestos con su abstenci\u00f3n <\/a><\/span><a href='https:\/\/twitter.com\/intent\/tweet?url=https%3A%2F%2Fconversesacatalunya.cat%2Fes%2Fexplosivo-articulo-de-oriol-junqueras-o-un-mundo-dividido-entre-buenos-y-malos%2F&#038;text=ERC%20no%20puede%20apoyar%20el%20pacto%20de%20Estado%20que%20persigue%20S%C3%A1nchez%2C%20y%20ni%20tan%20siquiera%20facilitar%20los%20presupuestos%20con%20su%20abstenci%C3%B3n&#038;via=conversesacat&#038;related=conversesacat' target='_blank' class='bctt-ctt-btn'rel=\"noopener noreferrer\">Compartir en X<\/a><\/span>\n","protected":false},"excerpt":{"rendered":"<p>Oriol Junqueras comienza su art\u00edculo, publicado el d\u00eda 14 en La Vanguardia, con el t\u00edtulo \u201cConstruyamos la Catalu\u00f1a del bien com\u00fan\u201d, con una frase impropia de un historiador como es \u00e9l. \u201cConstruir una Rep\u00fablica catalana\u2026 este ha sido y es nuestro objetivo pol\u00edtico desde hace 89 a\u00f1os. El 14 de abril de 1931 y el 14 de abril de 2020\u201c. Hay que decir de buen principio que esto no es exacto. Esquerra Republicana no se planteaba la independencia de Catalu\u00f1a, por tanto, de un estado catal\u00e1n que pudiera ser rep\u00fablica, sino la Rep\u00fablica espa\u00f1ola, por eso form\u00f3 parte de sus gobiernos, y por esta raz\u00f3n se produjo el desgraciado 6 de Octubre de 1934, un intento ileg\u00edtimo de derrocar al Gobierno republicano elegido, mediante una insurrecci\u00f3n te\u00f3ricamente liderada por el PSOE y la UGT, pero que en la pr\u00e1ctica solamente fue seguida en Asturias, y en el caso concreto de Catalu\u00f1a, fue el presidente de la Generalitat, Llu\u00eds Companys, quien lo protagoniz\u00f3, declarando el Estado Catal\u00e1n de la Rep\u00fablica Federal Espa\u00f1ola. Es un hecho evidente que Esquerra Republicana no ha sido independentista hasta fechas relativamente recientes, concretamente cuando \u00c0ngel Colom, alcanz\u00f3 la secretar\u00eda general, despu\u00e9s de una importante entrada de personas procedentes del movimiento que \u00e9l lideraba, \u201cLa Crida\u201d. Esto fue en 1989, que queda bastante lejos de 1931. A partir de la alteraci\u00f3n hist\u00f3rica, el art\u00edculo tiene una serie de afirmaciones que cuestionan seriamente el rigor pol\u00edtico que muchos hemos atribuido a Junqueras. Parte de la tesis de que en la actual pandemia el \u201cEstado espa\u00f1ol no sirve para la ciudadan\u00eda de nuestro pa\u00eds\u201d. Lo califica de \u201clento en la reacci\u00f3n, centralista, nacionalista, militarista, oligopolista, y desesperadamente ineficiente\u201d. Lo acusa de que no gestiona la crisis \u201cCon el objetivo principal de hacer frente a la crisis sanitaria, sino desde la propaganda, la bandera y la construcci\u00f3n de un nuevo remiendo para salvar al r\u00e9gimen como ya se hizo en 1977\u201d. Se puede compartir, con menos dureza y parcialmente, la cr\u00edtica de Junqueras, concretamente la escasa eficacia, y la tendencia a confundir la gesti\u00f3n pol\u00edtica con la publicidad, pero tiene delito acusar de nacionalistas y militaristas a S\u00e1nchez e Iglesias, solo porque el ej\u00e9rcito contribuya con sus medios a la lucha contra la pandemia. \u00bfQu\u00e9 quer\u00eda tener encerrados sus recursos en los cuarteles mientras la gente se muere? Si S\u00e1nchez es nacionalista, \u00bfqu\u00e9 debe ser Torra? Presentar los pactos de la Moncloa como un remiendo, cuando fueron b\u00e1sicos para la transici\u00f3n democr\u00e1tica de este pa\u00eds, es una frivolidad, una vez m\u00e1s impropia de un historiador, y cercana al pol\u00edtico imprudente que empuj\u00f3 a Puigdemont, en una noche fat\u00eddica, a una rid\u00edcula no proclamaci\u00f3n de independencia, que solo ha servido para que el propio Junqueras y sus compa\u00f1eros de prisi\u00f3n sufrieran un trato penal excesivo e injustificado. Con este art\u00edculo encima de la mesa es evidente que ERC no puede apoyar el pacto de Estado que persigue S\u00e1nchez, y ni tan siquiera facilitar los presupuestos con su abstenci\u00f3n que prolongar\u00edan la vida a un gobierno nacionalista, militarista y olig\u00e1rquico. \u00bfVa en serio Junqueras con todo esto, o es una simple amenaza para conseguir un trato mejor? Algo que necesariamente ya deber\u00eda haberse producido. \u00bfVa a cambiar de carril en plena crisis y superar a Puigdemont en una carrera hacia ninguna parte? Pero con ser pol\u00edticamente sustancioso todo esto, lo que alcanza niveles de fantas\u00eda pol\u00edtica es la contraposici\u00f3n que hace con el gobierno de la Generalitat, portador de todas las excelencias en la pandemia de SAR Covid 2. La frase es fant\u00e1stica: \u201cEl Govern estaba liderando y mostrando una vez m\u00e1s su eficiencia y solvencia, en especial los departamentos m\u00e1s estrechamente impactados por la pandemia\u201d. Es dif\u00edcil, a partir de estas afirmaciones, considerar que Junqueras es un pol\u00edtico cre\u00edble, cuando es una evidencia que muestran las cifras y los resultados, que la gesti\u00f3n del Gobierno de la Generalitat, incluso ha superado en sus deficiencias al espa\u00f1ol. Empez\u00f3 con el confinamiento de Igualada y las poblaciones del entorno, sin antes dotarlos de los recursos necesarios, sobre todo cuando el principal foco de contagio era el propio hospital comarcal. El resultado ha sido que en este territorio el n\u00famero de muertos por mill\u00f3n de habitantes, es la forma m\u00e1s clara de ver el impacto de la pandemia, es de los m\u00e1s elevados de Europa. Catalu\u00f1a supera al conjunto de Espa\u00f1a en n\u00famero de muertos en relaci\u00f3n con su poblaci\u00f3n, otra cifra desastre. Las defunciones de los ancianos en las residencias catalanas significan m\u00e1s del 25% del total de muertes de estas caracter\u00edsticas de toda Espa\u00f1a, cuando la poblaci\u00f3n de Catalu\u00f1a es el 16% y el porcentaje de personas mayores de 75 a\u00f1os es incluso menor. El Servicio de Emergencias M\u00e9dicas de la Generalitat de Catalu\u00f1a (SEM) es el \u00fanico que ha tenido la desverg\u00fcenza de presentar por escrito la negaci\u00f3n del auxilio de los respiradores a los mayores de 75 a\u00f1os, aunque no presentaran patolog\u00edas graves, y sus condiciones f\u00edsicas previas al contagio fueran buenas. Ha tenido la hipocres\u00eda de argumentar c\u00f3mo se deb\u00eda \u00abvender\u00bb a los ancianos las causas para no trasladarlos al hospital. El propio presidente de la Generalitat ha desautorizado al consejero de Trabajo y Servicios Sociales de Esquerra Republicana, arranc\u00e1ndole de su competencia las residencias de las personas mayores, a causa de su nefasta gesti\u00f3n. Asimismo ha creado su propio grupo de expertos para dirigir el desconfinamiento, al margen de la direcci\u00f3n del Departamento de Sanidad de Alba Verg\u00e9s, tambi\u00e9n de Esquerra. Se han hecho anuncios sobre la dotaci\u00f3n de medios a la ciudadan\u00eda, concretamente las mascarillas, que despu\u00e9s se han tenido que rectificar porque no respond\u00edan a la realidad. En fin, la lista es muy larga. Valgan estos ejemplos concretos para ilustrar la ceguera pol\u00edtica de Junqueras, o si quiere ser m\u00e1s complaciente, d\u00e9ficit informativo que padece que le impide tener una composici\u00f3n m\u00ednimamente aceptable de la realidad de Catalu\u00f1a y de su Gobierno. M\u00e1s informaci\u00f3n sobre el coronavirus en ESPECIAL CORONAVIRUS<\/p>\n","protected":false},"author":2,"featured_media":35007,"comment_status":"open","ping_status":"open","sticky":false,"template":"","format":"standard","meta":{"_FSMCFIC_featured_image_caption":"","_FSMCFIC_featured_image_nocaption":"","_FSMCFIC_featured_image_hide":"","footnotes":""},"categories":[806],"tags":[1504,1131],"class_list":["post-35005","post","type-post","status-publish","format-standard","has-post-thumbnail","hentry","category-punts-claus-del-dia-es","tag-coronavirus-es","tag-oriol-junqueras-es"],"yoast_head":"<!-- This site is optimized with the Yoast SEO plugin v26.8 - https:\/\/yoast.com\/product\/yoast-seo-wordpress\/ -->\n<title>Explosivo art\u00edculo de Oriol Junqueras, o un mundo dividido entre \u201cbuenos\u201d y \u201cmalos\u201d - Converses a Catalunya<\/title>\n<meta name=\"robots\" content=\"index, follow, max-snippet:-1, max-image-preview:large, max-video-preview:-1\" \/>\n<link rel=\"canonical\" href=\"https:\/\/conversesacatalunya.cat\/es\/explosivo-articulo-de-oriol-junqueras-o-un-mundo-dividido-entre-buenos-y-malos\/\" \/>\n<meta property=\"og:locale\" content=\"es_ES\" \/>\n<meta property=\"og:type\" content=\"article\" \/>\n<meta property=\"og:title\" content=\"Explosivo art\u00edculo de Oriol Junqueras, o un mundo dividido entre \u201cbuenos\u201d y \u201cmalos\u201d - Converses a Catalunya\" \/>\n<meta property=\"og:description\" content=\"Oriol Junqueras comienza su art\u00edculo, publicado el d\u00eda 14 en La Vanguardia, con el t\u00edtulo \u201cConstruyamos la Catalu\u00f1a del bien com\u00fan\u201d, con una frase impropia de un historiador como es \u00e9l. \u201cConstruir una Rep\u00fablica catalana\u2026 este ha sido y es nuestro objetivo pol\u00edtico desde hace 89 a\u00f1os. El 14 de abril de 1931 y el 14 de abril de 2020\u201c. Hay que decir de buen principio que esto no es exacto. Esquerra Republicana no se planteaba la independencia de Catalu\u00f1a, por tanto, de un estado catal\u00e1n que pudiera ser rep\u00fablica, sino la Rep\u00fablica espa\u00f1ola, por eso form\u00f3 parte de sus gobiernos, y por esta raz\u00f3n se produjo el desgraciado 6 de Octubre de 1934, un intento ileg\u00edtimo de derrocar al Gobierno republicano elegido, mediante una insurrecci\u00f3n te\u00f3ricamente liderada por el PSOE y la UGT, pero que en la pr\u00e1ctica solamente fue seguida en Asturias, y en el caso concreto de Catalu\u00f1a, fue el presidente de la Generalitat, Llu\u00eds Companys, quien lo protagoniz\u00f3, declarando el Estado Catal\u00e1n de la Rep\u00fablica Federal Espa\u00f1ola. Es un hecho evidente que Esquerra Republicana no ha sido independentista hasta fechas relativamente recientes, concretamente cuando \u00c0ngel Colom, alcanz\u00f3 la secretar\u00eda general, despu\u00e9s de una importante entrada de personas procedentes del movimiento que \u00e9l lideraba, \u201cLa Crida\u201d. Esto fue en 1989, que queda bastante lejos de 1931. A partir de la alteraci\u00f3n hist\u00f3rica, el art\u00edculo tiene una serie de afirmaciones que cuestionan seriamente el rigor pol\u00edtico que muchos hemos atribuido a Junqueras. Parte de la tesis de que en la actual pandemia el \u201cEstado espa\u00f1ol no sirve para la ciudadan\u00eda de nuestro pa\u00eds\u201d. Lo califica de \u201clento en la reacci\u00f3n, centralista, nacionalista, militarista, oligopolista, y desesperadamente ineficiente\u201d. Lo acusa de que no gestiona la crisis \u201cCon el objetivo principal de hacer frente a la crisis sanitaria, sino desde la propaganda, la bandera y la construcci\u00f3n de un nuevo remiendo para salvar al r\u00e9gimen como ya se hizo en 1977\u201d. Se puede compartir, con menos dureza y parcialmente, la cr\u00edtica de Junqueras, concretamente la escasa eficacia, y la tendencia a confundir la gesti\u00f3n pol\u00edtica con la publicidad, pero tiene delito acusar de nacionalistas y militaristas a S\u00e1nchez e Iglesias, solo porque el ej\u00e9rcito contribuya con sus medios a la lucha contra la pandemia. \u00bfQu\u00e9 quer\u00eda tener encerrados sus recursos en los cuarteles mientras la gente se muere? Si S\u00e1nchez es nacionalista, \u00bfqu\u00e9 debe ser Torra? Presentar los pactos de la Moncloa como un remiendo, cuando fueron b\u00e1sicos para la transici\u00f3n democr\u00e1tica de este pa\u00eds, es una frivolidad, una vez m\u00e1s impropia de un historiador, y cercana al pol\u00edtico imprudente que empuj\u00f3 a Puigdemont, en una noche fat\u00eddica, a una rid\u00edcula no proclamaci\u00f3n de independencia, que solo ha servido para que el propio Junqueras y sus compa\u00f1eros de prisi\u00f3n sufrieran un trato penal excesivo e injustificado. Con este art\u00edculo encima de la mesa es evidente que ERC no puede apoyar el pacto de Estado que persigue S\u00e1nchez, y ni tan siquiera facilitar los presupuestos con su abstenci\u00f3n que prolongar\u00edan la vida a un gobierno nacionalista, militarista y olig\u00e1rquico. \u00bfVa en serio Junqueras con todo esto, o es una simple amenaza para conseguir un trato mejor? Algo que necesariamente ya deber\u00eda haberse producido. \u00bfVa a cambiar de carril en plena crisis y superar a Puigdemont en una carrera hacia ninguna parte? Pero con ser pol\u00edticamente sustancioso todo esto, lo que alcanza niveles de fantas\u00eda pol\u00edtica es la contraposici\u00f3n que hace con el gobierno de la Generalitat, portador de todas las excelencias en la pandemia de SAR Covid 2. La frase es fant\u00e1stica: \u201cEl Govern estaba liderando y mostrando una vez m\u00e1s su eficiencia y solvencia, en especial los departamentos m\u00e1s estrechamente impactados por la pandemia\u201d. Es dif\u00edcil, a partir de estas afirmaciones, considerar que Junqueras es un pol\u00edtico cre\u00edble, cuando es una evidencia que muestran las cifras y los resultados, que la gesti\u00f3n del Gobierno de la Generalitat, incluso ha superado en sus deficiencias al espa\u00f1ol. Empez\u00f3 con el confinamiento de Igualada y las poblaciones del entorno, sin antes dotarlos de los recursos necesarios, sobre todo cuando el principal foco de contagio era el propio hospital comarcal. El resultado ha sido que en este territorio el n\u00famero de muertos por mill\u00f3n de habitantes, es la forma m\u00e1s clara de ver el impacto de la pandemia, es de los m\u00e1s elevados de Europa. Catalu\u00f1a supera al conjunto de Espa\u00f1a en n\u00famero de muertos en relaci\u00f3n con su poblaci\u00f3n, otra cifra desastre. Las defunciones de los ancianos en las residencias catalanas significan m\u00e1s del 25% del total de muertes de estas caracter\u00edsticas de toda Espa\u00f1a, cuando la poblaci\u00f3n de Catalu\u00f1a es el 16% y el porcentaje de personas mayores de 75 a\u00f1os es incluso menor. El Servicio de Emergencias M\u00e9dicas de la Generalitat de Catalu\u00f1a (SEM) es el \u00fanico que ha tenido la desverg\u00fcenza de presentar por escrito la negaci\u00f3n del auxilio de los respiradores a los mayores de 75 a\u00f1os, aunque no presentaran patolog\u00edas graves, y sus condiciones f\u00edsicas previas al contagio fueran buenas. Ha tenido la hipocres\u00eda de argumentar c\u00f3mo se deb\u00eda \u00abvender\u00bb a los ancianos las causas para no trasladarlos al hospital. El propio presidente de la Generalitat ha desautorizado al consejero de Trabajo y Servicios Sociales de Esquerra Republicana, arranc\u00e1ndole de su competencia las residencias de las personas mayores, a causa de su nefasta gesti\u00f3n. Asimismo ha creado su propio grupo de expertos para dirigir el desconfinamiento, al margen de la direcci\u00f3n del Departamento de Sanidad de Alba Verg\u00e9s, tambi\u00e9n de Esquerra. Se han hecho anuncios sobre la dotaci\u00f3n de medios a la ciudadan\u00eda, concretamente las mascarillas, que despu\u00e9s se han tenido que rectificar porque no respond\u00edan a la realidad. En fin, la lista es muy larga. Valgan estos ejemplos concretos para ilustrar la ceguera pol\u00edtica de Junqueras, o si quiere ser m\u00e1s complaciente, d\u00e9ficit informativo que padece que le impide tener una composici\u00f3n m\u00ednimamente aceptable de la realidad de Catalu\u00f1a y de su Gobierno. M\u00e1s informaci\u00f3n sobre el coronavirus en ESPECIAL CORONAVIRUS\" \/>\n<meta property=\"og:url\" content=\"https:\/\/conversesacatalunya.cat\/es\/explosivo-articulo-de-oriol-junqueras-o-un-mundo-dividido-entre-buenos-y-malos\/\" \/>\n<meta property=\"og:site_name\" content=\"Converses a Catalunya\" \/>\n<meta property=\"article:published_time\" content=\"2020-04-15T11:21:57+00:00\" \/>\n<meta property=\"og:image\" content=\"https:\/\/conversesacatalunya.cat\/wp-content\/uploads\/2020\/04\/Junqueras.jpg\" \/>\n\t<meta property=\"og:image:width\" content=\"980\" \/>\n\t<meta property=\"og:image:height\" content=\"468\" \/>\n\t<meta property=\"og:image:type\" content=\"image\/jpeg\" \/>\n<meta name=\"author\" content=\"conversesacatalunya\" \/>\n<meta name=\"twitter:card\" content=\"summary_large_image\" \/>\n<meta name=\"twitter:label1\" content=\"Escrito por\" \/>\n\t<meta name=\"twitter:data1\" content=\"conversesacatalunya\" \/>\n\t<meta name=\"twitter:label2\" content=\"Tiempo de lectura\" \/>\n\t<meta name=\"twitter:data2\" content=\"6 minutos\" \/>\n<script type=\"application\/ld+json\" class=\"yoast-schema-graph\">{\"@context\":\"https:\/\/schema.org\",\"@graph\":[{\"@type\":\"Article\",\"@id\":\"https:\/\/conversesacatalunya.cat\/es\/explosivo-articulo-de-oriol-junqueras-o-un-mundo-dividido-entre-buenos-y-malos\/#article\",\"isPartOf\":{\"@id\":\"https:\/\/conversesacatalunya.cat\/es\/explosivo-articulo-de-oriol-junqueras-o-un-mundo-dividido-entre-buenos-y-malos\/\"},\"author\":{\"name\":\"conversesacatalunya\",\"@id\":\"https:\/\/conversesacatalunya.cat\/#\/schema\/person\/7e24d1e54a2785373ddcb275eae5ed99\"},\"headline\":\"Explosivo art\u00edculo de Oriol Junqueras, o un mundo dividido entre \u201cbuenos\u201d y \u201cmalos\u201d\",\"datePublished\":\"2020-04-15T11:21:57+00:00\",\"mainEntityOfPage\":{\"@id\":\"https:\/\/conversesacatalunya.cat\/es\/explosivo-articulo-de-oriol-junqueras-o-un-mundo-dividido-entre-buenos-y-malos\/\"},\"wordCount\":1132,\"commentCount\":0,\"image\":{\"@id\":\"https:\/\/conversesacatalunya.cat\/es\/explosivo-articulo-de-oriol-junqueras-o-un-mundo-dividido-entre-buenos-y-malos\/#primaryimage\"},\"thumbnailUrl\":\"https:\/\/conversesacatalunya.cat\/wp-content\/uploads\/2020\/04\/Junqueras.jpg\",\"keywords\":[\"coronavirus\",\"Oriol Junqueras\"],\"articleSection\":[\"Punts clau del dia (ES)\"],\"inLanguage\":\"es\",\"potentialAction\":[{\"@type\":\"CommentAction\",\"name\":\"Comment\",\"target\":[\"https:\/\/conversesacatalunya.cat\/es\/explosivo-articulo-de-oriol-junqueras-o-un-mundo-dividido-entre-buenos-y-malos\/#respond\"]}]},{\"@type\":\"WebPage\",\"@id\":\"https:\/\/conversesacatalunya.cat\/es\/explosivo-articulo-de-oriol-junqueras-o-un-mundo-dividido-entre-buenos-y-malos\/\",\"url\":\"https:\/\/conversesacatalunya.cat\/es\/explosivo-articulo-de-oriol-junqueras-o-un-mundo-dividido-entre-buenos-y-malos\/\",\"name\":\"Explosivo art\u00edculo de Oriol Junqueras, o un mundo dividido entre \u201cbuenos\u201d y \u201cmalos\u201d - Converses a Catalunya\",\"isPartOf\":{\"@id\":\"https:\/\/conversesacatalunya.cat\/#website\"},\"primaryImageOfPage\":{\"@id\":\"https:\/\/conversesacatalunya.cat\/es\/explosivo-articulo-de-oriol-junqueras-o-un-mundo-dividido-entre-buenos-y-malos\/#primaryimage\"},\"image\":{\"@id\":\"https:\/\/conversesacatalunya.cat\/es\/explosivo-articulo-de-oriol-junqueras-o-un-mundo-dividido-entre-buenos-y-malos\/#primaryimage\"},\"thumbnailUrl\":\"https:\/\/conversesacatalunya.cat\/wp-content\/uploads\/2020\/04\/Junqueras.jpg\",\"datePublished\":\"2020-04-15T11:21:57+00:00\",\"author\":{\"@id\":\"https:\/\/conversesacatalunya.cat\/#\/schema\/person\/7e24d1e54a2785373ddcb275eae5ed99\"},\"breadcrumb\":{\"@id\":\"https:\/\/conversesacatalunya.cat\/es\/explosivo-articulo-de-oriol-junqueras-o-un-mundo-dividido-entre-buenos-y-malos\/#breadcrumb\"},\"inLanguage\":\"es\",\"potentialAction\":[{\"@type\":\"ReadAction\",\"target\":[\"https:\/\/conversesacatalunya.cat\/es\/explosivo-articulo-de-oriol-junqueras-o-un-mundo-dividido-entre-buenos-y-malos\/\"]}]},{\"@type\":\"ImageObject\",\"inLanguage\":\"es\",\"@id\":\"https:\/\/conversesacatalunya.cat\/es\/explosivo-articulo-de-oriol-junqueras-o-un-mundo-dividido-entre-buenos-y-malos\/#primaryimage\",\"url\":\"https:\/\/conversesacatalunya.cat\/wp-content\/uploads\/2020\/04\/Junqueras.jpg\",\"contentUrl\":\"https:\/\/conversesacatalunya.cat\/wp-content\/uploads\/2020\/04\/Junqueras.jpg\",\"width\":980,\"height\":468,\"caption\":\"Junqueras\"},{\"@type\":\"BreadcrumbList\",\"@id\":\"https:\/\/conversesacatalunya.cat\/es\/explosivo-articulo-de-oriol-junqueras-o-un-mundo-dividido-entre-buenos-y-malos\/#breadcrumb\",\"itemListElement\":[{\"@type\":\"ListItem\",\"position\":1,\"name\":\"Inici\",\"item\":\"https:\/\/conversesacatalunya.cat\/es\/\"},{\"@type\":\"ListItem\",\"position\":2,\"name\":\"Explosivo art\u00edculo de Oriol Junqueras, o un mundo dividido entre \u201cbuenos\u201d y \u201cmalos\u201d\"}]},{\"@type\":\"WebSite\",\"@id\":\"https:\/\/conversesacatalunya.cat\/#website\",\"url\":\"https:\/\/conversesacatalunya.cat\/\",\"name\":\"Converses a Catalunya\",\"description\":\"\",\"potentialAction\":[{\"@type\":\"SearchAction\",\"target\":{\"@type\":\"EntryPoint\",\"urlTemplate\":\"https:\/\/conversesacatalunya.cat\/?s={search_term_string}\"},\"query-input\":{\"@type\":\"PropertyValueSpecification\",\"valueRequired\":true,\"valueName\":\"search_term_string\"}}],\"inLanguage\":\"es\"},{\"@type\":\"Person\",\"@id\":\"https:\/\/conversesacatalunya.cat\/#\/schema\/person\/7e24d1e54a2785373ddcb275eae5ed99\",\"name\":\"conversesacatalunya\",\"image\":{\"@type\":\"ImageObject\",\"inLanguage\":\"es\",\"@id\":\"https:\/\/conversesacatalunya.cat\/#\/schema\/person\/image\/\",\"url\":\"https:\/\/conversesacatalunya.cat\/wp-content\/litespeed\/avatar\/febdfeeec89d950f01c748045a981dd2.jpg?ver=1777314535\",\"contentUrl\":\"https:\/\/conversesacatalunya.cat\/wp-content\/litespeed\/avatar\/febdfeeec89d950f01c748045a981dd2.jpg?ver=1777314535\",\"caption\":\"conversesacatalunya\"},\"url\":\"https:\/\/conversesacatalunya.cat\/es\/author\/carme_catala\/\"}]}<\/script>\n<!-- \/ Yoast SEO plugin. -->","yoast_head_json":{"title":"Explosivo art\u00edculo de Oriol Junqueras, o un mundo dividido entre \u201cbuenos\u201d y \u201cmalos\u201d - Converses a Catalunya","robots":{"index":"index","follow":"follow","max-snippet":"max-snippet:-1","max-image-preview":"max-image-preview:large","max-video-preview":"max-video-preview:-1"},"canonical":"https:\/\/conversesacatalunya.cat\/es\/explosivo-articulo-de-oriol-junqueras-o-un-mundo-dividido-entre-buenos-y-malos\/","og_locale":"es_ES","og_type":"article","og_title":"Explosivo art\u00edculo de Oriol Junqueras, o un mundo dividido entre \u201cbuenos\u201d y \u201cmalos\u201d - Converses a Catalunya","og_description":"Oriol Junqueras comienza su art\u00edculo, publicado el d\u00eda 14 en La Vanguardia, con el t\u00edtulo \u201cConstruyamos la Catalu\u00f1a del bien com\u00fan\u201d, con una frase impropia de un historiador como es \u00e9l. \u201cConstruir una Rep\u00fablica catalana\u2026 este ha sido y es nuestro objetivo pol\u00edtico desde hace 89 a\u00f1os. El 14 de abril de 1931 y el 14 de abril de 2020\u201c. Hay que decir de buen principio que esto no es exacto. Esquerra Republicana no se planteaba la independencia de Catalu\u00f1a, por tanto, de un estado catal\u00e1n que pudiera ser rep\u00fablica, sino la Rep\u00fablica espa\u00f1ola, por eso form\u00f3 parte de sus gobiernos, y por esta raz\u00f3n se produjo el desgraciado 6 de Octubre de 1934, un intento ileg\u00edtimo de derrocar al Gobierno republicano elegido, mediante una insurrecci\u00f3n te\u00f3ricamente liderada por el PSOE y la UGT, pero que en la pr\u00e1ctica solamente fue seguida en Asturias, y en el caso concreto de Catalu\u00f1a, fue el presidente de la Generalitat, Llu\u00eds Companys, quien lo protagoniz\u00f3, declarando el Estado Catal\u00e1n de la Rep\u00fablica Federal Espa\u00f1ola. Es un hecho evidente que Esquerra Republicana no ha sido independentista hasta fechas relativamente recientes, concretamente cuando \u00c0ngel Colom, alcanz\u00f3 la secretar\u00eda general, despu\u00e9s de una importante entrada de personas procedentes del movimiento que \u00e9l lideraba, \u201cLa Crida\u201d. Esto fue en 1989, que queda bastante lejos de 1931. A partir de la alteraci\u00f3n hist\u00f3rica, el art\u00edculo tiene una serie de afirmaciones que cuestionan seriamente el rigor pol\u00edtico que muchos hemos atribuido a Junqueras. Parte de la tesis de que en la actual pandemia el \u201cEstado espa\u00f1ol no sirve para la ciudadan\u00eda de nuestro pa\u00eds\u201d. Lo califica de \u201clento en la reacci\u00f3n, centralista, nacionalista, militarista, oligopolista, y desesperadamente ineficiente\u201d. Lo acusa de que no gestiona la crisis \u201cCon el objetivo principal de hacer frente a la crisis sanitaria, sino desde la propaganda, la bandera y la construcci\u00f3n de un nuevo remiendo para salvar al r\u00e9gimen como ya se hizo en 1977\u201d. Se puede compartir, con menos dureza y parcialmente, la cr\u00edtica de Junqueras, concretamente la escasa eficacia, y la tendencia a confundir la gesti\u00f3n pol\u00edtica con la publicidad, pero tiene delito acusar de nacionalistas y militaristas a S\u00e1nchez e Iglesias, solo porque el ej\u00e9rcito contribuya con sus medios a la lucha contra la pandemia. \u00bfQu\u00e9 quer\u00eda tener encerrados sus recursos en los cuarteles mientras la gente se muere? Si S\u00e1nchez es nacionalista, \u00bfqu\u00e9 debe ser Torra? Presentar los pactos de la Moncloa como un remiendo, cuando fueron b\u00e1sicos para la transici\u00f3n democr\u00e1tica de este pa\u00eds, es una frivolidad, una vez m\u00e1s impropia de un historiador, y cercana al pol\u00edtico imprudente que empuj\u00f3 a Puigdemont, en una noche fat\u00eddica, a una rid\u00edcula no proclamaci\u00f3n de independencia, que solo ha servido para que el propio Junqueras y sus compa\u00f1eros de prisi\u00f3n sufrieran un trato penal excesivo e injustificado. Con este art\u00edculo encima de la mesa es evidente que ERC no puede apoyar el pacto de Estado que persigue S\u00e1nchez, y ni tan siquiera facilitar los presupuestos con su abstenci\u00f3n que prolongar\u00edan la vida a un gobierno nacionalista, militarista y olig\u00e1rquico. \u00bfVa en serio Junqueras con todo esto, o es una simple amenaza para conseguir un trato mejor? Algo que necesariamente ya deber\u00eda haberse producido. \u00bfVa a cambiar de carril en plena crisis y superar a Puigdemont en una carrera hacia ninguna parte? Pero con ser pol\u00edticamente sustancioso todo esto, lo que alcanza niveles de fantas\u00eda pol\u00edtica es la contraposici\u00f3n que hace con el gobierno de la Generalitat, portador de todas las excelencias en la pandemia de SAR Covid 2. La frase es fant\u00e1stica: \u201cEl Govern estaba liderando y mostrando una vez m\u00e1s su eficiencia y solvencia, en especial los departamentos m\u00e1s estrechamente impactados por la pandemia\u201d. Es dif\u00edcil, a partir de estas afirmaciones, considerar que Junqueras es un pol\u00edtico cre\u00edble, cuando es una evidencia que muestran las cifras y los resultados, que la gesti\u00f3n del Gobierno de la Generalitat, incluso ha superado en sus deficiencias al espa\u00f1ol. Empez\u00f3 con el confinamiento de Igualada y las poblaciones del entorno, sin antes dotarlos de los recursos necesarios, sobre todo cuando el principal foco de contagio era el propio hospital comarcal. El resultado ha sido que en este territorio el n\u00famero de muertos por mill\u00f3n de habitantes, es la forma m\u00e1s clara de ver el impacto de la pandemia, es de los m\u00e1s elevados de Europa. Catalu\u00f1a supera al conjunto de Espa\u00f1a en n\u00famero de muertos en relaci\u00f3n con su poblaci\u00f3n, otra cifra desastre. Las defunciones de los ancianos en las residencias catalanas significan m\u00e1s del 25% del total de muertes de estas caracter\u00edsticas de toda Espa\u00f1a, cuando la poblaci\u00f3n de Catalu\u00f1a es el 16% y el porcentaje de personas mayores de 75 a\u00f1os es incluso menor. El Servicio de Emergencias M\u00e9dicas de la Generalitat de Catalu\u00f1a (SEM) es el \u00fanico que ha tenido la desverg\u00fcenza de presentar por escrito la negaci\u00f3n del auxilio de los respiradores a los mayores de 75 a\u00f1os, aunque no presentaran patolog\u00edas graves, y sus condiciones f\u00edsicas previas al contagio fueran buenas. Ha tenido la hipocres\u00eda de argumentar c\u00f3mo se deb\u00eda \u00abvender\u00bb a los ancianos las causas para no trasladarlos al hospital. El propio presidente de la Generalitat ha desautorizado al consejero de Trabajo y Servicios Sociales de Esquerra Republicana, arranc\u00e1ndole de su competencia las residencias de las personas mayores, a causa de su nefasta gesti\u00f3n. Asimismo ha creado su propio grupo de expertos para dirigir el desconfinamiento, al margen de la direcci\u00f3n del Departamento de Sanidad de Alba Verg\u00e9s, tambi\u00e9n de Esquerra. Se han hecho anuncios sobre la dotaci\u00f3n de medios a la ciudadan\u00eda, concretamente las mascarillas, que despu\u00e9s se han tenido que rectificar porque no respond\u00edan a la realidad. En fin, la lista es muy larga. Valgan estos ejemplos concretos para ilustrar la ceguera pol\u00edtica de Junqueras, o si quiere ser m\u00e1s complaciente, d\u00e9ficit informativo que padece que le impide tener una composici\u00f3n m\u00ednimamente aceptable de la realidad de Catalu\u00f1a y de su Gobierno. M\u00e1s informaci\u00f3n sobre el coronavirus en ESPECIAL CORONAVIRUS","og_url":"https:\/\/conversesacatalunya.cat\/es\/explosivo-articulo-de-oriol-junqueras-o-un-mundo-dividido-entre-buenos-y-malos\/","og_site_name":"Converses a Catalunya","article_published_time":"2020-04-15T11:21:57+00:00","og_image":[{"width":980,"height":468,"url":"https:\/\/conversesacatalunya.cat\/wp-content\/uploads\/2020\/04\/Junqueras.jpg","type":"image\/jpeg"}],"author":"conversesacatalunya","twitter_card":"summary_large_image","twitter_misc":{"Escrito por":"conversesacatalunya","Tiempo de lectura":"6 minutos"},"schema":{"@context":"https:\/\/schema.org","@graph":[{"@type":"Article","@id":"https:\/\/conversesacatalunya.cat\/es\/explosivo-articulo-de-oriol-junqueras-o-un-mundo-dividido-entre-buenos-y-malos\/#article","isPartOf":{"@id":"https:\/\/conversesacatalunya.cat\/es\/explosivo-articulo-de-oriol-junqueras-o-un-mundo-dividido-entre-buenos-y-malos\/"},"author":{"name":"conversesacatalunya","@id":"https:\/\/conversesacatalunya.cat\/#\/schema\/person\/7e24d1e54a2785373ddcb275eae5ed99"},"headline":"Explosivo art\u00edculo de Oriol Junqueras, o un mundo dividido entre \u201cbuenos\u201d y \u201cmalos\u201d","datePublished":"2020-04-15T11:21:57+00:00","mainEntityOfPage":{"@id":"https:\/\/conversesacatalunya.cat\/es\/explosivo-articulo-de-oriol-junqueras-o-un-mundo-dividido-entre-buenos-y-malos\/"},"wordCount":1132,"commentCount":0,"image":{"@id":"https:\/\/conversesacatalunya.cat\/es\/explosivo-articulo-de-oriol-junqueras-o-un-mundo-dividido-entre-buenos-y-malos\/#primaryimage"},"thumbnailUrl":"https:\/\/conversesacatalunya.cat\/wp-content\/uploads\/2020\/04\/Junqueras.jpg","keywords":["coronavirus","Oriol Junqueras"],"articleSection":["Punts clau del dia (ES)"],"inLanguage":"es","potentialAction":[{"@type":"CommentAction","name":"Comment","target":["https:\/\/conversesacatalunya.cat\/es\/explosivo-articulo-de-oriol-junqueras-o-un-mundo-dividido-entre-buenos-y-malos\/#respond"]}]},{"@type":"WebPage","@id":"https:\/\/conversesacatalunya.cat\/es\/explosivo-articulo-de-oriol-junqueras-o-un-mundo-dividido-entre-buenos-y-malos\/","url":"https:\/\/conversesacatalunya.cat\/es\/explosivo-articulo-de-oriol-junqueras-o-un-mundo-dividido-entre-buenos-y-malos\/","name":"Explosivo art\u00edculo de Oriol Junqueras, o un mundo dividido entre \u201cbuenos\u201d y \u201cmalos\u201d - Converses a Catalunya","isPartOf":{"@id":"https:\/\/conversesacatalunya.cat\/#website"},"primaryImageOfPage":{"@id":"https:\/\/conversesacatalunya.cat\/es\/explosivo-articulo-de-oriol-junqueras-o-un-mundo-dividido-entre-buenos-y-malos\/#primaryimage"},"image":{"@id":"https:\/\/conversesacatalunya.cat\/es\/explosivo-articulo-de-oriol-junqueras-o-un-mundo-dividido-entre-buenos-y-malos\/#primaryimage"},"thumbnailUrl":"https:\/\/conversesacatalunya.cat\/wp-content\/uploads\/2020\/04\/Junqueras.jpg","datePublished":"2020-04-15T11:21:57+00:00","author":{"@id":"https:\/\/conversesacatalunya.cat\/#\/schema\/person\/7e24d1e54a2785373ddcb275eae5ed99"},"breadcrumb":{"@id":"https:\/\/conversesacatalunya.cat\/es\/explosivo-articulo-de-oriol-junqueras-o-un-mundo-dividido-entre-buenos-y-malos\/#breadcrumb"},"inLanguage":"es","potentialAction":[{"@type":"ReadAction","target":["https:\/\/conversesacatalunya.cat\/es\/explosivo-articulo-de-oriol-junqueras-o-un-mundo-dividido-entre-buenos-y-malos\/"]}]},{"@type":"ImageObject","inLanguage":"es","@id":"https:\/\/conversesacatalunya.cat\/es\/explosivo-articulo-de-oriol-junqueras-o-un-mundo-dividido-entre-buenos-y-malos\/#primaryimage","url":"https:\/\/conversesacatalunya.cat\/wp-content\/uploads\/2020\/04\/Junqueras.jpg","contentUrl":"https:\/\/conversesacatalunya.cat\/wp-content\/uploads\/2020\/04\/Junqueras.jpg","width":980,"height":468,"caption":"Junqueras"},{"@type":"BreadcrumbList","@id":"https:\/\/conversesacatalunya.cat\/es\/explosivo-articulo-de-oriol-junqueras-o-un-mundo-dividido-entre-buenos-y-malos\/#breadcrumb","itemListElement":[{"@type":"ListItem","position":1,"name":"Inici","item":"https:\/\/conversesacatalunya.cat\/es\/"},{"@type":"ListItem","position":2,"name":"Explosivo art\u00edculo de Oriol Junqueras, o un mundo dividido entre \u201cbuenos\u201d y \u201cmalos\u201d"}]},{"@type":"WebSite","@id":"https:\/\/conversesacatalunya.cat\/#website","url":"https:\/\/conversesacatalunya.cat\/","name":"Converses a Catalunya","description":"","potentialAction":[{"@type":"SearchAction","target":{"@type":"EntryPoint","urlTemplate":"https:\/\/conversesacatalunya.cat\/?s={search_term_string}"},"query-input":{"@type":"PropertyValueSpecification","valueRequired":true,"valueName":"search_term_string"}}],"inLanguage":"es"},{"@type":"Person","@id":"https:\/\/conversesacatalunya.cat\/#\/schema\/person\/7e24d1e54a2785373ddcb275eae5ed99","name":"conversesacatalunya","image":{"@type":"ImageObject","inLanguage":"es","@id":"https:\/\/conversesacatalunya.cat\/#\/schema\/person\/image\/","url":"https:\/\/conversesacatalunya.cat\/wp-content\/litespeed\/avatar\/febdfeeec89d950f01c748045a981dd2.jpg?ver=1777314535","contentUrl":"https:\/\/conversesacatalunya.cat\/wp-content\/litespeed\/avatar\/febdfeeec89d950f01c748045a981dd2.jpg?ver=1777314535","caption":"conversesacatalunya"},"url":"https:\/\/conversesacatalunya.cat\/es\/author\/carme_catala\/"}]}},"wps_subtitle":"","_links":{"self":[{"href":"https:\/\/conversesacatalunya.cat\/es\/wp-json\/wp\/v2\/posts\/35005","targetHints":{"allow":["GET"]}}],"collection":[{"href":"https:\/\/conversesacatalunya.cat\/es\/wp-json\/wp\/v2\/posts"}],"about":[{"href":"https:\/\/conversesacatalunya.cat\/es\/wp-json\/wp\/v2\/types\/post"}],"author":[{"embeddable":true,"href":"https:\/\/conversesacatalunya.cat\/es\/wp-json\/wp\/v2\/users\/2"}],"replies":[{"embeddable":true,"href":"https:\/\/conversesacatalunya.cat\/es\/wp-json\/wp\/v2\/comments?post=35005"}],"version-history":[{"count":1,"href":"https:\/\/conversesacatalunya.cat\/es\/wp-json\/wp\/v2\/posts\/35005\/revisions"}],"predecessor-version":[{"id":35009,"href":"https:\/\/conversesacatalunya.cat\/es\/wp-json\/wp\/v2\/posts\/35005\/revisions\/35009"}],"wp:featuredmedia":[{"embeddable":true,"href":"https:\/\/conversesacatalunya.cat\/es\/wp-json\/wp\/v2\/media\/35007"}],"wp:attachment":[{"href":"https:\/\/conversesacatalunya.cat\/es\/wp-json\/wp\/v2\/media?parent=35005"}],"wp:term":[{"taxonomy":"category","embeddable":true,"href":"https:\/\/conversesacatalunya.cat\/es\/wp-json\/wp\/v2\/categories?post=35005"},{"taxonomy":"post_tag","embeddable":true,"href":"https:\/\/conversesacatalunya.cat\/es\/wp-json\/wp\/v2\/tags?post=35005"}],"curies":[{"name":"wp","href":"https:\/\/api.w.org\/{rel}","templated":true}]}}