{"id":34960,"date":"2020-04-14T12:51:12","date_gmt":"2020-04-14T10:51:12","guid":{"rendered":"https:\/\/conversesacatalunya.cat\/?p=34960"},"modified":"2020-04-14T12:51:12","modified_gmt":"2020-04-14T10:51:12","slug":"la-generalitat-aprobara-previsiblemente-el-dia-20-los-presupuestos-de-que-van-a-servir","status":"publish","type":"post","link":"https:\/\/conversesacatalunya.cat\/es\/la-generalitat-aprobara-previsiblemente-el-dia-20-los-presupuestos-de-que-van-a-servir\/","title":{"rendered":"La Generalitat aprobar\u00e1 previsiblemente el d\u00eda 20 los presupuestos. \u00bfDe qu\u00e9 van a servir?"},"content":{"rendered":"<p>Si las discrepancias internas no acaban impidi\u00e9ndolo a \u00faltima hora, la Generalitat aprobar\u00e1 el presupuesto para el a\u00f1o en curso <strong>el pr\u00f3ximo d\u00eda 20<\/strong>. El problema radica en que este presupuesto fue dise\u00f1ado mucho antes de que la pandemia ocasionara los actuales estragos y por lo tanto no da respuesta a las necesidades que se pueden plantear a lo largo de este a\u00f1o.<\/p>\n<p>Para Esquerra Republicana y su m\u00e1ximo representante en el Gobierno, el vicepresidente y consejero de Econom\u00eda y Finanzas, Pere Aragon\u00e9s, la aprobaci\u00f3n es la culminaci\u00f3n de su trayectoria pol\u00edtica, al menos antes de que el coronavirus lo cambiara todo. <strong>El presupuesto aprobado significaba tres cosas<\/strong>: la culminaci\u00f3n del liderazgo de aquel partido y de Aragon\u00e9s en el Gobierno, la demostraci\u00f3n de que Esquerra era un partido solvente y que nada ten\u00eda que ver con el \u00abDrag\u00f3n Khan\u00bb de la \u00e9poca de Pascual Maragall, y la fama de insolventes que en aquel momento alcanzaron, y finalmente, a trav\u00e9s del discurso de la primac\u00eda de lo social, favorecer la brillantez de los departamentos que tiene ERC a su cargo, Sanidad, Trabajo y Asuntos Sociales y Educaci\u00f3n, dot\u00e1ndolos de los mayores incrementos presupuestarios.<\/p>\n<p>El problema es que ahora lo que se apruebe ser\u00e1 en la pr\u00e1ctica papel mojado. La idea de que es mejor esto que ning\u00fan presupuesto es falsa, porque significa que hurtar\u00e1 el control parlamentario de su gesti\u00f3n, a pesar de que esta es la tarea primordial del Parlamento.<\/p>\n<p>Aragon\u00e9s razona que con el presupuesto aprobado se pueden cambiar las partidas para adecuarlo a las necesidades. Esto es en parte cierto, aunque dentro de unos l\u00edmites, si no la aprobaci\u00f3n de cualquier presupuesto no tendr\u00eda ning\u00fan valor porque despu\u00e9s el Ejecutivo podr\u00eda trastocarlo a su gusto. Pero junto con la limitaci\u00f3n hay otro factor importante, porque la modificaci\u00f3n de partidas presupuestarias no pasa necesariamente por el control parlamentario, y en todo caso, pasado el tiempo, el pr\u00f3ximo a\u00f1o, cuando se presente la liquidaci\u00f3n de cuentas, es decir, cuando no haya nada que hacer, s\u00ed podr\u00e1 decir el Parlamento la suya.<\/p>\n<p>Pero es que adem\u00e1s las cifras que se presentan no responden a ninguna realidad. El caso m\u00e1s flagrante es el de Sanidad. Se calcula que la <strong>pandemia costar\u00e1 al departamento 1.800 millones<\/strong> de euros adicionales a los disponibles, en los actuales presupuestos prorrogados. Pero la previsi\u00f3n de aumento para el ejercicio 2020 era de 900 millones, que era mucho en condiciones normales, pero que ahora son los que cubren el 50% de lo necesario. El resto debe salir de otras partes. Por la v\u00eda del ingreso sucede algo parecido: las previsiones se han derrumbado, porque los ingresos fiscales ser\u00e1n mucho m\u00e1s peque\u00f1os. Es pronto para saber la medida del a\u00f1o, pero en todo caso ser\u00e1 muy importante, y en ninguna manera se ajusta a lo que el presupuesto de Aragon\u00e9s establece.<\/p>\n<p>Y todav\u00eda hay una tercera raz\u00f3n. Cuando se previeron las cifras y la prioridad para el gasto social, la econom\u00eda catalana funcionaba razonablemente bien, con unas perspectivas de una cierta ralentizaci\u00f3n, pero nada m\u00e1s. Ahora muchas empresas cerrar\u00e1n, y con ello se perder\u00e1n puestos de trabajo. Una estrategia necesaria para la salida de la crisis es <strong>animar de una manera decisiva el sistema productivo<\/strong>, y esto significa gasto en este sentido e inversiones en obra p\u00fablica, todo lo contrario de lo que contempla el presupuesto que se quiere aprobar.<\/p>\n<p>Las preguntas son obvias. \u00bf<strong>Qu\u00e9 servicio va a ofrecer a Catalu\u00f1a y a los catalanes este presupuesto<\/strong>? \u00bfNo es mucho mejor retrasar su aprobaci\u00f3n y presentar unas cuentas que respondan mucho mejor a la nueva e ins\u00f3lita realidad? \u00bfA qui\u00e9n beneficia este hecho pol\u00edtico?<\/p>\n<p style=\"text-align: center;\"><strong>M\u00e1s informaci\u00f3n sobre el coronavirus en <a href=\"https:\/\/conversesacatalunya.cat\/es\/coronavirus\/\">ESPECIAL CORONAVIRUS<\/a><\/strong><\/p>\n<span class='bctt-click-to-tweet'><span class='bctt-ctt-text'><a href='https:\/\/twitter.com\/intent\/tweet?url=https%3A%2F%2Fconversesacatalunya.cat%2Fes%2Fla-generalitat-aprobara-previsiblemente-el-dia-20-los-presupuestos-de-que-van-a-servir%2F&#038;text=%C2%BFQu%C3%A9%20servicio%20va%20a%20ofrecer%20a%20Catalu%C3%B1a%20y%20a%20los%20catalanes%20este%20presupuesto%3F&#038;via=conversesacat&#038;related=conversesacat' target='_blank'rel=\"noopener noreferrer\">\u00bfQu\u00e9 servicio va a ofrecer a Catalu\u00f1a y a los catalanes este presupuesto? <\/a><\/span><a href='https:\/\/twitter.com\/intent\/tweet?url=https%3A%2F%2Fconversesacatalunya.cat%2Fes%2Fla-generalitat-aprobara-previsiblemente-el-dia-20-los-presupuestos-de-que-van-a-servir%2F&#038;text=%C2%BFQu%C3%A9%20servicio%20va%20a%20ofrecer%20a%20Catalu%C3%B1a%20y%20a%20los%20catalanes%20este%20presupuesto%3F&#038;via=conversesacat&#038;related=conversesacat' target='_blank' class='bctt-ctt-btn'rel=\"noopener noreferrer\">Compartir en X<\/a><\/span>\n","protected":false},"excerpt":{"rendered":"<p>Si las discrepancias internas no acaban impidi\u00e9ndolo a \u00faltima hora, la Generalitat aprobar\u00e1 el presupuesto para el a\u00f1o en curso el pr\u00f3ximo d\u00eda 20. El problema radica en que este presupuesto fue dise\u00f1ado mucho antes de que la pandemia ocasionara los actuales estragos y por lo tanto no da respuesta a las necesidades que se pueden plantear a lo largo de este a\u00f1o. Para Esquerra Republicana y su m\u00e1ximo representante en el Gobierno, el vicepresidente y consejero de Econom\u00eda y Finanzas, Pere Aragon\u00e9s, la aprobaci\u00f3n es la culminaci\u00f3n de su trayectoria pol\u00edtica, al menos antes de que el coronavirus lo cambiara todo. El presupuesto aprobado significaba tres cosas: la culminaci\u00f3n del liderazgo de aquel partido y de Aragon\u00e9s en el Gobierno, la demostraci\u00f3n de que Esquerra era un partido solvente y que nada ten\u00eda que ver con el \u00abDrag\u00f3n Khan\u00bb de la \u00e9poca de Pascual Maragall, y la fama de insolventes que en aquel momento alcanzaron, y finalmente, a trav\u00e9s del discurso de la primac\u00eda de lo social, favorecer la brillantez de los departamentos que tiene ERC a su cargo, Sanidad, Trabajo y Asuntos Sociales y Educaci\u00f3n, dot\u00e1ndolos de los mayores incrementos presupuestarios. El problema es que ahora lo que se apruebe ser\u00e1 en la pr\u00e1ctica papel mojado. La idea de que es mejor esto que ning\u00fan presupuesto es falsa, porque significa que hurtar\u00e1 el control parlamentario de su gesti\u00f3n, a pesar de que esta es la tarea primordial del Parlamento. Aragon\u00e9s razona que con el presupuesto aprobado se pueden cambiar las partidas para adecuarlo a las necesidades. Esto es en parte cierto, aunque dentro de unos l\u00edmites, si no la aprobaci\u00f3n de cualquier presupuesto no tendr\u00eda ning\u00fan valor porque despu\u00e9s el Ejecutivo podr\u00eda trastocarlo a su gusto. Pero junto con la limitaci\u00f3n hay otro factor importante, porque la modificaci\u00f3n de partidas presupuestarias no pasa necesariamente por el control parlamentario, y en todo caso, pasado el tiempo, el pr\u00f3ximo a\u00f1o, cuando se presente la liquidaci\u00f3n de cuentas, es decir, cuando no haya nada que hacer, s\u00ed podr\u00e1 decir el Parlamento la suya. Pero es que adem\u00e1s las cifras que se presentan no responden a ninguna realidad. El caso m\u00e1s flagrante es el de Sanidad. Se calcula que la pandemia costar\u00e1 al departamento 1.800 millones de euros adicionales a los disponibles, en los actuales presupuestos prorrogados. Pero la previsi\u00f3n de aumento para el ejercicio 2020 era de 900 millones, que era mucho en condiciones normales, pero que ahora son los que cubren el 50% de lo necesario. El resto debe salir de otras partes. Por la v\u00eda del ingreso sucede algo parecido: las previsiones se han derrumbado, porque los ingresos fiscales ser\u00e1n mucho m\u00e1s peque\u00f1os. Es pronto para saber la medida del a\u00f1o, pero en todo caso ser\u00e1 muy importante, y en ninguna manera se ajusta a lo que el presupuesto de Aragon\u00e9s establece. Y todav\u00eda hay una tercera raz\u00f3n. Cuando se previeron las cifras y la prioridad para el gasto social, la econom\u00eda catalana funcionaba razonablemente bien, con unas perspectivas de una cierta ralentizaci\u00f3n, pero nada m\u00e1s. Ahora muchas empresas cerrar\u00e1n, y con ello se perder\u00e1n puestos de trabajo. Una estrategia necesaria para la salida de la crisis es animar de una manera decisiva el sistema productivo, y esto significa gasto en este sentido e inversiones en obra p\u00fablica, todo lo contrario de lo que contempla el presupuesto que se quiere aprobar. Las preguntas son obvias. \u00bfQu\u00e9 servicio va a ofrecer a Catalu\u00f1a y a los catalanes este presupuesto? \u00bfNo es mucho mejor retrasar su aprobaci\u00f3n y presentar unas cuentas que respondan mucho mejor a la nueva e ins\u00f3lita realidad? \u00bfA qui\u00e9n beneficia este hecho pol\u00edtico? M\u00e1s informaci\u00f3n sobre el coronavirus en ESPECIAL CORONAVIRUS<\/p>\n","protected":false},"author":2,"featured_media":34961,"comment_status":"open","ping_status":"open","sticky":false,"template":"","format":"standard","meta":{"_FSMCFIC_featured_image_caption":"","_FSMCFIC_featured_image_nocaption":"","_FSMCFIC_featured_image_hide":"","footnotes":""},"categories":[1772,806],"tags":[1504,1766,1980],"class_list":["post-34960","post","type-post","status-publish","format-standard","has-post-thumbnail","hentry","category-especial-coronavirus-es","category-punts-claus-del-dia-es","tag-coronavirus-es","tag-presupuestos","tag-sanidad-catalana"],"yoast_head":"<!-- This site is optimized with the Yoast SEO plugin v26.8 - https:\/\/yoast.com\/product\/yoast-seo-wordpress\/ -->\n<title>La Generalitat aprobar\u00e1 previsiblemente el d\u00eda 20 los presupuestos. \u00bfDe qu\u00e9 van a servir? - Converses a Catalunya<\/title>\n<meta name=\"robots\" content=\"index, follow, max-snippet:-1, max-image-preview:large, max-video-preview:-1\" \/>\n<link rel=\"canonical\" href=\"https:\/\/conversesacatalunya.cat\/es\/la-generalitat-aprobara-previsiblemente-el-dia-20-los-presupuestos-de-que-van-a-servir\/\" \/>\n<meta property=\"og:locale\" content=\"es_ES\" \/>\n<meta property=\"og:type\" content=\"article\" \/>\n<meta property=\"og:title\" content=\"La Generalitat aprobar\u00e1 previsiblemente el d\u00eda 20 los presupuestos. \u00bfDe qu\u00e9 van a servir? - Converses a Catalunya\" \/>\n<meta property=\"og:description\" content=\"Si las discrepancias internas no acaban impidi\u00e9ndolo a \u00faltima hora, la Generalitat aprobar\u00e1 el presupuesto para el a\u00f1o en curso el pr\u00f3ximo d\u00eda 20. El problema radica en que este presupuesto fue dise\u00f1ado mucho antes de que la pandemia ocasionara los actuales estragos y por lo tanto no da respuesta a las necesidades que se pueden plantear a lo largo de este a\u00f1o. Para Esquerra Republicana y su m\u00e1ximo representante en el Gobierno, el vicepresidente y consejero de Econom\u00eda y Finanzas, Pere Aragon\u00e9s, la aprobaci\u00f3n es la culminaci\u00f3n de su trayectoria pol\u00edtica, al menos antes de que el coronavirus lo cambiara todo. El presupuesto aprobado significaba tres cosas: la culminaci\u00f3n del liderazgo de aquel partido y de Aragon\u00e9s en el Gobierno, la demostraci\u00f3n de que Esquerra era un partido solvente y que nada ten\u00eda que ver con el \u00abDrag\u00f3n Khan\u00bb de la \u00e9poca de Pascual Maragall, y la fama de insolventes que en aquel momento alcanzaron, y finalmente, a trav\u00e9s del discurso de la primac\u00eda de lo social, favorecer la brillantez de los departamentos que tiene ERC a su cargo, Sanidad, Trabajo y Asuntos Sociales y Educaci\u00f3n, dot\u00e1ndolos de los mayores incrementos presupuestarios. El problema es que ahora lo que se apruebe ser\u00e1 en la pr\u00e1ctica papel mojado. La idea de que es mejor esto que ning\u00fan presupuesto es falsa, porque significa que hurtar\u00e1 el control parlamentario de su gesti\u00f3n, a pesar de que esta es la tarea primordial del Parlamento. Aragon\u00e9s razona que con el presupuesto aprobado se pueden cambiar las partidas para adecuarlo a las necesidades. Esto es en parte cierto, aunque dentro de unos l\u00edmites, si no la aprobaci\u00f3n de cualquier presupuesto no tendr\u00eda ning\u00fan valor porque despu\u00e9s el Ejecutivo podr\u00eda trastocarlo a su gusto. Pero junto con la limitaci\u00f3n hay otro factor importante, porque la modificaci\u00f3n de partidas presupuestarias no pasa necesariamente por el control parlamentario, y en todo caso, pasado el tiempo, el pr\u00f3ximo a\u00f1o, cuando se presente la liquidaci\u00f3n de cuentas, es decir, cuando no haya nada que hacer, s\u00ed podr\u00e1 decir el Parlamento la suya. Pero es que adem\u00e1s las cifras que se presentan no responden a ninguna realidad. El caso m\u00e1s flagrante es el de Sanidad. Se calcula que la pandemia costar\u00e1 al departamento 1.800 millones de euros adicionales a los disponibles, en los actuales presupuestos prorrogados. Pero la previsi\u00f3n de aumento para el ejercicio 2020 era de 900 millones, que era mucho en condiciones normales, pero que ahora son los que cubren el 50% de lo necesario. El resto debe salir de otras partes. Por la v\u00eda del ingreso sucede algo parecido: las previsiones se han derrumbado, porque los ingresos fiscales ser\u00e1n mucho m\u00e1s peque\u00f1os. Es pronto para saber la medida del a\u00f1o, pero en todo caso ser\u00e1 muy importante, y en ninguna manera se ajusta a lo que el presupuesto de Aragon\u00e9s establece. Y todav\u00eda hay una tercera raz\u00f3n. Cuando se previeron las cifras y la prioridad para el gasto social, la econom\u00eda catalana funcionaba razonablemente bien, con unas perspectivas de una cierta ralentizaci\u00f3n, pero nada m\u00e1s. Ahora muchas empresas cerrar\u00e1n, y con ello se perder\u00e1n puestos de trabajo. Una estrategia necesaria para la salida de la crisis es animar de una manera decisiva el sistema productivo, y esto significa gasto en este sentido e inversiones en obra p\u00fablica, todo lo contrario de lo que contempla el presupuesto que se quiere aprobar. Las preguntas son obvias. \u00bfQu\u00e9 servicio va a ofrecer a Catalu\u00f1a y a los catalanes este presupuesto? \u00bfNo es mucho mejor retrasar su aprobaci\u00f3n y presentar unas cuentas que respondan mucho mejor a la nueva e ins\u00f3lita realidad? \u00bfA qui\u00e9n beneficia este hecho pol\u00edtico? M\u00e1s informaci\u00f3n sobre el coronavirus en ESPECIAL CORONAVIRUS\" \/>\n<meta property=\"og:url\" content=\"https:\/\/conversesacatalunya.cat\/es\/la-generalitat-aprobara-previsiblemente-el-dia-20-los-presupuestos-de-que-van-a-servir\/\" \/>\n<meta property=\"og:site_name\" content=\"Converses a Catalunya\" \/>\n<meta property=\"article:published_time\" content=\"2020-04-14T10:51:12+00:00\" \/>\n<meta property=\"og:image\" content=\"https:\/\/conversesacatalunya.cat\/wp-content\/uploads\/2020\/04\/pressupostos.jpg\" \/>\n\t<meta property=\"og:image:width\" content=\"690\" \/>\n\t<meta property=\"og:image:height\" content=\"309\" \/>\n\t<meta property=\"og:image:type\" content=\"image\/jpeg\" \/>\n<meta name=\"author\" content=\"conversesacatalunya\" \/>\n<meta name=\"twitter:card\" content=\"summary_large_image\" \/>\n<meta name=\"twitter:label1\" content=\"Escrito por\" \/>\n\t<meta name=\"twitter:data1\" content=\"conversesacatalunya\" \/>\n\t<meta name=\"twitter:label2\" content=\"Tiempo de lectura\" \/>\n\t<meta name=\"twitter:data2\" content=\"3 minutos\" \/>\n<script type=\"application\/ld+json\" class=\"yoast-schema-graph\">{\"@context\":\"https:\/\/schema.org\",\"@graph\":[{\"@type\":\"Article\",\"@id\":\"https:\/\/conversesacatalunya.cat\/es\/la-generalitat-aprobara-previsiblemente-el-dia-20-los-presupuestos-de-que-van-a-servir\/#article\",\"isPartOf\":{\"@id\":\"https:\/\/conversesacatalunya.cat\/es\/la-generalitat-aprobara-previsiblemente-el-dia-20-los-presupuestos-de-que-van-a-servir\/\"},\"author\":{\"name\":\"conversesacatalunya\",\"@id\":\"https:\/\/conversesacatalunya.cat\/#\/schema\/person\/7e24d1e54a2785373ddcb275eae5ed99\"},\"headline\":\"La Generalitat aprobar\u00e1 previsiblemente el d\u00eda 20 los presupuestos. \u00bfDe qu\u00e9 van a servir?\",\"datePublished\":\"2020-04-14T10:51:12+00:00\",\"mainEntityOfPage\":{\"@id\":\"https:\/\/conversesacatalunya.cat\/es\/la-generalitat-aprobara-previsiblemente-el-dia-20-los-presupuestos-de-que-van-a-servir\/\"},\"wordCount\":701,\"commentCount\":0,\"image\":{\"@id\":\"https:\/\/conversesacatalunya.cat\/es\/la-generalitat-aprobara-previsiblemente-el-dia-20-los-presupuestos-de-que-van-a-servir\/#primaryimage\"},\"thumbnailUrl\":\"https:\/\/conversesacatalunya.cat\/wp-content\/uploads\/2020\/04\/pressupostos.jpg\",\"keywords\":[\"coronavirus\",\"presupuestos\",\"sanidad catalana\"],\"articleSection\":[\"Especial Coronavirus (ES)\",\"Punts clau del dia (ES)\"],\"inLanguage\":\"es\",\"potentialAction\":[{\"@type\":\"CommentAction\",\"name\":\"Comment\",\"target\":[\"https:\/\/conversesacatalunya.cat\/es\/la-generalitat-aprobara-previsiblemente-el-dia-20-los-presupuestos-de-que-van-a-servir\/#respond\"]}]},{\"@type\":\"WebPage\",\"@id\":\"https:\/\/conversesacatalunya.cat\/es\/la-generalitat-aprobara-previsiblemente-el-dia-20-los-presupuestos-de-que-van-a-servir\/\",\"url\":\"https:\/\/conversesacatalunya.cat\/es\/la-generalitat-aprobara-previsiblemente-el-dia-20-los-presupuestos-de-que-van-a-servir\/\",\"name\":\"La Generalitat aprobar\u00e1 previsiblemente el d\u00eda 20 los presupuestos. \u00bfDe qu\u00e9 van a servir? - Converses a Catalunya\",\"isPartOf\":{\"@id\":\"https:\/\/conversesacatalunya.cat\/#website\"},\"primaryImageOfPage\":{\"@id\":\"https:\/\/conversesacatalunya.cat\/es\/la-generalitat-aprobara-previsiblemente-el-dia-20-los-presupuestos-de-que-van-a-servir\/#primaryimage\"},\"image\":{\"@id\":\"https:\/\/conversesacatalunya.cat\/es\/la-generalitat-aprobara-previsiblemente-el-dia-20-los-presupuestos-de-que-van-a-servir\/#primaryimage\"},\"thumbnailUrl\":\"https:\/\/conversesacatalunya.cat\/wp-content\/uploads\/2020\/04\/pressupostos.jpg\",\"datePublished\":\"2020-04-14T10:51:12+00:00\",\"author\":{\"@id\":\"https:\/\/conversesacatalunya.cat\/#\/schema\/person\/7e24d1e54a2785373ddcb275eae5ed99\"},\"breadcrumb\":{\"@id\":\"https:\/\/conversesacatalunya.cat\/es\/la-generalitat-aprobara-previsiblemente-el-dia-20-los-presupuestos-de-que-van-a-servir\/#breadcrumb\"},\"inLanguage\":\"es\",\"potentialAction\":[{\"@type\":\"ReadAction\",\"target\":[\"https:\/\/conversesacatalunya.cat\/es\/la-generalitat-aprobara-previsiblemente-el-dia-20-los-presupuestos-de-que-van-a-servir\/\"]}]},{\"@type\":\"ImageObject\",\"inLanguage\":\"es\",\"@id\":\"https:\/\/conversesacatalunya.cat\/es\/la-generalitat-aprobara-previsiblemente-el-dia-20-los-presupuestos-de-que-van-a-servir\/#primaryimage\",\"url\":\"https:\/\/conversesacatalunya.cat\/wp-content\/uploads\/2020\/04\/pressupostos.jpg\",\"contentUrl\":\"https:\/\/conversesacatalunya.cat\/wp-content\/uploads\/2020\/04\/pressupostos.jpg\",\"width\":690,\"height\":309,\"caption\":\"presupuestos\"},{\"@type\":\"BreadcrumbList\",\"@id\":\"https:\/\/conversesacatalunya.cat\/es\/la-generalitat-aprobara-previsiblemente-el-dia-20-los-presupuestos-de-que-van-a-servir\/#breadcrumb\",\"itemListElement\":[{\"@type\":\"ListItem\",\"position\":1,\"name\":\"Inici\",\"item\":\"https:\/\/conversesacatalunya.cat\/es\/\"},{\"@type\":\"ListItem\",\"position\":2,\"name\":\"La Generalitat aprobar\u00e1 previsiblemente el d\u00eda 20 los presupuestos. \u00bfDe qu\u00e9 van a servir?\"}]},{\"@type\":\"WebSite\",\"@id\":\"https:\/\/conversesacatalunya.cat\/#website\",\"url\":\"https:\/\/conversesacatalunya.cat\/\",\"name\":\"Converses a Catalunya\",\"description\":\"\",\"potentialAction\":[{\"@type\":\"SearchAction\",\"target\":{\"@type\":\"EntryPoint\",\"urlTemplate\":\"https:\/\/conversesacatalunya.cat\/?s={search_term_string}\"},\"query-input\":{\"@type\":\"PropertyValueSpecification\",\"valueRequired\":true,\"valueName\":\"search_term_string\"}}],\"inLanguage\":\"es\"},{\"@type\":\"Person\",\"@id\":\"https:\/\/conversesacatalunya.cat\/#\/schema\/person\/7e24d1e54a2785373ddcb275eae5ed99\",\"name\":\"conversesacatalunya\",\"image\":{\"@type\":\"ImageObject\",\"inLanguage\":\"es\",\"@id\":\"https:\/\/conversesacatalunya.cat\/#\/schema\/person\/image\/\",\"url\":\"https:\/\/conversesacatalunya.cat\/wp-content\/litespeed\/avatar\/febdfeeec89d950f01c748045a981dd2.jpg?ver=1777314535\",\"contentUrl\":\"https:\/\/conversesacatalunya.cat\/wp-content\/litespeed\/avatar\/febdfeeec89d950f01c748045a981dd2.jpg?ver=1777314535\",\"caption\":\"conversesacatalunya\"},\"url\":\"https:\/\/conversesacatalunya.cat\/es\/author\/carme_catala\/\"}]}<\/script>\n<!-- \/ Yoast SEO plugin. -->","yoast_head_json":{"title":"La Generalitat aprobar\u00e1 previsiblemente el d\u00eda 20 los presupuestos. \u00bfDe qu\u00e9 van a servir? - Converses a Catalunya","robots":{"index":"index","follow":"follow","max-snippet":"max-snippet:-1","max-image-preview":"max-image-preview:large","max-video-preview":"max-video-preview:-1"},"canonical":"https:\/\/conversesacatalunya.cat\/es\/la-generalitat-aprobara-previsiblemente-el-dia-20-los-presupuestos-de-que-van-a-servir\/","og_locale":"es_ES","og_type":"article","og_title":"La Generalitat aprobar\u00e1 previsiblemente el d\u00eda 20 los presupuestos. \u00bfDe qu\u00e9 van a servir? - Converses a Catalunya","og_description":"Si las discrepancias internas no acaban impidi\u00e9ndolo a \u00faltima hora, la Generalitat aprobar\u00e1 el presupuesto para el a\u00f1o en curso el pr\u00f3ximo d\u00eda 20. El problema radica en que este presupuesto fue dise\u00f1ado mucho antes de que la pandemia ocasionara los actuales estragos y por lo tanto no da respuesta a las necesidades que se pueden plantear a lo largo de este a\u00f1o. Para Esquerra Republicana y su m\u00e1ximo representante en el Gobierno, el vicepresidente y consejero de Econom\u00eda y Finanzas, Pere Aragon\u00e9s, la aprobaci\u00f3n es la culminaci\u00f3n de su trayectoria pol\u00edtica, al menos antes de que el coronavirus lo cambiara todo. El presupuesto aprobado significaba tres cosas: la culminaci\u00f3n del liderazgo de aquel partido y de Aragon\u00e9s en el Gobierno, la demostraci\u00f3n de que Esquerra era un partido solvente y que nada ten\u00eda que ver con el \u00abDrag\u00f3n Khan\u00bb de la \u00e9poca de Pascual Maragall, y la fama de insolventes que en aquel momento alcanzaron, y finalmente, a trav\u00e9s del discurso de la primac\u00eda de lo social, favorecer la brillantez de los departamentos que tiene ERC a su cargo, Sanidad, Trabajo y Asuntos Sociales y Educaci\u00f3n, dot\u00e1ndolos de los mayores incrementos presupuestarios. El problema es que ahora lo que se apruebe ser\u00e1 en la pr\u00e1ctica papel mojado. La idea de que es mejor esto que ning\u00fan presupuesto es falsa, porque significa que hurtar\u00e1 el control parlamentario de su gesti\u00f3n, a pesar de que esta es la tarea primordial del Parlamento. Aragon\u00e9s razona que con el presupuesto aprobado se pueden cambiar las partidas para adecuarlo a las necesidades. Esto es en parte cierto, aunque dentro de unos l\u00edmites, si no la aprobaci\u00f3n de cualquier presupuesto no tendr\u00eda ning\u00fan valor porque despu\u00e9s el Ejecutivo podr\u00eda trastocarlo a su gusto. Pero junto con la limitaci\u00f3n hay otro factor importante, porque la modificaci\u00f3n de partidas presupuestarias no pasa necesariamente por el control parlamentario, y en todo caso, pasado el tiempo, el pr\u00f3ximo a\u00f1o, cuando se presente la liquidaci\u00f3n de cuentas, es decir, cuando no haya nada que hacer, s\u00ed podr\u00e1 decir el Parlamento la suya. Pero es que adem\u00e1s las cifras que se presentan no responden a ninguna realidad. El caso m\u00e1s flagrante es el de Sanidad. Se calcula que la pandemia costar\u00e1 al departamento 1.800 millones de euros adicionales a los disponibles, en los actuales presupuestos prorrogados. Pero la previsi\u00f3n de aumento para el ejercicio 2020 era de 900 millones, que era mucho en condiciones normales, pero que ahora son los que cubren el 50% de lo necesario. El resto debe salir de otras partes. Por la v\u00eda del ingreso sucede algo parecido: las previsiones se han derrumbado, porque los ingresos fiscales ser\u00e1n mucho m\u00e1s peque\u00f1os. Es pronto para saber la medida del a\u00f1o, pero en todo caso ser\u00e1 muy importante, y en ninguna manera se ajusta a lo que el presupuesto de Aragon\u00e9s establece. Y todav\u00eda hay una tercera raz\u00f3n. Cuando se previeron las cifras y la prioridad para el gasto social, la econom\u00eda catalana funcionaba razonablemente bien, con unas perspectivas de una cierta ralentizaci\u00f3n, pero nada m\u00e1s. Ahora muchas empresas cerrar\u00e1n, y con ello se perder\u00e1n puestos de trabajo. Una estrategia necesaria para la salida de la crisis es animar de una manera decisiva el sistema productivo, y esto significa gasto en este sentido e inversiones en obra p\u00fablica, todo lo contrario de lo que contempla el presupuesto que se quiere aprobar. Las preguntas son obvias. \u00bfQu\u00e9 servicio va a ofrecer a Catalu\u00f1a y a los catalanes este presupuesto? \u00bfNo es mucho mejor retrasar su aprobaci\u00f3n y presentar unas cuentas que respondan mucho mejor a la nueva e ins\u00f3lita realidad? \u00bfA qui\u00e9n beneficia este hecho pol\u00edtico? M\u00e1s informaci\u00f3n sobre el coronavirus en ESPECIAL CORONAVIRUS","og_url":"https:\/\/conversesacatalunya.cat\/es\/la-generalitat-aprobara-previsiblemente-el-dia-20-los-presupuestos-de-que-van-a-servir\/","og_site_name":"Converses a Catalunya","article_published_time":"2020-04-14T10:51:12+00:00","og_image":[{"width":690,"height":309,"url":"https:\/\/conversesacatalunya.cat\/wp-content\/uploads\/2020\/04\/pressupostos.jpg","type":"image\/jpeg"}],"author":"conversesacatalunya","twitter_card":"summary_large_image","twitter_misc":{"Escrito por":"conversesacatalunya","Tiempo de lectura":"3 minutos"},"schema":{"@context":"https:\/\/schema.org","@graph":[{"@type":"Article","@id":"https:\/\/conversesacatalunya.cat\/es\/la-generalitat-aprobara-previsiblemente-el-dia-20-los-presupuestos-de-que-van-a-servir\/#article","isPartOf":{"@id":"https:\/\/conversesacatalunya.cat\/es\/la-generalitat-aprobara-previsiblemente-el-dia-20-los-presupuestos-de-que-van-a-servir\/"},"author":{"name":"conversesacatalunya","@id":"https:\/\/conversesacatalunya.cat\/#\/schema\/person\/7e24d1e54a2785373ddcb275eae5ed99"},"headline":"La Generalitat aprobar\u00e1 previsiblemente el d\u00eda 20 los presupuestos. \u00bfDe qu\u00e9 van a servir?","datePublished":"2020-04-14T10:51:12+00:00","mainEntityOfPage":{"@id":"https:\/\/conversesacatalunya.cat\/es\/la-generalitat-aprobara-previsiblemente-el-dia-20-los-presupuestos-de-que-van-a-servir\/"},"wordCount":701,"commentCount":0,"image":{"@id":"https:\/\/conversesacatalunya.cat\/es\/la-generalitat-aprobara-previsiblemente-el-dia-20-los-presupuestos-de-que-van-a-servir\/#primaryimage"},"thumbnailUrl":"https:\/\/conversesacatalunya.cat\/wp-content\/uploads\/2020\/04\/pressupostos.jpg","keywords":["coronavirus","presupuestos","sanidad catalana"],"articleSection":["Especial Coronavirus (ES)","Punts clau del dia (ES)"],"inLanguage":"es","potentialAction":[{"@type":"CommentAction","name":"Comment","target":["https:\/\/conversesacatalunya.cat\/es\/la-generalitat-aprobara-previsiblemente-el-dia-20-los-presupuestos-de-que-van-a-servir\/#respond"]}]},{"@type":"WebPage","@id":"https:\/\/conversesacatalunya.cat\/es\/la-generalitat-aprobara-previsiblemente-el-dia-20-los-presupuestos-de-que-van-a-servir\/","url":"https:\/\/conversesacatalunya.cat\/es\/la-generalitat-aprobara-previsiblemente-el-dia-20-los-presupuestos-de-que-van-a-servir\/","name":"La Generalitat aprobar\u00e1 previsiblemente el d\u00eda 20 los presupuestos. \u00bfDe qu\u00e9 van a servir? - Converses a Catalunya","isPartOf":{"@id":"https:\/\/conversesacatalunya.cat\/#website"},"primaryImageOfPage":{"@id":"https:\/\/conversesacatalunya.cat\/es\/la-generalitat-aprobara-previsiblemente-el-dia-20-los-presupuestos-de-que-van-a-servir\/#primaryimage"},"image":{"@id":"https:\/\/conversesacatalunya.cat\/es\/la-generalitat-aprobara-previsiblemente-el-dia-20-los-presupuestos-de-que-van-a-servir\/#primaryimage"},"thumbnailUrl":"https:\/\/conversesacatalunya.cat\/wp-content\/uploads\/2020\/04\/pressupostos.jpg","datePublished":"2020-04-14T10:51:12+00:00","author":{"@id":"https:\/\/conversesacatalunya.cat\/#\/schema\/person\/7e24d1e54a2785373ddcb275eae5ed99"},"breadcrumb":{"@id":"https:\/\/conversesacatalunya.cat\/es\/la-generalitat-aprobara-previsiblemente-el-dia-20-los-presupuestos-de-que-van-a-servir\/#breadcrumb"},"inLanguage":"es","potentialAction":[{"@type":"ReadAction","target":["https:\/\/conversesacatalunya.cat\/es\/la-generalitat-aprobara-previsiblemente-el-dia-20-los-presupuestos-de-que-van-a-servir\/"]}]},{"@type":"ImageObject","inLanguage":"es","@id":"https:\/\/conversesacatalunya.cat\/es\/la-generalitat-aprobara-previsiblemente-el-dia-20-los-presupuestos-de-que-van-a-servir\/#primaryimage","url":"https:\/\/conversesacatalunya.cat\/wp-content\/uploads\/2020\/04\/pressupostos.jpg","contentUrl":"https:\/\/conversesacatalunya.cat\/wp-content\/uploads\/2020\/04\/pressupostos.jpg","width":690,"height":309,"caption":"presupuestos"},{"@type":"BreadcrumbList","@id":"https:\/\/conversesacatalunya.cat\/es\/la-generalitat-aprobara-previsiblemente-el-dia-20-los-presupuestos-de-que-van-a-servir\/#breadcrumb","itemListElement":[{"@type":"ListItem","position":1,"name":"Inici","item":"https:\/\/conversesacatalunya.cat\/es\/"},{"@type":"ListItem","position":2,"name":"La Generalitat aprobar\u00e1 previsiblemente el d\u00eda 20 los presupuestos. \u00bfDe qu\u00e9 van a servir?"}]},{"@type":"WebSite","@id":"https:\/\/conversesacatalunya.cat\/#website","url":"https:\/\/conversesacatalunya.cat\/","name":"Converses a Catalunya","description":"","potentialAction":[{"@type":"SearchAction","target":{"@type":"EntryPoint","urlTemplate":"https:\/\/conversesacatalunya.cat\/?s={search_term_string}"},"query-input":{"@type":"PropertyValueSpecification","valueRequired":true,"valueName":"search_term_string"}}],"inLanguage":"es"},{"@type":"Person","@id":"https:\/\/conversesacatalunya.cat\/#\/schema\/person\/7e24d1e54a2785373ddcb275eae5ed99","name":"conversesacatalunya","image":{"@type":"ImageObject","inLanguage":"es","@id":"https:\/\/conversesacatalunya.cat\/#\/schema\/person\/image\/","url":"https:\/\/conversesacatalunya.cat\/wp-content\/litespeed\/avatar\/febdfeeec89d950f01c748045a981dd2.jpg?ver=1777314535","contentUrl":"https:\/\/conversesacatalunya.cat\/wp-content\/litespeed\/avatar\/febdfeeec89d950f01c748045a981dd2.jpg?ver=1777314535","caption":"conversesacatalunya"},"url":"https:\/\/conversesacatalunya.cat\/es\/author\/carme_catala\/"}]}},"wps_subtitle":"","_links":{"self":[{"href":"https:\/\/conversesacatalunya.cat\/es\/wp-json\/wp\/v2\/posts\/34960","targetHints":{"allow":["GET"]}}],"collection":[{"href":"https:\/\/conversesacatalunya.cat\/es\/wp-json\/wp\/v2\/posts"}],"about":[{"href":"https:\/\/conversesacatalunya.cat\/es\/wp-json\/wp\/v2\/types\/post"}],"author":[{"embeddable":true,"href":"https:\/\/conversesacatalunya.cat\/es\/wp-json\/wp\/v2\/users\/2"}],"replies":[{"embeddable":true,"href":"https:\/\/conversesacatalunya.cat\/es\/wp-json\/wp\/v2\/comments?post=34960"}],"version-history":[{"count":1,"href":"https:\/\/conversesacatalunya.cat\/es\/wp-json\/wp\/v2\/posts\/34960\/revisions"}],"predecessor-version":[{"id":34963,"href":"https:\/\/conversesacatalunya.cat\/es\/wp-json\/wp\/v2\/posts\/34960\/revisions\/34963"}],"wp:featuredmedia":[{"embeddable":true,"href":"https:\/\/conversesacatalunya.cat\/es\/wp-json\/wp\/v2\/media\/34961"}],"wp:attachment":[{"href":"https:\/\/conversesacatalunya.cat\/es\/wp-json\/wp\/v2\/media?parent=34960"}],"wp:term":[{"taxonomy":"category","embeddable":true,"href":"https:\/\/conversesacatalunya.cat\/es\/wp-json\/wp\/v2\/categories?post=34960"},{"taxonomy":"post_tag","embeddable":true,"href":"https:\/\/conversesacatalunya.cat\/es\/wp-json\/wp\/v2\/tags?post=34960"}],"curies":[{"name":"wp","href":"https:\/\/api.w.org\/{rel}","templated":true}]}}