{"id":34951,"date":"2020-04-14T11:29:19","date_gmt":"2020-04-14T09:29:19","guid":{"rendered":"https:\/\/conversesacatalunya.cat\/l-amor-es-potencia-millor-nosaltres\/"},"modified":"2020-04-14T11:44:55","modified_gmt":"2020-04-14T09:44:55","slug":"el-amor-es-potencia-mejor-de-nosotros","status":"publish","type":"post","link":"https:\/\/conversesacatalunya.cat\/es\/el-amor-es-potencia-mejor-de-nosotros\/","title":{"rendered":"El Amor es potencia, porque multiplica lo mejor de nosotros"},"content":{"rendered":"<p><span class=\"notranslate\">El amor, la bondad y todas sus formas, no ocupan titulares en los peri\u00f3dicos.<\/span>\u00a0<span class=\"notranslate\"><strong>El mal parece tener m\u00e1s audiencia que el bien, especialmente cuando se presenta de forma escabrosa y sensacionalista.<\/strong><\/span>\u00a0<span class=\"notranslate\">Desde el punto de vista informativo, parece que el mal seduce m\u00e1s que el bien.<\/span>\u00a0<span class=\"notranslate\">Cabe preguntarse, por qu\u00e9 si el bien nos beneficia y el mal nos perjudica?<\/span>\u00a0<span class=\"notranslate\">Sencillamente, porque este mal que se nos presenta en los peri\u00f3dicos, no nos ataca a nosotros sino a personas desconocidas, y nosotros hacemos de espectadores pasivos de estas barbaridades, y hacemos de la barbarie un entretenimiento.<\/span><\/p>\n<p><span class=\"notranslate\">Pero debemos pensar, que hacer espect\u00e1culo del mal ajeno, es una actitud profundamente inhumana.<\/span>\u00a0<span class=\"notranslate\">Pero he a quien que\u00a0<strong>cuando el mal ronda cerca de nosotros, la situaci\u00f3n cambia.<\/strong><\/span><\/p>\n<p><span class=\"notranslate\">Un virus ha puesto el \u00aball\u00bb en el coraz\u00f3n de la humanidad entera.<\/span>\u00a0<span class=\"notranslate\">La gente escucha informaciones, para saber c\u00f3mo evoluciona la pandemia.<\/span>\u00a0<span class=\"notranslate\">El mal ha sido de tal magnitud, que probablemente cambiar\u00e1 nuestra manera de vivir.<\/span>\u00a0<span class=\"notranslate\">Ahora que cualquiera de nosotros puede recibir la visita del virus, sentimos respeto y admiraci\u00f3n por el mundo de la sanidad, y aplaudimos diariamente el comportamiento heroico del personal sanitario, que para salvar vidas pone en riesgo sus.<\/span>\u00a0<span class=\"notranslate\">Y\u00a0<strong>de repente vemos las cosas de otra manera.<\/strong><\/span><\/p>\n<p><span class=\"notranslate\">Lo que antes acaparaba todas las miradas, como las novedades futbol\u00edsticas, la prensa rosa, o el \u00faltimo asesinato de violencia machista, ahora deja paso a algo mucho m\u00e1s humano.<\/span>\u00a0<span class=\"notranslate\">El seguimiento de la pandemia, que es signo de despertar la valoraci\u00f3n de la vida y de la salud.<\/span>\u00a0<span class=\"notranslate\">Y vemos con admiraci\u00f3n la abnegaci\u00f3n y esfuerzo que hay en los hospitales.<\/span><\/p>\n<p><span class=\"notranslate\">Las grandes esperanzas de la humanidad se van haciendo realidad.<\/span>\u00a0<span class=\"notranslate\"><strong>La solidaridad toma formas muy diversas.<\/strong><\/span>\u00a0<span class=\"notranslate\">Comienza en el \u00e1mbito m\u00e1s cercano, con la familia, el vecindario, el c\u00edrculo de amigos y conocidos.<\/span>\u00a0<span class=\"notranslate\">La situaci\u00f3n de confinamiento ha generado desempleo y problemas econ\u00f3micos, que han obligado a compartir bienes.<\/span>\u00a0<span class=\"notranslate\">Es una situaci\u00f3n que puede parecer tr\u00e1gica, pero es especialmente educativa, porque nos invita a la austeridad y al consumo responsable, y\u00a0<strong>nos ense\u00f1a a abandonar rutinas y abrir nuevas expectativas.<\/strong><\/span><\/p>\n<p><span class=\"notranslate\">Tener el coraje de transformar actividades y aprender a vivir mejor, con menos recursos.<\/span>\u00a0<span class=\"notranslate\">Y creer firmemente como dijo\u00a0<strong>Albert Einstein<\/strong>\u00a0<strong>en su fila<\/strong>\u00a0en una carta,\u00a0<em>que la m\u00e1s invisible y poderosa de todas las fuerzas, la fuerza m\u00e1s universal con capacidad para cambiarlo todo, es el amor.<\/em><\/span>\u00a0<span class=\"notranslate\">El amor es luz, porque ilumina nuestras vidas.<\/span>\u00a0<span class=\"notranslate\">El amor es gravedad, porque nos acerca unos a otros.<\/span>\u00a0<span class=\"notranslate\">El amor es potencia, porque multiplica el mejor de nosotros.<\/span>\u00a0<span class=\"notranslate\">En definitiva: el amor es la \u00fanica fuerza que puede cambiar el mundo.<\/span><\/p>\n<p style=\"text-align: center;\"><a href=\"https:\/\/conversesacatalunya.cat\/es\/coronavirus\/\" target=\"_blank\" rel=\"noopener noreferrer\"><strong>M\u00e1s informaci\u00f3n ESPECIAL CORONAVIRUS<\/strong><\/a><\/p>\n<p><strong><span class='bctt-click-to-tweet'><span class='bctt-ctt-text'><a href='https:\/\/twitter.com\/intent\/tweet?url=https%3A%2F%2Fconversesacatalunya.cat%2Fes%2Fel-amor-es-potencia-mejor-de-nosotros%2F&#038;text=La%20m%C3%A1s%20invisible%20y%20poderosa%20de%20todas%20las%20fuerzas%2C%20la%20fuerza%20m%C3%A1s%20universal%20con%20capacidad%20para%20cambiarlo%20todo%2C%20es%20el%20amor&#038;via=conversesacat&#038;related=conversesacat' target='_blank'rel=\"noopener noreferrer\">La m\u00e1s invisible y poderosa de todas las fuerzas, la fuerza m\u00e1s universal con capacidad para cambiarlo todo, es el amor <\/a><\/span><a href='https:\/\/twitter.com\/intent\/tweet?url=https%3A%2F%2Fconversesacatalunya.cat%2Fes%2Fel-amor-es-potencia-mejor-de-nosotros%2F&#038;text=La%20m%C3%A1s%20invisible%20y%20poderosa%20de%20todas%20las%20fuerzas%2C%20la%20fuerza%20m%C3%A1s%20universal%20con%20capacidad%20para%20cambiarlo%20todo%2C%20es%20el%20amor&#038;via=conversesacat&#038;related=conversesacat' target='_blank' class='bctt-ctt-btn'rel=\"noopener noreferrer\">Compartir en X<\/a><\/span><\/strong><\/p>\n","protected":false},"excerpt":{"rendered":"<p>El amor, la bondad y todas sus formas, no ocupan titulares en los peri\u00f3dicos.\u00a0El mal parece tener m\u00e1s audiencia que el bien, especialmente cuando se presenta de forma escabrosa y sensacionalista.\u00a0Desde el punto de vista informativo, parece que el mal seduce m\u00e1s que el bien.\u00a0Cabe preguntarse, por qu\u00e9 si el bien nos beneficia y el mal nos perjudica?\u00a0Sencillamente, porque este mal que se nos presenta en los peri\u00f3dicos, no nos ataca a nosotros sino a personas desconocidas, y nosotros hacemos de espectadores pasivos de estas barbaridades, y hacemos de la barbarie un entretenimiento. Pero debemos pensar, que hacer espect\u00e1culo del mal ajeno, es una actitud profundamente inhumana.\u00a0Pero he a quien que\u00a0cuando el mal ronda cerca de nosotros, la situaci\u00f3n cambia. Un virus ha puesto el \u00aball\u00bb en el coraz\u00f3n de la humanidad entera.\u00a0La gente escucha informaciones, para saber c\u00f3mo evoluciona la pandemia.\u00a0El mal ha sido de tal magnitud, que probablemente cambiar\u00e1 nuestra manera de vivir.\u00a0Ahora que cualquiera de nosotros puede recibir la visita del virus, sentimos respeto y admiraci\u00f3n por el mundo de la sanidad, y aplaudimos diariamente el comportamiento heroico del personal sanitario, que para salvar vidas pone en riesgo sus.\u00a0Y\u00a0de repente vemos las cosas de otra manera. Lo que antes acaparaba todas las miradas, como las novedades futbol\u00edsticas, la prensa rosa, o el \u00faltimo asesinato de violencia machista, ahora deja paso a algo mucho m\u00e1s humano.\u00a0El seguimiento de la pandemia, que es signo de despertar la valoraci\u00f3n de la vida y de la salud.\u00a0Y vemos con admiraci\u00f3n la abnegaci\u00f3n y esfuerzo que hay en los hospitales. Las grandes esperanzas de la humanidad se van haciendo realidad.\u00a0La solidaridad toma formas muy diversas.\u00a0Comienza en el \u00e1mbito m\u00e1s cercano, con la familia, el vecindario, el c\u00edrculo de amigos y conocidos.\u00a0La situaci\u00f3n de confinamiento ha generado desempleo y problemas econ\u00f3micos, que han obligado a compartir bienes.\u00a0Es una situaci\u00f3n que puede parecer tr\u00e1gica, pero es especialmente educativa, porque nos invita a la austeridad y al consumo responsable, y\u00a0nos ense\u00f1a a abandonar rutinas y abrir nuevas expectativas. Tener el coraje de transformar actividades y aprender a vivir mejor, con menos recursos.\u00a0Y creer firmemente como dijo\u00a0Albert Einstein\u00a0en su fila\u00a0en una carta,\u00a0que la m\u00e1s invisible y poderosa de todas las fuerzas, la fuerza m\u00e1s universal con capacidad para cambiarlo todo, es el amor.\u00a0El amor es luz, porque ilumina nuestras vidas.\u00a0El amor es gravedad, porque nos acerca unos a otros.\u00a0El amor es potencia, porque multiplica el mejor de nosotros.\u00a0En definitiva: el amor es la \u00fanica fuerza que puede cambiar el mundo. M\u00e1s informaci\u00f3n ESPECIAL CORONAVIRUS<\/p>\n","protected":false},"author":16,"featured_media":34948,"comment_status":"open","ping_status":"open","sticky":false,"template":"","format":"standard","meta":{"_FSMCFIC_featured_image_caption":"","_FSMCFIC_featured_image_nocaption":"","_FSMCFIC_featured_image_hide":"","footnotes":""},"categories":[1772,804],"tags":[2130,2133,2134,2109],"class_list":["post-34951","post","type-post","status-publish","format-standard","has-post-thumbnail","hentry","category-especial-coronavirus-es","category-opinem-es","tag-amor-es","tag-bondad","tag-humanidad","tag-solidaridad"],"yoast_head":"<!-- This site is optimized with the Yoast SEO plugin v26.8 - https:\/\/yoast.com\/product\/yoast-seo-wordpress\/ -->\n<title>El Amor es potencia, porque multiplica lo mejor de nosotros - Converses a Catalunya<\/title>\n<meta name=\"description\" content=\"El amor es luz, porque ilumina nuestras vidas.\u00a0El amor es gravedad, porque nos acerca unos a otros Aprendrer a vivir mejor, con menos recursos.\" \/>\n<meta name=\"robots\" content=\"index, follow, max-snippet:-1, max-image-preview:large, max-video-preview:-1\" \/>\n<link rel=\"canonical\" href=\"https:\/\/conversesacatalunya.cat\/es\/el-amor-es-potencia-mejor-de-nosotros\/\" \/>\n<meta property=\"og:locale\" content=\"es_ES\" \/>\n<meta property=\"og:type\" content=\"article\" \/>\n<meta property=\"og:title\" content=\"El Amor es potencia, porque multiplica lo mejor de nosotros - Converses a Catalunya\" \/>\n<meta property=\"og:description\" content=\"El amor es luz, porque ilumina nuestras vidas.\u00a0El amor es gravedad, porque nos acerca unos a otros Aprendrer a vivir mejor, con menos recursos.\" \/>\n<meta property=\"og:url\" content=\"https:\/\/conversesacatalunya.cat\/es\/el-amor-es-potencia-mejor-de-nosotros\/\" \/>\n<meta property=\"og:site_name\" content=\"Converses a Catalunya\" \/>\n<meta property=\"article:published_time\" content=\"2020-04-14T09:29:19+00:00\" \/>\n<meta property=\"article:modified_time\" content=\"2020-04-14T09:44:55+00:00\" \/>\n<meta property=\"og:image\" content=\"https:\/\/conversesacatalunya.cat\/wp-content\/uploads\/2020\/04\/Amor.jpg\" \/>\n\t<meta property=\"og:image:width\" content=\"600\" \/>\n\t<meta property=\"og:image:height\" content=\"450\" \/>\n\t<meta property=\"og:image:type\" content=\"image\/jpeg\" \/>\n<meta name=\"author\" content=\"Antoni Pedragosa\" \/>\n<meta name=\"twitter:card\" content=\"summary_large_image\" \/>\n<meta name=\"twitter:label1\" content=\"Escrito por\" \/>\n\t<meta name=\"twitter:data1\" content=\"Antoni Pedragosa\" \/>\n\t<meta name=\"twitter:label2\" content=\"Tiempo de lectura\" \/>\n\t<meta name=\"twitter:data2\" content=\"2 minutos\" \/>\n<script type=\"application\/ld+json\" class=\"yoast-schema-graph\">{\"@context\":\"https:\/\/schema.org\",\"@graph\":[{\"@type\":\"Article\",\"@id\":\"https:\/\/conversesacatalunya.cat\/es\/el-amor-es-potencia-mejor-de-nosotros\/#article\",\"isPartOf\":{\"@id\":\"https:\/\/conversesacatalunya.cat\/es\/el-amor-es-potencia-mejor-de-nosotros\/\"},\"author\":{\"name\":\"Antoni Pedragosa\",\"@id\":\"https:\/\/conversesacatalunya.cat\/#\/schema\/person\/c7d367ce5cf939081390b9cff82b9efa\"},\"headline\":\"El Amor es potencia, porque multiplica lo mejor de nosotros\",\"datePublished\":\"2020-04-14T09:29:19+00:00\",\"dateModified\":\"2020-04-14T09:44:55+00:00\",\"mainEntityOfPage\":{\"@id\":\"https:\/\/conversesacatalunya.cat\/es\/el-amor-es-potencia-mejor-de-nosotros\/\"},\"wordCount\":507,\"commentCount\":0,\"image\":{\"@id\":\"https:\/\/conversesacatalunya.cat\/es\/el-amor-es-potencia-mejor-de-nosotros\/#primaryimage\"},\"thumbnailUrl\":\"https:\/\/conversesacatalunya.cat\/wp-content\/uploads\/2020\/04\/Amor.jpg\",\"keywords\":[\"amor\",\"bondad\",\"humanidad\",\"solidaridad\"],\"articleSection\":[\"Especial Coronavirus (ES)\",\"Opinem (ES)\"],\"inLanguage\":\"es\",\"potentialAction\":[{\"@type\":\"CommentAction\",\"name\":\"Comment\",\"target\":[\"https:\/\/conversesacatalunya.cat\/es\/el-amor-es-potencia-mejor-de-nosotros\/#respond\"]}]},{\"@type\":\"WebPage\",\"@id\":\"https:\/\/conversesacatalunya.cat\/es\/el-amor-es-potencia-mejor-de-nosotros\/\",\"url\":\"https:\/\/conversesacatalunya.cat\/es\/el-amor-es-potencia-mejor-de-nosotros\/\",\"name\":\"El Amor es potencia, porque multiplica lo mejor de nosotros - Converses a Catalunya\",\"isPartOf\":{\"@id\":\"https:\/\/conversesacatalunya.cat\/#website\"},\"primaryImageOfPage\":{\"@id\":\"https:\/\/conversesacatalunya.cat\/es\/el-amor-es-potencia-mejor-de-nosotros\/#primaryimage\"},\"image\":{\"@id\":\"https:\/\/conversesacatalunya.cat\/es\/el-amor-es-potencia-mejor-de-nosotros\/#primaryimage\"},\"thumbnailUrl\":\"https:\/\/conversesacatalunya.cat\/wp-content\/uploads\/2020\/04\/Amor.jpg\",\"datePublished\":\"2020-04-14T09:29:19+00:00\",\"dateModified\":\"2020-04-14T09:44:55+00:00\",\"author\":{\"@id\":\"https:\/\/conversesacatalunya.cat\/#\/schema\/person\/c7d367ce5cf939081390b9cff82b9efa\"},\"description\":\"El amor es luz, porque ilumina nuestras vidas.\u00a0El amor es gravedad, porque nos acerca unos a otros Aprendrer a vivir mejor, con menos recursos.\",\"breadcrumb\":{\"@id\":\"https:\/\/conversesacatalunya.cat\/es\/el-amor-es-potencia-mejor-de-nosotros\/#breadcrumb\"},\"inLanguage\":\"es\",\"potentialAction\":[{\"@type\":\"ReadAction\",\"target\":[\"https:\/\/conversesacatalunya.cat\/es\/el-amor-es-potencia-mejor-de-nosotros\/\"]}]},{\"@type\":\"ImageObject\",\"inLanguage\":\"es\",\"@id\":\"https:\/\/conversesacatalunya.cat\/es\/el-amor-es-potencia-mejor-de-nosotros\/#primaryimage\",\"url\":\"https:\/\/conversesacatalunya.cat\/wp-content\/uploads\/2020\/04\/Amor.jpg\",\"contentUrl\":\"https:\/\/conversesacatalunya.cat\/wp-content\/uploads\/2020\/04\/Amor.jpg\",\"width\":600,\"height\":450},{\"@type\":\"BreadcrumbList\",\"@id\":\"https:\/\/conversesacatalunya.cat\/es\/el-amor-es-potencia-mejor-de-nosotros\/#breadcrumb\",\"itemListElement\":[{\"@type\":\"ListItem\",\"position\":1,\"name\":\"Inici\",\"item\":\"https:\/\/conversesacatalunya.cat\/es\/\"},{\"@type\":\"ListItem\",\"position\":2,\"name\":\"El Amor es potencia, porque multiplica lo mejor de nosotros\"}]},{\"@type\":\"WebSite\",\"@id\":\"https:\/\/conversesacatalunya.cat\/#website\",\"url\":\"https:\/\/conversesacatalunya.cat\/\",\"name\":\"Converses a Catalunya\",\"description\":\"\",\"potentialAction\":[{\"@type\":\"SearchAction\",\"target\":{\"@type\":\"EntryPoint\",\"urlTemplate\":\"https:\/\/conversesacatalunya.cat\/?s={search_term_string}\"},\"query-input\":{\"@type\":\"PropertyValueSpecification\",\"valueRequired\":true,\"valueName\":\"search_term_string\"}}],\"inLanguage\":\"es\"},{\"@type\":\"Person\",\"@id\":\"https:\/\/conversesacatalunya.cat\/#\/schema\/person\/c7d367ce5cf939081390b9cff82b9efa\",\"name\":\"Antoni Pedragosa\",\"image\":{\"@type\":\"ImageObject\",\"inLanguage\":\"es\",\"@id\":\"https:\/\/conversesacatalunya.cat\/#\/schema\/person\/image\/\",\"url\":\"https:\/\/conversesacatalunya.cat\/wp-content\/litespeed\/avatar\/a65bdd7b7b57e4f85109aaf65843a0eb.jpg?ver=1777376633\",\"contentUrl\":\"https:\/\/conversesacatalunya.cat\/wp-content\/litespeed\/avatar\/a65bdd7b7b57e4f85109aaf65843a0eb.jpg?ver=1777376633\",\"caption\":\"Antoni Pedragosa\"},\"url\":\"https:\/\/conversesacatalunya.cat\/es\/author\/antoni-pedragosa\/\"}]}<\/script>\n<!-- \/ Yoast SEO plugin. -->","yoast_head_json":{"title":"El Amor es potencia, porque multiplica lo mejor de nosotros - Converses a Catalunya","description":"El amor es luz, porque ilumina nuestras vidas.\u00a0El amor es gravedad, porque nos acerca unos a otros Aprendrer a vivir mejor, con menos recursos.","robots":{"index":"index","follow":"follow","max-snippet":"max-snippet:-1","max-image-preview":"max-image-preview:large","max-video-preview":"max-video-preview:-1"},"canonical":"https:\/\/conversesacatalunya.cat\/es\/el-amor-es-potencia-mejor-de-nosotros\/","og_locale":"es_ES","og_type":"article","og_title":"El Amor es potencia, porque multiplica lo mejor de nosotros - Converses a Catalunya","og_description":"El amor es luz, porque ilumina nuestras vidas.\u00a0El amor es gravedad, porque nos acerca unos a otros Aprendrer a vivir mejor, con menos recursos.","og_url":"https:\/\/conversesacatalunya.cat\/es\/el-amor-es-potencia-mejor-de-nosotros\/","og_site_name":"Converses a Catalunya","article_published_time":"2020-04-14T09:29:19+00:00","article_modified_time":"2020-04-14T09:44:55+00:00","og_image":[{"width":600,"height":450,"url":"https:\/\/conversesacatalunya.cat\/wp-content\/uploads\/2020\/04\/Amor.jpg","type":"image\/jpeg"}],"author":"Antoni Pedragosa","twitter_card":"summary_large_image","twitter_misc":{"Escrito por":"Antoni Pedragosa","Tiempo de lectura":"2 minutos"},"schema":{"@context":"https:\/\/schema.org","@graph":[{"@type":"Article","@id":"https:\/\/conversesacatalunya.cat\/es\/el-amor-es-potencia-mejor-de-nosotros\/#article","isPartOf":{"@id":"https:\/\/conversesacatalunya.cat\/es\/el-amor-es-potencia-mejor-de-nosotros\/"},"author":{"name":"Antoni Pedragosa","@id":"https:\/\/conversesacatalunya.cat\/#\/schema\/person\/c7d367ce5cf939081390b9cff82b9efa"},"headline":"El Amor es potencia, porque multiplica lo mejor de nosotros","datePublished":"2020-04-14T09:29:19+00:00","dateModified":"2020-04-14T09:44:55+00:00","mainEntityOfPage":{"@id":"https:\/\/conversesacatalunya.cat\/es\/el-amor-es-potencia-mejor-de-nosotros\/"},"wordCount":507,"commentCount":0,"image":{"@id":"https:\/\/conversesacatalunya.cat\/es\/el-amor-es-potencia-mejor-de-nosotros\/#primaryimage"},"thumbnailUrl":"https:\/\/conversesacatalunya.cat\/wp-content\/uploads\/2020\/04\/Amor.jpg","keywords":["amor","bondad","humanidad","solidaridad"],"articleSection":["Especial Coronavirus (ES)","Opinem (ES)"],"inLanguage":"es","potentialAction":[{"@type":"CommentAction","name":"Comment","target":["https:\/\/conversesacatalunya.cat\/es\/el-amor-es-potencia-mejor-de-nosotros\/#respond"]}]},{"@type":"WebPage","@id":"https:\/\/conversesacatalunya.cat\/es\/el-amor-es-potencia-mejor-de-nosotros\/","url":"https:\/\/conversesacatalunya.cat\/es\/el-amor-es-potencia-mejor-de-nosotros\/","name":"El Amor es potencia, porque multiplica lo mejor de nosotros - Converses a Catalunya","isPartOf":{"@id":"https:\/\/conversesacatalunya.cat\/#website"},"primaryImageOfPage":{"@id":"https:\/\/conversesacatalunya.cat\/es\/el-amor-es-potencia-mejor-de-nosotros\/#primaryimage"},"image":{"@id":"https:\/\/conversesacatalunya.cat\/es\/el-amor-es-potencia-mejor-de-nosotros\/#primaryimage"},"thumbnailUrl":"https:\/\/conversesacatalunya.cat\/wp-content\/uploads\/2020\/04\/Amor.jpg","datePublished":"2020-04-14T09:29:19+00:00","dateModified":"2020-04-14T09:44:55+00:00","author":{"@id":"https:\/\/conversesacatalunya.cat\/#\/schema\/person\/c7d367ce5cf939081390b9cff82b9efa"},"description":"El amor es luz, porque ilumina nuestras vidas.\u00a0El amor es gravedad, porque nos acerca unos a otros Aprendrer a vivir mejor, con menos recursos.","breadcrumb":{"@id":"https:\/\/conversesacatalunya.cat\/es\/el-amor-es-potencia-mejor-de-nosotros\/#breadcrumb"},"inLanguage":"es","potentialAction":[{"@type":"ReadAction","target":["https:\/\/conversesacatalunya.cat\/es\/el-amor-es-potencia-mejor-de-nosotros\/"]}]},{"@type":"ImageObject","inLanguage":"es","@id":"https:\/\/conversesacatalunya.cat\/es\/el-amor-es-potencia-mejor-de-nosotros\/#primaryimage","url":"https:\/\/conversesacatalunya.cat\/wp-content\/uploads\/2020\/04\/Amor.jpg","contentUrl":"https:\/\/conversesacatalunya.cat\/wp-content\/uploads\/2020\/04\/Amor.jpg","width":600,"height":450},{"@type":"BreadcrumbList","@id":"https:\/\/conversesacatalunya.cat\/es\/el-amor-es-potencia-mejor-de-nosotros\/#breadcrumb","itemListElement":[{"@type":"ListItem","position":1,"name":"Inici","item":"https:\/\/conversesacatalunya.cat\/es\/"},{"@type":"ListItem","position":2,"name":"El Amor es potencia, porque multiplica lo mejor de nosotros"}]},{"@type":"WebSite","@id":"https:\/\/conversesacatalunya.cat\/#website","url":"https:\/\/conversesacatalunya.cat\/","name":"Converses a Catalunya","description":"","potentialAction":[{"@type":"SearchAction","target":{"@type":"EntryPoint","urlTemplate":"https:\/\/conversesacatalunya.cat\/?s={search_term_string}"},"query-input":{"@type":"PropertyValueSpecification","valueRequired":true,"valueName":"search_term_string"}}],"inLanguage":"es"},{"@type":"Person","@id":"https:\/\/conversesacatalunya.cat\/#\/schema\/person\/c7d367ce5cf939081390b9cff82b9efa","name":"Antoni Pedragosa","image":{"@type":"ImageObject","inLanguage":"es","@id":"https:\/\/conversesacatalunya.cat\/#\/schema\/person\/image\/","url":"https:\/\/conversesacatalunya.cat\/wp-content\/litespeed\/avatar\/a65bdd7b7b57e4f85109aaf65843a0eb.jpg?ver=1777376633","contentUrl":"https:\/\/conversesacatalunya.cat\/wp-content\/litespeed\/avatar\/a65bdd7b7b57e4f85109aaf65843a0eb.jpg?ver=1777376633","caption":"Antoni Pedragosa"},"url":"https:\/\/conversesacatalunya.cat\/es\/author\/antoni-pedragosa\/"}]}},"wps_subtitle":"Crisis, momento de oportunidades","_links":{"self":[{"href":"https:\/\/conversesacatalunya.cat\/es\/wp-json\/wp\/v2\/posts\/34951","targetHints":{"allow":["GET"]}}],"collection":[{"href":"https:\/\/conversesacatalunya.cat\/es\/wp-json\/wp\/v2\/posts"}],"about":[{"href":"https:\/\/conversesacatalunya.cat\/es\/wp-json\/wp\/v2\/types\/post"}],"author":[{"embeddable":true,"href":"https:\/\/conversesacatalunya.cat\/es\/wp-json\/wp\/v2\/users\/16"}],"replies":[{"embeddable":true,"href":"https:\/\/conversesacatalunya.cat\/es\/wp-json\/wp\/v2\/comments?post=34951"}],"version-history":[{"count":3,"href":"https:\/\/conversesacatalunya.cat\/es\/wp-json\/wp\/v2\/posts\/34951\/revisions"}],"predecessor-version":[{"id":34958,"href":"https:\/\/conversesacatalunya.cat\/es\/wp-json\/wp\/v2\/posts\/34951\/revisions\/34958"}],"wp:featuredmedia":[{"embeddable":true,"href":"https:\/\/conversesacatalunya.cat\/es\/wp-json\/wp\/v2\/media\/34948"}],"wp:attachment":[{"href":"https:\/\/conversesacatalunya.cat\/es\/wp-json\/wp\/v2\/media?parent=34951"}],"wp:term":[{"taxonomy":"category","embeddable":true,"href":"https:\/\/conversesacatalunya.cat\/es\/wp-json\/wp\/v2\/categories?post=34951"},{"taxonomy":"post_tag","embeddable":true,"href":"https:\/\/conversesacatalunya.cat\/es\/wp-json\/wp\/v2\/tags?post=34951"}],"curies":[{"name":"wp","href":"https:\/\/api.w.org\/{rel}","templated":true}]}}