{"id":34917,"date":"2020-04-13T12:59:18","date_gmt":"2020-04-13T10:59:18","guid":{"rendered":"https:\/\/conversesacatalunya.cat\/pais-basc-i-catalunya-dos-governs-amb-interessos-contraposats\/"},"modified":"2020-04-13T13:37:47","modified_gmt":"2020-04-13T11:37:47","slug":"pais-vasco-y-cataluna-dos-gobiernos-con-intereses-contrapuestos","status":"publish","type":"post","link":"https:\/\/conversesacatalunya.cat\/es\/pais-vasco-y-cataluna-dos-gobiernos-con-intereses-contrapuestos\/","title":{"rendered":"Pa\u00eds Vasco y Catalu\u00f1a, dos gobiernos con intereses contrapuestos"},"content":{"rendered":"<div>\n<div tabindex=\"0\"><span lang=\"es\">Este lunes 13 de abril es el primer d\u00eda que quedar\u00e1n exceptuados determinados supuestos laborales del <strong>confinamiento total<\/strong>; los m\u00e1s importantes son los de la construcci\u00f3n e industria, as\u00ed como los aut\u00f3nomos a ellos conectados, como electricistas o fontaneros.<\/span><\/div>\n<\/div>\n<div tabindex=\"0\"><\/div>\n<div tabindex=\"0\"><\/div>\n<div>\n<div tabindex=\"0\"><span lang=\"es\">Esta era una reivindicaci\u00f3n del gobierno vasco, reiterado por su presidente Urkullu, que observa con temor el <strong>destrozo<\/strong> que el confinamiento puede ocasionar sobre el tejido industrial.<br \/>\n<\/span><\/div>\n<div tabindex=\"0\"><\/div>\n<div tabindex=\"0\"><\/div>\n<div tabindex=\"0\"><span lang=\"es\">En las ant\u00edpodas, el presidente Torra, que exige continuar el <strong>confinamiento total hasta finales de abril<\/strong>, y hace responsable a S\u00e1nchez de los nuevos brotes que puedan surgir.<\/span><\/div>\n<div tabindex=\"0\"><\/div>\n<div tabindex=\"0\"><span lang=\"es\">Entre medio, unas medidas, de dudosa eficacia en algunos casos, que el gobierno ha establecido para minimizar los riesgos.<\/span><\/div>\n<div tabindex=\"0\"><\/div>\n<div tabindex=\"0\"><span lang=\"es\">Una de estas medidas es el reparto de <strong>un mill\u00f3n de mascarillas este lunes y martes<\/strong>. Llega tarde y es abiertamente insuficiente. Una mascarilla por persona que vaya a trabajar, si es que llega a disponer de ella, tiene poco recorrido, porque su utilidad dif\u00edcilmente puede prolongarse m\u00e1s all\u00e1 de unos pocos d\u00edas. \u00bfY despu\u00e9s qu\u00e9? La mascarilla es una barrera \u00fatil si es de <strong>uso generalizado<\/strong> y est\u00e1 en buenas condiciones, si no es as\u00ed no resuelve el problema.<\/span><\/div>\n<div tabindex=\"0\"><\/div>\n<div tabindex=\"0\"><span lang=\"es\">Sin embargo, pedir la distancia interpersonal en el transporte p\u00fablico es pura entelequia si no se <strong>aumenta la frecuencia del servicio<\/strong>. En todo caso, el impacto no lo observaremos hasta dentro de unos d\u00edas, <strong>a partir de la pr\u00f3xima semana<\/strong>, mientras que esta se deber\u00eda registrar en la reducci\u00f3n por el impacto del confinamiento total.<\/span><\/div>\n<div tabindex=\"0\"><\/div>\n<div tabindex=\"0\"><span lang=\"es\">En la actualidad el <strong>factor R<\/strong>, la cifra de reproducci\u00f3n de contagios, est\u00e1 <strong>situada en 0,9<\/strong>. Cada infectado contagia a menos de una persona al d\u00eda. Es el principio de la reducci\u00f3n, pero todav\u00eda tiene que disminuir m\u00e1s para considerar que la pandemia est\u00e1 reduci\u00e9ndose de forma clara.<\/span><\/div>\n<div tabindex=\"0\"><\/div>\n<div tabindex=\"0\"><span lang=\"es\">Si, como efecto de la medida de atenuar, que no suprimir, el confinamiento en determinados casos, aumentara el factor R, habr\u00edamos retrocedido y habr\u00eda que volver al confinamiento total. Esto es lo que argumenta Torra. Con todo, hay que decir que, ateni\u00e9ndonos a los datos de movilidad, la diferencia entre el inicio del estado de alarma y el comienzo de confinamiento total las diferencias fueron reducidas (de una movilidad, que var\u00eda seg\u00fan la ciudad, claro), del orden de magnitud del 70% se pas\u00f3 a otro del 76%. Este margen de 6 puntos hace pensar que ahora, volviendo a la primera cifra, no se alterar\u00e1 la situaci\u00f3n, y adem\u00e1s <strong>se har\u00e1 notar esta misma semana los efectos hasta ahora poco visibles del confinamiento total<\/strong>, dado que el per\u00edodo de incubaci\u00f3n y duraci\u00f3n de la afectaci\u00f3n del Covid-19 difiere los escenarios en unos 14 d\u00edas.<\/span><\/div>\n<\/div>\n<div class=\"tlid-result-transliteration-container result-transliteration-container transliteration-container\">\n<div class=\"tlid-transliteration-content transliteration-content full\"><\/div>\n<\/div>\n<p>Pero, a pesar de que haya un riesgo controlado, \u00bfpor qu\u00e9 incurrir en \u00e9l? La respuesta es muy concreta: porque el da\u00f1o econ\u00f3mico del confinamiento es muy grande, cuanto m\u00e1s crezca, m\u00e1s dolorosa ser\u00e1 la recuperaci\u00f3n posterior.<\/p>\n<p>Seg\u00fan el IFO Institute (Instituto de Investigaci\u00f3n Econ\u00f3mica de M\u00fanich), cada semana de par\u00e1lisis econ\u00f3mica le cuesta a Espa\u00f1a <strong>entre 10.000 M y 20.000 M (equivalente a entre 0,8 y 1,6 puntos porcentuales sobre el PIB<\/strong>). Si la actividad econ\u00f3mica se paraliza durante 2 meses, el impacto negativo ser\u00eda de entre 101.000 M y 171.000 M (equivalente a entre 8,1 y 13,8 puntos porcentuales sobre el PIB). Si el paro econ\u00f3mico fuera de 3 meses, entonces el impacto negativo ser\u00eda de entre 141.000 M y 250.000 M (equivalente a entre 11,3 y 20,0 puntos porcentuales sobre el PIB).<\/p>\n<p>Seg\u00fan Goldman Sachs, se prev\u00e9 una ca\u00edda en 2020 del <strong>9,7% del PIB espa\u00f1ol<\/strong>. Con un incremento del d\u00e9ficit del 10%, un incremento de la deuda p\u00fablica de hasta el 120% del PIB y una tasa de paro del 15% (hoy 13,6%). Este es el impacto evaluado para el conjunto espa\u00f1ol. Pero en Catalu\u00f1a, donde la industria del autom\u00f3vil, el turismo, la hosteler\u00eda y restauraci\u00f3n y las PYME y aut\u00f3nomos tienen un gran peso, el impacto podr\u00eda ser ligeramente superior.<\/p>\n<p>Por ejemplo, el sector hostelero con datos en toda Espa\u00f1a hasta mayo, que ya se da por perdido, considera que ver\u00e1 reducida su producci\u00f3n en un <strong>40%, afectando a 300.000 puestos de trabajo<\/strong> y 140.000 empresas, y se necesitar\u00e1n 16.000 millones de financiaci\u00f3n. Pero, al mismo tiempo, el estado dejar\u00e1 de ingresar del sector 5.000 millones de euros.<\/p>\n<p>Hay que considerar, adem\u00e1s, que el confinamiento espa\u00f1ol, incluso despu\u00e9s de las medidas de alivio parcial por razones de trabajo, es de los m\u00e1s duros de Europa, dado que no permiten salir a correr o a caminar, ni sacar a los ni\u00f1os a la calle.<\/p>\n<p style=\"text-align: center;\">M\u00e1s informaci\u00f3n sobre el coronavirus en <a href=\"https:\/\/conversesacatalunya.cat\/es\/coronavirus\/\" target=\"_blank\" rel=\"noopener noreferrer\"><strong>ESPECIAL CORONAVIRUS<\/strong><\/a><\/p>\n<span class='bctt-click-to-tweet'><span class='bctt-ctt-text'><a href='https:\/\/twitter.com\/intent\/tweet?url=https%3A%2F%2Fconversesacatalunya.cat%2Fes%2Fpais-vasco-y-cataluna-dos-gobiernos-con-intereses-contrapuestos%2F&#038;text=El%20da%C3%B1o%20econ%C3%B3mico%20del%20confinamiento%20es%20muy%20grande%2C%20cuanto%20m%C3%A1s%20crezca%2C%20m%C3%A1s%20dolorosa%20ser%C3%A1%20la%20recuperaci%C3%B3n%20posterior&#038;via=conversesacat&#038;related=conversesacat' target='_blank'rel=\"noopener noreferrer\">El da\u00f1o econ\u00f3mico del confinamiento es muy grande, cuanto m\u00e1s crezca, m\u00e1s dolorosa ser\u00e1 la recuperaci\u00f3n posterior <\/a><\/span><a href='https:\/\/twitter.com\/intent\/tweet?url=https%3A%2F%2Fconversesacatalunya.cat%2Fes%2Fpais-vasco-y-cataluna-dos-gobiernos-con-intereses-contrapuestos%2F&#038;text=El%20da%C3%B1o%20econ%C3%B3mico%20del%20confinamiento%20es%20muy%20grande%2C%20cuanto%20m%C3%A1s%20crezca%2C%20m%C3%A1s%20dolorosa%20ser%C3%A1%20la%20recuperaci%C3%B3n%20posterior&#038;via=conversesacat&#038;related=conversesacat' target='_blank' class='bctt-ctt-btn'rel=\"noopener noreferrer\">Compartir en X<\/a><\/span>\n<p>&nbsp;<\/p>\n","protected":false},"excerpt":{"rendered":"<p>Este lunes 13 de abril es el primer d\u00eda que quedar\u00e1n exceptuados determinados supuestos laborales del confinamiento total; los m\u00e1s importantes son los de la construcci\u00f3n e industria, as\u00ed como los aut\u00f3nomos a ellos conectados, como electricistas o fontaneros. Esta era una reivindicaci\u00f3n del gobierno vasco, reiterado por su presidente Urkullu, que observa con temor el destrozo que el confinamiento puede ocasionar sobre el tejido industrial. En las ant\u00edpodas, el presidente Torra, que exige continuar el confinamiento total hasta finales de abril, y hace responsable a S\u00e1nchez de los nuevos brotes que puedan surgir. Entre medio, unas medidas, de dudosa eficacia en algunos casos, que el gobierno ha establecido para minimizar los riesgos. Una de estas medidas es el reparto de un mill\u00f3n de mascarillas este lunes y martes. Llega tarde y es abiertamente insuficiente. Una mascarilla por persona que vaya a trabajar, si es que llega a disponer de ella, tiene poco recorrido, porque su utilidad dif\u00edcilmente puede prolongarse m\u00e1s all\u00e1 de unos pocos d\u00edas. \u00bfY despu\u00e9s qu\u00e9? La mascarilla es una barrera \u00fatil si es de uso generalizado y est\u00e1 en buenas condiciones, si no es as\u00ed no resuelve el problema. Sin embargo, pedir la distancia interpersonal en el transporte p\u00fablico es pura entelequia si no se aumenta la frecuencia del servicio. En todo caso, el impacto no lo observaremos hasta dentro de unos d\u00edas, a partir de la pr\u00f3xima semana, mientras que esta se deber\u00eda registrar en la reducci\u00f3n por el impacto del confinamiento total. En la actualidad el factor R, la cifra de reproducci\u00f3n de contagios, est\u00e1 situada en 0,9. Cada infectado contagia a menos de una persona al d\u00eda. Es el principio de la reducci\u00f3n, pero todav\u00eda tiene que disminuir m\u00e1s para considerar que la pandemia est\u00e1 reduci\u00e9ndose de forma clara. Si, como efecto de la medida de atenuar, que no suprimir, el confinamiento en determinados casos, aumentara el factor R, habr\u00edamos retrocedido y habr\u00eda que volver al confinamiento total. Esto es lo que argumenta Torra. Con todo, hay que decir que, ateni\u00e9ndonos a los datos de movilidad, la diferencia entre el inicio del estado de alarma y el comienzo de confinamiento total las diferencias fueron reducidas (de una movilidad, que var\u00eda seg\u00fan la ciudad, claro), del orden de magnitud del 70% se pas\u00f3 a otro del 76%. Este margen de 6 puntos hace pensar que ahora, volviendo a la primera cifra, no se alterar\u00e1 la situaci\u00f3n, y adem\u00e1s se har\u00e1 notar esta misma semana los efectos hasta ahora poco visibles del confinamiento total, dado que el per\u00edodo de incubaci\u00f3n y duraci\u00f3n de la afectaci\u00f3n del Covid-19 difiere los escenarios en unos 14 d\u00edas. Pero, a pesar de que haya un riesgo controlado, \u00bfpor qu\u00e9 incurrir en \u00e9l? La respuesta es muy concreta: porque el da\u00f1o econ\u00f3mico del confinamiento es muy grande, cuanto m\u00e1s crezca, m\u00e1s dolorosa ser\u00e1 la recuperaci\u00f3n posterior. Seg\u00fan el IFO Institute (Instituto de Investigaci\u00f3n Econ\u00f3mica de M\u00fanich), cada semana de par\u00e1lisis econ\u00f3mica le cuesta a Espa\u00f1a entre 10.000 M y 20.000 M (equivalente a entre 0,8 y 1,6 puntos porcentuales sobre el PIB). Si la actividad econ\u00f3mica se paraliza durante 2 meses, el impacto negativo ser\u00eda de entre 101.000 M y 171.000 M (equivalente a entre 8,1 y 13,8 puntos porcentuales sobre el PIB). Si el paro econ\u00f3mico fuera de 3 meses, entonces el impacto negativo ser\u00eda de entre 141.000 M y 250.000 M (equivalente a entre 11,3 y 20,0 puntos porcentuales sobre el PIB). Seg\u00fan Goldman Sachs, se prev\u00e9 una ca\u00edda en 2020 del 9,7% del PIB espa\u00f1ol. Con un incremento del d\u00e9ficit del 10%, un incremento de la deuda p\u00fablica de hasta el 120% del PIB y una tasa de paro del 15% (hoy 13,6%). Este es el impacto evaluado para el conjunto espa\u00f1ol. Pero en Catalu\u00f1a, donde la industria del autom\u00f3vil, el turismo, la hosteler\u00eda y restauraci\u00f3n y las PYME y aut\u00f3nomos tienen un gran peso, el impacto podr\u00eda ser ligeramente superior. Por ejemplo, el sector hostelero con datos en toda Espa\u00f1a hasta mayo, que ya se da por perdido, considera que ver\u00e1 reducida su producci\u00f3n en un 40%, afectando a 300.000 puestos de trabajo y 140.000 empresas, y se necesitar\u00e1n 16.000 millones de financiaci\u00f3n. Pero, al mismo tiempo, el estado dejar\u00e1 de ingresar del sector 5.000 millones de euros. Hay que considerar, adem\u00e1s, que el confinamiento espa\u00f1ol, incluso despu\u00e9s de las medidas de alivio parcial por razones de trabajo, es de los m\u00e1s duros de Europa, dado que no permiten salir a correr o a caminar, ni sacar a los ni\u00f1os a la calle. M\u00e1s informaci\u00f3n sobre el coronavirus en ESPECIAL CORONAVIRUS &nbsp;<\/p>\n","protected":false},"author":2,"featured_media":34909,"comment_status":"open","ping_status":"open","sticky":false,"template":"","format":"standard","meta":{"_FSMCFIC_featured_image_caption":"","_FSMCFIC_featured_image_nocaption":"","_FSMCFIC_featured_image_hide":"","footnotes":""},"categories":[1772,806],"tags":[1504,831],"class_list":["post-34917","post","type-post","status-publish","format-standard","has-post-thumbnail","hentry","category-especial-coronavirus-es","category-punts-claus-del-dia-es","tag-coronavirus-es","tag-economia-es"],"yoast_head":"<!-- This site is optimized with the Yoast SEO plugin v26.8 - https:\/\/yoast.com\/product\/yoast-seo-wordpress\/ -->\n<title>Pa\u00eds Vasco y Catalu\u00f1a, dos gobiernos con intereses contrapuestos - Converses a Catalunya<\/title>\n<meta name=\"robots\" content=\"index, follow, max-snippet:-1, max-image-preview:large, max-video-preview:-1\" \/>\n<link rel=\"canonical\" href=\"https:\/\/conversesacatalunya.cat\/es\/pais-vasco-y-cataluna-dos-gobiernos-con-intereses-contrapuestos\/\" \/>\n<meta property=\"og:locale\" content=\"es_ES\" \/>\n<meta property=\"og:type\" content=\"article\" \/>\n<meta property=\"og:title\" content=\"Pa\u00eds Vasco y Catalu\u00f1a, dos gobiernos con intereses contrapuestos - Converses a Catalunya\" \/>\n<meta property=\"og:description\" content=\"Este lunes 13 de abril es el primer d\u00eda que quedar\u00e1n exceptuados determinados supuestos laborales del confinamiento total; los m\u00e1s importantes son los de la construcci\u00f3n e industria, as\u00ed como los aut\u00f3nomos a ellos conectados, como electricistas o fontaneros. Esta era una reivindicaci\u00f3n del gobierno vasco, reiterado por su presidente Urkullu, que observa con temor el destrozo que el confinamiento puede ocasionar sobre el tejido industrial. En las ant\u00edpodas, el presidente Torra, que exige continuar el confinamiento total hasta finales de abril, y hace responsable a S\u00e1nchez de los nuevos brotes que puedan surgir. Entre medio, unas medidas, de dudosa eficacia en algunos casos, que el gobierno ha establecido para minimizar los riesgos. Una de estas medidas es el reparto de un mill\u00f3n de mascarillas este lunes y martes. Llega tarde y es abiertamente insuficiente. Una mascarilla por persona que vaya a trabajar, si es que llega a disponer de ella, tiene poco recorrido, porque su utilidad dif\u00edcilmente puede prolongarse m\u00e1s all\u00e1 de unos pocos d\u00edas. \u00bfY despu\u00e9s qu\u00e9? La mascarilla es una barrera \u00fatil si es de uso generalizado y est\u00e1 en buenas condiciones, si no es as\u00ed no resuelve el problema. Sin embargo, pedir la distancia interpersonal en el transporte p\u00fablico es pura entelequia si no se aumenta la frecuencia del servicio. En todo caso, el impacto no lo observaremos hasta dentro de unos d\u00edas, a partir de la pr\u00f3xima semana, mientras que esta se deber\u00eda registrar en la reducci\u00f3n por el impacto del confinamiento total. En la actualidad el factor R, la cifra de reproducci\u00f3n de contagios, est\u00e1 situada en 0,9. Cada infectado contagia a menos de una persona al d\u00eda. Es el principio de la reducci\u00f3n, pero todav\u00eda tiene que disminuir m\u00e1s para considerar que la pandemia est\u00e1 reduci\u00e9ndose de forma clara. Si, como efecto de la medida de atenuar, que no suprimir, el confinamiento en determinados casos, aumentara el factor R, habr\u00edamos retrocedido y habr\u00eda que volver al confinamiento total. Esto es lo que argumenta Torra. Con todo, hay que decir que, ateni\u00e9ndonos a los datos de movilidad, la diferencia entre el inicio del estado de alarma y el comienzo de confinamiento total las diferencias fueron reducidas (de una movilidad, que var\u00eda seg\u00fan la ciudad, claro), del orden de magnitud del 70% se pas\u00f3 a otro del 76%. Este margen de 6 puntos hace pensar que ahora, volviendo a la primera cifra, no se alterar\u00e1 la situaci\u00f3n, y adem\u00e1s se har\u00e1 notar esta misma semana los efectos hasta ahora poco visibles del confinamiento total, dado que el per\u00edodo de incubaci\u00f3n y duraci\u00f3n de la afectaci\u00f3n del Covid-19 difiere los escenarios en unos 14 d\u00edas. Pero, a pesar de que haya un riesgo controlado, \u00bfpor qu\u00e9 incurrir en \u00e9l? La respuesta es muy concreta: porque el da\u00f1o econ\u00f3mico del confinamiento es muy grande, cuanto m\u00e1s crezca, m\u00e1s dolorosa ser\u00e1 la recuperaci\u00f3n posterior. Seg\u00fan el IFO Institute (Instituto de Investigaci\u00f3n Econ\u00f3mica de M\u00fanich), cada semana de par\u00e1lisis econ\u00f3mica le cuesta a Espa\u00f1a entre 10.000 M y 20.000 M (equivalente a entre 0,8 y 1,6 puntos porcentuales sobre el PIB). Si la actividad econ\u00f3mica se paraliza durante 2 meses, el impacto negativo ser\u00eda de entre 101.000 M y 171.000 M (equivalente a entre 8,1 y 13,8 puntos porcentuales sobre el PIB). Si el paro econ\u00f3mico fuera de 3 meses, entonces el impacto negativo ser\u00eda de entre 141.000 M y 250.000 M (equivalente a entre 11,3 y 20,0 puntos porcentuales sobre el PIB). Seg\u00fan Goldman Sachs, se prev\u00e9 una ca\u00edda en 2020 del 9,7% del PIB espa\u00f1ol. Con un incremento del d\u00e9ficit del 10%, un incremento de la deuda p\u00fablica de hasta el 120% del PIB y una tasa de paro del 15% (hoy 13,6%). Este es el impacto evaluado para el conjunto espa\u00f1ol. Pero en Catalu\u00f1a, donde la industria del autom\u00f3vil, el turismo, la hosteler\u00eda y restauraci\u00f3n y las PYME y aut\u00f3nomos tienen un gran peso, el impacto podr\u00eda ser ligeramente superior. Por ejemplo, el sector hostelero con datos en toda Espa\u00f1a hasta mayo, que ya se da por perdido, considera que ver\u00e1 reducida su producci\u00f3n en un 40%, afectando a 300.000 puestos de trabajo y 140.000 empresas, y se necesitar\u00e1n 16.000 millones de financiaci\u00f3n. Pero, al mismo tiempo, el estado dejar\u00e1 de ingresar del sector 5.000 millones de euros. Hay que considerar, adem\u00e1s, que el confinamiento espa\u00f1ol, incluso despu\u00e9s de las medidas de alivio parcial por razones de trabajo, es de los m\u00e1s duros de Europa, dado que no permiten salir a correr o a caminar, ni sacar a los ni\u00f1os a la calle. M\u00e1s informaci\u00f3n sobre el coronavirus en ESPECIAL CORONAVIRUS &nbsp;\" \/>\n<meta property=\"og:url\" content=\"https:\/\/conversesacatalunya.cat\/es\/pais-vasco-y-cataluna-dos-gobiernos-con-intereses-contrapuestos\/\" \/>\n<meta property=\"og:site_name\" content=\"Converses a Catalunya\" \/>\n<meta property=\"article:published_time\" content=\"2020-04-13T10:59:18+00:00\" \/>\n<meta property=\"article:modified_time\" content=\"2020-04-13T11:37:47+00:00\" \/>\n<meta property=\"og:image\" content=\"https:\/\/conversesacatalunya.cat\/wp-content\/uploads\/2020\/04\/coronavirus-10-4.jpg\" \/>\n\t<meta property=\"og:image:width\" content=\"960\" \/>\n\t<meta property=\"og:image:height\" content=\"557\" \/>\n\t<meta property=\"og:image:type\" content=\"image\/jpeg\" \/>\n<meta name=\"author\" content=\"conversesacatalunya\" \/>\n<meta name=\"twitter:card\" content=\"summary_large_image\" \/>\n<meta name=\"twitter:label1\" content=\"Escrito por\" \/>\n\t<meta name=\"twitter:data1\" content=\"conversesacatalunya\" \/>\n\t<meta name=\"twitter:label2\" content=\"Tiempo de lectura\" \/>\n\t<meta name=\"twitter:data2\" content=\"4 minutos\" \/>\n<script type=\"application\/ld+json\" class=\"yoast-schema-graph\">{\"@context\":\"https:\/\/schema.org\",\"@graph\":[{\"@type\":\"Article\",\"@id\":\"https:\/\/conversesacatalunya.cat\/es\/pais-vasco-y-cataluna-dos-gobiernos-con-intereses-contrapuestos\/#article\",\"isPartOf\":{\"@id\":\"https:\/\/conversesacatalunya.cat\/es\/pais-vasco-y-cataluna-dos-gobiernos-con-intereses-contrapuestos\/\"},\"author\":{\"name\":\"conversesacatalunya\",\"@id\":\"https:\/\/conversesacatalunya.cat\/#\/schema\/person\/7e24d1e54a2785373ddcb275eae5ed99\"},\"headline\":\"Pa\u00eds Vasco y Catalu\u00f1a, dos gobiernos con intereses contrapuestos\",\"datePublished\":\"2020-04-13T10:59:18+00:00\",\"dateModified\":\"2020-04-13T11:37:47+00:00\",\"mainEntityOfPage\":{\"@id\":\"https:\/\/conversesacatalunya.cat\/es\/pais-vasco-y-cataluna-dos-gobiernos-con-intereses-contrapuestos\/\"},\"wordCount\":847,\"commentCount\":0,\"image\":{\"@id\":\"https:\/\/conversesacatalunya.cat\/es\/pais-vasco-y-cataluna-dos-gobiernos-con-intereses-contrapuestos\/#primaryimage\"},\"thumbnailUrl\":\"https:\/\/conversesacatalunya.cat\/wp-content\/uploads\/2020\/04\/coronavirus-10-4.jpg\",\"keywords\":[\"coronavirus\",\"Economia\"],\"articleSection\":[\"Especial Coronavirus (ES)\",\"Punts clau del dia (ES)\"],\"inLanguage\":\"es\",\"potentialAction\":[{\"@type\":\"CommentAction\",\"name\":\"Comment\",\"target\":[\"https:\/\/conversesacatalunya.cat\/es\/pais-vasco-y-cataluna-dos-gobiernos-con-intereses-contrapuestos\/#respond\"]}]},{\"@type\":\"WebPage\",\"@id\":\"https:\/\/conversesacatalunya.cat\/es\/pais-vasco-y-cataluna-dos-gobiernos-con-intereses-contrapuestos\/\",\"url\":\"https:\/\/conversesacatalunya.cat\/es\/pais-vasco-y-cataluna-dos-gobiernos-con-intereses-contrapuestos\/\",\"name\":\"Pa\u00eds Vasco y Catalu\u00f1a, dos gobiernos con intereses contrapuestos - Converses a Catalunya\",\"isPartOf\":{\"@id\":\"https:\/\/conversesacatalunya.cat\/#website\"},\"primaryImageOfPage\":{\"@id\":\"https:\/\/conversesacatalunya.cat\/es\/pais-vasco-y-cataluna-dos-gobiernos-con-intereses-contrapuestos\/#primaryimage\"},\"image\":{\"@id\":\"https:\/\/conversesacatalunya.cat\/es\/pais-vasco-y-cataluna-dos-gobiernos-con-intereses-contrapuestos\/#primaryimage\"},\"thumbnailUrl\":\"https:\/\/conversesacatalunya.cat\/wp-content\/uploads\/2020\/04\/coronavirus-10-4.jpg\",\"datePublished\":\"2020-04-13T10:59:18+00:00\",\"dateModified\":\"2020-04-13T11:37:47+00:00\",\"author\":{\"@id\":\"https:\/\/conversesacatalunya.cat\/#\/schema\/person\/7e24d1e54a2785373ddcb275eae5ed99\"},\"breadcrumb\":{\"@id\":\"https:\/\/conversesacatalunya.cat\/es\/pais-vasco-y-cataluna-dos-gobiernos-con-intereses-contrapuestos\/#breadcrumb\"},\"inLanguage\":\"es\",\"potentialAction\":[{\"@type\":\"ReadAction\",\"target\":[\"https:\/\/conversesacatalunya.cat\/es\/pais-vasco-y-cataluna-dos-gobiernos-con-intereses-contrapuestos\/\"]}]},{\"@type\":\"ImageObject\",\"inLanguage\":\"es\",\"@id\":\"https:\/\/conversesacatalunya.cat\/es\/pais-vasco-y-cataluna-dos-gobiernos-con-intereses-contrapuestos\/#primaryimage\",\"url\":\"https:\/\/conversesacatalunya.cat\/wp-content\/uploads\/2020\/04\/coronavirus-10-4.jpg\",\"contentUrl\":\"https:\/\/conversesacatalunya.cat\/wp-content\/uploads\/2020\/04\/coronavirus-10-4.jpg\",\"width\":960,\"height\":557,\"caption\":\"confinament\"},{\"@type\":\"BreadcrumbList\",\"@id\":\"https:\/\/conversesacatalunya.cat\/es\/pais-vasco-y-cataluna-dos-gobiernos-con-intereses-contrapuestos\/#breadcrumb\",\"itemListElement\":[{\"@type\":\"ListItem\",\"position\":1,\"name\":\"Inici\",\"item\":\"https:\/\/conversesacatalunya.cat\/es\/\"},{\"@type\":\"ListItem\",\"position\":2,\"name\":\"Pa\u00eds Vasco y Catalu\u00f1a, dos gobiernos con intereses contrapuestos\"}]},{\"@type\":\"WebSite\",\"@id\":\"https:\/\/conversesacatalunya.cat\/#website\",\"url\":\"https:\/\/conversesacatalunya.cat\/\",\"name\":\"Converses a Catalunya\",\"description\":\"\",\"potentialAction\":[{\"@type\":\"SearchAction\",\"target\":{\"@type\":\"EntryPoint\",\"urlTemplate\":\"https:\/\/conversesacatalunya.cat\/?s={search_term_string}\"},\"query-input\":{\"@type\":\"PropertyValueSpecification\",\"valueRequired\":true,\"valueName\":\"search_term_string\"}}],\"inLanguage\":\"es\"},{\"@type\":\"Person\",\"@id\":\"https:\/\/conversesacatalunya.cat\/#\/schema\/person\/7e24d1e54a2785373ddcb275eae5ed99\",\"name\":\"conversesacatalunya\",\"image\":{\"@type\":\"ImageObject\",\"inLanguage\":\"es\",\"@id\":\"https:\/\/conversesacatalunya.cat\/#\/schema\/person\/image\/\",\"url\":\"https:\/\/conversesacatalunya.cat\/wp-content\/litespeed\/avatar\/febdfeeec89d950f01c748045a981dd2.jpg?ver=1777314535\",\"contentUrl\":\"https:\/\/conversesacatalunya.cat\/wp-content\/litespeed\/avatar\/febdfeeec89d950f01c748045a981dd2.jpg?ver=1777314535\",\"caption\":\"conversesacatalunya\"},\"url\":\"https:\/\/conversesacatalunya.cat\/es\/author\/carme_catala\/\"}]}<\/script>\n<!-- \/ Yoast SEO plugin. -->","yoast_head_json":{"title":"Pa\u00eds Vasco y Catalu\u00f1a, dos gobiernos con intereses contrapuestos - Converses a Catalunya","robots":{"index":"index","follow":"follow","max-snippet":"max-snippet:-1","max-image-preview":"max-image-preview:large","max-video-preview":"max-video-preview:-1"},"canonical":"https:\/\/conversesacatalunya.cat\/es\/pais-vasco-y-cataluna-dos-gobiernos-con-intereses-contrapuestos\/","og_locale":"es_ES","og_type":"article","og_title":"Pa\u00eds Vasco y Catalu\u00f1a, dos gobiernos con intereses contrapuestos - Converses a Catalunya","og_description":"Este lunes 13 de abril es el primer d\u00eda que quedar\u00e1n exceptuados determinados supuestos laborales del confinamiento total; los m\u00e1s importantes son los de la construcci\u00f3n e industria, as\u00ed como los aut\u00f3nomos a ellos conectados, como electricistas o fontaneros. Esta era una reivindicaci\u00f3n del gobierno vasco, reiterado por su presidente Urkullu, que observa con temor el destrozo que el confinamiento puede ocasionar sobre el tejido industrial. En las ant\u00edpodas, el presidente Torra, que exige continuar el confinamiento total hasta finales de abril, y hace responsable a S\u00e1nchez de los nuevos brotes que puedan surgir. Entre medio, unas medidas, de dudosa eficacia en algunos casos, que el gobierno ha establecido para minimizar los riesgos. Una de estas medidas es el reparto de un mill\u00f3n de mascarillas este lunes y martes. Llega tarde y es abiertamente insuficiente. Una mascarilla por persona que vaya a trabajar, si es que llega a disponer de ella, tiene poco recorrido, porque su utilidad dif\u00edcilmente puede prolongarse m\u00e1s all\u00e1 de unos pocos d\u00edas. \u00bfY despu\u00e9s qu\u00e9? La mascarilla es una barrera \u00fatil si es de uso generalizado y est\u00e1 en buenas condiciones, si no es as\u00ed no resuelve el problema. Sin embargo, pedir la distancia interpersonal en el transporte p\u00fablico es pura entelequia si no se aumenta la frecuencia del servicio. En todo caso, el impacto no lo observaremos hasta dentro de unos d\u00edas, a partir de la pr\u00f3xima semana, mientras que esta se deber\u00eda registrar en la reducci\u00f3n por el impacto del confinamiento total. En la actualidad el factor R, la cifra de reproducci\u00f3n de contagios, est\u00e1 situada en 0,9. Cada infectado contagia a menos de una persona al d\u00eda. Es el principio de la reducci\u00f3n, pero todav\u00eda tiene que disminuir m\u00e1s para considerar que la pandemia est\u00e1 reduci\u00e9ndose de forma clara. Si, como efecto de la medida de atenuar, que no suprimir, el confinamiento en determinados casos, aumentara el factor R, habr\u00edamos retrocedido y habr\u00eda que volver al confinamiento total. Esto es lo que argumenta Torra. Con todo, hay que decir que, ateni\u00e9ndonos a los datos de movilidad, la diferencia entre el inicio del estado de alarma y el comienzo de confinamiento total las diferencias fueron reducidas (de una movilidad, que var\u00eda seg\u00fan la ciudad, claro), del orden de magnitud del 70% se pas\u00f3 a otro del 76%. Este margen de 6 puntos hace pensar que ahora, volviendo a la primera cifra, no se alterar\u00e1 la situaci\u00f3n, y adem\u00e1s se har\u00e1 notar esta misma semana los efectos hasta ahora poco visibles del confinamiento total, dado que el per\u00edodo de incubaci\u00f3n y duraci\u00f3n de la afectaci\u00f3n del Covid-19 difiere los escenarios en unos 14 d\u00edas. Pero, a pesar de que haya un riesgo controlado, \u00bfpor qu\u00e9 incurrir en \u00e9l? La respuesta es muy concreta: porque el da\u00f1o econ\u00f3mico del confinamiento es muy grande, cuanto m\u00e1s crezca, m\u00e1s dolorosa ser\u00e1 la recuperaci\u00f3n posterior. Seg\u00fan el IFO Institute (Instituto de Investigaci\u00f3n Econ\u00f3mica de M\u00fanich), cada semana de par\u00e1lisis econ\u00f3mica le cuesta a Espa\u00f1a entre 10.000 M y 20.000 M (equivalente a entre 0,8 y 1,6 puntos porcentuales sobre el PIB). Si la actividad econ\u00f3mica se paraliza durante 2 meses, el impacto negativo ser\u00eda de entre 101.000 M y 171.000 M (equivalente a entre 8,1 y 13,8 puntos porcentuales sobre el PIB). Si el paro econ\u00f3mico fuera de 3 meses, entonces el impacto negativo ser\u00eda de entre 141.000 M y 250.000 M (equivalente a entre 11,3 y 20,0 puntos porcentuales sobre el PIB). Seg\u00fan Goldman Sachs, se prev\u00e9 una ca\u00edda en 2020 del 9,7% del PIB espa\u00f1ol. Con un incremento del d\u00e9ficit del 10%, un incremento de la deuda p\u00fablica de hasta el 120% del PIB y una tasa de paro del 15% (hoy 13,6%). Este es el impacto evaluado para el conjunto espa\u00f1ol. Pero en Catalu\u00f1a, donde la industria del autom\u00f3vil, el turismo, la hosteler\u00eda y restauraci\u00f3n y las PYME y aut\u00f3nomos tienen un gran peso, el impacto podr\u00eda ser ligeramente superior. Por ejemplo, el sector hostelero con datos en toda Espa\u00f1a hasta mayo, que ya se da por perdido, considera que ver\u00e1 reducida su producci\u00f3n en un 40%, afectando a 300.000 puestos de trabajo y 140.000 empresas, y se necesitar\u00e1n 16.000 millones de financiaci\u00f3n. Pero, al mismo tiempo, el estado dejar\u00e1 de ingresar del sector 5.000 millones de euros. Hay que considerar, adem\u00e1s, que el confinamiento espa\u00f1ol, incluso despu\u00e9s de las medidas de alivio parcial por razones de trabajo, es de los m\u00e1s duros de Europa, dado que no permiten salir a correr o a caminar, ni sacar a los ni\u00f1os a la calle. M\u00e1s informaci\u00f3n sobre el coronavirus en ESPECIAL CORONAVIRUS &nbsp;","og_url":"https:\/\/conversesacatalunya.cat\/es\/pais-vasco-y-cataluna-dos-gobiernos-con-intereses-contrapuestos\/","og_site_name":"Converses a Catalunya","article_published_time":"2020-04-13T10:59:18+00:00","article_modified_time":"2020-04-13T11:37:47+00:00","og_image":[{"width":960,"height":557,"url":"https:\/\/conversesacatalunya.cat\/wp-content\/uploads\/2020\/04\/coronavirus-10-4.jpg","type":"image\/jpeg"}],"author":"conversesacatalunya","twitter_card":"summary_large_image","twitter_misc":{"Escrito por":"conversesacatalunya","Tiempo de lectura":"4 minutos"},"schema":{"@context":"https:\/\/schema.org","@graph":[{"@type":"Article","@id":"https:\/\/conversesacatalunya.cat\/es\/pais-vasco-y-cataluna-dos-gobiernos-con-intereses-contrapuestos\/#article","isPartOf":{"@id":"https:\/\/conversesacatalunya.cat\/es\/pais-vasco-y-cataluna-dos-gobiernos-con-intereses-contrapuestos\/"},"author":{"name":"conversesacatalunya","@id":"https:\/\/conversesacatalunya.cat\/#\/schema\/person\/7e24d1e54a2785373ddcb275eae5ed99"},"headline":"Pa\u00eds Vasco y Catalu\u00f1a, dos gobiernos con intereses contrapuestos","datePublished":"2020-04-13T10:59:18+00:00","dateModified":"2020-04-13T11:37:47+00:00","mainEntityOfPage":{"@id":"https:\/\/conversesacatalunya.cat\/es\/pais-vasco-y-cataluna-dos-gobiernos-con-intereses-contrapuestos\/"},"wordCount":847,"commentCount":0,"image":{"@id":"https:\/\/conversesacatalunya.cat\/es\/pais-vasco-y-cataluna-dos-gobiernos-con-intereses-contrapuestos\/#primaryimage"},"thumbnailUrl":"https:\/\/conversesacatalunya.cat\/wp-content\/uploads\/2020\/04\/coronavirus-10-4.jpg","keywords":["coronavirus","Economia"],"articleSection":["Especial Coronavirus (ES)","Punts clau del dia (ES)"],"inLanguage":"es","potentialAction":[{"@type":"CommentAction","name":"Comment","target":["https:\/\/conversesacatalunya.cat\/es\/pais-vasco-y-cataluna-dos-gobiernos-con-intereses-contrapuestos\/#respond"]}]},{"@type":"WebPage","@id":"https:\/\/conversesacatalunya.cat\/es\/pais-vasco-y-cataluna-dos-gobiernos-con-intereses-contrapuestos\/","url":"https:\/\/conversesacatalunya.cat\/es\/pais-vasco-y-cataluna-dos-gobiernos-con-intereses-contrapuestos\/","name":"Pa\u00eds Vasco y Catalu\u00f1a, dos gobiernos con intereses contrapuestos - Converses a Catalunya","isPartOf":{"@id":"https:\/\/conversesacatalunya.cat\/#website"},"primaryImageOfPage":{"@id":"https:\/\/conversesacatalunya.cat\/es\/pais-vasco-y-cataluna-dos-gobiernos-con-intereses-contrapuestos\/#primaryimage"},"image":{"@id":"https:\/\/conversesacatalunya.cat\/es\/pais-vasco-y-cataluna-dos-gobiernos-con-intereses-contrapuestos\/#primaryimage"},"thumbnailUrl":"https:\/\/conversesacatalunya.cat\/wp-content\/uploads\/2020\/04\/coronavirus-10-4.jpg","datePublished":"2020-04-13T10:59:18+00:00","dateModified":"2020-04-13T11:37:47+00:00","author":{"@id":"https:\/\/conversesacatalunya.cat\/#\/schema\/person\/7e24d1e54a2785373ddcb275eae5ed99"},"breadcrumb":{"@id":"https:\/\/conversesacatalunya.cat\/es\/pais-vasco-y-cataluna-dos-gobiernos-con-intereses-contrapuestos\/#breadcrumb"},"inLanguage":"es","potentialAction":[{"@type":"ReadAction","target":["https:\/\/conversesacatalunya.cat\/es\/pais-vasco-y-cataluna-dos-gobiernos-con-intereses-contrapuestos\/"]}]},{"@type":"ImageObject","inLanguage":"es","@id":"https:\/\/conversesacatalunya.cat\/es\/pais-vasco-y-cataluna-dos-gobiernos-con-intereses-contrapuestos\/#primaryimage","url":"https:\/\/conversesacatalunya.cat\/wp-content\/uploads\/2020\/04\/coronavirus-10-4.jpg","contentUrl":"https:\/\/conversesacatalunya.cat\/wp-content\/uploads\/2020\/04\/coronavirus-10-4.jpg","width":960,"height":557,"caption":"confinament"},{"@type":"BreadcrumbList","@id":"https:\/\/conversesacatalunya.cat\/es\/pais-vasco-y-cataluna-dos-gobiernos-con-intereses-contrapuestos\/#breadcrumb","itemListElement":[{"@type":"ListItem","position":1,"name":"Inici","item":"https:\/\/conversesacatalunya.cat\/es\/"},{"@type":"ListItem","position":2,"name":"Pa\u00eds Vasco y Catalu\u00f1a, dos gobiernos con intereses contrapuestos"}]},{"@type":"WebSite","@id":"https:\/\/conversesacatalunya.cat\/#website","url":"https:\/\/conversesacatalunya.cat\/","name":"Converses a Catalunya","description":"","potentialAction":[{"@type":"SearchAction","target":{"@type":"EntryPoint","urlTemplate":"https:\/\/conversesacatalunya.cat\/?s={search_term_string}"},"query-input":{"@type":"PropertyValueSpecification","valueRequired":true,"valueName":"search_term_string"}}],"inLanguage":"es"},{"@type":"Person","@id":"https:\/\/conversesacatalunya.cat\/#\/schema\/person\/7e24d1e54a2785373ddcb275eae5ed99","name":"conversesacatalunya","image":{"@type":"ImageObject","inLanguage":"es","@id":"https:\/\/conversesacatalunya.cat\/#\/schema\/person\/image\/","url":"https:\/\/conversesacatalunya.cat\/wp-content\/litespeed\/avatar\/febdfeeec89d950f01c748045a981dd2.jpg?ver=1777314535","contentUrl":"https:\/\/conversesacatalunya.cat\/wp-content\/litespeed\/avatar\/febdfeeec89d950f01c748045a981dd2.jpg?ver=1777314535","caption":"conversesacatalunya"},"url":"https:\/\/conversesacatalunya.cat\/es\/author\/carme_catala\/"}]}},"wps_subtitle":"","_links":{"self":[{"href":"https:\/\/conversesacatalunya.cat\/es\/wp-json\/wp\/v2\/posts\/34917","targetHints":{"allow":["GET"]}}],"collection":[{"href":"https:\/\/conversesacatalunya.cat\/es\/wp-json\/wp\/v2\/posts"}],"about":[{"href":"https:\/\/conversesacatalunya.cat\/es\/wp-json\/wp\/v2\/types\/post"}],"author":[{"embeddable":true,"href":"https:\/\/conversesacatalunya.cat\/es\/wp-json\/wp\/v2\/users\/2"}],"replies":[{"embeddable":true,"href":"https:\/\/conversesacatalunya.cat\/es\/wp-json\/wp\/v2\/comments?post=34917"}],"version-history":[{"count":5,"href":"https:\/\/conversesacatalunya.cat\/es\/wp-json\/wp\/v2\/posts\/34917\/revisions"}],"predecessor-version":[{"id":34918,"href":"https:\/\/conversesacatalunya.cat\/es\/wp-json\/wp\/v2\/posts\/34917\/revisions\/34918"}],"wp:featuredmedia":[{"embeddable":true,"href":"https:\/\/conversesacatalunya.cat\/es\/wp-json\/wp\/v2\/media\/34909"}],"wp:attachment":[{"href":"https:\/\/conversesacatalunya.cat\/es\/wp-json\/wp\/v2\/media?parent=34917"}],"wp:term":[{"taxonomy":"category","embeddable":true,"href":"https:\/\/conversesacatalunya.cat\/es\/wp-json\/wp\/v2\/categories?post=34917"},{"taxonomy":"post_tag","embeddable":true,"href":"https:\/\/conversesacatalunya.cat\/es\/wp-json\/wp\/v2\/tags?post=34917"}],"curies":[{"name":"wp","href":"https:\/\/api.w.org\/{rel}","templated":true}]}}