{"id":34870,"date":"2020-04-11T13:15:38","date_gmt":"2020-04-11T11:15:38","guid":{"rendered":"https:\/\/conversesacatalunya.cat\/europa-despres-pla-mig-bilio\/"},"modified":"2020-04-12T15:58:15","modified_gmt":"2020-04-12T13:58:15","slug":"lo-que-le-queda-por-hacer-a-europa-tras-el-plan-del-medio-billon-de-euros","status":"publish","type":"post","link":"https:\/\/conversesacatalunya.cat\/es\/lo-que-le-queda-por-hacer-a-europa-tras-el-plan-del-medio-billon-de-euros\/","title":{"rendered":"Lo que le queda por hacer a Europa tras el plan del medio bill\u00f3n de euros"},"content":{"rendered":"<p align=\"justify\"><span title=\"\">Una vez que el<\/span> <span title=\"\">eurogrupo<\/span> <span title=\"\">ha<\/span> <span title=\"\"><a href=\"https:\/\/www.abc.es\/economia\/abci-eurogrupo-pacta-formula-minimos-sin-coronabonos-202004092223_noticia.html#vca=mod-sugeridos-p1&amp;vmc=relacionados&amp;vso=el-eurogrupo-aprueba-medio-billon-en-ayudas-a-los-paises-afectados-pero-sin-eurobonos&amp;vli=noticia.foto.economia\" target=\"_blank\" rel=\"noopener noreferrer\">aprobado<\/a> el<\/span> <span title=\"\">presupuesto<\/span> <span title=\"\">de los<\/span> <span title=\"\">500.000<\/span> <span title=\"\">millones<\/span> <span title=\"\">de euros<\/span> <span title=\"\">para ayudar a los<\/span> <span title=\"\">pa\u00edses<\/span> <span title=\"\">afectados por el<\/span> <span title=\"\">coronavirus<\/span><span title=\"\">, hay que decidir<\/span> <span title=\"\">a qui\u00e9n y c\u00f3mo<\/span> <span title=\"\">se destinar\u00e1n<\/span> <span title=\"\">exactamente.<\/span> <span title=\"\">Es<\/span> <span title=\"\">con este<\/span> <span title=\"\">objetivo<\/span> <span title=\"\">que los<\/span> <span title=\"\">ministros<\/span> <span title=\"\">de la zona<\/span> <span title=\"\">euro<\/span> <span title=\"\">se reunir\u00e1n<\/span> <span title=\"\">el pr\u00f3ximo<\/span> <span title=\"\">23 de abril<\/span> <span title=\"\">para<\/span> <span title=\"\">considerar<\/span> <span title=\"\">el contenido preciso<\/span> <span title=\"\">del paquete<\/span> <span title=\"\">econ\u00f3mico.<\/span><\/p>\n<p align=\"justify\"><span title=\"\">Seg\u00fan<\/span> <span title=\"\">el presidente del<\/span> <span title=\"\">eurogrupo<\/span><span title=\"\">, el<\/span> <span title=\"\">portugu\u00e9s<\/span> <span title=\"\">M\u00e1rio<\/span> <span title=\"\">Centeno<\/span><span title=\"\">,<\/span> \u00ab<span title=\"\">la propuesta<\/span> <span title=\"\">contiene<\/span> <span title=\"\">medidas<\/span> <span title=\"\">atrevidas<\/span> <span title=\"\">y ambiciosas<\/span> <span title=\"\">que habr\u00edan sido<\/span> <span title=\"\">impensables<\/span> <span title=\"\">hace<\/span> <span title=\"\">tan solo<\/span> <span title=\"\">unas semanas\u00bb<\/span><span title=\"\">.<\/span> <span title=\"\">No obstante,<\/span> <span title=\"\">permanecen<\/span> <span title=\"\">numerosas<\/span> <span title=\"\">incertidumbres<\/span><span title=\"\">.<\/span> <span title=\"\">\u00bfCu\u00e1les son<\/span><span title=\"\">?<\/span><\/p>\n<h3 align=\"justify\"><b><span title=\"\">\u00bfQu\u00e9 contiene<\/span> <span title=\"\">el acuerdo<\/span> <span title=\"\">de principio<\/span> <span title=\"\">actual?<\/span><\/b><\/h3>\n<p align=\"justify\"><span title=\"\">El acuerdo<\/span> <span title=\"\">de los<\/span> <span title=\"\">ministros<\/span> <span title=\"\">de la zona<\/span> <span title=\"\">euro<\/span> <span title=\"\">estipula que<\/span> <span title=\"\">cualquier pa\u00eds<\/span> <span title=\"\">del euro<\/span> <span title=\"\">podr\u00e1 disponer<\/span> <span title=\"\">de una<\/span> <span title=\"\">l\u00ednea de cr\u00e9dito<\/span> <span title=\"\">de la rama<\/span> <span title=\"\">de rescate<\/span> <span title=\"\">bancario<\/span> <span title=\"\">de la UE<\/span> <span title=\"\">de un valor<\/span> <span title=\"\">equivalente<\/span> <span title=\"\">al 2<\/span><span title=\"\">% de su<\/span> <span title=\"\">PIB.<\/span> <span title=\"\">La condici\u00f3n<\/span> <span title=\"\">ser\u00e1<\/span> <span title=\"\">utilizar<\/span> <span title=\"\">el dinero para<\/span> <span title=\"\">cubrir<\/span> <span title=\"\">costes<\/span> <span title=\"\">relacionados con la salud<\/span><span title=\"\">.<\/span><\/p>\n<p align=\"justify\"><span title=\"\">Adem\u00e1s<\/span><span title=\"\">, los<\/span> <span title=\"\">ministros<\/span> <span title=\"\">tambi\u00e9n<\/span> <span title=\"\">acordaron<\/span> <span title=\"\">un fondo<\/span> <span title=\"\">de 200.000<\/span> <span title=\"\">millones<\/span> <span title=\"\">de euros<\/span> <span title=\"\">del Banco<\/span> <span title=\"\">Europeo de Inversiones<\/span> <span title=\"\">para ayudar a las<\/span> <span title=\"\">empresas<\/span> <span title=\"\">europeas<\/span> <span title=\"\">ahogadas<\/span> <span title=\"\">por la falta de<\/span> <span title=\"\">liquidez<\/span><span title=\"\">,<\/span> <span title=\"\">as\u00ed como<\/span> <span title=\"\">un plan<\/span> <span title=\"\">temporal<\/span> <span title=\"\">de 100.000<\/span> <span title=\"\">millones<\/span> <span title=\"\">m\u00e1s<\/span> <span title=\"\">para ayudar<\/span> <span title=\"\">a pagar<\/span> <span title=\"\">prestaciones<\/span> <span title=\"\">de<\/span> desempleo<span title=\"\">.<\/span><\/p>\n<p align=\"justify\"><span title=\"\">Finalmente<\/span><span title=\"\">, los<\/span> <span title=\"\">ministros<\/span> <span title=\"\">firmaron<\/span> <span title=\"\">un acuerdo de<\/span> <span title=\"\">principio<\/span> <span title=\"\">para<\/span> <span title=\"\">un<\/span> \u00ab<span title=\"\">fondo<\/span> <span title=\"\">de recuperaci\u00f3n\u00bb<\/span><span title=\"\">,<\/span> <span title=\"\">sin<\/span> <span title=\"\">precisar<\/span> <span title=\"\">en qu\u00e9 consistir\u00eda<\/span><span title=\"\">.<\/span><\/p>\n<h3 align=\"justify\"><b>\u00bfEl dinero es suficiente?<\/b><\/h3>\n<p align=\"justify\">Como siempre que se habla de pol\u00edtica macroecon\u00f3mica, las cifras son vertiginosas. Pero medio bill\u00f3n de euros se puede acabar r\u00e1pidamente en un mercado de varios cientos de millones de personas.<\/p>\n<p align=\"justify\">Varios diplom\u00e1ticos implicados en las negociaciones han <a href=\"https:\/\/www.politico.eu\/article\/coronavirus-what-next-for-europe-economic-recovery-plan\/\" target=\"_blank\" rel=\"noopener noreferrer\">admitido<\/a> que desconocen si la cifra ser\u00e1 suficiente para evitar un choque econ\u00f3mico irreparable para la zona euro.<\/p>\n<p align=\"justify\"><span class='bctt-click-to-tweet'><span class='bctt-ctt-text'><a href='https:\/\/twitter.com\/intent\/tweet?url=https%3A%2F%2Fconversesacatalunya.cat%2Fes%2Flo-que-le-queda-por-hacer-a-europa-tras-el-plan-del-medio-billon-de-euros%2F&#038;text=Medio%20bill%C3%B3n%20de%20euros%20se%20puede%20acabar%20r%C3%A1pidamente%20en%20un%20mercado%20de%20varios%20cientos%20de%20millones%20de%20personas&#038;via=conversesacat&#038;related=conversesacat' target='_blank'rel=\"noopener noreferrer\">Medio bill\u00f3n de euros se puede acabar r\u00e1pidamente en un mercado de varios cientos de millones de personas <\/a><\/span><a href='https:\/\/twitter.com\/intent\/tweet?url=https%3A%2F%2Fconversesacatalunya.cat%2Fes%2Flo-que-le-queda-por-hacer-a-europa-tras-el-plan-del-medio-billon-de-euros%2F&#038;text=Medio%20bill%C3%B3n%20de%20euros%20se%20puede%20acabar%20r%C3%A1pidamente%20en%20un%20mercado%20de%20varios%20cientos%20de%20millones%20de%20personas&#038;via=conversesacat&#038;related=conversesacat' target='_blank' class='bctt-ctt-btn'rel=\"noopener noreferrer\">Compartir en X<\/a><\/span>\n<p align=\"justify\">Donde parece que hay acuerdo es en afirmar que el dinero permitir\u00e1 superar el bache inicial causado por el confinamiento masivo en toda Europa. Pero se podr\u00eda terminar antes de finales de a\u00f1o, lo que har\u00eda necesario un segundo plan a finales de verano.<\/p>\n<p align=\"justify\">Hay expertos que se muestran optimistas. Holger Schmieding, economista jefe del banco alem\u00e1n de inversi\u00f3n Berenberg, <a href=\"https:\/\/www.politico.eu\/article\/coronavirus-what-next-for-europe-economic-recovery-plan\/\" target=\"_blank\" rel=\"noopener noreferrer\">afirma<\/a> que el dinero de la UE combinado con los planes nacionales deber\u00edan ser m\u00e1s que suficientes para financiar el d\u00e9ficit, compensar los sectores econ\u00f3micos m\u00e1s afectados y pagar las prestaciones de desempleo.<\/p>\n<p align=\"justify\">De todas formas, es evidente que los gobiernos europeos tendr\u00e1n que tomar decisiones duras para decidir a qu\u00e9 industrias ir\u00e1 la mayor parte del dinero. Sectores como el turismo se encuentran entre los m\u00e1s afectados, pero tienen un potencial de innovaci\u00f3n relativamente escaso. Lo que los hace menos estrat\u00e9gicos a largo plazo a pesar de que emplean a muchas personas en pa\u00edses como Espa\u00f1a.<\/p>\n<h3 align=\"justify\"><b>\u00bfQu\u00e9 se discutir\u00e1 el 23 de abril?<\/b><\/h3>\n<p align=\"justify\"><span title=\"\">La<\/span> <span title=\"\">discusi\u00f3n<\/span> <span title=\"\">se centrar\u00e1 en<\/span> <span title=\"\">el mencionado<\/span> \u00ab<span title=\"\">fondo<\/span> <span title=\"\">de recuperaci\u00f3n\u00bb<\/span><span title=\"\">,<\/span> <span title=\"\">que permanece<\/span> <span title=\"\">la gran<\/span> <span title=\"\">imprecisi\u00f3n que<\/span> <span title=\"\">contiene el acuerdo<\/span> <span title=\"\">de principios<\/span> <span title=\"\">de abril<\/span><span title=\"\">.<\/span><\/p>\n<p align=\"justify\"><span title=\"\">Ser\u00e1<\/span> <span title=\"\">sin duda<\/span> <span title=\"\">una<\/span> <span title=\"\">negociaci\u00f3n<\/span> <span title=\"\">dif\u00edcil<\/span><span title=\"\">, donde los<\/span> <span title=\"\">pa\u00edses<\/span> <span title=\"\">partidarios de la<\/span> <span title=\"\">austeridad<\/span> ser\u00e1n muy estrictos <span title=\"\">para vigilar que los<\/span> <span title=\"\">pa\u00edses del sur<\/span> <span title=\"\">no<\/span> <span title=\"\">escapen<\/span> <span title=\"\">de sus obligaciones<\/span> <span title=\"\">de control<\/span> <span title=\"\">del d\u00e9ficit<\/span><span title=\"\">.<\/span><\/p>\n<p align=\"justify\"><span title=\"\">El acuerdo<\/span> <span title=\"\">actual no<\/span> <span title=\"\">concreta<\/span> <span title=\"\">ni<\/span> <span title=\"\">el contenido<\/span> <span title=\"\">ni<\/span> <span title=\"\">el alcance<\/span> <span title=\"\">del fondo<\/span> <span title=\"\">de recuperaci\u00f3n<\/span><span title=\"\">, aunque<\/span> <span title=\"\">afirma que<\/span> <span title=\"\">se tratar\u00e1<\/span> <span title=\"\">de un instrumento<\/span> \u00ab<span title=\"\">temporal<\/span><span title=\"\">, dirigido<\/span> <span title=\"\">y proporcional<\/span> <span title=\"\">a<\/span> <span title=\"\">los<\/span> <span title=\"\">costes extraordinarios<\/span> <span title=\"\">de la crisis<\/span> <span title=\"\">actual\u00bb<\/span><span title=\"\">.<\/span><\/p>\n<h3 align=\"justify\"><b><span title=\"\">Los bonos<\/span> <span title=\"\">europeos<\/span> <span title=\"\">siguen siendo<\/span> <span title=\"\">un tab\u00fa<\/span><\/b><\/h3>\n<p align=\"justify\"><span title=\"\">La campa\u00f1a<\/span> <span title=\"\">de un grupo<\/span> <span title=\"\">de pa\u00edses<\/span> <span title=\"\">del sur de Europa<\/span><span title=\"\">,<\/span> <span title=\"\">como<\/span> <span title=\"\">Italia<\/span><span title=\"\">,<\/span> <span title=\"\">Francia<\/span> <span title=\"\">y Espa\u00f1a<\/span><span title=\"\">,<\/span> <span title=\"\">en<\/span> <span title=\"\">favor de los<\/span> \u00ab<span title=\"\">coronabonos\u00bb<\/span><span title=\"\"> ha <\/span><span title=\"\">fracasado<\/span> <span title=\"\">una vez m\u00e1s<\/span> <span title=\"\">ante<\/span> <span title=\"\">la oposici\u00f3n de los<\/span> \u00ab<span title=\"\">frugales\u00bb<\/span> <span title=\"\">constituidos por los<\/span> e<span title=\"\">stados miembros<\/span> <span title=\"\">del norte,<\/span> <span title=\"\">como<\/span> <span title=\"\">los<\/span> <span title=\"\">Pa\u00edses Bajos<\/span> <span title=\"\">o Alemania.<\/span> <span title=\"\">Su<\/span> <span title=\"\">posibilidad<\/span> <span title=\"\">no fue<\/span> <span title=\"\">ni siquiera<\/span> <span title=\"\">citada en<\/span> <span title=\"\">el acuerdo<\/span> <span title=\"\">de principio<\/span><span title=\"\">.<\/span><\/p>\n<p align=\"justify\"><span title=\"\">Los<\/span> \u00ab<span title=\"\">coronabonos\u00bb<\/span> <span title=\"\">no<\/span> <span title=\"\">son otra cosa que<\/span> <span title=\"\">la versi\u00f3n<\/span> <span title=\"\">actual de los<\/span> <span title=\"\">controvertidos<\/span> <a href=\"https:\/\/es.wikipedia.org\/wiki\/Eurobonos\" target=\"_blank\" rel=\"noopener noreferrer\"><span title=\"\">eurobonos<\/span> <\/a><span title=\"\">discutidos<\/span> <span title=\"\">durante<\/span> <span title=\"\">la \u00faltima<\/span> <span title=\"\">crisis<\/span> <span title=\"\">financiera.<\/span><\/p>\n<p align=\"justify\"><span title=\"\">Los<\/span> <span title=\"\">eurobonos<\/span> <span title=\"\">son<\/span> <span title=\"\">t\u00edtulos de<\/span> <span title=\"\">deuda p\u00fablica<\/span> <span title=\"\">emitidos<\/span> <span title=\"\">por el conjunto de<\/span> <span title=\"\">pa\u00edses de la zona<\/span> <span title=\"\">euro<\/span><span title=\"\">.<\/span> <span title=\"\">Al<\/span> <span title=\"\">ser<\/span> <span title=\"\">avalados<\/span> <span title=\"\">tanto por los<\/span> <span title=\"\">pa\u00edses<\/span> <span title=\"\">rigurosos<\/span> <span title=\"\">en el control<\/span> <span title=\"\">del d\u00e9ficit<\/span> <span title=\"\">p\u00fablico<\/span> <span title=\"\">como por los<\/span> <span title=\"\">que<\/span> <span title=\"\">cargan con<\/span> <span title=\"\">una fuerte deuda<\/span><span title=\"\">,<\/span> <span title=\"\">permitir\u00edan a los<\/span> <span title=\"\">\u00faltimos<\/span> <span title=\"\">financiarse a<\/span> <span title=\"\">trav\u00e9s del Banco<\/span> <span title=\"\">Central<\/span> <span title=\"\">Europeo<\/span> <span title=\"\">de forma<\/span> <span title=\"\">ventajosa respecto<\/span> <span title=\"\">a los intereses<\/span> <span title=\"\">exigidos<\/span> <span title=\"\">a cambio<\/span> <span title=\"\">de sus bonos<\/span> <span title=\"\">nacionales.<\/span><\/p>\n<p style=\"text-align: center;\" align=\"justify\"><strong>M\u00e1s informaci\u00f3n sobre el coronavirus en <a href=\"https:\/\/conversesacatalunya.cat\/es\/coronavirus\/\" target=\"_blank\" rel=\"noopener noreferrer\">ESPECIAL CORONAVIRUS<\/a><\/strong><\/p>\n","protected":false},"excerpt":{"rendered":"<p>Una vez que el eurogrupo ha aprobado el presupuesto de los 500.000 millones de euros para ayudar a los pa\u00edses afectados por el coronavirus, hay que decidir a qui\u00e9n y c\u00f3mo se destinar\u00e1n exactamente. Es con este objetivo que los ministros de la zona euro se reunir\u00e1n el pr\u00f3ximo 23 de abril para considerar el contenido preciso del paquete econ\u00f3mico. Seg\u00fan el presidente del eurogrupo, el portugu\u00e9s M\u00e1rio Centeno, \u00abla propuesta contiene medidas atrevidas y ambiciosas que habr\u00edan sido impensables hace tan solo unas semanas\u00bb. No obstante, permanecen numerosas incertidumbres. \u00bfCu\u00e1les son? \u00bfQu\u00e9 contiene el acuerdo de principio actual? El acuerdo de los ministros de la zona euro estipula que cualquier pa\u00eds del euro podr\u00e1 disponer de una l\u00ednea de cr\u00e9dito de la rama de rescate bancario de la UE de un valor equivalente al 2% de su PIB. La condici\u00f3n ser\u00e1 utilizar el dinero para cubrir costes relacionados con la salud. Adem\u00e1s, los ministros tambi\u00e9n acordaron un fondo de 200.000 millones de euros del Banco Europeo de Inversiones para ayudar a las empresas europeas ahogadas por la falta de liquidez, as\u00ed como un plan temporal de 100.000 millones m\u00e1s para ayudar a pagar prestaciones de desempleo. Finalmente, los ministros firmaron un acuerdo de principio para un \u00abfondo de recuperaci\u00f3n\u00bb, sin precisar en qu\u00e9 consistir\u00eda. \u00bfEl dinero es suficiente? Como siempre que se habla de pol\u00edtica macroecon\u00f3mica, las cifras son vertiginosas. Pero medio bill\u00f3n de euros se puede acabar r\u00e1pidamente en un mercado de varios cientos de millones de personas. Varios diplom\u00e1ticos implicados en las negociaciones han admitido que desconocen si la cifra ser\u00e1 suficiente para evitar un choque econ\u00f3mico irreparable para la zona euro. Donde parece que hay acuerdo es en afirmar que el dinero permitir\u00e1 superar el bache inicial causado por el confinamiento masivo en toda Europa. Pero se podr\u00eda terminar antes de finales de a\u00f1o, lo que har\u00eda necesario un segundo plan a finales de verano. Hay expertos que se muestran optimistas. Holger Schmieding, economista jefe del banco alem\u00e1n de inversi\u00f3n Berenberg, afirma que el dinero de la UE combinado con los planes nacionales deber\u00edan ser m\u00e1s que suficientes para financiar el d\u00e9ficit, compensar los sectores econ\u00f3micos m\u00e1s afectados y pagar las prestaciones de desempleo. De todas formas, es evidente que los gobiernos europeos tendr\u00e1n que tomar decisiones duras para decidir a qu\u00e9 industrias ir\u00e1 la mayor parte del dinero. Sectores como el turismo se encuentran entre los m\u00e1s afectados, pero tienen un potencial de innovaci\u00f3n relativamente escaso. Lo que los hace menos estrat\u00e9gicos a largo plazo a pesar de que emplean a muchas personas en pa\u00edses como Espa\u00f1a. \u00bfQu\u00e9 se discutir\u00e1 el 23 de abril? La discusi\u00f3n se centrar\u00e1 en el mencionado \u00abfondo de recuperaci\u00f3n\u00bb, que permanece la gran imprecisi\u00f3n que contiene el acuerdo de principios de abril. Ser\u00e1 sin duda una negociaci\u00f3n dif\u00edcil, donde los pa\u00edses partidarios de la austeridad ser\u00e1n muy estrictos para vigilar que los pa\u00edses del sur no escapen de sus obligaciones de control del d\u00e9ficit. El acuerdo actual no concreta ni el contenido ni el alcance del fondo de recuperaci\u00f3n, aunque afirma que se tratar\u00e1 de un instrumento \u00abtemporal, dirigido y proporcional a los costes extraordinarios de la crisis actual\u00bb. Los bonos europeos siguen siendo un tab\u00fa La campa\u00f1a de un grupo de pa\u00edses del sur de Europa, como Italia, Francia y Espa\u00f1a, en favor de los \u00abcoronabonos\u00bb ha fracasado una vez m\u00e1s ante la oposici\u00f3n de los \u00abfrugales\u00bb constituidos por los estados miembros del norte, como los Pa\u00edses Bajos o Alemania. Su posibilidad no fue ni siquiera citada en el acuerdo de principio. Los \u00abcoronabonos\u00bb no son otra cosa que la versi\u00f3n actual de los controvertidos eurobonos discutidos durante la \u00faltima crisis financiera. Los eurobonos son t\u00edtulos de deuda p\u00fablica emitidos por el conjunto de pa\u00edses de la zona euro. Al ser avalados tanto por los pa\u00edses rigurosos en el control del d\u00e9ficit p\u00fablico como por los que cargan con una fuerte deuda, permitir\u00edan a los \u00faltimos financiarse a trav\u00e9s del Banco Central Europeo de forma ventajosa respecto a los intereses exigidos a cambio de sus bonos nacionales. M\u00e1s informaci\u00f3n sobre el coronavirus en ESPECIAL CORONAVIRUS<\/p>\n","protected":false},"author":67,"featured_media":34840,"comment_status":"open","ping_status":"open","sticky":false,"template":"","format":"standard","meta":{"_FSMCFIC_featured_image_caption":"","_FSMCFIC_featured_image_nocaption":"","_FSMCFIC_featured_image_hide":"","footnotes":""},"categories":[1772,806],"tags":[2105,1504,1913,1570,2001,2106,875,2107,874],"class_list":["post-34870","post","type-post","status-publish","format-standard","has-post-thumbnail","hentry","category-especial-coronavirus-es","category-punts-claus-del-dia-es","tag-coronabonos","tag-coronavirus-es","tag-covid-19-es","tag-crisis-es","tag-eurobonos","tag-eurogrupo","tag-europa-es","tag-fondos-de-recuperacion","tag-ue-es"],"yoast_head":"<!-- This site is optimized with the Yoast SEO plugin v26.8 - https:\/\/yoast.com\/product\/yoast-seo-wordpress\/ -->\n<title>Lo que le queda por hacer a Europa tras el plan del medio bill\u00f3n de euros - Converses a Catalunya<\/title>\n<meta name=\"robots\" content=\"index, follow, max-snippet:-1, max-image-preview:large, max-video-preview:-1\" \/>\n<link rel=\"canonical\" href=\"https:\/\/conversesacatalunya.cat\/es\/lo-que-le-queda-por-hacer-a-europa-tras-el-plan-del-medio-billon-de-euros\/\" \/>\n<meta property=\"og:locale\" content=\"es_ES\" \/>\n<meta property=\"og:type\" content=\"article\" \/>\n<meta property=\"og:title\" content=\"Lo que le queda por hacer a Europa tras el plan del medio bill\u00f3n de euros - Converses a Catalunya\" \/>\n<meta property=\"og:description\" content=\"Una vez que el eurogrupo ha aprobado el presupuesto de los 500.000 millones de euros para ayudar a los pa\u00edses afectados por el coronavirus, hay que decidir a qui\u00e9n y c\u00f3mo se destinar\u00e1n exactamente. Es con este objetivo que los ministros de la zona euro se reunir\u00e1n el pr\u00f3ximo 23 de abril para considerar el contenido preciso del paquete econ\u00f3mico. Seg\u00fan el presidente del eurogrupo, el portugu\u00e9s M\u00e1rio Centeno, \u00abla propuesta contiene medidas atrevidas y ambiciosas que habr\u00edan sido impensables hace tan solo unas semanas\u00bb. No obstante, permanecen numerosas incertidumbres. \u00bfCu\u00e1les son? \u00bfQu\u00e9 contiene el acuerdo de principio actual? El acuerdo de los ministros de la zona euro estipula que cualquier pa\u00eds del euro podr\u00e1 disponer de una l\u00ednea de cr\u00e9dito de la rama de rescate bancario de la UE de un valor equivalente al 2% de su PIB. La condici\u00f3n ser\u00e1 utilizar el dinero para cubrir costes relacionados con la salud. Adem\u00e1s, los ministros tambi\u00e9n acordaron un fondo de 200.000 millones de euros del Banco Europeo de Inversiones para ayudar a las empresas europeas ahogadas por la falta de liquidez, as\u00ed como un plan temporal de 100.000 millones m\u00e1s para ayudar a pagar prestaciones de desempleo. Finalmente, los ministros firmaron un acuerdo de principio para un \u00abfondo de recuperaci\u00f3n\u00bb, sin precisar en qu\u00e9 consistir\u00eda. \u00bfEl dinero es suficiente? Como siempre que se habla de pol\u00edtica macroecon\u00f3mica, las cifras son vertiginosas. Pero medio bill\u00f3n de euros se puede acabar r\u00e1pidamente en un mercado de varios cientos de millones de personas. Varios diplom\u00e1ticos implicados en las negociaciones han admitido que desconocen si la cifra ser\u00e1 suficiente para evitar un choque econ\u00f3mico irreparable para la zona euro. Donde parece que hay acuerdo es en afirmar que el dinero permitir\u00e1 superar el bache inicial causado por el confinamiento masivo en toda Europa. Pero se podr\u00eda terminar antes de finales de a\u00f1o, lo que har\u00eda necesario un segundo plan a finales de verano. Hay expertos que se muestran optimistas. Holger Schmieding, economista jefe del banco alem\u00e1n de inversi\u00f3n Berenberg, afirma que el dinero de la UE combinado con los planes nacionales deber\u00edan ser m\u00e1s que suficientes para financiar el d\u00e9ficit, compensar los sectores econ\u00f3micos m\u00e1s afectados y pagar las prestaciones de desempleo. De todas formas, es evidente que los gobiernos europeos tendr\u00e1n que tomar decisiones duras para decidir a qu\u00e9 industrias ir\u00e1 la mayor parte del dinero. Sectores como el turismo se encuentran entre los m\u00e1s afectados, pero tienen un potencial de innovaci\u00f3n relativamente escaso. Lo que los hace menos estrat\u00e9gicos a largo plazo a pesar de que emplean a muchas personas en pa\u00edses como Espa\u00f1a. \u00bfQu\u00e9 se discutir\u00e1 el 23 de abril? La discusi\u00f3n se centrar\u00e1 en el mencionado \u00abfondo de recuperaci\u00f3n\u00bb, que permanece la gran imprecisi\u00f3n que contiene el acuerdo de principios de abril. Ser\u00e1 sin duda una negociaci\u00f3n dif\u00edcil, donde los pa\u00edses partidarios de la austeridad ser\u00e1n muy estrictos para vigilar que los pa\u00edses del sur no escapen de sus obligaciones de control del d\u00e9ficit. El acuerdo actual no concreta ni el contenido ni el alcance del fondo de recuperaci\u00f3n, aunque afirma que se tratar\u00e1 de un instrumento \u00abtemporal, dirigido y proporcional a los costes extraordinarios de la crisis actual\u00bb. Los bonos europeos siguen siendo un tab\u00fa La campa\u00f1a de un grupo de pa\u00edses del sur de Europa, como Italia, Francia y Espa\u00f1a, en favor de los \u00abcoronabonos\u00bb ha fracasado una vez m\u00e1s ante la oposici\u00f3n de los \u00abfrugales\u00bb constituidos por los estados miembros del norte, como los Pa\u00edses Bajos o Alemania. Su posibilidad no fue ni siquiera citada en el acuerdo de principio. Los \u00abcoronabonos\u00bb no son otra cosa que la versi\u00f3n actual de los controvertidos eurobonos discutidos durante la \u00faltima crisis financiera. Los eurobonos son t\u00edtulos de deuda p\u00fablica emitidos por el conjunto de pa\u00edses de la zona euro. Al ser avalados tanto por los pa\u00edses rigurosos en el control del d\u00e9ficit p\u00fablico como por los que cargan con una fuerte deuda, permitir\u00edan a los \u00faltimos financiarse a trav\u00e9s del Banco Central Europeo de forma ventajosa respecto a los intereses exigidos a cambio de sus bonos nacionales. M\u00e1s informaci\u00f3n sobre el coronavirus en ESPECIAL CORONAVIRUS\" \/>\n<meta property=\"og:url\" content=\"https:\/\/conversesacatalunya.cat\/es\/lo-que-le-queda-por-hacer-a-europa-tras-el-plan-del-medio-billon-de-euros\/\" \/>\n<meta property=\"og:site_name\" content=\"Converses a Catalunya\" \/>\n<meta property=\"article:published_time\" content=\"2020-04-11T11:15:38+00:00\" \/>\n<meta property=\"article:modified_time\" content=\"2020-04-12T13:58:15+00:00\" \/>\n<meta property=\"og:image\" content=\"https:\/\/conversesacatalunya.cat\/wp-content\/uploads\/2020\/04\/coronabons.jpg\" \/>\n\t<meta property=\"og:image:width\" content=\"1600\" \/>\n\t<meta property=\"og:image:height\" content=\"1067\" \/>\n\t<meta property=\"og:image:type\" content=\"image\/jpeg\" \/>\n<meta name=\"author\" content=\"conversesacatalunya\" \/>\n<meta name=\"twitter:card\" content=\"summary_large_image\" \/>\n<meta name=\"twitter:label1\" content=\"Escrito por\" \/>\n\t<meta name=\"twitter:data1\" content=\"conversesacatalunya\" \/>\n\t<meta name=\"twitter:label2\" content=\"Tiempo de lectura\" \/>\n\t<meta name=\"twitter:data2\" content=\"4 minutos\" \/>\n<script type=\"application\/ld+json\" class=\"yoast-schema-graph\">{\"@context\":\"https:\/\/schema.org\",\"@graph\":[{\"@type\":\"Article\",\"@id\":\"https:\/\/conversesacatalunya.cat\/es\/lo-que-le-queda-por-hacer-a-europa-tras-el-plan-del-medio-billon-de-euros\/#article\",\"isPartOf\":{\"@id\":\"https:\/\/conversesacatalunya.cat\/es\/lo-que-le-queda-por-hacer-a-europa-tras-el-plan-del-medio-billon-de-euros\/\"},\"author\":{\"name\":\"conversesacatalunya\",\"@id\":\"https:\/\/conversesacatalunya.cat\/#\/schema\/person\/c5a8ffe796b1512764aeb6d6d6fa0fc7\"},\"headline\":\"Lo que le queda por hacer a Europa tras el plan del medio bill\u00f3n de euros\",\"datePublished\":\"2020-04-11T11:15:38+00:00\",\"dateModified\":\"2020-04-12T13:58:15+00:00\",\"mainEntityOfPage\":{\"@id\":\"https:\/\/conversesacatalunya.cat\/es\/lo-que-le-queda-por-hacer-a-europa-tras-el-plan-del-medio-billon-de-euros\/\"},\"wordCount\":791,\"commentCount\":0,\"image\":{\"@id\":\"https:\/\/conversesacatalunya.cat\/es\/lo-que-le-queda-por-hacer-a-europa-tras-el-plan-del-medio-billon-de-euros\/#primaryimage\"},\"thumbnailUrl\":\"https:\/\/conversesacatalunya.cat\/wp-content\/uploads\/2020\/04\/coronabons.jpg\",\"keywords\":[\"coronabonos\",\"coronavirus\",\"Covid-19\",\"crisis\",\"eurobonos\",\"eurogrupo\",\"Europa\",\"fondos de recuperaci\u00f3n\",\"UE\"],\"articleSection\":[\"Especial Coronavirus (ES)\",\"Punts clau del dia (ES)\"],\"inLanguage\":\"es\",\"potentialAction\":[{\"@type\":\"CommentAction\",\"name\":\"Comment\",\"target\":[\"https:\/\/conversesacatalunya.cat\/es\/lo-que-le-queda-por-hacer-a-europa-tras-el-plan-del-medio-billon-de-euros\/#respond\"]}]},{\"@type\":\"WebPage\",\"@id\":\"https:\/\/conversesacatalunya.cat\/es\/lo-que-le-queda-por-hacer-a-europa-tras-el-plan-del-medio-billon-de-euros\/\",\"url\":\"https:\/\/conversesacatalunya.cat\/es\/lo-que-le-queda-por-hacer-a-europa-tras-el-plan-del-medio-billon-de-euros\/\",\"name\":\"Lo que le queda por hacer a Europa tras el plan del medio bill\u00f3n de euros - Converses a Catalunya\",\"isPartOf\":{\"@id\":\"https:\/\/conversesacatalunya.cat\/#website\"},\"primaryImageOfPage\":{\"@id\":\"https:\/\/conversesacatalunya.cat\/es\/lo-que-le-queda-por-hacer-a-europa-tras-el-plan-del-medio-billon-de-euros\/#primaryimage\"},\"image\":{\"@id\":\"https:\/\/conversesacatalunya.cat\/es\/lo-que-le-queda-por-hacer-a-europa-tras-el-plan-del-medio-billon-de-euros\/#primaryimage\"},\"thumbnailUrl\":\"https:\/\/conversesacatalunya.cat\/wp-content\/uploads\/2020\/04\/coronabons.jpg\",\"datePublished\":\"2020-04-11T11:15:38+00:00\",\"dateModified\":\"2020-04-12T13:58:15+00:00\",\"author\":{\"@id\":\"https:\/\/conversesacatalunya.cat\/#\/schema\/person\/c5a8ffe796b1512764aeb6d6d6fa0fc7\"},\"breadcrumb\":{\"@id\":\"https:\/\/conversesacatalunya.cat\/es\/lo-que-le-queda-por-hacer-a-europa-tras-el-plan-del-medio-billon-de-euros\/#breadcrumb\"},\"inLanguage\":\"es\",\"potentialAction\":[{\"@type\":\"ReadAction\",\"target\":[\"https:\/\/conversesacatalunya.cat\/es\/lo-que-le-queda-por-hacer-a-europa-tras-el-plan-del-medio-billon-de-euros\/\"]}]},{\"@type\":\"ImageObject\",\"inLanguage\":\"es\",\"@id\":\"https:\/\/conversesacatalunya.cat\/es\/lo-que-le-queda-por-hacer-a-europa-tras-el-plan-del-medio-billon-de-euros\/#primaryimage\",\"url\":\"https:\/\/conversesacatalunya.cat\/wp-content\/uploads\/2020\/04\/coronabons.jpg\",\"contentUrl\":\"https:\/\/conversesacatalunya.cat\/wp-content\/uploads\/2020\/04\/coronabons.jpg\",\"width\":1600,\"height\":1067,\"caption\":\"FRANKFURT AM MAIN, GERMANY - MARCH 19: Two students wear face mask while they pass the Euro sculpture with bicycles in the finance district on March 19, 2020 in Frankfurt, Germany. Restrictions from the state of Hesse have gone in force this week to stem the spread of the coronavirus (Covid-19) and that include the temporary shuttering of schools, public institutions and non-essential shops. Analysts see many banks as exposed to potential stress as a result of global disruptions caused by the virus. (Photo by Thomas Lohnes\/Getty Images)\"},{\"@type\":\"BreadcrumbList\",\"@id\":\"https:\/\/conversesacatalunya.cat\/es\/lo-que-le-queda-por-hacer-a-europa-tras-el-plan-del-medio-billon-de-euros\/#breadcrumb\",\"itemListElement\":[{\"@type\":\"ListItem\",\"position\":1,\"name\":\"Inici\",\"item\":\"https:\/\/conversesacatalunya.cat\/es\/\"},{\"@type\":\"ListItem\",\"position\":2,\"name\":\"Lo que le queda por hacer a Europa tras el plan del medio bill\u00f3n de euros\"}]},{\"@type\":\"WebSite\",\"@id\":\"https:\/\/conversesacatalunya.cat\/#website\",\"url\":\"https:\/\/conversesacatalunya.cat\/\",\"name\":\"Converses a Catalunya\",\"description\":\"\",\"potentialAction\":[{\"@type\":\"SearchAction\",\"target\":{\"@type\":\"EntryPoint\",\"urlTemplate\":\"https:\/\/conversesacatalunya.cat\/?s={search_term_string}\"},\"query-input\":{\"@type\":\"PropertyValueSpecification\",\"valueRequired\":true,\"valueName\":\"search_term_string\"}}],\"inLanguage\":\"es\"},{\"@type\":\"Person\",\"@id\":\"https:\/\/conversesacatalunya.cat\/#\/schema\/person\/c5a8ffe796b1512764aeb6d6d6fa0fc7\",\"name\":\"conversesacatalunya\",\"image\":{\"@type\":\"ImageObject\",\"inLanguage\":\"es\",\"@id\":\"https:\/\/conversesacatalunya.cat\/#\/schema\/person\/image\/\",\"url\":\"https:\/\/conversesacatalunya.cat\/wp-content\/litespeed\/avatar\/02659ee938034c59a151ae106ade943e.jpg?ver=1777051754\",\"contentUrl\":\"https:\/\/conversesacatalunya.cat\/wp-content\/litespeed\/avatar\/02659ee938034c59a151ae106ade943e.jpg?ver=1777051754\",\"caption\":\"conversesacatalunya\"},\"url\":\"https:\/\/conversesacatalunya.cat\/es\/author\/carles_lopez\/\"}]}<\/script>\n<!-- \/ Yoast SEO plugin. -->","yoast_head_json":{"title":"Lo que le queda por hacer a Europa tras el plan del medio bill\u00f3n de euros - Converses a Catalunya","robots":{"index":"index","follow":"follow","max-snippet":"max-snippet:-1","max-image-preview":"max-image-preview:large","max-video-preview":"max-video-preview:-1"},"canonical":"https:\/\/conversesacatalunya.cat\/es\/lo-que-le-queda-por-hacer-a-europa-tras-el-plan-del-medio-billon-de-euros\/","og_locale":"es_ES","og_type":"article","og_title":"Lo que le queda por hacer a Europa tras el plan del medio bill\u00f3n de euros - Converses a Catalunya","og_description":"Una vez que el eurogrupo ha aprobado el presupuesto de los 500.000 millones de euros para ayudar a los pa\u00edses afectados por el coronavirus, hay que decidir a qui\u00e9n y c\u00f3mo se destinar\u00e1n exactamente. Es con este objetivo que los ministros de la zona euro se reunir\u00e1n el pr\u00f3ximo 23 de abril para considerar el contenido preciso del paquete econ\u00f3mico. Seg\u00fan el presidente del eurogrupo, el portugu\u00e9s M\u00e1rio Centeno, \u00abla propuesta contiene medidas atrevidas y ambiciosas que habr\u00edan sido impensables hace tan solo unas semanas\u00bb. No obstante, permanecen numerosas incertidumbres. \u00bfCu\u00e1les son? \u00bfQu\u00e9 contiene el acuerdo de principio actual? El acuerdo de los ministros de la zona euro estipula que cualquier pa\u00eds del euro podr\u00e1 disponer de una l\u00ednea de cr\u00e9dito de la rama de rescate bancario de la UE de un valor equivalente al 2% de su PIB. La condici\u00f3n ser\u00e1 utilizar el dinero para cubrir costes relacionados con la salud. Adem\u00e1s, los ministros tambi\u00e9n acordaron un fondo de 200.000 millones de euros del Banco Europeo de Inversiones para ayudar a las empresas europeas ahogadas por la falta de liquidez, as\u00ed como un plan temporal de 100.000 millones m\u00e1s para ayudar a pagar prestaciones de desempleo. Finalmente, los ministros firmaron un acuerdo de principio para un \u00abfondo de recuperaci\u00f3n\u00bb, sin precisar en qu\u00e9 consistir\u00eda. \u00bfEl dinero es suficiente? Como siempre que se habla de pol\u00edtica macroecon\u00f3mica, las cifras son vertiginosas. Pero medio bill\u00f3n de euros se puede acabar r\u00e1pidamente en un mercado de varios cientos de millones de personas. Varios diplom\u00e1ticos implicados en las negociaciones han admitido que desconocen si la cifra ser\u00e1 suficiente para evitar un choque econ\u00f3mico irreparable para la zona euro. Donde parece que hay acuerdo es en afirmar que el dinero permitir\u00e1 superar el bache inicial causado por el confinamiento masivo en toda Europa. Pero se podr\u00eda terminar antes de finales de a\u00f1o, lo que har\u00eda necesario un segundo plan a finales de verano. Hay expertos que se muestran optimistas. Holger Schmieding, economista jefe del banco alem\u00e1n de inversi\u00f3n Berenberg, afirma que el dinero de la UE combinado con los planes nacionales deber\u00edan ser m\u00e1s que suficientes para financiar el d\u00e9ficit, compensar los sectores econ\u00f3micos m\u00e1s afectados y pagar las prestaciones de desempleo. De todas formas, es evidente que los gobiernos europeos tendr\u00e1n que tomar decisiones duras para decidir a qu\u00e9 industrias ir\u00e1 la mayor parte del dinero. Sectores como el turismo se encuentran entre los m\u00e1s afectados, pero tienen un potencial de innovaci\u00f3n relativamente escaso. Lo que los hace menos estrat\u00e9gicos a largo plazo a pesar de que emplean a muchas personas en pa\u00edses como Espa\u00f1a. \u00bfQu\u00e9 se discutir\u00e1 el 23 de abril? La discusi\u00f3n se centrar\u00e1 en el mencionado \u00abfondo de recuperaci\u00f3n\u00bb, que permanece la gran imprecisi\u00f3n que contiene el acuerdo de principios de abril. Ser\u00e1 sin duda una negociaci\u00f3n dif\u00edcil, donde los pa\u00edses partidarios de la austeridad ser\u00e1n muy estrictos para vigilar que los pa\u00edses del sur no escapen de sus obligaciones de control del d\u00e9ficit. El acuerdo actual no concreta ni el contenido ni el alcance del fondo de recuperaci\u00f3n, aunque afirma que se tratar\u00e1 de un instrumento \u00abtemporal, dirigido y proporcional a los costes extraordinarios de la crisis actual\u00bb. Los bonos europeos siguen siendo un tab\u00fa La campa\u00f1a de un grupo de pa\u00edses del sur de Europa, como Italia, Francia y Espa\u00f1a, en favor de los \u00abcoronabonos\u00bb ha fracasado una vez m\u00e1s ante la oposici\u00f3n de los \u00abfrugales\u00bb constituidos por los estados miembros del norte, como los Pa\u00edses Bajos o Alemania. Su posibilidad no fue ni siquiera citada en el acuerdo de principio. Los \u00abcoronabonos\u00bb no son otra cosa que la versi\u00f3n actual de los controvertidos eurobonos discutidos durante la \u00faltima crisis financiera. Los eurobonos son t\u00edtulos de deuda p\u00fablica emitidos por el conjunto de pa\u00edses de la zona euro. Al ser avalados tanto por los pa\u00edses rigurosos en el control del d\u00e9ficit p\u00fablico como por los que cargan con una fuerte deuda, permitir\u00edan a los \u00faltimos financiarse a trav\u00e9s del Banco Central Europeo de forma ventajosa respecto a los intereses exigidos a cambio de sus bonos nacionales. M\u00e1s informaci\u00f3n sobre el coronavirus en ESPECIAL CORONAVIRUS","og_url":"https:\/\/conversesacatalunya.cat\/es\/lo-que-le-queda-por-hacer-a-europa-tras-el-plan-del-medio-billon-de-euros\/","og_site_name":"Converses a Catalunya","article_published_time":"2020-04-11T11:15:38+00:00","article_modified_time":"2020-04-12T13:58:15+00:00","og_image":[{"width":1600,"height":1067,"url":"https:\/\/conversesacatalunya.cat\/wp-content\/uploads\/2020\/04\/coronabons.jpg","type":"image\/jpeg"}],"author":"conversesacatalunya","twitter_card":"summary_large_image","twitter_misc":{"Escrito por":"conversesacatalunya","Tiempo de lectura":"4 minutos"},"schema":{"@context":"https:\/\/schema.org","@graph":[{"@type":"Article","@id":"https:\/\/conversesacatalunya.cat\/es\/lo-que-le-queda-por-hacer-a-europa-tras-el-plan-del-medio-billon-de-euros\/#article","isPartOf":{"@id":"https:\/\/conversesacatalunya.cat\/es\/lo-que-le-queda-por-hacer-a-europa-tras-el-plan-del-medio-billon-de-euros\/"},"author":{"name":"conversesacatalunya","@id":"https:\/\/conversesacatalunya.cat\/#\/schema\/person\/c5a8ffe796b1512764aeb6d6d6fa0fc7"},"headline":"Lo que le queda por hacer a Europa tras el plan del medio bill\u00f3n de euros","datePublished":"2020-04-11T11:15:38+00:00","dateModified":"2020-04-12T13:58:15+00:00","mainEntityOfPage":{"@id":"https:\/\/conversesacatalunya.cat\/es\/lo-que-le-queda-por-hacer-a-europa-tras-el-plan-del-medio-billon-de-euros\/"},"wordCount":791,"commentCount":0,"image":{"@id":"https:\/\/conversesacatalunya.cat\/es\/lo-que-le-queda-por-hacer-a-europa-tras-el-plan-del-medio-billon-de-euros\/#primaryimage"},"thumbnailUrl":"https:\/\/conversesacatalunya.cat\/wp-content\/uploads\/2020\/04\/coronabons.jpg","keywords":["coronabonos","coronavirus","Covid-19","crisis","eurobonos","eurogrupo","Europa","fondos de recuperaci\u00f3n","UE"],"articleSection":["Especial Coronavirus (ES)","Punts clau del dia (ES)"],"inLanguage":"es","potentialAction":[{"@type":"CommentAction","name":"Comment","target":["https:\/\/conversesacatalunya.cat\/es\/lo-que-le-queda-por-hacer-a-europa-tras-el-plan-del-medio-billon-de-euros\/#respond"]}]},{"@type":"WebPage","@id":"https:\/\/conversesacatalunya.cat\/es\/lo-que-le-queda-por-hacer-a-europa-tras-el-plan-del-medio-billon-de-euros\/","url":"https:\/\/conversesacatalunya.cat\/es\/lo-que-le-queda-por-hacer-a-europa-tras-el-plan-del-medio-billon-de-euros\/","name":"Lo que le queda por hacer a Europa tras el plan del medio bill\u00f3n de euros - Converses a Catalunya","isPartOf":{"@id":"https:\/\/conversesacatalunya.cat\/#website"},"primaryImageOfPage":{"@id":"https:\/\/conversesacatalunya.cat\/es\/lo-que-le-queda-por-hacer-a-europa-tras-el-plan-del-medio-billon-de-euros\/#primaryimage"},"image":{"@id":"https:\/\/conversesacatalunya.cat\/es\/lo-que-le-queda-por-hacer-a-europa-tras-el-plan-del-medio-billon-de-euros\/#primaryimage"},"thumbnailUrl":"https:\/\/conversesacatalunya.cat\/wp-content\/uploads\/2020\/04\/coronabons.jpg","datePublished":"2020-04-11T11:15:38+00:00","dateModified":"2020-04-12T13:58:15+00:00","author":{"@id":"https:\/\/conversesacatalunya.cat\/#\/schema\/person\/c5a8ffe796b1512764aeb6d6d6fa0fc7"},"breadcrumb":{"@id":"https:\/\/conversesacatalunya.cat\/es\/lo-que-le-queda-por-hacer-a-europa-tras-el-plan-del-medio-billon-de-euros\/#breadcrumb"},"inLanguage":"es","potentialAction":[{"@type":"ReadAction","target":["https:\/\/conversesacatalunya.cat\/es\/lo-que-le-queda-por-hacer-a-europa-tras-el-plan-del-medio-billon-de-euros\/"]}]},{"@type":"ImageObject","inLanguage":"es","@id":"https:\/\/conversesacatalunya.cat\/es\/lo-que-le-queda-por-hacer-a-europa-tras-el-plan-del-medio-billon-de-euros\/#primaryimage","url":"https:\/\/conversesacatalunya.cat\/wp-content\/uploads\/2020\/04\/coronabons.jpg","contentUrl":"https:\/\/conversesacatalunya.cat\/wp-content\/uploads\/2020\/04\/coronabons.jpg","width":1600,"height":1067,"caption":"FRANKFURT AM MAIN, GERMANY - MARCH 19: Two students wear face mask while they pass the Euro sculpture with bicycles in the finance district on March 19, 2020 in Frankfurt, Germany. Restrictions from the state of Hesse have gone in force this week to stem the spread of the coronavirus (Covid-19) and that include the temporary shuttering of schools, public institutions and non-essential shops. Analysts see many banks as exposed to potential stress as a result of global disruptions caused by the virus. (Photo by Thomas Lohnes\/Getty Images)"},{"@type":"BreadcrumbList","@id":"https:\/\/conversesacatalunya.cat\/es\/lo-que-le-queda-por-hacer-a-europa-tras-el-plan-del-medio-billon-de-euros\/#breadcrumb","itemListElement":[{"@type":"ListItem","position":1,"name":"Inici","item":"https:\/\/conversesacatalunya.cat\/es\/"},{"@type":"ListItem","position":2,"name":"Lo que le queda por hacer a Europa tras el plan del medio bill\u00f3n de euros"}]},{"@type":"WebSite","@id":"https:\/\/conversesacatalunya.cat\/#website","url":"https:\/\/conversesacatalunya.cat\/","name":"Converses a Catalunya","description":"","potentialAction":[{"@type":"SearchAction","target":{"@type":"EntryPoint","urlTemplate":"https:\/\/conversesacatalunya.cat\/?s={search_term_string}"},"query-input":{"@type":"PropertyValueSpecification","valueRequired":true,"valueName":"search_term_string"}}],"inLanguage":"es"},{"@type":"Person","@id":"https:\/\/conversesacatalunya.cat\/#\/schema\/person\/c5a8ffe796b1512764aeb6d6d6fa0fc7","name":"conversesacatalunya","image":{"@type":"ImageObject","inLanguage":"es","@id":"https:\/\/conversesacatalunya.cat\/#\/schema\/person\/image\/","url":"https:\/\/conversesacatalunya.cat\/wp-content\/litespeed\/avatar\/02659ee938034c59a151ae106ade943e.jpg?ver=1777051754","contentUrl":"https:\/\/conversesacatalunya.cat\/wp-content\/litespeed\/avatar\/02659ee938034c59a151ae106ade943e.jpg?ver=1777051754","caption":"conversesacatalunya"},"url":"https:\/\/conversesacatalunya.cat\/es\/author\/carles_lopez\/"}]}},"wps_subtitle":"Los ministros del eurogrupo han firmado un acuerdo de principio para un \u00abfondo de recuperaci\u00f3n\u00bb, sin precisar en qu\u00e9 consistir\u00e1. Las negociaciones entre el norte y el sur ser\u00e1n arduas","_links":{"self":[{"href":"https:\/\/conversesacatalunya.cat\/es\/wp-json\/wp\/v2\/posts\/34870","targetHints":{"allow":["GET"]}}],"collection":[{"href":"https:\/\/conversesacatalunya.cat\/es\/wp-json\/wp\/v2\/posts"}],"about":[{"href":"https:\/\/conversesacatalunya.cat\/es\/wp-json\/wp\/v2\/types\/post"}],"author":[{"embeddable":true,"href":"https:\/\/conversesacatalunya.cat\/es\/wp-json\/wp\/v2\/users\/67"}],"replies":[{"embeddable":true,"href":"https:\/\/conversesacatalunya.cat\/es\/wp-json\/wp\/v2\/comments?post=34870"}],"version-history":[{"count":2,"href":"https:\/\/conversesacatalunya.cat\/es\/wp-json\/wp\/v2\/posts\/34870\/revisions"}],"predecessor-version":[{"id":34871,"href":"https:\/\/conversesacatalunya.cat\/es\/wp-json\/wp\/v2\/posts\/34870\/revisions\/34871"}],"wp:featuredmedia":[{"embeddable":true,"href":"https:\/\/conversesacatalunya.cat\/es\/wp-json\/wp\/v2\/media\/34840"}],"wp:attachment":[{"href":"https:\/\/conversesacatalunya.cat\/es\/wp-json\/wp\/v2\/media?parent=34870"}],"wp:term":[{"taxonomy":"category","embeddable":true,"href":"https:\/\/conversesacatalunya.cat\/es\/wp-json\/wp\/v2\/categories?post=34870"},{"taxonomy":"post_tag","embeddable":true,"href":"https:\/\/conversesacatalunya.cat\/es\/wp-json\/wp\/v2\/tags?post=34870"}],"curies":[{"name":"wp","href":"https:\/\/api.w.org\/{rel}","templated":true}]}}