{"id":34851,"date":"2020-04-12T12:14:57","date_gmt":"2020-04-12T10:14:57","guid":{"rendered":"https:\/\/conversesacatalunya.cat\/?p=34851"},"modified":"2020-04-12T12:14:57","modified_gmt":"2020-04-12T10:14:57","slug":"la-extrana-version-de-los-pactos-de-la-moncloa-2-0","status":"publish","type":"post","link":"https:\/\/conversesacatalunya.cat\/es\/la-extrana-version-de-los-pactos-de-la-moncloa-2-0\/","title":{"rendered":"La extra\u00f1a versi\u00f3n de los pactos de la Moncloa 2.0"},"content":{"rendered":"<p>De forma repentina y despu\u00e9s de un largo periodo inicial de incomunicaci\u00f3n con los partidos de la oposici\u00f3n, y de toma unilateral de decisiones, S\u00e1nchez cambio el escenario para pasar a plantear unos \u201c<strong>nuevos Pactos de la Moncloa<\/strong>\u201d.<\/p>\n<p>Entre uno y otro planteamiento, se pueden se\u00f1alar como hechos m\u00e1s distintivos, la multiplicaci\u00f3n de las cr\u00edticas a la forma como el Gobierno espa\u00f1ol abord\u00f3 y gestion\u00f3 el C\u00f3vid-19, hasta situar \u00a0a Espa\u00f1a en el <strong>primer lugar del mundo<\/strong> en muertes por habitantes. <strong>Ya representa el 15 por ciento<\/strong> del total global, cuando Espa\u00f1a significa menos del uno por ciento de la poblaci\u00f3n mundial.<\/p>\n<p>Pero la insistencia y reiteraci\u00f3n en estos pactos, las llamadas a la unidad y al ya t\u00f3pico \u201carrimar el hombro\u201d, se asemejan m\u00e1s a una presi\u00f3n pol\u00edtica para forzar la mano al contrario, que a una <strong>verdadera voluntad de di\u00e1logo<\/strong> como la que presidi\u00f3 la iniciativa hist\u00f3rica del presidente <strong>Su\u00e1rez<\/strong>. La \u00faltima sesi\u00f3n parlamentaria no puso en escena, precisamente, un estilo dialogante por parte del Gobierno, que centr\u00f3 la acci\u00f3n, de la mano de la portavoz del PSOE <strong>Susana Lastra<\/strong>, en la descalificaci\u00f3n <em>ad ominen,<\/em> del PP.<\/p>\n<p>Pero siendo importante el clima y las palabras para crear un nuevo escenario (hubiera sido imposible unos pactos de la Moncloa con Su\u00e1rez, si \u00e9ste y el portavoz de UCD en el Congreso, se hubieran producido en t\u00e9rminos semejantes a los de S\u00e1nchez y Lastra), todav\u00eda resulta m\u00e1s decisivo <strong>los contenidos de dichos pactos, <\/strong>porque en definitiva es lo que cuenta: qu\u00e9 propone el Gobierno de S\u00e1nchez en un acuerdo complejo que vincula, o lo pretende,\u00a0 a la oposici\u00f3n, comunidades aut\u00f3nomas, sindicatos y organizaciones empresariales.<\/p>\n<p>Por el contrario, los <strong>Pactos de La Moncloa originales<\/strong> vinieron precedidos de un cuidado trabajo del gobierno. El vicepresidente econ\u00f3mico Enrique Fuentes Quintana, encarg\u00f3 a <strong>Jose Luis Leal<\/strong>, director general de Pol\u00edtica Econ\u00f3mica, formar un grupo de trabajo con <strong>Manuel Lagares<\/strong>, subsecretario de econom\u00eda, <strong>Luis Angel Rojo<\/strong>, del servicio de estudios del Banco de Espa\u00f1a, y uno de los destacados economistas de la \u00e9poca, y <strong>Blas Calzada<\/strong> Director del Instituto Nacional de Estad\u00edstica. Este grupo de trabajo concret\u00f3 un documento con medidas en tres horizontes temporales distintos, a corto, medio y largo plazo, y fue la base sobre la que trataron despu\u00e9s los partidos pol\u00edticos, unos m\u00e1s favorables que otros<strong>. Leal<\/strong> y <strong>Ram\u00f3n Tamames,<\/strong> que entonces era un destacado dirigente del Partido Comunista, adem\u00e1s de un reconocido economista, fueron los responsables de elaborar unas <strong>conclusiones comunes<\/strong>, y adem\u00e1s se formaron <strong>10 comisiones de trabajo<\/strong> con t\u00e9cnicos de los distintos partidos.<\/p>\n<p>Ahora, no hay nada de todo esto. El presidente S\u00e1nchez se limita a llamar a los dirigentes de la oposici\u00f3n para conversar con ellos. Pero \u00bfa qu\u00e9 conducen esta multitud de conversaciones sin disponer de una propuesta del Gobierno sobre la que pactar? Por ejemplo, \u00bfva a introducirse el tema de la sanidad p\u00fablica a corto, medio y largo plazo?, \u00bfva a tratarse de como corregir los errores que han provocado tan escandalosa mortalidad en Espa\u00f1a? Dado Que la sanidad y los servicios sociales son competencias traspasadas al 100 por 100 a las autonom\u00edas y que su sistema de financiaci\u00f3n hace a\u00f1os que est\u00e1 obsoleto y debe renovarse, \u00bfva a abordarse esta cuesti\u00f3n y en qu\u00e9 t\u00e9rminos? \u00bfCu\u00e1l es el planteamiento econ\u00f3mico para salir de las profundidades de la crisis y del desempleo? \u00bfSe apostar\u00e1 por el sector automovil\u00edstico, uno de los m\u00e1s potentes y con mayor capacidad de arrastre de nuestra industria? \u00a0\u00bfQu\u00e9 escenarios maneja el Gobierno de la afectaci\u00f3n del COVID 19 a corto, medio y largo plazo, y c\u00f3mo considera que afectar\u00e1 a la actividad econ\u00f3mica una incidencia de la pandemia que probablemente tendr\u00e1 forma de dientes de sierra al menos hasta que se alcance una vacuna?<\/p>\n<span class='bctt-click-to-tweet'><span class='bctt-ctt-text'><a href='https:\/\/twitter.com\/intent\/tweet?url=https%3A%2F%2Fconversesacatalunya.cat%2Fes%2Fla-extrana-version-de-los-pactos-de-la-moncloa-2-0%2F&#038;text=S%C3%A1nchez%20se%20limita%20a%20llamar%20a%20los%20dirigentes%20de%20la%20oposici%C3%B3n%20para%20conversar%20con%20ellos&#038;via=conversesacat&#038;related=conversesacat' target='_blank'rel=\"noopener noreferrer\">S\u00e1nchez se limita a llamar a los dirigentes de la oposici\u00f3n para conversar con ellos <\/a><\/span><a href='https:\/\/twitter.com\/intent\/tweet?url=https%3A%2F%2Fconversesacatalunya.cat%2Fes%2Fla-extrana-version-de-los-pactos-de-la-moncloa-2-0%2F&#038;text=S%C3%A1nchez%20se%20limita%20a%20llamar%20a%20los%20dirigentes%20de%20la%20oposici%C3%B3n%20para%20conversar%20con%20ellos&#038;via=conversesacat&#038;related=conversesacat' target='_blank' class='bctt-ctt-btn'rel=\"noopener noreferrer\">Compartir en X<\/a><\/span>\n<p><strong>Es la hora de las a grandes cabezas pensantes<\/strong>, de las buenas pol\u00edticas de Estado, del di\u00e1logo t\u00e9cnico al m\u00e1s alto nivel, de auditar bien las necesidades de las gentes y a partir de ellas buscar las mejores respuestas. Pero todo esto requiere <strong>concreci\u00f3n, textos, propuestas, compromisos, personas, porque, <\/strong>en definitiva, todo se encarna en ellas. \u00bfD\u00f3nde est\u00e1n los equivalentes a Jose Luis Leal, y Angel Rojo, para citar dos nombres del proyecto gubernamental de entonces?<\/p>\n<p>Mientras todo esto no sea visible, tenemos el perfecto derecho, m\u00e1s conociendo el comportamiento habitual de S\u00e1nchez, de creer que s\u00f3lo se <strong>trate de crear im\u00e1genes<\/strong>, difuminar la responsabilidad del Gobierno en la tr\u00e1gica situaci\u00f3n espa\u00f1ola, de atar corto a la oposici\u00f3n, para ahorrarse sus cr\u00edticas. En definitiva, en <strong>servirse del poder para mantenerlo<\/strong>, antes que aplicarlo para resolver los problemas de todos. Este, digamos mal pensamiento, tiene un claro desmentido: que el Gobierno de <strong>S\u00e1nchez e Iglesias <\/strong>ponga encima de la mesa su propuesta de pacto.<\/p>\n","protected":false},"excerpt":{"rendered":"<p>De forma repentina y despu\u00e9s de un largo periodo inicial de incomunicaci\u00f3n con los partidos de la oposici\u00f3n, y de toma unilateral de decisiones, S\u00e1nchez cambio el escenario para pasar a plantear unos \u201cnuevos Pactos de la Moncloa\u201d. Entre uno y otro planteamiento, se pueden se\u00f1alar como hechos m\u00e1s distintivos, la multiplicaci\u00f3n de las cr\u00edticas a la forma como el Gobierno espa\u00f1ol abord\u00f3 y gestion\u00f3 el C\u00f3vid-19, hasta situar \u00a0a Espa\u00f1a en el primer lugar del mundo en muertes por habitantes. Ya representa el 15 por ciento del total global, cuando Espa\u00f1a significa menos del uno por ciento de la poblaci\u00f3n mundial. Pero la insistencia y reiteraci\u00f3n en estos pactos, las llamadas a la unidad y al ya t\u00f3pico \u201carrimar el hombro\u201d, se asemejan m\u00e1s a una presi\u00f3n pol\u00edtica para forzar la mano al contrario, que a una verdadera voluntad de di\u00e1logo como la que presidi\u00f3 la iniciativa hist\u00f3rica del presidente Su\u00e1rez. La \u00faltima sesi\u00f3n parlamentaria no puso en escena, precisamente, un estilo dialogante por parte del Gobierno, que centr\u00f3 la acci\u00f3n, de la mano de la portavoz del PSOE Susana Lastra, en la descalificaci\u00f3n ad ominen, del PP. Pero siendo importante el clima y las palabras para crear un nuevo escenario (hubiera sido imposible unos pactos de la Moncloa con Su\u00e1rez, si \u00e9ste y el portavoz de UCD en el Congreso, se hubieran producido en t\u00e9rminos semejantes a los de S\u00e1nchez y Lastra), todav\u00eda resulta m\u00e1s decisivo los contenidos de dichos pactos, porque en definitiva es lo que cuenta: qu\u00e9 propone el Gobierno de S\u00e1nchez en un acuerdo complejo que vincula, o lo pretende,\u00a0 a la oposici\u00f3n, comunidades aut\u00f3nomas, sindicatos y organizaciones empresariales. Por el contrario, los Pactos de La Moncloa originales vinieron precedidos de un cuidado trabajo del gobierno. El vicepresidente econ\u00f3mico Enrique Fuentes Quintana, encarg\u00f3 a Jose Luis Leal, director general de Pol\u00edtica Econ\u00f3mica, formar un grupo de trabajo con Manuel Lagares, subsecretario de econom\u00eda, Luis Angel Rojo, del servicio de estudios del Banco de Espa\u00f1a, y uno de los destacados economistas de la \u00e9poca, y Blas Calzada Director del Instituto Nacional de Estad\u00edstica. Este grupo de trabajo concret\u00f3 un documento con medidas en tres horizontes temporales distintos, a corto, medio y largo plazo, y fue la base sobre la que trataron despu\u00e9s los partidos pol\u00edticos, unos m\u00e1s favorables que otros. Leal y Ram\u00f3n Tamames, que entonces era un destacado dirigente del Partido Comunista, adem\u00e1s de un reconocido economista, fueron los responsables de elaborar unas conclusiones comunes, y adem\u00e1s se formaron 10 comisiones de trabajo con t\u00e9cnicos de los distintos partidos. Ahora, no hay nada de todo esto. El presidente S\u00e1nchez se limita a llamar a los dirigentes de la oposici\u00f3n para conversar con ellos. Pero \u00bfa qu\u00e9 conducen esta multitud de conversaciones sin disponer de una propuesta del Gobierno sobre la que pactar? Por ejemplo, \u00bfva a introducirse el tema de la sanidad p\u00fablica a corto, medio y largo plazo?, \u00bfva a tratarse de como corregir los errores que han provocado tan escandalosa mortalidad en Espa\u00f1a? Dado Que la sanidad y los servicios sociales son competencias traspasadas al 100 por 100 a las autonom\u00edas y que su sistema de financiaci\u00f3n hace a\u00f1os que est\u00e1 obsoleto y debe renovarse, \u00bfva a abordarse esta cuesti\u00f3n y en qu\u00e9 t\u00e9rminos? \u00bfCu\u00e1l es el planteamiento econ\u00f3mico para salir de las profundidades de la crisis y del desempleo? \u00bfSe apostar\u00e1 por el sector automovil\u00edstico, uno de los m\u00e1s potentes y con mayor capacidad de arrastre de nuestra industria? \u00a0\u00bfQu\u00e9 escenarios maneja el Gobierno de la afectaci\u00f3n del COVID 19 a corto, medio y largo plazo, y c\u00f3mo considera que afectar\u00e1 a la actividad econ\u00f3mica una incidencia de la pandemia que probablemente tendr\u00e1 forma de dientes de sierra al menos hasta que se alcance una vacuna? Es la hora de las a grandes cabezas pensantes, de las buenas pol\u00edticas de Estado, del di\u00e1logo t\u00e9cnico al m\u00e1s alto nivel, de auditar bien las necesidades de las gentes y a partir de ellas buscar las mejores respuestas. Pero todo esto requiere concreci\u00f3n, textos, propuestas, compromisos, personas, porque, en definitiva, todo se encarna en ellas. \u00bfD\u00f3nde est\u00e1n los equivalentes a Jose Luis Leal, y Angel Rojo, para citar dos nombres del proyecto gubernamental de entonces? Mientras todo esto no sea visible, tenemos el perfecto derecho, m\u00e1s conociendo el comportamiento habitual de S\u00e1nchez, de creer que s\u00f3lo se trate de crear im\u00e1genes, difuminar la responsabilidad del Gobierno en la tr\u00e1gica situaci\u00f3n espa\u00f1ola, de atar corto a la oposici\u00f3n, para ahorrarse sus cr\u00edticas. En definitiva, en servirse del poder para mantenerlo, antes que aplicarlo para resolver los problemas de todos. Este, digamos mal pensamiento, tiene un claro desmentido: que el Gobierno de S\u00e1nchez e Iglesias ponga encima de la mesa su propuesta de pacto.<\/p>\n","protected":false},"author":2,"featured_media":34852,"comment_status":"open","ping_status":"open","sticky":false,"template":"","format":"standard","meta":{"_FSMCFIC_featured_image_caption":"","_FSMCFIC_featured_image_nocaption":"","_FSMCFIC_featured_image_hide":"","footnotes":""},"categories":[1772,806],"tags":[1913,2075,1157],"class_list":["post-34851","post","type-post","status-publish","format-standard","has-post-thumbnail","hentry","category-especial-coronavirus-es","category-punts-claus-del-dia-es","tag-covid-19-es","tag-pactos-de-la-moncloa","tag-pedro-sanchez-es"],"yoast_head":"<!-- This site is optimized with the Yoast SEO plugin v26.8 - https:\/\/yoast.com\/product\/yoast-seo-wordpress\/ -->\n<title>La extra\u00f1a versi\u00f3n de los pactos de la Moncloa 2.0 - Converses a Catalunya<\/title>\n<meta name=\"robots\" content=\"index, follow, max-snippet:-1, max-image-preview:large, max-video-preview:-1\" \/>\n<link rel=\"canonical\" href=\"https:\/\/conversesacatalunya.cat\/es\/la-extrana-version-de-los-pactos-de-la-moncloa-2-0\/\" \/>\n<meta property=\"og:locale\" content=\"es_ES\" \/>\n<meta property=\"og:type\" content=\"article\" \/>\n<meta property=\"og:title\" content=\"La extra\u00f1a versi\u00f3n de los pactos de la Moncloa 2.0 - Converses a Catalunya\" \/>\n<meta property=\"og:description\" content=\"De forma repentina y despu\u00e9s de un largo periodo inicial de incomunicaci\u00f3n con los partidos de la oposici\u00f3n, y de toma unilateral de decisiones, S\u00e1nchez cambio el escenario para pasar a plantear unos \u201cnuevos Pactos de la Moncloa\u201d. Entre uno y otro planteamiento, se pueden se\u00f1alar como hechos m\u00e1s distintivos, la multiplicaci\u00f3n de las cr\u00edticas a la forma como el Gobierno espa\u00f1ol abord\u00f3 y gestion\u00f3 el C\u00f3vid-19, hasta situar \u00a0a Espa\u00f1a en el primer lugar del mundo en muertes por habitantes. Ya representa el 15 por ciento del total global, cuando Espa\u00f1a significa menos del uno por ciento de la poblaci\u00f3n mundial. Pero la insistencia y reiteraci\u00f3n en estos pactos, las llamadas a la unidad y al ya t\u00f3pico \u201carrimar el hombro\u201d, se asemejan m\u00e1s a una presi\u00f3n pol\u00edtica para forzar la mano al contrario, que a una verdadera voluntad de di\u00e1logo como la que presidi\u00f3 la iniciativa hist\u00f3rica del presidente Su\u00e1rez. La \u00faltima sesi\u00f3n parlamentaria no puso en escena, precisamente, un estilo dialogante por parte del Gobierno, que centr\u00f3 la acci\u00f3n, de la mano de la portavoz del PSOE Susana Lastra, en la descalificaci\u00f3n ad ominen, del PP. Pero siendo importante el clima y las palabras para crear un nuevo escenario (hubiera sido imposible unos pactos de la Moncloa con Su\u00e1rez, si \u00e9ste y el portavoz de UCD en el Congreso, se hubieran producido en t\u00e9rminos semejantes a los de S\u00e1nchez y Lastra), todav\u00eda resulta m\u00e1s decisivo los contenidos de dichos pactos, porque en definitiva es lo que cuenta: qu\u00e9 propone el Gobierno de S\u00e1nchez en un acuerdo complejo que vincula, o lo pretende,\u00a0 a la oposici\u00f3n, comunidades aut\u00f3nomas, sindicatos y organizaciones empresariales. Por el contrario, los Pactos de La Moncloa originales vinieron precedidos de un cuidado trabajo del gobierno. El vicepresidente econ\u00f3mico Enrique Fuentes Quintana, encarg\u00f3 a Jose Luis Leal, director general de Pol\u00edtica Econ\u00f3mica, formar un grupo de trabajo con Manuel Lagares, subsecretario de econom\u00eda, Luis Angel Rojo, del servicio de estudios del Banco de Espa\u00f1a, y uno de los destacados economistas de la \u00e9poca, y Blas Calzada Director del Instituto Nacional de Estad\u00edstica. Este grupo de trabajo concret\u00f3 un documento con medidas en tres horizontes temporales distintos, a corto, medio y largo plazo, y fue la base sobre la que trataron despu\u00e9s los partidos pol\u00edticos, unos m\u00e1s favorables que otros. Leal y Ram\u00f3n Tamames, que entonces era un destacado dirigente del Partido Comunista, adem\u00e1s de un reconocido economista, fueron los responsables de elaborar unas conclusiones comunes, y adem\u00e1s se formaron 10 comisiones de trabajo con t\u00e9cnicos de los distintos partidos. Ahora, no hay nada de todo esto. El presidente S\u00e1nchez se limita a llamar a los dirigentes de la oposici\u00f3n para conversar con ellos. Pero \u00bfa qu\u00e9 conducen esta multitud de conversaciones sin disponer de una propuesta del Gobierno sobre la que pactar? Por ejemplo, \u00bfva a introducirse el tema de la sanidad p\u00fablica a corto, medio y largo plazo?, \u00bfva a tratarse de como corregir los errores que han provocado tan escandalosa mortalidad en Espa\u00f1a? Dado Que la sanidad y los servicios sociales son competencias traspasadas al 100 por 100 a las autonom\u00edas y que su sistema de financiaci\u00f3n hace a\u00f1os que est\u00e1 obsoleto y debe renovarse, \u00bfva a abordarse esta cuesti\u00f3n y en qu\u00e9 t\u00e9rminos? \u00bfCu\u00e1l es el planteamiento econ\u00f3mico para salir de las profundidades de la crisis y del desempleo? \u00bfSe apostar\u00e1 por el sector automovil\u00edstico, uno de los m\u00e1s potentes y con mayor capacidad de arrastre de nuestra industria? \u00a0\u00bfQu\u00e9 escenarios maneja el Gobierno de la afectaci\u00f3n del COVID 19 a corto, medio y largo plazo, y c\u00f3mo considera que afectar\u00e1 a la actividad econ\u00f3mica una incidencia de la pandemia que probablemente tendr\u00e1 forma de dientes de sierra al menos hasta que se alcance una vacuna? Es la hora de las a grandes cabezas pensantes, de las buenas pol\u00edticas de Estado, del di\u00e1logo t\u00e9cnico al m\u00e1s alto nivel, de auditar bien las necesidades de las gentes y a partir de ellas buscar las mejores respuestas. Pero todo esto requiere concreci\u00f3n, textos, propuestas, compromisos, personas, porque, en definitiva, todo se encarna en ellas. \u00bfD\u00f3nde est\u00e1n los equivalentes a Jose Luis Leal, y Angel Rojo, para citar dos nombres del proyecto gubernamental de entonces? Mientras todo esto no sea visible, tenemos el perfecto derecho, m\u00e1s conociendo el comportamiento habitual de S\u00e1nchez, de creer que s\u00f3lo se trate de crear im\u00e1genes, difuminar la responsabilidad del Gobierno en la tr\u00e1gica situaci\u00f3n espa\u00f1ola, de atar corto a la oposici\u00f3n, para ahorrarse sus cr\u00edticas. En definitiva, en servirse del poder para mantenerlo, antes que aplicarlo para resolver los problemas de todos. Este, digamos mal pensamiento, tiene un claro desmentido: que el Gobierno de S\u00e1nchez e Iglesias ponga encima de la mesa su propuesta de pacto.\" \/>\n<meta property=\"og:url\" content=\"https:\/\/conversesacatalunya.cat\/es\/la-extrana-version-de-los-pactos-de-la-moncloa-2-0\/\" \/>\n<meta property=\"og:site_name\" content=\"Converses a Catalunya\" \/>\n<meta property=\"article:published_time\" content=\"2020-04-12T10:14:57+00:00\" \/>\n<meta property=\"og:image\" content=\"https:\/\/conversesacatalunya.cat\/wp-content\/uploads\/2020\/04\/pactos-de-la-moncloa-1.jpg\" \/>\n\t<meta property=\"og:image:width\" content=\"1024\" \/>\n\t<meta property=\"og:image:height\" content=\"576\" \/>\n\t<meta property=\"og:image:type\" content=\"image\/jpeg\" \/>\n<meta name=\"author\" content=\"conversesacatalunya\" \/>\n<meta name=\"twitter:card\" content=\"summary_large_image\" \/>\n<meta name=\"twitter:label1\" content=\"Escrito por\" \/>\n\t<meta name=\"twitter:data1\" content=\"conversesacatalunya\" \/>\n\t<meta name=\"twitter:label2\" content=\"Tiempo de lectura\" \/>\n\t<meta name=\"twitter:data2\" content=\"4 minutos\" \/>\n<script type=\"application\/ld+json\" class=\"yoast-schema-graph\">{\"@context\":\"https:\/\/schema.org\",\"@graph\":[{\"@type\":\"Article\",\"@id\":\"https:\/\/conversesacatalunya.cat\/es\/la-extrana-version-de-los-pactos-de-la-moncloa-2-0\/#article\",\"isPartOf\":{\"@id\":\"https:\/\/conversesacatalunya.cat\/es\/la-extrana-version-de-los-pactos-de-la-moncloa-2-0\/\"},\"author\":{\"name\":\"conversesacatalunya\",\"@id\":\"https:\/\/conversesacatalunya.cat\/#\/schema\/person\/7e24d1e54a2785373ddcb275eae5ed99\"},\"headline\":\"La extra\u00f1a versi\u00f3n de los pactos de la Moncloa 2.0\",\"datePublished\":\"2020-04-12T10:14:57+00:00\",\"mainEntityOfPage\":{\"@id\":\"https:\/\/conversesacatalunya.cat\/es\/la-extrana-version-de-los-pactos-de-la-moncloa-2-0\/\"},\"wordCount\":892,\"commentCount\":0,\"image\":{\"@id\":\"https:\/\/conversesacatalunya.cat\/es\/la-extrana-version-de-los-pactos-de-la-moncloa-2-0\/#primaryimage\"},\"thumbnailUrl\":\"https:\/\/conversesacatalunya.cat\/wp-content\/uploads\/2020\/04\/pactos-de-la-moncloa-1.jpg\",\"keywords\":[\"Covid-19\",\"Pactos de la Moncloa\",\"Pedro S\u00e1nchez\"],\"articleSection\":[\"Especial Coronavirus (ES)\",\"Punts clau del dia (ES)\"],\"inLanguage\":\"es\",\"potentialAction\":[{\"@type\":\"CommentAction\",\"name\":\"Comment\",\"target\":[\"https:\/\/conversesacatalunya.cat\/es\/la-extrana-version-de-los-pactos-de-la-moncloa-2-0\/#respond\"]}]},{\"@type\":\"WebPage\",\"@id\":\"https:\/\/conversesacatalunya.cat\/es\/la-extrana-version-de-los-pactos-de-la-moncloa-2-0\/\",\"url\":\"https:\/\/conversesacatalunya.cat\/es\/la-extrana-version-de-los-pactos-de-la-moncloa-2-0\/\",\"name\":\"La extra\u00f1a versi\u00f3n de los pactos de la Moncloa 2.0 - Converses a Catalunya\",\"isPartOf\":{\"@id\":\"https:\/\/conversesacatalunya.cat\/#website\"},\"primaryImageOfPage\":{\"@id\":\"https:\/\/conversesacatalunya.cat\/es\/la-extrana-version-de-los-pactos-de-la-moncloa-2-0\/#primaryimage\"},\"image\":{\"@id\":\"https:\/\/conversesacatalunya.cat\/es\/la-extrana-version-de-los-pactos-de-la-moncloa-2-0\/#primaryimage\"},\"thumbnailUrl\":\"https:\/\/conversesacatalunya.cat\/wp-content\/uploads\/2020\/04\/pactos-de-la-moncloa-1.jpg\",\"datePublished\":\"2020-04-12T10:14:57+00:00\",\"author\":{\"@id\":\"https:\/\/conversesacatalunya.cat\/#\/schema\/person\/7e24d1e54a2785373ddcb275eae5ed99\"},\"breadcrumb\":{\"@id\":\"https:\/\/conversesacatalunya.cat\/es\/la-extrana-version-de-los-pactos-de-la-moncloa-2-0\/#breadcrumb\"},\"inLanguage\":\"es\",\"potentialAction\":[{\"@type\":\"ReadAction\",\"target\":[\"https:\/\/conversesacatalunya.cat\/es\/la-extrana-version-de-los-pactos-de-la-moncloa-2-0\/\"]}]},{\"@type\":\"ImageObject\",\"inLanguage\":\"es\",\"@id\":\"https:\/\/conversesacatalunya.cat\/es\/la-extrana-version-de-los-pactos-de-la-moncloa-2-0\/#primaryimage\",\"url\":\"https:\/\/conversesacatalunya.cat\/wp-content\/uploads\/2020\/04\/pactos-de-la-moncloa-1.jpg\",\"contentUrl\":\"https:\/\/conversesacatalunya.cat\/wp-content\/uploads\/2020\/04\/pactos-de-la-moncloa-1.jpg\",\"width\":1024,\"height\":576,\"caption\":\"Pactos de la moncloa\"},{\"@type\":\"BreadcrumbList\",\"@id\":\"https:\/\/conversesacatalunya.cat\/es\/la-extrana-version-de-los-pactos-de-la-moncloa-2-0\/#breadcrumb\",\"itemListElement\":[{\"@type\":\"ListItem\",\"position\":1,\"name\":\"Inici\",\"item\":\"https:\/\/conversesacatalunya.cat\/es\/\"},{\"@type\":\"ListItem\",\"position\":2,\"name\":\"La extra\u00f1a versi\u00f3n de los pactos de la Moncloa 2.0\"}]},{\"@type\":\"WebSite\",\"@id\":\"https:\/\/conversesacatalunya.cat\/#website\",\"url\":\"https:\/\/conversesacatalunya.cat\/\",\"name\":\"Converses a Catalunya\",\"description\":\"\",\"potentialAction\":[{\"@type\":\"SearchAction\",\"target\":{\"@type\":\"EntryPoint\",\"urlTemplate\":\"https:\/\/conversesacatalunya.cat\/?s={search_term_string}\"},\"query-input\":{\"@type\":\"PropertyValueSpecification\",\"valueRequired\":true,\"valueName\":\"search_term_string\"}}],\"inLanguage\":\"es\"},{\"@type\":\"Person\",\"@id\":\"https:\/\/conversesacatalunya.cat\/#\/schema\/person\/7e24d1e54a2785373ddcb275eae5ed99\",\"name\":\"conversesacatalunya\",\"image\":{\"@type\":\"ImageObject\",\"inLanguage\":\"es\",\"@id\":\"https:\/\/conversesacatalunya.cat\/#\/schema\/person\/image\/\",\"url\":\"https:\/\/conversesacatalunya.cat\/wp-content\/litespeed\/avatar\/febdfeeec89d950f01c748045a981dd2.jpg?ver=1777314535\",\"contentUrl\":\"https:\/\/conversesacatalunya.cat\/wp-content\/litespeed\/avatar\/febdfeeec89d950f01c748045a981dd2.jpg?ver=1777314535\",\"caption\":\"conversesacatalunya\"},\"url\":\"https:\/\/conversesacatalunya.cat\/es\/author\/carme_catala\/\"}]}<\/script>\n<!-- \/ Yoast SEO plugin. -->","yoast_head_json":{"title":"La extra\u00f1a versi\u00f3n de los pactos de la Moncloa 2.0 - Converses a Catalunya","robots":{"index":"index","follow":"follow","max-snippet":"max-snippet:-1","max-image-preview":"max-image-preview:large","max-video-preview":"max-video-preview:-1"},"canonical":"https:\/\/conversesacatalunya.cat\/es\/la-extrana-version-de-los-pactos-de-la-moncloa-2-0\/","og_locale":"es_ES","og_type":"article","og_title":"La extra\u00f1a versi\u00f3n de los pactos de la Moncloa 2.0 - Converses a Catalunya","og_description":"De forma repentina y despu\u00e9s de un largo periodo inicial de incomunicaci\u00f3n con los partidos de la oposici\u00f3n, y de toma unilateral de decisiones, S\u00e1nchez cambio el escenario para pasar a plantear unos \u201cnuevos Pactos de la Moncloa\u201d. Entre uno y otro planteamiento, se pueden se\u00f1alar como hechos m\u00e1s distintivos, la multiplicaci\u00f3n de las cr\u00edticas a la forma como el Gobierno espa\u00f1ol abord\u00f3 y gestion\u00f3 el C\u00f3vid-19, hasta situar \u00a0a Espa\u00f1a en el primer lugar del mundo en muertes por habitantes. Ya representa el 15 por ciento del total global, cuando Espa\u00f1a significa menos del uno por ciento de la poblaci\u00f3n mundial. Pero la insistencia y reiteraci\u00f3n en estos pactos, las llamadas a la unidad y al ya t\u00f3pico \u201carrimar el hombro\u201d, se asemejan m\u00e1s a una presi\u00f3n pol\u00edtica para forzar la mano al contrario, que a una verdadera voluntad de di\u00e1logo como la que presidi\u00f3 la iniciativa hist\u00f3rica del presidente Su\u00e1rez. La \u00faltima sesi\u00f3n parlamentaria no puso en escena, precisamente, un estilo dialogante por parte del Gobierno, que centr\u00f3 la acci\u00f3n, de la mano de la portavoz del PSOE Susana Lastra, en la descalificaci\u00f3n ad ominen, del PP. Pero siendo importante el clima y las palabras para crear un nuevo escenario (hubiera sido imposible unos pactos de la Moncloa con Su\u00e1rez, si \u00e9ste y el portavoz de UCD en el Congreso, se hubieran producido en t\u00e9rminos semejantes a los de S\u00e1nchez y Lastra), todav\u00eda resulta m\u00e1s decisivo los contenidos de dichos pactos, porque en definitiva es lo que cuenta: qu\u00e9 propone el Gobierno de S\u00e1nchez en un acuerdo complejo que vincula, o lo pretende,\u00a0 a la oposici\u00f3n, comunidades aut\u00f3nomas, sindicatos y organizaciones empresariales. Por el contrario, los Pactos de La Moncloa originales vinieron precedidos de un cuidado trabajo del gobierno. El vicepresidente econ\u00f3mico Enrique Fuentes Quintana, encarg\u00f3 a Jose Luis Leal, director general de Pol\u00edtica Econ\u00f3mica, formar un grupo de trabajo con Manuel Lagares, subsecretario de econom\u00eda, Luis Angel Rojo, del servicio de estudios del Banco de Espa\u00f1a, y uno de los destacados economistas de la \u00e9poca, y Blas Calzada Director del Instituto Nacional de Estad\u00edstica. Este grupo de trabajo concret\u00f3 un documento con medidas en tres horizontes temporales distintos, a corto, medio y largo plazo, y fue la base sobre la que trataron despu\u00e9s los partidos pol\u00edticos, unos m\u00e1s favorables que otros. Leal y Ram\u00f3n Tamames, que entonces era un destacado dirigente del Partido Comunista, adem\u00e1s de un reconocido economista, fueron los responsables de elaborar unas conclusiones comunes, y adem\u00e1s se formaron 10 comisiones de trabajo con t\u00e9cnicos de los distintos partidos. Ahora, no hay nada de todo esto. El presidente S\u00e1nchez se limita a llamar a los dirigentes de la oposici\u00f3n para conversar con ellos. Pero \u00bfa qu\u00e9 conducen esta multitud de conversaciones sin disponer de una propuesta del Gobierno sobre la que pactar? Por ejemplo, \u00bfva a introducirse el tema de la sanidad p\u00fablica a corto, medio y largo plazo?, \u00bfva a tratarse de como corregir los errores que han provocado tan escandalosa mortalidad en Espa\u00f1a? Dado Que la sanidad y los servicios sociales son competencias traspasadas al 100 por 100 a las autonom\u00edas y que su sistema de financiaci\u00f3n hace a\u00f1os que est\u00e1 obsoleto y debe renovarse, \u00bfva a abordarse esta cuesti\u00f3n y en qu\u00e9 t\u00e9rminos? \u00bfCu\u00e1l es el planteamiento econ\u00f3mico para salir de las profundidades de la crisis y del desempleo? \u00bfSe apostar\u00e1 por el sector automovil\u00edstico, uno de los m\u00e1s potentes y con mayor capacidad de arrastre de nuestra industria? \u00a0\u00bfQu\u00e9 escenarios maneja el Gobierno de la afectaci\u00f3n del COVID 19 a corto, medio y largo plazo, y c\u00f3mo considera que afectar\u00e1 a la actividad econ\u00f3mica una incidencia de la pandemia que probablemente tendr\u00e1 forma de dientes de sierra al menos hasta que se alcance una vacuna? Es la hora de las a grandes cabezas pensantes, de las buenas pol\u00edticas de Estado, del di\u00e1logo t\u00e9cnico al m\u00e1s alto nivel, de auditar bien las necesidades de las gentes y a partir de ellas buscar las mejores respuestas. Pero todo esto requiere concreci\u00f3n, textos, propuestas, compromisos, personas, porque, en definitiva, todo se encarna en ellas. \u00bfD\u00f3nde est\u00e1n los equivalentes a Jose Luis Leal, y Angel Rojo, para citar dos nombres del proyecto gubernamental de entonces? Mientras todo esto no sea visible, tenemos el perfecto derecho, m\u00e1s conociendo el comportamiento habitual de S\u00e1nchez, de creer que s\u00f3lo se trate de crear im\u00e1genes, difuminar la responsabilidad del Gobierno en la tr\u00e1gica situaci\u00f3n espa\u00f1ola, de atar corto a la oposici\u00f3n, para ahorrarse sus cr\u00edticas. En definitiva, en servirse del poder para mantenerlo, antes que aplicarlo para resolver los problemas de todos. Este, digamos mal pensamiento, tiene un claro desmentido: que el Gobierno de S\u00e1nchez e Iglesias ponga encima de la mesa su propuesta de pacto.","og_url":"https:\/\/conversesacatalunya.cat\/es\/la-extrana-version-de-los-pactos-de-la-moncloa-2-0\/","og_site_name":"Converses a Catalunya","article_published_time":"2020-04-12T10:14:57+00:00","og_image":[{"width":1024,"height":576,"url":"https:\/\/conversesacatalunya.cat\/wp-content\/uploads\/2020\/04\/pactos-de-la-moncloa-1.jpg","type":"image\/jpeg"}],"author":"conversesacatalunya","twitter_card":"summary_large_image","twitter_misc":{"Escrito por":"conversesacatalunya","Tiempo de lectura":"4 minutos"},"schema":{"@context":"https:\/\/schema.org","@graph":[{"@type":"Article","@id":"https:\/\/conversesacatalunya.cat\/es\/la-extrana-version-de-los-pactos-de-la-moncloa-2-0\/#article","isPartOf":{"@id":"https:\/\/conversesacatalunya.cat\/es\/la-extrana-version-de-los-pactos-de-la-moncloa-2-0\/"},"author":{"name":"conversesacatalunya","@id":"https:\/\/conversesacatalunya.cat\/#\/schema\/person\/7e24d1e54a2785373ddcb275eae5ed99"},"headline":"La extra\u00f1a versi\u00f3n de los pactos de la Moncloa 2.0","datePublished":"2020-04-12T10:14:57+00:00","mainEntityOfPage":{"@id":"https:\/\/conversesacatalunya.cat\/es\/la-extrana-version-de-los-pactos-de-la-moncloa-2-0\/"},"wordCount":892,"commentCount":0,"image":{"@id":"https:\/\/conversesacatalunya.cat\/es\/la-extrana-version-de-los-pactos-de-la-moncloa-2-0\/#primaryimage"},"thumbnailUrl":"https:\/\/conversesacatalunya.cat\/wp-content\/uploads\/2020\/04\/pactos-de-la-moncloa-1.jpg","keywords":["Covid-19","Pactos de la Moncloa","Pedro S\u00e1nchez"],"articleSection":["Especial Coronavirus (ES)","Punts clau del dia (ES)"],"inLanguage":"es","potentialAction":[{"@type":"CommentAction","name":"Comment","target":["https:\/\/conversesacatalunya.cat\/es\/la-extrana-version-de-los-pactos-de-la-moncloa-2-0\/#respond"]}]},{"@type":"WebPage","@id":"https:\/\/conversesacatalunya.cat\/es\/la-extrana-version-de-los-pactos-de-la-moncloa-2-0\/","url":"https:\/\/conversesacatalunya.cat\/es\/la-extrana-version-de-los-pactos-de-la-moncloa-2-0\/","name":"La extra\u00f1a versi\u00f3n de los pactos de la Moncloa 2.0 - Converses a Catalunya","isPartOf":{"@id":"https:\/\/conversesacatalunya.cat\/#website"},"primaryImageOfPage":{"@id":"https:\/\/conversesacatalunya.cat\/es\/la-extrana-version-de-los-pactos-de-la-moncloa-2-0\/#primaryimage"},"image":{"@id":"https:\/\/conversesacatalunya.cat\/es\/la-extrana-version-de-los-pactos-de-la-moncloa-2-0\/#primaryimage"},"thumbnailUrl":"https:\/\/conversesacatalunya.cat\/wp-content\/uploads\/2020\/04\/pactos-de-la-moncloa-1.jpg","datePublished":"2020-04-12T10:14:57+00:00","author":{"@id":"https:\/\/conversesacatalunya.cat\/#\/schema\/person\/7e24d1e54a2785373ddcb275eae5ed99"},"breadcrumb":{"@id":"https:\/\/conversesacatalunya.cat\/es\/la-extrana-version-de-los-pactos-de-la-moncloa-2-0\/#breadcrumb"},"inLanguage":"es","potentialAction":[{"@type":"ReadAction","target":["https:\/\/conversesacatalunya.cat\/es\/la-extrana-version-de-los-pactos-de-la-moncloa-2-0\/"]}]},{"@type":"ImageObject","inLanguage":"es","@id":"https:\/\/conversesacatalunya.cat\/es\/la-extrana-version-de-los-pactos-de-la-moncloa-2-0\/#primaryimage","url":"https:\/\/conversesacatalunya.cat\/wp-content\/uploads\/2020\/04\/pactos-de-la-moncloa-1.jpg","contentUrl":"https:\/\/conversesacatalunya.cat\/wp-content\/uploads\/2020\/04\/pactos-de-la-moncloa-1.jpg","width":1024,"height":576,"caption":"Pactos de la moncloa"},{"@type":"BreadcrumbList","@id":"https:\/\/conversesacatalunya.cat\/es\/la-extrana-version-de-los-pactos-de-la-moncloa-2-0\/#breadcrumb","itemListElement":[{"@type":"ListItem","position":1,"name":"Inici","item":"https:\/\/conversesacatalunya.cat\/es\/"},{"@type":"ListItem","position":2,"name":"La extra\u00f1a versi\u00f3n de los pactos de la Moncloa 2.0"}]},{"@type":"WebSite","@id":"https:\/\/conversesacatalunya.cat\/#website","url":"https:\/\/conversesacatalunya.cat\/","name":"Converses a Catalunya","description":"","potentialAction":[{"@type":"SearchAction","target":{"@type":"EntryPoint","urlTemplate":"https:\/\/conversesacatalunya.cat\/?s={search_term_string}"},"query-input":{"@type":"PropertyValueSpecification","valueRequired":true,"valueName":"search_term_string"}}],"inLanguage":"es"},{"@type":"Person","@id":"https:\/\/conversesacatalunya.cat\/#\/schema\/person\/7e24d1e54a2785373ddcb275eae5ed99","name":"conversesacatalunya","image":{"@type":"ImageObject","inLanguage":"es","@id":"https:\/\/conversesacatalunya.cat\/#\/schema\/person\/image\/","url":"https:\/\/conversesacatalunya.cat\/wp-content\/litespeed\/avatar\/febdfeeec89d950f01c748045a981dd2.jpg?ver=1777314535","contentUrl":"https:\/\/conversesacatalunya.cat\/wp-content\/litespeed\/avatar\/febdfeeec89d950f01c748045a981dd2.jpg?ver=1777314535","caption":"conversesacatalunya"},"url":"https:\/\/conversesacatalunya.cat\/es\/author\/carme_catala\/"}]}},"wps_subtitle":"","_links":{"self":[{"href":"https:\/\/conversesacatalunya.cat\/es\/wp-json\/wp\/v2\/posts\/34851","targetHints":{"allow":["GET"]}}],"collection":[{"href":"https:\/\/conversesacatalunya.cat\/es\/wp-json\/wp\/v2\/posts"}],"about":[{"href":"https:\/\/conversesacatalunya.cat\/es\/wp-json\/wp\/v2\/types\/post"}],"author":[{"embeddable":true,"href":"https:\/\/conversesacatalunya.cat\/es\/wp-json\/wp\/v2\/users\/2"}],"replies":[{"embeddable":true,"href":"https:\/\/conversesacatalunya.cat\/es\/wp-json\/wp\/v2\/comments?post=34851"}],"version-history":[{"count":1,"href":"https:\/\/conversesacatalunya.cat\/es\/wp-json\/wp\/v2\/posts\/34851\/revisions"}],"predecessor-version":[{"id":34854,"href":"https:\/\/conversesacatalunya.cat\/es\/wp-json\/wp\/v2\/posts\/34851\/revisions\/34854"}],"wp:featuredmedia":[{"embeddable":true,"href":"https:\/\/conversesacatalunya.cat\/es\/wp-json\/wp\/v2\/media\/34852"}],"wp:attachment":[{"href":"https:\/\/conversesacatalunya.cat\/es\/wp-json\/wp\/v2\/media?parent=34851"}],"wp:term":[{"taxonomy":"category","embeddable":true,"href":"https:\/\/conversesacatalunya.cat\/es\/wp-json\/wp\/v2\/categories?post=34851"},{"taxonomy":"post_tag","embeddable":true,"href":"https:\/\/conversesacatalunya.cat\/es\/wp-json\/wp\/v2\/tags?post=34851"}],"curies":[{"name":"wp","href":"https:\/\/api.w.org\/{rel}","templated":true}]}}