{"id":34833,"date":"2020-04-11T12:28:57","date_gmt":"2020-04-11T10:28:57","guid":{"rendered":"https:\/\/conversesacatalunya.cat\/?p=34833"},"modified":"2020-04-11T12:28:57","modified_gmt":"2020-04-11T10:28:57","slug":"el-gobierno-espanol-prohibe-el-triaje-por-edad-que-aplicaba-el-servicio-de-emergencias-sanitarias-de-cataluna-en-la-atencion-a-los-enfermos-graves","status":"publish","type":"post","link":"https:\/\/conversesacatalunya.cat\/es\/el-gobierno-espanol-prohibe-el-triaje-por-edad-que-aplicaba-el-servicio-de-emergencias-sanitarias-de-cataluna-en-la-atencion-a-los-enfermos-graves\/","title":{"rendered":"El gobierno espa\u00f1ol proh\u00edbe el triaje por edad que aplicaba el Servicio de Emergencias Sanitarias de Catalu\u00f1a en la atenci\u00f3n a los enfermos graves"},"content":{"rendered":"<p>Converses a Catalunya ha <a href=\"https:\/\/conversesacatalunya.cat\/es\/cataluna-no-es-pais-para-viejos-el-escandalo-internacional\/\" target=\"_blank\" rel=\"noopener noreferrer\">recogido el esc\u00e1ndalo<\/a>, incluso internacional, que ha provocado el <a href=\"https:\/\/conversesacatalunya.cat\/es\/confirmado-el-departamento-de-salud-discrimina-a-las-personas-de-mas-de-75-anos-a-la-hora-de-recibir-la-atencion-medica-esencial\/\" target=\"_blank\" rel=\"noopener noreferrer\"><strong>documento del SEM<\/strong><\/a> de la Generalitat, en el cual establec\u00eda l\u00edmites claros para el traslado hospitalario de gente mayor, as\u00ed como la no aplicaci\u00f3n de respiradores a mayores de 75 a\u00f1os. De hecho, se trataba de una especie de <strong>eutanasia forzosa<\/strong>.<\/p>\n<blockquote><p><a href=\"http:\/\/cadenaser00.epimg.net\/descargables\/2020\/04\/01\/dbb972d767c4a3b28e2c866cc3e0cb65.pdf?int=masinfo\" target=\"_blank\" rel=\"noopener noreferrer\"><span title=\"\">RECOMENDACIONES PARA<\/span>\u00a0<span title=\"\">APOYO A<\/span>\u00a0<span title=\"\">LAS DECISIONES<\/span>\u00a0<span title=\"\">DE<\/span>\u00a0<span title=\"\">LIMITACI\u00d3N<\/span>\u00a0<span title=\"\">DE ESFUERZO<\/span>\u00a0<span title=\"\">TERAP\u00c9UTICO<\/span>\u00a0<span title=\"\">(<\/span><span title=\"\">LET)<\/span>\u00a0<span title=\"\">PARA<\/span>\u00a0<span title=\"\">PACIENTES CON<\/span>\u00a0<span title=\"\">SOSPECHA<\/span>\u00a0<span title=\"\">DE<\/span>\u00a0<span title=\"\">COVID<\/span><span title=\"\">\u2013<\/span><span title=\"\">19<\/span>\u00a0<span title=\"\">E INSUFICIENCIA<\/span>\u00a0<span title=\"\">RESPIRATORIA<\/span>\u00a0<span title=\"\">AGUDA<\/span>\u00a0<span title=\"\">(IRA)<\/span>\u00a0HIPOX\u00c9MICA\u00a0<span title=\"\">de 24 de marzo<\/span>\u00a0<span title=\"\">de 2020<\/span>.<\/a><\/p><\/blockquote>\n<p>Se produjeron numerosas reacciones cr\u00edticas. Una de las m\u00e1s documentadas fue el texto de la asociaci\u00f3n e- Cristians: <a href=\"http:\/\/e-cristians.cat\/llamamiento-a-la-sociedad-la-tragica-situacion-de-las-personas-de-mas-edad-en-el-sistema-sanitario-de-cataluna\/\" target=\"_blank\" rel=\"noopener noreferrer\"><strong>Llamamiento a la Sociedad<\/strong><\/a><\/p>\n<p>Saliendo al paso de este proceder que se apoyaba en la firma de diez \u201cexpertos en vida\u201d, el Ministerio de Sanidad ha establecido las pautas para las \u00ab<strong>decisiones sobre cuidados intensivos de pacientes vulnerables<\/strong>.<\/p>\n<p>El documento establece que\u00a0 \u00abLos <strong>pacientes de mayor edad deber\u00e1n ser tratados en las mismas condiciones que el resto de la poblaci\u00f3n<\/strong>: atendiendo a criterios cl\u00ednicos\u00bb\u00a0 y tambi\u00e9n que se \u00ab<strong>se proh\u00edbe absolutamente<\/strong> guiarse por criterios fundados en la \u2018discriminaci\u00f3n\u2019\u201d, y fija concretamente que \u00abexcluir a pacientes del acceso a determinados recursos asistenciales o a determinados tratamientos (por ejemplo, aplicar dicha limitaci\u00f3n a toda persona de edad superior a 80 a\u00f1os) resulta <strong>contrario, por discriminatorio, a los fundamentos mismos de nuestro Estado de derecho (art. 14 de la Constituci\u00f3n espa\u00f1ola)\u00bb. En realidad, el SEM establece el limite en los 75 a\u00f1os<\/strong><\/p>\n<p>\u00abLos pacientes de mayor edad, en caso de escasez extrema de recursos asistenciales, deber\u00e1n ser tratados en las mismas condiciones que el resto de la poblaci\u00f3n, atendiendo a criterios cl\u00ednicos de cada caso en particular\u00bb. Es decir, que a los pacientes con s\u00edntomas graves \u00abde cualquier edad\u00bb se les <strong>aplicar\u00e1n los criterios de admisi\u00f3n \u00aben unidades de cuidados intensivos y aplicaci\u00f3n de ventilaci\u00f3n mec\u00e1nica asistida\u00bb,<\/strong> \u00abexactamente en las mismas condiciones que a cualquier otro ciudadano.<\/p>\n<p>\u201cSe proh\u00edbe por tanto descartar <em>&#8216;ex ante&#8217;<\/em> el acceso a dichos medios a toda persona que supere una edad. Aceptar una discriminaci\u00f3n como la anteriormente reflejada supondr\u00eda <strong>establecer una minusvaloraci\u00f3n de determinadas vidas<\/strong> humanas por la etapa vital en la que se encuentra dicho sector de ciudadan\u00eda, lo que contradice los fundamentos de nuestro Estado de derecho\u00bb.<\/p>\n<p>Tambi\u00e9n se refiere a las personas con \u00abdiscapacidad en cualquiera de sus manifestaciones\u00bb. Tambi\u00e9n hace una menci\u00f3n espec\u00edfica al colectivo de \u00abmenores de edad en situaciones m\u00e1s vulnerables (menores objeto de abandono por parte de su familia, menores extranjeros no acompa\u00f1ados, etc.)\u00bb.<\/p>\n<p>Los principios \u00abobjetivos, generalizables, transparentes, p\u00fablicos y consensuados\u00bb que, seg\u00fan el ministerio, deben guiar a los profesionales a la hora de aceptar el ingreso en las UCI y el acceso a los recursos que escasean en la pandemia ser\u00e1n:<\/p>\n<ol>\n<li>\u00abNo discriminaci\u00f3n por ning\u00fan motivo ajeno a la situaci\u00f3n patol\u00f3gica del paciente y a las expectativas objetivas de supervivencia.<\/li>\n<li>El principio de m\u00e1ximo beneficio en la recuperaci\u00f3n de vidas humanas, que debe compatibilizarse con la continuaci\u00f3n de la asistencia iniciada de forma individual de cada paciente.<\/li>\n<li>Gravedad del estado de enfermedad del paciente que evidencie la necesidad de cuidados intensivos (asistencia en unidades de cuidados intensivos y acceso a ventiladores mec\u00e1nicos o, en su defecto, acceso en todo caso a estos \u00faltimos).<\/li>\n<li>Expectativas objetivas de recuperaci\u00f3n del paciente en el corto plazo a su estado previo de salud, teniendo en cuenta la concurrencia o no de patolog\u00edas graves acompa\u00f1antes que evidencien un pron\u00f3stico fatal (enfermos terminales con pron\u00f3stico de irreversibilidad, estado de coma irreversible, etc.), aunque pueda comportar una atenci\u00f3n cl\u00ednica a\u00f1adida\u00bb.<\/li>\n<\/ol>\n<p style=\"text-align: center;\"><strong>M\u00e1s informaci\u00f3n sobre el coronavirus en <a href=\"https:\/\/conversesacatalunya.cat\/es\/coronavirus\/\" target=\"_blank\" rel=\"noopener noreferrer\">ESPECIAL CORONAVIRUS<\/a><\/strong><\/p>\n<p>&nbsp;<\/p>\n","protected":false},"excerpt":{"rendered":"<p>Converses a Catalunya ha recogido el esc\u00e1ndalo, incluso internacional, que ha provocado el documento del SEM de la Generalitat, en el cual establec\u00eda l\u00edmites claros para el traslado hospitalario de gente mayor, as\u00ed como la no aplicaci\u00f3n de respiradores a mayores de 75 a\u00f1os. De hecho, se trataba de una especie de eutanasia forzosa. RECOMENDACIONES PARA\u00a0APOYO A\u00a0LAS DECISIONES\u00a0DE\u00a0LIMITACI\u00d3N\u00a0DE ESFUERZO\u00a0TERAP\u00c9UTICO\u00a0(LET)\u00a0PARA\u00a0PACIENTES CON\u00a0SOSPECHA\u00a0DE\u00a0COVID\u201319\u00a0E INSUFICIENCIA\u00a0RESPIRATORIA\u00a0AGUDA\u00a0(IRA)\u00a0HIPOX\u00c9MICA\u00a0de 24 de marzo\u00a0de 2020. Se produjeron numerosas reacciones cr\u00edticas. Una de las m\u00e1s documentadas fue el texto de la asociaci\u00f3n e- Cristians: Llamamiento a la Sociedad Saliendo al paso de este proceder que se apoyaba en la firma de diez \u201cexpertos en vida\u201d, el Ministerio de Sanidad ha establecido las pautas para las \u00abdecisiones sobre cuidados intensivos de pacientes vulnerables. El documento establece que\u00a0 \u00abLos pacientes de mayor edad deber\u00e1n ser tratados en las mismas condiciones que el resto de la poblaci\u00f3n: atendiendo a criterios cl\u00ednicos\u00bb\u00a0 y tambi\u00e9n que se \u00abse proh\u00edbe absolutamente guiarse por criterios fundados en la \u2018discriminaci\u00f3n\u2019\u201d, y fija concretamente que \u00abexcluir a pacientes del acceso a determinados recursos asistenciales o a determinados tratamientos (por ejemplo, aplicar dicha limitaci\u00f3n a toda persona de edad superior a 80 a\u00f1os) resulta contrario, por discriminatorio, a los fundamentos mismos de nuestro Estado de derecho (art. 14 de la Constituci\u00f3n espa\u00f1ola)\u00bb. En realidad, el SEM establece el limite en los 75 a\u00f1os \u00abLos pacientes de mayor edad, en caso de escasez extrema de recursos asistenciales, deber\u00e1n ser tratados en las mismas condiciones que el resto de la poblaci\u00f3n, atendiendo a criterios cl\u00ednicos de cada caso en particular\u00bb. Es decir, que a los pacientes con s\u00edntomas graves \u00abde cualquier edad\u00bb se les aplicar\u00e1n los criterios de admisi\u00f3n \u00aben unidades de cuidados intensivos y aplicaci\u00f3n de ventilaci\u00f3n mec\u00e1nica asistida\u00bb, \u00abexactamente en las mismas condiciones que a cualquier otro ciudadano. \u201cSe proh\u00edbe por tanto descartar &#8216;ex ante&#8217; el acceso a dichos medios a toda persona que supere una edad. Aceptar una discriminaci\u00f3n como la anteriormente reflejada supondr\u00eda establecer una minusvaloraci\u00f3n de determinadas vidas humanas por la etapa vital en la que se encuentra dicho sector de ciudadan\u00eda, lo que contradice los fundamentos de nuestro Estado de derecho\u00bb. Tambi\u00e9n se refiere a las personas con \u00abdiscapacidad en cualquiera de sus manifestaciones\u00bb. Tambi\u00e9n hace una menci\u00f3n espec\u00edfica al colectivo de \u00abmenores de edad en situaciones m\u00e1s vulnerables (menores objeto de abandono por parte de su familia, menores extranjeros no acompa\u00f1ados, etc.)\u00bb. Los principios \u00abobjetivos, generalizables, transparentes, p\u00fablicos y consensuados\u00bb que, seg\u00fan el ministerio, deben guiar a los profesionales a la hora de aceptar el ingreso en las UCI y el acceso a los recursos que escasean en la pandemia ser\u00e1n: \u00abNo discriminaci\u00f3n por ning\u00fan motivo ajeno a la situaci\u00f3n patol\u00f3gica del paciente y a las expectativas objetivas de supervivencia. El principio de m\u00e1ximo beneficio en la recuperaci\u00f3n de vidas humanas, que debe compatibilizarse con la continuaci\u00f3n de la asistencia iniciada de forma individual de cada paciente. Gravedad del estado de enfermedad del paciente que evidencie la necesidad de cuidados intensivos (asistencia en unidades de cuidados intensivos y acceso a ventiladores mec\u00e1nicos o, en su defecto, acceso en todo caso a estos \u00faltimos). Expectativas objetivas de recuperaci\u00f3n del paciente en el corto plazo a su estado previo de salud, teniendo en cuenta la concurrencia o no de patolog\u00edas graves acompa\u00f1antes que evidencien un pron\u00f3stico fatal (enfermos terminales con pron\u00f3stico de irreversibilidad, estado de coma irreversible, etc.), aunque pueda comportar una atenci\u00f3n cl\u00ednica a\u00f1adida\u00bb. M\u00e1s informaci\u00f3n sobre el coronavirus en ESPECIAL CORONAVIRUS &nbsp;<\/p>\n","protected":false},"author":2,"featured_media":34834,"comment_status":"open","ping_status":"open","sticky":false,"template":"","format":"standard","meta":{"_FSMCFIC_featured_image_caption":"","_FSMCFIC_featured_image_nocaption":"","_FSMCFIC_featured_image_hide":"","footnotes":""},"categories":[1772,806],"tags":[1504,2093],"class_list":["post-34833","post","type-post","status-publish","format-standard","has-post-thumbnail","hentry","category-especial-coronavirus-es","category-punts-claus-del-dia-es","tag-coronavirus-es","tag-sem"],"yoast_head":"<!-- This site is optimized with the Yoast SEO plugin v26.8 - https:\/\/yoast.com\/product\/yoast-seo-wordpress\/ -->\n<title>El gobierno espa\u00f1ol proh\u00edbe el triaje por edad que aplicaba el Servicio de Emergencias Sanitarias de Catalu\u00f1a en la atenci\u00f3n a los enfermos graves - Converses a Catalunya<\/title>\n<meta name=\"robots\" content=\"index, follow, max-snippet:-1, max-image-preview:large, max-video-preview:-1\" \/>\n<link rel=\"canonical\" href=\"https:\/\/conversesacatalunya.cat\/es\/el-gobierno-espanol-prohibe-el-triaje-por-edad-que-aplicaba-el-servicio-de-emergencias-sanitarias-de-cataluna-en-la-atencion-a-los-enfermos-graves\/\" \/>\n<meta property=\"og:locale\" content=\"es_ES\" \/>\n<meta property=\"og:type\" content=\"article\" \/>\n<meta property=\"og:title\" content=\"El gobierno espa\u00f1ol proh\u00edbe el triaje por edad que aplicaba el Servicio de Emergencias Sanitarias de Catalu\u00f1a en la atenci\u00f3n a los enfermos graves - Converses a Catalunya\" \/>\n<meta property=\"og:description\" content=\"Converses a Catalunya ha recogido el esc\u00e1ndalo, incluso internacional, que ha provocado el documento del SEM de la Generalitat, en el cual establec\u00eda l\u00edmites claros para el traslado hospitalario de gente mayor, as\u00ed como la no aplicaci\u00f3n de respiradores a mayores de 75 a\u00f1os. De hecho, se trataba de una especie de eutanasia forzosa. RECOMENDACIONES PARA\u00a0APOYO A\u00a0LAS DECISIONES\u00a0DE\u00a0LIMITACI\u00d3N\u00a0DE ESFUERZO\u00a0TERAP\u00c9UTICO\u00a0(LET)\u00a0PARA\u00a0PACIENTES CON\u00a0SOSPECHA\u00a0DE\u00a0COVID\u201319\u00a0E INSUFICIENCIA\u00a0RESPIRATORIA\u00a0AGUDA\u00a0(IRA)\u00a0HIPOX\u00c9MICA\u00a0de 24 de marzo\u00a0de 2020. Se produjeron numerosas reacciones cr\u00edticas. Una de las m\u00e1s documentadas fue el texto de la asociaci\u00f3n e- Cristians: Llamamiento a la Sociedad Saliendo al paso de este proceder que se apoyaba en la firma de diez \u201cexpertos en vida\u201d, el Ministerio de Sanidad ha establecido las pautas para las \u00abdecisiones sobre cuidados intensivos de pacientes vulnerables. El documento establece que\u00a0 \u00abLos pacientes de mayor edad deber\u00e1n ser tratados en las mismas condiciones que el resto de la poblaci\u00f3n: atendiendo a criterios cl\u00ednicos\u00bb\u00a0 y tambi\u00e9n que se \u00abse proh\u00edbe absolutamente guiarse por criterios fundados en la \u2018discriminaci\u00f3n\u2019\u201d, y fija concretamente que \u00abexcluir a pacientes del acceso a determinados recursos asistenciales o a determinados tratamientos (por ejemplo, aplicar dicha limitaci\u00f3n a toda persona de edad superior a 80 a\u00f1os) resulta contrario, por discriminatorio, a los fundamentos mismos de nuestro Estado de derecho (art. 14 de la Constituci\u00f3n espa\u00f1ola)\u00bb. En realidad, el SEM establece el limite en los 75 a\u00f1os \u00abLos pacientes de mayor edad, en caso de escasez extrema de recursos asistenciales, deber\u00e1n ser tratados en las mismas condiciones que el resto de la poblaci\u00f3n, atendiendo a criterios cl\u00ednicos de cada caso en particular\u00bb. Es decir, que a los pacientes con s\u00edntomas graves \u00abde cualquier edad\u00bb se les aplicar\u00e1n los criterios de admisi\u00f3n \u00aben unidades de cuidados intensivos y aplicaci\u00f3n de ventilaci\u00f3n mec\u00e1nica asistida\u00bb, \u00abexactamente en las mismas condiciones que a cualquier otro ciudadano. \u201cSe proh\u00edbe por tanto descartar &#8216;ex ante&#8217; el acceso a dichos medios a toda persona que supere una edad. Aceptar una discriminaci\u00f3n como la anteriormente reflejada supondr\u00eda establecer una minusvaloraci\u00f3n de determinadas vidas humanas por la etapa vital en la que se encuentra dicho sector de ciudadan\u00eda, lo que contradice los fundamentos de nuestro Estado de derecho\u00bb. Tambi\u00e9n se refiere a las personas con \u00abdiscapacidad en cualquiera de sus manifestaciones\u00bb. Tambi\u00e9n hace una menci\u00f3n espec\u00edfica al colectivo de \u00abmenores de edad en situaciones m\u00e1s vulnerables (menores objeto de abandono por parte de su familia, menores extranjeros no acompa\u00f1ados, etc.)\u00bb. Los principios \u00abobjetivos, generalizables, transparentes, p\u00fablicos y consensuados\u00bb que, seg\u00fan el ministerio, deben guiar a los profesionales a la hora de aceptar el ingreso en las UCI y el acceso a los recursos que escasean en la pandemia ser\u00e1n: \u00abNo discriminaci\u00f3n por ning\u00fan motivo ajeno a la situaci\u00f3n patol\u00f3gica del paciente y a las expectativas objetivas de supervivencia. El principio de m\u00e1ximo beneficio en la recuperaci\u00f3n de vidas humanas, que debe compatibilizarse con la continuaci\u00f3n de la asistencia iniciada de forma individual de cada paciente. Gravedad del estado de enfermedad del paciente que evidencie la necesidad de cuidados intensivos (asistencia en unidades de cuidados intensivos y acceso a ventiladores mec\u00e1nicos o, en su defecto, acceso en todo caso a estos \u00faltimos). Expectativas objetivas de recuperaci\u00f3n del paciente en el corto plazo a su estado previo de salud, teniendo en cuenta la concurrencia o no de patolog\u00edas graves acompa\u00f1antes que evidencien un pron\u00f3stico fatal (enfermos terminales con pron\u00f3stico de irreversibilidad, estado de coma irreversible, etc.), aunque pueda comportar una atenci\u00f3n cl\u00ednica a\u00f1adida\u00bb. M\u00e1s informaci\u00f3n sobre el coronavirus en ESPECIAL CORONAVIRUS &nbsp;\" \/>\n<meta property=\"og:url\" content=\"https:\/\/conversesacatalunya.cat\/es\/el-gobierno-espanol-prohibe-el-triaje-por-edad-que-aplicaba-el-servicio-de-emergencias-sanitarias-de-cataluna-en-la-atencion-a-los-enfermos-graves\/\" \/>\n<meta property=\"og:site_name\" content=\"Converses a Catalunya\" \/>\n<meta property=\"article:published_time\" content=\"2020-04-11T10:28:57+00:00\" \/>\n<meta property=\"og:image\" content=\"https:\/\/conversesacatalunya.cat\/wp-content\/uploads\/2020\/04\/triaje-1.jpg\" \/>\n\t<meta property=\"og:image:width\" content=\"1257\" \/>\n\t<meta property=\"og:image:height\" content=\"574\" \/>\n\t<meta property=\"og:image:type\" content=\"image\/jpeg\" \/>\n<meta name=\"author\" content=\"conversesacatalunya\" \/>\n<meta name=\"twitter:card\" content=\"summary_large_image\" \/>\n<meta name=\"twitter:label1\" content=\"Escrito por\" \/>\n\t<meta name=\"twitter:data1\" content=\"conversesacatalunya\" \/>\n\t<meta name=\"twitter:label2\" content=\"Tiempo de lectura\" \/>\n\t<meta name=\"twitter:data2\" content=\"3 minutos\" \/>\n<script type=\"application\/ld+json\" class=\"yoast-schema-graph\">{\"@context\":\"https:\/\/schema.org\",\"@graph\":[{\"@type\":\"Article\",\"@id\":\"https:\/\/conversesacatalunya.cat\/es\/el-gobierno-espanol-prohibe-el-triaje-por-edad-que-aplicaba-el-servicio-de-emergencias-sanitarias-de-cataluna-en-la-atencion-a-los-enfermos-graves\/#article\",\"isPartOf\":{\"@id\":\"https:\/\/conversesacatalunya.cat\/es\/el-gobierno-espanol-prohibe-el-triaje-por-edad-que-aplicaba-el-servicio-de-emergencias-sanitarias-de-cataluna-en-la-atencion-a-los-enfermos-graves\/\"},\"author\":{\"name\":\"conversesacatalunya\",\"@id\":\"https:\/\/conversesacatalunya.cat\/#\/schema\/person\/7e24d1e54a2785373ddcb275eae5ed99\"},\"headline\":\"El gobierno espa\u00f1ol proh\u00edbe el triaje por edad que aplicaba el Servicio de Emergencias Sanitarias de Catalu\u00f1a en la atenci\u00f3n a los enfermos graves\",\"datePublished\":\"2020-04-11T10:28:57+00:00\",\"mainEntityOfPage\":{\"@id\":\"https:\/\/conversesacatalunya.cat\/es\/el-gobierno-espanol-prohibe-el-triaje-por-edad-que-aplicaba-el-servicio-de-emergencias-sanitarias-de-cataluna-en-la-atencion-a-los-enfermos-graves\/\"},\"wordCount\":680,\"commentCount\":0,\"image\":{\"@id\":\"https:\/\/conversesacatalunya.cat\/es\/el-gobierno-espanol-prohibe-el-triaje-por-edad-que-aplicaba-el-servicio-de-emergencias-sanitarias-de-cataluna-en-la-atencion-a-los-enfermos-graves\/#primaryimage\"},\"thumbnailUrl\":\"https:\/\/conversesacatalunya.cat\/wp-content\/uploads\/2020\/04\/triaje-1.jpg\",\"keywords\":[\"coronavirus\",\"SEM\"],\"articleSection\":[\"Especial Coronavirus (ES)\",\"Punts clau del dia (ES)\"],\"inLanguage\":\"es\",\"potentialAction\":[{\"@type\":\"CommentAction\",\"name\":\"Comment\",\"target\":[\"https:\/\/conversesacatalunya.cat\/es\/el-gobierno-espanol-prohibe-el-triaje-por-edad-que-aplicaba-el-servicio-de-emergencias-sanitarias-de-cataluna-en-la-atencion-a-los-enfermos-graves\/#respond\"]}]},{\"@type\":\"WebPage\",\"@id\":\"https:\/\/conversesacatalunya.cat\/es\/el-gobierno-espanol-prohibe-el-triaje-por-edad-que-aplicaba-el-servicio-de-emergencias-sanitarias-de-cataluna-en-la-atencion-a-los-enfermos-graves\/\",\"url\":\"https:\/\/conversesacatalunya.cat\/es\/el-gobierno-espanol-prohibe-el-triaje-por-edad-que-aplicaba-el-servicio-de-emergencias-sanitarias-de-cataluna-en-la-atencion-a-los-enfermos-graves\/\",\"name\":\"El gobierno espa\u00f1ol proh\u00edbe el triaje por edad que aplicaba el Servicio de Emergencias Sanitarias de Catalu\u00f1a en la atenci\u00f3n a los enfermos graves - Converses a Catalunya\",\"isPartOf\":{\"@id\":\"https:\/\/conversesacatalunya.cat\/#website\"},\"primaryImageOfPage\":{\"@id\":\"https:\/\/conversesacatalunya.cat\/es\/el-gobierno-espanol-prohibe-el-triaje-por-edad-que-aplicaba-el-servicio-de-emergencias-sanitarias-de-cataluna-en-la-atencion-a-los-enfermos-graves\/#primaryimage\"},\"image\":{\"@id\":\"https:\/\/conversesacatalunya.cat\/es\/el-gobierno-espanol-prohibe-el-triaje-por-edad-que-aplicaba-el-servicio-de-emergencias-sanitarias-de-cataluna-en-la-atencion-a-los-enfermos-graves\/#primaryimage\"},\"thumbnailUrl\":\"https:\/\/conversesacatalunya.cat\/wp-content\/uploads\/2020\/04\/triaje-1.jpg\",\"datePublished\":\"2020-04-11T10:28:57+00:00\",\"author\":{\"@id\":\"https:\/\/conversesacatalunya.cat\/#\/schema\/person\/7e24d1e54a2785373ddcb275eae5ed99\"},\"breadcrumb\":{\"@id\":\"https:\/\/conversesacatalunya.cat\/es\/el-gobierno-espanol-prohibe-el-triaje-por-edad-que-aplicaba-el-servicio-de-emergencias-sanitarias-de-cataluna-en-la-atencion-a-los-enfermos-graves\/#breadcrumb\"},\"inLanguage\":\"es\",\"potentialAction\":[{\"@type\":\"ReadAction\",\"target\":[\"https:\/\/conversesacatalunya.cat\/es\/el-gobierno-espanol-prohibe-el-triaje-por-edad-que-aplicaba-el-servicio-de-emergencias-sanitarias-de-cataluna-en-la-atencion-a-los-enfermos-graves\/\"]}]},{\"@type\":\"ImageObject\",\"inLanguage\":\"es\",\"@id\":\"https:\/\/conversesacatalunya.cat\/es\/el-gobierno-espanol-prohibe-el-triaje-por-edad-que-aplicaba-el-servicio-de-emergencias-sanitarias-de-cataluna-en-la-atencion-a-los-enfermos-graves\/#primaryimage\",\"url\":\"https:\/\/conversesacatalunya.cat\/wp-content\/uploads\/2020\/04\/triaje-1.jpg\",\"contentUrl\":\"https:\/\/conversesacatalunya.cat\/wp-content\/uploads\/2020\/04\/triaje-1.jpg\",\"width\":1257,\"height\":574,\"caption\":\"triaje\"},{\"@type\":\"BreadcrumbList\",\"@id\":\"https:\/\/conversesacatalunya.cat\/es\/el-gobierno-espanol-prohibe-el-triaje-por-edad-que-aplicaba-el-servicio-de-emergencias-sanitarias-de-cataluna-en-la-atencion-a-los-enfermos-graves\/#breadcrumb\",\"itemListElement\":[{\"@type\":\"ListItem\",\"position\":1,\"name\":\"Inici\",\"item\":\"https:\/\/conversesacatalunya.cat\/es\/\"},{\"@type\":\"ListItem\",\"position\":2,\"name\":\"El gobierno espa\u00f1ol proh\u00edbe el triaje por edad que aplicaba el Servicio de Emergencias Sanitarias de Catalu\u00f1a en la atenci\u00f3n a los enfermos graves\"}]},{\"@type\":\"WebSite\",\"@id\":\"https:\/\/conversesacatalunya.cat\/#website\",\"url\":\"https:\/\/conversesacatalunya.cat\/\",\"name\":\"Converses a Catalunya\",\"description\":\"\",\"potentialAction\":[{\"@type\":\"SearchAction\",\"target\":{\"@type\":\"EntryPoint\",\"urlTemplate\":\"https:\/\/conversesacatalunya.cat\/?s={search_term_string}\"},\"query-input\":{\"@type\":\"PropertyValueSpecification\",\"valueRequired\":true,\"valueName\":\"search_term_string\"}}],\"inLanguage\":\"es\"},{\"@type\":\"Person\",\"@id\":\"https:\/\/conversesacatalunya.cat\/#\/schema\/person\/7e24d1e54a2785373ddcb275eae5ed99\",\"name\":\"conversesacatalunya\",\"image\":{\"@type\":\"ImageObject\",\"inLanguage\":\"es\",\"@id\":\"https:\/\/conversesacatalunya.cat\/#\/schema\/person\/image\/\",\"url\":\"https:\/\/conversesacatalunya.cat\/wp-content\/litespeed\/avatar\/febdfeeec89d950f01c748045a981dd2.jpg?ver=1777314535\",\"contentUrl\":\"https:\/\/conversesacatalunya.cat\/wp-content\/litespeed\/avatar\/febdfeeec89d950f01c748045a981dd2.jpg?ver=1777314535\",\"caption\":\"conversesacatalunya\"},\"url\":\"https:\/\/conversesacatalunya.cat\/es\/author\/carme_catala\/\"}]}<\/script>\n<!-- \/ Yoast SEO plugin. -->","yoast_head_json":{"title":"El gobierno espa\u00f1ol proh\u00edbe el triaje por edad que aplicaba el Servicio de Emergencias Sanitarias de Catalu\u00f1a en la atenci\u00f3n a los enfermos graves - Converses a Catalunya","robots":{"index":"index","follow":"follow","max-snippet":"max-snippet:-1","max-image-preview":"max-image-preview:large","max-video-preview":"max-video-preview:-1"},"canonical":"https:\/\/conversesacatalunya.cat\/es\/el-gobierno-espanol-prohibe-el-triaje-por-edad-que-aplicaba-el-servicio-de-emergencias-sanitarias-de-cataluna-en-la-atencion-a-los-enfermos-graves\/","og_locale":"es_ES","og_type":"article","og_title":"El gobierno espa\u00f1ol proh\u00edbe el triaje por edad que aplicaba el Servicio de Emergencias Sanitarias de Catalu\u00f1a en la atenci\u00f3n a los enfermos graves - Converses a Catalunya","og_description":"Converses a Catalunya ha recogido el esc\u00e1ndalo, incluso internacional, que ha provocado el documento del SEM de la Generalitat, en el cual establec\u00eda l\u00edmites claros para el traslado hospitalario de gente mayor, as\u00ed como la no aplicaci\u00f3n de respiradores a mayores de 75 a\u00f1os. De hecho, se trataba de una especie de eutanasia forzosa. RECOMENDACIONES PARA\u00a0APOYO A\u00a0LAS DECISIONES\u00a0DE\u00a0LIMITACI\u00d3N\u00a0DE ESFUERZO\u00a0TERAP\u00c9UTICO\u00a0(LET)\u00a0PARA\u00a0PACIENTES CON\u00a0SOSPECHA\u00a0DE\u00a0COVID\u201319\u00a0E INSUFICIENCIA\u00a0RESPIRATORIA\u00a0AGUDA\u00a0(IRA)\u00a0HIPOX\u00c9MICA\u00a0de 24 de marzo\u00a0de 2020. Se produjeron numerosas reacciones cr\u00edticas. Una de las m\u00e1s documentadas fue el texto de la asociaci\u00f3n e- Cristians: Llamamiento a la Sociedad Saliendo al paso de este proceder que se apoyaba en la firma de diez \u201cexpertos en vida\u201d, el Ministerio de Sanidad ha establecido las pautas para las \u00abdecisiones sobre cuidados intensivos de pacientes vulnerables. El documento establece que\u00a0 \u00abLos pacientes de mayor edad deber\u00e1n ser tratados en las mismas condiciones que el resto de la poblaci\u00f3n: atendiendo a criterios cl\u00ednicos\u00bb\u00a0 y tambi\u00e9n que se \u00abse proh\u00edbe absolutamente guiarse por criterios fundados en la \u2018discriminaci\u00f3n\u2019\u201d, y fija concretamente que \u00abexcluir a pacientes del acceso a determinados recursos asistenciales o a determinados tratamientos (por ejemplo, aplicar dicha limitaci\u00f3n a toda persona de edad superior a 80 a\u00f1os) resulta contrario, por discriminatorio, a los fundamentos mismos de nuestro Estado de derecho (art. 14 de la Constituci\u00f3n espa\u00f1ola)\u00bb. En realidad, el SEM establece el limite en los 75 a\u00f1os \u00abLos pacientes de mayor edad, en caso de escasez extrema de recursos asistenciales, deber\u00e1n ser tratados en las mismas condiciones que el resto de la poblaci\u00f3n, atendiendo a criterios cl\u00ednicos de cada caso en particular\u00bb. Es decir, que a los pacientes con s\u00edntomas graves \u00abde cualquier edad\u00bb se les aplicar\u00e1n los criterios de admisi\u00f3n \u00aben unidades de cuidados intensivos y aplicaci\u00f3n de ventilaci\u00f3n mec\u00e1nica asistida\u00bb, \u00abexactamente en las mismas condiciones que a cualquier otro ciudadano. \u201cSe proh\u00edbe por tanto descartar &#8216;ex ante&#8217; el acceso a dichos medios a toda persona que supere una edad. Aceptar una discriminaci\u00f3n como la anteriormente reflejada supondr\u00eda establecer una minusvaloraci\u00f3n de determinadas vidas humanas por la etapa vital en la que se encuentra dicho sector de ciudadan\u00eda, lo que contradice los fundamentos de nuestro Estado de derecho\u00bb. Tambi\u00e9n se refiere a las personas con \u00abdiscapacidad en cualquiera de sus manifestaciones\u00bb. Tambi\u00e9n hace una menci\u00f3n espec\u00edfica al colectivo de \u00abmenores de edad en situaciones m\u00e1s vulnerables (menores objeto de abandono por parte de su familia, menores extranjeros no acompa\u00f1ados, etc.)\u00bb. Los principios \u00abobjetivos, generalizables, transparentes, p\u00fablicos y consensuados\u00bb que, seg\u00fan el ministerio, deben guiar a los profesionales a la hora de aceptar el ingreso en las UCI y el acceso a los recursos que escasean en la pandemia ser\u00e1n: \u00abNo discriminaci\u00f3n por ning\u00fan motivo ajeno a la situaci\u00f3n patol\u00f3gica del paciente y a las expectativas objetivas de supervivencia. El principio de m\u00e1ximo beneficio en la recuperaci\u00f3n de vidas humanas, que debe compatibilizarse con la continuaci\u00f3n de la asistencia iniciada de forma individual de cada paciente. Gravedad del estado de enfermedad del paciente que evidencie la necesidad de cuidados intensivos (asistencia en unidades de cuidados intensivos y acceso a ventiladores mec\u00e1nicos o, en su defecto, acceso en todo caso a estos \u00faltimos). Expectativas objetivas de recuperaci\u00f3n del paciente en el corto plazo a su estado previo de salud, teniendo en cuenta la concurrencia o no de patolog\u00edas graves acompa\u00f1antes que evidencien un pron\u00f3stico fatal (enfermos terminales con pron\u00f3stico de irreversibilidad, estado de coma irreversible, etc.), aunque pueda comportar una atenci\u00f3n cl\u00ednica a\u00f1adida\u00bb. M\u00e1s informaci\u00f3n sobre el coronavirus en ESPECIAL CORONAVIRUS &nbsp;","og_url":"https:\/\/conversesacatalunya.cat\/es\/el-gobierno-espanol-prohibe-el-triaje-por-edad-que-aplicaba-el-servicio-de-emergencias-sanitarias-de-cataluna-en-la-atencion-a-los-enfermos-graves\/","og_site_name":"Converses a Catalunya","article_published_time":"2020-04-11T10:28:57+00:00","og_image":[{"width":1257,"height":574,"url":"https:\/\/conversesacatalunya.cat\/wp-content\/uploads\/2020\/04\/triaje-1.jpg","type":"image\/jpeg"}],"author":"conversesacatalunya","twitter_card":"summary_large_image","twitter_misc":{"Escrito por":"conversesacatalunya","Tiempo de lectura":"3 minutos"},"schema":{"@context":"https:\/\/schema.org","@graph":[{"@type":"Article","@id":"https:\/\/conversesacatalunya.cat\/es\/el-gobierno-espanol-prohibe-el-triaje-por-edad-que-aplicaba-el-servicio-de-emergencias-sanitarias-de-cataluna-en-la-atencion-a-los-enfermos-graves\/#article","isPartOf":{"@id":"https:\/\/conversesacatalunya.cat\/es\/el-gobierno-espanol-prohibe-el-triaje-por-edad-que-aplicaba-el-servicio-de-emergencias-sanitarias-de-cataluna-en-la-atencion-a-los-enfermos-graves\/"},"author":{"name":"conversesacatalunya","@id":"https:\/\/conversesacatalunya.cat\/#\/schema\/person\/7e24d1e54a2785373ddcb275eae5ed99"},"headline":"El gobierno espa\u00f1ol proh\u00edbe el triaje por edad que aplicaba el Servicio de Emergencias Sanitarias de Catalu\u00f1a en la atenci\u00f3n a los enfermos graves","datePublished":"2020-04-11T10:28:57+00:00","mainEntityOfPage":{"@id":"https:\/\/conversesacatalunya.cat\/es\/el-gobierno-espanol-prohibe-el-triaje-por-edad-que-aplicaba-el-servicio-de-emergencias-sanitarias-de-cataluna-en-la-atencion-a-los-enfermos-graves\/"},"wordCount":680,"commentCount":0,"image":{"@id":"https:\/\/conversesacatalunya.cat\/es\/el-gobierno-espanol-prohibe-el-triaje-por-edad-que-aplicaba-el-servicio-de-emergencias-sanitarias-de-cataluna-en-la-atencion-a-los-enfermos-graves\/#primaryimage"},"thumbnailUrl":"https:\/\/conversesacatalunya.cat\/wp-content\/uploads\/2020\/04\/triaje-1.jpg","keywords":["coronavirus","SEM"],"articleSection":["Especial Coronavirus (ES)","Punts clau del dia (ES)"],"inLanguage":"es","potentialAction":[{"@type":"CommentAction","name":"Comment","target":["https:\/\/conversesacatalunya.cat\/es\/el-gobierno-espanol-prohibe-el-triaje-por-edad-que-aplicaba-el-servicio-de-emergencias-sanitarias-de-cataluna-en-la-atencion-a-los-enfermos-graves\/#respond"]}]},{"@type":"WebPage","@id":"https:\/\/conversesacatalunya.cat\/es\/el-gobierno-espanol-prohibe-el-triaje-por-edad-que-aplicaba-el-servicio-de-emergencias-sanitarias-de-cataluna-en-la-atencion-a-los-enfermos-graves\/","url":"https:\/\/conversesacatalunya.cat\/es\/el-gobierno-espanol-prohibe-el-triaje-por-edad-que-aplicaba-el-servicio-de-emergencias-sanitarias-de-cataluna-en-la-atencion-a-los-enfermos-graves\/","name":"El gobierno espa\u00f1ol proh\u00edbe el triaje por edad que aplicaba el Servicio de Emergencias Sanitarias de Catalu\u00f1a en la atenci\u00f3n a los enfermos graves - Converses a Catalunya","isPartOf":{"@id":"https:\/\/conversesacatalunya.cat\/#website"},"primaryImageOfPage":{"@id":"https:\/\/conversesacatalunya.cat\/es\/el-gobierno-espanol-prohibe-el-triaje-por-edad-que-aplicaba-el-servicio-de-emergencias-sanitarias-de-cataluna-en-la-atencion-a-los-enfermos-graves\/#primaryimage"},"image":{"@id":"https:\/\/conversesacatalunya.cat\/es\/el-gobierno-espanol-prohibe-el-triaje-por-edad-que-aplicaba-el-servicio-de-emergencias-sanitarias-de-cataluna-en-la-atencion-a-los-enfermos-graves\/#primaryimage"},"thumbnailUrl":"https:\/\/conversesacatalunya.cat\/wp-content\/uploads\/2020\/04\/triaje-1.jpg","datePublished":"2020-04-11T10:28:57+00:00","author":{"@id":"https:\/\/conversesacatalunya.cat\/#\/schema\/person\/7e24d1e54a2785373ddcb275eae5ed99"},"breadcrumb":{"@id":"https:\/\/conversesacatalunya.cat\/es\/el-gobierno-espanol-prohibe-el-triaje-por-edad-que-aplicaba-el-servicio-de-emergencias-sanitarias-de-cataluna-en-la-atencion-a-los-enfermos-graves\/#breadcrumb"},"inLanguage":"es","potentialAction":[{"@type":"ReadAction","target":["https:\/\/conversesacatalunya.cat\/es\/el-gobierno-espanol-prohibe-el-triaje-por-edad-que-aplicaba-el-servicio-de-emergencias-sanitarias-de-cataluna-en-la-atencion-a-los-enfermos-graves\/"]}]},{"@type":"ImageObject","inLanguage":"es","@id":"https:\/\/conversesacatalunya.cat\/es\/el-gobierno-espanol-prohibe-el-triaje-por-edad-que-aplicaba-el-servicio-de-emergencias-sanitarias-de-cataluna-en-la-atencion-a-los-enfermos-graves\/#primaryimage","url":"https:\/\/conversesacatalunya.cat\/wp-content\/uploads\/2020\/04\/triaje-1.jpg","contentUrl":"https:\/\/conversesacatalunya.cat\/wp-content\/uploads\/2020\/04\/triaje-1.jpg","width":1257,"height":574,"caption":"triaje"},{"@type":"BreadcrumbList","@id":"https:\/\/conversesacatalunya.cat\/es\/el-gobierno-espanol-prohibe-el-triaje-por-edad-que-aplicaba-el-servicio-de-emergencias-sanitarias-de-cataluna-en-la-atencion-a-los-enfermos-graves\/#breadcrumb","itemListElement":[{"@type":"ListItem","position":1,"name":"Inici","item":"https:\/\/conversesacatalunya.cat\/es\/"},{"@type":"ListItem","position":2,"name":"El gobierno espa\u00f1ol proh\u00edbe el triaje por edad que aplicaba el Servicio de Emergencias Sanitarias de Catalu\u00f1a en la atenci\u00f3n a los enfermos graves"}]},{"@type":"WebSite","@id":"https:\/\/conversesacatalunya.cat\/#website","url":"https:\/\/conversesacatalunya.cat\/","name":"Converses a Catalunya","description":"","potentialAction":[{"@type":"SearchAction","target":{"@type":"EntryPoint","urlTemplate":"https:\/\/conversesacatalunya.cat\/?s={search_term_string}"},"query-input":{"@type":"PropertyValueSpecification","valueRequired":true,"valueName":"search_term_string"}}],"inLanguage":"es"},{"@type":"Person","@id":"https:\/\/conversesacatalunya.cat\/#\/schema\/person\/7e24d1e54a2785373ddcb275eae5ed99","name":"conversesacatalunya","image":{"@type":"ImageObject","inLanguage":"es","@id":"https:\/\/conversesacatalunya.cat\/#\/schema\/person\/image\/","url":"https:\/\/conversesacatalunya.cat\/wp-content\/litespeed\/avatar\/febdfeeec89d950f01c748045a981dd2.jpg?ver=1777314535","contentUrl":"https:\/\/conversesacatalunya.cat\/wp-content\/litespeed\/avatar\/febdfeeec89d950f01c748045a981dd2.jpg?ver=1777314535","caption":"conversesacatalunya"},"url":"https:\/\/conversesacatalunya.cat\/es\/author\/carme_catala\/"}]}},"wps_subtitle":"","_links":{"self":[{"href":"https:\/\/conversesacatalunya.cat\/es\/wp-json\/wp\/v2\/posts\/34833","targetHints":{"allow":["GET"]}}],"collection":[{"href":"https:\/\/conversesacatalunya.cat\/es\/wp-json\/wp\/v2\/posts"}],"about":[{"href":"https:\/\/conversesacatalunya.cat\/es\/wp-json\/wp\/v2\/types\/post"}],"author":[{"embeddable":true,"href":"https:\/\/conversesacatalunya.cat\/es\/wp-json\/wp\/v2\/users\/2"}],"replies":[{"embeddable":true,"href":"https:\/\/conversesacatalunya.cat\/es\/wp-json\/wp\/v2\/comments?post=34833"}],"version-history":[{"count":1,"href":"https:\/\/conversesacatalunya.cat\/es\/wp-json\/wp\/v2\/posts\/34833\/revisions"}],"predecessor-version":[{"id":34836,"href":"https:\/\/conversesacatalunya.cat\/es\/wp-json\/wp\/v2\/posts\/34833\/revisions\/34836"}],"wp:featuredmedia":[{"embeddable":true,"href":"https:\/\/conversesacatalunya.cat\/es\/wp-json\/wp\/v2\/media\/34834"}],"wp:attachment":[{"href":"https:\/\/conversesacatalunya.cat\/es\/wp-json\/wp\/v2\/media?parent=34833"}],"wp:term":[{"taxonomy":"category","embeddable":true,"href":"https:\/\/conversesacatalunya.cat\/es\/wp-json\/wp\/v2\/categories?post=34833"},{"taxonomy":"post_tag","embeddable":true,"href":"https:\/\/conversesacatalunya.cat\/es\/wp-json\/wp\/v2\/tags?post=34833"}],"curies":[{"name":"wp","href":"https:\/\/api.w.org\/{rel}","templated":true}]}}